{"id":269598,"date":"2023-04-14T08:30:15","date_gmt":"2023-04-14T13:30:15","guid":{"rendered":"https:\/\/www.fiscalia.gov.co\/colombia\/?p=269598"},"modified":"2023-04-14T08:30:15","modified_gmt":"2023-04-14T13:30:15","slug":"a-la-carcel-extranjero-investigado-por-extorsionar-a-un-contratista-de-casanare-a-nombre-del-gaor-farc","status":"publish","type":"post","link":"https:\/\/www.fiscalia.gov.co\/colombia\/noticias\/a-la-carcel-extranjero-investigado-por-extorsionar-a-un-contratista-de-casanare-a-nombre-del-gaor-farc\/","title":{"rendered":"A la c\u00e1rcel extranjero investigado por extorsionar a un contratista de Casanare a nombre del GAOR Farc"},"content":{"rendered":"<h4><strong><i>Durante su captura, al procesado se le habr\u00edan incautado supuestos documentos de paz y salvo con sellos de esa organizaci\u00f3n criminal<\/i>\u00a0<\/strong><\/h4>\n<figure id=\"attachment_269599\" aria-describedby=\"caption-attachment-269599\" style=\"width: 696px\" class=\"wp-caption aligncenter\"><img loading=\"lazy\" decoding=\"async\" class=\"size-large wp-image-269599\" src=\"https:\/\/www.fiscalia.gov.co\/colombia\/wp-content\/uploads\/Jonny-Jose-Ramirez-Mosquera-extorsion-y-otro-Casanare-1024x574.jpg\" alt=\"capturado con gorra y esposado manos adelanre, custodiado por personal del CTI de la Fiscal\u00eda y militares del Ej\u00e9rcito Nacional. Delante mesa con material incautado al detenido, detr\u00e1s banner de fiscal\u00eda y ej\u00e9rcito.\" width=\"696\" height=\"390\" srcset=\"https:\/\/www.fiscalia.gov.co\/colombia\/wp-content\/uploads\/Jonny-Jose-Ramirez-Mosquera-extorsion-y-otro-Casanare-1024x574.jpg 1024w, https:\/\/www.fiscalia.gov.co\/colombia\/wp-content\/uploads\/Jonny-Jose-Ramirez-Mosquera-extorsion-y-otro-Casanare-300x168.jpg 300w, https:\/\/www.fiscalia.gov.co\/colombia\/wp-content\/uploads\/Jonny-Jose-Ramirez-Mosquera-extorsion-y-otro-Casanare-768x431.jpg 768w, https:\/\/www.fiscalia.gov.co\/colombia\/wp-content\/uploads\/Jonny-Jose-Ramirez-Mosquera-extorsion-y-otro-Casanare-696x390.jpg 696w, https:\/\/www.fiscalia.gov.co\/colombia\/wp-content\/uploads\/Jonny-Jose-Ramirez-Mosquera-extorsion-y-otro-Casanare-1068x599.jpg 1068w, https:\/\/www.fiscalia.gov.co\/colombia\/wp-content\/uploads\/Jonny-Jose-Ramirez-Mosquera-extorsion-y-otro-Casanare-749x420.jpg 749w, https:\/\/www.fiscalia.gov.co\/colombia\/wp-content\/uploads\/Jonny-Jose-Ramirez-Mosquera-extorsion-y-otro-Casanare.jpg 1280w\" sizes=\"auto, (max-width: 696px) 100vw, 696px\" \/><figcaption id=\"caption-attachment-269599\" class=\"wp-caption-text\">Capturado por presunta extorsi\u00f3n supuestamente para GAOr Farc<\/figcaption><\/figure>\n<p>Por solicitud de la Fiscal\u00eda General de la Naci\u00f3n, un juez de control de garant\u00edas dict\u00f3 medida de aseguramiento intramural contra\u00a0Jonny Jos\u00e9 Ram\u00edrez Mosquera de 26 a\u00f1os, como presunto responsable de exigir millonaria extorsi\u00f3n a un contratista a nombre de las disidencias del Grupo Armado Organizado Residual (GAOR) Farc.<\/p>\n<p>Seg\u00fan investigaci\u00f3n adelantada por un fiscal destacado ante el Gaula, desde el pasado 3 de abril, la v\u00edctima comenz\u00f3 a recibir llamadas en las que le\u00a0<a id=\"m_-6336320943263737608LPlnk189163\" title=\"https:\/\/www.fiscalia.gov.co\/colombia\/noticias\/a-la-carcel-dos-hombres-senalados-de-hacerse-pasar-como-disidentes-de-las-farc-para-extorsionar-a-comerciantes-en-bogota\/\" href=\"https:\/\/www.fiscalia.gov.co\/colombia\/noticias\/a-la-carcel-dos-hombres-senalados-de-hacerse-pasar-como-disidentes-de-las-farc-para-extorsionar-a-comerciantes-en-bogota\/\" target=\"_blank\" rel=\"noopener\" data-saferedirecturl=\"https:\/\/www.google.com\/url?q=https:\/\/www.fiscalia.gov.co\/colombia\/noticias\/a-la-carcel-dos-hombres-senalados-de-hacerse-pasar-como-disidentes-de-las-farc-para-extorsionar-a-comerciantes-en-bogota\/&amp;source=gmail&amp;ust=1681565009095000&amp;usg=AOvVaw1cboXDZfRF97qLPzTUPmUJ\">exig\u00edan pagar el 3% de un contrato<\/a>\u00a0que habr\u00eda realizado con la Gobernaci\u00f3n para mantenimiento de v\u00edas en el corregimiento Puerto Colombia, en jurisdicci\u00f3n de Hato Corozal (Casanare).<\/p>\n<p>El procesado, de nacionalidad venezolana, fue sorprendido este 11 de abril cuando, al parecer, pretend\u00eda recibir el pago de la exigencia econ\u00f3mica ilegal.\u00a0 Las autoridades le incautaron al investigado dos\u00a0documentos de paz y salvo con sello de las Farc, uno por el pago que deb\u00eda realizar ese d\u00eda el contratista y otro por una extorsi\u00f3n anterior.<\/p>\n<p>Ram\u00edrez Mosquera fue capturado por servidores del CTI de la Fiscal\u00eda y militares del grupo Gaula del Ej\u00e9rcito Nacional y durante las audiencias preliminares no se allan\u00f3 a los cargos imputados por\u00a0los delitos de extorsi\u00f3n consumada agravada y concierto para delinquir agravado.<\/p>\n<p><b>La Fiscal\u00eda habla con resultados.<\/b><b>\u00a0<\/b><\/p>\n<p>&nbsp;<\/p>\n<p>&nbsp;<\/p>\n<p>&nbsp;<\/p>\n<p>&nbsp;<\/p>\n<p>&nbsp;<\/p>\n<p>PYMP\/LFML\/APS\/DSC<\/p>\n<p>&nbsp;<\/p>\n<p>&nbsp;<\/p>\n<p>&nbsp;<\/p>\n<p>&nbsp;<\/p>\n<p>&nbsp;<\/p>\n<div class=\"td-post-content tagdiv-type\">\n<div class=\"td-post-content tagdiv-type\">\n<div class=\"td-post-content tagdiv-type\">\n<p><em>La informaci\u00f3n contenida en este bolet\u00edn de prensa corresponde a la narraci\u00f3n de los hechos noticiosos objetivos, suministrados por los funcionarios encargados de adelantar las investigaciones penales al interior de la Fiscal\u00eda General de la Naci\u00f3n. Para el momento de la divulgaci\u00f3n de este comunicado, la situaci\u00f3n jur\u00eddica de la(s) persona(s) relacionada(s) se encuentra pendiente de resolver por la autoridad judicial competente, siempre bajo los preceptos de la presunci\u00f3n de inocencia, consagrados en el art\u00edculo 29 de la Constituci\u00f3n Pol\u00edtica y el art\u00edculo 7\u00ba de la Ley 906 de 2004.<\/em><\/p>\n<\/div>\n<\/div>\n<\/div>\n\n<div class=\"twitter-share\"><a href=\"https:\/\/twitter.com\/intent\/tweet?via=fiscaliacol\" class=\"twitter-share-button\">Tweet<\/a><\/div>\n","protected":false},"excerpt":{"rendered":"<p>Durante su captura, al procesado se le habr\u00edan incautado supuestos documentos de paz y salvo con sellos de esa organizaci\u00f3n criminal\u00a0 Por solicitud de la Fiscal\u00eda General de la Naci\u00f3n, un juez de control de garant\u00edas dict\u00f3 medida de aseguramiento intramural contra\u00a0Jonny Jos\u00e9 Ram\u00edrez Mosquera de 26 a\u00f1os, como presunto responsable de exigir millonaria extorsi\u00f3n [&hellip;]<\/p>\n","protected":false},"author":177,"featured_media":0,"comment_status":"closed","ping_status":"open","sticky":false,"template":"","format":"standard","meta":{"_price":"","_stock":"","_tribe_ticket_header":"","_tribe_default_ticket_provider":"","_tribe_ticket_capacity":"0","_ticket_start_date":"","_ticket_end_date":"","_tribe_ticket_show_description":"","_tribe_ticket_show_not_going":false,"_tribe_ticket_use_global_stock":"","_tribe_ticket_global_stock_level":"","_global_stock_mode":"","_global_stock_cap":"","_tribe_rsvp_for_event":"","_tribe_ticket_going_count":"","_tribe_ticket_not_going_count":"","_tribe_tickets_list":"[]","_tribe_ticket_has_attendee_info_fields":false,"tdm_status":"","tdm_grid_status":"","footnotes":""},"categories":[1,16751,303,24099],"tags":[83,13436,3292,24185,1047,30443,25071,14062,24034],"class_list":{"0":"post-269598","1":"post","2":"type-post","3":"status-publish","4":"format-standard","6":"category-noticias","7":"category-seccional-casanare","8":"category-seccionales","9":"category-seguridad-territorial","10":"tag-concierto-para-delinquir","11":"tag-contratista","12":"tag-extorsion-agravada","13":"tag-fiscal-barbosa","14":"tag-fiscalia-general-de-la-nacion","15":"tag-gaor-farc","16":"tag-intramural","17":"tag-millonaria-extorsion","18":"tag-yopal-casanare"},"yoast_head":"<!-- This site is optimized with the Yoast SEO plugin v24.3 - https:\/\/yoast.com\/wordpress\/plugins\/seo\/ -->\n<title>Fiscal\u00eda General de la Naci\u00f3n<\/title>\n<meta name=\"description\" content=\"P\u00e1gina oficial de la Fiscal\u00eda General de la Naci\u00f3n \u2013 Colombia. Garantizamos el acceso efectivo a la justicia, la verdad y la reparaci\u00f3n de las v\u00edctimas de los delitos.\" \/>\n<meta name=\"robots\" content=\"noindex, follow\" \/>\n<meta property=\"og:locale\" content=\"es_ES\" \/>\n<meta property=\"og:type\" content=\"article\" \/>\n<meta property=\"og:title\" content=\"Fiscal\u00eda General de la Naci\u00f3n\" \/>\n<meta property=\"og:description\" content=\"P\u00e1gina oficial de la Fiscal\u00eda General de la Naci\u00f3n \u2013 Colombia. Garantizamos el acceso efectivo a la justicia, la verdad y la reparaci\u00f3n de las v\u00edctimas de los delitos.\" \/>\n<meta property=\"og:url\" content=\"https:\/\/www.fiscalia.gov.co\/colombia\/noticias\/a-la-carcel-extranjero-investigado-por-extorsionar-a-un-contratista-de-casanare-a-nombre-del-gaor-farc\/\" \/>\n<meta property=\"og:site_name\" content=\"Fiscal\u00eda General de la Naci\u00f3n\" \/>\n<meta property=\"article:publisher\" content=\"https:\/\/www.facebook.com\/FiscaliaCol\" \/>\n<meta property=\"article:published_time\" content=\"2023-04-14T13:30:15+00:00\" \/>\n<meta property=\"og:image\" content=\"https:\/\/www.fiscalia.gov.co\/colombia\/wp-content\/uploads\/Jonny-Jose-Ramirez-Mosquera-extorsion-y-otro-Casanare-1024x574.jpg\" \/>\n<meta name=\"author\" content=\"Jordan Leandro Oviedo Anzola\" \/>\n<meta name=\"twitter:card\" content=\"summary_large_image\" \/>\n<meta name=\"twitter:creator\" content=\"@FiscaliaCol\" \/>\n<meta name=\"twitter:site\" content=\"@FiscaliaCol\" \/>\n<meta name=\"twitter:label1\" content=\"Escrito por\" \/>\n\t<meta name=\"twitter:data1\" content=\"Jordan Leandro Oviedo Anzola\" \/>\n\t<meta name=\"twitter:label2\" content=\"Tiempo de lectura\" \/>\n\t<meta name=\"twitter:data2\" content=\"2 minutos\" \/>\n<script type=\"application\/ld+json\" class=\"yoast-schema-graph\">{\"@context\":\"https:\/\/schema.org\",\"@graph\":[{\"@type\":\"Article\",\"@id\":\"https:\/\/www.fiscalia.gov.co\/colombia\/noticias\/a-la-carcel-extranjero-investigado-por-extorsionar-a-un-contratista-de-casanare-a-nombre-del-gaor-farc\/#article\",\"isPartOf\":{\"@id\":\"https:\/\/www.fiscalia.gov.co\/colombia\/noticias\/a-la-carcel-extranjero-investigado-por-extorsionar-a-un-contratista-de-casanare-a-nombre-del-gaor-farc\/\"},\"author\":{\"name\":\"Jordan Leandro Oviedo Anzola\",\"@id\":\"https:\/\/www.fiscalia.gov.co\/colombia\/#\/schema\/person\/bf84402cf293a5393e9c70b111020b24\"},\"headline\":\"A la c\u00e1rcel extranjero investigado por extorsionar a un contratista de Casanare a nombre del GAOR Farc\",\"datePublished\":\"2023-04-14T13:30:15+00:00\",\"dateModified\":\"2023-04-14T13:30:15+00:00\",\"mainEntityOfPage\":{\"@id\":\"https:\/\/www.fiscalia.gov.co\/colombia\/noticias\/a-la-carcel-extranjero-investigado-por-extorsionar-a-un-contratista-de-casanare-a-nombre-del-gaor-farc\/\"},\"wordCount\":402,\"publisher\":{\"@id\":\"https:\/\/www.fiscalia.gov.co\/colombia\/#organization\"},\"image\":{\"@id\":\"https:\/\/www.fiscalia.gov.co\/colombia\/noticias\/a-la-carcel-extranjero-investigado-por-extorsionar-a-un-contratista-de-casanare-a-nombre-del-gaor-farc\/#primaryimage\"},\"thumbnailUrl\":\"https:\/\/www.fiscalia.gov.co\/colombia\/wp-content\/uploads\/Jonny-Jose-Ramirez-Mosquera-extorsion-y-otro-Casanare-1024x574.jpg\",\"keywords\":[\"Concierto para delinquir\",\"Contratista\",\"Extorsi\u00f3n agravada\",\"Fiscal Barbosa\",\"Fiscal\u00eda General de la Naci\u00f3n\",\"GAOr Farc\",\"intramural\",\"millonaria extorsi\u00f3n\",\"Yopal (Casanare)\"],\"articleSection\":[\"Noticias\",\"Seccional Casanare\",\"Seccionales\",\"Seguridad territorial\"],\"inLanguage\":\"es-CO\"},{\"@type\":\"WebPage\",\"@id\":\"https:\/\/www.fiscalia.gov.co\/colombia\/noticias\/a-la-carcel-extranjero-investigado-por-extorsionar-a-un-contratista-de-casanare-a-nombre-del-gaor-farc\/\",\"url\":\"https:\/\/www.fiscalia.gov.co\/colombia\/noticias\/a-la-carcel-extranjero-investigado-por-extorsionar-a-un-contratista-de-casanare-a-nombre-del-gaor-farc\/\",\"name\":\"Fiscal\u00eda General de la Naci\u00f3n\",\"isPartOf\":{\"@id\":\"https:\/\/www.fiscalia.gov.co\/colombia\/#website\"},\"primaryImageOfPage\":{\"@id\":\"https:\/\/www.fiscalia.gov.co\/colombia\/noticias\/a-la-carcel-extranjero-investigado-por-extorsionar-a-un-contratista-de-casanare-a-nombre-del-gaor-farc\/#primaryimage\"},\"image\":{\"@id\":\"https:\/\/www.fiscalia.gov.co\/colombia\/noticias\/a-la-carcel-extranjero-investigado-por-extorsionar-a-un-contratista-de-casanare-a-nombre-del-gaor-farc\/#primaryimage\"},\"thumbnailUrl\":\"https:\/\/www.fiscalia.gov.co\/colombia\/wp-content\/uploads\/Jonny-Jose-Ramirez-Mosquera-extorsion-y-otro-Casanare-1024x574.jpg\",\"datePublished\":\"2023-04-14T13:30:15+00:00\",\"dateModified\":\"2023-04-14T13:30:15+00:00\",\"description\":\"P\u00e1gina oficial de la Fiscal\u00eda General de la Naci\u00f3n \u2013 Colombia. Garantizamos el acceso efectivo a la justicia, la verdad y la reparaci\u00f3n de las v\u00edctimas de los delitos.\",\"breadcrumb\":{\"@id\":\"https:\/\/www.fiscalia.gov.co\/colombia\/noticias\/a-la-carcel-extranjero-investigado-por-extorsionar-a-un-contratista-de-casanare-a-nombre-del-gaor-farc\/#breadcrumb\"},\"inLanguage\":\"es-CO\",\"potentialAction\":[{\"@type\":\"ReadAction\",\"target\":[\"https:\/\/www.fiscalia.gov.co\/colombia\/noticias\/a-la-carcel-extranjero-investigado-por-extorsionar-a-un-contratista-de-casanare-a-nombre-del-gaor-farc\/\"]}]},{\"@type\":\"ImageObject\",\"inLanguage\":\"es-CO\",\"@id\":\"https:\/\/www.fiscalia.gov.co\/colombia\/noticias\/a-la-carcel-extranjero-investigado-por-extorsionar-a-un-contratista-de-casanare-a-nombre-del-gaor-farc\/#primaryimage\",\"url\":\"https:\/\/www.fiscalia.gov.co\/colombia\/wp-content\/uploads\/Jonny-Jose-Ramirez-Mosquera-extorsion-y-otro-Casanare.jpg\",\"contentUrl\":\"https:\/\/www.fiscalia.gov.co\/colombia\/wp-content\/uploads\/Jonny-Jose-Ramirez-Mosquera-extorsion-y-otro-Casanare.jpg\",\"width\":1280,\"height\":718,\"caption\":\"Capturado por presunta extorsi\u00f3n supuestamente para GAOr Farc\"},{\"@type\":\"BreadcrumbList\",\"@id\":\"https:\/\/www.fiscalia.gov.co\/colombia\/noticias\/a-la-carcel-extranjero-investigado-por-extorsionar-a-un-contratista-de-casanare-a-nombre-del-gaor-farc\/#breadcrumb\",\"itemListElement\":[{\"@type\":\"ListItem\",\"position\":1,\"name\":\"Home\",\"item\":\"https:\/\/www.fiscalia.gov.co\/colombia\/\"},{\"@type\":\"ListItem\",\"position\":2,\"name\":\"A la c\u00e1rcel extranjero investigado por extorsionar a un contratista de Casanare a nombre del GAOR Farc\"}]},{\"@type\":\"WebSite\",\"@id\":\"https:\/\/www.fiscalia.gov.co\/colombia\/#website\",\"url\":\"https:\/\/www.fiscalia.gov.co\/colombia\/\",\"name\":\"Fiscal\u00eda General de la Naci\u00f3n\",\"description\":\"P\u00e1gina oficial de la Fiscal\u00eda General de la Naci\u00f3n \u2013 Colombia. Garantizamos el acceso efectivo a la justicia, la verdad y la reparaci\u00f3n de las v\u00edctimas de los delitos.\",\"publisher\":{\"@id\":\"https:\/\/www.fiscalia.gov.co\/colombia\/#organization\"},\"potentialAction\":[{\"@type\":\"SearchAction\",\"target\":{\"@type\":\"EntryPoint\",\"urlTemplate\":\"https:\/\/www.fiscalia.gov.co\/colombia\/?s={search_term_string}\"},\"query-input\":{\"@type\":\"PropertyValueSpecification\",\"valueRequired\":true,\"valueName\":\"search_term_string\"}}],\"inLanguage\":\"es-CO\"},{\"@type\":\"Organization\",\"@id\":\"https:\/\/www.fiscalia.gov.co\/colombia\/#organization\",\"name\":\"Fiscal\u00eda General de la Naci\u00f3n\",\"url\":\"https:\/\/www.fiscalia.gov.co\/colombia\/\",\"logo\":{\"@type\":\"ImageObject\",\"inLanguage\":\"es-CO\",\"@id\":\"https:\/\/www.fiscalia.gov.co\/colombia\/#\/schema\/logo\/image\/\",\"url\":\"https:\/\/www.fiscalia.gov.co\/colombia\/wp-content\/uploads\/LogoHorizontal_1.jpg\",\"contentUrl\":\"https:\/\/www.fiscalia.gov.co\/colombia\/wp-content\/uploads\/LogoHorizontal_1.jpg\",\"width\":300,\"height\":90,\"caption\":\"Fiscal\u00eda General de la Naci\u00f3n\"},\"image\":{\"@id\":\"https:\/\/www.fiscalia.gov.co\/colombia\/#\/schema\/logo\/image\/\"},\"sameAs\":[\"https:\/\/www.facebook.com\/FiscaliaCol\",\"https:\/\/x.com\/FiscaliaCol\",\"https:\/\/www.instagram.com\/fiscaliacol\",\"https:\/\/www.linkedin.com\/company\/fiscalia-general-de-la-naci-n\/\",\"https:\/\/youtube.com\/@fiscaliageneraldelanacion-4668?si=6nN79nyQICPU5iTh\"]},{\"@type\":\"Person\",\"@id\":\"https:\/\/www.fiscalia.gov.co\/colombia\/#\/schema\/person\/bf84402cf293a5393e9c70b111020b24\",\"name\":\"Jordan Leandro Oviedo Anzola\",\"image\":{\"@type\":\"ImageObject\",\"inLanguage\":\"es-CO\",\"@id\":\"https:\/\/www.fiscalia.gov.co\/colombia\/#\/schema\/person\/image\/\",\"url\":\"https:\/\/secure.gravatar.com\/avatar\/dabba4346fa9b9207d96adafa8f92721?s=96&d=mm&r=g\",\"contentUrl\":\"https:\/\/secure.gravatar.com\/avatar\/dabba4346fa9b9207d96adafa8f92721?s=96&d=mm&r=g\",\"caption\":\"Jordan Leandro Oviedo Anzola\"},\"url\":\"https:\/\/www.fiscalia.gov.co\/colombia\/author\/joviedo\/\"}]}<\/script>\n<!-- \/ Yoast SEO plugin. -->","yoast_head_json":{"title":"Fiscal\u00eda General de la Naci\u00f3n","description":"P\u00e1gina oficial de la Fiscal\u00eda General de la Naci\u00f3n \u2013 Colombia. Garantizamos el acceso efectivo a la justicia, la verdad y la reparaci\u00f3n de las v\u00edctimas de los delitos.","robots":{"index":"noindex","follow":"follow"},"og_locale":"es_ES","og_type":"article","og_title":"Fiscal\u00eda General de la Naci\u00f3n","og_description":"P\u00e1gina oficial de la Fiscal\u00eda General de la Naci\u00f3n \u2013 Colombia. Garantizamos el acceso efectivo a la justicia, la verdad y la reparaci\u00f3n de las v\u00edctimas de los delitos.","og_url":"https:\/\/www.fiscalia.gov.co\/colombia\/noticias\/a-la-carcel-extranjero-investigado-por-extorsionar-a-un-contratista-de-casanare-a-nombre-del-gaor-farc\/","og_site_name":"Fiscal\u00eda General de la Naci\u00f3n","article_publisher":"https:\/\/www.facebook.com\/FiscaliaCol","article_published_time":"2023-04-14T13:30:15+00:00","og_image":[{"url":"https:\/\/www.fiscalia.gov.co\/colombia\/wp-content\/uploads\/Jonny-Jose-Ramirez-Mosquera-extorsion-y-otro-Casanare-1024x574.jpg","type":"","width":"","height":""}],"author":"Jordan Leandro Oviedo Anzola","twitter_card":"summary_large_image","twitter_creator":"@FiscaliaCol","twitter_site":"@FiscaliaCol","twitter_misc":{"Escrito por":"Jordan Leandro Oviedo Anzola","Tiempo de lectura":"2 minutos"},"schema":{"@context":"https:\/\/schema.org","@graph":[{"@type":"Article","@id":"https:\/\/www.fiscalia.gov.co\/colombia\/noticias\/a-la-carcel-extranjero-investigado-por-extorsionar-a-un-contratista-de-casanare-a-nombre-del-gaor-farc\/#article","isPartOf":{"@id":"https:\/\/www.fiscalia.gov.co\/colombia\/noticias\/a-la-carcel-extranjero-investigado-por-extorsionar-a-un-contratista-de-casanare-a-nombre-del-gaor-farc\/"},"author":{"name":"Jordan Leandro Oviedo Anzola","@id":"https:\/\/www.fiscalia.gov.co\/colombia\/#\/schema\/person\/bf84402cf293a5393e9c70b111020b24"},"headline":"A la c\u00e1rcel extranjero investigado por extorsionar a un contratista de Casanare a nombre del GAOR Farc","datePublished":"2023-04-14T13:30:15+00:00","dateModified":"2023-04-14T13:30:15+00:00","mainEntityOfPage":{"@id":"https:\/\/www.fiscalia.gov.co\/colombia\/noticias\/a-la-carcel-extranjero-investigado-por-extorsionar-a-un-contratista-de-casanare-a-nombre-del-gaor-farc\/"},"wordCount":402,"publisher":{"@id":"https:\/\/www.fiscalia.gov.co\/colombia\/#organization"},"image":{"@id":"https:\/\/www.fiscalia.gov.co\/colombia\/noticias\/a-la-carcel-extranjero-investigado-por-extorsionar-a-un-contratista-de-casanare-a-nombre-del-gaor-farc\/#primaryimage"},"thumbnailUrl":"https:\/\/www.fiscalia.gov.co\/colombia\/wp-content\/uploads\/Jonny-Jose-Ramirez-Mosquera-extorsion-y-otro-Casanare-1024x574.jpg","keywords":["Concierto para delinquir","Contratista","Extorsi\u00f3n agravada","Fiscal Barbosa","Fiscal\u00eda General de la Naci\u00f3n","GAOr Farc","intramural","millonaria extorsi\u00f3n","Yopal (Casanare)"],"articleSection":["Noticias","Seccional Casanare","Seccionales","Seguridad territorial"],"inLanguage":"es-CO"},{"@type":"WebPage","@id":"https:\/\/www.fiscalia.gov.co\/colombia\/noticias\/a-la-carcel-extranjero-investigado-por-extorsionar-a-un-contratista-de-casanare-a-nombre-del-gaor-farc\/","url":"https:\/\/www.fiscalia.gov.co\/colombia\/noticias\/a-la-carcel-extranjero-investigado-por-extorsionar-a-un-contratista-de-casanare-a-nombre-del-gaor-farc\/","name":"Fiscal\u00eda General de la Naci\u00f3n","isPartOf":{"@id":"https:\/\/www.fiscalia.gov.co\/colombia\/#website"},"primaryImageOfPage":{"@id":"https:\/\/www.fiscalia.gov.co\/colombia\/noticias\/a-la-carcel-extranjero-investigado-por-extorsionar-a-un-contratista-de-casanare-a-nombre-del-gaor-farc\/#primaryimage"},"image":{"@id":"https:\/\/www.fiscalia.gov.co\/colombia\/noticias\/a-la-carcel-extranjero-investigado-por-extorsionar-a-un-contratista-de-casanare-a-nombre-del-gaor-farc\/#primaryimage"},"thumbnailUrl":"https:\/\/www.fiscalia.gov.co\/colombia\/wp-content\/uploads\/Jonny-Jose-Ramirez-Mosquera-extorsion-y-otro-Casanare-1024x574.jpg","datePublished":"2023-04-14T13:30:15+00:00","dateModified":"2023-04-14T13:30:15+00:00","description":"P\u00e1gina oficial de la Fiscal\u00eda General de la Naci\u00f3n \u2013 Colombia. Garantizamos el acceso efectivo a la justicia, la verdad y la reparaci\u00f3n de las v\u00edctimas de los delitos.","breadcrumb":{"@id":"https:\/\/www.fiscalia.gov.co\/colombia\/noticias\/a-la-carcel-extranjero-investigado-por-extorsionar-a-un-contratista-de-casanare-a-nombre-del-gaor-farc\/#breadcrumb"},"inLanguage":"es-CO","potentialAction":[{"@type":"ReadAction","target":["https:\/\/www.fiscalia.gov.co\/colombia\/noticias\/a-la-carcel-extranjero-investigado-por-extorsionar-a-un-contratista-de-casanare-a-nombre-del-gaor-farc\/"]}]},{"@type":"ImageObject","inLanguage":"es-CO","@id":"https:\/\/www.fiscalia.gov.co\/colombia\/noticias\/a-la-carcel-extranjero-investigado-por-extorsionar-a-un-contratista-de-casanare-a-nombre-del-gaor-farc\/#primaryimage","url":"https:\/\/www.fiscalia.gov.co\/colombia\/wp-content\/uploads\/Jonny-Jose-Ramirez-Mosquera-extorsion-y-otro-Casanare.jpg","contentUrl":"https:\/\/www.fiscalia.gov.co\/colombia\/wp-content\/uploads\/Jonny-Jose-Ramirez-Mosquera-extorsion-y-otro-Casanare.jpg","width":1280,"height":718,"caption":"Capturado por presunta extorsi\u00f3n supuestamente para GAOr Farc"},{"@type":"BreadcrumbList","@id":"https:\/\/www.fiscalia.gov.co\/colombia\/noticias\/a-la-carcel-extranjero-investigado-por-extorsionar-a-un-contratista-de-casanare-a-nombre-del-gaor-farc\/#breadcrumb","itemListElement":[{"@type":"ListItem","position":1,"name":"Home","item":"https:\/\/www.fiscalia.gov.co\/colombia\/"},{"@type":"ListItem","position":2,"name":"A la c\u00e1rcel extranjero investigado por extorsionar a un contratista de Casanare a nombre del GAOR Farc"}]},{"@type":"WebSite","@id":"https:\/\/www.fiscalia.gov.co\/colombia\/#website","url":"https:\/\/www.fiscalia.gov.co\/colombia\/","name":"Fiscal\u00eda General de la Naci\u00f3n","description":"P\u00e1gina oficial de la Fiscal\u00eda General de la Naci\u00f3n \u2013 Colombia. Garantizamos el acceso efectivo a la justicia, la verdad y la reparaci\u00f3n de las v\u00edctimas de los delitos.","publisher":{"@id":"https:\/\/www.fiscalia.gov.co\/colombia\/#organization"},"potentialAction":[{"@type":"SearchAction","target":{"@type":"EntryPoint","urlTemplate":"https:\/\/www.fiscalia.gov.co\/colombia\/?s={search_term_string}"},"query-input":{"@type":"PropertyValueSpecification","valueRequired":true,"valueName":"search_term_string"}}],"inLanguage":"es-CO"},{"@type":"Organization","@id":"https:\/\/www.fiscalia.gov.co\/colombia\/#organization","name":"Fiscal\u00eda General de la Naci\u00f3n","url":"https:\/\/www.fiscalia.gov.co\/colombia\/","logo":{"@type":"ImageObject","inLanguage":"es-CO","@id":"https:\/\/www.fiscalia.gov.co\/colombia\/#\/schema\/logo\/image\/","url":"https:\/\/www.fiscalia.gov.co\/colombia\/wp-content\/uploads\/LogoHorizontal_1.jpg","contentUrl":"https:\/\/www.fiscalia.gov.co\/colombia\/wp-content\/uploads\/LogoHorizontal_1.jpg","width":300,"height":90,"caption":"Fiscal\u00eda General de la Naci\u00f3n"},"image":{"@id":"https:\/\/www.fiscalia.gov.co\/colombia\/#\/schema\/logo\/image\/"},"sameAs":["https:\/\/www.facebook.com\/FiscaliaCol","https:\/\/x.com\/FiscaliaCol","https:\/\/www.instagram.com\/fiscaliacol","https:\/\/www.linkedin.com\/company\/fiscalia-general-de-la-naci-n\/","https:\/\/youtube.com\/@fiscaliageneraldelanacion-4668?si=6nN79nyQICPU5iTh"]},{"@type":"Person","@id":"https:\/\/www.fiscalia.gov.co\/colombia\/#\/schema\/person\/bf84402cf293a5393e9c70b111020b24","name":"Jordan Leandro Oviedo Anzola","image":{"@type":"ImageObject","inLanguage":"es-CO","@id":"https:\/\/www.fiscalia.gov.co\/colombia\/#\/schema\/person\/image\/","url":"https:\/\/secure.gravatar.com\/avatar\/dabba4346fa9b9207d96adafa8f92721?s=96&d=mm&r=g","contentUrl":"https:\/\/secure.gravatar.com\/avatar\/dabba4346fa9b9207d96adafa8f92721?s=96&d=mm&r=g","caption":"Jordan Leandro Oviedo Anzola"},"url":"https:\/\/www.fiscalia.gov.co\/colombia\/author\/joviedo\/"}]}},"_links":{"self":[{"href":"https:\/\/www.fiscalia.gov.co\/colombia\/wp-json\/wp\/v2\/posts\/269598","targetHints":{"allow":["GET"]}}],"collection":[{"href":"https:\/\/www.fiscalia.gov.co\/colombia\/wp-json\/wp\/v2\/posts"}],"about":[{"href":"https:\/\/www.fiscalia.gov.co\/colombia\/wp-json\/wp\/v2\/types\/post"}],"author":[{"embeddable":true,"href":"https:\/\/www.fiscalia.gov.co\/colombia\/wp-json\/wp\/v2\/users\/177"}],"replies":[{"embeddable":true,"href":"https:\/\/www.fiscalia.gov.co\/colombia\/wp-json\/wp\/v2\/comments?post=269598"}],"version-history":[{"count":1,"href":"https:\/\/www.fiscalia.gov.co\/colombia\/wp-json\/wp\/v2\/posts\/269598\/revisions"}],"predecessor-version":[{"id":269600,"href":"https:\/\/www.fiscalia.gov.co\/colombia\/wp-json\/wp\/v2\/posts\/269598\/revisions\/269600"}],"wp:attachment":[{"href":"https:\/\/www.fiscalia.gov.co\/colombia\/wp-json\/wp\/v2\/media?parent=269598"}],"wp:term":[{"taxonomy":"category","embeddable":true,"href":"https:\/\/www.fiscalia.gov.co\/colombia\/wp-json\/wp\/v2\/categories?post=269598"},{"taxonomy":"post_tag","embeddable":true,"href":"https:\/\/www.fiscalia.gov.co\/colombia\/wp-json\/wp\/v2\/tags?post=269598"}],"curies":[{"name":"wp","href":"https:\/\/api.w.org\/{rel}","templated":true}]}}