{"id":269513,"date":"2023-04-12T15:36:34","date_gmt":"2023-04-12T20:36:34","guid":{"rendered":"https:\/\/www.fiscalia.gov.co\/colombia\/?p=269513"},"modified":"2023-04-12T15:36:34","modified_gmt":"2023-04-12T20:36:34","slug":"a-la-carcel-presunto-responsable-de-secuestrar-una-familia-cuando-se-movilizaba-por-el-departamento-de-bolivar","status":"publish","type":"post","link":"https:\/\/www.fiscalia.gov.co\/colombia\/noticias\/a-la-carcel-presunto-responsable-de-secuestrar-una-familia-cuando-se-movilizaba-por-el-departamento-de-bolivar\/","title":{"rendered":"A la c\u00e1rcel presunto responsable de secuestrar una familia cuando se movilizaba por el departamento de Bol\u00edvar"},"content":{"rendered":"<h4 style=\"font-weight: 400;\"><strong><em>Las v\u00edctimas fueron retenidas y conducidas a un lugar despoblado donde les hurtaron el veh\u00edculo y pertenencias avaluadas en cerca de 200 millones de pesos.<\/em><\/strong><\/h4>\n<figure id=\"attachment_269514\" aria-describedby=\"caption-attachment-269514\" style=\"width: 696px\" class=\"wp-caption aligncenter\"><img loading=\"lazy\" decoding=\"async\" class=\"size-large wp-image-269514\" src=\"https:\/\/www.fiscalia.gov.co\/colombia\/wp-content\/uploads\/Foto-boletin-12-de-abril-secuestro-y-hurto-a-fiscal--1024x873.jpeg\" alt=\"En la imagen se observa a un hombre de tez blanca vestido con camiseta amarilla, bermuda verde y sandalias negras, custodiado por dos agentes de la Polic\u00eda Nacional delante de un pend\u00f3n de esa instituci\u00f3n.\" width=\"696\" height=\"593\" srcset=\"https:\/\/www.fiscalia.gov.co\/colombia\/wp-content\/uploads\/Foto-boletin-12-de-abril-secuestro-y-hurto-a-fiscal--1024x873.jpeg 1024w, https:\/\/www.fiscalia.gov.co\/colombia\/wp-content\/uploads\/Foto-boletin-12-de-abril-secuestro-y-hurto-a-fiscal--300x256.jpeg 300w, https:\/\/www.fiscalia.gov.co\/colombia\/wp-content\/uploads\/Foto-boletin-12-de-abril-secuestro-y-hurto-a-fiscal--768x655.jpeg 768w, https:\/\/www.fiscalia.gov.co\/colombia\/wp-content\/uploads\/Foto-boletin-12-de-abril-secuestro-y-hurto-a-fiscal--696x593.jpeg 696w, https:\/\/www.fiscalia.gov.co\/colombia\/wp-content\/uploads\/Foto-boletin-12-de-abril-secuestro-y-hurto-a-fiscal--1068x910.jpeg 1068w, https:\/\/www.fiscalia.gov.co\/colombia\/wp-content\/uploads\/Foto-boletin-12-de-abril-secuestro-y-hurto-a-fiscal--493x420.jpeg 493w, https:\/\/www.fiscalia.gov.co\/colombia\/wp-content\/uploads\/Foto-boletin-12-de-abril-secuestro-y-hurto-a-fiscal-.jpeg 1178w\" sizes=\"auto, (max-width: 696px) 100vw, 696px\" \/><figcaption id=\"caption-attachment-269514\" class=\"wp-caption-text\">Usme Mu\u00f1oz, no acept\u00f3 los cargos de secuestro simple, extorsi\u00f3n y hurto calificado agravado imputado por la Fiscal\u00eda.<\/figcaption><\/figure>\n<p style=\"font-weight: 400;\">La contundencia del material probatorio aportado por una fiscal de la direcci\u00f3n Seccional Bol\u00edvar permiti\u00f3 que un juez de control de garant\u00edas de Cartagena enviara a prisi\u00f3n a Andr\u00e9s Felipe Usme Mu\u00f1oz, de 27 a\u00f1os, presuntamente implicado en el secuestro de una familia a la que adem\u00e1s le hurtaron objetos de valor por 200 millones de pesos.<\/p>\n<p style=\"font-weight: 400;\">Los hechos investigados ocurrieron la noche del 1 de abril pasado cuando la v\u00edctima se desplazaba en compa\u00f1\u00eda de su familia por la v\u00eda que conduce del municipio de Mar\u00eda La Baja a Cartagena.<\/p>\n<p style=\"font-weight: 400;\">Labores de polic\u00eda judicial evidenciaron que las v\u00edctimas habr\u00edan sido obligadas a detener el veh\u00edculo en un falso ret\u00e9n oficial, presumiblemente instalado el procesado y tres personas m\u00e1s.<\/p>\n<p style=\"font-weight: 400;\">Los falsos uniformados, al parecer, se identificaron como integrantes de las Autodefensas Gaitanistas de Colombia, inmovilizaron a las v\u00edctimas y las llevaron a una zona despoblada del corregimiento de San Pablo, jurisdicci\u00f3n del municipio de Mar\u00eda La Baja donde fueron retenidos por m\u00e1s de tres horas; mientras les hurtaron celulares, computadoras, joyas, la camioneta y otros objetos avaluados en cerca de 200 millones de pesos.<\/p>\n<p style=\"font-weight: 400;\">Tras ser abandonados, la familia fue auxiliada por varios ciudadanos que los condujeron al municipio de Mar\u00eda La Baja y de all\u00ed trasladados a Cartagena. Dos d\u00edas despu\u00e9s el funcionario p\u00fablico fue contactado telef\u00f3nicamente para exigirle ocho millones de pesos a cambio del veh\u00edculo hurtado.<\/p>\n<p style=\"font-weight: 400;\">El propietario identific\u00f3 en un lugar p\u00fablico de la Heroica a Usme Mu\u00f1oz y con el apoyo de la Polic\u00eda el procesado fue capturado. El hombre neg\u00f3 su responsabilidad en los delitos de secuestro simple, extorsi\u00f3n y hurto calificado agravado imputados por la Fiscal\u00eda.<\/p>\n<p style=\"font-weight: 400;\">Esta informaci\u00f3n se publica por razones de inter\u00e9s general.<\/p>\n<p style=\"font-weight: 400;\"><strong>La Fiscal\u00eda habla con resultados.<\/strong><\/p>\n<p style=\"font-weight: 400;\"><em><strong>Le puede interesar:<\/strong><\/em><\/p>\n<p style=\"font-weight: 400;\"><a href=\"https:\/\/www.fiscalia.gov.co\/colombia\/noticias\/fiscalia-propina-duro-golpe-a-los-topos-grupo-delincuencial-que-hurtaba-objetos-de-valor-de-vehiculos-estacionados-en-centros-de-comercio-y-en-zonas-exclusivas-de-distintas-ciudades\/\" data-saferedirecturl=\"https:\/\/www.google.com\/url?q=https:\/\/www.fiscalia.gov.co\/colombia\/noticias\/fiscalia-propina-duro-golpe-a-los-topos-grupo-delincuencial-que-hurtaba-objetos-de-valor-de-vehiculos-estacionados-en-centros-de-comercio-y-en-zonas-exclusivas-de-distintas-ciudades\/&amp;source=gmail&amp;ust=1681416564281000&amp;usg=AOvVaw3qJ4LaoJon4m8-1FtS314r\">Fiscal\u00eda propina duro golpe a \u2018Los Topos\u2019, grupo delincuencial que hurtaba objetos de valor de veh\u00edculos estacionados en centros de comercio y en zonas exclusivas de distintas ciudades<\/a><\/p>\n<p style=\"font-weight: 400;\"><a href=\"https:\/\/www.fiscalia.gov.co\/colombia\/noticias\/judicializados-tres-futbolistas-presuntamente-responsables-de-realizar-exigencias-economicas-a-una-ciudadana-para-devolverle-un-celular\/\" data-saferedirecturl=\"https:\/\/www.google.com\/url?q=https:\/\/www.fiscalia.gov.co\/colombia\/noticias\/judicializados-tres-futbolistas-presuntamente-responsables-de-realizar-exigencias-economicas-a-una-ciudadana-para-devolverle-un-celular\/&amp;source=gmail&amp;ust=1681416564281000&amp;usg=AOvVaw1mOfUzhmeTw3XOQXy1q3nW\">Judicializados tres futbolistas presuntamente responsables de realizar exigencias econ\u00f3micas a una ciudadana para devolverle un celular<\/a><\/p>\n<p>&nbsp;<\/p>\n<p>&nbsp;<\/p>\n<p>&nbsp;<\/p>\n<p>&nbsp;<\/p>\n<p>&nbsp;<\/p>\n<p style=\"font-weight: 400;\">MEVA\/VHGB\/MAGA\/ICHS\/DSB<\/p>\n<p style=\"font-weight: 400;\">\n<p>&nbsp;<\/p>\n<p style=\"font-weight: 400;\">\n<p style=\"font-weight: 400;\">\n<p style=\"font-weight: 400;\"><em>La informaci\u00f3n contenida en este bolet\u00edn de prensa corresponde a la narraci\u00f3n de los hechos noticiosos objetivos, suministrados por los funcionarios encargados de adelantar las investigaciones penales al interior de la Fiscal\u00eda General de la Naci\u00f3n. Para el momento de la divulgaci\u00f3n de este comunicado, la situaci\u00f3n jur\u00eddica de la(s) persona(s) relacionada(s) se encuentra pendiente de resolver por la autoridad judicial competente, siempre bajo los preceptos de la presunci\u00f3n de inocencia, consagrados en el art\u00edculo 29 de la Constituci\u00f3n Pol\u00edtica y el art\u00edculo 7\u00ba de la Ley 906 de 2004.<\/em><\/p>\n\n<div class=\"twitter-share\"><a href=\"https:\/\/twitter.com\/intent\/tweet?via=fiscaliacol\" class=\"twitter-share-button\">Tweet<\/a><\/div>\n","protected":false},"excerpt":{"rendered":"<p>Las v\u00edctimas fueron retenidas y conducidas a un lugar despoblado donde les hurtaron el veh\u00edculo y pertenencias avaluadas en cerca de 200 millones de pesos. La contundencia del material probatorio aportado por una fiscal de la direcci\u00f3n Seccional Bol\u00edvar permiti\u00f3 que un juez de control de garant\u00edas de Cartagena enviara a prisi\u00f3n a Andr\u00e9s Felipe [&hellip;]<\/p>\n","protected":false},"author":177,"featured_media":0,"comment_status":"closed","ping_status":"open","sticky":false,"template":"","format":"standard","meta":{"_price":"","_stock":"","_tribe_ticket_header":"","_tribe_default_ticket_provider":"","_tribe_ticket_capacity":"0","_ticket_start_date":"","_ticket_end_date":"","_tribe_ticket_show_description":"","_tribe_ticket_show_not_going":false,"_tribe_ticket_use_global_stock":"","_tribe_ticket_global_stock_level":"","_global_stock_mode":"","_global_stock_cap":"","_tribe_rsvp_for_event":"","_tribe_ticket_going_count":"","_tribe_ticket_not_going_count":"","_tribe_tickets_list":"[]","_tribe_ticket_has_attendee_info_fields":false,"tdm_status":"","tdm_grid_status":"","footnotes":""},"categories":[1,325,303,24099],"tags":[9082,14550,23819,23998,871,24187,1047,25684,6252,31608,558,2164],"class_list":{"0":"post-269513","1":"post","2":"type-post","3":"status-publish","4":"format-standard","6":"category-noticias","7":"category-seccional-cartagena","8":"category-seccionales","9":"category-seguridad-territorial","10":"tag-bolivar","11":"tag-carcel","12":"tag-cartagena","13":"tag-cartagena-bolivar","14":"tag-extorion","15":"tag-fiscalia-colombia","16":"tag-fiscalia-general-de-la-nacion","17":"tag-funcionario-publico","18":"tag-hurto-calificado-agravado","19":"tag-maria-la-baja","20":"tag-policia-nacional","21":"tag-secuestro-simple"},"yoast_head":"<!-- This site is optimized with the Yoast SEO plugin v24.3 - https:\/\/yoast.com\/wordpress\/plugins\/seo\/ -->\n<title>Fiscal\u00eda General de la Naci\u00f3n<\/title>\n<meta name=\"description\" content=\"P\u00e1gina oficial de la Fiscal\u00eda General de la Naci\u00f3n \u2013 Colombia. Garantizamos el acceso efectivo a la justicia, la verdad y la reparaci\u00f3n de las v\u00edctimas de los delitos.\" \/>\n<meta name=\"robots\" content=\"noindex, follow\" \/>\n<meta property=\"og:locale\" content=\"es_ES\" \/>\n<meta property=\"og:type\" content=\"article\" \/>\n<meta property=\"og:title\" content=\"Fiscal\u00eda General de la Naci\u00f3n\" \/>\n<meta property=\"og:description\" content=\"P\u00e1gina oficial de la Fiscal\u00eda General de la Naci\u00f3n \u2013 Colombia. Garantizamos el acceso efectivo a la justicia, la verdad y la reparaci\u00f3n de las v\u00edctimas de los delitos.\" \/>\n<meta property=\"og:url\" content=\"https:\/\/www.fiscalia.gov.co\/colombia\/noticias\/a-la-carcel-presunto-responsable-de-secuestrar-una-familia-cuando-se-movilizaba-por-el-departamento-de-bolivar\/\" \/>\n<meta property=\"og:site_name\" content=\"Fiscal\u00eda General de la Naci\u00f3n\" \/>\n<meta property=\"article:publisher\" content=\"https:\/\/www.facebook.com\/FiscaliaCol\" \/>\n<meta property=\"article:published_time\" content=\"2023-04-12T20:36:34+00:00\" \/>\n<meta property=\"og:image\" content=\"https:\/\/www.fiscalia.gov.co\/colombia\/wp-content\/uploads\/Foto-boletin-12-de-abril-secuestro-y-hurto-a-fiscal--1024x873.jpeg\" \/>\n<meta name=\"author\" content=\"Jordan Leandro Oviedo Anzola\" \/>\n<meta name=\"twitter:card\" content=\"summary_large_image\" \/>\n<meta name=\"twitter:creator\" content=\"@FiscaliaCol\" \/>\n<meta name=\"twitter:site\" content=\"@FiscaliaCol\" \/>\n<meta name=\"twitter:label1\" content=\"Escrito por\" \/>\n\t<meta name=\"twitter:data1\" content=\"Jordan Leandro Oviedo Anzola\" \/>\n\t<meta name=\"twitter:label2\" content=\"Tiempo de lectura\" \/>\n\t<meta name=\"twitter:data2\" content=\"3 minutos\" \/>\n<script type=\"application\/ld+json\" class=\"yoast-schema-graph\">{\"@context\":\"https:\/\/schema.org\",\"@graph\":[{\"@type\":\"Article\",\"@id\":\"https:\/\/www.fiscalia.gov.co\/colombia\/noticias\/a-la-carcel-presunto-responsable-de-secuestrar-una-familia-cuando-se-movilizaba-por-el-departamento-de-bolivar\/#article\",\"isPartOf\":{\"@id\":\"https:\/\/www.fiscalia.gov.co\/colombia\/noticias\/a-la-carcel-presunto-responsable-de-secuestrar-una-familia-cuando-se-movilizaba-por-el-departamento-de-bolivar\/\"},\"author\":{\"name\":\"Jordan Leandro Oviedo Anzola\",\"@id\":\"https:\/\/www.fiscalia.gov.co\/colombia\/#\/schema\/person\/bf84402cf293a5393e9c70b111020b24\"},\"headline\":\"A la c\u00e1rcel presunto responsable de secuestrar una familia cuando se movilizaba por el departamento de Bol\u00edvar\",\"datePublished\":\"2023-04-12T20:36:34+00:00\",\"dateModified\":\"2023-04-12T20:36:34+00:00\",\"mainEntityOfPage\":{\"@id\":\"https:\/\/www.fiscalia.gov.co\/colombia\/noticias\/a-la-carcel-presunto-responsable-de-secuestrar-una-familia-cuando-se-movilizaba-por-el-departamento-de-bolivar\/\"},\"wordCount\":555,\"publisher\":{\"@id\":\"https:\/\/www.fiscalia.gov.co\/colombia\/#organization\"},\"image\":{\"@id\":\"https:\/\/www.fiscalia.gov.co\/colombia\/noticias\/a-la-carcel-presunto-responsable-de-secuestrar-una-familia-cuando-se-movilizaba-por-el-departamento-de-bolivar\/#primaryimage\"},\"thumbnailUrl\":\"https:\/\/www.fiscalia.gov.co\/colombia\/wp-content\/uploads\/Foto-boletin-12-de-abril-secuestro-y-hurto-a-fiscal--1024x873.jpeg\",\"keywords\":[\"Bol\u00edvar\",\"C\u00e1rcel\",\"Cartagena\",\"Cartagena (Bol\u00edvar)\",\"Extorsi\u00f3n\",\"Fiscal\u00eda Colombia\",\"Fiscal\u00eda General de la Naci\u00f3n\",\"funcionario p\u00fablico\",\"Hurto calificado agravado\",\"Mar\u00eda La Baja\",\"Polic\u00eda Nacional\",\"Secuestro simple\"],\"articleSection\":[\"Noticias\",\"Seccional Cartagena\",\"Seccionales\",\"Seguridad territorial\"],\"inLanguage\":\"es-CO\"},{\"@type\":\"WebPage\",\"@id\":\"https:\/\/www.fiscalia.gov.co\/colombia\/noticias\/a-la-carcel-presunto-responsable-de-secuestrar-una-familia-cuando-se-movilizaba-por-el-departamento-de-bolivar\/\",\"url\":\"https:\/\/www.fiscalia.gov.co\/colombia\/noticias\/a-la-carcel-presunto-responsable-de-secuestrar-una-familia-cuando-se-movilizaba-por-el-departamento-de-bolivar\/\",\"name\":\"Fiscal\u00eda General de la Naci\u00f3n\",\"isPartOf\":{\"@id\":\"https:\/\/www.fiscalia.gov.co\/colombia\/#website\"},\"primaryImageOfPage\":{\"@id\":\"https:\/\/www.fiscalia.gov.co\/colombia\/noticias\/a-la-carcel-presunto-responsable-de-secuestrar-una-familia-cuando-se-movilizaba-por-el-departamento-de-bolivar\/#primaryimage\"},\"image\":{\"@id\":\"https:\/\/www.fiscalia.gov.co\/colombia\/noticias\/a-la-carcel-presunto-responsable-de-secuestrar-una-familia-cuando-se-movilizaba-por-el-departamento-de-bolivar\/#primaryimage\"},\"thumbnailUrl\":\"https:\/\/www.fiscalia.gov.co\/colombia\/wp-content\/uploads\/Foto-boletin-12-de-abril-secuestro-y-hurto-a-fiscal--1024x873.jpeg\",\"datePublished\":\"2023-04-12T20:36:34+00:00\",\"dateModified\":\"2023-04-12T20:36:34+00:00\",\"description\":\"P\u00e1gina oficial de la Fiscal\u00eda General de la Naci\u00f3n \u2013 Colombia. Garantizamos el acceso efectivo a la justicia, la verdad y la reparaci\u00f3n de las v\u00edctimas de los delitos.\",\"breadcrumb\":{\"@id\":\"https:\/\/www.fiscalia.gov.co\/colombia\/noticias\/a-la-carcel-presunto-responsable-de-secuestrar-una-familia-cuando-se-movilizaba-por-el-departamento-de-bolivar\/#breadcrumb\"},\"inLanguage\":\"es-CO\",\"potentialAction\":[{\"@type\":\"ReadAction\",\"target\":[\"https:\/\/www.fiscalia.gov.co\/colombia\/noticias\/a-la-carcel-presunto-responsable-de-secuestrar-una-familia-cuando-se-movilizaba-por-el-departamento-de-bolivar\/\"]}]},{\"@type\":\"ImageObject\",\"inLanguage\":\"es-CO\",\"@id\":\"https:\/\/www.fiscalia.gov.co\/colombia\/noticias\/a-la-carcel-presunto-responsable-de-secuestrar-una-familia-cuando-se-movilizaba-por-el-departamento-de-bolivar\/#primaryimage\",\"url\":\"https:\/\/www.fiscalia.gov.co\/colombia\/wp-content\/uploads\/Foto-boletin-12-de-abril-secuestro-y-hurto-a-fiscal--1024x873.jpeg\",\"contentUrl\":\"https:\/\/www.fiscalia.gov.co\/colombia\/wp-content\/uploads\/Foto-boletin-12-de-abril-secuestro-y-hurto-a-fiscal--1024x873.jpeg\"},{\"@type\":\"BreadcrumbList\",\"@id\":\"https:\/\/www.fiscalia.gov.co\/colombia\/noticias\/a-la-carcel-presunto-responsable-de-secuestrar-una-familia-cuando-se-movilizaba-por-el-departamento-de-bolivar\/#breadcrumb\",\"itemListElement\":[{\"@type\":\"ListItem\",\"position\":1,\"name\":\"Home\",\"item\":\"https:\/\/www.fiscalia.gov.co\/colombia\/\"},{\"@type\":\"ListItem\",\"position\":2,\"name\":\"A la c\u00e1rcel presunto responsable de secuestrar una familia cuando se movilizaba por el departamento de Bol\u00edvar\"}]},{\"@type\":\"WebSite\",\"@id\":\"https:\/\/www.fiscalia.gov.co\/colombia\/#website\",\"url\":\"https:\/\/www.fiscalia.gov.co\/colombia\/\",\"name\":\"Fiscal\u00eda General de la Naci\u00f3n\",\"description\":\"P\u00e1gina oficial de la Fiscal\u00eda General de la Naci\u00f3n \u2013 Colombia. Garantizamos el acceso efectivo a la justicia, la verdad y la reparaci\u00f3n de las v\u00edctimas de los delitos.\",\"publisher\":{\"@id\":\"https:\/\/www.fiscalia.gov.co\/colombia\/#organization\"},\"potentialAction\":[{\"@type\":\"SearchAction\",\"target\":{\"@type\":\"EntryPoint\",\"urlTemplate\":\"https:\/\/www.fiscalia.gov.co\/colombia\/?s={search_term_string}\"},\"query-input\":{\"@type\":\"PropertyValueSpecification\",\"valueRequired\":true,\"valueName\":\"search_term_string\"}}],\"inLanguage\":\"es-CO\"},{\"@type\":\"Organization\",\"@id\":\"https:\/\/www.fiscalia.gov.co\/colombia\/#organization\",\"name\":\"Fiscal\u00eda General de la Naci\u00f3n\",\"url\":\"https:\/\/www.fiscalia.gov.co\/colombia\/\",\"logo\":{\"@type\":\"ImageObject\",\"inLanguage\":\"es-CO\",\"@id\":\"https:\/\/www.fiscalia.gov.co\/colombia\/#\/schema\/logo\/image\/\",\"url\":\"https:\/\/www.fiscalia.gov.co\/colombia\/wp-content\/uploads\/LogoHorizontal_1.jpg\",\"contentUrl\":\"https:\/\/www.fiscalia.gov.co\/colombia\/wp-content\/uploads\/LogoHorizontal_1.jpg\",\"width\":300,\"height\":90,\"caption\":\"Fiscal\u00eda General de la Naci\u00f3n\"},\"image\":{\"@id\":\"https:\/\/www.fiscalia.gov.co\/colombia\/#\/schema\/logo\/image\/\"},\"sameAs\":[\"https:\/\/www.facebook.com\/FiscaliaCol\",\"https:\/\/x.com\/FiscaliaCol\",\"https:\/\/www.instagram.com\/fiscaliacol\",\"https:\/\/www.linkedin.com\/company\/fiscalia-general-de-la-naci-n\/\",\"https:\/\/youtube.com\/@fiscaliageneraldelanacion-4668?si=6nN79nyQICPU5iTh\"]},{\"@type\":\"Person\",\"@id\":\"https:\/\/www.fiscalia.gov.co\/colombia\/#\/schema\/person\/bf84402cf293a5393e9c70b111020b24\",\"name\":\"Jordan Leandro Oviedo Anzola\",\"image\":{\"@type\":\"ImageObject\",\"inLanguage\":\"es-CO\",\"@id\":\"https:\/\/www.fiscalia.gov.co\/colombia\/#\/schema\/person\/image\/\",\"url\":\"https:\/\/secure.gravatar.com\/avatar\/dabba4346fa9b9207d96adafa8f92721?s=96&d=mm&r=g\",\"contentUrl\":\"https:\/\/secure.gravatar.com\/avatar\/dabba4346fa9b9207d96adafa8f92721?s=96&d=mm&r=g\",\"caption\":\"Jordan Leandro Oviedo Anzola\"},\"url\":\"https:\/\/www.fiscalia.gov.co\/colombia\/author\/joviedo\/\"}]}<\/script>\n<!-- \/ Yoast SEO plugin. -->","yoast_head_json":{"title":"Fiscal\u00eda General de la Naci\u00f3n","description":"P\u00e1gina oficial de la Fiscal\u00eda General de la Naci\u00f3n \u2013 Colombia. Garantizamos el acceso efectivo a la justicia, la verdad y la reparaci\u00f3n de las v\u00edctimas de los delitos.","robots":{"index":"noindex","follow":"follow"},"og_locale":"es_ES","og_type":"article","og_title":"Fiscal\u00eda General de la Naci\u00f3n","og_description":"P\u00e1gina oficial de la Fiscal\u00eda General de la Naci\u00f3n \u2013 Colombia. Garantizamos el acceso efectivo a la justicia, la verdad y la reparaci\u00f3n de las v\u00edctimas de los delitos.","og_url":"https:\/\/www.fiscalia.gov.co\/colombia\/noticias\/a-la-carcel-presunto-responsable-de-secuestrar-una-familia-cuando-se-movilizaba-por-el-departamento-de-bolivar\/","og_site_name":"Fiscal\u00eda General de la Naci\u00f3n","article_publisher":"https:\/\/www.facebook.com\/FiscaliaCol","article_published_time":"2023-04-12T20:36:34+00:00","og_image":[{"url":"https:\/\/www.fiscalia.gov.co\/colombia\/wp-content\/uploads\/Foto-boletin-12-de-abril-secuestro-y-hurto-a-fiscal--1024x873.jpeg","type":"","width":"","height":""}],"author":"Jordan Leandro Oviedo Anzola","twitter_card":"summary_large_image","twitter_creator":"@FiscaliaCol","twitter_site":"@FiscaliaCol","twitter_misc":{"Escrito por":"Jordan Leandro Oviedo Anzola","Tiempo de lectura":"3 minutos"},"schema":{"@context":"https:\/\/schema.org","@graph":[{"@type":"Article","@id":"https:\/\/www.fiscalia.gov.co\/colombia\/noticias\/a-la-carcel-presunto-responsable-de-secuestrar-una-familia-cuando-se-movilizaba-por-el-departamento-de-bolivar\/#article","isPartOf":{"@id":"https:\/\/www.fiscalia.gov.co\/colombia\/noticias\/a-la-carcel-presunto-responsable-de-secuestrar-una-familia-cuando-se-movilizaba-por-el-departamento-de-bolivar\/"},"author":{"name":"Jordan Leandro Oviedo Anzola","@id":"https:\/\/www.fiscalia.gov.co\/colombia\/#\/schema\/person\/bf84402cf293a5393e9c70b111020b24"},"headline":"A la c\u00e1rcel presunto responsable de secuestrar una familia cuando se movilizaba por el departamento de Bol\u00edvar","datePublished":"2023-04-12T20:36:34+00:00","dateModified":"2023-04-12T20:36:34+00:00","mainEntityOfPage":{"@id":"https:\/\/www.fiscalia.gov.co\/colombia\/noticias\/a-la-carcel-presunto-responsable-de-secuestrar-una-familia-cuando-se-movilizaba-por-el-departamento-de-bolivar\/"},"wordCount":555,"publisher":{"@id":"https:\/\/www.fiscalia.gov.co\/colombia\/#organization"},"image":{"@id":"https:\/\/www.fiscalia.gov.co\/colombia\/noticias\/a-la-carcel-presunto-responsable-de-secuestrar-una-familia-cuando-se-movilizaba-por-el-departamento-de-bolivar\/#primaryimage"},"thumbnailUrl":"https:\/\/www.fiscalia.gov.co\/colombia\/wp-content\/uploads\/Foto-boletin-12-de-abril-secuestro-y-hurto-a-fiscal--1024x873.jpeg","keywords":["Bol\u00edvar","C\u00e1rcel","Cartagena","Cartagena (Bol\u00edvar)","Extorsi\u00f3n","Fiscal\u00eda Colombia","Fiscal\u00eda General de la Naci\u00f3n","funcionario p\u00fablico","Hurto calificado agravado","Mar\u00eda La Baja","Polic\u00eda Nacional","Secuestro simple"],"articleSection":["Noticias","Seccional Cartagena","Seccionales","Seguridad territorial"],"inLanguage":"es-CO"},{"@type":"WebPage","@id":"https:\/\/www.fiscalia.gov.co\/colombia\/noticias\/a-la-carcel-presunto-responsable-de-secuestrar-una-familia-cuando-se-movilizaba-por-el-departamento-de-bolivar\/","url":"https:\/\/www.fiscalia.gov.co\/colombia\/noticias\/a-la-carcel-presunto-responsable-de-secuestrar-una-familia-cuando-se-movilizaba-por-el-departamento-de-bolivar\/","name":"Fiscal\u00eda General de la Naci\u00f3n","isPartOf":{"@id":"https:\/\/www.fiscalia.gov.co\/colombia\/#website"},"primaryImageOfPage":{"@id":"https:\/\/www.fiscalia.gov.co\/colombia\/noticias\/a-la-carcel-presunto-responsable-de-secuestrar-una-familia-cuando-se-movilizaba-por-el-departamento-de-bolivar\/#primaryimage"},"image":{"@id":"https:\/\/www.fiscalia.gov.co\/colombia\/noticias\/a-la-carcel-presunto-responsable-de-secuestrar-una-familia-cuando-se-movilizaba-por-el-departamento-de-bolivar\/#primaryimage"},"thumbnailUrl":"https:\/\/www.fiscalia.gov.co\/colombia\/wp-content\/uploads\/Foto-boletin-12-de-abril-secuestro-y-hurto-a-fiscal--1024x873.jpeg","datePublished":"2023-04-12T20:36:34+00:00","dateModified":"2023-04-12T20:36:34+00:00","description":"P\u00e1gina oficial de la Fiscal\u00eda General de la Naci\u00f3n \u2013 Colombia. Garantizamos el acceso efectivo a la justicia, la verdad y la reparaci\u00f3n de las v\u00edctimas de los delitos.","breadcrumb":{"@id":"https:\/\/www.fiscalia.gov.co\/colombia\/noticias\/a-la-carcel-presunto-responsable-de-secuestrar-una-familia-cuando-se-movilizaba-por-el-departamento-de-bolivar\/#breadcrumb"},"inLanguage":"es-CO","potentialAction":[{"@type":"ReadAction","target":["https:\/\/www.fiscalia.gov.co\/colombia\/noticias\/a-la-carcel-presunto-responsable-de-secuestrar-una-familia-cuando-se-movilizaba-por-el-departamento-de-bolivar\/"]}]},{"@type":"ImageObject","inLanguage":"es-CO","@id":"https:\/\/www.fiscalia.gov.co\/colombia\/noticias\/a-la-carcel-presunto-responsable-de-secuestrar-una-familia-cuando-se-movilizaba-por-el-departamento-de-bolivar\/#primaryimage","url":"https:\/\/www.fiscalia.gov.co\/colombia\/wp-content\/uploads\/Foto-boletin-12-de-abril-secuestro-y-hurto-a-fiscal--1024x873.jpeg","contentUrl":"https:\/\/www.fiscalia.gov.co\/colombia\/wp-content\/uploads\/Foto-boletin-12-de-abril-secuestro-y-hurto-a-fiscal--1024x873.jpeg"},{"@type":"BreadcrumbList","@id":"https:\/\/www.fiscalia.gov.co\/colombia\/noticias\/a-la-carcel-presunto-responsable-de-secuestrar-una-familia-cuando-se-movilizaba-por-el-departamento-de-bolivar\/#breadcrumb","itemListElement":[{"@type":"ListItem","position":1,"name":"Home","item":"https:\/\/www.fiscalia.gov.co\/colombia\/"},{"@type":"ListItem","position":2,"name":"A la c\u00e1rcel presunto responsable de secuestrar una familia cuando se movilizaba por el departamento de Bol\u00edvar"}]},{"@type":"WebSite","@id":"https:\/\/www.fiscalia.gov.co\/colombia\/#website","url":"https:\/\/www.fiscalia.gov.co\/colombia\/","name":"Fiscal\u00eda General de la Naci\u00f3n","description":"P\u00e1gina oficial de la Fiscal\u00eda General de la Naci\u00f3n \u2013 Colombia. Garantizamos el acceso efectivo a la justicia, la verdad y la reparaci\u00f3n de las v\u00edctimas de los delitos.","publisher":{"@id":"https:\/\/www.fiscalia.gov.co\/colombia\/#organization"},"potentialAction":[{"@type":"SearchAction","target":{"@type":"EntryPoint","urlTemplate":"https:\/\/www.fiscalia.gov.co\/colombia\/?s={search_term_string}"},"query-input":{"@type":"PropertyValueSpecification","valueRequired":true,"valueName":"search_term_string"}}],"inLanguage":"es-CO"},{"@type":"Organization","@id":"https:\/\/www.fiscalia.gov.co\/colombia\/#organization","name":"Fiscal\u00eda General de la Naci\u00f3n","url":"https:\/\/www.fiscalia.gov.co\/colombia\/","logo":{"@type":"ImageObject","inLanguage":"es-CO","@id":"https:\/\/www.fiscalia.gov.co\/colombia\/#\/schema\/logo\/image\/","url":"https:\/\/www.fiscalia.gov.co\/colombia\/wp-content\/uploads\/LogoHorizontal_1.jpg","contentUrl":"https:\/\/www.fiscalia.gov.co\/colombia\/wp-content\/uploads\/LogoHorizontal_1.jpg","width":300,"height":90,"caption":"Fiscal\u00eda General de la Naci\u00f3n"},"image":{"@id":"https:\/\/www.fiscalia.gov.co\/colombia\/#\/schema\/logo\/image\/"},"sameAs":["https:\/\/www.facebook.com\/FiscaliaCol","https:\/\/x.com\/FiscaliaCol","https:\/\/www.instagram.com\/fiscaliacol","https:\/\/www.linkedin.com\/company\/fiscalia-general-de-la-naci-n\/","https:\/\/youtube.com\/@fiscaliageneraldelanacion-4668?si=6nN79nyQICPU5iTh"]},{"@type":"Person","@id":"https:\/\/www.fiscalia.gov.co\/colombia\/#\/schema\/person\/bf84402cf293a5393e9c70b111020b24","name":"Jordan Leandro Oviedo Anzola","image":{"@type":"ImageObject","inLanguage":"es-CO","@id":"https:\/\/www.fiscalia.gov.co\/colombia\/#\/schema\/person\/image\/","url":"https:\/\/secure.gravatar.com\/avatar\/dabba4346fa9b9207d96adafa8f92721?s=96&d=mm&r=g","contentUrl":"https:\/\/secure.gravatar.com\/avatar\/dabba4346fa9b9207d96adafa8f92721?s=96&d=mm&r=g","caption":"Jordan Leandro Oviedo Anzola"},"url":"https:\/\/www.fiscalia.gov.co\/colombia\/author\/joviedo\/"}]}},"_links":{"self":[{"href":"https:\/\/www.fiscalia.gov.co\/colombia\/wp-json\/wp\/v2\/posts\/269513","targetHints":{"allow":["GET"]}}],"collection":[{"href":"https:\/\/www.fiscalia.gov.co\/colombia\/wp-json\/wp\/v2\/posts"}],"about":[{"href":"https:\/\/www.fiscalia.gov.co\/colombia\/wp-json\/wp\/v2\/types\/post"}],"author":[{"embeddable":true,"href":"https:\/\/www.fiscalia.gov.co\/colombia\/wp-json\/wp\/v2\/users\/177"}],"replies":[{"embeddable":true,"href":"https:\/\/www.fiscalia.gov.co\/colombia\/wp-json\/wp\/v2\/comments?post=269513"}],"version-history":[{"count":1,"href":"https:\/\/www.fiscalia.gov.co\/colombia\/wp-json\/wp\/v2\/posts\/269513\/revisions"}],"predecessor-version":[{"id":269515,"href":"https:\/\/www.fiscalia.gov.co\/colombia\/wp-json\/wp\/v2\/posts\/269513\/revisions\/269515"}],"wp:attachment":[{"href":"https:\/\/www.fiscalia.gov.co\/colombia\/wp-json\/wp\/v2\/media?parent=269513"}],"wp:term":[{"taxonomy":"category","embeddable":true,"href":"https:\/\/www.fiscalia.gov.co\/colombia\/wp-json\/wp\/v2\/categories?post=269513"},{"taxonomy":"post_tag","embeddable":true,"href":"https:\/\/www.fiscalia.gov.co\/colombia\/wp-json\/wp\/v2\/tags?post=269513"}],"curies":[{"name":"wp","href":"https:\/\/api.w.org\/{rel}","templated":true}]}}