{"id":269459,"date":"2023-04-11T15:19:03","date_gmt":"2023-04-11T20:19:03","guid":{"rendered":"https:\/\/www.fiscalia.gov.co\/colombia\/?p=269459"},"modified":"2023-04-18T18:00:55","modified_gmt":"2023-04-18T23:00:55","slug":"fiscalia-en-choco-alcanzo-importantes-resultados-en-la-lucha-contra-delitos-que-en-2023-han-afectado-a-las-mujeres-de-esa-region","status":"publish","type":"post","link":"https:\/\/www.fiscalia.gov.co\/colombia\/noticias\/fiscalia-en-choco-alcanzo-importantes-resultados-en-la-lucha-contra-delitos-que-en-2023-han-afectado-a-las-mujeres-de-esa-region\/","title":{"rendered":"Fiscal\u00eda en Choc\u00f3 alcanz\u00f3 importantes resultados en la lucha contra delitos que en 2023 han afectado a las mujeres de esa regi\u00f3n"},"content":{"rendered":"<ul>\n<li>\n<h4><strong><em>Fiscal\u00eda resolvi\u00f3 el 100 por ciento de feminicidios de ind\u00edgenas y afrodescendientes ocurridos este a\u00f1o. En cuanto a los avances de investigaciones por violencia intrafamiliar los resultados se acercan al 70 por En violencia sexual se supera el 53 por ciento.<\/em><\/strong><\/h4>\n<\/li>\n<\/ul>\n<ul>\n<li>\n<h4><strong><em>La Ruta de Esclarecimiento con enfoque \u00e9tnico lleg\u00f3 a Quibd\u00f3 para capacitar y empoderar a las mujeres para que denuncien los delitos de los que son v\u00edctimas.<\/em><\/strong><\/h4>\n<\/li>\n<\/ul>\n<p>La priorizaci\u00f3n de investigaciones en delitos contra mujeres ocurridos en Choc\u00f3 en lo corrido de 2023, permiti\u00f3 que la Fiscal\u00eda General de la Naci\u00f3n alcanzara importantes resultados en cuanto a los niveles de esclarecimiento.<\/p>\n<p>La contundencia del material de prueba aportado por fiscales de la Seccional Choc\u00f3 logr\u00f3 que, a la fecha, la totalidad de los feminicidios en esa parte del territorio nacional haya sido resuelta.<\/p>\n<p>Cifras positivas tambi\u00e9n se presentaron en cuanto a los resultados por violencia intrafamiliar. Durante los tres primeros meses del a\u00f1o, 43 mujeres denunciaron afectaciones por ese delito; 30 de estos hechos ya fueron resueltos lo que representa un avance de esclarecimiento del 69.77%.<\/p>\n<p>En cuanto a delitos de violencia sexual; entre enero y abril de 2023, 17 casos han sido resueltos que equivalen al 53.12% del total denunciado.<\/p>\n<p>Estas cifras son el resultado del impulso efectivo dado en Choc\u00f3 por el Grupo de Trabajo Nacional de Violencia de G\u00e9nero y su programa de Prevenci\u00f3n del Delito Futuro Colombia, los cuales contaron con el apoyo del Grupo de Enfoque Diferencial de la Vicefiscal\u00eda General y la Agencia de Estados Unidos para el Desarrollo Internacional (USAID).<\/p>\n<p>Este trabajo interinstitucional busca fortalecer la articulaci\u00f3n con las entidades encargadas de atender los casos de violencia basada en g\u00e9nero y la identificaci\u00f3n de las barreras de acceso a la justicia que afectan los pueblos afrodescendientes e ind\u00edgenas de las zonas rurales y urbanas en Choc\u00f3.<\/p>\n<p>Estos importantes resultados hacen parte de una estrategia que incluye la Ruta de Esclarecimiento con enfoque \u00e9tnico que se realiz\u00f3 en Quibd\u00f3 (Choc\u00f3) y en la cual fueron capacitadas lideresas para que repliquen lo aprendido acerca de c\u00f3mo denunciar cuando son v\u00edctimas de delitos.<\/p>\n<p>El objetivo es llegar a las comunidades m\u00e1s vulnerables para facilitar el acceso pronto, \u00e1gil y oportuno, y del mismo modo empoderar a las mujeres que no denuncian por temor a ser estigmatizadas, porque creen que ponen en riesgo sus vidas o la de sus familiares, o porque dependen econ\u00f3micamente de su agresor.<\/p>\n<p>La Ruta de Esclarecimiento cont\u00f3 con el apoyo de entidades como la Procuradur\u00eda General de la Naci\u00f3n, la Secretar\u00eda de Salud del Choc\u00f3, la Defensor\u00eda del Pueblo, las universidades Tecnol\u00f3gica del Choc\u00f3 y Claretiana, la Red Departamental de Mujeres y la Mesa Departamental Ind\u00edgena.<\/p>\n<p><strong>La Fiscal\u00eda habla con resultados.<\/strong><\/p>\n<p>&nbsp;<\/p>\n<p>&nbsp;<\/p>\n<p>&nbsp;<\/p>\n<p>&nbsp;<\/p>\n<p>&nbsp;<\/p>\n<p>&nbsp;<\/p>\n<p>CMRM\/MAGA\/AMC\/MAR\/DSS\/MRC\/<\/p>\n<p>&nbsp;<\/p>\n<p>&nbsp;<\/p>\n<p>&nbsp;<\/p>\n<p>&nbsp;<\/p>\n<p>&nbsp;<\/p>\n<p>&nbsp;<\/p>\n<div class=\"td-post-content tagdiv-type\">\n<div class=\"td-post-content tagdiv-type\">\n<p><i>La informaci\u00f3n contenida en este bolet\u00edn de prensa corresponde a la narraci\u00f3n de los hechos noticiosos objetivos, suministrados por los funcionarios encargados de adelantar las investigaciones penales al interior de la Fiscal\u00eda General de la Naci\u00f3n. Para el momento de la divulgaci\u00f3n de este comunicado, la situaci\u00f3n jur\u00eddica de la(s) persona(s) relacionada(s) se encuentra pendiente de resolver por la autoridad judicial competente, siempre bajo los preceptos de la presunci\u00f3n de inocencia, consagrados en el art\u00edculo 29 de la Constituci\u00f3n Pol\u00edtica y el art\u00edculo 7\u00ba de la Ley 906 de 2004.\u00a0<\/i><\/p>\n<\/div>\n<\/div>\n<footer>\n<div class=\"td-post-source-tags\"><\/div>\n<div class=\"td-post-sharing-bottom\"><\/div>\n<\/footer>\n\n<div class=\"twitter-share\"><a href=\"https:\/\/twitter.com\/intent\/tweet?via=fiscaliacol\" class=\"twitter-share-button\">Tweet<\/a><\/div>\n","protected":false},"excerpt":{"rendered":"<p>Fiscal\u00eda resolvi\u00f3 el 100 por ciento de feminicidios de ind\u00edgenas y afrodescendientes ocurridos este a\u00f1o. En cuanto a los avances de investigaciones por violencia intrafamiliar los resultados se acercan al 70 por En violencia sexual se supera el 53 por ciento. La Ruta de Esclarecimiento con enfoque \u00e9tnico lleg\u00f3 a Quibd\u00f3 para capacitar y empoderar [&hellip;]<\/p>\n","protected":false},"author":177,"featured_media":0,"comment_status":"closed","ping_status":"open","sticky":false,"template":"","format":"video","meta":{"_price":"","_stock":"","_tribe_ticket_header":"","_tribe_default_ticket_provider":"","_tribe_ticket_capacity":"0","_ticket_start_date":"","_ticket_end_date":"","_tribe_ticket_show_description":"","_tribe_ticket_show_not_going":false,"_tribe_ticket_use_global_stock":"","_tribe_ticket_global_stock_level":"","_global_stock_mode":"","_global_stock_cap":"","_tribe_rsvp_for_event":"","_tribe_ticket_going_count":"","_tribe_ticket_not_going_count":"","_tribe_tickets_list":"[]","_tribe_ticket_has_attendee_info_fields":false,"tdm_status":"","tdm_grid_status":"","footnotes":""},"categories":[1,2336,303],"tags":[34336,4345,4701,24740,1705,25613,682],"class_list":{"0":"post-269459","1":"post","2":"type-post","3":"status-publish","4":"format-video","6":"category-noticias","7":"category-seccional-quibdo","8":"category-seccionales","9":"tag-contra-mujeres","10":"tag-delitos","11":"tag-denuncias","12":"tag-feminicidios","13":"tag-indigenas","14":"tag-quibdo-choco","15":"tag-violencia-intrafamiliar","16":"post_format-post-format-video"},"yoast_head":"<!-- This site is optimized with the Yoast SEO plugin v24.3 - https:\/\/yoast.com\/wordpress\/plugins\/seo\/ -->\n<title>Fiscal\u00eda General de la Naci\u00f3n<\/title>\n<meta name=\"description\" content=\"P\u00e1gina oficial de la Fiscal\u00eda General de la Naci\u00f3n \u2013 Colombia. Garantizamos el acceso efectivo a la justicia, la verdad y la reparaci\u00f3n de las v\u00edctimas de los delitos.\" \/>\n<meta name=\"robots\" content=\"noindex, follow\" \/>\n<meta property=\"og:locale\" content=\"es_ES\" \/>\n<meta property=\"og:type\" content=\"article\" \/>\n<meta property=\"og:title\" content=\"Fiscal\u00eda General de la Naci\u00f3n\" \/>\n<meta property=\"og:description\" content=\"P\u00e1gina oficial de la Fiscal\u00eda General de la Naci\u00f3n \u2013 Colombia. Garantizamos el acceso efectivo a la justicia, la verdad y la reparaci\u00f3n de las v\u00edctimas de los delitos.\" \/>\n<meta property=\"og:url\" content=\"https:\/\/www.fiscalia.gov.co\/colombia\/noticias\/fiscalia-en-choco-alcanzo-importantes-resultados-en-la-lucha-contra-delitos-que-en-2023-han-afectado-a-las-mujeres-de-esa-region\/\" \/>\n<meta property=\"og:site_name\" content=\"Fiscal\u00eda General de la Naci\u00f3n\" \/>\n<meta property=\"article:publisher\" content=\"https:\/\/www.facebook.com\/FiscaliaCol\" \/>\n<meta property=\"article:published_time\" content=\"2023-04-11T20:19:03+00:00\" \/>\n<meta property=\"article:modified_time\" content=\"2023-04-18T23:00:55+00:00\" \/>\n<meta name=\"author\" content=\"Jordan Leandro Oviedo Anzola\" \/>\n<meta name=\"twitter:card\" content=\"summary_large_image\" \/>\n<meta name=\"twitter:creator\" content=\"@FiscaliaCol\" \/>\n<meta name=\"twitter:site\" content=\"@FiscaliaCol\" \/>\n<meta name=\"twitter:label1\" content=\"Escrito por\" \/>\n\t<meta name=\"twitter:data1\" content=\"Jordan Leandro Oviedo Anzola\" \/>\n\t<meta name=\"twitter:label2\" content=\"Tiempo de lectura\" \/>\n\t<meta name=\"twitter:data2\" content=\"3 minutos\" \/>\n<script type=\"application\/ld+json\" class=\"yoast-schema-graph\">{\"@context\":\"https:\/\/schema.org\",\"@graph\":[{\"@type\":\"Article\",\"@id\":\"https:\/\/www.fiscalia.gov.co\/colombia\/noticias\/fiscalia-en-choco-alcanzo-importantes-resultados-en-la-lucha-contra-delitos-que-en-2023-han-afectado-a-las-mujeres-de-esa-region\/#article\",\"isPartOf\":{\"@id\":\"https:\/\/www.fiscalia.gov.co\/colombia\/noticias\/fiscalia-en-choco-alcanzo-importantes-resultados-en-la-lucha-contra-delitos-que-en-2023-han-afectado-a-las-mujeres-de-esa-region\/\"},\"author\":{\"name\":\"Jordan Leandro Oviedo Anzola\",\"@id\":\"https:\/\/www.fiscalia.gov.co\/colombia\/#\/schema\/person\/bf84402cf293a5393e9c70b111020b24\"},\"headline\":\"Fiscal\u00eda en Choc\u00f3 alcanz\u00f3 importantes resultados en la lucha contra delitos que en 2023 han afectado a las mujeres de esa regi\u00f3n\",\"datePublished\":\"2023-04-11T20:19:03+00:00\",\"dateModified\":\"2023-04-18T23:00:55+00:00\",\"mainEntityOfPage\":{\"@id\":\"https:\/\/www.fiscalia.gov.co\/colombia\/noticias\/fiscalia-en-choco-alcanzo-importantes-resultados-en-la-lucha-contra-delitos-que-en-2023-han-afectado-a-las-mujeres-de-esa-region\/\"},\"wordCount\":610,\"publisher\":{\"@id\":\"https:\/\/www.fiscalia.gov.co\/colombia\/#organization\"},\"keywords\":[\"contra mujeres\",\"Delitos\",\"Denuncias\",\"feminicidios\",\"Ind\u00edgenas\",\"QUIBD\u00d3-CHOC\u00d3\",\"Violencia intrafamiliar\"],\"articleSection\":[\"Noticias\",\"Seccional Quibd\u00f3\",\"Seccionales\"],\"inLanguage\":\"es-CO\"},{\"@type\":\"WebPage\",\"@id\":\"https:\/\/www.fiscalia.gov.co\/colombia\/noticias\/fiscalia-en-choco-alcanzo-importantes-resultados-en-la-lucha-contra-delitos-que-en-2023-han-afectado-a-las-mujeres-de-esa-region\/\",\"url\":\"https:\/\/www.fiscalia.gov.co\/colombia\/noticias\/fiscalia-en-choco-alcanzo-importantes-resultados-en-la-lucha-contra-delitos-que-en-2023-han-afectado-a-las-mujeres-de-esa-region\/\",\"name\":\"Fiscal\u00eda General de la Naci\u00f3n\",\"isPartOf\":{\"@id\":\"https:\/\/www.fiscalia.gov.co\/colombia\/#website\"},\"datePublished\":\"2023-04-11T20:19:03+00:00\",\"dateModified\":\"2023-04-18T23:00:55+00:00\",\"description\":\"P\u00e1gina oficial de la Fiscal\u00eda General de la Naci\u00f3n \u2013 Colombia. Garantizamos el acceso efectivo a la justicia, la verdad y la reparaci\u00f3n de las v\u00edctimas de los delitos.\",\"breadcrumb\":{\"@id\":\"https:\/\/www.fiscalia.gov.co\/colombia\/noticias\/fiscalia-en-choco-alcanzo-importantes-resultados-en-la-lucha-contra-delitos-que-en-2023-han-afectado-a-las-mujeres-de-esa-region\/#breadcrumb\"},\"inLanguage\":\"es-CO\",\"potentialAction\":[{\"@type\":\"ReadAction\",\"target\":[\"https:\/\/www.fiscalia.gov.co\/colombia\/noticias\/fiscalia-en-choco-alcanzo-importantes-resultados-en-la-lucha-contra-delitos-que-en-2023-han-afectado-a-las-mujeres-de-esa-region\/\"]}]},{\"@type\":\"BreadcrumbList\",\"@id\":\"https:\/\/www.fiscalia.gov.co\/colombia\/noticias\/fiscalia-en-choco-alcanzo-importantes-resultados-en-la-lucha-contra-delitos-que-en-2023-han-afectado-a-las-mujeres-de-esa-region\/#breadcrumb\",\"itemListElement\":[{\"@type\":\"ListItem\",\"position\":1,\"name\":\"Home\",\"item\":\"https:\/\/www.fiscalia.gov.co\/colombia\/\"},{\"@type\":\"ListItem\",\"position\":2,\"name\":\"Fiscal\u00eda en Choc\u00f3 alcanz\u00f3 importantes resultados en la lucha contra delitos que en 2023 han afectado a las mujeres de esa regi\u00f3n\"}]},{\"@type\":\"WebSite\",\"@id\":\"https:\/\/www.fiscalia.gov.co\/colombia\/#website\",\"url\":\"https:\/\/www.fiscalia.gov.co\/colombia\/\",\"name\":\"Fiscal\u00eda General de la Naci\u00f3n\",\"description\":\"P\u00e1gina oficial de la Fiscal\u00eda General de la Naci\u00f3n \u2013 Colombia. Garantizamos el acceso efectivo a la justicia, la verdad y la reparaci\u00f3n de las v\u00edctimas de los delitos.\",\"publisher\":{\"@id\":\"https:\/\/www.fiscalia.gov.co\/colombia\/#organization\"},\"potentialAction\":[{\"@type\":\"SearchAction\",\"target\":{\"@type\":\"EntryPoint\",\"urlTemplate\":\"https:\/\/www.fiscalia.gov.co\/colombia\/?s={search_term_string}\"},\"query-input\":{\"@type\":\"PropertyValueSpecification\",\"valueRequired\":true,\"valueName\":\"search_term_string\"}}],\"inLanguage\":\"es-CO\"},{\"@type\":\"Organization\",\"@id\":\"https:\/\/www.fiscalia.gov.co\/colombia\/#organization\",\"name\":\"Fiscal\u00eda General de la Naci\u00f3n\",\"url\":\"https:\/\/www.fiscalia.gov.co\/colombia\/\",\"logo\":{\"@type\":\"ImageObject\",\"inLanguage\":\"es-CO\",\"@id\":\"https:\/\/www.fiscalia.gov.co\/colombia\/#\/schema\/logo\/image\/\",\"url\":\"https:\/\/www.fiscalia.gov.co\/colombia\/wp-content\/uploads\/LogoHorizontal_1.jpg\",\"contentUrl\":\"https:\/\/www.fiscalia.gov.co\/colombia\/wp-content\/uploads\/LogoHorizontal_1.jpg\",\"width\":300,\"height\":90,\"caption\":\"Fiscal\u00eda General de la Naci\u00f3n\"},\"image\":{\"@id\":\"https:\/\/www.fiscalia.gov.co\/colombia\/#\/schema\/logo\/image\/\"},\"sameAs\":[\"https:\/\/www.facebook.com\/FiscaliaCol\",\"https:\/\/x.com\/FiscaliaCol\",\"https:\/\/www.instagram.com\/fiscaliacol\",\"https:\/\/www.linkedin.com\/company\/fiscalia-general-de-la-naci-n\/\",\"https:\/\/youtube.com\/@fiscaliageneraldelanacion-4668?si=6nN79nyQICPU5iTh\"]},{\"@type\":\"Person\",\"@id\":\"https:\/\/www.fiscalia.gov.co\/colombia\/#\/schema\/person\/bf84402cf293a5393e9c70b111020b24\",\"name\":\"Jordan Leandro Oviedo Anzola\",\"image\":{\"@type\":\"ImageObject\",\"inLanguage\":\"es-CO\",\"@id\":\"https:\/\/www.fiscalia.gov.co\/colombia\/#\/schema\/person\/image\/\",\"url\":\"https:\/\/secure.gravatar.com\/avatar\/dabba4346fa9b9207d96adafa8f92721?s=96&d=mm&r=g\",\"contentUrl\":\"https:\/\/secure.gravatar.com\/avatar\/dabba4346fa9b9207d96adafa8f92721?s=96&d=mm&r=g\",\"caption\":\"Jordan Leandro Oviedo Anzola\"},\"url\":\"https:\/\/www.fiscalia.gov.co\/colombia\/author\/joviedo\/\"}]}<\/script>\n<!-- \/ Yoast SEO plugin. -->","yoast_head_json":{"title":"Fiscal\u00eda General de la Naci\u00f3n","description":"P\u00e1gina oficial de la Fiscal\u00eda General de la Naci\u00f3n \u2013 Colombia. Garantizamos el acceso efectivo a la justicia, la verdad y la reparaci\u00f3n de las v\u00edctimas de los delitos.","robots":{"index":"noindex","follow":"follow"},"og_locale":"es_ES","og_type":"article","og_title":"Fiscal\u00eda General de la Naci\u00f3n","og_description":"P\u00e1gina oficial de la Fiscal\u00eda General de la Naci\u00f3n \u2013 Colombia. Garantizamos el acceso efectivo a la justicia, la verdad y la reparaci\u00f3n de las v\u00edctimas de los delitos.","og_url":"https:\/\/www.fiscalia.gov.co\/colombia\/noticias\/fiscalia-en-choco-alcanzo-importantes-resultados-en-la-lucha-contra-delitos-que-en-2023-han-afectado-a-las-mujeres-de-esa-region\/","og_site_name":"Fiscal\u00eda General de la Naci\u00f3n","article_publisher":"https:\/\/www.facebook.com\/FiscaliaCol","article_published_time":"2023-04-11T20:19:03+00:00","article_modified_time":"2023-04-18T23:00:55+00:00","author":"Jordan Leandro Oviedo Anzola","twitter_card":"summary_large_image","twitter_creator":"@FiscaliaCol","twitter_site":"@FiscaliaCol","twitter_misc":{"Escrito por":"Jordan Leandro Oviedo Anzola","Tiempo de lectura":"3 minutos"},"schema":{"@context":"https:\/\/schema.org","@graph":[{"@type":"Article","@id":"https:\/\/www.fiscalia.gov.co\/colombia\/noticias\/fiscalia-en-choco-alcanzo-importantes-resultados-en-la-lucha-contra-delitos-que-en-2023-han-afectado-a-las-mujeres-de-esa-region\/#article","isPartOf":{"@id":"https:\/\/www.fiscalia.gov.co\/colombia\/noticias\/fiscalia-en-choco-alcanzo-importantes-resultados-en-la-lucha-contra-delitos-que-en-2023-han-afectado-a-las-mujeres-de-esa-region\/"},"author":{"name":"Jordan Leandro Oviedo Anzola","@id":"https:\/\/www.fiscalia.gov.co\/colombia\/#\/schema\/person\/bf84402cf293a5393e9c70b111020b24"},"headline":"Fiscal\u00eda en Choc\u00f3 alcanz\u00f3 importantes resultados en la lucha contra delitos que en 2023 han afectado a las mujeres de esa regi\u00f3n","datePublished":"2023-04-11T20:19:03+00:00","dateModified":"2023-04-18T23:00:55+00:00","mainEntityOfPage":{"@id":"https:\/\/www.fiscalia.gov.co\/colombia\/noticias\/fiscalia-en-choco-alcanzo-importantes-resultados-en-la-lucha-contra-delitos-que-en-2023-han-afectado-a-las-mujeres-de-esa-region\/"},"wordCount":610,"publisher":{"@id":"https:\/\/www.fiscalia.gov.co\/colombia\/#organization"},"keywords":["contra mujeres","Delitos","Denuncias","feminicidios","Ind\u00edgenas","QUIBD\u00d3-CHOC\u00d3","Violencia intrafamiliar"],"articleSection":["Noticias","Seccional Quibd\u00f3","Seccionales"],"inLanguage":"es-CO"},{"@type":"WebPage","@id":"https:\/\/www.fiscalia.gov.co\/colombia\/noticias\/fiscalia-en-choco-alcanzo-importantes-resultados-en-la-lucha-contra-delitos-que-en-2023-han-afectado-a-las-mujeres-de-esa-region\/","url":"https:\/\/www.fiscalia.gov.co\/colombia\/noticias\/fiscalia-en-choco-alcanzo-importantes-resultados-en-la-lucha-contra-delitos-que-en-2023-han-afectado-a-las-mujeres-de-esa-region\/","name":"Fiscal\u00eda General de la Naci\u00f3n","isPartOf":{"@id":"https:\/\/www.fiscalia.gov.co\/colombia\/#website"},"datePublished":"2023-04-11T20:19:03+00:00","dateModified":"2023-04-18T23:00:55+00:00","description":"P\u00e1gina oficial de la Fiscal\u00eda General de la Naci\u00f3n \u2013 Colombia. Garantizamos el acceso efectivo a la justicia, la verdad y la reparaci\u00f3n de las v\u00edctimas de los delitos.","breadcrumb":{"@id":"https:\/\/www.fiscalia.gov.co\/colombia\/noticias\/fiscalia-en-choco-alcanzo-importantes-resultados-en-la-lucha-contra-delitos-que-en-2023-han-afectado-a-las-mujeres-de-esa-region\/#breadcrumb"},"inLanguage":"es-CO","potentialAction":[{"@type":"ReadAction","target":["https:\/\/www.fiscalia.gov.co\/colombia\/noticias\/fiscalia-en-choco-alcanzo-importantes-resultados-en-la-lucha-contra-delitos-que-en-2023-han-afectado-a-las-mujeres-de-esa-region\/"]}]},{"@type":"BreadcrumbList","@id":"https:\/\/www.fiscalia.gov.co\/colombia\/noticias\/fiscalia-en-choco-alcanzo-importantes-resultados-en-la-lucha-contra-delitos-que-en-2023-han-afectado-a-las-mujeres-de-esa-region\/#breadcrumb","itemListElement":[{"@type":"ListItem","position":1,"name":"Home","item":"https:\/\/www.fiscalia.gov.co\/colombia\/"},{"@type":"ListItem","position":2,"name":"Fiscal\u00eda en Choc\u00f3 alcanz\u00f3 importantes resultados en la lucha contra delitos que en 2023 han afectado a las mujeres de esa regi\u00f3n"}]},{"@type":"WebSite","@id":"https:\/\/www.fiscalia.gov.co\/colombia\/#website","url":"https:\/\/www.fiscalia.gov.co\/colombia\/","name":"Fiscal\u00eda General de la Naci\u00f3n","description":"P\u00e1gina oficial de la Fiscal\u00eda General de la Naci\u00f3n \u2013 Colombia. Garantizamos el acceso efectivo a la justicia, la verdad y la reparaci\u00f3n de las v\u00edctimas de los delitos.","publisher":{"@id":"https:\/\/www.fiscalia.gov.co\/colombia\/#organization"},"potentialAction":[{"@type":"SearchAction","target":{"@type":"EntryPoint","urlTemplate":"https:\/\/www.fiscalia.gov.co\/colombia\/?s={search_term_string}"},"query-input":{"@type":"PropertyValueSpecification","valueRequired":true,"valueName":"search_term_string"}}],"inLanguage":"es-CO"},{"@type":"Organization","@id":"https:\/\/www.fiscalia.gov.co\/colombia\/#organization","name":"Fiscal\u00eda General de la Naci\u00f3n","url":"https:\/\/www.fiscalia.gov.co\/colombia\/","logo":{"@type":"ImageObject","inLanguage":"es-CO","@id":"https:\/\/www.fiscalia.gov.co\/colombia\/#\/schema\/logo\/image\/","url":"https:\/\/www.fiscalia.gov.co\/colombia\/wp-content\/uploads\/LogoHorizontal_1.jpg","contentUrl":"https:\/\/www.fiscalia.gov.co\/colombia\/wp-content\/uploads\/LogoHorizontal_1.jpg","width":300,"height":90,"caption":"Fiscal\u00eda General de la Naci\u00f3n"},"image":{"@id":"https:\/\/www.fiscalia.gov.co\/colombia\/#\/schema\/logo\/image\/"},"sameAs":["https:\/\/www.facebook.com\/FiscaliaCol","https:\/\/x.com\/FiscaliaCol","https:\/\/www.instagram.com\/fiscaliacol","https:\/\/www.linkedin.com\/company\/fiscalia-general-de-la-naci-n\/","https:\/\/youtube.com\/@fiscaliageneraldelanacion-4668?si=6nN79nyQICPU5iTh"]},{"@type":"Person","@id":"https:\/\/www.fiscalia.gov.co\/colombia\/#\/schema\/person\/bf84402cf293a5393e9c70b111020b24","name":"Jordan Leandro Oviedo Anzola","image":{"@type":"ImageObject","inLanguage":"es-CO","@id":"https:\/\/www.fiscalia.gov.co\/colombia\/#\/schema\/person\/image\/","url":"https:\/\/secure.gravatar.com\/avatar\/dabba4346fa9b9207d96adafa8f92721?s=96&d=mm&r=g","contentUrl":"https:\/\/secure.gravatar.com\/avatar\/dabba4346fa9b9207d96adafa8f92721?s=96&d=mm&r=g","caption":"Jordan Leandro Oviedo Anzola"},"url":"https:\/\/www.fiscalia.gov.co\/colombia\/author\/joviedo\/"}]}},"_links":{"self":[{"href":"https:\/\/www.fiscalia.gov.co\/colombia\/wp-json\/wp\/v2\/posts\/269459","targetHints":{"allow":["GET"]}}],"collection":[{"href":"https:\/\/www.fiscalia.gov.co\/colombia\/wp-json\/wp\/v2\/posts"}],"about":[{"href":"https:\/\/www.fiscalia.gov.co\/colombia\/wp-json\/wp\/v2\/types\/post"}],"author":[{"embeddable":true,"href":"https:\/\/www.fiscalia.gov.co\/colombia\/wp-json\/wp\/v2\/users\/177"}],"replies":[{"embeddable":true,"href":"https:\/\/www.fiscalia.gov.co\/colombia\/wp-json\/wp\/v2\/comments?post=269459"}],"version-history":[{"count":1,"href":"https:\/\/www.fiscalia.gov.co\/colombia\/wp-json\/wp\/v2\/posts\/269459\/revisions"}],"predecessor-version":[{"id":269460,"href":"https:\/\/www.fiscalia.gov.co\/colombia\/wp-json\/wp\/v2\/posts\/269459\/revisions\/269460"}],"wp:attachment":[{"href":"https:\/\/www.fiscalia.gov.co\/colombia\/wp-json\/wp\/v2\/media?parent=269459"}],"wp:term":[{"taxonomy":"category","embeddable":true,"href":"https:\/\/www.fiscalia.gov.co\/colombia\/wp-json\/wp\/v2\/categories?post=269459"},{"taxonomy":"post_tag","embeddable":true,"href":"https:\/\/www.fiscalia.gov.co\/colombia\/wp-json\/wp\/v2\/tags?post=269459"}],"curies":[{"name":"wp","href":"https:\/\/api.w.org\/{rel}","templated":true}]}}