{"id":269310,"date":"2023-04-05T11:18:18","date_gmt":"2023-04-05T16:18:18","guid":{"rendered":"https:\/\/www.fiscalia.gov.co\/colombia\/?p=269310"},"modified":"2023-04-14T10:35:09","modified_gmt":"2023-04-14T15:35:09","slug":"a-la-carcel-16-presuntos-integrantes-de-los-plazuelos-dedicados-al-parecer-al-trafico-de-estupefacientes","status":"publish","type":"post","link":"https:\/\/www.fiscalia.gov.co\/colombia\/noticias\/a-la-carcel-16-presuntos-integrantes-de-los-plazuelos-dedicados-al-parecer-al-trafico-de-estupefacientes\/","title":{"rendered":"A la c\u00e1rcel 16 presuntos integrantes de Los Plazuelos dedicados al parecer al tr\u00e1fico de estupefacientes"},"content":{"rendered":"<h4 style=\"font-weight: 400;\"><strong><em>De acuerdo con el material de prueba, la organizaci\u00f3n delincuencial se dedicar\u00eda al tr\u00e1fico de estupefacientes en el Parque Centenario, en Bucaramanga.<\/em><\/strong><\/h4>\n<p style=\"font-weight: 400;\">Luego de la solicitud de un fiscal EDA, un juez cobij\u00f3 con medida de aseguramiento intramural a 16 presuntos integrantes de Los Plazuelos por el delito de concierto para delinquir con fines de tr\u00e1fico de estupefacientes.<\/p>\n<p style=\"font-weight: 400;\">Elementos y material probatorio se\u00f1alan a los indiciados de presuntamente realizar la distribuci\u00f3n y comercializaci\u00f3n de estupefacientes en los alrededores del Parque Centenario, centro cultural del oriente, mediante la modalidad mano a mano, con un promedio de ventas mensuales de $90.000.000.<\/p>\n<figure id=\"attachment_269311\" aria-describedby=\"caption-attachment-269311\" style=\"width: 432px\" class=\"wp-caption aligncenter\"><img loading=\"lazy\" decoding=\"async\" class=\" wp-image-269311\" src=\"https:\/\/www.fiscalia.gov.co\/colombia\/wp-content\/uploads\/Los-Plazuelos-foto--300x152.jpeg\" alt=\"En la imagen se ven 16 personas capturas, frente a un edificio y entre dos polic\u00edas.\" width=\"432\" height=\"219\" srcset=\"https:\/\/www.fiscalia.gov.co\/colombia\/wp-content\/uploads\/Los-Plazuelos-foto--300x152.jpeg 300w, https:\/\/www.fiscalia.gov.co\/colombia\/wp-content\/uploads\/Los-Plazuelos-foto--1024x518.jpeg 1024w, https:\/\/www.fiscalia.gov.co\/colombia\/wp-content\/uploads\/Los-Plazuelos-foto--768x389.jpeg 768w, https:\/\/www.fiscalia.gov.co\/colombia\/wp-content\/uploads\/Los-Plazuelos-foto--1536x778.jpeg 1536w, https:\/\/www.fiscalia.gov.co\/colombia\/wp-content\/uploads\/Los-Plazuelos-foto--696x352.jpeg 696w, https:\/\/www.fiscalia.gov.co\/colombia\/wp-content\/uploads\/Los-Plazuelos-foto--1068x541.jpeg 1068w, https:\/\/www.fiscalia.gov.co\/colombia\/wp-content\/uploads\/Los-Plazuelos-foto--830x420.jpeg 830w, https:\/\/www.fiscalia.gov.co\/colombia\/wp-content\/uploads\/Los-Plazuelos-foto-.jpeg 1600w\" sizes=\"auto, (max-width: 432px) 100vw, 432px\" \/><figcaption id=\"caption-attachment-269311\" class=\"wp-caption-text\">Los Plazuelos son se\u00f1alados de presuntamente comercializar estupefacientes en el centro de Bucaramanga.<\/figcaption><\/figure>\n<p style=\"font-weight: 400;\">A su vez, actividades de vigilancia y seguimiento permitieron identificar a los integrantes de la organizaci\u00f3n, entre ellos tres mujeres.<\/p>\n<p style=\"font-weight: 400;\">Luego de dos allanamientos realizados el pasado 30 de marzo se logr\u00f3 la detenci\u00f3n de:<\/p>\n<p style=\"font-weight: 400;\">Eris Jacobo sierra Medrano<\/p>\n<p style=\"font-weight: 400;\">Henry Mauricio Medina Rinc\u00f3n<\/p>\n<p style=\"font-weight: 400;\">Hern\u00e1n Robles Contreras<\/p>\n<p style=\"font-weight: 400;\">Luis Alejandro Santaella<\/p>\n<p style=\"font-weight: 400;\">Carlos Andr\u00e9s Paredes<\/p>\n<p style=\"font-weight: 400;\">Joan Sebasti\u00e1n Paredes Montoya<\/p>\n<p style=\"font-weight: 400;\">Liseth Katherine Bautista Prieto<\/p>\n<p style=\"font-weight: 400;\">Ronald Alberto Ruiloa Morales<\/p>\n<p style=\"font-weight: 400;\">Elvis Javier Sierra Medrano<\/p>\n<p style=\"font-weight: 400;\">Laura Sivana Alonso Reyes<\/p>\n<p style=\"font-weight: 400;\">Mileyda Andreina Silva Yepes<\/p>\n<p style=\"font-weight: 400;\">Heisen Hawuer Prieto Parra<\/p>\n<p style=\"font-weight: 400;\">Hernando Porras Bland\u00f3n<\/p>\n<p style=\"font-weight: 400;\">Cristian Juli\u00e1n Rinc\u00f3n Arciniegas<\/p>\n<p style=\"font-weight: 400;\">Gustavo Suarez carrillo<\/p>\n<p style=\"font-weight: 400;\">Azucena Rodr\u00edguez Toscano<\/p>\n<p style=\"font-weight: 400;\">Es importante destacar que un presunto integrante de esta organizaci\u00f3n se encuentra privado de la libertad por el delito de fabricaci\u00f3n, tr\u00e1fico, porte o tenencia de armas de fuego, por otros hechos.<\/p>\n<p style=\"font-weight: 400;\">De igual forma, se inici\u00f3 proceso para la extinci\u00f3n de un bien inmueble, ubicado en el barrio centro de Bucaramanga ya que presuntamente era utilizado para comercializar alucin\u00f3genos.<\/p>\n<p style=\"font-weight: 400;\"><strong>La Fiscal\u00eda habla con resultados.<\/strong><\/p>\n<p>&nbsp;<\/p>\n<p>&nbsp;<\/p>\n<p>&nbsp;<\/p>\n<p>VHGB\/OR\/MR\/DSS<\/p>\n<p>&nbsp;<\/p>\n<p>&nbsp;<\/p>\n<p style=\"font-weight: 400;\"><strong>Le puede interesar:<\/strong><\/p>\n<p style=\"font-weight: 400;\"><a href=\"https:\/\/www.fiscalia.gov.co\/colombia\/noticias\/asegurados-cuatro-presuntos-integrantes-de-los-shotas-quienes-estarian-comercializando-estupefacientes-en-buenaventura\/\" data-saferedirecturl=\"https:\/\/www.google.com\/url?q=https:\/\/www.fiscalia.gov.co\/colombia\/noticias\/asegurados-cuatro-presuntos-integrantes-de-los-shotas-quienes-estarian-comercializando-estupefacientes-en-buenaventura\/&amp;source=gmail&amp;ust=1680796607194000&amp;usg=AOvVaw2Kzm31WQr2SfTBJ8r4C2cn\">Asegurados cuatro presuntos integrantes de Los Shotas, quienes estar\u00edan comercializando estupefacientes en Buenaventura<\/a><\/p>\n<p style=\"font-weight: 400;\"><strong>\u00a0\u00a0\u00a0\u00a0\u00a0\u00a0\u00a0\u00a0\u00a0\u00a0\u00a0\u00a0\u00a0\u00a0\u00a0<\/strong><\/p>\n<p style=\"font-weight: 400;\"><em>La informaci\u00f3n contenida en este bolet\u00edn de prensa corresponde a la narraci\u00f3n de los hechos noticiosos objetivos, suministrados por los funcionarios encargados de adelantar las investigaciones penales al interior de la Fiscal\u00eda General de la Naci\u00f3n. Para el momento de la divulgaci\u00f3n de este comunicado, la situaci\u00f3n jur\u00eddica de la(s) persona(s) relacionada(s) se encuentra pendiente de resolver por la autoridad judicial competente, siempre bajo los preceptos de la presunci\u00f3n de inocencia, consagrados en el art\u00edculo 29 de la Constituci\u00f3n Pol\u00edtica y el art\u00edculo 7\u00ba de la Ley 906 de 2004.<\/em><\/p>\n<p style=\"font-weight: 400;\">\n\n<div class=\"twitter-share\"><a href=\"https:\/\/twitter.com\/intent\/tweet?via=fiscaliacol\" class=\"twitter-share-button\">Tweet<\/a><\/div>\n","protected":false},"excerpt":{"rendered":"<p>De acuerdo con el material de prueba, la organizaci\u00f3n delincuencial se dedicar\u00eda al tr\u00e1fico de estupefacientes en el Parque Centenario, en Bucaramanga. Luego de la solicitud de un fiscal EDA, un juez cobij\u00f3 con medida de aseguramiento intramural a 16 presuntos integrantes de Los Plazuelos por el delito de concierto para delinquir con fines de [&hellip;]<\/p>\n","protected":false},"author":178,"featured_media":0,"comment_status":"closed","ping_status":"open","sticky":false,"template":"","format":"video","meta":{"_price":"","_stock":"","_tribe_ticket_header":"","_tribe_default_ticket_provider":"","_tribe_ticket_capacity":"0","_ticket_start_date":"","_ticket_end_date":"","_tribe_ticket_show_description":"","_tribe_ticket_show_not_going":false,"_tribe_ticket_use_global_stock":"","_tribe_ticket_global_stock_level":"","_global_stock_mode":"","_global_stock_cap":"","_tribe_rsvp_for_event":"","_tribe_ticket_going_count":"","_tribe_ticket_not_going_count":"","_tribe_tickets_list":"[]","_tribe_ticket_has_attendee_info_fields":false,"tdm_status":"","tdm_grid_status":"","footnotes":""},"categories":[1,24103],"tags":[1597,23835,24131,34319,50,24187,1047,1185,34320,558,1561],"class_list":{"0":"post-269310","1":"post","2":"type-post","3":"status-publish","4":"format-video","6":"category-noticias","7":"category-trafico-de-estupefacientes","8":"tag-alucinogenos","9":"tag-bucaramanga","10":"tag-bucaramanga-santander","11":"tag-centenario","12":"tag-estupefacientes","13":"tag-fiscalia-colombia","14":"tag-fiscalia-general-de-la-nacion","15":"tag-medida-de-aseguramiento","16":"tag-plazuelos","17":"tag-policia-nacional","18":"tag-santander","19":"post_format-post-format-video"},"yoast_head":"<!-- This site is optimized with the Yoast SEO plugin v24.3 - https:\/\/yoast.com\/wordpress\/plugins\/seo\/ -->\n<title>Fiscal\u00eda General de la Naci\u00f3n<\/title>\n<meta name=\"description\" content=\"P\u00e1gina oficial de la Fiscal\u00eda General de la Naci\u00f3n \u2013 Colombia. Garantizamos el acceso efectivo a la justicia, la verdad y la reparaci\u00f3n de las v\u00edctimas de los delitos.\" \/>\n<meta name=\"robots\" content=\"noindex, follow\" \/>\n<meta property=\"og:locale\" content=\"es_ES\" \/>\n<meta property=\"og:type\" content=\"article\" \/>\n<meta property=\"og:title\" content=\"Fiscal\u00eda General de la Naci\u00f3n\" \/>\n<meta property=\"og:description\" content=\"P\u00e1gina oficial de la Fiscal\u00eda General de la Naci\u00f3n \u2013 Colombia. Garantizamos el acceso efectivo a la justicia, la verdad y la reparaci\u00f3n de las v\u00edctimas de los delitos.\" \/>\n<meta property=\"og:url\" content=\"https:\/\/www.fiscalia.gov.co\/colombia\/noticias\/a-la-carcel-16-presuntos-integrantes-de-los-plazuelos-dedicados-al-parecer-al-trafico-de-estupefacientes\/\" \/>\n<meta property=\"og:site_name\" content=\"Fiscal\u00eda General de la Naci\u00f3n\" \/>\n<meta property=\"article:publisher\" content=\"https:\/\/www.facebook.com\/FiscaliaCol\" \/>\n<meta property=\"article:published_time\" content=\"2023-04-05T16:18:18+00:00\" \/>\n<meta property=\"article:modified_time\" content=\"2023-04-14T15:35:09+00:00\" \/>\n<meta property=\"og:image\" content=\"https:\/\/www.fiscalia.gov.co\/colombia\/wp-content\/uploads\/Los-Plazuelos-foto--300x152.jpeg\" \/>\n<meta name=\"author\" content=\"Winnie Geraldine Rodr\u00edguez Navarrete\" \/>\n<meta name=\"twitter:card\" content=\"summary_large_image\" \/>\n<meta name=\"twitter:creator\" content=\"@FiscaliaCol\" \/>\n<meta name=\"twitter:site\" content=\"@FiscaliaCol\" \/>\n<meta name=\"twitter:label1\" content=\"Escrito por\" \/>\n\t<meta name=\"twitter:data1\" content=\"Winnie Geraldine Rodr\u00edguez Navarrete\" \/>\n\t<meta name=\"twitter:label2\" content=\"Tiempo de lectura\" \/>\n\t<meta name=\"twitter:data2\" content=\"2 minutos\" \/>\n<script type=\"application\/ld+json\" class=\"yoast-schema-graph\">{\"@context\":\"https:\/\/schema.org\",\"@graph\":[{\"@type\":\"Article\",\"@id\":\"https:\/\/www.fiscalia.gov.co\/colombia\/noticias\/a-la-carcel-16-presuntos-integrantes-de-los-plazuelos-dedicados-al-parecer-al-trafico-de-estupefacientes\/#article\",\"isPartOf\":{\"@id\":\"https:\/\/www.fiscalia.gov.co\/colombia\/noticias\/a-la-carcel-16-presuntos-integrantes-de-los-plazuelos-dedicados-al-parecer-al-trafico-de-estupefacientes\/\"},\"author\":{\"name\":\"Winnie Geraldine Rodr\u00edguez Navarrete\",\"@id\":\"https:\/\/www.fiscalia.gov.co\/colombia\/#\/schema\/person\/176195b99ebab0a52aafa15197e1bf80\"},\"headline\":\"A la c\u00e1rcel 16 presuntos integrantes de Los Plazuelos dedicados al parecer al tr\u00e1fico de estupefacientes\",\"datePublished\":\"2023-04-05T16:18:18+00:00\",\"dateModified\":\"2023-04-14T15:35:09+00:00\",\"mainEntityOfPage\":{\"@id\":\"https:\/\/www.fiscalia.gov.co\/colombia\/noticias\/a-la-carcel-16-presuntos-integrantes-de-los-plazuelos-dedicados-al-parecer-al-trafico-de-estupefacientes\/\"},\"wordCount\":443,\"publisher\":{\"@id\":\"https:\/\/www.fiscalia.gov.co\/colombia\/#organization\"},\"image\":{\"@id\":\"https:\/\/www.fiscalia.gov.co\/colombia\/noticias\/a-la-carcel-16-presuntos-integrantes-de-los-plazuelos-dedicados-al-parecer-al-trafico-de-estupefacientes\/#primaryimage\"},\"thumbnailUrl\":\"https:\/\/www.fiscalia.gov.co\/colombia\/wp-content\/uploads\/Los-Plazuelos-foto--300x152.jpeg\",\"keywords\":[\"Alucin\u00f3genos\",\"Bucaramanga\",\"Bucaramanga (Santander)\",\"Centenario\",\"Estupefacientes\",\"Fiscal\u00eda Colombia\",\"Fiscal\u00eda General de la Naci\u00f3n\",\"Medida de aseguramiento\",\"Plazuelos\",\"Polic\u00eda Nacional\",\"Santander\"],\"articleSection\":[\"Noticias\",\"Tr\u00e1fico de estupefacientes\"],\"inLanguage\":\"es-CO\"},{\"@type\":\"WebPage\",\"@id\":\"https:\/\/www.fiscalia.gov.co\/colombia\/noticias\/a-la-carcel-16-presuntos-integrantes-de-los-plazuelos-dedicados-al-parecer-al-trafico-de-estupefacientes\/\",\"url\":\"https:\/\/www.fiscalia.gov.co\/colombia\/noticias\/a-la-carcel-16-presuntos-integrantes-de-los-plazuelos-dedicados-al-parecer-al-trafico-de-estupefacientes\/\",\"name\":\"Fiscal\u00eda General de la Naci\u00f3n\",\"isPartOf\":{\"@id\":\"https:\/\/www.fiscalia.gov.co\/colombia\/#website\"},\"primaryImageOfPage\":{\"@id\":\"https:\/\/www.fiscalia.gov.co\/colombia\/noticias\/a-la-carcel-16-presuntos-integrantes-de-los-plazuelos-dedicados-al-parecer-al-trafico-de-estupefacientes\/#primaryimage\"},\"image\":{\"@id\":\"https:\/\/www.fiscalia.gov.co\/colombia\/noticias\/a-la-carcel-16-presuntos-integrantes-de-los-plazuelos-dedicados-al-parecer-al-trafico-de-estupefacientes\/#primaryimage\"},\"thumbnailUrl\":\"https:\/\/www.fiscalia.gov.co\/colombia\/wp-content\/uploads\/Los-Plazuelos-foto--300x152.jpeg\",\"datePublished\":\"2023-04-05T16:18:18+00:00\",\"dateModified\":\"2023-04-14T15:35:09+00:00\",\"description\":\"P\u00e1gina oficial de la Fiscal\u00eda General de la Naci\u00f3n \u2013 Colombia. Garantizamos el acceso efectivo a la justicia, la verdad y la reparaci\u00f3n de las v\u00edctimas de los delitos.\",\"breadcrumb\":{\"@id\":\"https:\/\/www.fiscalia.gov.co\/colombia\/noticias\/a-la-carcel-16-presuntos-integrantes-de-los-plazuelos-dedicados-al-parecer-al-trafico-de-estupefacientes\/#breadcrumb\"},\"inLanguage\":\"es-CO\",\"potentialAction\":[{\"@type\":\"ReadAction\",\"target\":[\"https:\/\/www.fiscalia.gov.co\/colombia\/noticias\/a-la-carcel-16-presuntos-integrantes-de-los-plazuelos-dedicados-al-parecer-al-trafico-de-estupefacientes\/\"]}]},{\"@type\":\"ImageObject\",\"inLanguage\":\"es-CO\",\"@id\":\"https:\/\/www.fiscalia.gov.co\/colombia\/noticias\/a-la-carcel-16-presuntos-integrantes-de-los-plazuelos-dedicados-al-parecer-al-trafico-de-estupefacientes\/#primaryimage\",\"url\":\"https:\/\/www.fiscalia.gov.co\/colombia\/wp-content\/uploads\/Los-Plazuelos-foto--300x152.jpeg\",\"contentUrl\":\"https:\/\/www.fiscalia.gov.co\/colombia\/wp-content\/uploads\/Los-Plazuelos-foto--300x152.jpeg\"},{\"@type\":\"BreadcrumbList\",\"@id\":\"https:\/\/www.fiscalia.gov.co\/colombia\/noticias\/a-la-carcel-16-presuntos-integrantes-de-los-plazuelos-dedicados-al-parecer-al-trafico-de-estupefacientes\/#breadcrumb\",\"itemListElement\":[{\"@type\":\"ListItem\",\"position\":1,\"name\":\"Home\",\"item\":\"https:\/\/www.fiscalia.gov.co\/colombia\/\"},{\"@type\":\"ListItem\",\"position\":2,\"name\":\"A la c\u00e1rcel 16 presuntos integrantes de Los Plazuelos dedicados al parecer al tr\u00e1fico de estupefacientes\"}]},{\"@type\":\"WebSite\",\"@id\":\"https:\/\/www.fiscalia.gov.co\/colombia\/#website\",\"url\":\"https:\/\/www.fiscalia.gov.co\/colombia\/\",\"name\":\"Fiscal\u00eda General de la Naci\u00f3n\",\"description\":\"P\u00e1gina oficial de la Fiscal\u00eda General de la Naci\u00f3n \u2013 Colombia. Garantizamos el acceso efectivo a la justicia, la verdad y la reparaci\u00f3n de las v\u00edctimas de los delitos.\",\"publisher\":{\"@id\":\"https:\/\/www.fiscalia.gov.co\/colombia\/#organization\"},\"potentialAction\":[{\"@type\":\"SearchAction\",\"target\":{\"@type\":\"EntryPoint\",\"urlTemplate\":\"https:\/\/www.fiscalia.gov.co\/colombia\/?s={search_term_string}\"},\"query-input\":{\"@type\":\"PropertyValueSpecification\",\"valueRequired\":true,\"valueName\":\"search_term_string\"}}],\"inLanguage\":\"es-CO\"},{\"@type\":\"Organization\",\"@id\":\"https:\/\/www.fiscalia.gov.co\/colombia\/#organization\",\"name\":\"Fiscal\u00eda General de la Naci\u00f3n\",\"url\":\"https:\/\/www.fiscalia.gov.co\/colombia\/\",\"logo\":{\"@type\":\"ImageObject\",\"inLanguage\":\"es-CO\",\"@id\":\"https:\/\/www.fiscalia.gov.co\/colombia\/#\/schema\/logo\/image\/\",\"url\":\"https:\/\/www.fiscalia.gov.co\/colombia\/wp-content\/uploads\/LogoHorizontal_1.jpg\",\"contentUrl\":\"https:\/\/www.fiscalia.gov.co\/colombia\/wp-content\/uploads\/LogoHorizontal_1.jpg\",\"width\":300,\"height\":90,\"caption\":\"Fiscal\u00eda General de la Naci\u00f3n\"},\"image\":{\"@id\":\"https:\/\/www.fiscalia.gov.co\/colombia\/#\/schema\/logo\/image\/\"},\"sameAs\":[\"https:\/\/www.facebook.com\/FiscaliaCol\",\"https:\/\/x.com\/FiscaliaCol\",\"https:\/\/www.instagram.com\/fiscaliacol\",\"https:\/\/www.linkedin.com\/company\/fiscalia-general-de-la-naci-n\/\",\"https:\/\/youtube.com\/@fiscaliageneraldelanacion-4668?si=6nN79nyQICPU5iTh\"]},{\"@type\":\"Person\",\"@id\":\"https:\/\/www.fiscalia.gov.co\/colombia\/#\/schema\/person\/176195b99ebab0a52aafa15197e1bf80\",\"name\":\"Winnie Geraldine Rodr\u00edguez Navarrete\",\"image\":{\"@type\":\"ImageObject\",\"inLanguage\":\"es-CO\",\"@id\":\"https:\/\/www.fiscalia.gov.co\/colombia\/#\/schema\/person\/image\/\",\"url\":\"https:\/\/secure.gravatar.com\/avatar\/c24cf8481dc84fa5e8c7b20bc95ab0c6?s=96&d=mm&r=g\",\"contentUrl\":\"https:\/\/secure.gravatar.com\/avatar\/c24cf8481dc84fa5e8c7b20bc95ab0c6?s=96&d=mm&r=g\",\"caption\":\"Winnie Geraldine Rodr\u00edguez Navarrete\"},\"url\":\"https:\/\/www.fiscalia.gov.co\/colombia\/author\/winnierodriguez\/\"}]}<\/script>\n<!-- \/ Yoast SEO plugin. -->","yoast_head_json":{"title":"Fiscal\u00eda General de la Naci\u00f3n","description":"P\u00e1gina oficial de la Fiscal\u00eda General de la Naci\u00f3n \u2013 Colombia. Garantizamos el acceso efectivo a la justicia, la verdad y la reparaci\u00f3n de las v\u00edctimas de los delitos.","robots":{"index":"noindex","follow":"follow"},"og_locale":"es_ES","og_type":"article","og_title":"Fiscal\u00eda General de la Naci\u00f3n","og_description":"P\u00e1gina oficial de la Fiscal\u00eda General de la Naci\u00f3n \u2013 Colombia. Garantizamos el acceso efectivo a la justicia, la verdad y la reparaci\u00f3n de las v\u00edctimas de los delitos.","og_url":"https:\/\/www.fiscalia.gov.co\/colombia\/noticias\/a-la-carcel-16-presuntos-integrantes-de-los-plazuelos-dedicados-al-parecer-al-trafico-de-estupefacientes\/","og_site_name":"Fiscal\u00eda General de la Naci\u00f3n","article_publisher":"https:\/\/www.facebook.com\/FiscaliaCol","article_published_time":"2023-04-05T16:18:18+00:00","article_modified_time":"2023-04-14T15:35:09+00:00","og_image":[{"url":"https:\/\/www.fiscalia.gov.co\/colombia\/wp-content\/uploads\/Los-Plazuelos-foto--300x152.jpeg","type":"","width":"","height":""}],"author":"Winnie Geraldine Rodr\u00edguez Navarrete","twitter_card":"summary_large_image","twitter_creator":"@FiscaliaCol","twitter_site":"@FiscaliaCol","twitter_misc":{"Escrito por":"Winnie Geraldine Rodr\u00edguez Navarrete","Tiempo de lectura":"2 minutos"},"schema":{"@context":"https:\/\/schema.org","@graph":[{"@type":"Article","@id":"https:\/\/www.fiscalia.gov.co\/colombia\/noticias\/a-la-carcel-16-presuntos-integrantes-de-los-plazuelos-dedicados-al-parecer-al-trafico-de-estupefacientes\/#article","isPartOf":{"@id":"https:\/\/www.fiscalia.gov.co\/colombia\/noticias\/a-la-carcel-16-presuntos-integrantes-de-los-plazuelos-dedicados-al-parecer-al-trafico-de-estupefacientes\/"},"author":{"name":"Winnie Geraldine Rodr\u00edguez Navarrete","@id":"https:\/\/www.fiscalia.gov.co\/colombia\/#\/schema\/person\/176195b99ebab0a52aafa15197e1bf80"},"headline":"A la c\u00e1rcel 16 presuntos integrantes de Los Plazuelos dedicados al parecer al tr\u00e1fico de estupefacientes","datePublished":"2023-04-05T16:18:18+00:00","dateModified":"2023-04-14T15:35:09+00:00","mainEntityOfPage":{"@id":"https:\/\/www.fiscalia.gov.co\/colombia\/noticias\/a-la-carcel-16-presuntos-integrantes-de-los-plazuelos-dedicados-al-parecer-al-trafico-de-estupefacientes\/"},"wordCount":443,"publisher":{"@id":"https:\/\/www.fiscalia.gov.co\/colombia\/#organization"},"image":{"@id":"https:\/\/www.fiscalia.gov.co\/colombia\/noticias\/a-la-carcel-16-presuntos-integrantes-de-los-plazuelos-dedicados-al-parecer-al-trafico-de-estupefacientes\/#primaryimage"},"thumbnailUrl":"https:\/\/www.fiscalia.gov.co\/colombia\/wp-content\/uploads\/Los-Plazuelos-foto--300x152.jpeg","keywords":["Alucin\u00f3genos","Bucaramanga","Bucaramanga (Santander)","Centenario","Estupefacientes","Fiscal\u00eda Colombia","Fiscal\u00eda General de la Naci\u00f3n","Medida de aseguramiento","Plazuelos","Polic\u00eda Nacional","Santander"],"articleSection":["Noticias","Tr\u00e1fico de estupefacientes"],"inLanguage":"es-CO"},{"@type":"WebPage","@id":"https:\/\/www.fiscalia.gov.co\/colombia\/noticias\/a-la-carcel-16-presuntos-integrantes-de-los-plazuelos-dedicados-al-parecer-al-trafico-de-estupefacientes\/","url":"https:\/\/www.fiscalia.gov.co\/colombia\/noticias\/a-la-carcel-16-presuntos-integrantes-de-los-plazuelos-dedicados-al-parecer-al-trafico-de-estupefacientes\/","name":"Fiscal\u00eda General de la Naci\u00f3n","isPartOf":{"@id":"https:\/\/www.fiscalia.gov.co\/colombia\/#website"},"primaryImageOfPage":{"@id":"https:\/\/www.fiscalia.gov.co\/colombia\/noticias\/a-la-carcel-16-presuntos-integrantes-de-los-plazuelos-dedicados-al-parecer-al-trafico-de-estupefacientes\/#primaryimage"},"image":{"@id":"https:\/\/www.fiscalia.gov.co\/colombia\/noticias\/a-la-carcel-16-presuntos-integrantes-de-los-plazuelos-dedicados-al-parecer-al-trafico-de-estupefacientes\/#primaryimage"},"thumbnailUrl":"https:\/\/www.fiscalia.gov.co\/colombia\/wp-content\/uploads\/Los-Plazuelos-foto--300x152.jpeg","datePublished":"2023-04-05T16:18:18+00:00","dateModified":"2023-04-14T15:35:09+00:00","description":"P\u00e1gina oficial de la Fiscal\u00eda General de la Naci\u00f3n \u2013 Colombia. Garantizamos el acceso efectivo a la justicia, la verdad y la reparaci\u00f3n de las v\u00edctimas de los delitos.","breadcrumb":{"@id":"https:\/\/www.fiscalia.gov.co\/colombia\/noticias\/a-la-carcel-16-presuntos-integrantes-de-los-plazuelos-dedicados-al-parecer-al-trafico-de-estupefacientes\/#breadcrumb"},"inLanguage":"es-CO","potentialAction":[{"@type":"ReadAction","target":["https:\/\/www.fiscalia.gov.co\/colombia\/noticias\/a-la-carcel-16-presuntos-integrantes-de-los-plazuelos-dedicados-al-parecer-al-trafico-de-estupefacientes\/"]}]},{"@type":"ImageObject","inLanguage":"es-CO","@id":"https:\/\/www.fiscalia.gov.co\/colombia\/noticias\/a-la-carcel-16-presuntos-integrantes-de-los-plazuelos-dedicados-al-parecer-al-trafico-de-estupefacientes\/#primaryimage","url":"https:\/\/www.fiscalia.gov.co\/colombia\/wp-content\/uploads\/Los-Plazuelos-foto--300x152.jpeg","contentUrl":"https:\/\/www.fiscalia.gov.co\/colombia\/wp-content\/uploads\/Los-Plazuelos-foto--300x152.jpeg"},{"@type":"BreadcrumbList","@id":"https:\/\/www.fiscalia.gov.co\/colombia\/noticias\/a-la-carcel-16-presuntos-integrantes-de-los-plazuelos-dedicados-al-parecer-al-trafico-de-estupefacientes\/#breadcrumb","itemListElement":[{"@type":"ListItem","position":1,"name":"Home","item":"https:\/\/www.fiscalia.gov.co\/colombia\/"},{"@type":"ListItem","position":2,"name":"A la c\u00e1rcel 16 presuntos integrantes de Los Plazuelos dedicados al parecer al tr\u00e1fico de estupefacientes"}]},{"@type":"WebSite","@id":"https:\/\/www.fiscalia.gov.co\/colombia\/#website","url":"https:\/\/www.fiscalia.gov.co\/colombia\/","name":"Fiscal\u00eda General de la Naci\u00f3n","description":"P\u00e1gina oficial de la Fiscal\u00eda General de la Naci\u00f3n \u2013 Colombia. Garantizamos el acceso efectivo a la justicia, la verdad y la reparaci\u00f3n de las v\u00edctimas de los delitos.","publisher":{"@id":"https:\/\/www.fiscalia.gov.co\/colombia\/#organization"},"potentialAction":[{"@type":"SearchAction","target":{"@type":"EntryPoint","urlTemplate":"https:\/\/www.fiscalia.gov.co\/colombia\/?s={search_term_string}"},"query-input":{"@type":"PropertyValueSpecification","valueRequired":true,"valueName":"search_term_string"}}],"inLanguage":"es-CO"},{"@type":"Organization","@id":"https:\/\/www.fiscalia.gov.co\/colombia\/#organization","name":"Fiscal\u00eda General de la Naci\u00f3n","url":"https:\/\/www.fiscalia.gov.co\/colombia\/","logo":{"@type":"ImageObject","inLanguage":"es-CO","@id":"https:\/\/www.fiscalia.gov.co\/colombia\/#\/schema\/logo\/image\/","url":"https:\/\/www.fiscalia.gov.co\/colombia\/wp-content\/uploads\/LogoHorizontal_1.jpg","contentUrl":"https:\/\/www.fiscalia.gov.co\/colombia\/wp-content\/uploads\/LogoHorizontal_1.jpg","width":300,"height":90,"caption":"Fiscal\u00eda General de la Naci\u00f3n"},"image":{"@id":"https:\/\/www.fiscalia.gov.co\/colombia\/#\/schema\/logo\/image\/"},"sameAs":["https:\/\/www.facebook.com\/FiscaliaCol","https:\/\/x.com\/FiscaliaCol","https:\/\/www.instagram.com\/fiscaliacol","https:\/\/www.linkedin.com\/company\/fiscalia-general-de-la-naci-n\/","https:\/\/youtube.com\/@fiscaliageneraldelanacion-4668?si=6nN79nyQICPU5iTh"]},{"@type":"Person","@id":"https:\/\/www.fiscalia.gov.co\/colombia\/#\/schema\/person\/176195b99ebab0a52aafa15197e1bf80","name":"Winnie Geraldine Rodr\u00edguez Navarrete","image":{"@type":"ImageObject","inLanguage":"es-CO","@id":"https:\/\/www.fiscalia.gov.co\/colombia\/#\/schema\/person\/image\/","url":"https:\/\/secure.gravatar.com\/avatar\/c24cf8481dc84fa5e8c7b20bc95ab0c6?s=96&d=mm&r=g","contentUrl":"https:\/\/secure.gravatar.com\/avatar\/c24cf8481dc84fa5e8c7b20bc95ab0c6?s=96&d=mm&r=g","caption":"Winnie Geraldine Rodr\u00edguez Navarrete"},"url":"https:\/\/www.fiscalia.gov.co\/colombia\/author\/winnierodriguez\/"}]}},"_links":{"self":[{"href":"https:\/\/www.fiscalia.gov.co\/colombia\/wp-json\/wp\/v2\/posts\/269310","targetHints":{"allow":["GET"]}}],"collection":[{"href":"https:\/\/www.fiscalia.gov.co\/colombia\/wp-json\/wp\/v2\/posts"}],"about":[{"href":"https:\/\/www.fiscalia.gov.co\/colombia\/wp-json\/wp\/v2\/types\/post"}],"author":[{"embeddable":true,"href":"https:\/\/www.fiscalia.gov.co\/colombia\/wp-json\/wp\/v2\/users\/178"}],"replies":[{"embeddable":true,"href":"https:\/\/www.fiscalia.gov.co\/colombia\/wp-json\/wp\/v2\/comments?post=269310"}],"version-history":[{"count":3,"href":"https:\/\/www.fiscalia.gov.co\/colombia\/wp-json\/wp\/v2\/posts\/269310\/revisions"}],"predecessor-version":[{"id":269620,"href":"https:\/\/www.fiscalia.gov.co\/colombia\/wp-json\/wp\/v2\/posts\/269310\/revisions\/269620"}],"wp:attachment":[{"href":"https:\/\/www.fiscalia.gov.co\/colombia\/wp-json\/wp\/v2\/media?parent=269310"}],"wp:term":[{"taxonomy":"category","embeddable":true,"href":"https:\/\/www.fiscalia.gov.co\/colombia\/wp-json\/wp\/v2\/categories?post=269310"},{"taxonomy":"post_tag","embeddable":true,"href":"https:\/\/www.fiscalia.gov.co\/colombia\/wp-json\/wp\/v2\/tags?post=269310"}],"curies":[{"name":"wp","href":"https:\/\/api.w.org\/{rel}","templated":true}]}}