{"id":269142,"date":"2023-03-31T18:57:47","date_gmt":"2023-03-31T23:57:47","guid":{"rendered":"https:\/\/www.fiscalia.gov.co\/colombia\/?p=269142"},"modified":"2023-03-31T19:06:19","modified_gmt":"2023-04-01T00:06:19","slug":"coronel-benjamin-nunez-pagara-29-anos-de-prision-por-homicidio-de-tres-jovenes-en-chocho-sucre","status":"publish","type":"post","link":"https:\/\/www.fiscalia.gov.co\/colombia\/noticias\/coronel-benjamin-nunez-pagara-29-anos-de-prision-por-homicidio-de-tres-jovenes-en-chocho-sucre\/","title":{"rendered":"Coronel Benjam\u00edn N\u00fa\u00f1ez pagar\u00e1 29 a\u00f1os de prisi\u00f3n por homicidio de tres j\u00f3venes en Choch\u00f3 (Sucre)"},"content":{"rendered":"<blockquote>\n<h4 style=\"text-align: left;\"><em><strong>La Fiscal\u00eda estableci\u00f3 que el oficial dispar\u00f3 en contra de las v\u00edctimas, mientras eran trasladas en una camioneta.<\/strong> <\/em><\/h4>\n<\/blockquote>\n<p>La labor investigativa realizada por la Fiscal\u00eda General de la Naci\u00f3n fue determinante para que el coronel Benjam\u00edn Dar\u00edo N\u00fa\u00f1ez Jaramillo aceptara su responsabilidad en la muerte de tres j\u00f3venes, en hechos ocurridos en Choch\u00f3 (Sucre), el 25 de julio de 2022.<\/p>\n<p>El oficial, mediante preacuerdo, acept\u00f3 de manera libre y voluntaria los delitos de homicidio agravado, privaci\u00f3n ilegal de la libertad, falsedad ideol\u00f3gica en documento p\u00fablico; y ocultamiento, alteraci\u00f3n o destrucci\u00f3n de material probatorio. La negociaci\u00f3n judicial fue avalada por un juez penal de conocimiento y el procesado cumplir\u00e1 una pena de 29 a\u00f1os de prisi\u00f3n. N\u00fa\u00f1ez Jaramillo ofreci\u00f3 disculpas p\u00fablicas a las familias de las v\u00edctimas, a la Polic\u00eda Nacional y a todos los que se vieron afectados por los hechos.<\/p>\n<p>Las pruebas obtenidas indican que las v\u00edctimas, fueron interceptadas en v\u00eda p\u00fablica, golpeadas de manera indiscriminada y obligadas a subir a una camioneta en contra de su voluntad, por instrucci\u00f3n del coronel N\u00fa\u00f1ez Jaramillo, quien se desempa\u00f1aba como comandante operativo de la Polic\u00eda Nacional en Sucre y hab\u00eda llegado al lugar.<\/p>\n<p>Durante el recorrido hacia una estaci\u00f3n de polic\u00eda en Sincelejo, el oficial accion\u00f3 su arma de dotaci\u00f3n contra los tres j\u00f3venes en, por lo menos, siete oportunidades. Posteriormente, los cuerpos fueron trasladados a un centro asistencial, donde llegaron sin vida.<\/p>\n<p>En el curso del proceso se estableci\u00f3 que el coronel reuni\u00f3 a los uniformados que conoc\u00edan lo sucedido y, les pidi\u00f3 consignar informaci\u00f3n falsa en los informes. De esta manera, las v\u00edctimas fueron registradas como integrantes de una estructura criminal que habr\u00eda asesinado a un patrullero en Sampu\u00e9s (Sucre).<\/p>\n<p>Tambi\u00e9n se determin\u00f3 que incidi\u00f3 para que fueran ocultados los orificios y rastros que dejaron en el veh\u00edculo el uso del arma de fuego, para intentar desviar las investigaciones.<\/p>\n<p>Para el pr\u00f3ximo 29 de mayo fue citada la audiencia de lectura del fallo en la que un juez de conocimiento impondr\u00e1 29 a\u00f1os de c\u00e1rcel en contra de Benjam\u00edn Dar\u00edo N\u00fa\u00f1ez Jaramillo.<\/p>\n<p><strong>La Fiscal\u00eda habla con resultados\u00a0\u00a0\u00a0\u00a0\u00a0\u00a0\u00a0\u00a0\u00a0\u00a0\u00a0\u00a0\u00a0\u00a0\u00a0\u00a0\u00a0\u00a0\u00a0\u00a0\u00a0\u00a0\u00a0\u00a0\u00a0\u00a0\u00a0\u00a0\u00a0\u00a0\u00a0\u00a0\u00a0\u00a0\u00a0\u00a0\u00a0\u00a0\u00a0\u00a0\u00a0\u00a0\u00a0\u00a0\u00a0\u00a0\u00a0\u00a0\u00a0\u00a0\u00a0\u00a0\u00a0\u00a0\u00a0\u00a0\u00a0\u00a0\u00a0\u00a0\u00a0\u00a0\u00a0\u00a0\u00a0\u00a0\u00a0 <\/strong>AMCJ\/JARG\/MRC\/CAM\/DST\/<strong>\u00a0<\/strong><\/p>\n<p><em>La informaci\u00f3n contenida en este bolet\u00edn de prensa corresponde a la narraci\u00f3n de los hechos noticiosos objetivos, suministrados por los funcionarios encargados de adelantar las investigaciones penales al interior de la Fiscal\u00eda General de la Naci\u00f3n. Para el momento de la divulgaci\u00f3n de este comunicado, la situaci\u00f3n jur\u00eddica de la(s) persona(s) relacionada(s) se encuentra pendiente de resolver por la autoridad judicial competente, siempre bajo los preceptos de la presunci\u00f3n de inocencia, consagrados en el art\u00edculo 29 de la Constituci\u00f3n Pol\u00edtica y el art\u00edculo 7\u00ba de la Ley 906 de 2004.<\/em><\/p>\n\n<div class=\"twitter-share\"><a href=\"https:\/\/twitter.com\/intent\/tweet?via=fiscaliacol\" class=\"twitter-share-button\">Tweet<\/a><\/div>\n","protected":false},"excerpt":{"rendered":"<p>La Fiscal\u00eda estableci\u00f3 que el oficial dispar\u00f3 en contra de las v\u00edctimas, mientras eran trasladas en una camioneta. La labor investigativa realizada por la Fiscal\u00eda General de la Naci\u00f3n fue determinante para que el coronel Benjam\u00edn Dar\u00edo N\u00fa\u00f1ez Jaramillo aceptara su responsabilidad en la muerte de tres j\u00f3venes, en hechos ocurridos en Choch\u00f3 (Sucre), el [&hellip;]<\/p>\n","protected":false},"author":175,"featured_media":0,"comment_status":"closed","ping_status":"open","sticky":false,"template":"","format":"standard","meta":{"_price":"","_stock":"","_tribe_ticket_header":"","_tribe_default_ticket_provider":"","_tribe_ticket_capacity":"0","_ticket_start_date":"","_ticket_end_date":"","_tribe_ticket_show_description":"","_tribe_ticket_show_not_going":false,"_tribe_ticket_use_global_stock":"","_tribe_ticket_global_stock_level":"","_global_stock_mode":"","_global_stock_cap":"","_tribe_rsvp_for_event":"","_tribe_ticket_going_count":"","_tribe_ticket_not_going_count":"","_tribe_tickets_list":"[]","_tribe_ticket_has_attendee_info_fields":false,"tdm_status":"","tdm_grid_status":"","footnotes":""},"categories":[1,24099],"tags":[32842,24401,24189],"class_list":{"0":"post-269142","1":"post","2":"type-post","3":"status-publish","4":"format-standard","6":"category-noticias","7":"category-seguridad-territorial","8":"tag-benjamin-dario-nunez-jaramillo","9":"tag-fiscal-barbosa-delgado","10":"tag-fiscal-francisco-barbosa-delgado"},"yoast_head":"<!-- This site is optimized with the Yoast SEO plugin v24.3 - https:\/\/yoast.com\/wordpress\/plugins\/seo\/ -->\n<title>Fiscal\u00eda General de la Naci\u00f3n<\/title>\n<meta name=\"description\" content=\"P\u00e1gina oficial de la Fiscal\u00eda General de la Naci\u00f3n \u2013 Colombia. Garantizamos el acceso efectivo a la justicia, la verdad y la reparaci\u00f3n de las v\u00edctimas de los delitos.\" \/>\n<meta name=\"robots\" content=\"noindex, follow\" \/>\n<meta property=\"og:locale\" content=\"es_ES\" \/>\n<meta property=\"og:type\" content=\"article\" \/>\n<meta property=\"og:title\" content=\"Fiscal\u00eda General de la Naci\u00f3n\" \/>\n<meta property=\"og:description\" content=\"P\u00e1gina oficial de la Fiscal\u00eda General de la Naci\u00f3n \u2013 Colombia. Garantizamos el acceso efectivo a la justicia, la verdad y la reparaci\u00f3n de las v\u00edctimas de los delitos.\" \/>\n<meta property=\"og:url\" content=\"https:\/\/www.fiscalia.gov.co\/colombia\/noticias\/coronel-benjamin-nunez-pagara-29-anos-de-prision-por-homicidio-de-tres-jovenes-en-chocho-sucre\/\" \/>\n<meta property=\"og:site_name\" content=\"Fiscal\u00eda General de la Naci\u00f3n\" \/>\n<meta property=\"article:publisher\" content=\"https:\/\/www.facebook.com\/FiscaliaCol\" \/>\n<meta property=\"article:published_time\" content=\"2023-03-31T23:57:47+00:00\" \/>\n<meta property=\"article:modified_time\" content=\"2023-04-01T00:06:19+00:00\" \/>\n<meta name=\"author\" content=\"Katherine Loaiza Mart\u00ednez\" \/>\n<meta name=\"twitter:card\" content=\"summary_large_image\" \/>\n<meta name=\"twitter:creator\" content=\"@FiscaliaCol\" \/>\n<meta name=\"twitter:site\" content=\"@FiscaliaCol\" \/>\n<meta name=\"twitter:label1\" content=\"Escrito por\" \/>\n\t<meta name=\"twitter:data1\" content=\"Katherine Loaiza Mart\u00ednez\" \/>\n\t<meta name=\"twitter:label2\" content=\"Tiempo de lectura\" \/>\n\t<meta name=\"twitter:data2\" content=\"2 minutos\" \/>\n<script type=\"application\/ld+json\" class=\"yoast-schema-graph\">{\"@context\":\"https:\/\/schema.org\",\"@graph\":[{\"@type\":\"Article\",\"@id\":\"https:\/\/www.fiscalia.gov.co\/colombia\/noticias\/coronel-benjamin-nunez-pagara-29-anos-de-prision-por-homicidio-de-tres-jovenes-en-chocho-sucre\/#article\",\"isPartOf\":{\"@id\":\"https:\/\/www.fiscalia.gov.co\/colombia\/noticias\/coronel-benjamin-nunez-pagara-29-anos-de-prision-por-homicidio-de-tres-jovenes-en-chocho-sucre\/\"},\"author\":{\"name\":\"Katherine Loaiza Mart\u00ednez\",\"@id\":\"https:\/\/www.fiscalia.gov.co\/colombia\/#\/schema\/person\/2e76b9aba5ecf875ed565ce4de0e0415\"},\"headline\":\"Coronel Benjam\u00edn N\u00fa\u00f1ez pagar\u00e1 29 a\u00f1os de prisi\u00f3n por homicidio de tres j\u00f3venes en Choch\u00f3 (Sucre)\",\"datePublished\":\"2023-03-31T23:57:47+00:00\",\"dateModified\":\"2023-04-01T00:06:19+00:00\",\"mainEntityOfPage\":{\"@id\":\"https:\/\/www.fiscalia.gov.co\/colombia\/noticias\/coronel-benjamin-nunez-pagara-29-anos-de-prision-por-homicidio-de-tres-jovenes-en-chocho-sucre\/\"},\"wordCount\":516,\"publisher\":{\"@id\":\"https:\/\/www.fiscalia.gov.co\/colombia\/#organization\"},\"keywords\":[\"Benjam\u00edn Dar\u00edo N\u00fa\u00f1ez Jaramillo\",\"Fiscal Barbosa Delgado\",\"Fiscal Francisco Barbosa Delgado\"],\"articleSection\":[\"Noticias\",\"Seguridad territorial\"],\"inLanguage\":\"es-CO\"},{\"@type\":\"WebPage\",\"@id\":\"https:\/\/www.fiscalia.gov.co\/colombia\/noticias\/coronel-benjamin-nunez-pagara-29-anos-de-prision-por-homicidio-de-tres-jovenes-en-chocho-sucre\/\",\"url\":\"https:\/\/www.fiscalia.gov.co\/colombia\/noticias\/coronel-benjamin-nunez-pagara-29-anos-de-prision-por-homicidio-de-tres-jovenes-en-chocho-sucre\/\",\"name\":\"Fiscal\u00eda General de la Naci\u00f3n\",\"isPartOf\":{\"@id\":\"https:\/\/www.fiscalia.gov.co\/colombia\/#website\"},\"datePublished\":\"2023-03-31T23:57:47+00:00\",\"dateModified\":\"2023-04-01T00:06:19+00:00\",\"description\":\"P\u00e1gina oficial de la Fiscal\u00eda General de la Naci\u00f3n \u2013 Colombia. Garantizamos el acceso efectivo a la justicia, la verdad y la reparaci\u00f3n de las v\u00edctimas de los delitos.\",\"breadcrumb\":{\"@id\":\"https:\/\/www.fiscalia.gov.co\/colombia\/noticias\/coronel-benjamin-nunez-pagara-29-anos-de-prision-por-homicidio-de-tres-jovenes-en-chocho-sucre\/#breadcrumb\"},\"inLanguage\":\"es-CO\",\"potentialAction\":[{\"@type\":\"ReadAction\",\"target\":[\"https:\/\/www.fiscalia.gov.co\/colombia\/noticias\/coronel-benjamin-nunez-pagara-29-anos-de-prision-por-homicidio-de-tres-jovenes-en-chocho-sucre\/\"]}]},{\"@type\":\"BreadcrumbList\",\"@id\":\"https:\/\/www.fiscalia.gov.co\/colombia\/noticias\/coronel-benjamin-nunez-pagara-29-anos-de-prision-por-homicidio-de-tres-jovenes-en-chocho-sucre\/#breadcrumb\",\"itemListElement\":[{\"@type\":\"ListItem\",\"position\":1,\"name\":\"Home\",\"item\":\"https:\/\/www.fiscalia.gov.co\/colombia\/\"},{\"@type\":\"ListItem\",\"position\":2,\"name\":\"Coronel Benjam\u00edn N\u00fa\u00f1ez pagar\u00e1 29 a\u00f1os de prisi\u00f3n por homicidio de tres j\u00f3venes en Choch\u00f3 (Sucre)\"}]},{\"@type\":\"WebSite\",\"@id\":\"https:\/\/www.fiscalia.gov.co\/colombia\/#website\",\"url\":\"https:\/\/www.fiscalia.gov.co\/colombia\/\",\"name\":\"Fiscal\u00eda General de la Naci\u00f3n\",\"description\":\"P\u00e1gina oficial de la Fiscal\u00eda General de la Naci\u00f3n \u2013 Colombia. Garantizamos el acceso efectivo a la justicia, la verdad y la reparaci\u00f3n de las v\u00edctimas de los delitos.\",\"publisher\":{\"@id\":\"https:\/\/www.fiscalia.gov.co\/colombia\/#organization\"},\"potentialAction\":[{\"@type\":\"SearchAction\",\"target\":{\"@type\":\"EntryPoint\",\"urlTemplate\":\"https:\/\/www.fiscalia.gov.co\/colombia\/?s={search_term_string}\"},\"query-input\":{\"@type\":\"PropertyValueSpecification\",\"valueRequired\":true,\"valueName\":\"search_term_string\"}}],\"inLanguage\":\"es-CO\"},{\"@type\":\"Organization\",\"@id\":\"https:\/\/www.fiscalia.gov.co\/colombia\/#organization\",\"name\":\"Fiscal\u00eda General de la Naci\u00f3n\",\"url\":\"https:\/\/www.fiscalia.gov.co\/colombia\/\",\"logo\":{\"@type\":\"ImageObject\",\"inLanguage\":\"es-CO\",\"@id\":\"https:\/\/www.fiscalia.gov.co\/colombia\/#\/schema\/logo\/image\/\",\"url\":\"https:\/\/www.fiscalia.gov.co\/colombia\/wp-content\/uploads\/LogoHorizontal_1.jpg\",\"contentUrl\":\"https:\/\/www.fiscalia.gov.co\/colombia\/wp-content\/uploads\/LogoHorizontal_1.jpg\",\"width\":300,\"height\":90,\"caption\":\"Fiscal\u00eda General de la Naci\u00f3n\"},\"image\":{\"@id\":\"https:\/\/www.fiscalia.gov.co\/colombia\/#\/schema\/logo\/image\/\"},\"sameAs\":[\"https:\/\/www.facebook.com\/FiscaliaCol\",\"https:\/\/x.com\/FiscaliaCol\",\"https:\/\/www.instagram.com\/fiscaliacol\",\"https:\/\/www.linkedin.com\/company\/fiscalia-general-de-la-naci-n\/\",\"https:\/\/youtube.com\/@fiscaliageneraldelanacion-4668?si=6nN79nyQICPU5iTh\"]},{\"@type\":\"Person\",\"@id\":\"https:\/\/www.fiscalia.gov.co\/colombia\/#\/schema\/person\/2e76b9aba5ecf875ed565ce4de0e0415\",\"name\":\"Katherine Loaiza Mart\u00ednez\",\"image\":{\"@type\":\"ImageObject\",\"inLanguage\":\"es-CO\",\"@id\":\"https:\/\/www.fiscalia.gov.co\/colombia\/#\/schema\/person\/image\/\",\"url\":\"https:\/\/secure.gravatar.com\/avatar\/ab775a2f394c1b83b6d6f78680e57b50?s=96&d=mm&r=g\",\"contentUrl\":\"https:\/\/secure.gravatar.com\/avatar\/ab775a2f394c1b83b6d6f78680e57b50?s=96&d=mm&r=g\",\"caption\":\"Katherine Loaiza Mart\u00ednez\"},\"url\":\"https:\/\/www.fiscalia.gov.co\/colombia\/author\/kloaiza\/\"}]}<\/script>\n<!-- \/ Yoast SEO plugin. -->","yoast_head_json":{"title":"Fiscal\u00eda General de la Naci\u00f3n","description":"P\u00e1gina oficial de la Fiscal\u00eda General de la Naci\u00f3n \u2013 Colombia. Garantizamos el acceso efectivo a la justicia, la verdad y la reparaci\u00f3n de las v\u00edctimas de los delitos.","robots":{"index":"noindex","follow":"follow"},"og_locale":"es_ES","og_type":"article","og_title":"Fiscal\u00eda General de la Naci\u00f3n","og_description":"P\u00e1gina oficial de la Fiscal\u00eda General de la Naci\u00f3n \u2013 Colombia. Garantizamos el acceso efectivo a la justicia, la verdad y la reparaci\u00f3n de las v\u00edctimas de los delitos.","og_url":"https:\/\/www.fiscalia.gov.co\/colombia\/noticias\/coronel-benjamin-nunez-pagara-29-anos-de-prision-por-homicidio-de-tres-jovenes-en-chocho-sucre\/","og_site_name":"Fiscal\u00eda General de la Naci\u00f3n","article_publisher":"https:\/\/www.facebook.com\/FiscaliaCol","article_published_time":"2023-03-31T23:57:47+00:00","article_modified_time":"2023-04-01T00:06:19+00:00","author":"Katherine Loaiza Mart\u00ednez","twitter_card":"summary_large_image","twitter_creator":"@FiscaliaCol","twitter_site":"@FiscaliaCol","twitter_misc":{"Escrito por":"Katherine Loaiza Mart\u00ednez","Tiempo de lectura":"2 minutos"},"schema":{"@context":"https:\/\/schema.org","@graph":[{"@type":"Article","@id":"https:\/\/www.fiscalia.gov.co\/colombia\/noticias\/coronel-benjamin-nunez-pagara-29-anos-de-prision-por-homicidio-de-tres-jovenes-en-chocho-sucre\/#article","isPartOf":{"@id":"https:\/\/www.fiscalia.gov.co\/colombia\/noticias\/coronel-benjamin-nunez-pagara-29-anos-de-prision-por-homicidio-de-tres-jovenes-en-chocho-sucre\/"},"author":{"name":"Katherine Loaiza Mart\u00ednez","@id":"https:\/\/www.fiscalia.gov.co\/colombia\/#\/schema\/person\/2e76b9aba5ecf875ed565ce4de0e0415"},"headline":"Coronel Benjam\u00edn N\u00fa\u00f1ez pagar\u00e1 29 a\u00f1os de prisi\u00f3n por homicidio de tres j\u00f3venes en Choch\u00f3 (Sucre)","datePublished":"2023-03-31T23:57:47+00:00","dateModified":"2023-04-01T00:06:19+00:00","mainEntityOfPage":{"@id":"https:\/\/www.fiscalia.gov.co\/colombia\/noticias\/coronel-benjamin-nunez-pagara-29-anos-de-prision-por-homicidio-de-tres-jovenes-en-chocho-sucre\/"},"wordCount":516,"publisher":{"@id":"https:\/\/www.fiscalia.gov.co\/colombia\/#organization"},"keywords":["Benjam\u00edn Dar\u00edo N\u00fa\u00f1ez Jaramillo","Fiscal Barbosa Delgado","Fiscal Francisco Barbosa Delgado"],"articleSection":["Noticias","Seguridad territorial"],"inLanguage":"es-CO"},{"@type":"WebPage","@id":"https:\/\/www.fiscalia.gov.co\/colombia\/noticias\/coronel-benjamin-nunez-pagara-29-anos-de-prision-por-homicidio-de-tres-jovenes-en-chocho-sucre\/","url":"https:\/\/www.fiscalia.gov.co\/colombia\/noticias\/coronel-benjamin-nunez-pagara-29-anos-de-prision-por-homicidio-de-tres-jovenes-en-chocho-sucre\/","name":"Fiscal\u00eda General de la Naci\u00f3n","isPartOf":{"@id":"https:\/\/www.fiscalia.gov.co\/colombia\/#website"},"datePublished":"2023-03-31T23:57:47+00:00","dateModified":"2023-04-01T00:06:19+00:00","description":"P\u00e1gina oficial de la Fiscal\u00eda General de la Naci\u00f3n \u2013 Colombia. Garantizamos el acceso efectivo a la justicia, la verdad y la reparaci\u00f3n de las v\u00edctimas de los delitos.","breadcrumb":{"@id":"https:\/\/www.fiscalia.gov.co\/colombia\/noticias\/coronel-benjamin-nunez-pagara-29-anos-de-prision-por-homicidio-de-tres-jovenes-en-chocho-sucre\/#breadcrumb"},"inLanguage":"es-CO","potentialAction":[{"@type":"ReadAction","target":["https:\/\/www.fiscalia.gov.co\/colombia\/noticias\/coronel-benjamin-nunez-pagara-29-anos-de-prision-por-homicidio-de-tres-jovenes-en-chocho-sucre\/"]}]},{"@type":"BreadcrumbList","@id":"https:\/\/www.fiscalia.gov.co\/colombia\/noticias\/coronel-benjamin-nunez-pagara-29-anos-de-prision-por-homicidio-de-tres-jovenes-en-chocho-sucre\/#breadcrumb","itemListElement":[{"@type":"ListItem","position":1,"name":"Home","item":"https:\/\/www.fiscalia.gov.co\/colombia\/"},{"@type":"ListItem","position":2,"name":"Coronel Benjam\u00edn N\u00fa\u00f1ez pagar\u00e1 29 a\u00f1os de prisi\u00f3n por homicidio de tres j\u00f3venes en Choch\u00f3 (Sucre)"}]},{"@type":"WebSite","@id":"https:\/\/www.fiscalia.gov.co\/colombia\/#website","url":"https:\/\/www.fiscalia.gov.co\/colombia\/","name":"Fiscal\u00eda General de la Naci\u00f3n","description":"P\u00e1gina oficial de la Fiscal\u00eda General de la Naci\u00f3n \u2013 Colombia. Garantizamos el acceso efectivo a la justicia, la verdad y la reparaci\u00f3n de las v\u00edctimas de los delitos.","publisher":{"@id":"https:\/\/www.fiscalia.gov.co\/colombia\/#organization"},"potentialAction":[{"@type":"SearchAction","target":{"@type":"EntryPoint","urlTemplate":"https:\/\/www.fiscalia.gov.co\/colombia\/?s={search_term_string}"},"query-input":{"@type":"PropertyValueSpecification","valueRequired":true,"valueName":"search_term_string"}}],"inLanguage":"es-CO"},{"@type":"Organization","@id":"https:\/\/www.fiscalia.gov.co\/colombia\/#organization","name":"Fiscal\u00eda General de la Naci\u00f3n","url":"https:\/\/www.fiscalia.gov.co\/colombia\/","logo":{"@type":"ImageObject","inLanguage":"es-CO","@id":"https:\/\/www.fiscalia.gov.co\/colombia\/#\/schema\/logo\/image\/","url":"https:\/\/www.fiscalia.gov.co\/colombia\/wp-content\/uploads\/LogoHorizontal_1.jpg","contentUrl":"https:\/\/www.fiscalia.gov.co\/colombia\/wp-content\/uploads\/LogoHorizontal_1.jpg","width":300,"height":90,"caption":"Fiscal\u00eda General de la Naci\u00f3n"},"image":{"@id":"https:\/\/www.fiscalia.gov.co\/colombia\/#\/schema\/logo\/image\/"},"sameAs":["https:\/\/www.facebook.com\/FiscaliaCol","https:\/\/x.com\/FiscaliaCol","https:\/\/www.instagram.com\/fiscaliacol","https:\/\/www.linkedin.com\/company\/fiscalia-general-de-la-naci-n\/","https:\/\/youtube.com\/@fiscaliageneraldelanacion-4668?si=6nN79nyQICPU5iTh"]},{"@type":"Person","@id":"https:\/\/www.fiscalia.gov.co\/colombia\/#\/schema\/person\/2e76b9aba5ecf875ed565ce4de0e0415","name":"Katherine Loaiza Mart\u00ednez","image":{"@type":"ImageObject","inLanguage":"es-CO","@id":"https:\/\/www.fiscalia.gov.co\/colombia\/#\/schema\/person\/image\/","url":"https:\/\/secure.gravatar.com\/avatar\/ab775a2f394c1b83b6d6f78680e57b50?s=96&d=mm&r=g","contentUrl":"https:\/\/secure.gravatar.com\/avatar\/ab775a2f394c1b83b6d6f78680e57b50?s=96&d=mm&r=g","caption":"Katherine Loaiza Mart\u00ednez"},"url":"https:\/\/www.fiscalia.gov.co\/colombia\/author\/kloaiza\/"}]}},"_links":{"self":[{"href":"https:\/\/www.fiscalia.gov.co\/colombia\/wp-json\/wp\/v2\/posts\/269142","targetHints":{"allow":["GET"]}}],"collection":[{"href":"https:\/\/www.fiscalia.gov.co\/colombia\/wp-json\/wp\/v2\/posts"}],"about":[{"href":"https:\/\/www.fiscalia.gov.co\/colombia\/wp-json\/wp\/v2\/types\/post"}],"author":[{"embeddable":true,"href":"https:\/\/www.fiscalia.gov.co\/colombia\/wp-json\/wp\/v2\/users\/175"}],"replies":[{"embeddable":true,"href":"https:\/\/www.fiscalia.gov.co\/colombia\/wp-json\/wp\/v2\/comments?post=269142"}],"version-history":[{"count":3,"href":"https:\/\/www.fiscalia.gov.co\/colombia\/wp-json\/wp\/v2\/posts\/269142\/revisions"}],"predecessor-version":[{"id":269145,"href":"https:\/\/www.fiscalia.gov.co\/colombia\/wp-json\/wp\/v2\/posts\/269142\/revisions\/269145"}],"wp:attachment":[{"href":"https:\/\/www.fiscalia.gov.co\/colombia\/wp-json\/wp\/v2\/media?parent=269142"}],"wp:term":[{"taxonomy":"category","embeddable":true,"href":"https:\/\/www.fiscalia.gov.co\/colombia\/wp-json\/wp\/v2\/categories?post=269142"},{"taxonomy":"post_tag","embeddable":true,"href":"https:\/\/www.fiscalia.gov.co\/colombia\/wp-json\/wp\/v2\/tags?post=269142"}],"curies":[{"name":"wp","href":"https:\/\/api.w.org\/{rel}","templated":true}]}}