{"id":268901,"date":"2023-03-28T18:01:04","date_gmt":"2023-03-28T23:01:04","guid":{"rendered":"https:\/\/www.fiscalia.gov.co\/colombia\/?p=268901"},"modified":"2023-03-28T18:01:04","modified_gmt":"2023-03-28T23:01:04","slug":"capturado-para-cumplir-condena-lider-de-los-penagos-por-homicidio-de-un-nino-en-zona-rural-de-ambalema-tolima","status":"publish","type":"post","link":"https:\/\/www.fiscalia.gov.co\/colombia\/noticias\/capturado-para-cumplir-condena-lider-de-los-penagos-por-homicidio-de-un-nino-en-zona-rural-de-ambalema-tolima\/","title":{"rendered":"Capturado para cumplir condena l\u00edder de Los Penagos por homicidio de un ni\u00f1o en zona rural de Ambalema (Tolima)"},"content":{"rendered":"<p>Con el fin de cumplir una condena de 28 a\u00f1os de prisi\u00f3n por los delitos de homicidio agravado; fabricaci\u00f3n, tr\u00e1fico y porte ilegal de armas de fuego y hurto calificado y agravado, investigadores del CTI con el apoyo de la Polic\u00eda Nacional y el Ej\u00e9rcito, capturaron a William Fernando Penagos Alfonso, en v\u00eda p\u00fablica del barrio La Ceiba, de la Comuna 7, de la capital tolimense.<\/p>\n<figure id=\"attachment_268902\" aria-describedby=\"caption-attachment-268902\" style=\"width: 777px\" class=\"wp-caption aligncenter\"><img loading=\"lazy\" decoding=\"async\" class=\"size-full wp-image-268902\" src=\"https:\/\/www.fiscalia.gov.co\/colombia\/wp-content\/uploads\/penagos-condenaod-por-homicidio-ambalema.jpeg\" alt=\"En la imagen se ve una persona detenida en custodia de un investigador del CTI y otro de la Polic\u00eda Nacional.\" width=\"777\" height=\"900\" srcset=\"https:\/\/www.fiscalia.gov.co\/colombia\/wp-content\/uploads\/penagos-condenaod-por-homicidio-ambalema.jpeg 777w, https:\/\/www.fiscalia.gov.co\/colombia\/wp-content\/uploads\/penagos-condenaod-por-homicidio-ambalema-259x300.jpeg 259w, https:\/\/www.fiscalia.gov.co\/colombia\/wp-content\/uploads\/penagos-condenaod-por-homicidio-ambalema-768x890.jpeg 768w, https:\/\/www.fiscalia.gov.co\/colombia\/wp-content\/uploads\/penagos-condenaod-por-homicidio-ambalema-696x806.jpeg 696w, https:\/\/www.fiscalia.gov.co\/colombia\/wp-content\/uploads\/penagos-condenaod-por-homicidio-ambalema-363x420.jpeg 363w\" sizes=\"auto, (max-width: 777px) 100vw, 777px\" \/><figcaption id=\"caption-attachment-268902\" class=\"wp-caption-text\">Penagos fue detenido en cumplimiento a la orden judicial que pesaba en su contra para cumplir condena de 28 a\u00f1os de prisi\u00f3n por el homicidio de un ni\u00f1o en el a\u00f1o 2010 en zona rural de Ambalema, Tolima.<\/figcaption><\/figure>\n<p>Penagos Alfonso, quien ser\u00eda el coordinador del grupo de delincuencia organizada Los Penagos, integrado por miembros de una misma familia en Ambalema (Tolima), fue hallado penalmente responsable como coautor del homicidio de un adolescente, de 16 a\u00f1os de edad, ocurrido el 10 de noviembre de 2010 en una finca en la vereda La Gamba, donde resid\u00eda la familia del menor cuando ingresaron varios sujetos a robar.<\/p>\n<p>Todos fueron intimidados con arma de fuego mientras requisaban la casa en la que no lograron encontrar dinero. Cuando uno de los individuos\u00a0le dio un puntapi\u00e9 a la madre del menor,\u00a0el joven de inmediato protest\u00f3 por la agresi\u00f3n contra su progenitora, lo que llev\u00f3 a alias Tomate a intercambiar unas palabras con el adolescente y luego\u00a0le dispar\u00f3 ocasion\u00e1ndole la muerte de forma instant\u00e1nea.<\/p>\n<p>El hombre fue identificado como uno de los part\u00edcipes en la muerte del joven\u00a0por lugare\u00f1os que los vieron huir ese d\u00eda de la finca, lo que llev\u00f3 a que\u00a0todos quedaran vinculados a la investigaci\u00f3n.<\/p>\n<p>El hombre, de 36 a\u00f1os de edad, hu\u00eda de la justicia desde hace cerca de un a\u00f1o cuando se emiti\u00f3 el fallo condenatorio en su contra.<\/p>\n<p><b>Negocio familiar<\/b><\/p>\n<p>William Penagos fue condenado por tr\u00e1fico de estupefacientes y estuvo involucrado en otros procesos por hurto, amenazas contra servidor p\u00fablico, abigeato, y porte de armas de fuego, entre otros.<\/p>\n<p>Su hermano, esposa, y madre est\u00e1n igualmente implicados en hechos delictivos que seg\u00fan las autoridades estar\u00edan derivados del control por el tr\u00e1fico de estupefacientes.<\/p>\n<p>Se logr\u00f3 comprobar que en la actualidad continuaba con el tr\u00e1fico de estupefacientes desde Ibagu\u00e9 hacia Ambalema y zonas aleda\u00f1as.<\/p>\n<p>Fue dejado a disposici\u00f3n de la autoridad competente para que cumpla con la pena impuesta.<\/p>\n<p><b>La Fiscal\u00eda habla con resultados.<\/b><\/p>\n<p>&nbsp;<\/p>\n<p>&nbsp;<\/p>\n<p>&nbsp;<\/p>\n<p>&nbsp;<\/p>\n<p>&nbsp;<\/p>\n<p>PAAM\/VHGB\/LBO\/AMBV\/DST<\/p>\n<p>&nbsp;<\/p>\n<p align=\"center\">\n<p align=\"center\"><b>\u00a0<\/b><\/p>\n<p align=\"center\"><b>\u00a0<\/b><\/p>\n<p>&nbsp;<\/p>\n<p>&nbsp;<\/p>\n<div class=\"td-post-content tagdiv-type\">\n<div class=\"td-post-content tagdiv-type\">\n<p><i>La informaci\u00f3n contenida en este bolet\u00edn de prensa corresponde a la narraci\u00f3n de los hechos noticiosos objetivos, suministrados por los funcionarios encargados de adelantar las investigaciones penales al interior de la Fiscal\u00eda General de la Naci\u00f3n. Para el momento de la divulgaci\u00f3n de este comunicado, la situaci\u00f3n jur\u00eddica de la(s) persona(s) relacionada(s) se encuentra pendiente de resolver por la autoridad judicial competente, siempre bajo los preceptos de la presunci\u00f3n de inocencia, consagrados en el art\u00edculo 29 de la Constituci\u00f3n Pol\u00edtica y el art\u00edculo 7\u00ba de la Ley 906 de 2004.\u00a0\u00a0<\/i><\/p>\n<\/div>\n<\/div>\n\n<div class=\"twitter-share\"><a href=\"https:\/\/twitter.com\/intent\/tweet?via=fiscaliacol\" class=\"twitter-share-button\">Tweet<\/a><\/div>\n","protected":false},"excerpt":{"rendered":"<p>Con el fin de cumplir una condena de 28 a\u00f1os de prisi\u00f3n por los delitos de homicidio agravado; fabricaci\u00f3n, tr\u00e1fico y porte ilegal de armas de fuego y hurto calificado y agravado, investigadores del CTI con el apoyo de la Polic\u00eda Nacional y el Ej\u00e9rcito, capturaron a William Fernando Penagos Alfonso, en v\u00eda p\u00fablica del [&hellip;]<\/p>\n","protected":false},"author":177,"featured_media":0,"comment_status":"closed","ping_status":"open","sticky":false,"template":"","format":"standard","meta":{"_price":"","_stock":"","_tribe_ticket_header":"","_tribe_default_ticket_provider":"","_tribe_ticket_capacity":"0","_ticket_start_date":"","_ticket_end_date":"","_tribe_ticket_show_description":"","_tribe_ticket_show_not_going":false,"_tribe_ticket_use_global_stock":"","_tribe_ticket_global_stock_level":"","_global_stock_mode":"","_global_stock_cap":"","_tribe_rsvp_for_event":"","_tribe_ticket_going_count":"","_tribe_ticket_not_going_count":"","_tribe_tickets_list":"[]","_tribe_ticket_has_attendee_info_fields":false,"tdm_status":"","tdm_grid_status":"","footnotes":""},"categories":[1,329,303,24099],"tags":[25025,293,45,667,1540,1047,409,23960,23990,14591,932,23972,7061,24211,30239,975,12189,155],"class_list":{"0":"post-268901","1":"post","2":"type-post","3":"status-publish","4":"format-standard","6":"category-noticias","7":"category-seccional-ibague","8":"category-seccionales","9":"category-seguridad-territorial","10":"tag-ambalema","11":"tag-condena","12":"tag-cti","13":"tag-ejercito","14":"tag-finca","15":"tag-fiscalia-general-de-la-nacion","16":"tag-homicidio","17":"tag-hurto","18":"tag-ibague-tolima","19":"tag-los-penagos","20":"tag-mensor-de-edad","21":"tag-policia","22":"tag-porte-de-armas-de-fuego","23":"tag-seccional-tolima","24":"tag-seguridad-territorial","25":"tag-sentencia","26":"tag-tolima","27":"tag-trafico-de-estupefacientes"},"yoast_head":"<!-- This site is optimized with the Yoast SEO plugin v24.3 - https:\/\/yoast.com\/wordpress\/plugins\/seo\/ -->\n<title>Fiscal\u00eda General de la Naci\u00f3n<\/title>\n<meta name=\"description\" content=\"P\u00e1gina oficial de la Fiscal\u00eda General de la Naci\u00f3n \u2013 Colombia. Garantizamos el acceso efectivo a la justicia, la verdad y la reparaci\u00f3n de las v\u00edctimas de los delitos.\" \/>\n<meta name=\"robots\" content=\"noindex, follow\" \/>\n<meta property=\"og:locale\" content=\"es_ES\" \/>\n<meta property=\"og:type\" content=\"article\" \/>\n<meta property=\"og:title\" content=\"Fiscal\u00eda General de la Naci\u00f3n\" \/>\n<meta property=\"og:description\" content=\"P\u00e1gina oficial de la Fiscal\u00eda General de la Naci\u00f3n \u2013 Colombia. Garantizamos el acceso efectivo a la justicia, la verdad y la reparaci\u00f3n de las v\u00edctimas de los delitos.\" \/>\n<meta property=\"og:url\" content=\"https:\/\/www.fiscalia.gov.co\/colombia\/noticias\/capturado-para-cumplir-condena-lider-de-los-penagos-por-homicidio-de-un-nino-en-zona-rural-de-ambalema-tolima\/\" \/>\n<meta property=\"og:site_name\" content=\"Fiscal\u00eda General de la Naci\u00f3n\" \/>\n<meta property=\"article:publisher\" content=\"https:\/\/www.facebook.com\/FiscaliaCol\" \/>\n<meta property=\"article:published_time\" content=\"2023-03-28T23:01:04+00:00\" \/>\n<meta property=\"og:image\" content=\"https:\/\/www.fiscalia.gov.co\/colombia\/wp-content\/uploads\/penagos-condenaod-por-homicidio-ambalema.jpeg\" \/>\n<meta name=\"author\" content=\"Jordan Leandro Oviedo Anzola\" \/>\n<meta name=\"twitter:card\" content=\"summary_large_image\" \/>\n<meta name=\"twitter:creator\" content=\"@FiscaliaCol\" \/>\n<meta name=\"twitter:site\" content=\"@FiscaliaCol\" \/>\n<meta name=\"twitter:label1\" content=\"Escrito por\" \/>\n\t<meta name=\"twitter:data1\" content=\"Jordan Leandro Oviedo Anzola\" \/>\n\t<meta name=\"twitter:label2\" content=\"Tiempo de lectura\" \/>\n\t<meta name=\"twitter:data2\" content=\"3 minutos\" \/>\n<script type=\"application\/ld+json\" class=\"yoast-schema-graph\">{\"@context\":\"https:\/\/schema.org\",\"@graph\":[{\"@type\":\"Article\",\"@id\":\"https:\/\/www.fiscalia.gov.co\/colombia\/noticias\/capturado-para-cumplir-condena-lider-de-los-penagos-por-homicidio-de-un-nino-en-zona-rural-de-ambalema-tolima\/#article\",\"isPartOf\":{\"@id\":\"https:\/\/www.fiscalia.gov.co\/colombia\/noticias\/capturado-para-cumplir-condena-lider-de-los-penagos-por-homicidio-de-un-nino-en-zona-rural-de-ambalema-tolima\/\"},\"author\":{\"name\":\"Jordan Leandro Oviedo Anzola\",\"@id\":\"https:\/\/www.fiscalia.gov.co\/colombia\/#\/schema\/person\/bf84402cf293a5393e9c70b111020b24\"},\"headline\":\"Capturado para cumplir condena l\u00edder de Los Penagos por homicidio de un ni\u00f1o en zona rural de Ambalema (Tolima)\",\"datePublished\":\"2023-03-28T23:01:04+00:00\",\"dateModified\":\"2023-03-28T23:01:04+00:00\",\"mainEntityOfPage\":{\"@id\":\"https:\/\/www.fiscalia.gov.co\/colombia\/noticias\/capturado-para-cumplir-condena-lider-de-los-penagos-por-homicidio-de-un-nino-en-zona-rural-de-ambalema-tolima\/\"},\"wordCount\":563,\"publisher\":{\"@id\":\"https:\/\/www.fiscalia.gov.co\/colombia\/#organization\"},\"image\":{\"@id\":\"https:\/\/www.fiscalia.gov.co\/colombia\/noticias\/capturado-para-cumplir-condena-lider-de-los-penagos-por-homicidio-de-un-nino-en-zona-rural-de-ambalema-tolima\/#primaryimage\"},\"thumbnailUrl\":\"https:\/\/www.fiscalia.gov.co\/colombia\/wp-content\/uploads\/penagos-condenaod-por-homicidio-ambalema.jpeg\",\"keywords\":[\"Ambalema\",\"Condena\",\"CTI\",\"Ej\u00e9rcito\",\"Finca\",\"Fiscal\u00eda General de la Naci\u00f3n\",\"Homicidio\",\"Hurto\",\"Ibagu\u00e9 (Tolima)\",\"Los Penagos\",\"Menor de edad\",\"Polic\u00eda\",\"Porte de armas de fuego\",\"Seccional Tolima\",\"Seguridad territorial\",\"Sentencia\",\"Tolima\",\"Tr\u00e1fico de estupefacientes\"],\"articleSection\":[\"Noticias\",\"Seccional Ibagu\u00e9\",\"Seccionales\",\"Seguridad territorial\"],\"inLanguage\":\"es-CO\"},{\"@type\":\"WebPage\",\"@id\":\"https:\/\/www.fiscalia.gov.co\/colombia\/noticias\/capturado-para-cumplir-condena-lider-de-los-penagos-por-homicidio-de-un-nino-en-zona-rural-de-ambalema-tolima\/\",\"url\":\"https:\/\/www.fiscalia.gov.co\/colombia\/noticias\/capturado-para-cumplir-condena-lider-de-los-penagos-por-homicidio-de-un-nino-en-zona-rural-de-ambalema-tolima\/\",\"name\":\"Fiscal\u00eda General de la Naci\u00f3n\",\"isPartOf\":{\"@id\":\"https:\/\/www.fiscalia.gov.co\/colombia\/#website\"},\"primaryImageOfPage\":{\"@id\":\"https:\/\/www.fiscalia.gov.co\/colombia\/noticias\/capturado-para-cumplir-condena-lider-de-los-penagos-por-homicidio-de-un-nino-en-zona-rural-de-ambalema-tolima\/#primaryimage\"},\"image\":{\"@id\":\"https:\/\/www.fiscalia.gov.co\/colombia\/noticias\/capturado-para-cumplir-condena-lider-de-los-penagos-por-homicidio-de-un-nino-en-zona-rural-de-ambalema-tolima\/#primaryimage\"},\"thumbnailUrl\":\"https:\/\/www.fiscalia.gov.co\/colombia\/wp-content\/uploads\/penagos-condenaod-por-homicidio-ambalema.jpeg\",\"datePublished\":\"2023-03-28T23:01:04+00:00\",\"dateModified\":\"2023-03-28T23:01:04+00:00\",\"description\":\"P\u00e1gina oficial de la Fiscal\u00eda General de la Naci\u00f3n \u2013 Colombia. Garantizamos el acceso efectivo a la justicia, la verdad y la reparaci\u00f3n de las v\u00edctimas de los delitos.\",\"breadcrumb\":{\"@id\":\"https:\/\/www.fiscalia.gov.co\/colombia\/noticias\/capturado-para-cumplir-condena-lider-de-los-penagos-por-homicidio-de-un-nino-en-zona-rural-de-ambalema-tolima\/#breadcrumb\"},\"inLanguage\":\"es-CO\",\"potentialAction\":[{\"@type\":\"ReadAction\",\"target\":[\"https:\/\/www.fiscalia.gov.co\/colombia\/noticias\/capturado-para-cumplir-condena-lider-de-los-penagos-por-homicidio-de-un-nino-en-zona-rural-de-ambalema-tolima\/\"]}]},{\"@type\":\"ImageObject\",\"inLanguage\":\"es-CO\",\"@id\":\"https:\/\/www.fiscalia.gov.co\/colombia\/noticias\/capturado-para-cumplir-condena-lider-de-los-penagos-por-homicidio-de-un-nino-en-zona-rural-de-ambalema-tolima\/#primaryimage\",\"url\":\"https:\/\/www.fiscalia.gov.co\/colombia\/wp-content\/uploads\/penagos-condenaod-por-homicidio-ambalema.jpeg\",\"contentUrl\":\"https:\/\/www.fiscalia.gov.co\/colombia\/wp-content\/uploads\/penagos-condenaod-por-homicidio-ambalema.jpeg\",\"width\":777,\"height\":900,\"caption\":\"Penagos fue detenido en cumplimiento a la orden judicial que pesaba en su contra para cumplir condena de 28 a\u00f1os de prisi\u00f3n por el homicidio de un ni\u00f1o en el a\u00f1o 2010 en zona rural de Ambalema, Tolima.\"},{\"@type\":\"BreadcrumbList\",\"@id\":\"https:\/\/www.fiscalia.gov.co\/colombia\/noticias\/capturado-para-cumplir-condena-lider-de-los-penagos-por-homicidio-de-un-nino-en-zona-rural-de-ambalema-tolima\/#breadcrumb\",\"itemListElement\":[{\"@type\":\"ListItem\",\"position\":1,\"name\":\"Home\",\"item\":\"https:\/\/www.fiscalia.gov.co\/colombia\/\"},{\"@type\":\"ListItem\",\"position\":2,\"name\":\"Capturado para cumplir condena l\u00edder de Los Penagos por homicidio de un ni\u00f1o en zona rural de Ambalema (Tolima)\"}]},{\"@type\":\"WebSite\",\"@id\":\"https:\/\/www.fiscalia.gov.co\/colombia\/#website\",\"url\":\"https:\/\/www.fiscalia.gov.co\/colombia\/\",\"name\":\"Fiscal\u00eda General de la Naci\u00f3n\",\"description\":\"P\u00e1gina oficial de la Fiscal\u00eda General de la Naci\u00f3n \u2013 Colombia. Garantizamos el acceso efectivo a la justicia, la verdad y la reparaci\u00f3n de las v\u00edctimas de los delitos.\",\"publisher\":{\"@id\":\"https:\/\/www.fiscalia.gov.co\/colombia\/#organization\"},\"potentialAction\":[{\"@type\":\"SearchAction\",\"target\":{\"@type\":\"EntryPoint\",\"urlTemplate\":\"https:\/\/www.fiscalia.gov.co\/colombia\/?s={search_term_string}\"},\"query-input\":{\"@type\":\"PropertyValueSpecification\",\"valueRequired\":true,\"valueName\":\"search_term_string\"}}],\"inLanguage\":\"es-CO\"},{\"@type\":\"Organization\",\"@id\":\"https:\/\/www.fiscalia.gov.co\/colombia\/#organization\",\"name\":\"Fiscal\u00eda General de la Naci\u00f3n\",\"url\":\"https:\/\/www.fiscalia.gov.co\/colombia\/\",\"logo\":{\"@type\":\"ImageObject\",\"inLanguage\":\"es-CO\",\"@id\":\"https:\/\/www.fiscalia.gov.co\/colombia\/#\/schema\/logo\/image\/\",\"url\":\"https:\/\/www.fiscalia.gov.co\/colombia\/wp-content\/uploads\/LogoHorizontal_1.jpg\",\"contentUrl\":\"https:\/\/www.fiscalia.gov.co\/colombia\/wp-content\/uploads\/LogoHorizontal_1.jpg\",\"width\":300,\"height\":90,\"caption\":\"Fiscal\u00eda General de la Naci\u00f3n\"},\"image\":{\"@id\":\"https:\/\/www.fiscalia.gov.co\/colombia\/#\/schema\/logo\/image\/\"},\"sameAs\":[\"https:\/\/www.facebook.com\/FiscaliaCol\",\"https:\/\/x.com\/FiscaliaCol\",\"https:\/\/www.instagram.com\/fiscaliacol\",\"https:\/\/www.linkedin.com\/company\/fiscalia-general-de-la-naci-n\/\",\"https:\/\/youtube.com\/@fiscaliageneraldelanacion-4668?si=6nN79nyQICPU5iTh\"]},{\"@type\":\"Person\",\"@id\":\"https:\/\/www.fiscalia.gov.co\/colombia\/#\/schema\/person\/bf84402cf293a5393e9c70b111020b24\",\"name\":\"Jordan Leandro Oviedo Anzola\",\"image\":{\"@type\":\"ImageObject\",\"inLanguage\":\"es-CO\",\"@id\":\"https:\/\/www.fiscalia.gov.co\/colombia\/#\/schema\/person\/image\/\",\"url\":\"https:\/\/secure.gravatar.com\/avatar\/dabba4346fa9b9207d96adafa8f92721?s=96&d=mm&r=g\",\"contentUrl\":\"https:\/\/secure.gravatar.com\/avatar\/dabba4346fa9b9207d96adafa8f92721?s=96&d=mm&r=g\",\"caption\":\"Jordan Leandro Oviedo Anzola\"},\"url\":\"https:\/\/www.fiscalia.gov.co\/colombia\/author\/joviedo\/\"}]}<\/script>\n<!-- \/ Yoast SEO plugin. -->","yoast_head_json":{"title":"Fiscal\u00eda General de la Naci\u00f3n","description":"P\u00e1gina oficial de la Fiscal\u00eda General de la Naci\u00f3n \u2013 Colombia. Garantizamos el acceso efectivo a la justicia, la verdad y la reparaci\u00f3n de las v\u00edctimas de los delitos.","robots":{"index":"noindex","follow":"follow"},"og_locale":"es_ES","og_type":"article","og_title":"Fiscal\u00eda General de la Naci\u00f3n","og_description":"P\u00e1gina oficial de la Fiscal\u00eda General de la Naci\u00f3n \u2013 Colombia. Garantizamos el acceso efectivo a la justicia, la verdad y la reparaci\u00f3n de las v\u00edctimas de los delitos.","og_url":"https:\/\/www.fiscalia.gov.co\/colombia\/noticias\/capturado-para-cumplir-condena-lider-de-los-penagos-por-homicidio-de-un-nino-en-zona-rural-de-ambalema-tolima\/","og_site_name":"Fiscal\u00eda General de la Naci\u00f3n","article_publisher":"https:\/\/www.facebook.com\/FiscaliaCol","article_published_time":"2023-03-28T23:01:04+00:00","og_image":[{"url":"https:\/\/www.fiscalia.gov.co\/colombia\/wp-content\/uploads\/penagos-condenaod-por-homicidio-ambalema.jpeg","type":"","width":"","height":""}],"author":"Jordan Leandro Oviedo Anzola","twitter_card":"summary_large_image","twitter_creator":"@FiscaliaCol","twitter_site":"@FiscaliaCol","twitter_misc":{"Escrito por":"Jordan Leandro Oviedo Anzola","Tiempo de lectura":"3 minutos"},"schema":{"@context":"https:\/\/schema.org","@graph":[{"@type":"Article","@id":"https:\/\/www.fiscalia.gov.co\/colombia\/noticias\/capturado-para-cumplir-condena-lider-de-los-penagos-por-homicidio-de-un-nino-en-zona-rural-de-ambalema-tolima\/#article","isPartOf":{"@id":"https:\/\/www.fiscalia.gov.co\/colombia\/noticias\/capturado-para-cumplir-condena-lider-de-los-penagos-por-homicidio-de-un-nino-en-zona-rural-de-ambalema-tolima\/"},"author":{"name":"Jordan Leandro Oviedo Anzola","@id":"https:\/\/www.fiscalia.gov.co\/colombia\/#\/schema\/person\/bf84402cf293a5393e9c70b111020b24"},"headline":"Capturado para cumplir condena l\u00edder de Los Penagos por homicidio de un ni\u00f1o en zona rural de Ambalema (Tolima)","datePublished":"2023-03-28T23:01:04+00:00","dateModified":"2023-03-28T23:01:04+00:00","mainEntityOfPage":{"@id":"https:\/\/www.fiscalia.gov.co\/colombia\/noticias\/capturado-para-cumplir-condena-lider-de-los-penagos-por-homicidio-de-un-nino-en-zona-rural-de-ambalema-tolima\/"},"wordCount":563,"publisher":{"@id":"https:\/\/www.fiscalia.gov.co\/colombia\/#organization"},"image":{"@id":"https:\/\/www.fiscalia.gov.co\/colombia\/noticias\/capturado-para-cumplir-condena-lider-de-los-penagos-por-homicidio-de-un-nino-en-zona-rural-de-ambalema-tolima\/#primaryimage"},"thumbnailUrl":"https:\/\/www.fiscalia.gov.co\/colombia\/wp-content\/uploads\/penagos-condenaod-por-homicidio-ambalema.jpeg","keywords":["Ambalema","Condena","CTI","Ej\u00e9rcito","Finca","Fiscal\u00eda General de la Naci\u00f3n","Homicidio","Hurto","Ibagu\u00e9 (Tolima)","Los Penagos","Menor de edad","Polic\u00eda","Porte de armas de fuego","Seccional Tolima","Seguridad territorial","Sentencia","Tolima","Tr\u00e1fico de estupefacientes"],"articleSection":["Noticias","Seccional Ibagu\u00e9","Seccionales","Seguridad territorial"],"inLanguage":"es-CO"},{"@type":"WebPage","@id":"https:\/\/www.fiscalia.gov.co\/colombia\/noticias\/capturado-para-cumplir-condena-lider-de-los-penagos-por-homicidio-de-un-nino-en-zona-rural-de-ambalema-tolima\/","url":"https:\/\/www.fiscalia.gov.co\/colombia\/noticias\/capturado-para-cumplir-condena-lider-de-los-penagos-por-homicidio-de-un-nino-en-zona-rural-de-ambalema-tolima\/","name":"Fiscal\u00eda General de la Naci\u00f3n","isPartOf":{"@id":"https:\/\/www.fiscalia.gov.co\/colombia\/#website"},"primaryImageOfPage":{"@id":"https:\/\/www.fiscalia.gov.co\/colombia\/noticias\/capturado-para-cumplir-condena-lider-de-los-penagos-por-homicidio-de-un-nino-en-zona-rural-de-ambalema-tolima\/#primaryimage"},"image":{"@id":"https:\/\/www.fiscalia.gov.co\/colombia\/noticias\/capturado-para-cumplir-condena-lider-de-los-penagos-por-homicidio-de-un-nino-en-zona-rural-de-ambalema-tolima\/#primaryimage"},"thumbnailUrl":"https:\/\/www.fiscalia.gov.co\/colombia\/wp-content\/uploads\/penagos-condenaod-por-homicidio-ambalema.jpeg","datePublished":"2023-03-28T23:01:04+00:00","dateModified":"2023-03-28T23:01:04+00:00","description":"P\u00e1gina oficial de la Fiscal\u00eda General de la Naci\u00f3n \u2013 Colombia. Garantizamos el acceso efectivo a la justicia, la verdad y la reparaci\u00f3n de las v\u00edctimas de los delitos.","breadcrumb":{"@id":"https:\/\/www.fiscalia.gov.co\/colombia\/noticias\/capturado-para-cumplir-condena-lider-de-los-penagos-por-homicidio-de-un-nino-en-zona-rural-de-ambalema-tolima\/#breadcrumb"},"inLanguage":"es-CO","potentialAction":[{"@type":"ReadAction","target":["https:\/\/www.fiscalia.gov.co\/colombia\/noticias\/capturado-para-cumplir-condena-lider-de-los-penagos-por-homicidio-de-un-nino-en-zona-rural-de-ambalema-tolima\/"]}]},{"@type":"ImageObject","inLanguage":"es-CO","@id":"https:\/\/www.fiscalia.gov.co\/colombia\/noticias\/capturado-para-cumplir-condena-lider-de-los-penagos-por-homicidio-de-un-nino-en-zona-rural-de-ambalema-tolima\/#primaryimage","url":"https:\/\/www.fiscalia.gov.co\/colombia\/wp-content\/uploads\/penagos-condenaod-por-homicidio-ambalema.jpeg","contentUrl":"https:\/\/www.fiscalia.gov.co\/colombia\/wp-content\/uploads\/penagos-condenaod-por-homicidio-ambalema.jpeg","width":777,"height":900,"caption":"Penagos fue detenido en cumplimiento a la orden judicial que pesaba en su contra para cumplir condena de 28 a\u00f1os de prisi\u00f3n por el homicidio de un ni\u00f1o en el a\u00f1o 2010 en zona rural de Ambalema, Tolima."},{"@type":"BreadcrumbList","@id":"https:\/\/www.fiscalia.gov.co\/colombia\/noticias\/capturado-para-cumplir-condena-lider-de-los-penagos-por-homicidio-de-un-nino-en-zona-rural-de-ambalema-tolima\/#breadcrumb","itemListElement":[{"@type":"ListItem","position":1,"name":"Home","item":"https:\/\/www.fiscalia.gov.co\/colombia\/"},{"@type":"ListItem","position":2,"name":"Capturado para cumplir condena l\u00edder de Los Penagos por homicidio de un ni\u00f1o en zona rural de Ambalema (Tolima)"}]},{"@type":"WebSite","@id":"https:\/\/www.fiscalia.gov.co\/colombia\/#website","url":"https:\/\/www.fiscalia.gov.co\/colombia\/","name":"Fiscal\u00eda General de la Naci\u00f3n","description":"P\u00e1gina oficial de la Fiscal\u00eda General de la Naci\u00f3n \u2013 Colombia. Garantizamos el acceso efectivo a la justicia, la verdad y la reparaci\u00f3n de las v\u00edctimas de los delitos.","publisher":{"@id":"https:\/\/www.fiscalia.gov.co\/colombia\/#organization"},"potentialAction":[{"@type":"SearchAction","target":{"@type":"EntryPoint","urlTemplate":"https:\/\/www.fiscalia.gov.co\/colombia\/?s={search_term_string}"},"query-input":{"@type":"PropertyValueSpecification","valueRequired":true,"valueName":"search_term_string"}}],"inLanguage":"es-CO"},{"@type":"Organization","@id":"https:\/\/www.fiscalia.gov.co\/colombia\/#organization","name":"Fiscal\u00eda General de la Naci\u00f3n","url":"https:\/\/www.fiscalia.gov.co\/colombia\/","logo":{"@type":"ImageObject","inLanguage":"es-CO","@id":"https:\/\/www.fiscalia.gov.co\/colombia\/#\/schema\/logo\/image\/","url":"https:\/\/www.fiscalia.gov.co\/colombia\/wp-content\/uploads\/LogoHorizontal_1.jpg","contentUrl":"https:\/\/www.fiscalia.gov.co\/colombia\/wp-content\/uploads\/LogoHorizontal_1.jpg","width":300,"height":90,"caption":"Fiscal\u00eda General de la Naci\u00f3n"},"image":{"@id":"https:\/\/www.fiscalia.gov.co\/colombia\/#\/schema\/logo\/image\/"},"sameAs":["https:\/\/www.facebook.com\/FiscaliaCol","https:\/\/x.com\/FiscaliaCol","https:\/\/www.instagram.com\/fiscaliacol","https:\/\/www.linkedin.com\/company\/fiscalia-general-de-la-naci-n\/","https:\/\/youtube.com\/@fiscaliageneraldelanacion-4668?si=6nN79nyQICPU5iTh"]},{"@type":"Person","@id":"https:\/\/www.fiscalia.gov.co\/colombia\/#\/schema\/person\/bf84402cf293a5393e9c70b111020b24","name":"Jordan Leandro Oviedo Anzola","image":{"@type":"ImageObject","inLanguage":"es-CO","@id":"https:\/\/www.fiscalia.gov.co\/colombia\/#\/schema\/person\/image\/","url":"https:\/\/secure.gravatar.com\/avatar\/dabba4346fa9b9207d96adafa8f92721?s=96&d=mm&r=g","contentUrl":"https:\/\/secure.gravatar.com\/avatar\/dabba4346fa9b9207d96adafa8f92721?s=96&d=mm&r=g","caption":"Jordan Leandro Oviedo Anzola"},"url":"https:\/\/www.fiscalia.gov.co\/colombia\/author\/joviedo\/"}]}},"_links":{"self":[{"href":"https:\/\/www.fiscalia.gov.co\/colombia\/wp-json\/wp\/v2\/posts\/268901","targetHints":{"allow":["GET"]}}],"collection":[{"href":"https:\/\/www.fiscalia.gov.co\/colombia\/wp-json\/wp\/v2\/posts"}],"about":[{"href":"https:\/\/www.fiscalia.gov.co\/colombia\/wp-json\/wp\/v2\/types\/post"}],"author":[{"embeddable":true,"href":"https:\/\/www.fiscalia.gov.co\/colombia\/wp-json\/wp\/v2\/users\/177"}],"replies":[{"embeddable":true,"href":"https:\/\/www.fiscalia.gov.co\/colombia\/wp-json\/wp\/v2\/comments?post=268901"}],"version-history":[{"count":1,"href":"https:\/\/www.fiscalia.gov.co\/colombia\/wp-json\/wp\/v2\/posts\/268901\/revisions"}],"predecessor-version":[{"id":268903,"href":"https:\/\/www.fiscalia.gov.co\/colombia\/wp-json\/wp\/v2\/posts\/268901\/revisions\/268903"}],"wp:attachment":[{"href":"https:\/\/www.fiscalia.gov.co\/colombia\/wp-json\/wp\/v2\/media?parent=268901"}],"wp:term":[{"taxonomy":"category","embeddable":true,"href":"https:\/\/www.fiscalia.gov.co\/colombia\/wp-json\/wp\/v2\/categories?post=268901"},{"taxonomy":"post_tag","embeddable":true,"href":"https:\/\/www.fiscalia.gov.co\/colombia\/wp-json\/wp\/v2\/tags?post=268901"}],"curies":[{"name":"wp","href":"https:\/\/api.w.org\/{rel}","templated":true}]}}