{"id":268749,"date":"2023-03-27T14:58:33","date_gmt":"2023-03-27T19:58:33","guid":{"rendered":"https:\/\/www.fiscalia.gov.co\/colombia\/?p=268749"},"modified":"2023-03-27T14:58:33","modified_gmt":"2023-03-27T19:58:33","slug":"asegurados-10-presuntos-integrantes-de-un-grupo-delincuencial-dedicado-al-hurto-de-motocicletas-en-ocana-norte-de-santander","status":"publish","type":"post","link":"https:\/\/www.fiscalia.gov.co\/colombia\/noticias\/asegurados-10-presuntos-integrantes-de-un-grupo-delincuencial-dedicado-al-hurto-de-motocicletas-en-ocana-norte-de-santander\/","title":{"rendered":"Asegurados 10 presuntos integrantes de un grupo delincuencial dedicado al hurto de motocicletas en Oca\u00f1a (Norte de Santander)"},"content":{"rendered":"<p>Luego de acoger la solicitud de la Fiscal\u00eda General de la Naci\u00f3n, un juez con funciones de control de garant\u00edas de Oca\u00f1a (Norte de Santander) priv\u00f3 de la libertad a 10 presuntos integrantes de un <strong>Grupo de Delincuencia Com\u00fan Organizado<\/strong><b>\u00a0<\/b><strong>(GDCO)\u00a0<\/strong>dedicado al\u00a0hurto\u00a0de motocicletas.<\/p>\n<figure id=\"attachment_268750\" aria-describedby=\"caption-attachment-268750\" style=\"width: 865px\" class=\"wp-caption aligncenter\"><img loading=\"lazy\" decoding=\"async\" class=\"size-full wp-image-268750\" src=\"https:\/\/www.fiscalia.gov.co\/colombia\/wp-content\/uploads\/image001-24.jpg\" alt=\"En la fotograf\u00eda se aprecia los 10 detenidos junto a personal del CTI y uniformados de la Polic\u00eda y del Ej\u00e9rcito Nacional. Frente a ellos se ubica una mesa con los elementos materiales incautados como armas, sustancias estupefacientes, dinero y material de intendencia.  En la parte posterior los banners que identifican a la Polic\u00eda Nacional y Fiscal\u00eda General de la Naci\u00f3n\" width=\"865\" height=\"649\" srcset=\"https:\/\/www.fiscalia.gov.co\/colombia\/wp-content\/uploads\/image001-24.jpg 865w, https:\/\/www.fiscalia.gov.co\/colombia\/wp-content\/uploads\/image001-24-300x225.jpg 300w, https:\/\/www.fiscalia.gov.co\/colombia\/wp-content\/uploads\/image001-24-768x576.jpg 768w, https:\/\/www.fiscalia.gov.co\/colombia\/wp-content\/uploads\/image001-24-696x522.jpg 696w, https:\/\/www.fiscalia.gov.co\/colombia\/wp-content\/uploads\/image001-24-560x420.jpg 560w, https:\/\/www.fiscalia.gov.co\/colombia\/wp-content\/uploads\/image001-24-80x60.jpg 80w, https:\/\/www.fiscalia.gov.co\/colombia\/wp-content\/uploads\/image001-24-265x198.jpg 265w\" sizes=\"auto, (max-width: 865px) 100vw, 865px\" \/><figcaption id=\"caption-attachment-268750\" class=\"wp-caption-text\">Los procesados integraban un Grupo de Delincuencia Com\u00fan Organizado (GDCO) dedicados, al parecer, al hurto de motocicletas en Oca\u00f1a (Norte de Santander), siendo sus v\u00edctimas mototaxistas.<\/figcaption><\/figure>\n<p>Las investigaciones dan cuenta de\u00a0las mujeres del grupo, al parecer, era las que solicitaban el servicio de mototaxi, para luego conducirlos a sectores despoblados, donde eran sorprendidos por los hombres, quienes bajo amenazas de muerte los despojaban sus motocicletas y pertenencias.<\/p>\n<p>Adem\u00e1s, se estableci\u00f3 que los procesados habr\u00edan participado en varios hurtos de estos veh\u00edculos en julio, agosto, octubre y diciembre de 2022, as\u00ed como enero y febrero reciente en Oca\u00f1a (Norte de Santander) y Rio de Oro (Cesar).<\/p>\n<p>Este 9 de marzo mediante 16 diligencias de registro y allanamiento adelantadas en los barrios Primavera, Nueva Espa\u00f1a, El Dorado, Torcoroma, Santa Clara, El Pe\u00f1\u00f3n, Gal\u00e1n, La Colina de la Esperanza y El Carmen de esta localidad fueron capturados estas personas.<\/p>\n<p>Durante la diligencia judicial, las autoridades les incautaron coca\u00edna y marihuana, dos <a href=\"https:\/\/www.fiscalia.gov.co\/colombia\/noticias\/judicializado-presunto-responsable-de-homicidio-en-medio-de-un-hurto-en-zona-metropolitana-de-cucuta\/\" target=\"_blank\" rel=\"noopener\" data-saferedirecturl=\"https:\/\/www.google.com\/url?q=https:\/\/www.fiscalia.gov.co\/colombia\/noticias\/judicializado-presunto-responsable-de-homicidio-en-medio-de-un-hurto-en-zona-metropolitana-de-cucuta\/&amp;source=gmail&amp;ust=1680033265032000&amp;usg=AOvVaw0FJT6p9x8rybUSSVm2dugA\">armas<\/a>\u00a0de fuego, una gramera, una prensa y cinco celulares.<\/p>\n<p>En audiencias concentradas, un fiscal Seccional les imput\u00f3 cargos a los procesados, seg\u00fan su responsabilidad por los delitos de concierto para delinquir, hurto calificado y agravado,\u00a0fabricaci\u00f3n, tr\u00e1fico, porte o tenencia de armas de fuego, accesorios, partes o municiones,\u00a0tr\u00e1fico, fabricaci\u00f3n y porte de estupefacientes y receptaci\u00f3n.<\/p>\n<p>Por su parte, el juez afect\u00f3\u00a0con\u00a0medida de aseguramiento\u00a0en establecimiento carcelario a Fray Sebasti\u00e1n Alfonso Pineda, Manuel Alejandro Uzc\u00e1tegui Ram\u00edrez, Juan Sebasti\u00e1n Coronel Hern\u00e1ndez, Leonardo Bayona Santana, Carlos Gerardo Avenda\u00f1o y Wilson Alberto Carrillo P\u00e9rez.<\/p>\n<p>Entretanto a Laura Juliana Botello Berm\u00fadez, Mar\u00eda Jos\u00e9 Amaya Rinc\u00f3n, Brayan Andr\u00e9s Rol\u00f3n Carrascal y Anderson Meneses Parada, les impuso medida de detenci\u00f3n preventiva en su lugar de residencia.\u00a0 Asimismo,\u00a0Juan Sebasti\u00e1n Coronel fue notificado en el centro de reclusi\u00f3n, donde se encuentra por hechos similares.<\/p>\n<p>Esta informaci\u00f3n se publica por razones de inter\u00e9s general.<\/p>\n<p><b>La Fiscal\u00eda habla con resultados<\/b><\/p>\n<p>&nbsp;<\/p>\n<p>&nbsp;<\/p>\n<p>&nbsp;<\/p>\n<p>&nbsp;<\/p>\n<p>&nbsp;<\/p>\n<p>MPHA\/MG\/JAAL\/DSNS<\/p>\n<p align=\"center\">\n<p align=\"center\">\n<p align=\"center\">\n<p align=\"center\">\n<p align=\"center\">\n<p><i>La informaci\u00f3n contenida en este bolet\u00edn de prensa corresponde a la narraci\u00f3n de los hechos noticiosos objetivos, suministrados por los funcionarios encargados de adelantar las investigaciones penales al interior de la Fiscal\u00eda General de la Naci\u00f3n. Para el momento de la divulgaci\u00f3n de este comunicado, la situaci\u00f3n jur\u00eddica de la(s) persona(s) relacionada(s) se encuentra pendiente de resolver por la autoridad judicial competente, siempre bajo los preceptos de la presunci\u00f3n de inocencia, consagrados en el art\u00edculo 29 de la Constituci\u00f3n Pol\u00edtica y el art\u00edculo 7\u00ba de la Ley 906 de 2004.<\/i><\/p>\n\n<div class=\"twitter-share\"><a href=\"https:\/\/twitter.com\/intent\/tweet?via=fiscaliacol\" class=\"twitter-share-button\">Tweet<\/a><\/div>\n","protected":false},"excerpt":{"rendered":"<p>Luego de acoger la solicitud de la Fiscal\u00eda General de la Naci\u00f3n, un juez con funciones de control de garant\u00edas de Oca\u00f1a (Norte de Santander) priv\u00f3 de la libertad a 10 presuntos integrantes de un Grupo de Delincuencia Com\u00fan Organizado\u00a0(GDCO)\u00a0dedicado al\u00a0hurto\u00a0de motocicletas. Las investigaciones dan cuenta de\u00a0las mujeres del grupo, al parecer, era las que [&hellip;]<\/p>\n","protected":false},"author":177,"featured_media":0,"comment_status":"closed","ping_status":"open","sticky":false,"template":"","format":"standard","meta":{"tdm_status":"","tdm_grid_status":"","footnotes":""},"categories":[1,326,303,24099],"tags":[24185,4614,1047,23960,17967,2966,25996,34256],"class_list":{"0":"post-268749","1":"post","2":"type-post","3":"status-publish","4":"format-standard","6":"category-noticias","7":"category-seccional-cucuta","8":"category-seccionales","9":"category-seguridad-territorial","10":"tag-fiscal-barbosa","11":"tag-fiscalia-2","12":"tag-fiscalia-general-de-la-nacion","13":"tag-hurto","14":"tag-investigacion","15":"tag-motocicletas","16":"tag-ocana-norte-de-santander","17":"tag-seguridad-denuncia"},"yoast_head":"<!-- This site is optimized with the Yoast SEO plugin v24.3 - https:\/\/yoast.com\/wordpress\/plugins\/seo\/ -->\n<title>Fiscal\u00eda General de la Naci\u00f3n<\/title>\n<meta name=\"description\" content=\"P\u00e1gina oficial de la Fiscal\u00eda General de la Naci\u00f3n \u2013 Colombia. Garantizamos el acceso efectivo a la justicia, la verdad y la reparaci\u00f3n de las v\u00edctimas de los delitos.\" \/>\n<meta name=\"robots\" content=\"noindex, follow\" \/>\n<meta property=\"og:locale\" content=\"es_ES\" \/>\n<meta property=\"og:type\" content=\"article\" \/>\n<meta property=\"og:title\" content=\"Fiscal\u00eda General de la Naci\u00f3n\" \/>\n<meta property=\"og:description\" content=\"P\u00e1gina oficial de la Fiscal\u00eda General de la Naci\u00f3n \u2013 Colombia. Garantizamos el acceso efectivo a la justicia, la verdad y la reparaci\u00f3n de las v\u00edctimas de los delitos.\" \/>\n<meta property=\"og:url\" content=\"https:\/\/www.fiscalia.gov.co\/colombia\/noticias\/asegurados-10-presuntos-integrantes-de-un-grupo-delincuencial-dedicado-al-hurto-de-motocicletas-en-ocana-norte-de-santander\/\" \/>\n<meta property=\"og:site_name\" content=\"Fiscal\u00eda General de la Naci\u00f3n\" \/>\n<meta property=\"article:publisher\" content=\"https:\/\/www.facebook.com\/FiscaliaCol\" \/>\n<meta property=\"article:published_time\" content=\"2023-03-27T19:58:33+00:00\" \/>\n<meta property=\"og:image\" content=\"https:\/\/www.fiscalia.gov.co\/colombia\/wp-content\/uploads\/image001-24.jpg\" \/>\n<meta name=\"author\" content=\"Jordan Leandro Oviedo Anzola\" \/>\n<meta name=\"twitter:card\" content=\"summary_large_image\" \/>\n<meta name=\"twitter:creator\" content=\"@FiscaliaCol\" \/>\n<meta name=\"twitter:site\" content=\"@FiscaliaCol\" \/>\n<meta name=\"twitter:label1\" content=\"Escrito por\" \/>\n\t<meta name=\"twitter:data1\" content=\"Jordan Leandro Oviedo Anzola\" \/>\n\t<meta name=\"twitter:label2\" content=\"Tiempo de lectura\" \/>\n\t<meta name=\"twitter:data2\" content=\"3 minutos\" \/>\n<script type=\"application\/ld+json\" class=\"yoast-schema-graph\">{\"@context\":\"https:\/\/schema.org\",\"@graph\":[{\"@type\":\"Article\",\"@id\":\"https:\/\/www.fiscalia.gov.co\/colombia\/noticias\/asegurados-10-presuntos-integrantes-de-un-grupo-delincuencial-dedicado-al-hurto-de-motocicletas-en-ocana-norte-de-santander\/#article\",\"isPartOf\":{\"@id\":\"https:\/\/www.fiscalia.gov.co\/colombia\/noticias\/asegurados-10-presuntos-integrantes-de-un-grupo-delincuencial-dedicado-al-hurto-de-motocicletas-en-ocana-norte-de-santander\/\"},\"author\":{\"name\":\"Jordan Leandro Oviedo Anzola\",\"@id\":\"https:\/\/www.fiscalia.gov.co\/colombia\/#\/schema\/person\/bf84402cf293a5393e9c70b111020b24\"},\"headline\":\"Asegurados 10 presuntos integrantes de un grupo delincuencial dedicado al hurto de motocicletas en Oca\u00f1a (Norte de Santander)\",\"datePublished\":\"2023-03-27T19:58:33+00:00\",\"dateModified\":\"2023-03-27T19:58:33+00:00\",\"mainEntityOfPage\":{\"@id\":\"https:\/\/www.fiscalia.gov.co\/colombia\/noticias\/asegurados-10-presuntos-integrantes-de-un-grupo-delincuencial-dedicado-al-hurto-de-motocicletas-en-ocana-norte-de-santander\/\"},\"wordCount\":531,\"publisher\":{\"@id\":\"https:\/\/www.fiscalia.gov.co\/colombia\/#organization\"},\"image\":{\"@id\":\"https:\/\/www.fiscalia.gov.co\/colombia\/noticias\/asegurados-10-presuntos-integrantes-de-un-grupo-delincuencial-dedicado-al-hurto-de-motocicletas-en-ocana-norte-de-santander\/#primaryimage\"},\"thumbnailUrl\":\"https:\/\/www.fiscalia.gov.co\/colombia\/wp-content\/uploads\/image001-24.jpg\",\"keywords\":[\"Fiscal Barbosa\",\"Fiscal\u00eda\",\"Fiscal\u00eda General de la Naci\u00f3n\",\"Hurto\",\"Investigaci\u00f3n\",\"Motocicletas\",\"Oca\u00f1a (Norte de Santander)\",\"seguridad. denuncia\"],\"articleSection\":[\"Noticias\",\"Seccional C\u00facuta\",\"Seccionales\",\"Seguridad territorial\"],\"inLanguage\":\"es-CO\"},{\"@type\":\"WebPage\",\"@id\":\"https:\/\/www.fiscalia.gov.co\/colombia\/noticias\/asegurados-10-presuntos-integrantes-de-un-grupo-delincuencial-dedicado-al-hurto-de-motocicletas-en-ocana-norte-de-santander\/\",\"url\":\"https:\/\/www.fiscalia.gov.co\/colombia\/noticias\/asegurados-10-presuntos-integrantes-de-un-grupo-delincuencial-dedicado-al-hurto-de-motocicletas-en-ocana-norte-de-santander\/\",\"name\":\"Fiscal\u00eda General de la Naci\u00f3n\",\"isPartOf\":{\"@id\":\"https:\/\/www.fiscalia.gov.co\/colombia\/#website\"},\"primaryImageOfPage\":{\"@id\":\"https:\/\/www.fiscalia.gov.co\/colombia\/noticias\/asegurados-10-presuntos-integrantes-de-un-grupo-delincuencial-dedicado-al-hurto-de-motocicletas-en-ocana-norte-de-santander\/#primaryimage\"},\"image\":{\"@id\":\"https:\/\/www.fiscalia.gov.co\/colombia\/noticias\/asegurados-10-presuntos-integrantes-de-un-grupo-delincuencial-dedicado-al-hurto-de-motocicletas-en-ocana-norte-de-santander\/#primaryimage\"},\"thumbnailUrl\":\"https:\/\/www.fiscalia.gov.co\/colombia\/wp-content\/uploads\/image001-24.jpg\",\"datePublished\":\"2023-03-27T19:58:33+00:00\",\"dateModified\":\"2023-03-27T19:58:33+00:00\",\"description\":\"P\u00e1gina oficial de la Fiscal\u00eda General de la Naci\u00f3n \u2013 Colombia. Garantizamos el acceso efectivo a la justicia, la verdad y la reparaci\u00f3n de las v\u00edctimas de los delitos.\",\"breadcrumb\":{\"@id\":\"https:\/\/www.fiscalia.gov.co\/colombia\/noticias\/asegurados-10-presuntos-integrantes-de-un-grupo-delincuencial-dedicado-al-hurto-de-motocicletas-en-ocana-norte-de-santander\/#breadcrumb\"},\"inLanguage\":\"es-CO\",\"potentialAction\":[{\"@type\":\"ReadAction\",\"target\":[\"https:\/\/www.fiscalia.gov.co\/colombia\/noticias\/asegurados-10-presuntos-integrantes-de-un-grupo-delincuencial-dedicado-al-hurto-de-motocicletas-en-ocana-norte-de-santander\/\"]}]},{\"@type\":\"ImageObject\",\"inLanguage\":\"es-CO\",\"@id\":\"https:\/\/www.fiscalia.gov.co\/colombia\/noticias\/asegurados-10-presuntos-integrantes-de-un-grupo-delincuencial-dedicado-al-hurto-de-motocicletas-en-ocana-norte-de-santander\/#primaryimage\",\"url\":\"https:\/\/www.fiscalia.gov.co\/colombia\/wp-content\/uploads\/image001-24.jpg\",\"contentUrl\":\"https:\/\/www.fiscalia.gov.co\/colombia\/wp-content\/uploads\/image001-24.jpg\",\"width\":865,\"height\":649,\"caption\":\"Los procesados integraban un Grupo de Delincuencia Com\u00fan Organizado (GDCO) dedicados, al parecer, al hurto de motocicletas en Oca\u00f1a (Norte de Santander), siendo sus v\u00edctimas mototaxistas.\"},{\"@type\":\"BreadcrumbList\",\"@id\":\"https:\/\/www.fiscalia.gov.co\/colombia\/noticias\/asegurados-10-presuntos-integrantes-de-un-grupo-delincuencial-dedicado-al-hurto-de-motocicletas-en-ocana-norte-de-santander\/#breadcrumb\",\"itemListElement\":[{\"@type\":\"ListItem\",\"position\":1,\"name\":\"Home\",\"item\":\"https:\/\/www.fiscalia.gov.co\/colombia\/\"},{\"@type\":\"ListItem\",\"position\":2,\"name\":\"Asegurados 10 presuntos integrantes de un grupo delincuencial dedicado al hurto de motocicletas en Oca\u00f1a (Norte de Santander)\"}]},{\"@type\":\"WebSite\",\"@id\":\"https:\/\/www.fiscalia.gov.co\/colombia\/#website\",\"url\":\"https:\/\/www.fiscalia.gov.co\/colombia\/\",\"name\":\"Fiscal\u00eda General de la Naci\u00f3n\",\"description\":\"P\u00e1gina oficial de la Fiscal\u00eda General de la Naci\u00f3n \u2013 Colombia. Garantizamos el acceso efectivo a la justicia, la verdad y la reparaci\u00f3n de las v\u00edctimas de los delitos.\",\"publisher\":{\"@id\":\"https:\/\/www.fiscalia.gov.co\/colombia\/#organization\"},\"potentialAction\":[{\"@type\":\"SearchAction\",\"target\":{\"@type\":\"EntryPoint\",\"urlTemplate\":\"https:\/\/www.fiscalia.gov.co\/colombia\/?s={search_term_string}\"},\"query-input\":{\"@type\":\"PropertyValueSpecification\",\"valueRequired\":true,\"valueName\":\"search_term_string\"}}],\"inLanguage\":\"es-CO\"},{\"@type\":\"Organization\",\"@id\":\"https:\/\/www.fiscalia.gov.co\/colombia\/#organization\",\"name\":\"Fiscal\u00eda General de la Naci\u00f3n\",\"url\":\"https:\/\/www.fiscalia.gov.co\/colombia\/\",\"logo\":{\"@type\":\"ImageObject\",\"inLanguage\":\"es-CO\",\"@id\":\"https:\/\/www.fiscalia.gov.co\/colombia\/#\/schema\/logo\/image\/\",\"url\":\"https:\/\/www.fiscalia.gov.co\/colombia\/wp-content\/uploads\/LogoHorizontal_1.jpg\",\"contentUrl\":\"https:\/\/www.fiscalia.gov.co\/colombia\/wp-content\/uploads\/LogoHorizontal_1.jpg\",\"width\":300,\"height\":90,\"caption\":\"Fiscal\u00eda General de la Naci\u00f3n\"},\"image\":{\"@id\":\"https:\/\/www.fiscalia.gov.co\/colombia\/#\/schema\/logo\/image\/\"},\"sameAs\":[\"https:\/\/www.facebook.com\/FiscaliaCol\",\"https:\/\/x.com\/FiscaliaCol\",\"https:\/\/www.instagram.com\/fiscaliacol\",\"https:\/\/www.linkedin.com\/company\/fiscalia-general-de-la-naci-n\/\",\"https:\/\/youtube.com\/@fiscaliageneraldelanacion-4668?si=6nN79nyQICPU5iTh\"]},{\"@type\":\"Person\",\"@id\":\"https:\/\/www.fiscalia.gov.co\/colombia\/#\/schema\/person\/bf84402cf293a5393e9c70b111020b24\",\"name\":\"Jordan Leandro Oviedo Anzola\",\"image\":{\"@type\":\"ImageObject\",\"inLanguage\":\"es-CO\",\"@id\":\"https:\/\/www.fiscalia.gov.co\/colombia\/#\/schema\/person\/image\/\",\"url\":\"https:\/\/secure.gravatar.com\/avatar\/dabba4346fa9b9207d96adafa8f92721?s=96&d=mm&r=g\",\"contentUrl\":\"https:\/\/secure.gravatar.com\/avatar\/dabba4346fa9b9207d96adafa8f92721?s=96&d=mm&r=g\",\"caption\":\"Jordan Leandro Oviedo Anzola\"},\"url\":\"https:\/\/www.fiscalia.gov.co\/colombia\/author\/joviedo\/\"}]}<\/script>\n<!-- \/ Yoast SEO plugin. -->","yoast_head_json":{"title":"Fiscal\u00eda General de la Naci\u00f3n","description":"P\u00e1gina oficial de la Fiscal\u00eda General de la Naci\u00f3n \u2013 Colombia. Garantizamos el acceso efectivo a la justicia, la verdad y la reparaci\u00f3n de las v\u00edctimas de los delitos.","robots":{"index":"noindex","follow":"follow"},"og_locale":"es_ES","og_type":"article","og_title":"Fiscal\u00eda General de la Naci\u00f3n","og_description":"P\u00e1gina oficial de la Fiscal\u00eda General de la Naci\u00f3n \u2013 Colombia. Garantizamos el acceso efectivo a la justicia, la verdad y la reparaci\u00f3n de las v\u00edctimas de los delitos.","og_url":"https:\/\/www.fiscalia.gov.co\/colombia\/noticias\/asegurados-10-presuntos-integrantes-de-un-grupo-delincuencial-dedicado-al-hurto-de-motocicletas-en-ocana-norte-de-santander\/","og_site_name":"Fiscal\u00eda General de la Naci\u00f3n","article_publisher":"https:\/\/www.facebook.com\/FiscaliaCol","article_published_time":"2023-03-27T19:58:33+00:00","og_image":[{"url":"https:\/\/www.fiscalia.gov.co\/colombia\/wp-content\/uploads\/image001-24.jpg","type":"","width":"","height":""}],"author":"Jordan Leandro Oviedo Anzola","twitter_card":"summary_large_image","twitter_creator":"@FiscaliaCol","twitter_site":"@FiscaliaCol","twitter_misc":{"Escrito por":"Jordan Leandro Oviedo Anzola","Tiempo de lectura":"3 minutos"},"schema":{"@context":"https:\/\/schema.org","@graph":[{"@type":"Article","@id":"https:\/\/www.fiscalia.gov.co\/colombia\/noticias\/asegurados-10-presuntos-integrantes-de-un-grupo-delincuencial-dedicado-al-hurto-de-motocicletas-en-ocana-norte-de-santander\/#article","isPartOf":{"@id":"https:\/\/www.fiscalia.gov.co\/colombia\/noticias\/asegurados-10-presuntos-integrantes-de-un-grupo-delincuencial-dedicado-al-hurto-de-motocicletas-en-ocana-norte-de-santander\/"},"author":{"name":"Jordan Leandro Oviedo Anzola","@id":"https:\/\/www.fiscalia.gov.co\/colombia\/#\/schema\/person\/bf84402cf293a5393e9c70b111020b24"},"headline":"Asegurados 10 presuntos integrantes de un grupo delincuencial dedicado al hurto de motocicletas en Oca\u00f1a (Norte de Santander)","datePublished":"2023-03-27T19:58:33+00:00","dateModified":"2023-03-27T19:58:33+00:00","mainEntityOfPage":{"@id":"https:\/\/www.fiscalia.gov.co\/colombia\/noticias\/asegurados-10-presuntos-integrantes-de-un-grupo-delincuencial-dedicado-al-hurto-de-motocicletas-en-ocana-norte-de-santander\/"},"wordCount":531,"publisher":{"@id":"https:\/\/www.fiscalia.gov.co\/colombia\/#organization"},"image":{"@id":"https:\/\/www.fiscalia.gov.co\/colombia\/noticias\/asegurados-10-presuntos-integrantes-de-un-grupo-delincuencial-dedicado-al-hurto-de-motocicletas-en-ocana-norte-de-santander\/#primaryimage"},"thumbnailUrl":"https:\/\/www.fiscalia.gov.co\/colombia\/wp-content\/uploads\/image001-24.jpg","keywords":["Fiscal Barbosa","Fiscal\u00eda","Fiscal\u00eda General de la Naci\u00f3n","Hurto","Investigaci\u00f3n","Motocicletas","Oca\u00f1a (Norte de Santander)","seguridad. denuncia"],"articleSection":["Noticias","Seccional C\u00facuta","Seccionales","Seguridad territorial"],"inLanguage":"es-CO"},{"@type":"WebPage","@id":"https:\/\/www.fiscalia.gov.co\/colombia\/noticias\/asegurados-10-presuntos-integrantes-de-un-grupo-delincuencial-dedicado-al-hurto-de-motocicletas-en-ocana-norte-de-santander\/","url":"https:\/\/www.fiscalia.gov.co\/colombia\/noticias\/asegurados-10-presuntos-integrantes-de-un-grupo-delincuencial-dedicado-al-hurto-de-motocicletas-en-ocana-norte-de-santander\/","name":"Fiscal\u00eda General de la Naci\u00f3n","isPartOf":{"@id":"https:\/\/www.fiscalia.gov.co\/colombia\/#website"},"primaryImageOfPage":{"@id":"https:\/\/www.fiscalia.gov.co\/colombia\/noticias\/asegurados-10-presuntos-integrantes-de-un-grupo-delincuencial-dedicado-al-hurto-de-motocicletas-en-ocana-norte-de-santander\/#primaryimage"},"image":{"@id":"https:\/\/www.fiscalia.gov.co\/colombia\/noticias\/asegurados-10-presuntos-integrantes-de-un-grupo-delincuencial-dedicado-al-hurto-de-motocicletas-en-ocana-norte-de-santander\/#primaryimage"},"thumbnailUrl":"https:\/\/www.fiscalia.gov.co\/colombia\/wp-content\/uploads\/image001-24.jpg","datePublished":"2023-03-27T19:58:33+00:00","dateModified":"2023-03-27T19:58:33+00:00","description":"P\u00e1gina oficial de la Fiscal\u00eda General de la Naci\u00f3n \u2013 Colombia. Garantizamos el acceso efectivo a la justicia, la verdad y la reparaci\u00f3n de las v\u00edctimas de los delitos.","breadcrumb":{"@id":"https:\/\/www.fiscalia.gov.co\/colombia\/noticias\/asegurados-10-presuntos-integrantes-de-un-grupo-delincuencial-dedicado-al-hurto-de-motocicletas-en-ocana-norte-de-santander\/#breadcrumb"},"inLanguage":"es-CO","potentialAction":[{"@type":"ReadAction","target":["https:\/\/www.fiscalia.gov.co\/colombia\/noticias\/asegurados-10-presuntos-integrantes-de-un-grupo-delincuencial-dedicado-al-hurto-de-motocicletas-en-ocana-norte-de-santander\/"]}]},{"@type":"ImageObject","inLanguage":"es-CO","@id":"https:\/\/www.fiscalia.gov.co\/colombia\/noticias\/asegurados-10-presuntos-integrantes-de-un-grupo-delincuencial-dedicado-al-hurto-de-motocicletas-en-ocana-norte-de-santander\/#primaryimage","url":"https:\/\/www.fiscalia.gov.co\/colombia\/wp-content\/uploads\/image001-24.jpg","contentUrl":"https:\/\/www.fiscalia.gov.co\/colombia\/wp-content\/uploads\/image001-24.jpg","width":865,"height":649,"caption":"Los procesados integraban un Grupo de Delincuencia Com\u00fan Organizado (GDCO) dedicados, al parecer, al hurto de motocicletas en Oca\u00f1a (Norte de Santander), siendo sus v\u00edctimas mototaxistas."},{"@type":"BreadcrumbList","@id":"https:\/\/www.fiscalia.gov.co\/colombia\/noticias\/asegurados-10-presuntos-integrantes-de-un-grupo-delincuencial-dedicado-al-hurto-de-motocicletas-en-ocana-norte-de-santander\/#breadcrumb","itemListElement":[{"@type":"ListItem","position":1,"name":"Home","item":"https:\/\/www.fiscalia.gov.co\/colombia\/"},{"@type":"ListItem","position":2,"name":"Asegurados 10 presuntos integrantes de un grupo delincuencial dedicado al hurto de motocicletas en Oca\u00f1a (Norte de Santander)"}]},{"@type":"WebSite","@id":"https:\/\/www.fiscalia.gov.co\/colombia\/#website","url":"https:\/\/www.fiscalia.gov.co\/colombia\/","name":"Fiscal\u00eda General de la Naci\u00f3n","description":"P\u00e1gina oficial de la Fiscal\u00eda General de la Naci\u00f3n \u2013 Colombia. Garantizamos el acceso efectivo a la justicia, la verdad y la reparaci\u00f3n de las v\u00edctimas de los delitos.","publisher":{"@id":"https:\/\/www.fiscalia.gov.co\/colombia\/#organization"},"potentialAction":[{"@type":"SearchAction","target":{"@type":"EntryPoint","urlTemplate":"https:\/\/www.fiscalia.gov.co\/colombia\/?s={search_term_string}"},"query-input":{"@type":"PropertyValueSpecification","valueRequired":true,"valueName":"search_term_string"}}],"inLanguage":"es-CO"},{"@type":"Organization","@id":"https:\/\/www.fiscalia.gov.co\/colombia\/#organization","name":"Fiscal\u00eda General de la Naci\u00f3n","url":"https:\/\/www.fiscalia.gov.co\/colombia\/","logo":{"@type":"ImageObject","inLanguage":"es-CO","@id":"https:\/\/www.fiscalia.gov.co\/colombia\/#\/schema\/logo\/image\/","url":"https:\/\/www.fiscalia.gov.co\/colombia\/wp-content\/uploads\/LogoHorizontal_1.jpg","contentUrl":"https:\/\/www.fiscalia.gov.co\/colombia\/wp-content\/uploads\/LogoHorizontal_1.jpg","width":300,"height":90,"caption":"Fiscal\u00eda General de la Naci\u00f3n"},"image":{"@id":"https:\/\/www.fiscalia.gov.co\/colombia\/#\/schema\/logo\/image\/"},"sameAs":["https:\/\/www.facebook.com\/FiscaliaCol","https:\/\/x.com\/FiscaliaCol","https:\/\/www.instagram.com\/fiscaliacol","https:\/\/www.linkedin.com\/company\/fiscalia-general-de-la-naci-n\/","https:\/\/youtube.com\/@fiscaliageneraldelanacion-4668?si=6nN79nyQICPU5iTh"]},{"@type":"Person","@id":"https:\/\/www.fiscalia.gov.co\/colombia\/#\/schema\/person\/bf84402cf293a5393e9c70b111020b24","name":"Jordan Leandro Oviedo Anzola","image":{"@type":"ImageObject","inLanguage":"es-CO","@id":"https:\/\/www.fiscalia.gov.co\/colombia\/#\/schema\/person\/image\/","url":"https:\/\/secure.gravatar.com\/avatar\/dabba4346fa9b9207d96adafa8f92721?s=96&d=mm&r=g","contentUrl":"https:\/\/secure.gravatar.com\/avatar\/dabba4346fa9b9207d96adafa8f92721?s=96&d=mm&r=g","caption":"Jordan Leandro Oviedo Anzola"},"url":"https:\/\/www.fiscalia.gov.co\/colombia\/author\/joviedo\/"}]}},"_links":{"self":[{"href":"https:\/\/www.fiscalia.gov.co\/colombia\/wp-json\/wp\/v2\/posts\/268749","targetHints":{"allow":["GET"]}}],"collection":[{"href":"https:\/\/www.fiscalia.gov.co\/colombia\/wp-json\/wp\/v2\/posts"}],"about":[{"href":"https:\/\/www.fiscalia.gov.co\/colombia\/wp-json\/wp\/v2\/types\/post"}],"author":[{"embeddable":true,"href":"https:\/\/www.fiscalia.gov.co\/colombia\/wp-json\/wp\/v2\/users\/177"}],"replies":[{"embeddable":true,"href":"https:\/\/www.fiscalia.gov.co\/colombia\/wp-json\/wp\/v2\/comments?post=268749"}],"version-history":[{"count":1,"href":"https:\/\/www.fiscalia.gov.co\/colombia\/wp-json\/wp\/v2\/posts\/268749\/revisions"}],"predecessor-version":[{"id":268751,"href":"https:\/\/www.fiscalia.gov.co\/colombia\/wp-json\/wp\/v2\/posts\/268749\/revisions\/268751"}],"wp:attachment":[{"href":"https:\/\/www.fiscalia.gov.co\/colombia\/wp-json\/wp\/v2\/media?parent=268749"}],"wp:term":[{"taxonomy":"category","embeddable":true,"href":"https:\/\/www.fiscalia.gov.co\/colombia\/wp-json\/wp\/v2\/categories?post=268749"},{"taxonomy":"post_tag","embeddable":true,"href":"https:\/\/www.fiscalia.gov.co\/colombia\/wp-json\/wp\/v2\/tags?post=268749"}],"curies":[{"name":"wp","href":"https:\/\/api.w.org\/{rel}","templated":true}]}}