{"id":268709,"date":"2023-03-25T16:26:15","date_gmt":"2023-03-25T21:26:15","guid":{"rendered":"https:\/\/www.fiscalia.gov.co\/colombia\/?p=268709"},"modified":"2023-03-25T16:26:15","modified_gmt":"2023-03-25T21:26:15","slug":"tres-personas-fueron-enviadas-a-prision-por-su-presunta-responsabilidad-en-ocho-homicidios-cometidos-en-el-tolima","status":"publish","type":"post","link":"https:\/\/www.fiscalia.gov.co\/colombia\/noticias\/tres-personas-fueron-enviadas-a-prision-por-su-presunta-responsabilidad-en-ocho-homicidios-cometidos-en-el-tolima\/","title":{"rendered":"Tres personas fueron enviadas a prisi\u00f3n por su presunta responsabilidad en ocho homicidios cometidos en el Tolima"},"content":{"rendered":"<h4><strong><em>Entre los detenidos se encuentra alias Torroso presunto sicario al servicio del grupo de delincuencia organizada Los Caloche, con injerencia en El Espinal.<\/em>\u00a0<\/strong><\/h4>\n<p>Johan Smith Jim\u00e9nez Barrag\u00e1n, Edgar Arley \u00c1lvarez Palma y Maicol Andrey Var\u00f3n fueron privados de la libertad, por su presunta participaci\u00f3n en varios homicidios ocurridos en hechos aislados en los municipios tolimenses de El Espinal, Ibagu\u00e9 y el L\u00edbano.<\/p>\n<p>Los procesados fueron detenidos en diferentes puntos del departamento en una labor conjunta entre investigadores del CTI y la Polic\u00eda Nacional.<\/p>\n<p>Jim\u00e9nez Barrag\u00e1n conocido con el alias de Torroso, es se\u00f1alado por la Fiscal\u00eda de ser el sicario al servicio del grupo de delincuencia organizada Los Caloche, responsable de por lo menos seis homicidios selectivos en El Espinal.<\/p>\n<p>La fiscal que adelanta la investigaci\u00f3n le imput\u00f3 los delitos de concierto para delinquir agravado; homicidio agravado, en concurso con porte ilegal de armas de fuego agravado y hurto calificado y agravado, este \u00faltimo ocurrido en dos casos.<\/p>\n<p>Los hechos ocurrieron entre los meses de junio, julio y agosto de 2022, mediante la modalidad de sicariato. Las v\u00edctimas fueron identificadas como Jhon Bautista Torres Murillo, Andr\u00e9s Felipe Quijano Carvajal, Giorky Alexis Hern\u00e1ndez Oviedo, Edinson Horacio Bastidas Ayala, Jorge Iv\u00e1n Palacio Rodr\u00edguez y Jeferson Hernando N\u00fa\u00f1ez V\u00e1squez.<\/p>\n<p>Estas muertes se le atribuyen seg\u00fan los investigadores, a la lucha frontal por el control territorial por el tr\u00e1fico de estupefacientes y actividades delictivas conexas.<\/p>\n<p>Cabe anotar que Torroso fue detenido tras recobrar la libertad por vencimiento de t\u00e9rminos en otro caso por un homicidio cometido en el municipio del Guamo, en junio de 2022.<\/p>\n<p>Entretanto, \u00c1lvarez Palma, fue enviado a prisi\u00f3n por su presunta responsabilidad en los delitos de homicidio y lesiones personales en hechos ocurridos en la vereda Santa Teresa de L\u00edbano, el 22 de mayo de 2022 en donde presuntamente hiri\u00f3 con arma blanca a un hombre y habr\u00eda lesionado a su hermano en medio de un acto de intolerancia que desencaden\u00f3 una ri\u00f1a.<\/p>\n<p>Por su parte Andrey Var\u00f3n, 20 a\u00f1os de edad, est\u00e1 siendo investigado por los delitos de homicidio y porte ilegal de armas de fuego por homicidio y porte ilegal de armas de fuego, por hechos acaecidos el 14 de agosto de 2020 en la vereda La Loma, corregimiento\u00a0de Coello C\u00f3cora, zona rural de la capital tolimense, cuando presuntamente dispar\u00f3 con una escopeta a un hombre, de 49 a\u00f1os de edad, identificado como Enrique Loaiza Gonz\u00e1lez.<\/p>\n<p>La discusi\u00f3n se dio ante la reacci\u00f3n negativa que el hoy procesado tom\u00f3 cuando la v\u00edctima le reclam\u00f3 por estar cortejando a su hija menor de edad. De igual manera se le endilgaron cargos por la tentativa de homicidio en contra de un testigo de estos hechos quien fue agredida el 10 de noviembre del mismo a\u00f1o.<\/p>\n<p>Ninguno de los procesados acept\u00f3 los cargos enrostrados por los despachos que conocieron las investigaciones, y permanecer\u00e1n en centro carcelario mientras avanza la investigaci\u00f3n.<\/p>\n<p><strong>La Fiscal\u00eda habla con resultados.<\/strong><\/p>\n<p>&nbsp;<\/p>\n<p>&nbsp;<\/p>\n<p>&nbsp;<\/p>\n<p>&nbsp;<\/p>\n<p>&nbsp;<\/p>\n<p>&nbsp;<\/p>\n<p>PAAM\/VHGB\/NCM\/MCA\/AMBV\/DST<\/p>\n<p>&nbsp;<\/p>\n<p>&nbsp;<\/p>\n<p>&nbsp;<\/p>\n<p>&nbsp;<\/p>\n<div class=\"td-post-content tagdiv-type\">\n<div class=\"td-post-content tagdiv-type\">\n<div class=\"td-post-content tagdiv-type\">\n<div class=\"td-post-content tagdiv-type\">\n<p><em>La informaci\u00f3n contenida en este bolet\u00edn de prensa corresponde a la narraci\u00f3n de los hechos noticiosos objetivos, suministrados por los funcionarios encargados de adelantar las investigaciones penales al interior de la Fiscal\u00eda General de la Naci\u00f3n. Para el momento de la divulgaci\u00f3n de este comunicado, la situaci\u00f3n jur\u00eddica de la(s) persona(s) relacionada(s) se encuentra pendiente de resolver por la autoridad judicial competente, siempre bajo los preceptos de la presunci\u00f3n de inocencia, consagrados en el art\u00edculo 29 de la Constituci\u00f3n Pol\u00edtica y el art\u00edculo 7\u00ba de la Ley 906 de 2004.<\/em><\/p>\n<\/div>\n<\/div>\n<\/div>\n<\/div>\n\n<div class=\"twitter-share\"><a href=\"https:\/\/twitter.com\/intent\/tweet?via=fiscaliacol\" class=\"twitter-share-button\">Tweet<\/a><\/div>\n","protected":false},"excerpt":{"rendered":"<p>Entre los detenidos se encuentra alias Torroso presunto sicario al servicio del grupo de delincuencia organizada Los Caloche, con injerencia en El Espinal.\u00a0 Johan Smith Jim\u00e9nez Barrag\u00e1n, Edgar Arley \u00c1lvarez Palma y Maicol Andrey Var\u00f3n fueron privados de la libertad, por su presunta participaci\u00f3n en varios homicidios ocurridos en hechos aislados en los municipios tolimenses [&hellip;]<\/p>\n","protected":false},"author":177,"featured_media":0,"comment_status":"closed","ping_status":"open","sticky":false,"template":"","format":"standard","meta":{"_price":"","_stock":"","_tribe_ticket_header":"","_tribe_default_ticket_provider":"","_tribe_ticket_capacity":"0","_ticket_start_date":"","_ticket_end_date":"","_tribe_ticket_show_description":"","_tribe_ticket_show_not_going":false,"_tribe_ticket_use_global_stock":"","_tribe_ticket_global_stock_level":"","_global_stock_mode":"","_global_stock_cap":"","_tribe_rsvp_for_event":"","_tribe_ticket_going_count":"","_tribe_ticket_not_going_count":"","_tribe_tickets_list":"[]","_tribe_ticket_has_attendee_info_fields":false,"tdm_status":"","tdm_grid_status":"","footnotes":""},"categories":[1,329,303,24099],"tags":[34252,45,1047,409,23990,10846,1684,34253,30487,558,7061,4348,24211,30239,155],"class_list":{"0":"post-268709","1":"post","2":"type-post","3":"status-publish","4":"format-standard","6":"category-noticias","7":"category-seccional-ibague","8":"category-seccionales","9":"category-seguridad-territorial","10":"tag-concurso-de-homicidios","11":"tag-cti","12":"tag-fiscalia-general-de-la-nacion","13":"tag-homicidio","14":"tag-ibague-tolima","15":"tag-intolerancia","16":"tag-lesiones-personales","17":"tag-los-caloches","18":"tag-lucha-por-el-territorio","19":"tag-policia-nacional","20":"tag-porte-de-armas-de-fuego","21":"tag-rina","22":"tag-seccional-tolima","23":"tag-seguridad-territorial","24":"tag-trafico-de-estupefacientes"},"yoast_head":"<!-- This site is optimized with the Yoast SEO plugin v24.3 - https:\/\/yoast.com\/wordpress\/plugins\/seo\/ -->\n<title>Fiscal\u00eda General de la Naci\u00f3n<\/title>\n<meta name=\"description\" content=\"P\u00e1gina oficial de la Fiscal\u00eda General de la Naci\u00f3n \u2013 Colombia. Garantizamos el acceso efectivo a la justicia, la verdad y la reparaci\u00f3n de las v\u00edctimas de los delitos.\" \/>\n<meta name=\"robots\" content=\"noindex, follow\" \/>\n<meta property=\"og:locale\" content=\"es_ES\" \/>\n<meta property=\"og:type\" content=\"article\" \/>\n<meta property=\"og:title\" content=\"Fiscal\u00eda General de la Naci\u00f3n\" \/>\n<meta property=\"og:description\" content=\"P\u00e1gina oficial de la Fiscal\u00eda General de la Naci\u00f3n \u2013 Colombia. Garantizamos el acceso efectivo a la justicia, la verdad y la reparaci\u00f3n de las v\u00edctimas de los delitos.\" \/>\n<meta property=\"og:url\" content=\"https:\/\/www.fiscalia.gov.co\/colombia\/noticias\/tres-personas-fueron-enviadas-a-prision-por-su-presunta-responsabilidad-en-ocho-homicidios-cometidos-en-el-tolima\/\" \/>\n<meta property=\"og:site_name\" content=\"Fiscal\u00eda General de la Naci\u00f3n\" \/>\n<meta property=\"article:publisher\" content=\"https:\/\/www.facebook.com\/FiscaliaCol\" \/>\n<meta property=\"article:published_time\" content=\"2023-03-25T21:26:15+00:00\" \/>\n<meta name=\"author\" content=\"Jordan Leandro Oviedo Anzola\" \/>\n<meta name=\"twitter:card\" content=\"summary_large_image\" \/>\n<meta name=\"twitter:creator\" content=\"@FiscaliaCol\" \/>\n<meta name=\"twitter:site\" content=\"@FiscaliaCol\" \/>\n<meta name=\"twitter:label1\" content=\"Escrito por\" \/>\n\t<meta name=\"twitter:data1\" content=\"Jordan Leandro Oviedo Anzola\" \/>\n\t<meta name=\"twitter:label2\" content=\"Tiempo de lectura\" \/>\n\t<meta name=\"twitter:data2\" content=\"3 minutos\" \/>\n<script type=\"application\/ld+json\" class=\"yoast-schema-graph\">{\"@context\":\"https:\/\/schema.org\",\"@graph\":[{\"@type\":\"Article\",\"@id\":\"https:\/\/www.fiscalia.gov.co\/colombia\/noticias\/tres-personas-fueron-enviadas-a-prision-por-su-presunta-responsabilidad-en-ocho-homicidios-cometidos-en-el-tolima\/#article\",\"isPartOf\":{\"@id\":\"https:\/\/www.fiscalia.gov.co\/colombia\/noticias\/tres-personas-fueron-enviadas-a-prision-por-su-presunta-responsabilidad-en-ocho-homicidios-cometidos-en-el-tolima\/\"},\"author\":{\"name\":\"Jordan Leandro Oviedo Anzola\",\"@id\":\"https:\/\/www.fiscalia.gov.co\/colombia\/#\/schema\/person\/bf84402cf293a5393e9c70b111020b24\"},\"headline\":\"Tres personas fueron enviadas a prisi\u00f3n por su presunta responsabilidad en ocho homicidios cometidos en el Tolima\",\"datePublished\":\"2023-03-25T21:26:15+00:00\",\"dateModified\":\"2023-03-25T21:26:15+00:00\",\"mainEntityOfPage\":{\"@id\":\"https:\/\/www.fiscalia.gov.co\/colombia\/noticias\/tres-personas-fueron-enviadas-a-prision-por-su-presunta-responsabilidad-en-ocho-homicidios-cometidos-en-el-tolima\/\"},\"wordCount\":649,\"publisher\":{\"@id\":\"https:\/\/www.fiscalia.gov.co\/colombia\/#organization\"},\"keywords\":[\"concurso de homicidios\",\"CTI\",\"Fiscal\u00eda General de la Naci\u00f3n\",\"Homicidio\",\"Ibagu\u00e9 (Tolima)\",\"Intolerancia\",\"Lesiones personales\",\"los caloches\",\"lucha por el territorio\",\"Polic\u00eda Nacional\",\"Porte de armas de fuego\",\"Ri\u00f1a\",\"Seccional Tolima\",\"Seguridad territorial\",\"Tr\u00e1fico de estupefacientes\"],\"articleSection\":[\"Noticias\",\"Seccional Ibagu\u00e9\",\"Seccionales\",\"Seguridad territorial\"],\"inLanguage\":\"es-CO\"},{\"@type\":\"WebPage\",\"@id\":\"https:\/\/www.fiscalia.gov.co\/colombia\/noticias\/tres-personas-fueron-enviadas-a-prision-por-su-presunta-responsabilidad-en-ocho-homicidios-cometidos-en-el-tolima\/\",\"url\":\"https:\/\/www.fiscalia.gov.co\/colombia\/noticias\/tres-personas-fueron-enviadas-a-prision-por-su-presunta-responsabilidad-en-ocho-homicidios-cometidos-en-el-tolima\/\",\"name\":\"Fiscal\u00eda General de la Naci\u00f3n\",\"isPartOf\":{\"@id\":\"https:\/\/www.fiscalia.gov.co\/colombia\/#website\"},\"datePublished\":\"2023-03-25T21:26:15+00:00\",\"dateModified\":\"2023-03-25T21:26:15+00:00\",\"description\":\"P\u00e1gina oficial de la Fiscal\u00eda General de la Naci\u00f3n \u2013 Colombia. Garantizamos el acceso efectivo a la justicia, la verdad y la reparaci\u00f3n de las v\u00edctimas de los delitos.\",\"breadcrumb\":{\"@id\":\"https:\/\/www.fiscalia.gov.co\/colombia\/noticias\/tres-personas-fueron-enviadas-a-prision-por-su-presunta-responsabilidad-en-ocho-homicidios-cometidos-en-el-tolima\/#breadcrumb\"},\"inLanguage\":\"es-CO\",\"potentialAction\":[{\"@type\":\"ReadAction\",\"target\":[\"https:\/\/www.fiscalia.gov.co\/colombia\/noticias\/tres-personas-fueron-enviadas-a-prision-por-su-presunta-responsabilidad-en-ocho-homicidios-cometidos-en-el-tolima\/\"]}]},{\"@type\":\"BreadcrumbList\",\"@id\":\"https:\/\/www.fiscalia.gov.co\/colombia\/noticias\/tres-personas-fueron-enviadas-a-prision-por-su-presunta-responsabilidad-en-ocho-homicidios-cometidos-en-el-tolima\/#breadcrumb\",\"itemListElement\":[{\"@type\":\"ListItem\",\"position\":1,\"name\":\"Home\",\"item\":\"https:\/\/www.fiscalia.gov.co\/colombia\/\"},{\"@type\":\"ListItem\",\"position\":2,\"name\":\"Tres personas fueron enviadas a prisi\u00f3n por su presunta responsabilidad en ocho homicidios cometidos en el Tolima\"}]},{\"@type\":\"WebSite\",\"@id\":\"https:\/\/www.fiscalia.gov.co\/colombia\/#website\",\"url\":\"https:\/\/www.fiscalia.gov.co\/colombia\/\",\"name\":\"Fiscal\u00eda General de la Naci\u00f3n\",\"description\":\"P\u00e1gina oficial de la Fiscal\u00eda General de la Naci\u00f3n \u2013 Colombia. Garantizamos el acceso efectivo a la justicia, la verdad y la reparaci\u00f3n de las v\u00edctimas de los delitos.\",\"publisher\":{\"@id\":\"https:\/\/www.fiscalia.gov.co\/colombia\/#organization\"},\"potentialAction\":[{\"@type\":\"SearchAction\",\"target\":{\"@type\":\"EntryPoint\",\"urlTemplate\":\"https:\/\/www.fiscalia.gov.co\/colombia\/?s={search_term_string}\"},\"query-input\":{\"@type\":\"PropertyValueSpecification\",\"valueRequired\":true,\"valueName\":\"search_term_string\"}}],\"inLanguage\":\"es-CO\"},{\"@type\":\"Organization\",\"@id\":\"https:\/\/www.fiscalia.gov.co\/colombia\/#organization\",\"name\":\"Fiscal\u00eda General de la Naci\u00f3n\",\"url\":\"https:\/\/www.fiscalia.gov.co\/colombia\/\",\"logo\":{\"@type\":\"ImageObject\",\"inLanguage\":\"es-CO\",\"@id\":\"https:\/\/www.fiscalia.gov.co\/colombia\/#\/schema\/logo\/image\/\",\"url\":\"https:\/\/www.fiscalia.gov.co\/colombia\/wp-content\/uploads\/LogoHorizontal_1.jpg\",\"contentUrl\":\"https:\/\/www.fiscalia.gov.co\/colombia\/wp-content\/uploads\/LogoHorizontal_1.jpg\",\"width\":300,\"height\":90,\"caption\":\"Fiscal\u00eda General de la Naci\u00f3n\"},\"image\":{\"@id\":\"https:\/\/www.fiscalia.gov.co\/colombia\/#\/schema\/logo\/image\/\"},\"sameAs\":[\"https:\/\/www.facebook.com\/FiscaliaCol\",\"https:\/\/x.com\/FiscaliaCol\",\"https:\/\/www.instagram.com\/fiscaliacol\",\"https:\/\/www.linkedin.com\/company\/fiscalia-general-de-la-naci-n\/\",\"https:\/\/youtube.com\/@fiscaliageneraldelanacion-4668?si=6nN79nyQICPU5iTh\"]},{\"@type\":\"Person\",\"@id\":\"https:\/\/www.fiscalia.gov.co\/colombia\/#\/schema\/person\/bf84402cf293a5393e9c70b111020b24\",\"name\":\"Jordan Leandro Oviedo Anzola\",\"image\":{\"@type\":\"ImageObject\",\"inLanguage\":\"es-CO\",\"@id\":\"https:\/\/www.fiscalia.gov.co\/colombia\/#\/schema\/person\/image\/\",\"url\":\"https:\/\/secure.gravatar.com\/avatar\/dabba4346fa9b9207d96adafa8f92721?s=96&d=mm&r=g\",\"contentUrl\":\"https:\/\/secure.gravatar.com\/avatar\/dabba4346fa9b9207d96adafa8f92721?s=96&d=mm&r=g\",\"caption\":\"Jordan Leandro Oviedo Anzola\"},\"url\":\"https:\/\/www.fiscalia.gov.co\/colombia\/author\/joviedo\/\"}]}<\/script>\n<!-- \/ Yoast SEO plugin. -->","yoast_head_json":{"title":"Fiscal\u00eda General de la Naci\u00f3n","description":"P\u00e1gina oficial de la Fiscal\u00eda General de la Naci\u00f3n \u2013 Colombia. Garantizamos el acceso efectivo a la justicia, la verdad y la reparaci\u00f3n de las v\u00edctimas de los delitos.","robots":{"index":"noindex","follow":"follow"},"og_locale":"es_ES","og_type":"article","og_title":"Fiscal\u00eda General de la Naci\u00f3n","og_description":"P\u00e1gina oficial de la Fiscal\u00eda General de la Naci\u00f3n \u2013 Colombia. Garantizamos el acceso efectivo a la justicia, la verdad y la reparaci\u00f3n de las v\u00edctimas de los delitos.","og_url":"https:\/\/www.fiscalia.gov.co\/colombia\/noticias\/tres-personas-fueron-enviadas-a-prision-por-su-presunta-responsabilidad-en-ocho-homicidios-cometidos-en-el-tolima\/","og_site_name":"Fiscal\u00eda General de la Naci\u00f3n","article_publisher":"https:\/\/www.facebook.com\/FiscaliaCol","article_published_time":"2023-03-25T21:26:15+00:00","author":"Jordan Leandro Oviedo Anzola","twitter_card":"summary_large_image","twitter_creator":"@FiscaliaCol","twitter_site":"@FiscaliaCol","twitter_misc":{"Escrito por":"Jordan Leandro Oviedo Anzola","Tiempo de lectura":"3 minutos"},"schema":{"@context":"https:\/\/schema.org","@graph":[{"@type":"Article","@id":"https:\/\/www.fiscalia.gov.co\/colombia\/noticias\/tres-personas-fueron-enviadas-a-prision-por-su-presunta-responsabilidad-en-ocho-homicidios-cometidos-en-el-tolima\/#article","isPartOf":{"@id":"https:\/\/www.fiscalia.gov.co\/colombia\/noticias\/tres-personas-fueron-enviadas-a-prision-por-su-presunta-responsabilidad-en-ocho-homicidios-cometidos-en-el-tolima\/"},"author":{"name":"Jordan Leandro Oviedo Anzola","@id":"https:\/\/www.fiscalia.gov.co\/colombia\/#\/schema\/person\/bf84402cf293a5393e9c70b111020b24"},"headline":"Tres personas fueron enviadas a prisi\u00f3n por su presunta responsabilidad en ocho homicidios cometidos en el Tolima","datePublished":"2023-03-25T21:26:15+00:00","dateModified":"2023-03-25T21:26:15+00:00","mainEntityOfPage":{"@id":"https:\/\/www.fiscalia.gov.co\/colombia\/noticias\/tres-personas-fueron-enviadas-a-prision-por-su-presunta-responsabilidad-en-ocho-homicidios-cometidos-en-el-tolima\/"},"wordCount":649,"publisher":{"@id":"https:\/\/www.fiscalia.gov.co\/colombia\/#organization"},"keywords":["concurso de homicidios","CTI","Fiscal\u00eda General de la Naci\u00f3n","Homicidio","Ibagu\u00e9 (Tolima)","Intolerancia","Lesiones personales","los caloches","lucha por el territorio","Polic\u00eda Nacional","Porte de armas de fuego","Ri\u00f1a","Seccional Tolima","Seguridad territorial","Tr\u00e1fico de estupefacientes"],"articleSection":["Noticias","Seccional Ibagu\u00e9","Seccionales","Seguridad territorial"],"inLanguage":"es-CO"},{"@type":"WebPage","@id":"https:\/\/www.fiscalia.gov.co\/colombia\/noticias\/tres-personas-fueron-enviadas-a-prision-por-su-presunta-responsabilidad-en-ocho-homicidios-cometidos-en-el-tolima\/","url":"https:\/\/www.fiscalia.gov.co\/colombia\/noticias\/tres-personas-fueron-enviadas-a-prision-por-su-presunta-responsabilidad-en-ocho-homicidios-cometidos-en-el-tolima\/","name":"Fiscal\u00eda General de la Naci\u00f3n","isPartOf":{"@id":"https:\/\/www.fiscalia.gov.co\/colombia\/#website"},"datePublished":"2023-03-25T21:26:15+00:00","dateModified":"2023-03-25T21:26:15+00:00","description":"P\u00e1gina oficial de la Fiscal\u00eda General de la Naci\u00f3n \u2013 Colombia. Garantizamos el acceso efectivo a la justicia, la verdad y la reparaci\u00f3n de las v\u00edctimas de los delitos.","breadcrumb":{"@id":"https:\/\/www.fiscalia.gov.co\/colombia\/noticias\/tres-personas-fueron-enviadas-a-prision-por-su-presunta-responsabilidad-en-ocho-homicidios-cometidos-en-el-tolima\/#breadcrumb"},"inLanguage":"es-CO","potentialAction":[{"@type":"ReadAction","target":["https:\/\/www.fiscalia.gov.co\/colombia\/noticias\/tres-personas-fueron-enviadas-a-prision-por-su-presunta-responsabilidad-en-ocho-homicidios-cometidos-en-el-tolima\/"]}]},{"@type":"BreadcrumbList","@id":"https:\/\/www.fiscalia.gov.co\/colombia\/noticias\/tres-personas-fueron-enviadas-a-prision-por-su-presunta-responsabilidad-en-ocho-homicidios-cometidos-en-el-tolima\/#breadcrumb","itemListElement":[{"@type":"ListItem","position":1,"name":"Home","item":"https:\/\/www.fiscalia.gov.co\/colombia\/"},{"@type":"ListItem","position":2,"name":"Tres personas fueron enviadas a prisi\u00f3n por su presunta responsabilidad en ocho homicidios cometidos en el Tolima"}]},{"@type":"WebSite","@id":"https:\/\/www.fiscalia.gov.co\/colombia\/#website","url":"https:\/\/www.fiscalia.gov.co\/colombia\/","name":"Fiscal\u00eda General de la Naci\u00f3n","description":"P\u00e1gina oficial de la Fiscal\u00eda General de la Naci\u00f3n \u2013 Colombia. Garantizamos el acceso efectivo a la justicia, la verdad y la reparaci\u00f3n de las v\u00edctimas de los delitos.","publisher":{"@id":"https:\/\/www.fiscalia.gov.co\/colombia\/#organization"},"potentialAction":[{"@type":"SearchAction","target":{"@type":"EntryPoint","urlTemplate":"https:\/\/www.fiscalia.gov.co\/colombia\/?s={search_term_string}"},"query-input":{"@type":"PropertyValueSpecification","valueRequired":true,"valueName":"search_term_string"}}],"inLanguage":"es-CO"},{"@type":"Organization","@id":"https:\/\/www.fiscalia.gov.co\/colombia\/#organization","name":"Fiscal\u00eda General de la Naci\u00f3n","url":"https:\/\/www.fiscalia.gov.co\/colombia\/","logo":{"@type":"ImageObject","inLanguage":"es-CO","@id":"https:\/\/www.fiscalia.gov.co\/colombia\/#\/schema\/logo\/image\/","url":"https:\/\/www.fiscalia.gov.co\/colombia\/wp-content\/uploads\/LogoHorizontal_1.jpg","contentUrl":"https:\/\/www.fiscalia.gov.co\/colombia\/wp-content\/uploads\/LogoHorizontal_1.jpg","width":300,"height":90,"caption":"Fiscal\u00eda General de la Naci\u00f3n"},"image":{"@id":"https:\/\/www.fiscalia.gov.co\/colombia\/#\/schema\/logo\/image\/"},"sameAs":["https:\/\/www.facebook.com\/FiscaliaCol","https:\/\/x.com\/FiscaliaCol","https:\/\/www.instagram.com\/fiscaliacol","https:\/\/www.linkedin.com\/company\/fiscalia-general-de-la-naci-n\/","https:\/\/youtube.com\/@fiscaliageneraldelanacion-4668?si=6nN79nyQICPU5iTh"]},{"@type":"Person","@id":"https:\/\/www.fiscalia.gov.co\/colombia\/#\/schema\/person\/bf84402cf293a5393e9c70b111020b24","name":"Jordan Leandro Oviedo Anzola","image":{"@type":"ImageObject","inLanguage":"es-CO","@id":"https:\/\/www.fiscalia.gov.co\/colombia\/#\/schema\/person\/image\/","url":"https:\/\/secure.gravatar.com\/avatar\/dabba4346fa9b9207d96adafa8f92721?s=96&d=mm&r=g","contentUrl":"https:\/\/secure.gravatar.com\/avatar\/dabba4346fa9b9207d96adafa8f92721?s=96&d=mm&r=g","caption":"Jordan Leandro Oviedo Anzola"},"url":"https:\/\/www.fiscalia.gov.co\/colombia\/author\/joviedo\/"}]}},"_links":{"self":[{"href":"https:\/\/www.fiscalia.gov.co\/colombia\/wp-json\/wp\/v2\/posts\/268709","targetHints":{"allow":["GET"]}}],"collection":[{"href":"https:\/\/www.fiscalia.gov.co\/colombia\/wp-json\/wp\/v2\/posts"}],"about":[{"href":"https:\/\/www.fiscalia.gov.co\/colombia\/wp-json\/wp\/v2\/types\/post"}],"author":[{"embeddable":true,"href":"https:\/\/www.fiscalia.gov.co\/colombia\/wp-json\/wp\/v2\/users\/177"}],"replies":[{"embeddable":true,"href":"https:\/\/www.fiscalia.gov.co\/colombia\/wp-json\/wp\/v2\/comments?post=268709"}],"version-history":[{"count":1,"href":"https:\/\/www.fiscalia.gov.co\/colombia\/wp-json\/wp\/v2\/posts\/268709\/revisions"}],"predecessor-version":[{"id":268710,"href":"https:\/\/www.fiscalia.gov.co\/colombia\/wp-json\/wp\/v2\/posts\/268709\/revisions\/268710"}],"wp:attachment":[{"href":"https:\/\/www.fiscalia.gov.co\/colombia\/wp-json\/wp\/v2\/media?parent=268709"}],"wp:term":[{"taxonomy":"category","embeddable":true,"href":"https:\/\/www.fiscalia.gov.co\/colombia\/wp-json\/wp\/v2\/categories?post=268709"},{"taxonomy":"post_tag","embeddable":true,"href":"https:\/\/www.fiscalia.gov.co\/colombia\/wp-json\/wp\/v2\/tags?post=268709"}],"curies":[{"name":"wp","href":"https:\/\/api.w.org\/{rel}","templated":true}]}}