{"id":268670,"date":"2023-03-24T16:27:20","date_gmt":"2023-03-24T21:27:20","guid":{"rendered":"https:\/\/www.fiscalia.gov.co\/colombia\/?p=268670"},"modified":"2023-03-27T15:52:33","modified_gmt":"2023-03-27T20:52:33","slug":"aseguradas-dos-personas-que-al-parecer-transportaban-mas-de-7-000-cartuchos-y-armas-en-un-vehiculo","status":"publish","type":"post","link":"https:\/\/www.fiscalia.gov.co\/colombia\/noticias\/aseguradas-dos-personas-que-al-parecer-transportaban-mas-de-7-000-cartuchos-y-armas-en-un-vehiculo\/","title":{"rendered":"Aseguradas dos personas que, al parecer, transportaban m\u00e1s de 7.000 cartuchos y armas en un veh\u00edculo"},"content":{"rendered":"<p><span lang=\"ES\">En un trabajo articulado entre el Cuerpo T\u00e9cnico de Investigaci\u00f3n y el Ej\u00e9rcito Nacional fueron capturadas y judicializadas Sandro Pi\u00f1a Le\u00f3n y Mar\u00eda Ingrid Hern\u00e1ndez Londo\u00f1o; presuntamente, responsables de ocultar en un veh\u00edculo armas, municiones y material de intendencia. <\/span><\/p>\n<p><span lang=\"ES\">Seg\u00fan la investigaci\u00f3n, las dos personas fueron requeridas en un puesto de control instalado por las autoridades en el sector del Cable, vereda el Cedro del corregimiento Bruselas en Pitalito (Huila).\u00a0<\/span><\/p>\n<figure id=\"attachment_268671\" aria-describedby=\"caption-attachment-268671\" style=\"width: 435px\" class=\"wp-caption aligncenter\"><img loading=\"lazy\" decoding=\"async\" class=\" wp-image-268671\" src=\"https:\/\/www.fiscalia.gov.co\/colombia\/wp-content\/uploads\/Sandro-Pina-Leon-y-Maria-Ingrid-Hernandez-Londono-300x169.jpeg\" alt=\" En la fotograf\u00eda aparecen dos capturados, junto a personal de Fiscal\u00eda General de la Naci\u00f3n y Ejercito Nacional. En la parte posterior de la imagen se ven banners de Ejercito Nacional y la Fiscal\u00eda General de la Naci\u00f3n. \" width=\"435\" height=\"245\" srcset=\"https:\/\/www.fiscalia.gov.co\/colombia\/wp-content\/uploads\/Sandro-Pina-Leon-y-Maria-Ingrid-Hernandez-Londono-300x169.jpeg 300w, https:\/\/www.fiscalia.gov.co\/colombia\/wp-content\/uploads\/Sandro-Pina-Leon-y-Maria-Ingrid-Hernandez-Londono-1024x576.jpeg 1024w, https:\/\/www.fiscalia.gov.co\/colombia\/wp-content\/uploads\/Sandro-Pina-Leon-y-Maria-Ingrid-Hernandez-Londono-768x432.jpeg 768w, https:\/\/www.fiscalia.gov.co\/colombia\/wp-content\/uploads\/Sandro-Pina-Leon-y-Maria-Ingrid-Hernandez-Londono-1536x864.jpeg 1536w, https:\/\/www.fiscalia.gov.co\/colombia\/wp-content\/uploads\/Sandro-Pina-Leon-y-Maria-Ingrid-Hernandez-Londono-696x392.jpeg 696w, https:\/\/www.fiscalia.gov.co\/colombia\/wp-content\/uploads\/Sandro-Pina-Leon-y-Maria-Ingrid-Hernandez-Londono-1068x601.jpeg 1068w, https:\/\/www.fiscalia.gov.co\/colombia\/wp-content\/uploads\/Sandro-Pina-Leon-y-Maria-Ingrid-Hernandez-Londono-747x420.jpeg 747w, https:\/\/www.fiscalia.gov.co\/colombia\/wp-content\/uploads\/Sandro-Pina-Leon-y-Maria-Ingrid-Hernandez-Londono.jpeg 1600w\" sizes=\"auto, (max-width: 435px) 100vw, 435px\" \/><figcaption id=\"caption-attachment-268671\" class=\"wp-caption-text\">Sandro Pi\u00f1a Le\u00f3n y Mar\u00eda Ingrid Hern\u00e1ndez Londo\u00f1o se movilizaban en un furg\u00f3n con m\u00e1s de 7.000 cartuchos calibre 5.56.<\/figcaption><\/figure>\n<p><span lang=\"ES\">Los hechos se presentaron el pasado 20 de marzo cuando Pi\u00f1a Le\u00f3n y Hern\u00e1ndez Londo\u00f1o se movilizaban en un\u00a0<\/span>furg\u00f3n que cubr\u00eda la ruta Bogot\u00e1 \u2013 Putumayo, siendo requerido el veh\u00edculo para inspecciones de rutina.<\/p>\n<p>Los uniformados detectaron tras las sillas de la cabina estaban 7.500 cartuchos calibre 5.56 mm, los cuales estaban depositados dentro de 11 paquetes, 2 tulas y 37 cananas.\u00a0\u00a0Tambi\u00e9n fueron encontradas tres pistolas y un ca\u00f1\u00f3n de fusil.<\/p>\n<figure id=\"attachment_268672\" aria-describedby=\"caption-attachment-268672\" style=\"width: 353px\" class=\"wp-caption aligncenter\"><img loading=\"lazy\" decoding=\"async\" class=\" wp-image-268672\" src=\"https:\/\/www.fiscalia.gov.co\/colombia\/wp-content\/uploads\/capturados-con-7.500-cartuchos-Pitalito-300x169.jpeg\" alt=\"En la fotograf\u00eda aparecen dos capturados, junto a personal de Fiscal\u00eda General de la Naci\u00f3n y Ejercito Nacional. En la parte posterior de la imagen se ven banners de Ejercito Nacional y la Fiscal\u00eda General de la Naci\u00f3n. \" width=\"353\" height=\"199\" srcset=\"https:\/\/www.fiscalia.gov.co\/colombia\/wp-content\/uploads\/capturados-con-7.500-cartuchos-Pitalito-300x169.jpeg 300w, https:\/\/www.fiscalia.gov.co\/colombia\/wp-content\/uploads\/capturados-con-7.500-cartuchos-Pitalito-1024x576.jpeg 1024w, https:\/\/www.fiscalia.gov.co\/colombia\/wp-content\/uploads\/capturados-con-7.500-cartuchos-Pitalito-768x432.jpeg 768w, https:\/\/www.fiscalia.gov.co\/colombia\/wp-content\/uploads\/capturados-con-7.500-cartuchos-Pitalito-1536x864.jpeg 1536w, https:\/\/www.fiscalia.gov.co\/colombia\/wp-content\/uploads\/capturados-con-7.500-cartuchos-Pitalito-696x392.jpeg 696w, https:\/\/www.fiscalia.gov.co\/colombia\/wp-content\/uploads\/capturados-con-7.500-cartuchos-Pitalito-1068x601.jpeg 1068w, https:\/\/www.fiscalia.gov.co\/colombia\/wp-content\/uploads\/capturados-con-7.500-cartuchos-Pitalito-747x420.jpeg 747w, https:\/\/www.fiscalia.gov.co\/colombia\/wp-content\/uploads\/capturados-con-7.500-cartuchos-Pitalito.jpeg 1600w\" sizes=\"auto, (max-width: 353px) 100vw, 353px\" \/><figcaption id=\"caption-attachment-268672\" class=\"wp-caption-text\">Su captura la materializaron mimebros del CTI en conjunto con Ej\u00e9rcito Nacional en el sector del Cable, vereda el Cedro del corregimiento Bruselas en Pitalito (Huila).<\/figcaption><\/figure>\n<p><span lang=\"ES\">La Fiscal\u00eda imput\u00f3 a los procesados como presuntos coautores de los delitos de <\/span>fabricaci\u00f3n, tr\u00e1fico y porte de armas de fuego o municiones, y fabricaci\u00f3n, tr\u00e1fico y porte de armas, municiones de uso restringido, de uso privativo de las fuerzas armadas o explosivos; cargos que no fueron aceptados por los investigados.<\/p>\n<figure id=\"attachment_268673\" aria-describedby=\"caption-attachment-268673\" style=\"width: 357px\" class=\"wp-caption aligncenter\"><img loading=\"lazy\" decoding=\"async\" class=\" wp-image-268673\" src=\"https:\/\/www.fiscalia.gov.co\/colombia\/wp-content\/uploads\/material-incautado-Pitalito-300x169.jpeg\" alt=\"En la fotograf\u00eda aparecen armas, cananas, bolsas negras y dos tulas . En la parte posterior de la imagen se ven banners de Ejercito Nacional y la Fiscal\u00eda General de la Naci\u00f3n. \" width=\"357\" height=\"201\" srcset=\"https:\/\/www.fiscalia.gov.co\/colombia\/wp-content\/uploads\/material-incautado-Pitalito-300x169.jpeg 300w, https:\/\/www.fiscalia.gov.co\/colombia\/wp-content\/uploads\/material-incautado-Pitalito-1024x576.jpeg 1024w, https:\/\/www.fiscalia.gov.co\/colombia\/wp-content\/uploads\/material-incautado-Pitalito-768x432.jpeg 768w, https:\/\/www.fiscalia.gov.co\/colombia\/wp-content\/uploads\/material-incautado-Pitalito-1536x864.jpeg 1536w, https:\/\/www.fiscalia.gov.co\/colombia\/wp-content\/uploads\/material-incautado-Pitalito-696x392.jpeg 696w, https:\/\/www.fiscalia.gov.co\/colombia\/wp-content\/uploads\/material-incautado-Pitalito-1068x601.jpeg 1068w, https:\/\/www.fiscalia.gov.co\/colombia\/wp-content\/uploads\/material-incautado-Pitalito-747x420.jpeg 747w, https:\/\/www.fiscalia.gov.co\/colombia\/wp-content\/uploads\/material-incautado-Pitalito.jpeg 1600w\" sizes=\"auto, (max-width: 357px) 100vw, 357px\" \/><figcaption id=\"caption-attachment-268673\" class=\"wp-caption-text\">En el operativo se incaut\u00f3 abundante munici\u00f3n, tres pistolas y un ca\u00f1\u00f3n de fusil.<\/figcaption><\/figure>\n<p>Por determinaci\u00f3n del juez, Pi\u00f1a Le\u00f3n, de 37 a\u00f1os, deber\u00e1 permanecer privado de la libertad en un centro carcelario; mientras Hern\u00e1ndez Londo\u00f1o, de 42 a\u00f1os, fue privada de la libertad en su lugar de residencia.<\/p>\n<p><b>La Fiscal\u00eda habla con resultados.\u00a0<\/b><\/p>\n<p>&nbsp;<\/p>\n<p>&nbsp;<\/p>\n<p>&nbsp;<\/p>\n<p>&nbsp;<\/p>\n<p>LMGM\/MAGA\/DFHI\/DSH<\/p>\n<p>&nbsp;<\/p>\n<p align=\"center\"><b>\u00a0<\/b><\/p>\n<p><i>La informaci\u00f3n contenida en este bolet\u00edn de prensa corresponde a la narraci\u00f3n de los hechos noticiosos objetivos, suministrados por los funcionarios encargados de adelantar las investigaciones penales al interior de la Fiscal\u00eda General de la Naci\u00f3n. Para el momento de la divulgaci\u00f3n de este comunicado, la situaci\u00f3n jur\u00eddica de la(s) persona(s) relacionada(s) se encuentra pendiente de resolver por la autoridad judicial competente, siempre bajo los preceptos de la presunci\u00f3n de inocencia, consagrados en el art\u00edculo 29 de la Constituci\u00f3n Pol\u00edtica y el art\u00edculo 7\u00ba de la Ley 906 de 2004.\u00a0<\/i><\/p>\n\n<div class=\"twitter-share\"><a href=\"https:\/\/twitter.com\/intent\/tweet?via=fiscaliacol\" class=\"twitter-share-button\">Tweet<\/a><\/div>\n","protected":false},"excerpt":{"rendered":"<p>En un trabajo articulado entre el Cuerpo T\u00e9cnico de Investigaci\u00f3n y el Ej\u00e9rcito Nacional fueron capturadas y judicializadas Sandro Pi\u00f1a Le\u00f3n y Mar\u00eda Ingrid Hern\u00e1ndez Londo\u00f1o; presuntamente, responsables de ocultar en un veh\u00edculo armas, municiones y material de intendencia. Seg\u00fan la investigaci\u00f3n, las dos personas fueron requeridas en un puesto de control instalado por las [&hellip;]<\/p>\n","protected":false},"author":178,"featured_media":0,"comment_status":"closed","ping_status":"open","sticky":false,"template":"","format":"video","meta":{"_price":"","_stock":"","_tribe_ticket_header":"","_tribe_default_ticket_provider":"","_tribe_ticket_capacity":"0","_ticket_start_date":"","_ticket_end_date":"","_tribe_ticket_show_description":"","_tribe_ticket_show_not_going":false,"_tribe_ticket_use_global_stock":"","_tribe_ticket_global_stock_level":"","_global_stock_mode":"","_global_stock_cap":"","_tribe_rsvp_for_event":"","_tribe_ticket_going_count":"","_tribe_ticket_not_going_count":"","_tribe_tickets_list":"[]","_tribe_ticket_has_attendee_info_fields":false,"tdm_status":"","tdm_grid_status":"","footnotes":""},"categories":[1,333,303,24099],"tags":[1704,45,24185,1047,8788,34236,6194,25069,2723,31812,17808,19678],"class_list":{"0":"post-268670","1":"post","2":"type-post","3":"status-publish","4":"format-video","6":"category-noticias","7":"category-seccional-neiva","8":"category-seccionales","9":"category-seguridad-territorial","10":"tag-armas","11":"tag-cti","12":"tag-fiscal-barbosa","13":"tag-fiscalia-general-de-la-nacion","14":"tag-fusil","15":"tag-material-intendencia","16":"tag-municion","17":"tag-municiones-de-uso-restringido","18":"tag-pitalito","19":"tag-pitalito-huila","20":"tag-porte-de-armas-de-fuego-o-municiones","21":"tag-zona-rural","22":"post_format-post-format-video"},"yoast_head":"<!-- This site is optimized with the Yoast SEO plugin v24.3 - https:\/\/yoast.com\/wordpress\/plugins\/seo\/ -->\n<title>Fiscal\u00eda General de la Naci\u00f3n<\/title>\n<meta name=\"description\" content=\"P\u00e1gina oficial de la Fiscal\u00eda General de la Naci\u00f3n \u2013 Colombia. Garantizamos el acceso efectivo a la justicia, la verdad y la reparaci\u00f3n de las v\u00edctimas de los delitos.\" \/>\n<meta name=\"robots\" content=\"noindex, follow\" \/>\n<meta property=\"og:locale\" content=\"es_ES\" \/>\n<meta property=\"og:type\" content=\"article\" \/>\n<meta property=\"og:title\" content=\"Fiscal\u00eda General de la Naci\u00f3n\" \/>\n<meta property=\"og:description\" content=\"P\u00e1gina oficial de la Fiscal\u00eda General de la Naci\u00f3n \u2013 Colombia. Garantizamos el acceso efectivo a la justicia, la verdad y la reparaci\u00f3n de las v\u00edctimas de los delitos.\" \/>\n<meta property=\"og:url\" content=\"https:\/\/www.fiscalia.gov.co\/colombia\/noticias\/aseguradas-dos-personas-que-al-parecer-transportaban-mas-de-7-000-cartuchos-y-armas-en-un-vehiculo\/\" \/>\n<meta property=\"og:site_name\" content=\"Fiscal\u00eda General de la Naci\u00f3n\" \/>\n<meta property=\"article:publisher\" content=\"https:\/\/www.facebook.com\/FiscaliaCol\" \/>\n<meta property=\"article:published_time\" content=\"2023-03-24T21:27:20+00:00\" \/>\n<meta property=\"article:modified_time\" content=\"2023-03-27T20:52:33+00:00\" \/>\n<meta property=\"og:image\" content=\"https:\/\/www.fiscalia.gov.co\/colombia\/wp-content\/uploads\/Sandro-Pina-Leon-y-Maria-Ingrid-Hernandez-Londono-300x169.jpeg\" \/>\n<meta name=\"author\" content=\"Winnie Geraldine Rodr\u00edguez Navarrete\" \/>\n<meta name=\"twitter:card\" content=\"summary_large_image\" \/>\n<meta name=\"twitter:creator\" content=\"@FiscaliaCol\" \/>\n<meta name=\"twitter:site\" content=\"@FiscaliaCol\" \/>\n<meta name=\"twitter:label1\" content=\"Escrito por\" \/>\n\t<meta name=\"twitter:data1\" content=\"Winnie Geraldine Rodr\u00edguez Navarrete\" \/>\n\t<meta name=\"twitter:label2\" content=\"Tiempo de lectura\" \/>\n\t<meta name=\"twitter:data2\" content=\"2 minutos\" \/>\n<script type=\"application\/ld+json\" class=\"yoast-schema-graph\">{\"@context\":\"https:\/\/schema.org\",\"@graph\":[{\"@type\":\"Article\",\"@id\":\"https:\/\/www.fiscalia.gov.co\/colombia\/noticias\/aseguradas-dos-personas-que-al-parecer-transportaban-mas-de-7-000-cartuchos-y-armas-en-un-vehiculo\/#article\",\"isPartOf\":{\"@id\":\"https:\/\/www.fiscalia.gov.co\/colombia\/noticias\/aseguradas-dos-personas-que-al-parecer-transportaban-mas-de-7-000-cartuchos-y-armas-en-un-vehiculo\/\"},\"author\":{\"name\":\"Winnie Geraldine Rodr\u00edguez Navarrete\",\"@id\":\"https:\/\/www.fiscalia.gov.co\/colombia\/#\/schema\/person\/176195b99ebab0a52aafa15197e1bf80\"},\"headline\":\"Aseguradas dos personas que, al parecer, transportaban m\u00e1s de 7.000 cartuchos y armas en un veh\u00edculo\",\"datePublished\":\"2023-03-24T21:27:20+00:00\",\"dateModified\":\"2023-03-27T20:52:33+00:00\",\"mainEntityOfPage\":{\"@id\":\"https:\/\/www.fiscalia.gov.co\/colombia\/noticias\/aseguradas-dos-personas-que-al-parecer-transportaban-mas-de-7-000-cartuchos-y-armas-en-un-vehiculo\/\"},\"wordCount\":475,\"publisher\":{\"@id\":\"https:\/\/www.fiscalia.gov.co\/colombia\/#organization\"},\"image\":{\"@id\":\"https:\/\/www.fiscalia.gov.co\/colombia\/noticias\/aseguradas-dos-personas-que-al-parecer-transportaban-mas-de-7-000-cartuchos-y-armas-en-un-vehiculo\/#primaryimage\"},\"thumbnailUrl\":\"https:\/\/www.fiscalia.gov.co\/colombia\/wp-content\/uploads\/Sandro-Pina-Leon-y-Maria-Ingrid-Hernandez-Londono-300x169.jpeg\",\"keywords\":[\"Armas\",\"CTI\",\"Fiscal Barbosa\",\"Fiscal\u00eda General de la Naci\u00f3n\",\"Fusil\",\"material intendencia\",\"Munici\u00f3n\",\"municiones de uso restringido\",\"Pitalito\",\"Pitalito (Huila)\",\"porte de armas de fuego o municiones\",\"Zona rural\"],\"articleSection\":[\"Noticias\",\"Seccional Neiva\",\"Seccionales\",\"Seguridad territorial\"],\"inLanguage\":\"es-CO\"},{\"@type\":\"WebPage\",\"@id\":\"https:\/\/www.fiscalia.gov.co\/colombia\/noticias\/aseguradas-dos-personas-que-al-parecer-transportaban-mas-de-7-000-cartuchos-y-armas-en-un-vehiculo\/\",\"url\":\"https:\/\/www.fiscalia.gov.co\/colombia\/noticias\/aseguradas-dos-personas-que-al-parecer-transportaban-mas-de-7-000-cartuchos-y-armas-en-un-vehiculo\/\",\"name\":\"Fiscal\u00eda General de la Naci\u00f3n\",\"isPartOf\":{\"@id\":\"https:\/\/www.fiscalia.gov.co\/colombia\/#website\"},\"primaryImageOfPage\":{\"@id\":\"https:\/\/www.fiscalia.gov.co\/colombia\/noticias\/aseguradas-dos-personas-que-al-parecer-transportaban-mas-de-7-000-cartuchos-y-armas-en-un-vehiculo\/#primaryimage\"},\"image\":{\"@id\":\"https:\/\/www.fiscalia.gov.co\/colombia\/noticias\/aseguradas-dos-personas-que-al-parecer-transportaban-mas-de-7-000-cartuchos-y-armas-en-un-vehiculo\/#primaryimage\"},\"thumbnailUrl\":\"https:\/\/www.fiscalia.gov.co\/colombia\/wp-content\/uploads\/Sandro-Pina-Leon-y-Maria-Ingrid-Hernandez-Londono-300x169.jpeg\",\"datePublished\":\"2023-03-24T21:27:20+00:00\",\"dateModified\":\"2023-03-27T20:52:33+00:00\",\"description\":\"P\u00e1gina oficial de la Fiscal\u00eda General de la Naci\u00f3n \u2013 Colombia. Garantizamos el acceso efectivo a la justicia, la verdad y la reparaci\u00f3n de las v\u00edctimas de los delitos.\",\"breadcrumb\":{\"@id\":\"https:\/\/www.fiscalia.gov.co\/colombia\/noticias\/aseguradas-dos-personas-que-al-parecer-transportaban-mas-de-7-000-cartuchos-y-armas-en-un-vehiculo\/#breadcrumb\"},\"inLanguage\":\"es-CO\",\"potentialAction\":[{\"@type\":\"ReadAction\",\"target\":[\"https:\/\/www.fiscalia.gov.co\/colombia\/noticias\/aseguradas-dos-personas-que-al-parecer-transportaban-mas-de-7-000-cartuchos-y-armas-en-un-vehiculo\/\"]}]},{\"@type\":\"ImageObject\",\"inLanguage\":\"es-CO\",\"@id\":\"https:\/\/www.fiscalia.gov.co\/colombia\/noticias\/aseguradas-dos-personas-que-al-parecer-transportaban-mas-de-7-000-cartuchos-y-armas-en-un-vehiculo\/#primaryimage\",\"url\":\"https:\/\/www.fiscalia.gov.co\/colombia\/wp-content\/uploads\/Sandro-Pina-Leon-y-Maria-Ingrid-Hernandez-Londono-300x169.jpeg\",\"contentUrl\":\"https:\/\/www.fiscalia.gov.co\/colombia\/wp-content\/uploads\/Sandro-Pina-Leon-y-Maria-Ingrid-Hernandez-Londono-300x169.jpeg\"},{\"@type\":\"BreadcrumbList\",\"@id\":\"https:\/\/www.fiscalia.gov.co\/colombia\/noticias\/aseguradas-dos-personas-que-al-parecer-transportaban-mas-de-7-000-cartuchos-y-armas-en-un-vehiculo\/#breadcrumb\",\"itemListElement\":[{\"@type\":\"ListItem\",\"position\":1,\"name\":\"Home\",\"item\":\"https:\/\/www.fiscalia.gov.co\/colombia\/\"},{\"@type\":\"ListItem\",\"position\":2,\"name\":\"Aseguradas dos personas que, al parecer, transportaban m\u00e1s de 7.000 cartuchos y armas en un veh\u00edculo\"}]},{\"@type\":\"WebSite\",\"@id\":\"https:\/\/www.fiscalia.gov.co\/colombia\/#website\",\"url\":\"https:\/\/www.fiscalia.gov.co\/colombia\/\",\"name\":\"Fiscal\u00eda General de la Naci\u00f3n\",\"description\":\"P\u00e1gina oficial de la Fiscal\u00eda General de la Naci\u00f3n \u2013 Colombia. Garantizamos el acceso efectivo a la justicia, la verdad y la reparaci\u00f3n de las v\u00edctimas de los delitos.\",\"publisher\":{\"@id\":\"https:\/\/www.fiscalia.gov.co\/colombia\/#organization\"},\"potentialAction\":[{\"@type\":\"SearchAction\",\"target\":{\"@type\":\"EntryPoint\",\"urlTemplate\":\"https:\/\/www.fiscalia.gov.co\/colombia\/?s={search_term_string}\"},\"query-input\":{\"@type\":\"PropertyValueSpecification\",\"valueRequired\":true,\"valueName\":\"search_term_string\"}}],\"inLanguage\":\"es-CO\"},{\"@type\":\"Organization\",\"@id\":\"https:\/\/www.fiscalia.gov.co\/colombia\/#organization\",\"name\":\"Fiscal\u00eda General de la Naci\u00f3n\",\"url\":\"https:\/\/www.fiscalia.gov.co\/colombia\/\",\"logo\":{\"@type\":\"ImageObject\",\"inLanguage\":\"es-CO\",\"@id\":\"https:\/\/www.fiscalia.gov.co\/colombia\/#\/schema\/logo\/image\/\",\"url\":\"https:\/\/www.fiscalia.gov.co\/colombia\/wp-content\/uploads\/LogoHorizontal_1.jpg\",\"contentUrl\":\"https:\/\/www.fiscalia.gov.co\/colombia\/wp-content\/uploads\/LogoHorizontal_1.jpg\",\"width\":300,\"height\":90,\"caption\":\"Fiscal\u00eda General de la Naci\u00f3n\"},\"image\":{\"@id\":\"https:\/\/www.fiscalia.gov.co\/colombia\/#\/schema\/logo\/image\/\"},\"sameAs\":[\"https:\/\/www.facebook.com\/FiscaliaCol\",\"https:\/\/x.com\/FiscaliaCol\",\"https:\/\/www.instagram.com\/fiscaliacol\",\"https:\/\/www.linkedin.com\/company\/fiscalia-general-de-la-naci-n\/\",\"https:\/\/youtube.com\/@fiscaliageneraldelanacion-4668?si=6nN79nyQICPU5iTh\"]},{\"@type\":\"Person\",\"@id\":\"https:\/\/www.fiscalia.gov.co\/colombia\/#\/schema\/person\/176195b99ebab0a52aafa15197e1bf80\",\"name\":\"Winnie Geraldine Rodr\u00edguez Navarrete\",\"image\":{\"@type\":\"ImageObject\",\"inLanguage\":\"es-CO\",\"@id\":\"https:\/\/www.fiscalia.gov.co\/colombia\/#\/schema\/person\/image\/\",\"url\":\"https:\/\/secure.gravatar.com\/avatar\/c24cf8481dc84fa5e8c7b20bc95ab0c6?s=96&d=mm&r=g\",\"contentUrl\":\"https:\/\/secure.gravatar.com\/avatar\/c24cf8481dc84fa5e8c7b20bc95ab0c6?s=96&d=mm&r=g\",\"caption\":\"Winnie Geraldine Rodr\u00edguez Navarrete\"},\"url\":\"https:\/\/www.fiscalia.gov.co\/colombia\/author\/winnierodriguez\/\"}]}<\/script>\n<!-- \/ Yoast SEO plugin. -->","yoast_head_json":{"title":"Fiscal\u00eda General de la Naci\u00f3n","description":"P\u00e1gina oficial de la Fiscal\u00eda General de la Naci\u00f3n \u2013 Colombia. Garantizamos el acceso efectivo a la justicia, la verdad y la reparaci\u00f3n de las v\u00edctimas de los delitos.","robots":{"index":"noindex","follow":"follow"},"og_locale":"es_ES","og_type":"article","og_title":"Fiscal\u00eda General de la Naci\u00f3n","og_description":"P\u00e1gina oficial de la Fiscal\u00eda General de la Naci\u00f3n \u2013 Colombia. Garantizamos el acceso efectivo a la justicia, la verdad y la reparaci\u00f3n de las v\u00edctimas de los delitos.","og_url":"https:\/\/www.fiscalia.gov.co\/colombia\/noticias\/aseguradas-dos-personas-que-al-parecer-transportaban-mas-de-7-000-cartuchos-y-armas-en-un-vehiculo\/","og_site_name":"Fiscal\u00eda General de la Naci\u00f3n","article_publisher":"https:\/\/www.facebook.com\/FiscaliaCol","article_published_time":"2023-03-24T21:27:20+00:00","article_modified_time":"2023-03-27T20:52:33+00:00","og_image":[{"url":"https:\/\/www.fiscalia.gov.co\/colombia\/wp-content\/uploads\/Sandro-Pina-Leon-y-Maria-Ingrid-Hernandez-Londono-300x169.jpeg","type":"","width":"","height":""}],"author":"Winnie Geraldine Rodr\u00edguez Navarrete","twitter_card":"summary_large_image","twitter_creator":"@FiscaliaCol","twitter_site":"@FiscaliaCol","twitter_misc":{"Escrito por":"Winnie Geraldine Rodr\u00edguez Navarrete","Tiempo de lectura":"2 minutos"},"schema":{"@context":"https:\/\/schema.org","@graph":[{"@type":"Article","@id":"https:\/\/www.fiscalia.gov.co\/colombia\/noticias\/aseguradas-dos-personas-que-al-parecer-transportaban-mas-de-7-000-cartuchos-y-armas-en-un-vehiculo\/#article","isPartOf":{"@id":"https:\/\/www.fiscalia.gov.co\/colombia\/noticias\/aseguradas-dos-personas-que-al-parecer-transportaban-mas-de-7-000-cartuchos-y-armas-en-un-vehiculo\/"},"author":{"name":"Winnie Geraldine Rodr\u00edguez Navarrete","@id":"https:\/\/www.fiscalia.gov.co\/colombia\/#\/schema\/person\/176195b99ebab0a52aafa15197e1bf80"},"headline":"Aseguradas dos personas que, al parecer, transportaban m\u00e1s de 7.000 cartuchos y armas en un veh\u00edculo","datePublished":"2023-03-24T21:27:20+00:00","dateModified":"2023-03-27T20:52:33+00:00","mainEntityOfPage":{"@id":"https:\/\/www.fiscalia.gov.co\/colombia\/noticias\/aseguradas-dos-personas-que-al-parecer-transportaban-mas-de-7-000-cartuchos-y-armas-en-un-vehiculo\/"},"wordCount":475,"publisher":{"@id":"https:\/\/www.fiscalia.gov.co\/colombia\/#organization"},"image":{"@id":"https:\/\/www.fiscalia.gov.co\/colombia\/noticias\/aseguradas-dos-personas-que-al-parecer-transportaban-mas-de-7-000-cartuchos-y-armas-en-un-vehiculo\/#primaryimage"},"thumbnailUrl":"https:\/\/www.fiscalia.gov.co\/colombia\/wp-content\/uploads\/Sandro-Pina-Leon-y-Maria-Ingrid-Hernandez-Londono-300x169.jpeg","keywords":["Armas","CTI","Fiscal Barbosa","Fiscal\u00eda General de la Naci\u00f3n","Fusil","material intendencia","Munici\u00f3n","municiones de uso restringido","Pitalito","Pitalito (Huila)","porte de armas de fuego o municiones","Zona rural"],"articleSection":["Noticias","Seccional Neiva","Seccionales","Seguridad territorial"],"inLanguage":"es-CO"},{"@type":"WebPage","@id":"https:\/\/www.fiscalia.gov.co\/colombia\/noticias\/aseguradas-dos-personas-que-al-parecer-transportaban-mas-de-7-000-cartuchos-y-armas-en-un-vehiculo\/","url":"https:\/\/www.fiscalia.gov.co\/colombia\/noticias\/aseguradas-dos-personas-que-al-parecer-transportaban-mas-de-7-000-cartuchos-y-armas-en-un-vehiculo\/","name":"Fiscal\u00eda General de la Naci\u00f3n","isPartOf":{"@id":"https:\/\/www.fiscalia.gov.co\/colombia\/#website"},"primaryImageOfPage":{"@id":"https:\/\/www.fiscalia.gov.co\/colombia\/noticias\/aseguradas-dos-personas-que-al-parecer-transportaban-mas-de-7-000-cartuchos-y-armas-en-un-vehiculo\/#primaryimage"},"image":{"@id":"https:\/\/www.fiscalia.gov.co\/colombia\/noticias\/aseguradas-dos-personas-que-al-parecer-transportaban-mas-de-7-000-cartuchos-y-armas-en-un-vehiculo\/#primaryimage"},"thumbnailUrl":"https:\/\/www.fiscalia.gov.co\/colombia\/wp-content\/uploads\/Sandro-Pina-Leon-y-Maria-Ingrid-Hernandez-Londono-300x169.jpeg","datePublished":"2023-03-24T21:27:20+00:00","dateModified":"2023-03-27T20:52:33+00:00","description":"P\u00e1gina oficial de la Fiscal\u00eda General de la Naci\u00f3n \u2013 Colombia. Garantizamos el acceso efectivo a la justicia, la verdad y la reparaci\u00f3n de las v\u00edctimas de los delitos.","breadcrumb":{"@id":"https:\/\/www.fiscalia.gov.co\/colombia\/noticias\/aseguradas-dos-personas-que-al-parecer-transportaban-mas-de-7-000-cartuchos-y-armas-en-un-vehiculo\/#breadcrumb"},"inLanguage":"es-CO","potentialAction":[{"@type":"ReadAction","target":["https:\/\/www.fiscalia.gov.co\/colombia\/noticias\/aseguradas-dos-personas-que-al-parecer-transportaban-mas-de-7-000-cartuchos-y-armas-en-un-vehiculo\/"]}]},{"@type":"ImageObject","inLanguage":"es-CO","@id":"https:\/\/www.fiscalia.gov.co\/colombia\/noticias\/aseguradas-dos-personas-que-al-parecer-transportaban-mas-de-7-000-cartuchos-y-armas-en-un-vehiculo\/#primaryimage","url":"https:\/\/www.fiscalia.gov.co\/colombia\/wp-content\/uploads\/Sandro-Pina-Leon-y-Maria-Ingrid-Hernandez-Londono-300x169.jpeg","contentUrl":"https:\/\/www.fiscalia.gov.co\/colombia\/wp-content\/uploads\/Sandro-Pina-Leon-y-Maria-Ingrid-Hernandez-Londono-300x169.jpeg"},{"@type":"BreadcrumbList","@id":"https:\/\/www.fiscalia.gov.co\/colombia\/noticias\/aseguradas-dos-personas-que-al-parecer-transportaban-mas-de-7-000-cartuchos-y-armas-en-un-vehiculo\/#breadcrumb","itemListElement":[{"@type":"ListItem","position":1,"name":"Home","item":"https:\/\/www.fiscalia.gov.co\/colombia\/"},{"@type":"ListItem","position":2,"name":"Aseguradas dos personas que, al parecer, transportaban m\u00e1s de 7.000 cartuchos y armas en un veh\u00edculo"}]},{"@type":"WebSite","@id":"https:\/\/www.fiscalia.gov.co\/colombia\/#website","url":"https:\/\/www.fiscalia.gov.co\/colombia\/","name":"Fiscal\u00eda General de la Naci\u00f3n","description":"P\u00e1gina oficial de la Fiscal\u00eda General de la Naci\u00f3n \u2013 Colombia. Garantizamos el acceso efectivo a la justicia, la verdad y la reparaci\u00f3n de las v\u00edctimas de los delitos.","publisher":{"@id":"https:\/\/www.fiscalia.gov.co\/colombia\/#organization"},"potentialAction":[{"@type":"SearchAction","target":{"@type":"EntryPoint","urlTemplate":"https:\/\/www.fiscalia.gov.co\/colombia\/?s={search_term_string}"},"query-input":{"@type":"PropertyValueSpecification","valueRequired":true,"valueName":"search_term_string"}}],"inLanguage":"es-CO"},{"@type":"Organization","@id":"https:\/\/www.fiscalia.gov.co\/colombia\/#organization","name":"Fiscal\u00eda General de la Naci\u00f3n","url":"https:\/\/www.fiscalia.gov.co\/colombia\/","logo":{"@type":"ImageObject","inLanguage":"es-CO","@id":"https:\/\/www.fiscalia.gov.co\/colombia\/#\/schema\/logo\/image\/","url":"https:\/\/www.fiscalia.gov.co\/colombia\/wp-content\/uploads\/LogoHorizontal_1.jpg","contentUrl":"https:\/\/www.fiscalia.gov.co\/colombia\/wp-content\/uploads\/LogoHorizontal_1.jpg","width":300,"height":90,"caption":"Fiscal\u00eda General de la Naci\u00f3n"},"image":{"@id":"https:\/\/www.fiscalia.gov.co\/colombia\/#\/schema\/logo\/image\/"},"sameAs":["https:\/\/www.facebook.com\/FiscaliaCol","https:\/\/x.com\/FiscaliaCol","https:\/\/www.instagram.com\/fiscaliacol","https:\/\/www.linkedin.com\/company\/fiscalia-general-de-la-naci-n\/","https:\/\/youtube.com\/@fiscaliageneraldelanacion-4668?si=6nN79nyQICPU5iTh"]},{"@type":"Person","@id":"https:\/\/www.fiscalia.gov.co\/colombia\/#\/schema\/person\/176195b99ebab0a52aafa15197e1bf80","name":"Winnie Geraldine Rodr\u00edguez Navarrete","image":{"@type":"ImageObject","inLanguage":"es-CO","@id":"https:\/\/www.fiscalia.gov.co\/colombia\/#\/schema\/person\/image\/","url":"https:\/\/secure.gravatar.com\/avatar\/c24cf8481dc84fa5e8c7b20bc95ab0c6?s=96&d=mm&r=g","contentUrl":"https:\/\/secure.gravatar.com\/avatar\/c24cf8481dc84fa5e8c7b20bc95ab0c6?s=96&d=mm&r=g","caption":"Winnie Geraldine Rodr\u00edguez Navarrete"},"url":"https:\/\/www.fiscalia.gov.co\/colombia\/author\/winnierodriguez\/"}]}},"_links":{"self":[{"href":"https:\/\/www.fiscalia.gov.co\/colombia\/wp-json\/wp\/v2\/posts\/268670","targetHints":{"allow":["GET"]}}],"collection":[{"href":"https:\/\/www.fiscalia.gov.co\/colombia\/wp-json\/wp\/v2\/posts"}],"about":[{"href":"https:\/\/www.fiscalia.gov.co\/colombia\/wp-json\/wp\/v2\/types\/post"}],"author":[{"embeddable":true,"href":"https:\/\/www.fiscalia.gov.co\/colombia\/wp-json\/wp\/v2\/users\/178"}],"replies":[{"embeddable":true,"href":"https:\/\/www.fiscalia.gov.co\/colombia\/wp-json\/wp\/v2\/comments?post=268670"}],"version-history":[{"count":3,"href":"https:\/\/www.fiscalia.gov.co\/colombia\/wp-json\/wp\/v2\/posts\/268670\/revisions"}],"predecessor-version":[{"id":268765,"href":"https:\/\/www.fiscalia.gov.co\/colombia\/wp-json\/wp\/v2\/posts\/268670\/revisions\/268765"}],"wp:attachment":[{"href":"https:\/\/www.fiscalia.gov.co\/colombia\/wp-json\/wp\/v2\/media?parent=268670"}],"wp:term":[{"taxonomy":"category","embeddable":true,"href":"https:\/\/www.fiscalia.gov.co\/colombia\/wp-json\/wp\/v2\/categories?post=268670"},{"taxonomy":"post_tag","embeddable":true,"href":"https:\/\/www.fiscalia.gov.co\/colombia\/wp-json\/wp\/v2\/tags?post=268670"}],"curies":[{"name":"wp","href":"https:\/\/api.w.org\/{rel}","templated":true}]}}