{"id":268627,"date":"2023-03-24T10:03:21","date_gmt":"2023-03-24T15:03:21","guid":{"rendered":"https:\/\/www.fiscalia.gov.co\/colombia\/?p=268627"},"modified":"2023-03-24T10:03:21","modified_gmt":"2023-03-24T15:03:21","slug":"fiscalia-general-de-la-nacion-abrio-nuevo-punto-de-atencion-a-la-ciudadania-en-el-municipio-de-bochalema-norte-de-santander","status":"publish","type":"post","link":"https:\/\/www.fiscalia.gov.co\/colombia\/noticias\/fiscalia-general-de-la-nacion-abrio-nuevo-punto-de-atencion-a-la-ciudadania-en-el-municipio-de-bochalema-norte-de-santander\/","title":{"rendered":"Fiscal\u00eda General de la Naci\u00f3n abri\u00f3 nuevo punto de atenci\u00f3n a la ciudadan\u00eda en el municipio de Bochalema (Norte de Santander)"},"content":{"rendered":"<p>Con el objetivo de dinamizar la atenci\u00f3n a la ciudadan\u00eda en zonas donde no hab\u00eda presencia <a href=\"https:\/\/www.fiscalia.gov.co\/colombia\/noticias\/fiscalia-se-acerco-mas-a-los-territorios-con-la-puesta-en-marcha-de-los-puntos-de-atencion-paf\/\" target=\"_blank\" rel=\"noopener\" data-saferedirecturl=\"https:\/\/www.google.com\/url?q=https:\/\/www.fiscalia.gov.co\/colombia\/noticias\/fiscalia-se-acerco-mas-a-los-territorios-con-la-puesta-en-marcha-de-los-puntos-de-atencion-paf\/&amp;source=gmail&amp;ust=1679756243755000&amp;usg=AOvVaw2iniGfjTsNLVSEBXUrK8wj\">institucional<\/a>\u00a0fue inaugurado el Punto de Atenci\u00f3n de la Fiscal\u00eda (PAF)\u00a0en el municipio de Bochalema (Norte de Santander).<\/p>\n<p>En ese sentido, m\u00e1s de\u00a07.000 habitantes de esa zona tendr\u00e1n acceso a la justicia, pues all\u00ed un funcionario estar\u00e1 de\u00a0martes a s\u00e1bado, en un horario de atenci\u00f3n de 8:00 a.m. a 12:00 m y de 2:00 p.m. a 6:00 p.m., para orientarlo en sus denuncias.<\/p>\n<p>Seg\u00fan el director Seccional de Norte de Santander, Jes\u00fas Antonio Ardila Le\u00f3n indic\u00f3 que con esta nueva estrategia del Fiscal General de la Naci\u00f3n, Francisco Barbosa Delgado se busca \u201cdar a conocer la realidad del municipio y evitar que ciertas conductas se queden calladas o se queden guardas por situaciones de distancia. Anteriormente la comunidad deb\u00eda desplazarse hasta los municipios de Chin\u00e1cota o Pamplona, donde se encontraban las instalaciones de la Fiscal\u00eda. Con este nuevo punto las personas cuentan con f\u00e1cil acceso y se garantiza el principio constitucional de acceso a la justicia\u201d.<\/p>\n<figure id=\"attachment_268628\" aria-describedby=\"caption-attachment-268628\" style=\"width: 386px\" class=\"wp-caption aligncenter\"><img loading=\"lazy\" decoding=\"async\" class=\" wp-image-268628\" src=\"https:\/\/www.fiscalia.gov.co\/colombia\/wp-content\/uploads\/image001-23-300x198.jpg\" alt=\"En la fotograf\u00eda se observa el director seccional de Fiscal\u00eda, el Asesor de Atenci\u00f3n al Usuario; Secretaria y Alcalde Municipal de Bochalema. En la parte posterior se observa los banners que identifican a la Fiscal\u00eda y a la Alcald\u00eda.\" width=\"386\" height=\"255\" srcset=\"https:\/\/www.fiscalia.gov.co\/colombia\/wp-content\/uploads\/image001-23-300x198.jpg 300w, https:\/\/www.fiscalia.gov.co\/colombia\/wp-content\/uploads\/image001-23-696x458.jpg 696w, https:\/\/www.fiscalia.gov.co\/colombia\/wp-content\/uploads\/image001-23-638x420.jpg 638w, https:\/\/www.fiscalia.gov.co\/colombia\/wp-content\/uploads\/image001-23.jpg 756w\" sizes=\"auto, (max-width: 386px) 100vw, 386px\" \/><figcaption id=\"caption-attachment-268628\" class=\"wp-caption-text\">Intervenci\u00f3n del director seccional inaugurando un nuevo Punto de Atenci\u00f3n de la Fiscal\u00eda en Bochalema (Norte de Santander).<\/figcaption><\/figure>\n<p>La Fiscal\u00eda al finalizar el 2023 tendr\u00e1\u00a0700 puntos\u00a0de atenci\u00f3n en todo el territorio colombiano.<\/p>\n<p>Este nuevo PAF cont\u00f3 con el apoyo de Alcald\u00eda Municipal.<\/p>\n<figure id=\"attachment_268629\" aria-describedby=\"caption-attachment-268629\" style=\"width: 376px\" class=\"wp-caption aligncenter\"><img loading=\"lazy\" decoding=\"async\" class=\" wp-image-268629\" src=\"https:\/\/www.fiscalia.gov.co\/colombia\/wp-content\/uploads\/image002-6-300x169.jpg\" alt=\" En la fotograf\u00eda se observa el ingreso al Punto de Atenci\u00f3n de la Fiscal\u00eda.\" width=\"376\" height=\"212\" srcset=\"https:\/\/www.fiscalia.gov.co\/colombia\/wp-content\/uploads\/image002-6-300x169.jpg 300w, https:\/\/www.fiscalia.gov.co\/colombia\/wp-content\/uploads\/image002-6.jpg 669w\" sizes=\"auto, (max-width: 376px) 100vw, 376px\" \/><figcaption id=\"caption-attachment-268629\" class=\"wp-caption-text\">El Punto de Atenci\u00f3n est\u00e1 ubicado en las instalaciones de la Alcald\u00eda de Bochalema y un funcionario recibir\u00e1 las denuncias que se redireccionar\u00e1n a los fiscales seg\u00fan su competencia.<\/figcaption><\/figure>\n<p><b>La Fiscal\u00eda habla con resultados.<\/b><\/p>\n<p>&nbsp;<\/p>\n<p>MPHA\/MG\/JAAL\/DSNS<\/p>\n<p align=\"center\">\n<p><i>La informaci\u00f3n contenida en este bolet\u00edn de prensa corresponde a la narraci\u00f3n de los hechos noticiosos objetivos, suministrados por los funcionarios encargados de adelantar las investigaciones penales al interior de la Fiscal\u00eda General de la Naci\u00f3n. Para el momento de la divulgaci\u00f3n de este comunicado, la situaci\u00f3n jur\u00eddica de la(s) persona(s) relacionada(s) se<\/i><i>\u00a0encuentra pendiente de resolver por la autoridad judicial competente, siempre bajo los preceptos de la presunci\u00f3n de inocencia, consagrados en el art\u00edculo 29 de la Constituci\u00f3n Pol\u00edtica y el art\u00edculo 7\u00ba de la Ley 906 de 2004.<\/i><\/p>\n\n<div class=\"twitter-share\"><a href=\"https:\/\/twitter.com\/intent\/tweet?via=fiscaliacol\" class=\"twitter-share-button\">Tweet<\/a><\/div>\n","protected":false},"excerpt":{"rendered":"<p>Con el objetivo de dinamizar la atenci\u00f3n a la ciudadan\u00eda en zonas donde no hab\u00eda presencia institucional\u00a0fue inaugurado el Punto de Atenci\u00f3n de la Fiscal\u00eda (PAF)\u00a0en el municipio de Bochalema (Norte de Santander). En ese sentido, m\u00e1s de\u00a07.000 habitantes de esa zona tendr\u00e1n acceso a la justicia, pues all\u00ed un funcionario estar\u00e1 de\u00a0martes a s\u00e1bado, [&hellip;]<\/p>\n","protected":false},"author":178,"featured_media":0,"comment_status":"closed","ping_status":"open","sticky":false,"template":"","format":"standard","meta":{"tdm_status":"","tdm_grid_status":"","footnotes":""},"categories":[1,326,303,24099],"tags":[26984,9477,12184,2286,34232],"class_list":{"0":"post-268627","1":"post","2":"type-post","3":"status-publish","4":"format-standard","6":"category-noticias","7":"category-seccional-cucuta","8":"category-seccionales","9":"category-seguridad-territorial","10":"tag-acceso","11":"tag-comunidad","12":"tag-fiscal","13":"tag-justicia","14":"tag-proyecto"},"yoast_head":"<!-- This site is optimized with the Yoast SEO plugin v24.3 - https:\/\/yoast.com\/wordpress\/plugins\/seo\/ -->\n<title>Fiscal\u00eda General de la Naci\u00f3n<\/title>\n<meta name=\"description\" content=\"P\u00e1gina oficial de la Fiscal\u00eda General de la Naci\u00f3n \u2013 Colombia. Garantizamos el acceso efectivo a la justicia, la verdad y la reparaci\u00f3n de las v\u00edctimas de los delitos.\" \/>\n<meta name=\"robots\" content=\"noindex, follow\" \/>\n<meta property=\"og:locale\" content=\"es_ES\" \/>\n<meta property=\"og:type\" content=\"article\" \/>\n<meta property=\"og:title\" content=\"Fiscal\u00eda General de la Naci\u00f3n\" \/>\n<meta property=\"og:description\" content=\"P\u00e1gina oficial de la Fiscal\u00eda General de la Naci\u00f3n \u2013 Colombia. Garantizamos el acceso efectivo a la justicia, la verdad y la reparaci\u00f3n de las v\u00edctimas de los delitos.\" \/>\n<meta property=\"og:url\" content=\"https:\/\/www.fiscalia.gov.co\/colombia\/noticias\/fiscalia-general-de-la-nacion-abrio-nuevo-punto-de-atencion-a-la-ciudadania-en-el-municipio-de-bochalema-norte-de-santander\/\" \/>\n<meta property=\"og:site_name\" content=\"Fiscal\u00eda General de la Naci\u00f3n\" \/>\n<meta property=\"article:publisher\" content=\"https:\/\/www.facebook.com\/FiscaliaCol\" \/>\n<meta property=\"article:published_time\" content=\"2023-03-24T15:03:21+00:00\" \/>\n<meta property=\"og:image\" content=\"https:\/\/www.fiscalia.gov.co\/colombia\/wp-content\/uploads\/image001-23-300x198.jpg\" \/>\n<meta name=\"author\" content=\"Winnie Geraldine Rodr\u00edguez Navarrete\" \/>\n<meta name=\"twitter:card\" content=\"summary_large_image\" \/>\n<meta name=\"twitter:creator\" content=\"@FiscaliaCol\" \/>\n<meta name=\"twitter:site\" content=\"@FiscaliaCol\" \/>\n<meta name=\"twitter:label1\" content=\"Escrito por\" \/>\n\t<meta name=\"twitter:data1\" content=\"Winnie Geraldine Rodr\u00edguez Navarrete\" \/>\n\t<meta name=\"twitter:label2\" content=\"Tiempo de lectura\" \/>\n\t<meta name=\"twitter:data2\" content=\"2 minutos\" \/>\n<script type=\"application\/ld+json\" class=\"yoast-schema-graph\">{\"@context\":\"https:\/\/schema.org\",\"@graph\":[{\"@type\":\"Article\",\"@id\":\"https:\/\/www.fiscalia.gov.co\/colombia\/noticias\/fiscalia-general-de-la-nacion-abrio-nuevo-punto-de-atencion-a-la-ciudadania-en-el-municipio-de-bochalema-norte-de-santander\/#article\",\"isPartOf\":{\"@id\":\"https:\/\/www.fiscalia.gov.co\/colombia\/noticias\/fiscalia-general-de-la-nacion-abrio-nuevo-punto-de-atencion-a-la-ciudadania-en-el-municipio-de-bochalema-norte-de-santander\/\"},\"author\":{\"name\":\"Winnie Geraldine Rodr\u00edguez Navarrete\",\"@id\":\"https:\/\/www.fiscalia.gov.co\/colombia\/#\/schema\/person\/176195b99ebab0a52aafa15197e1bf80\"},\"headline\":\"Fiscal\u00eda General de la Naci\u00f3n abri\u00f3 nuevo punto de atenci\u00f3n a la ciudadan\u00eda en el municipio de Bochalema (Norte de Santander)\",\"datePublished\":\"2023-03-24T15:03:21+00:00\",\"dateModified\":\"2023-03-24T15:03:21+00:00\",\"mainEntityOfPage\":{\"@id\":\"https:\/\/www.fiscalia.gov.co\/colombia\/noticias\/fiscalia-general-de-la-nacion-abrio-nuevo-punto-de-atencion-a-la-ciudadania-en-el-municipio-de-bochalema-norte-de-santander\/\"},\"wordCount\":423,\"publisher\":{\"@id\":\"https:\/\/www.fiscalia.gov.co\/colombia\/#organization\"},\"image\":{\"@id\":\"https:\/\/www.fiscalia.gov.co\/colombia\/noticias\/fiscalia-general-de-la-nacion-abrio-nuevo-punto-de-atencion-a-la-ciudadania-en-el-municipio-de-bochalema-norte-de-santander\/#primaryimage\"},\"thumbnailUrl\":\"https:\/\/www.fiscalia.gov.co\/colombia\/wp-content\/uploads\/image001-23-300x198.jpg\",\"keywords\":[\"acceso\",\"Comunidad\",\"Fiscal\",\"Justicia\",\"Proyecto\"],\"articleSection\":[\"Noticias\",\"Seccional C\u00facuta\",\"Seccionales\",\"Seguridad territorial\"],\"inLanguage\":\"es-CO\"},{\"@type\":\"WebPage\",\"@id\":\"https:\/\/www.fiscalia.gov.co\/colombia\/noticias\/fiscalia-general-de-la-nacion-abrio-nuevo-punto-de-atencion-a-la-ciudadania-en-el-municipio-de-bochalema-norte-de-santander\/\",\"url\":\"https:\/\/www.fiscalia.gov.co\/colombia\/noticias\/fiscalia-general-de-la-nacion-abrio-nuevo-punto-de-atencion-a-la-ciudadania-en-el-municipio-de-bochalema-norte-de-santander\/\",\"name\":\"Fiscal\u00eda General de la Naci\u00f3n\",\"isPartOf\":{\"@id\":\"https:\/\/www.fiscalia.gov.co\/colombia\/#website\"},\"primaryImageOfPage\":{\"@id\":\"https:\/\/www.fiscalia.gov.co\/colombia\/noticias\/fiscalia-general-de-la-nacion-abrio-nuevo-punto-de-atencion-a-la-ciudadania-en-el-municipio-de-bochalema-norte-de-santander\/#primaryimage\"},\"image\":{\"@id\":\"https:\/\/www.fiscalia.gov.co\/colombia\/noticias\/fiscalia-general-de-la-nacion-abrio-nuevo-punto-de-atencion-a-la-ciudadania-en-el-municipio-de-bochalema-norte-de-santander\/#primaryimage\"},\"thumbnailUrl\":\"https:\/\/www.fiscalia.gov.co\/colombia\/wp-content\/uploads\/image001-23-300x198.jpg\",\"datePublished\":\"2023-03-24T15:03:21+00:00\",\"dateModified\":\"2023-03-24T15:03:21+00:00\",\"description\":\"P\u00e1gina oficial de la Fiscal\u00eda General de la Naci\u00f3n \u2013 Colombia. Garantizamos el acceso efectivo a la justicia, la verdad y la reparaci\u00f3n de las v\u00edctimas de los delitos.\",\"breadcrumb\":{\"@id\":\"https:\/\/www.fiscalia.gov.co\/colombia\/noticias\/fiscalia-general-de-la-nacion-abrio-nuevo-punto-de-atencion-a-la-ciudadania-en-el-municipio-de-bochalema-norte-de-santander\/#breadcrumb\"},\"inLanguage\":\"es-CO\",\"potentialAction\":[{\"@type\":\"ReadAction\",\"target\":[\"https:\/\/www.fiscalia.gov.co\/colombia\/noticias\/fiscalia-general-de-la-nacion-abrio-nuevo-punto-de-atencion-a-la-ciudadania-en-el-municipio-de-bochalema-norte-de-santander\/\"]}]},{\"@type\":\"ImageObject\",\"inLanguage\":\"es-CO\",\"@id\":\"https:\/\/www.fiscalia.gov.co\/colombia\/noticias\/fiscalia-general-de-la-nacion-abrio-nuevo-punto-de-atencion-a-la-ciudadania-en-el-municipio-de-bochalema-norte-de-santander\/#primaryimage\",\"url\":\"https:\/\/www.fiscalia.gov.co\/colombia\/wp-content\/uploads\/image001-23.jpg\",\"contentUrl\":\"https:\/\/www.fiscalia.gov.co\/colombia\/wp-content\/uploads\/image001-23.jpg\",\"width\":756,\"height\":498,\"caption\":\"Intervenci\u00f3n del director seccional inaugurando un nuevo Punto de Atenci\u00f3n de la Fiscal\u00eda en Bochalema (Norte de Santander).\"},{\"@type\":\"BreadcrumbList\",\"@id\":\"https:\/\/www.fiscalia.gov.co\/colombia\/noticias\/fiscalia-general-de-la-nacion-abrio-nuevo-punto-de-atencion-a-la-ciudadania-en-el-municipio-de-bochalema-norte-de-santander\/#breadcrumb\",\"itemListElement\":[{\"@type\":\"ListItem\",\"position\":1,\"name\":\"Home\",\"item\":\"https:\/\/www.fiscalia.gov.co\/colombia\/\"},{\"@type\":\"ListItem\",\"position\":2,\"name\":\"Fiscal\u00eda General de la Naci\u00f3n abri\u00f3 nuevo punto de atenci\u00f3n a la ciudadan\u00eda en el municipio de Bochalema (Norte de Santander)\"}]},{\"@type\":\"WebSite\",\"@id\":\"https:\/\/www.fiscalia.gov.co\/colombia\/#website\",\"url\":\"https:\/\/www.fiscalia.gov.co\/colombia\/\",\"name\":\"Fiscal\u00eda General de la Naci\u00f3n\",\"description\":\"P\u00e1gina oficial de la Fiscal\u00eda General de la Naci\u00f3n \u2013 Colombia. Garantizamos el acceso efectivo a la justicia, la verdad y la reparaci\u00f3n de las v\u00edctimas de los delitos.\",\"publisher\":{\"@id\":\"https:\/\/www.fiscalia.gov.co\/colombia\/#organization\"},\"potentialAction\":[{\"@type\":\"SearchAction\",\"target\":{\"@type\":\"EntryPoint\",\"urlTemplate\":\"https:\/\/www.fiscalia.gov.co\/colombia\/?s={search_term_string}\"},\"query-input\":{\"@type\":\"PropertyValueSpecification\",\"valueRequired\":true,\"valueName\":\"search_term_string\"}}],\"inLanguage\":\"es-CO\"},{\"@type\":\"Organization\",\"@id\":\"https:\/\/www.fiscalia.gov.co\/colombia\/#organization\",\"name\":\"Fiscal\u00eda General de la Naci\u00f3n\",\"url\":\"https:\/\/www.fiscalia.gov.co\/colombia\/\",\"logo\":{\"@type\":\"ImageObject\",\"inLanguage\":\"es-CO\",\"@id\":\"https:\/\/www.fiscalia.gov.co\/colombia\/#\/schema\/logo\/image\/\",\"url\":\"https:\/\/www.fiscalia.gov.co\/colombia\/wp-content\/uploads\/LogoHorizontal_1.jpg\",\"contentUrl\":\"https:\/\/www.fiscalia.gov.co\/colombia\/wp-content\/uploads\/LogoHorizontal_1.jpg\",\"width\":300,\"height\":90,\"caption\":\"Fiscal\u00eda General de la Naci\u00f3n\"},\"image\":{\"@id\":\"https:\/\/www.fiscalia.gov.co\/colombia\/#\/schema\/logo\/image\/\"},\"sameAs\":[\"https:\/\/www.facebook.com\/FiscaliaCol\",\"https:\/\/x.com\/FiscaliaCol\",\"https:\/\/www.instagram.com\/fiscaliacol\",\"https:\/\/www.linkedin.com\/company\/fiscalia-general-de-la-naci-n\/\",\"https:\/\/youtube.com\/@fiscaliageneraldelanacion-4668?si=6nN79nyQICPU5iTh\"]},{\"@type\":\"Person\",\"@id\":\"https:\/\/www.fiscalia.gov.co\/colombia\/#\/schema\/person\/176195b99ebab0a52aafa15197e1bf80\",\"name\":\"Winnie Geraldine Rodr\u00edguez Navarrete\",\"image\":{\"@type\":\"ImageObject\",\"inLanguage\":\"es-CO\",\"@id\":\"https:\/\/www.fiscalia.gov.co\/colombia\/#\/schema\/person\/image\/\",\"url\":\"https:\/\/secure.gravatar.com\/avatar\/c24cf8481dc84fa5e8c7b20bc95ab0c6?s=96&d=mm&r=g\",\"contentUrl\":\"https:\/\/secure.gravatar.com\/avatar\/c24cf8481dc84fa5e8c7b20bc95ab0c6?s=96&d=mm&r=g\",\"caption\":\"Winnie Geraldine Rodr\u00edguez Navarrete\"},\"url\":\"https:\/\/www.fiscalia.gov.co\/colombia\/author\/winnierodriguez\/\"}]}<\/script>\n<!-- \/ Yoast SEO plugin. -->","yoast_head_json":{"title":"Fiscal\u00eda General de la Naci\u00f3n","description":"P\u00e1gina oficial de la Fiscal\u00eda General de la Naci\u00f3n \u2013 Colombia. Garantizamos el acceso efectivo a la justicia, la verdad y la reparaci\u00f3n de las v\u00edctimas de los delitos.","robots":{"index":"noindex","follow":"follow"},"og_locale":"es_ES","og_type":"article","og_title":"Fiscal\u00eda General de la Naci\u00f3n","og_description":"P\u00e1gina oficial de la Fiscal\u00eda General de la Naci\u00f3n \u2013 Colombia. Garantizamos el acceso efectivo a la justicia, la verdad y la reparaci\u00f3n de las v\u00edctimas de los delitos.","og_url":"https:\/\/www.fiscalia.gov.co\/colombia\/noticias\/fiscalia-general-de-la-nacion-abrio-nuevo-punto-de-atencion-a-la-ciudadania-en-el-municipio-de-bochalema-norte-de-santander\/","og_site_name":"Fiscal\u00eda General de la Naci\u00f3n","article_publisher":"https:\/\/www.facebook.com\/FiscaliaCol","article_published_time":"2023-03-24T15:03:21+00:00","og_image":[{"url":"https:\/\/www.fiscalia.gov.co\/colombia\/wp-content\/uploads\/image001-23-300x198.jpg","type":"","width":"","height":""}],"author":"Winnie Geraldine Rodr\u00edguez Navarrete","twitter_card":"summary_large_image","twitter_creator":"@FiscaliaCol","twitter_site":"@FiscaliaCol","twitter_misc":{"Escrito por":"Winnie Geraldine Rodr\u00edguez Navarrete","Tiempo de lectura":"2 minutos"},"schema":{"@context":"https:\/\/schema.org","@graph":[{"@type":"Article","@id":"https:\/\/www.fiscalia.gov.co\/colombia\/noticias\/fiscalia-general-de-la-nacion-abrio-nuevo-punto-de-atencion-a-la-ciudadania-en-el-municipio-de-bochalema-norte-de-santander\/#article","isPartOf":{"@id":"https:\/\/www.fiscalia.gov.co\/colombia\/noticias\/fiscalia-general-de-la-nacion-abrio-nuevo-punto-de-atencion-a-la-ciudadania-en-el-municipio-de-bochalema-norte-de-santander\/"},"author":{"name":"Winnie Geraldine Rodr\u00edguez Navarrete","@id":"https:\/\/www.fiscalia.gov.co\/colombia\/#\/schema\/person\/176195b99ebab0a52aafa15197e1bf80"},"headline":"Fiscal\u00eda General de la Naci\u00f3n abri\u00f3 nuevo punto de atenci\u00f3n a la ciudadan\u00eda en el municipio de Bochalema (Norte de Santander)","datePublished":"2023-03-24T15:03:21+00:00","dateModified":"2023-03-24T15:03:21+00:00","mainEntityOfPage":{"@id":"https:\/\/www.fiscalia.gov.co\/colombia\/noticias\/fiscalia-general-de-la-nacion-abrio-nuevo-punto-de-atencion-a-la-ciudadania-en-el-municipio-de-bochalema-norte-de-santander\/"},"wordCount":423,"publisher":{"@id":"https:\/\/www.fiscalia.gov.co\/colombia\/#organization"},"image":{"@id":"https:\/\/www.fiscalia.gov.co\/colombia\/noticias\/fiscalia-general-de-la-nacion-abrio-nuevo-punto-de-atencion-a-la-ciudadania-en-el-municipio-de-bochalema-norte-de-santander\/#primaryimage"},"thumbnailUrl":"https:\/\/www.fiscalia.gov.co\/colombia\/wp-content\/uploads\/image001-23-300x198.jpg","keywords":["acceso","Comunidad","Fiscal","Justicia","Proyecto"],"articleSection":["Noticias","Seccional C\u00facuta","Seccionales","Seguridad territorial"],"inLanguage":"es-CO"},{"@type":"WebPage","@id":"https:\/\/www.fiscalia.gov.co\/colombia\/noticias\/fiscalia-general-de-la-nacion-abrio-nuevo-punto-de-atencion-a-la-ciudadania-en-el-municipio-de-bochalema-norte-de-santander\/","url":"https:\/\/www.fiscalia.gov.co\/colombia\/noticias\/fiscalia-general-de-la-nacion-abrio-nuevo-punto-de-atencion-a-la-ciudadania-en-el-municipio-de-bochalema-norte-de-santander\/","name":"Fiscal\u00eda General de la Naci\u00f3n","isPartOf":{"@id":"https:\/\/www.fiscalia.gov.co\/colombia\/#website"},"primaryImageOfPage":{"@id":"https:\/\/www.fiscalia.gov.co\/colombia\/noticias\/fiscalia-general-de-la-nacion-abrio-nuevo-punto-de-atencion-a-la-ciudadania-en-el-municipio-de-bochalema-norte-de-santander\/#primaryimage"},"image":{"@id":"https:\/\/www.fiscalia.gov.co\/colombia\/noticias\/fiscalia-general-de-la-nacion-abrio-nuevo-punto-de-atencion-a-la-ciudadania-en-el-municipio-de-bochalema-norte-de-santander\/#primaryimage"},"thumbnailUrl":"https:\/\/www.fiscalia.gov.co\/colombia\/wp-content\/uploads\/image001-23-300x198.jpg","datePublished":"2023-03-24T15:03:21+00:00","dateModified":"2023-03-24T15:03:21+00:00","description":"P\u00e1gina oficial de la Fiscal\u00eda General de la Naci\u00f3n \u2013 Colombia. Garantizamos el acceso efectivo a la justicia, la verdad y la reparaci\u00f3n de las v\u00edctimas de los delitos.","breadcrumb":{"@id":"https:\/\/www.fiscalia.gov.co\/colombia\/noticias\/fiscalia-general-de-la-nacion-abrio-nuevo-punto-de-atencion-a-la-ciudadania-en-el-municipio-de-bochalema-norte-de-santander\/#breadcrumb"},"inLanguage":"es-CO","potentialAction":[{"@type":"ReadAction","target":["https:\/\/www.fiscalia.gov.co\/colombia\/noticias\/fiscalia-general-de-la-nacion-abrio-nuevo-punto-de-atencion-a-la-ciudadania-en-el-municipio-de-bochalema-norte-de-santander\/"]}]},{"@type":"ImageObject","inLanguage":"es-CO","@id":"https:\/\/www.fiscalia.gov.co\/colombia\/noticias\/fiscalia-general-de-la-nacion-abrio-nuevo-punto-de-atencion-a-la-ciudadania-en-el-municipio-de-bochalema-norte-de-santander\/#primaryimage","url":"https:\/\/www.fiscalia.gov.co\/colombia\/wp-content\/uploads\/image001-23.jpg","contentUrl":"https:\/\/www.fiscalia.gov.co\/colombia\/wp-content\/uploads\/image001-23.jpg","width":756,"height":498,"caption":"Intervenci\u00f3n del director seccional inaugurando un nuevo Punto de Atenci\u00f3n de la Fiscal\u00eda en Bochalema (Norte de Santander)."},{"@type":"BreadcrumbList","@id":"https:\/\/www.fiscalia.gov.co\/colombia\/noticias\/fiscalia-general-de-la-nacion-abrio-nuevo-punto-de-atencion-a-la-ciudadania-en-el-municipio-de-bochalema-norte-de-santander\/#breadcrumb","itemListElement":[{"@type":"ListItem","position":1,"name":"Home","item":"https:\/\/www.fiscalia.gov.co\/colombia\/"},{"@type":"ListItem","position":2,"name":"Fiscal\u00eda General de la Naci\u00f3n abri\u00f3 nuevo punto de atenci\u00f3n a la ciudadan\u00eda en el municipio de Bochalema (Norte de Santander)"}]},{"@type":"WebSite","@id":"https:\/\/www.fiscalia.gov.co\/colombia\/#website","url":"https:\/\/www.fiscalia.gov.co\/colombia\/","name":"Fiscal\u00eda General de la Naci\u00f3n","description":"P\u00e1gina oficial de la Fiscal\u00eda General de la Naci\u00f3n \u2013 Colombia. Garantizamos el acceso efectivo a la justicia, la verdad y la reparaci\u00f3n de las v\u00edctimas de los delitos.","publisher":{"@id":"https:\/\/www.fiscalia.gov.co\/colombia\/#organization"},"potentialAction":[{"@type":"SearchAction","target":{"@type":"EntryPoint","urlTemplate":"https:\/\/www.fiscalia.gov.co\/colombia\/?s={search_term_string}"},"query-input":{"@type":"PropertyValueSpecification","valueRequired":true,"valueName":"search_term_string"}}],"inLanguage":"es-CO"},{"@type":"Organization","@id":"https:\/\/www.fiscalia.gov.co\/colombia\/#organization","name":"Fiscal\u00eda General de la Naci\u00f3n","url":"https:\/\/www.fiscalia.gov.co\/colombia\/","logo":{"@type":"ImageObject","inLanguage":"es-CO","@id":"https:\/\/www.fiscalia.gov.co\/colombia\/#\/schema\/logo\/image\/","url":"https:\/\/www.fiscalia.gov.co\/colombia\/wp-content\/uploads\/LogoHorizontal_1.jpg","contentUrl":"https:\/\/www.fiscalia.gov.co\/colombia\/wp-content\/uploads\/LogoHorizontal_1.jpg","width":300,"height":90,"caption":"Fiscal\u00eda General de la Naci\u00f3n"},"image":{"@id":"https:\/\/www.fiscalia.gov.co\/colombia\/#\/schema\/logo\/image\/"},"sameAs":["https:\/\/www.facebook.com\/FiscaliaCol","https:\/\/x.com\/FiscaliaCol","https:\/\/www.instagram.com\/fiscaliacol","https:\/\/www.linkedin.com\/company\/fiscalia-general-de-la-naci-n\/","https:\/\/youtube.com\/@fiscaliageneraldelanacion-4668?si=6nN79nyQICPU5iTh"]},{"@type":"Person","@id":"https:\/\/www.fiscalia.gov.co\/colombia\/#\/schema\/person\/176195b99ebab0a52aafa15197e1bf80","name":"Winnie Geraldine Rodr\u00edguez Navarrete","image":{"@type":"ImageObject","inLanguage":"es-CO","@id":"https:\/\/www.fiscalia.gov.co\/colombia\/#\/schema\/person\/image\/","url":"https:\/\/secure.gravatar.com\/avatar\/c24cf8481dc84fa5e8c7b20bc95ab0c6?s=96&d=mm&r=g","contentUrl":"https:\/\/secure.gravatar.com\/avatar\/c24cf8481dc84fa5e8c7b20bc95ab0c6?s=96&d=mm&r=g","caption":"Winnie Geraldine Rodr\u00edguez Navarrete"},"url":"https:\/\/www.fiscalia.gov.co\/colombia\/author\/winnierodriguez\/"}]}},"_links":{"self":[{"href":"https:\/\/www.fiscalia.gov.co\/colombia\/wp-json\/wp\/v2\/posts\/268627","targetHints":{"allow":["GET"]}}],"collection":[{"href":"https:\/\/www.fiscalia.gov.co\/colombia\/wp-json\/wp\/v2\/posts"}],"about":[{"href":"https:\/\/www.fiscalia.gov.co\/colombia\/wp-json\/wp\/v2\/types\/post"}],"author":[{"embeddable":true,"href":"https:\/\/www.fiscalia.gov.co\/colombia\/wp-json\/wp\/v2\/users\/178"}],"replies":[{"embeddable":true,"href":"https:\/\/www.fiscalia.gov.co\/colombia\/wp-json\/wp\/v2\/comments?post=268627"}],"version-history":[{"count":1,"href":"https:\/\/www.fiscalia.gov.co\/colombia\/wp-json\/wp\/v2\/posts\/268627\/revisions"}],"predecessor-version":[{"id":268630,"href":"https:\/\/www.fiscalia.gov.co\/colombia\/wp-json\/wp\/v2\/posts\/268627\/revisions\/268630"}],"wp:attachment":[{"href":"https:\/\/www.fiscalia.gov.co\/colombia\/wp-json\/wp\/v2\/media?parent=268627"}],"wp:term":[{"taxonomy":"category","embeddable":true,"href":"https:\/\/www.fiscalia.gov.co\/colombia\/wp-json\/wp\/v2\/categories?post=268627"},{"taxonomy":"post_tag","embeddable":true,"href":"https:\/\/www.fiscalia.gov.co\/colombia\/wp-json\/wp\/v2\/tags?post=268627"}],"curies":[{"name":"wp","href":"https:\/\/api.w.org\/{rel}","templated":true}]}}