{"id":268586,"date":"2023-03-23T16:40:00","date_gmt":"2023-03-23T21:40:00","guid":{"rendered":"https:\/\/www.fiscalia.gov.co\/colombia\/?p=268586"},"modified":"2023-03-23T16:40:00","modified_gmt":"2023-03-23T21:40:00","slug":"a-la-carcel-hombre-que-presuntamente-estafo-a-una-vecina-y-a-otra-mujer-con-negocios-de-bienes-de-oro","status":"publish","type":"post","link":"https:\/\/www.fiscalia.gov.co\/colombia\/noticias\/a-la-carcel-hombre-que-presuntamente-estafo-a-una-vecina-y-a-otra-mujer-con-negocios-de-bienes-de-oro\/","title":{"rendered":"A la c\u00e1rcel hombre que presuntamente estaf\u00f3 a una vecina y a otra mujer con negocios de bienes de oro"},"content":{"rendered":"<h4 style=\"font-weight: 400;\"><strong><em>El imputado les ofrec\u00eda bienes, veh\u00edculos y oro, entre otras propuestas financieras con las que, al parecer, estafaba a las v\u00edctimas. Una conocida le entreg\u00f3 142 millones de pesos.<\/em><\/strong><\/h4>\n<p style=\"font-weight: 400;\">La Fiscal\u00eda imput\u00f3 cargos y logr\u00f3 medida de aseguramiento carcelaria en contra de Alex\u00e1nder S\u00e1nchez Caicedo, por su presunta participaci\u00f3n en el delito de estafa agravada luego que el ente acusador lograra vincularlo a dos investigaciones por hechos que no acept\u00f3 haber cometido.<\/p>\n<figure id=\"attachment_268587\" aria-describedby=\"caption-attachment-268587\" style=\"width: 388px\" class=\"wp-caption aligncenter\"><img loading=\"lazy\" decoding=\"async\" class=\" wp-image-268587\" src=\"https:\/\/www.fiscalia.gov.co\/colombia\/wp-content\/uploads\/asegurado-por-estafa-agravada-tolima-300x187.jpeg\" alt=\"En la imagen se ve una persona detenida bajo custodia de un investigador del CTI, un funcionario de la Polic\u00eda Nacional y del Ej\u00e9rcito. Detr\u00e1s suyo backings alusivos a las instituciones.  \" width=\"388\" height=\"242\" srcset=\"https:\/\/www.fiscalia.gov.co\/colombia\/wp-content\/uploads\/asegurado-por-estafa-agravada-tolima-300x187.jpeg 300w, https:\/\/www.fiscalia.gov.co\/colombia\/wp-content\/uploads\/asegurado-por-estafa-agravada-tolima-1024x638.jpeg 1024w, https:\/\/www.fiscalia.gov.co\/colombia\/wp-content\/uploads\/asegurado-por-estafa-agravada-tolima-768x479.jpeg 768w, https:\/\/www.fiscalia.gov.co\/colombia\/wp-content\/uploads\/asegurado-por-estafa-agravada-tolima-1536x957.jpeg 1536w, https:\/\/www.fiscalia.gov.co\/colombia\/wp-content\/uploads\/asegurado-por-estafa-agravada-tolima-696x434.jpeg 696w, https:\/\/www.fiscalia.gov.co\/colombia\/wp-content\/uploads\/asegurado-por-estafa-agravada-tolima-1068x665.jpeg 1068w, https:\/\/www.fiscalia.gov.co\/colombia\/wp-content\/uploads\/asegurado-por-estafa-agravada-tolima-674x420.jpeg 674w, https:\/\/www.fiscalia.gov.co\/colombia\/wp-content\/uploads\/asegurado-por-estafa-agravada-tolima.jpeg 1600w\" sizes=\"auto, (max-width: 388px) 100vw, 388px\" \/><figcaption id=\"caption-attachment-268587\" class=\"wp-caption-text\">Alex\u00e1nder S\u00e1nchez Caicedo fue enviado a la c\u00e1rcel como medida de aseguramiento preventiva por su presunta participaci\u00f3n en dos estafas. En uno de los casos la v\u00edctima fue su vecina en hechos ocurridos en Ibagu\u00e9, Tolima.<\/figcaption><\/figure>\n<p style=\"font-weight: 400;\">S\u00e1nchez Caicedo fue detenido en cumplimiento a una orden judicial que pesaba en su contra por investigadores del Cuerpo T\u00e9cnico de Investigaci\u00f3n (CTI), la Polic\u00eda Nacional y el Ej\u00e9rcito en la Comuna 13 de Ibagu\u00e9.<\/p>\n<p style=\"font-weight: 400;\">El hombre de 44 a\u00f1os est\u00e1 siendo investigado por su presunta participaci\u00f3n en dos hechos en los que las v\u00edctimas fueron enga\u00f1adas por el hoy procesado, quien tendr\u00eda como modus operandi ganarse la confianza de \u00e9stas, a quienes generalmente, les propon\u00eda la compra de inmuebles en remate a precios muy bajos.<\/p>\n<p style=\"font-weight: 400;\">Les dec\u00eda que contaba con la ayuda de un juez a quien deb\u00eda darle comisiones para ello. En el caso matriz que sirvi\u00f3 para identificar su forma de actuar ocurri\u00f3 en el a\u00f1o 2022. Se habr\u00eda apropiado de la suma de $142 millones de una vecina suya, residente en la capital tolimense.<\/p>\n<p style=\"font-weight: 400;\">Al pasar el tiempo, la v\u00edctima lo contact\u00f3 para preguntarle c\u00f3mo iba el proceso para adquirir su casa, pero el hombre le indic\u00f3 que el juez ten\u00eda mucho trabajo; que no se encontraba en la ciudad, y que las adjudicaciones de las casas que le hab\u00edan interesado estaban represadas.<\/p>\n<p style=\"font-weight: 400;\">En vista de estas evasivas, sumado a que se neg\u00f3 en presentarle al juez y que no le volvi\u00f3 a\u00a0contestar el tel\u00e9fono, la mujer procedi\u00f3 a instaurar la respectiva denuncia.<\/p>\n<p style=\"font-weight: 400;\">En el otro hecho la otra ciudadana perdi\u00f3 la suma de $13 millones de pesos los cuales fueron entregados una parte en efectivo y la suma restante en un cheque.<\/p>\n<p style=\"font-weight: 400;\">Para persuadirla le dijo supuestamente que ten\u00eda un amigo en Estados Unidos que estaba teniendo buenas ganancias con la compra de oro, por lo que S\u00e1nchez Caicedo le asegur\u00f3 que si le consegu\u00eda $3\u00a0millones de pesos, le entregar\u00eda el doble. Ante este aparente negocio rentable, la v\u00edctima le dio el dinero solicitado.<\/p>\n<p style=\"font-weight: 400;\">\u00a0Posteriormente, le coment\u00f3 que tambi\u00e9n trabajaba con veh\u00edculos y que le ofrec\u00eda una camioneta, con documentaci\u00f3n incompleta, y se deb\u00edan cancelar $10\u00a0millones de pesos para acceder al automotor.\u00a0La mujer crey\u00f3 nuevamente en sus enga\u00f1os e hizo un pr\u00e9stamo que desembolsaron a nombre del hoy asegurado.<\/p>\n<p style=\"font-weight: 400;\">El indiciado permanecer\u00e1 en la c\u00e1rcel de manera preventiva mientras avanza la investigaci\u00f3n.<\/p>\n<p><strong>La Fiscal\u00eda habla con resultados.<\/strong><strong>\u00a0<\/strong><\/p>\n<p style=\"font-weight: 400;\">\n<p style=\"font-weight: 400;\">\n<p style=\"font-weight: 400;\">\n<p style=\"font-weight: 400;\">PAAM\/VHGB\/AMG\/AMBV\/DST<\/p>\n<p style=\"font-weight: 400;\">\n<p>&nbsp;<\/p>\n<p style=\"font-weight: 400;\"><strong>Tambi\u00e9n le puede interesar: \u00a0<\/strong><\/p>\n<p style=\"font-weight: 400;\"><a href=\"https:\/\/www.fiscalia.gov.co\/colombia\/noticias\/tras-aceptar-cargos-por-estafa-agravada-un-hombre-fue-enviado-a-la-carcel-como-medida-preventiva\/\" data-saferedirecturl=\"https:\/\/www.google.com\/url?q=https:\/\/www.fiscalia.gov.co\/colombia\/noticias\/tras-aceptar-cargos-por-estafa-agravada-un-hombre-fue-enviado-a-la-carcel-como-medida-preventiva\/&amp;source=gmail&amp;ust=1679692555057000&amp;usg=AOvVaw2kUg3Cg00ZbvRtuQZJpNQK\"><strong>https:\/\/www.fiscalia.gov.co\/colombia\/noticias\/tras-aceptar-cargos-por-estafa-agravada-un-hombre-fue-enviado-a-la-carcel-como-medida-preventiva\/<\/strong><\/a><strong>\u00a0<\/strong><\/p>\n<p style=\"font-weight: 400;\"><a href=\"https:\/\/www.fiscalia.gov.co\/colombia\/noticias\/madre-e-hija-fueron-judicializadas-por-estafa-en-tolima\/\" data-saferedirecturl=\"https:\/\/www.google.com\/url?q=https:\/\/www.fiscalia.gov.co\/colombia\/noticias\/madre-e-hija-fueron-judicializadas-por-estafa-en-tolima\/&amp;source=gmail&amp;ust=1679692555057000&amp;usg=AOvVaw2nYjHPkmJmRJur_dOVu0zV\"><strong>https:\/\/www.fiscalia.gov.co\/colombia\/noticias\/madre-e-hija-fueron-judicializadas-por-estafa-en-tolima\/<\/strong><\/a><strong>\u00a0\u00a0<\/strong><\/p>\n<p>&nbsp;<\/p>\n<p>&nbsp;<\/p>\n<p>&nbsp;<\/p>\n<p style=\"font-weight: 400;\"><em>La informaci\u00f3n contenida en este bolet\u00edn de prensa corresponde a la narraci\u00f3n de los hechos noticiosos objetivos, y las investigaciones penales al interior de la Fiscal\u00eda General de la Naci\u00f3n. Para el momento de la divulgaci\u00f3n de este comunicado, la situaci\u00f3n jur\u00eddica de la(s) persona(s) relacionada(s) se encuentra pendiente de resolver por la autoridad judicial competente, siempre bajo los preceptos de la presunci\u00f3n de inocencia, consagrados en el art\u00edculo 29 de la Constituci\u00f3n Pol\u00edtica y el art\u00edculo 7\u00ba de la Ley 906 de 2004.<\/em><\/p>\n\n<div class=\"twitter-share\"><a href=\"https:\/\/twitter.com\/intent\/tweet?via=fiscaliacol\" class=\"twitter-share-button\">Tweet<\/a><\/div>\n","protected":false},"excerpt":{"rendered":"<p>El imputado les ofrec\u00eda bienes, veh\u00edculos y oro, entre otras propuestas financieras con las que, al parecer, estafaba a las v\u00edctimas. Una conocida le entreg\u00f3 142 millones de pesos. La Fiscal\u00eda imput\u00f3 cargos y logr\u00f3 medida de aseguramiento carcelaria en contra de Alex\u00e1nder S\u00e1nchez Caicedo, por su presunta participaci\u00f3n en el delito de estafa agravada [&hellip;]<\/p>\n","protected":false},"author":178,"featured_media":0,"comment_status":"closed","ping_status":"open","sticky":false,"template":"","format":"standard","meta":{"_price":"","_stock":"","_tribe_ticket_header":"","_tribe_default_ticket_provider":"","_tribe_ticket_capacity":"0","_ticket_start_date":"","_ticket_end_date":"","_tribe_ticket_show_description":"","_tribe_ticket_show_not_going":false,"_tribe_ticket_use_global_stock":"","_tribe_ticket_global_stock_level":"","_global_stock_mode":"","_global_stock_cap":"","_tribe_rsvp_for_event":"","_tribe_ticket_going_count":"","_tribe_ticket_not_going_count":"","_tribe_tickets_list":"[]","_tribe_ticket_has_attendee_info_fields":false,"tdm_status":"","tdm_grid_status":"","footnotes":""},"categories":[1,329,303],"tags":[19179,14550,34229,45,667,24347,7393,34230,1047,23838,23990,23972,34228,30899,20085],"class_list":{"0":"post-268586","1":"post","2":"type-post","3":"status-publish","4":"format-standard","6":"category-noticias","7":"category-seccional-ibague","8":"category-seccionales","9":"tag-bienes-inmuebles","10":"tag-carcel","11":"tag-compra-de-oro","12":"tag-cti","13":"tag-ejercito","14":"tag-engano","15":"tag-estafa-agravada","16":"tag-estafador","17":"tag-fiscalia-general-de-la-nacion","18":"tag-ibague","19":"tag-ibague-tolima","20":"tag-policia","21":"tag-remates","22":"tag-unidad-de-estafas","23":"tag-vecino"},"yoast_head":"<!-- This site is optimized with the Yoast SEO plugin v24.3 - https:\/\/yoast.com\/wordpress\/plugins\/seo\/ -->\n<title>Fiscal\u00eda General de la Naci\u00f3n<\/title>\n<meta name=\"description\" content=\"P\u00e1gina oficial de la Fiscal\u00eda General de la Naci\u00f3n \u2013 Colombia. Garantizamos el acceso efectivo a la justicia, la verdad y la reparaci\u00f3n de las v\u00edctimas de los delitos.\" \/>\n<meta name=\"robots\" content=\"noindex, follow\" \/>\n<meta property=\"og:locale\" content=\"es_ES\" \/>\n<meta property=\"og:type\" content=\"article\" \/>\n<meta property=\"og:title\" content=\"Fiscal\u00eda General de la Naci\u00f3n\" \/>\n<meta property=\"og:description\" content=\"P\u00e1gina oficial de la Fiscal\u00eda General de la Naci\u00f3n \u2013 Colombia. Garantizamos el acceso efectivo a la justicia, la verdad y la reparaci\u00f3n de las v\u00edctimas de los delitos.\" \/>\n<meta property=\"og:url\" content=\"https:\/\/www.fiscalia.gov.co\/colombia\/noticias\/a-la-carcel-hombre-que-presuntamente-estafo-a-una-vecina-y-a-otra-mujer-con-negocios-de-bienes-de-oro\/\" \/>\n<meta property=\"og:site_name\" content=\"Fiscal\u00eda General de la Naci\u00f3n\" \/>\n<meta property=\"article:publisher\" content=\"https:\/\/www.facebook.com\/FiscaliaCol\" \/>\n<meta property=\"article:published_time\" content=\"2023-03-23T21:40:00+00:00\" \/>\n<meta property=\"og:image\" content=\"https:\/\/www.fiscalia.gov.co\/colombia\/wp-content\/uploads\/asegurado-por-estafa-agravada-tolima-300x187.jpeg\" \/>\n<meta name=\"author\" content=\"Winnie Geraldine Rodr\u00edguez Navarrete\" \/>\n<meta name=\"twitter:card\" content=\"summary_large_image\" \/>\n<meta name=\"twitter:creator\" content=\"@FiscaliaCol\" \/>\n<meta name=\"twitter:site\" content=\"@FiscaliaCol\" \/>\n<meta name=\"twitter:label1\" content=\"Escrito por\" \/>\n\t<meta name=\"twitter:data1\" content=\"Winnie Geraldine Rodr\u00edguez Navarrete\" \/>\n\t<meta name=\"twitter:label2\" content=\"Tiempo de lectura\" \/>\n\t<meta name=\"twitter:data2\" content=\"3 minutos\" \/>\n<script type=\"application\/ld+json\" class=\"yoast-schema-graph\">{\"@context\":\"https:\/\/schema.org\",\"@graph\":[{\"@type\":\"Article\",\"@id\":\"https:\/\/www.fiscalia.gov.co\/colombia\/noticias\/a-la-carcel-hombre-que-presuntamente-estafo-a-una-vecina-y-a-otra-mujer-con-negocios-de-bienes-de-oro\/#article\",\"isPartOf\":{\"@id\":\"https:\/\/www.fiscalia.gov.co\/colombia\/noticias\/a-la-carcel-hombre-que-presuntamente-estafo-a-una-vecina-y-a-otra-mujer-con-negocios-de-bienes-de-oro\/\"},\"author\":{\"name\":\"Winnie Geraldine Rodr\u00edguez Navarrete\",\"@id\":\"https:\/\/www.fiscalia.gov.co\/colombia\/#\/schema\/person\/176195b99ebab0a52aafa15197e1bf80\"},\"headline\":\"A la c\u00e1rcel hombre que presuntamente estaf\u00f3 a una vecina y a otra mujer con negocios de bienes de oro\",\"datePublished\":\"2023-03-23T21:40:00+00:00\",\"dateModified\":\"2023-03-23T21:40:00+00:00\",\"mainEntityOfPage\":{\"@id\":\"https:\/\/www.fiscalia.gov.co\/colombia\/noticias\/a-la-carcel-hombre-que-presuntamente-estafo-a-una-vecina-y-a-otra-mujer-con-negocios-de-bienes-de-oro\/\"},\"wordCount\":667,\"publisher\":{\"@id\":\"https:\/\/www.fiscalia.gov.co\/colombia\/#organization\"},\"image\":{\"@id\":\"https:\/\/www.fiscalia.gov.co\/colombia\/noticias\/a-la-carcel-hombre-que-presuntamente-estafo-a-una-vecina-y-a-otra-mujer-con-negocios-de-bienes-de-oro\/#primaryimage\"},\"thumbnailUrl\":\"https:\/\/www.fiscalia.gov.co\/colombia\/wp-content\/uploads\/asegurado-por-estafa-agravada-tolima-300x187.jpeg\",\"keywords\":[\"Bienes inmuebles\",\"C\u00e1rcel\",\"compra de oro\",\"CTI\",\"Ej\u00e9rcito\",\"enga\u00f1o\",\"Estafa agravada\",\"estafador\",\"Fiscal\u00eda General de la Naci\u00f3n\",\"Ibagu\u00e9\",\"Ibagu\u00e9 (Tolima)\",\"Polic\u00eda\",\"remates\",\"unidad de estafas.\",\"Vecino\"],\"articleSection\":[\"Noticias\",\"Seccional Ibagu\u00e9\",\"Seccionales\"],\"inLanguage\":\"es-CO\"},{\"@type\":\"WebPage\",\"@id\":\"https:\/\/www.fiscalia.gov.co\/colombia\/noticias\/a-la-carcel-hombre-que-presuntamente-estafo-a-una-vecina-y-a-otra-mujer-con-negocios-de-bienes-de-oro\/\",\"url\":\"https:\/\/www.fiscalia.gov.co\/colombia\/noticias\/a-la-carcel-hombre-que-presuntamente-estafo-a-una-vecina-y-a-otra-mujer-con-negocios-de-bienes-de-oro\/\",\"name\":\"Fiscal\u00eda General de la Naci\u00f3n\",\"isPartOf\":{\"@id\":\"https:\/\/www.fiscalia.gov.co\/colombia\/#website\"},\"primaryImageOfPage\":{\"@id\":\"https:\/\/www.fiscalia.gov.co\/colombia\/noticias\/a-la-carcel-hombre-que-presuntamente-estafo-a-una-vecina-y-a-otra-mujer-con-negocios-de-bienes-de-oro\/#primaryimage\"},\"image\":{\"@id\":\"https:\/\/www.fiscalia.gov.co\/colombia\/noticias\/a-la-carcel-hombre-que-presuntamente-estafo-a-una-vecina-y-a-otra-mujer-con-negocios-de-bienes-de-oro\/#primaryimage\"},\"thumbnailUrl\":\"https:\/\/www.fiscalia.gov.co\/colombia\/wp-content\/uploads\/asegurado-por-estafa-agravada-tolima-300x187.jpeg\",\"datePublished\":\"2023-03-23T21:40:00+00:00\",\"dateModified\":\"2023-03-23T21:40:00+00:00\",\"description\":\"P\u00e1gina oficial de la Fiscal\u00eda General de la Naci\u00f3n \u2013 Colombia. Garantizamos el acceso efectivo a la justicia, la verdad y la reparaci\u00f3n de las v\u00edctimas de los delitos.\",\"breadcrumb\":{\"@id\":\"https:\/\/www.fiscalia.gov.co\/colombia\/noticias\/a-la-carcel-hombre-que-presuntamente-estafo-a-una-vecina-y-a-otra-mujer-con-negocios-de-bienes-de-oro\/#breadcrumb\"},\"inLanguage\":\"es-CO\",\"potentialAction\":[{\"@type\":\"ReadAction\",\"target\":[\"https:\/\/www.fiscalia.gov.co\/colombia\/noticias\/a-la-carcel-hombre-que-presuntamente-estafo-a-una-vecina-y-a-otra-mujer-con-negocios-de-bienes-de-oro\/\"]}]},{\"@type\":\"ImageObject\",\"inLanguage\":\"es-CO\",\"@id\":\"https:\/\/www.fiscalia.gov.co\/colombia\/noticias\/a-la-carcel-hombre-que-presuntamente-estafo-a-una-vecina-y-a-otra-mujer-con-negocios-de-bienes-de-oro\/#primaryimage\",\"url\":\"https:\/\/www.fiscalia.gov.co\/colombia\/wp-content\/uploads\/asegurado-por-estafa-agravada-tolima-300x187.jpeg\",\"contentUrl\":\"https:\/\/www.fiscalia.gov.co\/colombia\/wp-content\/uploads\/asegurado-por-estafa-agravada-tolima-300x187.jpeg\"},{\"@type\":\"BreadcrumbList\",\"@id\":\"https:\/\/www.fiscalia.gov.co\/colombia\/noticias\/a-la-carcel-hombre-que-presuntamente-estafo-a-una-vecina-y-a-otra-mujer-con-negocios-de-bienes-de-oro\/#breadcrumb\",\"itemListElement\":[{\"@type\":\"ListItem\",\"position\":1,\"name\":\"Home\",\"item\":\"https:\/\/www.fiscalia.gov.co\/colombia\/\"},{\"@type\":\"ListItem\",\"position\":2,\"name\":\"A la c\u00e1rcel hombre que presuntamente estaf\u00f3 a una vecina y a otra mujer con negocios de bienes de oro\"}]},{\"@type\":\"WebSite\",\"@id\":\"https:\/\/www.fiscalia.gov.co\/colombia\/#website\",\"url\":\"https:\/\/www.fiscalia.gov.co\/colombia\/\",\"name\":\"Fiscal\u00eda General de la Naci\u00f3n\",\"description\":\"P\u00e1gina oficial de la Fiscal\u00eda General de la Naci\u00f3n \u2013 Colombia. Garantizamos el acceso efectivo a la justicia, la verdad y la reparaci\u00f3n de las v\u00edctimas de los delitos.\",\"publisher\":{\"@id\":\"https:\/\/www.fiscalia.gov.co\/colombia\/#organization\"},\"potentialAction\":[{\"@type\":\"SearchAction\",\"target\":{\"@type\":\"EntryPoint\",\"urlTemplate\":\"https:\/\/www.fiscalia.gov.co\/colombia\/?s={search_term_string}\"},\"query-input\":{\"@type\":\"PropertyValueSpecification\",\"valueRequired\":true,\"valueName\":\"search_term_string\"}}],\"inLanguage\":\"es-CO\"},{\"@type\":\"Organization\",\"@id\":\"https:\/\/www.fiscalia.gov.co\/colombia\/#organization\",\"name\":\"Fiscal\u00eda General de la Naci\u00f3n\",\"url\":\"https:\/\/www.fiscalia.gov.co\/colombia\/\",\"logo\":{\"@type\":\"ImageObject\",\"inLanguage\":\"es-CO\",\"@id\":\"https:\/\/www.fiscalia.gov.co\/colombia\/#\/schema\/logo\/image\/\",\"url\":\"https:\/\/www.fiscalia.gov.co\/colombia\/wp-content\/uploads\/LogoHorizontal_1.jpg\",\"contentUrl\":\"https:\/\/www.fiscalia.gov.co\/colombia\/wp-content\/uploads\/LogoHorizontal_1.jpg\",\"width\":300,\"height\":90,\"caption\":\"Fiscal\u00eda General de la Naci\u00f3n\"},\"image\":{\"@id\":\"https:\/\/www.fiscalia.gov.co\/colombia\/#\/schema\/logo\/image\/\"},\"sameAs\":[\"https:\/\/www.facebook.com\/FiscaliaCol\",\"https:\/\/x.com\/FiscaliaCol\",\"https:\/\/www.instagram.com\/fiscaliacol\",\"https:\/\/www.linkedin.com\/company\/fiscalia-general-de-la-naci-n\/\",\"https:\/\/youtube.com\/@fiscaliageneraldelanacion-4668?si=6nN79nyQICPU5iTh\"]},{\"@type\":\"Person\",\"@id\":\"https:\/\/www.fiscalia.gov.co\/colombia\/#\/schema\/person\/176195b99ebab0a52aafa15197e1bf80\",\"name\":\"Winnie Geraldine Rodr\u00edguez Navarrete\",\"image\":{\"@type\":\"ImageObject\",\"inLanguage\":\"es-CO\",\"@id\":\"https:\/\/www.fiscalia.gov.co\/colombia\/#\/schema\/person\/image\/\",\"url\":\"https:\/\/secure.gravatar.com\/avatar\/c24cf8481dc84fa5e8c7b20bc95ab0c6?s=96&d=mm&r=g\",\"contentUrl\":\"https:\/\/secure.gravatar.com\/avatar\/c24cf8481dc84fa5e8c7b20bc95ab0c6?s=96&d=mm&r=g\",\"caption\":\"Winnie Geraldine Rodr\u00edguez Navarrete\"},\"url\":\"https:\/\/www.fiscalia.gov.co\/colombia\/author\/winnierodriguez\/\"}]}<\/script>\n<!-- \/ Yoast SEO plugin. -->","yoast_head_json":{"title":"Fiscal\u00eda General de la Naci\u00f3n","description":"P\u00e1gina oficial de la Fiscal\u00eda General de la Naci\u00f3n \u2013 Colombia. Garantizamos el acceso efectivo a la justicia, la verdad y la reparaci\u00f3n de las v\u00edctimas de los delitos.","robots":{"index":"noindex","follow":"follow"},"og_locale":"es_ES","og_type":"article","og_title":"Fiscal\u00eda General de la Naci\u00f3n","og_description":"P\u00e1gina oficial de la Fiscal\u00eda General de la Naci\u00f3n \u2013 Colombia. Garantizamos el acceso efectivo a la justicia, la verdad y la reparaci\u00f3n de las v\u00edctimas de los delitos.","og_url":"https:\/\/www.fiscalia.gov.co\/colombia\/noticias\/a-la-carcel-hombre-que-presuntamente-estafo-a-una-vecina-y-a-otra-mujer-con-negocios-de-bienes-de-oro\/","og_site_name":"Fiscal\u00eda General de la Naci\u00f3n","article_publisher":"https:\/\/www.facebook.com\/FiscaliaCol","article_published_time":"2023-03-23T21:40:00+00:00","og_image":[{"url":"https:\/\/www.fiscalia.gov.co\/colombia\/wp-content\/uploads\/asegurado-por-estafa-agravada-tolima-300x187.jpeg","type":"","width":"","height":""}],"author":"Winnie Geraldine Rodr\u00edguez Navarrete","twitter_card":"summary_large_image","twitter_creator":"@FiscaliaCol","twitter_site":"@FiscaliaCol","twitter_misc":{"Escrito por":"Winnie Geraldine Rodr\u00edguez Navarrete","Tiempo de lectura":"3 minutos"},"schema":{"@context":"https:\/\/schema.org","@graph":[{"@type":"Article","@id":"https:\/\/www.fiscalia.gov.co\/colombia\/noticias\/a-la-carcel-hombre-que-presuntamente-estafo-a-una-vecina-y-a-otra-mujer-con-negocios-de-bienes-de-oro\/#article","isPartOf":{"@id":"https:\/\/www.fiscalia.gov.co\/colombia\/noticias\/a-la-carcel-hombre-que-presuntamente-estafo-a-una-vecina-y-a-otra-mujer-con-negocios-de-bienes-de-oro\/"},"author":{"name":"Winnie Geraldine Rodr\u00edguez Navarrete","@id":"https:\/\/www.fiscalia.gov.co\/colombia\/#\/schema\/person\/176195b99ebab0a52aafa15197e1bf80"},"headline":"A la c\u00e1rcel hombre que presuntamente estaf\u00f3 a una vecina y a otra mujer con negocios de bienes de oro","datePublished":"2023-03-23T21:40:00+00:00","dateModified":"2023-03-23T21:40:00+00:00","mainEntityOfPage":{"@id":"https:\/\/www.fiscalia.gov.co\/colombia\/noticias\/a-la-carcel-hombre-que-presuntamente-estafo-a-una-vecina-y-a-otra-mujer-con-negocios-de-bienes-de-oro\/"},"wordCount":667,"publisher":{"@id":"https:\/\/www.fiscalia.gov.co\/colombia\/#organization"},"image":{"@id":"https:\/\/www.fiscalia.gov.co\/colombia\/noticias\/a-la-carcel-hombre-que-presuntamente-estafo-a-una-vecina-y-a-otra-mujer-con-negocios-de-bienes-de-oro\/#primaryimage"},"thumbnailUrl":"https:\/\/www.fiscalia.gov.co\/colombia\/wp-content\/uploads\/asegurado-por-estafa-agravada-tolima-300x187.jpeg","keywords":["Bienes inmuebles","C\u00e1rcel","compra de oro","CTI","Ej\u00e9rcito","enga\u00f1o","Estafa agravada","estafador","Fiscal\u00eda General de la Naci\u00f3n","Ibagu\u00e9","Ibagu\u00e9 (Tolima)","Polic\u00eda","remates","unidad de estafas.","Vecino"],"articleSection":["Noticias","Seccional Ibagu\u00e9","Seccionales"],"inLanguage":"es-CO"},{"@type":"WebPage","@id":"https:\/\/www.fiscalia.gov.co\/colombia\/noticias\/a-la-carcel-hombre-que-presuntamente-estafo-a-una-vecina-y-a-otra-mujer-con-negocios-de-bienes-de-oro\/","url":"https:\/\/www.fiscalia.gov.co\/colombia\/noticias\/a-la-carcel-hombre-que-presuntamente-estafo-a-una-vecina-y-a-otra-mujer-con-negocios-de-bienes-de-oro\/","name":"Fiscal\u00eda General de la Naci\u00f3n","isPartOf":{"@id":"https:\/\/www.fiscalia.gov.co\/colombia\/#website"},"primaryImageOfPage":{"@id":"https:\/\/www.fiscalia.gov.co\/colombia\/noticias\/a-la-carcel-hombre-que-presuntamente-estafo-a-una-vecina-y-a-otra-mujer-con-negocios-de-bienes-de-oro\/#primaryimage"},"image":{"@id":"https:\/\/www.fiscalia.gov.co\/colombia\/noticias\/a-la-carcel-hombre-que-presuntamente-estafo-a-una-vecina-y-a-otra-mujer-con-negocios-de-bienes-de-oro\/#primaryimage"},"thumbnailUrl":"https:\/\/www.fiscalia.gov.co\/colombia\/wp-content\/uploads\/asegurado-por-estafa-agravada-tolima-300x187.jpeg","datePublished":"2023-03-23T21:40:00+00:00","dateModified":"2023-03-23T21:40:00+00:00","description":"P\u00e1gina oficial de la Fiscal\u00eda General de la Naci\u00f3n \u2013 Colombia. Garantizamos el acceso efectivo a la justicia, la verdad y la reparaci\u00f3n de las v\u00edctimas de los delitos.","breadcrumb":{"@id":"https:\/\/www.fiscalia.gov.co\/colombia\/noticias\/a-la-carcel-hombre-que-presuntamente-estafo-a-una-vecina-y-a-otra-mujer-con-negocios-de-bienes-de-oro\/#breadcrumb"},"inLanguage":"es-CO","potentialAction":[{"@type":"ReadAction","target":["https:\/\/www.fiscalia.gov.co\/colombia\/noticias\/a-la-carcel-hombre-que-presuntamente-estafo-a-una-vecina-y-a-otra-mujer-con-negocios-de-bienes-de-oro\/"]}]},{"@type":"ImageObject","inLanguage":"es-CO","@id":"https:\/\/www.fiscalia.gov.co\/colombia\/noticias\/a-la-carcel-hombre-que-presuntamente-estafo-a-una-vecina-y-a-otra-mujer-con-negocios-de-bienes-de-oro\/#primaryimage","url":"https:\/\/www.fiscalia.gov.co\/colombia\/wp-content\/uploads\/asegurado-por-estafa-agravada-tolima-300x187.jpeg","contentUrl":"https:\/\/www.fiscalia.gov.co\/colombia\/wp-content\/uploads\/asegurado-por-estafa-agravada-tolima-300x187.jpeg"},{"@type":"BreadcrumbList","@id":"https:\/\/www.fiscalia.gov.co\/colombia\/noticias\/a-la-carcel-hombre-que-presuntamente-estafo-a-una-vecina-y-a-otra-mujer-con-negocios-de-bienes-de-oro\/#breadcrumb","itemListElement":[{"@type":"ListItem","position":1,"name":"Home","item":"https:\/\/www.fiscalia.gov.co\/colombia\/"},{"@type":"ListItem","position":2,"name":"A la c\u00e1rcel hombre que presuntamente estaf\u00f3 a una vecina y a otra mujer con negocios de bienes de oro"}]},{"@type":"WebSite","@id":"https:\/\/www.fiscalia.gov.co\/colombia\/#website","url":"https:\/\/www.fiscalia.gov.co\/colombia\/","name":"Fiscal\u00eda General de la Naci\u00f3n","description":"P\u00e1gina oficial de la Fiscal\u00eda General de la Naci\u00f3n \u2013 Colombia. Garantizamos el acceso efectivo a la justicia, la verdad y la reparaci\u00f3n de las v\u00edctimas de los delitos.","publisher":{"@id":"https:\/\/www.fiscalia.gov.co\/colombia\/#organization"},"potentialAction":[{"@type":"SearchAction","target":{"@type":"EntryPoint","urlTemplate":"https:\/\/www.fiscalia.gov.co\/colombia\/?s={search_term_string}"},"query-input":{"@type":"PropertyValueSpecification","valueRequired":true,"valueName":"search_term_string"}}],"inLanguage":"es-CO"},{"@type":"Organization","@id":"https:\/\/www.fiscalia.gov.co\/colombia\/#organization","name":"Fiscal\u00eda General de la Naci\u00f3n","url":"https:\/\/www.fiscalia.gov.co\/colombia\/","logo":{"@type":"ImageObject","inLanguage":"es-CO","@id":"https:\/\/www.fiscalia.gov.co\/colombia\/#\/schema\/logo\/image\/","url":"https:\/\/www.fiscalia.gov.co\/colombia\/wp-content\/uploads\/LogoHorizontal_1.jpg","contentUrl":"https:\/\/www.fiscalia.gov.co\/colombia\/wp-content\/uploads\/LogoHorizontal_1.jpg","width":300,"height":90,"caption":"Fiscal\u00eda General de la Naci\u00f3n"},"image":{"@id":"https:\/\/www.fiscalia.gov.co\/colombia\/#\/schema\/logo\/image\/"},"sameAs":["https:\/\/www.facebook.com\/FiscaliaCol","https:\/\/x.com\/FiscaliaCol","https:\/\/www.instagram.com\/fiscaliacol","https:\/\/www.linkedin.com\/company\/fiscalia-general-de-la-naci-n\/","https:\/\/youtube.com\/@fiscaliageneraldelanacion-4668?si=6nN79nyQICPU5iTh"]},{"@type":"Person","@id":"https:\/\/www.fiscalia.gov.co\/colombia\/#\/schema\/person\/176195b99ebab0a52aafa15197e1bf80","name":"Winnie Geraldine Rodr\u00edguez Navarrete","image":{"@type":"ImageObject","inLanguage":"es-CO","@id":"https:\/\/www.fiscalia.gov.co\/colombia\/#\/schema\/person\/image\/","url":"https:\/\/secure.gravatar.com\/avatar\/c24cf8481dc84fa5e8c7b20bc95ab0c6?s=96&d=mm&r=g","contentUrl":"https:\/\/secure.gravatar.com\/avatar\/c24cf8481dc84fa5e8c7b20bc95ab0c6?s=96&d=mm&r=g","caption":"Winnie Geraldine Rodr\u00edguez Navarrete"},"url":"https:\/\/www.fiscalia.gov.co\/colombia\/author\/winnierodriguez\/"}]}},"_links":{"self":[{"href":"https:\/\/www.fiscalia.gov.co\/colombia\/wp-json\/wp\/v2\/posts\/268586","targetHints":{"allow":["GET"]}}],"collection":[{"href":"https:\/\/www.fiscalia.gov.co\/colombia\/wp-json\/wp\/v2\/posts"}],"about":[{"href":"https:\/\/www.fiscalia.gov.co\/colombia\/wp-json\/wp\/v2\/types\/post"}],"author":[{"embeddable":true,"href":"https:\/\/www.fiscalia.gov.co\/colombia\/wp-json\/wp\/v2\/users\/178"}],"replies":[{"embeddable":true,"href":"https:\/\/www.fiscalia.gov.co\/colombia\/wp-json\/wp\/v2\/comments?post=268586"}],"version-history":[{"count":1,"href":"https:\/\/www.fiscalia.gov.co\/colombia\/wp-json\/wp\/v2\/posts\/268586\/revisions"}],"predecessor-version":[{"id":268588,"href":"https:\/\/www.fiscalia.gov.co\/colombia\/wp-json\/wp\/v2\/posts\/268586\/revisions\/268588"}],"wp:attachment":[{"href":"https:\/\/www.fiscalia.gov.co\/colombia\/wp-json\/wp\/v2\/media?parent=268586"}],"wp:term":[{"taxonomy":"category","embeddable":true,"href":"https:\/\/www.fiscalia.gov.co\/colombia\/wp-json\/wp\/v2\/categories?post=268586"},{"taxonomy":"post_tag","embeddable":true,"href":"https:\/\/www.fiscalia.gov.co\/colombia\/wp-json\/wp\/v2\/tags?post=268586"}],"curies":[{"name":"wp","href":"https:\/\/api.w.org\/{rel}","templated":true}]}}