{"id":268578,"date":"2023-03-23T16:00:41","date_gmt":"2023-03-23T21:00:41","guid":{"rendered":"https:\/\/www.fiscalia.gov.co\/colombia\/?p=268578"},"modified":"2023-03-23T16:38:32","modified_gmt":"2023-03-23T21:38:32","slug":"judicializan-a-concejal-de-codazzi-cesar-presunto-responsable-del-delito-de-concusion","status":"publish","type":"post","link":"https:\/\/www.fiscalia.gov.co\/colombia\/noticias\/judicializan-a-concejal-de-codazzi-cesar-presunto-responsable-del-delito-de-concusion\/","title":{"rendered":"Judicializan a concejal de Codazzi (Cesar), presunto responsable del delito de concusi\u00f3n"},"content":{"rendered":"<h4 style=\"font-weight: 400;\"><em><strong>De acuerdo a la investigaci\u00f3n, los recursos asignados a trav\u00e9s del Fondo de Seguridad Territorial (Fonset) ten\u00edan como objetivo la construcci\u00f3n de la sede propia de la Fiscal\u00eda General de la Naci\u00f3n en el municipio.<\/strong>\u00a0<\/em><\/h4>\n<p style=\"font-weight: 400;\">La Fiscal\u00eda General de la Naci\u00f3n, logr\u00f3 la judicializaci\u00f3n de Hermes Dar\u00edo Romero Cuello, concejal de Agust\u00edn Codazzi (Cesar), por su presunta responsabilidad en el delito de concusi\u00f3n.<\/p>\n<figure id=\"attachment_268580\" aria-describedby=\"caption-attachment-268580\" style=\"width: 230px\" class=\"wp-caption alignleft\"><img loading=\"lazy\" decoding=\"async\" class=\"size-medium wp-image-268580\" src=\"https:\/\/www.fiscalia.gov.co\/colombia\/wp-content\/uploads\/Hermes-Dario-Romero-Cuello-concejal-de-Agustin-Codazzi-Cesar-presunto-responsable-del-delito-de-concusion.-230x300.jpg\" alt=\"En la fotograf\u00eda aparece un hombre capturado, acompa\u00f1ado de un servidor del (CTI). \" width=\"230\" height=\"300\" srcset=\"https:\/\/www.fiscalia.gov.co\/colombia\/wp-content\/uploads\/Hermes-Dario-Romero-Cuello-concejal-de-Agustin-Codazzi-Cesar-presunto-responsable-del-delito-de-concusion.-230x300.jpg 230w, https:\/\/www.fiscalia.gov.co\/colombia\/wp-content\/uploads\/Hermes-Dario-Romero-Cuello-concejal-de-Agustin-Codazzi-Cesar-presunto-responsable-del-delito-de-concusion.-786x1024.jpg 786w, https:\/\/www.fiscalia.gov.co\/colombia\/wp-content\/uploads\/Hermes-Dario-Romero-Cuello-concejal-de-Agustin-Codazzi-Cesar-presunto-responsable-del-delito-de-concusion.-768x1001.jpg 768w, https:\/\/www.fiscalia.gov.co\/colombia\/wp-content\/uploads\/Hermes-Dario-Romero-Cuello-concejal-de-Agustin-Codazzi-Cesar-presunto-responsable-del-delito-de-concusion.-696x907.jpg 696w, https:\/\/www.fiscalia.gov.co\/colombia\/wp-content\/uploads\/Hermes-Dario-Romero-Cuello-concejal-de-Agustin-Codazzi-Cesar-presunto-responsable-del-delito-de-concusion.-322x420.jpg 322w, https:\/\/www.fiscalia.gov.co\/colombia\/wp-content\/uploads\/Hermes-Dario-Romero-Cuello-concejal-de-Agustin-Codazzi-Cesar-presunto-responsable-del-delito-de-concusion..jpg 812w\" sizes=\"auto, (max-width: 230px) 100vw, 230px\" \/><figcaption id=\"caption-attachment-268580\" class=\"wp-caption-text\">Hermes Dar\u00edo Romero Cuello, concejal de Agust\u00edn Codazzi (Cesar), presunto responsable del delito de concusi\u00f3n.<\/figcaption><\/figure>\n<p style=\"font-weight: 400;\">Los hechos que se investigan se habr\u00edan registrado en noviembre del 2022, como resultado de una denuncia interpuesta por el afectado.<\/p>\n<p style=\"font-weight: 400;\">Seg\u00fan se estableci\u00f3, Romero Cuello, en su condici\u00f3n de concejal de la localidad, habr\u00eda exigido la suma de 10 millones pesos al propietario del predio para supuestamente ser repartidos entre todos los integrantes de la corporaci\u00f3n, al parecer, con el objetivo de lograr la autorizaci\u00f3n de compra venta de un inmueble ubicado en el municipio.<\/p>\n<p style=\"font-weight: 400;\">De acuerdo a la investigaci\u00f3n, los recursos asignados a trav\u00e9s del Fondo de Seguridad Territorial (Fonset) ten\u00edan como objetivo el fortalecimiento de la justicia con la construcci\u00f3n de la sede de la Fiscal\u00eda.<\/p>\n<p style=\"font-weight: 400;\">Ante esta situaci\u00f3n, el propietario del predio termin\u00f3 no accediendo a la exigencia hecha y el municipio tampoco avanz\u00f3 en la aprobaci\u00f3n de la compra del predio.<\/p>\n<p style=\"font-weight: 400;\">El pasado 13 de marzo un juez con funciones de control de garant\u00edas expidi\u00f3 una orden de captura en contra del concejal que se materializ\u00f3 en la sede del Cuerpo T\u00e9cnico de Investigaciones (CTI) de Valledupar.<\/p>\n<p style=\"font-weight: 400;\">Por estos hechos, un juez con funciones de control de garant\u00edas le impuso medida privativa de la libertad en su residencia.<\/p>\n<p style=\"font-weight: 400;\"><strong>La Fiscal\u00eda habla con resultados.<\/strong><\/p>\n<p>&nbsp;<\/p>\n<p>&nbsp;<\/p>\n<p>&nbsp;<\/p>\n<p>EDH\/FAGH\/AGG\/DSC.<\/p>\n<p>&nbsp;<\/p>\n<p>&nbsp;<\/p>\n<p>&nbsp;<\/p>\n<p style=\"font-weight: 400;\"><em>La informaci\u00f3n contenida en este bolet\u00edn de prensa corresponde a la narraci\u00f3n de los hechos noticiosos objetivos, y las investigaciones penales al interior de la Fiscal\u00eda General de la Naci\u00f3n. Para el momento de la divulgaci\u00f3n de este comunicado, la situaci\u00f3n jur\u00eddica de la(s) persona(s) relacionada(s) se encuentra pendiente de resolver por la autoridad judicial competente, siempre bajo los preceptos de la presunci\u00f3n de inocencia, consagrados en el art\u00edculo 29 de la Constituci\u00f3n Pol\u00edtica y el art\u00edculo 7\u00ba de la Ley 906 de 2004.<\/em><\/p>\n<p style=\"font-weight: 400;\">\n\n<div class=\"twitter-share\"><a href=\"https:\/\/twitter.com\/intent\/tweet?via=fiscaliacol\" class=\"twitter-share-button\">Tweet<\/a><\/div>\n","protected":false},"excerpt":{"rendered":"<p>De acuerdo a la investigaci\u00f3n, los recursos asignados a trav\u00e9s del Fondo de Seguridad Territorial (Fonset) ten\u00edan como objetivo la construcci\u00f3n de la sede propia de la Fiscal\u00eda General de la Naci\u00f3n en el municipio.\u00a0 La Fiscal\u00eda General de la Naci\u00f3n, logr\u00f3 la judicializaci\u00f3n de Hermes Dar\u00edo Romero Cuello, concejal de Agust\u00edn Codazzi (Cesar), por [&hellip;]<\/p>\n","protected":false},"author":178,"featured_media":0,"comment_status":"closed","ping_status":"open","sticky":false,"template":"","format":"standard","meta":{"_price":"","_stock":"","_tribe_ticket_header":"","_tribe_default_ticket_provider":"","_tribe_ticket_capacity":"0","_ticket_start_date":"","_ticket_end_date":"","_tribe_ticket_show_description":"","_tribe_ticket_show_not_going":false,"_tribe_ticket_use_global_stock":"","_tribe_ticket_global_stock_level":"","_global_stock_mode":"","_global_stock_cap":"","_tribe_rsvp_for_event":"","_tribe_ticket_going_count":"","_tribe_ticket_not_going_count":"","_tribe_tickets_list":"[]","_tribe_ticket_has_attendee_info_fields":false,"tdm_status":"","tdm_grid_status":"","footnotes":""},"categories":[1,342,303,24099],"tags":[23965,24185,1047,24965],"class_list":{"0":"post-268578","1":"post","2":"type-post","3":"status-publish","4":"format-standard","6":"category-noticias","7":"category-seccional-valledupar","8":"category-seccionales","9":"category-seguridad-territorial","10":"tag-concusion","11":"tag-fiscal-barbosa","12":"tag-fiscalia-general-de-la-nacion","13":"tag-valledupar-cesar"},"yoast_head":"<!-- This site is optimized with the Yoast SEO plugin v24.3 - https:\/\/yoast.com\/wordpress\/plugins\/seo\/ -->\n<title>Fiscal\u00eda General de la Naci\u00f3n<\/title>\n<meta name=\"description\" content=\"P\u00e1gina oficial de la Fiscal\u00eda General de la Naci\u00f3n \u2013 Colombia. Garantizamos el acceso efectivo a la justicia, la verdad y la reparaci\u00f3n de las v\u00edctimas de los delitos.\" \/>\n<meta name=\"robots\" content=\"noindex, follow\" \/>\n<meta property=\"og:locale\" content=\"es_ES\" \/>\n<meta property=\"og:type\" content=\"article\" \/>\n<meta property=\"og:title\" content=\"Fiscal\u00eda General de la Naci\u00f3n\" \/>\n<meta property=\"og:description\" content=\"P\u00e1gina oficial de la Fiscal\u00eda General de la Naci\u00f3n \u2013 Colombia. Garantizamos el acceso efectivo a la justicia, la verdad y la reparaci\u00f3n de las v\u00edctimas de los delitos.\" \/>\n<meta property=\"og:url\" content=\"https:\/\/www.fiscalia.gov.co\/colombia\/noticias\/judicializan-a-concejal-de-codazzi-cesar-presunto-responsable-del-delito-de-concusion\/\" \/>\n<meta property=\"og:site_name\" content=\"Fiscal\u00eda General de la Naci\u00f3n\" \/>\n<meta property=\"article:publisher\" content=\"https:\/\/www.facebook.com\/FiscaliaCol\" \/>\n<meta property=\"article:published_time\" content=\"2023-03-23T21:00:41+00:00\" \/>\n<meta property=\"article:modified_time\" content=\"2023-03-23T21:38:32+00:00\" \/>\n<meta property=\"og:image\" content=\"https:\/\/www.fiscalia.gov.co\/colombia\/wp-content\/uploads\/Hermes-Dario-Romero-Cuello-concejal-de-Agustin-Codazzi-Cesar-presunto-responsable-del-delito-de-concusion.-230x300.jpg\" \/>\n<meta name=\"author\" content=\"Winnie Geraldine Rodr\u00edguez Navarrete\" \/>\n<meta name=\"twitter:card\" content=\"summary_large_image\" \/>\n<meta name=\"twitter:creator\" content=\"@FiscaliaCol\" \/>\n<meta name=\"twitter:site\" content=\"@FiscaliaCol\" \/>\n<meta name=\"twitter:label1\" content=\"Escrito por\" \/>\n\t<meta name=\"twitter:data1\" content=\"Winnie Geraldine Rodr\u00edguez Navarrete\" \/>\n\t<meta name=\"twitter:label2\" content=\"Tiempo de lectura\" \/>\n\t<meta name=\"twitter:data2\" content=\"2 minutos\" \/>\n<script type=\"application\/ld+json\" class=\"yoast-schema-graph\">{\"@context\":\"https:\/\/schema.org\",\"@graph\":[{\"@type\":\"Article\",\"@id\":\"https:\/\/www.fiscalia.gov.co\/colombia\/noticias\/judicializan-a-concejal-de-codazzi-cesar-presunto-responsable-del-delito-de-concusion\/#article\",\"isPartOf\":{\"@id\":\"https:\/\/www.fiscalia.gov.co\/colombia\/noticias\/judicializan-a-concejal-de-codazzi-cesar-presunto-responsable-del-delito-de-concusion\/\"},\"author\":{\"name\":\"Winnie Geraldine Rodr\u00edguez Navarrete\",\"@id\":\"https:\/\/www.fiscalia.gov.co\/colombia\/#\/schema\/person\/176195b99ebab0a52aafa15197e1bf80\"},\"headline\":\"Judicializan a concejal de Codazzi (Cesar), presunto responsable del delito de concusi\u00f3n\",\"datePublished\":\"2023-03-23T21:00:41+00:00\",\"dateModified\":\"2023-03-23T21:38:32+00:00\",\"mainEntityOfPage\":{\"@id\":\"https:\/\/www.fiscalia.gov.co\/colombia\/noticias\/judicializan-a-concejal-de-codazzi-cesar-presunto-responsable-del-delito-de-concusion\/\"},\"wordCount\":431,\"publisher\":{\"@id\":\"https:\/\/www.fiscalia.gov.co\/colombia\/#organization\"},\"image\":{\"@id\":\"https:\/\/www.fiscalia.gov.co\/colombia\/noticias\/judicializan-a-concejal-de-codazzi-cesar-presunto-responsable-del-delito-de-concusion\/#primaryimage\"},\"thumbnailUrl\":\"https:\/\/www.fiscalia.gov.co\/colombia\/wp-content\/uploads\/Hermes-Dario-Romero-Cuello-concejal-de-Agustin-Codazzi-Cesar-presunto-responsable-del-delito-de-concusion.-230x300.jpg\",\"keywords\":[\"Concusi\u00f3n\",\"Fiscal Barbosa\",\"Fiscal\u00eda General de la Naci\u00f3n\",\"Valledupar (Cesar)\"],\"articleSection\":[\"Noticias\",\"Seccional Valledupar\",\"Seccionales\",\"Seguridad territorial\"],\"inLanguage\":\"es-CO\"},{\"@type\":\"WebPage\",\"@id\":\"https:\/\/www.fiscalia.gov.co\/colombia\/noticias\/judicializan-a-concejal-de-codazzi-cesar-presunto-responsable-del-delito-de-concusion\/\",\"url\":\"https:\/\/www.fiscalia.gov.co\/colombia\/noticias\/judicializan-a-concejal-de-codazzi-cesar-presunto-responsable-del-delito-de-concusion\/\",\"name\":\"Fiscal\u00eda General de la Naci\u00f3n\",\"isPartOf\":{\"@id\":\"https:\/\/www.fiscalia.gov.co\/colombia\/#website\"},\"primaryImageOfPage\":{\"@id\":\"https:\/\/www.fiscalia.gov.co\/colombia\/noticias\/judicializan-a-concejal-de-codazzi-cesar-presunto-responsable-del-delito-de-concusion\/#primaryimage\"},\"image\":{\"@id\":\"https:\/\/www.fiscalia.gov.co\/colombia\/noticias\/judicializan-a-concejal-de-codazzi-cesar-presunto-responsable-del-delito-de-concusion\/#primaryimage\"},\"thumbnailUrl\":\"https:\/\/www.fiscalia.gov.co\/colombia\/wp-content\/uploads\/Hermes-Dario-Romero-Cuello-concejal-de-Agustin-Codazzi-Cesar-presunto-responsable-del-delito-de-concusion.-230x300.jpg\",\"datePublished\":\"2023-03-23T21:00:41+00:00\",\"dateModified\":\"2023-03-23T21:38:32+00:00\",\"description\":\"P\u00e1gina oficial de la Fiscal\u00eda General de la Naci\u00f3n \u2013 Colombia. Garantizamos el acceso efectivo a la justicia, la verdad y la reparaci\u00f3n de las v\u00edctimas de los delitos.\",\"breadcrumb\":{\"@id\":\"https:\/\/www.fiscalia.gov.co\/colombia\/noticias\/judicializan-a-concejal-de-codazzi-cesar-presunto-responsable-del-delito-de-concusion\/#breadcrumb\"},\"inLanguage\":\"es-CO\",\"potentialAction\":[{\"@type\":\"ReadAction\",\"target\":[\"https:\/\/www.fiscalia.gov.co\/colombia\/noticias\/judicializan-a-concejal-de-codazzi-cesar-presunto-responsable-del-delito-de-concusion\/\"]}]},{\"@type\":\"ImageObject\",\"inLanguage\":\"es-CO\",\"@id\":\"https:\/\/www.fiscalia.gov.co\/colombia\/noticias\/judicializan-a-concejal-de-codazzi-cesar-presunto-responsable-del-delito-de-concusion\/#primaryimage\",\"url\":\"https:\/\/www.fiscalia.gov.co\/colombia\/wp-content\/uploads\/Hermes-Dario-Romero-Cuello-concejal-de-Agustin-Codazzi-Cesar-presunto-responsable-del-delito-de-concusion..jpg\",\"contentUrl\":\"https:\/\/www.fiscalia.gov.co\/colombia\/wp-content\/uploads\/Hermes-Dario-Romero-Cuello-concejal-de-Agustin-Codazzi-Cesar-presunto-responsable-del-delito-de-concusion..jpg\",\"width\":812,\"height\":1058,\"caption\":\"Hermes Dar\u00edo Romero Cuello, concejal de Agust\u00edn Codazzi (Cesar), presunto responsable del delito de concusi\u00f3n.\"},{\"@type\":\"BreadcrumbList\",\"@id\":\"https:\/\/www.fiscalia.gov.co\/colombia\/noticias\/judicializan-a-concejal-de-codazzi-cesar-presunto-responsable-del-delito-de-concusion\/#breadcrumb\",\"itemListElement\":[{\"@type\":\"ListItem\",\"position\":1,\"name\":\"Home\",\"item\":\"https:\/\/www.fiscalia.gov.co\/colombia\/\"},{\"@type\":\"ListItem\",\"position\":2,\"name\":\"Judicializan a concejal de Codazzi (Cesar), presunto responsable del delito de concusi\u00f3n\"}]},{\"@type\":\"WebSite\",\"@id\":\"https:\/\/www.fiscalia.gov.co\/colombia\/#website\",\"url\":\"https:\/\/www.fiscalia.gov.co\/colombia\/\",\"name\":\"Fiscal\u00eda General de la Naci\u00f3n\",\"description\":\"P\u00e1gina oficial de la Fiscal\u00eda General de la Naci\u00f3n \u2013 Colombia. Garantizamos el acceso efectivo a la justicia, la verdad y la reparaci\u00f3n de las v\u00edctimas de los delitos.\",\"publisher\":{\"@id\":\"https:\/\/www.fiscalia.gov.co\/colombia\/#organization\"},\"potentialAction\":[{\"@type\":\"SearchAction\",\"target\":{\"@type\":\"EntryPoint\",\"urlTemplate\":\"https:\/\/www.fiscalia.gov.co\/colombia\/?s={search_term_string}\"},\"query-input\":{\"@type\":\"PropertyValueSpecification\",\"valueRequired\":true,\"valueName\":\"search_term_string\"}}],\"inLanguage\":\"es-CO\"},{\"@type\":\"Organization\",\"@id\":\"https:\/\/www.fiscalia.gov.co\/colombia\/#organization\",\"name\":\"Fiscal\u00eda General de la Naci\u00f3n\",\"url\":\"https:\/\/www.fiscalia.gov.co\/colombia\/\",\"logo\":{\"@type\":\"ImageObject\",\"inLanguage\":\"es-CO\",\"@id\":\"https:\/\/www.fiscalia.gov.co\/colombia\/#\/schema\/logo\/image\/\",\"url\":\"https:\/\/www.fiscalia.gov.co\/colombia\/wp-content\/uploads\/LogoHorizontal_1.jpg\",\"contentUrl\":\"https:\/\/www.fiscalia.gov.co\/colombia\/wp-content\/uploads\/LogoHorizontal_1.jpg\",\"width\":300,\"height\":90,\"caption\":\"Fiscal\u00eda General de la Naci\u00f3n\"},\"image\":{\"@id\":\"https:\/\/www.fiscalia.gov.co\/colombia\/#\/schema\/logo\/image\/\"},\"sameAs\":[\"https:\/\/www.facebook.com\/FiscaliaCol\",\"https:\/\/x.com\/FiscaliaCol\",\"https:\/\/www.instagram.com\/fiscaliacol\",\"https:\/\/www.linkedin.com\/company\/fiscalia-general-de-la-naci-n\/\",\"https:\/\/youtube.com\/@fiscaliageneraldelanacion-4668?si=6nN79nyQICPU5iTh\"]},{\"@type\":\"Person\",\"@id\":\"https:\/\/www.fiscalia.gov.co\/colombia\/#\/schema\/person\/176195b99ebab0a52aafa15197e1bf80\",\"name\":\"Winnie Geraldine Rodr\u00edguez Navarrete\",\"image\":{\"@type\":\"ImageObject\",\"inLanguage\":\"es-CO\",\"@id\":\"https:\/\/www.fiscalia.gov.co\/colombia\/#\/schema\/person\/image\/\",\"url\":\"https:\/\/secure.gravatar.com\/avatar\/c24cf8481dc84fa5e8c7b20bc95ab0c6?s=96&d=mm&r=g\",\"contentUrl\":\"https:\/\/secure.gravatar.com\/avatar\/c24cf8481dc84fa5e8c7b20bc95ab0c6?s=96&d=mm&r=g\",\"caption\":\"Winnie Geraldine Rodr\u00edguez Navarrete\"},\"url\":\"https:\/\/www.fiscalia.gov.co\/colombia\/author\/winnierodriguez\/\"}]}<\/script>\n<!-- \/ Yoast SEO plugin. -->","yoast_head_json":{"title":"Fiscal\u00eda General de la Naci\u00f3n","description":"P\u00e1gina oficial de la Fiscal\u00eda General de la Naci\u00f3n \u2013 Colombia. Garantizamos el acceso efectivo a la justicia, la verdad y la reparaci\u00f3n de las v\u00edctimas de los delitos.","robots":{"index":"noindex","follow":"follow"},"og_locale":"es_ES","og_type":"article","og_title":"Fiscal\u00eda General de la Naci\u00f3n","og_description":"P\u00e1gina oficial de la Fiscal\u00eda General de la Naci\u00f3n \u2013 Colombia. Garantizamos el acceso efectivo a la justicia, la verdad y la reparaci\u00f3n de las v\u00edctimas de los delitos.","og_url":"https:\/\/www.fiscalia.gov.co\/colombia\/noticias\/judicializan-a-concejal-de-codazzi-cesar-presunto-responsable-del-delito-de-concusion\/","og_site_name":"Fiscal\u00eda General de la Naci\u00f3n","article_publisher":"https:\/\/www.facebook.com\/FiscaliaCol","article_published_time":"2023-03-23T21:00:41+00:00","article_modified_time":"2023-03-23T21:38:32+00:00","og_image":[{"url":"https:\/\/www.fiscalia.gov.co\/colombia\/wp-content\/uploads\/Hermes-Dario-Romero-Cuello-concejal-de-Agustin-Codazzi-Cesar-presunto-responsable-del-delito-de-concusion.-230x300.jpg","type":"","width":"","height":""}],"author":"Winnie Geraldine Rodr\u00edguez Navarrete","twitter_card":"summary_large_image","twitter_creator":"@FiscaliaCol","twitter_site":"@FiscaliaCol","twitter_misc":{"Escrito por":"Winnie Geraldine Rodr\u00edguez Navarrete","Tiempo de lectura":"2 minutos"},"schema":{"@context":"https:\/\/schema.org","@graph":[{"@type":"Article","@id":"https:\/\/www.fiscalia.gov.co\/colombia\/noticias\/judicializan-a-concejal-de-codazzi-cesar-presunto-responsable-del-delito-de-concusion\/#article","isPartOf":{"@id":"https:\/\/www.fiscalia.gov.co\/colombia\/noticias\/judicializan-a-concejal-de-codazzi-cesar-presunto-responsable-del-delito-de-concusion\/"},"author":{"name":"Winnie Geraldine Rodr\u00edguez Navarrete","@id":"https:\/\/www.fiscalia.gov.co\/colombia\/#\/schema\/person\/176195b99ebab0a52aafa15197e1bf80"},"headline":"Judicializan a concejal de Codazzi (Cesar), presunto responsable del delito de concusi\u00f3n","datePublished":"2023-03-23T21:00:41+00:00","dateModified":"2023-03-23T21:38:32+00:00","mainEntityOfPage":{"@id":"https:\/\/www.fiscalia.gov.co\/colombia\/noticias\/judicializan-a-concejal-de-codazzi-cesar-presunto-responsable-del-delito-de-concusion\/"},"wordCount":431,"publisher":{"@id":"https:\/\/www.fiscalia.gov.co\/colombia\/#organization"},"image":{"@id":"https:\/\/www.fiscalia.gov.co\/colombia\/noticias\/judicializan-a-concejal-de-codazzi-cesar-presunto-responsable-del-delito-de-concusion\/#primaryimage"},"thumbnailUrl":"https:\/\/www.fiscalia.gov.co\/colombia\/wp-content\/uploads\/Hermes-Dario-Romero-Cuello-concejal-de-Agustin-Codazzi-Cesar-presunto-responsable-del-delito-de-concusion.-230x300.jpg","keywords":["Concusi\u00f3n","Fiscal Barbosa","Fiscal\u00eda General de la Naci\u00f3n","Valledupar (Cesar)"],"articleSection":["Noticias","Seccional Valledupar","Seccionales","Seguridad territorial"],"inLanguage":"es-CO"},{"@type":"WebPage","@id":"https:\/\/www.fiscalia.gov.co\/colombia\/noticias\/judicializan-a-concejal-de-codazzi-cesar-presunto-responsable-del-delito-de-concusion\/","url":"https:\/\/www.fiscalia.gov.co\/colombia\/noticias\/judicializan-a-concejal-de-codazzi-cesar-presunto-responsable-del-delito-de-concusion\/","name":"Fiscal\u00eda General de la Naci\u00f3n","isPartOf":{"@id":"https:\/\/www.fiscalia.gov.co\/colombia\/#website"},"primaryImageOfPage":{"@id":"https:\/\/www.fiscalia.gov.co\/colombia\/noticias\/judicializan-a-concejal-de-codazzi-cesar-presunto-responsable-del-delito-de-concusion\/#primaryimage"},"image":{"@id":"https:\/\/www.fiscalia.gov.co\/colombia\/noticias\/judicializan-a-concejal-de-codazzi-cesar-presunto-responsable-del-delito-de-concusion\/#primaryimage"},"thumbnailUrl":"https:\/\/www.fiscalia.gov.co\/colombia\/wp-content\/uploads\/Hermes-Dario-Romero-Cuello-concejal-de-Agustin-Codazzi-Cesar-presunto-responsable-del-delito-de-concusion.-230x300.jpg","datePublished":"2023-03-23T21:00:41+00:00","dateModified":"2023-03-23T21:38:32+00:00","description":"P\u00e1gina oficial de la Fiscal\u00eda General de la Naci\u00f3n \u2013 Colombia. Garantizamos el acceso efectivo a la justicia, la verdad y la reparaci\u00f3n de las v\u00edctimas de los delitos.","breadcrumb":{"@id":"https:\/\/www.fiscalia.gov.co\/colombia\/noticias\/judicializan-a-concejal-de-codazzi-cesar-presunto-responsable-del-delito-de-concusion\/#breadcrumb"},"inLanguage":"es-CO","potentialAction":[{"@type":"ReadAction","target":["https:\/\/www.fiscalia.gov.co\/colombia\/noticias\/judicializan-a-concejal-de-codazzi-cesar-presunto-responsable-del-delito-de-concusion\/"]}]},{"@type":"ImageObject","inLanguage":"es-CO","@id":"https:\/\/www.fiscalia.gov.co\/colombia\/noticias\/judicializan-a-concejal-de-codazzi-cesar-presunto-responsable-del-delito-de-concusion\/#primaryimage","url":"https:\/\/www.fiscalia.gov.co\/colombia\/wp-content\/uploads\/Hermes-Dario-Romero-Cuello-concejal-de-Agustin-Codazzi-Cesar-presunto-responsable-del-delito-de-concusion..jpg","contentUrl":"https:\/\/www.fiscalia.gov.co\/colombia\/wp-content\/uploads\/Hermes-Dario-Romero-Cuello-concejal-de-Agustin-Codazzi-Cesar-presunto-responsable-del-delito-de-concusion..jpg","width":812,"height":1058,"caption":"Hermes Dar\u00edo Romero Cuello, concejal de Agust\u00edn Codazzi (Cesar), presunto responsable del delito de concusi\u00f3n."},{"@type":"BreadcrumbList","@id":"https:\/\/www.fiscalia.gov.co\/colombia\/noticias\/judicializan-a-concejal-de-codazzi-cesar-presunto-responsable-del-delito-de-concusion\/#breadcrumb","itemListElement":[{"@type":"ListItem","position":1,"name":"Home","item":"https:\/\/www.fiscalia.gov.co\/colombia\/"},{"@type":"ListItem","position":2,"name":"Judicializan a concejal de Codazzi (Cesar), presunto responsable del delito de concusi\u00f3n"}]},{"@type":"WebSite","@id":"https:\/\/www.fiscalia.gov.co\/colombia\/#website","url":"https:\/\/www.fiscalia.gov.co\/colombia\/","name":"Fiscal\u00eda General de la Naci\u00f3n","description":"P\u00e1gina oficial de la Fiscal\u00eda General de la Naci\u00f3n \u2013 Colombia. Garantizamos el acceso efectivo a la justicia, la verdad y la reparaci\u00f3n de las v\u00edctimas de los delitos.","publisher":{"@id":"https:\/\/www.fiscalia.gov.co\/colombia\/#organization"},"potentialAction":[{"@type":"SearchAction","target":{"@type":"EntryPoint","urlTemplate":"https:\/\/www.fiscalia.gov.co\/colombia\/?s={search_term_string}"},"query-input":{"@type":"PropertyValueSpecification","valueRequired":true,"valueName":"search_term_string"}}],"inLanguage":"es-CO"},{"@type":"Organization","@id":"https:\/\/www.fiscalia.gov.co\/colombia\/#organization","name":"Fiscal\u00eda General de la Naci\u00f3n","url":"https:\/\/www.fiscalia.gov.co\/colombia\/","logo":{"@type":"ImageObject","inLanguage":"es-CO","@id":"https:\/\/www.fiscalia.gov.co\/colombia\/#\/schema\/logo\/image\/","url":"https:\/\/www.fiscalia.gov.co\/colombia\/wp-content\/uploads\/LogoHorizontal_1.jpg","contentUrl":"https:\/\/www.fiscalia.gov.co\/colombia\/wp-content\/uploads\/LogoHorizontal_1.jpg","width":300,"height":90,"caption":"Fiscal\u00eda General de la Naci\u00f3n"},"image":{"@id":"https:\/\/www.fiscalia.gov.co\/colombia\/#\/schema\/logo\/image\/"},"sameAs":["https:\/\/www.facebook.com\/FiscaliaCol","https:\/\/x.com\/FiscaliaCol","https:\/\/www.instagram.com\/fiscaliacol","https:\/\/www.linkedin.com\/company\/fiscalia-general-de-la-naci-n\/","https:\/\/youtube.com\/@fiscaliageneraldelanacion-4668?si=6nN79nyQICPU5iTh"]},{"@type":"Person","@id":"https:\/\/www.fiscalia.gov.co\/colombia\/#\/schema\/person\/176195b99ebab0a52aafa15197e1bf80","name":"Winnie Geraldine Rodr\u00edguez Navarrete","image":{"@type":"ImageObject","inLanguage":"es-CO","@id":"https:\/\/www.fiscalia.gov.co\/colombia\/#\/schema\/person\/image\/","url":"https:\/\/secure.gravatar.com\/avatar\/c24cf8481dc84fa5e8c7b20bc95ab0c6?s=96&d=mm&r=g","contentUrl":"https:\/\/secure.gravatar.com\/avatar\/c24cf8481dc84fa5e8c7b20bc95ab0c6?s=96&d=mm&r=g","caption":"Winnie Geraldine Rodr\u00edguez Navarrete"},"url":"https:\/\/www.fiscalia.gov.co\/colombia\/author\/winnierodriguez\/"}]}},"_links":{"self":[{"href":"https:\/\/www.fiscalia.gov.co\/colombia\/wp-json\/wp\/v2\/posts\/268578","targetHints":{"allow":["GET"]}}],"collection":[{"href":"https:\/\/www.fiscalia.gov.co\/colombia\/wp-json\/wp\/v2\/posts"}],"about":[{"href":"https:\/\/www.fiscalia.gov.co\/colombia\/wp-json\/wp\/v2\/types\/post"}],"author":[{"embeddable":true,"href":"https:\/\/www.fiscalia.gov.co\/colombia\/wp-json\/wp\/v2\/users\/178"}],"replies":[{"embeddable":true,"href":"https:\/\/www.fiscalia.gov.co\/colombia\/wp-json\/wp\/v2\/comments?post=268578"}],"version-history":[{"count":2,"href":"https:\/\/www.fiscalia.gov.co\/colombia\/wp-json\/wp\/v2\/posts\/268578\/revisions"}],"predecessor-version":[{"id":268582,"href":"https:\/\/www.fiscalia.gov.co\/colombia\/wp-json\/wp\/v2\/posts\/268578\/revisions\/268582"}],"wp:attachment":[{"href":"https:\/\/www.fiscalia.gov.co\/colombia\/wp-json\/wp\/v2\/media?parent=268578"}],"wp:term":[{"taxonomy":"category","embeddable":true,"href":"https:\/\/www.fiscalia.gov.co\/colombia\/wp-json\/wp\/v2\/categories?post=268578"},{"taxonomy":"post_tag","embeddable":true,"href":"https:\/\/www.fiscalia.gov.co\/colombia\/wp-json\/wp\/v2\/tags?post=268578"}],"curies":[{"name":"wp","href":"https:\/\/api.w.org\/{rel}","templated":true}]}}