{"id":268538,"date":"2023-03-22T20:05:09","date_gmt":"2023-03-23T01:05:09","guid":{"rendered":"https:\/\/www.fiscalia.gov.co\/colombia\/?p=268538"},"modified":"2023-03-22T20:24:11","modified_gmt":"2023-03-23T01:24:11","slug":"con-una-ferrea-defensa-de-la-institucionalidad-fiscal-general-de-la-nacion-francisco-barbosa-delgado-entrego-balance-de-sus-tres-anos-de-gestion","status":"publish","type":"post","link":"https:\/\/www.fiscalia.gov.co\/colombia\/noticias\/con-una-ferrea-defensa-de-la-institucionalidad-fiscal-general-de-la-nacion-francisco-barbosa-delgado-entrego-balance-de-sus-tres-anos-de-gestion\/","title":{"rendered":"Con una f\u00e9rrea defensa de la institucionalidad, Fiscal General de la Naci\u00f3n, Francisco Barbosa Delgado, entreg\u00f3 balance de sus tres a\u00f1os de gesti\u00f3n"},"content":{"rendered":"<ul>\n<li data-leveltext=\"\uf0b7\" data-font=\"Symbol\" data-listid=\"13\" data-list-defn-props=\"{&quot;335552541&quot;:1,&quot;335559684&quot;:-2,&quot;335559685&quot;:720,&quot;335559991&quot;:360,&quot;469769226&quot;:&quot;Symbol&quot;,&quot;469769242&quot;:[8226],&quot;469777803&quot;:&quot;left&quot;,&quot;469777804&quot;:&quot;\uf0b7&quot;,&quot;469777815&quot;:&quot;hybridMultilevel&quot;}\" aria-setsize=\"-1\" data-aria-posinset=\"1\" data-aria-level=\"1\">\n<h4><strong><i>Las estrategias definidas para enfrentar los delitos que m\u00e1s afectan la seguridad ciudadana han permitido obtener avances de 90% en feminicidio y de 40% en homicidios dolosos.<\/i>\u00a0<\/strong><\/h4>\n<\/li>\n<\/ul>\n<ul>\n<li data-leveltext=\"\uf0b7\" data-font=\"Symbol\" data-listid=\"12\" data-list-defn-props=\"{&quot;335552541&quot;:1,&quot;335559684&quot;:-2,&quot;335559685&quot;:720,&quot;335559991&quot;:360,&quot;469769226&quot;:&quot;Symbol&quot;,&quot;469769242&quot;:[8226],&quot;469777803&quot;:&quot;left&quot;,&quot;469777804&quot;:&quot;\uf0b7&quot;,&quot;469777815&quot;:&quot;hybridMultilevel&quot;}\" aria-setsize=\"-1\" data-aria-posinset=\"2\" data-aria-level=\"1\">\n<h4><strong><i>Con mayor presencia en el territorio se ha impactado con determinaci\u00f3n la criminalidad organizada, logrando la captura y judicializaci\u00f3n de 4.468 de integrantes de los grupos armados ilegales, y la incautaci\u00f3n de 1.300 toneladas de estupefacientes.\u00a0<\/i>\u00a0<\/strong><\/h4>\n<\/li>\n<\/ul>\n<ul>\n<li data-leveltext=\"\uf0b7\" data-font=\"Symbol\" data-listid=\"12\" data-list-defn-props=\"{&quot;335552541&quot;:1,&quot;335559684&quot;:-2,&quot;335559685&quot;:720,&quot;335559991&quot;:360,&quot;469769226&quot;:&quot;Symbol&quot;,&quot;469769242&quot;:[8226],&quot;469777803&quot;:&quot;left&quot;,&quot;469777804&quot;:&quot;\uf0b7&quot;,&quot;469777815&quot;:&quot;hybridMultilevel&quot;}\" aria-setsize=\"-1\" data-aria-posinset=\"1\" data-aria-level=\"1\">\n<h4><strong><i>\u201cLe hemos demostrado al pa\u00eds que esta es una Fiscal\u00eda amiga de la paz, amiga de los derechos humanos, amiga de los l\u00edderes sociales, amiga de la diversidad, amiga de las poblaciones discriminadas hist\u00f3ricamente, pero amiga f\u00e9rrea de la legalidad y del Estado de Derecho\u201d, enfatiz\u00f3 el Fiscal Barbosa.<\/i>\u00a0<\/strong><\/h4>\n<\/li>\n<\/ul>\n<p><span data-contrast=\"auto\">El Fiscal General de la Naci\u00f3n, Francisco Barbosa Delgado, realiz\u00f3 un acto p\u00fablico de rendici\u00f3n de cuentas en Medell\u00edn (Antioquia), en el que destac\u00f3 los principales logros y avances investigativos obtenidos durante tres a\u00f1os de gesti\u00f3n. Enfatiz\u00f3 que el trabajo realizado en los territorios se ha enmarcado en una importante lucha por la defensa de la institucionalidad en el pa\u00eds.\u00a0<\/span><span data-ccp-props=\"{&quot;201341983&quot;:0,&quot;335551550&quot;:6,&quot;335551620&quot;:6,&quot;335559739&quot;:240,&quot;335559740&quot;:240}\">\u00a0<\/span><\/p>\n<p><img loading=\"lazy\" decoding=\"async\" class=\" wp-image-268542 aligncenter\" src=\"https:\/\/www.fiscalia.gov.co\/colombia\/wp-content\/uploads\/WhatsApp-Image-2023-03-22-at-8.14.42-PM-300x200.jpeg\" alt=\"\" width=\"440\" height=\"293\" srcset=\"https:\/\/www.fiscalia.gov.co\/colombia\/wp-content\/uploads\/WhatsApp-Image-2023-03-22-at-8.14.42-PM-300x200.jpeg 300w, https:\/\/www.fiscalia.gov.co\/colombia\/wp-content\/uploads\/WhatsApp-Image-2023-03-22-at-8.14.42-PM-1024x683.jpeg 1024w, https:\/\/www.fiscalia.gov.co\/colombia\/wp-content\/uploads\/WhatsApp-Image-2023-03-22-at-8.14.42-PM-768x512.jpeg 768w, https:\/\/www.fiscalia.gov.co\/colombia\/wp-content\/uploads\/WhatsApp-Image-2023-03-22-at-8.14.42-PM-696x464.jpeg 696w, https:\/\/www.fiscalia.gov.co\/colombia\/wp-content\/uploads\/WhatsApp-Image-2023-03-22-at-8.14.42-PM-1068x713.jpeg 1068w, https:\/\/www.fiscalia.gov.co\/colombia\/wp-content\/uploads\/WhatsApp-Image-2023-03-22-at-8.14.42-PM-630x420.jpeg 630w, https:\/\/www.fiscalia.gov.co\/colombia\/wp-content\/uploads\/WhatsApp-Image-2023-03-22-at-8.14.42-PM.jpeg 1280w\" sizes=\"auto, (max-width: 440px) 100vw, 440px\" \/><\/p>\n<p><span data-contrast=\"auto\">\u201cLa Fiscal\u00eda siempre en la historia hab\u00eda sido m\u00e1s un problema que una soluci\u00f3n para la ciudadan\u00eda. Hoy, despu\u00e9s de 30 a\u00f1os y con un escenario complejo, somos m\u00e1s la soluci\u00f3n que el problema para Colombia y eso est\u00e1 siendo reconocido (\u2026). \u00bfPor qu\u00e9? porque estamos haciendo lo que nos toca hacer, defender los valores constitucionales, no es m\u00e1s es cumplir una misi\u00f3n\u201d, asegur\u00f3 el Fiscal General de la Naci\u00f3n.\u00a0<\/span><span data-ccp-props=\"{&quot;201341983&quot;:0,&quot;335551550&quot;:6,&quot;335551620&quot;:6,&quot;335559739&quot;:240,&quot;335559740&quot;:240}\">\u00a0<\/span><\/p>\n<div class=\"youtube-embed\" data-video_id=\"OTwUuOeybo4\"><iframe loading=\"lazy\" title=\"Fiscal Francisco Barbosa habla sobre defensa de valores constitucionales durante rendici\u00f3n 2022-2023\" width=\"696\" height=\"392\" src=\"https:\/\/www.youtube.com\/embed\/OTwUuOeybo4?feature=oembed&#038;enablejsapi=1\" frameborder=\"0\" allow=\"accelerometer; autoplay; clipboard-write; encrypted-media; gyroscope; picture-in-picture; web-share\" allowfullscreen><\/iframe><\/div>\n<p><span data-contrast=\"auto\">Se\u00f1al\u00f3 que, con sus actuaciones y el compromiso de miles de servidores, se ha demostrado que la Fiscal\u00eda es una entidad amiga de la paz. En ese sentido, insisti\u00f3 en fomentar el di\u00e1logo para lograr que este prop\u00f3sito com\u00fan se construya de la manera m\u00e1s adecuada sin poner en riesgo la divisi\u00f3n de poderes, las competencias constitucionales que les asisten a las distintas entidades del Estado y los derechos ciudadanos.<\/span><span data-ccp-props=\"{&quot;201341983&quot;:0,&quot;335551550&quot;:6,&quot;335551620&quot;:6,&quot;335559739&quot;:240,&quot;335559740&quot;:240}\">\u00a0<\/span><\/p>\n<p><span data-contrast=\"auto\">\u201cTodos somos amigos de la paz en la Fiscal\u00eda General de la Naci\u00f3n, todos creemos en la paz, la paz es un valor fundamental que est\u00e1 en la Constituci\u00f3n, en el art\u00edculo 22. Creo que es importante que los colombianos nos unamos alrededor de un valor de paz, pero no podemos unirnos alrededor del narcotr\u00e1fico\u201d, manifest\u00f3.<\/span><span data-ccp-props=\"{&quot;201341983&quot;:0,&quot;335551550&quot;:6,&quot;335551620&quot;:6,&quot;335559739&quot;:240,&quot;335559740&quot;:240}\">\u00a0<\/span><\/p>\n<div class=\"youtube-embed\" data-video_id=\"MHGxPeRBISQ\"><iframe loading=\"lazy\" title=\"Fiscal Francisco Barbosa habla sobre la postura de la Fiscal\u00eda frente a la paz\" width=\"696\" height=\"392\" src=\"https:\/\/www.youtube.com\/embed\/MHGxPeRBISQ?feature=oembed&#038;enablejsapi=1\" frameborder=\"0\" allow=\"accelerometer; autoplay; clipboard-write; encrypted-media; gyroscope; picture-in-picture; web-share\" allowfullscreen><\/iframe><\/div>\n<p><span data-contrast=\"auto\">Esa labor decidida de la Fiscal\u00eda ha permitido durante los \u00faltimos tres a\u00f1os obtener 539.455 capturas, 172.170 medidas de aseguramiento, 148.356 condenas y 66.110 conciliaciones. Asimismo, hay resultados destacados en beneficio de la administraci\u00f3n de justicia y el fortalecimiento de las capacidades de los servidores.<\/span><span data-ccp-props=\"{&quot;201341983&quot;:0,&quot;335551550&quot;:6,&quot;335551620&quot;:6,&quot;335559739&quot;:240,&quot;335559740&quot;:240}\">\u00a0<\/span><\/p>\n<p><b><span data-contrast=\"auto\">Nueva gerencia<\/span><\/b><span data-ccp-props=\"{&quot;201341983&quot;:0,&quot;335551550&quot;:6,&quot;335551620&quot;:6,&quot;335559739&quot;:240,&quot;335559740&quot;:240}\">\u00a0<\/span><\/p>\n<p><span data-contrast=\"auto\">Entre febrero de 2020 y febrero de 2023, se intervinieron 538 sedes e inauguraron 84 Puntos de Atenci\u00f3n Fiscal\u00eda (PAF), mejorando la presencia de la entidad y garantizando el acceso a la justicia penal en 21 departamentos. En talento humano, se realizaron 12.265 ascensos, fueron capacitados 17.720 servidores y se puso en marcha la primera fase de un concurso de m\u00e9ritos para 500 cargos.\u00a0<\/span><span data-ccp-props=\"{&quot;201341983&quot;:0,&quot;335551550&quot;:6,&quot;335551620&quot;:6,&quot;335559739&quot;:240,&quot;335559740&quot;:240}\">\u00a0<\/span><\/p>\n<p><img loading=\"lazy\" decoding=\"async\" class=\" wp-image-268543 aligncenter\" src=\"https:\/\/www.fiscalia.gov.co\/colombia\/wp-content\/uploads\/WhatsApp-Image-2023-03-22-at-8.18.45-PM-300x200.jpeg\" alt=\"\" width=\"362\" height=\"241\" srcset=\"https:\/\/www.fiscalia.gov.co\/colombia\/wp-content\/uploads\/WhatsApp-Image-2023-03-22-at-8.18.45-PM-300x200.jpeg 300w, https:\/\/www.fiscalia.gov.co\/colombia\/wp-content\/uploads\/WhatsApp-Image-2023-03-22-at-8.18.45-PM-1024x683.jpeg 1024w, https:\/\/www.fiscalia.gov.co\/colombia\/wp-content\/uploads\/WhatsApp-Image-2023-03-22-at-8.18.45-PM-768x512.jpeg 768w, https:\/\/www.fiscalia.gov.co\/colombia\/wp-content\/uploads\/WhatsApp-Image-2023-03-22-at-8.18.45-PM-696x464.jpeg 696w, https:\/\/www.fiscalia.gov.co\/colombia\/wp-content\/uploads\/WhatsApp-Image-2023-03-22-at-8.18.45-PM-1068x713.jpeg 1068w, https:\/\/www.fiscalia.gov.co\/colombia\/wp-content\/uploads\/WhatsApp-Image-2023-03-22-at-8.18.45-PM-630x420.jpeg 630w, https:\/\/www.fiscalia.gov.co\/colombia\/wp-content\/uploads\/WhatsApp-Image-2023-03-22-at-8.18.45-PM.jpeg 1280w\" sizes=\"auto, (max-width: 362px) 100vw, 362px\" \/><\/p>\n<p><span data-contrast=\"auto\">Adicionalmente, se present\u00f3 al Congreso de la Rep\u00fablica un proyecto de ley para fortalecer la planta de personal; y se dio un impulso al Cuerpo T\u00e9cnico de Investigaci\u00f3n (CTI) con su unificaci\u00f3n. Esta decisi\u00f3n ha permitido distribuir estrat\u00e9gicamente la polic\u00eda judicial en 2.408 despachos, y afianzar 16 proyectos de capacidades t\u00e9cnicas, tecnol\u00f3gicas y humanas.\u00a0<\/span><span data-ccp-props=\"{&quot;201341983&quot;:0,&quot;335551550&quot;:6,&quot;335551620&quot;:6,&quot;335559739&quot;:240,&quot;335559740&quot;:240}\">\u00a0<\/span><\/p>\n<p><span data-contrast=\"auto\">De igual manera, fueron gestionados 70.000 millones de pesos ante el Consejo Nacional de Pol\u00edtica Econ\u00f3mica y Social (CONPES) para el fortalecimiento y modernizaci\u00f3n tecnol\u00f3gica de la polic\u00eda judicial.\u00a0<\/span><span data-ccp-props=\"{&quot;201341983&quot;:0,&quot;335551550&quot;:6,&quot;335551620&quot;:6,&quot;335559739&quot;:240,&quot;335559740&quot;:240}\">\u00a0<\/span><\/p>\n<p><b><span data-contrast=\"auto\">Seguridad en los territorios<\/span><\/b><span data-ccp-props=\"{&quot;201341983&quot;:0,&quot;335551550&quot;:6,&quot;335551620&quot;:6,&quot;335559739&quot;:240,&quot;335559740&quot;:240}\">\u00a0<\/span><\/p>\n<p><span data-contrast=\"auto\">En tres a\u00f1os se ha resuelto hasta el 41,98% de los <\/span><span data-contrast=\"auto\">homicidios dolosos<\/span><span data-contrast=\"auto\"> ocurridos en el pa\u00eds, muy por encima del 27,38% registrado antes de febrero de 2020. A trav\u00e9s de una metodolog\u00eda de itinerancia, se ha avanzado en el esclarecimiento del 90,05% de los <\/span><span data-contrast=\"auto\">cr\u00edmenes de cuatro o m\u00e1s v\u00edctimas<\/span><span data-contrast=\"auto\">, superior al 36,08% registrado en la administraci\u00f3n anterior.\u00a0<\/span><span data-ccp-props=\"{&quot;134233279&quot;:true,&quot;201341983&quot;:0,&quot;335551550&quot;:6,&quot;335551620&quot;:6,&quot;335559739&quot;:240,&quot;335559740&quot;:240}\">\u00a0<\/span><\/p>\n<p><img loading=\"lazy\" decoding=\"async\" class=\" wp-image-268544 aligncenter\" src=\"https:\/\/www.fiscalia.gov.co\/colombia\/wp-content\/uploads\/WhatsApp-Image-2023-03-22-at-8.18.45-PM-1-300x200.jpeg\" alt=\"\" width=\"384\" height=\"256\" srcset=\"https:\/\/www.fiscalia.gov.co\/colombia\/wp-content\/uploads\/WhatsApp-Image-2023-03-22-at-8.18.45-PM-1-300x200.jpeg 300w, https:\/\/www.fiscalia.gov.co\/colombia\/wp-content\/uploads\/WhatsApp-Image-2023-03-22-at-8.18.45-PM-1-1024x683.jpeg 1024w, https:\/\/www.fiscalia.gov.co\/colombia\/wp-content\/uploads\/WhatsApp-Image-2023-03-22-at-8.18.45-PM-1-768x512.jpeg 768w, https:\/\/www.fiscalia.gov.co\/colombia\/wp-content\/uploads\/WhatsApp-Image-2023-03-22-at-8.18.45-PM-1-696x464.jpeg 696w, https:\/\/www.fiscalia.gov.co\/colombia\/wp-content\/uploads\/WhatsApp-Image-2023-03-22-at-8.18.45-PM-1-1068x713.jpeg 1068w, https:\/\/www.fiscalia.gov.co\/colombia\/wp-content\/uploads\/WhatsApp-Image-2023-03-22-at-8.18.45-PM-1-630x420.jpeg 630w, https:\/\/www.fiscalia.gov.co\/colombia\/wp-content\/uploads\/WhatsApp-Image-2023-03-22-at-8.18.45-PM-1.jpeg 1280w\" sizes=\"auto, (max-width: 384px) 100vw, 384px\" \/><\/p>\n<p><span data-contrast=\"auto\">De los 417 <\/span><span data-contrast=\"auto\">homicidios de defensores de derechos humanos<\/span><span data-contrast=\"auto\"> documentados por la ONU entre 2016 y enero de 2021, la Fiscal\u00eda ha resuelto 305 hechos, un avance del 73,14%; y de los 358 homicidios documentados por la Defensor\u00eda del Pueblo entre 2021 y febrero de 2023, se han esclarecido 156 eventos, es decir, 42,86%.<\/span><span data-ccp-props=\"{&quot;134233279&quot;:true,&quot;201341983&quot;:0,&quot;335551550&quot;:6,&quot;335551620&quot;:6,&quot;335559739&quot;:240,&quot;335559740&quot;:240}\">\u00a0<\/span><\/p>\n<p><span data-contrast=\"auto\">En otros delitos que inciden en la seguridad en las ciudades y en los territorios tambi\u00e9n hay resultados hist\u00f3ricos. En <\/span><span data-contrast=\"auto\">feminicidio<\/span><span data-contrast=\"auto\"> se ha resuelto el 96,55% de los casos conocidos, un promedio superior al que se registraba antes de la llegada del Fisca Barbosa Delgado, de 80,93%. En <\/span><span data-contrast=\"auto\">violencia sexual<\/span><span data-contrast=\"auto\"> hay acciones judiciales efectivas en el 32,90% de los hechos atendidos y en <\/span><span data-contrast=\"auto\">violencia intrafamiliar<\/span><span data-contrast=\"auto\"> en el 45,75 % de las denuncias recibidas.<\/span><span data-ccp-props=\"{&quot;134233279&quot;:true,&quot;201341983&quot;:0,&quot;335551550&quot;:6,&quot;335551620&quot;:6,&quot;335559739&quot;:240,&quot;335559740&quot;:240}\">\u00a0<\/span><\/p>\n<p><span data-contrast=\"auto\">En <\/span><span data-contrast=\"auto\">hurto violento<\/span><span data-contrast=\"auto\"> con indiciado conocido, los fiscales han resuelto 23.686 casos de los 33.795 que se presentaron, lo que significa un avance de 70,09%.\u00a0<\/span><span data-ccp-props=\"{&quot;134233279&quot;:true,&quot;201341983&quot;:0,&quot;335551550&quot;:6,&quot;335551620&quot;:6,&quot;335559739&quot;:240,&quot;335559740&quot;:240}\">\u00a0<\/span><\/p>\n<p><span data-contrast=\"auto\">Finalmente, en <\/span><span data-contrast=\"auto\">maltrato animal<\/span><span data-contrast=\"auto\"> se ha obtenido una tasa de gesti\u00f3n de 45,8%, gracias a la consolidaci\u00f3n del grupo Gelma y las disposiciones del Fiscal Barbosa Delgado con relaci\u00f3n a los delitos que afectan la vida e integridad f\u00edsica de los animales. Antes de febrero de 2020, este \u00edtem no superaba el 12,52%.\u00a0<\/span><span data-ccp-props=\"{&quot;134233279&quot;:true,&quot;201341983&quot;:0,&quot;335551550&quot;:6,&quot;335551620&quot;:6,&quot;335559739&quot;:240,&quot;335559740&quot;:240}\">\u00a0<\/span><\/p>\n<p><b><span data-contrast=\"auto\">Lucha contra la criminalidad organizada\u00a0<\/span><\/b><span data-ccp-props=\"{&quot;134233279&quot;:true,&quot;201341983&quot;:0,&quot;335551550&quot;:6,&quot;335551620&quot;:6,&quot;335559739&quot;:240,&quot;335559740&quot;:240}\">\u00a0<\/span><\/p>\n<p><span data-contrast=\"auto\">Entre febrero de 2020 y febrero de 2023, se lograron capturas de 6.294 integrantes de organizaciones criminales, 4.468 personas vinculadas a grupos narcotraficantes y 12.127 miembros de bandas de narcomenudeo en las ciudades.<\/span><span data-ccp-props=\"{&quot;201341983&quot;:0,&quot;335551550&quot;:6,&quot;335551620&quot;:6,&quot;335559739&quot;:240,&quot;335559740&quot;:240}\">\u00a0<\/span><\/p>\n<p><span data-contrast=\"auto\">Como parte de los procesos investigativos contra las estructuras dedicadas al <\/span><span data-contrast=\"auto\">tr\u00e1fico trasnacional de estupefacientes<\/span><span data-contrast=\"auto\"> se han realizado 44.623 imputaciones y logrado 23.959 condenas. Adem\u00e1s, han sido incautadas 704 toneladas de coca\u00edna y sus derivados, y 606 toneladas de marihuana; y se han destruido 4.897 laboratorios.<\/span><span data-ccp-props=\"{&quot;201341983&quot;:0,&quot;335551550&quot;:6,&quot;335551620&quot;:6,&quot;335559739&quot;:240,&quot;335559740&quot;:240}\">\u00a0<\/span><\/p>\n<p><img loading=\"lazy\" decoding=\"async\" class=\" wp-image-268546 aligncenter\" src=\"https:\/\/www.fiscalia.gov.co\/colombia\/wp-content\/uploads\/WhatsApp-Image-2023-03-22-at-8.18.46-PM-1-1-300x200.jpeg\" alt=\"\" width=\"434\" height=\"289\" srcset=\"https:\/\/www.fiscalia.gov.co\/colombia\/wp-content\/uploads\/WhatsApp-Image-2023-03-22-at-8.18.46-PM-1-1-300x200.jpeg 300w, https:\/\/www.fiscalia.gov.co\/colombia\/wp-content\/uploads\/WhatsApp-Image-2023-03-22-at-8.18.46-PM-1-1-1024x683.jpeg 1024w, https:\/\/www.fiscalia.gov.co\/colombia\/wp-content\/uploads\/WhatsApp-Image-2023-03-22-at-8.18.46-PM-1-1-768x512.jpeg 768w, https:\/\/www.fiscalia.gov.co\/colombia\/wp-content\/uploads\/WhatsApp-Image-2023-03-22-at-8.18.46-PM-1-1-696x464.jpeg 696w, https:\/\/www.fiscalia.gov.co\/colombia\/wp-content\/uploads\/WhatsApp-Image-2023-03-22-at-8.18.46-PM-1-1-1068x713.jpeg 1068w, https:\/\/www.fiscalia.gov.co\/colombia\/wp-content\/uploads\/WhatsApp-Image-2023-03-22-at-8.18.46-PM-1-1-630x420.jpeg 630w, https:\/\/www.fiscalia.gov.co\/colombia\/wp-content\/uploads\/WhatsApp-Image-2023-03-22-at-8.18.46-PM-1-1.jpeg 1280w\" sizes=\"auto, (max-width: 434px) 100vw, 434px\" \/><\/p>\n<p><span data-contrast=\"auto\">Contra las redes responsables de arrasar con las selvas y los bosques, y afectar indiscriminadamente los recursos naturales se materializaron 293 operativos en tres a\u00f1os, que dejaron 890 capturas.<\/span><span data-ccp-props=\"{&quot;201341983&quot;:0,&quot;335551550&quot;:6,&quot;335551620&quot;:6,&quot;335559739&quot;:240,&quot;335559740&quot;:240}\">\u00a0<\/span><\/p>\n<p><span data-contrast=\"auto\">En el trabajo de b\u00fasqueda de la verdad para las v\u00edctimas de los extintos grupos paramilitares y otras organizaciones armadas, <\/span><span data-contrast=\"auto\">la Direcci\u00f3n de Justicia Transicional<\/span><span data-contrast=\"auto\"> realiz\u00f3 solicitudes de imputaci\u00f3n por 75.896 hechos delictivos que se les atribuyen a postulados a la Ley de Justicia y Paz.\u00a0<\/span><span data-ccp-props=\"{&quot;201341983&quot;:0,&quot;335551550&quot;:6,&quot;335551620&quot;:6,&quot;335559739&quot;:240,&quot;335559740&quot;:240}\">\u00a0<\/span><\/p>\n<p><span data-contrast=\"auto\">Durante el periodo de gesti\u00f3n del Fiscal General, Francisco Barbosa Delgado, han sido entregados al Fondo para la Reparaci\u00f3n a las V\u00edctimas bienes avaluados en m\u00e1s de 805.000 millones de pesos. Esto representa un crecimiento del 158% con respecto a lo que se puso a disposici\u00f3n del Fondo en 14 a\u00f1os (2006 &#8211; 2020), que alcanz\u00f3 en valor los 507.000 millones de pesos.<\/span><span data-ccp-props=\"{&quot;201341983&quot;:0,&quot;335551550&quot;:6,&quot;335551620&quot;:6,&quot;335559739&quot;:240,&quot;335559740&quot;:240}\">\u00a0<\/span><\/p>\n<p><span data-contrast=\"auto\">De otra parte, se ejecutaron 1.790 diligencias de exhumaci\u00f3n, 914 ceremonias de entregas dignas, 90 jornadas de atenci\u00f3n a v\u00edctimas que contaron con la participaci\u00f3n de 10.800 personas y se realiz\u00f3 la toma de 3.402 muestras biol\u00f3gicas.\u00a0<\/span><span data-ccp-props=\"{&quot;201341983&quot;:0,&quot;335551550&quot;:6,&quot;335551620&quot;:6,&quot;335559739&quot;:240,&quot;335559740&quot;:240}\">\u00a0<\/span><\/p>\n<p><b><span data-contrast=\"auto\">Golpe trascendental a las finanzas criminales<\/span><\/b><span data-ccp-props=\"{&quot;201341983&quot;:0,&quot;335551550&quot;:6,&quot;335551620&quot;:6,&quot;335559739&quot;:240,&quot;335559740&quot;:240}\">\u00a0<\/span><\/p>\n<p><span data-contrast=\"auto\">Como parte de la estrategia \u2018Argenta\u2019, dispuesta para impactar el patrimonio y las fuentes de il\u00edcitas de financiaci\u00f3n de la criminalidad organizada y la delincuencia, la Fiscal\u00eda ha impuesto medidas cautelares con fines de extinci\u00f3n de dominio sobre bienes avaluados en m\u00e1s de 26,4 billones de pesos.\u00a0<\/span><span data-ccp-props=\"{&quot;201341983&quot;:0,&quot;335551550&quot;:6,&quot;335551620&quot;:6,&quot;335559739&quot;:240,&quot;335559740&quot;:240}\">\u00a0<\/span><\/p>\n<p><span data-contrast=\"auto\">En diferentes frentes investigativos han sido afectadas 778 estructuras criminales involucradas en lavado de activos y otros delitos que golpean la estabilidad financiera y econ\u00f3mica del pa\u00eds. Asimismo, se han materializado 1.010 imputaciones y obtenido 248 sentencias condenatorias.<\/span><span data-ccp-props=\"{&quot;201341983&quot;:0,&quot;335551550&quot;:6,&quot;335551620&quot;:6,&quot;335559739&quot;:240,&quot;335559740&quot;:240}\">\u00a0<\/span><\/p>\n<p><img loading=\"lazy\" decoding=\"async\" class=\" wp-image-268547 aligncenter\" src=\"https:\/\/www.fiscalia.gov.co\/colombia\/wp-content\/uploads\/WhatsApp-Image-2023-03-22-at-8.18.46-PM-300x200.jpeg\" alt=\"\" width=\"395\" height=\"263\" srcset=\"https:\/\/www.fiscalia.gov.co\/colombia\/wp-content\/uploads\/WhatsApp-Image-2023-03-22-at-8.18.46-PM-300x200.jpeg 300w, https:\/\/www.fiscalia.gov.co\/colombia\/wp-content\/uploads\/WhatsApp-Image-2023-03-22-at-8.18.46-PM-1024x683.jpeg 1024w, https:\/\/www.fiscalia.gov.co\/colombia\/wp-content\/uploads\/WhatsApp-Image-2023-03-22-at-8.18.46-PM-768x512.jpeg 768w, https:\/\/www.fiscalia.gov.co\/colombia\/wp-content\/uploads\/WhatsApp-Image-2023-03-22-at-8.18.46-PM-696x464.jpeg 696w, https:\/\/www.fiscalia.gov.co\/colombia\/wp-content\/uploads\/WhatsApp-Image-2023-03-22-at-8.18.46-PM-1068x713.jpeg 1068w, https:\/\/www.fiscalia.gov.co\/colombia\/wp-content\/uploads\/WhatsApp-Image-2023-03-22-at-8.18.46-PM-630x420.jpeg 630w, https:\/\/www.fiscalia.gov.co\/colombia\/wp-content\/uploads\/WhatsApp-Image-2023-03-22-at-8.18.46-PM.jpeg 1280w\" sizes=\"auto, (max-width: 395px) 100vw, 395px\" \/><\/p>\n<p><b><span data-contrast=\"auto\">Estrategia integral contra la corrupci\u00f3n<\/span><\/b><span data-ccp-props=\"{&quot;201341983&quot;:0,&quot;335551550&quot;:6,&quot;335551620&quot;:6,&quot;335559739&quot;:240,&quot;335559740&quot;:240}\">\u00a0<\/span><\/p>\n<p><span data-contrast=\"auto\">Por delitos que afectan la correcta administraci\u00f3n y destinaci\u00f3n de los dineros p\u00fablicos, y otras conductas asociadas con corrupci\u00f3n, se han realizado 16.159 imputaciones y obtenido 2.682 condenas.\u00a0<\/span><span data-ccp-props=\"{&quot;201341983&quot;:0,&quot;335551550&quot;:6,&quot;335551620&quot;:6,&quot;335559739&quot;:240,&quot;335559740&quot;:240}\">\u00a0<\/span><\/p>\n<p><span data-contrast=\"auto\">En el marco de la emergencia sanitaria por COVID-19 fueron verificados 6.000 contratos por $701.539.927.940, se adelantaron 171 imputaciones por mal manejo de los recursos destinados a cubrir las necesidades de la poblaci\u00f3n; y se abrieron investigaciones contra 42 alcaldes, 6 gobernadores y 2 concejales.\u00a0<\/span><span data-ccp-props=\"{&quot;201341983&quot;:0,&quot;335551550&quot;:6,&quot;335551620&quot;:6,&quot;335559739&quot;:240,&quot;335559740&quot;:240}\">\u00a0<\/span><\/p>\n<div class=\"youtube-embed\" data-video_id=\"86vxkMiO83M\"><iframe loading=\"lazy\" title=\"Fiscal Francisco Barbosa habla sobre la defensa de la legalidad\" width=\"696\" height=\"392\" src=\"https:\/\/www.youtube.com\/embed\/86vxkMiO83M?feature=oembed&#038;enablejsapi=1\" frameborder=\"0\" allow=\"accelerometer; autoplay; clipboard-write; encrypted-media; gyroscope; picture-in-picture; web-share\" allowfullscreen><\/iframe><\/div>\n<p><span data-contrast=\"auto\">La Unidad de Fiscales Delegados ante la Corte Suprema de Justicia ha realizado 15 imputaciones y radicado 13 escritos de acusaci\u00f3n contra siete gobernadores. Asimismo, ha vinculado a 36 exgobernadores por diferentes delitos, a trav\u00e9s de 53 imputaciones; presentado 56 escritos de acusaci\u00f3n y obtenido 23 condenas.<\/span><span data-ccp-props=\"{&quot;201341983&quot;:0,&quot;335551550&quot;:6,&quot;335551620&quot;:6,&quot;335559739&quot;:240,&quot;335559740&quot;:240}\">\u00a0<\/span><\/p>\n<p><span data-contrast=\"auto\">En los \u00faltimos tres a\u00f1os, en t\u00e9rminos generales, esta dependencia ha ejecutado 132 imputaciones, radicado 135 escritos de acusaci\u00f3n y logrado 51 condenas contra gobernadores, exgobernadores, altos funcionarios de la Rama Judicial, integrantes de la fuerza p\u00fablica y en casos de asignaciones especiales<\/span><span data-ccp-props=\"{&quot;201341983&quot;:0,&quot;335551550&quot;:6,&quot;335551620&quot;:6,&quot;335559739&quot;:240,&quot;335559740&quot;:240}\">\u00a0<\/span><\/p>\n<p><span data-contrast=\"auto\">En <\/span><span data-contrast=\"auto\">Odebrecht,<\/span><span data-contrast=\"auto\"> en marzo de 2020, el Fiscal General de la Naci\u00f3n design\u00f3 un grupo de Tareas Especiales para unificar las 14 l\u00edneas de investigaci\u00f3n de este entramado de corrupci\u00f3n y darle resultados al pa\u00eds. En ese frente de trabajo se han realizado 32 imputaciones y solicitudes de imputaci\u00f3n, radicado 13 escritos de acusaci\u00f3n y obtenido 10 condenas. Adem\u00e1s, mediante <\/span><span data-contrast=\"auto\">preacuerdos y principios de oportunidad, se han recuperado 37.000 millones de pesos.\u00a0<\/span><b><span data-contrast=\"auto\">\u00a0<\/span><\/b><span data-ccp-props=\"{&quot;201341983&quot;:0,&quot;335551550&quot;:6,&quot;335551620&quot;:6,&quot;335559739&quot;:240,&quot;335559740&quot;:240}\">\u00a0<\/span><\/p>\n<p><b><span data-contrast=\"auto\">Gesti\u00f3n internacional<\/span><\/b><span data-ccp-props=\"{&quot;201341983&quot;:0,&quot;335551550&quot;:6,&quot;335551620&quot;:6,&quot;335559739&quot;:240,&quot;335559740&quot;:240}\">\u00a0<\/span><\/p>\n<p><span data-contrast=\"auto\">El Fiscal General de la Naci\u00f3n consolid\u00f3 una importante estrategia en la regi\u00f3n para luchar contra la criminalidad organizada y los delitos transnacionales. Esto le permiti\u00f3 ser elegido por unanimidad como presidente de la Asociaci\u00f3n Iberoamericana de Ministerios P\u00fablicos (AIAMP) para el per\u00edodo 2022 \u2013 2024.<\/span><span data-ccp-props=\"{&quot;201341983&quot;:0,&quot;335551550&quot;:6,&quot;335551620&quot;:6,&quot;335559739&quot;:240,&quot;335559740&quot;:240}\">\u00a0<\/span><\/p>\n<p><span data-contrast=\"auto\">Como parte de una agenda internacional de trabajo, el Fiscal Barbosa Delgado realiz\u00f3 24 visitas oficiales a 21 pa\u00edses y se firmaron 15 memorandos de entendimiento.\u00a0<\/span><span data-ccp-props=\"{&quot;201341983&quot;:0,&quot;335551550&quot;:6,&quot;335551620&quot;:6,&quot;335559739&quot;:240,&quot;335559740&quot;:240}\">\u00a0<\/span><\/p>\n<p><span data-contrast=\"auto\">Dentro de las acciones de cooperaci\u00f3n internacional adelantadas en estos tres a\u00f1os se han expedido 814 \u00f3rdenes de captura con fines de extradici\u00f3n y han sido entregadas 560 personas a los pa\u00edses requirentes. De igual manera, se tramitaron 2.051 solicitudes de asistencias judiciales.\u00a0<\/span><span data-ccp-props=\"{&quot;201341983&quot;:0,&quot;335551550&quot;:6,&quot;335551620&quot;:6,&quot;335559739&quot;:240,&quot;335559740&quot;:240}\">\u00a0<\/span><\/p>\n<p><b><span data-contrast=\"auto\">La Fiscal\u00eda habla con resultados.<\/span><\/b><\/p>\n<p>&nbsp;<\/p>\n<p>&nbsp;<\/p>\n<p><span data-ccp-props=\"{&quot;201341983&quot;:0,&quot;335551550&quot;:2,&quot;335551620&quot;:2,&quot;335559739&quot;:240,&quot;335559740&quot;:240}\">AMCJ\/JARG\/MRC\/PATN\/\u00a0\u00a0<\/span><\/p>\n<p>&nbsp;<\/p>\n<p>&nbsp;<\/p>\n<p>&nbsp;<\/p>\n<p><em>La informaci\u00f3n contenida en este bolet\u00edn de prensa corresponde a la narraci\u00f3n de los hechos noticiosos objetivos, y las investigaciones penales al interior de la Fiscal\u00eda General de la Naci\u00f3n. Para el momento de la divulgaci\u00f3n de este comunicado, la situaci\u00f3n jur\u00eddica de la(s) persona(s) relacionada(s) se encuentra pendiente de resolver por la autoridad judicial competente, siempre bajo los preceptos de la presunci\u00f3n de inocencia, consagrados en el art\u00edculo 29 de la Constituci\u00f3n Pol\u00edtica y el art\u00edculo 7\u00ba de la Ley 906 de 2004.<\/em><\/p>\n\n<div class=\"twitter-share\"><a href=\"https:\/\/twitter.com\/intent\/tweet?via=fiscaliacol\" class=\"twitter-share-button\">Tweet<\/a><\/div>\n","protected":false},"excerpt":{"rendered":"<p>Las estrategias definidas para enfrentar los delitos que m\u00e1s afectan la seguridad ciudadana han permitido obtener avances de 90% en feminicidio y de 40% en homicidios dolosos.\u00a0 Con mayor presencia en el territorio se ha impactado con determinaci\u00f3n la criminalidad organizada, logrando la captura y judicializaci\u00f3n de 4.468 de integrantes de los grupos armados ilegales, [&hellip;]<\/p>\n","protected":false},"author":178,"featured_media":0,"comment_status":"closed","ping_status":"open","sticky":false,"template":"","format":"standard","meta":{"_price":"","_stock":"","_tribe_ticket_header":"","_tribe_default_ticket_provider":"","_tribe_ticket_capacity":"0","_ticket_start_date":"","_ticket_end_date":"","_tribe_ticket_show_description":"","_tribe_ticket_show_not_going":false,"_tribe_ticket_use_global_stock":"","_tribe_ticket_global_stock_level":"","_global_stock_mode":"","_global_stock_cap":"","_tribe_rsvp_for_event":"","_tribe_ticket_going_count":"","_tribe_ticket_not_going_count":"","_tribe_tickets_list":"[]","_tribe_ticket_has_attendee_info_fields":false,"tdm_status":"","tdm_grid_status":"","footnotes":""},"categories":[24096,1],"tags":[24185,1047,23985],"class_list":{"0":"post-268538","1":"post","2":"type-post","3":"status-publish","4":"format-standard","6":"category-fiscal-general-de-la-nacion","7":"category-noticias","8":"tag-fiscal-barbosa","9":"tag-fiscalia-general-de-la-nacion","10":"tag-medellin-antioquia"},"yoast_head":"<!-- This site is optimized with the Yoast SEO plugin v24.3 - https:\/\/yoast.com\/wordpress\/plugins\/seo\/ -->\n<title>Fiscal\u00eda General de la Naci\u00f3n<\/title>\n<meta name=\"description\" content=\"P\u00e1gina oficial de la Fiscal\u00eda General de la Naci\u00f3n \u2013 Colombia. Garantizamos el acceso efectivo a la justicia, la verdad y la reparaci\u00f3n de las v\u00edctimas de los delitos.\" \/>\n<meta name=\"robots\" content=\"noindex, follow\" \/>\n<meta property=\"og:locale\" content=\"es_ES\" \/>\n<meta property=\"og:type\" content=\"article\" \/>\n<meta property=\"og:title\" content=\"Fiscal\u00eda General de la Naci\u00f3n\" \/>\n<meta property=\"og:description\" content=\"P\u00e1gina oficial de la Fiscal\u00eda General de la Naci\u00f3n \u2013 Colombia. Garantizamos el acceso efectivo a la justicia, la verdad y la reparaci\u00f3n de las v\u00edctimas de los delitos.\" \/>\n<meta property=\"og:url\" content=\"https:\/\/www.fiscalia.gov.co\/colombia\/noticias\/con-una-ferrea-defensa-de-la-institucionalidad-fiscal-general-de-la-nacion-francisco-barbosa-delgado-entrego-balance-de-sus-tres-anos-de-gestion\/\" \/>\n<meta property=\"og:site_name\" content=\"Fiscal\u00eda General de la Naci\u00f3n\" \/>\n<meta property=\"article:publisher\" content=\"https:\/\/www.facebook.com\/FiscaliaCol\" \/>\n<meta property=\"article:published_time\" content=\"2023-03-23T01:05:09+00:00\" \/>\n<meta property=\"article:modified_time\" content=\"2023-03-23T01:24:11+00:00\" \/>\n<meta property=\"og:image\" content=\"https:\/\/www.fiscalia.gov.co\/colombia\/wp-content\/uploads\/WhatsApp-Image-2023-03-22-at-8.14.42-PM-300x200.jpeg\" \/>\n<meta name=\"author\" content=\"Winnie Geraldine Rodr\u00edguez Navarrete\" \/>\n<meta name=\"twitter:card\" content=\"summary_large_image\" \/>\n<meta name=\"twitter:creator\" content=\"@FiscaliaCol\" \/>\n<meta name=\"twitter:site\" content=\"@FiscaliaCol\" \/>\n<meta name=\"twitter:label1\" content=\"Escrito por\" \/>\n\t<meta name=\"twitter:data1\" content=\"Winnie Geraldine Rodr\u00edguez Navarrete\" \/>\n\t<meta name=\"twitter:label2\" content=\"Tiempo de lectura\" \/>\n\t<meta name=\"twitter:data2\" content=\"9 minutos\" \/>\n<script type=\"application\/ld+json\" class=\"yoast-schema-graph\">{\"@context\":\"https:\/\/schema.org\",\"@graph\":[{\"@type\":\"Article\",\"@id\":\"https:\/\/www.fiscalia.gov.co\/colombia\/noticias\/con-una-ferrea-defensa-de-la-institucionalidad-fiscal-general-de-la-nacion-francisco-barbosa-delgado-entrego-balance-de-sus-tres-anos-de-gestion\/#article\",\"isPartOf\":{\"@id\":\"https:\/\/www.fiscalia.gov.co\/colombia\/noticias\/con-una-ferrea-defensa-de-la-institucionalidad-fiscal-general-de-la-nacion-francisco-barbosa-delgado-entrego-balance-de-sus-tres-anos-de-gestion\/\"},\"author\":{\"name\":\"Winnie Geraldine Rodr\u00edguez Navarrete\",\"@id\":\"https:\/\/www.fiscalia.gov.co\/colombia\/#\/schema\/person\/176195b99ebab0a52aafa15197e1bf80\"},\"headline\":\"Con una f\u00e9rrea defensa de la institucionalidad, Fiscal General de la Naci\u00f3n, Francisco Barbosa Delgado, entreg\u00f3 balance de sus tres a\u00f1os de gesti\u00f3n\",\"datePublished\":\"2023-03-23T01:05:09+00:00\",\"dateModified\":\"2023-03-23T01:24:11+00:00\",\"mainEntityOfPage\":{\"@id\":\"https:\/\/www.fiscalia.gov.co\/colombia\/noticias\/con-una-ferrea-defensa-de-la-institucionalidad-fiscal-general-de-la-nacion-francisco-barbosa-delgado-entrego-balance-de-sus-tres-anos-de-gestion\/\"},\"wordCount\":1731,\"publisher\":{\"@id\":\"https:\/\/www.fiscalia.gov.co\/colombia\/#organization\"},\"image\":{\"@id\":\"https:\/\/www.fiscalia.gov.co\/colombia\/noticias\/con-una-ferrea-defensa-de-la-institucionalidad-fiscal-general-de-la-nacion-francisco-barbosa-delgado-entrego-balance-de-sus-tres-anos-de-gestion\/#primaryimage\"},\"thumbnailUrl\":\"https:\/\/www.fiscalia.gov.co\/colombia\/wp-content\/uploads\/WhatsApp-Image-2023-03-22-at-8.14.42-PM-300x200.jpeg\",\"keywords\":[\"Fiscal Barbosa\",\"Fiscal\u00eda General de la Naci\u00f3n\",\"Medell\u00edn (Antioquia)\"],\"articleSection\":[\"Fiscal General de la Naci\u00f3n\",\"Noticias\"],\"inLanguage\":\"es-CO\"},{\"@type\":\"WebPage\",\"@id\":\"https:\/\/www.fiscalia.gov.co\/colombia\/noticias\/con-una-ferrea-defensa-de-la-institucionalidad-fiscal-general-de-la-nacion-francisco-barbosa-delgado-entrego-balance-de-sus-tres-anos-de-gestion\/\",\"url\":\"https:\/\/www.fiscalia.gov.co\/colombia\/noticias\/con-una-ferrea-defensa-de-la-institucionalidad-fiscal-general-de-la-nacion-francisco-barbosa-delgado-entrego-balance-de-sus-tres-anos-de-gestion\/\",\"name\":\"Fiscal\u00eda General de la Naci\u00f3n\",\"isPartOf\":{\"@id\":\"https:\/\/www.fiscalia.gov.co\/colombia\/#website\"},\"primaryImageOfPage\":{\"@id\":\"https:\/\/www.fiscalia.gov.co\/colombia\/noticias\/con-una-ferrea-defensa-de-la-institucionalidad-fiscal-general-de-la-nacion-francisco-barbosa-delgado-entrego-balance-de-sus-tres-anos-de-gestion\/#primaryimage\"},\"image\":{\"@id\":\"https:\/\/www.fiscalia.gov.co\/colombia\/noticias\/con-una-ferrea-defensa-de-la-institucionalidad-fiscal-general-de-la-nacion-francisco-barbosa-delgado-entrego-balance-de-sus-tres-anos-de-gestion\/#primaryimage\"},\"thumbnailUrl\":\"https:\/\/www.fiscalia.gov.co\/colombia\/wp-content\/uploads\/WhatsApp-Image-2023-03-22-at-8.14.42-PM-300x200.jpeg\",\"datePublished\":\"2023-03-23T01:05:09+00:00\",\"dateModified\":\"2023-03-23T01:24:11+00:00\",\"description\":\"P\u00e1gina oficial de la Fiscal\u00eda General de la Naci\u00f3n \u2013 Colombia. Garantizamos el acceso efectivo a la justicia, la verdad y la reparaci\u00f3n de las v\u00edctimas de los delitos.\",\"breadcrumb\":{\"@id\":\"https:\/\/www.fiscalia.gov.co\/colombia\/noticias\/con-una-ferrea-defensa-de-la-institucionalidad-fiscal-general-de-la-nacion-francisco-barbosa-delgado-entrego-balance-de-sus-tres-anos-de-gestion\/#breadcrumb\"},\"inLanguage\":\"es-CO\",\"potentialAction\":[{\"@type\":\"ReadAction\",\"target\":[\"https:\/\/www.fiscalia.gov.co\/colombia\/noticias\/con-una-ferrea-defensa-de-la-institucionalidad-fiscal-general-de-la-nacion-francisco-barbosa-delgado-entrego-balance-de-sus-tres-anos-de-gestion\/\"]}]},{\"@type\":\"ImageObject\",\"inLanguage\":\"es-CO\",\"@id\":\"https:\/\/www.fiscalia.gov.co\/colombia\/noticias\/con-una-ferrea-defensa-de-la-institucionalidad-fiscal-general-de-la-nacion-francisco-barbosa-delgado-entrego-balance-de-sus-tres-anos-de-gestion\/#primaryimage\",\"url\":\"https:\/\/www.fiscalia.gov.co\/colombia\/wp-content\/uploads\/WhatsApp-Image-2023-03-22-at-8.14.42-PM-300x200.jpeg\",\"contentUrl\":\"https:\/\/www.fiscalia.gov.co\/colombia\/wp-content\/uploads\/WhatsApp-Image-2023-03-22-at-8.14.42-PM-300x200.jpeg\"},{\"@type\":\"BreadcrumbList\",\"@id\":\"https:\/\/www.fiscalia.gov.co\/colombia\/noticias\/con-una-ferrea-defensa-de-la-institucionalidad-fiscal-general-de-la-nacion-francisco-barbosa-delgado-entrego-balance-de-sus-tres-anos-de-gestion\/#breadcrumb\",\"itemListElement\":[{\"@type\":\"ListItem\",\"position\":1,\"name\":\"Home\",\"item\":\"https:\/\/www.fiscalia.gov.co\/colombia\/\"},{\"@type\":\"ListItem\",\"position\":2,\"name\":\"Con una f\u00e9rrea defensa de la institucionalidad, Fiscal General de la Naci\u00f3n, Francisco Barbosa Delgado, entreg\u00f3 balance de sus tres a\u00f1os de gesti\u00f3n\"}]},{\"@type\":\"WebSite\",\"@id\":\"https:\/\/www.fiscalia.gov.co\/colombia\/#website\",\"url\":\"https:\/\/www.fiscalia.gov.co\/colombia\/\",\"name\":\"Fiscal\u00eda General de la Naci\u00f3n\",\"description\":\"P\u00e1gina oficial de la Fiscal\u00eda General de la Naci\u00f3n \u2013 Colombia. Garantizamos el acceso efectivo a la justicia, la verdad y la reparaci\u00f3n de las v\u00edctimas de los delitos.\",\"publisher\":{\"@id\":\"https:\/\/www.fiscalia.gov.co\/colombia\/#organization\"},\"potentialAction\":[{\"@type\":\"SearchAction\",\"target\":{\"@type\":\"EntryPoint\",\"urlTemplate\":\"https:\/\/www.fiscalia.gov.co\/colombia\/?s={search_term_string}\"},\"query-input\":{\"@type\":\"PropertyValueSpecification\",\"valueRequired\":true,\"valueName\":\"search_term_string\"}}],\"inLanguage\":\"es-CO\"},{\"@type\":\"Organization\",\"@id\":\"https:\/\/www.fiscalia.gov.co\/colombia\/#organization\",\"name\":\"Fiscal\u00eda General de la Naci\u00f3n\",\"url\":\"https:\/\/www.fiscalia.gov.co\/colombia\/\",\"logo\":{\"@type\":\"ImageObject\",\"inLanguage\":\"es-CO\",\"@id\":\"https:\/\/www.fiscalia.gov.co\/colombia\/#\/schema\/logo\/image\/\",\"url\":\"https:\/\/www.fiscalia.gov.co\/colombia\/wp-content\/uploads\/LogoHorizontal_1.jpg\",\"contentUrl\":\"https:\/\/www.fiscalia.gov.co\/colombia\/wp-content\/uploads\/LogoHorizontal_1.jpg\",\"width\":300,\"height\":90,\"caption\":\"Fiscal\u00eda General de la Naci\u00f3n\"},\"image\":{\"@id\":\"https:\/\/www.fiscalia.gov.co\/colombia\/#\/schema\/logo\/image\/\"},\"sameAs\":[\"https:\/\/www.facebook.com\/FiscaliaCol\",\"https:\/\/x.com\/FiscaliaCol\",\"https:\/\/www.instagram.com\/fiscaliacol\",\"https:\/\/www.linkedin.com\/company\/fiscalia-general-de-la-naci-n\/\",\"https:\/\/youtube.com\/@fiscaliageneraldelanacion-4668?si=6nN79nyQICPU5iTh\"]},{\"@type\":\"Person\",\"@id\":\"https:\/\/www.fiscalia.gov.co\/colombia\/#\/schema\/person\/176195b99ebab0a52aafa15197e1bf80\",\"name\":\"Winnie Geraldine Rodr\u00edguez Navarrete\",\"image\":{\"@type\":\"ImageObject\",\"inLanguage\":\"es-CO\",\"@id\":\"https:\/\/www.fiscalia.gov.co\/colombia\/#\/schema\/person\/image\/\",\"url\":\"https:\/\/secure.gravatar.com\/avatar\/c24cf8481dc84fa5e8c7b20bc95ab0c6?s=96&d=mm&r=g\",\"contentUrl\":\"https:\/\/secure.gravatar.com\/avatar\/c24cf8481dc84fa5e8c7b20bc95ab0c6?s=96&d=mm&r=g\",\"caption\":\"Winnie Geraldine Rodr\u00edguez Navarrete\"},\"url\":\"https:\/\/www.fiscalia.gov.co\/colombia\/author\/winnierodriguez\/\"}]}<\/script>\n<!-- \/ Yoast SEO plugin. -->","yoast_head_json":{"title":"Fiscal\u00eda General de la Naci\u00f3n","description":"P\u00e1gina oficial de la Fiscal\u00eda General de la Naci\u00f3n \u2013 Colombia. Garantizamos el acceso efectivo a la justicia, la verdad y la reparaci\u00f3n de las v\u00edctimas de los delitos.","robots":{"index":"noindex","follow":"follow"},"og_locale":"es_ES","og_type":"article","og_title":"Fiscal\u00eda General de la Naci\u00f3n","og_description":"P\u00e1gina oficial de la Fiscal\u00eda General de la Naci\u00f3n \u2013 Colombia. Garantizamos el acceso efectivo a la justicia, la verdad y la reparaci\u00f3n de las v\u00edctimas de los delitos.","og_url":"https:\/\/www.fiscalia.gov.co\/colombia\/noticias\/con-una-ferrea-defensa-de-la-institucionalidad-fiscal-general-de-la-nacion-francisco-barbosa-delgado-entrego-balance-de-sus-tres-anos-de-gestion\/","og_site_name":"Fiscal\u00eda General de la Naci\u00f3n","article_publisher":"https:\/\/www.facebook.com\/FiscaliaCol","article_published_time":"2023-03-23T01:05:09+00:00","article_modified_time":"2023-03-23T01:24:11+00:00","og_image":[{"url":"https:\/\/www.fiscalia.gov.co\/colombia\/wp-content\/uploads\/WhatsApp-Image-2023-03-22-at-8.14.42-PM-300x200.jpeg","type":"","width":"","height":""}],"author":"Winnie Geraldine Rodr\u00edguez Navarrete","twitter_card":"summary_large_image","twitter_creator":"@FiscaliaCol","twitter_site":"@FiscaliaCol","twitter_misc":{"Escrito por":"Winnie Geraldine Rodr\u00edguez Navarrete","Tiempo de lectura":"9 minutos"},"schema":{"@context":"https:\/\/schema.org","@graph":[{"@type":"Article","@id":"https:\/\/www.fiscalia.gov.co\/colombia\/noticias\/con-una-ferrea-defensa-de-la-institucionalidad-fiscal-general-de-la-nacion-francisco-barbosa-delgado-entrego-balance-de-sus-tres-anos-de-gestion\/#article","isPartOf":{"@id":"https:\/\/www.fiscalia.gov.co\/colombia\/noticias\/con-una-ferrea-defensa-de-la-institucionalidad-fiscal-general-de-la-nacion-francisco-barbosa-delgado-entrego-balance-de-sus-tres-anos-de-gestion\/"},"author":{"name":"Winnie Geraldine Rodr\u00edguez Navarrete","@id":"https:\/\/www.fiscalia.gov.co\/colombia\/#\/schema\/person\/176195b99ebab0a52aafa15197e1bf80"},"headline":"Con una f\u00e9rrea defensa de la institucionalidad, Fiscal General de la Naci\u00f3n, Francisco Barbosa Delgado, entreg\u00f3 balance de sus tres a\u00f1os de gesti\u00f3n","datePublished":"2023-03-23T01:05:09+00:00","dateModified":"2023-03-23T01:24:11+00:00","mainEntityOfPage":{"@id":"https:\/\/www.fiscalia.gov.co\/colombia\/noticias\/con-una-ferrea-defensa-de-la-institucionalidad-fiscal-general-de-la-nacion-francisco-barbosa-delgado-entrego-balance-de-sus-tres-anos-de-gestion\/"},"wordCount":1731,"publisher":{"@id":"https:\/\/www.fiscalia.gov.co\/colombia\/#organization"},"image":{"@id":"https:\/\/www.fiscalia.gov.co\/colombia\/noticias\/con-una-ferrea-defensa-de-la-institucionalidad-fiscal-general-de-la-nacion-francisco-barbosa-delgado-entrego-balance-de-sus-tres-anos-de-gestion\/#primaryimage"},"thumbnailUrl":"https:\/\/www.fiscalia.gov.co\/colombia\/wp-content\/uploads\/WhatsApp-Image-2023-03-22-at-8.14.42-PM-300x200.jpeg","keywords":["Fiscal Barbosa","Fiscal\u00eda General de la Naci\u00f3n","Medell\u00edn (Antioquia)"],"articleSection":["Fiscal General de la Naci\u00f3n","Noticias"],"inLanguage":"es-CO"},{"@type":"WebPage","@id":"https:\/\/www.fiscalia.gov.co\/colombia\/noticias\/con-una-ferrea-defensa-de-la-institucionalidad-fiscal-general-de-la-nacion-francisco-barbosa-delgado-entrego-balance-de-sus-tres-anos-de-gestion\/","url":"https:\/\/www.fiscalia.gov.co\/colombia\/noticias\/con-una-ferrea-defensa-de-la-institucionalidad-fiscal-general-de-la-nacion-francisco-barbosa-delgado-entrego-balance-de-sus-tres-anos-de-gestion\/","name":"Fiscal\u00eda General de la Naci\u00f3n","isPartOf":{"@id":"https:\/\/www.fiscalia.gov.co\/colombia\/#website"},"primaryImageOfPage":{"@id":"https:\/\/www.fiscalia.gov.co\/colombia\/noticias\/con-una-ferrea-defensa-de-la-institucionalidad-fiscal-general-de-la-nacion-francisco-barbosa-delgado-entrego-balance-de-sus-tres-anos-de-gestion\/#primaryimage"},"image":{"@id":"https:\/\/www.fiscalia.gov.co\/colombia\/noticias\/con-una-ferrea-defensa-de-la-institucionalidad-fiscal-general-de-la-nacion-francisco-barbosa-delgado-entrego-balance-de-sus-tres-anos-de-gestion\/#primaryimage"},"thumbnailUrl":"https:\/\/www.fiscalia.gov.co\/colombia\/wp-content\/uploads\/WhatsApp-Image-2023-03-22-at-8.14.42-PM-300x200.jpeg","datePublished":"2023-03-23T01:05:09+00:00","dateModified":"2023-03-23T01:24:11+00:00","description":"P\u00e1gina oficial de la Fiscal\u00eda General de la Naci\u00f3n \u2013 Colombia. Garantizamos el acceso efectivo a la justicia, la verdad y la reparaci\u00f3n de las v\u00edctimas de los delitos.","breadcrumb":{"@id":"https:\/\/www.fiscalia.gov.co\/colombia\/noticias\/con-una-ferrea-defensa-de-la-institucionalidad-fiscal-general-de-la-nacion-francisco-barbosa-delgado-entrego-balance-de-sus-tres-anos-de-gestion\/#breadcrumb"},"inLanguage":"es-CO","potentialAction":[{"@type":"ReadAction","target":["https:\/\/www.fiscalia.gov.co\/colombia\/noticias\/con-una-ferrea-defensa-de-la-institucionalidad-fiscal-general-de-la-nacion-francisco-barbosa-delgado-entrego-balance-de-sus-tres-anos-de-gestion\/"]}]},{"@type":"ImageObject","inLanguage":"es-CO","@id":"https:\/\/www.fiscalia.gov.co\/colombia\/noticias\/con-una-ferrea-defensa-de-la-institucionalidad-fiscal-general-de-la-nacion-francisco-barbosa-delgado-entrego-balance-de-sus-tres-anos-de-gestion\/#primaryimage","url":"https:\/\/www.fiscalia.gov.co\/colombia\/wp-content\/uploads\/WhatsApp-Image-2023-03-22-at-8.14.42-PM-300x200.jpeg","contentUrl":"https:\/\/www.fiscalia.gov.co\/colombia\/wp-content\/uploads\/WhatsApp-Image-2023-03-22-at-8.14.42-PM-300x200.jpeg"},{"@type":"BreadcrumbList","@id":"https:\/\/www.fiscalia.gov.co\/colombia\/noticias\/con-una-ferrea-defensa-de-la-institucionalidad-fiscal-general-de-la-nacion-francisco-barbosa-delgado-entrego-balance-de-sus-tres-anos-de-gestion\/#breadcrumb","itemListElement":[{"@type":"ListItem","position":1,"name":"Home","item":"https:\/\/www.fiscalia.gov.co\/colombia\/"},{"@type":"ListItem","position":2,"name":"Con una f\u00e9rrea defensa de la institucionalidad, Fiscal General de la Naci\u00f3n, Francisco Barbosa Delgado, entreg\u00f3 balance de sus tres a\u00f1os de gesti\u00f3n"}]},{"@type":"WebSite","@id":"https:\/\/www.fiscalia.gov.co\/colombia\/#website","url":"https:\/\/www.fiscalia.gov.co\/colombia\/","name":"Fiscal\u00eda General de la Naci\u00f3n","description":"P\u00e1gina oficial de la Fiscal\u00eda General de la Naci\u00f3n \u2013 Colombia. Garantizamos el acceso efectivo a la justicia, la verdad y la reparaci\u00f3n de las v\u00edctimas de los delitos.","publisher":{"@id":"https:\/\/www.fiscalia.gov.co\/colombia\/#organization"},"potentialAction":[{"@type":"SearchAction","target":{"@type":"EntryPoint","urlTemplate":"https:\/\/www.fiscalia.gov.co\/colombia\/?s={search_term_string}"},"query-input":{"@type":"PropertyValueSpecification","valueRequired":true,"valueName":"search_term_string"}}],"inLanguage":"es-CO"},{"@type":"Organization","@id":"https:\/\/www.fiscalia.gov.co\/colombia\/#organization","name":"Fiscal\u00eda General de la Naci\u00f3n","url":"https:\/\/www.fiscalia.gov.co\/colombia\/","logo":{"@type":"ImageObject","inLanguage":"es-CO","@id":"https:\/\/www.fiscalia.gov.co\/colombia\/#\/schema\/logo\/image\/","url":"https:\/\/www.fiscalia.gov.co\/colombia\/wp-content\/uploads\/LogoHorizontal_1.jpg","contentUrl":"https:\/\/www.fiscalia.gov.co\/colombia\/wp-content\/uploads\/LogoHorizontal_1.jpg","width":300,"height":90,"caption":"Fiscal\u00eda General de la Naci\u00f3n"},"image":{"@id":"https:\/\/www.fiscalia.gov.co\/colombia\/#\/schema\/logo\/image\/"},"sameAs":["https:\/\/www.facebook.com\/FiscaliaCol","https:\/\/x.com\/FiscaliaCol","https:\/\/www.instagram.com\/fiscaliacol","https:\/\/www.linkedin.com\/company\/fiscalia-general-de-la-naci-n\/","https:\/\/youtube.com\/@fiscaliageneraldelanacion-4668?si=6nN79nyQICPU5iTh"]},{"@type":"Person","@id":"https:\/\/www.fiscalia.gov.co\/colombia\/#\/schema\/person\/176195b99ebab0a52aafa15197e1bf80","name":"Winnie Geraldine Rodr\u00edguez Navarrete","image":{"@type":"ImageObject","inLanguage":"es-CO","@id":"https:\/\/www.fiscalia.gov.co\/colombia\/#\/schema\/person\/image\/","url":"https:\/\/secure.gravatar.com\/avatar\/c24cf8481dc84fa5e8c7b20bc95ab0c6?s=96&d=mm&r=g","contentUrl":"https:\/\/secure.gravatar.com\/avatar\/c24cf8481dc84fa5e8c7b20bc95ab0c6?s=96&d=mm&r=g","caption":"Winnie Geraldine Rodr\u00edguez Navarrete"},"url":"https:\/\/www.fiscalia.gov.co\/colombia\/author\/winnierodriguez\/"}]}},"_links":{"self":[{"href":"https:\/\/www.fiscalia.gov.co\/colombia\/wp-json\/wp\/v2\/posts\/268538","targetHints":{"allow":["GET"]}}],"collection":[{"href":"https:\/\/www.fiscalia.gov.co\/colombia\/wp-json\/wp\/v2\/posts"}],"about":[{"href":"https:\/\/www.fiscalia.gov.co\/colombia\/wp-json\/wp\/v2\/types\/post"}],"author":[{"embeddable":true,"href":"https:\/\/www.fiscalia.gov.co\/colombia\/wp-json\/wp\/v2\/users\/178"}],"replies":[{"embeddable":true,"href":"https:\/\/www.fiscalia.gov.co\/colombia\/wp-json\/wp\/v2\/comments?post=268538"}],"version-history":[{"count":4,"href":"https:\/\/www.fiscalia.gov.co\/colombia\/wp-json\/wp\/v2\/posts\/268538\/revisions"}],"predecessor-version":[{"id":268549,"href":"https:\/\/www.fiscalia.gov.co\/colombia\/wp-json\/wp\/v2\/posts\/268538\/revisions\/268549"}],"wp:attachment":[{"href":"https:\/\/www.fiscalia.gov.co\/colombia\/wp-json\/wp\/v2\/media?parent=268538"}],"wp:term":[{"taxonomy":"category","embeddable":true,"href":"https:\/\/www.fiscalia.gov.co\/colombia\/wp-json\/wp\/v2\/categories?post=268538"},{"taxonomy":"post_tag","embeddable":true,"href":"https:\/\/www.fiscalia.gov.co\/colombia\/wp-json\/wp\/v2\/tags?post=268538"}],"curies":[{"name":"wp","href":"https:\/\/api.w.org\/{rel}","templated":true}]}}