{"id":268446,"date":"2023-03-21T13:11:13","date_gmt":"2023-03-21T18:11:13","guid":{"rendered":"https:\/\/www.fiscalia.gov.co\/colombia\/?p=268446"},"modified":"2023-03-21T13:11:13","modified_gmt":"2023-03-21T18:11:13","slug":"en-putumayo-la-fiscalia-logro-que-cuatro-presuntas-extorisionistas-fueran-judicializadas","status":"publish","type":"post","link":"https:\/\/www.fiscalia.gov.co\/colombia\/noticias\/en-putumayo-la-fiscalia-logro-que-cuatro-presuntas-extorisionistas-fueran-judicializadas\/","title":{"rendered":"En Putumayo, la Fiscal\u00eda logr\u00f3 que cuatro presuntas extorisionistas fueran judicializadas"},"content":{"rendered":"<p>Un fiscal adscrito a la Seccional Putumayo logr\u00f3 que un juez de control de garant\u00edas enviara a prisi\u00f3n a cuatro mujeres, presuntamente, implicadas en extorsiones ocurridas en Puerto As\u00eds y Mocoa (Putumayo).<\/p>\n<p>El primer caso involucrar\u00eda a\u00a0Tania Georgina Mart\u00ednez Ord\u00f3\u00f1ez, capturada en flagrancia cuando se dispon\u00eda a recibir 150.000 pesos, presuntamente, producto de exigencias econ\u00f3micas il\u00edcitas realizadas contra un hombre en Puerto As\u00eds (Putumayo).<\/p>\n<figure id=\"attachment_268447\" aria-describedby=\"caption-attachment-268447\" style=\"width: 300px\" class=\"wp-caption aligncenter\"><img loading=\"lazy\" decoding=\"async\" class=\"size-medium wp-image-268447\" src=\"https:\/\/www.fiscalia.gov.co\/colombia\/wp-content\/uploads\/Mayerlis-Rocio-Miranda-Romero-300x221.jpeg\" alt=\"En la fotograf\u00eda aparece un capturado, junto a personal de Fiscal\u00eda General de la Naci\u00f3n, Polic\u00eda Nacional y Ej\u00e9rcito Nacional. En la parte posterior de la imagen se ven banners de Ejercito Nacional, Polic\u00eda Nacional y la Fiscal\u00eda General de la Naci\u00f3n.     \" width=\"300\" height=\"221\" srcset=\"https:\/\/www.fiscalia.gov.co\/colombia\/wp-content\/uploads\/Mayerlis-Rocio-Miranda-Romero-300x221.jpeg 300w, https:\/\/www.fiscalia.gov.co\/colombia\/wp-content\/uploads\/Mayerlis-Rocio-Miranda-Romero-1024x755.jpeg 1024w, https:\/\/www.fiscalia.gov.co\/colombia\/wp-content\/uploads\/Mayerlis-Rocio-Miranda-Romero-768x566.jpeg 768w, https:\/\/www.fiscalia.gov.co\/colombia\/wp-content\/uploads\/Mayerlis-Rocio-Miranda-Romero-696x513.jpeg 696w, https:\/\/www.fiscalia.gov.co\/colombia\/wp-content\/uploads\/Mayerlis-Rocio-Miranda-Romero-1068x788.jpeg 1068w, https:\/\/www.fiscalia.gov.co\/colombia\/wp-content\/uploads\/Mayerlis-Rocio-Miranda-Romero-570x420.jpeg 570w, https:\/\/www.fiscalia.gov.co\/colombia\/wp-content\/uploads\/Mayerlis-Rocio-Miranda-Romero-80x60.jpeg 80w, https:\/\/www.fiscalia.gov.co\/colombia\/wp-content\/uploads\/Mayerlis-Rocio-Miranda-Romero.jpeg 1432w\" sizes=\"auto, (max-width: 300px) 100vw, 300px\" \/><figcaption id=\"caption-attachment-268447\" class=\"wp-caption-text\">Tania Georgina Mart\u00ednez Ord\u00f3\u00f1ez fue capturada en flagrancia cuando se dispon\u00eda a recibir 150.000 pesos en Puerto As\u00eds (Putumayo).<\/figcaption><\/figure>\n<p>Los hechos investigados ven\u00edan ocurriendo desde 2021 cuando a la v\u00edctima le eran enviados mensajes de texto en los que le exig\u00edan el pago de tres millones de pesos, so pena de atentar contra su vida y la de sus hijas.\u00a0\u00a0Un operativo coordinado entre el CTI y el Gaula Militar permiti\u00f3 capturar a Mart\u00ednez Ord\u00f3\u00f1ez en el barrio Acevedo de Puerto As\u00eds.<\/p>\n<p><b>Extorsi\u00f3n realizada mediante llamada de falso polic\u00eda\u00a0<\/b><\/p>\n<p>En otra acci\u00f3n fueron judicializadas Mar\u00eda Susana Medina Uribe y Jeimmy Viviana Parada Medina quienes, al parecer, retiraron\u00a0700.000 pesos de una empresa de giros, dinero presuntamente,\u00a0producto de una extorsi\u00f3n a mujer en Mocoa (Putumayo).<\/p>\n<figure id=\"attachment_268448\" aria-describedby=\"caption-attachment-268448\" style=\"width: 300px\" class=\"wp-caption aligncenter\"><img loading=\"lazy\" decoding=\"async\" class=\"size-medium wp-image-268448\" src=\"https:\/\/www.fiscalia.gov.co\/colombia\/wp-content\/uploads\/Maria-Susana-Medina-Uribe-y-Jeimmy-Viviana-Parada-Medina-300x237.jpeg\" alt=\"En la fotograf\u00eda aparece un capturado, junto a personal de Fiscal\u00eda General de la Naci\u00f3n y Polic\u00eda Nacional. En la parte posterior de la imagen se ven banners de Polic\u00eda Nacional y la Fiscal\u00eda General de la Naci\u00f3n.     \" width=\"300\" height=\"237\" srcset=\"https:\/\/www.fiscalia.gov.co\/colombia\/wp-content\/uploads\/Maria-Susana-Medina-Uribe-y-Jeimmy-Viviana-Parada-Medina-300x237.jpeg 300w, https:\/\/www.fiscalia.gov.co\/colombia\/wp-content\/uploads\/Maria-Susana-Medina-Uribe-y-Jeimmy-Viviana-Parada-Medina-1024x808.jpeg 1024w, https:\/\/www.fiscalia.gov.co\/colombia\/wp-content\/uploads\/Maria-Susana-Medina-Uribe-y-Jeimmy-Viviana-Parada-Medina-768x606.jpeg 768w, https:\/\/www.fiscalia.gov.co\/colombia\/wp-content\/uploads\/Maria-Susana-Medina-Uribe-y-Jeimmy-Viviana-Parada-Medina-696x549.jpeg 696w, https:\/\/www.fiscalia.gov.co\/colombia\/wp-content\/uploads\/Maria-Susana-Medina-Uribe-y-Jeimmy-Viviana-Parada-Medina-1068x843.jpeg 1068w, https:\/\/www.fiscalia.gov.co\/colombia\/wp-content\/uploads\/Maria-Susana-Medina-Uribe-y-Jeimmy-Viviana-Parada-Medina-532x420.jpeg 532w, https:\/\/www.fiscalia.gov.co\/colombia\/wp-content\/uploads\/Maria-Susana-Medina-Uribe-y-Jeimmy-Viviana-Parada-Medina.jpeg 1280w\" sizes=\"auto, (max-width: 300px) 100vw, 300px\" \/><figcaption id=\"caption-attachment-268448\" class=\"wp-caption-text\">Mar\u00eda Susana Medina Uribe y Jeimmy Viviana Parada Medina al parecer retiraron 700.000 pesos de una empresa de giros producto de una extorsi\u00f3n a mujer en Mocoa.<\/figcaption><\/figure>\n<p>Seg\u00fan la investigaci\u00f3n, en agosto de 2020 la v\u00edctima recibi\u00f3 una llamada en la que le informaban que un conocido suyo hab\u00eda tenido un accidente que involucraba varias v\u00edctimas. Un supuesto\u00a0polic\u00eda afirm\u00f3 que para evitar la judicializaci\u00f3n del hombre deb\u00edan transferirle 500.000 pesos; suma que fue girada por la v\u00edctima.<\/p>\n<p>Las procesadas fueron capturadas por servidores del CTI y del Gaula Militar en Bogot\u00e1 como las presuntas responsables de reclamar el dinero, producto de la extorsi\u00f3n, en una empresa de pagos y giros.<\/p>\n<p><b>Exigencias econ\u00f3micas ilegales tras intercambio de fotos \u00edntimas\u00a0<\/b><\/p>\n<p>En otros hechos el Gaula de la Polic\u00eda y el Ej\u00e9rcito Nacional capturaron por orden judicial en la capital del pa\u00eds a Mayerlis Roc\u00edo Miranda Romero. Seg\u00fan se demostr\u00f3, el 8 de junio de 2022\u00a0a trav\u00e9s de un perfil falso en una red social la mujer contact\u00f3 a un hombre con quien sostuvo conversaciones e intercambiaron fotograf\u00edas \u00edntimas.<\/p>\n<p>Al d\u00eda siguiente el hombre fue contactado telef\u00f3nicamente por un presunto polic\u00eda quien le manifest\u00f3 que la mujer con la que hab\u00eda hablado era menor de edad y que sus padres lo denunciar\u00edan por delitos sexuales. Para evitar el proceso le exigi\u00f3 el pago 3 millones de pesos. La procesada fue la encargada de reclamar el dinero en una empresa de giros.<\/p>\n<p>Por determinaci\u00f3n de los jueces de control de garant\u00edas Mart\u00ednez Ord\u00f3\u00f1ez fue cobijada con medida de aseguramiento en un centro carcelario; mientras que Medina Uribe, Parada<\/p>\n<figure id=\"attachment_268449\" aria-describedby=\"caption-attachment-268449\" style=\"width: 300px\" class=\"wp-caption aligncenter\"><img loading=\"lazy\" decoding=\"async\" class=\"size-medium wp-image-268449\" src=\"https:\/\/www.fiscalia.gov.co\/colombia\/wp-content\/uploads\/Tania-Georgina-Martinez-Ordonez-300x215.jpeg\" alt=\"En la fotograf\u00eda aparece un capturado, junto a personal de Polic\u00eda Nacional y Ej\u00e9rcito Nacional. En la parte posterior de la imagen se ven banners de Ejercito Nacional, Polic\u00eda Nacional y la Fiscal\u00eda General de la Naci\u00f3n.   \" width=\"300\" height=\"215\" srcset=\"https:\/\/www.fiscalia.gov.co\/colombia\/wp-content\/uploads\/Tania-Georgina-Martinez-Ordonez-300x215.jpeg 300w, https:\/\/www.fiscalia.gov.co\/colombia\/wp-content\/uploads\/Tania-Georgina-Martinez-Ordonez-1024x734.jpeg 1024w, https:\/\/www.fiscalia.gov.co\/colombia\/wp-content\/uploads\/Tania-Georgina-Martinez-Ordonez-768x550.jpeg 768w, https:\/\/www.fiscalia.gov.co\/colombia\/wp-content\/uploads\/Tania-Georgina-Martinez-Ordonez-696x499.jpeg 696w, https:\/\/www.fiscalia.gov.co\/colombia\/wp-content\/uploads\/Tania-Georgina-Martinez-Ordonez-1068x765.jpeg 1068w, https:\/\/www.fiscalia.gov.co\/colombia\/wp-content\/uploads\/Tania-Georgina-Martinez-Ordonez-586x420.jpeg 586w, https:\/\/www.fiscalia.gov.co\/colombia\/wp-content\/uploads\/Tania-Georgina-Martinez-Ordonez.jpeg 1072w\" sizes=\"auto, (max-width: 300px) 100vw, 300px\" \/><figcaption id=\"caption-attachment-268449\" class=\"wp-caption-text\">Mayerlis Roc\u00edo Miranda Romero a trav\u00e9s de un perfil falso en una red social al parecer contact\u00f3 a un hombre con quien intercambiaron fotograf\u00edas \u00edntimas y luego lo extorsion\u00f3.<\/figcaption><\/figure>\n<p>Medina y Miranda\u00a0Romero lo fueron\u00a0con detenci\u00f3n domiciliaria.<\/p>\n<p><b>La Fiscal\u00eda habla con resultados.\u00a0<\/b><\/p>\n<p>&nbsp;<\/p>\n<p>&nbsp;<\/p>\n<p>&nbsp;<\/p>\n<p>LMGM\/MAGA\/OJPG\/DSP<\/p>\n<p>&nbsp;<\/p>\n<p align=\"center\">\n<p><i>La informaci\u00f3n contenida en este bolet\u00edn de prensa corresponde a la narraci\u00f3n de los hechos noticiosos objetivos, suministrados por los funcionarios encargados de adelantar las investigaciones penales al interior de la Fiscal\u00eda General de la Naci\u00f3n. Para el momento de la divulgaci\u00f3n de este comunicado, la situaci\u00f3n jur\u00eddica de la(s) persona(s) relacionada(s) se encuentra pendiente de resolver por la autoridad judicial competente, siempre bajo los preceptos de la presunci\u00f3n de inocencia, consagrados en el art\u00edculo 29 de la Constituci\u00f3n Pol\u00edtica y el art\u00edculo 7\u00ba de la Ley 906 de 2004.\u00a0<\/i><\/p>\n\n<div class=\"twitter-share\"><a href=\"https:\/\/twitter.com\/intent\/tweet?via=fiscaliacol\" class=\"twitter-share-button\">Tweet<\/a><\/div>\n","protected":false},"excerpt":{"rendered":"<p>Un fiscal adscrito a la Seccional Putumayo logr\u00f3 que un juez de control de garant\u00edas enviara a prisi\u00f3n a cuatro mujeres, presuntamente, implicadas en extorsiones ocurridas en Puerto As\u00eds y [&hellip;]<\/p>\n","protected":false},"author":178,"featured_media":0,"comment_status":"closed","ping_status":"open","sticky":false,"template":"","format":"standard","meta":{"tdm_status":"","tdm_grid_status":"","footnotes":""},"categories":[1,2910,303,24099],"tags":[3119,24955,19111,34221,871,24980,23889,31780,23858,2279,3029],"class_list":["post-268446","post","type-post","status-publish","format-standard","category-noticias","category-seccional-mocoa","category-seccionales","category-seguridad-territorial","tag-amenazas","tag-captura-en-flagrancia","tag-dinero","tag-empresa-de-giros","tag-extorion","tag-llamadas-extorsivas","tag-mocoa","tag-mocoa-putumayo","tag-puerto-asis","tag-putumayo","tag-redes-sociales"],"yoast_head":"<!-- This site is optimized with the Yoast SEO plugin v24.3 - https:\/\/yoast.com\/wordpress\/plugins\/seo\/ -->\n<title>Fiscal\u00eda General de la Naci\u00f3n<\/title>\n<meta name=\"description\" content=\"P\u00e1gina oficial de la Fiscal\u00eda General de la Naci\u00f3n \u2013 Colombia. Garantizamos el acceso efectivo a la justicia, la verdad y la reparaci\u00f3n de las v\u00edctimas de los delitos.\" \/>\n<meta name=\"robots\" content=\"noindex, follow\" \/>\n<meta property=\"og:locale\" content=\"es_ES\" \/>\n<meta property=\"og:type\" content=\"article\" \/>\n<meta property=\"og:title\" content=\"Fiscal\u00eda General de la Naci\u00f3n\" \/>\n<meta property=\"og:description\" content=\"P\u00e1gina oficial de la Fiscal\u00eda General de la Naci\u00f3n \u2013 Colombia. Garantizamos el acceso efectivo a la justicia, la verdad y la reparaci\u00f3n de las v\u00edctimas de los delitos.\" \/>\n<meta property=\"og:url\" content=\"https:\/\/www.fiscalia.gov.co\/colombia\/noticias\/en-putumayo-la-fiscalia-logro-que-cuatro-presuntas-extorisionistas-fueran-judicializadas\/\" \/>\n<meta property=\"og:site_name\" content=\"Fiscal\u00eda General de la Naci\u00f3n\" \/>\n<meta property=\"article:publisher\" content=\"https:\/\/www.facebook.com\/FiscaliaCol\" \/>\n<meta property=\"article:published_time\" content=\"2023-03-21T18:11:13+00:00\" \/>\n<meta property=\"og:image\" content=\"https:\/\/www.fiscalia.gov.co\/colombia\/wp-content\/uploads\/Mayerlis-Rocio-Miranda-Romero-300x221.jpeg\" \/>\n<meta name=\"author\" content=\"Winnie Geraldine Rodr\u00edguez Navarrete\" \/>\n<meta name=\"twitter:card\" content=\"summary_large_image\" \/>\n<meta name=\"twitter:creator\" content=\"@FiscaliaCol\" \/>\n<meta name=\"twitter:site\" content=\"@FiscaliaCol\" \/>\n<meta name=\"twitter:label1\" content=\"Escrito por\" \/>\n\t<meta name=\"twitter:data1\" content=\"Winnie Geraldine Rodr\u00edguez Navarrete\" \/>\n\t<meta name=\"twitter:label2\" content=\"Tiempo de lectura\" \/>\n\t<meta name=\"twitter:data2\" content=\"3 minutos\" \/>\n<script type=\"application\/ld+json\" class=\"yoast-schema-graph\">{\"@context\":\"https:\/\/schema.org\",\"@graph\":[{\"@type\":\"Article\",\"@id\":\"https:\/\/www.fiscalia.gov.co\/colombia\/noticias\/en-putumayo-la-fiscalia-logro-que-cuatro-presuntas-extorisionistas-fueran-judicializadas\/#article\",\"isPartOf\":{\"@id\":\"https:\/\/www.fiscalia.gov.co\/colombia\/noticias\/en-putumayo-la-fiscalia-logro-que-cuatro-presuntas-extorisionistas-fueran-judicializadas\/\"},\"author\":{\"name\":\"Winnie Geraldine Rodr\u00edguez Navarrete\",\"@id\":\"https:\/\/www.fiscalia.gov.co\/colombia\/#\/schema\/person\/176195b99ebab0a52aafa15197e1bf80\"},\"headline\":\"En Putumayo, la Fiscal\u00eda logr\u00f3 que cuatro presuntas extorisionistas fueran judicializadas\",\"datePublished\":\"2023-03-21T18:11:13+00:00\",\"dateModified\":\"2023-03-21T18:11:13+00:00\",\"mainEntityOfPage\":{\"@id\":\"https:\/\/www.fiscalia.gov.co\/colombia\/noticias\/en-putumayo-la-fiscalia-logro-que-cuatro-presuntas-extorisionistas-fueran-judicializadas\/\"},\"wordCount\":691,\"publisher\":{\"@id\":\"https:\/\/www.fiscalia.gov.co\/colombia\/#organization\"},\"image\":{\"@id\":\"https:\/\/www.fiscalia.gov.co\/colombia\/noticias\/en-putumayo-la-fiscalia-logro-que-cuatro-presuntas-extorisionistas-fueran-judicializadas\/#primaryimage\"},\"thumbnailUrl\":\"https:\/\/www.fiscalia.gov.co\/colombia\/wp-content\/uploads\/Mayerlis-Rocio-Miranda-Romero-300x221.jpeg\",\"keywords\":[\"Amenazas\",\"captura en flagrancia\",\"Dinero\",\"empresa de giros\",\"Extorsi\u00f3n\",\"llamadas extorsivas\",\"Mocoa\",\"Mocoa (Putumayo)\",\"Puerto As\u00eds\",\"Putumayo\",\"Redes sociales\"],\"articleSection\":[\"Noticias\",\"Seccional Mocoa\",\"Seccionales\",\"Seguridad territorial\"],\"inLanguage\":\"es-CO\"},{\"@type\":\"WebPage\",\"@id\":\"https:\/\/www.fiscalia.gov.co\/colombia\/noticias\/en-putumayo-la-fiscalia-logro-que-cuatro-presuntas-extorisionistas-fueran-judicializadas\/\",\"url\":\"https:\/\/www.fiscalia.gov.co\/colombia\/noticias\/en-putumayo-la-fiscalia-logro-que-cuatro-presuntas-extorisionistas-fueran-judicializadas\/\",\"name\":\"Fiscal\u00eda General de la Naci\u00f3n\",\"isPartOf\":{\"@id\":\"https:\/\/www.fiscalia.gov.co\/colombia\/#website\"},\"primaryImageOfPage\":{\"@id\":\"https:\/\/www.fiscalia.gov.co\/colombia\/noticias\/en-putumayo-la-fiscalia-logro-que-cuatro-presuntas-extorisionistas-fueran-judicializadas\/#primaryimage\"},\"image\":{\"@id\":\"https:\/\/www.fiscalia.gov.co\/colombia\/noticias\/en-putumayo-la-fiscalia-logro-que-cuatro-presuntas-extorisionistas-fueran-judicializadas\/#primaryimage\"},\"thumbnailUrl\":\"https:\/\/www.fiscalia.gov.co\/colombia\/wp-content\/uploads\/Mayerlis-Rocio-Miranda-Romero-300x221.jpeg\",\"datePublished\":\"2023-03-21T18:11:13+00:00\",\"dateModified\":\"2023-03-21T18:11:13+00:00\",\"description\":\"P\u00e1gina oficial de la Fiscal\u00eda General de la Naci\u00f3n \u2013 Colombia. Garantizamos el acceso efectivo a la justicia, la verdad y la reparaci\u00f3n de las v\u00edctimas de los delitos.\",\"breadcrumb\":{\"@id\":\"https:\/\/www.fiscalia.gov.co\/colombia\/noticias\/en-putumayo-la-fiscalia-logro-que-cuatro-presuntas-extorisionistas-fueran-judicializadas\/#breadcrumb\"},\"inLanguage\":\"es-CO\",\"potentialAction\":[{\"@type\":\"ReadAction\",\"target\":[\"https:\/\/www.fiscalia.gov.co\/colombia\/noticias\/en-putumayo-la-fiscalia-logro-que-cuatro-presuntas-extorisionistas-fueran-judicializadas\/\"]}]},{\"@type\":\"ImageObject\",\"inLanguage\":\"es-CO\",\"@id\":\"https:\/\/www.fiscalia.gov.co\/colombia\/noticias\/en-putumayo-la-fiscalia-logro-que-cuatro-presuntas-extorisionistas-fueran-judicializadas\/#primaryimage\",\"url\":\"https:\/\/www.fiscalia.gov.co\/colombia\/wp-content\/uploads\/Mayerlis-Rocio-Miranda-Romero-300x221.jpeg\",\"contentUrl\":\"https:\/\/www.fiscalia.gov.co\/colombia\/wp-content\/uploads\/Mayerlis-Rocio-Miranda-Romero-300x221.jpeg\"},{\"@type\":\"BreadcrumbList\",\"@id\":\"https:\/\/www.fiscalia.gov.co\/colombia\/noticias\/en-putumayo-la-fiscalia-logro-que-cuatro-presuntas-extorisionistas-fueran-judicializadas\/#breadcrumb\",\"itemListElement\":[{\"@type\":\"ListItem\",\"position\":1,\"name\":\"Home\",\"item\":\"https:\/\/www.fiscalia.gov.co\/colombia\/\"},{\"@type\":\"ListItem\",\"position\":2,\"name\":\"En Putumayo, la Fiscal\u00eda logr\u00f3 que cuatro presuntas extorisionistas fueran judicializadas\"}]},{\"@type\":\"WebSite\",\"@id\":\"https:\/\/www.fiscalia.gov.co\/colombia\/#website\",\"url\":\"https:\/\/www.fiscalia.gov.co\/colombia\/\",\"name\":\"Fiscal\u00eda General de la Naci\u00f3n\",\"description\":\"P\u00e1gina oficial de la Fiscal\u00eda General de la Naci\u00f3n \u2013 Colombia. Garantizamos el acceso efectivo a la justicia, la verdad y la reparaci\u00f3n de las v\u00edctimas de los delitos.\",\"publisher\":{\"@id\":\"https:\/\/www.fiscalia.gov.co\/colombia\/#organization\"},\"potentialAction\":[{\"@type\":\"SearchAction\",\"target\":{\"@type\":\"EntryPoint\",\"urlTemplate\":\"https:\/\/www.fiscalia.gov.co\/colombia\/?s={search_term_string}\"},\"query-input\":{\"@type\":\"PropertyValueSpecification\",\"valueRequired\":true,\"valueName\":\"search_term_string\"}}],\"inLanguage\":\"es-CO\"},{\"@type\":\"Organization\",\"@id\":\"https:\/\/www.fiscalia.gov.co\/colombia\/#organization\",\"name\":\"Fiscal\u00eda General de la Naci\u00f3n\",\"url\":\"https:\/\/www.fiscalia.gov.co\/colombia\/\",\"logo\":{\"@type\":\"ImageObject\",\"inLanguage\":\"es-CO\",\"@id\":\"https:\/\/www.fiscalia.gov.co\/colombia\/#\/schema\/logo\/image\/\",\"url\":\"https:\/\/www.fiscalia.gov.co\/colombia\/wp-content\/uploads\/LogoHorizontal_1.jpg\",\"contentUrl\":\"https:\/\/www.fiscalia.gov.co\/colombia\/wp-content\/uploads\/LogoHorizontal_1.jpg\",\"width\":300,\"height\":90,\"caption\":\"Fiscal\u00eda General de la Naci\u00f3n\"},\"image\":{\"@id\":\"https:\/\/www.fiscalia.gov.co\/colombia\/#\/schema\/logo\/image\/\"},\"sameAs\":[\"https:\/\/www.facebook.com\/FiscaliaCol\",\"https:\/\/x.com\/FiscaliaCol\",\"https:\/\/www.instagram.com\/fiscaliacol\",\"https:\/\/www.linkedin.com\/company\/fiscalia-general-de-la-naci-n\/\",\"https:\/\/youtube.com\/@fiscaliageneraldelanacion-4668?si=6nN79nyQICPU5iTh\"]},{\"@type\":\"Person\",\"@id\":\"https:\/\/www.fiscalia.gov.co\/colombia\/#\/schema\/person\/176195b99ebab0a52aafa15197e1bf80\",\"name\":\"Winnie Geraldine Rodr\u00edguez Navarrete\",\"image\":{\"@type\":\"ImageObject\",\"inLanguage\":\"es-CO\",\"@id\":\"https:\/\/www.fiscalia.gov.co\/colombia\/#\/schema\/person\/image\/\",\"url\":\"https:\/\/secure.gravatar.com\/avatar\/c24cf8481dc84fa5e8c7b20bc95ab0c6?s=96&d=mm&r=g\",\"contentUrl\":\"https:\/\/secure.gravatar.com\/avatar\/c24cf8481dc84fa5e8c7b20bc95ab0c6?s=96&d=mm&r=g\",\"caption\":\"Winnie Geraldine Rodr\u00edguez Navarrete\"},\"url\":\"https:\/\/www.fiscalia.gov.co\/colombia\/author\/winnierodriguez\/\"}]}<\/script>\n<!-- \/ Yoast SEO plugin. -->","yoast_head_json":{"title":"Fiscal\u00eda General de la Naci\u00f3n","description":"P\u00e1gina oficial de la Fiscal\u00eda General de la Naci\u00f3n \u2013 Colombia. Garantizamos el acceso efectivo a la justicia, la verdad y la reparaci\u00f3n de las v\u00edctimas de los delitos.","robots":{"index":"noindex","follow":"follow"},"og_locale":"es_ES","og_type":"article","og_title":"Fiscal\u00eda General de la Naci\u00f3n","og_description":"P\u00e1gina oficial de la Fiscal\u00eda General de la Naci\u00f3n \u2013 Colombia. Garantizamos el acceso efectivo a la justicia, la verdad y la reparaci\u00f3n de las v\u00edctimas de los delitos.","og_url":"https:\/\/www.fiscalia.gov.co\/colombia\/noticias\/en-putumayo-la-fiscalia-logro-que-cuatro-presuntas-extorisionistas-fueran-judicializadas\/","og_site_name":"Fiscal\u00eda General de la Naci\u00f3n","article_publisher":"https:\/\/www.facebook.com\/FiscaliaCol","article_published_time":"2023-03-21T18:11:13+00:00","og_image":[{"url":"https:\/\/www.fiscalia.gov.co\/colombia\/wp-content\/uploads\/Mayerlis-Rocio-Miranda-Romero-300x221.jpeg","type":"","width":"","height":""}],"author":"Winnie Geraldine Rodr\u00edguez Navarrete","twitter_card":"summary_large_image","twitter_creator":"@FiscaliaCol","twitter_site":"@FiscaliaCol","twitter_misc":{"Escrito por":"Winnie Geraldine Rodr\u00edguez Navarrete","Tiempo de lectura":"3 minutos"},"schema":{"@context":"https:\/\/schema.org","@graph":[{"@type":"Article","@id":"https:\/\/www.fiscalia.gov.co\/colombia\/noticias\/en-putumayo-la-fiscalia-logro-que-cuatro-presuntas-extorisionistas-fueran-judicializadas\/#article","isPartOf":{"@id":"https:\/\/www.fiscalia.gov.co\/colombia\/noticias\/en-putumayo-la-fiscalia-logro-que-cuatro-presuntas-extorisionistas-fueran-judicializadas\/"},"author":{"name":"Winnie Geraldine Rodr\u00edguez Navarrete","@id":"https:\/\/www.fiscalia.gov.co\/colombia\/#\/schema\/person\/176195b99ebab0a52aafa15197e1bf80"},"headline":"En Putumayo, la Fiscal\u00eda logr\u00f3 que cuatro presuntas extorisionistas fueran judicializadas","datePublished":"2023-03-21T18:11:13+00:00","dateModified":"2023-03-21T18:11:13+00:00","mainEntityOfPage":{"@id":"https:\/\/www.fiscalia.gov.co\/colombia\/noticias\/en-putumayo-la-fiscalia-logro-que-cuatro-presuntas-extorisionistas-fueran-judicializadas\/"},"wordCount":691,"publisher":{"@id":"https:\/\/www.fiscalia.gov.co\/colombia\/#organization"},"image":{"@id":"https:\/\/www.fiscalia.gov.co\/colombia\/noticias\/en-putumayo-la-fiscalia-logro-que-cuatro-presuntas-extorisionistas-fueran-judicializadas\/#primaryimage"},"thumbnailUrl":"https:\/\/www.fiscalia.gov.co\/colombia\/wp-content\/uploads\/Mayerlis-Rocio-Miranda-Romero-300x221.jpeg","keywords":["Amenazas","captura en flagrancia","Dinero","empresa de giros","Extorsi\u00f3n","llamadas extorsivas","Mocoa","Mocoa (Putumayo)","Puerto As\u00eds","Putumayo","Redes sociales"],"articleSection":["Noticias","Seccional Mocoa","Seccionales","Seguridad territorial"],"inLanguage":"es-CO"},{"@type":"WebPage","@id":"https:\/\/www.fiscalia.gov.co\/colombia\/noticias\/en-putumayo-la-fiscalia-logro-que-cuatro-presuntas-extorisionistas-fueran-judicializadas\/","url":"https:\/\/www.fiscalia.gov.co\/colombia\/noticias\/en-putumayo-la-fiscalia-logro-que-cuatro-presuntas-extorisionistas-fueran-judicializadas\/","name":"Fiscal\u00eda General de la Naci\u00f3n","isPartOf":{"@id":"https:\/\/www.fiscalia.gov.co\/colombia\/#website"},"primaryImageOfPage":{"@id":"https:\/\/www.fiscalia.gov.co\/colombia\/noticias\/en-putumayo-la-fiscalia-logro-que-cuatro-presuntas-extorisionistas-fueran-judicializadas\/#primaryimage"},"image":{"@id":"https:\/\/www.fiscalia.gov.co\/colombia\/noticias\/en-putumayo-la-fiscalia-logro-que-cuatro-presuntas-extorisionistas-fueran-judicializadas\/#primaryimage"},"thumbnailUrl":"https:\/\/www.fiscalia.gov.co\/colombia\/wp-content\/uploads\/Mayerlis-Rocio-Miranda-Romero-300x221.jpeg","datePublished":"2023-03-21T18:11:13+00:00","dateModified":"2023-03-21T18:11:13+00:00","description":"P\u00e1gina oficial de la Fiscal\u00eda General de la Naci\u00f3n \u2013 Colombia. Garantizamos el acceso efectivo a la justicia, la verdad y la reparaci\u00f3n de las v\u00edctimas de los delitos.","breadcrumb":{"@id":"https:\/\/www.fiscalia.gov.co\/colombia\/noticias\/en-putumayo-la-fiscalia-logro-que-cuatro-presuntas-extorisionistas-fueran-judicializadas\/#breadcrumb"},"inLanguage":"es-CO","potentialAction":[{"@type":"ReadAction","target":["https:\/\/www.fiscalia.gov.co\/colombia\/noticias\/en-putumayo-la-fiscalia-logro-que-cuatro-presuntas-extorisionistas-fueran-judicializadas\/"]}]},{"@type":"ImageObject","inLanguage":"es-CO","@id":"https:\/\/www.fiscalia.gov.co\/colombia\/noticias\/en-putumayo-la-fiscalia-logro-que-cuatro-presuntas-extorisionistas-fueran-judicializadas\/#primaryimage","url":"https:\/\/www.fiscalia.gov.co\/colombia\/wp-content\/uploads\/Mayerlis-Rocio-Miranda-Romero-300x221.jpeg","contentUrl":"https:\/\/www.fiscalia.gov.co\/colombia\/wp-content\/uploads\/Mayerlis-Rocio-Miranda-Romero-300x221.jpeg"},{"@type":"BreadcrumbList","@id":"https:\/\/www.fiscalia.gov.co\/colombia\/noticias\/en-putumayo-la-fiscalia-logro-que-cuatro-presuntas-extorisionistas-fueran-judicializadas\/#breadcrumb","itemListElement":[{"@type":"ListItem","position":1,"name":"Home","item":"https:\/\/www.fiscalia.gov.co\/colombia\/"},{"@type":"ListItem","position":2,"name":"En Putumayo, la Fiscal\u00eda logr\u00f3 que cuatro presuntas extorisionistas fueran judicializadas"}]},{"@type":"WebSite","@id":"https:\/\/www.fiscalia.gov.co\/colombia\/#website","url":"https:\/\/www.fiscalia.gov.co\/colombia\/","name":"Fiscal\u00eda General de la Naci\u00f3n","description":"P\u00e1gina oficial de la Fiscal\u00eda General de la Naci\u00f3n \u2013 Colombia. Garantizamos el acceso efectivo a la justicia, la verdad y la reparaci\u00f3n de las v\u00edctimas de los delitos.","publisher":{"@id":"https:\/\/www.fiscalia.gov.co\/colombia\/#organization"},"potentialAction":[{"@type":"SearchAction","target":{"@type":"EntryPoint","urlTemplate":"https:\/\/www.fiscalia.gov.co\/colombia\/?s={search_term_string}"},"query-input":{"@type":"PropertyValueSpecification","valueRequired":true,"valueName":"search_term_string"}}],"inLanguage":"es-CO"},{"@type":"Organization","@id":"https:\/\/www.fiscalia.gov.co\/colombia\/#organization","name":"Fiscal\u00eda General de la Naci\u00f3n","url":"https:\/\/www.fiscalia.gov.co\/colombia\/","logo":{"@type":"ImageObject","inLanguage":"es-CO","@id":"https:\/\/www.fiscalia.gov.co\/colombia\/#\/schema\/logo\/image\/","url":"https:\/\/www.fiscalia.gov.co\/colombia\/wp-content\/uploads\/LogoHorizontal_1.jpg","contentUrl":"https:\/\/www.fiscalia.gov.co\/colombia\/wp-content\/uploads\/LogoHorizontal_1.jpg","width":300,"height":90,"caption":"Fiscal\u00eda General de la Naci\u00f3n"},"image":{"@id":"https:\/\/www.fiscalia.gov.co\/colombia\/#\/schema\/logo\/image\/"},"sameAs":["https:\/\/www.facebook.com\/FiscaliaCol","https:\/\/x.com\/FiscaliaCol","https:\/\/www.instagram.com\/fiscaliacol","https:\/\/www.linkedin.com\/company\/fiscalia-general-de-la-naci-n\/","https:\/\/youtube.com\/@fiscaliageneraldelanacion-4668?si=6nN79nyQICPU5iTh"]},{"@type":"Person","@id":"https:\/\/www.fiscalia.gov.co\/colombia\/#\/schema\/person\/176195b99ebab0a52aafa15197e1bf80","name":"Winnie Geraldine Rodr\u00edguez Navarrete","image":{"@type":"ImageObject","inLanguage":"es-CO","@id":"https:\/\/www.fiscalia.gov.co\/colombia\/#\/schema\/person\/image\/","url":"https:\/\/secure.gravatar.com\/avatar\/c24cf8481dc84fa5e8c7b20bc95ab0c6?s=96&d=mm&r=g","contentUrl":"https:\/\/secure.gravatar.com\/avatar\/c24cf8481dc84fa5e8c7b20bc95ab0c6?s=96&d=mm&r=g","caption":"Winnie Geraldine Rodr\u00edguez Navarrete"},"url":"https:\/\/www.fiscalia.gov.co\/colombia\/author\/winnierodriguez\/"}]}},"_links":{"self":[{"href":"https:\/\/www.fiscalia.gov.co\/colombia\/wp-json\/wp\/v2\/posts\/268446","targetHints":{"allow":["GET"]}}],"collection":[{"href":"https:\/\/www.fiscalia.gov.co\/colombia\/wp-json\/wp\/v2\/posts"}],"about":[{"href":"https:\/\/www.fiscalia.gov.co\/colombia\/wp-json\/wp\/v2\/types\/post"}],"author":[{"embeddable":true,"href":"https:\/\/www.fiscalia.gov.co\/colombia\/wp-json\/wp\/v2\/users\/178"}],"replies":[{"embeddable":true,"href":"https:\/\/www.fiscalia.gov.co\/colombia\/wp-json\/wp\/v2\/comments?post=268446"}],"version-history":[{"count":1,"href":"https:\/\/www.fiscalia.gov.co\/colombia\/wp-json\/wp\/v2\/posts\/268446\/revisions"}],"predecessor-version":[{"id":268450,"href":"https:\/\/www.fiscalia.gov.co\/colombia\/wp-json\/wp\/v2\/posts\/268446\/revisions\/268450"}],"wp:attachment":[{"href":"https:\/\/www.fiscalia.gov.co\/colombia\/wp-json\/wp\/v2\/media?parent=268446"}],"wp:term":[{"taxonomy":"category","embeddable":true,"href":"https:\/\/www.fiscalia.gov.co\/colombia\/wp-json\/wp\/v2\/categories?post=268446"},{"taxonomy":"post_tag","embeddable":true,"href":"https:\/\/www.fiscalia.gov.co\/colombia\/wp-json\/wp\/v2\/tags?post=268446"}],"curies":[{"name":"wp","href":"https:\/\/api.w.org\/{rel}","templated":true}]}}