{"id":268174,"date":"2023-03-14T15:04:25","date_gmt":"2023-03-14T20:04:25","guid":{"rendered":"https:\/\/www.fiscalia.gov.co\/colombia\/?p=268174"},"modified":"2023-03-14T15:04:25","modified_gmt":"2023-03-14T20:04:25","slug":"caen-15-presuntos-narcotraficantes-pedidos-en-extradicion-por-estados-unidos","status":"publish","type":"post","link":"https:\/\/www.fiscalia.gov.co\/colombia\/hechos-concretos\/caen-15-presuntos-narcotraficantes-pedidos-en-extradicion-por-estados-unidos\/","title":{"rendered":"Caen 15 presuntos narcotraficantes pedidos en extradici\u00f3n por Estados Unidos"},"content":{"rendered":"<p><strong>Fuente: El Heraldo<\/strong><\/p>\n<p>En un trabajo articulado entre la Fiscal\u00eda General de la Naci\u00f3n, la Direcci\u00f3n Especializada contra el Narcotr\u00e1fico, Polic\u00eda Nacional, DEA y la Oficina Federal de Investigaci\u00f3n (FBI), se logr\u00f3 la captura de 15 presuntos integrantes de dos grupos narcotraficantes se\u00f1alados de enviar estupefacientes por v\u00eda mar\u00edtima hac\u00eda Estados Unidos y pa\u00edses de Centroam\u00e9rica.<\/p>\n<p>El primer grupo criminal, en diligencias realizadas en Riohacha (La Guajira) fueron ubicados siete hombres que har\u00edan parte de un clan narcotraficante autodenominado \u2018Los P\u00e1jaros\u2019, que ser\u00eda el responsable de mover toneladas de clorhidrato de coca\u00edna en lanchas r\u00e1pidas hacia las islas del Caribe y algunos pa\u00edses de Centroam\u00e9rica. Estas personas son requeridas por una corte del Distrito Sur de La Florida, por cargos relacionados con tr\u00e1fico de estupefacientes.<\/p>\n<p>Lea la noticia completa <a href=\"https:\/\/www.elheraldo.co\/la-guajira\/la-guajira-caen-15-presuntos-narcotraficantes-pedidos-en-extradicion-por-estados-unidos\" target=\"_blank\" rel=\"noopener\">aqu\u00ed<\/a>.<\/p>\n<p>&nbsp;<\/p>\n\n<div class=\"twitter-share\"><a href=\"https:\/\/twitter.com\/intent\/tweet?via=fiscaliacol\" class=\"twitter-share-button\">Tweet<\/a><\/div>\n","protected":false},"excerpt":{"rendered":"<p>Fuente: El Heraldo En un trabajo articulado entre la Fiscal\u00eda General de la Naci\u00f3n, la Direcci\u00f3n Especializada contra el Narcotr\u00e1fico, Polic\u00eda Nacional, DEA y la Oficina Federal de Investigaci\u00f3n (FBI), se logr\u00f3 la captura de 15 presuntos integrantes de dos grupos narcotraficantes se\u00f1alados de enviar estupefacientes por v\u00eda mar\u00edtima hac\u00eda Estados Unidos y pa\u00edses de [&hellip;]<\/p>\n","protected":false},"author":175,"featured_media":268193,"comment_status":"closed","ping_status":"open","sticky":false,"template":"","format":"standard","meta":{"tdm_status":"","tdm_grid_status":"","footnotes":""},"categories":[24184],"tags":[24189,24526],"class_list":{"0":"post-268174","1":"post","2":"type-post","3":"status-publish","4":"format-standard","5":"has-post-thumbnail","7":"category-hechos-concretos","8":"tag-fiscal-francisco-barbosa-delgado","9":"tag-fiscal-general-francisco-barbosa-delgado"},"yoast_head":"<!-- This site is optimized with the Yoast SEO plugin v24.3 - https:\/\/yoast.com\/wordpress\/plugins\/seo\/ -->\n<title>Fiscal\u00eda General de la Naci\u00f3n<\/title>\n<meta name=\"description\" content=\"P\u00e1gina oficial de la Fiscal\u00eda General de la Naci\u00f3n \u2013 Colombia. Garantizamos el acceso efectivo a la justicia, la verdad y la reparaci\u00f3n de las v\u00edctimas de los delitos.\" \/>\n<meta name=\"robots\" content=\"noindex, follow\" \/>\n<meta property=\"og:locale\" content=\"es_ES\" \/>\n<meta property=\"og:type\" content=\"article\" \/>\n<meta property=\"og:title\" content=\"Fiscal\u00eda General de la Naci\u00f3n\" \/>\n<meta property=\"og:description\" content=\"P\u00e1gina oficial de la Fiscal\u00eda General de la Naci\u00f3n \u2013 Colombia. Garantizamos el acceso efectivo a la justicia, la verdad y la reparaci\u00f3n de las v\u00edctimas de los delitos.\" \/>\n<meta property=\"og:url\" content=\"https:\/\/www.fiscalia.gov.co\/colombia\/hechos-concretos\/caen-15-presuntos-narcotraficantes-pedidos-en-extradicion-por-estados-unidos\/\" \/>\n<meta property=\"og:site_name\" content=\"Fiscal\u00eda General de la Naci\u00f3n\" \/>\n<meta property=\"article:publisher\" content=\"https:\/\/www.facebook.com\/FiscaliaCol\" \/>\n<meta property=\"article:published_time\" content=\"2023-03-14T20:04:25+00:00\" \/>\n<meta property=\"og:image\" content=\"https:\/\/www.fiscalia.gov.co\/colombia\/wp-content\/uploads\/Fiscal_Francisco_Barbosa_extradicion-narcotrafico.jpeg\" \/>\n\t<meta property=\"og:image:width\" content=\"1600\" \/>\n\t<meta property=\"og:image:height\" content=\"900\" \/>\n\t<meta property=\"og:image:type\" content=\"image\/jpeg\" \/>\n<meta name=\"author\" content=\"Katherine Loaiza Mart\u00ednez\" \/>\n<meta name=\"twitter:card\" content=\"summary_large_image\" \/>\n<meta name=\"twitter:creator\" content=\"@FiscaliaCol\" \/>\n<meta name=\"twitter:site\" content=\"@FiscaliaCol\" \/>\n<meta name=\"twitter:label1\" content=\"Escrito por\" \/>\n\t<meta name=\"twitter:data1\" content=\"Katherine Loaiza Mart\u00ednez\" \/>\n\t<meta name=\"twitter:label2\" content=\"Tiempo de lectura\" \/>\n\t<meta name=\"twitter:data2\" content=\"1 minuto\" \/>\n<script type=\"application\/ld+json\" class=\"yoast-schema-graph\">{\"@context\":\"https:\/\/schema.org\",\"@graph\":[{\"@type\":\"Article\",\"@id\":\"https:\/\/www.fiscalia.gov.co\/colombia\/hechos-concretos\/caen-15-presuntos-narcotraficantes-pedidos-en-extradicion-por-estados-unidos\/#article\",\"isPartOf\":{\"@id\":\"https:\/\/www.fiscalia.gov.co\/colombia\/hechos-concretos\/caen-15-presuntos-narcotraficantes-pedidos-en-extradicion-por-estados-unidos\/\"},\"author\":{\"name\":\"Katherine Loaiza Mart\u00ednez\",\"@id\":\"https:\/\/www.fiscalia.gov.co\/colombia\/#\/schema\/person\/2e76b9aba5ecf875ed565ce4de0e0415\"},\"headline\":\"Caen 15 presuntos narcotraficantes pedidos en extradici\u00f3n por Estados Unidos\",\"datePublished\":\"2023-03-14T20:04:25+00:00\",\"dateModified\":\"2023-03-14T20:04:25+00:00\",\"mainEntityOfPage\":{\"@id\":\"https:\/\/www.fiscalia.gov.co\/colombia\/hechos-concretos\/caen-15-presuntos-narcotraficantes-pedidos-en-extradicion-por-estados-unidos\/\"},\"wordCount\":160,\"publisher\":{\"@id\":\"https:\/\/www.fiscalia.gov.co\/colombia\/#organization\"},\"image\":{\"@id\":\"https:\/\/www.fiscalia.gov.co\/colombia\/hechos-concretos\/caen-15-presuntos-narcotraficantes-pedidos-en-extradicion-por-estados-unidos\/#primaryimage\"},\"thumbnailUrl\":\"https:\/\/www.fiscalia.gov.co\/colombia\/wp-content\/uploads\/Fiscal_Francisco_Barbosa_extradicion-narcotrafico.jpeg\",\"keywords\":[\"Fiscal Francisco Barbosa Delgado\",\"Fiscal General Francisco Barbosa Delgado\"],\"articleSection\":[\"Hechos concretos\"],\"inLanguage\":\"es-CO\"},{\"@type\":\"WebPage\",\"@id\":\"https:\/\/www.fiscalia.gov.co\/colombia\/hechos-concretos\/caen-15-presuntos-narcotraficantes-pedidos-en-extradicion-por-estados-unidos\/\",\"url\":\"https:\/\/www.fiscalia.gov.co\/colombia\/hechos-concretos\/caen-15-presuntos-narcotraficantes-pedidos-en-extradicion-por-estados-unidos\/\",\"name\":\"Fiscal\u00eda General de la Naci\u00f3n\",\"isPartOf\":{\"@id\":\"https:\/\/www.fiscalia.gov.co\/colombia\/#website\"},\"primaryImageOfPage\":{\"@id\":\"https:\/\/www.fiscalia.gov.co\/colombia\/hechos-concretos\/caen-15-presuntos-narcotraficantes-pedidos-en-extradicion-por-estados-unidos\/#primaryimage\"},\"image\":{\"@id\":\"https:\/\/www.fiscalia.gov.co\/colombia\/hechos-concretos\/caen-15-presuntos-narcotraficantes-pedidos-en-extradicion-por-estados-unidos\/#primaryimage\"},\"thumbnailUrl\":\"https:\/\/www.fiscalia.gov.co\/colombia\/wp-content\/uploads\/Fiscal_Francisco_Barbosa_extradicion-narcotrafico.jpeg\",\"datePublished\":\"2023-03-14T20:04:25+00:00\",\"dateModified\":\"2023-03-14T20:04:25+00:00\",\"description\":\"P\u00e1gina oficial de la Fiscal\u00eda General de la Naci\u00f3n \u2013 Colombia. Garantizamos el acceso efectivo a la justicia, la verdad y la reparaci\u00f3n de las v\u00edctimas de los delitos.\",\"breadcrumb\":{\"@id\":\"https:\/\/www.fiscalia.gov.co\/colombia\/hechos-concretos\/caen-15-presuntos-narcotraficantes-pedidos-en-extradicion-por-estados-unidos\/#breadcrumb\"},\"inLanguage\":\"es-CO\",\"potentialAction\":[{\"@type\":\"ReadAction\",\"target\":[\"https:\/\/www.fiscalia.gov.co\/colombia\/hechos-concretos\/caen-15-presuntos-narcotraficantes-pedidos-en-extradicion-por-estados-unidos\/\"]}]},{\"@type\":\"ImageObject\",\"inLanguage\":\"es-CO\",\"@id\":\"https:\/\/www.fiscalia.gov.co\/colombia\/hechos-concretos\/caen-15-presuntos-narcotraficantes-pedidos-en-extradicion-por-estados-unidos\/#primaryimage\",\"url\":\"https:\/\/www.fiscalia.gov.co\/colombia\/wp-content\/uploads\/Fiscal_Francisco_Barbosa_extradicion-narcotrafico.jpeg\",\"contentUrl\":\"https:\/\/www.fiscalia.gov.co\/colombia\/wp-content\/uploads\/Fiscal_Francisco_Barbosa_extradicion-narcotrafico.jpeg\",\"width\":1600,\"height\":900},{\"@type\":\"BreadcrumbList\",\"@id\":\"https:\/\/www.fiscalia.gov.co\/colombia\/hechos-concretos\/caen-15-presuntos-narcotraficantes-pedidos-en-extradicion-por-estados-unidos\/#breadcrumb\",\"itemListElement\":[{\"@type\":\"ListItem\",\"position\":1,\"name\":\"Home\",\"item\":\"https:\/\/www.fiscalia.gov.co\/colombia\/\"},{\"@type\":\"ListItem\",\"position\":2,\"name\":\"Caen 15 presuntos narcotraficantes pedidos en extradici\u00f3n por Estados Unidos\"}]},{\"@type\":\"WebSite\",\"@id\":\"https:\/\/www.fiscalia.gov.co\/colombia\/#website\",\"url\":\"https:\/\/www.fiscalia.gov.co\/colombia\/\",\"name\":\"Fiscal\u00eda General de la Naci\u00f3n\",\"description\":\"P\u00e1gina oficial de la Fiscal\u00eda General de la Naci\u00f3n \u2013 Colombia. Garantizamos el acceso efectivo a la justicia, la verdad y la reparaci\u00f3n de las v\u00edctimas de los delitos.\",\"publisher\":{\"@id\":\"https:\/\/www.fiscalia.gov.co\/colombia\/#organization\"},\"potentialAction\":[{\"@type\":\"SearchAction\",\"target\":{\"@type\":\"EntryPoint\",\"urlTemplate\":\"https:\/\/www.fiscalia.gov.co\/colombia\/?s={search_term_string}\"},\"query-input\":{\"@type\":\"PropertyValueSpecification\",\"valueRequired\":true,\"valueName\":\"search_term_string\"}}],\"inLanguage\":\"es-CO\"},{\"@type\":\"Organization\",\"@id\":\"https:\/\/www.fiscalia.gov.co\/colombia\/#organization\",\"name\":\"Fiscal\u00eda General de la Naci\u00f3n\",\"url\":\"https:\/\/www.fiscalia.gov.co\/colombia\/\",\"logo\":{\"@type\":\"ImageObject\",\"inLanguage\":\"es-CO\",\"@id\":\"https:\/\/www.fiscalia.gov.co\/colombia\/#\/schema\/logo\/image\/\",\"url\":\"https:\/\/www.fiscalia.gov.co\/colombia\/wp-content\/uploads\/LogoHorizontal_1.jpg\",\"contentUrl\":\"https:\/\/www.fiscalia.gov.co\/colombia\/wp-content\/uploads\/LogoHorizontal_1.jpg\",\"width\":300,\"height\":90,\"caption\":\"Fiscal\u00eda General de la Naci\u00f3n\"},\"image\":{\"@id\":\"https:\/\/www.fiscalia.gov.co\/colombia\/#\/schema\/logo\/image\/\"},\"sameAs\":[\"https:\/\/www.facebook.com\/FiscaliaCol\",\"https:\/\/x.com\/FiscaliaCol\",\"https:\/\/www.instagram.com\/fiscaliacol\",\"https:\/\/www.linkedin.com\/company\/fiscalia-general-de-la-naci-n\/\",\"https:\/\/youtube.com\/@fiscaliageneraldelanacion-4668?si=6nN79nyQICPU5iTh\"]},{\"@type\":\"Person\",\"@id\":\"https:\/\/www.fiscalia.gov.co\/colombia\/#\/schema\/person\/2e76b9aba5ecf875ed565ce4de0e0415\",\"name\":\"Katherine Loaiza Mart\u00ednez\",\"image\":{\"@type\":\"ImageObject\",\"inLanguage\":\"es-CO\",\"@id\":\"https:\/\/www.fiscalia.gov.co\/colombia\/#\/schema\/person\/image\/\",\"url\":\"https:\/\/secure.gravatar.com\/avatar\/ab775a2f394c1b83b6d6f78680e57b50?s=96&d=mm&r=g\",\"contentUrl\":\"https:\/\/secure.gravatar.com\/avatar\/ab775a2f394c1b83b6d6f78680e57b50?s=96&d=mm&r=g\",\"caption\":\"Katherine Loaiza Mart\u00ednez\"},\"url\":\"https:\/\/www.fiscalia.gov.co\/colombia\/author\/kloaiza\/\"}]}<\/script>\n<!-- \/ Yoast SEO plugin. -->","yoast_head_json":{"title":"Fiscal\u00eda General de la Naci\u00f3n","description":"P\u00e1gina oficial de la Fiscal\u00eda General de la Naci\u00f3n \u2013 Colombia. Garantizamos el acceso efectivo a la justicia, la verdad y la reparaci\u00f3n de las v\u00edctimas de los delitos.","robots":{"index":"noindex","follow":"follow"},"og_locale":"es_ES","og_type":"article","og_title":"Fiscal\u00eda General de la Naci\u00f3n","og_description":"P\u00e1gina oficial de la Fiscal\u00eda General de la Naci\u00f3n \u2013 Colombia. Garantizamos el acceso efectivo a la justicia, la verdad y la reparaci\u00f3n de las v\u00edctimas de los delitos.","og_url":"https:\/\/www.fiscalia.gov.co\/colombia\/hechos-concretos\/caen-15-presuntos-narcotraficantes-pedidos-en-extradicion-por-estados-unidos\/","og_site_name":"Fiscal\u00eda General de la Naci\u00f3n","article_publisher":"https:\/\/www.facebook.com\/FiscaliaCol","article_published_time":"2023-03-14T20:04:25+00:00","og_image":[{"width":1600,"height":900,"url":"https:\/\/www.fiscalia.gov.co\/colombia\/wp-content\/uploads\/Fiscal_Francisco_Barbosa_extradicion-narcotrafico.jpeg","type":"image\/jpeg"}],"author":"Katherine Loaiza Mart\u00ednez","twitter_card":"summary_large_image","twitter_creator":"@FiscaliaCol","twitter_site":"@FiscaliaCol","twitter_misc":{"Escrito por":"Katherine Loaiza Mart\u00ednez","Tiempo de lectura":"1 minuto"},"schema":{"@context":"https:\/\/schema.org","@graph":[{"@type":"Article","@id":"https:\/\/www.fiscalia.gov.co\/colombia\/hechos-concretos\/caen-15-presuntos-narcotraficantes-pedidos-en-extradicion-por-estados-unidos\/#article","isPartOf":{"@id":"https:\/\/www.fiscalia.gov.co\/colombia\/hechos-concretos\/caen-15-presuntos-narcotraficantes-pedidos-en-extradicion-por-estados-unidos\/"},"author":{"name":"Katherine Loaiza Mart\u00ednez","@id":"https:\/\/www.fiscalia.gov.co\/colombia\/#\/schema\/person\/2e76b9aba5ecf875ed565ce4de0e0415"},"headline":"Caen 15 presuntos narcotraficantes pedidos en extradici\u00f3n por Estados Unidos","datePublished":"2023-03-14T20:04:25+00:00","dateModified":"2023-03-14T20:04:25+00:00","mainEntityOfPage":{"@id":"https:\/\/www.fiscalia.gov.co\/colombia\/hechos-concretos\/caen-15-presuntos-narcotraficantes-pedidos-en-extradicion-por-estados-unidos\/"},"wordCount":160,"publisher":{"@id":"https:\/\/www.fiscalia.gov.co\/colombia\/#organization"},"image":{"@id":"https:\/\/www.fiscalia.gov.co\/colombia\/hechos-concretos\/caen-15-presuntos-narcotraficantes-pedidos-en-extradicion-por-estados-unidos\/#primaryimage"},"thumbnailUrl":"https:\/\/www.fiscalia.gov.co\/colombia\/wp-content\/uploads\/Fiscal_Francisco_Barbosa_extradicion-narcotrafico.jpeg","keywords":["Fiscal Francisco Barbosa Delgado","Fiscal General Francisco Barbosa Delgado"],"articleSection":["Hechos concretos"],"inLanguage":"es-CO"},{"@type":"WebPage","@id":"https:\/\/www.fiscalia.gov.co\/colombia\/hechos-concretos\/caen-15-presuntos-narcotraficantes-pedidos-en-extradicion-por-estados-unidos\/","url":"https:\/\/www.fiscalia.gov.co\/colombia\/hechos-concretos\/caen-15-presuntos-narcotraficantes-pedidos-en-extradicion-por-estados-unidos\/","name":"Fiscal\u00eda General de la Naci\u00f3n","isPartOf":{"@id":"https:\/\/www.fiscalia.gov.co\/colombia\/#website"},"primaryImageOfPage":{"@id":"https:\/\/www.fiscalia.gov.co\/colombia\/hechos-concretos\/caen-15-presuntos-narcotraficantes-pedidos-en-extradicion-por-estados-unidos\/#primaryimage"},"image":{"@id":"https:\/\/www.fiscalia.gov.co\/colombia\/hechos-concretos\/caen-15-presuntos-narcotraficantes-pedidos-en-extradicion-por-estados-unidos\/#primaryimage"},"thumbnailUrl":"https:\/\/www.fiscalia.gov.co\/colombia\/wp-content\/uploads\/Fiscal_Francisco_Barbosa_extradicion-narcotrafico.jpeg","datePublished":"2023-03-14T20:04:25+00:00","dateModified":"2023-03-14T20:04:25+00:00","description":"P\u00e1gina oficial de la Fiscal\u00eda General de la Naci\u00f3n \u2013 Colombia. Garantizamos el acceso efectivo a la justicia, la verdad y la reparaci\u00f3n de las v\u00edctimas de los delitos.","breadcrumb":{"@id":"https:\/\/www.fiscalia.gov.co\/colombia\/hechos-concretos\/caen-15-presuntos-narcotraficantes-pedidos-en-extradicion-por-estados-unidos\/#breadcrumb"},"inLanguage":"es-CO","potentialAction":[{"@type":"ReadAction","target":["https:\/\/www.fiscalia.gov.co\/colombia\/hechos-concretos\/caen-15-presuntos-narcotraficantes-pedidos-en-extradicion-por-estados-unidos\/"]}]},{"@type":"ImageObject","inLanguage":"es-CO","@id":"https:\/\/www.fiscalia.gov.co\/colombia\/hechos-concretos\/caen-15-presuntos-narcotraficantes-pedidos-en-extradicion-por-estados-unidos\/#primaryimage","url":"https:\/\/www.fiscalia.gov.co\/colombia\/wp-content\/uploads\/Fiscal_Francisco_Barbosa_extradicion-narcotrafico.jpeg","contentUrl":"https:\/\/www.fiscalia.gov.co\/colombia\/wp-content\/uploads\/Fiscal_Francisco_Barbosa_extradicion-narcotrafico.jpeg","width":1600,"height":900},{"@type":"BreadcrumbList","@id":"https:\/\/www.fiscalia.gov.co\/colombia\/hechos-concretos\/caen-15-presuntos-narcotraficantes-pedidos-en-extradicion-por-estados-unidos\/#breadcrumb","itemListElement":[{"@type":"ListItem","position":1,"name":"Home","item":"https:\/\/www.fiscalia.gov.co\/colombia\/"},{"@type":"ListItem","position":2,"name":"Caen 15 presuntos narcotraficantes pedidos en extradici\u00f3n por Estados Unidos"}]},{"@type":"WebSite","@id":"https:\/\/www.fiscalia.gov.co\/colombia\/#website","url":"https:\/\/www.fiscalia.gov.co\/colombia\/","name":"Fiscal\u00eda General de la Naci\u00f3n","description":"P\u00e1gina oficial de la Fiscal\u00eda General de la Naci\u00f3n \u2013 Colombia. Garantizamos el acceso efectivo a la justicia, la verdad y la reparaci\u00f3n de las v\u00edctimas de los delitos.","publisher":{"@id":"https:\/\/www.fiscalia.gov.co\/colombia\/#organization"},"potentialAction":[{"@type":"SearchAction","target":{"@type":"EntryPoint","urlTemplate":"https:\/\/www.fiscalia.gov.co\/colombia\/?s={search_term_string}"},"query-input":{"@type":"PropertyValueSpecification","valueRequired":true,"valueName":"search_term_string"}}],"inLanguage":"es-CO"},{"@type":"Organization","@id":"https:\/\/www.fiscalia.gov.co\/colombia\/#organization","name":"Fiscal\u00eda General de la Naci\u00f3n","url":"https:\/\/www.fiscalia.gov.co\/colombia\/","logo":{"@type":"ImageObject","inLanguage":"es-CO","@id":"https:\/\/www.fiscalia.gov.co\/colombia\/#\/schema\/logo\/image\/","url":"https:\/\/www.fiscalia.gov.co\/colombia\/wp-content\/uploads\/LogoHorizontal_1.jpg","contentUrl":"https:\/\/www.fiscalia.gov.co\/colombia\/wp-content\/uploads\/LogoHorizontal_1.jpg","width":300,"height":90,"caption":"Fiscal\u00eda General de la Naci\u00f3n"},"image":{"@id":"https:\/\/www.fiscalia.gov.co\/colombia\/#\/schema\/logo\/image\/"},"sameAs":["https:\/\/www.facebook.com\/FiscaliaCol","https:\/\/x.com\/FiscaliaCol","https:\/\/www.instagram.com\/fiscaliacol","https:\/\/www.linkedin.com\/company\/fiscalia-general-de-la-naci-n\/","https:\/\/youtube.com\/@fiscaliageneraldelanacion-4668?si=6nN79nyQICPU5iTh"]},{"@type":"Person","@id":"https:\/\/www.fiscalia.gov.co\/colombia\/#\/schema\/person\/2e76b9aba5ecf875ed565ce4de0e0415","name":"Katherine Loaiza Mart\u00ednez","image":{"@type":"ImageObject","inLanguage":"es-CO","@id":"https:\/\/www.fiscalia.gov.co\/colombia\/#\/schema\/person\/image\/","url":"https:\/\/secure.gravatar.com\/avatar\/ab775a2f394c1b83b6d6f78680e57b50?s=96&d=mm&r=g","contentUrl":"https:\/\/secure.gravatar.com\/avatar\/ab775a2f394c1b83b6d6f78680e57b50?s=96&d=mm&r=g","caption":"Katherine Loaiza Mart\u00ednez"},"url":"https:\/\/www.fiscalia.gov.co\/colombia\/author\/kloaiza\/"}]}},"_links":{"self":[{"href":"https:\/\/www.fiscalia.gov.co\/colombia\/wp-json\/wp\/v2\/posts\/268174","targetHints":{"allow":["GET"]}}],"collection":[{"href":"https:\/\/www.fiscalia.gov.co\/colombia\/wp-json\/wp\/v2\/posts"}],"about":[{"href":"https:\/\/www.fiscalia.gov.co\/colombia\/wp-json\/wp\/v2\/types\/post"}],"author":[{"embeddable":true,"href":"https:\/\/www.fiscalia.gov.co\/colombia\/wp-json\/wp\/v2\/users\/175"}],"replies":[{"embeddable":true,"href":"https:\/\/www.fiscalia.gov.co\/colombia\/wp-json\/wp\/v2\/comments?post=268174"}],"version-history":[{"count":1,"href":"https:\/\/www.fiscalia.gov.co\/colombia\/wp-json\/wp\/v2\/posts\/268174\/revisions"}],"predecessor-version":[{"id":268179,"href":"https:\/\/www.fiscalia.gov.co\/colombia\/wp-json\/wp\/v2\/posts\/268174\/revisions\/268179"}],"wp:featuredmedia":[{"embeddable":true,"href":"https:\/\/www.fiscalia.gov.co\/colombia\/wp-json\/wp\/v2\/media\/268193"}],"wp:attachment":[{"href":"https:\/\/www.fiscalia.gov.co\/colombia\/wp-json\/wp\/v2\/media?parent=268174"}],"wp:term":[{"taxonomy":"category","embeddable":true,"href":"https:\/\/www.fiscalia.gov.co\/colombia\/wp-json\/wp\/v2\/categories?post=268174"},{"taxonomy":"post_tag","embeddable":true,"href":"https:\/\/www.fiscalia.gov.co\/colombia\/wp-json\/wp\/v2\/tags?post=268174"}],"curies":[{"name":"wp","href":"https:\/\/api.w.org\/{rel}","templated":true}]}}