{"id":268036,"date":"2023-03-11T11:02:59","date_gmt":"2023-03-11T16:02:59","guid":{"rendered":"https:\/\/www.fiscalia.gov.co\/colombia\/?p=268036"},"modified":"2023-03-11T11:02:59","modified_gmt":"2023-03-11T16:02:59","slug":"la-fiscalia-resolvio-el-homicidio-de-una-mujer-trans-ocurrido-en-el-oriente-de-la-capital-vallecaucana","status":"publish","type":"post","link":"https:\/\/www.fiscalia.gov.co\/colombia\/noticias\/la-fiscalia-resolvio-el-homicidio-de-una-mujer-trans-ocurrido-en-el-oriente-de-la-capital-vallecaucana\/","title":{"rendered":"La Fiscal\u00eda resolvi\u00f3 el homicidio de una mujer trans ocurrido en el oriente de la capital vallecaucana"},"content":{"rendered":"<h4><strong><i>La v\u00edctima fue atacada con arma de fuego, caus\u00e1ndole la muerte por el hoy procesado en medio una situaci\u00f3n de intolerancia por su condici\u00f3n sexual.\u00a0En el hecho resultaron heridas las otras dos personas.\u00a0<\/i><\/strong><i><u><\/u><u><\/u><\/i><\/h4>\n<p>Con medida de aseguramiento privativa de la libertad en establecimiento carcelario fue afectado Bryan Andr\u00e9s Guti\u00e9rrez Guerrero, investigado por la Fiscal\u00eda General de la Naci\u00f3n como presunto responsable del\u00a0<span lang=\"ES\"><a href=\"https:\/\/www.fiscalia.gov.co\/colombia\/noticias\/fiscalia-logra-condena-contra-responsable-de-homicidio-de-mujer-trans-en-cali\/\" target=\"_blank\" rel=\"noopener\" data-saferedirecturl=\"https:\/\/www.google.com\/url?q=https:\/\/www.fiscalia.gov.co\/colombia\/noticias\/fiscalia-logra-condena-contra-responsable-de-homicidio-de-mujer-trans-en-cali\/&amp;source=gmail&amp;ust=1678636022523000&amp;usg=AOvVaw0UgVCjBYtp2MLjqpKZ2dn8\">homicidio de una mujer trans<\/a><\/span>\u00a0y la tentativa de homicidio de otras dos personas.\u00a0<u><\/u><u><\/u><\/p>\n<figure id=\"attachment_268037\" aria-describedby=\"caption-attachment-268037\" style=\"width: 226px\" class=\"wp-caption alignleft\"><img loading=\"lazy\" decoding=\"async\" class=\"size-medium wp-image-268037\" src=\"https:\/\/www.fiscalia.gov.co\/colombia\/wp-content\/uploads\/Bryan-Andres-Gutierrez.-Homicidio-agravado-de-mujer-trans-homicidio-tentado-y-porte-ilegal-de-armas.-226x300.jpg\" alt=\"En la foto aparece, de pie y con los brazos atr\u00e1s, Bryan Andr\u00e9s Guti\u00e9rrez Guerrero. Esta persona viste camiseta de manga corta, blanca, naranja y azul claro; as\u00ed como estampados negros, jean azul y tenis blancos. A lado y lado de \u00e9l hay uniformados de la Polic\u00eda Nacional. Detr\u00e1s de ellos hay un pend\u00f3n institucional de la Polic\u00eda Nacional.\" width=\"226\" height=\"300\" srcset=\"https:\/\/www.fiscalia.gov.co\/colombia\/wp-content\/uploads\/Bryan-Andres-Gutierrez.-Homicidio-agravado-de-mujer-trans-homicidio-tentado-y-porte-ilegal-de-armas.-226x300.jpg 226w, https:\/\/www.fiscalia.gov.co\/colombia\/wp-content\/uploads\/Bryan-Andres-Gutierrez.-Homicidio-agravado-de-mujer-trans-homicidio-tentado-y-porte-ilegal-de-armas.-316x420.jpg 316w, https:\/\/www.fiscalia.gov.co\/colombia\/wp-content\/uploads\/Bryan-Andres-Gutierrez.-Homicidio-agravado-de-mujer-trans-homicidio-tentado-y-porte-ilegal-de-armas..jpg 642w\" sizes=\"auto, (max-width: 226px) 100vw, 226px\" \/><figcaption id=\"caption-attachment-268037\" class=\"wp-caption-text\">Bryan Andr\u00e9s Guti\u00e9rrez Guerrero, enviado a prisi\u00f3n como presunto responsable del homicidio de una mujer trans y la tentativa de homicidio de otras dos personas, en el oriente de Cali (Valle).<\/figcaption><\/figure>\n<p>Los hechos materia de investigaci\u00f3n ocurrieron el pasado 26 de febrero, en el barrio El Poblado II, en el sector conocido como invasi\u00f3n Sardi, ubicado\u00a0en el Distrito Especial de Cali (Valle del Cauca).<u><\/u><u><\/u><\/p>\n<p>La\u00a0\u00a0investigaci\u00f3n da cuenta de que, la mujer identificada como Shaina Vannesa Pretel G\u00f3mez, quien se encontraba en compa\u00f1\u00eda de otra mujer trans y un amigo, al parecer, fue atacada con arma de fuego en medio una situaci\u00f3n de intolerancia por su condici\u00f3n sexual. En el hecho resultaron heridas las otras dos personas.\u00a0<u><\/u><u><\/u><\/p>\n<p>Las labores de polic\u00eda judicial permitieron establecer la plena identidad de Guti\u00e9rrez Guerrero, como el presunto responsable, por lo que un fiscal solicit\u00f3 orden de captura en su contra, la cual fue materializada por personal de la Sij\u00edn.<u><\/u><u><\/u><\/p>\n<p>En audiencias concentradas, la Fiscal\u00eda le imput\u00f3 cargos a Guti\u00e9rrez Guerrero por los delitos de homicidio agravado; homicidio agravado en grado de tentativa; y fabricaci\u00f3n, tr\u00e1fico, porte o tenencia de armas de fuego, accesorios, partes o municiones, los cuales no acept\u00f3.<u><\/u><u><\/u><\/p>\n<p>Esta informaci\u00f3n se publica por razones de inter\u00e9s general.<\/p>\n<p><u><b><span lang=\"ES\">La Fiscal\u00eda habla con resultados.<\/span><\/b><\/u><\/p>\n<p>&nbsp;<\/p>\n<p>&nbsp;<\/p>\n<p>&nbsp;<\/p>\n<p><u><\/u>\u00a0<u><\/u><u><\/u><\/p>\n<p>MAP\/MG\/MN\/SEGM\/DSC\/MCR\/<u><\/u><u><\/u><\/p>\n<p><u><\/u>\u00a0<u><\/u><\/p>\n<p align=\"center\">\n<p>&nbsp;<\/p>\n<div lang=\"ES-CO\">\n<p><b>\u00a0<\/b><\/p>\n<p><em>La informaci\u00f3n contenida en este bolet\u00edn de prensa corresponde a la narraci\u00f3n de los hechos noticiosos objetivos, suministrados por los funcionarios encargados de adelantar las investigaciones penales al interior de la Fiscal\u00eda General de la Naci\u00f3n. Para el momento de la divulgaci\u00f3n de este comunicado, la situaci\u00f3n jur\u00eddica de la(s) persona(s) relacionada(s) se encuentra pendiente de resolver por la autoridad judicial competente, siempre bajo los preceptos de la presunci\u00f3n de inocencia, consagrados en el art\u00edculo 29 de la Constituci\u00f3n Pol\u00edtica y el art\u00edculo 7\u00ba de la Ley 906 de 2004.<\/em><em>\u00a0<\/em><\/p>\n<\/div>\n\n<div class=\"twitter-share\"><a href=\"https:\/\/twitter.com\/intent\/tweet?via=fiscaliacol\" class=\"twitter-share-button\">Tweet<\/a><\/div>\n","protected":false},"excerpt":{"rendered":"<p>La v\u00edctima fue atacada con arma de fuego, caus\u00e1ndole la muerte por el hoy procesado en medio una situaci\u00f3n de intolerancia por su condici\u00f3n sexual.\u00a0En el hecho resultaron heridas las otras dos personas.\u00a0 Con medida de aseguramiento privativa de la libertad en establecimiento carcelario fue afectado Bryan Andr\u00e9s Guti\u00e9rrez Guerrero, investigado por la Fiscal\u00eda General [&hellip;]<\/p>\n","protected":false},"author":178,"featured_media":0,"comment_status":"closed","ping_status":"open","sticky":false,"template":"","format":"standard","meta":{"_price":"","_stock":"","_tribe_ticket_header":"","_tribe_default_ticket_provider":"","_tribe_ticket_capacity":"0","_ticket_start_date":"","_ticket_end_date":"","_tribe_ticket_show_description":"","_tribe_ticket_show_not_going":false,"_tribe_ticket_use_global_stock":"","_tribe_ticket_global_stock_level":"","_global_stock_mode":"","_global_stock_cap":"","_tribe_rsvp_for_event":"","_tribe_ticket_going_count":"","_tribe_ticket_not_going_count":"","_tribe_tickets_list":"[]","_tribe_ticket_has_attendee_info_fields":false,"tdm_status":"","tdm_grid_status":"","footnotes":""},"categories":[1,324,303,24099],"tags":[25146,30077,12424,24551,34164,78,24187,34165,1185,28592,24549,26200,14817,26070,916],"class_list":{"0":"post-268036","1":"post","2":"type-post","3":"status-publish","4":"format-standard","6":"category-noticias","7":"category-seccional-cali","8":"category-seccionales","9":"category-seguridad-territorial","10":"tag-accesorios","11":"tag-cali-valle-del-cauca","12":"tag-capturado","13":"tag-centro-carcelario","14":"tag-feminicidio-agravado-y-acceso-carnal-violento-agravado-con-menor-de-14-anos","15":"tag-fiscal-general-de-la-nacion","16":"tag-fiscalia-colombia","17":"tag-homicidio-agravado-homicidio-agravado-en-grado-de-tentativa-asi-como-fabricacion","18":"tag-medida-de-aseguramiento","19":"tag-mujer-trans","20":"tag-orden-judicial","21":"tag-partes-o-municiones","22":"tag-porte-o-tenencia-de-armas-de-fuego","23":"tag-seccional-cali","24":"tag-trafico"},"yoast_head":"<!-- This site is optimized with the Yoast SEO plugin v24.3 - https:\/\/yoast.com\/wordpress\/plugins\/seo\/ -->\n<title>Fiscal\u00eda General de la Naci\u00f3n<\/title>\n<meta name=\"description\" content=\"P\u00e1gina oficial de la Fiscal\u00eda General de la Naci\u00f3n \u2013 Colombia. Garantizamos el acceso efectivo a la justicia, la verdad y la reparaci\u00f3n de las v\u00edctimas de los delitos.\" \/>\n<meta name=\"robots\" content=\"noindex, follow\" \/>\n<meta property=\"og:locale\" content=\"es_ES\" \/>\n<meta property=\"og:type\" content=\"article\" \/>\n<meta property=\"og:title\" content=\"Fiscal\u00eda General de la Naci\u00f3n\" \/>\n<meta property=\"og:description\" content=\"P\u00e1gina oficial de la Fiscal\u00eda General de la Naci\u00f3n \u2013 Colombia. Garantizamos el acceso efectivo a la justicia, la verdad y la reparaci\u00f3n de las v\u00edctimas de los delitos.\" \/>\n<meta property=\"og:url\" content=\"https:\/\/www.fiscalia.gov.co\/colombia\/noticias\/la-fiscalia-resolvio-el-homicidio-de-una-mujer-trans-ocurrido-en-el-oriente-de-la-capital-vallecaucana\/\" \/>\n<meta property=\"og:site_name\" content=\"Fiscal\u00eda General de la Naci\u00f3n\" \/>\n<meta property=\"article:publisher\" content=\"https:\/\/www.facebook.com\/FiscaliaCol\" \/>\n<meta property=\"article:published_time\" content=\"2023-03-11T16:02:59+00:00\" \/>\n<meta property=\"og:image\" content=\"https:\/\/www.fiscalia.gov.co\/colombia\/wp-content\/uploads\/Bryan-Andres-Gutierrez.-Homicidio-agravado-de-mujer-trans-homicidio-tentado-y-porte-ilegal-de-armas.-226x300.jpg\" \/>\n<meta name=\"author\" content=\"Winnie Geraldine Rodr\u00edguez Navarrete\" \/>\n<meta name=\"twitter:card\" content=\"summary_large_image\" \/>\n<meta name=\"twitter:creator\" content=\"@FiscaliaCol\" \/>\n<meta name=\"twitter:site\" content=\"@FiscaliaCol\" \/>\n<meta name=\"twitter:label1\" content=\"Escrito por\" \/>\n\t<meta name=\"twitter:data1\" content=\"Winnie Geraldine Rodr\u00edguez Navarrete\" \/>\n\t<meta name=\"twitter:label2\" content=\"Tiempo de lectura\" \/>\n\t<meta name=\"twitter:data2\" content=\"2 minutos\" \/>\n<script type=\"application\/ld+json\" class=\"yoast-schema-graph\">{\"@context\":\"https:\/\/schema.org\",\"@graph\":[{\"@type\":\"Article\",\"@id\":\"https:\/\/www.fiscalia.gov.co\/colombia\/noticias\/la-fiscalia-resolvio-el-homicidio-de-una-mujer-trans-ocurrido-en-el-oriente-de-la-capital-vallecaucana\/#article\",\"isPartOf\":{\"@id\":\"https:\/\/www.fiscalia.gov.co\/colombia\/noticias\/la-fiscalia-resolvio-el-homicidio-de-una-mujer-trans-ocurrido-en-el-oriente-de-la-capital-vallecaucana\/\"},\"author\":{\"name\":\"Winnie Geraldine Rodr\u00edguez Navarrete\",\"@id\":\"https:\/\/www.fiscalia.gov.co\/colombia\/#\/schema\/person\/176195b99ebab0a52aafa15197e1bf80\"},\"headline\":\"La Fiscal\u00eda resolvi\u00f3 el homicidio de una mujer trans ocurrido en el oriente de la capital vallecaucana\",\"datePublished\":\"2023-03-11T16:02:59+00:00\",\"dateModified\":\"2023-03-11T16:02:59+00:00\",\"mainEntityOfPage\":{\"@id\":\"https:\/\/www.fiscalia.gov.co\/colombia\/noticias\/la-fiscalia-resolvio-el-homicidio-de-una-mujer-trans-ocurrido-en-el-oriente-de-la-capital-vallecaucana\/\"},\"wordCount\":452,\"publisher\":{\"@id\":\"https:\/\/www.fiscalia.gov.co\/colombia\/#organization\"},\"image\":{\"@id\":\"https:\/\/www.fiscalia.gov.co\/colombia\/noticias\/la-fiscalia-resolvio-el-homicidio-de-una-mujer-trans-ocurrido-en-el-oriente-de-la-capital-vallecaucana\/#primaryimage\"},\"thumbnailUrl\":\"https:\/\/www.fiscalia.gov.co\/colombia\/wp-content\/uploads\/Bryan-Andres-Gutierrez.-Homicidio-agravado-de-mujer-trans-homicidio-tentado-y-porte-ilegal-de-armas.-226x300.jpg\",\"keywords\":[\"accesorios\",\"Cali (Valle del Cauca)\",\"Capturado\",\"centro carcelario\",\"feminicidio agravado y acceso carnal violento agravado con menor de 14 a\u00f1os\",\"Fiscal General de la Naci\u00f3n\",\"Fiscal\u00eda Colombia\",\"homicidio agravado; homicidio agravado en grado de tentativa; as\u00ed como fabricaci\u00f3n\",\"Medida de aseguramiento\",\"mujer trans\",\"orden judicial\",\"partes o municiones.\",\"porte o tenencia de armas de fuego\",\"Seccional Cali\",\"Tr\u00e1fico\"],\"articleSection\":[\"Noticias\",\"Seccional Cali\",\"Seccionales\",\"Seguridad territorial\"],\"inLanguage\":\"es-CO\"},{\"@type\":\"WebPage\",\"@id\":\"https:\/\/www.fiscalia.gov.co\/colombia\/noticias\/la-fiscalia-resolvio-el-homicidio-de-una-mujer-trans-ocurrido-en-el-oriente-de-la-capital-vallecaucana\/\",\"url\":\"https:\/\/www.fiscalia.gov.co\/colombia\/noticias\/la-fiscalia-resolvio-el-homicidio-de-una-mujer-trans-ocurrido-en-el-oriente-de-la-capital-vallecaucana\/\",\"name\":\"Fiscal\u00eda General de la Naci\u00f3n\",\"isPartOf\":{\"@id\":\"https:\/\/www.fiscalia.gov.co\/colombia\/#website\"},\"primaryImageOfPage\":{\"@id\":\"https:\/\/www.fiscalia.gov.co\/colombia\/noticias\/la-fiscalia-resolvio-el-homicidio-de-una-mujer-trans-ocurrido-en-el-oriente-de-la-capital-vallecaucana\/#primaryimage\"},\"image\":{\"@id\":\"https:\/\/www.fiscalia.gov.co\/colombia\/noticias\/la-fiscalia-resolvio-el-homicidio-de-una-mujer-trans-ocurrido-en-el-oriente-de-la-capital-vallecaucana\/#primaryimage\"},\"thumbnailUrl\":\"https:\/\/www.fiscalia.gov.co\/colombia\/wp-content\/uploads\/Bryan-Andres-Gutierrez.-Homicidio-agravado-de-mujer-trans-homicidio-tentado-y-porte-ilegal-de-armas.-226x300.jpg\",\"datePublished\":\"2023-03-11T16:02:59+00:00\",\"dateModified\":\"2023-03-11T16:02:59+00:00\",\"description\":\"P\u00e1gina oficial de la Fiscal\u00eda General de la Naci\u00f3n \u2013 Colombia. Garantizamos el acceso efectivo a la justicia, la verdad y la reparaci\u00f3n de las v\u00edctimas de los delitos.\",\"breadcrumb\":{\"@id\":\"https:\/\/www.fiscalia.gov.co\/colombia\/noticias\/la-fiscalia-resolvio-el-homicidio-de-una-mujer-trans-ocurrido-en-el-oriente-de-la-capital-vallecaucana\/#breadcrumb\"},\"inLanguage\":\"es-CO\",\"potentialAction\":[{\"@type\":\"ReadAction\",\"target\":[\"https:\/\/www.fiscalia.gov.co\/colombia\/noticias\/la-fiscalia-resolvio-el-homicidio-de-una-mujer-trans-ocurrido-en-el-oriente-de-la-capital-vallecaucana\/\"]}]},{\"@type\":\"ImageObject\",\"inLanguage\":\"es-CO\",\"@id\":\"https:\/\/www.fiscalia.gov.co\/colombia\/noticias\/la-fiscalia-resolvio-el-homicidio-de-una-mujer-trans-ocurrido-en-el-oriente-de-la-capital-vallecaucana\/#primaryimage\",\"url\":\"https:\/\/www.fiscalia.gov.co\/colombia\/wp-content\/uploads\/Bryan-Andres-Gutierrez.-Homicidio-agravado-de-mujer-trans-homicidio-tentado-y-porte-ilegal-de-armas..jpg\",\"contentUrl\":\"https:\/\/www.fiscalia.gov.co\/colombia\/wp-content\/uploads\/Bryan-Andres-Gutierrez.-Homicidio-agravado-de-mujer-trans-homicidio-tentado-y-porte-ilegal-de-armas..jpg\",\"width\":642,\"height\":854,\"caption\":\"Bryan Andr\u00e9s Guti\u00e9rrez Guerrero, enviado a prisi\u00f3n como presunto responsable del homicidio de una mujer trans y la tentativa de homicidio de otras dos personas, en el oriente de Cali (Valle).\"},{\"@type\":\"BreadcrumbList\",\"@id\":\"https:\/\/www.fiscalia.gov.co\/colombia\/noticias\/la-fiscalia-resolvio-el-homicidio-de-una-mujer-trans-ocurrido-en-el-oriente-de-la-capital-vallecaucana\/#breadcrumb\",\"itemListElement\":[{\"@type\":\"ListItem\",\"position\":1,\"name\":\"Home\",\"item\":\"https:\/\/www.fiscalia.gov.co\/colombia\/\"},{\"@type\":\"ListItem\",\"position\":2,\"name\":\"La Fiscal\u00eda resolvi\u00f3 el homicidio de una mujer trans ocurrido en el oriente de la capital vallecaucana\"}]},{\"@type\":\"WebSite\",\"@id\":\"https:\/\/www.fiscalia.gov.co\/colombia\/#website\",\"url\":\"https:\/\/www.fiscalia.gov.co\/colombia\/\",\"name\":\"Fiscal\u00eda General de la Naci\u00f3n\",\"description\":\"P\u00e1gina oficial de la Fiscal\u00eda General de la Naci\u00f3n \u2013 Colombia. Garantizamos el acceso efectivo a la justicia, la verdad y la reparaci\u00f3n de las v\u00edctimas de los delitos.\",\"publisher\":{\"@id\":\"https:\/\/www.fiscalia.gov.co\/colombia\/#organization\"},\"potentialAction\":[{\"@type\":\"SearchAction\",\"target\":{\"@type\":\"EntryPoint\",\"urlTemplate\":\"https:\/\/www.fiscalia.gov.co\/colombia\/?s={search_term_string}\"},\"query-input\":{\"@type\":\"PropertyValueSpecification\",\"valueRequired\":true,\"valueName\":\"search_term_string\"}}],\"inLanguage\":\"es-CO\"},{\"@type\":\"Organization\",\"@id\":\"https:\/\/www.fiscalia.gov.co\/colombia\/#organization\",\"name\":\"Fiscal\u00eda General de la Naci\u00f3n\",\"url\":\"https:\/\/www.fiscalia.gov.co\/colombia\/\",\"logo\":{\"@type\":\"ImageObject\",\"inLanguage\":\"es-CO\",\"@id\":\"https:\/\/www.fiscalia.gov.co\/colombia\/#\/schema\/logo\/image\/\",\"url\":\"https:\/\/www.fiscalia.gov.co\/colombia\/wp-content\/uploads\/LogoHorizontal_1.jpg\",\"contentUrl\":\"https:\/\/www.fiscalia.gov.co\/colombia\/wp-content\/uploads\/LogoHorizontal_1.jpg\",\"width\":300,\"height\":90,\"caption\":\"Fiscal\u00eda General de la Naci\u00f3n\"},\"image\":{\"@id\":\"https:\/\/www.fiscalia.gov.co\/colombia\/#\/schema\/logo\/image\/\"},\"sameAs\":[\"https:\/\/www.facebook.com\/FiscaliaCol\",\"https:\/\/x.com\/FiscaliaCol\",\"https:\/\/www.instagram.com\/fiscaliacol\",\"https:\/\/www.linkedin.com\/company\/fiscalia-general-de-la-naci-n\/\",\"https:\/\/youtube.com\/@fiscaliageneraldelanacion-4668?si=6nN79nyQICPU5iTh\"]},{\"@type\":\"Person\",\"@id\":\"https:\/\/www.fiscalia.gov.co\/colombia\/#\/schema\/person\/176195b99ebab0a52aafa15197e1bf80\",\"name\":\"Winnie Geraldine Rodr\u00edguez Navarrete\",\"image\":{\"@type\":\"ImageObject\",\"inLanguage\":\"es-CO\",\"@id\":\"https:\/\/www.fiscalia.gov.co\/colombia\/#\/schema\/person\/image\/\",\"url\":\"https:\/\/secure.gravatar.com\/avatar\/c24cf8481dc84fa5e8c7b20bc95ab0c6?s=96&d=mm&r=g\",\"contentUrl\":\"https:\/\/secure.gravatar.com\/avatar\/c24cf8481dc84fa5e8c7b20bc95ab0c6?s=96&d=mm&r=g\",\"caption\":\"Winnie Geraldine Rodr\u00edguez Navarrete\"},\"url\":\"https:\/\/www.fiscalia.gov.co\/colombia\/author\/winnierodriguez\/\"}]}<\/script>\n<!-- \/ Yoast SEO plugin. -->","yoast_head_json":{"title":"Fiscal\u00eda General de la Naci\u00f3n","description":"P\u00e1gina oficial de la Fiscal\u00eda General de la Naci\u00f3n \u2013 Colombia. Garantizamos el acceso efectivo a la justicia, la verdad y la reparaci\u00f3n de las v\u00edctimas de los delitos.","robots":{"index":"noindex","follow":"follow"},"og_locale":"es_ES","og_type":"article","og_title":"Fiscal\u00eda General de la Naci\u00f3n","og_description":"P\u00e1gina oficial de la Fiscal\u00eda General de la Naci\u00f3n \u2013 Colombia. Garantizamos el acceso efectivo a la justicia, la verdad y la reparaci\u00f3n de las v\u00edctimas de los delitos.","og_url":"https:\/\/www.fiscalia.gov.co\/colombia\/noticias\/la-fiscalia-resolvio-el-homicidio-de-una-mujer-trans-ocurrido-en-el-oriente-de-la-capital-vallecaucana\/","og_site_name":"Fiscal\u00eda General de la Naci\u00f3n","article_publisher":"https:\/\/www.facebook.com\/FiscaliaCol","article_published_time":"2023-03-11T16:02:59+00:00","og_image":[{"url":"https:\/\/www.fiscalia.gov.co\/colombia\/wp-content\/uploads\/Bryan-Andres-Gutierrez.-Homicidio-agravado-de-mujer-trans-homicidio-tentado-y-porte-ilegal-de-armas.-226x300.jpg","type":"","width":"","height":""}],"author":"Winnie Geraldine Rodr\u00edguez Navarrete","twitter_card":"summary_large_image","twitter_creator":"@FiscaliaCol","twitter_site":"@FiscaliaCol","twitter_misc":{"Escrito por":"Winnie Geraldine Rodr\u00edguez Navarrete","Tiempo de lectura":"2 minutos"},"schema":{"@context":"https:\/\/schema.org","@graph":[{"@type":"Article","@id":"https:\/\/www.fiscalia.gov.co\/colombia\/noticias\/la-fiscalia-resolvio-el-homicidio-de-una-mujer-trans-ocurrido-en-el-oriente-de-la-capital-vallecaucana\/#article","isPartOf":{"@id":"https:\/\/www.fiscalia.gov.co\/colombia\/noticias\/la-fiscalia-resolvio-el-homicidio-de-una-mujer-trans-ocurrido-en-el-oriente-de-la-capital-vallecaucana\/"},"author":{"name":"Winnie Geraldine Rodr\u00edguez Navarrete","@id":"https:\/\/www.fiscalia.gov.co\/colombia\/#\/schema\/person\/176195b99ebab0a52aafa15197e1bf80"},"headline":"La Fiscal\u00eda resolvi\u00f3 el homicidio de una mujer trans ocurrido en el oriente de la capital vallecaucana","datePublished":"2023-03-11T16:02:59+00:00","dateModified":"2023-03-11T16:02:59+00:00","mainEntityOfPage":{"@id":"https:\/\/www.fiscalia.gov.co\/colombia\/noticias\/la-fiscalia-resolvio-el-homicidio-de-una-mujer-trans-ocurrido-en-el-oriente-de-la-capital-vallecaucana\/"},"wordCount":452,"publisher":{"@id":"https:\/\/www.fiscalia.gov.co\/colombia\/#organization"},"image":{"@id":"https:\/\/www.fiscalia.gov.co\/colombia\/noticias\/la-fiscalia-resolvio-el-homicidio-de-una-mujer-trans-ocurrido-en-el-oriente-de-la-capital-vallecaucana\/#primaryimage"},"thumbnailUrl":"https:\/\/www.fiscalia.gov.co\/colombia\/wp-content\/uploads\/Bryan-Andres-Gutierrez.-Homicidio-agravado-de-mujer-trans-homicidio-tentado-y-porte-ilegal-de-armas.-226x300.jpg","keywords":["accesorios","Cali (Valle del Cauca)","Capturado","centro carcelario","feminicidio agravado y acceso carnal violento agravado con menor de 14 a\u00f1os","Fiscal General de la Naci\u00f3n","Fiscal\u00eda Colombia","homicidio agravado; homicidio agravado en grado de tentativa; as\u00ed como fabricaci\u00f3n","Medida de aseguramiento","mujer trans","orden judicial","partes o municiones.","porte o tenencia de armas de fuego","Seccional Cali","Tr\u00e1fico"],"articleSection":["Noticias","Seccional Cali","Seccionales","Seguridad territorial"],"inLanguage":"es-CO"},{"@type":"WebPage","@id":"https:\/\/www.fiscalia.gov.co\/colombia\/noticias\/la-fiscalia-resolvio-el-homicidio-de-una-mujer-trans-ocurrido-en-el-oriente-de-la-capital-vallecaucana\/","url":"https:\/\/www.fiscalia.gov.co\/colombia\/noticias\/la-fiscalia-resolvio-el-homicidio-de-una-mujer-trans-ocurrido-en-el-oriente-de-la-capital-vallecaucana\/","name":"Fiscal\u00eda General de la Naci\u00f3n","isPartOf":{"@id":"https:\/\/www.fiscalia.gov.co\/colombia\/#website"},"primaryImageOfPage":{"@id":"https:\/\/www.fiscalia.gov.co\/colombia\/noticias\/la-fiscalia-resolvio-el-homicidio-de-una-mujer-trans-ocurrido-en-el-oriente-de-la-capital-vallecaucana\/#primaryimage"},"image":{"@id":"https:\/\/www.fiscalia.gov.co\/colombia\/noticias\/la-fiscalia-resolvio-el-homicidio-de-una-mujer-trans-ocurrido-en-el-oriente-de-la-capital-vallecaucana\/#primaryimage"},"thumbnailUrl":"https:\/\/www.fiscalia.gov.co\/colombia\/wp-content\/uploads\/Bryan-Andres-Gutierrez.-Homicidio-agravado-de-mujer-trans-homicidio-tentado-y-porte-ilegal-de-armas.-226x300.jpg","datePublished":"2023-03-11T16:02:59+00:00","dateModified":"2023-03-11T16:02:59+00:00","description":"P\u00e1gina oficial de la Fiscal\u00eda General de la Naci\u00f3n \u2013 Colombia. Garantizamos el acceso efectivo a la justicia, la verdad y la reparaci\u00f3n de las v\u00edctimas de los delitos.","breadcrumb":{"@id":"https:\/\/www.fiscalia.gov.co\/colombia\/noticias\/la-fiscalia-resolvio-el-homicidio-de-una-mujer-trans-ocurrido-en-el-oriente-de-la-capital-vallecaucana\/#breadcrumb"},"inLanguage":"es-CO","potentialAction":[{"@type":"ReadAction","target":["https:\/\/www.fiscalia.gov.co\/colombia\/noticias\/la-fiscalia-resolvio-el-homicidio-de-una-mujer-trans-ocurrido-en-el-oriente-de-la-capital-vallecaucana\/"]}]},{"@type":"ImageObject","inLanguage":"es-CO","@id":"https:\/\/www.fiscalia.gov.co\/colombia\/noticias\/la-fiscalia-resolvio-el-homicidio-de-una-mujer-trans-ocurrido-en-el-oriente-de-la-capital-vallecaucana\/#primaryimage","url":"https:\/\/www.fiscalia.gov.co\/colombia\/wp-content\/uploads\/Bryan-Andres-Gutierrez.-Homicidio-agravado-de-mujer-trans-homicidio-tentado-y-porte-ilegal-de-armas..jpg","contentUrl":"https:\/\/www.fiscalia.gov.co\/colombia\/wp-content\/uploads\/Bryan-Andres-Gutierrez.-Homicidio-agravado-de-mujer-trans-homicidio-tentado-y-porte-ilegal-de-armas..jpg","width":642,"height":854,"caption":"Bryan Andr\u00e9s Guti\u00e9rrez Guerrero, enviado a prisi\u00f3n como presunto responsable del homicidio de una mujer trans y la tentativa de homicidio de otras dos personas, en el oriente de Cali (Valle)."},{"@type":"BreadcrumbList","@id":"https:\/\/www.fiscalia.gov.co\/colombia\/noticias\/la-fiscalia-resolvio-el-homicidio-de-una-mujer-trans-ocurrido-en-el-oriente-de-la-capital-vallecaucana\/#breadcrumb","itemListElement":[{"@type":"ListItem","position":1,"name":"Home","item":"https:\/\/www.fiscalia.gov.co\/colombia\/"},{"@type":"ListItem","position":2,"name":"La Fiscal\u00eda resolvi\u00f3 el homicidio de una mujer trans ocurrido en el oriente de la capital vallecaucana"}]},{"@type":"WebSite","@id":"https:\/\/www.fiscalia.gov.co\/colombia\/#website","url":"https:\/\/www.fiscalia.gov.co\/colombia\/","name":"Fiscal\u00eda General de la Naci\u00f3n","description":"P\u00e1gina oficial de la Fiscal\u00eda General de la Naci\u00f3n \u2013 Colombia. Garantizamos el acceso efectivo a la justicia, la verdad y la reparaci\u00f3n de las v\u00edctimas de los delitos.","publisher":{"@id":"https:\/\/www.fiscalia.gov.co\/colombia\/#organization"},"potentialAction":[{"@type":"SearchAction","target":{"@type":"EntryPoint","urlTemplate":"https:\/\/www.fiscalia.gov.co\/colombia\/?s={search_term_string}"},"query-input":{"@type":"PropertyValueSpecification","valueRequired":true,"valueName":"search_term_string"}}],"inLanguage":"es-CO"},{"@type":"Organization","@id":"https:\/\/www.fiscalia.gov.co\/colombia\/#organization","name":"Fiscal\u00eda General de la Naci\u00f3n","url":"https:\/\/www.fiscalia.gov.co\/colombia\/","logo":{"@type":"ImageObject","inLanguage":"es-CO","@id":"https:\/\/www.fiscalia.gov.co\/colombia\/#\/schema\/logo\/image\/","url":"https:\/\/www.fiscalia.gov.co\/colombia\/wp-content\/uploads\/LogoHorizontal_1.jpg","contentUrl":"https:\/\/www.fiscalia.gov.co\/colombia\/wp-content\/uploads\/LogoHorizontal_1.jpg","width":300,"height":90,"caption":"Fiscal\u00eda General de la Naci\u00f3n"},"image":{"@id":"https:\/\/www.fiscalia.gov.co\/colombia\/#\/schema\/logo\/image\/"},"sameAs":["https:\/\/www.facebook.com\/FiscaliaCol","https:\/\/x.com\/FiscaliaCol","https:\/\/www.instagram.com\/fiscaliacol","https:\/\/www.linkedin.com\/company\/fiscalia-general-de-la-naci-n\/","https:\/\/youtube.com\/@fiscaliageneraldelanacion-4668?si=6nN79nyQICPU5iTh"]},{"@type":"Person","@id":"https:\/\/www.fiscalia.gov.co\/colombia\/#\/schema\/person\/176195b99ebab0a52aafa15197e1bf80","name":"Winnie Geraldine Rodr\u00edguez Navarrete","image":{"@type":"ImageObject","inLanguage":"es-CO","@id":"https:\/\/www.fiscalia.gov.co\/colombia\/#\/schema\/person\/image\/","url":"https:\/\/secure.gravatar.com\/avatar\/c24cf8481dc84fa5e8c7b20bc95ab0c6?s=96&d=mm&r=g","contentUrl":"https:\/\/secure.gravatar.com\/avatar\/c24cf8481dc84fa5e8c7b20bc95ab0c6?s=96&d=mm&r=g","caption":"Winnie Geraldine Rodr\u00edguez Navarrete"},"url":"https:\/\/www.fiscalia.gov.co\/colombia\/author\/winnierodriguez\/"}]}},"_links":{"self":[{"href":"https:\/\/www.fiscalia.gov.co\/colombia\/wp-json\/wp\/v2\/posts\/268036","targetHints":{"allow":["GET"]}}],"collection":[{"href":"https:\/\/www.fiscalia.gov.co\/colombia\/wp-json\/wp\/v2\/posts"}],"about":[{"href":"https:\/\/www.fiscalia.gov.co\/colombia\/wp-json\/wp\/v2\/types\/post"}],"author":[{"embeddable":true,"href":"https:\/\/www.fiscalia.gov.co\/colombia\/wp-json\/wp\/v2\/users\/178"}],"replies":[{"embeddable":true,"href":"https:\/\/www.fiscalia.gov.co\/colombia\/wp-json\/wp\/v2\/comments?post=268036"}],"version-history":[{"count":1,"href":"https:\/\/www.fiscalia.gov.co\/colombia\/wp-json\/wp\/v2\/posts\/268036\/revisions"}],"predecessor-version":[{"id":268038,"href":"https:\/\/www.fiscalia.gov.co\/colombia\/wp-json\/wp\/v2\/posts\/268036\/revisions\/268038"}],"wp:attachment":[{"href":"https:\/\/www.fiscalia.gov.co\/colombia\/wp-json\/wp\/v2\/media?parent=268036"}],"wp:term":[{"taxonomy":"category","embeddable":true,"href":"https:\/\/www.fiscalia.gov.co\/colombia\/wp-json\/wp\/v2\/categories?post=268036"},{"taxonomy":"post_tag","embeddable":true,"href":"https:\/\/www.fiscalia.gov.co\/colombia\/wp-json\/wp\/v2\/tags?post=268036"}],"curies":[{"name":"wp","href":"https:\/\/api.w.org\/{rel}","templated":true}]}}