{"id":268017,"date":"2023-03-10T19:05:13","date_gmt":"2023-03-11T00:05:13","guid":{"rendered":"https:\/\/www.fiscalia.gov.co\/colombia\/?p=268017"},"modified":"2023-03-10T19:05:13","modified_gmt":"2023-03-11T00:05:13","slug":"carcel-para-dos-hombres-por-su-presunta-participacion-en-el-sicariato-de-alias-brujo-en-ibague-tolima","status":"publish","type":"post","link":"https:\/\/www.fiscalia.gov.co\/colombia\/noticias\/carcel-para-dos-hombres-por-su-presunta-participacion-en-el-sicariato-de-alias-brujo-en-ibague-tolima\/","title":{"rendered":"C\u00e1rcel para dos hombres por su presunta participaci\u00f3n en el sicariato de alias &#8216;Brujo&#8217; en Ibagu\u00e9 (Tolima)"},"content":{"rendered":"<h4><strong><i>Con estas capturas se logra igualmente impactar la criminalidad en los municipios tolimenses de L\u00e9rida y Ambalema, teniendo en cuenta que los procesados estar\u00edan inmersos en hechos violentos en esos territorios.<\/i><\/strong><\/h4>\n<p>Un despacho adscrito a la Unidad de Vida de la Fiscal\u00eda Seccional Tolima imput\u00f3 cargos y logr\u00f3 medida de aseguramiento en centro carcelario contra \u00c1lvaro Stevents S\u00e1nchez, de 22 a\u00f1os y Kevin Steban Barreto Calder\u00f3n, de 20 a\u00f1os, por el delito de homicidio agravado y fabricaci\u00f3n, tr\u00e1fico o porte ilegal de armas fuego, partes o municiones que ninguno acept\u00f3 haber cometido.<\/p>\n<figure id=\"attachment_268015\" aria-describedby=\"caption-attachment-268015\" style=\"width: 217px\" class=\"wp-caption alignleft\"><img loading=\"lazy\" decoding=\"async\" class=\"size-medium wp-image-268015\" src=\"https:\/\/www.fiscalia.gov.co\/colombia\/wp-content\/uploads\/Alvaro-Stevents-Sanchez-homicidio-el-brujo-detenido-en-lerida-217x300.jpeg\" alt=\"En la imagen se ve un hombre detenido en custodia de un investigador del CTI y un integrante de la Polic\u00eda Nacional. Detr\u00e1s suyo dos backing de ambas instituciones.\" width=\"217\" height=\"300\" srcset=\"https:\/\/www.fiscalia.gov.co\/colombia\/wp-content\/uploads\/Alvaro-Stevents-Sanchez-homicidio-el-brujo-detenido-en-lerida-217x300.jpeg 217w, https:\/\/www.fiscalia.gov.co\/colombia\/wp-content\/uploads\/Alvaro-Stevents-Sanchez-homicidio-el-brujo-detenido-en-lerida-740x1024.jpeg 740w, https:\/\/www.fiscalia.gov.co\/colombia\/wp-content\/uploads\/Alvaro-Stevents-Sanchez-homicidio-el-brujo-detenido-en-lerida-768x1062.jpeg 768w, https:\/\/www.fiscalia.gov.co\/colombia\/wp-content\/uploads\/Alvaro-Stevents-Sanchez-homicidio-el-brujo-detenido-en-lerida-696x963.jpeg 696w, https:\/\/www.fiscalia.gov.co\/colombia\/wp-content\/uploads\/Alvaro-Stevents-Sanchez-homicidio-el-brujo-detenido-en-lerida-304x420.jpeg 304w, https:\/\/www.fiscalia.gov.co\/colombia\/wp-content\/uploads\/Alvaro-Stevents-Sanchez-homicidio-el-brujo-detenido-en-lerida.jpeg 788w\" sizes=\"auto, (max-width: 217px) 100vw, 217px\" \/><figcaption id=\"caption-attachment-268015\" class=\"wp-caption-text\">\u00c1lvaro Stevents S\u00e1nchez, de 22 a\u00f1os fue detenido en L\u00e9rida, por su presunta participaci\u00f3n en el homicidio de un hombre conocido como Brujo en el barrio Alaska de la ciudad.<\/figcaption><\/figure>\n<p>Personal del Cuerpo T\u00e9cnico de Investigaci\u00f3n (CTI) con el apoyo de la Polic\u00eda Nacional adelant\u00f3 un operativo de manera simult\u00e1nea en los municipios tolimenses de Ibagu\u00e9 y L\u00e9rida, mediante el cual se logr\u00f3 materializar sus capturas.<\/p>\n<p>La Fiscal\u00eda los se\u00f1ala de ser los presuntos responsables de hechos registrados el 10 de enero del 2022, en<br \/>\nel barrio Alaska de la capital tolimense, cuando Juan Carlos Huertas Verdugo conocido como \u2018Brujo\u2019, fue atacado a disparos en su casa y debido a la gravedad de las heridas falleci\u00f3 en el lugar de los hechos.<\/p>\n<p>Las actividades investigativas de la polic\u00eda judicial del CTI llevaron a determinar que detr\u00e1s del hecho se encontraban los indiciados, y que ambos se habr\u00edan desplazado desde L\u00e9rida hasta Ibagu\u00e9 para cometer el crimen contra alias &#8216;Brujo&#8217;, bajo la modalidad de sicariato y luego se habr\u00edan dado a la huida.<\/p>\n<figure id=\"attachment_268016\" aria-describedby=\"caption-attachment-268016\" style=\"width: 258px\" class=\"wp-caption alignleft\"><img loading=\"lazy\" decoding=\"async\" class=\"size-medium wp-image-268016\" src=\"https:\/\/www.fiscalia.gov.co\/colombia\/wp-content\/uploads\/Kevin-Steban-Barreto-Calderon-homicidio-el-brujo-detenido-en-ibague-258x300.jpeg\" alt=\"En la imagen se ve un hombre detenido en custodia de un investigador del CTI y un integrante de la Polic\u00eda Nacional. Detr\u00e1s suyo un backing de la Fiscal\u00eda.\" width=\"258\" height=\"300\" srcset=\"https:\/\/www.fiscalia.gov.co\/colombia\/wp-content\/uploads\/Kevin-Steban-Barreto-Calderon-homicidio-el-brujo-detenido-en-ibague-258x300.jpeg 258w, https:\/\/www.fiscalia.gov.co\/colombia\/wp-content\/uploads\/Kevin-Steban-Barreto-Calderon-homicidio-el-brujo-detenido-en-ibague-880x1024.jpeg 880w, https:\/\/www.fiscalia.gov.co\/colombia\/wp-content\/uploads\/Kevin-Steban-Barreto-Calderon-homicidio-el-brujo-detenido-en-ibague-768x894.jpeg 768w, https:\/\/www.fiscalia.gov.co\/colombia\/wp-content\/uploads\/Kevin-Steban-Barreto-Calderon-homicidio-el-brujo-detenido-en-ibague-696x810.jpeg 696w, https:\/\/www.fiscalia.gov.co\/colombia\/wp-content\/uploads\/Kevin-Steban-Barreto-Calderon-homicidio-el-brujo-detenido-en-ibague-361x420.jpeg 361w, https:\/\/www.fiscalia.gov.co\/colombia\/wp-content\/uploads\/Kevin-Steban-Barreto-Calderon-homicidio-el-brujo-detenido-en-ibague.jpeg 940w\" sizes=\"auto, (max-width: 258px) 100vw, 258px\" \/><figcaption id=\"caption-attachment-268016\" class=\"wp-caption-text\">Kevin Steban Barreto Calder\u00f3n fue capturado en Ibagu\u00e9. El hombre habr\u00eda participado en el homicidio de alias el Brujo por problemas personales.<\/figcaption><\/figure>\n<p>Es de anotar que con estas capturas no solo se judicializa el caso en concreto, sino que se impacta la criminalidad de otros municipios como L\u00e9rida y Ambalema, teniendo en cuenta que los hoy asegurados estar\u00edan inmersos en otros hechos violentos en esas municipalidades.<\/p>\n<p><strong>La Fiscal\u00eda habla con resultados.<\/strong><\/p>\n<p>&nbsp;<\/p>\n<p>&nbsp;<\/p>\n<p>&nbsp;<\/p>\n<p>PAAM\/VHGB\/MCA\/AMBV\/DST<\/p>\n<p>&nbsp;<\/p>\n<p>&nbsp;<\/p>\n<p>&nbsp;<\/p>\n<p><b>Tambi\u00e9n le puede interesar:<\/b><\/p>\n<p>&nbsp;<\/p>\n<p><a href=\"https:\/\/www.fiscalia.gov.co\/colombia\/noticias\/imputado-alias-way-por-10-homicidios-y-una-tentativa-de-homicidio-en-el-norte-del-tolima\/\" target=\"_blank\" rel=\"noopener\" data-saferedirecturl=\"https:\/\/www.google.com\/url?q=https:\/\/www.fiscalia.gov.co\/colombia\/noticias\/imputado-alias-way-por-10-homicidios-y-una-tentativa-de-homicidio-en-el-norte-del-tolima\/&amp;source=gmail&amp;ust=1678572905121000&amp;usg=AOvVaw0BBNSCKIsLJbueyFJ-ukRc\">https:\/\/www.fiscalia.gov.co\/<wbr \/>colombia\/noticias\/imputado-<wbr \/>alias-way-por-10-homicidios-y-<wbr \/>una-tentativa-de-homicidio-en-<wbr \/>el-norte-del-tolima\/<\/a><\/p>\n<p>&nbsp;<\/p>\n<p><a id=\"m_-5758940956780904232LPlnk996519\" href=\"https:\/\/www.fiscalia.gov.co\/colombia\/noticias\/condenado-por-homicidio-de-dragoneante-del-inpec-en-florencia\/\" target=\"_blank\" rel=\"noopener\" data-saferedirecturl=\"https:\/\/www.google.com\/url?q=https:\/\/www.fiscalia.gov.co\/colombia\/noticias\/condenado-por-homicidio-de-dragoneante-del-inpec-en-florencia\/&amp;source=gmail&amp;ust=1678572905121000&amp;usg=AOvVaw3L5_lI6egBsa3Tcz3S0Mb2\">https:\/\/www.fiscalia.gov.co\/<wbr \/>colombia\/noticias\/condenado-<wbr \/>por-homicidio-de-dragoneante-<wbr \/>del-inpec-en-florencia\/<\/a><\/p>\n<p>&nbsp;<\/p>\n<p>&nbsp;<\/p>\n<p><b>\u00a0<\/b><\/p>\n<p><em>La informaci\u00f3n contenida en este bolet\u00edn de prensa corresponde a la narraci\u00f3n de los hechos noticiosos objetivos, suministrados por los funcionarios encargados de adelantar las investigaciones penales al interior de la Fiscal\u00eda General de la Naci\u00f3n. Para el momento de la divulgaci\u00f3n de este comunicado, la situaci\u00f3n jur\u00eddica de la(s) persona(s) relacionada(s) se encuentra pendiente de resolver por la autoridad judicial competente, siempre bajo los preceptos de la presunci\u00f3n de inocencia, consagrados en el art\u00edculo 29 de la Constituci\u00f3n Pol\u00edtica y el art\u00edculo 7\u00ba de la Ley 906 de 2004.<\/em><\/p>\n\n<div class=\"twitter-share\"><a href=\"https:\/\/twitter.com\/intent\/tweet?via=fiscaliacol\" class=\"twitter-share-button\">Tweet<\/a><\/div>\n","protected":false},"excerpt":{"rendered":"<p>Con estas capturas se logra igualmente impactar la criminalidad en los municipios tolimenses de L\u00e9rida y Ambalema, teniendo en cuenta que los procesados estar\u00edan inmersos en hechos violentos en esos territorios. Un despacho adscrito a la Unidad de Vida de la Fiscal\u00eda Seccional Tolima imput\u00f3 cargos y logr\u00f3 medida de aseguramiento en centro carcelario contra [&hellip;]<\/p>\n","protected":false},"author":178,"featured_media":0,"comment_status":"closed","ping_status":"open","sticky":false,"template":"","format":"standard","meta":{"_price":"","_stock":"","_tribe_ticket_header":"","_tribe_default_ticket_provider":"","_tribe_ticket_capacity":"0","_ticket_start_date":"","_ticket_end_date":"","_tribe_ticket_show_description":"","_tribe_ticket_show_not_going":false,"_tribe_ticket_use_global_stock":"","_tribe_ticket_global_stock_level":"","_global_stock_mode":"","_global_stock_cap":"","_tribe_rsvp_for_event":"","_tribe_ticket_going_count":"","_tribe_ticket_not_going_count":"","_tribe_tickets_list":"[]","_tribe_ticket_has_attendee_info_fields":false,"tdm_status":"","tdm_grid_status":"","footnotes":""},"categories":[1,329,303,24099],"tags":[34163,45,1047,686,23838,23914,558,7061,24211,30239,5448,3417],"class_list":{"0":"post-268017","1":"post","2":"type-post","3":"status-publish","4":"format-standard","6":"category-noticias","7":"category-seccional-ibague","8":"category-seccionales","9":"category-seguridad-territorial","10":"tag-alias-brujo","11":"tag-cti","12":"tag-fiscalia-general-de-la-nacion","13":"tag-homicidio-agravado","14":"tag-ibague","15":"tag-lerida","16":"tag-policia-nacional","17":"tag-porte-de-armas-de-fuego","18":"tag-seccional-tolima","19":"tag-seguridad-territorial","20":"tag-sicariato","21":"tag-unidad-de-vida"},"yoast_head":"<!-- This site is optimized with the Yoast SEO plugin v24.3 - https:\/\/yoast.com\/wordpress\/plugins\/seo\/ -->\n<title>Fiscal\u00eda General de la Naci\u00f3n<\/title>\n<meta name=\"description\" content=\"P\u00e1gina oficial de la Fiscal\u00eda General de la Naci\u00f3n \u2013 Colombia. Garantizamos el acceso efectivo a la justicia, la verdad y la reparaci\u00f3n de las v\u00edctimas de los delitos.\" \/>\n<meta name=\"robots\" content=\"noindex, follow\" \/>\n<meta property=\"og:locale\" content=\"es_ES\" \/>\n<meta property=\"og:type\" content=\"article\" \/>\n<meta property=\"og:title\" content=\"Fiscal\u00eda General de la Naci\u00f3n\" \/>\n<meta property=\"og:description\" content=\"P\u00e1gina oficial de la Fiscal\u00eda General de la Naci\u00f3n \u2013 Colombia. Garantizamos el acceso efectivo a la justicia, la verdad y la reparaci\u00f3n de las v\u00edctimas de los delitos.\" \/>\n<meta property=\"og:url\" content=\"https:\/\/www.fiscalia.gov.co\/colombia\/noticias\/carcel-para-dos-hombres-por-su-presunta-participacion-en-el-sicariato-de-alias-brujo-en-ibague-tolima\/\" \/>\n<meta property=\"og:site_name\" content=\"Fiscal\u00eda General de la Naci\u00f3n\" \/>\n<meta property=\"article:publisher\" content=\"https:\/\/www.facebook.com\/FiscaliaCol\" \/>\n<meta property=\"article:published_time\" content=\"2023-03-11T00:05:13+00:00\" \/>\n<meta property=\"og:image\" content=\"https:\/\/www.fiscalia.gov.co\/colombia\/wp-content\/uploads\/Alvaro-Stevents-Sanchez-homicidio-el-brujo-detenido-en-lerida-217x300.jpeg\" \/>\n<meta name=\"author\" content=\"Winnie Geraldine Rodr\u00edguez Navarrete\" \/>\n<meta name=\"twitter:card\" content=\"summary_large_image\" \/>\n<meta name=\"twitter:creator\" content=\"@FiscaliaCol\" \/>\n<meta name=\"twitter:site\" content=\"@FiscaliaCol\" \/>\n<meta name=\"twitter:label1\" content=\"Escrito por\" \/>\n\t<meta name=\"twitter:data1\" content=\"Winnie Geraldine Rodr\u00edguez Navarrete\" \/>\n\t<meta name=\"twitter:label2\" content=\"Tiempo de lectura\" \/>\n\t<meta name=\"twitter:data2\" content=\"3 minutos\" \/>\n<script type=\"application\/ld+json\" class=\"yoast-schema-graph\">{\"@context\":\"https:\/\/schema.org\",\"@graph\":[{\"@type\":\"Article\",\"@id\":\"https:\/\/www.fiscalia.gov.co\/colombia\/noticias\/carcel-para-dos-hombres-por-su-presunta-participacion-en-el-sicariato-de-alias-brujo-en-ibague-tolima\/#article\",\"isPartOf\":{\"@id\":\"https:\/\/www.fiscalia.gov.co\/colombia\/noticias\/carcel-para-dos-hombres-por-su-presunta-participacion-en-el-sicariato-de-alias-brujo-en-ibague-tolima\/\"},\"author\":{\"name\":\"Winnie Geraldine Rodr\u00edguez Navarrete\",\"@id\":\"https:\/\/www.fiscalia.gov.co\/colombia\/#\/schema\/person\/176195b99ebab0a52aafa15197e1bf80\"},\"headline\":\"C\u00e1rcel para dos hombres por su presunta participaci\u00f3n en el sicariato de alias &#8216;Brujo&#8217; en Ibagu\u00e9 (Tolima)\",\"datePublished\":\"2023-03-11T00:05:13+00:00\",\"dateModified\":\"2023-03-11T00:05:13+00:00\",\"mainEntityOfPage\":{\"@id\":\"https:\/\/www.fiscalia.gov.co\/colombia\/noticias\/carcel-para-dos-hombres-por-su-presunta-participacion-en-el-sicariato-de-alias-brujo-en-ibague-tolima\/\"},\"wordCount\":532,\"publisher\":{\"@id\":\"https:\/\/www.fiscalia.gov.co\/colombia\/#organization\"},\"image\":{\"@id\":\"https:\/\/www.fiscalia.gov.co\/colombia\/noticias\/carcel-para-dos-hombres-por-su-presunta-participacion-en-el-sicariato-de-alias-brujo-en-ibague-tolima\/#primaryimage\"},\"thumbnailUrl\":\"https:\/\/www.fiscalia.gov.co\/colombia\/wp-content\/uploads\/Alvaro-Stevents-Sanchez-homicidio-el-brujo-detenido-en-lerida-217x300.jpeg\",\"keywords\":[\"alias Brujo\",\"CTI\",\"Fiscal\u00eda General de la Naci\u00f3n\",\"Homicidio agravado\",\"Ibagu\u00e9\",\"L\u00e9rida\",\"Polic\u00eda Nacional\",\"Porte de armas de fuego\",\"Seccional Tolima\",\"Seguridad territorial\",\"Sicariato\",\"Unidad de Vida\"],\"articleSection\":[\"Noticias\",\"Seccional Ibagu\u00e9\",\"Seccionales\",\"Seguridad territorial\"],\"inLanguage\":\"es-CO\"},{\"@type\":\"WebPage\",\"@id\":\"https:\/\/www.fiscalia.gov.co\/colombia\/noticias\/carcel-para-dos-hombres-por-su-presunta-participacion-en-el-sicariato-de-alias-brujo-en-ibague-tolima\/\",\"url\":\"https:\/\/www.fiscalia.gov.co\/colombia\/noticias\/carcel-para-dos-hombres-por-su-presunta-participacion-en-el-sicariato-de-alias-brujo-en-ibague-tolima\/\",\"name\":\"Fiscal\u00eda General de la Naci\u00f3n\",\"isPartOf\":{\"@id\":\"https:\/\/www.fiscalia.gov.co\/colombia\/#website\"},\"primaryImageOfPage\":{\"@id\":\"https:\/\/www.fiscalia.gov.co\/colombia\/noticias\/carcel-para-dos-hombres-por-su-presunta-participacion-en-el-sicariato-de-alias-brujo-en-ibague-tolima\/#primaryimage\"},\"image\":{\"@id\":\"https:\/\/www.fiscalia.gov.co\/colombia\/noticias\/carcel-para-dos-hombres-por-su-presunta-participacion-en-el-sicariato-de-alias-brujo-en-ibague-tolima\/#primaryimage\"},\"thumbnailUrl\":\"https:\/\/www.fiscalia.gov.co\/colombia\/wp-content\/uploads\/Alvaro-Stevents-Sanchez-homicidio-el-brujo-detenido-en-lerida-217x300.jpeg\",\"datePublished\":\"2023-03-11T00:05:13+00:00\",\"dateModified\":\"2023-03-11T00:05:13+00:00\",\"description\":\"P\u00e1gina oficial de la Fiscal\u00eda General de la Naci\u00f3n \u2013 Colombia. Garantizamos el acceso efectivo a la justicia, la verdad y la reparaci\u00f3n de las v\u00edctimas de los delitos.\",\"breadcrumb\":{\"@id\":\"https:\/\/www.fiscalia.gov.co\/colombia\/noticias\/carcel-para-dos-hombres-por-su-presunta-participacion-en-el-sicariato-de-alias-brujo-en-ibague-tolima\/#breadcrumb\"},\"inLanguage\":\"es-CO\",\"potentialAction\":[{\"@type\":\"ReadAction\",\"target\":[\"https:\/\/www.fiscalia.gov.co\/colombia\/noticias\/carcel-para-dos-hombres-por-su-presunta-participacion-en-el-sicariato-de-alias-brujo-en-ibague-tolima\/\"]}]},{\"@type\":\"ImageObject\",\"inLanguage\":\"es-CO\",\"@id\":\"https:\/\/www.fiscalia.gov.co\/colombia\/noticias\/carcel-para-dos-hombres-por-su-presunta-participacion-en-el-sicariato-de-alias-brujo-en-ibague-tolima\/#primaryimage\",\"url\":\"https:\/\/www.fiscalia.gov.co\/colombia\/wp-content\/uploads\/Alvaro-Stevents-Sanchez-homicidio-el-brujo-detenido-en-lerida-217x300.jpeg\",\"contentUrl\":\"https:\/\/www.fiscalia.gov.co\/colombia\/wp-content\/uploads\/Alvaro-Stevents-Sanchez-homicidio-el-brujo-detenido-en-lerida-217x300.jpeg\"},{\"@type\":\"BreadcrumbList\",\"@id\":\"https:\/\/www.fiscalia.gov.co\/colombia\/noticias\/carcel-para-dos-hombres-por-su-presunta-participacion-en-el-sicariato-de-alias-brujo-en-ibague-tolima\/#breadcrumb\",\"itemListElement\":[{\"@type\":\"ListItem\",\"position\":1,\"name\":\"Home\",\"item\":\"https:\/\/www.fiscalia.gov.co\/colombia\/\"},{\"@type\":\"ListItem\",\"position\":2,\"name\":\"C\u00e1rcel para dos hombres por su presunta participaci\u00f3n en el sicariato de alias &#8216;Brujo&#8217; en Ibagu\u00e9 (Tolima)\"}]},{\"@type\":\"WebSite\",\"@id\":\"https:\/\/www.fiscalia.gov.co\/colombia\/#website\",\"url\":\"https:\/\/www.fiscalia.gov.co\/colombia\/\",\"name\":\"Fiscal\u00eda General de la Naci\u00f3n\",\"description\":\"P\u00e1gina oficial de la Fiscal\u00eda General de la Naci\u00f3n \u2013 Colombia. Garantizamos el acceso efectivo a la justicia, la verdad y la reparaci\u00f3n de las v\u00edctimas de los delitos.\",\"publisher\":{\"@id\":\"https:\/\/www.fiscalia.gov.co\/colombia\/#organization\"},\"potentialAction\":[{\"@type\":\"SearchAction\",\"target\":{\"@type\":\"EntryPoint\",\"urlTemplate\":\"https:\/\/www.fiscalia.gov.co\/colombia\/?s={search_term_string}\"},\"query-input\":{\"@type\":\"PropertyValueSpecification\",\"valueRequired\":true,\"valueName\":\"search_term_string\"}}],\"inLanguage\":\"es-CO\"},{\"@type\":\"Organization\",\"@id\":\"https:\/\/www.fiscalia.gov.co\/colombia\/#organization\",\"name\":\"Fiscal\u00eda General de la Naci\u00f3n\",\"url\":\"https:\/\/www.fiscalia.gov.co\/colombia\/\",\"logo\":{\"@type\":\"ImageObject\",\"inLanguage\":\"es-CO\",\"@id\":\"https:\/\/www.fiscalia.gov.co\/colombia\/#\/schema\/logo\/image\/\",\"url\":\"https:\/\/www.fiscalia.gov.co\/colombia\/wp-content\/uploads\/LogoHorizontal_1.jpg\",\"contentUrl\":\"https:\/\/www.fiscalia.gov.co\/colombia\/wp-content\/uploads\/LogoHorizontal_1.jpg\",\"width\":300,\"height\":90,\"caption\":\"Fiscal\u00eda General de la Naci\u00f3n\"},\"image\":{\"@id\":\"https:\/\/www.fiscalia.gov.co\/colombia\/#\/schema\/logo\/image\/\"},\"sameAs\":[\"https:\/\/www.facebook.com\/FiscaliaCol\",\"https:\/\/x.com\/FiscaliaCol\",\"https:\/\/www.instagram.com\/fiscaliacol\",\"https:\/\/www.linkedin.com\/company\/fiscalia-general-de-la-naci-n\/\",\"https:\/\/youtube.com\/@fiscaliageneraldelanacion-4668?si=6nN79nyQICPU5iTh\"]},{\"@type\":\"Person\",\"@id\":\"https:\/\/www.fiscalia.gov.co\/colombia\/#\/schema\/person\/176195b99ebab0a52aafa15197e1bf80\",\"name\":\"Winnie Geraldine Rodr\u00edguez Navarrete\",\"image\":{\"@type\":\"ImageObject\",\"inLanguage\":\"es-CO\",\"@id\":\"https:\/\/www.fiscalia.gov.co\/colombia\/#\/schema\/person\/image\/\",\"url\":\"https:\/\/secure.gravatar.com\/avatar\/c24cf8481dc84fa5e8c7b20bc95ab0c6?s=96&d=mm&r=g\",\"contentUrl\":\"https:\/\/secure.gravatar.com\/avatar\/c24cf8481dc84fa5e8c7b20bc95ab0c6?s=96&d=mm&r=g\",\"caption\":\"Winnie Geraldine Rodr\u00edguez Navarrete\"},\"url\":\"https:\/\/www.fiscalia.gov.co\/colombia\/author\/winnierodriguez\/\"}]}<\/script>\n<!-- \/ Yoast SEO plugin. -->","yoast_head_json":{"title":"Fiscal\u00eda General de la Naci\u00f3n","description":"P\u00e1gina oficial de la Fiscal\u00eda General de la Naci\u00f3n \u2013 Colombia. Garantizamos el acceso efectivo a la justicia, la verdad y la reparaci\u00f3n de las v\u00edctimas de los delitos.","robots":{"index":"noindex","follow":"follow"},"og_locale":"es_ES","og_type":"article","og_title":"Fiscal\u00eda General de la Naci\u00f3n","og_description":"P\u00e1gina oficial de la Fiscal\u00eda General de la Naci\u00f3n \u2013 Colombia. Garantizamos el acceso efectivo a la justicia, la verdad y la reparaci\u00f3n de las v\u00edctimas de los delitos.","og_url":"https:\/\/www.fiscalia.gov.co\/colombia\/noticias\/carcel-para-dos-hombres-por-su-presunta-participacion-en-el-sicariato-de-alias-brujo-en-ibague-tolima\/","og_site_name":"Fiscal\u00eda General de la Naci\u00f3n","article_publisher":"https:\/\/www.facebook.com\/FiscaliaCol","article_published_time":"2023-03-11T00:05:13+00:00","og_image":[{"url":"https:\/\/www.fiscalia.gov.co\/colombia\/wp-content\/uploads\/Alvaro-Stevents-Sanchez-homicidio-el-brujo-detenido-en-lerida-217x300.jpeg","type":"","width":"","height":""}],"author":"Winnie Geraldine Rodr\u00edguez Navarrete","twitter_card":"summary_large_image","twitter_creator":"@FiscaliaCol","twitter_site":"@FiscaliaCol","twitter_misc":{"Escrito por":"Winnie Geraldine Rodr\u00edguez Navarrete","Tiempo de lectura":"3 minutos"},"schema":{"@context":"https:\/\/schema.org","@graph":[{"@type":"Article","@id":"https:\/\/www.fiscalia.gov.co\/colombia\/noticias\/carcel-para-dos-hombres-por-su-presunta-participacion-en-el-sicariato-de-alias-brujo-en-ibague-tolima\/#article","isPartOf":{"@id":"https:\/\/www.fiscalia.gov.co\/colombia\/noticias\/carcel-para-dos-hombres-por-su-presunta-participacion-en-el-sicariato-de-alias-brujo-en-ibague-tolima\/"},"author":{"name":"Winnie Geraldine Rodr\u00edguez Navarrete","@id":"https:\/\/www.fiscalia.gov.co\/colombia\/#\/schema\/person\/176195b99ebab0a52aafa15197e1bf80"},"headline":"C\u00e1rcel para dos hombres por su presunta participaci\u00f3n en el sicariato de alias &#8216;Brujo&#8217; en Ibagu\u00e9 (Tolima)","datePublished":"2023-03-11T00:05:13+00:00","dateModified":"2023-03-11T00:05:13+00:00","mainEntityOfPage":{"@id":"https:\/\/www.fiscalia.gov.co\/colombia\/noticias\/carcel-para-dos-hombres-por-su-presunta-participacion-en-el-sicariato-de-alias-brujo-en-ibague-tolima\/"},"wordCount":532,"publisher":{"@id":"https:\/\/www.fiscalia.gov.co\/colombia\/#organization"},"image":{"@id":"https:\/\/www.fiscalia.gov.co\/colombia\/noticias\/carcel-para-dos-hombres-por-su-presunta-participacion-en-el-sicariato-de-alias-brujo-en-ibague-tolima\/#primaryimage"},"thumbnailUrl":"https:\/\/www.fiscalia.gov.co\/colombia\/wp-content\/uploads\/Alvaro-Stevents-Sanchez-homicidio-el-brujo-detenido-en-lerida-217x300.jpeg","keywords":["alias Brujo","CTI","Fiscal\u00eda General de la Naci\u00f3n","Homicidio agravado","Ibagu\u00e9","L\u00e9rida","Polic\u00eda Nacional","Porte de armas de fuego","Seccional Tolima","Seguridad territorial","Sicariato","Unidad de Vida"],"articleSection":["Noticias","Seccional Ibagu\u00e9","Seccionales","Seguridad territorial"],"inLanguage":"es-CO"},{"@type":"WebPage","@id":"https:\/\/www.fiscalia.gov.co\/colombia\/noticias\/carcel-para-dos-hombres-por-su-presunta-participacion-en-el-sicariato-de-alias-brujo-en-ibague-tolima\/","url":"https:\/\/www.fiscalia.gov.co\/colombia\/noticias\/carcel-para-dos-hombres-por-su-presunta-participacion-en-el-sicariato-de-alias-brujo-en-ibague-tolima\/","name":"Fiscal\u00eda General de la Naci\u00f3n","isPartOf":{"@id":"https:\/\/www.fiscalia.gov.co\/colombia\/#website"},"primaryImageOfPage":{"@id":"https:\/\/www.fiscalia.gov.co\/colombia\/noticias\/carcel-para-dos-hombres-por-su-presunta-participacion-en-el-sicariato-de-alias-brujo-en-ibague-tolima\/#primaryimage"},"image":{"@id":"https:\/\/www.fiscalia.gov.co\/colombia\/noticias\/carcel-para-dos-hombres-por-su-presunta-participacion-en-el-sicariato-de-alias-brujo-en-ibague-tolima\/#primaryimage"},"thumbnailUrl":"https:\/\/www.fiscalia.gov.co\/colombia\/wp-content\/uploads\/Alvaro-Stevents-Sanchez-homicidio-el-brujo-detenido-en-lerida-217x300.jpeg","datePublished":"2023-03-11T00:05:13+00:00","dateModified":"2023-03-11T00:05:13+00:00","description":"P\u00e1gina oficial de la Fiscal\u00eda General de la Naci\u00f3n \u2013 Colombia. Garantizamos el acceso efectivo a la justicia, la verdad y la reparaci\u00f3n de las v\u00edctimas de los delitos.","breadcrumb":{"@id":"https:\/\/www.fiscalia.gov.co\/colombia\/noticias\/carcel-para-dos-hombres-por-su-presunta-participacion-en-el-sicariato-de-alias-brujo-en-ibague-tolima\/#breadcrumb"},"inLanguage":"es-CO","potentialAction":[{"@type":"ReadAction","target":["https:\/\/www.fiscalia.gov.co\/colombia\/noticias\/carcel-para-dos-hombres-por-su-presunta-participacion-en-el-sicariato-de-alias-brujo-en-ibague-tolima\/"]}]},{"@type":"ImageObject","inLanguage":"es-CO","@id":"https:\/\/www.fiscalia.gov.co\/colombia\/noticias\/carcel-para-dos-hombres-por-su-presunta-participacion-en-el-sicariato-de-alias-brujo-en-ibague-tolima\/#primaryimage","url":"https:\/\/www.fiscalia.gov.co\/colombia\/wp-content\/uploads\/Alvaro-Stevents-Sanchez-homicidio-el-brujo-detenido-en-lerida-217x300.jpeg","contentUrl":"https:\/\/www.fiscalia.gov.co\/colombia\/wp-content\/uploads\/Alvaro-Stevents-Sanchez-homicidio-el-brujo-detenido-en-lerida-217x300.jpeg"},{"@type":"BreadcrumbList","@id":"https:\/\/www.fiscalia.gov.co\/colombia\/noticias\/carcel-para-dos-hombres-por-su-presunta-participacion-en-el-sicariato-de-alias-brujo-en-ibague-tolima\/#breadcrumb","itemListElement":[{"@type":"ListItem","position":1,"name":"Home","item":"https:\/\/www.fiscalia.gov.co\/colombia\/"},{"@type":"ListItem","position":2,"name":"C\u00e1rcel para dos hombres por su presunta participaci\u00f3n en el sicariato de alias &#8216;Brujo&#8217; en Ibagu\u00e9 (Tolima)"}]},{"@type":"WebSite","@id":"https:\/\/www.fiscalia.gov.co\/colombia\/#website","url":"https:\/\/www.fiscalia.gov.co\/colombia\/","name":"Fiscal\u00eda General de la Naci\u00f3n","description":"P\u00e1gina oficial de la Fiscal\u00eda General de la Naci\u00f3n \u2013 Colombia. Garantizamos el acceso efectivo a la justicia, la verdad y la reparaci\u00f3n de las v\u00edctimas de los delitos.","publisher":{"@id":"https:\/\/www.fiscalia.gov.co\/colombia\/#organization"},"potentialAction":[{"@type":"SearchAction","target":{"@type":"EntryPoint","urlTemplate":"https:\/\/www.fiscalia.gov.co\/colombia\/?s={search_term_string}"},"query-input":{"@type":"PropertyValueSpecification","valueRequired":true,"valueName":"search_term_string"}}],"inLanguage":"es-CO"},{"@type":"Organization","@id":"https:\/\/www.fiscalia.gov.co\/colombia\/#organization","name":"Fiscal\u00eda General de la Naci\u00f3n","url":"https:\/\/www.fiscalia.gov.co\/colombia\/","logo":{"@type":"ImageObject","inLanguage":"es-CO","@id":"https:\/\/www.fiscalia.gov.co\/colombia\/#\/schema\/logo\/image\/","url":"https:\/\/www.fiscalia.gov.co\/colombia\/wp-content\/uploads\/LogoHorizontal_1.jpg","contentUrl":"https:\/\/www.fiscalia.gov.co\/colombia\/wp-content\/uploads\/LogoHorizontal_1.jpg","width":300,"height":90,"caption":"Fiscal\u00eda General de la Naci\u00f3n"},"image":{"@id":"https:\/\/www.fiscalia.gov.co\/colombia\/#\/schema\/logo\/image\/"},"sameAs":["https:\/\/www.facebook.com\/FiscaliaCol","https:\/\/x.com\/FiscaliaCol","https:\/\/www.instagram.com\/fiscaliacol","https:\/\/www.linkedin.com\/company\/fiscalia-general-de-la-naci-n\/","https:\/\/youtube.com\/@fiscaliageneraldelanacion-4668?si=6nN79nyQICPU5iTh"]},{"@type":"Person","@id":"https:\/\/www.fiscalia.gov.co\/colombia\/#\/schema\/person\/176195b99ebab0a52aafa15197e1bf80","name":"Winnie Geraldine Rodr\u00edguez Navarrete","image":{"@type":"ImageObject","inLanguage":"es-CO","@id":"https:\/\/www.fiscalia.gov.co\/colombia\/#\/schema\/person\/image\/","url":"https:\/\/secure.gravatar.com\/avatar\/c24cf8481dc84fa5e8c7b20bc95ab0c6?s=96&d=mm&r=g","contentUrl":"https:\/\/secure.gravatar.com\/avatar\/c24cf8481dc84fa5e8c7b20bc95ab0c6?s=96&d=mm&r=g","caption":"Winnie Geraldine Rodr\u00edguez Navarrete"},"url":"https:\/\/www.fiscalia.gov.co\/colombia\/author\/winnierodriguez\/"}]}},"_links":{"self":[{"href":"https:\/\/www.fiscalia.gov.co\/colombia\/wp-json\/wp\/v2\/posts\/268017","targetHints":{"allow":["GET"]}}],"collection":[{"href":"https:\/\/www.fiscalia.gov.co\/colombia\/wp-json\/wp\/v2\/posts"}],"about":[{"href":"https:\/\/www.fiscalia.gov.co\/colombia\/wp-json\/wp\/v2\/types\/post"}],"author":[{"embeddable":true,"href":"https:\/\/www.fiscalia.gov.co\/colombia\/wp-json\/wp\/v2\/users\/178"}],"replies":[{"embeddable":true,"href":"https:\/\/www.fiscalia.gov.co\/colombia\/wp-json\/wp\/v2\/comments?post=268017"}],"version-history":[{"count":1,"href":"https:\/\/www.fiscalia.gov.co\/colombia\/wp-json\/wp\/v2\/posts\/268017\/revisions"}],"predecessor-version":[{"id":268018,"href":"https:\/\/www.fiscalia.gov.co\/colombia\/wp-json\/wp\/v2\/posts\/268017\/revisions\/268018"}],"wp:attachment":[{"href":"https:\/\/www.fiscalia.gov.co\/colombia\/wp-json\/wp\/v2\/media?parent=268017"}],"wp:term":[{"taxonomy":"category","embeddable":true,"href":"https:\/\/www.fiscalia.gov.co\/colombia\/wp-json\/wp\/v2\/categories?post=268017"},{"taxonomy":"post_tag","embeddable":true,"href":"https:\/\/www.fiscalia.gov.co\/colombia\/wp-json\/wp\/v2\/tags?post=268017"}],"curies":[{"name":"wp","href":"https:\/\/api.w.org\/{rel}","templated":true}]}}