{"id":267996,"date":"2023-03-10T14:49:19","date_gmt":"2023-03-10T19:49:19","guid":{"rendered":"https:\/\/www.fiscalia.gov.co\/colombia\/?p=267996"},"modified":"2023-03-10T14:49:19","modified_gmt":"2023-03-10T19:49:19","slug":"pareja-fue-privada-de-la-libertad-porque-habria-participado-en-un-homicidio-ocurrido-en-la-plaza-de-mercado-de-ibague","status":"publish","type":"post","link":"https:\/\/www.fiscalia.gov.co\/colombia\/noticias\/pareja-fue-privada-de-la-libertad-porque-habria-participado-en-un-homicidio-ocurrido-en-la-plaza-de-mercado-de-ibague\/","title":{"rendered":"Pareja fue privada de la libertad porque habr\u00eda participado en un homicidio ocurrido en la plaza de mercado de Ibagu\u00e9"},"content":{"rendered":"<p>Diana Cristina Jim\u00e9nez y Maicol Alberto Morales Ossa fueron privados de la libertad por su presunta participaci\u00f3n en el homicidio de un hombre, de 26 a\u00f1os de edad, en hechos ocurridos en diciembre del a\u00f1o pasado en la plaza de mercado de Ibagu\u00e9 (Tolima).<\/p>\n<figure id=\"attachment_267997\" aria-describedby=\"caption-attachment-267997\" style=\"width: 318px\" class=\"wp-caption aligncenter\"><img loading=\"lazy\" decoding=\"async\" class=\" wp-image-267997\" src=\"https:\/\/www.fiscalia.gov.co\/colombia\/wp-content\/uploads\/pareja-judicializada-por-homicidio-plaza-de-mercado-ibague-300x164.jpeg\" alt=\"en la imagen se encuentran dos personas detenidas bajo custodia de dos integrantes de la Polic\u00eda Nacional. Detr\u00e1s suyo un backing de la instituci\u00f3n.\" width=\"318\" height=\"174\" srcset=\"https:\/\/www.fiscalia.gov.co\/colombia\/wp-content\/uploads\/pareja-judicializada-por-homicidio-plaza-de-mercado-ibague-300x164.jpeg 300w, https:\/\/www.fiscalia.gov.co\/colombia\/wp-content\/uploads\/pareja-judicializada-por-homicidio-plaza-de-mercado-ibague-768x419.jpeg 768w, https:\/\/www.fiscalia.gov.co\/colombia\/wp-content\/uploads\/pareja-judicializada-por-homicidio-plaza-de-mercado-ibague-696x380.jpeg 696w, https:\/\/www.fiscalia.gov.co\/colombia\/wp-content\/uploads\/pareja-judicializada-por-homicidio-plaza-de-mercado-ibague-770x420.jpeg 770w, https:\/\/www.fiscalia.gov.co\/colombia\/wp-content\/uploads\/pareja-judicializada-por-homicidio-plaza-de-mercado-ibague.jpeg 922w\" sizes=\"auto, (max-width: 318px) 100vw, 318px\" \/><figcaption id=\"caption-attachment-267997\" class=\"wp-caption-text\">La pareja fue judicializada por el delito de homicidio agravado de un hombre con quien tendr\u00edan inconvenientes por temas relacionados con el tr\u00e1fico de estupefacientes.<\/figcaption><\/figure>\n<p>Personal de la Polic\u00eda Nacional materializ\u00f3 la captura por orden judicial en contra de \u00e9stas dos personas en v\u00eda p\u00fablica de la ciudad, requeridas por el delito de homicidio agravado.<\/p>\n<p>Los hechos por los cuales est\u00e1n siendo investigados tuvieron ocurrencia en v\u00eda p\u00fablica de la calle 21 con carrera 4, cuando fue herido con arma blanca Carlos Arturo Boh\u00f3rquez Rodr\u00edguez, reconocido en la zona por su labor de reciclador.<\/p>\n<p>Seg\u00fan el despacho fiscal adscrito a la unidad de vida que lo investiga, el crimen estar\u00eda relacionado con ri\u00f1as anteriores derivadas del tr\u00e1fico de estupefacientes.<\/p>\n<p>La pr\u00f3xima audiencia ser\u00e1 de acusaci\u00f3n.<\/p>\n<p><b>La Fiscal\u00eda habla con resultados.<\/b><\/p>\n<p>&nbsp;<\/p>\n<p>&nbsp;<\/p>\n<p>&nbsp;<\/p>\n<p>&nbsp;<\/p>\n<p>PAAM\/VHGB\/MCA\/AMBV\/DST<\/p>\n<p>&nbsp;<\/p>\n<p>&nbsp;<\/p>\n<p>&nbsp;<\/p>\n<p>&nbsp;<\/p>\n<p><em>La informaci\u00f3n contenida en este bolet\u00edn de prensa corresponde a la narraci\u00f3n de los hechos noticiosos objetivos, suministrados por los funcionarios encargados de adelantar las investigaciones penales al interior de la Fiscal\u00eda General de la Naci\u00f3n. Para el momento de la divulgaci\u00f3n de este comunicado, la situaci\u00f3n jur\u00eddica de la(s) persona(s) relacionada(s) se encuentra pendiente de resolver por la autoridad judicial competente, siempre bajo los preceptos de la presunci\u00f3n de inocencia, consagrados en el art\u00edculo 29 de la Constituci\u00f3n Pol\u00edtica y el art\u00edculo 7\u00ba de la Ley 906 de 2004.<\/em><em>\u00a0<\/em><\/p>\n<p>&nbsp;<\/p>\n\n<div class=\"twitter-share\"><a href=\"https:\/\/twitter.com\/intent\/tweet?via=fiscaliacol\" class=\"twitter-share-button\">Tweet<\/a><\/div>\n","protected":false},"excerpt":{"rendered":"<p>Diana Cristina Jim\u00e9nez y Maicol Alberto Morales Ossa fueron privados de la libertad por su presunta participaci\u00f3n en el homicidio de un hombre, de 26 a\u00f1os de edad, en hechos ocurridos en diciembre del a\u00f1o pasado en la plaza de mercado de Ibagu\u00e9 (Tolima). Personal de la Polic\u00eda Nacional materializ\u00f3 la captura por orden judicial [&hellip;]<\/p>\n","protected":false},"author":178,"featured_media":0,"comment_status":"closed","ping_status":"open","sticky":false,"template":"","format":"standard","meta":{"_price":"","_stock":"","_tribe_ticket_header":"","_tribe_default_ticket_provider":"","_tribe_ticket_capacity":"0","_ticket_start_date":"","_ticket_end_date":"","_tribe_ticket_show_description":"","_tribe_ticket_show_not_going":false,"_tribe_ticket_use_global_stock":"","_tribe_ticket_global_stock_level":"","_global_stock_mode":"","_global_stock_cap":"","_tribe_rsvp_for_event":"","_tribe_ticket_going_count":"","_tribe_ticket_not_going_count":"","_tribe_tickets_list":"[]","_tribe_ticket_has_attendee_info_fields":false,"tdm_status":"","tdm_grid_status":"","footnotes":""},"categories":[1,329,303,24099],"tags":[5180,1047,991,686,23838,23990,30607,558,31085,24211,30239,155,3417],"class_list":{"0":"post-267996","1":"post","2":"type-post","3":"status-publish","4":"format-standard","6":"category-noticias","7":"category-seccional-ibague","8":"category-seccionales","9":"category-seguridad-territorial","10":"tag-arma-blanca","11":"tag-fiscalia-general-de-la-nacion","12":"tag-galeria","13":"tag-homicidio-agravado","14":"tag-ibague","15":"tag-ibague-tolima","16":"tag-plaza-de-mercado","17":"tag-policia-nacional","18":"tag-reciclador","19":"tag-seccional-tolima","20":"tag-seguridad-territorial","21":"tag-trafico-de-estupefacientes","22":"tag-unidad-de-vida"},"yoast_head":"<!-- This site is optimized with the Yoast SEO plugin v24.3 - https:\/\/yoast.com\/wordpress\/plugins\/seo\/ -->\n<title>Fiscal\u00eda General de la Naci\u00f3n<\/title>\n<meta name=\"description\" content=\"P\u00e1gina oficial de la Fiscal\u00eda General de la Naci\u00f3n \u2013 Colombia. Garantizamos el acceso efectivo a la justicia, la verdad y la reparaci\u00f3n de las v\u00edctimas de los delitos.\" \/>\n<meta name=\"robots\" content=\"noindex, follow\" \/>\n<meta property=\"og:locale\" content=\"es_ES\" \/>\n<meta property=\"og:type\" content=\"article\" \/>\n<meta property=\"og:title\" content=\"Fiscal\u00eda General de la Naci\u00f3n\" \/>\n<meta property=\"og:description\" content=\"P\u00e1gina oficial de la Fiscal\u00eda General de la Naci\u00f3n \u2013 Colombia. Garantizamos el acceso efectivo a la justicia, la verdad y la reparaci\u00f3n de las v\u00edctimas de los delitos.\" \/>\n<meta property=\"og:url\" content=\"https:\/\/www.fiscalia.gov.co\/colombia\/noticias\/pareja-fue-privada-de-la-libertad-porque-habria-participado-en-un-homicidio-ocurrido-en-la-plaza-de-mercado-de-ibague\/\" \/>\n<meta property=\"og:site_name\" content=\"Fiscal\u00eda General de la Naci\u00f3n\" \/>\n<meta property=\"article:publisher\" content=\"https:\/\/www.facebook.com\/FiscaliaCol\" \/>\n<meta property=\"article:published_time\" content=\"2023-03-10T19:49:19+00:00\" \/>\n<meta property=\"og:image\" content=\"https:\/\/www.fiscalia.gov.co\/colombia\/wp-content\/uploads\/pareja-judicializada-por-homicidio-plaza-de-mercado-ibague-300x164.jpeg\" \/>\n<meta name=\"author\" content=\"Winnie Geraldine Rodr\u00edguez Navarrete\" \/>\n<meta name=\"twitter:card\" content=\"summary_large_image\" \/>\n<meta name=\"twitter:creator\" content=\"@FiscaliaCol\" \/>\n<meta name=\"twitter:site\" content=\"@FiscaliaCol\" \/>\n<meta name=\"twitter:label1\" content=\"Escrito por\" \/>\n\t<meta name=\"twitter:data1\" content=\"Winnie Geraldine Rodr\u00edguez Navarrete\" \/>\n\t<meta name=\"twitter:label2\" content=\"Tiempo de lectura\" \/>\n\t<meta name=\"twitter:data2\" content=\"2 minutos\" \/>\n<script type=\"application\/ld+json\" class=\"yoast-schema-graph\">{\"@context\":\"https:\/\/schema.org\",\"@graph\":[{\"@type\":\"Article\",\"@id\":\"https:\/\/www.fiscalia.gov.co\/colombia\/noticias\/pareja-fue-privada-de-la-libertad-porque-habria-participado-en-un-homicidio-ocurrido-en-la-plaza-de-mercado-de-ibague\/#article\",\"isPartOf\":{\"@id\":\"https:\/\/www.fiscalia.gov.co\/colombia\/noticias\/pareja-fue-privada-de-la-libertad-porque-habria-participado-en-un-homicidio-ocurrido-en-la-plaza-de-mercado-de-ibague\/\"},\"author\":{\"name\":\"Winnie Geraldine Rodr\u00edguez Navarrete\",\"@id\":\"https:\/\/www.fiscalia.gov.co\/colombia\/#\/schema\/person\/176195b99ebab0a52aafa15197e1bf80\"},\"headline\":\"Pareja fue privada de la libertad porque habr\u00eda participado en un homicidio ocurrido en la plaza de mercado de Ibagu\u00e9\",\"datePublished\":\"2023-03-10T19:49:19+00:00\",\"dateModified\":\"2023-03-10T19:49:19+00:00\",\"mainEntityOfPage\":{\"@id\":\"https:\/\/www.fiscalia.gov.co\/colombia\/noticias\/pareja-fue-privada-de-la-libertad-porque-habria-participado-en-un-homicidio-ocurrido-en-la-plaza-de-mercado-de-ibague\/\"},\"wordCount\":336,\"publisher\":{\"@id\":\"https:\/\/www.fiscalia.gov.co\/colombia\/#organization\"},\"image\":{\"@id\":\"https:\/\/www.fiscalia.gov.co\/colombia\/noticias\/pareja-fue-privada-de-la-libertad-porque-habria-participado-en-un-homicidio-ocurrido-en-la-plaza-de-mercado-de-ibague\/#primaryimage\"},\"thumbnailUrl\":\"https:\/\/www.fiscalia.gov.co\/colombia\/wp-content\/uploads\/pareja-judicializada-por-homicidio-plaza-de-mercado-ibague-300x164.jpeg\",\"keywords\":[\"Arma Blanca\",\"Fiscal\u00eda General de la Naci\u00f3n\",\"Galer\u00eda\",\"Homicidio agravado\",\"Ibagu\u00e9\",\"Ibagu\u00e9 (Tolima)\",\"plaza de mercado.\",\"Polic\u00eda Nacional\",\"reciclador.\",\"Seccional Tolima\",\"Seguridad territorial\",\"Tr\u00e1fico de estupefacientes\",\"Unidad de Vida\"],\"articleSection\":[\"Noticias\",\"Seccional Ibagu\u00e9\",\"Seccionales\",\"Seguridad territorial\"],\"inLanguage\":\"es-CO\"},{\"@type\":\"WebPage\",\"@id\":\"https:\/\/www.fiscalia.gov.co\/colombia\/noticias\/pareja-fue-privada-de-la-libertad-porque-habria-participado-en-un-homicidio-ocurrido-en-la-plaza-de-mercado-de-ibague\/\",\"url\":\"https:\/\/www.fiscalia.gov.co\/colombia\/noticias\/pareja-fue-privada-de-la-libertad-porque-habria-participado-en-un-homicidio-ocurrido-en-la-plaza-de-mercado-de-ibague\/\",\"name\":\"Fiscal\u00eda General de la Naci\u00f3n\",\"isPartOf\":{\"@id\":\"https:\/\/www.fiscalia.gov.co\/colombia\/#website\"},\"primaryImageOfPage\":{\"@id\":\"https:\/\/www.fiscalia.gov.co\/colombia\/noticias\/pareja-fue-privada-de-la-libertad-porque-habria-participado-en-un-homicidio-ocurrido-en-la-plaza-de-mercado-de-ibague\/#primaryimage\"},\"image\":{\"@id\":\"https:\/\/www.fiscalia.gov.co\/colombia\/noticias\/pareja-fue-privada-de-la-libertad-porque-habria-participado-en-un-homicidio-ocurrido-en-la-plaza-de-mercado-de-ibague\/#primaryimage\"},\"thumbnailUrl\":\"https:\/\/www.fiscalia.gov.co\/colombia\/wp-content\/uploads\/pareja-judicializada-por-homicidio-plaza-de-mercado-ibague-300x164.jpeg\",\"datePublished\":\"2023-03-10T19:49:19+00:00\",\"dateModified\":\"2023-03-10T19:49:19+00:00\",\"description\":\"P\u00e1gina oficial de la Fiscal\u00eda General de la Naci\u00f3n \u2013 Colombia. Garantizamos el acceso efectivo a la justicia, la verdad y la reparaci\u00f3n de las v\u00edctimas de los delitos.\",\"breadcrumb\":{\"@id\":\"https:\/\/www.fiscalia.gov.co\/colombia\/noticias\/pareja-fue-privada-de-la-libertad-porque-habria-participado-en-un-homicidio-ocurrido-en-la-plaza-de-mercado-de-ibague\/#breadcrumb\"},\"inLanguage\":\"es-CO\",\"potentialAction\":[{\"@type\":\"ReadAction\",\"target\":[\"https:\/\/www.fiscalia.gov.co\/colombia\/noticias\/pareja-fue-privada-de-la-libertad-porque-habria-participado-en-un-homicidio-ocurrido-en-la-plaza-de-mercado-de-ibague\/\"]}]},{\"@type\":\"ImageObject\",\"inLanguage\":\"es-CO\",\"@id\":\"https:\/\/www.fiscalia.gov.co\/colombia\/noticias\/pareja-fue-privada-de-la-libertad-porque-habria-participado-en-un-homicidio-ocurrido-en-la-plaza-de-mercado-de-ibague\/#primaryimage\",\"url\":\"https:\/\/www.fiscalia.gov.co\/colombia\/wp-content\/uploads\/pareja-judicializada-por-homicidio-plaza-de-mercado-ibague-300x164.jpeg\",\"contentUrl\":\"https:\/\/www.fiscalia.gov.co\/colombia\/wp-content\/uploads\/pareja-judicializada-por-homicidio-plaza-de-mercado-ibague-300x164.jpeg\"},{\"@type\":\"BreadcrumbList\",\"@id\":\"https:\/\/www.fiscalia.gov.co\/colombia\/noticias\/pareja-fue-privada-de-la-libertad-porque-habria-participado-en-un-homicidio-ocurrido-en-la-plaza-de-mercado-de-ibague\/#breadcrumb\",\"itemListElement\":[{\"@type\":\"ListItem\",\"position\":1,\"name\":\"Home\",\"item\":\"https:\/\/www.fiscalia.gov.co\/colombia\/\"},{\"@type\":\"ListItem\",\"position\":2,\"name\":\"Pareja fue privada de la libertad porque habr\u00eda participado en un homicidio ocurrido en la plaza de mercado de Ibagu\u00e9\"}]},{\"@type\":\"WebSite\",\"@id\":\"https:\/\/www.fiscalia.gov.co\/colombia\/#website\",\"url\":\"https:\/\/www.fiscalia.gov.co\/colombia\/\",\"name\":\"Fiscal\u00eda General de la Naci\u00f3n\",\"description\":\"P\u00e1gina oficial de la Fiscal\u00eda General de la Naci\u00f3n \u2013 Colombia. Garantizamos el acceso efectivo a la justicia, la verdad y la reparaci\u00f3n de las v\u00edctimas de los delitos.\",\"publisher\":{\"@id\":\"https:\/\/www.fiscalia.gov.co\/colombia\/#organization\"},\"potentialAction\":[{\"@type\":\"SearchAction\",\"target\":{\"@type\":\"EntryPoint\",\"urlTemplate\":\"https:\/\/www.fiscalia.gov.co\/colombia\/?s={search_term_string}\"},\"query-input\":{\"@type\":\"PropertyValueSpecification\",\"valueRequired\":true,\"valueName\":\"search_term_string\"}}],\"inLanguage\":\"es-CO\"},{\"@type\":\"Organization\",\"@id\":\"https:\/\/www.fiscalia.gov.co\/colombia\/#organization\",\"name\":\"Fiscal\u00eda General de la Naci\u00f3n\",\"url\":\"https:\/\/www.fiscalia.gov.co\/colombia\/\",\"logo\":{\"@type\":\"ImageObject\",\"inLanguage\":\"es-CO\",\"@id\":\"https:\/\/www.fiscalia.gov.co\/colombia\/#\/schema\/logo\/image\/\",\"url\":\"https:\/\/www.fiscalia.gov.co\/colombia\/wp-content\/uploads\/LogoHorizontal_1.jpg\",\"contentUrl\":\"https:\/\/www.fiscalia.gov.co\/colombia\/wp-content\/uploads\/LogoHorizontal_1.jpg\",\"width\":300,\"height\":90,\"caption\":\"Fiscal\u00eda General de la Naci\u00f3n\"},\"image\":{\"@id\":\"https:\/\/www.fiscalia.gov.co\/colombia\/#\/schema\/logo\/image\/\"},\"sameAs\":[\"https:\/\/www.facebook.com\/FiscaliaCol\",\"https:\/\/x.com\/FiscaliaCol\",\"https:\/\/www.instagram.com\/fiscaliacol\",\"https:\/\/www.linkedin.com\/company\/fiscalia-general-de-la-naci-n\/\",\"https:\/\/youtube.com\/@fiscaliageneraldelanacion-4668?si=6nN79nyQICPU5iTh\"]},{\"@type\":\"Person\",\"@id\":\"https:\/\/www.fiscalia.gov.co\/colombia\/#\/schema\/person\/176195b99ebab0a52aafa15197e1bf80\",\"name\":\"Winnie Geraldine Rodr\u00edguez Navarrete\",\"image\":{\"@type\":\"ImageObject\",\"inLanguage\":\"es-CO\",\"@id\":\"https:\/\/www.fiscalia.gov.co\/colombia\/#\/schema\/person\/image\/\",\"url\":\"https:\/\/secure.gravatar.com\/avatar\/c24cf8481dc84fa5e8c7b20bc95ab0c6?s=96&d=mm&r=g\",\"contentUrl\":\"https:\/\/secure.gravatar.com\/avatar\/c24cf8481dc84fa5e8c7b20bc95ab0c6?s=96&d=mm&r=g\",\"caption\":\"Winnie Geraldine Rodr\u00edguez Navarrete\"},\"url\":\"https:\/\/www.fiscalia.gov.co\/colombia\/author\/winnierodriguez\/\"}]}<\/script>\n<!-- \/ Yoast SEO plugin. -->","yoast_head_json":{"title":"Fiscal\u00eda General de la Naci\u00f3n","description":"P\u00e1gina oficial de la Fiscal\u00eda General de la Naci\u00f3n \u2013 Colombia. Garantizamos el acceso efectivo a la justicia, la verdad y la reparaci\u00f3n de las v\u00edctimas de los delitos.","robots":{"index":"noindex","follow":"follow"},"og_locale":"es_ES","og_type":"article","og_title":"Fiscal\u00eda General de la Naci\u00f3n","og_description":"P\u00e1gina oficial de la Fiscal\u00eda General de la Naci\u00f3n \u2013 Colombia. Garantizamos el acceso efectivo a la justicia, la verdad y la reparaci\u00f3n de las v\u00edctimas de los delitos.","og_url":"https:\/\/www.fiscalia.gov.co\/colombia\/noticias\/pareja-fue-privada-de-la-libertad-porque-habria-participado-en-un-homicidio-ocurrido-en-la-plaza-de-mercado-de-ibague\/","og_site_name":"Fiscal\u00eda General de la Naci\u00f3n","article_publisher":"https:\/\/www.facebook.com\/FiscaliaCol","article_published_time":"2023-03-10T19:49:19+00:00","og_image":[{"url":"https:\/\/www.fiscalia.gov.co\/colombia\/wp-content\/uploads\/pareja-judicializada-por-homicidio-plaza-de-mercado-ibague-300x164.jpeg","type":"","width":"","height":""}],"author":"Winnie Geraldine Rodr\u00edguez Navarrete","twitter_card":"summary_large_image","twitter_creator":"@FiscaliaCol","twitter_site":"@FiscaliaCol","twitter_misc":{"Escrito por":"Winnie Geraldine Rodr\u00edguez Navarrete","Tiempo de lectura":"2 minutos"},"schema":{"@context":"https:\/\/schema.org","@graph":[{"@type":"Article","@id":"https:\/\/www.fiscalia.gov.co\/colombia\/noticias\/pareja-fue-privada-de-la-libertad-porque-habria-participado-en-un-homicidio-ocurrido-en-la-plaza-de-mercado-de-ibague\/#article","isPartOf":{"@id":"https:\/\/www.fiscalia.gov.co\/colombia\/noticias\/pareja-fue-privada-de-la-libertad-porque-habria-participado-en-un-homicidio-ocurrido-en-la-plaza-de-mercado-de-ibague\/"},"author":{"name":"Winnie Geraldine Rodr\u00edguez Navarrete","@id":"https:\/\/www.fiscalia.gov.co\/colombia\/#\/schema\/person\/176195b99ebab0a52aafa15197e1bf80"},"headline":"Pareja fue privada de la libertad porque habr\u00eda participado en un homicidio ocurrido en la plaza de mercado de Ibagu\u00e9","datePublished":"2023-03-10T19:49:19+00:00","dateModified":"2023-03-10T19:49:19+00:00","mainEntityOfPage":{"@id":"https:\/\/www.fiscalia.gov.co\/colombia\/noticias\/pareja-fue-privada-de-la-libertad-porque-habria-participado-en-un-homicidio-ocurrido-en-la-plaza-de-mercado-de-ibague\/"},"wordCount":336,"publisher":{"@id":"https:\/\/www.fiscalia.gov.co\/colombia\/#organization"},"image":{"@id":"https:\/\/www.fiscalia.gov.co\/colombia\/noticias\/pareja-fue-privada-de-la-libertad-porque-habria-participado-en-un-homicidio-ocurrido-en-la-plaza-de-mercado-de-ibague\/#primaryimage"},"thumbnailUrl":"https:\/\/www.fiscalia.gov.co\/colombia\/wp-content\/uploads\/pareja-judicializada-por-homicidio-plaza-de-mercado-ibague-300x164.jpeg","keywords":["Arma Blanca","Fiscal\u00eda General de la Naci\u00f3n","Galer\u00eda","Homicidio agravado","Ibagu\u00e9","Ibagu\u00e9 (Tolima)","plaza de mercado.","Polic\u00eda Nacional","reciclador.","Seccional Tolima","Seguridad territorial","Tr\u00e1fico de estupefacientes","Unidad de Vida"],"articleSection":["Noticias","Seccional Ibagu\u00e9","Seccionales","Seguridad territorial"],"inLanguage":"es-CO"},{"@type":"WebPage","@id":"https:\/\/www.fiscalia.gov.co\/colombia\/noticias\/pareja-fue-privada-de-la-libertad-porque-habria-participado-en-un-homicidio-ocurrido-en-la-plaza-de-mercado-de-ibague\/","url":"https:\/\/www.fiscalia.gov.co\/colombia\/noticias\/pareja-fue-privada-de-la-libertad-porque-habria-participado-en-un-homicidio-ocurrido-en-la-plaza-de-mercado-de-ibague\/","name":"Fiscal\u00eda General de la Naci\u00f3n","isPartOf":{"@id":"https:\/\/www.fiscalia.gov.co\/colombia\/#website"},"primaryImageOfPage":{"@id":"https:\/\/www.fiscalia.gov.co\/colombia\/noticias\/pareja-fue-privada-de-la-libertad-porque-habria-participado-en-un-homicidio-ocurrido-en-la-plaza-de-mercado-de-ibague\/#primaryimage"},"image":{"@id":"https:\/\/www.fiscalia.gov.co\/colombia\/noticias\/pareja-fue-privada-de-la-libertad-porque-habria-participado-en-un-homicidio-ocurrido-en-la-plaza-de-mercado-de-ibague\/#primaryimage"},"thumbnailUrl":"https:\/\/www.fiscalia.gov.co\/colombia\/wp-content\/uploads\/pareja-judicializada-por-homicidio-plaza-de-mercado-ibague-300x164.jpeg","datePublished":"2023-03-10T19:49:19+00:00","dateModified":"2023-03-10T19:49:19+00:00","description":"P\u00e1gina oficial de la Fiscal\u00eda General de la Naci\u00f3n \u2013 Colombia. Garantizamos el acceso efectivo a la justicia, la verdad y la reparaci\u00f3n de las v\u00edctimas de los delitos.","breadcrumb":{"@id":"https:\/\/www.fiscalia.gov.co\/colombia\/noticias\/pareja-fue-privada-de-la-libertad-porque-habria-participado-en-un-homicidio-ocurrido-en-la-plaza-de-mercado-de-ibague\/#breadcrumb"},"inLanguage":"es-CO","potentialAction":[{"@type":"ReadAction","target":["https:\/\/www.fiscalia.gov.co\/colombia\/noticias\/pareja-fue-privada-de-la-libertad-porque-habria-participado-en-un-homicidio-ocurrido-en-la-plaza-de-mercado-de-ibague\/"]}]},{"@type":"ImageObject","inLanguage":"es-CO","@id":"https:\/\/www.fiscalia.gov.co\/colombia\/noticias\/pareja-fue-privada-de-la-libertad-porque-habria-participado-en-un-homicidio-ocurrido-en-la-plaza-de-mercado-de-ibague\/#primaryimage","url":"https:\/\/www.fiscalia.gov.co\/colombia\/wp-content\/uploads\/pareja-judicializada-por-homicidio-plaza-de-mercado-ibague-300x164.jpeg","contentUrl":"https:\/\/www.fiscalia.gov.co\/colombia\/wp-content\/uploads\/pareja-judicializada-por-homicidio-plaza-de-mercado-ibague-300x164.jpeg"},{"@type":"BreadcrumbList","@id":"https:\/\/www.fiscalia.gov.co\/colombia\/noticias\/pareja-fue-privada-de-la-libertad-porque-habria-participado-en-un-homicidio-ocurrido-en-la-plaza-de-mercado-de-ibague\/#breadcrumb","itemListElement":[{"@type":"ListItem","position":1,"name":"Home","item":"https:\/\/www.fiscalia.gov.co\/colombia\/"},{"@type":"ListItem","position":2,"name":"Pareja fue privada de la libertad porque habr\u00eda participado en un homicidio ocurrido en la plaza de mercado de Ibagu\u00e9"}]},{"@type":"WebSite","@id":"https:\/\/www.fiscalia.gov.co\/colombia\/#website","url":"https:\/\/www.fiscalia.gov.co\/colombia\/","name":"Fiscal\u00eda General de la Naci\u00f3n","description":"P\u00e1gina oficial de la Fiscal\u00eda General de la Naci\u00f3n \u2013 Colombia. Garantizamos el acceso efectivo a la justicia, la verdad y la reparaci\u00f3n de las v\u00edctimas de los delitos.","publisher":{"@id":"https:\/\/www.fiscalia.gov.co\/colombia\/#organization"},"potentialAction":[{"@type":"SearchAction","target":{"@type":"EntryPoint","urlTemplate":"https:\/\/www.fiscalia.gov.co\/colombia\/?s={search_term_string}"},"query-input":{"@type":"PropertyValueSpecification","valueRequired":true,"valueName":"search_term_string"}}],"inLanguage":"es-CO"},{"@type":"Organization","@id":"https:\/\/www.fiscalia.gov.co\/colombia\/#organization","name":"Fiscal\u00eda General de la Naci\u00f3n","url":"https:\/\/www.fiscalia.gov.co\/colombia\/","logo":{"@type":"ImageObject","inLanguage":"es-CO","@id":"https:\/\/www.fiscalia.gov.co\/colombia\/#\/schema\/logo\/image\/","url":"https:\/\/www.fiscalia.gov.co\/colombia\/wp-content\/uploads\/LogoHorizontal_1.jpg","contentUrl":"https:\/\/www.fiscalia.gov.co\/colombia\/wp-content\/uploads\/LogoHorizontal_1.jpg","width":300,"height":90,"caption":"Fiscal\u00eda General de la Naci\u00f3n"},"image":{"@id":"https:\/\/www.fiscalia.gov.co\/colombia\/#\/schema\/logo\/image\/"},"sameAs":["https:\/\/www.facebook.com\/FiscaliaCol","https:\/\/x.com\/FiscaliaCol","https:\/\/www.instagram.com\/fiscaliacol","https:\/\/www.linkedin.com\/company\/fiscalia-general-de-la-naci-n\/","https:\/\/youtube.com\/@fiscaliageneraldelanacion-4668?si=6nN79nyQICPU5iTh"]},{"@type":"Person","@id":"https:\/\/www.fiscalia.gov.co\/colombia\/#\/schema\/person\/176195b99ebab0a52aafa15197e1bf80","name":"Winnie Geraldine Rodr\u00edguez Navarrete","image":{"@type":"ImageObject","inLanguage":"es-CO","@id":"https:\/\/www.fiscalia.gov.co\/colombia\/#\/schema\/person\/image\/","url":"https:\/\/secure.gravatar.com\/avatar\/c24cf8481dc84fa5e8c7b20bc95ab0c6?s=96&d=mm&r=g","contentUrl":"https:\/\/secure.gravatar.com\/avatar\/c24cf8481dc84fa5e8c7b20bc95ab0c6?s=96&d=mm&r=g","caption":"Winnie Geraldine Rodr\u00edguez Navarrete"},"url":"https:\/\/www.fiscalia.gov.co\/colombia\/author\/winnierodriguez\/"}]}},"_links":{"self":[{"href":"https:\/\/www.fiscalia.gov.co\/colombia\/wp-json\/wp\/v2\/posts\/267996","targetHints":{"allow":["GET"]}}],"collection":[{"href":"https:\/\/www.fiscalia.gov.co\/colombia\/wp-json\/wp\/v2\/posts"}],"about":[{"href":"https:\/\/www.fiscalia.gov.co\/colombia\/wp-json\/wp\/v2\/types\/post"}],"author":[{"embeddable":true,"href":"https:\/\/www.fiscalia.gov.co\/colombia\/wp-json\/wp\/v2\/users\/178"}],"replies":[{"embeddable":true,"href":"https:\/\/www.fiscalia.gov.co\/colombia\/wp-json\/wp\/v2\/comments?post=267996"}],"version-history":[{"count":1,"href":"https:\/\/www.fiscalia.gov.co\/colombia\/wp-json\/wp\/v2\/posts\/267996\/revisions"}],"predecessor-version":[{"id":267998,"href":"https:\/\/www.fiscalia.gov.co\/colombia\/wp-json\/wp\/v2\/posts\/267996\/revisions\/267998"}],"wp:attachment":[{"href":"https:\/\/www.fiscalia.gov.co\/colombia\/wp-json\/wp\/v2\/media?parent=267996"}],"wp:term":[{"taxonomy":"category","embeddable":true,"href":"https:\/\/www.fiscalia.gov.co\/colombia\/wp-json\/wp\/v2\/categories?post=267996"},{"taxonomy":"post_tag","embeddable":true,"href":"https:\/\/www.fiscalia.gov.co\/colombia\/wp-json\/wp\/v2\/tags?post=267996"}],"curies":[{"name":"wp","href":"https:\/\/api.w.org\/{rel}","templated":true}]}}