{"id":267968,"date":"2023-03-10T10:36:24","date_gmt":"2023-03-10T15:36:24","guid":{"rendered":"https:\/\/www.fiscalia.gov.co\/colombia\/?p=267968"},"modified":"2023-03-16T12:09:20","modified_gmt":"2023-03-16T17:09:20","slug":"judicializados-14-presuntos-integrantes-de-un-grupo-delincuencial-que-se-dedicaria-a-la-distribucion-de-sustancias-alucinogenas-en-el-departamento-de-bolivar","status":"publish","type":"post","link":"https:\/\/www.fiscalia.gov.co\/colombia\/noticias\/judicializados-14-presuntos-integrantes-de-un-grupo-delincuencial-que-se-dedicaria-a-la-distribucion-de-sustancias-alucinogenas-en-el-departamento-de-bolivar\/","title":{"rendered":"Judicializados 14 presuntos integrantes de un grupo delincuencial que se dedicar\u00eda a la distribuci\u00f3n de sustancias alucin\u00f3genas en el departamento de Bol\u00edvar"},"content":{"rendered":"<div>\n<h4><strong><i>Se presume que la organizaci\u00f3n distribu\u00eda aproximadamente 800 dosis de marihuana y 500 de coca\u00edna diarias, con las que obten\u00edan m\u00e1s de 200 millones de pesos mensuales de ganancias.<\/i><\/strong><\/h4>\n<p>Ante el contundente material probatorio presentado por la Fiscal\u00eda General de la Naci\u00f3n, un juez de control de garant\u00edas asegur\u00f3 a 14 presuntos integrantes de un grupo delincuencial por los delitos de concierto para delinquir y fabricaci\u00f3n, tr\u00e1fico o porte de estupefacientes.<\/p>\n<p>Las investigaciones dan cuenta de que, las sustancias alucin\u00f3genas eran transportadas desde Bogot\u00e1 D.C. hasta Cartagena (Bol\u00edvar), para luego ser comercializadas en los barrios La Esperanza, La Candelaria, Flor del Campo y Colombiat\u00f3n de esa ciudad, y en el corregimiento de Bar\u00fa (Bol\u00edvar).<\/p>\n<figure id=\"attachment_267969\" aria-describedby=\"caption-attachment-267969\" style=\"width: 375px\" class=\"wp-caption aligncenter\"><img loading=\"lazy\" decoding=\"async\" class=\" wp-image-267969\" src=\"https:\/\/www.fiscalia.gov.co\/colombia\/wp-content\/uploads\/Foto-1-boletin-8-de-marzo-trafico-de-estupefacientes--300x169.jpeg\" alt=\"En la imagen se observa a los capturados de espalda custodiados por dos agentes de la Polic\u00eda Nacional, delante de un pend\u00f3n de esta instituci\u00f3n.\" width=\"375\" height=\"211\" srcset=\"https:\/\/www.fiscalia.gov.co\/colombia\/wp-content\/uploads\/Foto-1-boletin-8-de-marzo-trafico-de-estupefacientes--300x169.jpeg 300w, https:\/\/www.fiscalia.gov.co\/colombia\/wp-content\/uploads\/Foto-1-boletin-8-de-marzo-trafico-de-estupefacientes--1024x575.jpeg 1024w, https:\/\/www.fiscalia.gov.co\/colombia\/wp-content\/uploads\/Foto-1-boletin-8-de-marzo-trafico-de-estupefacientes--768x432.jpeg 768w, https:\/\/www.fiscalia.gov.co\/colombia\/wp-content\/uploads\/Foto-1-boletin-8-de-marzo-trafico-de-estupefacientes--1536x863.jpeg 1536w, https:\/\/www.fiscalia.gov.co\/colombia\/wp-content\/uploads\/Foto-1-boletin-8-de-marzo-trafico-de-estupefacientes--696x391.jpeg 696w, https:\/\/www.fiscalia.gov.co\/colombia\/wp-content\/uploads\/Foto-1-boletin-8-de-marzo-trafico-de-estupefacientes--1068x600.jpeg 1068w, https:\/\/www.fiscalia.gov.co\/colombia\/wp-content\/uploads\/Foto-1-boletin-8-de-marzo-trafico-de-estupefacientes--747x420.jpeg 747w, https:\/\/www.fiscalia.gov.co\/colombia\/wp-content\/uploads\/Foto-1-boletin-8-de-marzo-trafico-de-estupefacientes-.jpeg 1600w\" sizes=\"auto, (max-width: 375px) 100vw, 375px\" \/><figcaption id=\"caption-attachment-267969\" class=\"wp-caption-text\">Los procesados fueron capturados por la Polic\u00eda Nacional en diligencias de allanamientos.<\/figcaption><\/figure>\n<p>Durante 15 diligencias de allanamientos realizadas el pasado 23 de febrero por la Polic\u00eda Nacional en el \u00e1rea metropolitana de Cartagena, fueron capturadas 13 personas, mientras que un hombre fue detenido en v\u00eda p\u00fablica del municipio de Ch\u00eda (Cundinamarca).<\/p>\n<p>Se presume que la organizaci\u00f3n distribu\u00eda aproximadamente 800 dosis de marihuana y 500 de coca\u00edna diarias, con las que obten\u00edan ganancias por m\u00e1s de 200 millones de pesos mensuales.<\/p>\n<p>En el operativo judicial las autoridades incautaron marihuana, base de coca, celulares,\u00a0entre otros elementos materiales probatorios.<\/p>\n<figure id=\"attachment_267970\" aria-describedby=\"caption-attachment-267970\" style=\"width: 346px\" class=\"wp-caption aligncenter\"><img loading=\"lazy\" decoding=\"async\" class=\" wp-image-267970\" src=\"https:\/\/www.fiscalia.gov.co\/colombia\/wp-content\/uploads\/Foto-2-boletin-8-de-marzo-trafico-de-estupefacientes--300x169.jpeg\" alt=\" En la fotograf\u00eda se identifican encima de una mesa con mantel blanco, varias bolsitas pl\u00e1sticas con sustancias estupefacientes y celulares.\" width=\"346\" height=\"195\" srcset=\"https:\/\/www.fiscalia.gov.co\/colombia\/wp-content\/uploads\/Foto-2-boletin-8-de-marzo-trafico-de-estupefacientes--300x169.jpeg 300w, https:\/\/www.fiscalia.gov.co\/colombia\/wp-content\/uploads\/Foto-2-boletin-8-de-marzo-trafico-de-estupefacientes--1024x576.jpeg 1024w, https:\/\/www.fiscalia.gov.co\/colombia\/wp-content\/uploads\/Foto-2-boletin-8-de-marzo-trafico-de-estupefacientes--768x432.jpeg 768w, https:\/\/www.fiscalia.gov.co\/colombia\/wp-content\/uploads\/Foto-2-boletin-8-de-marzo-trafico-de-estupefacientes--1536x864.jpeg 1536w, https:\/\/www.fiscalia.gov.co\/colombia\/wp-content\/uploads\/Foto-2-boletin-8-de-marzo-trafico-de-estupefacientes--696x392.jpeg 696w, https:\/\/www.fiscalia.gov.co\/colombia\/wp-content\/uploads\/Foto-2-boletin-8-de-marzo-trafico-de-estupefacientes--1068x601.jpeg 1068w, https:\/\/www.fiscalia.gov.co\/colombia\/wp-content\/uploads\/Foto-2-boletin-8-de-marzo-trafico-de-estupefacientes--747x420.jpeg 747w, https:\/\/www.fiscalia.gov.co\/colombia\/wp-content\/uploads\/Foto-2-boletin-8-de-marzo-trafico-de-estupefacientes-.jpeg 1600w\" sizes=\"auto, (max-width: 346px) 100vw, 346px\" \/><figcaption id=\"caption-attachment-267970\" class=\"wp-caption-text\">Durante los operativos les fueron incautados a los procesados, marihuana, coca\u00edna, celulares, entre otros elementos materiales probatorios.<\/figcaption><\/figure>\n<p>Los procesados fueron identificados como:<\/p>\n<p>1.\u00a0\u00a0\u00a0\u00a0\u00a0\u00a0Anyi Paola Vega Z\u00fa\u00f1iga, al\u00edas Anyi<\/p>\n<p>2.\u00a0\u00a0\u00a0\u00a0\u00a0\u00a0Erick Antonio Sierra Jim\u00e9nez, al\u00edas Pocho<\/p>\n<p>3.\u00a0\u00a0\u00a0\u00a0\u00a0\u00a0Yaneris Z\u00fa\u00f1iga Melgarejo, al\u00edas Yaneris<\/p>\n<p>4.\u00a0\u00a0\u00a0\u00a0\u00a0\u00a0V\u00edctor Alfonso Le\u00f3n Blanquicet, al\u00edas Negro<\/p>\n<p>5.\u00a0\u00a0\u00a0\u00a0\u00a0\u00a0\u00a0Yurleidis Mendoza Rubio, al\u00edas La \u00d1ata<\/p>\n<p>6.\u00a0\u00a0\u00a0\u00a0\u00a0\u00a0Sandra Milena Meza de Arcos, al\u00edas Sandra<\/p>\n<p>7.\u00a0\u00a0\u00a0\u00a0\u00a0\u00a0Keiver Jos\u00e9 Mart\u00ednez Ortega, al\u00edas Menor<\/p>\n<p>8.\u00a0\u00a0\u00a0\u00a0\u00a0\u00a0Jairo Andr\u00e9s Hern\u00e1ndez Torres, al\u00edas Pata Palo<\/p>\n<p>9.\u00a0\u00a0\u00a0\u00a0\u00a0\u00a0Rodolfo D\u00edaz M\u00e1rmol, al\u00edas Rodolfito<\/p>\n<p>10.\u00a0\u00a0Jorge Eliecer Cantillo Guzm\u00e1n, al\u00edas El Gato<\/p>\n<p>11.\u00a0\u00a0Dami\u00e1n Andr\u00e9s G\u00f3mez Rodr\u00edguez<\/p>\n<p>12.\u00a0\u00a0Gustavo Carriazo Bar\u00f3n<\/p>\n<p>13.\u00a0\u00a0Jes\u00fas P\u00e9rez de Arco<\/p>\n<p>14.\u00a0\u00a0Jes\u00fas Alberto Castro Le\u00f3n<\/p>\n<p>&nbsp;<\/p>\n<p>Durante las audiencias concentradas, un juez de control de garant\u00edas impuso medida de aseguramiento en establecimiento carcelario a diez de los procesados\u00a0y los otros cuatro recibieron medida privativa de la libertad en sus domicilios.<\/p>\n<p>Esta informaci\u00f3n se publica por razones de inter\u00e9s general.<\/p>\n<p><strong>La Fiscal\u00eda General de la Naci\u00f3n habla con resultados.\u00a0<\/strong><\/p>\n<\/div>\n<p>&nbsp;<\/p>\n<p>&nbsp;<\/p>\n<p>&nbsp;<\/p>\n<p><span lang=\"EN-US\">MEVA\/MG\/ICHS\/DSB\/MRC<\/span><\/p>\n<p>&nbsp;<\/p>\n<p>&nbsp;<\/p>\n<p>&nbsp;<\/p>\n<p>&nbsp;<\/p>\n<p><em><b><span lang=\"ES\">Le puede interesar:<\/span><\/b><\/em><\/p>\n<p><em><b><span lang=\"ES\">\u00a0<\/span><\/b><\/em><\/p>\n<p><a title=\"Fiscal\u00eda judicializ\u00f3 a dos mujeres en Tumaco (Nari\u00f1o), quienes transportar\u00edan clorhidrato de coca\u00edna\" href=\"https:\/\/www.fiscalia.gov.co\/colombia\/noticias\/fiscalia-judicializo-a-dos-mujeres-en-tumaco-narino-quienes-transportaban-clorhidrato-de-cocaina\/\" target=\"_blank\" rel=\"noopener\" data-saferedirecturl=\"https:\/\/www.google.com\/url?q=https:\/\/www.fiscalia.gov.co\/colombia\/noticias\/fiscalia-judicializo-a-dos-mujeres-en-tumaco-narino-quienes-transportaban-clorhidrato-de-cocaina\/&amp;source=gmail&amp;ust=1678548490883000&amp;usg=AOvVaw1Ky-8qyyb_5xrHWLS71uSH\">Fiscal\u00eda judicializ\u00f3 a dos mujeres en Tumaco (Nari\u00f1o), quienes transportar\u00edan clorhidrato de coca\u00edna<\/a><\/p>\n<p><a title=\"Caen \u2018Los del Rancho\u2019, estructura criminal a la que se la atribuyen hechos sicariales, extorsiones, hurtos y comercio de estupefacientes\" href=\"https:\/\/www.fiscalia.gov.co\/colombia\/noticias\/caen-los-del-rancho-estructura-criminal-a-la-que-se-la-atribuyen-hechos-sicariales-extorsiones-hurtos-y-comercio-de-estupefacientes\/\" target=\"_blank\" rel=\"noopener\" data-saferedirecturl=\"https:\/\/www.google.com\/url?q=https:\/\/www.fiscalia.gov.co\/colombia\/noticias\/caen-los-del-rancho-estructura-criminal-a-la-que-se-la-atribuyen-hechos-sicariales-extorsiones-hurtos-y-comercio-de-estupefacientes\/&amp;source=gmail&amp;ust=1678548490883000&amp;usg=AOvVaw2z04Ge_g8Xi22_j5plId-t\">Caen \u2018Los del Rancho\u2019, estructura criminal a la que se la atribuyen hechos sicariales, extorsiones, hurtos y comercio de estupefacientes<\/a><\/p>\n<p>&nbsp;<\/p>\n<p><b>\u00a0<\/b><\/p>\n<p>&nbsp;<\/p>\n<p><em><span lang=\"ES\">La informaci\u00f3n contenida en este bolet\u00edn de prensa corresponde a la narraci\u00f3n de los hechos noticiosos objetivos, suministrados por los funcionarios encargados de adelantar las investigaciones penales al interior de la Fiscal\u00eda General de la Naci\u00f3n. Para el momento de la divulgaci\u00f3n de este comunicado, la situaci\u00f3n jur\u00eddica de la(s) persona(s) relacionada(s) se encuentra pendiente de resolver por la autoridad judicial competente, siempre bajo los preceptos de la presunci\u00f3n de inocencia, consagrados en el art\u00edculo 29 de la Constituci\u00f3n Pol\u00edtica y el art\u00edculo 7\u00ba de la Ley 906 de 2004.<\/span><\/em><\/p>\n\n<div class=\"twitter-share\"><a href=\"https:\/\/twitter.com\/intent\/tweet?via=fiscaliacol\" class=\"twitter-share-button\">Tweet<\/a><\/div>\n","protected":false},"excerpt":{"rendered":"<p>Se presume que la organizaci\u00f3n distribu\u00eda aproximadamente 800 dosis de marihuana y 500 de coca\u00edna diarias, con las que obten\u00edan m\u00e1s de 200 millones de pesos mensuales de ganancias. Ante el contundente material probatorio presentado por la Fiscal\u00eda General de la Naci\u00f3n, un juez de control de garant\u00edas asegur\u00f3 a 14 presuntos integrantes de un [&hellip;]<\/p>\n","protected":false},"author":178,"featured_media":268311,"comment_status":"closed","ping_status":"open","sticky":false,"template":"","format":"video","meta":{"_price":"","_stock":"","_tribe_ticket_header":"","_tribe_default_ticket_provider":"","_tribe_ticket_capacity":"0","_ticket_start_date":"","_ticket_end_date":"","_tribe_ticket_show_description":"","_tribe_ticket_show_not_going":false,"_tribe_ticket_use_global_stock":"","_tribe_ticket_global_stock_level":"","_global_stock_mode":"","_global_stock_cap":"","_tribe_rsvp_for_event":"","_tribe_ticket_going_count":"","_tribe_ticket_not_going_count":"","_tribe_tickets_list":"[]","_tribe_ticket_has_attendee_info_fields":false,"tdm_status":"","tdm_grid_status":"","footnotes":""},"categories":[1,24103],"tags":[31907,9082,23819,23998,83,24187,1047,558,24237,155],"class_list":{"0":"post-267968","1":"post","2":"type-post","3":"status-publish","4":"format-video","5":"has-post-thumbnail","7":"category-noticias","8":"category-trafico-de-estupefacientes","9":"tag-baru","10":"tag-bolivar","11":"tag-cartagena","12":"tag-cartagena-bolivar","13":"tag-concierto-para-delinquir","14":"tag-fiscalia-colombia","15":"tag-fiscalia-general-de-la-nacion","16":"tag-policia-nacional","17":"tag-prision","18":"tag-trafico-de-estupefacientes","19":"post_format-post-format-video"},"yoast_head":"<!-- This site is optimized with the Yoast SEO plugin v24.3 - https:\/\/yoast.com\/wordpress\/plugins\/seo\/ -->\n<title>Fiscal\u00eda General de la Naci\u00f3n<\/title>\n<meta name=\"description\" content=\"P\u00e1gina oficial de la Fiscal\u00eda General de la Naci\u00f3n \u2013 Colombia. Garantizamos el acceso efectivo a la justicia, la verdad y la reparaci\u00f3n de las v\u00edctimas de los delitos.\" \/>\n<meta name=\"robots\" content=\"noindex, follow\" \/>\n<meta property=\"og:locale\" content=\"es_ES\" \/>\n<meta property=\"og:type\" content=\"article\" \/>\n<meta property=\"og:title\" content=\"Fiscal\u00eda General de la Naci\u00f3n\" \/>\n<meta property=\"og:description\" content=\"P\u00e1gina oficial de la Fiscal\u00eda General de la Naci\u00f3n \u2013 Colombia. Garantizamos el acceso efectivo a la justicia, la verdad y la reparaci\u00f3n de las v\u00edctimas de los delitos.\" \/>\n<meta property=\"og:url\" content=\"https:\/\/www.fiscalia.gov.co\/colombia\/noticias\/judicializados-14-presuntos-integrantes-de-un-grupo-delincuencial-que-se-dedicaria-a-la-distribucion-de-sustancias-alucinogenas-en-el-departamento-de-bolivar\/\" \/>\n<meta property=\"og:site_name\" content=\"Fiscal\u00eda General de la Naci\u00f3n\" \/>\n<meta property=\"article:publisher\" content=\"https:\/\/www.facebook.com\/FiscaliaCol\" \/>\n<meta property=\"article:published_time\" content=\"2023-03-10T15:36:24+00:00\" \/>\n<meta property=\"article:modified_time\" content=\"2023-03-16T17:09:20+00:00\" \/>\n<meta property=\"og:image\" content=\"https:\/\/www.fiscalia.gov.co\/colombia\/wp-content\/uploads\/maxresdefault-958.jpg\" \/>\n\t<meta property=\"og:image:width\" content=\"1280\" \/>\n\t<meta property=\"og:image:height\" content=\"720\" \/>\n\t<meta property=\"og:image:type\" content=\"image\/jpeg\" \/>\n<meta name=\"author\" content=\"Winnie Geraldine Rodr\u00edguez Navarrete\" \/>\n<meta name=\"twitter:card\" content=\"summary_large_image\" \/>\n<meta name=\"twitter:creator\" content=\"@FiscaliaCol\" \/>\n<meta name=\"twitter:site\" content=\"@FiscaliaCol\" \/>\n<meta name=\"twitter:label1\" content=\"Escrito por\" \/>\n\t<meta name=\"twitter:data1\" content=\"Winnie Geraldine Rodr\u00edguez Navarrete\" \/>\n\t<meta name=\"twitter:label2\" content=\"Tiempo de lectura\" \/>\n\t<meta name=\"twitter:data2\" content=\"3 minutos\" \/>\n<script type=\"application\/ld+json\" class=\"yoast-schema-graph\">{\"@context\":\"https:\/\/schema.org\",\"@graph\":[{\"@type\":\"Article\",\"@id\":\"https:\/\/www.fiscalia.gov.co\/colombia\/noticias\/judicializados-14-presuntos-integrantes-de-un-grupo-delincuencial-que-se-dedicaria-a-la-distribucion-de-sustancias-alucinogenas-en-el-departamento-de-bolivar\/#article\",\"isPartOf\":{\"@id\":\"https:\/\/www.fiscalia.gov.co\/colombia\/noticias\/judicializados-14-presuntos-integrantes-de-un-grupo-delincuencial-que-se-dedicaria-a-la-distribucion-de-sustancias-alucinogenas-en-el-departamento-de-bolivar\/\"},\"author\":{\"name\":\"Winnie Geraldine Rodr\u00edguez Navarrete\",\"@id\":\"https:\/\/www.fiscalia.gov.co\/colombia\/#\/schema\/person\/176195b99ebab0a52aafa15197e1bf80\"},\"headline\":\"Judicializados 14 presuntos integrantes de un grupo delincuencial que se dedicar\u00eda a la distribuci\u00f3n de sustancias alucin\u00f3genas en el departamento de Bol\u00edvar\",\"datePublished\":\"2023-03-10T15:36:24+00:00\",\"dateModified\":\"2023-03-16T17:09:20+00:00\",\"mainEntityOfPage\":{\"@id\":\"https:\/\/www.fiscalia.gov.co\/colombia\/noticias\/judicializados-14-presuntos-integrantes-de-un-grupo-delincuencial-que-se-dedicaria-a-la-distribucion-de-sustancias-alucinogenas-en-el-departamento-de-bolivar\/\"},\"wordCount\":609,\"publisher\":{\"@id\":\"https:\/\/www.fiscalia.gov.co\/colombia\/#organization\"},\"image\":{\"@id\":\"https:\/\/www.fiscalia.gov.co\/colombia\/noticias\/judicializados-14-presuntos-integrantes-de-un-grupo-delincuencial-que-se-dedicaria-a-la-distribucion-de-sustancias-alucinogenas-en-el-departamento-de-bolivar\/#primaryimage\"},\"thumbnailUrl\":\"https:\/\/www.fiscalia.gov.co\/colombia\/wp-content\/uploads\/maxresdefault-958.jpg\",\"keywords\":[\"Bar\u00fa\",\"Bol\u00edvar\",\"Cartagena\",\"Cartagena (Bol\u00edvar)\",\"Concierto para delinquir\",\"Fiscal\u00eda Colombia\",\"Fiscal\u00eda General de la Naci\u00f3n\",\"Polic\u00eda Nacional\",\"prisi\u00f3n\",\"Tr\u00e1fico de estupefacientes\"],\"articleSection\":[\"Noticias\",\"Tr\u00e1fico de estupefacientes\"],\"inLanguage\":\"es-CO\"},{\"@type\":\"WebPage\",\"@id\":\"https:\/\/www.fiscalia.gov.co\/colombia\/noticias\/judicializados-14-presuntos-integrantes-de-un-grupo-delincuencial-que-se-dedicaria-a-la-distribucion-de-sustancias-alucinogenas-en-el-departamento-de-bolivar\/\",\"url\":\"https:\/\/www.fiscalia.gov.co\/colombia\/noticias\/judicializados-14-presuntos-integrantes-de-un-grupo-delincuencial-que-se-dedicaria-a-la-distribucion-de-sustancias-alucinogenas-en-el-departamento-de-bolivar\/\",\"name\":\"Fiscal\u00eda General de la Naci\u00f3n\",\"isPartOf\":{\"@id\":\"https:\/\/www.fiscalia.gov.co\/colombia\/#website\"},\"primaryImageOfPage\":{\"@id\":\"https:\/\/www.fiscalia.gov.co\/colombia\/noticias\/judicializados-14-presuntos-integrantes-de-un-grupo-delincuencial-que-se-dedicaria-a-la-distribucion-de-sustancias-alucinogenas-en-el-departamento-de-bolivar\/#primaryimage\"},\"image\":{\"@id\":\"https:\/\/www.fiscalia.gov.co\/colombia\/noticias\/judicializados-14-presuntos-integrantes-de-un-grupo-delincuencial-que-se-dedicaria-a-la-distribucion-de-sustancias-alucinogenas-en-el-departamento-de-bolivar\/#primaryimage\"},\"thumbnailUrl\":\"https:\/\/www.fiscalia.gov.co\/colombia\/wp-content\/uploads\/maxresdefault-958.jpg\",\"datePublished\":\"2023-03-10T15:36:24+00:00\",\"dateModified\":\"2023-03-16T17:09:20+00:00\",\"description\":\"P\u00e1gina oficial de la Fiscal\u00eda General de la Naci\u00f3n \u2013 Colombia. Garantizamos el acceso efectivo a la justicia, la verdad y la reparaci\u00f3n de las v\u00edctimas de los delitos.\",\"breadcrumb\":{\"@id\":\"https:\/\/www.fiscalia.gov.co\/colombia\/noticias\/judicializados-14-presuntos-integrantes-de-un-grupo-delincuencial-que-se-dedicaria-a-la-distribucion-de-sustancias-alucinogenas-en-el-departamento-de-bolivar\/#breadcrumb\"},\"inLanguage\":\"es-CO\",\"potentialAction\":[{\"@type\":\"ReadAction\",\"target\":[\"https:\/\/www.fiscalia.gov.co\/colombia\/noticias\/judicializados-14-presuntos-integrantes-de-un-grupo-delincuencial-que-se-dedicaria-a-la-distribucion-de-sustancias-alucinogenas-en-el-departamento-de-bolivar\/\"]}]},{\"@type\":\"ImageObject\",\"inLanguage\":\"es-CO\",\"@id\":\"https:\/\/www.fiscalia.gov.co\/colombia\/noticias\/judicializados-14-presuntos-integrantes-de-un-grupo-delincuencial-que-se-dedicaria-a-la-distribucion-de-sustancias-alucinogenas-en-el-departamento-de-bolivar\/#primaryimage\",\"url\":\"https:\/\/www.fiscalia.gov.co\/colombia\/wp-content\/uploads\/maxresdefault-958.jpg\",\"contentUrl\":\"https:\/\/www.fiscalia.gov.co\/colombia\/wp-content\/uploads\/maxresdefault-958.jpg\",\"width\":1280,\"height\":720},{\"@type\":\"BreadcrumbList\",\"@id\":\"https:\/\/www.fiscalia.gov.co\/colombia\/noticias\/judicializados-14-presuntos-integrantes-de-un-grupo-delincuencial-que-se-dedicaria-a-la-distribucion-de-sustancias-alucinogenas-en-el-departamento-de-bolivar\/#breadcrumb\",\"itemListElement\":[{\"@type\":\"ListItem\",\"position\":1,\"name\":\"Home\",\"item\":\"https:\/\/www.fiscalia.gov.co\/colombia\/\"},{\"@type\":\"ListItem\",\"position\":2,\"name\":\"Judicializados 14 presuntos integrantes de un grupo delincuencial que se dedicar\u00eda a la distribuci\u00f3n de sustancias alucin\u00f3genas en el departamento de Bol\u00edvar\"}]},{\"@type\":\"WebSite\",\"@id\":\"https:\/\/www.fiscalia.gov.co\/colombia\/#website\",\"url\":\"https:\/\/www.fiscalia.gov.co\/colombia\/\",\"name\":\"Fiscal\u00eda General de la Naci\u00f3n\",\"description\":\"P\u00e1gina oficial de la Fiscal\u00eda General de la Naci\u00f3n \u2013 Colombia. Garantizamos el acceso efectivo a la justicia, la verdad y la reparaci\u00f3n de las v\u00edctimas de los delitos.\",\"publisher\":{\"@id\":\"https:\/\/www.fiscalia.gov.co\/colombia\/#organization\"},\"potentialAction\":[{\"@type\":\"SearchAction\",\"target\":{\"@type\":\"EntryPoint\",\"urlTemplate\":\"https:\/\/www.fiscalia.gov.co\/colombia\/?s={search_term_string}\"},\"query-input\":{\"@type\":\"PropertyValueSpecification\",\"valueRequired\":true,\"valueName\":\"search_term_string\"}}],\"inLanguage\":\"es-CO\"},{\"@type\":\"Organization\",\"@id\":\"https:\/\/www.fiscalia.gov.co\/colombia\/#organization\",\"name\":\"Fiscal\u00eda General de la Naci\u00f3n\",\"url\":\"https:\/\/www.fiscalia.gov.co\/colombia\/\",\"logo\":{\"@type\":\"ImageObject\",\"inLanguage\":\"es-CO\",\"@id\":\"https:\/\/www.fiscalia.gov.co\/colombia\/#\/schema\/logo\/image\/\",\"url\":\"https:\/\/www.fiscalia.gov.co\/colombia\/wp-content\/uploads\/LogoHorizontal_1.jpg\",\"contentUrl\":\"https:\/\/www.fiscalia.gov.co\/colombia\/wp-content\/uploads\/LogoHorizontal_1.jpg\",\"width\":300,\"height\":90,\"caption\":\"Fiscal\u00eda General de la Naci\u00f3n\"},\"image\":{\"@id\":\"https:\/\/www.fiscalia.gov.co\/colombia\/#\/schema\/logo\/image\/\"},\"sameAs\":[\"https:\/\/www.facebook.com\/FiscaliaCol\",\"https:\/\/x.com\/FiscaliaCol\",\"https:\/\/www.instagram.com\/fiscaliacol\",\"https:\/\/www.linkedin.com\/company\/fiscalia-general-de-la-naci-n\/\",\"https:\/\/youtube.com\/@fiscaliageneraldelanacion-4668?si=6nN79nyQICPU5iTh\"]},{\"@type\":\"Person\",\"@id\":\"https:\/\/www.fiscalia.gov.co\/colombia\/#\/schema\/person\/176195b99ebab0a52aafa15197e1bf80\",\"name\":\"Winnie Geraldine Rodr\u00edguez Navarrete\",\"image\":{\"@type\":\"ImageObject\",\"inLanguage\":\"es-CO\",\"@id\":\"https:\/\/www.fiscalia.gov.co\/colombia\/#\/schema\/person\/image\/\",\"url\":\"https:\/\/secure.gravatar.com\/avatar\/c24cf8481dc84fa5e8c7b20bc95ab0c6?s=96&d=mm&r=g\",\"contentUrl\":\"https:\/\/secure.gravatar.com\/avatar\/c24cf8481dc84fa5e8c7b20bc95ab0c6?s=96&d=mm&r=g\",\"caption\":\"Winnie Geraldine Rodr\u00edguez Navarrete\"},\"url\":\"https:\/\/www.fiscalia.gov.co\/colombia\/author\/winnierodriguez\/\"}]}<\/script>\n<!-- \/ Yoast SEO plugin. -->","yoast_head_json":{"title":"Fiscal\u00eda General de la Naci\u00f3n","description":"P\u00e1gina oficial de la Fiscal\u00eda General de la Naci\u00f3n \u2013 Colombia. Garantizamos el acceso efectivo a la justicia, la verdad y la reparaci\u00f3n de las v\u00edctimas de los delitos.","robots":{"index":"noindex","follow":"follow"},"og_locale":"es_ES","og_type":"article","og_title":"Fiscal\u00eda General de la Naci\u00f3n","og_description":"P\u00e1gina oficial de la Fiscal\u00eda General de la Naci\u00f3n \u2013 Colombia. Garantizamos el acceso efectivo a la justicia, la verdad y la reparaci\u00f3n de las v\u00edctimas de los delitos.","og_url":"https:\/\/www.fiscalia.gov.co\/colombia\/noticias\/judicializados-14-presuntos-integrantes-de-un-grupo-delincuencial-que-se-dedicaria-a-la-distribucion-de-sustancias-alucinogenas-en-el-departamento-de-bolivar\/","og_site_name":"Fiscal\u00eda General de la Naci\u00f3n","article_publisher":"https:\/\/www.facebook.com\/FiscaliaCol","article_published_time":"2023-03-10T15:36:24+00:00","article_modified_time":"2023-03-16T17:09:20+00:00","og_image":[{"width":1280,"height":720,"url":"https:\/\/www.fiscalia.gov.co\/colombia\/wp-content\/uploads\/maxresdefault-958.jpg","type":"image\/jpeg"}],"author":"Winnie Geraldine Rodr\u00edguez Navarrete","twitter_card":"summary_large_image","twitter_creator":"@FiscaliaCol","twitter_site":"@FiscaliaCol","twitter_misc":{"Escrito por":"Winnie Geraldine Rodr\u00edguez Navarrete","Tiempo de lectura":"3 minutos"},"schema":{"@context":"https:\/\/schema.org","@graph":[{"@type":"Article","@id":"https:\/\/www.fiscalia.gov.co\/colombia\/noticias\/judicializados-14-presuntos-integrantes-de-un-grupo-delincuencial-que-se-dedicaria-a-la-distribucion-de-sustancias-alucinogenas-en-el-departamento-de-bolivar\/#article","isPartOf":{"@id":"https:\/\/www.fiscalia.gov.co\/colombia\/noticias\/judicializados-14-presuntos-integrantes-de-un-grupo-delincuencial-que-se-dedicaria-a-la-distribucion-de-sustancias-alucinogenas-en-el-departamento-de-bolivar\/"},"author":{"name":"Winnie Geraldine Rodr\u00edguez Navarrete","@id":"https:\/\/www.fiscalia.gov.co\/colombia\/#\/schema\/person\/176195b99ebab0a52aafa15197e1bf80"},"headline":"Judicializados 14 presuntos integrantes de un grupo delincuencial que se dedicar\u00eda a la distribuci\u00f3n de sustancias alucin\u00f3genas en el departamento de Bol\u00edvar","datePublished":"2023-03-10T15:36:24+00:00","dateModified":"2023-03-16T17:09:20+00:00","mainEntityOfPage":{"@id":"https:\/\/www.fiscalia.gov.co\/colombia\/noticias\/judicializados-14-presuntos-integrantes-de-un-grupo-delincuencial-que-se-dedicaria-a-la-distribucion-de-sustancias-alucinogenas-en-el-departamento-de-bolivar\/"},"wordCount":609,"publisher":{"@id":"https:\/\/www.fiscalia.gov.co\/colombia\/#organization"},"image":{"@id":"https:\/\/www.fiscalia.gov.co\/colombia\/noticias\/judicializados-14-presuntos-integrantes-de-un-grupo-delincuencial-que-se-dedicaria-a-la-distribucion-de-sustancias-alucinogenas-en-el-departamento-de-bolivar\/#primaryimage"},"thumbnailUrl":"https:\/\/www.fiscalia.gov.co\/colombia\/wp-content\/uploads\/maxresdefault-958.jpg","keywords":["Bar\u00fa","Bol\u00edvar","Cartagena","Cartagena (Bol\u00edvar)","Concierto para delinquir","Fiscal\u00eda Colombia","Fiscal\u00eda General de la Naci\u00f3n","Polic\u00eda Nacional","prisi\u00f3n","Tr\u00e1fico de estupefacientes"],"articleSection":["Noticias","Tr\u00e1fico de estupefacientes"],"inLanguage":"es-CO"},{"@type":"WebPage","@id":"https:\/\/www.fiscalia.gov.co\/colombia\/noticias\/judicializados-14-presuntos-integrantes-de-un-grupo-delincuencial-que-se-dedicaria-a-la-distribucion-de-sustancias-alucinogenas-en-el-departamento-de-bolivar\/","url":"https:\/\/www.fiscalia.gov.co\/colombia\/noticias\/judicializados-14-presuntos-integrantes-de-un-grupo-delincuencial-que-se-dedicaria-a-la-distribucion-de-sustancias-alucinogenas-en-el-departamento-de-bolivar\/","name":"Fiscal\u00eda General de la Naci\u00f3n","isPartOf":{"@id":"https:\/\/www.fiscalia.gov.co\/colombia\/#website"},"primaryImageOfPage":{"@id":"https:\/\/www.fiscalia.gov.co\/colombia\/noticias\/judicializados-14-presuntos-integrantes-de-un-grupo-delincuencial-que-se-dedicaria-a-la-distribucion-de-sustancias-alucinogenas-en-el-departamento-de-bolivar\/#primaryimage"},"image":{"@id":"https:\/\/www.fiscalia.gov.co\/colombia\/noticias\/judicializados-14-presuntos-integrantes-de-un-grupo-delincuencial-que-se-dedicaria-a-la-distribucion-de-sustancias-alucinogenas-en-el-departamento-de-bolivar\/#primaryimage"},"thumbnailUrl":"https:\/\/www.fiscalia.gov.co\/colombia\/wp-content\/uploads\/maxresdefault-958.jpg","datePublished":"2023-03-10T15:36:24+00:00","dateModified":"2023-03-16T17:09:20+00:00","description":"P\u00e1gina oficial de la Fiscal\u00eda General de la Naci\u00f3n \u2013 Colombia. Garantizamos el acceso efectivo a la justicia, la verdad y la reparaci\u00f3n de las v\u00edctimas de los delitos.","breadcrumb":{"@id":"https:\/\/www.fiscalia.gov.co\/colombia\/noticias\/judicializados-14-presuntos-integrantes-de-un-grupo-delincuencial-que-se-dedicaria-a-la-distribucion-de-sustancias-alucinogenas-en-el-departamento-de-bolivar\/#breadcrumb"},"inLanguage":"es-CO","potentialAction":[{"@type":"ReadAction","target":["https:\/\/www.fiscalia.gov.co\/colombia\/noticias\/judicializados-14-presuntos-integrantes-de-un-grupo-delincuencial-que-se-dedicaria-a-la-distribucion-de-sustancias-alucinogenas-en-el-departamento-de-bolivar\/"]}]},{"@type":"ImageObject","inLanguage":"es-CO","@id":"https:\/\/www.fiscalia.gov.co\/colombia\/noticias\/judicializados-14-presuntos-integrantes-de-un-grupo-delincuencial-que-se-dedicaria-a-la-distribucion-de-sustancias-alucinogenas-en-el-departamento-de-bolivar\/#primaryimage","url":"https:\/\/www.fiscalia.gov.co\/colombia\/wp-content\/uploads\/maxresdefault-958.jpg","contentUrl":"https:\/\/www.fiscalia.gov.co\/colombia\/wp-content\/uploads\/maxresdefault-958.jpg","width":1280,"height":720},{"@type":"BreadcrumbList","@id":"https:\/\/www.fiscalia.gov.co\/colombia\/noticias\/judicializados-14-presuntos-integrantes-de-un-grupo-delincuencial-que-se-dedicaria-a-la-distribucion-de-sustancias-alucinogenas-en-el-departamento-de-bolivar\/#breadcrumb","itemListElement":[{"@type":"ListItem","position":1,"name":"Home","item":"https:\/\/www.fiscalia.gov.co\/colombia\/"},{"@type":"ListItem","position":2,"name":"Judicializados 14 presuntos integrantes de un grupo delincuencial que se dedicar\u00eda a la distribuci\u00f3n de sustancias alucin\u00f3genas en el departamento de Bol\u00edvar"}]},{"@type":"WebSite","@id":"https:\/\/www.fiscalia.gov.co\/colombia\/#website","url":"https:\/\/www.fiscalia.gov.co\/colombia\/","name":"Fiscal\u00eda General de la Naci\u00f3n","description":"P\u00e1gina oficial de la Fiscal\u00eda General de la Naci\u00f3n \u2013 Colombia. Garantizamos el acceso efectivo a la justicia, la verdad y la reparaci\u00f3n de las v\u00edctimas de los delitos.","publisher":{"@id":"https:\/\/www.fiscalia.gov.co\/colombia\/#organization"},"potentialAction":[{"@type":"SearchAction","target":{"@type":"EntryPoint","urlTemplate":"https:\/\/www.fiscalia.gov.co\/colombia\/?s={search_term_string}"},"query-input":{"@type":"PropertyValueSpecification","valueRequired":true,"valueName":"search_term_string"}}],"inLanguage":"es-CO"},{"@type":"Organization","@id":"https:\/\/www.fiscalia.gov.co\/colombia\/#organization","name":"Fiscal\u00eda General de la Naci\u00f3n","url":"https:\/\/www.fiscalia.gov.co\/colombia\/","logo":{"@type":"ImageObject","inLanguage":"es-CO","@id":"https:\/\/www.fiscalia.gov.co\/colombia\/#\/schema\/logo\/image\/","url":"https:\/\/www.fiscalia.gov.co\/colombia\/wp-content\/uploads\/LogoHorizontal_1.jpg","contentUrl":"https:\/\/www.fiscalia.gov.co\/colombia\/wp-content\/uploads\/LogoHorizontal_1.jpg","width":300,"height":90,"caption":"Fiscal\u00eda General de la Naci\u00f3n"},"image":{"@id":"https:\/\/www.fiscalia.gov.co\/colombia\/#\/schema\/logo\/image\/"},"sameAs":["https:\/\/www.facebook.com\/FiscaliaCol","https:\/\/x.com\/FiscaliaCol","https:\/\/www.instagram.com\/fiscaliacol","https:\/\/www.linkedin.com\/company\/fiscalia-general-de-la-naci-n\/","https:\/\/youtube.com\/@fiscaliageneraldelanacion-4668?si=6nN79nyQICPU5iTh"]},{"@type":"Person","@id":"https:\/\/www.fiscalia.gov.co\/colombia\/#\/schema\/person\/176195b99ebab0a52aafa15197e1bf80","name":"Winnie Geraldine Rodr\u00edguez Navarrete","image":{"@type":"ImageObject","inLanguage":"es-CO","@id":"https:\/\/www.fiscalia.gov.co\/colombia\/#\/schema\/person\/image\/","url":"https:\/\/secure.gravatar.com\/avatar\/c24cf8481dc84fa5e8c7b20bc95ab0c6?s=96&d=mm&r=g","contentUrl":"https:\/\/secure.gravatar.com\/avatar\/c24cf8481dc84fa5e8c7b20bc95ab0c6?s=96&d=mm&r=g","caption":"Winnie Geraldine Rodr\u00edguez Navarrete"},"url":"https:\/\/www.fiscalia.gov.co\/colombia\/author\/winnierodriguez\/"}]}},"_links":{"self":[{"href":"https:\/\/www.fiscalia.gov.co\/colombia\/wp-json\/wp\/v2\/posts\/267968","targetHints":{"allow":["GET"]}}],"collection":[{"href":"https:\/\/www.fiscalia.gov.co\/colombia\/wp-json\/wp\/v2\/posts"}],"about":[{"href":"https:\/\/www.fiscalia.gov.co\/colombia\/wp-json\/wp\/v2\/types\/post"}],"author":[{"embeddable":true,"href":"https:\/\/www.fiscalia.gov.co\/colombia\/wp-json\/wp\/v2\/users\/178"}],"replies":[{"embeddable":true,"href":"https:\/\/www.fiscalia.gov.co\/colombia\/wp-json\/wp\/v2\/comments?post=267968"}],"version-history":[{"count":1,"href":"https:\/\/www.fiscalia.gov.co\/colombia\/wp-json\/wp\/v2\/posts\/267968\/revisions"}],"predecessor-version":[{"id":267971,"href":"https:\/\/www.fiscalia.gov.co\/colombia\/wp-json\/wp\/v2\/posts\/267968\/revisions\/267971"}],"wp:featuredmedia":[{"embeddable":true,"href":"https:\/\/www.fiscalia.gov.co\/colombia\/wp-json\/wp\/v2\/media\/268311"}],"wp:attachment":[{"href":"https:\/\/www.fiscalia.gov.co\/colombia\/wp-json\/wp\/v2\/media?parent=267968"}],"wp:term":[{"taxonomy":"category","embeddable":true,"href":"https:\/\/www.fiscalia.gov.co\/colombia\/wp-json\/wp\/v2\/categories?post=267968"},{"taxonomy":"post_tag","embeddable":true,"href":"https:\/\/www.fiscalia.gov.co\/colombia\/wp-json\/wp\/v2\/tags?post=267968"}],"curies":[{"name":"wp","href":"https:\/\/api.w.org\/{rel}","templated":true}]}}