{"id":267937,"date":"2023-03-10T08:58:08","date_gmt":"2023-03-10T13:58:08","guid":{"rendered":"https:\/\/www.fiscalia.gov.co\/colombia\/?p=267937"},"modified":"2023-03-10T08:58:08","modified_gmt":"2023-03-10T13:58:08","slug":"fiscales-de-putumayo-logran-que-dos-hombres-fueran-enviados-a-prision-por-presuntas-agresiones-sexuales-contra-un-menor-y-una-mujer","status":"publish","type":"post","link":"https:\/\/www.fiscalia.gov.co\/colombia\/noticias\/fiscales-de-putumayo-logran-que-dos-hombres-fueran-enviados-a-prision-por-presuntas-agresiones-sexuales-contra-un-menor-y-una-mujer\/","title":{"rendered":"Fiscales de Putumayo logran que dos hombres fueran enviados a prisi\u00f3n por presuntas agresiones sexuales contra un menor y una mujer"},"content":{"rendered":"<p>El material probatorio aportado por Fiscales de la Seccional Putumayo permiti\u00f3 que jueces de control de garant\u00edas enviaran a prisi\u00f3n a dos hombres que, en casos independientes, habr\u00edan agredido sexualmente a un menor de edad y una mujer.<\/p>\n<p>Uno de los casos ocurri\u00f3 en el barrio El Prado de Puerto As\u00eds (Putumayo) y comprometer\u00eda al padrastro de un menor de 11 a\u00f1os. Al parecer, el procesado someti\u00f3 por la fuerza a la v\u00edctima a m\u00faltiples vej\u00e1menes sexuales, ocurridos entre el a\u00f1o 2016 y al menos hasta septiembre de 2022.<\/p>\n<figure id=\"attachment_267938\" aria-describedby=\"caption-attachment-267938\" style=\"width: 300px\" class=\"wp-caption aligncenter\"><img loading=\"lazy\" decoding=\"async\" class=\"size-medium wp-image-267938\" src=\"https:\/\/www.fiscalia.gov.co\/colombia\/wp-content\/uploads\/Padrastro-abuso-en-Puerto-Asis-Putumayo.-300x228.jpeg\" alt=\"En la fotograf\u00eda aparece un capturado, junto a personal de Fiscal\u00eda General de la Naci\u00f3n y Polic\u00eda Nacional. En la parte posterior de la imagen se ven banners de Polic\u00eda Nacional y la Fiscal\u00eda General de la Naci\u00f3n.   \" width=\"300\" height=\"228\" srcset=\"https:\/\/www.fiscalia.gov.co\/colombia\/wp-content\/uploads\/Padrastro-abuso-en-Puerto-Asis-Putumayo.-300x228.jpeg 300w, https:\/\/www.fiscalia.gov.co\/colombia\/wp-content\/uploads\/Padrastro-abuso-en-Puerto-Asis-Putumayo.-1024x779.jpeg 1024w, https:\/\/www.fiscalia.gov.co\/colombia\/wp-content\/uploads\/Padrastro-abuso-en-Puerto-Asis-Putumayo.-768x584.jpeg 768w, https:\/\/www.fiscalia.gov.co\/colombia\/wp-content\/uploads\/Padrastro-abuso-en-Puerto-Asis-Putumayo.-696x529.jpeg 696w, https:\/\/www.fiscalia.gov.co\/colombia\/wp-content\/uploads\/Padrastro-abuso-en-Puerto-Asis-Putumayo.-1068x812.jpeg 1068w, https:\/\/www.fiscalia.gov.co\/colombia\/wp-content\/uploads\/Padrastro-abuso-en-Puerto-Asis-Putumayo.-552x420.jpeg 552w, https:\/\/www.fiscalia.gov.co\/colombia\/wp-content\/uploads\/Padrastro-abuso-en-Puerto-Asis-Putumayo.-80x60.jpeg 80w, https:\/\/www.fiscalia.gov.co\/colombia\/wp-content\/uploads\/Padrastro-abuso-en-Puerto-Asis-Putumayo..jpeg 1120w\" sizes=\"auto, (max-width: 300px) 100vw, 300px\" \/><figcaption id=\"caption-attachment-267938\" class=\"wp-caption-text\">Padrastro que habr\u00eda abusado durante 7 a\u00f1os de su hijastra en Puerto As\u00eds (Putumayo).<\/figcaption><\/figure>\n<p>Seg\u00fan la investigaci\u00f3n, las agresiones eran cometidas cuando la madre de la v\u00edctima deb\u00eda ausentarse de la casa, dejando al menor a solas con el presunto agresor.<\/p>\n<p>La Fiscal\u00eda imput\u00f3 al investigado como presunto responsable de los delitos de acceso carnal violento agravado y actos sexuales con menor de 14 a\u00f1os. Cargos que no fueron aceptados por el hombre.<\/p>\n<p>En otro hecho, la Fiscal\u00eda judicializ\u00f3 a Rub\u00e9n Dar\u00edo Yaqueno como presunto responsable del delito de acceso carnal violento, del que fue v\u00edctima una mujer de 26 a\u00f1os. Los hechos ocurrieron el pasado 9 de febrero en una finca de la inspecci\u00f3n El Placer en Valle del Guamuez (Putumayo).<\/p>\n<figure id=\"attachment_267939\" aria-describedby=\"caption-attachment-267939\" style=\"width: 300px\" class=\"wp-caption aligncenter\"><img loading=\"lazy\" decoding=\"async\" class=\"size-medium wp-image-267939\" src=\"https:\/\/www.fiscalia.gov.co\/colombia\/wp-content\/uploads\/Ruben-Dario-Yaqueno-300x227.jpeg\" alt=\"En la fotograf\u00eda aparece un capturado, junto a personal de Fiscal\u00eda General de la Naci\u00f3n y Polic\u00eda Nacional. En la parte posterior de la imagen se ven banners de Polic\u00eda Nacional y la Fiscal\u00eda General de la Naci\u00f3n.     \" width=\"300\" height=\"227\" srcset=\"https:\/\/www.fiscalia.gov.co\/colombia\/wp-content\/uploads\/Ruben-Dario-Yaqueno-300x227.jpeg 300w, https:\/\/www.fiscalia.gov.co\/colombia\/wp-content\/uploads\/Ruben-Dario-Yaqueno-1024x776.jpeg 1024w, https:\/\/www.fiscalia.gov.co\/colombia\/wp-content\/uploads\/Ruben-Dario-Yaqueno-768x582.jpeg 768w, https:\/\/www.fiscalia.gov.co\/colombia\/wp-content\/uploads\/Ruben-Dario-Yaqueno-696x528.jpeg 696w, https:\/\/www.fiscalia.gov.co\/colombia\/wp-content\/uploads\/Ruben-Dario-Yaqueno-1068x810.jpeg 1068w, https:\/\/www.fiscalia.gov.co\/colombia\/wp-content\/uploads\/Ruben-Dario-Yaqueno-554x420.jpeg 554w, https:\/\/www.fiscalia.gov.co\/colombia\/wp-content\/uploads\/Ruben-Dario-Yaqueno-80x60.jpeg 80w, https:\/\/www.fiscalia.gov.co\/colombia\/wp-content\/uploads\/Ruben-Dario-Yaqueno.jpeg 1124w\" sizes=\"auto, (max-width: 300px) 100vw, 300px\" \/><figcaption id=\"caption-attachment-267939\" class=\"wp-caption-text\">Rub\u00e9n Dar\u00edo Yaqueno es investigado como presunto responsable del delito de acceso carnal violento.<\/figcaption><\/figure>\n<p>Al parecer, la v\u00edctima se neg\u00f3 a sostener relaciones sexuales con el presunto agresor, quien molesto la habr\u00eda atado por las manos para luego accederla de manera violenta.<\/p>\n<p>Miembros de Sijin lo capturaron en Valle del Guamuez (Putumayo).<\/p>\n<p><b>La Fiscal\u00eda habla con resultados.\u00a0<\/b><\/p>\n<p>&nbsp;<\/p>\n<p>&nbsp;<\/p>\n<p>&nbsp;<\/p>\n<p>&nbsp;<\/p>\n<p>LMGM\/MAGA\/SAGR\/DSP<\/p>\n<p>&nbsp;<\/p>\n<p>&nbsp;<\/p>\n<p>&nbsp;<\/p>\n<p>&nbsp;<\/p>\n<p>&nbsp;<\/p>\n<p><i>La informaci\u00f3n contenida en este bolet\u00edn de prensa corresponde a la narraci\u00f3n de los hechos noticiosos objetivos, suministrados por los funcionarios encargados de adelantar las investigaciones penales al interior de la Fiscal\u00eda General de la Naci\u00f3n. Para el momento de la divulgaci\u00f3n de este comunicado, la situaci\u00f3n jur\u00eddica de la(s) persona(s) relacionada(s) se encuentra pendiente de resolver por la autoridad judicial competente, siempre bajo los preceptos de la presunci\u00f3n de inocencia, consagrados en el art\u00edculo 29 de la Constituci\u00f3n Pol\u00edtica y el art\u00edculo 7\u00ba de la Ley 906 de 2004.\u00a0<\/i><\/p>\n\n<div class=\"twitter-share\"><a href=\"https:\/\/twitter.com\/intent\/tweet?via=fiscaliacol\" class=\"twitter-share-button\">Tweet<\/a><\/div>\n","protected":false},"excerpt":{"rendered":"<p>El material probatorio aportado por Fiscales de la Seccional Putumayo permiti\u00f3 que jueces de control de garant\u00edas enviaran a prisi\u00f3n a dos hombres que, en casos independientes, habr\u00edan agredido sexualmente a un menor de edad y una mujer. Uno de los casos ocurri\u00f3 en el barrio El Prado de Puerto As\u00eds (Putumayo) y comprometer\u00eda al [&hellip;]<\/p>\n","protected":false},"author":178,"featured_media":0,"comment_status":"closed","ping_status":"open","sticky":false,"template":"","format":"standard","meta":{"_price":"","_stock":"","_tribe_ticket_header":"","_tribe_default_ticket_provider":"","_tribe_ticket_capacity":"0","_ticket_start_date":"","_ticket_end_date":"","_tribe_ticket_show_description":"","_tribe_ticket_show_not_going":false,"_tribe_ticket_use_global_stock":"","_tribe_ticket_global_stock_level":"","_global_stock_mode":"","_global_stock_cap":"","_tribe_rsvp_for_event":"","_tribe_ticket_going_count":"","_tribe_ticket_not_going_count":"","_tribe_tickets_list":"[]","_tribe_ticket_has_attendee_info_fields":false,"tdm_status":"","tdm_grid_status":"","footnotes":""},"categories":[1,2910,303,24127],"tags":[24185,1047,31780,2299],"class_list":{"0":"post-267937","1":"post","2":"type-post","3":"status-publish","4":"format-standard","6":"category-noticias","7":"category-seccional-mocoa","8":"category-seccionales","9":"category-violencia-sexual-e-intrafamiliar","10":"tag-fiscal-barbosa","11":"tag-fiscalia-general-de-la-nacion","12":"tag-mocoa-putumayo","13":"tag-violencia-sexual"},"yoast_head":"<!-- This site is optimized with the Yoast SEO plugin v24.3 - https:\/\/yoast.com\/wordpress\/plugins\/seo\/ -->\n<title>Fiscal\u00eda General de la Naci\u00f3n<\/title>\n<meta name=\"description\" content=\"P\u00e1gina oficial de la Fiscal\u00eda General de la Naci\u00f3n \u2013 Colombia. Garantizamos el acceso efectivo a la justicia, la verdad y la reparaci\u00f3n de las v\u00edctimas de los delitos.\" \/>\n<meta name=\"robots\" content=\"noindex, follow\" \/>\n<meta property=\"og:locale\" content=\"es_ES\" \/>\n<meta property=\"og:type\" content=\"article\" \/>\n<meta property=\"og:title\" content=\"Fiscal\u00eda General de la Naci\u00f3n\" \/>\n<meta property=\"og:description\" content=\"P\u00e1gina oficial de la Fiscal\u00eda General de la Naci\u00f3n \u2013 Colombia. Garantizamos el acceso efectivo a la justicia, la verdad y la reparaci\u00f3n de las v\u00edctimas de los delitos.\" \/>\n<meta property=\"og:url\" content=\"https:\/\/www.fiscalia.gov.co\/colombia\/noticias\/fiscales-de-putumayo-logran-que-dos-hombres-fueran-enviados-a-prision-por-presuntas-agresiones-sexuales-contra-un-menor-y-una-mujer\/\" \/>\n<meta property=\"og:site_name\" content=\"Fiscal\u00eda General de la Naci\u00f3n\" \/>\n<meta property=\"article:publisher\" content=\"https:\/\/www.facebook.com\/FiscaliaCol\" \/>\n<meta property=\"article:published_time\" content=\"2023-03-10T13:58:08+00:00\" \/>\n<meta property=\"og:image\" content=\"https:\/\/www.fiscalia.gov.co\/colombia\/wp-content\/uploads\/Padrastro-abuso-en-Puerto-Asis-Putumayo.-300x228.jpeg\" \/>\n<meta name=\"author\" content=\"Winnie Geraldine Rodr\u00edguez Navarrete\" \/>\n<meta name=\"twitter:card\" content=\"summary_large_image\" \/>\n<meta name=\"twitter:creator\" content=\"@FiscaliaCol\" \/>\n<meta name=\"twitter:site\" content=\"@FiscaliaCol\" \/>\n<meta name=\"twitter:label1\" content=\"Escrito por\" \/>\n\t<meta name=\"twitter:data1\" content=\"Winnie Geraldine Rodr\u00edguez Navarrete\" \/>\n\t<meta name=\"twitter:label2\" content=\"Tiempo de lectura\" \/>\n\t<meta name=\"twitter:data2\" content=\"2 minutos\" \/>\n<script type=\"application\/ld+json\" class=\"yoast-schema-graph\">{\"@context\":\"https:\/\/schema.org\",\"@graph\":[{\"@type\":\"Article\",\"@id\":\"https:\/\/www.fiscalia.gov.co\/colombia\/noticias\/fiscales-de-putumayo-logran-que-dos-hombres-fueran-enviados-a-prision-por-presuntas-agresiones-sexuales-contra-un-menor-y-una-mujer\/#article\",\"isPartOf\":{\"@id\":\"https:\/\/www.fiscalia.gov.co\/colombia\/noticias\/fiscales-de-putumayo-logran-que-dos-hombres-fueran-enviados-a-prision-por-presuntas-agresiones-sexuales-contra-un-menor-y-una-mujer\/\"},\"author\":{\"name\":\"Winnie Geraldine Rodr\u00edguez Navarrete\",\"@id\":\"https:\/\/www.fiscalia.gov.co\/colombia\/#\/schema\/person\/176195b99ebab0a52aafa15197e1bf80\"},\"headline\":\"Fiscales de Putumayo logran que dos hombres fueran enviados a prisi\u00f3n por presuntas agresiones sexuales contra un menor y una mujer\",\"datePublished\":\"2023-03-10T13:58:08+00:00\",\"dateModified\":\"2023-03-10T13:58:08+00:00\",\"mainEntityOfPage\":{\"@id\":\"https:\/\/www.fiscalia.gov.co\/colombia\/noticias\/fiscales-de-putumayo-logran-que-dos-hombres-fueran-enviados-a-prision-por-presuntas-agresiones-sexuales-contra-un-menor-y-una-mujer\/\"},\"wordCount\":442,\"publisher\":{\"@id\":\"https:\/\/www.fiscalia.gov.co\/colombia\/#organization\"},\"image\":{\"@id\":\"https:\/\/www.fiscalia.gov.co\/colombia\/noticias\/fiscales-de-putumayo-logran-que-dos-hombres-fueran-enviados-a-prision-por-presuntas-agresiones-sexuales-contra-un-menor-y-una-mujer\/#primaryimage\"},\"thumbnailUrl\":\"https:\/\/www.fiscalia.gov.co\/colombia\/wp-content\/uploads\/Padrastro-abuso-en-Puerto-Asis-Putumayo.-300x228.jpeg\",\"keywords\":[\"Fiscal Barbosa\",\"Fiscal\u00eda General de la Naci\u00f3n\",\"Mocoa (Putumayo)\",\"Violencia sexual\"],\"articleSection\":[\"Noticias\",\"Seccional Mocoa\",\"Seccionales\",\"Violencia sexual e intrafamiliar\"],\"inLanguage\":\"es-CO\"},{\"@type\":\"WebPage\",\"@id\":\"https:\/\/www.fiscalia.gov.co\/colombia\/noticias\/fiscales-de-putumayo-logran-que-dos-hombres-fueran-enviados-a-prision-por-presuntas-agresiones-sexuales-contra-un-menor-y-una-mujer\/\",\"url\":\"https:\/\/www.fiscalia.gov.co\/colombia\/noticias\/fiscales-de-putumayo-logran-que-dos-hombres-fueran-enviados-a-prision-por-presuntas-agresiones-sexuales-contra-un-menor-y-una-mujer\/\",\"name\":\"Fiscal\u00eda General de la Naci\u00f3n\",\"isPartOf\":{\"@id\":\"https:\/\/www.fiscalia.gov.co\/colombia\/#website\"},\"primaryImageOfPage\":{\"@id\":\"https:\/\/www.fiscalia.gov.co\/colombia\/noticias\/fiscales-de-putumayo-logran-que-dos-hombres-fueran-enviados-a-prision-por-presuntas-agresiones-sexuales-contra-un-menor-y-una-mujer\/#primaryimage\"},\"image\":{\"@id\":\"https:\/\/www.fiscalia.gov.co\/colombia\/noticias\/fiscales-de-putumayo-logran-que-dos-hombres-fueran-enviados-a-prision-por-presuntas-agresiones-sexuales-contra-un-menor-y-una-mujer\/#primaryimage\"},\"thumbnailUrl\":\"https:\/\/www.fiscalia.gov.co\/colombia\/wp-content\/uploads\/Padrastro-abuso-en-Puerto-Asis-Putumayo.-300x228.jpeg\",\"datePublished\":\"2023-03-10T13:58:08+00:00\",\"dateModified\":\"2023-03-10T13:58:08+00:00\",\"description\":\"P\u00e1gina oficial de la Fiscal\u00eda General de la Naci\u00f3n \u2013 Colombia. Garantizamos el acceso efectivo a la justicia, la verdad y la reparaci\u00f3n de las v\u00edctimas de los delitos.\",\"breadcrumb\":{\"@id\":\"https:\/\/www.fiscalia.gov.co\/colombia\/noticias\/fiscales-de-putumayo-logran-que-dos-hombres-fueran-enviados-a-prision-por-presuntas-agresiones-sexuales-contra-un-menor-y-una-mujer\/#breadcrumb\"},\"inLanguage\":\"es-CO\",\"potentialAction\":[{\"@type\":\"ReadAction\",\"target\":[\"https:\/\/www.fiscalia.gov.co\/colombia\/noticias\/fiscales-de-putumayo-logran-que-dos-hombres-fueran-enviados-a-prision-por-presuntas-agresiones-sexuales-contra-un-menor-y-una-mujer\/\"]}]},{\"@type\":\"ImageObject\",\"inLanguage\":\"es-CO\",\"@id\":\"https:\/\/www.fiscalia.gov.co\/colombia\/noticias\/fiscales-de-putumayo-logran-que-dos-hombres-fueran-enviados-a-prision-por-presuntas-agresiones-sexuales-contra-un-menor-y-una-mujer\/#primaryimage\",\"url\":\"https:\/\/www.fiscalia.gov.co\/colombia\/wp-content\/uploads\/Padrastro-abuso-en-Puerto-Asis-Putumayo.-300x228.jpeg\",\"contentUrl\":\"https:\/\/www.fiscalia.gov.co\/colombia\/wp-content\/uploads\/Padrastro-abuso-en-Puerto-Asis-Putumayo.-300x228.jpeg\"},{\"@type\":\"BreadcrumbList\",\"@id\":\"https:\/\/www.fiscalia.gov.co\/colombia\/noticias\/fiscales-de-putumayo-logran-que-dos-hombres-fueran-enviados-a-prision-por-presuntas-agresiones-sexuales-contra-un-menor-y-una-mujer\/#breadcrumb\",\"itemListElement\":[{\"@type\":\"ListItem\",\"position\":1,\"name\":\"Home\",\"item\":\"https:\/\/www.fiscalia.gov.co\/colombia\/\"},{\"@type\":\"ListItem\",\"position\":2,\"name\":\"Fiscales de Putumayo logran que dos hombres fueran enviados a prisi\u00f3n por presuntas agresiones sexuales contra un menor y una mujer\"}]},{\"@type\":\"WebSite\",\"@id\":\"https:\/\/www.fiscalia.gov.co\/colombia\/#website\",\"url\":\"https:\/\/www.fiscalia.gov.co\/colombia\/\",\"name\":\"Fiscal\u00eda General de la Naci\u00f3n\",\"description\":\"P\u00e1gina oficial de la Fiscal\u00eda General de la Naci\u00f3n \u2013 Colombia. Garantizamos el acceso efectivo a la justicia, la verdad y la reparaci\u00f3n de las v\u00edctimas de los delitos.\",\"publisher\":{\"@id\":\"https:\/\/www.fiscalia.gov.co\/colombia\/#organization\"},\"potentialAction\":[{\"@type\":\"SearchAction\",\"target\":{\"@type\":\"EntryPoint\",\"urlTemplate\":\"https:\/\/www.fiscalia.gov.co\/colombia\/?s={search_term_string}\"},\"query-input\":{\"@type\":\"PropertyValueSpecification\",\"valueRequired\":true,\"valueName\":\"search_term_string\"}}],\"inLanguage\":\"es-CO\"},{\"@type\":\"Organization\",\"@id\":\"https:\/\/www.fiscalia.gov.co\/colombia\/#organization\",\"name\":\"Fiscal\u00eda General de la Naci\u00f3n\",\"url\":\"https:\/\/www.fiscalia.gov.co\/colombia\/\",\"logo\":{\"@type\":\"ImageObject\",\"inLanguage\":\"es-CO\",\"@id\":\"https:\/\/www.fiscalia.gov.co\/colombia\/#\/schema\/logo\/image\/\",\"url\":\"https:\/\/www.fiscalia.gov.co\/colombia\/wp-content\/uploads\/LogoHorizontal_1.jpg\",\"contentUrl\":\"https:\/\/www.fiscalia.gov.co\/colombia\/wp-content\/uploads\/LogoHorizontal_1.jpg\",\"width\":300,\"height\":90,\"caption\":\"Fiscal\u00eda General de la Naci\u00f3n\"},\"image\":{\"@id\":\"https:\/\/www.fiscalia.gov.co\/colombia\/#\/schema\/logo\/image\/\"},\"sameAs\":[\"https:\/\/www.facebook.com\/FiscaliaCol\",\"https:\/\/x.com\/FiscaliaCol\",\"https:\/\/www.instagram.com\/fiscaliacol\",\"https:\/\/www.linkedin.com\/company\/fiscalia-general-de-la-naci-n\/\",\"https:\/\/youtube.com\/@fiscaliageneraldelanacion-4668?si=6nN79nyQICPU5iTh\"]},{\"@type\":\"Person\",\"@id\":\"https:\/\/www.fiscalia.gov.co\/colombia\/#\/schema\/person\/176195b99ebab0a52aafa15197e1bf80\",\"name\":\"Winnie Geraldine Rodr\u00edguez Navarrete\",\"image\":{\"@type\":\"ImageObject\",\"inLanguage\":\"es-CO\",\"@id\":\"https:\/\/www.fiscalia.gov.co\/colombia\/#\/schema\/person\/image\/\",\"url\":\"https:\/\/secure.gravatar.com\/avatar\/c24cf8481dc84fa5e8c7b20bc95ab0c6?s=96&d=mm&r=g\",\"contentUrl\":\"https:\/\/secure.gravatar.com\/avatar\/c24cf8481dc84fa5e8c7b20bc95ab0c6?s=96&d=mm&r=g\",\"caption\":\"Winnie Geraldine Rodr\u00edguez Navarrete\"},\"url\":\"https:\/\/www.fiscalia.gov.co\/colombia\/author\/winnierodriguez\/\"}]}<\/script>\n<!-- \/ Yoast SEO plugin. -->","yoast_head_json":{"title":"Fiscal\u00eda General de la Naci\u00f3n","description":"P\u00e1gina oficial de la Fiscal\u00eda General de la Naci\u00f3n \u2013 Colombia. Garantizamos el acceso efectivo a la justicia, la verdad y la reparaci\u00f3n de las v\u00edctimas de los delitos.","robots":{"index":"noindex","follow":"follow"},"og_locale":"es_ES","og_type":"article","og_title":"Fiscal\u00eda General de la Naci\u00f3n","og_description":"P\u00e1gina oficial de la Fiscal\u00eda General de la Naci\u00f3n \u2013 Colombia. Garantizamos el acceso efectivo a la justicia, la verdad y la reparaci\u00f3n de las v\u00edctimas de los delitos.","og_url":"https:\/\/www.fiscalia.gov.co\/colombia\/noticias\/fiscales-de-putumayo-logran-que-dos-hombres-fueran-enviados-a-prision-por-presuntas-agresiones-sexuales-contra-un-menor-y-una-mujer\/","og_site_name":"Fiscal\u00eda General de la Naci\u00f3n","article_publisher":"https:\/\/www.facebook.com\/FiscaliaCol","article_published_time":"2023-03-10T13:58:08+00:00","og_image":[{"url":"https:\/\/www.fiscalia.gov.co\/colombia\/wp-content\/uploads\/Padrastro-abuso-en-Puerto-Asis-Putumayo.-300x228.jpeg","type":"","width":"","height":""}],"author":"Winnie Geraldine Rodr\u00edguez Navarrete","twitter_card":"summary_large_image","twitter_creator":"@FiscaliaCol","twitter_site":"@FiscaliaCol","twitter_misc":{"Escrito por":"Winnie Geraldine Rodr\u00edguez Navarrete","Tiempo de lectura":"2 minutos"},"schema":{"@context":"https:\/\/schema.org","@graph":[{"@type":"Article","@id":"https:\/\/www.fiscalia.gov.co\/colombia\/noticias\/fiscales-de-putumayo-logran-que-dos-hombres-fueran-enviados-a-prision-por-presuntas-agresiones-sexuales-contra-un-menor-y-una-mujer\/#article","isPartOf":{"@id":"https:\/\/www.fiscalia.gov.co\/colombia\/noticias\/fiscales-de-putumayo-logran-que-dos-hombres-fueran-enviados-a-prision-por-presuntas-agresiones-sexuales-contra-un-menor-y-una-mujer\/"},"author":{"name":"Winnie Geraldine Rodr\u00edguez Navarrete","@id":"https:\/\/www.fiscalia.gov.co\/colombia\/#\/schema\/person\/176195b99ebab0a52aafa15197e1bf80"},"headline":"Fiscales de Putumayo logran que dos hombres fueran enviados a prisi\u00f3n por presuntas agresiones sexuales contra un menor y una mujer","datePublished":"2023-03-10T13:58:08+00:00","dateModified":"2023-03-10T13:58:08+00:00","mainEntityOfPage":{"@id":"https:\/\/www.fiscalia.gov.co\/colombia\/noticias\/fiscales-de-putumayo-logran-que-dos-hombres-fueran-enviados-a-prision-por-presuntas-agresiones-sexuales-contra-un-menor-y-una-mujer\/"},"wordCount":442,"publisher":{"@id":"https:\/\/www.fiscalia.gov.co\/colombia\/#organization"},"image":{"@id":"https:\/\/www.fiscalia.gov.co\/colombia\/noticias\/fiscales-de-putumayo-logran-que-dos-hombres-fueran-enviados-a-prision-por-presuntas-agresiones-sexuales-contra-un-menor-y-una-mujer\/#primaryimage"},"thumbnailUrl":"https:\/\/www.fiscalia.gov.co\/colombia\/wp-content\/uploads\/Padrastro-abuso-en-Puerto-Asis-Putumayo.-300x228.jpeg","keywords":["Fiscal Barbosa","Fiscal\u00eda General de la Naci\u00f3n","Mocoa (Putumayo)","Violencia sexual"],"articleSection":["Noticias","Seccional Mocoa","Seccionales","Violencia sexual e intrafamiliar"],"inLanguage":"es-CO"},{"@type":"WebPage","@id":"https:\/\/www.fiscalia.gov.co\/colombia\/noticias\/fiscales-de-putumayo-logran-que-dos-hombres-fueran-enviados-a-prision-por-presuntas-agresiones-sexuales-contra-un-menor-y-una-mujer\/","url":"https:\/\/www.fiscalia.gov.co\/colombia\/noticias\/fiscales-de-putumayo-logran-que-dos-hombres-fueran-enviados-a-prision-por-presuntas-agresiones-sexuales-contra-un-menor-y-una-mujer\/","name":"Fiscal\u00eda General de la Naci\u00f3n","isPartOf":{"@id":"https:\/\/www.fiscalia.gov.co\/colombia\/#website"},"primaryImageOfPage":{"@id":"https:\/\/www.fiscalia.gov.co\/colombia\/noticias\/fiscales-de-putumayo-logran-que-dos-hombres-fueran-enviados-a-prision-por-presuntas-agresiones-sexuales-contra-un-menor-y-una-mujer\/#primaryimage"},"image":{"@id":"https:\/\/www.fiscalia.gov.co\/colombia\/noticias\/fiscales-de-putumayo-logran-que-dos-hombres-fueran-enviados-a-prision-por-presuntas-agresiones-sexuales-contra-un-menor-y-una-mujer\/#primaryimage"},"thumbnailUrl":"https:\/\/www.fiscalia.gov.co\/colombia\/wp-content\/uploads\/Padrastro-abuso-en-Puerto-Asis-Putumayo.-300x228.jpeg","datePublished":"2023-03-10T13:58:08+00:00","dateModified":"2023-03-10T13:58:08+00:00","description":"P\u00e1gina oficial de la Fiscal\u00eda General de la Naci\u00f3n \u2013 Colombia. Garantizamos el acceso efectivo a la justicia, la verdad y la reparaci\u00f3n de las v\u00edctimas de los delitos.","breadcrumb":{"@id":"https:\/\/www.fiscalia.gov.co\/colombia\/noticias\/fiscales-de-putumayo-logran-que-dos-hombres-fueran-enviados-a-prision-por-presuntas-agresiones-sexuales-contra-un-menor-y-una-mujer\/#breadcrumb"},"inLanguage":"es-CO","potentialAction":[{"@type":"ReadAction","target":["https:\/\/www.fiscalia.gov.co\/colombia\/noticias\/fiscales-de-putumayo-logran-que-dos-hombres-fueran-enviados-a-prision-por-presuntas-agresiones-sexuales-contra-un-menor-y-una-mujer\/"]}]},{"@type":"ImageObject","inLanguage":"es-CO","@id":"https:\/\/www.fiscalia.gov.co\/colombia\/noticias\/fiscales-de-putumayo-logran-que-dos-hombres-fueran-enviados-a-prision-por-presuntas-agresiones-sexuales-contra-un-menor-y-una-mujer\/#primaryimage","url":"https:\/\/www.fiscalia.gov.co\/colombia\/wp-content\/uploads\/Padrastro-abuso-en-Puerto-Asis-Putumayo.-300x228.jpeg","contentUrl":"https:\/\/www.fiscalia.gov.co\/colombia\/wp-content\/uploads\/Padrastro-abuso-en-Puerto-Asis-Putumayo.-300x228.jpeg"},{"@type":"BreadcrumbList","@id":"https:\/\/www.fiscalia.gov.co\/colombia\/noticias\/fiscales-de-putumayo-logran-que-dos-hombres-fueran-enviados-a-prision-por-presuntas-agresiones-sexuales-contra-un-menor-y-una-mujer\/#breadcrumb","itemListElement":[{"@type":"ListItem","position":1,"name":"Home","item":"https:\/\/www.fiscalia.gov.co\/colombia\/"},{"@type":"ListItem","position":2,"name":"Fiscales de Putumayo logran que dos hombres fueran enviados a prisi\u00f3n por presuntas agresiones sexuales contra un menor y una mujer"}]},{"@type":"WebSite","@id":"https:\/\/www.fiscalia.gov.co\/colombia\/#website","url":"https:\/\/www.fiscalia.gov.co\/colombia\/","name":"Fiscal\u00eda General de la Naci\u00f3n","description":"P\u00e1gina oficial de la Fiscal\u00eda General de la Naci\u00f3n \u2013 Colombia. Garantizamos el acceso efectivo a la justicia, la verdad y la reparaci\u00f3n de las v\u00edctimas de los delitos.","publisher":{"@id":"https:\/\/www.fiscalia.gov.co\/colombia\/#organization"},"potentialAction":[{"@type":"SearchAction","target":{"@type":"EntryPoint","urlTemplate":"https:\/\/www.fiscalia.gov.co\/colombia\/?s={search_term_string}"},"query-input":{"@type":"PropertyValueSpecification","valueRequired":true,"valueName":"search_term_string"}}],"inLanguage":"es-CO"},{"@type":"Organization","@id":"https:\/\/www.fiscalia.gov.co\/colombia\/#organization","name":"Fiscal\u00eda General de la Naci\u00f3n","url":"https:\/\/www.fiscalia.gov.co\/colombia\/","logo":{"@type":"ImageObject","inLanguage":"es-CO","@id":"https:\/\/www.fiscalia.gov.co\/colombia\/#\/schema\/logo\/image\/","url":"https:\/\/www.fiscalia.gov.co\/colombia\/wp-content\/uploads\/LogoHorizontal_1.jpg","contentUrl":"https:\/\/www.fiscalia.gov.co\/colombia\/wp-content\/uploads\/LogoHorizontal_1.jpg","width":300,"height":90,"caption":"Fiscal\u00eda General de la Naci\u00f3n"},"image":{"@id":"https:\/\/www.fiscalia.gov.co\/colombia\/#\/schema\/logo\/image\/"},"sameAs":["https:\/\/www.facebook.com\/FiscaliaCol","https:\/\/x.com\/FiscaliaCol","https:\/\/www.instagram.com\/fiscaliacol","https:\/\/www.linkedin.com\/company\/fiscalia-general-de-la-naci-n\/","https:\/\/youtube.com\/@fiscaliageneraldelanacion-4668?si=6nN79nyQICPU5iTh"]},{"@type":"Person","@id":"https:\/\/www.fiscalia.gov.co\/colombia\/#\/schema\/person\/176195b99ebab0a52aafa15197e1bf80","name":"Winnie Geraldine Rodr\u00edguez Navarrete","image":{"@type":"ImageObject","inLanguage":"es-CO","@id":"https:\/\/www.fiscalia.gov.co\/colombia\/#\/schema\/person\/image\/","url":"https:\/\/secure.gravatar.com\/avatar\/c24cf8481dc84fa5e8c7b20bc95ab0c6?s=96&d=mm&r=g","contentUrl":"https:\/\/secure.gravatar.com\/avatar\/c24cf8481dc84fa5e8c7b20bc95ab0c6?s=96&d=mm&r=g","caption":"Winnie Geraldine Rodr\u00edguez Navarrete"},"url":"https:\/\/www.fiscalia.gov.co\/colombia\/author\/winnierodriguez\/"}]}},"_links":{"self":[{"href":"https:\/\/www.fiscalia.gov.co\/colombia\/wp-json\/wp\/v2\/posts\/267937","targetHints":{"allow":["GET"]}}],"collection":[{"href":"https:\/\/www.fiscalia.gov.co\/colombia\/wp-json\/wp\/v2\/posts"}],"about":[{"href":"https:\/\/www.fiscalia.gov.co\/colombia\/wp-json\/wp\/v2\/types\/post"}],"author":[{"embeddable":true,"href":"https:\/\/www.fiscalia.gov.co\/colombia\/wp-json\/wp\/v2\/users\/178"}],"replies":[{"embeddable":true,"href":"https:\/\/www.fiscalia.gov.co\/colombia\/wp-json\/wp\/v2\/comments?post=267937"}],"version-history":[{"count":1,"href":"https:\/\/www.fiscalia.gov.co\/colombia\/wp-json\/wp\/v2\/posts\/267937\/revisions"}],"predecessor-version":[{"id":267940,"href":"https:\/\/www.fiscalia.gov.co\/colombia\/wp-json\/wp\/v2\/posts\/267937\/revisions\/267940"}],"wp:attachment":[{"href":"https:\/\/www.fiscalia.gov.co\/colombia\/wp-json\/wp\/v2\/media?parent=267937"}],"wp:term":[{"taxonomy":"category","embeddable":true,"href":"https:\/\/www.fiscalia.gov.co\/colombia\/wp-json\/wp\/v2\/categories?post=267937"},{"taxonomy":"post_tag","embeddable":true,"href":"https:\/\/www.fiscalia.gov.co\/colombia\/wp-json\/wp\/v2\/tags?post=267937"}],"curies":[{"name":"wp","href":"https:\/\/api.w.org\/{rel}","templated":true}]}}