{"id":267838,"date":"2023-03-08T17:04:50","date_gmt":"2023-03-08T22:04:50","guid":{"rendered":"https:\/\/www.fiscalia.gov.co\/colombia\/?p=267838"},"modified":"2023-03-08T17:36:55","modified_gmt":"2023-03-08T22:36:55","slug":"mas-de-190-mujeres-indigenas-participaron-de-la-ruta-de-la-mujer-con-enfoque-etnico-que-llego-hasta-el-cabildo-de-huertas-chicas","status":"publish","type":"post","link":"https:\/\/www.fiscalia.gov.co\/colombia\/noticias\/mas-de-190-mujeres-indigenas-participaron-de-la-ruta-de-la-mujer-con-enfoque-etnico-que-llego-hasta-el-cabildo-de-huertas-chicas\/","title":{"rendered":"M\u00e1s de 190 mujeres ind\u00edgenas participaron de la \u2018Ruta de la mujer con enfoque \u00e9tnico\u2019 que lleg\u00f3 hasta el cabildo de \u2018Huertas Chicas\u2019"},"content":{"rendered":"<h4 style=\"font-weight: 400;\"><strong><em>Con talleres de prevenci\u00f3n relacionados a las conductas delictivas que afectan a mujeres y ni\u00f1as, la Fiscal\u00eda conmemor\u00f3 el \u2018D\u00eda de la Mujer\u2019 con la presencia de cerca de 22 cabildos ind\u00edgenas.<\/em><\/strong><\/h4>\n<p style=\"font-weight: 400;\">La Direcci\u00f3n Seccional Sucre, por medio de su programa de prevenci\u00f3n social del delito \u2018Futuro Colombia\u2019 llev\u00f3 a cabo la conmemoraci\u00f3n del \u2018D\u00eda Internacional de la Mujer\u2019 con la Etnia Zenu en el municipio de Sampu\u00e9s (Sucre), en el cabildo ind\u00edgena de \u2018Huertas Chicas\u2019 con la presencia de los 22 cabildos que componen este resguardo.<\/p>\n<figure id=\"attachment_267839\" aria-describedby=\"caption-attachment-267839\" style=\"width: 300px\" class=\"wp-caption aligncenter\"><img loading=\"lazy\" decoding=\"async\" class=\"size-medium wp-image-267839\" src=\"https:\/\/www.fiscalia.gov.co\/colombia\/wp-content\/uploads\/WhatsApp-Image-2023-03-08-at-4.44.53-PM-300x225.jpeg\" alt=\"Los 22 cabildos que componen el resguardo ind\u00edgena de \u2018Huertas Chicas\u2019 participaron en la jornada.\" width=\"300\" height=\"225\" srcset=\"https:\/\/www.fiscalia.gov.co\/colombia\/wp-content\/uploads\/WhatsApp-Image-2023-03-08-at-4.44.53-PM-300x225.jpeg 300w, https:\/\/www.fiscalia.gov.co\/colombia\/wp-content\/uploads\/WhatsApp-Image-2023-03-08-at-4.44.53-PM-1024x768.jpeg 1024w, https:\/\/www.fiscalia.gov.co\/colombia\/wp-content\/uploads\/WhatsApp-Image-2023-03-08-at-4.44.53-PM-768x576.jpeg 768w, https:\/\/www.fiscalia.gov.co\/colombia\/wp-content\/uploads\/WhatsApp-Image-2023-03-08-at-4.44.53-PM-696x522.jpeg 696w, https:\/\/www.fiscalia.gov.co\/colombia\/wp-content\/uploads\/WhatsApp-Image-2023-03-08-at-4.44.53-PM-1068x801.jpeg 1068w, https:\/\/www.fiscalia.gov.co\/colombia\/wp-content\/uploads\/WhatsApp-Image-2023-03-08-at-4.44.53-PM-560x420.jpeg 560w, https:\/\/www.fiscalia.gov.co\/colombia\/wp-content\/uploads\/WhatsApp-Image-2023-03-08-at-4.44.53-PM-80x60.jpeg 80w, https:\/\/www.fiscalia.gov.co\/colombia\/wp-content\/uploads\/WhatsApp-Image-2023-03-08-at-4.44.53-PM-265x198.jpeg 265w, https:\/\/www.fiscalia.gov.co\/colombia\/wp-content\/uploads\/WhatsApp-Image-2023-03-08-at-4.44.53-PM.jpeg 1280w\" sizes=\"auto, (max-width: 300px) 100vw, 300px\" \/><figcaption id=\"caption-attachment-267839\" class=\"wp-caption-text\">Los 22 cabildos que componen el resguardo ind\u00edgena de \u2018Huertas Chicas\u2019 participaron en la jornada.<\/figcaption><\/figure>\n<p style=\"font-weight: 400;\">La jornada se desarroll\u00f3 en el marco de la \u2018Ruta de la Mujer con Enfoque \u00c9tnico\u2019 y cont\u00f3 con la participaci\u00f3n de m\u00e1s de 190 mujeres, quienes recibieron talleres de prevenci\u00f3n relacionados a las conductas delictivas que afectan a mujeres y ni\u00f1as.<\/p>\n<p style=\"font-weight: 400;\">A su vez, se logr\u00f3 afianzar los factores protectores frente a \u00e9stas, socializando las redes, rutas, canales y l\u00edneas de atenci\u00f3n y denuncias, actividades recreativas y culturales y reafirmando la cultura de justicia y de la defensa de los derechos de las mujeres en sus territorios.<\/p>\n<figure id=\"attachment_267850\" aria-describedby=\"caption-attachment-267850\" style=\"width: 225px\" class=\"wp-caption aligncenter\"><img loading=\"lazy\" decoding=\"async\" class=\"size-medium wp-image-267850\" src=\"https:\/\/www.fiscalia.gov.co\/colombia\/wp-content\/uploads\/WhatsApp-Image-2023-03-08-at-4.44.54-PM-225x300.jpeg\" alt=\"Los 22 cabildos que componen el resguardo ind\u00edgena de \u2018Huertas Chicas\u2019 participaron en la jornada.\" width=\"225\" height=\"300\" srcset=\"https:\/\/www.fiscalia.gov.co\/colombia\/wp-content\/uploads\/WhatsApp-Image-2023-03-08-at-4.44.54-PM-225x300.jpeg 225w, https:\/\/www.fiscalia.gov.co\/colombia\/wp-content\/uploads\/WhatsApp-Image-2023-03-08-at-4.44.54-PM-768x1024.jpeg 768w, https:\/\/www.fiscalia.gov.co\/colombia\/wp-content\/uploads\/WhatsApp-Image-2023-03-08-at-4.44.54-PM-1152x1536.jpeg 1152w, https:\/\/www.fiscalia.gov.co\/colombia\/wp-content\/uploads\/WhatsApp-Image-2023-03-08-at-4.44.54-PM-696x928.jpeg 696w, https:\/\/www.fiscalia.gov.co\/colombia\/wp-content\/uploads\/WhatsApp-Image-2023-03-08-at-4.44.54-PM-1068x1424.jpeg 1068w, https:\/\/www.fiscalia.gov.co\/colombia\/wp-content\/uploads\/WhatsApp-Image-2023-03-08-at-4.44.54-PM-315x420.jpeg 315w, https:\/\/www.fiscalia.gov.co\/colombia\/wp-content\/uploads\/WhatsApp-Image-2023-03-08-at-4.44.54-PM.jpeg 1200w\" sizes=\"auto, (max-width: 225px) 100vw, 225px\" \/><figcaption id=\"caption-attachment-267850\" class=\"wp-caption-text\">Los 22 cabildos que componen el resguardo ind\u00edgena de \u2018Huertas Chicas\u2019 participaron en la jornada.<\/figcaption><\/figure>\n<p style=\"font-weight: 400;\">As\u00ed, la Fiscal\u00eda General de la Naci\u00f3n contin\u00faa generando lazos seguros con nuestros ind\u00edgenas en todos los territorios.<\/p>\n<p><strong>La Fiscal\u00eda habla con resultados.<\/strong><\/p>\n<p>&nbsp;<\/p>\n<p>&nbsp;<\/p>\n<p style=\"font-weight: 400;\">VHGB\/RH\/MJS\/FSJ\/DSS<\/p>\n<p>&nbsp;<\/p>\n<p>&nbsp;<\/p>\n<p style=\"font-weight: 400;\"><strong>Le puede interesar:<\/strong><\/p>\n<p style=\"font-weight: 400;\"><a href=\"https:\/\/www.fiscalia.gov.co\/colombia\/noticias\/con-exito-se-realizo-la-ruta-de-la-mujer-campesina-en-san-gil-y-socorro\/\" data-saferedirecturl=\"https:\/\/www.google.com\/url?q=https:\/\/www.fiscalia.gov.co\/colombia\/noticias\/con-exito-se-realizo-la-ruta-de-la-mujer-campesina-en-san-gil-y-socorro\/&amp;source=gmail&amp;ust=1678398542623000&amp;usg=AOvVaw3lssa-h6WEXuOF4k0IwIri\">Con \u00e9xito se realiz\u00f3 la Ruta de la Mujer Campesina en San Gil y Socorro<\/a><\/p>\n<p><a href=\"https:\/\/www.fiscalia.gov.co\/colombia\/noticias\/la-mujer-cafetera-priorizada-en-la-ruta-de-esclarecimiento-itinerante-de-la-fiscalia-general-de-la-nacion\/\" data-saferedirecturl=\"https:\/\/www.google.com\/url?q=https:\/\/www.fiscalia.gov.co\/colombia\/noticias\/la-mujer-cafetera-priorizada-en-la-ruta-de-esclarecimiento-itinerante-de-la-fiscalia-general-de-la-nacion\/&amp;source=gmail&amp;ust=1678398542623000&amp;usg=AOvVaw09J2jjim94Is6XYTXB_DJh\">La Mujer Cafetera priorizada en la ruta de esclarecimiento itinerante de la Fiscal\u00eda General de la Naci\u00f3n<\/a><\/p>\n<p>&nbsp;<\/p>\n<p style=\"font-weight: 400;\"><strong>\u00a0<\/strong><\/p>\n<p style=\"font-weight: 400;\"><em>La informaci\u00f3n contenida en este bolet\u00edn de prensa corresponde a la narraci\u00f3n de los hechos noticiosos objetivos, suministrados por los funcionarios encargados de adelantar las investigaciones penales al interior de la Fiscal\u00eda General de la Naci\u00f3n. Para el momento de la divulgaci\u00f3n de este comunicado, la situaci\u00f3n jur\u00eddica de la(s) persona(s) relacionada(s) se encuentra pendiente de resolver por la autoridad judicial competente, siempre bajo los preceptos de la presunci\u00f3n de inocencia, consagrados en el art\u00edculo 29 de la Constituci\u00f3n Pol\u00edtica y el art\u00edculo 7\u00ba de la Ley 906 de 2004.<\/em><\/p>\n\n<div class=\"twitter-share\"><a href=\"https:\/\/twitter.com\/intent\/tweet?via=fiscaliacol\" class=\"twitter-share-button\">Tweet<\/a><\/div>\n","protected":false},"excerpt":{"rendered":"<p>Con talleres de prevenci\u00f3n relacionados a las conductas delictivas que afectan a mujeres y ni\u00f1as, la Fiscal\u00eda conmemor\u00f3 el \u2018D\u00eda de la Mujer\u2019 con la presencia de cerca de 22 cabildos ind\u00edgenas. La Direcci\u00f3n Seccional Sucre, por medio de su programa de prevenci\u00f3n social del delito \u2018Futuro Colombia\u2019 llev\u00f3 a cabo la conmemoraci\u00f3n del \u2018D\u00eda [&hellip;]<\/p>\n","protected":false},"author":178,"featured_media":0,"comment_status":"closed","ping_status":"open","sticky":false,"template":"","format":"standard","meta":{"_price":"","_stock":"","_tribe_ticket_header":"","_tribe_default_ticket_provider":"","_tribe_ticket_capacity":"0","_ticket_start_date":"","_ticket_end_date":"","_tribe_ticket_show_description":"","_tribe_ticket_show_not_going":false,"_tribe_ticket_use_global_stock":"","_tribe_ticket_global_stock_level":"","_global_stock_mode":"","_global_stock_cap":"","_tribe_rsvp_for_event":"","_tribe_ticket_going_count":"","_tribe_ticket_not_going_count":"","_tribe_tickets_list":"[]","_tribe_ticket_has_attendee_info_fields":false,"tdm_status":"","tdm_grid_status":"","footnotes":""},"categories":[1,12641,303],"tags":[34151,24187,1047,4011,5507,7592,34150,28510,29313,2437,12979],"class_list":{"0":"post-267838","1":"post","2":"type-post","3":"status-publish","4":"format-standard","6":"category-noticias","7":"category-seccional-sucre","8":"category-seccionales","9":"tag-enfoque-etnico","10":"tag-fiscalia-colombia","11":"tag-fiscalia-general-de-la-nacion","12":"tag-futuro-colombia","13":"tag-mujeres","14":"tag-prevencion","15":"tag-ruta-de-la-mujer","16":"tag-sampues","17":"tag-sincelejo-sucre","18":"tag-sucre","19":"tag-talleres"},"yoast_head":"<!-- This site is optimized with the Yoast SEO plugin v24.3 - https:\/\/yoast.com\/wordpress\/plugins\/seo\/ -->\n<title>Fiscal\u00eda General de la Naci\u00f3n<\/title>\n<meta name=\"description\" content=\"P\u00e1gina oficial de la Fiscal\u00eda General de la Naci\u00f3n \u2013 Colombia. Garantizamos el acceso efectivo a la justicia, la verdad y la reparaci\u00f3n de las v\u00edctimas de los delitos.\" \/>\n<meta name=\"robots\" content=\"noindex, follow\" \/>\n<meta property=\"og:locale\" content=\"es_ES\" \/>\n<meta property=\"og:type\" content=\"article\" \/>\n<meta property=\"og:title\" content=\"Fiscal\u00eda General de la Naci\u00f3n\" \/>\n<meta property=\"og:description\" content=\"P\u00e1gina oficial de la Fiscal\u00eda General de la Naci\u00f3n \u2013 Colombia. Garantizamos el acceso efectivo a la justicia, la verdad y la reparaci\u00f3n de las v\u00edctimas de los delitos.\" \/>\n<meta property=\"og:url\" content=\"https:\/\/www.fiscalia.gov.co\/colombia\/noticias\/mas-de-190-mujeres-indigenas-participaron-de-la-ruta-de-la-mujer-con-enfoque-etnico-que-llego-hasta-el-cabildo-de-huertas-chicas\/\" \/>\n<meta property=\"og:site_name\" content=\"Fiscal\u00eda General de la Naci\u00f3n\" \/>\n<meta property=\"article:publisher\" content=\"https:\/\/www.facebook.com\/FiscaliaCol\" \/>\n<meta property=\"article:published_time\" content=\"2023-03-08T22:04:50+00:00\" \/>\n<meta property=\"article:modified_time\" content=\"2023-03-08T22:36:55+00:00\" \/>\n<meta property=\"og:image\" content=\"https:\/\/www.fiscalia.gov.co\/colombia\/wp-content\/uploads\/WhatsApp-Image-2023-03-08-at-4.44.53-PM-300x225.jpeg\" \/>\n<meta name=\"author\" content=\"Winnie Geraldine Rodr\u00edguez Navarrete\" \/>\n<meta name=\"twitter:card\" content=\"summary_large_image\" \/>\n<meta name=\"twitter:creator\" content=\"@FiscaliaCol\" \/>\n<meta name=\"twitter:site\" content=\"@FiscaliaCol\" \/>\n<meta name=\"twitter:label1\" content=\"Escrito por\" \/>\n\t<meta name=\"twitter:data1\" content=\"Winnie Geraldine Rodr\u00edguez Navarrete\" \/>\n\t<meta name=\"twitter:label2\" content=\"Tiempo de lectura\" \/>\n\t<meta name=\"twitter:data2\" content=\"2 minutos\" \/>\n<script type=\"application\/ld+json\" class=\"yoast-schema-graph\">{\"@context\":\"https:\/\/schema.org\",\"@graph\":[{\"@type\":\"Article\",\"@id\":\"https:\/\/www.fiscalia.gov.co\/colombia\/noticias\/mas-de-190-mujeres-indigenas-participaron-de-la-ruta-de-la-mujer-con-enfoque-etnico-que-llego-hasta-el-cabildo-de-huertas-chicas\/#article\",\"isPartOf\":{\"@id\":\"https:\/\/www.fiscalia.gov.co\/colombia\/noticias\/mas-de-190-mujeres-indigenas-participaron-de-la-ruta-de-la-mujer-con-enfoque-etnico-que-llego-hasta-el-cabildo-de-huertas-chicas\/\"},\"author\":{\"name\":\"Winnie Geraldine Rodr\u00edguez Navarrete\",\"@id\":\"https:\/\/www.fiscalia.gov.co\/colombia\/#\/schema\/person\/176195b99ebab0a52aafa15197e1bf80\"},\"headline\":\"M\u00e1s de 190 mujeres ind\u00edgenas participaron de la \u2018Ruta de la mujer con enfoque \u00e9tnico\u2019 que lleg\u00f3 hasta el cabildo de \u2018Huertas Chicas\u2019\",\"datePublished\":\"2023-03-08T22:04:50+00:00\",\"dateModified\":\"2023-03-08T22:36:55+00:00\",\"mainEntityOfPage\":{\"@id\":\"https:\/\/www.fiscalia.gov.co\/colombia\/noticias\/mas-de-190-mujeres-indigenas-participaron-de-la-ruta-de-la-mujer-con-enfoque-etnico-que-llego-hasta-el-cabildo-de-huertas-chicas\/\"},\"wordCount\":434,\"publisher\":{\"@id\":\"https:\/\/www.fiscalia.gov.co\/colombia\/#organization\"},\"image\":{\"@id\":\"https:\/\/www.fiscalia.gov.co\/colombia\/noticias\/mas-de-190-mujeres-indigenas-participaron-de-la-ruta-de-la-mujer-con-enfoque-etnico-que-llego-hasta-el-cabildo-de-huertas-chicas\/#primaryimage\"},\"thumbnailUrl\":\"https:\/\/www.fiscalia.gov.co\/colombia\/wp-content\/uploads\/WhatsApp-Image-2023-03-08-at-4.44.53-PM-300x225.jpeg\",\"keywords\":[\"Enfoque \u00e9tnico\",\"Fiscal\u00eda Colombia\",\"Fiscal\u00eda General de la Naci\u00f3n\",\"Futuro Colombia\",\"Mujeres\",\"Prevenci\u00f3n\",\"Ruta de la Mujer\",\"Sampu\u00e9s\",\"Sincelejo (Sucre)\",\"Sucre\",\"talleres\"],\"articleSection\":[\"Noticias\",\"Seccional Sucre\",\"Seccionales\"],\"inLanguage\":\"es-CO\"},{\"@type\":\"WebPage\",\"@id\":\"https:\/\/www.fiscalia.gov.co\/colombia\/noticias\/mas-de-190-mujeres-indigenas-participaron-de-la-ruta-de-la-mujer-con-enfoque-etnico-que-llego-hasta-el-cabildo-de-huertas-chicas\/\",\"url\":\"https:\/\/www.fiscalia.gov.co\/colombia\/noticias\/mas-de-190-mujeres-indigenas-participaron-de-la-ruta-de-la-mujer-con-enfoque-etnico-que-llego-hasta-el-cabildo-de-huertas-chicas\/\",\"name\":\"Fiscal\u00eda General de la Naci\u00f3n\",\"isPartOf\":{\"@id\":\"https:\/\/www.fiscalia.gov.co\/colombia\/#website\"},\"primaryImageOfPage\":{\"@id\":\"https:\/\/www.fiscalia.gov.co\/colombia\/noticias\/mas-de-190-mujeres-indigenas-participaron-de-la-ruta-de-la-mujer-con-enfoque-etnico-que-llego-hasta-el-cabildo-de-huertas-chicas\/#primaryimage\"},\"image\":{\"@id\":\"https:\/\/www.fiscalia.gov.co\/colombia\/noticias\/mas-de-190-mujeres-indigenas-participaron-de-la-ruta-de-la-mujer-con-enfoque-etnico-que-llego-hasta-el-cabildo-de-huertas-chicas\/#primaryimage\"},\"thumbnailUrl\":\"https:\/\/www.fiscalia.gov.co\/colombia\/wp-content\/uploads\/WhatsApp-Image-2023-03-08-at-4.44.53-PM-300x225.jpeg\",\"datePublished\":\"2023-03-08T22:04:50+00:00\",\"dateModified\":\"2023-03-08T22:36:55+00:00\",\"description\":\"P\u00e1gina oficial de la Fiscal\u00eda General de la Naci\u00f3n \u2013 Colombia. Garantizamos el acceso efectivo a la justicia, la verdad y la reparaci\u00f3n de las v\u00edctimas de los delitos.\",\"breadcrumb\":{\"@id\":\"https:\/\/www.fiscalia.gov.co\/colombia\/noticias\/mas-de-190-mujeres-indigenas-participaron-de-la-ruta-de-la-mujer-con-enfoque-etnico-que-llego-hasta-el-cabildo-de-huertas-chicas\/#breadcrumb\"},\"inLanguage\":\"es-CO\",\"potentialAction\":[{\"@type\":\"ReadAction\",\"target\":[\"https:\/\/www.fiscalia.gov.co\/colombia\/noticias\/mas-de-190-mujeres-indigenas-participaron-de-la-ruta-de-la-mujer-con-enfoque-etnico-que-llego-hasta-el-cabildo-de-huertas-chicas\/\"]}]},{\"@type\":\"ImageObject\",\"inLanguage\":\"es-CO\",\"@id\":\"https:\/\/www.fiscalia.gov.co\/colombia\/noticias\/mas-de-190-mujeres-indigenas-participaron-de-la-ruta-de-la-mujer-con-enfoque-etnico-que-llego-hasta-el-cabildo-de-huertas-chicas\/#primaryimage\",\"url\":\"https:\/\/www.fiscalia.gov.co\/colombia\/wp-content\/uploads\/WhatsApp-Image-2023-03-08-at-4.44.53-PM-300x225.jpeg\",\"contentUrl\":\"https:\/\/www.fiscalia.gov.co\/colombia\/wp-content\/uploads\/WhatsApp-Image-2023-03-08-at-4.44.53-PM-300x225.jpeg\"},{\"@type\":\"BreadcrumbList\",\"@id\":\"https:\/\/www.fiscalia.gov.co\/colombia\/noticias\/mas-de-190-mujeres-indigenas-participaron-de-la-ruta-de-la-mujer-con-enfoque-etnico-que-llego-hasta-el-cabildo-de-huertas-chicas\/#breadcrumb\",\"itemListElement\":[{\"@type\":\"ListItem\",\"position\":1,\"name\":\"Home\",\"item\":\"https:\/\/www.fiscalia.gov.co\/colombia\/\"},{\"@type\":\"ListItem\",\"position\":2,\"name\":\"M\u00e1s de 190 mujeres ind\u00edgenas participaron de la \u2018Ruta de la mujer con enfoque \u00e9tnico\u2019 que lleg\u00f3 hasta el cabildo de \u2018Huertas Chicas\u2019\"}]},{\"@type\":\"WebSite\",\"@id\":\"https:\/\/www.fiscalia.gov.co\/colombia\/#website\",\"url\":\"https:\/\/www.fiscalia.gov.co\/colombia\/\",\"name\":\"Fiscal\u00eda General de la Naci\u00f3n\",\"description\":\"P\u00e1gina oficial de la Fiscal\u00eda General de la Naci\u00f3n \u2013 Colombia. Garantizamos el acceso efectivo a la justicia, la verdad y la reparaci\u00f3n de las v\u00edctimas de los delitos.\",\"publisher\":{\"@id\":\"https:\/\/www.fiscalia.gov.co\/colombia\/#organization\"},\"potentialAction\":[{\"@type\":\"SearchAction\",\"target\":{\"@type\":\"EntryPoint\",\"urlTemplate\":\"https:\/\/www.fiscalia.gov.co\/colombia\/?s={search_term_string}\"},\"query-input\":{\"@type\":\"PropertyValueSpecification\",\"valueRequired\":true,\"valueName\":\"search_term_string\"}}],\"inLanguage\":\"es-CO\"},{\"@type\":\"Organization\",\"@id\":\"https:\/\/www.fiscalia.gov.co\/colombia\/#organization\",\"name\":\"Fiscal\u00eda General de la Naci\u00f3n\",\"url\":\"https:\/\/www.fiscalia.gov.co\/colombia\/\",\"logo\":{\"@type\":\"ImageObject\",\"inLanguage\":\"es-CO\",\"@id\":\"https:\/\/www.fiscalia.gov.co\/colombia\/#\/schema\/logo\/image\/\",\"url\":\"https:\/\/www.fiscalia.gov.co\/colombia\/wp-content\/uploads\/LogoHorizontal_1.jpg\",\"contentUrl\":\"https:\/\/www.fiscalia.gov.co\/colombia\/wp-content\/uploads\/LogoHorizontal_1.jpg\",\"width\":300,\"height\":90,\"caption\":\"Fiscal\u00eda General de la Naci\u00f3n\"},\"image\":{\"@id\":\"https:\/\/www.fiscalia.gov.co\/colombia\/#\/schema\/logo\/image\/\"},\"sameAs\":[\"https:\/\/www.facebook.com\/FiscaliaCol\",\"https:\/\/x.com\/FiscaliaCol\",\"https:\/\/www.instagram.com\/fiscaliacol\",\"https:\/\/www.linkedin.com\/company\/fiscalia-general-de-la-naci-n\/\",\"https:\/\/youtube.com\/@fiscaliageneraldelanacion-4668?si=6nN79nyQICPU5iTh\"]},{\"@type\":\"Person\",\"@id\":\"https:\/\/www.fiscalia.gov.co\/colombia\/#\/schema\/person\/176195b99ebab0a52aafa15197e1bf80\",\"name\":\"Winnie Geraldine Rodr\u00edguez Navarrete\",\"image\":{\"@type\":\"ImageObject\",\"inLanguage\":\"es-CO\",\"@id\":\"https:\/\/www.fiscalia.gov.co\/colombia\/#\/schema\/person\/image\/\",\"url\":\"https:\/\/secure.gravatar.com\/avatar\/c24cf8481dc84fa5e8c7b20bc95ab0c6?s=96&d=mm&r=g\",\"contentUrl\":\"https:\/\/secure.gravatar.com\/avatar\/c24cf8481dc84fa5e8c7b20bc95ab0c6?s=96&d=mm&r=g\",\"caption\":\"Winnie Geraldine Rodr\u00edguez Navarrete\"},\"url\":\"https:\/\/www.fiscalia.gov.co\/colombia\/author\/winnierodriguez\/\"}]}<\/script>\n<!-- \/ Yoast SEO plugin. -->","yoast_head_json":{"title":"Fiscal\u00eda General de la Naci\u00f3n","description":"P\u00e1gina oficial de la Fiscal\u00eda General de la Naci\u00f3n \u2013 Colombia. Garantizamos el acceso efectivo a la justicia, la verdad y la reparaci\u00f3n de las v\u00edctimas de los delitos.","robots":{"index":"noindex","follow":"follow"},"og_locale":"es_ES","og_type":"article","og_title":"Fiscal\u00eda General de la Naci\u00f3n","og_description":"P\u00e1gina oficial de la Fiscal\u00eda General de la Naci\u00f3n \u2013 Colombia. Garantizamos el acceso efectivo a la justicia, la verdad y la reparaci\u00f3n de las v\u00edctimas de los delitos.","og_url":"https:\/\/www.fiscalia.gov.co\/colombia\/noticias\/mas-de-190-mujeres-indigenas-participaron-de-la-ruta-de-la-mujer-con-enfoque-etnico-que-llego-hasta-el-cabildo-de-huertas-chicas\/","og_site_name":"Fiscal\u00eda General de la Naci\u00f3n","article_publisher":"https:\/\/www.facebook.com\/FiscaliaCol","article_published_time":"2023-03-08T22:04:50+00:00","article_modified_time":"2023-03-08T22:36:55+00:00","og_image":[{"url":"https:\/\/www.fiscalia.gov.co\/colombia\/wp-content\/uploads\/WhatsApp-Image-2023-03-08-at-4.44.53-PM-300x225.jpeg","type":"","width":"","height":""}],"author":"Winnie Geraldine Rodr\u00edguez Navarrete","twitter_card":"summary_large_image","twitter_creator":"@FiscaliaCol","twitter_site":"@FiscaliaCol","twitter_misc":{"Escrito por":"Winnie Geraldine Rodr\u00edguez Navarrete","Tiempo de lectura":"2 minutos"},"schema":{"@context":"https:\/\/schema.org","@graph":[{"@type":"Article","@id":"https:\/\/www.fiscalia.gov.co\/colombia\/noticias\/mas-de-190-mujeres-indigenas-participaron-de-la-ruta-de-la-mujer-con-enfoque-etnico-que-llego-hasta-el-cabildo-de-huertas-chicas\/#article","isPartOf":{"@id":"https:\/\/www.fiscalia.gov.co\/colombia\/noticias\/mas-de-190-mujeres-indigenas-participaron-de-la-ruta-de-la-mujer-con-enfoque-etnico-que-llego-hasta-el-cabildo-de-huertas-chicas\/"},"author":{"name":"Winnie Geraldine Rodr\u00edguez Navarrete","@id":"https:\/\/www.fiscalia.gov.co\/colombia\/#\/schema\/person\/176195b99ebab0a52aafa15197e1bf80"},"headline":"M\u00e1s de 190 mujeres ind\u00edgenas participaron de la \u2018Ruta de la mujer con enfoque \u00e9tnico\u2019 que lleg\u00f3 hasta el cabildo de \u2018Huertas Chicas\u2019","datePublished":"2023-03-08T22:04:50+00:00","dateModified":"2023-03-08T22:36:55+00:00","mainEntityOfPage":{"@id":"https:\/\/www.fiscalia.gov.co\/colombia\/noticias\/mas-de-190-mujeres-indigenas-participaron-de-la-ruta-de-la-mujer-con-enfoque-etnico-que-llego-hasta-el-cabildo-de-huertas-chicas\/"},"wordCount":434,"publisher":{"@id":"https:\/\/www.fiscalia.gov.co\/colombia\/#organization"},"image":{"@id":"https:\/\/www.fiscalia.gov.co\/colombia\/noticias\/mas-de-190-mujeres-indigenas-participaron-de-la-ruta-de-la-mujer-con-enfoque-etnico-que-llego-hasta-el-cabildo-de-huertas-chicas\/#primaryimage"},"thumbnailUrl":"https:\/\/www.fiscalia.gov.co\/colombia\/wp-content\/uploads\/WhatsApp-Image-2023-03-08-at-4.44.53-PM-300x225.jpeg","keywords":["Enfoque \u00e9tnico","Fiscal\u00eda Colombia","Fiscal\u00eda General de la Naci\u00f3n","Futuro Colombia","Mujeres","Prevenci\u00f3n","Ruta de la Mujer","Sampu\u00e9s","Sincelejo (Sucre)","Sucre","talleres"],"articleSection":["Noticias","Seccional Sucre","Seccionales"],"inLanguage":"es-CO"},{"@type":"WebPage","@id":"https:\/\/www.fiscalia.gov.co\/colombia\/noticias\/mas-de-190-mujeres-indigenas-participaron-de-la-ruta-de-la-mujer-con-enfoque-etnico-que-llego-hasta-el-cabildo-de-huertas-chicas\/","url":"https:\/\/www.fiscalia.gov.co\/colombia\/noticias\/mas-de-190-mujeres-indigenas-participaron-de-la-ruta-de-la-mujer-con-enfoque-etnico-que-llego-hasta-el-cabildo-de-huertas-chicas\/","name":"Fiscal\u00eda General de la Naci\u00f3n","isPartOf":{"@id":"https:\/\/www.fiscalia.gov.co\/colombia\/#website"},"primaryImageOfPage":{"@id":"https:\/\/www.fiscalia.gov.co\/colombia\/noticias\/mas-de-190-mujeres-indigenas-participaron-de-la-ruta-de-la-mujer-con-enfoque-etnico-que-llego-hasta-el-cabildo-de-huertas-chicas\/#primaryimage"},"image":{"@id":"https:\/\/www.fiscalia.gov.co\/colombia\/noticias\/mas-de-190-mujeres-indigenas-participaron-de-la-ruta-de-la-mujer-con-enfoque-etnico-que-llego-hasta-el-cabildo-de-huertas-chicas\/#primaryimage"},"thumbnailUrl":"https:\/\/www.fiscalia.gov.co\/colombia\/wp-content\/uploads\/WhatsApp-Image-2023-03-08-at-4.44.53-PM-300x225.jpeg","datePublished":"2023-03-08T22:04:50+00:00","dateModified":"2023-03-08T22:36:55+00:00","description":"P\u00e1gina oficial de la Fiscal\u00eda General de la Naci\u00f3n \u2013 Colombia. Garantizamos el acceso efectivo a la justicia, la verdad y la reparaci\u00f3n de las v\u00edctimas de los delitos.","breadcrumb":{"@id":"https:\/\/www.fiscalia.gov.co\/colombia\/noticias\/mas-de-190-mujeres-indigenas-participaron-de-la-ruta-de-la-mujer-con-enfoque-etnico-que-llego-hasta-el-cabildo-de-huertas-chicas\/#breadcrumb"},"inLanguage":"es-CO","potentialAction":[{"@type":"ReadAction","target":["https:\/\/www.fiscalia.gov.co\/colombia\/noticias\/mas-de-190-mujeres-indigenas-participaron-de-la-ruta-de-la-mujer-con-enfoque-etnico-que-llego-hasta-el-cabildo-de-huertas-chicas\/"]}]},{"@type":"ImageObject","inLanguage":"es-CO","@id":"https:\/\/www.fiscalia.gov.co\/colombia\/noticias\/mas-de-190-mujeres-indigenas-participaron-de-la-ruta-de-la-mujer-con-enfoque-etnico-que-llego-hasta-el-cabildo-de-huertas-chicas\/#primaryimage","url":"https:\/\/www.fiscalia.gov.co\/colombia\/wp-content\/uploads\/WhatsApp-Image-2023-03-08-at-4.44.53-PM-300x225.jpeg","contentUrl":"https:\/\/www.fiscalia.gov.co\/colombia\/wp-content\/uploads\/WhatsApp-Image-2023-03-08-at-4.44.53-PM-300x225.jpeg"},{"@type":"BreadcrumbList","@id":"https:\/\/www.fiscalia.gov.co\/colombia\/noticias\/mas-de-190-mujeres-indigenas-participaron-de-la-ruta-de-la-mujer-con-enfoque-etnico-que-llego-hasta-el-cabildo-de-huertas-chicas\/#breadcrumb","itemListElement":[{"@type":"ListItem","position":1,"name":"Home","item":"https:\/\/www.fiscalia.gov.co\/colombia\/"},{"@type":"ListItem","position":2,"name":"M\u00e1s de 190 mujeres ind\u00edgenas participaron de la \u2018Ruta de la mujer con enfoque \u00e9tnico\u2019 que lleg\u00f3 hasta el cabildo de \u2018Huertas Chicas\u2019"}]},{"@type":"WebSite","@id":"https:\/\/www.fiscalia.gov.co\/colombia\/#website","url":"https:\/\/www.fiscalia.gov.co\/colombia\/","name":"Fiscal\u00eda General de la Naci\u00f3n","description":"P\u00e1gina oficial de la Fiscal\u00eda General de la Naci\u00f3n \u2013 Colombia. Garantizamos el acceso efectivo a la justicia, la verdad y la reparaci\u00f3n de las v\u00edctimas de los delitos.","publisher":{"@id":"https:\/\/www.fiscalia.gov.co\/colombia\/#organization"},"potentialAction":[{"@type":"SearchAction","target":{"@type":"EntryPoint","urlTemplate":"https:\/\/www.fiscalia.gov.co\/colombia\/?s={search_term_string}"},"query-input":{"@type":"PropertyValueSpecification","valueRequired":true,"valueName":"search_term_string"}}],"inLanguage":"es-CO"},{"@type":"Organization","@id":"https:\/\/www.fiscalia.gov.co\/colombia\/#organization","name":"Fiscal\u00eda General de la Naci\u00f3n","url":"https:\/\/www.fiscalia.gov.co\/colombia\/","logo":{"@type":"ImageObject","inLanguage":"es-CO","@id":"https:\/\/www.fiscalia.gov.co\/colombia\/#\/schema\/logo\/image\/","url":"https:\/\/www.fiscalia.gov.co\/colombia\/wp-content\/uploads\/LogoHorizontal_1.jpg","contentUrl":"https:\/\/www.fiscalia.gov.co\/colombia\/wp-content\/uploads\/LogoHorizontal_1.jpg","width":300,"height":90,"caption":"Fiscal\u00eda General de la Naci\u00f3n"},"image":{"@id":"https:\/\/www.fiscalia.gov.co\/colombia\/#\/schema\/logo\/image\/"},"sameAs":["https:\/\/www.facebook.com\/FiscaliaCol","https:\/\/x.com\/FiscaliaCol","https:\/\/www.instagram.com\/fiscaliacol","https:\/\/www.linkedin.com\/company\/fiscalia-general-de-la-naci-n\/","https:\/\/youtube.com\/@fiscaliageneraldelanacion-4668?si=6nN79nyQICPU5iTh"]},{"@type":"Person","@id":"https:\/\/www.fiscalia.gov.co\/colombia\/#\/schema\/person\/176195b99ebab0a52aafa15197e1bf80","name":"Winnie Geraldine Rodr\u00edguez Navarrete","image":{"@type":"ImageObject","inLanguage":"es-CO","@id":"https:\/\/www.fiscalia.gov.co\/colombia\/#\/schema\/person\/image\/","url":"https:\/\/secure.gravatar.com\/avatar\/c24cf8481dc84fa5e8c7b20bc95ab0c6?s=96&d=mm&r=g","contentUrl":"https:\/\/secure.gravatar.com\/avatar\/c24cf8481dc84fa5e8c7b20bc95ab0c6?s=96&d=mm&r=g","caption":"Winnie Geraldine Rodr\u00edguez Navarrete"},"url":"https:\/\/www.fiscalia.gov.co\/colombia\/author\/winnierodriguez\/"}]}},"_links":{"self":[{"href":"https:\/\/www.fiscalia.gov.co\/colombia\/wp-json\/wp\/v2\/posts\/267838","targetHints":{"allow":["GET"]}}],"collection":[{"href":"https:\/\/www.fiscalia.gov.co\/colombia\/wp-json\/wp\/v2\/posts"}],"about":[{"href":"https:\/\/www.fiscalia.gov.co\/colombia\/wp-json\/wp\/v2\/types\/post"}],"author":[{"embeddable":true,"href":"https:\/\/www.fiscalia.gov.co\/colombia\/wp-json\/wp\/v2\/users\/178"}],"replies":[{"embeddable":true,"href":"https:\/\/www.fiscalia.gov.co\/colombia\/wp-json\/wp\/v2\/comments?post=267838"}],"version-history":[{"count":3,"href":"https:\/\/www.fiscalia.gov.co\/colombia\/wp-json\/wp\/v2\/posts\/267838\/revisions"}],"predecessor-version":[{"id":267852,"href":"https:\/\/www.fiscalia.gov.co\/colombia\/wp-json\/wp\/v2\/posts\/267838\/revisions\/267852"}],"wp:attachment":[{"href":"https:\/\/www.fiscalia.gov.co\/colombia\/wp-json\/wp\/v2\/media?parent=267838"}],"wp:term":[{"taxonomy":"category","embeddable":true,"href":"https:\/\/www.fiscalia.gov.co\/colombia\/wp-json\/wp\/v2\/categories?post=267838"},{"taxonomy":"post_tag","embeddable":true,"href":"https:\/\/www.fiscalia.gov.co\/colombia\/wp-json\/wp\/v2\/tags?post=267838"}],"curies":[{"name":"wp","href":"https:\/\/api.w.org\/{rel}","templated":true}]}}