{"id":267829,"date":"2023-03-08T15:32:42","date_gmt":"2023-03-08T20:32:42","guid":{"rendered":"https:\/\/www.fiscalia.gov.co\/colombia\/?p=267829"},"modified":"2023-03-08T15:33:23","modified_gmt":"2023-03-08T20:33:23","slug":"asegurados-padrastro-y-un-excompanero-sentimental-que-habian-abusado-de-dos-mujeres-en-cartagena","status":"publish","type":"post","link":"https:\/\/www.fiscalia.gov.co\/colombia\/noticias\/asegurados-padrastro-y-un-excompanero-sentimental-que-habian-abusado-de-dos-mujeres-en-cartagena\/","title":{"rendered":"Asegurados padrastro y un excompa\u00f1ero sentimental que habr\u00edan abusado de dos mujeres en Cartagena"},"content":{"rendered":"<p style=\"margin: 0cm 0cm 0.0001pt; color: #000000; font-size: 12pt; font-family: 'Times New Roman', serif; background: white;\"><span style=\"font-family: Calibri, sans-serif;\">La Fiscal\u00eda General de la Naci\u00f3n logr\u00f3 que dos hombres en casos distintos fueran privados de la libertad en establecimiento carcelario porque habr\u00edan abusado sexualmente de una ni\u00f1a y una mujer, respectivamente en Cartagena (Bol\u00edvar).\u00a0<\/span><\/p>\n<p style=\"margin: 0cm 0cm 0.0001pt; color: #000000; font-size: 12pt; font-family: 'Times New Roman', serif; text-align: justify; background: white;\"><span style=\"font-family: Calibri, sans-serif;\">La primera investigaci\u00f3n involucra a un hombre de 44 a\u00f1os que, al parecer, desde el a\u00f1o 2019 y hasta el 2021, habr\u00eda abusado de la hija de su compa\u00f1era sentimental en el barrio San Isidro.<\/span><\/p>\n<p style=\"margin: 0cm 0cm 0.0001pt; color: #000000; font-size: 12pt; font-family: 'Times New Roman', serif; text-align: justify; background: white;\"><span style=\"font-family: Calibri, sans-serif;\">\u00a0<\/span><\/p>\n<p style=\"margin: 0cm 0cm 0.0001pt; color: #000000; font-size: 12pt; font-family: 'Times New Roman', serif; text-align: justify; background: white;\"><span style=\"font-family: Calibri, sans-serif;\">De acuerdo con las investigaciones, se estableci\u00f3 que los vej\u00e1menes sexuales presuntamente iniciaron cuando la menor ten\u00eda 11 a\u00f1os y se prolongaron hasta los 13, cuando ella se lo cont\u00f3 a la psic\u00f3loga de su colegio.<\/span><\/p>\n<p style=\"margin: 0cm 0cm 0.0001pt; color: #000000; font-size: 12pt; font-family: 'Times New Roman', serif; text-align: justify; background: white;\"><span style=\"font-family: Calibri, sans-serif;\">\u00a0<\/span><\/p>\n<p style=\"margin: 0cm 0cm 0.0001pt; color: #000000; font-size: 12pt; font-family: 'Times New Roman', serif; text-align: justify; background: white;\"><span style=\"font-family: Calibri, sans-serif;\">El segundo caso ocurri\u00f3 en una casa del barrio El Laguito, el 21 de julio de 2022, cuando un hombre de 37 a\u00f1os, al parecer, abus\u00f3 sexualmente de su ex pareja.<\/span><\/p>\n<p style=\"margin: 0cm 0cm 0.0001pt; color: #000000; font-size: 12pt; font-family: 'Times New Roman', serif; text-align: justify; background: white;\"><span style=\"font-family: Calibri, sans-serif;\">\u00a0<\/span><\/p>\n<p style=\"margin: 0cm 0cm 0.0001pt; color: #000000; font-size: 12pt; font-family: 'Times New Roman', serif; text-align: justify; background: white;\"><span style=\"font-family: Calibri, sans-serif;\">Labores de Polic\u00eda Judicial determinaron que ese d\u00eda, el procesado adem\u00e1s le habr\u00eda hurtado una cadena de oro, un celular y dinero en efectivo y que la mantuvo encerrada varias horas en su apartamento.<\/span><\/p>\n<p style=\"margin: 0cm 0cm 0.0001pt; color: #000000; font-size: 12pt; font-family: 'Times New Roman', serif; text-align: justify; background: white;\"><span style=\"font-family: Calibri, sans-serif;\">\u00a0<\/span><\/p>\n<p style=\"margin: 0cm 0cm 0.0001pt; color: #000000; font-size: 12pt; font-family: 'Times New Roman', serif; text-align: justify; background: white;\"><span style=\"font-family: Calibri, sans-serif;\">Durante las audiencias concentradas a los hoy investigados, la Fiscal\u00eda les imput\u00f3 de acuerdo a sus responsabilidades individuales, los delitos de acto sexual abusivo con menor de 14 a\u00f1os agravado, acceso carnal violento en concurso con secuestro simple y hurto calificado.<\/span><\/p>\n<p style=\"margin: 0cm 0cm 0.0001pt; color: #000000; font-size: 12pt; font-family: 'Times New Roman', serif; text-align: justify; background: white;\"><span style=\"font-family: Calibri, sans-serif;\">\u00a0<\/span><\/p>\n<p style=\"margin: 0cm 0cm 0.0001pt; color: #000000; font-size: 12pt; font-family: 'Times New Roman', serif; text-align: justify; background: white;\"><span style=\"font-family: Calibri, sans-serif;\">Ninguno de los presuntos involucrados acept\u00f3 los cargos y la reclusi\u00f3n de ambos se llevar\u00e1 a cabo en la c\u00e1rcel San Sebasti\u00e1n Ternera de La Heroica.<\/span><\/p>\n<p style=\"margin: 0cm 0cm 0.0001pt; color: #000000; font-size: 12pt; font-family: 'Times New Roman', serif; text-align: justify;\"><span style=\"font-family: Calibri, sans-serif;\">Esta informaci\u00f3n se publica por razones de inter\u00e9s general.<\/span><\/p>\n<p style=\"margin: 0cm 0cm 0.0001pt; color: #000000; font-size: 12pt; font-family: 'Times New Roman', serif; text-align: justify;\"><span style=\"font-family: Calibri, sans-serif;\">\u00a0<\/span><b><span style=\"font-family: Calibri, sans-serif;\">La Fiscal\u00eda habla con resultados.<\/span><\/b><\/p>\n<p>&nbsp;<\/p>\n<p>&nbsp;<\/p>\n<p>&nbsp;<\/p>\n<p>&nbsp;<\/p>\n<p style=\"margin: 0cm 0cm 0.0001pt; color: #000000; font-size: 12pt; font-family: 'Times New Roman', serif; text-align: justify;\"><span style=\"font-family: Calibri, sans-serif;\">\u00a0<\/span><\/p>\n<p style=\"margin: 0cm 0cm 0.0001pt; color: #000000; font-size: 12pt; font-family: 'Times New Roman', serif; text-align: justify;\"><span style=\"font-family: Calibri, sans-serif;\">MEVA\/MG\/ICHS\/DSB<\/span><\/p>\n<p>&nbsp;<\/p>\n<p>&nbsp;<\/p>\n<p>&nbsp;<\/p>\n<p>&nbsp;<\/p>\n<p style=\"margin: 0cm 0cm 0.0001pt; color: #000000; font-size: 12pt; font-family: 'Times New Roman', serif;\"><span style=\"font-size: 11pt; font-family: Calibri, sans-serif;\">\u00a0<\/span><\/p>\n<p style=\"margin: 0cm 0cm 0.0001pt; color: #000000; font-size: 12pt; font-family: 'Times New Roman', serif; text-align: justify; background: white;\"><em><span lang=\"ES\" style=\"font-family: Calibri, sans-serif; color: #222222; border: 1pt none windowtext; padding: 0cm; background-image: initial; background-position: initial; background-size: initial; background-repeat: initial; background-attachment: initial; background-origin: initial; background-clip: initial;\">La informaci\u00f3n contenida en este bolet\u00edn de prensa corresponde a la narraci\u00f3n de los hechos noticiosos objetivos, suministrados por los funcionarios encargados de adelantar las investigaciones penales al interior de la Fiscal\u00eda General de la Naci\u00f3n. Para el momento de la divulgaci\u00f3n de este comunicado, la situaci\u00f3n jur\u00eddica de la(s) persona(s) relacionada(s) se encuentra pendiente de resolver por la autoridad judicial competente, siempre bajo los preceptos de la presunci\u00f3n de inocencia, consagrados en el art\u00edculo 29 de la Constituci\u00f3n Pol\u00edtica y el art\u00edculo 7\u00ba de la Ley 906 de 2004.<\/span><\/em><\/p>\n<p style=\"margin: 0cm 0cm 0.0001pt; color: #000000; font-size: 12pt; font-family: 'Times New Roman', serif;\">\n\n<div class=\"twitter-share\"><a href=\"https:\/\/twitter.com\/intent\/tweet?via=fiscaliacol\" class=\"twitter-share-button\">Tweet<\/a><\/div>\n","protected":false},"excerpt":{"rendered":"<p>La Fiscal\u00eda General de la Naci\u00f3n logr\u00f3 que dos hombres en casos distintos fueran privados de la libertad en establecimiento carcelario porque habr\u00edan abusado sexualmente de una ni\u00f1a y una mujer, respectivamente en Cartagena (Bol\u00edvar).\u00a0 La primera investigaci\u00f3n involucra a un hombre de 44 a\u00f1os que, al parecer, desde el a\u00f1o 2019 y hasta el [&hellip;]<\/p>\n","protected":false},"author":178,"featured_media":0,"comment_status":"closed","ping_status":"open","sticky":false,"template":"","format":"standard","meta":{"_price":"","_stock":"","_tribe_ticket_header":"","_tribe_default_ticket_provider":"","_tribe_ticket_capacity":"0","_ticket_start_date":"","_ticket_end_date":"","_tribe_ticket_show_description":"","_tribe_ticket_show_not_going":false,"_tribe_ticket_use_global_stock":"","_tribe_ticket_global_stock_level":"","_global_stock_mode":"","_global_stock_cap":"","_tribe_rsvp_for_event":"","_tribe_ticket_going_count":"","_tribe_ticket_not_going_count":"","_tribe_tickets_list":"[]","_tribe_ticket_has_attendee_info_fields":false,"tdm_status":"","tdm_grid_status":"","footnotes":""},"categories":[1,325,303,24127],"tags":[23966,12642,23819,23998,33318,24187,1047,695,558,24237],"class_list":{"0":"post-267829","1":"post","2":"type-post","3":"status-publish","4":"format-standard","6":"category-noticias","7":"category-seccional-cartagena","8":"category-seccionales","9":"category-violencia-sexual-e-intrafamiliar","10":"tag-acceso-carnal-violento","11":"tag-actos-sexuales-con-menor-de-14-anos","12":"tag-cartagena","13":"tag-cartagena-bolivar","14":"tag-ex-companero-sentimental","15":"tag-fiscalia-colombia","16":"tag-fiscalia-general-de-la-nacion","17":"tag-padrastro","18":"tag-policia-nacional","19":"tag-prision"},"yoast_head":"<!-- This site is optimized with the Yoast SEO plugin v24.3 - https:\/\/yoast.com\/wordpress\/plugins\/seo\/ -->\n<title>Fiscal\u00eda General de la Naci\u00f3n<\/title>\n<meta name=\"description\" content=\"P\u00e1gina oficial de la Fiscal\u00eda General de la Naci\u00f3n \u2013 Colombia. Garantizamos el acceso efectivo a la justicia, la verdad y la reparaci\u00f3n de las v\u00edctimas de los delitos.\" \/>\n<meta name=\"robots\" content=\"noindex, follow\" \/>\n<meta property=\"og:locale\" content=\"es_ES\" \/>\n<meta property=\"og:type\" content=\"article\" \/>\n<meta property=\"og:title\" content=\"Fiscal\u00eda General de la Naci\u00f3n\" \/>\n<meta property=\"og:description\" content=\"P\u00e1gina oficial de la Fiscal\u00eda General de la Naci\u00f3n \u2013 Colombia. Garantizamos el acceso efectivo a la justicia, la verdad y la reparaci\u00f3n de las v\u00edctimas de los delitos.\" \/>\n<meta property=\"og:url\" content=\"https:\/\/www.fiscalia.gov.co\/colombia\/noticias\/asegurados-padrastro-y-un-excompanero-sentimental-que-habian-abusado-de-dos-mujeres-en-cartagena\/\" \/>\n<meta property=\"og:site_name\" content=\"Fiscal\u00eda General de la Naci\u00f3n\" \/>\n<meta property=\"article:publisher\" content=\"https:\/\/www.facebook.com\/FiscaliaCol\" \/>\n<meta property=\"article:published_time\" content=\"2023-03-08T20:32:42+00:00\" \/>\n<meta property=\"article:modified_time\" content=\"2023-03-08T20:33:23+00:00\" \/>\n<meta name=\"author\" content=\"Winnie Geraldine Rodr\u00edguez Navarrete\" \/>\n<meta name=\"twitter:card\" content=\"summary_large_image\" \/>\n<meta name=\"twitter:creator\" content=\"@FiscaliaCol\" \/>\n<meta name=\"twitter:site\" content=\"@FiscaliaCol\" \/>\n<meta name=\"twitter:label1\" content=\"Escrito por\" \/>\n\t<meta name=\"twitter:data1\" content=\"Winnie Geraldine Rodr\u00edguez Navarrete\" \/>\n\t<meta name=\"twitter:label2\" content=\"Tiempo de lectura\" \/>\n\t<meta name=\"twitter:data2\" content=\"2 minutos\" \/>\n<script type=\"application\/ld+json\" class=\"yoast-schema-graph\">{\"@context\":\"https:\/\/schema.org\",\"@graph\":[{\"@type\":\"Article\",\"@id\":\"https:\/\/www.fiscalia.gov.co\/colombia\/noticias\/asegurados-padrastro-y-un-excompanero-sentimental-que-habian-abusado-de-dos-mujeres-en-cartagena\/#article\",\"isPartOf\":{\"@id\":\"https:\/\/www.fiscalia.gov.co\/colombia\/noticias\/asegurados-padrastro-y-un-excompanero-sentimental-que-habian-abusado-de-dos-mujeres-en-cartagena\/\"},\"author\":{\"name\":\"Winnie Geraldine Rodr\u00edguez Navarrete\",\"@id\":\"https:\/\/www.fiscalia.gov.co\/colombia\/#\/schema\/person\/176195b99ebab0a52aafa15197e1bf80\"},\"headline\":\"Asegurados padrastro y un excompa\u00f1ero sentimental que habr\u00edan abusado de dos mujeres en Cartagena\",\"datePublished\":\"2023-03-08T20:32:42+00:00\",\"dateModified\":\"2023-03-08T20:33:23+00:00\",\"mainEntityOfPage\":{\"@id\":\"https:\/\/www.fiscalia.gov.co\/colombia\/noticias\/asegurados-padrastro-y-un-excompanero-sentimental-que-habian-abusado-de-dos-mujeres-en-cartagena\/\"},\"wordCount\":400,\"publisher\":{\"@id\":\"https:\/\/www.fiscalia.gov.co\/colombia\/#organization\"},\"keywords\":[\"Acceso carnal violento\",\"actos sexuales con menor de 14 a\u00f1os\",\"Cartagena\",\"Cartagena (Bol\u00edvar)\",\"ex compa\u00f1ero sentimental\",\"Fiscal\u00eda Colombia\",\"Fiscal\u00eda General de la Naci\u00f3n\",\"Padrastro\",\"Polic\u00eda Nacional\",\"prisi\u00f3n\"],\"articleSection\":[\"Noticias\",\"Seccional Cartagena\",\"Seccionales\",\"Violencia sexual e intrafamiliar\"],\"inLanguage\":\"es-CO\"},{\"@type\":\"WebPage\",\"@id\":\"https:\/\/www.fiscalia.gov.co\/colombia\/noticias\/asegurados-padrastro-y-un-excompanero-sentimental-que-habian-abusado-de-dos-mujeres-en-cartagena\/\",\"url\":\"https:\/\/www.fiscalia.gov.co\/colombia\/noticias\/asegurados-padrastro-y-un-excompanero-sentimental-que-habian-abusado-de-dos-mujeres-en-cartagena\/\",\"name\":\"Fiscal\u00eda General de la Naci\u00f3n\",\"isPartOf\":{\"@id\":\"https:\/\/www.fiscalia.gov.co\/colombia\/#website\"},\"datePublished\":\"2023-03-08T20:32:42+00:00\",\"dateModified\":\"2023-03-08T20:33:23+00:00\",\"description\":\"P\u00e1gina oficial de la Fiscal\u00eda General de la Naci\u00f3n \u2013 Colombia. Garantizamos el acceso efectivo a la justicia, la verdad y la reparaci\u00f3n de las v\u00edctimas de los delitos.\",\"breadcrumb\":{\"@id\":\"https:\/\/www.fiscalia.gov.co\/colombia\/noticias\/asegurados-padrastro-y-un-excompanero-sentimental-que-habian-abusado-de-dos-mujeres-en-cartagena\/#breadcrumb\"},\"inLanguage\":\"es-CO\",\"potentialAction\":[{\"@type\":\"ReadAction\",\"target\":[\"https:\/\/www.fiscalia.gov.co\/colombia\/noticias\/asegurados-padrastro-y-un-excompanero-sentimental-que-habian-abusado-de-dos-mujeres-en-cartagena\/\"]}]},{\"@type\":\"BreadcrumbList\",\"@id\":\"https:\/\/www.fiscalia.gov.co\/colombia\/noticias\/asegurados-padrastro-y-un-excompanero-sentimental-que-habian-abusado-de-dos-mujeres-en-cartagena\/#breadcrumb\",\"itemListElement\":[{\"@type\":\"ListItem\",\"position\":1,\"name\":\"Home\",\"item\":\"https:\/\/www.fiscalia.gov.co\/colombia\/\"},{\"@type\":\"ListItem\",\"position\":2,\"name\":\"Asegurados padrastro y un excompa\u00f1ero sentimental que habr\u00edan abusado de dos mujeres en Cartagena\"}]},{\"@type\":\"WebSite\",\"@id\":\"https:\/\/www.fiscalia.gov.co\/colombia\/#website\",\"url\":\"https:\/\/www.fiscalia.gov.co\/colombia\/\",\"name\":\"Fiscal\u00eda General de la Naci\u00f3n\",\"description\":\"P\u00e1gina oficial de la Fiscal\u00eda General de la Naci\u00f3n \u2013 Colombia. Garantizamos el acceso efectivo a la justicia, la verdad y la reparaci\u00f3n de las v\u00edctimas de los delitos.\",\"publisher\":{\"@id\":\"https:\/\/www.fiscalia.gov.co\/colombia\/#organization\"},\"potentialAction\":[{\"@type\":\"SearchAction\",\"target\":{\"@type\":\"EntryPoint\",\"urlTemplate\":\"https:\/\/www.fiscalia.gov.co\/colombia\/?s={search_term_string}\"},\"query-input\":{\"@type\":\"PropertyValueSpecification\",\"valueRequired\":true,\"valueName\":\"search_term_string\"}}],\"inLanguage\":\"es-CO\"},{\"@type\":\"Organization\",\"@id\":\"https:\/\/www.fiscalia.gov.co\/colombia\/#organization\",\"name\":\"Fiscal\u00eda General de la Naci\u00f3n\",\"url\":\"https:\/\/www.fiscalia.gov.co\/colombia\/\",\"logo\":{\"@type\":\"ImageObject\",\"inLanguage\":\"es-CO\",\"@id\":\"https:\/\/www.fiscalia.gov.co\/colombia\/#\/schema\/logo\/image\/\",\"url\":\"https:\/\/www.fiscalia.gov.co\/colombia\/wp-content\/uploads\/LogoHorizontal_1.jpg\",\"contentUrl\":\"https:\/\/www.fiscalia.gov.co\/colombia\/wp-content\/uploads\/LogoHorizontal_1.jpg\",\"width\":300,\"height\":90,\"caption\":\"Fiscal\u00eda General de la Naci\u00f3n\"},\"image\":{\"@id\":\"https:\/\/www.fiscalia.gov.co\/colombia\/#\/schema\/logo\/image\/\"},\"sameAs\":[\"https:\/\/www.facebook.com\/FiscaliaCol\",\"https:\/\/x.com\/FiscaliaCol\",\"https:\/\/www.instagram.com\/fiscaliacol\",\"https:\/\/www.linkedin.com\/company\/fiscalia-general-de-la-naci-n\/\",\"https:\/\/youtube.com\/@fiscaliageneraldelanacion-4668?si=6nN79nyQICPU5iTh\"]},{\"@type\":\"Person\",\"@id\":\"https:\/\/www.fiscalia.gov.co\/colombia\/#\/schema\/person\/176195b99ebab0a52aafa15197e1bf80\",\"name\":\"Winnie Geraldine Rodr\u00edguez Navarrete\",\"image\":{\"@type\":\"ImageObject\",\"inLanguage\":\"es-CO\",\"@id\":\"https:\/\/www.fiscalia.gov.co\/colombia\/#\/schema\/person\/image\/\",\"url\":\"https:\/\/secure.gravatar.com\/avatar\/c24cf8481dc84fa5e8c7b20bc95ab0c6?s=96&d=mm&r=g\",\"contentUrl\":\"https:\/\/secure.gravatar.com\/avatar\/c24cf8481dc84fa5e8c7b20bc95ab0c6?s=96&d=mm&r=g\",\"caption\":\"Winnie Geraldine Rodr\u00edguez Navarrete\"},\"url\":\"https:\/\/www.fiscalia.gov.co\/colombia\/author\/winnierodriguez\/\"}]}<\/script>\n<!-- \/ Yoast SEO plugin. -->","yoast_head_json":{"title":"Fiscal\u00eda General de la Naci\u00f3n","description":"P\u00e1gina oficial de la Fiscal\u00eda General de la Naci\u00f3n \u2013 Colombia. Garantizamos el acceso efectivo a la justicia, la verdad y la reparaci\u00f3n de las v\u00edctimas de los delitos.","robots":{"index":"noindex","follow":"follow"},"og_locale":"es_ES","og_type":"article","og_title":"Fiscal\u00eda General de la Naci\u00f3n","og_description":"P\u00e1gina oficial de la Fiscal\u00eda General de la Naci\u00f3n \u2013 Colombia. Garantizamos el acceso efectivo a la justicia, la verdad y la reparaci\u00f3n de las v\u00edctimas de los delitos.","og_url":"https:\/\/www.fiscalia.gov.co\/colombia\/noticias\/asegurados-padrastro-y-un-excompanero-sentimental-que-habian-abusado-de-dos-mujeres-en-cartagena\/","og_site_name":"Fiscal\u00eda General de la Naci\u00f3n","article_publisher":"https:\/\/www.facebook.com\/FiscaliaCol","article_published_time":"2023-03-08T20:32:42+00:00","article_modified_time":"2023-03-08T20:33:23+00:00","author":"Winnie Geraldine Rodr\u00edguez Navarrete","twitter_card":"summary_large_image","twitter_creator":"@FiscaliaCol","twitter_site":"@FiscaliaCol","twitter_misc":{"Escrito por":"Winnie Geraldine Rodr\u00edguez Navarrete","Tiempo de lectura":"2 minutos"},"schema":{"@context":"https:\/\/schema.org","@graph":[{"@type":"Article","@id":"https:\/\/www.fiscalia.gov.co\/colombia\/noticias\/asegurados-padrastro-y-un-excompanero-sentimental-que-habian-abusado-de-dos-mujeres-en-cartagena\/#article","isPartOf":{"@id":"https:\/\/www.fiscalia.gov.co\/colombia\/noticias\/asegurados-padrastro-y-un-excompanero-sentimental-que-habian-abusado-de-dos-mujeres-en-cartagena\/"},"author":{"name":"Winnie Geraldine Rodr\u00edguez Navarrete","@id":"https:\/\/www.fiscalia.gov.co\/colombia\/#\/schema\/person\/176195b99ebab0a52aafa15197e1bf80"},"headline":"Asegurados padrastro y un excompa\u00f1ero sentimental que habr\u00edan abusado de dos mujeres en Cartagena","datePublished":"2023-03-08T20:32:42+00:00","dateModified":"2023-03-08T20:33:23+00:00","mainEntityOfPage":{"@id":"https:\/\/www.fiscalia.gov.co\/colombia\/noticias\/asegurados-padrastro-y-un-excompanero-sentimental-que-habian-abusado-de-dos-mujeres-en-cartagena\/"},"wordCount":400,"publisher":{"@id":"https:\/\/www.fiscalia.gov.co\/colombia\/#organization"},"keywords":["Acceso carnal violento","actos sexuales con menor de 14 a\u00f1os","Cartagena","Cartagena (Bol\u00edvar)","ex compa\u00f1ero sentimental","Fiscal\u00eda Colombia","Fiscal\u00eda General de la Naci\u00f3n","Padrastro","Polic\u00eda Nacional","prisi\u00f3n"],"articleSection":["Noticias","Seccional Cartagena","Seccionales","Violencia sexual e intrafamiliar"],"inLanguage":"es-CO"},{"@type":"WebPage","@id":"https:\/\/www.fiscalia.gov.co\/colombia\/noticias\/asegurados-padrastro-y-un-excompanero-sentimental-que-habian-abusado-de-dos-mujeres-en-cartagena\/","url":"https:\/\/www.fiscalia.gov.co\/colombia\/noticias\/asegurados-padrastro-y-un-excompanero-sentimental-que-habian-abusado-de-dos-mujeres-en-cartagena\/","name":"Fiscal\u00eda General de la Naci\u00f3n","isPartOf":{"@id":"https:\/\/www.fiscalia.gov.co\/colombia\/#website"},"datePublished":"2023-03-08T20:32:42+00:00","dateModified":"2023-03-08T20:33:23+00:00","description":"P\u00e1gina oficial de la Fiscal\u00eda General de la Naci\u00f3n \u2013 Colombia. Garantizamos el acceso efectivo a la justicia, la verdad y la reparaci\u00f3n de las v\u00edctimas de los delitos.","breadcrumb":{"@id":"https:\/\/www.fiscalia.gov.co\/colombia\/noticias\/asegurados-padrastro-y-un-excompanero-sentimental-que-habian-abusado-de-dos-mujeres-en-cartagena\/#breadcrumb"},"inLanguage":"es-CO","potentialAction":[{"@type":"ReadAction","target":["https:\/\/www.fiscalia.gov.co\/colombia\/noticias\/asegurados-padrastro-y-un-excompanero-sentimental-que-habian-abusado-de-dos-mujeres-en-cartagena\/"]}]},{"@type":"BreadcrumbList","@id":"https:\/\/www.fiscalia.gov.co\/colombia\/noticias\/asegurados-padrastro-y-un-excompanero-sentimental-que-habian-abusado-de-dos-mujeres-en-cartagena\/#breadcrumb","itemListElement":[{"@type":"ListItem","position":1,"name":"Home","item":"https:\/\/www.fiscalia.gov.co\/colombia\/"},{"@type":"ListItem","position":2,"name":"Asegurados padrastro y un excompa\u00f1ero sentimental que habr\u00edan abusado de dos mujeres en Cartagena"}]},{"@type":"WebSite","@id":"https:\/\/www.fiscalia.gov.co\/colombia\/#website","url":"https:\/\/www.fiscalia.gov.co\/colombia\/","name":"Fiscal\u00eda General de la Naci\u00f3n","description":"P\u00e1gina oficial de la Fiscal\u00eda General de la Naci\u00f3n \u2013 Colombia. Garantizamos el acceso efectivo a la justicia, la verdad y la reparaci\u00f3n de las v\u00edctimas de los delitos.","publisher":{"@id":"https:\/\/www.fiscalia.gov.co\/colombia\/#organization"},"potentialAction":[{"@type":"SearchAction","target":{"@type":"EntryPoint","urlTemplate":"https:\/\/www.fiscalia.gov.co\/colombia\/?s={search_term_string}"},"query-input":{"@type":"PropertyValueSpecification","valueRequired":true,"valueName":"search_term_string"}}],"inLanguage":"es-CO"},{"@type":"Organization","@id":"https:\/\/www.fiscalia.gov.co\/colombia\/#organization","name":"Fiscal\u00eda General de la Naci\u00f3n","url":"https:\/\/www.fiscalia.gov.co\/colombia\/","logo":{"@type":"ImageObject","inLanguage":"es-CO","@id":"https:\/\/www.fiscalia.gov.co\/colombia\/#\/schema\/logo\/image\/","url":"https:\/\/www.fiscalia.gov.co\/colombia\/wp-content\/uploads\/LogoHorizontal_1.jpg","contentUrl":"https:\/\/www.fiscalia.gov.co\/colombia\/wp-content\/uploads\/LogoHorizontal_1.jpg","width":300,"height":90,"caption":"Fiscal\u00eda General de la Naci\u00f3n"},"image":{"@id":"https:\/\/www.fiscalia.gov.co\/colombia\/#\/schema\/logo\/image\/"},"sameAs":["https:\/\/www.facebook.com\/FiscaliaCol","https:\/\/x.com\/FiscaliaCol","https:\/\/www.instagram.com\/fiscaliacol","https:\/\/www.linkedin.com\/company\/fiscalia-general-de-la-naci-n\/","https:\/\/youtube.com\/@fiscaliageneraldelanacion-4668?si=6nN79nyQICPU5iTh"]},{"@type":"Person","@id":"https:\/\/www.fiscalia.gov.co\/colombia\/#\/schema\/person\/176195b99ebab0a52aafa15197e1bf80","name":"Winnie Geraldine Rodr\u00edguez Navarrete","image":{"@type":"ImageObject","inLanguage":"es-CO","@id":"https:\/\/www.fiscalia.gov.co\/colombia\/#\/schema\/person\/image\/","url":"https:\/\/secure.gravatar.com\/avatar\/c24cf8481dc84fa5e8c7b20bc95ab0c6?s=96&d=mm&r=g","contentUrl":"https:\/\/secure.gravatar.com\/avatar\/c24cf8481dc84fa5e8c7b20bc95ab0c6?s=96&d=mm&r=g","caption":"Winnie Geraldine Rodr\u00edguez Navarrete"},"url":"https:\/\/www.fiscalia.gov.co\/colombia\/author\/winnierodriguez\/"}]}},"_links":{"self":[{"href":"https:\/\/www.fiscalia.gov.co\/colombia\/wp-json\/wp\/v2\/posts\/267829","targetHints":{"allow":["GET"]}}],"collection":[{"href":"https:\/\/www.fiscalia.gov.co\/colombia\/wp-json\/wp\/v2\/posts"}],"about":[{"href":"https:\/\/www.fiscalia.gov.co\/colombia\/wp-json\/wp\/v2\/types\/post"}],"author":[{"embeddable":true,"href":"https:\/\/www.fiscalia.gov.co\/colombia\/wp-json\/wp\/v2\/users\/178"}],"replies":[{"embeddable":true,"href":"https:\/\/www.fiscalia.gov.co\/colombia\/wp-json\/wp\/v2\/comments?post=267829"}],"version-history":[{"count":2,"href":"https:\/\/www.fiscalia.gov.co\/colombia\/wp-json\/wp\/v2\/posts\/267829\/revisions"}],"predecessor-version":[{"id":267831,"href":"https:\/\/www.fiscalia.gov.co\/colombia\/wp-json\/wp\/v2\/posts\/267829\/revisions\/267831"}],"wp:attachment":[{"href":"https:\/\/www.fiscalia.gov.co\/colombia\/wp-json\/wp\/v2\/media?parent=267829"}],"wp:term":[{"taxonomy":"category","embeddable":true,"href":"https:\/\/www.fiscalia.gov.co\/colombia\/wp-json\/wp\/v2\/categories?post=267829"},{"taxonomy":"post_tag","embeddable":true,"href":"https:\/\/www.fiscalia.gov.co\/colombia\/wp-json\/wp\/v2\/tags?post=267829"}],"curies":[{"name":"wp","href":"https:\/\/api.w.org\/{rel}","templated":true}]}}