{"id":267812,"date":"2023-03-08T11:48:14","date_gmt":"2023-03-08T16:48:14","guid":{"rendered":"https:\/\/www.fiscalia.gov.co\/colombia\/?p=267812"},"modified":"2023-03-08T11:48:14","modified_gmt":"2023-03-08T16:48:14","slug":"imputado-alias-way-por-10-homicidios-y-una-tentativa-de-homicidio-en-el-norte-del-tolima","status":"publish","type":"post","link":"https:\/\/www.fiscalia.gov.co\/colombia\/noticias\/imputado-alias-way-por-10-homicidios-y-una-tentativa-de-homicidio-en-el-norte-del-tolima\/","title":{"rendered":"Imputado alias \u2018Way\u2019 por 10 homicidios y una tentativa de homicidio en el norte del Tolima"},"content":{"rendered":"<h4 style=\"font-weight: 400;\"><strong><em>Las muertes violentas habr\u00edan ocurrido por la lucha de territorios en el tr\u00e1fico de estupefacientes y por comercializar sustancia de \u2018contrabando\u2019 que no era permitida por la organizaci\u00f3n Frontera del Norte. Dos de las v\u00edctimas fueron descuartizadas.<\/em><\/strong><\/h4>\n<p style=\"font-weight: 400;\">La Fiscal\u00eda General de la Naci\u00f3n, a trav\u00e9s de un despacho adscrito a la Unidad de Vida de la Seccional Tolima, imput\u00f3 nuevos cargos por homicidio y tentativa de homicidio a Elvis Einer Monta\u00f1o Hurtado, conocido como alias \u2018Way\u2019, quien fungir\u00eda como sicario dentro de la organizaci\u00f3n delincuencial \u2018Frontera del Norte\u2019, y quien se encuentra detenido desde octubre del a\u00f1o 2022 por hechos similares.<\/p>\n<figure id=\"attachment_267813\" aria-describedby=\"caption-attachment-267813\" style=\"width: 470px\" class=\"wp-caption aligncenter\"><img loading=\"lazy\" decoding=\"async\" class=\" wp-image-267813\" src=\"https:\/\/www.fiscalia.gov.co\/colombia\/wp-content\/uploads\/Alias-Way-homicidios-Tolima-300x224.jpeg\" alt=\"En la imagen se ve una persona detenida bajo custodia de funcionarios del CTI y la Polic\u00eda Nacional.\" width=\"470\" height=\"351\" srcset=\"https:\/\/www.fiscalia.gov.co\/colombia\/wp-content\/uploads\/Alias-Way-homicidios-Tolima-300x224.jpeg 300w, https:\/\/www.fiscalia.gov.co\/colombia\/wp-content\/uploads\/Alias-Way-homicidios-Tolima-768x572.jpeg 768w, https:\/\/www.fiscalia.gov.co\/colombia\/wp-content\/uploads\/Alias-Way-homicidios-Tolima-696x519.jpeg 696w, https:\/\/www.fiscalia.gov.co\/colombia\/wp-content\/uploads\/Alias-Way-homicidios-Tolima-564x420.jpeg 564w, https:\/\/www.fiscalia.gov.co\/colombia\/wp-content\/uploads\/Alias-Way-homicidios-Tolima-80x60.jpeg 80w, https:\/\/www.fiscalia.gov.co\/colombia\/wp-content\/uploads\/Alias-Way-homicidios-Tolima-265x198.jpeg 265w, https:\/\/www.fiscalia.gov.co\/colombia\/wp-content\/uploads\/Alias-Way-homicidios-Tolima.jpeg 966w\" sizes=\"auto, (max-width: 470px) 100vw, 470px\" \/><figcaption id=\"caption-attachment-267813\" class=\"wp-caption-text\">En la imagen se ve una persona detenida bajo custodia de funcionarios del CTI y la Polic\u00eda Nacional.<\/figcaption><\/figure>\n<p style=\"font-weight: 400;\">En esta ocasi\u00f3n, la delegada fiscal endilg\u00f3 su coautor\u00eda en 10 homicidios agravados, una tentativa de homicidio, concierto para delinquir agravado por darse para homicidio, fabricaci\u00f3n, tr\u00e1fico y porte de armas de fuego, y desaparici\u00f3n forzada en dos casos.<\/p>\n<p style=\"font-weight: 400;\">El imputado no acept\u00f3 los cargos enrostrados y fue afectado con medida de aseguramiento de car\u00e1cter carcelario pese a estar privado de la libertad en la c\u00e1rcel Picale\u00f1a de Ibagu\u00e9, la cual, debido a la peligrosidad y modalidad de las conductas cometidas, fue autorizada por el togado, sin ser objeto de recursos.<\/p>\n<p style=\"font-weight: 400;\"><strong>Los hechos<\/strong><\/p>\n<p style=\"font-weight: 400;\">Las actividades investigativas de la polic\u00eda judicial del CTI adscritos a la Brigada de Homicidios del Grupo de Vida, permitieron asociar un total de 10 casos en los que el modus operandi habr\u00eda sido el mismo, teniendo como uno de los part\u00edcipes a alias \u2018Way\u2019 seg\u00fan los elementos materiales probatorios y evidencia f\u00edsica recolectada.<\/p>\n<p style=\"font-weight: 400;\">Dentro de los 10 procesos se cuentan 10 v\u00edctimas fatales y una tentativa de homicidio as\u00ed:<\/p>\n<ol>\n<li style=\"font-weight: 400;\">Tentativa de homicidio contra Rigoberto Leal Ruiz, el 17 de agosto en Mariquita.<\/li>\n<li style=\"font-weight: 400;\">Homicidio de Sergio Alejandro Solano, el 13 de febrero en el sector Villas del Dorado en Mariquita.<\/li>\n<li style=\"font-weight: 400;\">Homicidio de Julio C\u00e9sar C\u00e1rdenas Paniagua, ocurrido el 4 de abril en Mariquita.<\/li>\n<li style=\"font-weight: 400;\">Homicidio de menor de edad ocurrido el 23 de marzo en Armero Guayabal.<\/li>\n<li style=\"font-weight: 400;\">Homicidio de Brandon Andrey Contreras, el 14 de agosto en un bar de Mariquita.<\/li>\n<li style=\"font-weight: 400;\">Homicidio Luis Fernando Var\u00f3n Rodr\u00edguez, alias \u2018Pira\u00f1o\u2019, el 3 de agosto en Honda<\/li>\n<li style=\"font-weight: 400;\">Homicidio de Jhon Jairo Montoya Perdomo, alias \u2018El Barbero\u2019, el 30 de agosto en Fresno.<\/li>\n<li style=\"font-weight: 400;\">Homicidio de Camilo Torres S\u00e1nchez, el 2 de agosto en el barrio Centro de Armero Guayabal.<\/li>\n<li style=\"font-weight: 400;\">Homicidio de Juli\u00e1n Stiven P\u00e1ramo, el 28 de agosto en el barrio La Florida de Armero Guayabal.<\/li>\n<li style=\"font-weight: 400;\">Doble homicidio de Juan Esteban Garc\u00eda Basto y un menor de edad, el 27 de agosto de 2022 en Mariquita. Las v\u00edctimas fueron asesinadas con tiro de gracia y posteriormente descuartizadas e incineradas.<\/li>\n<\/ol>\n<p style=\"font-weight: 400;\">Cabe resaltar que Monta\u00f1o Hurtado se encuentra detenido por su presunta participaci\u00f3n en cuatro homicidios y una tentativa de homicidio ocurridos en Mariquita y Honda, bajo la modalidad de sicariato.<\/p>\n<p style=\"font-weight: 400;\">Todos sus cr\u00edmenes se le atribuyen a la lucha de territorios por el tr\u00e1fico de estupefacientes y porque las v\u00edctimas habr\u00edan comercializado sustancia de \u2018contrabando\u2019 que no era permitida por la organizaci\u00f3n.<\/p>\n<p><strong>La Fiscal\u00eda habla con resultados.<\/strong><\/p>\n<p style=\"font-weight: 400;\">\n<p style=\"font-weight: 400;\">\n<p>&nbsp;<\/p>\n<p>&nbsp;<\/p>\n<p>&nbsp;<\/p>\n<p style=\"font-weight: 400;\">PAAM\/VHGB\/MCA\/AMBV\/DST<\/p>\n<p style=\"font-weight: 400;\">\n<p style=\"font-weight: 400;\">\n<p style=\"font-weight: 400;\"><strong>\u00a0<\/strong><\/p>\n<p>&nbsp;<\/p>\n<p>&nbsp;<\/p>\n<p><em>La informaci\u00f3n contenida en este bolet\u00edn de prensa corresponde a la narraci\u00f3n de los hechos noticiosos objetivos, suministrados por los funcionarios encargados de adelantar las investigaciones penales al interior de la Fiscal\u00eda General de la Naci\u00f3n. Para el momento de la divulgaci\u00f3n de este comunicado, la situaci\u00f3n jur\u00eddica de la(s) persona(s) relacionada(s) se encuentra pendiente de resolver por la autoridad judicial competente, siempre bajo los preceptos de la presunci\u00f3n de inocencia, consagrados en el art\u00edculo 29 de la Constituci\u00f3n Pol\u00edtica y el art\u00edculo 7\u00ba de la Ley 906 de 2004.<\/em><\/p>\n<p style=\"font-weight: 400;\">\n\n<div class=\"twitter-share\"><a href=\"https:\/\/twitter.com\/intent\/tweet?via=fiscaliacol\" class=\"twitter-share-button\">Tweet<\/a><\/div>\n","protected":false},"excerpt":{"rendered":"<p>Las muertes violentas habr\u00edan ocurrido por la lucha de territorios en el tr\u00e1fico de estupefacientes y por comercializar sustancia de \u2018contrabando\u2019 que no era permitida por la organizaci\u00f3n Frontera del Norte. Dos de las v\u00edctimas fueron descuartizadas. La Fiscal\u00eda General de la Naci\u00f3n, a trav\u00e9s de un despacho adscrito a la Unidad de Vida de [&hellip;]<\/p>\n","protected":false},"author":178,"featured_media":0,"comment_status":"closed","ping_status":"open","sticky":false,"template":"","format":"standard","meta":{"_price":"","_stock":"","_tribe_ticket_header":"","_tribe_default_ticket_provider":"","_tribe_ticket_capacity":"0","_ticket_start_date":"","_ticket_end_date":"","_tribe_ticket_show_description":"","_tribe_ticket_show_not_going":false,"_tribe_ticket_use_global_stock":"","_tribe_ticket_global_stock_level":"","_global_stock_mode":"","_global_stock_cap":"","_tribe_rsvp_for_event":"","_tribe_ticket_going_count":"","_tribe_ticket_not_going_count":"","_tribe_tickets_list":"[]","_tribe_ticket_has_attendee_info_fields":false,"tdm_status":"","tdm_grid_status":"","footnotes":""},"categories":[1,329,303,24099],"tags":[26599,34148,34147,691,1047,23935,24442,686,23885,23990,34149,24441,24443,5448,155],"class_list":{"0":"post-267812","1":"post","2":"type-post","3":"status-publish","4":"format-standard","6":"category-noticias","7":"category-seccional-ibague","8":"category-seccionales","9":"category-seguridad-territorial","10":"tag-armero-guayabal","11":"tag-cadaveres","12":"tag-descuartizados","13":"tag-doble-homicidio","14":"tag-fiscalia-general-de-la-nacion","15":"tag-fresno","16":"tag-frontera-del-norte","17":"tag-homicidio-agravado","18":"tag-honda","19":"tag-ibague-tolima","20":"tag-incineramiento","21":"tag-lucha-de-territorios","22":"tag-mariquita","23":"tag-sicariato","24":"tag-trafico-de-estupefacientes"},"yoast_head":"<!-- This site is optimized with the Yoast SEO plugin v24.3 - https:\/\/yoast.com\/wordpress\/plugins\/seo\/ -->\n<title>Fiscal\u00eda General de la Naci\u00f3n<\/title>\n<meta name=\"description\" content=\"P\u00e1gina oficial de la Fiscal\u00eda General de la Naci\u00f3n \u2013 Colombia. Garantizamos el acceso efectivo a la justicia, la verdad y la reparaci\u00f3n de las v\u00edctimas de los delitos.\" \/>\n<meta name=\"robots\" content=\"noindex, follow\" \/>\n<meta property=\"og:locale\" content=\"es_ES\" \/>\n<meta property=\"og:type\" content=\"article\" \/>\n<meta property=\"og:title\" content=\"Fiscal\u00eda General de la Naci\u00f3n\" \/>\n<meta property=\"og:description\" content=\"P\u00e1gina oficial de la Fiscal\u00eda General de la Naci\u00f3n \u2013 Colombia. Garantizamos el acceso efectivo a la justicia, la verdad y la reparaci\u00f3n de las v\u00edctimas de los delitos.\" \/>\n<meta property=\"og:url\" content=\"https:\/\/www.fiscalia.gov.co\/colombia\/noticias\/imputado-alias-way-por-10-homicidios-y-una-tentativa-de-homicidio-en-el-norte-del-tolima\/\" \/>\n<meta property=\"og:site_name\" content=\"Fiscal\u00eda General de la Naci\u00f3n\" \/>\n<meta property=\"article:publisher\" content=\"https:\/\/www.facebook.com\/FiscaliaCol\" \/>\n<meta property=\"article:published_time\" content=\"2023-03-08T16:48:14+00:00\" \/>\n<meta property=\"og:image\" content=\"https:\/\/www.fiscalia.gov.co\/colombia\/wp-content\/uploads\/Alias-Way-homicidios-Tolima-300x224.jpeg\" \/>\n<meta name=\"author\" content=\"Winnie Geraldine Rodr\u00edguez Navarrete\" \/>\n<meta name=\"twitter:card\" content=\"summary_large_image\" \/>\n<meta name=\"twitter:creator\" content=\"@FiscaliaCol\" \/>\n<meta name=\"twitter:site\" content=\"@FiscaliaCol\" \/>\n<meta name=\"twitter:label1\" content=\"Escrito por\" \/>\n\t<meta name=\"twitter:data1\" content=\"Winnie Geraldine Rodr\u00edguez Navarrete\" \/>\n\t<meta name=\"twitter:label2\" content=\"Tiempo de lectura\" \/>\n\t<meta name=\"twitter:data2\" content=\"3 minutos\" \/>\n<script type=\"application\/ld+json\" class=\"yoast-schema-graph\">{\"@context\":\"https:\/\/schema.org\",\"@graph\":[{\"@type\":\"Article\",\"@id\":\"https:\/\/www.fiscalia.gov.co\/colombia\/noticias\/imputado-alias-way-por-10-homicidios-y-una-tentativa-de-homicidio-en-el-norte-del-tolima\/#article\",\"isPartOf\":{\"@id\":\"https:\/\/www.fiscalia.gov.co\/colombia\/noticias\/imputado-alias-way-por-10-homicidios-y-una-tentativa-de-homicidio-en-el-norte-del-tolima\/\"},\"author\":{\"name\":\"Winnie Geraldine Rodr\u00edguez Navarrete\",\"@id\":\"https:\/\/www.fiscalia.gov.co\/colombia\/#\/schema\/person\/176195b99ebab0a52aafa15197e1bf80\"},\"headline\":\"Imputado alias \u2018Way\u2019 por 10 homicidios y una tentativa de homicidio en el norte del Tolima\",\"datePublished\":\"2023-03-08T16:48:14+00:00\",\"dateModified\":\"2023-03-08T16:48:14+00:00\",\"mainEntityOfPage\":{\"@id\":\"https:\/\/www.fiscalia.gov.co\/colombia\/noticias\/imputado-alias-way-por-10-homicidios-y-una-tentativa-de-homicidio-en-el-norte-del-tolima\/\"},\"wordCount\":675,\"publisher\":{\"@id\":\"https:\/\/www.fiscalia.gov.co\/colombia\/#organization\"},\"image\":{\"@id\":\"https:\/\/www.fiscalia.gov.co\/colombia\/noticias\/imputado-alias-way-por-10-homicidios-y-una-tentativa-de-homicidio-en-el-norte-del-tolima\/#primaryimage\"},\"thumbnailUrl\":\"https:\/\/www.fiscalia.gov.co\/colombia\/wp-content\/uploads\/Alias-Way-homicidios-Tolima-300x224.jpeg\",\"keywords\":[\"Armero Guayabal\",\"cad\u00e1veres\",\"descuartizados\",\"Doble homicidio\",\"Fiscal\u00eda General de la Naci\u00f3n\",\"Fresno\",\"Frontera del Norte\",\"Homicidio agravado\",\"Honda\",\"Ibagu\u00e9 (Tolima)\",\"incineramiento\",\"lucha de territorios\",\"Mariquita\",\"Sicariato\",\"Tr\u00e1fico de estupefacientes\"],\"articleSection\":[\"Noticias\",\"Seccional Ibagu\u00e9\",\"Seccionales\",\"Seguridad territorial\"],\"inLanguage\":\"es-CO\"},{\"@type\":\"WebPage\",\"@id\":\"https:\/\/www.fiscalia.gov.co\/colombia\/noticias\/imputado-alias-way-por-10-homicidios-y-una-tentativa-de-homicidio-en-el-norte-del-tolima\/\",\"url\":\"https:\/\/www.fiscalia.gov.co\/colombia\/noticias\/imputado-alias-way-por-10-homicidios-y-una-tentativa-de-homicidio-en-el-norte-del-tolima\/\",\"name\":\"Fiscal\u00eda General de la Naci\u00f3n\",\"isPartOf\":{\"@id\":\"https:\/\/www.fiscalia.gov.co\/colombia\/#website\"},\"primaryImageOfPage\":{\"@id\":\"https:\/\/www.fiscalia.gov.co\/colombia\/noticias\/imputado-alias-way-por-10-homicidios-y-una-tentativa-de-homicidio-en-el-norte-del-tolima\/#primaryimage\"},\"image\":{\"@id\":\"https:\/\/www.fiscalia.gov.co\/colombia\/noticias\/imputado-alias-way-por-10-homicidios-y-una-tentativa-de-homicidio-en-el-norte-del-tolima\/#primaryimage\"},\"thumbnailUrl\":\"https:\/\/www.fiscalia.gov.co\/colombia\/wp-content\/uploads\/Alias-Way-homicidios-Tolima-300x224.jpeg\",\"datePublished\":\"2023-03-08T16:48:14+00:00\",\"dateModified\":\"2023-03-08T16:48:14+00:00\",\"description\":\"P\u00e1gina oficial de la Fiscal\u00eda General de la Naci\u00f3n \u2013 Colombia. Garantizamos el acceso efectivo a la justicia, la verdad y la reparaci\u00f3n de las v\u00edctimas de los delitos.\",\"breadcrumb\":{\"@id\":\"https:\/\/www.fiscalia.gov.co\/colombia\/noticias\/imputado-alias-way-por-10-homicidios-y-una-tentativa-de-homicidio-en-el-norte-del-tolima\/#breadcrumb\"},\"inLanguage\":\"es-CO\",\"potentialAction\":[{\"@type\":\"ReadAction\",\"target\":[\"https:\/\/www.fiscalia.gov.co\/colombia\/noticias\/imputado-alias-way-por-10-homicidios-y-una-tentativa-de-homicidio-en-el-norte-del-tolima\/\"]}]},{\"@type\":\"ImageObject\",\"inLanguage\":\"es-CO\",\"@id\":\"https:\/\/www.fiscalia.gov.co\/colombia\/noticias\/imputado-alias-way-por-10-homicidios-y-una-tentativa-de-homicidio-en-el-norte-del-tolima\/#primaryimage\",\"url\":\"https:\/\/www.fiscalia.gov.co\/colombia\/wp-content\/uploads\/Alias-Way-homicidios-Tolima-300x224.jpeg\",\"contentUrl\":\"https:\/\/www.fiscalia.gov.co\/colombia\/wp-content\/uploads\/Alias-Way-homicidios-Tolima-300x224.jpeg\"},{\"@type\":\"BreadcrumbList\",\"@id\":\"https:\/\/www.fiscalia.gov.co\/colombia\/noticias\/imputado-alias-way-por-10-homicidios-y-una-tentativa-de-homicidio-en-el-norte-del-tolima\/#breadcrumb\",\"itemListElement\":[{\"@type\":\"ListItem\",\"position\":1,\"name\":\"Home\",\"item\":\"https:\/\/www.fiscalia.gov.co\/colombia\/\"},{\"@type\":\"ListItem\",\"position\":2,\"name\":\"Imputado alias \u2018Way\u2019 por 10 homicidios y una tentativa de homicidio en el norte del Tolima\"}]},{\"@type\":\"WebSite\",\"@id\":\"https:\/\/www.fiscalia.gov.co\/colombia\/#website\",\"url\":\"https:\/\/www.fiscalia.gov.co\/colombia\/\",\"name\":\"Fiscal\u00eda General de la Naci\u00f3n\",\"description\":\"P\u00e1gina oficial de la Fiscal\u00eda General de la Naci\u00f3n \u2013 Colombia. Garantizamos el acceso efectivo a la justicia, la verdad y la reparaci\u00f3n de las v\u00edctimas de los delitos.\",\"publisher\":{\"@id\":\"https:\/\/www.fiscalia.gov.co\/colombia\/#organization\"},\"potentialAction\":[{\"@type\":\"SearchAction\",\"target\":{\"@type\":\"EntryPoint\",\"urlTemplate\":\"https:\/\/www.fiscalia.gov.co\/colombia\/?s={search_term_string}\"},\"query-input\":{\"@type\":\"PropertyValueSpecification\",\"valueRequired\":true,\"valueName\":\"search_term_string\"}}],\"inLanguage\":\"es-CO\"},{\"@type\":\"Organization\",\"@id\":\"https:\/\/www.fiscalia.gov.co\/colombia\/#organization\",\"name\":\"Fiscal\u00eda General de la Naci\u00f3n\",\"url\":\"https:\/\/www.fiscalia.gov.co\/colombia\/\",\"logo\":{\"@type\":\"ImageObject\",\"inLanguage\":\"es-CO\",\"@id\":\"https:\/\/www.fiscalia.gov.co\/colombia\/#\/schema\/logo\/image\/\",\"url\":\"https:\/\/www.fiscalia.gov.co\/colombia\/wp-content\/uploads\/LogoHorizontal_1.jpg\",\"contentUrl\":\"https:\/\/www.fiscalia.gov.co\/colombia\/wp-content\/uploads\/LogoHorizontal_1.jpg\",\"width\":300,\"height\":90,\"caption\":\"Fiscal\u00eda General de la Naci\u00f3n\"},\"image\":{\"@id\":\"https:\/\/www.fiscalia.gov.co\/colombia\/#\/schema\/logo\/image\/\"},\"sameAs\":[\"https:\/\/www.facebook.com\/FiscaliaCol\",\"https:\/\/x.com\/FiscaliaCol\",\"https:\/\/www.instagram.com\/fiscaliacol\",\"https:\/\/www.linkedin.com\/company\/fiscalia-general-de-la-naci-n\/\",\"https:\/\/youtube.com\/@fiscaliageneraldelanacion-4668?si=6nN79nyQICPU5iTh\"]},{\"@type\":\"Person\",\"@id\":\"https:\/\/www.fiscalia.gov.co\/colombia\/#\/schema\/person\/176195b99ebab0a52aafa15197e1bf80\",\"name\":\"Winnie Geraldine Rodr\u00edguez Navarrete\",\"image\":{\"@type\":\"ImageObject\",\"inLanguage\":\"es-CO\",\"@id\":\"https:\/\/www.fiscalia.gov.co\/colombia\/#\/schema\/person\/image\/\",\"url\":\"https:\/\/secure.gravatar.com\/avatar\/c24cf8481dc84fa5e8c7b20bc95ab0c6?s=96&d=mm&r=g\",\"contentUrl\":\"https:\/\/secure.gravatar.com\/avatar\/c24cf8481dc84fa5e8c7b20bc95ab0c6?s=96&d=mm&r=g\",\"caption\":\"Winnie Geraldine Rodr\u00edguez Navarrete\"},\"url\":\"https:\/\/www.fiscalia.gov.co\/colombia\/author\/winnierodriguez\/\"}]}<\/script>\n<!-- \/ Yoast SEO plugin. -->","yoast_head_json":{"title":"Fiscal\u00eda General de la Naci\u00f3n","description":"P\u00e1gina oficial de la Fiscal\u00eda General de la Naci\u00f3n \u2013 Colombia. Garantizamos el acceso efectivo a la justicia, la verdad y la reparaci\u00f3n de las v\u00edctimas de los delitos.","robots":{"index":"noindex","follow":"follow"},"og_locale":"es_ES","og_type":"article","og_title":"Fiscal\u00eda General de la Naci\u00f3n","og_description":"P\u00e1gina oficial de la Fiscal\u00eda General de la Naci\u00f3n \u2013 Colombia. Garantizamos el acceso efectivo a la justicia, la verdad y la reparaci\u00f3n de las v\u00edctimas de los delitos.","og_url":"https:\/\/www.fiscalia.gov.co\/colombia\/noticias\/imputado-alias-way-por-10-homicidios-y-una-tentativa-de-homicidio-en-el-norte-del-tolima\/","og_site_name":"Fiscal\u00eda General de la Naci\u00f3n","article_publisher":"https:\/\/www.facebook.com\/FiscaliaCol","article_published_time":"2023-03-08T16:48:14+00:00","og_image":[{"url":"https:\/\/www.fiscalia.gov.co\/colombia\/wp-content\/uploads\/Alias-Way-homicidios-Tolima-300x224.jpeg","type":"","width":"","height":""}],"author":"Winnie Geraldine Rodr\u00edguez Navarrete","twitter_card":"summary_large_image","twitter_creator":"@FiscaliaCol","twitter_site":"@FiscaliaCol","twitter_misc":{"Escrito por":"Winnie Geraldine Rodr\u00edguez Navarrete","Tiempo de lectura":"3 minutos"},"schema":{"@context":"https:\/\/schema.org","@graph":[{"@type":"Article","@id":"https:\/\/www.fiscalia.gov.co\/colombia\/noticias\/imputado-alias-way-por-10-homicidios-y-una-tentativa-de-homicidio-en-el-norte-del-tolima\/#article","isPartOf":{"@id":"https:\/\/www.fiscalia.gov.co\/colombia\/noticias\/imputado-alias-way-por-10-homicidios-y-una-tentativa-de-homicidio-en-el-norte-del-tolima\/"},"author":{"name":"Winnie Geraldine Rodr\u00edguez Navarrete","@id":"https:\/\/www.fiscalia.gov.co\/colombia\/#\/schema\/person\/176195b99ebab0a52aafa15197e1bf80"},"headline":"Imputado alias \u2018Way\u2019 por 10 homicidios y una tentativa de homicidio en el norte del Tolima","datePublished":"2023-03-08T16:48:14+00:00","dateModified":"2023-03-08T16:48:14+00:00","mainEntityOfPage":{"@id":"https:\/\/www.fiscalia.gov.co\/colombia\/noticias\/imputado-alias-way-por-10-homicidios-y-una-tentativa-de-homicidio-en-el-norte-del-tolima\/"},"wordCount":675,"publisher":{"@id":"https:\/\/www.fiscalia.gov.co\/colombia\/#organization"},"image":{"@id":"https:\/\/www.fiscalia.gov.co\/colombia\/noticias\/imputado-alias-way-por-10-homicidios-y-una-tentativa-de-homicidio-en-el-norte-del-tolima\/#primaryimage"},"thumbnailUrl":"https:\/\/www.fiscalia.gov.co\/colombia\/wp-content\/uploads\/Alias-Way-homicidios-Tolima-300x224.jpeg","keywords":["Armero Guayabal","cad\u00e1veres","descuartizados","Doble homicidio","Fiscal\u00eda General de la Naci\u00f3n","Fresno","Frontera del Norte","Homicidio agravado","Honda","Ibagu\u00e9 (Tolima)","incineramiento","lucha de territorios","Mariquita","Sicariato","Tr\u00e1fico de estupefacientes"],"articleSection":["Noticias","Seccional Ibagu\u00e9","Seccionales","Seguridad territorial"],"inLanguage":"es-CO"},{"@type":"WebPage","@id":"https:\/\/www.fiscalia.gov.co\/colombia\/noticias\/imputado-alias-way-por-10-homicidios-y-una-tentativa-de-homicidio-en-el-norte-del-tolima\/","url":"https:\/\/www.fiscalia.gov.co\/colombia\/noticias\/imputado-alias-way-por-10-homicidios-y-una-tentativa-de-homicidio-en-el-norte-del-tolima\/","name":"Fiscal\u00eda General de la Naci\u00f3n","isPartOf":{"@id":"https:\/\/www.fiscalia.gov.co\/colombia\/#website"},"primaryImageOfPage":{"@id":"https:\/\/www.fiscalia.gov.co\/colombia\/noticias\/imputado-alias-way-por-10-homicidios-y-una-tentativa-de-homicidio-en-el-norte-del-tolima\/#primaryimage"},"image":{"@id":"https:\/\/www.fiscalia.gov.co\/colombia\/noticias\/imputado-alias-way-por-10-homicidios-y-una-tentativa-de-homicidio-en-el-norte-del-tolima\/#primaryimage"},"thumbnailUrl":"https:\/\/www.fiscalia.gov.co\/colombia\/wp-content\/uploads\/Alias-Way-homicidios-Tolima-300x224.jpeg","datePublished":"2023-03-08T16:48:14+00:00","dateModified":"2023-03-08T16:48:14+00:00","description":"P\u00e1gina oficial de la Fiscal\u00eda General de la Naci\u00f3n \u2013 Colombia. Garantizamos el acceso efectivo a la justicia, la verdad y la reparaci\u00f3n de las v\u00edctimas de los delitos.","breadcrumb":{"@id":"https:\/\/www.fiscalia.gov.co\/colombia\/noticias\/imputado-alias-way-por-10-homicidios-y-una-tentativa-de-homicidio-en-el-norte-del-tolima\/#breadcrumb"},"inLanguage":"es-CO","potentialAction":[{"@type":"ReadAction","target":["https:\/\/www.fiscalia.gov.co\/colombia\/noticias\/imputado-alias-way-por-10-homicidios-y-una-tentativa-de-homicidio-en-el-norte-del-tolima\/"]}]},{"@type":"ImageObject","inLanguage":"es-CO","@id":"https:\/\/www.fiscalia.gov.co\/colombia\/noticias\/imputado-alias-way-por-10-homicidios-y-una-tentativa-de-homicidio-en-el-norte-del-tolima\/#primaryimage","url":"https:\/\/www.fiscalia.gov.co\/colombia\/wp-content\/uploads\/Alias-Way-homicidios-Tolima-300x224.jpeg","contentUrl":"https:\/\/www.fiscalia.gov.co\/colombia\/wp-content\/uploads\/Alias-Way-homicidios-Tolima-300x224.jpeg"},{"@type":"BreadcrumbList","@id":"https:\/\/www.fiscalia.gov.co\/colombia\/noticias\/imputado-alias-way-por-10-homicidios-y-una-tentativa-de-homicidio-en-el-norte-del-tolima\/#breadcrumb","itemListElement":[{"@type":"ListItem","position":1,"name":"Home","item":"https:\/\/www.fiscalia.gov.co\/colombia\/"},{"@type":"ListItem","position":2,"name":"Imputado alias \u2018Way\u2019 por 10 homicidios y una tentativa de homicidio en el norte del Tolima"}]},{"@type":"WebSite","@id":"https:\/\/www.fiscalia.gov.co\/colombia\/#website","url":"https:\/\/www.fiscalia.gov.co\/colombia\/","name":"Fiscal\u00eda General de la Naci\u00f3n","description":"P\u00e1gina oficial de la Fiscal\u00eda General de la Naci\u00f3n \u2013 Colombia. Garantizamos el acceso efectivo a la justicia, la verdad y la reparaci\u00f3n de las v\u00edctimas de los delitos.","publisher":{"@id":"https:\/\/www.fiscalia.gov.co\/colombia\/#organization"},"potentialAction":[{"@type":"SearchAction","target":{"@type":"EntryPoint","urlTemplate":"https:\/\/www.fiscalia.gov.co\/colombia\/?s={search_term_string}"},"query-input":{"@type":"PropertyValueSpecification","valueRequired":true,"valueName":"search_term_string"}}],"inLanguage":"es-CO"},{"@type":"Organization","@id":"https:\/\/www.fiscalia.gov.co\/colombia\/#organization","name":"Fiscal\u00eda General de la Naci\u00f3n","url":"https:\/\/www.fiscalia.gov.co\/colombia\/","logo":{"@type":"ImageObject","inLanguage":"es-CO","@id":"https:\/\/www.fiscalia.gov.co\/colombia\/#\/schema\/logo\/image\/","url":"https:\/\/www.fiscalia.gov.co\/colombia\/wp-content\/uploads\/LogoHorizontal_1.jpg","contentUrl":"https:\/\/www.fiscalia.gov.co\/colombia\/wp-content\/uploads\/LogoHorizontal_1.jpg","width":300,"height":90,"caption":"Fiscal\u00eda General de la Naci\u00f3n"},"image":{"@id":"https:\/\/www.fiscalia.gov.co\/colombia\/#\/schema\/logo\/image\/"},"sameAs":["https:\/\/www.facebook.com\/FiscaliaCol","https:\/\/x.com\/FiscaliaCol","https:\/\/www.instagram.com\/fiscaliacol","https:\/\/www.linkedin.com\/company\/fiscalia-general-de-la-naci-n\/","https:\/\/youtube.com\/@fiscaliageneraldelanacion-4668?si=6nN79nyQICPU5iTh"]},{"@type":"Person","@id":"https:\/\/www.fiscalia.gov.co\/colombia\/#\/schema\/person\/176195b99ebab0a52aafa15197e1bf80","name":"Winnie Geraldine Rodr\u00edguez Navarrete","image":{"@type":"ImageObject","inLanguage":"es-CO","@id":"https:\/\/www.fiscalia.gov.co\/colombia\/#\/schema\/person\/image\/","url":"https:\/\/secure.gravatar.com\/avatar\/c24cf8481dc84fa5e8c7b20bc95ab0c6?s=96&d=mm&r=g","contentUrl":"https:\/\/secure.gravatar.com\/avatar\/c24cf8481dc84fa5e8c7b20bc95ab0c6?s=96&d=mm&r=g","caption":"Winnie Geraldine Rodr\u00edguez Navarrete"},"url":"https:\/\/www.fiscalia.gov.co\/colombia\/author\/winnierodriguez\/"}]}},"_links":{"self":[{"href":"https:\/\/www.fiscalia.gov.co\/colombia\/wp-json\/wp\/v2\/posts\/267812","targetHints":{"allow":["GET"]}}],"collection":[{"href":"https:\/\/www.fiscalia.gov.co\/colombia\/wp-json\/wp\/v2\/posts"}],"about":[{"href":"https:\/\/www.fiscalia.gov.co\/colombia\/wp-json\/wp\/v2\/types\/post"}],"author":[{"embeddable":true,"href":"https:\/\/www.fiscalia.gov.co\/colombia\/wp-json\/wp\/v2\/users\/178"}],"replies":[{"embeddable":true,"href":"https:\/\/www.fiscalia.gov.co\/colombia\/wp-json\/wp\/v2\/comments?post=267812"}],"version-history":[{"count":1,"href":"https:\/\/www.fiscalia.gov.co\/colombia\/wp-json\/wp\/v2\/posts\/267812\/revisions"}],"predecessor-version":[{"id":267814,"href":"https:\/\/www.fiscalia.gov.co\/colombia\/wp-json\/wp\/v2\/posts\/267812\/revisions\/267814"}],"wp:attachment":[{"href":"https:\/\/www.fiscalia.gov.co\/colombia\/wp-json\/wp\/v2\/media?parent=267812"}],"wp:term":[{"taxonomy":"category","embeddable":true,"href":"https:\/\/www.fiscalia.gov.co\/colombia\/wp-json\/wp\/v2\/categories?post=267812"},{"taxonomy":"post_tag","embeddable":true,"href":"https:\/\/www.fiscalia.gov.co\/colombia\/wp-json\/wp\/v2\/tags?post=267812"}],"curies":[{"name":"wp","href":"https:\/\/api.w.org\/{rel}","templated":true}]}}