{"id":267687,"date":"2023-03-06T16:26:16","date_gmt":"2023-03-06T21:26:16","guid":{"rendered":"https:\/\/www.fiscalia.gov.co\/colombia\/?p=267687"},"modified":"2023-03-14T09:55:37","modified_gmt":"2023-03-14T14:55:37","slug":"judicializados-dos-conductores-que-en-hechos-diferentes-le-habrian-causado-la-muerte-a-cuatro-personas-en-accidente-de-transito-ocurridos-en-copacabana-y-caldas-antioquia","status":"publish","type":"post","link":"https:\/\/www.fiscalia.gov.co\/colombia\/noticias\/judicializados-dos-conductores-que-en-hechos-diferentes-le-habrian-causado-la-muerte-a-cuatro-personas-en-accidente-de-transito-ocurridos-en-copacabana-y-caldas-antioquia\/","title":{"rendered":"Judicializados dos conductores que en hechos diferentes le habr\u00edan causado la muerte a cuatro personas en accidente de tr\u00e1nsito ocurridos en Copacabana y Caldas, Antioquia"},"content":{"rendered":"<h4><strong><i><span lang=\"ES\">En material probatorio da cuenta que los investigados, al parecer, conduc\u00edan en estado de embriaguez.<\/span><\/i><span lang=\"ES\">\u00a0<\/span><\/strong><\/h4>\n<p><span lang=\"ES\">La Fiscal\u00eda General de la Naci\u00f3n obtuvo medida de aseguramiento en su lugar de residencia en contra de dos conductores de veh\u00edculos de carga, como presuntos responsables de causar la muerte de 4 personas durante accidentes viales ocurridos en el Valle de Aburr\u00e1.\u00a0<\/span><\/p>\n<p><span lang=\"ES\">El primer accidente ocurri\u00f3 el domingo 26 de febrero en el sector La Primavera del municipio de Caldas, sur del Valle de Aburr\u00e1, d\u00f3nde un cami\u00f3n conducido por Manuel Esteban Casta\u00f1eda, de 39 a\u00f1os, atropell\u00f3 a tres ciclistas.\u00a0<\/span><\/p>\n<p><span lang=\"ES\">En el hecho falleci\u00f3 Jorge Alberto Tob\u00f3n Buitrago y resultaron lesionados Leidy Johana Jaramillo Galeano y Sergio Mart\u00edn L\u00f3pez Acosta.\u00a0<\/span><\/p>\n<p><span lang=\"ES\">El examen de alcoholemia practicado al conductor del veh\u00edculo arroj\u00f3 tercer grado de embriaguez. \u00a0<\/span><\/p>\n<p><span lang=\"ES\">El procesado no se allan\u00f3 a los cargos imputados por los delitos de homicidio con dolo eventual y lesiones personales dolosas con dolo eventual.\u00a0<\/span><\/p>\n<p><b><span lang=\"ES\">Tres homicidios en la autopista Medell\u00edn &#8211; Bogot\u00e1.\u00a0<\/span><\/b><\/p>\n<p><span lang=\"ES\">La Fiscal\u00eda obtuvo tambi\u00e9n medida de aseguramiento igual medida privativa de la libertad para Jorge Antonio Builes Henao, de 42 a\u00f1os Por otro accidente ocurrido la tarde de este lunes 27 de febrero en la autopista Medell\u00edn Bogot\u00e1, a la altura del municipio de Copacabana (Antioquia), en el que fallecieron una mujer y dos hombres,.\u00a0<\/span><\/p>\n<p><span lang=\"ES\">Seg\u00fan la investigaci\u00f3n adelantada por un fiscal de Unidad de Reacci\u00f3n Inmediata (URI), el accidente se produjo cuando el procesado invadi\u00f3 el carril contrario de la calzada con el tractocami\u00f3n que conduc\u00eda y embisti\u00f3 un bus y una volqueta.\u00a0<\/span><\/p>\n<p><span lang=\"ES\">En la acci\u00f3n fallecieron tres pasajeros del veh\u00edculo de servicio p\u00fablico, identificados como Joaqu\u00edn Alonso Calle \u00c1lvarez, Iv\u00e1n Dar\u00edo Zapata S\u00e1nchez y Mar\u00eda Yolanda Daza.\u00a0<\/span><\/p>\n<p><span lang=\"ES\">El conductor fue capturado por servidores de la Polic\u00eda Nacional y el examen de alcoholemia que se le practic\u00f3 dio como resultado primer grado de embriaguez.\u00a0<\/span><\/p>\n<p><span lang=\"ES\">Builes Henao no se allan\u00f3 a los cargos imputados por el delito de homicidio con dolo eventual, en concurso homog\u00e9neo y sucesivo.\u00a0<\/span><\/p>\n<p><b><span lang=\"ES\">La Fiscal\u00eda habla con resultados.<\/span><\/b><\/p>\n<p>&nbsp;<\/p>\n<p>&nbsp;<\/p>\n<p>&nbsp;<\/p>\n<p><span lang=\"ES\">\u00a0<\/span><\/p>\n<p><span lang=\"EN-US\">NAMT\/LFML\/CD\/RRM\/DSM\/MRC\/\u00a0<\/span><\/p>\n<p>&nbsp;<\/p>\n<p>&nbsp;<\/p>\n<p>&nbsp;<\/p>\n<p>&nbsp;<\/p>\n<p><em>La informaci\u00f3n contenida en este bolet\u00edn de prensa corresponde a la narraci\u00f3n de los hechos noticiosos objetivos, suministrados por los funcionarios encargados de adelantar las investigaciones penales al interior de la Fiscal\u00eda General de la Naci\u00f3n. Para el momento de la divulgaci\u00f3n de este comunicado, la situaci\u00f3n jur\u00eddica de la(s) persona(s) relacionada(s) se encuentra pendiente de resolver por la autoridad judicial competente, siempre bajo los preceptos de la presunci\u00f3n de inocencia, consagrados en el art\u00edculo 29 de la Constituci\u00f3n Pol\u00edtica y el art\u00edculo 7\u00ba de la Ley 906 de 2004.<\/em><\/p>\n\n<div class=\"twitter-share\"><a href=\"https:\/\/twitter.com\/intent\/tweet?via=fiscaliacol\" class=\"twitter-share-button\">Tweet<\/a><\/div>\n","protected":false},"excerpt":{"rendered":"<p>En material probatorio da cuenta que los investigados, al parecer, conduc\u00edan en estado de embriaguez.\u00a0 La Fiscal\u00eda General de la Naci\u00f3n obtuvo medida de aseguramiento en su lugar de residencia en contra de dos conductores de veh\u00edculos de carga, como presuntos responsables de causar la muerte de 4 personas durante accidentes viales ocurridos en el [&hellip;]<\/p>\n","protected":false},"author":178,"featured_media":0,"comment_status":"closed","ping_status":"open","sticky":false,"template":"","format":"video","meta":{"_price":"","_stock":"","_tribe_ticket_header":"","_tribe_default_ticket_provider":"","_tribe_ticket_capacity":"0","_ticket_start_date":"","_ticket_end_date":"","_tribe_ticket_show_description":"","_tribe_ticket_show_not_going":false,"_tribe_ticket_use_global_stock":"","_tribe_ticket_global_stock_level":"","_global_stock_mode":"","_global_stock_cap":"","_tribe_rsvp_for_event":"","_tribe_ticket_going_count":"","_tribe_ticket_not_going_count":"","_tribe_tickets_list":"[]","_tribe_ticket_has_attendee_info_fields":false,"tdm_status":"","tdm_grid_status":"","footnotes":""},"categories":[1,331,303],"tags":[34141,34140,1342,34138,23985,34137,34139,34142],"class_list":{"0":"post-267687","1":"post","2":"type-post","3":"status-publish","4":"format-video","6":"category-noticias","7":"category-seccional-medellin","8":"category-seccionales","9":"tag-a-la-altura-del-municipio-de-copacabana-antioquia","10":"tag-autopista-medellin-bogota","11":"tag-homicidio-con-dolo-eventual","12":"tag-lesiones-personales-dolosas-con-dolo-eventual","13":"tag-medellin-antioquia","14":"tag-presuntos-responsables-de-causar-la-muerte-de-4-personas-durante-accidentes-viales-ocurridos-en-el-valle-de-aburra","15":"tag-sector-la-primavera-del-municipio-de-caldas","16":"tag-tres-homicidios-en-la-autopista-medellin-bogota","17":"post_format-post-format-video"},"yoast_head":"<!-- This site is optimized with the Yoast SEO plugin v24.3 - https:\/\/yoast.com\/wordpress\/plugins\/seo\/ -->\n<title>Fiscal\u00eda General de la Naci\u00f3n<\/title>\n<meta name=\"description\" content=\"P\u00e1gina oficial de la Fiscal\u00eda General de la Naci\u00f3n \u2013 Colombia. Garantizamos el acceso efectivo a la justicia, la verdad y la reparaci\u00f3n de las v\u00edctimas de los delitos.\" \/>\n<meta name=\"robots\" content=\"noindex, follow\" \/>\n<meta property=\"og:locale\" content=\"es_ES\" \/>\n<meta property=\"og:type\" content=\"article\" \/>\n<meta property=\"og:title\" content=\"Fiscal\u00eda General de la Naci\u00f3n\" \/>\n<meta property=\"og:description\" content=\"P\u00e1gina oficial de la Fiscal\u00eda General de la Naci\u00f3n \u2013 Colombia. Garantizamos el acceso efectivo a la justicia, la verdad y la reparaci\u00f3n de las v\u00edctimas de los delitos.\" \/>\n<meta property=\"og:url\" content=\"https:\/\/www.fiscalia.gov.co\/colombia\/noticias\/judicializados-dos-conductores-que-en-hechos-diferentes-le-habrian-causado-la-muerte-a-cuatro-personas-en-accidente-de-transito-ocurridos-en-copacabana-y-caldas-antioquia\/\" \/>\n<meta property=\"og:site_name\" content=\"Fiscal\u00eda General de la Naci\u00f3n\" \/>\n<meta property=\"article:publisher\" content=\"https:\/\/www.facebook.com\/FiscaliaCol\" \/>\n<meta property=\"article:published_time\" content=\"2023-03-06T21:26:16+00:00\" \/>\n<meta property=\"article:modified_time\" content=\"2023-03-14T14:55:37+00:00\" \/>\n<meta name=\"author\" content=\"Winnie Geraldine Rodr\u00edguez Navarrete\" \/>\n<meta name=\"twitter:card\" content=\"summary_large_image\" \/>\n<meta name=\"twitter:creator\" content=\"@FiscaliaCol\" \/>\n<meta name=\"twitter:site\" content=\"@FiscaliaCol\" \/>\n<meta name=\"twitter:label1\" content=\"Escrito por\" \/>\n\t<meta name=\"twitter:data1\" content=\"Winnie Geraldine Rodr\u00edguez Navarrete\" \/>\n\t<meta name=\"twitter:label2\" content=\"Tiempo de lectura\" \/>\n\t<meta name=\"twitter:data2\" content=\"2 minutos\" \/>\n<script type=\"application\/ld+json\" class=\"yoast-schema-graph\">{\"@context\":\"https:\/\/schema.org\",\"@graph\":[{\"@type\":\"Article\",\"@id\":\"https:\/\/www.fiscalia.gov.co\/colombia\/noticias\/judicializados-dos-conductores-que-en-hechos-diferentes-le-habrian-causado-la-muerte-a-cuatro-personas-en-accidente-de-transito-ocurridos-en-copacabana-y-caldas-antioquia\/#article\",\"isPartOf\":{\"@id\":\"https:\/\/www.fiscalia.gov.co\/colombia\/noticias\/judicializados-dos-conductores-que-en-hechos-diferentes-le-habrian-causado-la-muerte-a-cuatro-personas-en-accidente-de-transito-ocurridos-en-copacabana-y-caldas-antioquia\/\"},\"author\":{\"name\":\"Winnie Geraldine Rodr\u00edguez Navarrete\",\"@id\":\"https:\/\/www.fiscalia.gov.co\/colombia\/#\/schema\/person\/176195b99ebab0a52aafa15197e1bf80\"},\"headline\":\"Judicializados dos conductores que en hechos diferentes le habr\u00edan causado la muerte a cuatro personas en accidente de tr\u00e1nsito ocurridos en Copacabana y Caldas, Antioquia\",\"datePublished\":\"2023-03-06T21:26:16+00:00\",\"dateModified\":\"2023-03-14T14:55:37+00:00\",\"mainEntityOfPage\":{\"@id\":\"https:\/\/www.fiscalia.gov.co\/colombia\/noticias\/judicializados-dos-conductores-que-en-hechos-diferentes-le-habrian-causado-la-muerte-a-cuatro-personas-en-accidente-de-transito-ocurridos-en-copacabana-y-caldas-antioquia\/\"},\"wordCount\":504,\"publisher\":{\"@id\":\"https:\/\/www.fiscalia.gov.co\/colombia\/#organization\"},\"keywords\":[\"a la altura del municipio de Copacabana (Antioquia)\",\"autopista Medell\u00edn Bogot\u00e1\",\"Homicidio con dolo eventual\",\"lesiones personales dolosas con dolo eventual\",\"Medell\u00edn (Antioquia)\",\"Presuntos responsables de causar la muerte de 4 personas durante accidentes viales ocurridos en el Valle de Aburr\u00e0\",\"sector La Primavera del municipio de Caldas\",\"Tres homicidios en la autopista Medell\u00edn Bogot\u00e1.\"],\"articleSection\":[\"Noticias\",\"Seccional Medell\u00edn\",\"Seccionales\"],\"inLanguage\":\"es-CO\"},{\"@type\":\"WebPage\",\"@id\":\"https:\/\/www.fiscalia.gov.co\/colombia\/noticias\/judicializados-dos-conductores-que-en-hechos-diferentes-le-habrian-causado-la-muerte-a-cuatro-personas-en-accidente-de-transito-ocurridos-en-copacabana-y-caldas-antioquia\/\",\"url\":\"https:\/\/www.fiscalia.gov.co\/colombia\/noticias\/judicializados-dos-conductores-que-en-hechos-diferentes-le-habrian-causado-la-muerte-a-cuatro-personas-en-accidente-de-transito-ocurridos-en-copacabana-y-caldas-antioquia\/\",\"name\":\"Fiscal\u00eda General de la Naci\u00f3n\",\"isPartOf\":{\"@id\":\"https:\/\/www.fiscalia.gov.co\/colombia\/#website\"},\"datePublished\":\"2023-03-06T21:26:16+00:00\",\"dateModified\":\"2023-03-14T14:55:37+00:00\",\"description\":\"P\u00e1gina oficial de la Fiscal\u00eda General de la Naci\u00f3n \u2013 Colombia. Garantizamos el acceso efectivo a la justicia, la verdad y la reparaci\u00f3n de las v\u00edctimas de los delitos.\",\"breadcrumb\":{\"@id\":\"https:\/\/www.fiscalia.gov.co\/colombia\/noticias\/judicializados-dos-conductores-que-en-hechos-diferentes-le-habrian-causado-la-muerte-a-cuatro-personas-en-accidente-de-transito-ocurridos-en-copacabana-y-caldas-antioquia\/#breadcrumb\"},\"inLanguage\":\"es-CO\",\"potentialAction\":[{\"@type\":\"ReadAction\",\"target\":[\"https:\/\/www.fiscalia.gov.co\/colombia\/noticias\/judicializados-dos-conductores-que-en-hechos-diferentes-le-habrian-causado-la-muerte-a-cuatro-personas-en-accidente-de-transito-ocurridos-en-copacabana-y-caldas-antioquia\/\"]}]},{\"@type\":\"BreadcrumbList\",\"@id\":\"https:\/\/www.fiscalia.gov.co\/colombia\/noticias\/judicializados-dos-conductores-que-en-hechos-diferentes-le-habrian-causado-la-muerte-a-cuatro-personas-en-accidente-de-transito-ocurridos-en-copacabana-y-caldas-antioquia\/#breadcrumb\",\"itemListElement\":[{\"@type\":\"ListItem\",\"position\":1,\"name\":\"Home\",\"item\":\"https:\/\/www.fiscalia.gov.co\/colombia\/\"},{\"@type\":\"ListItem\",\"position\":2,\"name\":\"Judicializados dos conductores que en hechos diferentes le habr\u00edan causado la muerte a cuatro personas en accidente de tr\u00e1nsito ocurridos en Copacabana y Caldas, Antioquia\"}]},{\"@type\":\"WebSite\",\"@id\":\"https:\/\/www.fiscalia.gov.co\/colombia\/#website\",\"url\":\"https:\/\/www.fiscalia.gov.co\/colombia\/\",\"name\":\"Fiscal\u00eda General de la Naci\u00f3n\",\"description\":\"P\u00e1gina oficial de la Fiscal\u00eda General de la Naci\u00f3n \u2013 Colombia. Garantizamos el acceso efectivo a la justicia, la verdad y la reparaci\u00f3n de las v\u00edctimas de los delitos.\",\"publisher\":{\"@id\":\"https:\/\/www.fiscalia.gov.co\/colombia\/#organization\"},\"potentialAction\":[{\"@type\":\"SearchAction\",\"target\":{\"@type\":\"EntryPoint\",\"urlTemplate\":\"https:\/\/www.fiscalia.gov.co\/colombia\/?s={search_term_string}\"},\"query-input\":{\"@type\":\"PropertyValueSpecification\",\"valueRequired\":true,\"valueName\":\"search_term_string\"}}],\"inLanguage\":\"es-CO\"},{\"@type\":\"Organization\",\"@id\":\"https:\/\/www.fiscalia.gov.co\/colombia\/#organization\",\"name\":\"Fiscal\u00eda General de la Naci\u00f3n\",\"url\":\"https:\/\/www.fiscalia.gov.co\/colombia\/\",\"logo\":{\"@type\":\"ImageObject\",\"inLanguage\":\"es-CO\",\"@id\":\"https:\/\/www.fiscalia.gov.co\/colombia\/#\/schema\/logo\/image\/\",\"url\":\"https:\/\/www.fiscalia.gov.co\/colombia\/wp-content\/uploads\/LogoHorizontal_1.jpg\",\"contentUrl\":\"https:\/\/www.fiscalia.gov.co\/colombia\/wp-content\/uploads\/LogoHorizontal_1.jpg\",\"width\":300,\"height\":90,\"caption\":\"Fiscal\u00eda General de la Naci\u00f3n\"},\"image\":{\"@id\":\"https:\/\/www.fiscalia.gov.co\/colombia\/#\/schema\/logo\/image\/\"},\"sameAs\":[\"https:\/\/www.facebook.com\/FiscaliaCol\",\"https:\/\/x.com\/FiscaliaCol\",\"https:\/\/www.instagram.com\/fiscaliacol\",\"https:\/\/www.linkedin.com\/company\/fiscalia-general-de-la-naci-n\/\",\"https:\/\/youtube.com\/@fiscaliageneraldelanacion-4668?si=6nN79nyQICPU5iTh\"]},{\"@type\":\"Person\",\"@id\":\"https:\/\/www.fiscalia.gov.co\/colombia\/#\/schema\/person\/176195b99ebab0a52aafa15197e1bf80\",\"name\":\"Winnie Geraldine Rodr\u00edguez Navarrete\",\"image\":{\"@type\":\"ImageObject\",\"inLanguage\":\"es-CO\",\"@id\":\"https:\/\/www.fiscalia.gov.co\/colombia\/#\/schema\/person\/image\/\",\"url\":\"https:\/\/secure.gravatar.com\/avatar\/c24cf8481dc84fa5e8c7b20bc95ab0c6?s=96&d=mm&r=g\",\"contentUrl\":\"https:\/\/secure.gravatar.com\/avatar\/c24cf8481dc84fa5e8c7b20bc95ab0c6?s=96&d=mm&r=g\",\"caption\":\"Winnie Geraldine Rodr\u00edguez Navarrete\"},\"url\":\"https:\/\/www.fiscalia.gov.co\/colombia\/author\/winnierodriguez\/\"}]}<\/script>\n<!-- \/ Yoast SEO plugin. -->","yoast_head_json":{"title":"Fiscal\u00eda General de la Naci\u00f3n","description":"P\u00e1gina oficial de la Fiscal\u00eda General de la Naci\u00f3n \u2013 Colombia. Garantizamos el acceso efectivo a la justicia, la verdad y la reparaci\u00f3n de las v\u00edctimas de los delitos.","robots":{"index":"noindex","follow":"follow"},"og_locale":"es_ES","og_type":"article","og_title":"Fiscal\u00eda General de la Naci\u00f3n","og_description":"P\u00e1gina oficial de la Fiscal\u00eda General de la Naci\u00f3n \u2013 Colombia. Garantizamos el acceso efectivo a la justicia, la verdad y la reparaci\u00f3n de las v\u00edctimas de los delitos.","og_url":"https:\/\/www.fiscalia.gov.co\/colombia\/noticias\/judicializados-dos-conductores-que-en-hechos-diferentes-le-habrian-causado-la-muerte-a-cuatro-personas-en-accidente-de-transito-ocurridos-en-copacabana-y-caldas-antioquia\/","og_site_name":"Fiscal\u00eda General de la Naci\u00f3n","article_publisher":"https:\/\/www.facebook.com\/FiscaliaCol","article_published_time":"2023-03-06T21:26:16+00:00","article_modified_time":"2023-03-14T14:55:37+00:00","author":"Winnie Geraldine Rodr\u00edguez Navarrete","twitter_card":"summary_large_image","twitter_creator":"@FiscaliaCol","twitter_site":"@FiscaliaCol","twitter_misc":{"Escrito por":"Winnie Geraldine Rodr\u00edguez Navarrete","Tiempo de lectura":"2 minutos"},"schema":{"@context":"https:\/\/schema.org","@graph":[{"@type":"Article","@id":"https:\/\/www.fiscalia.gov.co\/colombia\/noticias\/judicializados-dos-conductores-que-en-hechos-diferentes-le-habrian-causado-la-muerte-a-cuatro-personas-en-accidente-de-transito-ocurridos-en-copacabana-y-caldas-antioquia\/#article","isPartOf":{"@id":"https:\/\/www.fiscalia.gov.co\/colombia\/noticias\/judicializados-dos-conductores-que-en-hechos-diferentes-le-habrian-causado-la-muerte-a-cuatro-personas-en-accidente-de-transito-ocurridos-en-copacabana-y-caldas-antioquia\/"},"author":{"name":"Winnie Geraldine Rodr\u00edguez Navarrete","@id":"https:\/\/www.fiscalia.gov.co\/colombia\/#\/schema\/person\/176195b99ebab0a52aafa15197e1bf80"},"headline":"Judicializados dos conductores que en hechos diferentes le habr\u00edan causado la muerte a cuatro personas en accidente de tr\u00e1nsito ocurridos en Copacabana y Caldas, Antioquia","datePublished":"2023-03-06T21:26:16+00:00","dateModified":"2023-03-14T14:55:37+00:00","mainEntityOfPage":{"@id":"https:\/\/www.fiscalia.gov.co\/colombia\/noticias\/judicializados-dos-conductores-que-en-hechos-diferentes-le-habrian-causado-la-muerte-a-cuatro-personas-en-accidente-de-transito-ocurridos-en-copacabana-y-caldas-antioquia\/"},"wordCount":504,"publisher":{"@id":"https:\/\/www.fiscalia.gov.co\/colombia\/#organization"},"keywords":["a la altura del municipio de Copacabana (Antioquia)","autopista Medell\u00edn Bogot\u00e1","Homicidio con dolo eventual","lesiones personales dolosas con dolo eventual","Medell\u00edn (Antioquia)","Presuntos responsables de causar la muerte de 4 personas durante accidentes viales ocurridos en el Valle de Aburr\u00e0","sector La Primavera del municipio de Caldas","Tres homicidios en la autopista Medell\u00edn Bogot\u00e1."],"articleSection":["Noticias","Seccional Medell\u00edn","Seccionales"],"inLanguage":"es-CO"},{"@type":"WebPage","@id":"https:\/\/www.fiscalia.gov.co\/colombia\/noticias\/judicializados-dos-conductores-que-en-hechos-diferentes-le-habrian-causado-la-muerte-a-cuatro-personas-en-accidente-de-transito-ocurridos-en-copacabana-y-caldas-antioquia\/","url":"https:\/\/www.fiscalia.gov.co\/colombia\/noticias\/judicializados-dos-conductores-que-en-hechos-diferentes-le-habrian-causado-la-muerte-a-cuatro-personas-en-accidente-de-transito-ocurridos-en-copacabana-y-caldas-antioquia\/","name":"Fiscal\u00eda General de la Naci\u00f3n","isPartOf":{"@id":"https:\/\/www.fiscalia.gov.co\/colombia\/#website"},"datePublished":"2023-03-06T21:26:16+00:00","dateModified":"2023-03-14T14:55:37+00:00","description":"P\u00e1gina oficial de la Fiscal\u00eda General de la Naci\u00f3n \u2013 Colombia. Garantizamos el acceso efectivo a la justicia, la verdad y la reparaci\u00f3n de las v\u00edctimas de los delitos.","breadcrumb":{"@id":"https:\/\/www.fiscalia.gov.co\/colombia\/noticias\/judicializados-dos-conductores-que-en-hechos-diferentes-le-habrian-causado-la-muerte-a-cuatro-personas-en-accidente-de-transito-ocurridos-en-copacabana-y-caldas-antioquia\/#breadcrumb"},"inLanguage":"es-CO","potentialAction":[{"@type":"ReadAction","target":["https:\/\/www.fiscalia.gov.co\/colombia\/noticias\/judicializados-dos-conductores-que-en-hechos-diferentes-le-habrian-causado-la-muerte-a-cuatro-personas-en-accidente-de-transito-ocurridos-en-copacabana-y-caldas-antioquia\/"]}]},{"@type":"BreadcrumbList","@id":"https:\/\/www.fiscalia.gov.co\/colombia\/noticias\/judicializados-dos-conductores-que-en-hechos-diferentes-le-habrian-causado-la-muerte-a-cuatro-personas-en-accidente-de-transito-ocurridos-en-copacabana-y-caldas-antioquia\/#breadcrumb","itemListElement":[{"@type":"ListItem","position":1,"name":"Home","item":"https:\/\/www.fiscalia.gov.co\/colombia\/"},{"@type":"ListItem","position":2,"name":"Judicializados dos conductores que en hechos diferentes le habr\u00edan causado la muerte a cuatro personas en accidente de tr\u00e1nsito ocurridos en Copacabana y Caldas, Antioquia"}]},{"@type":"WebSite","@id":"https:\/\/www.fiscalia.gov.co\/colombia\/#website","url":"https:\/\/www.fiscalia.gov.co\/colombia\/","name":"Fiscal\u00eda General de la Naci\u00f3n","description":"P\u00e1gina oficial de la Fiscal\u00eda General de la Naci\u00f3n \u2013 Colombia. Garantizamos el acceso efectivo a la justicia, la verdad y la reparaci\u00f3n de las v\u00edctimas de los delitos.","publisher":{"@id":"https:\/\/www.fiscalia.gov.co\/colombia\/#organization"},"potentialAction":[{"@type":"SearchAction","target":{"@type":"EntryPoint","urlTemplate":"https:\/\/www.fiscalia.gov.co\/colombia\/?s={search_term_string}"},"query-input":{"@type":"PropertyValueSpecification","valueRequired":true,"valueName":"search_term_string"}}],"inLanguage":"es-CO"},{"@type":"Organization","@id":"https:\/\/www.fiscalia.gov.co\/colombia\/#organization","name":"Fiscal\u00eda General de la Naci\u00f3n","url":"https:\/\/www.fiscalia.gov.co\/colombia\/","logo":{"@type":"ImageObject","inLanguage":"es-CO","@id":"https:\/\/www.fiscalia.gov.co\/colombia\/#\/schema\/logo\/image\/","url":"https:\/\/www.fiscalia.gov.co\/colombia\/wp-content\/uploads\/LogoHorizontal_1.jpg","contentUrl":"https:\/\/www.fiscalia.gov.co\/colombia\/wp-content\/uploads\/LogoHorizontal_1.jpg","width":300,"height":90,"caption":"Fiscal\u00eda General de la Naci\u00f3n"},"image":{"@id":"https:\/\/www.fiscalia.gov.co\/colombia\/#\/schema\/logo\/image\/"},"sameAs":["https:\/\/www.facebook.com\/FiscaliaCol","https:\/\/x.com\/FiscaliaCol","https:\/\/www.instagram.com\/fiscaliacol","https:\/\/www.linkedin.com\/company\/fiscalia-general-de-la-naci-n\/","https:\/\/youtube.com\/@fiscaliageneraldelanacion-4668?si=6nN79nyQICPU5iTh"]},{"@type":"Person","@id":"https:\/\/www.fiscalia.gov.co\/colombia\/#\/schema\/person\/176195b99ebab0a52aafa15197e1bf80","name":"Winnie Geraldine Rodr\u00edguez Navarrete","image":{"@type":"ImageObject","inLanguage":"es-CO","@id":"https:\/\/www.fiscalia.gov.co\/colombia\/#\/schema\/person\/image\/","url":"https:\/\/secure.gravatar.com\/avatar\/c24cf8481dc84fa5e8c7b20bc95ab0c6?s=96&d=mm&r=g","contentUrl":"https:\/\/secure.gravatar.com\/avatar\/c24cf8481dc84fa5e8c7b20bc95ab0c6?s=96&d=mm&r=g","caption":"Winnie Geraldine Rodr\u00edguez Navarrete"},"url":"https:\/\/www.fiscalia.gov.co\/colombia\/author\/winnierodriguez\/"}]}},"_links":{"self":[{"href":"https:\/\/www.fiscalia.gov.co\/colombia\/wp-json\/wp\/v2\/posts\/267687","targetHints":{"allow":["GET"]}}],"collection":[{"href":"https:\/\/www.fiscalia.gov.co\/colombia\/wp-json\/wp\/v2\/posts"}],"about":[{"href":"https:\/\/www.fiscalia.gov.co\/colombia\/wp-json\/wp\/v2\/types\/post"}],"author":[{"embeddable":true,"href":"https:\/\/www.fiscalia.gov.co\/colombia\/wp-json\/wp\/v2\/users\/178"}],"replies":[{"embeddable":true,"href":"https:\/\/www.fiscalia.gov.co\/colombia\/wp-json\/wp\/v2\/comments?post=267687"}],"version-history":[{"count":1,"href":"https:\/\/www.fiscalia.gov.co\/colombia\/wp-json\/wp\/v2\/posts\/267687\/revisions"}],"predecessor-version":[{"id":267688,"href":"https:\/\/www.fiscalia.gov.co\/colombia\/wp-json\/wp\/v2\/posts\/267687\/revisions\/267688"}],"wp:attachment":[{"href":"https:\/\/www.fiscalia.gov.co\/colombia\/wp-json\/wp\/v2\/media?parent=267687"}],"wp:term":[{"taxonomy":"category","embeddable":true,"href":"https:\/\/www.fiscalia.gov.co\/colombia\/wp-json\/wp\/v2\/categories?post=267687"},{"taxonomy":"post_tag","embeddable":true,"href":"https:\/\/www.fiscalia.gov.co\/colombia\/wp-json\/wp\/v2\/tags?post=267687"}],"curies":[{"name":"wp","href":"https:\/\/api.w.org\/{rel}","templated":true}]}}