{"id":267649,"date":"2023-03-05T11:18:12","date_gmt":"2023-03-05T16:18:12","guid":{"rendered":"https:\/\/www.fiscalia.gov.co\/colombia\/?p=267649"},"modified":"2023-03-05T11:18:12","modified_gmt":"2023-03-05T16:18:12","slug":"caen-los-del-rancho-estructura-criminal-a-la-que-se-la-atribuyen-hechos-sicariales-extorsiones-hurtos-y-comercio-de-estupefacientes","status":"publish","type":"post","link":"https:\/\/www.fiscalia.gov.co\/colombia\/noticias\/caen-los-del-rancho-estructura-criminal-a-la-que-se-la-atribuyen-hechos-sicariales-extorsiones-hurtos-y-comercio-de-estupefacientes\/","title":{"rendered":"Caen \u2018Los del Rancho\u2019, estructura criminal a la que se la atribuyen hechos sicariales, extorsiones, hurtos y comercio de estupefacientes"},"content":{"rendered":"<ul>\n<li>\n<h4><strong><em>Los procesados estar\u00edan involucrados en acciones ilegales contra la fuerza p\u00fablica y en la instrumentalizaci\u00f3n de menores de edad para la comisi\u00f3n de delitos.<\/em><\/strong><\/h4>\n<\/li>\n<li>\n<h4><strong><em>Ocho de sus presuntos integrantes, entre ellos el se\u00f1alado cabecilla, fueron capturados y y judicializados.<\/em><\/strong><\/h4>\n<\/li>\n<\/ul>\n<p>La Fiscal\u00eda General de la Naci\u00f3n, a trav\u00e9s de Seccional Cundinamarca, captur\u00f3 a ocho presuntos integrantes de la estructura delictiva \u2018Los del Rancho\u2019 se\u00f1alada de m\u00faltiples actividades criminales cometidas en Girardot, Ricaurte, Tocaima y Agua de Dios (Cundinamarca); as\u00ed como en los municipios tolimenses de Flandes y El Espinal.<\/p>\n<p>Labores de polic\u00eda judicial demuestran que la organizaci\u00f3n criminal estar\u00eda conformada por dos componentes distintos. Uno, responsable de cometer homicidios y hurtos violentos, y el segundo dedicado al tr\u00e1fico y comercializaci\u00f3n de estupefacientes al menudeo.<\/p>\n<p>Abundante evidencia t\u00e9cnica demuestra que \u2018Los del Rancho\u2019, al parecer pactaban alianzas con otras organizaciones para cometer asesinatos, extorsiones e incluso acciones delictivas contra la fuerza p\u00fablica.<\/p>\n<p>Una de las muertes violentas donde se presume particip\u00f3 esta red, ocurri\u00f3 el 20 de febrero de 2022 en zona rural de Ricaurte (Cundinamarca) donde fue asesinado un hombre y result\u00f3 herida otra persona, en medio de un hurto violento.<\/p>\n<p><strong>Golpe estructural a \u2018Los del Rancho\u2019<\/strong><\/p>\n<p>Las diligencias de captura se realizaron en Girardot (Cundinamarca) y Flandes (Tolima). En los procedimientos fueron incautados dos veh\u00edculos de servicio p\u00fablico, una motocicleta y tres celulares que habr\u00edan sido utilizados para cometer los delitos.<\/p>\n<p>Entre los detenidos est\u00e1n Brallan Eduardo Orosco Santos, alias Cuco o Qu, presunto articulador de homicidios, hurtos y la comercializaci\u00f3n de estupefacientes. Otro de los capturados es Henry Alexis Perdomo Cuellar, alias Condu quien, aparentemente, utilizaba<\/p>\n<p>taxis para transportar armas, estupefacientes y elementos hurtados; adem\u00e1s de integrantes de la estructura ilegal.<\/p>\n<p>Tambi\u00e9n fueron judicializados \u00d3scar Steven Salguero Ferrer, alias \u00d3scar; Bincen Cano Silva, alias Vicente; \u00d3scar Ch\u00e1vez Otavo, alias Comando; Jhonatan Vargas Mill\u00e1n, alias Camala; Jhon Haner Garc\u00eda Rodr\u00edguez, alias Chivo; y \u00d3scar Eduardo Bedoya Mu\u00f1oz, alias Ojitos.<\/p>\n<p>La Fiscal\u00eda imput\u00f3 a los procesados, seg\u00fan el grado de posible participaci\u00f3n delitos como: homicidio agravado, tentativa de homicidio, concierto para delinquir agravado; tr\u00e1fico, fabricaci\u00f3n o porte de estupefacientes; y hurto calificado y agravado.<\/p>\n<p>Los procesados no se allanaron a los cargos y fueron privados de la libertad en establecimientos carcelarios.<\/p>\n<p>Esta informaci\u00f3n se publica por razones de inter\u00e9s general.<\/p>\n<p><strong>La Fiscal\u00eda habla con resultados.<\/strong><\/p>\n<p>&nbsp;<\/p>\n<p>&nbsp;<\/p>\n<p>&nbsp;<\/p>\n<p>&nbsp;<\/p>\n<p>&nbsp;<\/p>\n<p>LMBG\/MAGA\/CMSV\/DAC\/MRC.<\/p>\n<p>&nbsp;<\/p>\n<p>&nbsp;<\/p>\n<p>&nbsp;<\/p>\n<p>&nbsp;<\/p>\n<p>&nbsp;<\/p>\n<div class=\"td-post-content tagdiv-type\">\n<div class=\"td-post-content tagdiv-type\">\n<div class=\"td-post-content tagdiv-type\">\n<div class=\"td-post-content tagdiv-type\">\n<p><em>La informaci\u00f3n contenida en este bolet\u00edn de prensa corresponde a la narraci\u00f3n de los hechos noticiosos objetivos, suministrados por los funcionarios encargados de adelantar las investigaciones penales al interior de la Fiscal\u00eda General de la Naci\u00f3n. Para el momento de la divulgaci\u00f3n de este comunicado, la situaci\u00f3n jur\u00eddica de la(s) persona(s) relacionada(s) se encuentra pendiente de resolver por la autoridad judicial competente, siempre bajo los preceptos de la presunci\u00f3n de inocencia, consagrados en el art\u00edculo 29 de la Constituci\u00f3n Pol\u00edtica y el art\u00edculo 7\u00ba de la Ley 906 de 2004.<\/em><\/p>\n<\/div>\n<\/div>\n<\/div>\n<\/div>\n\n<div class=\"twitter-share\"><a href=\"https:\/\/twitter.com\/intent\/tweet?via=fiscaliacol\" class=\"twitter-share-button\">Tweet<\/a><\/div>\n","protected":false},"excerpt":{"rendered":"<p>Los procesados estar\u00edan involucrados en acciones ilegales contra la fuerza p\u00fablica y en la instrumentalizaci\u00f3n de menores de edad para la comisi\u00f3n de delitos. Ocho de sus presuntos integrantes, entre ellos el se\u00f1alado cabecilla, fueron capturados y y judicializados. La Fiscal\u00eda General de la Naci\u00f3n, a trav\u00e9s de Seccional Cundinamarca, captur\u00f3 a ocho presuntos integrantes [&hellip;]<\/p>\n","protected":false},"author":177,"featured_media":0,"comment_status":"closed","ping_status":"open","sticky":false,"template":"","format":"standard","meta":{"_price":"","_stock":"","_tribe_ticket_header":"","_tribe_default_ticket_provider":"","_tribe_ticket_capacity":"0","_ticket_start_date":"","_ticket_end_date":"","_tribe_ticket_show_description":"","_tribe_ticket_show_not_going":false,"_tribe_ticket_use_global_stock":"","_tribe_ticket_global_stock_level":"","_global_stock_mode":"","_global_stock_cap":"","_tribe_rsvp_for_event":"","_tribe_ticket_going_count":"","_tribe_ticket_not_going_count":"","_tribe_tickets_list":"[]","_tribe_ticket_has_attendee_info_fields":false,"tdm_status":"","tdm_grid_status":"","footnotes":""},"categories":[1,327,303,24099],"tags":[15648,17511,33408,32530,1047,18320,34135,1628],"class_list":{"0":"post-267649","1":"post","2":"type-post","3":"status-publish","4":"format-standard","6":"category-noticias","7":"category-seccional-cundinamarca","8":"category-seccionales","9":"category-seguridad-territorial","10":"tag-cundinamarca","11":"tag-estructura-criminal","12":"tag-estupefaceintes","13":"tag-fical-barbosa","14":"tag-fiscalia-general-de-la-nacion","15":"tag-hurtos","16":"tag-instrumentalizacion","17":"tag-menores-de-edad"},"yoast_head":"<!-- This site is optimized with the Yoast SEO plugin v24.3 - https:\/\/yoast.com\/wordpress\/plugins\/seo\/ -->\n<title>Fiscal\u00eda General de la Naci\u00f3n<\/title>\n<meta name=\"description\" content=\"P\u00e1gina oficial de la Fiscal\u00eda General de la Naci\u00f3n \u2013 Colombia. Garantizamos el acceso efectivo a la justicia, la verdad y la reparaci\u00f3n de las v\u00edctimas de los delitos.\" \/>\n<meta name=\"robots\" content=\"noindex, follow\" \/>\n<meta property=\"og:locale\" content=\"es_ES\" \/>\n<meta property=\"og:type\" content=\"article\" \/>\n<meta property=\"og:title\" content=\"Fiscal\u00eda General de la Naci\u00f3n\" \/>\n<meta property=\"og:description\" content=\"P\u00e1gina oficial de la Fiscal\u00eda General de la Naci\u00f3n \u2013 Colombia. Garantizamos el acceso efectivo a la justicia, la verdad y la reparaci\u00f3n de las v\u00edctimas de los delitos.\" \/>\n<meta property=\"og:url\" content=\"https:\/\/www.fiscalia.gov.co\/colombia\/noticias\/caen-los-del-rancho-estructura-criminal-a-la-que-se-la-atribuyen-hechos-sicariales-extorsiones-hurtos-y-comercio-de-estupefacientes\/\" \/>\n<meta property=\"og:site_name\" content=\"Fiscal\u00eda General de la Naci\u00f3n\" \/>\n<meta property=\"article:publisher\" content=\"https:\/\/www.facebook.com\/FiscaliaCol\" \/>\n<meta property=\"article:published_time\" content=\"2023-03-05T16:18:12+00:00\" \/>\n<meta name=\"author\" content=\"Jordan Leandro Oviedo Anzola\" \/>\n<meta name=\"twitter:card\" content=\"summary_large_image\" \/>\n<meta name=\"twitter:creator\" content=\"@FiscaliaCol\" \/>\n<meta name=\"twitter:site\" content=\"@FiscaliaCol\" \/>\n<meta name=\"twitter:label1\" content=\"Escrito por\" \/>\n\t<meta name=\"twitter:data1\" content=\"Jordan Leandro Oviedo Anzola\" \/>\n\t<meta name=\"twitter:label2\" content=\"Tiempo de lectura\" \/>\n\t<meta name=\"twitter:data2\" content=\"3 minutos\" \/>\n<script type=\"application\/ld+json\" class=\"yoast-schema-graph\">{\"@context\":\"https:\/\/schema.org\",\"@graph\":[{\"@type\":\"Article\",\"@id\":\"https:\/\/www.fiscalia.gov.co\/colombia\/noticias\/caen-los-del-rancho-estructura-criminal-a-la-que-se-la-atribuyen-hechos-sicariales-extorsiones-hurtos-y-comercio-de-estupefacientes\/#article\",\"isPartOf\":{\"@id\":\"https:\/\/www.fiscalia.gov.co\/colombia\/noticias\/caen-los-del-rancho-estructura-criminal-a-la-que-se-la-atribuyen-hechos-sicariales-extorsiones-hurtos-y-comercio-de-estupefacientes\/\"},\"author\":{\"name\":\"Jordan Leandro Oviedo Anzola\",\"@id\":\"https:\/\/www.fiscalia.gov.co\/colombia\/#\/schema\/person\/bf84402cf293a5393e9c70b111020b24\"},\"headline\":\"Caen \u2018Los del Rancho\u2019, estructura criminal a la que se la atribuyen hechos sicariales, extorsiones, hurtos y comercio de estupefacientes\",\"datePublished\":\"2023-03-05T16:18:12+00:00\",\"dateModified\":\"2023-03-05T16:18:12+00:00\",\"mainEntityOfPage\":{\"@id\":\"https:\/\/www.fiscalia.gov.co\/colombia\/noticias\/caen-los-del-rancho-estructura-criminal-a-la-que-se-la-atribuyen-hechos-sicariales-extorsiones-hurtos-y-comercio-de-estupefacientes\/\"},\"wordCount\":556,\"publisher\":{\"@id\":\"https:\/\/www.fiscalia.gov.co\/colombia\/#organization\"},\"keywords\":[\"Cundinamarca\",\"Estructura criminal\",\"estupefaceintes\",\"Fical Barbosa\",\"Fiscal\u00eda General de la Naci\u00f3n\",\"Hurtos\",\"instrumentalizaci\u00f3n\",\"Menores de edad\"],\"articleSection\":[\"Noticias\",\"Seccional Cundinamarca\",\"Seccionales\",\"Seguridad territorial\"],\"inLanguage\":\"es-CO\"},{\"@type\":\"WebPage\",\"@id\":\"https:\/\/www.fiscalia.gov.co\/colombia\/noticias\/caen-los-del-rancho-estructura-criminal-a-la-que-se-la-atribuyen-hechos-sicariales-extorsiones-hurtos-y-comercio-de-estupefacientes\/\",\"url\":\"https:\/\/www.fiscalia.gov.co\/colombia\/noticias\/caen-los-del-rancho-estructura-criminal-a-la-que-se-la-atribuyen-hechos-sicariales-extorsiones-hurtos-y-comercio-de-estupefacientes\/\",\"name\":\"Fiscal\u00eda General de la Naci\u00f3n\",\"isPartOf\":{\"@id\":\"https:\/\/www.fiscalia.gov.co\/colombia\/#website\"},\"datePublished\":\"2023-03-05T16:18:12+00:00\",\"dateModified\":\"2023-03-05T16:18:12+00:00\",\"description\":\"P\u00e1gina oficial de la Fiscal\u00eda General de la Naci\u00f3n \u2013 Colombia. Garantizamos el acceso efectivo a la justicia, la verdad y la reparaci\u00f3n de las v\u00edctimas de los delitos.\",\"breadcrumb\":{\"@id\":\"https:\/\/www.fiscalia.gov.co\/colombia\/noticias\/caen-los-del-rancho-estructura-criminal-a-la-que-se-la-atribuyen-hechos-sicariales-extorsiones-hurtos-y-comercio-de-estupefacientes\/#breadcrumb\"},\"inLanguage\":\"es-CO\",\"potentialAction\":[{\"@type\":\"ReadAction\",\"target\":[\"https:\/\/www.fiscalia.gov.co\/colombia\/noticias\/caen-los-del-rancho-estructura-criminal-a-la-que-se-la-atribuyen-hechos-sicariales-extorsiones-hurtos-y-comercio-de-estupefacientes\/\"]}]},{\"@type\":\"BreadcrumbList\",\"@id\":\"https:\/\/www.fiscalia.gov.co\/colombia\/noticias\/caen-los-del-rancho-estructura-criminal-a-la-que-se-la-atribuyen-hechos-sicariales-extorsiones-hurtos-y-comercio-de-estupefacientes\/#breadcrumb\",\"itemListElement\":[{\"@type\":\"ListItem\",\"position\":1,\"name\":\"Home\",\"item\":\"https:\/\/www.fiscalia.gov.co\/colombia\/\"},{\"@type\":\"ListItem\",\"position\":2,\"name\":\"Caen \u2018Los del Rancho\u2019, estructura criminal a la que se la atribuyen hechos sicariales, extorsiones, hurtos y comercio de estupefacientes\"}]},{\"@type\":\"WebSite\",\"@id\":\"https:\/\/www.fiscalia.gov.co\/colombia\/#website\",\"url\":\"https:\/\/www.fiscalia.gov.co\/colombia\/\",\"name\":\"Fiscal\u00eda General de la Naci\u00f3n\",\"description\":\"P\u00e1gina oficial de la Fiscal\u00eda General de la Naci\u00f3n \u2013 Colombia. Garantizamos el acceso efectivo a la justicia, la verdad y la reparaci\u00f3n de las v\u00edctimas de los delitos.\",\"publisher\":{\"@id\":\"https:\/\/www.fiscalia.gov.co\/colombia\/#organization\"},\"potentialAction\":[{\"@type\":\"SearchAction\",\"target\":{\"@type\":\"EntryPoint\",\"urlTemplate\":\"https:\/\/www.fiscalia.gov.co\/colombia\/?s={search_term_string}\"},\"query-input\":{\"@type\":\"PropertyValueSpecification\",\"valueRequired\":true,\"valueName\":\"search_term_string\"}}],\"inLanguage\":\"es-CO\"},{\"@type\":\"Organization\",\"@id\":\"https:\/\/www.fiscalia.gov.co\/colombia\/#organization\",\"name\":\"Fiscal\u00eda General de la Naci\u00f3n\",\"url\":\"https:\/\/www.fiscalia.gov.co\/colombia\/\",\"logo\":{\"@type\":\"ImageObject\",\"inLanguage\":\"es-CO\",\"@id\":\"https:\/\/www.fiscalia.gov.co\/colombia\/#\/schema\/logo\/image\/\",\"url\":\"https:\/\/www.fiscalia.gov.co\/colombia\/wp-content\/uploads\/LogoHorizontal_1.jpg\",\"contentUrl\":\"https:\/\/www.fiscalia.gov.co\/colombia\/wp-content\/uploads\/LogoHorizontal_1.jpg\",\"width\":300,\"height\":90,\"caption\":\"Fiscal\u00eda General de la Naci\u00f3n\"},\"image\":{\"@id\":\"https:\/\/www.fiscalia.gov.co\/colombia\/#\/schema\/logo\/image\/\"},\"sameAs\":[\"https:\/\/www.facebook.com\/FiscaliaCol\",\"https:\/\/x.com\/FiscaliaCol\",\"https:\/\/www.instagram.com\/fiscaliacol\",\"https:\/\/www.linkedin.com\/company\/fiscalia-general-de-la-naci-n\/\",\"https:\/\/youtube.com\/@fiscaliageneraldelanacion-4668?si=6nN79nyQICPU5iTh\"]},{\"@type\":\"Person\",\"@id\":\"https:\/\/www.fiscalia.gov.co\/colombia\/#\/schema\/person\/bf84402cf293a5393e9c70b111020b24\",\"name\":\"Jordan Leandro Oviedo Anzola\",\"image\":{\"@type\":\"ImageObject\",\"inLanguage\":\"es-CO\",\"@id\":\"https:\/\/www.fiscalia.gov.co\/colombia\/#\/schema\/person\/image\/\",\"url\":\"https:\/\/secure.gravatar.com\/avatar\/dabba4346fa9b9207d96adafa8f92721?s=96&d=mm&r=g\",\"contentUrl\":\"https:\/\/secure.gravatar.com\/avatar\/dabba4346fa9b9207d96adafa8f92721?s=96&d=mm&r=g\",\"caption\":\"Jordan Leandro Oviedo Anzola\"},\"url\":\"https:\/\/www.fiscalia.gov.co\/colombia\/author\/joviedo\/\"}]}<\/script>\n<!-- \/ Yoast SEO plugin. -->","yoast_head_json":{"title":"Fiscal\u00eda General de la Naci\u00f3n","description":"P\u00e1gina oficial de la Fiscal\u00eda General de la Naci\u00f3n \u2013 Colombia. Garantizamos el acceso efectivo a la justicia, la verdad y la reparaci\u00f3n de las v\u00edctimas de los delitos.","robots":{"index":"noindex","follow":"follow"},"og_locale":"es_ES","og_type":"article","og_title":"Fiscal\u00eda General de la Naci\u00f3n","og_description":"P\u00e1gina oficial de la Fiscal\u00eda General de la Naci\u00f3n \u2013 Colombia. Garantizamos el acceso efectivo a la justicia, la verdad y la reparaci\u00f3n de las v\u00edctimas de los delitos.","og_url":"https:\/\/www.fiscalia.gov.co\/colombia\/noticias\/caen-los-del-rancho-estructura-criminal-a-la-que-se-la-atribuyen-hechos-sicariales-extorsiones-hurtos-y-comercio-de-estupefacientes\/","og_site_name":"Fiscal\u00eda General de la Naci\u00f3n","article_publisher":"https:\/\/www.facebook.com\/FiscaliaCol","article_published_time":"2023-03-05T16:18:12+00:00","author":"Jordan Leandro Oviedo Anzola","twitter_card":"summary_large_image","twitter_creator":"@FiscaliaCol","twitter_site":"@FiscaliaCol","twitter_misc":{"Escrito por":"Jordan Leandro Oviedo Anzola","Tiempo de lectura":"3 minutos"},"schema":{"@context":"https:\/\/schema.org","@graph":[{"@type":"Article","@id":"https:\/\/www.fiscalia.gov.co\/colombia\/noticias\/caen-los-del-rancho-estructura-criminal-a-la-que-se-la-atribuyen-hechos-sicariales-extorsiones-hurtos-y-comercio-de-estupefacientes\/#article","isPartOf":{"@id":"https:\/\/www.fiscalia.gov.co\/colombia\/noticias\/caen-los-del-rancho-estructura-criminal-a-la-que-se-la-atribuyen-hechos-sicariales-extorsiones-hurtos-y-comercio-de-estupefacientes\/"},"author":{"name":"Jordan Leandro Oviedo Anzola","@id":"https:\/\/www.fiscalia.gov.co\/colombia\/#\/schema\/person\/bf84402cf293a5393e9c70b111020b24"},"headline":"Caen \u2018Los del Rancho\u2019, estructura criminal a la que se la atribuyen hechos sicariales, extorsiones, hurtos y comercio de estupefacientes","datePublished":"2023-03-05T16:18:12+00:00","dateModified":"2023-03-05T16:18:12+00:00","mainEntityOfPage":{"@id":"https:\/\/www.fiscalia.gov.co\/colombia\/noticias\/caen-los-del-rancho-estructura-criminal-a-la-que-se-la-atribuyen-hechos-sicariales-extorsiones-hurtos-y-comercio-de-estupefacientes\/"},"wordCount":556,"publisher":{"@id":"https:\/\/www.fiscalia.gov.co\/colombia\/#organization"},"keywords":["Cundinamarca","Estructura criminal","estupefaceintes","Fical Barbosa","Fiscal\u00eda General de la Naci\u00f3n","Hurtos","instrumentalizaci\u00f3n","Menores de edad"],"articleSection":["Noticias","Seccional Cundinamarca","Seccionales","Seguridad territorial"],"inLanguage":"es-CO"},{"@type":"WebPage","@id":"https:\/\/www.fiscalia.gov.co\/colombia\/noticias\/caen-los-del-rancho-estructura-criminal-a-la-que-se-la-atribuyen-hechos-sicariales-extorsiones-hurtos-y-comercio-de-estupefacientes\/","url":"https:\/\/www.fiscalia.gov.co\/colombia\/noticias\/caen-los-del-rancho-estructura-criminal-a-la-que-se-la-atribuyen-hechos-sicariales-extorsiones-hurtos-y-comercio-de-estupefacientes\/","name":"Fiscal\u00eda General de la Naci\u00f3n","isPartOf":{"@id":"https:\/\/www.fiscalia.gov.co\/colombia\/#website"},"datePublished":"2023-03-05T16:18:12+00:00","dateModified":"2023-03-05T16:18:12+00:00","description":"P\u00e1gina oficial de la Fiscal\u00eda General de la Naci\u00f3n \u2013 Colombia. Garantizamos el acceso efectivo a la justicia, la verdad y la reparaci\u00f3n de las v\u00edctimas de los delitos.","breadcrumb":{"@id":"https:\/\/www.fiscalia.gov.co\/colombia\/noticias\/caen-los-del-rancho-estructura-criminal-a-la-que-se-la-atribuyen-hechos-sicariales-extorsiones-hurtos-y-comercio-de-estupefacientes\/#breadcrumb"},"inLanguage":"es-CO","potentialAction":[{"@type":"ReadAction","target":["https:\/\/www.fiscalia.gov.co\/colombia\/noticias\/caen-los-del-rancho-estructura-criminal-a-la-que-se-la-atribuyen-hechos-sicariales-extorsiones-hurtos-y-comercio-de-estupefacientes\/"]}]},{"@type":"BreadcrumbList","@id":"https:\/\/www.fiscalia.gov.co\/colombia\/noticias\/caen-los-del-rancho-estructura-criminal-a-la-que-se-la-atribuyen-hechos-sicariales-extorsiones-hurtos-y-comercio-de-estupefacientes\/#breadcrumb","itemListElement":[{"@type":"ListItem","position":1,"name":"Home","item":"https:\/\/www.fiscalia.gov.co\/colombia\/"},{"@type":"ListItem","position":2,"name":"Caen \u2018Los del Rancho\u2019, estructura criminal a la que se la atribuyen hechos sicariales, extorsiones, hurtos y comercio de estupefacientes"}]},{"@type":"WebSite","@id":"https:\/\/www.fiscalia.gov.co\/colombia\/#website","url":"https:\/\/www.fiscalia.gov.co\/colombia\/","name":"Fiscal\u00eda General de la Naci\u00f3n","description":"P\u00e1gina oficial de la Fiscal\u00eda General de la Naci\u00f3n \u2013 Colombia. Garantizamos el acceso efectivo a la justicia, la verdad y la reparaci\u00f3n de las v\u00edctimas de los delitos.","publisher":{"@id":"https:\/\/www.fiscalia.gov.co\/colombia\/#organization"},"potentialAction":[{"@type":"SearchAction","target":{"@type":"EntryPoint","urlTemplate":"https:\/\/www.fiscalia.gov.co\/colombia\/?s={search_term_string}"},"query-input":{"@type":"PropertyValueSpecification","valueRequired":true,"valueName":"search_term_string"}}],"inLanguage":"es-CO"},{"@type":"Organization","@id":"https:\/\/www.fiscalia.gov.co\/colombia\/#organization","name":"Fiscal\u00eda General de la Naci\u00f3n","url":"https:\/\/www.fiscalia.gov.co\/colombia\/","logo":{"@type":"ImageObject","inLanguage":"es-CO","@id":"https:\/\/www.fiscalia.gov.co\/colombia\/#\/schema\/logo\/image\/","url":"https:\/\/www.fiscalia.gov.co\/colombia\/wp-content\/uploads\/LogoHorizontal_1.jpg","contentUrl":"https:\/\/www.fiscalia.gov.co\/colombia\/wp-content\/uploads\/LogoHorizontal_1.jpg","width":300,"height":90,"caption":"Fiscal\u00eda General de la Naci\u00f3n"},"image":{"@id":"https:\/\/www.fiscalia.gov.co\/colombia\/#\/schema\/logo\/image\/"},"sameAs":["https:\/\/www.facebook.com\/FiscaliaCol","https:\/\/x.com\/FiscaliaCol","https:\/\/www.instagram.com\/fiscaliacol","https:\/\/www.linkedin.com\/company\/fiscalia-general-de-la-naci-n\/","https:\/\/youtube.com\/@fiscaliageneraldelanacion-4668?si=6nN79nyQICPU5iTh"]},{"@type":"Person","@id":"https:\/\/www.fiscalia.gov.co\/colombia\/#\/schema\/person\/bf84402cf293a5393e9c70b111020b24","name":"Jordan Leandro Oviedo Anzola","image":{"@type":"ImageObject","inLanguage":"es-CO","@id":"https:\/\/www.fiscalia.gov.co\/colombia\/#\/schema\/person\/image\/","url":"https:\/\/secure.gravatar.com\/avatar\/dabba4346fa9b9207d96adafa8f92721?s=96&d=mm&r=g","contentUrl":"https:\/\/secure.gravatar.com\/avatar\/dabba4346fa9b9207d96adafa8f92721?s=96&d=mm&r=g","caption":"Jordan Leandro Oviedo Anzola"},"url":"https:\/\/www.fiscalia.gov.co\/colombia\/author\/joviedo\/"}]}},"_links":{"self":[{"href":"https:\/\/www.fiscalia.gov.co\/colombia\/wp-json\/wp\/v2\/posts\/267649","targetHints":{"allow":["GET"]}}],"collection":[{"href":"https:\/\/www.fiscalia.gov.co\/colombia\/wp-json\/wp\/v2\/posts"}],"about":[{"href":"https:\/\/www.fiscalia.gov.co\/colombia\/wp-json\/wp\/v2\/types\/post"}],"author":[{"embeddable":true,"href":"https:\/\/www.fiscalia.gov.co\/colombia\/wp-json\/wp\/v2\/users\/177"}],"replies":[{"embeddable":true,"href":"https:\/\/www.fiscalia.gov.co\/colombia\/wp-json\/wp\/v2\/comments?post=267649"}],"version-history":[{"count":1,"href":"https:\/\/www.fiscalia.gov.co\/colombia\/wp-json\/wp\/v2\/posts\/267649\/revisions"}],"predecessor-version":[{"id":267650,"href":"https:\/\/www.fiscalia.gov.co\/colombia\/wp-json\/wp\/v2\/posts\/267649\/revisions\/267650"}],"wp:attachment":[{"href":"https:\/\/www.fiscalia.gov.co\/colombia\/wp-json\/wp\/v2\/media?parent=267649"}],"wp:term":[{"taxonomy":"category","embeddable":true,"href":"https:\/\/www.fiscalia.gov.co\/colombia\/wp-json\/wp\/v2\/categories?post=267649"},{"taxonomy":"post_tag","embeddable":true,"href":"https:\/\/www.fiscalia.gov.co\/colombia\/wp-json\/wp\/v2\/tags?post=267649"}],"curies":[{"name":"wp","href":"https:\/\/api.w.org\/{rel}","templated":true}]}}