{"id":267172,"date":"2023-02-24T12:04:21","date_gmt":"2023-02-24T17:04:21","guid":{"rendered":"https:\/\/www.fiscalia.gov.co\/colombia\/?p=267172"},"modified":"2023-02-24T12:04:21","modified_gmt":"2023-02-24T17:04:21","slug":"a-la-carcel-tres-personas-que-comercializarian-estupefacientes-en-san-miguel-putumayo","status":"publish","type":"post","link":"https:\/\/www.fiscalia.gov.co\/colombia\/noticias\/a-la-carcel-tres-personas-que-comercializarian-estupefacientes-en-san-miguel-putumayo\/","title":{"rendered":"A la c\u00e1rcel tres personas que comercializar\u00edan estupefacientes en San Miguel (Putumayo)"},"content":{"rendered":"<p>Por solicitud de la Fiscal\u00eda Tosmar del Carmen Medina Castillo, Sigifredo Cuar\u00e1n Cuar\u00e1n y Richard Alexander Arango Zambrano fueron aseguradas en centro carcelario por, presuntamente, comercializar estupefacientes a domicilio en el corregimiento de Puerto Col\u00f3n en San Miguel (Putumayo).<\/p>\n<figure id=\"attachment_267174\" aria-describedby=\"caption-attachment-267174\" style=\"width: 405px\" class=\"wp-caption aligncenter\"><img loading=\"lazy\" decoding=\"async\" class=\" wp-image-267174\" src=\"https:\/\/www.fiscalia.gov.co\/colombia\/wp-content\/uploads\/capturados-estupefacientes-San-Miguel-Putumayo-300x168.jpeg\" alt=\"En la fotograf\u00eda aparece un capturado, junto a personal de Polic\u00eda Nacional. En la parte posterior de la imagen se ven banners de Polic\u00eda Nacional y la Fiscal\u00eda General de la Naci\u00f3n.     \" width=\"405\" height=\"227\" srcset=\"https:\/\/www.fiscalia.gov.co\/colombia\/wp-content\/uploads\/capturados-estupefacientes-San-Miguel-Putumayo-300x168.jpeg 300w, https:\/\/www.fiscalia.gov.co\/colombia\/wp-content\/uploads\/capturados-estupefacientes-San-Miguel-Putumayo-1024x574.jpeg 1024w, https:\/\/www.fiscalia.gov.co\/colombia\/wp-content\/uploads\/capturados-estupefacientes-San-Miguel-Putumayo-768x431.jpeg 768w, https:\/\/www.fiscalia.gov.co\/colombia\/wp-content\/uploads\/capturados-estupefacientes-San-Miguel-Putumayo-1536x861.jpeg 1536w, https:\/\/www.fiscalia.gov.co\/colombia\/wp-content\/uploads\/capturados-estupefacientes-San-Miguel-Putumayo-696x390.jpeg 696w, https:\/\/www.fiscalia.gov.co\/colombia\/wp-content\/uploads\/capturados-estupefacientes-San-Miguel-Putumayo-1068x599.jpeg 1068w, https:\/\/www.fiscalia.gov.co\/colombia\/wp-content\/uploads\/capturados-estupefacientes-San-Miguel-Putumayo-749x420.jpeg 749w, https:\/\/www.fiscalia.gov.co\/colombia\/wp-content\/uploads\/capturados-estupefacientes-San-Miguel-Putumayo.jpeg 1600w\" sizes=\"auto, (max-width: 405px) 100vw, 405px\" \/><figcaption id=\"caption-attachment-267174\" class=\"wp-caption-text\">En la fotograf\u00eda aparece un capturado, junto a personal de Polic\u00eda Nacional. En la parte posterior de la imagen se ven banners de Polic\u00eda Nacional y la Fiscal\u00eda General de la Naci\u00f3n.<\/figcaption><\/figure>\n<p>Personal de la Sijin captur\u00f3 en flagrancia a los procesados, a quienes les incautaron 600.3 gramos de marihuana y 447.9 gramos de coca\u00edna.<\/p>\n<p>Ninguno de los capturados acept\u00f3 su responsabilidad en el delito de tr\u00e1fico, fabricaci\u00f3n o porte de estupefacientes que la Fiscal\u00eda les imput\u00f3.<\/p>\n<p><b>La Fiscal\u00eda habla con resultados.\u00a0<\/b><\/p>\n<p>&nbsp;<\/p>\n<p>&nbsp;<\/p>\n<p>&nbsp;<\/p>\n<p>LMGM\/MAGA\/SAGR\/DSP<\/p>\n<p>&nbsp;<\/p>\n<p>&nbsp;<\/p>\n<p>&nbsp;<\/p>\n<p align=\"center\">\n<p><i>La informaci\u00f3n contenida en este bolet\u00edn de prensa corresponde a la narraci\u00f3n de los hechos noticiosos objetivos, suministrados por los funcionarios encargados de adelantar las investigaciones penales al interior de la Fiscal\u00eda General de la Naci\u00f3n. Para el momento de la divulgaci\u00f3n de este comunicado, la situaci\u00f3n jur\u00eddica de la(s) persona(s) relacionada(s) se encuentra pendiente de resolver por la autoridad judicial competente, siempre bajo los preceptos de la presunci\u00f3n de inocencia, consagrados en el art\u00edculo 29 de la Constituci\u00f3n Pol\u00edtica y el art\u00edculo 7\u00ba de la Ley 906 de 2004.\u00a0 \u00a0 \u00a0 \u00a0 \u00a0<\/i><\/p>\n<p><b>\u00a0<\/b><\/p>\n\n<div class=\"twitter-share\"><a href=\"https:\/\/twitter.com\/intent\/tweet?via=fiscaliacol\" class=\"twitter-share-button\">Tweet<\/a><\/div>\n","protected":false},"excerpt":{"rendered":"<p>Por solicitud de la Fiscal\u00eda Tosmar del Carmen Medina Castillo, Sigifredo Cuar\u00e1n Cuar\u00e1n y Richard Alexander Arango Zambrano fueron aseguradas en centro carcelario por, presuntamente, comercializar estupefacientes a domicilio en el corregimiento de Puerto Col\u00f3n en San Miguel (Putumayo). Personal de la Sijin captur\u00f3 en flagrancia a los procesados, a quienes les incautaron 600.3 gramos [&hellip;]<\/p>\n","protected":false},"author":178,"featured_media":0,"comment_status":"closed","ping_status":"open","sticky":false,"template":"","format":"standard","meta":{"_price":"","_stock":"","_tribe_ticket_header":"","_tribe_default_ticket_provider":"","_tribe_ticket_capacity":"0","_ticket_start_date":"","_ticket_end_date":"","_tribe_ticket_show_description":"","_tribe_ticket_show_not_going":false,"_tribe_ticket_use_global_stock":"","_tribe_ticket_global_stock_level":"","_global_stock_mode":"","_global_stock_cap":"","_tribe_rsvp_for_event":"","_tribe_ticket_going_count":"","_tribe_ticket_not_going_count":"","_tribe_tickets_list":"[]","_tribe_ticket_has_attendee_info_fields":false,"tdm_status":"","tdm_grid_status":"","footnotes":""},"categories":[1,2910,303,24103],"tags":[24185,1047,33948],"class_list":{"0":"post-267172","1":"post","2":"type-post","3":"status-publish","4":"format-standard","6":"category-noticias","7":"category-seccional-mocoa","8":"category-seccionales","9":"category-trafico-de-estupefacientes","10":"tag-fiscal-barbosa","11":"tag-fiscalia-general-de-la-nacion","12":"tag-san-miguel-putumayo"},"yoast_head":"<!-- This site is optimized with the Yoast SEO plugin v24.3 - https:\/\/yoast.com\/wordpress\/plugins\/seo\/ -->\n<title>Fiscal\u00eda General de la Naci\u00f3n<\/title>\n<meta name=\"description\" content=\"P\u00e1gina oficial de la Fiscal\u00eda General de la Naci\u00f3n \u2013 Colombia. Garantizamos el acceso efectivo a la justicia, la verdad y la reparaci\u00f3n de las v\u00edctimas de los delitos.\" \/>\n<meta name=\"robots\" content=\"noindex, follow\" \/>\n<meta property=\"og:locale\" content=\"es_ES\" \/>\n<meta property=\"og:type\" content=\"article\" \/>\n<meta property=\"og:title\" content=\"Fiscal\u00eda General de la Naci\u00f3n\" \/>\n<meta property=\"og:description\" content=\"P\u00e1gina oficial de la Fiscal\u00eda General de la Naci\u00f3n \u2013 Colombia. Garantizamos el acceso efectivo a la justicia, la verdad y la reparaci\u00f3n de las v\u00edctimas de los delitos.\" \/>\n<meta property=\"og:url\" content=\"https:\/\/www.fiscalia.gov.co\/colombia\/noticias\/a-la-carcel-tres-personas-que-comercializarian-estupefacientes-en-san-miguel-putumayo\/\" \/>\n<meta property=\"og:site_name\" content=\"Fiscal\u00eda General de la Naci\u00f3n\" \/>\n<meta property=\"article:publisher\" content=\"https:\/\/www.facebook.com\/FiscaliaCol\" \/>\n<meta property=\"article:published_time\" content=\"2023-02-24T17:04:21+00:00\" \/>\n<meta property=\"og:image\" content=\"https:\/\/www.fiscalia.gov.co\/colombia\/wp-content\/uploads\/capturados-estupefacientes-San-Miguel-Putumayo-300x168.jpeg\" \/>\n<meta name=\"author\" content=\"Winnie Geraldine Rodr\u00edguez Navarrete\" \/>\n<meta name=\"twitter:card\" content=\"summary_large_image\" \/>\n<meta name=\"twitter:creator\" content=\"@FiscaliaCol\" \/>\n<meta name=\"twitter:site\" content=\"@FiscaliaCol\" \/>\n<meta name=\"twitter:label1\" content=\"Escrito por\" \/>\n\t<meta name=\"twitter:data1\" content=\"Winnie Geraldine Rodr\u00edguez Navarrete\" \/>\n\t<meta name=\"twitter:label2\" content=\"Tiempo de lectura\" \/>\n\t<meta name=\"twitter:data2\" content=\"1 minuto\" \/>\n<script type=\"application\/ld+json\" class=\"yoast-schema-graph\">{\"@context\":\"https:\/\/schema.org\",\"@graph\":[{\"@type\":\"Article\",\"@id\":\"https:\/\/www.fiscalia.gov.co\/colombia\/noticias\/a-la-carcel-tres-personas-que-comercializarian-estupefacientes-en-san-miguel-putumayo\/#article\",\"isPartOf\":{\"@id\":\"https:\/\/www.fiscalia.gov.co\/colombia\/noticias\/a-la-carcel-tres-personas-que-comercializarian-estupefacientes-en-san-miguel-putumayo\/\"},\"author\":{\"name\":\"Winnie Geraldine Rodr\u00edguez Navarrete\",\"@id\":\"https:\/\/www.fiscalia.gov.co\/colombia\/#\/schema\/person\/176195b99ebab0a52aafa15197e1bf80\"},\"headline\":\"A la c\u00e1rcel tres personas que comercializar\u00edan estupefacientes en San Miguel (Putumayo)\",\"datePublished\":\"2023-02-24T17:04:21+00:00\",\"dateModified\":\"2023-02-24T17:04:21+00:00\",\"mainEntityOfPage\":{\"@id\":\"https:\/\/www.fiscalia.gov.co\/colombia\/noticias\/a-la-carcel-tres-personas-que-comercializarian-estupefacientes-en-san-miguel-putumayo\/\"},\"wordCount\":266,\"publisher\":{\"@id\":\"https:\/\/www.fiscalia.gov.co\/colombia\/#organization\"},\"image\":{\"@id\":\"https:\/\/www.fiscalia.gov.co\/colombia\/noticias\/a-la-carcel-tres-personas-que-comercializarian-estupefacientes-en-san-miguel-putumayo\/#primaryimage\"},\"thumbnailUrl\":\"https:\/\/www.fiscalia.gov.co\/colombia\/wp-content\/uploads\/capturados-estupefacientes-San-Miguel-Putumayo-300x168.jpeg\",\"keywords\":[\"Fiscal Barbosa\",\"Fiscal\u00eda General de la Naci\u00f3n\",\"San Miguel (Putumayo)\"],\"articleSection\":[\"Noticias\",\"Seccional Mocoa\",\"Seccionales\",\"Tr\u00e1fico de estupefacientes\"],\"inLanguage\":\"es-CO\"},{\"@type\":\"WebPage\",\"@id\":\"https:\/\/www.fiscalia.gov.co\/colombia\/noticias\/a-la-carcel-tres-personas-que-comercializarian-estupefacientes-en-san-miguel-putumayo\/\",\"url\":\"https:\/\/www.fiscalia.gov.co\/colombia\/noticias\/a-la-carcel-tres-personas-que-comercializarian-estupefacientes-en-san-miguel-putumayo\/\",\"name\":\"Fiscal\u00eda General de la Naci\u00f3n\",\"isPartOf\":{\"@id\":\"https:\/\/www.fiscalia.gov.co\/colombia\/#website\"},\"primaryImageOfPage\":{\"@id\":\"https:\/\/www.fiscalia.gov.co\/colombia\/noticias\/a-la-carcel-tres-personas-que-comercializarian-estupefacientes-en-san-miguel-putumayo\/#primaryimage\"},\"image\":{\"@id\":\"https:\/\/www.fiscalia.gov.co\/colombia\/noticias\/a-la-carcel-tres-personas-que-comercializarian-estupefacientes-en-san-miguel-putumayo\/#primaryimage\"},\"thumbnailUrl\":\"https:\/\/www.fiscalia.gov.co\/colombia\/wp-content\/uploads\/capturados-estupefacientes-San-Miguel-Putumayo-300x168.jpeg\",\"datePublished\":\"2023-02-24T17:04:21+00:00\",\"dateModified\":\"2023-02-24T17:04:21+00:00\",\"description\":\"P\u00e1gina oficial de la Fiscal\u00eda General de la Naci\u00f3n \u2013 Colombia. Garantizamos el acceso efectivo a la justicia, la verdad y la reparaci\u00f3n de las v\u00edctimas de los delitos.\",\"breadcrumb\":{\"@id\":\"https:\/\/www.fiscalia.gov.co\/colombia\/noticias\/a-la-carcel-tres-personas-que-comercializarian-estupefacientes-en-san-miguel-putumayo\/#breadcrumb\"},\"inLanguage\":\"es-CO\",\"potentialAction\":[{\"@type\":\"ReadAction\",\"target\":[\"https:\/\/www.fiscalia.gov.co\/colombia\/noticias\/a-la-carcel-tres-personas-que-comercializarian-estupefacientes-en-san-miguel-putumayo\/\"]}]},{\"@type\":\"ImageObject\",\"inLanguage\":\"es-CO\",\"@id\":\"https:\/\/www.fiscalia.gov.co\/colombia\/noticias\/a-la-carcel-tres-personas-que-comercializarian-estupefacientes-en-san-miguel-putumayo\/#primaryimage\",\"url\":\"https:\/\/www.fiscalia.gov.co\/colombia\/wp-content\/uploads\/capturados-estupefacientes-San-Miguel-Putumayo-300x168.jpeg\",\"contentUrl\":\"https:\/\/www.fiscalia.gov.co\/colombia\/wp-content\/uploads\/capturados-estupefacientes-San-Miguel-Putumayo-300x168.jpeg\"},{\"@type\":\"BreadcrumbList\",\"@id\":\"https:\/\/www.fiscalia.gov.co\/colombia\/noticias\/a-la-carcel-tres-personas-que-comercializarian-estupefacientes-en-san-miguel-putumayo\/#breadcrumb\",\"itemListElement\":[{\"@type\":\"ListItem\",\"position\":1,\"name\":\"Home\",\"item\":\"https:\/\/www.fiscalia.gov.co\/colombia\/\"},{\"@type\":\"ListItem\",\"position\":2,\"name\":\"A la c\u00e1rcel tres personas que comercializar\u00edan estupefacientes en San Miguel (Putumayo)\"}]},{\"@type\":\"WebSite\",\"@id\":\"https:\/\/www.fiscalia.gov.co\/colombia\/#website\",\"url\":\"https:\/\/www.fiscalia.gov.co\/colombia\/\",\"name\":\"Fiscal\u00eda General de la Naci\u00f3n\",\"description\":\"P\u00e1gina oficial de la Fiscal\u00eda General de la Naci\u00f3n \u2013 Colombia. Garantizamos el acceso efectivo a la justicia, la verdad y la reparaci\u00f3n de las v\u00edctimas de los delitos.\",\"publisher\":{\"@id\":\"https:\/\/www.fiscalia.gov.co\/colombia\/#organization\"},\"potentialAction\":[{\"@type\":\"SearchAction\",\"target\":{\"@type\":\"EntryPoint\",\"urlTemplate\":\"https:\/\/www.fiscalia.gov.co\/colombia\/?s={search_term_string}\"},\"query-input\":{\"@type\":\"PropertyValueSpecification\",\"valueRequired\":true,\"valueName\":\"search_term_string\"}}],\"inLanguage\":\"es-CO\"},{\"@type\":\"Organization\",\"@id\":\"https:\/\/www.fiscalia.gov.co\/colombia\/#organization\",\"name\":\"Fiscal\u00eda General de la Naci\u00f3n\",\"url\":\"https:\/\/www.fiscalia.gov.co\/colombia\/\",\"logo\":{\"@type\":\"ImageObject\",\"inLanguage\":\"es-CO\",\"@id\":\"https:\/\/www.fiscalia.gov.co\/colombia\/#\/schema\/logo\/image\/\",\"url\":\"https:\/\/www.fiscalia.gov.co\/colombia\/wp-content\/uploads\/LogoHorizontal_1.jpg\",\"contentUrl\":\"https:\/\/www.fiscalia.gov.co\/colombia\/wp-content\/uploads\/LogoHorizontal_1.jpg\",\"width\":300,\"height\":90,\"caption\":\"Fiscal\u00eda General de la Naci\u00f3n\"},\"image\":{\"@id\":\"https:\/\/www.fiscalia.gov.co\/colombia\/#\/schema\/logo\/image\/\"},\"sameAs\":[\"https:\/\/www.facebook.com\/FiscaliaCol\",\"https:\/\/x.com\/FiscaliaCol\",\"https:\/\/www.instagram.com\/fiscaliacol\",\"https:\/\/www.linkedin.com\/company\/fiscalia-general-de-la-naci-n\/\",\"https:\/\/youtube.com\/@fiscaliageneraldelanacion-4668?si=6nN79nyQICPU5iTh\"]},{\"@type\":\"Person\",\"@id\":\"https:\/\/www.fiscalia.gov.co\/colombia\/#\/schema\/person\/176195b99ebab0a52aafa15197e1bf80\",\"name\":\"Winnie Geraldine Rodr\u00edguez Navarrete\",\"image\":{\"@type\":\"ImageObject\",\"inLanguage\":\"es-CO\",\"@id\":\"https:\/\/www.fiscalia.gov.co\/colombia\/#\/schema\/person\/image\/\",\"url\":\"https:\/\/secure.gravatar.com\/avatar\/c24cf8481dc84fa5e8c7b20bc95ab0c6?s=96&d=mm&r=g\",\"contentUrl\":\"https:\/\/secure.gravatar.com\/avatar\/c24cf8481dc84fa5e8c7b20bc95ab0c6?s=96&d=mm&r=g\",\"caption\":\"Winnie Geraldine Rodr\u00edguez Navarrete\"},\"url\":\"https:\/\/www.fiscalia.gov.co\/colombia\/author\/winnierodriguez\/\"}]}<\/script>\n<!-- \/ Yoast SEO plugin. -->","yoast_head_json":{"title":"Fiscal\u00eda General de la Naci\u00f3n","description":"P\u00e1gina oficial de la Fiscal\u00eda General de la Naci\u00f3n \u2013 Colombia. Garantizamos el acceso efectivo a la justicia, la verdad y la reparaci\u00f3n de las v\u00edctimas de los delitos.","robots":{"index":"noindex","follow":"follow"},"og_locale":"es_ES","og_type":"article","og_title":"Fiscal\u00eda General de la Naci\u00f3n","og_description":"P\u00e1gina oficial de la Fiscal\u00eda General de la Naci\u00f3n \u2013 Colombia. Garantizamos el acceso efectivo a la justicia, la verdad y la reparaci\u00f3n de las v\u00edctimas de los delitos.","og_url":"https:\/\/www.fiscalia.gov.co\/colombia\/noticias\/a-la-carcel-tres-personas-que-comercializarian-estupefacientes-en-san-miguel-putumayo\/","og_site_name":"Fiscal\u00eda General de la Naci\u00f3n","article_publisher":"https:\/\/www.facebook.com\/FiscaliaCol","article_published_time":"2023-02-24T17:04:21+00:00","og_image":[{"url":"https:\/\/www.fiscalia.gov.co\/colombia\/wp-content\/uploads\/capturados-estupefacientes-San-Miguel-Putumayo-300x168.jpeg","type":"","width":"","height":""}],"author":"Winnie Geraldine Rodr\u00edguez Navarrete","twitter_card":"summary_large_image","twitter_creator":"@FiscaliaCol","twitter_site":"@FiscaliaCol","twitter_misc":{"Escrito por":"Winnie Geraldine Rodr\u00edguez Navarrete","Tiempo de lectura":"1 minuto"},"schema":{"@context":"https:\/\/schema.org","@graph":[{"@type":"Article","@id":"https:\/\/www.fiscalia.gov.co\/colombia\/noticias\/a-la-carcel-tres-personas-que-comercializarian-estupefacientes-en-san-miguel-putumayo\/#article","isPartOf":{"@id":"https:\/\/www.fiscalia.gov.co\/colombia\/noticias\/a-la-carcel-tres-personas-que-comercializarian-estupefacientes-en-san-miguel-putumayo\/"},"author":{"name":"Winnie Geraldine Rodr\u00edguez Navarrete","@id":"https:\/\/www.fiscalia.gov.co\/colombia\/#\/schema\/person\/176195b99ebab0a52aafa15197e1bf80"},"headline":"A la c\u00e1rcel tres personas que comercializar\u00edan estupefacientes en San Miguel (Putumayo)","datePublished":"2023-02-24T17:04:21+00:00","dateModified":"2023-02-24T17:04:21+00:00","mainEntityOfPage":{"@id":"https:\/\/www.fiscalia.gov.co\/colombia\/noticias\/a-la-carcel-tres-personas-que-comercializarian-estupefacientes-en-san-miguel-putumayo\/"},"wordCount":266,"publisher":{"@id":"https:\/\/www.fiscalia.gov.co\/colombia\/#organization"},"image":{"@id":"https:\/\/www.fiscalia.gov.co\/colombia\/noticias\/a-la-carcel-tres-personas-que-comercializarian-estupefacientes-en-san-miguel-putumayo\/#primaryimage"},"thumbnailUrl":"https:\/\/www.fiscalia.gov.co\/colombia\/wp-content\/uploads\/capturados-estupefacientes-San-Miguel-Putumayo-300x168.jpeg","keywords":["Fiscal Barbosa","Fiscal\u00eda General de la Naci\u00f3n","San Miguel (Putumayo)"],"articleSection":["Noticias","Seccional Mocoa","Seccionales","Tr\u00e1fico de estupefacientes"],"inLanguage":"es-CO"},{"@type":"WebPage","@id":"https:\/\/www.fiscalia.gov.co\/colombia\/noticias\/a-la-carcel-tres-personas-que-comercializarian-estupefacientes-en-san-miguel-putumayo\/","url":"https:\/\/www.fiscalia.gov.co\/colombia\/noticias\/a-la-carcel-tres-personas-que-comercializarian-estupefacientes-en-san-miguel-putumayo\/","name":"Fiscal\u00eda General de la Naci\u00f3n","isPartOf":{"@id":"https:\/\/www.fiscalia.gov.co\/colombia\/#website"},"primaryImageOfPage":{"@id":"https:\/\/www.fiscalia.gov.co\/colombia\/noticias\/a-la-carcel-tres-personas-que-comercializarian-estupefacientes-en-san-miguel-putumayo\/#primaryimage"},"image":{"@id":"https:\/\/www.fiscalia.gov.co\/colombia\/noticias\/a-la-carcel-tres-personas-que-comercializarian-estupefacientes-en-san-miguel-putumayo\/#primaryimage"},"thumbnailUrl":"https:\/\/www.fiscalia.gov.co\/colombia\/wp-content\/uploads\/capturados-estupefacientes-San-Miguel-Putumayo-300x168.jpeg","datePublished":"2023-02-24T17:04:21+00:00","dateModified":"2023-02-24T17:04:21+00:00","description":"P\u00e1gina oficial de la Fiscal\u00eda General de la Naci\u00f3n \u2013 Colombia. Garantizamos el acceso efectivo a la justicia, la verdad y la reparaci\u00f3n de las v\u00edctimas de los delitos.","breadcrumb":{"@id":"https:\/\/www.fiscalia.gov.co\/colombia\/noticias\/a-la-carcel-tres-personas-que-comercializarian-estupefacientes-en-san-miguel-putumayo\/#breadcrumb"},"inLanguage":"es-CO","potentialAction":[{"@type":"ReadAction","target":["https:\/\/www.fiscalia.gov.co\/colombia\/noticias\/a-la-carcel-tres-personas-que-comercializarian-estupefacientes-en-san-miguel-putumayo\/"]}]},{"@type":"ImageObject","inLanguage":"es-CO","@id":"https:\/\/www.fiscalia.gov.co\/colombia\/noticias\/a-la-carcel-tres-personas-que-comercializarian-estupefacientes-en-san-miguel-putumayo\/#primaryimage","url":"https:\/\/www.fiscalia.gov.co\/colombia\/wp-content\/uploads\/capturados-estupefacientes-San-Miguel-Putumayo-300x168.jpeg","contentUrl":"https:\/\/www.fiscalia.gov.co\/colombia\/wp-content\/uploads\/capturados-estupefacientes-San-Miguel-Putumayo-300x168.jpeg"},{"@type":"BreadcrumbList","@id":"https:\/\/www.fiscalia.gov.co\/colombia\/noticias\/a-la-carcel-tres-personas-que-comercializarian-estupefacientes-en-san-miguel-putumayo\/#breadcrumb","itemListElement":[{"@type":"ListItem","position":1,"name":"Home","item":"https:\/\/www.fiscalia.gov.co\/colombia\/"},{"@type":"ListItem","position":2,"name":"A la c\u00e1rcel tres personas que comercializar\u00edan estupefacientes en San Miguel (Putumayo)"}]},{"@type":"WebSite","@id":"https:\/\/www.fiscalia.gov.co\/colombia\/#website","url":"https:\/\/www.fiscalia.gov.co\/colombia\/","name":"Fiscal\u00eda General de la Naci\u00f3n","description":"P\u00e1gina oficial de la Fiscal\u00eda General de la Naci\u00f3n \u2013 Colombia. Garantizamos el acceso efectivo a la justicia, la verdad y la reparaci\u00f3n de las v\u00edctimas de los delitos.","publisher":{"@id":"https:\/\/www.fiscalia.gov.co\/colombia\/#organization"},"potentialAction":[{"@type":"SearchAction","target":{"@type":"EntryPoint","urlTemplate":"https:\/\/www.fiscalia.gov.co\/colombia\/?s={search_term_string}"},"query-input":{"@type":"PropertyValueSpecification","valueRequired":true,"valueName":"search_term_string"}}],"inLanguage":"es-CO"},{"@type":"Organization","@id":"https:\/\/www.fiscalia.gov.co\/colombia\/#organization","name":"Fiscal\u00eda General de la Naci\u00f3n","url":"https:\/\/www.fiscalia.gov.co\/colombia\/","logo":{"@type":"ImageObject","inLanguage":"es-CO","@id":"https:\/\/www.fiscalia.gov.co\/colombia\/#\/schema\/logo\/image\/","url":"https:\/\/www.fiscalia.gov.co\/colombia\/wp-content\/uploads\/LogoHorizontal_1.jpg","contentUrl":"https:\/\/www.fiscalia.gov.co\/colombia\/wp-content\/uploads\/LogoHorizontal_1.jpg","width":300,"height":90,"caption":"Fiscal\u00eda General de la Naci\u00f3n"},"image":{"@id":"https:\/\/www.fiscalia.gov.co\/colombia\/#\/schema\/logo\/image\/"},"sameAs":["https:\/\/www.facebook.com\/FiscaliaCol","https:\/\/x.com\/FiscaliaCol","https:\/\/www.instagram.com\/fiscaliacol","https:\/\/www.linkedin.com\/company\/fiscalia-general-de-la-naci-n\/","https:\/\/youtube.com\/@fiscaliageneraldelanacion-4668?si=6nN79nyQICPU5iTh"]},{"@type":"Person","@id":"https:\/\/www.fiscalia.gov.co\/colombia\/#\/schema\/person\/176195b99ebab0a52aafa15197e1bf80","name":"Winnie Geraldine Rodr\u00edguez Navarrete","image":{"@type":"ImageObject","inLanguage":"es-CO","@id":"https:\/\/www.fiscalia.gov.co\/colombia\/#\/schema\/person\/image\/","url":"https:\/\/secure.gravatar.com\/avatar\/c24cf8481dc84fa5e8c7b20bc95ab0c6?s=96&d=mm&r=g","contentUrl":"https:\/\/secure.gravatar.com\/avatar\/c24cf8481dc84fa5e8c7b20bc95ab0c6?s=96&d=mm&r=g","caption":"Winnie Geraldine Rodr\u00edguez Navarrete"},"url":"https:\/\/www.fiscalia.gov.co\/colombia\/author\/winnierodriguez\/"}]}},"_links":{"self":[{"href":"https:\/\/www.fiscalia.gov.co\/colombia\/wp-json\/wp\/v2\/posts\/267172","targetHints":{"allow":["GET"]}}],"collection":[{"href":"https:\/\/www.fiscalia.gov.co\/colombia\/wp-json\/wp\/v2\/posts"}],"about":[{"href":"https:\/\/www.fiscalia.gov.co\/colombia\/wp-json\/wp\/v2\/types\/post"}],"author":[{"embeddable":true,"href":"https:\/\/www.fiscalia.gov.co\/colombia\/wp-json\/wp\/v2\/users\/178"}],"replies":[{"embeddable":true,"href":"https:\/\/www.fiscalia.gov.co\/colombia\/wp-json\/wp\/v2\/comments?post=267172"}],"version-history":[{"count":2,"href":"https:\/\/www.fiscalia.gov.co\/colombia\/wp-json\/wp\/v2\/posts\/267172\/revisions"}],"predecessor-version":[{"id":267175,"href":"https:\/\/www.fiscalia.gov.co\/colombia\/wp-json\/wp\/v2\/posts\/267172\/revisions\/267175"}],"wp:attachment":[{"href":"https:\/\/www.fiscalia.gov.co\/colombia\/wp-json\/wp\/v2\/media?parent=267172"}],"wp:term":[{"taxonomy":"category","embeddable":true,"href":"https:\/\/www.fiscalia.gov.co\/colombia\/wp-json\/wp\/v2\/categories?post=267172"},{"taxonomy":"post_tag","embeddable":true,"href":"https:\/\/www.fiscalia.gov.co\/colombia\/wp-json\/wp\/v2\/tags?post=267172"}],"curies":[{"name":"wp","href":"https:\/\/api.w.org\/{rel}","templated":true}]}}