{"id":267132,"date":"2023-02-24T08:08:19","date_gmt":"2023-02-24T13:08:19","guid":{"rendered":"https:\/\/www.fiscalia.gov.co\/colombia\/?p=267132"},"modified":"2023-02-24T08:08:19","modified_gmt":"2023-02-24T13:08:19","slug":"condenado-a-mas-de-18-anos-de-prision-por-quitarle-la-vida-a-una-mujer-y-robarle-10-mil-dolares-en-criptomonedas","status":"publish","type":"post","link":"https:\/\/www.fiscalia.gov.co\/colombia\/noticias\/condenado-a-mas-de-18-anos-de-prision-por-quitarle-la-vida-a-una-mujer-y-robarle-10-mil-dolares-en-criptomonedas\/","title":{"rendered":"Condenado a m\u00e1s de 18 a\u00f1os de prisi\u00f3n por quitarle la vida a una mujer y robarle 10 mil d\u00f3lares en criptomonedas"},"content":{"rendered":"<h4><strong><i>Al enterarse de que la v\u00edctima ten\u00eda esa cantidad, el sentenciado le coloc\u00f3 una cita, la asfixi\u00f3 y luego realiz\u00f3 una transferencia para quedarse con el dinero virtual.<\/i><\/strong><\/h4>\n<p>Los elementos de prueba aportados por un fiscal seccional Atl\u00e1ntico fueron suficientes para que un juez de conocimiento condenara a 223 meses, lo que equivale a 18,5 a\u00f1os, a Jairo Medina Vega, el hombre, quien acept\u00f3 haber participado en el crimen de una mujer registrado en el barrio Betania de Barranquilla.<\/p>\n<figure id=\"attachment_267133\" aria-describedby=\"caption-attachment-267133\" style=\"width: 428px\" class=\"wp-caption aligncenter\"><img loading=\"lazy\" decoding=\"async\" class=\" wp-image-267133\" src=\"https:\/\/www.fiscalia.gov.co\/colombia\/wp-content\/uploads\/1.-Jairo-Medina-fue-condenado-a-18-de-prision-por-la-muerte-de-una-mujer-en-Barranquilla.-300x169.jpg\" alt=\" Jairo Medina durante la lectura de la sentencia condenatoria por el homicidio de una mujer en el que acept\u00f3 haber participado.\" width=\"428\" height=\"241\" srcset=\"https:\/\/www.fiscalia.gov.co\/colombia\/wp-content\/uploads\/1.-Jairo-Medina-fue-condenado-a-18-de-prision-por-la-muerte-de-una-mujer-en-Barranquilla.-300x169.jpg 300w, https:\/\/www.fiscalia.gov.co\/colombia\/wp-content\/uploads\/1.-Jairo-Medina-fue-condenado-a-18-de-prision-por-la-muerte-de-una-mujer-en-Barranquilla.-1024x576.jpg 1024w, https:\/\/www.fiscalia.gov.co\/colombia\/wp-content\/uploads\/1.-Jairo-Medina-fue-condenado-a-18-de-prision-por-la-muerte-de-una-mujer-en-Barranquilla.-768x432.jpg 768w, https:\/\/www.fiscalia.gov.co\/colombia\/wp-content\/uploads\/1.-Jairo-Medina-fue-condenado-a-18-de-prision-por-la-muerte-de-una-mujer-en-Barranquilla.-1536x864.jpg 1536w, https:\/\/www.fiscalia.gov.co\/colombia\/wp-content\/uploads\/1.-Jairo-Medina-fue-condenado-a-18-de-prision-por-la-muerte-de-una-mujer-en-Barranquilla.-696x392.jpg 696w, https:\/\/www.fiscalia.gov.co\/colombia\/wp-content\/uploads\/1.-Jairo-Medina-fue-condenado-a-18-de-prision-por-la-muerte-de-una-mujer-en-Barranquilla.-1068x601.jpg 1068w, https:\/\/www.fiscalia.gov.co\/colombia\/wp-content\/uploads\/1.-Jairo-Medina-fue-condenado-a-18-de-prision-por-la-muerte-de-una-mujer-en-Barranquilla.-747x420.jpg 747w, https:\/\/www.fiscalia.gov.co\/colombia\/wp-content\/uploads\/1.-Jairo-Medina-fue-condenado-a-18-de-prision-por-la-muerte-de-una-mujer-en-Barranquilla..jpg 1920w\" sizes=\"auto, (max-width: 428px) 100vw, 428px\" \/><figcaption id=\"caption-attachment-267133\" class=\"wp-caption-text\">Jairo Medina durante la lectura de la sentencia condenatoria por el homicidio de una mujer en el que acept\u00f3 haber participado.<\/figcaption><\/figure>\n<p>La decisi\u00f3n judicial se origina por los hechos ocurridos el 28 de febrero del 2022, cuando Liliana Segovia Navarro, de 36 a\u00f1os, fue vista por \u00faltima vez en un colegio donde dej\u00f3 a su sobrino.<\/p>\n<p>El hoy sentenciado al tener conocimiento de una camioneta y m\u00e1s de 10 mil d\u00f3lares que ten\u00eda la v\u00edctima en criptomonedas, la contact\u00f3 a trav\u00e9s de redes sociales y la cit\u00f3 con la excusa de proponerle un negocio.<\/p>\n<p>La mujer acudi\u00f3 al encuentro y fue ah\u00ed cuando Medina Vega la\u00a0golpe\u00f3 y asfixi\u00f3 dentro del veh\u00edculo. Posteriormente, llev\u00f3 el cuerpo hasta su apartamento para guardarlo en un tanque de pl\u00e1stico y el 1 de febrero lo lanz\u00f3 en un sector despoblado, en inmediaciones del municipio de Tubar\u00e1 (Atl\u00e1ntico). Despu\u00e9s la rob\u00f3 realizando una transferencia virtual.<\/p>\n<p>Durante la audiencia, el juez advirti\u00f3 que Medina Vega deber\u00e1 cumplir la pena anteriormente mencionada y adem\u00e1s le orden\u00f3 pagar 105 salarios\u00a0m\u00ednimos legales mensuales como m\u00e9todo de reparaci\u00f3n a las v\u00edctimas.<\/p>\n<p>El hombre en marzo del a\u00f1o pasado en versi\u00f3n libre acept\u00f3 los cargos imputados por la Fiscal\u00eda por homicidio agravado, hurto calificado y transferencia no consentida de activos.<\/p>\n<p><b>La Fiscal\u00eda habla con resultados.<\/b><b><\/b><\/p>\n<p>&nbsp;<\/p>\n<p>&nbsp;<\/p>\n<p>&nbsp;<\/p>\n<p>&nbsp;<\/p>\n<p>SKCR\/VHGB\/RRIR\/DSA<\/p>\n<p>&nbsp;<\/p>\n<p>&nbsp;<\/p>\n<p>&nbsp;<\/p>\n<p><i>La informaci\u00f3n contenida en este bolet\u00edn de prensa corresponde a la narraci\u00f3n de los hechos<\/i><i>\u00a0noticiosos objetivos, suministrados por los funcionarios encargados de adelantar las investigaciones penales al interior de la Fiscal\u00eda General de la Naci\u00f3n. Para el momento de la divulgaci\u00f3n de este comunicado, la situaci\u00f3n jur\u00eddica de la(s) persona(s) relacionada(s) se encuentra pendiente de resolver por la autoridad\u00a0judicial competente, siempre bajo los preceptos de la presunci\u00f3n de inocencia, consagrados en el art\u00edculo 29 de la Constituci\u00f3n Pol\u00edtica y el art\u00edculo 7\u00ba de la Ley 906 de 2004.<\/i><\/p>\n\n<div class=\"twitter-share\"><a href=\"https:\/\/twitter.com\/intent\/tweet?via=fiscaliacol\" class=\"twitter-share-button\">Tweet<\/a><\/div>\n","protected":false},"excerpt":{"rendered":"<p>Al enterarse de que la v\u00edctima ten\u00eda esa cantidad, el sentenciado le coloc\u00f3 una cita, la asfixi\u00f3 y luego realiz\u00f3 una transferencia para quedarse con el dinero virtual. Los elementos de prueba aportados por un fiscal seccional Atl\u00e1ntico fueron suficientes para que un juez de conocimiento condenara a 223 meses, lo que equivale a 18,5 [&hellip;]<\/p>\n","protected":false},"author":178,"featured_media":0,"comment_status":"closed","ping_status":"open","sticky":false,"template":"","format":"standard","meta":{"_price":"","_stock":"","_tribe_ticket_header":"","_tribe_default_ticket_provider":"","_tribe_ticket_capacity":"0","_ticket_start_date":"","_ticket_end_date":"","_tribe_ticket_show_description":"","_tribe_ticket_show_not_going":false,"_tribe_ticket_use_global_stock":"","_tribe_ticket_global_stock_level":"","_global_stock_mode":"","_global_stock_cap":"","_tribe_rsvp_for_event":"","_tribe_ticket_going_count":"","_tribe_ticket_not_going_count":"","_tribe_tickets_list":"[]","_tribe_ticket_has_attendee_info_fields":false,"tdm_status":"","tdm_grid_status":"","footnotes":""},"categories":[1,320,303],"tags":[31228,14083,23982,34062,34060,24463,293,31877,34059,409,2408,34058,2067,25129,34061,31605,23836],"class_list":{"0":"post-267132","1":"post","2":"type-post","3":"status-publish","4":"format-standard","6":"category-noticias","7":"category-seccional-barranquilla","8":"category-seccionales","9":"tag-18-anos","10":"tag-atlantico","11":"tag-barranquilla-atlantico","12":"tag-barrio-betania","13":"tag-bitcoin","14":"tag-camioneta","15":"tag-condena","16":"tag-confeso-asesino","17":"tag-criptomonedas","18":"tag-homicidio","19":"tag-hurto-calificado","20":"tag-jairo-medina-vega","21":"tag-mujer","22":"tag-robo","23":"tag-transferencia-no-consentida-de-activos","24":"tag-tubara","25":"tag-valledupar"},"yoast_head":"<!-- This site is optimized with the Yoast SEO plugin v24.3 - https:\/\/yoast.com\/wordpress\/plugins\/seo\/ -->\n<title>Fiscal\u00eda General de la Naci\u00f3n<\/title>\n<meta name=\"description\" content=\"P\u00e1gina oficial de la Fiscal\u00eda General de la Naci\u00f3n \u2013 Colombia. Garantizamos el acceso efectivo a la justicia, la verdad y la reparaci\u00f3n de las v\u00edctimas de los delitos.\" \/>\n<meta name=\"robots\" content=\"noindex, follow\" \/>\n<meta property=\"og:locale\" content=\"es_ES\" \/>\n<meta property=\"og:type\" content=\"article\" \/>\n<meta property=\"og:title\" content=\"Fiscal\u00eda General de la Naci\u00f3n\" \/>\n<meta property=\"og:description\" content=\"P\u00e1gina oficial de la Fiscal\u00eda General de la Naci\u00f3n \u2013 Colombia. Garantizamos el acceso efectivo a la justicia, la verdad y la reparaci\u00f3n de las v\u00edctimas de los delitos.\" \/>\n<meta property=\"og:url\" content=\"https:\/\/www.fiscalia.gov.co\/colombia\/noticias\/condenado-a-mas-de-18-anos-de-prision-por-quitarle-la-vida-a-una-mujer-y-robarle-10-mil-dolares-en-criptomonedas\/\" \/>\n<meta property=\"og:site_name\" content=\"Fiscal\u00eda General de la Naci\u00f3n\" \/>\n<meta property=\"article:publisher\" content=\"https:\/\/www.facebook.com\/FiscaliaCol\" \/>\n<meta property=\"article:published_time\" content=\"2023-02-24T13:08:19+00:00\" \/>\n<meta property=\"og:image\" content=\"https:\/\/www.fiscalia.gov.co\/colombia\/wp-content\/uploads\/1.-Jairo-Medina-fue-condenado-a-18-de-prision-por-la-muerte-de-una-mujer-en-Barranquilla.-300x169.jpg\" \/>\n<meta name=\"author\" content=\"Winnie Geraldine Rodr\u00edguez Navarrete\" \/>\n<meta name=\"twitter:card\" content=\"summary_large_image\" \/>\n<meta name=\"twitter:creator\" content=\"@FiscaliaCol\" \/>\n<meta name=\"twitter:site\" content=\"@FiscaliaCol\" \/>\n<meta name=\"twitter:label1\" content=\"Escrito por\" \/>\n\t<meta name=\"twitter:data1\" content=\"Winnie Geraldine Rodr\u00edguez Navarrete\" \/>\n\t<meta name=\"twitter:label2\" content=\"Tiempo de lectura\" \/>\n\t<meta name=\"twitter:data2\" content=\"2 minutos\" \/>\n<script type=\"application\/ld+json\" class=\"yoast-schema-graph\">{\"@context\":\"https:\/\/schema.org\",\"@graph\":[{\"@type\":\"Article\",\"@id\":\"https:\/\/www.fiscalia.gov.co\/colombia\/noticias\/condenado-a-mas-de-18-anos-de-prision-por-quitarle-la-vida-a-una-mujer-y-robarle-10-mil-dolares-en-criptomonedas\/#article\",\"isPartOf\":{\"@id\":\"https:\/\/www.fiscalia.gov.co\/colombia\/noticias\/condenado-a-mas-de-18-anos-de-prision-por-quitarle-la-vida-a-una-mujer-y-robarle-10-mil-dolares-en-criptomonedas\/\"},\"author\":{\"name\":\"Winnie Geraldine Rodr\u00edguez Navarrete\",\"@id\":\"https:\/\/www.fiscalia.gov.co\/colombia\/#\/schema\/person\/176195b99ebab0a52aafa15197e1bf80\"},\"headline\":\"Condenado a m\u00e1s de 18 a\u00f1os de prisi\u00f3n por quitarle la vida a una mujer y robarle 10 mil d\u00f3lares en criptomonedas\",\"datePublished\":\"2023-02-24T13:08:19+00:00\",\"dateModified\":\"2023-02-24T13:08:19+00:00\",\"mainEntityOfPage\":{\"@id\":\"https:\/\/www.fiscalia.gov.co\/colombia\/noticias\/condenado-a-mas-de-18-anos-de-prision-por-quitarle-la-vida-a-una-mujer-y-robarle-10-mil-dolares-en-criptomonedas\/\"},\"wordCount\":455,\"publisher\":{\"@id\":\"https:\/\/www.fiscalia.gov.co\/colombia\/#organization\"},\"image\":{\"@id\":\"https:\/\/www.fiscalia.gov.co\/colombia\/noticias\/condenado-a-mas-de-18-anos-de-prision-por-quitarle-la-vida-a-una-mujer-y-robarle-10-mil-dolares-en-criptomonedas\/#primaryimage\"},\"thumbnailUrl\":\"https:\/\/www.fiscalia.gov.co\/colombia\/wp-content\/uploads\/1.-Jairo-Medina-fue-condenado-a-18-de-prision-por-la-muerte-de-una-mujer-en-Barranquilla.-300x169.jpg\",\"keywords\":[\"18 a\u00f1os\",\"Atl\u00e1ntico\",\"Barranquilla (Atl\u00e1ntico)\",\"barrio Betania\",\"bitcoin\",\"camioneta\",\"Condena\",\"confeso asesino\",\"criptomonedas\",\"Homicidio\",\"Hurto calificado\",\"Jairo Medina Vega\",\"Mujer\",\"robo\",\"transferencia no consentida de activos\",\"Tubar\u00e1\",\"Valledupar\"],\"articleSection\":[\"Noticias\",\"Seccional Barranquilla\",\"Seccionales\"],\"inLanguage\":\"es-CO\"},{\"@type\":\"WebPage\",\"@id\":\"https:\/\/www.fiscalia.gov.co\/colombia\/noticias\/condenado-a-mas-de-18-anos-de-prision-por-quitarle-la-vida-a-una-mujer-y-robarle-10-mil-dolares-en-criptomonedas\/\",\"url\":\"https:\/\/www.fiscalia.gov.co\/colombia\/noticias\/condenado-a-mas-de-18-anos-de-prision-por-quitarle-la-vida-a-una-mujer-y-robarle-10-mil-dolares-en-criptomonedas\/\",\"name\":\"Fiscal\u00eda General de la Naci\u00f3n\",\"isPartOf\":{\"@id\":\"https:\/\/www.fiscalia.gov.co\/colombia\/#website\"},\"primaryImageOfPage\":{\"@id\":\"https:\/\/www.fiscalia.gov.co\/colombia\/noticias\/condenado-a-mas-de-18-anos-de-prision-por-quitarle-la-vida-a-una-mujer-y-robarle-10-mil-dolares-en-criptomonedas\/#primaryimage\"},\"image\":{\"@id\":\"https:\/\/www.fiscalia.gov.co\/colombia\/noticias\/condenado-a-mas-de-18-anos-de-prision-por-quitarle-la-vida-a-una-mujer-y-robarle-10-mil-dolares-en-criptomonedas\/#primaryimage\"},\"thumbnailUrl\":\"https:\/\/www.fiscalia.gov.co\/colombia\/wp-content\/uploads\/1.-Jairo-Medina-fue-condenado-a-18-de-prision-por-la-muerte-de-una-mujer-en-Barranquilla.-300x169.jpg\",\"datePublished\":\"2023-02-24T13:08:19+00:00\",\"dateModified\":\"2023-02-24T13:08:19+00:00\",\"description\":\"P\u00e1gina oficial de la Fiscal\u00eda General de la Naci\u00f3n \u2013 Colombia. Garantizamos el acceso efectivo a la justicia, la verdad y la reparaci\u00f3n de las v\u00edctimas de los delitos.\",\"breadcrumb\":{\"@id\":\"https:\/\/www.fiscalia.gov.co\/colombia\/noticias\/condenado-a-mas-de-18-anos-de-prision-por-quitarle-la-vida-a-una-mujer-y-robarle-10-mil-dolares-en-criptomonedas\/#breadcrumb\"},\"inLanguage\":\"es-CO\",\"potentialAction\":[{\"@type\":\"ReadAction\",\"target\":[\"https:\/\/www.fiscalia.gov.co\/colombia\/noticias\/condenado-a-mas-de-18-anos-de-prision-por-quitarle-la-vida-a-una-mujer-y-robarle-10-mil-dolares-en-criptomonedas\/\"]}]},{\"@type\":\"ImageObject\",\"inLanguage\":\"es-CO\",\"@id\":\"https:\/\/www.fiscalia.gov.co\/colombia\/noticias\/condenado-a-mas-de-18-anos-de-prision-por-quitarle-la-vida-a-una-mujer-y-robarle-10-mil-dolares-en-criptomonedas\/#primaryimage\",\"url\":\"https:\/\/www.fiscalia.gov.co\/colombia\/wp-content\/uploads\/1.-Jairo-Medina-fue-condenado-a-18-de-prision-por-la-muerte-de-una-mujer-en-Barranquilla..jpg\",\"contentUrl\":\"https:\/\/www.fiscalia.gov.co\/colombia\/wp-content\/uploads\/1.-Jairo-Medina-fue-condenado-a-18-de-prision-por-la-muerte-de-una-mujer-en-Barranquilla..jpg\",\"width\":1920,\"height\":1080,\"caption\":\"Jairo Medina durante la lectura de la sentencia condenatoria por el homicidio de una mujer en el que acept\u00f3 haber participado.\"},{\"@type\":\"BreadcrumbList\",\"@id\":\"https:\/\/www.fiscalia.gov.co\/colombia\/noticias\/condenado-a-mas-de-18-anos-de-prision-por-quitarle-la-vida-a-una-mujer-y-robarle-10-mil-dolares-en-criptomonedas\/#breadcrumb\",\"itemListElement\":[{\"@type\":\"ListItem\",\"position\":1,\"name\":\"Home\",\"item\":\"https:\/\/www.fiscalia.gov.co\/colombia\/\"},{\"@type\":\"ListItem\",\"position\":2,\"name\":\"Condenado a m\u00e1s de 18 a\u00f1os de prisi\u00f3n por quitarle la vida a una mujer y robarle 10 mil d\u00f3lares en criptomonedas\"}]},{\"@type\":\"WebSite\",\"@id\":\"https:\/\/www.fiscalia.gov.co\/colombia\/#website\",\"url\":\"https:\/\/www.fiscalia.gov.co\/colombia\/\",\"name\":\"Fiscal\u00eda General de la Naci\u00f3n\",\"description\":\"P\u00e1gina oficial de la Fiscal\u00eda General de la Naci\u00f3n \u2013 Colombia. Garantizamos el acceso efectivo a la justicia, la verdad y la reparaci\u00f3n de las v\u00edctimas de los delitos.\",\"publisher\":{\"@id\":\"https:\/\/www.fiscalia.gov.co\/colombia\/#organization\"},\"potentialAction\":[{\"@type\":\"SearchAction\",\"target\":{\"@type\":\"EntryPoint\",\"urlTemplate\":\"https:\/\/www.fiscalia.gov.co\/colombia\/?s={search_term_string}\"},\"query-input\":{\"@type\":\"PropertyValueSpecification\",\"valueRequired\":true,\"valueName\":\"search_term_string\"}}],\"inLanguage\":\"es-CO\"},{\"@type\":\"Organization\",\"@id\":\"https:\/\/www.fiscalia.gov.co\/colombia\/#organization\",\"name\":\"Fiscal\u00eda General de la Naci\u00f3n\",\"url\":\"https:\/\/www.fiscalia.gov.co\/colombia\/\",\"logo\":{\"@type\":\"ImageObject\",\"inLanguage\":\"es-CO\",\"@id\":\"https:\/\/www.fiscalia.gov.co\/colombia\/#\/schema\/logo\/image\/\",\"url\":\"https:\/\/www.fiscalia.gov.co\/colombia\/wp-content\/uploads\/LogoHorizontal_1.jpg\",\"contentUrl\":\"https:\/\/www.fiscalia.gov.co\/colombia\/wp-content\/uploads\/LogoHorizontal_1.jpg\",\"width\":300,\"height\":90,\"caption\":\"Fiscal\u00eda General de la Naci\u00f3n\"},\"image\":{\"@id\":\"https:\/\/www.fiscalia.gov.co\/colombia\/#\/schema\/logo\/image\/\"},\"sameAs\":[\"https:\/\/www.facebook.com\/FiscaliaCol\",\"https:\/\/x.com\/FiscaliaCol\",\"https:\/\/www.instagram.com\/fiscaliacol\",\"https:\/\/www.linkedin.com\/company\/fiscalia-general-de-la-naci-n\/\",\"https:\/\/youtube.com\/@fiscaliageneraldelanacion-4668?si=6nN79nyQICPU5iTh\"]},{\"@type\":\"Person\",\"@id\":\"https:\/\/www.fiscalia.gov.co\/colombia\/#\/schema\/person\/176195b99ebab0a52aafa15197e1bf80\",\"name\":\"Winnie Geraldine Rodr\u00edguez Navarrete\",\"image\":{\"@type\":\"ImageObject\",\"inLanguage\":\"es-CO\",\"@id\":\"https:\/\/www.fiscalia.gov.co\/colombia\/#\/schema\/person\/image\/\",\"url\":\"https:\/\/secure.gravatar.com\/avatar\/c24cf8481dc84fa5e8c7b20bc95ab0c6?s=96&d=mm&r=g\",\"contentUrl\":\"https:\/\/secure.gravatar.com\/avatar\/c24cf8481dc84fa5e8c7b20bc95ab0c6?s=96&d=mm&r=g\",\"caption\":\"Winnie Geraldine Rodr\u00edguez Navarrete\"},\"url\":\"https:\/\/www.fiscalia.gov.co\/colombia\/author\/winnierodriguez\/\"}]}<\/script>\n<!-- \/ Yoast SEO plugin. -->","yoast_head_json":{"title":"Fiscal\u00eda General de la Naci\u00f3n","description":"P\u00e1gina oficial de la Fiscal\u00eda General de la Naci\u00f3n \u2013 Colombia. Garantizamos el acceso efectivo a la justicia, la verdad y la reparaci\u00f3n de las v\u00edctimas de los delitos.","robots":{"index":"noindex","follow":"follow"},"og_locale":"es_ES","og_type":"article","og_title":"Fiscal\u00eda General de la Naci\u00f3n","og_description":"P\u00e1gina oficial de la Fiscal\u00eda General de la Naci\u00f3n \u2013 Colombia. Garantizamos el acceso efectivo a la justicia, la verdad y la reparaci\u00f3n de las v\u00edctimas de los delitos.","og_url":"https:\/\/www.fiscalia.gov.co\/colombia\/noticias\/condenado-a-mas-de-18-anos-de-prision-por-quitarle-la-vida-a-una-mujer-y-robarle-10-mil-dolares-en-criptomonedas\/","og_site_name":"Fiscal\u00eda General de la Naci\u00f3n","article_publisher":"https:\/\/www.facebook.com\/FiscaliaCol","article_published_time":"2023-02-24T13:08:19+00:00","og_image":[{"url":"https:\/\/www.fiscalia.gov.co\/colombia\/wp-content\/uploads\/1.-Jairo-Medina-fue-condenado-a-18-de-prision-por-la-muerte-de-una-mujer-en-Barranquilla.-300x169.jpg","type":"","width":"","height":""}],"author":"Winnie Geraldine Rodr\u00edguez Navarrete","twitter_card":"summary_large_image","twitter_creator":"@FiscaliaCol","twitter_site":"@FiscaliaCol","twitter_misc":{"Escrito por":"Winnie Geraldine Rodr\u00edguez Navarrete","Tiempo de lectura":"2 minutos"},"schema":{"@context":"https:\/\/schema.org","@graph":[{"@type":"Article","@id":"https:\/\/www.fiscalia.gov.co\/colombia\/noticias\/condenado-a-mas-de-18-anos-de-prision-por-quitarle-la-vida-a-una-mujer-y-robarle-10-mil-dolares-en-criptomonedas\/#article","isPartOf":{"@id":"https:\/\/www.fiscalia.gov.co\/colombia\/noticias\/condenado-a-mas-de-18-anos-de-prision-por-quitarle-la-vida-a-una-mujer-y-robarle-10-mil-dolares-en-criptomonedas\/"},"author":{"name":"Winnie Geraldine Rodr\u00edguez Navarrete","@id":"https:\/\/www.fiscalia.gov.co\/colombia\/#\/schema\/person\/176195b99ebab0a52aafa15197e1bf80"},"headline":"Condenado a m\u00e1s de 18 a\u00f1os de prisi\u00f3n por quitarle la vida a una mujer y robarle 10 mil d\u00f3lares en criptomonedas","datePublished":"2023-02-24T13:08:19+00:00","dateModified":"2023-02-24T13:08:19+00:00","mainEntityOfPage":{"@id":"https:\/\/www.fiscalia.gov.co\/colombia\/noticias\/condenado-a-mas-de-18-anos-de-prision-por-quitarle-la-vida-a-una-mujer-y-robarle-10-mil-dolares-en-criptomonedas\/"},"wordCount":455,"publisher":{"@id":"https:\/\/www.fiscalia.gov.co\/colombia\/#organization"},"image":{"@id":"https:\/\/www.fiscalia.gov.co\/colombia\/noticias\/condenado-a-mas-de-18-anos-de-prision-por-quitarle-la-vida-a-una-mujer-y-robarle-10-mil-dolares-en-criptomonedas\/#primaryimage"},"thumbnailUrl":"https:\/\/www.fiscalia.gov.co\/colombia\/wp-content\/uploads\/1.-Jairo-Medina-fue-condenado-a-18-de-prision-por-la-muerte-de-una-mujer-en-Barranquilla.-300x169.jpg","keywords":["18 a\u00f1os","Atl\u00e1ntico","Barranquilla (Atl\u00e1ntico)","barrio Betania","bitcoin","camioneta","Condena","confeso asesino","criptomonedas","Homicidio","Hurto calificado","Jairo Medina Vega","Mujer","robo","transferencia no consentida de activos","Tubar\u00e1","Valledupar"],"articleSection":["Noticias","Seccional Barranquilla","Seccionales"],"inLanguage":"es-CO"},{"@type":"WebPage","@id":"https:\/\/www.fiscalia.gov.co\/colombia\/noticias\/condenado-a-mas-de-18-anos-de-prision-por-quitarle-la-vida-a-una-mujer-y-robarle-10-mil-dolares-en-criptomonedas\/","url":"https:\/\/www.fiscalia.gov.co\/colombia\/noticias\/condenado-a-mas-de-18-anos-de-prision-por-quitarle-la-vida-a-una-mujer-y-robarle-10-mil-dolares-en-criptomonedas\/","name":"Fiscal\u00eda General de la Naci\u00f3n","isPartOf":{"@id":"https:\/\/www.fiscalia.gov.co\/colombia\/#website"},"primaryImageOfPage":{"@id":"https:\/\/www.fiscalia.gov.co\/colombia\/noticias\/condenado-a-mas-de-18-anos-de-prision-por-quitarle-la-vida-a-una-mujer-y-robarle-10-mil-dolares-en-criptomonedas\/#primaryimage"},"image":{"@id":"https:\/\/www.fiscalia.gov.co\/colombia\/noticias\/condenado-a-mas-de-18-anos-de-prision-por-quitarle-la-vida-a-una-mujer-y-robarle-10-mil-dolares-en-criptomonedas\/#primaryimage"},"thumbnailUrl":"https:\/\/www.fiscalia.gov.co\/colombia\/wp-content\/uploads\/1.-Jairo-Medina-fue-condenado-a-18-de-prision-por-la-muerte-de-una-mujer-en-Barranquilla.-300x169.jpg","datePublished":"2023-02-24T13:08:19+00:00","dateModified":"2023-02-24T13:08:19+00:00","description":"P\u00e1gina oficial de la Fiscal\u00eda General de la Naci\u00f3n \u2013 Colombia. Garantizamos el acceso efectivo a la justicia, la verdad y la reparaci\u00f3n de las v\u00edctimas de los delitos.","breadcrumb":{"@id":"https:\/\/www.fiscalia.gov.co\/colombia\/noticias\/condenado-a-mas-de-18-anos-de-prision-por-quitarle-la-vida-a-una-mujer-y-robarle-10-mil-dolares-en-criptomonedas\/#breadcrumb"},"inLanguage":"es-CO","potentialAction":[{"@type":"ReadAction","target":["https:\/\/www.fiscalia.gov.co\/colombia\/noticias\/condenado-a-mas-de-18-anos-de-prision-por-quitarle-la-vida-a-una-mujer-y-robarle-10-mil-dolares-en-criptomonedas\/"]}]},{"@type":"ImageObject","inLanguage":"es-CO","@id":"https:\/\/www.fiscalia.gov.co\/colombia\/noticias\/condenado-a-mas-de-18-anos-de-prision-por-quitarle-la-vida-a-una-mujer-y-robarle-10-mil-dolares-en-criptomonedas\/#primaryimage","url":"https:\/\/www.fiscalia.gov.co\/colombia\/wp-content\/uploads\/1.-Jairo-Medina-fue-condenado-a-18-de-prision-por-la-muerte-de-una-mujer-en-Barranquilla..jpg","contentUrl":"https:\/\/www.fiscalia.gov.co\/colombia\/wp-content\/uploads\/1.-Jairo-Medina-fue-condenado-a-18-de-prision-por-la-muerte-de-una-mujer-en-Barranquilla..jpg","width":1920,"height":1080,"caption":"Jairo Medina durante la lectura de la sentencia condenatoria por el homicidio de una mujer en el que acept\u00f3 haber participado."},{"@type":"BreadcrumbList","@id":"https:\/\/www.fiscalia.gov.co\/colombia\/noticias\/condenado-a-mas-de-18-anos-de-prision-por-quitarle-la-vida-a-una-mujer-y-robarle-10-mil-dolares-en-criptomonedas\/#breadcrumb","itemListElement":[{"@type":"ListItem","position":1,"name":"Home","item":"https:\/\/www.fiscalia.gov.co\/colombia\/"},{"@type":"ListItem","position":2,"name":"Condenado a m\u00e1s de 18 a\u00f1os de prisi\u00f3n por quitarle la vida a una mujer y robarle 10 mil d\u00f3lares en criptomonedas"}]},{"@type":"WebSite","@id":"https:\/\/www.fiscalia.gov.co\/colombia\/#website","url":"https:\/\/www.fiscalia.gov.co\/colombia\/","name":"Fiscal\u00eda General de la Naci\u00f3n","description":"P\u00e1gina oficial de la Fiscal\u00eda General de la Naci\u00f3n \u2013 Colombia. Garantizamos el acceso efectivo a la justicia, la verdad y la reparaci\u00f3n de las v\u00edctimas de los delitos.","publisher":{"@id":"https:\/\/www.fiscalia.gov.co\/colombia\/#organization"},"potentialAction":[{"@type":"SearchAction","target":{"@type":"EntryPoint","urlTemplate":"https:\/\/www.fiscalia.gov.co\/colombia\/?s={search_term_string}"},"query-input":{"@type":"PropertyValueSpecification","valueRequired":true,"valueName":"search_term_string"}}],"inLanguage":"es-CO"},{"@type":"Organization","@id":"https:\/\/www.fiscalia.gov.co\/colombia\/#organization","name":"Fiscal\u00eda General de la Naci\u00f3n","url":"https:\/\/www.fiscalia.gov.co\/colombia\/","logo":{"@type":"ImageObject","inLanguage":"es-CO","@id":"https:\/\/www.fiscalia.gov.co\/colombia\/#\/schema\/logo\/image\/","url":"https:\/\/www.fiscalia.gov.co\/colombia\/wp-content\/uploads\/LogoHorizontal_1.jpg","contentUrl":"https:\/\/www.fiscalia.gov.co\/colombia\/wp-content\/uploads\/LogoHorizontal_1.jpg","width":300,"height":90,"caption":"Fiscal\u00eda General de la Naci\u00f3n"},"image":{"@id":"https:\/\/www.fiscalia.gov.co\/colombia\/#\/schema\/logo\/image\/"},"sameAs":["https:\/\/www.facebook.com\/FiscaliaCol","https:\/\/x.com\/FiscaliaCol","https:\/\/www.instagram.com\/fiscaliacol","https:\/\/www.linkedin.com\/company\/fiscalia-general-de-la-naci-n\/","https:\/\/youtube.com\/@fiscaliageneraldelanacion-4668?si=6nN79nyQICPU5iTh"]},{"@type":"Person","@id":"https:\/\/www.fiscalia.gov.co\/colombia\/#\/schema\/person\/176195b99ebab0a52aafa15197e1bf80","name":"Winnie Geraldine Rodr\u00edguez Navarrete","image":{"@type":"ImageObject","inLanguage":"es-CO","@id":"https:\/\/www.fiscalia.gov.co\/colombia\/#\/schema\/person\/image\/","url":"https:\/\/secure.gravatar.com\/avatar\/c24cf8481dc84fa5e8c7b20bc95ab0c6?s=96&d=mm&r=g","contentUrl":"https:\/\/secure.gravatar.com\/avatar\/c24cf8481dc84fa5e8c7b20bc95ab0c6?s=96&d=mm&r=g","caption":"Winnie Geraldine Rodr\u00edguez Navarrete"},"url":"https:\/\/www.fiscalia.gov.co\/colombia\/author\/winnierodriguez\/"}]}},"_links":{"self":[{"href":"https:\/\/www.fiscalia.gov.co\/colombia\/wp-json\/wp\/v2\/posts\/267132","targetHints":{"allow":["GET"]}}],"collection":[{"href":"https:\/\/www.fiscalia.gov.co\/colombia\/wp-json\/wp\/v2\/posts"}],"about":[{"href":"https:\/\/www.fiscalia.gov.co\/colombia\/wp-json\/wp\/v2\/types\/post"}],"author":[{"embeddable":true,"href":"https:\/\/www.fiscalia.gov.co\/colombia\/wp-json\/wp\/v2\/users\/178"}],"replies":[{"embeddable":true,"href":"https:\/\/www.fiscalia.gov.co\/colombia\/wp-json\/wp\/v2\/comments?post=267132"}],"version-history":[{"count":1,"href":"https:\/\/www.fiscalia.gov.co\/colombia\/wp-json\/wp\/v2\/posts\/267132\/revisions"}],"predecessor-version":[{"id":267134,"href":"https:\/\/www.fiscalia.gov.co\/colombia\/wp-json\/wp\/v2\/posts\/267132\/revisions\/267134"}],"wp:attachment":[{"href":"https:\/\/www.fiscalia.gov.co\/colombia\/wp-json\/wp\/v2\/media?parent=267132"}],"wp:term":[{"taxonomy":"category","embeddable":true,"href":"https:\/\/www.fiscalia.gov.co\/colombia\/wp-json\/wp\/v2\/categories?post=267132"},{"taxonomy":"post_tag","embeddable":true,"href":"https:\/\/www.fiscalia.gov.co\/colombia\/wp-json\/wp\/v2\/tags?post=267132"}],"curies":[{"name":"wp","href":"https:\/\/api.w.org\/{rel}","templated":true}]}}