{"id":267111,"date":"2023-02-23T16:48:52","date_gmt":"2023-02-23T21:48:52","guid":{"rendered":"https:\/\/www.fiscalia.gov.co\/colombia\/?p=267111"},"modified":"2023-02-23T16:48:52","modified_gmt":"2023-02-23T21:48:52","slug":"imputado-exfuncionario-de-promotora-de-vivienda-militar-por-presuntamente-pedir-dinero-a-cambio-de-anticipar-cesantias","status":"publish","type":"post","link":"https:\/\/www.fiscalia.gov.co\/colombia\/noticias\/imputado-exfuncionario-de-promotora-de-vivienda-militar-por-presuntamente-pedir-dinero-a-cambio-de-anticipar-cesantias\/","title":{"rendered":"Imputado exfuncionario de promotora de vivienda militar por presuntamente pedir dinero a cambio de anticipar cesant\u00edas"},"content":{"rendered":"<p>Edwar Leonardo Anaya Alsina fue imputado por la Fiscal\u00eda por el delito de concusi\u00f3n tras contarse con elementos de prueba que dan cuenta que, al parecer, exigi\u00f3 la suma de $600.000 a un soldado a cambio de obtener el pago anticipado de sus cesant\u00edas.<\/p>\n<p>Anaya Alsina habr\u00eda cometido el il\u00edcito mientras se desempe\u00f1aba como profesional de la Caja Promotora de Vivienda Militar y de Polic\u00eda Empresa Industrial y Comercial del Estado, vinculada al Ministerio de Defensa con sede en Florencia (Caquet\u00e1).<\/p>\n<p>Los hechos ocurrieron entre marzo y abril del a\u00f1o 2015 cuando el procesado, presuntamente abusando de sus funciones que ten\u00edan relaci\u00f3n con tr\u00e1mites de vivienda y cesant\u00edas, habr\u00eda solicitado a un soldado profesional afiliado a dicha caja, dinero para retirar sus prestaciones sociales.<\/p>\n<p>La delegada fiscal adscrita a la Unidad de Administraci\u00f3n P\u00fablica de la Seccional Caquet\u00e1 lo se\u00f1ala entonces de haber excedido su autoridad, con el pretexto de aprobar la entrega de sus cesant\u00edas, a cambio de favorecimientos econ\u00f3micos, contrario a la ley.<\/p>\n<p>Durante las audiencias de rigor no acept\u00f3 los cargos imputados. La pr\u00f3xima audiencia ser\u00e1 de acusaci\u00f3n.<\/p>\n<p><b>La Fiscal\u00eda habla con resultados.<\/b><\/p>\n<p>&nbsp;<\/p>\n<p>&nbsp;<\/p>\n<p>PAAM\/VHGB\/NBQ\/DSC<\/p>\n<p>&nbsp;<\/p>\n<p>&nbsp;<\/p>\n<p>&nbsp;<\/p>\n<p><b>Tambi\u00e9n le puede interesar:<\/p>\n<p><\/b><b><\/b><\/p>\n<p><a id=\"m_4116595577691537266LPlnk440130\" href=\"https:\/\/www.fiscalia.gov.co\/colombia\/noticias\/condenados-dos-policias-por-prevaricato-y-concusion-en-medellin\/\" target=\"_blank\" rel=\"noopener\" data-saferedirecturl=\"https:\/\/www.google.com\/url?q=https:\/\/www.fiscalia.gov.co\/colombia\/noticias\/condenados-dos-policias-por-prevaricato-y-concusion-en-medellin\/&amp;source=gmail&amp;ust=1677274934085000&amp;usg=AOvVaw1M9isvxML08Zjn0cAoEZuq\">https:\/\/www.fiscalia.gov.co\/<wbr \/>colombia\/noticias\/condenados-<wbr \/>dos-policias-por-prevaricato-<wbr \/>y-concusion-en-medellin\/<\/a><\/p>\n<p><a id=\"m_4116595577691537266LPlnk278711\" href=\"https:\/\/www.fiscalia.gov.co\/colombia\/noticias\/privado-de-la-libertad-ex-funcionario-de-la-secretaria-de-movilidad-de-ibague-por-concusion\/\" target=\"_blank\" rel=\"noopener\" data-saferedirecturl=\"https:\/\/www.google.com\/url?q=https:\/\/www.fiscalia.gov.co\/colombia\/noticias\/privado-de-la-libertad-ex-funcionario-de-la-secretaria-de-movilidad-de-ibague-por-concusion\/&amp;source=gmail&amp;ust=1677274934085000&amp;usg=AOvVaw23OLQLp_y-paVCzl1drs8K\">https:\/\/www.fiscalia.gov.co\/<wbr \/>colombia\/noticias\/privado-de-<wbr \/>la-libertad-ex-funcionario-de-<wbr \/>la-secretaria-de-movilidad-de-<wbr \/>ibague-por-concusion\/<\/a><\/p>\n<p>&nbsp;<\/p>\n<p>&nbsp;<\/p>\n<p>&nbsp;<\/p>\n<p><i>La informaci\u00f3n contenida en este bolet\u00edn de prensa corresponde a la narraci\u00f3n de los hechos<\/i><i>\u00a0noticiosos objetivos, suministrados por los funcionarios encargados de adelantar las investigaciones penales al interior de la Fiscal\u00eda General de la Naci\u00f3n. Para el momento de la divulgaci\u00f3n de este comunicado, la situaci\u00f3n jur\u00eddica de la(s) persona(s) relacionada(s) se encuentra pendiente de resolver por la autoridad\u00a0judicial competente, siempre bajo los preceptos de la presunci\u00f3n de inocencia, consagrados en el art\u00edculo 29 de la Constituci\u00f3n Pol\u00edtica y el art\u00edculo 7\u00ba de la Ley 906 de 2004.<\/i><\/p>\n\n<div class=\"twitter-share\"><a href=\"https:\/\/twitter.com\/intent\/tweet?via=fiscaliacol\" class=\"twitter-share-button\">Tweet<\/a><\/div>\n","protected":false},"excerpt":{"rendered":"<p>Edwar Leonardo Anaya Alsina fue imputado por la Fiscal\u00eda por el delito de concusi\u00f3n tras contarse con elementos de prueba que dan cuenta que, al parecer, exigi\u00f3 la suma de $600.000 a un soldado a cambio de obtener el pago anticipado de sus cesant\u00edas. Anaya Alsina habr\u00eda cometido el il\u00edcito mientras se desempe\u00f1aba como profesional [&hellip;]<\/p>\n","protected":false},"author":178,"featured_media":0,"comment_status":"closed","ping_status":"open","sticky":false,"template":"","format":"standard","meta":{"_price":"","_stock":"","_tribe_ticket_header":"","_tribe_default_ticket_provider":"","_tribe_ticket_capacity":"0","_ticket_start_date":"","_ticket_end_date":"","_tribe_ticket_show_description":"","_tribe_ticket_show_not_going":false,"_tribe_ticket_use_global_stock":"","_tribe_ticket_global_stock_level":"","_global_stock_mode":"","_global_stock_cap":"","_tribe_rsvp_for_event":"","_tribe_ticket_going_count":"","_tribe_ticket_not_going_count":"","_tribe_tickets_list":"[]","_tribe_ticket_has_attendee_info_fields":false,"tdm_status":"","tdm_grid_status":"","footnotes":""},"categories":[1,328,303],"tags":[6489,23965,427,45,1047,23822,24022,2189,34056,24379,2191,24497],"class_list":{"0":"post-267111","1":"post","2":"type-post","3":"status-publish","4":"format-standard","6":"category-noticias","7":"category-seccional-florencia","8":"category-seccionales","9":"tag-caqueta","10":"tag-concusion","11":"tag-corrupcion","12":"tag-cti","13":"tag-fiscalia-general-de-la-nacion","14":"tag-florencia","15":"tag-florencia-caqueta","16":"tag-ministerio-de-defensa","17":"tag-promotora-de-vivienda-militar","18":"tag-seccional-caqueta","19":"tag-soldado-profesional","20":"tag-unidad-de-administracion-publica"},"yoast_head":"<!-- This site is optimized with the Yoast SEO plugin v24.3 - https:\/\/yoast.com\/wordpress\/plugins\/seo\/ -->\n<title>Fiscal\u00eda General de la Naci\u00f3n<\/title>\n<meta name=\"description\" content=\"P\u00e1gina oficial de la Fiscal\u00eda General de la Naci\u00f3n \u2013 Colombia. Garantizamos el acceso efectivo a la justicia, la verdad y la reparaci\u00f3n de las v\u00edctimas de los delitos.\" \/>\n<meta name=\"robots\" content=\"noindex, follow\" \/>\n<meta property=\"og:locale\" content=\"es_ES\" \/>\n<meta property=\"og:type\" content=\"article\" \/>\n<meta property=\"og:title\" content=\"Fiscal\u00eda General de la Naci\u00f3n\" \/>\n<meta property=\"og:description\" content=\"P\u00e1gina oficial de la Fiscal\u00eda General de la Naci\u00f3n \u2013 Colombia. Garantizamos el acceso efectivo a la justicia, la verdad y la reparaci\u00f3n de las v\u00edctimas de los delitos.\" \/>\n<meta property=\"og:url\" content=\"https:\/\/www.fiscalia.gov.co\/colombia\/noticias\/imputado-exfuncionario-de-promotora-de-vivienda-militar-por-presuntamente-pedir-dinero-a-cambio-de-anticipar-cesantias\/\" \/>\n<meta property=\"og:site_name\" content=\"Fiscal\u00eda General de la Naci\u00f3n\" \/>\n<meta property=\"article:publisher\" content=\"https:\/\/www.facebook.com\/FiscaliaCol\" \/>\n<meta property=\"article:published_time\" content=\"2023-02-23T21:48:52+00:00\" \/>\n<meta name=\"author\" content=\"Winnie Geraldine Rodr\u00edguez Navarrete\" \/>\n<meta name=\"twitter:card\" content=\"summary_large_image\" \/>\n<meta name=\"twitter:creator\" content=\"@FiscaliaCol\" \/>\n<meta name=\"twitter:site\" content=\"@FiscaliaCol\" \/>\n<meta name=\"twitter:label1\" content=\"Escrito por\" \/>\n\t<meta name=\"twitter:data1\" content=\"Winnie Geraldine Rodr\u00edguez Navarrete\" \/>\n\t<meta name=\"twitter:label2\" content=\"Tiempo de lectura\" \/>\n\t<meta name=\"twitter:data2\" content=\"2 minutos\" \/>\n<script type=\"application\/ld+json\" class=\"yoast-schema-graph\">{\"@context\":\"https:\/\/schema.org\",\"@graph\":[{\"@type\":\"Article\",\"@id\":\"https:\/\/www.fiscalia.gov.co\/colombia\/noticias\/imputado-exfuncionario-de-promotora-de-vivienda-militar-por-presuntamente-pedir-dinero-a-cambio-de-anticipar-cesantias\/#article\",\"isPartOf\":{\"@id\":\"https:\/\/www.fiscalia.gov.co\/colombia\/noticias\/imputado-exfuncionario-de-promotora-de-vivienda-militar-por-presuntamente-pedir-dinero-a-cambio-de-anticipar-cesantias\/\"},\"author\":{\"name\":\"Winnie Geraldine Rodr\u00edguez Navarrete\",\"@id\":\"https:\/\/www.fiscalia.gov.co\/colombia\/#\/schema\/person\/176195b99ebab0a52aafa15197e1bf80\"},\"headline\":\"Imputado exfuncionario de promotora de vivienda militar por presuntamente pedir dinero a cambio de anticipar cesant\u00edas\",\"datePublished\":\"2023-02-23T21:48:52+00:00\",\"dateModified\":\"2023-02-23T21:48:52+00:00\",\"mainEntityOfPage\":{\"@id\":\"https:\/\/www.fiscalia.gov.co\/colombia\/noticias\/imputado-exfuncionario-de-promotora-de-vivienda-militar-por-presuntamente-pedir-dinero-a-cambio-de-anticipar-cesantias\/\"},\"wordCount\":357,\"publisher\":{\"@id\":\"https:\/\/www.fiscalia.gov.co\/colombia\/#organization\"},\"keywords\":[\"Caquet\u00e1\",\"Concusi\u00f3n\",\"Corrupci\u00f3n\",\"CTI\",\"Fiscal\u00eda General de la Naci\u00f3n\",\"Florencia\",\"Florencia (Caquet\u00e1)\",\"Ministerio de Defensa\",\"promotora de vivienda militar\",\"Seccional Caquet\u00e1.\",\"Soldado profesional\",\"Unidad de Administraci\u00f3n P\u00fablica\"],\"articleSection\":[\"Noticias\",\"Seccional Florencia\",\"Seccionales\"],\"inLanguage\":\"es-CO\"},{\"@type\":\"WebPage\",\"@id\":\"https:\/\/www.fiscalia.gov.co\/colombia\/noticias\/imputado-exfuncionario-de-promotora-de-vivienda-militar-por-presuntamente-pedir-dinero-a-cambio-de-anticipar-cesantias\/\",\"url\":\"https:\/\/www.fiscalia.gov.co\/colombia\/noticias\/imputado-exfuncionario-de-promotora-de-vivienda-militar-por-presuntamente-pedir-dinero-a-cambio-de-anticipar-cesantias\/\",\"name\":\"Fiscal\u00eda General de la Naci\u00f3n\",\"isPartOf\":{\"@id\":\"https:\/\/www.fiscalia.gov.co\/colombia\/#website\"},\"datePublished\":\"2023-02-23T21:48:52+00:00\",\"dateModified\":\"2023-02-23T21:48:52+00:00\",\"description\":\"P\u00e1gina oficial de la Fiscal\u00eda General de la Naci\u00f3n \u2013 Colombia. Garantizamos el acceso efectivo a la justicia, la verdad y la reparaci\u00f3n de las v\u00edctimas de los delitos.\",\"breadcrumb\":{\"@id\":\"https:\/\/www.fiscalia.gov.co\/colombia\/noticias\/imputado-exfuncionario-de-promotora-de-vivienda-militar-por-presuntamente-pedir-dinero-a-cambio-de-anticipar-cesantias\/#breadcrumb\"},\"inLanguage\":\"es-CO\",\"potentialAction\":[{\"@type\":\"ReadAction\",\"target\":[\"https:\/\/www.fiscalia.gov.co\/colombia\/noticias\/imputado-exfuncionario-de-promotora-de-vivienda-militar-por-presuntamente-pedir-dinero-a-cambio-de-anticipar-cesantias\/\"]}]},{\"@type\":\"BreadcrumbList\",\"@id\":\"https:\/\/www.fiscalia.gov.co\/colombia\/noticias\/imputado-exfuncionario-de-promotora-de-vivienda-militar-por-presuntamente-pedir-dinero-a-cambio-de-anticipar-cesantias\/#breadcrumb\",\"itemListElement\":[{\"@type\":\"ListItem\",\"position\":1,\"name\":\"Home\",\"item\":\"https:\/\/www.fiscalia.gov.co\/colombia\/\"},{\"@type\":\"ListItem\",\"position\":2,\"name\":\"Imputado exfuncionario de promotora de vivienda militar por presuntamente pedir dinero a cambio de anticipar cesant\u00edas\"}]},{\"@type\":\"WebSite\",\"@id\":\"https:\/\/www.fiscalia.gov.co\/colombia\/#website\",\"url\":\"https:\/\/www.fiscalia.gov.co\/colombia\/\",\"name\":\"Fiscal\u00eda General de la Naci\u00f3n\",\"description\":\"P\u00e1gina oficial de la Fiscal\u00eda General de la Naci\u00f3n \u2013 Colombia. Garantizamos el acceso efectivo a la justicia, la verdad y la reparaci\u00f3n de las v\u00edctimas de los delitos.\",\"publisher\":{\"@id\":\"https:\/\/www.fiscalia.gov.co\/colombia\/#organization\"},\"potentialAction\":[{\"@type\":\"SearchAction\",\"target\":{\"@type\":\"EntryPoint\",\"urlTemplate\":\"https:\/\/www.fiscalia.gov.co\/colombia\/?s={search_term_string}\"},\"query-input\":{\"@type\":\"PropertyValueSpecification\",\"valueRequired\":true,\"valueName\":\"search_term_string\"}}],\"inLanguage\":\"es-CO\"},{\"@type\":\"Organization\",\"@id\":\"https:\/\/www.fiscalia.gov.co\/colombia\/#organization\",\"name\":\"Fiscal\u00eda General de la Naci\u00f3n\",\"url\":\"https:\/\/www.fiscalia.gov.co\/colombia\/\",\"logo\":{\"@type\":\"ImageObject\",\"inLanguage\":\"es-CO\",\"@id\":\"https:\/\/www.fiscalia.gov.co\/colombia\/#\/schema\/logo\/image\/\",\"url\":\"https:\/\/www.fiscalia.gov.co\/colombia\/wp-content\/uploads\/LogoHorizontal_1.jpg\",\"contentUrl\":\"https:\/\/www.fiscalia.gov.co\/colombia\/wp-content\/uploads\/LogoHorizontal_1.jpg\",\"width\":300,\"height\":90,\"caption\":\"Fiscal\u00eda General de la Naci\u00f3n\"},\"image\":{\"@id\":\"https:\/\/www.fiscalia.gov.co\/colombia\/#\/schema\/logo\/image\/\"},\"sameAs\":[\"https:\/\/www.facebook.com\/FiscaliaCol\",\"https:\/\/x.com\/FiscaliaCol\",\"https:\/\/www.instagram.com\/fiscaliacol\",\"https:\/\/www.linkedin.com\/company\/fiscalia-general-de-la-naci-n\/\",\"https:\/\/youtube.com\/@fiscaliageneraldelanacion-4668?si=6nN79nyQICPU5iTh\"]},{\"@type\":\"Person\",\"@id\":\"https:\/\/www.fiscalia.gov.co\/colombia\/#\/schema\/person\/176195b99ebab0a52aafa15197e1bf80\",\"name\":\"Winnie Geraldine Rodr\u00edguez Navarrete\",\"image\":{\"@type\":\"ImageObject\",\"inLanguage\":\"es-CO\",\"@id\":\"https:\/\/www.fiscalia.gov.co\/colombia\/#\/schema\/person\/image\/\",\"url\":\"https:\/\/secure.gravatar.com\/avatar\/c24cf8481dc84fa5e8c7b20bc95ab0c6?s=96&d=mm&r=g\",\"contentUrl\":\"https:\/\/secure.gravatar.com\/avatar\/c24cf8481dc84fa5e8c7b20bc95ab0c6?s=96&d=mm&r=g\",\"caption\":\"Winnie Geraldine Rodr\u00edguez Navarrete\"},\"url\":\"https:\/\/www.fiscalia.gov.co\/colombia\/author\/winnierodriguez\/\"}]}<\/script>\n<!-- \/ Yoast SEO plugin. -->","yoast_head_json":{"title":"Fiscal\u00eda General de la Naci\u00f3n","description":"P\u00e1gina oficial de la Fiscal\u00eda General de la Naci\u00f3n \u2013 Colombia. Garantizamos el acceso efectivo a la justicia, la verdad y la reparaci\u00f3n de las v\u00edctimas de los delitos.","robots":{"index":"noindex","follow":"follow"},"og_locale":"es_ES","og_type":"article","og_title":"Fiscal\u00eda General de la Naci\u00f3n","og_description":"P\u00e1gina oficial de la Fiscal\u00eda General de la Naci\u00f3n \u2013 Colombia. Garantizamos el acceso efectivo a la justicia, la verdad y la reparaci\u00f3n de las v\u00edctimas de los delitos.","og_url":"https:\/\/www.fiscalia.gov.co\/colombia\/noticias\/imputado-exfuncionario-de-promotora-de-vivienda-militar-por-presuntamente-pedir-dinero-a-cambio-de-anticipar-cesantias\/","og_site_name":"Fiscal\u00eda General de la Naci\u00f3n","article_publisher":"https:\/\/www.facebook.com\/FiscaliaCol","article_published_time":"2023-02-23T21:48:52+00:00","author":"Winnie Geraldine Rodr\u00edguez Navarrete","twitter_card":"summary_large_image","twitter_creator":"@FiscaliaCol","twitter_site":"@FiscaliaCol","twitter_misc":{"Escrito por":"Winnie Geraldine Rodr\u00edguez Navarrete","Tiempo de lectura":"2 minutos"},"schema":{"@context":"https:\/\/schema.org","@graph":[{"@type":"Article","@id":"https:\/\/www.fiscalia.gov.co\/colombia\/noticias\/imputado-exfuncionario-de-promotora-de-vivienda-militar-por-presuntamente-pedir-dinero-a-cambio-de-anticipar-cesantias\/#article","isPartOf":{"@id":"https:\/\/www.fiscalia.gov.co\/colombia\/noticias\/imputado-exfuncionario-de-promotora-de-vivienda-militar-por-presuntamente-pedir-dinero-a-cambio-de-anticipar-cesantias\/"},"author":{"name":"Winnie Geraldine Rodr\u00edguez Navarrete","@id":"https:\/\/www.fiscalia.gov.co\/colombia\/#\/schema\/person\/176195b99ebab0a52aafa15197e1bf80"},"headline":"Imputado exfuncionario de promotora de vivienda militar por presuntamente pedir dinero a cambio de anticipar cesant\u00edas","datePublished":"2023-02-23T21:48:52+00:00","dateModified":"2023-02-23T21:48:52+00:00","mainEntityOfPage":{"@id":"https:\/\/www.fiscalia.gov.co\/colombia\/noticias\/imputado-exfuncionario-de-promotora-de-vivienda-militar-por-presuntamente-pedir-dinero-a-cambio-de-anticipar-cesantias\/"},"wordCount":357,"publisher":{"@id":"https:\/\/www.fiscalia.gov.co\/colombia\/#organization"},"keywords":["Caquet\u00e1","Concusi\u00f3n","Corrupci\u00f3n","CTI","Fiscal\u00eda General de la Naci\u00f3n","Florencia","Florencia (Caquet\u00e1)","Ministerio de Defensa","promotora de vivienda militar","Seccional Caquet\u00e1.","Soldado profesional","Unidad de Administraci\u00f3n P\u00fablica"],"articleSection":["Noticias","Seccional Florencia","Seccionales"],"inLanguage":"es-CO"},{"@type":"WebPage","@id":"https:\/\/www.fiscalia.gov.co\/colombia\/noticias\/imputado-exfuncionario-de-promotora-de-vivienda-militar-por-presuntamente-pedir-dinero-a-cambio-de-anticipar-cesantias\/","url":"https:\/\/www.fiscalia.gov.co\/colombia\/noticias\/imputado-exfuncionario-de-promotora-de-vivienda-militar-por-presuntamente-pedir-dinero-a-cambio-de-anticipar-cesantias\/","name":"Fiscal\u00eda General de la Naci\u00f3n","isPartOf":{"@id":"https:\/\/www.fiscalia.gov.co\/colombia\/#website"},"datePublished":"2023-02-23T21:48:52+00:00","dateModified":"2023-02-23T21:48:52+00:00","description":"P\u00e1gina oficial de la Fiscal\u00eda General de la Naci\u00f3n \u2013 Colombia. Garantizamos el acceso efectivo a la justicia, la verdad y la reparaci\u00f3n de las v\u00edctimas de los delitos.","breadcrumb":{"@id":"https:\/\/www.fiscalia.gov.co\/colombia\/noticias\/imputado-exfuncionario-de-promotora-de-vivienda-militar-por-presuntamente-pedir-dinero-a-cambio-de-anticipar-cesantias\/#breadcrumb"},"inLanguage":"es-CO","potentialAction":[{"@type":"ReadAction","target":["https:\/\/www.fiscalia.gov.co\/colombia\/noticias\/imputado-exfuncionario-de-promotora-de-vivienda-militar-por-presuntamente-pedir-dinero-a-cambio-de-anticipar-cesantias\/"]}]},{"@type":"BreadcrumbList","@id":"https:\/\/www.fiscalia.gov.co\/colombia\/noticias\/imputado-exfuncionario-de-promotora-de-vivienda-militar-por-presuntamente-pedir-dinero-a-cambio-de-anticipar-cesantias\/#breadcrumb","itemListElement":[{"@type":"ListItem","position":1,"name":"Home","item":"https:\/\/www.fiscalia.gov.co\/colombia\/"},{"@type":"ListItem","position":2,"name":"Imputado exfuncionario de promotora de vivienda militar por presuntamente pedir dinero a cambio de anticipar cesant\u00edas"}]},{"@type":"WebSite","@id":"https:\/\/www.fiscalia.gov.co\/colombia\/#website","url":"https:\/\/www.fiscalia.gov.co\/colombia\/","name":"Fiscal\u00eda General de la Naci\u00f3n","description":"P\u00e1gina oficial de la Fiscal\u00eda General de la Naci\u00f3n \u2013 Colombia. Garantizamos el acceso efectivo a la justicia, la verdad y la reparaci\u00f3n de las v\u00edctimas de los delitos.","publisher":{"@id":"https:\/\/www.fiscalia.gov.co\/colombia\/#organization"},"potentialAction":[{"@type":"SearchAction","target":{"@type":"EntryPoint","urlTemplate":"https:\/\/www.fiscalia.gov.co\/colombia\/?s={search_term_string}"},"query-input":{"@type":"PropertyValueSpecification","valueRequired":true,"valueName":"search_term_string"}}],"inLanguage":"es-CO"},{"@type":"Organization","@id":"https:\/\/www.fiscalia.gov.co\/colombia\/#organization","name":"Fiscal\u00eda General de la Naci\u00f3n","url":"https:\/\/www.fiscalia.gov.co\/colombia\/","logo":{"@type":"ImageObject","inLanguage":"es-CO","@id":"https:\/\/www.fiscalia.gov.co\/colombia\/#\/schema\/logo\/image\/","url":"https:\/\/www.fiscalia.gov.co\/colombia\/wp-content\/uploads\/LogoHorizontal_1.jpg","contentUrl":"https:\/\/www.fiscalia.gov.co\/colombia\/wp-content\/uploads\/LogoHorizontal_1.jpg","width":300,"height":90,"caption":"Fiscal\u00eda General de la Naci\u00f3n"},"image":{"@id":"https:\/\/www.fiscalia.gov.co\/colombia\/#\/schema\/logo\/image\/"},"sameAs":["https:\/\/www.facebook.com\/FiscaliaCol","https:\/\/x.com\/FiscaliaCol","https:\/\/www.instagram.com\/fiscaliacol","https:\/\/www.linkedin.com\/company\/fiscalia-general-de-la-naci-n\/","https:\/\/youtube.com\/@fiscaliageneraldelanacion-4668?si=6nN79nyQICPU5iTh"]},{"@type":"Person","@id":"https:\/\/www.fiscalia.gov.co\/colombia\/#\/schema\/person\/176195b99ebab0a52aafa15197e1bf80","name":"Winnie Geraldine Rodr\u00edguez Navarrete","image":{"@type":"ImageObject","inLanguage":"es-CO","@id":"https:\/\/www.fiscalia.gov.co\/colombia\/#\/schema\/person\/image\/","url":"https:\/\/secure.gravatar.com\/avatar\/c24cf8481dc84fa5e8c7b20bc95ab0c6?s=96&d=mm&r=g","contentUrl":"https:\/\/secure.gravatar.com\/avatar\/c24cf8481dc84fa5e8c7b20bc95ab0c6?s=96&d=mm&r=g","caption":"Winnie Geraldine Rodr\u00edguez Navarrete"},"url":"https:\/\/www.fiscalia.gov.co\/colombia\/author\/winnierodriguez\/"}]}},"_links":{"self":[{"href":"https:\/\/www.fiscalia.gov.co\/colombia\/wp-json\/wp\/v2\/posts\/267111","targetHints":{"allow":["GET"]}}],"collection":[{"href":"https:\/\/www.fiscalia.gov.co\/colombia\/wp-json\/wp\/v2\/posts"}],"about":[{"href":"https:\/\/www.fiscalia.gov.co\/colombia\/wp-json\/wp\/v2\/types\/post"}],"author":[{"embeddable":true,"href":"https:\/\/www.fiscalia.gov.co\/colombia\/wp-json\/wp\/v2\/users\/178"}],"replies":[{"embeddable":true,"href":"https:\/\/www.fiscalia.gov.co\/colombia\/wp-json\/wp\/v2\/comments?post=267111"}],"version-history":[{"count":1,"href":"https:\/\/www.fiscalia.gov.co\/colombia\/wp-json\/wp\/v2\/posts\/267111\/revisions"}],"predecessor-version":[{"id":267112,"href":"https:\/\/www.fiscalia.gov.co\/colombia\/wp-json\/wp\/v2\/posts\/267111\/revisions\/267112"}],"wp:attachment":[{"href":"https:\/\/www.fiscalia.gov.co\/colombia\/wp-json\/wp\/v2\/media?parent=267111"}],"wp:term":[{"taxonomy":"category","embeddable":true,"href":"https:\/\/www.fiscalia.gov.co\/colombia\/wp-json\/wp\/v2\/categories?post=267111"},{"taxonomy":"post_tag","embeddable":true,"href":"https:\/\/www.fiscalia.gov.co\/colombia\/wp-json\/wp\/v2\/tags?post=267111"}],"curies":[{"name":"wp","href":"https:\/\/api.w.org\/{rel}","templated":true}]}}