{"id":267080,"date":"2023-02-23T12:10:31","date_gmt":"2023-02-23T17:10:31","guid":{"rendered":"https:\/\/www.fiscalia.gov.co\/colombia\/?p=267080"},"modified":"2023-02-23T12:10:31","modified_gmt":"2023-02-23T17:10:31","slug":"fiscalia-judicializo-dos-hombres-que-presuntamente-transportaban-estupefacientes-en-zona-rural-de-puerto-carreno-vichada","status":"publish","type":"post","link":"https:\/\/www.fiscalia.gov.co\/colombia\/noticias\/fiscalia-judicializo-dos-hombres-que-presuntamente-transportaban-estupefacientes-en-zona-rural-de-puerto-carreno-vichada\/","title":{"rendered":"Fiscal\u00eda judicializ\u00f3 dos hombres que presuntamente transportaban estupefacientes en zona rural de Puerto Carre\u00f1o (Vichada)"},"content":{"rendered":"<p><span lang=\"ES-CO\">Un Fiscal de la seccional Vichada, logr\u00f3 que un juez con funciones de control de garant\u00edas\u00a0\u00a0enviara a la c\u00e1rcel a Albeiro C\u00e1rdenas L\u00f3pez, y del ciudadano extranjero Jos\u00e9 David Infante Rodr\u00edguez, se\u00f1alados\u00a0\u00a0por su presunta responsabilidad en el delito de tr\u00e1fico fabricaci\u00f3n y porte de estupefacientes.<\/span><\/p>\n<figure id=\"attachment_267081\" aria-describedby=\"caption-attachment-267081\" style=\"width: 366px\" class=\"wp-caption aligncenter\"><img loading=\"lazy\" decoding=\"async\" class=\" wp-image-267081\" src=\"https:\/\/www.fiscalia.gov.co\/colombia\/wp-content\/uploads\/Imagen-de-WhatsApp-2023-02-23-a-las-08.39.18-300x169.jpg\" alt=\"Los dos capturados aparecen esposados con sus manos, est\u00e1n de espalda y protegidos por miembros de la polic\u00eda y el ej\u00e9rcito.\" width=\"366\" height=\"206\" srcset=\"https:\/\/www.fiscalia.gov.co\/colombia\/wp-content\/uploads\/Imagen-de-WhatsApp-2023-02-23-a-las-08.39.18-300x169.jpg 300w, https:\/\/www.fiscalia.gov.co\/colombia\/wp-content\/uploads\/Imagen-de-WhatsApp-2023-02-23-a-las-08.39.18-1024x576.jpg 1024w, https:\/\/www.fiscalia.gov.co\/colombia\/wp-content\/uploads\/Imagen-de-WhatsApp-2023-02-23-a-las-08.39.18-768x432.jpg 768w, https:\/\/www.fiscalia.gov.co\/colombia\/wp-content\/uploads\/Imagen-de-WhatsApp-2023-02-23-a-las-08.39.18-696x392.jpg 696w, https:\/\/www.fiscalia.gov.co\/colombia\/wp-content\/uploads\/Imagen-de-WhatsApp-2023-02-23-a-las-08.39.18-1068x601.jpg 1068w, https:\/\/www.fiscalia.gov.co\/colombia\/wp-content\/uploads\/Imagen-de-WhatsApp-2023-02-23-a-las-08.39.18-747x420.jpg 747w, https:\/\/www.fiscalia.gov.co\/colombia\/wp-content\/uploads\/Imagen-de-WhatsApp-2023-02-23-a-las-08.39.18.jpg 1280w\" sizes=\"auto, (max-width: 366px) 100vw, 366px\" \/><figcaption id=\"caption-attachment-267081\" class=\"wp-caption-text\">Los dos capturados aparecen esposados con sus manos, est\u00e1n de espalda y protegidos por miembros de la polic\u00eda y el ej\u00e9rcito.<\/figcaption><\/figure>\n<p><span lang=\"ES-CO\">Los hechos, materia de investigaci\u00f3n, sucedieron el 19 de febrero anterior, cuando los capturados se movilizaban en una motocicleta por el sector entre Puerto Murillo y Aceitico, zona rural de Puerto Carre\u00f1o, capital del Vichada, y fueron requeridos por una patrulla del ej\u00e9rcito que, mediante una requisa,\u00a0\u00a0les encontraron 9110 gramos de marihuana envueltos en varios paquetes.<\/span><\/p>\n<p><span lang=\"ES-CO\">La Fiscal\u00eda los imput\u00f3 por el delito mencionado y con los elementos materiales probatorios aportados por el ente acusador, el juez del caso acept\u00f3 la solicitud y determin\u00f3 la reclusi\u00f3n en centro carcelario de Jos\u00e9 David Infante Rodr\u00edguez, mientras que para Albeiro C\u00e1rdenas L\u00f3pez, se determin\u00f3 una medida restrictiva de su libertad y seguir\u00e1 vinculado al proceso penal.\u00a0<\/span><\/p>\n<p><span lang=\"ES-CO\">Adem\u00e1s del alijo de estupefacientes, fueron incautados una motocicleta y dos equipos celulares.<\/span><\/p>\n<p><span lang=\"ES-CO\">Esta informaci\u00f3n se publica por razones de inter\u00e9s general.\u00a0<\/span><\/p>\n<p><b><span lang=\"ES-CO\">La Fiscal\u00eda habla con resultados.<\/span><\/b><\/p>\n<p><span lang=\"ES-CO\">\u00a0<\/span><\/p>\n<p><span lang=\"ES-CO\">\u00a0<\/span><\/p>\n<p align=\"center\">\n<p><span lang=\"ES-CO\">\u00a0<\/span><\/p>\n<p><span lang=\"ES-CO\">\u00a0<\/span><\/p>\n<p><span lang=\"ES-CO\">LAZL\/FAGH\/CMCHC\/DSV\/.<\/span><\/p>\n<p>&nbsp;<\/p>\n<p>&nbsp;<\/p>\n<p><span lang=\"ES-CO\">\u00a0<\/span><\/p>\n<p><span lang=\"ES-CO\">Le puede interesar:<\/span><\/p>\n<p><span lang=\"ES-CO\">\u00a0<\/span><\/p>\n<p><a id=\"m_-5934596188914720190LPlnk30159\" href=\"https:\/\/www.fiscalia.gov.co\/colombia\/noticias\/a-disposicion-de-la-fiscalia-tres-hombres-requeridos-por-estados-unidos-y-republica-dominicana-por-trafico-de-estupefacientes-delitos-sexuales-y-homicidio\/\" target=\"_blank\" rel=\"noopener\" data-saferedirecturl=\"https:\/\/www.google.com\/url?q=https:\/\/www.fiscalia.gov.co\/colombia\/noticias\/a-disposicion-de-la-fiscalia-tres-hombres-requeridos-por-estados-unidos-y-republica-dominicana-por-trafico-de-estupefacientes-delitos-sexuales-y-homicidio\/&amp;source=gmail&amp;ust=1677257474650000&amp;usg=AOvVaw2DlvLQM1fntWe6niAWLiPE\">https:\/\/www.fiscalia.gov.co\/<wbr \/>colombia\/noticias\/a-<wbr \/>disposicion-de-la-fiscalia-<wbr \/>tres-hombres-requeridos-por-<wbr \/>estados-unidos-y-republica-<wbr \/>dominicana-por-trafico-de-<wbr \/>estupefacientes-delitos-<wbr \/>sexuales-y-homicidio\/<\/a><\/p>\n<p><a id=\"m_-5934596188914720190LPlnk667401\" href=\"https:\/\/www.fiscalia.gov.co\/colombia\/noticias\/carcel-para-presuntos-responsables-de-trafico-de-estupefacientes-y-porte-de-armas-a-presuntos-integrantes-del-clan-del-golfo-en-casanare\/\" target=\"_blank\" rel=\"noopener\" data-saferedirecturl=\"https:\/\/www.google.com\/url?q=https:\/\/www.fiscalia.gov.co\/colombia\/noticias\/carcel-para-presuntos-responsables-de-trafico-de-estupefacientes-y-porte-de-armas-a-presuntos-integrantes-del-clan-del-golfo-en-casanare\/&amp;source=gmail&amp;ust=1677257474650000&amp;usg=AOvVaw3iuhNAOOW5-I7s8CgVhTZ0\"><span lang=\"ES-CO\">https:\/\/www.fiscalia.gov.co\/<wbr \/>colombia\/noticias\/carcel-para-<wbr \/>presuntos-responsables-de-<wbr \/>trafico-de-estupefacientes-y-<wbr \/>porte-de-armas-a-presuntos-<wbr \/>integrantes-del-clan-del-<wbr \/>golfo-en-casanare\/<\/span><\/a><u><\/u><\/p>\n<p><a id=\"m_-5934596188914720190LPlnk622973\" href=\"https:\/\/www.fiscalia.gov.co\/colombia\/noticias\/condenadas-cinco-personas-del-grupo-delincuencial-los-exportadores-por-trafico-de-estupefacientes-en-putumayo\/\" target=\"_blank\" rel=\"noopener\" data-saferedirecturl=\"https:\/\/www.google.com\/url?q=https:\/\/www.fiscalia.gov.co\/colombia\/noticias\/condenadas-cinco-personas-del-grupo-delincuencial-los-exportadores-por-trafico-de-estupefacientes-en-putumayo\/&amp;source=gmail&amp;ust=1677257474650000&amp;usg=AOvVaw00oPeDokJta-XQRXkCBr9N\"><span lang=\"ES-CO\">https:\/\/www.fiscalia.gov.co\/<wbr \/>colombia\/noticias\/condenadas-<wbr \/>cinco-personas-del-grupo-<wbr \/>delincuencial-los-<wbr \/>exportadores-por-trafico-de-<wbr \/>estupefacientes-en-putumayo\/<\/span><\/a><u><\/u><\/p>\n<p>&nbsp;<\/p>\n<p>&nbsp;<\/p>\n<p>&nbsp;<\/p>\n<p><i>La informaci\u00f3n contenida en este bolet\u00edn de prensa corresponde a la narraci\u00f3n de los hechos noticiosos objetivos, suministrados por los funcionarios encargados de adelantar las investigaciones penales al interior de la Fiscal\u00eda General de la Naci\u00f3n. Para el momento de la divulgaci\u00f3n de este comunicado, la situaci\u00f3n jur\u00eddica de la(s) persona(s) relacionada(s) se encuentra pendiente de resolver por la autoridad judicial competente, siempre bajo los preceptos de la presunci\u00f3n de inocencia, consagrados en el art\u00edculo 29 de la Constituci\u00f3n Pol\u00edtica y el art\u00edculo 7\u00ba de la Ley 906 de 2004.<\/i><\/p>\n\n<div class=\"twitter-share\"><a href=\"https:\/\/twitter.com\/intent\/tweet?via=fiscaliacol\" class=\"twitter-share-button\">Tweet<\/a><\/div>\n","protected":false},"excerpt":{"rendered":"<p>Un Fiscal de la seccional Vichada, logr\u00f3 que un juez con funciones de control de garant\u00edas\u00a0\u00a0enviara a la c\u00e1rcel a Albeiro C\u00e1rdenas L\u00f3pez, y del ciudadano extranjero Jos\u00e9 David Infante [&hellip;]<\/p>\n","protected":false},"author":178,"featured_media":0,"comment_status":"closed","ping_status":"open","sticky":false,"template":"","format":"standard","meta":{"tdm_status":"","tdm_grid_status":"","footnotes":""},"categories":[1,12637,303,24103],"tags":[924,1047,1185,31918,13509],"class_list":["post-267080","post","type-post","status-publish","format-standard","category-noticias","category-seccional-vichada","category-seccionales","category-trafico-de-estupefacientes","tag-captura","tag-fiscalia-general-de-la-nacion","tag-medida-de-aseguramiento","tag-puerto-carreno-vichada","tag-trafico-fabricacion-y-porte-de-estupefacientes"],"yoast_head":"<!-- This site is optimized with the Yoast SEO plugin v24.3 - https:\/\/yoast.com\/wordpress\/plugins\/seo\/ -->\n<title>Fiscal\u00eda General de la Naci\u00f3n<\/title>\n<meta name=\"description\" content=\"P\u00e1gina oficial de la Fiscal\u00eda General de la Naci\u00f3n \u2013 Colombia. Garantizamos el acceso efectivo a la justicia, la verdad y la reparaci\u00f3n de las v\u00edctimas de los delitos.\" \/>\n<meta name=\"robots\" content=\"noindex, follow\" \/>\n<meta property=\"og:locale\" content=\"es_ES\" \/>\n<meta property=\"og:type\" content=\"article\" \/>\n<meta property=\"og:title\" content=\"Fiscal\u00eda General de la Naci\u00f3n\" \/>\n<meta property=\"og:description\" content=\"P\u00e1gina oficial de la Fiscal\u00eda General de la Naci\u00f3n \u2013 Colombia. Garantizamos el acceso efectivo a la justicia, la verdad y la reparaci\u00f3n de las v\u00edctimas de los delitos.\" \/>\n<meta property=\"og:url\" content=\"https:\/\/www.fiscalia.gov.co\/colombia\/noticias\/fiscalia-judicializo-dos-hombres-que-presuntamente-transportaban-estupefacientes-en-zona-rural-de-puerto-carreno-vichada\/\" \/>\n<meta property=\"og:site_name\" content=\"Fiscal\u00eda General de la Naci\u00f3n\" \/>\n<meta property=\"article:publisher\" content=\"https:\/\/www.facebook.com\/FiscaliaCol\" \/>\n<meta property=\"article:published_time\" content=\"2023-02-23T17:10:31+00:00\" \/>\n<meta property=\"og:image\" content=\"https:\/\/www.fiscalia.gov.co\/colombia\/wp-content\/uploads\/Imagen-de-WhatsApp-2023-02-23-a-las-08.39.18-300x169.jpg\" \/>\n<meta name=\"author\" content=\"Winnie Geraldine Rodr\u00edguez Navarrete\" \/>\n<meta name=\"twitter:card\" content=\"summary_large_image\" \/>\n<meta name=\"twitter:creator\" content=\"@FiscaliaCol\" \/>\n<meta name=\"twitter:site\" content=\"@FiscaliaCol\" \/>\n<meta name=\"twitter:label1\" content=\"Escrito por\" \/>\n\t<meta name=\"twitter:data1\" content=\"Winnie Geraldine Rodr\u00edguez Navarrete\" \/>\n\t<meta name=\"twitter:label2\" content=\"Tiempo de lectura\" \/>\n\t<meta name=\"twitter:data2\" content=\"2 minutos\" \/>\n<script type=\"application\/ld+json\" class=\"yoast-schema-graph\">{\"@context\":\"https:\/\/schema.org\",\"@graph\":[{\"@type\":\"Article\",\"@id\":\"https:\/\/www.fiscalia.gov.co\/colombia\/noticias\/fiscalia-judicializo-dos-hombres-que-presuntamente-transportaban-estupefacientes-en-zona-rural-de-puerto-carreno-vichada\/#article\",\"isPartOf\":{\"@id\":\"https:\/\/www.fiscalia.gov.co\/colombia\/noticias\/fiscalia-judicializo-dos-hombres-que-presuntamente-transportaban-estupefacientes-en-zona-rural-de-puerto-carreno-vichada\/\"},\"author\":{\"name\":\"Winnie Geraldine Rodr\u00edguez Navarrete\",\"@id\":\"https:\/\/www.fiscalia.gov.co\/colombia\/#\/schema\/person\/176195b99ebab0a52aafa15197e1bf80\"},\"headline\":\"Fiscal\u00eda judicializ\u00f3 dos hombres que presuntamente transportaban estupefacientes en zona rural de Puerto Carre\u00f1o (Vichada)\",\"datePublished\":\"2023-02-23T17:10:31+00:00\",\"dateModified\":\"2023-02-23T17:10:31+00:00\",\"mainEntityOfPage\":{\"@id\":\"https:\/\/www.fiscalia.gov.co\/colombia\/noticias\/fiscalia-judicializo-dos-hombres-que-presuntamente-transportaban-estupefacientes-en-zona-rural-de-puerto-carreno-vichada\/\"},\"wordCount\":393,\"publisher\":{\"@id\":\"https:\/\/www.fiscalia.gov.co\/colombia\/#organization\"},\"image\":{\"@id\":\"https:\/\/www.fiscalia.gov.co\/colombia\/noticias\/fiscalia-judicializo-dos-hombres-que-presuntamente-transportaban-estupefacientes-en-zona-rural-de-puerto-carreno-vichada\/#primaryimage\"},\"thumbnailUrl\":\"https:\/\/www.fiscalia.gov.co\/colombia\/wp-content\/uploads\/Imagen-de-WhatsApp-2023-02-23-a-las-08.39.18-300x169.jpg\",\"keywords\":[\"Captura\",\"Fiscal\u00eda General de la Naci\u00f3n\",\"Medida de aseguramiento\",\"Puerto Carre\u00f1o (Vichada)\",\"tr\u00e1fico fabricaci\u00f3n y porte de estupefacientes\"],\"articleSection\":[\"Noticias\",\"Seccional Vichada\",\"Seccionales\",\"Tr\u00e1fico de estupefacientes\"],\"inLanguage\":\"es-CO\"},{\"@type\":\"WebPage\",\"@id\":\"https:\/\/www.fiscalia.gov.co\/colombia\/noticias\/fiscalia-judicializo-dos-hombres-que-presuntamente-transportaban-estupefacientes-en-zona-rural-de-puerto-carreno-vichada\/\",\"url\":\"https:\/\/www.fiscalia.gov.co\/colombia\/noticias\/fiscalia-judicializo-dos-hombres-que-presuntamente-transportaban-estupefacientes-en-zona-rural-de-puerto-carreno-vichada\/\",\"name\":\"Fiscal\u00eda General de la Naci\u00f3n\",\"isPartOf\":{\"@id\":\"https:\/\/www.fiscalia.gov.co\/colombia\/#website\"},\"primaryImageOfPage\":{\"@id\":\"https:\/\/www.fiscalia.gov.co\/colombia\/noticias\/fiscalia-judicializo-dos-hombres-que-presuntamente-transportaban-estupefacientes-en-zona-rural-de-puerto-carreno-vichada\/#primaryimage\"},\"image\":{\"@id\":\"https:\/\/www.fiscalia.gov.co\/colombia\/noticias\/fiscalia-judicializo-dos-hombres-que-presuntamente-transportaban-estupefacientes-en-zona-rural-de-puerto-carreno-vichada\/#primaryimage\"},\"thumbnailUrl\":\"https:\/\/www.fiscalia.gov.co\/colombia\/wp-content\/uploads\/Imagen-de-WhatsApp-2023-02-23-a-las-08.39.18-300x169.jpg\",\"datePublished\":\"2023-02-23T17:10:31+00:00\",\"dateModified\":\"2023-02-23T17:10:31+00:00\",\"description\":\"P\u00e1gina oficial de la Fiscal\u00eda General de la Naci\u00f3n \u2013 Colombia. Garantizamos el acceso efectivo a la justicia, la verdad y la reparaci\u00f3n de las v\u00edctimas de los delitos.\",\"breadcrumb\":{\"@id\":\"https:\/\/www.fiscalia.gov.co\/colombia\/noticias\/fiscalia-judicializo-dos-hombres-que-presuntamente-transportaban-estupefacientes-en-zona-rural-de-puerto-carreno-vichada\/#breadcrumb\"},\"inLanguage\":\"es-CO\",\"potentialAction\":[{\"@type\":\"ReadAction\",\"target\":[\"https:\/\/www.fiscalia.gov.co\/colombia\/noticias\/fiscalia-judicializo-dos-hombres-que-presuntamente-transportaban-estupefacientes-en-zona-rural-de-puerto-carreno-vichada\/\"]}]},{\"@type\":\"ImageObject\",\"inLanguage\":\"es-CO\",\"@id\":\"https:\/\/www.fiscalia.gov.co\/colombia\/noticias\/fiscalia-judicializo-dos-hombres-que-presuntamente-transportaban-estupefacientes-en-zona-rural-de-puerto-carreno-vichada\/#primaryimage\",\"url\":\"https:\/\/www.fiscalia.gov.co\/colombia\/wp-content\/uploads\/Imagen-de-WhatsApp-2023-02-23-a-las-08.39.18.jpg\",\"contentUrl\":\"https:\/\/www.fiscalia.gov.co\/colombia\/wp-content\/uploads\/Imagen-de-WhatsApp-2023-02-23-a-las-08.39.18.jpg\",\"width\":1280,\"height\":720,\"caption\":\"Los dos capturados aparecen esposados con sus manos, est\u00e1n de espalda y protegidos por miembros de la polic\u00eda y el ej\u00e9rcito.\"},{\"@type\":\"BreadcrumbList\",\"@id\":\"https:\/\/www.fiscalia.gov.co\/colombia\/noticias\/fiscalia-judicializo-dos-hombres-que-presuntamente-transportaban-estupefacientes-en-zona-rural-de-puerto-carreno-vichada\/#breadcrumb\",\"itemListElement\":[{\"@type\":\"ListItem\",\"position\":1,\"name\":\"Home\",\"item\":\"https:\/\/www.fiscalia.gov.co\/colombia\/\"},{\"@type\":\"ListItem\",\"position\":2,\"name\":\"Fiscal\u00eda judicializ\u00f3 dos hombres que presuntamente transportaban estupefacientes en zona rural de Puerto Carre\u00f1o (Vichada)\"}]},{\"@type\":\"WebSite\",\"@id\":\"https:\/\/www.fiscalia.gov.co\/colombia\/#website\",\"url\":\"https:\/\/www.fiscalia.gov.co\/colombia\/\",\"name\":\"Fiscal\u00eda General de la Naci\u00f3n\",\"description\":\"P\u00e1gina oficial de la Fiscal\u00eda General de la Naci\u00f3n \u2013 Colombia. Garantizamos el acceso efectivo a la justicia, la verdad y la reparaci\u00f3n de las v\u00edctimas de los delitos.\",\"publisher\":{\"@id\":\"https:\/\/www.fiscalia.gov.co\/colombia\/#organization\"},\"potentialAction\":[{\"@type\":\"SearchAction\",\"target\":{\"@type\":\"EntryPoint\",\"urlTemplate\":\"https:\/\/www.fiscalia.gov.co\/colombia\/?s={search_term_string}\"},\"query-input\":{\"@type\":\"PropertyValueSpecification\",\"valueRequired\":true,\"valueName\":\"search_term_string\"}}],\"inLanguage\":\"es-CO\"},{\"@type\":\"Organization\",\"@id\":\"https:\/\/www.fiscalia.gov.co\/colombia\/#organization\",\"name\":\"Fiscal\u00eda General de la Naci\u00f3n\",\"url\":\"https:\/\/www.fiscalia.gov.co\/colombia\/\",\"logo\":{\"@type\":\"ImageObject\",\"inLanguage\":\"es-CO\",\"@id\":\"https:\/\/www.fiscalia.gov.co\/colombia\/#\/schema\/logo\/image\/\",\"url\":\"https:\/\/www.fiscalia.gov.co\/colombia\/wp-content\/uploads\/LogoHorizontal_1.jpg\",\"contentUrl\":\"https:\/\/www.fiscalia.gov.co\/colombia\/wp-content\/uploads\/LogoHorizontal_1.jpg\",\"width\":300,\"height\":90,\"caption\":\"Fiscal\u00eda General de la Naci\u00f3n\"},\"image\":{\"@id\":\"https:\/\/www.fiscalia.gov.co\/colombia\/#\/schema\/logo\/image\/\"},\"sameAs\":[\"https:\/\/www.facebook.com\/FiscaliaCol\",\"https:\/\/x.com\/FiscaliaCol\",\"https:\/\/www.instagram.com\/fiscaliacol\",\"https:\/\/www.linkedin.com\/company\/fiscalia-general-de-la-naci-n\/\",\"https:\/\/youtube.com\/@fiscaliageneraldelanacion-4668?si=6nN79nyQICPU5iTh\"]},{\"@type\":\"Person\",\"@id\":\"https:\/\/www.fiscalia.gov.co\/colombia\/#\/schema\/person\/176195b99ebab0a52aafa15197e1bf80\",\"name\":\"Winnie Geraldine Rodr\u00edguez Navarrete\",\"image\":{\"@type\":\"ImageObject\",\"inLanguage\":\"es-CO\",\"@id\":\"https:\/\/www.fiscalia.gov.co\/colombia\/#\/schema\/person\/image\/\",\"url\":\"https:\/\/secure.gravatar.com\/avatar\/c24cf8481dc84fa5e8c7b20bc95ab0c6?s=96&d=mm&r=g\",\"contentUrl\":\"https:\/\/secure.gravatar.com\/avatar\/c24cf8481dc84fa5e8c7b20bc95ab0c6?s=96&d=mm&r=g\",\"caption\":\"Winnie Geraldine Rodr\u00edguez Navarrete\"},\"url\":\"https:\/\/www.fiscalia.gov.co\/colombia\/author\/winnierodriguez\/\"}]}<\/script>\n<!-- \/ Yoast SEO plugin. -->","yoast_head_json":{"title":"Fiscal\u00eda General de la Naci\u00f3n","description":"P\u00e1gina oficial de la Fiscal\u00eda General de la Naci\u00f3n \u2013 Colombia. Garantizamos el acceso efectivo a la justicia, la verdad y la reparaci\u00f3n de las v\u00edctimas de los delitos.","robots":{"index":"noindex","follow":"follow"},"og_locale":"es_ES","og_type":"article","og_title":"Fiscal\u00eda General de la Naci\u00f3n","og_description":"P\u00e1gina oficial de la Fiscal\u00eda General de la Naci\u00f3n \u2013 Colombia. Garantizamos el acceso efectivo a la justicia, la verdad y la reparaci\u00f3n de las v\u00edctimas de los delitos.","og_url":"https:\/\/www.fiscalia.gov.co\/colombia\/noticias\/fiscalia-judicializo-dos-hombres-que-presuntamente-transportaban-estupefacientes-en-zona-rural-de-puerto-carreno-vichada\/","og_site_name":"Fiscal\u00eda General de la Naci\u00f3n","article_publisher":"https:\/\/www.facebook.com\/FiscaliaCol","article_published_time":"2023-02-23T17:10:31+00:00","og_image":[{"url":"https:\/\/www.fiscalia.gov.co\/colombia\/wp-content\/uploads\/Imagen-de-WhatsApp-2023-02-23-a-las-08.39.18-300x169.jpg","type":"","width":"","height":""}],"author":"Winnie Geraldine Rodr\u00edguez Navarrete","twitter_card":"summary_large_image","twitter_creator":"@FiscaliaCol","twitter_site":"@FiscaliaCol","twitter_misc":{"Escrito por":"Winnie Geraldine Rodr\u00edguez Navarrete","Tiempo de lectura":"2 minutos"},"schema":{"@context":"https:\/\/schema.org","@graph":[{"@type":"Article","@id":"https:\/\/www.fiscalia.gov.co\/colombia\/noticias\/fiscalia-judicializo-dos-hombres-que-presuntamente-transportaban-estupefacientes-en-zona-rural-de-puerto-carreno-vichada\/#article","isPartOf":{"@id":"https:\/\/www.fiscalia.gov.co\/colombia\/noticias\/fiscalia-judicializo-dos-hombres-que-presuntamente-transportaban-estupefacientes-en-zona-rural-de-puerto-carreno-vichada\/"},"author":{"name":"Winnie Geraldine Rodr\u00edguez Navarrete","@id":"https:\/\/www.fiscalia.gov.co\/colombia\/#\/schema\/person\/176195b99ebab0a52aafa15197e1bf80"},"headline":"Fiscal\u00eda judicializ\u00f3 dos hombres que presuntamente transportaban estupefacientes en zona rural de Puerto Carre\u00f1o (Vichada)","datePublished":"2023-02-23T17:10:31+00:00","dateModified":"2023-02-23T17:10:31+00:00","mainEntityOfPage":{"@id":"https:\/\/www.fiscalia.gov.co\/colombia\/noticias\/fiscalia-judicializo-dos-hombres-que-presuntamente-transportaban-estupefacientes-en-zona-rural-de-puerto-carreno-vichada\/"},"wordCount":393,"publisher":{"@id":"https:\/\/www.fiscalia.gov.co\/colombia\/#organization"},"image":{"@id":"https:\/\/www.fiscalia.gov.co\/colombia\/noticias\/fiscalia-judicializo-dos-hombres-que-presuntamente-transportaban-estupefacientes-en-zona-rural-de-puerto-carreno-vichada\/#primaryimage"},"thumbnailUrl":"https:\/\/www.fiscalia.gov.co\/colombia\/wp-content\/uploads\/Imagen-de-WhatsApp-2023-02-23-a-las-08.39.18-300x169.jpg","keywords":["Captura","Fiscal\u00eda General de la Naci\u00f3n","Medida de aseguramiento","Puerto Carre\u00f1o (Vichada)","tr\u00e1fico fabricaci\u00f3n y porte de estupefacientes"],"articleSection":["Noticias","Seccional Vichada","Seccionales","Tr\u00e1fico de estupefacientes"],"inLanguage":"es-CO"},{"@type":"WebPage","@id":"https:\/\/www.fiscalia.gov.co\/colombia\/noticias\/fiscalia-judicializo-dos-hombres-que-presuntamente-transportaban-estupefacientes-en-zona-rural-de-puerto-carreno-vichada\/","url":"https:\/\/www.fiscalia.gov.co\/colombia\/noticias\/fiscalia-judicializo-dos-hombres-que-presuntamente-transportaban-estupefacientes-en-zona-rural-de-puerto-carreno-vichada\/","name":"Fiscal\u00eda General de la Naci\u00f3n","isPartOf":{"@id":"https:\/\/www.fiscalia.gov.co\/colombia\/#website"},"primaryImageOfPage":{"@id":"https:\/\/www.fiscalia.gov.co\/colombia\/noticias\/fiscalia-judicializo-dos-hombres-que-presuntamente-transportaban-estupefacientes-en-zona-rural-de-puerto-carreno-vichada\/#primaryimage"},"image":{"@id":"https:\/\/www.fiscalia.gov.co\/colombia\/noticias\/fiscalia-judicializo-dos-hombres-que-presuntamente-transportaban-estupefacientes-en-zona-rural-de-puerto-carreno-vichada\/#primaryimage"},"thumbnailUrl":"https:\/\/www.fiscalia.gov.co\/colombia\/wp-content\/uploads\/Imagen-de-WhatsApp-2023-02-23-a-las-08.39.18-300x169.jpg","datePublished":"2023-02-23T17:10:31+00:00","dateModified":"2023-02-23T17:10:31+00:00","description":"P\u00e1gina oficial de la Fiscal\u00eda General de la Naci\u00f3n \u2013 Colombia. Garantizamos el acceso efectivo a la justicia, la verdad y la reparaci\u00f3n de las v\u00edctimas de los delitos.","breadcrumb":{"@id":"https:\/\/www.fiscalia.gov.co\/colombia\/noticias\/fiscalia-judicializo-dos-hombres-que-presuntamente-transportaban-estupefacientes-en-zona-rural-de-puerto-carreno-vichada\/#breadcrumb"},"inLanguage":"es-CO","potentialAction":[{"@type":"ReadAction","target":["https:\/\/www.fiscalia.gov.co\/colombia\/noticias\/fiscalia-judicializo-dos-hombres-que-presuntamente-transportaban-estupefacientes-en-zona-rural-de-puerto-carreno-vichada\/"]}]},{"@type":"ImageObject","inLanguage":"es-CO","@id":"https:\/\/www.fiscalia.gov.co\/colombia\/noticias\/fiscalia-judicializo-dos-hombres-que-presuntamente-transportaban-estupefacientes-en-zona-rural-de-puerto-carreno-vichada\/#primaryimage","url":"https:\/\/www.fiscalia.gov.co\/colombia\/wp-content\/uploads\/Imagen-de-WhatsApp-2023-02-23-a-las-08.39.18.jpg","contentUrl":"https:\/\/www.fiscalia.gov.co\/colombia\/wp-content\/uploads\/Imagen-de-WhatsApp-2023-02-23-a-las-08.39.18.jpg","width":1280,"height":720,"caption":"Los dos capturados aparecen esposados con sus manos, est\u00e1n de espalda y protegidos por miembros de la polic\u00eda y el ej\u00e9rcito."},{"@type":"BreadcrumbList","@id":"https:\/\/www.fiscalia.gov.co\/colombia\/noticias\/fiscalia-judicializo-dos-hombres-que-presuntamente-transportaban-estupefacientes-en-zona-rural-de-puerto-carreno-vichada\/#breadcrumb","itemListElement":[{"@type":"ListItem","position":1,"name":"Home","item":"https:\/\/www.fiscalia.gov.co\/colombia\/"},{"@type":"ListItem","position":2,"name":"Fiscal\u00eda judicializ\u00f3 dos hombres que presuntamente transportaban estupefacientes en zona rural de Puerto Carre\u00f1o (Vichada)"}]},{"@type":"WebSite","@id":"https:\/\/www.fiscalia.gov.co\/colombia\/#website","url":"https:\/\/www.fiscalia.gov.co\/colombia\/","name":"Fiscal\u00eda General de la Naci\u00f3n","description":"P\u00e1gina oficial de la Fiscal\u00eda General de la Naci\u00f3n \u2013 Colombia. Garantizamos el acceso efectivo a la justicia, la verdad y la reparaci\u00f3n de las v\u00edctimas de los delitos.","publisher":{"@id":"https:\/\/www.fiscalia.gov.co\/colombia\/#organization"},"potentialAction":[{"@type":"SearchAction","target":{"@type":"EntryPoint","urlTemplate":"https:\/\/www.fiscalia.gov.co\/colombia\/?s={search_term_string}"},"query-input":{"@type":"PropertyValueSpecification","valueRequired":true,"valueName":"search_term_string"}}],"inLanguage":"es-CO"},{"@type":"Organization","@id":"https:\/\/www.fiscalia.gov.co\/colombia\/#organization","name":"Fiscal\u00eda General de la Naci\u00f3n","url":"https:\/\/www.fiscalia.gov.co\/colombia\/","logo":{"@type":"ImageObject","inLanguage":"es-CO","@id":"https:\/\/www.fiscalia.gov.co\/colombia\/#\/schema\/logo\/image\/","url":"https:\/\/www.fiscalia.gov.co\/colombia\/wp-content\/uploads\/LogoHorizontal_1.jpg","contentUrl":"https:\/\/www.fiscalia.gov.co\/colombia\/wp-content\/uploads\/LogoHorizontal_1.jpg","width":300,"height":90,"caption":"Fiscal\u00eda General de la Naci\u00f3n"},"image":{"@id":"https:\/\/www.fiscalia.gov.co\/colombia\/#\/schema\/logo\/image\/"},"sameAs":["https:\/\/www.facebook.com\/FiscaliaCol","https:\/\/x.com\/FiscaliaCol","https:\/\/www.instagram.com\/fiscaliacol","https:\/\/www.linkedin.com\/company\/fiscalia-general-de-la-naci-n\/","https:\/\/youtube.com\/@fiscaliageneraldelanacion-4668?si=6nN79nyQICPU5iTh"]},{"@type":"Person","@id":"https:\/\/www.fiscalia.gov.co\/colombia\/#\/schema\/person\/176195b99ebab0a52aafa15197e1bf80","name":"Winnie Geraldine Rodr\u00edguez Navarrete","image":{"@type":"ImageObject","inLanguage":"es-CO","@id":"https:\/\/www.fiscalia.gov.co\/colombia\/#\/schema\/person\/image\/","url":"https:\/\/secure.gravatar.com\/avatar\/c24cf8481dc84fa5e8c7b20bc95ab0c6?s=96&d=mm&r=g","contentUrl":"https:\/\/secure.gravatar.com\/avatar\/c24cf8481dc84fa5e8c7b20bc95ab0c6?s=96&d=mm&r=g","caption":"Winnie Geraldine Rodr\u00edguez Navarrete"},"url":"https:\/\/www.fiscalia.gov.co\/colombia\/author\/winnierodriguez\/"}]}},"_links":{"self":[{"href":"https:\/\/www.fiscalia.gov.co\/colombia\/wp-json\/wp\/v2\/posts\/267080","targetHints":{"allow":["GET"]}}],"collection":[{"href":"https:\/\/www.fiscalia.gov.co\/colombia\/wp-json\/wp\/v2\/posts"}],"about":[{"href":"https:\/\/www.fiscalia.gov.co\/colombia\/wp-json\/wp\/v2\/types\/post"}],"author":[{"embeddable":true,"href":"https:\/\/www.fiscalia.gov.co\/colombia\/wp-json\/wp\/v2\/users\/178"}],"replies":[{"embeddable":true,"href":"https:\/\/www.fiscalia.gov.co\/colombia\/wp-json\/wp\/v2\/comments?post=267080"}],"version-history":[{"count":1,"href":"https:\/\/www.fiscalia.gov.co\/colombia\/wp-json\/wp\/v2\/posts\/267080\/revisions"}],"predecessor-version":[{"id":267082,"href":"https:\/\/www.fiscalia.gov.co\/colombia\/wp-json\/wp\/v2\/posts\/267080\/revisions\/267082"}],"wp:attachment":[{"href":"https:\/\/www.fiscalia.gov.co\/colombia\/wp-json\/wp\/v2\/media?parent=267080"}],"wp:term":[{"taxonomy":"category","embeddable":true,"href":"https:\/\/www.fiscalia.gov.co\/colombia\/wp-json\/wp\/v2\/categories?post=267080"},{"taxonomy":"post_tag","embeddable":true,"href":"https:\/\/www.fiscalia.gov.co\/colombia\/wp-json\/wp\/v2\/tags?post=267080"}],"curies":[{"name":"wp","href":"https:\/\/api.w.org\/{rel}","templated":true}]}}