{"id":266946,"date":"2023-02-22T12:11:58","date_gmt":"2023-02-22T17:11:58","guid":{"rendered":"https:\/\/www.fiscalia.gov.co\/colombia\/?p=266946"},"modified":"2023-02-22T12:11:58","modified_gmt":"2023-02-22T17:11:58","slug":"a-prision-alias-dylan-presunto-cabecilla-de-la-estructura-ilegal-adan-izquierdo","status":"publish","type":"post","link":"https:\/\/www.fiscalia.gov.co\/colombia\/noticias\/a-prision-alias-dylan-presunto-cabecilla-de-la-estructura-ilegal-adan-izquierdo\/","title":{"rendered":"A prisi\u00f3n alias Dylan, presunto cabecilla de la estructura ilegal Ad\u00e1n Izquierdo"},"content":{"rendered":"<p>Jos\u00e9 Helio Cort\u00e9s Mesa\u00a0fue cobijado con medida de aseguramiento en centro carcelario como presunto responsable de varios homicidios y extorsiones contra comerciantes, finqueros y funcionarios p\u00fablicos de los\u00a0municipios de Guacar\u00ed y Guadalajara de Buga (Valle del Cauca).<u><\/u>\u00a0<u><\/u><\/p>\n<figure id=\"attachment_266947\" aria-describedby=\"caption-attachment-266947\" style=\"width: 242px\" class=\"wp-caption alignleft\"><img loading=\"lazy\" decoding=\"async\" class=\"size-medium wp-image-266947\" src=\"https:\/\/www.fiscalia.gov.co\/colombia\/wp-content\/uploads\/Jose-Helio-Cortes-Mesa-alias-Dylan.-Gaor-Adan-Izquierdo.-Buga-y-Guacari-Valle.-242x300.jpg\" alt=\"En la foto aparece Jos\u00e9 Helio Cort\u00e9s Mesa, alias \u2018Dylan\u2019, vestido con chaqueta verde con gris y jean azul. Al lado derecho de \u00e9l hay un uniformado del Ej\u00e9rcito Nacional. Detr\u00e1s de ellos se aprecia parte de un pend\u00f3n institucional del Ej\u00e9rcito.\" width=\"242\" height=\"300\" srcset=\"https:\/\/www.fiscalia.gov.co\/colombia\/wp-content\/uploads\/Jose-Helio-Cortes-Mesa-alias-Dylan.-Gaor-Adan-Izquierdo.-Buga-y-Guacari-Valle.-242x300.jpg 242w, https:\/\/www.fiscalia.gov.co\/colombia\/wp-content\/uploads\/Jose-Helio-Cortes-Mesa-alias-Dylan.-Gaor-Adan-Izquierdo.-Buga-y-Guacari-Valle.-324x400.jpg 324w, https:\/\/www.fiscalia.gov.co\/colombia\/wp-content\/uploads\/Jose-Helio-Cortes-Mesa-alias-Dylan.-Gaor-Adan-Izquierdo.-Buga-y-Guacari-Valle.-696x864.jpg 696w, https:\/\/www.fiscalia.gov.co\/colombia\/wp-content\/uploads\/Jose-Helio-Cortes-Mesa-alias-Dylan.-Gaor-Adan-Izquierdo.-Buga-y-Guacari-Valle.-338x420.jpg 338w, https:\/\/www.fiscalia.gov.co\/colombia\/wp-content\/uploads\/Jose-Helio-Cortes-Mesa-alias-Dylan.-Gaor-Adan-Izquierdo.-Buga-y-Guacari-Valle..jpg 704w\" sizes=\"auto, (max-width: 242px) 100vw, 242px\" \/><figcaption id=\"caption-attachment-266947\" class=\"wp-caption-text\">En la foto aparece Jos\u00e9 Helio Cort\u00e9s Mesa, alias \u2018Dylan\u2019, vestido con chaqueta verde con gris y jean azul. Al lado derecho de \u00e9l hay un uniformado del Ej\u00e9rcito Nacional. Detr\u00e1s de ellos se aprecia parte de un pend\u00f3n institucional del Ej\u00e9rcito.<\/figcaption><\/figure>\n<p>Alias Dylan, como se conoce al procesado, est\u00e1 siendo investigado por el homicidio de un hombre, ocurrido en la vereda Monterry, Buga (Valle del Cauca); al igual que por varias extorsiones a propietarios de fincas y funcionarios p\u00fablicos de los municipios de Guacar\u00ed y Buga. Acciones ilegales que vendr\u00edan siendo cometidas desde septiembre de 2022.<u><\/u>\u00a0<u><\/u><\/p>\n<p>La Fiscal\u00eda imput\u00f3 al procesado los delitos de homicidio agravado; fabricaci\u00f3n, tr\u00e1fico y porte de armas de fuego, agravado; extorsi\u00f3n agravada y concierto para delinquir agravado. Ninguno de los cargos fue aceptado por el procesado.<u><\/u>\u00a0<u><\/u><\/p>\n<p>En la actualidad \u2018Dylan\u2019 se encuentra recluido en un centro carcelario luego de que fuera capturado el pasado 16 de enero en la v\u00eda que de Cali conduce a Palmira (Valle de Cauca), como posibles responsables del delito de receptaci\u00f3n agravada.<u><\/u>\u00a0<u><\/u><\/p>\n<p>Por decisi\u00f3n de un juez de control de garant\u00edas, el procesado deber\u00e1 continuar privado de la libertad en centro carcelario.<u><\/u>\u00a0<u><\/u><\/p>\n<p>Esta informaci\u00f3n se publica por razones de inter\u00e9s general.\u00a0<u><\/u>\u00a0<u><\/u><\/p>\n<p><b>La Fiscal\u00eda habla con resultados.<\/b><u><\/u><\/p>\n<p><u><\/u>\u00a0<u><\/u><\/p>\n<p>&nbsp;<\/p>\n<p>&nbsp;<\/p>\n<p>&nbsp;<\/p>\n<p>MAP\/MAGA\/SMLR\/DHS\/DSVC\/<u><\/u>\u00a0<u><\/u><\/p>\n<p>&nbsp;<\/p>\n<p>&nbsp;<\/p>\n<p>&nbsp;<\/p>\n<p><i>La informaci\u00f3n contenida en este bolet\u00edn de prensa corresponde a la narraci\u00f3n de los hechos noticiosos objetivos, suministrados por los funcionarios encargados de adelantar las investigaciones penales al interior de la Fiscal\u00eda General de la Naci\u00f3n. Para el momento de la divulgaci\u00f3n de este comunicado, la situaci\u00f3n jur\u00eddica de la(s) persona(s) relacionada(s) se encuentra pendiente de resolver por la autoridad judicial competente, siempre bajo los preceptos de la presunci\u00f3n de inocencia, consagrados en el art\u00edculo 29 de la Constituci\u00f3n Pol\u00edtica y el art\u00edculo 7\u00ba de la Ley 906 de 2004.<\/i><\/p>\n\n<div class=\"twitter-share\"><a href=\"https:\/\/twitter.com\/intent\/tweet?via=fiscaliacol\" class=\"twitter-share-button\">Tweet<\/a><\/div>\n","protected":false},"excerpt":{"rendered":"<p>Jos\u00e9 Helio Cort\u00e9s Mesa\u00a0fue cobijado con medida de aseguramiento en centro carcelario como presunto responsable de varios homicidios y extorsiones contra comerciantes, finqueros y funcionarios p\u00fablicos de los\u00a0municipios de Guacar\u00ed y Guadalajara de Buga (Valle del Cauca).\u00a0 Alias Dylan, como se conoce al procesado, est\u00e1 siendo investigado por el homicidio de un hombre, ocurrido en [&hellip;]<\/p>\n","protected":false},"author":178,"featured_media":0,"comment_status":"closed","ping_status":"open","sticky":false,"template":"","format":"standard","meta":{"_price":"","_stock":"","_tribe_ticket_header":"","_tribe_default_ticket_provider":"","_tribe_ticket_capacity":"0","_ticket_start_date":"","_ticket_end_date":"","_tribe_ticket_show_description":"","_tribe_ticket_show_not_going":false,"_tribe_ticket_use_global_stock":"","_tribe_ticket_global_stock_level":"","_global_stock_mode":"","_global_stock_cap":"","_tribe_rsvp_for_event":"","_tribe_ticket_going_count":"","_tribe_ticket_not_going_count":"","_tribe_tickets_list":"[]","_tribe_ticket_has_attendee_info_fields":false,"tdm_status":"","tdm_grid_status":"","footnotes":""},"categories":[1,323,303,24099],"tags":[30791,34037,1418,24551,78,24187,24206,28815,1185,29437,4141,34036],"class_list":{"0":"post-266946","1":"post","2":"type-post","3":"status-publish","4":"format-standard","6":"category-noticias","7":"category-seccional-buga","8":"category-seccionales","9":"category-seguridad-territorial","10":"tag-adan-izquierdo","11":"tag-agravado-extorsion-agravada-y-concierto-para-delinquir-agravado-imputacion","12":"tag-cabecilla","13":"tag-centro-carcelario","14":"tag-fiscal-general-de-la-nacion","15":"tag-fiscalia-colombia","16":"tag-gaor","17":"tag-homicidio-agravado-fabricacion","18":"tag-medida-de-aseguramiento","19":"tag-seccional-valle-del-cauca","20":"tag-trafico-y-porte-de-armas-de-fuego","21":"tag-uacari-y-buga-valle-del-cauca"},"yoast_head":"<!-- This site is optimized with the Yoast SEO plugin v24.3 - https:\/\/yoast.com\/wordpress\/plugins\/seo\/ -->\n<title>Fiscal\u00eda General de la Naci\u00f3n<\/title>\n<meta name=\"description\" content=\"P\u00e1gina oficial de la Fiscal\u00eda General de la Naci\u00f3n \u2013 Colombia. Garantizamos el acceso efectivo a la justicia, la verdad y la reparaci\u00f3n de las v\u00edctimas de los delitos.\" \/>\n<meta name=\"robots\" content=\"noindex, follow\" \/>\n<meta property=\"og:locale\" content=\"es_ES\" \/>\n<meta property=\"og:type\" content=\"article\" \/>\n<meta property=\"og:title\" content=\"Fiscal\u00eda General de la Naci\u00f3n\" \/>\n<meta property=\"og:description\" content=\"P\u00e1gina oficial de la Fiscal\u00eda General de la Naci\u00f3n \u2013 Colombia. Garantizamos el acceso efectivo a la justicia, la verdad y la reparaci\u00f3n de las v\u00edctimas de los delitos.\" \/>\n<meta property=\"og:url\" content=\"https:\/\/www.fiscalia.gov.co\/colombia\/noticias\/a-prision-alias-dylan-presunto-cabecilla-de-la-estructura-ilegal-adan-izquierdo\/\" \/>\n<meta property=\"og:site_name\" content=\"Fiscal\u00eda General de la Naci\u00f3n\" \/>\n<meta property=\"article:publisher\" content=\"https:\/\/www.facebook.com\/FiscaliaCol\" \/>\n<meta property=\"article:published_time\" content=\"2023-02-22T17:11:58+00:00\" \/>\n<meta property=\"og:image\" content=\"https:\/\/www.fiscalia.gov.co\/colombia\/wp-content\/uploads\/Jose-Helio-Cortes-Mesa-alias-Dylan.-Gaor-Adan-Izquierdo.-Buga-y-Guacari-Valle.-242x300.jpg\" \/>\n<meta name=\"author\" content=\"Winnie Geraldine Rodr\u00edguez Navarrete\" \/>\n<meta name=\"twitter:card\" content=\"summary_large_image\" \/>\n<meta name=\"twitter:creator\" content=\"@FiscaliaCol\" \/>\n<meta name=\"twitter:site\" content=\"@FiscaliaCol\" \/>\n<meta name=\"twitter:label1\" content=\"Escrito por\" \/>\n\t<meta name=\"twitter:data1\" content=\"Winnie Geraldine Rodr\u00edguez Navarrete\" \/>\n\t<meta name=\"twitter:label2\" content=\"Tiempo de lectura\" \/>\n\t<meta name=\"twitter:data2\" content=\"2 minutos\" \/>\n<script type=\"application\/ld+json\" class=\"yoast-schema-graph\">{\"@context\":\"https:\/\/schema.org\",\"@graph\":[{\"@type\":\"Article\",\"@id\":\"https:\/\/www.fiscalia.gov.co\/colombia\/noticias\/a-prision-alias-dylan-presunto-cabecilla-de-la-estructura-ilegal-adan-izquierdo\/#article\",\"isPartOf\":{\"@id\":\"https:\/\/www.fiscalia.gov.co\/colombia\/noticias\/a-prision-alias-dylan-presunto-cabecilla-de-la-estructura-ilegal-adan-izquierdo\/\"},\"author\":{\"name\":\"Winnie Geraldine Rodr\u00edguez Navarrete\",\"@id\":\"https:\/\/www.fiscalia.gov.co\/colombia\/#\/schema\/person\/176195b99ebab0a52aafa15197e1bf80\"},\"headline\":\"A prisi\u00f3n alias Dylan, presunto cabecilla de la estructura ilegal Ad\u00e1n Izquierdo\",\"datePublished\":\"2023-02-22T17:11:58+00:00\",\"dateModified\":\"2023-02-22T17:11:58+00:00\",\"mainEntityOfPage\":{\"@id\":\"https:\/\/www.fiscalia.gov.co\/colombia\/noticias\/a-prision-alias-dylan-presunto-cabecilla-de-la-estructura-ilegal-adan-izquierdo\/\"},\"wordCount\":398,\"publisher\":{\"@id\":\"https:\/\/www.fiscalia.gov.co\/colombia\/#organization\"},\"image\":{\"@id\":\"https:\/\/www.fiscalia.gov.co\/colombia\/noticias\/a-prision-alias-dylan-presunto-cabecilla-de-la-estructura-ilegal-adan-izquierdo\/#primaryimage\"},\"thumbnailUrl\":\"https:\/\/www.fiscalia.gov.co\/colombia\/wp-content\/uploads\/Jose-Helio-Cortes-Mesa-alias-Dylan.-Gaor-Adan-Izquierdo.-Buga-y-Guacari-Valle.-242x300.jpg\",\"keywords\":[\"Adan Izquierdo\",\"agravado; extorsi\u00f3n agravada y concierto para delinquir agravado; imputaci\u00f3n\",\"Cabecilla\",\"centro carcelario\",\"Fiscal General de la Naci\u00f3n\",\"Fiscal\u00eda Colombia\",\"Gaor\",\"homicidio agravado; fabricaci\u00f3n\",\"Medida de aseguramiento\",\"Seccional Valle del Cauca\",\"tr\u00e1fico y porte de armas de fuego\",\"uacar\u00ed y Buga\u00a0(Valle del Cauca)\"],\"articleSection\":[\"Noticias\",\"Seccional Buga\",\"Seccionales\",\"Seguridad territorial\"],\"inLanguage\":\"es-CO\"},{\"@type\":\"WebPage\",\"@id\":\"https:\/\/www.fiscalia.gov.co\/colombia\/noticias\/a-prision-alias-dylan-presunto-cabecilla-de-la-estructura-ilegal-adan-izquierdo\/\",\"url\":\"https:\/\/www.fiscalia.gov.co\/colombia\/noticias\/a-prision-alias-dylan-presunto-cabecilla-de-la-estructura-ilegal-adan-izquierdo\/\",\"name\":\"Fiscal\u00eda General de la Naci\u00f3n\",\"isPartOf\":{\"@id\":\"https:\/\/www.fiscalia.gov.co\/colombia\/#website\"},\"primaryImageOfPage\":{\"@id\":\"https:\/\/www.fiscalia.gov.co\/colombia\/noticias\/a-prision-alias-dylan-presunto-cabecilla-de-la-estructura-ilegal-adan-izquierdo\/#primaryimage\"},\"image\":{\"@id\":\"https:\/\/www.fiscalia.gov.co\/colombia\/noticias\/a-prision-alias-dylan-presunto-cabecilla-de-la-estructura-ilegal-adan-izquierdo\/#primaryimage\"},\"thumbnailUrl\":\"https:\/\/www.fiscalia.gov.co\/colombia\/wp-content\/uploads\/Jose-Helio-Cortes-Mesa-alias-Dylan.-Gaor-Adan-Izquierdo.-Buga-y-Guacari-Valle.-242x300.jpg\",\"datePublished\":\"2023-02-22T17:11:58+00:00\",\"dateModified\":\"2023-02-22T17:11:58+00:00\",\"description\":\"P\u00e1gina oficial de la Fiscal\u00eda General de la Naci\u00f3n \u2013 Colombia. Garantizamos el acceso efectivo a la justicia, la verdad y la reparaci\u00f3n de las v\u00edctimas de los delitos.\",\"breadcrumb\":{\"@id\":\"https:\/\/www.fiscalia.gov.co\/colombia\/noticias\/a-prision-alias-dylan-presunto-cabecilla-de-la-estructura-ilegal-adan-izquierdo\/#breadcrumb\"},\"inLanguage\":\"es-CO\",\"potentialAction\":[{\"@type\":\"ReadAction\",\"target\":[\"https:\/\/www.fiscalia.gov.co\/colombia\/noticias\/a-prision-alias-dylan-presunto-cabecilla-de-la-estructura-ilegal-adan-izquierdo\/\"]}]},{\"@type\":\"ImageObject\",\"inLanguage\":\"es-CO\",\"@id\":\"https:\/\/www.fiscalia.gov.co\/colombia\/noticias\/a-prision-alias-dylan-presunto-cabecilla-de-la-estructura-ilegal-adan-izquierdo\/#primaryimage\",\"url\":\"https:\/\/www.fiscalia.gov.co\/colombia\/wp-content\/uploads\/Jose-Helio-Cortes-Mesa-alias-Dylan.-Gaor-Adan-Izquierdo.-Buga-y-Guacari-Valle..jpg\",\"contentUrl\":\"https:\/\/www.fiscalia.gov.co\/colombia\/wp-content\/uploads\/Jose-Helio-Cortes-Mesa-alias-Dylan.-Gaor-Adan-Izquierdo.-Buga-y-Guacari-Valle..jpg\",\"width\":704,\"height\":874,\"caption\":\"En la foto aparece Jos\u00e9 Helio Cort\u00e9s Mesa, alias \u2018Dylan\u2019, vestido con chaqueta verde con gris y jean azul. Al lado derecho de \u00e9l hay un uniformado del Ej\u00e9rcito Nacional. Detr\u00e1s de ellos se aprecia parte de un pend\u00f3n institucional del Ej\u00e9rcito.\"},{\"@type\":\"BreadcrumbList\",\"@id\":\"https:\/\/www.fiscalia.gov.co\/colombia\/noticias\/a-prision-alias-dylan-presunto-cabecilla-de-la-estructura-ilegal-adan-izquierdo\/#breadcrumb\",\"itemListElement\":[{\"@type\":\"ListItem\",\"position\":1,\"name\":\"Home\",\"item\":\"https:\/\/www.fiscalia.gov.co\/colombia\/\"},{\"@type\":\"ListItem\",\"position\":2,\"name\":\"A prisi\u00f3n alias Dylan, presunto cabecilla de la estructura ilegal Ad\u00e1n Izquierdo\"}]},{\"@type\":\"WebSite\",\"@id\":\"https:\/\/www.fiscalia.gov.co\/colombia\/#website\",\"url\":\"https:\/\/www.fiscalia.gov.co\/colombia\/\",\"name\":\"Fiscal\u00eda General de la Naci\u00f3n\",\"description\":\"P\u00e1gina oficial de la Fiscal\u00eda General de la Naci\u00f3n \u2013 Colombia. Garantizamos el acceso efectivo a la justicia, la verdad y la reparaci\u00f3n de las v\u00edctimas de los delitos.\",\"publisher\":{\"@id\":\"https:\/\/www.fiscalia.gov.co\/colombia\/#organization\"},\"potentialAction\":[{\"@type\":\"SearchAction\",\"target\":{\"@type\":\"EntryPoint\",\"urlTemplate\":\"https:\/\/www.fiscalia.gov.co\/colombia\/?s={search_term_string}\"},\"query-input\":{\"@type\":\"PropertyValueSpecification\",\"valueRequired\":true,\"valueName\":\"search_term_string\"}}],\"inLanguage\":\"es-CO\"},{\"@type\":\"Organization\",\"@id\":\"https:\/\/www.fiscalia.gov.co\/colombia\/#organization\",\"name\":\"Fiscal\u00eda General de la Naci\u00f3n\",\"url\":\"https:\/\/www.fiscalia.gov.co\/colombia\/\",\"logo\":{\"@type\":\"ImageObject\",\"inLanguage\":\"es-CO\",\"@id\":\"https:\/\/www.fiscalia.gov.co\/colombia\/#\/schema\/logo\/image\/\",\"url\":\"https:\/\/www.fiscalia.gov.co\/colombia\/wp-content\/uploads\/LogoHorizontal_1.jpg\",\"contentUrl\":\"https:\/\/www.fiscalia.gov.co\/colombia\/wp-content\/uploads\/LogoHorizontal_1.jpg\",\"width\":300,\"height\":90,\"caption\":\"Fiscal\u00eda General de la Naci\u00f3n\"},\"image\":{\"@id\":\"https:\/\/www.fiscalia.gov.co\/colombia\/#\/schema\/logo\/image\/\"},\"sameAs\":[\"https:\/\/www.facebook.com\/FiscaliaCol\",\"https:\/\/x.com\/FiscaliaCol\",\"https:\/\/www.instagram.com\/fiscaliacol\",\"https:\/\/www.linkedin.com\/company\/fiscalia-general-de-la-naci-n\/\",\"https:\/\/youtube.com\/@fiscaliageneraldelanacion-4668?si=6nN79nyQICPU5iTh\"]},{\"@type\":\"Person\",\"@id\":\"https:\/\/www.fiscalia.gov.co\/colombia\/#\/schema\/person\/176195b99ebab0a52aafa15197e1bf80\",\"name\":\"Winnie Geraldine Rodr\u00edguez Navarrete\",\"image\":{\"@type\":\"ImageObject\",\"inLanguage\":\"es-CO\",\"@id\":\"https:\/\/www.fiscalia.gov.co\/colombia\/#\/schema\/person\/image\/\",\"url\":\"https:\/\/secure.gravatar.com\/avatar\/c24cf8481dc84fa5e8c7b20bc95ab0c6?s=96&d=mm&r=g\",\"contentUrl\":\"https:\/\/secure.gravatar.com\/avatar\/c24cf8481dc84fa5e8c7b20bc95ab0c6?s=96&d=mm&r=g\",\"caption\":\"Winnie Geraldine Rodr\u00edguez Navarrete\"},\"url\":\"https:\/\/www.fiscalia.gov.co\/colombia\/author\/winnierodriguez\/\"}]}<\/script>\n<!-- \/ Yoast SEO plugin. -->","yoast_head_json":{"title":"Fiscal\u00eda General de la Naci\u00f3n","description":"P\u00e1gina oficial de la Fiscal\u00eda General de la Naci\u00f3n \u2013 Colombia. Garantizamos el acceso efectivo a la justicia, la verdad y la reparaci\u00f3n de las v\u00edctimas de los delitos.","robots":{"index":"noindex","follow":"follow"},"og_locale":"es_ES","og_type":"article","og_title":"Fiscal\u00eda General de la Naci\u00f3n","og_description":"P\u00e1gina oficial de la Fiscal\u00eda General de la Naci\u00f3n \u2013 Colombia. Garantizamos el acceso efectivo a la justicia, la verdad y la reparaci\u00f3n de las v\u00edctimas de los delitos.","og_url":"https:\/\/www.fiscalia.gov.co\/colombia\/noticias\/a-prision-alias-dylan-presunto-cabecilla-de-la-estructura-ilegal-adan-izquierdo\/","og_site_name":"Fiscal\u00eda General de la Naci\u00f3n","article_publisher":"https:\/\/www.facebook.com\/FiscaliaCol","article_published_time":"2023-02-22T17:11:58+00:00","og_image":[{"url":"https:\/\/www.fiscalia.gov.co\/colombia\/wp-content\/uploads\/Jose-Helio-Cortes-Mesa-alias-Dylan.-Gaor-Adan-Izquierdo.-Buga-y-Guacari-Valle.-242x300.jpg","type":"","width":"","height":""}],"author":"Winnie Geraldine Rodr\u00edguez Navarrete","twitter_card":"summary_large_image","twitter_creator":"@FiscaliaCol","twitter_site":"@FiscaliaCol","twitter_misc":{"Escrito por":"Winnie Geraldine Rodr\u00edguez Navarrete","Tiempo de lectura":"2 minutos"},"schema":{"@context":"https:\/\/schema.org","@graph":[{"@type":"Article","@id":"https:\/\/www.fiscalia.gov.co\/colombia\/noticias\/a-prision-alias-dylan-presunto-cabecilla-de-la-estructura-ilegal-adan-izquierdo\/#article","isPartOf":{"@id":"https:\/\/www.fiscalia.gov.co\/colombia\/noticias\/a-prision-alias-dylan-presunto-cabecilla-de-la-estructura-ilegal-adan-izquierdo\/"},"author":{"name":"Winnie Geraldine Rodr\u00edguez Navarrete","@id":"https:\/\/www.fiscalia.gov.co\/colombia\/#\/schema\/person\/176195b99ebab0a52aafa15197e1bf80"},"headline":"A prisi\u00f3n alias Dylan, presunto cabecilla de la estructura ilegal Ad\u00e1n Izquierdo","datePublished":"2023-02-22T17:11:58+00:00","dateModified":"2023-02-22T17:11:58+00:00","mainEntityOfPage":{"@id":"https:\/\/www.fiscalia.gov.co\/colombia\/noticias\/a-prision-alias-dylan-presunto-cabecilla-de-la-estructura-ilegal-adan-izquierdo\/"},"wordCount":398,"publisher":{"@id":"https:\/\/www.fiscalia.gov.co\/colombia\/#organization"},"image":{"@id":"https:\/\/www.fiscalia.gov.co\/colombia\/noticias\/a-prision-alias-dylan-presunto-cabecilla-de-la-estructura-ilegal-adan-izquierdo\/#primaryimage"},"thumbnailUrl":"https:\/\/www.fiscalia.gov.co\/colombia\/wp-content\/uploads\/Jose-Helio-Cortes-Mesa-alias-Dylan.-Gaor-Adan-Izquierdo.-Buga-y-Guacari-Valle.-242x300.jpg","keywords":["Adan Izquierdo","agravado; extorsi\u00f3n agravada y concierto para delinquir agravado; imputaci\u00f3n","Cabecilla","centro carcelario","Fiscal General de la Naci\u00f3n","Fiscal\u00eda Colombia","Gaor","homicidio agravado; fabricaci\u00f3n","Medida de aseguramiento","Seccional Valle del Cauca","tr\u00e1fico y porte de armas de fuego","uacar\u00ed y Buga\u00a0(Valle del Cauca)"],"articleSection":["Noticias","Seccional Buga","Seccionales","Seguridad territorial"],"inLanguage":"es-CO"},{"@type":"WebPage","@id":"https:\/\/www.fiscalia.gov.co\/colombia\/noticias\/a-prision-alias-dylan-presunto-cabecilla-de-la-estructura-ilegal-adan-izquierdo\/","url":"https:\/\/www.fiscalia.gov.co\/colombia\/noticias\/a-prision-alias-dylan-presunto-cabecilla-de-la-estructura-ilegal-adan-izquierdo\/","name":"Fiscal\u00eda General de la Naci\u00f3n","isPartOf":{"@id":"https:\/\/www.fiscalia.gov.co\/colombia\/#website"},"primaryImageOfPage":{"@id":"https:\/\/www.fiscalia.gov.co\/colombia\/noticias\/a-prision-alias-dylan-presunto-cabecilla-de-la-estructura-ilegal-adan-izquierdo\/#primaryimage"},"image":{"@id":"https:\/\/www.fiscalia.gov.co\/colombia\/noticias\/a-prision-alias-dylan-presunto-cabecilla-de-la-estructura-ilegal-adan-izquierdo\/#primaryimage"},"thumbnailUrl":"https:\/\/www.fiscalia.gov.co\/colombia\/wp-content\/uploads\/Jose-Helio-Cortes-Mesa-alias-Dylan.-Gaor-Adan-Izquierdo.-Buga-y-Guacari-Valle.-242x300.jpg","datePublished":"2023-02-22T17:11:58+00:00","dateModified":"2023-02-22T17:11:58+00:00","description":"P\u00e1gina oficial de la Fiscal\u00eda General de la Naci\u00f3n \u2013 Colombia. Garantizamos el acceso efectivo a la justicia, la verdad y la reparaci\u00f3n de las v\u00edctimas de los delitos.","breadcrumb":{"@id":"https:\/\/www.fiscalia.gov.co\/colombia\/noticias\/a-prision-alias-dylan-presunto-cabecilla-de-la-estructura-ilegal-adan-izquierdo\/#breadcrumb"},"inLanguage":"es-CO","potentialAction":[{"@type":"ReadAction","target":["https:\/\/www.fiscalia.gov.co\/colombia\/noticias\/a-prision-alias-dylan-presunto-cabecilla-de-la-estructura-ilegal-adan-izquierdo\/"]}]},{"@type":"ImageObject","inLanguage":"es-CO","@id":"https:\/\/www.fiscalia.gov.co\/colombia\/noticias\/a-prision-alias-dylan-presunto-cabecilla-de-la-estructura-ilegal-adan-izquierdo\/#primaryimage","url":"https:\/\/www.fiscalia.gov.co\/colombia\/wp-content\/uploads\/Jose-Helio-Cortes-Mesa-alias-Dylan.-Gaor-Adan-Izquierdo.-Buga-y-Guacari-Valle..jpg","contentUrl":"https:\/\/www.fiscalia.gov.co\/colombia\/wp-content\/uploads\/Jose-Helio-Cortes-Mesa-alias-Dylan.-Gaor-Adan-Izquierdo.-Buga-y-Guacari-Valle..jpg","width":704,"height":874,"caption":"En la foto aparece Jos\u00e9 Helio Cort\u00e9s Mesa, alias \u2018Dylan\u2019, vestido con chaqueta verde con gris y jean azul. Al lado derecho de \u00e9l hay un uniformado del Ej\u00e9rcito Nacional. Detr\u00e1s de ellos se aprecia parte de un pend\u00f3n institucional del Ej\u00e9rcito."},{"@type":"BreadcrumbList","@id":"https:\/\/www.fiscalia.gov.co\/colombia\/noticias\/a-prision-alias-dylan-presunto-cabecilla-de-la-estructura-ilegal-adan-izquierdo\/#breadcrumb","itemListElement":[{"@type":"ListItem","position":1,"name":"Home","item":"https:\/\/www.fiscalia.gov.co\/colombia\/"},{"@type":"ListItem","position":2,"name":"A prisi\u00f3n alias Dylan, presunto cabecilla de la estructura ilegal Ad\u00e1n Izquierdo"}]},{"@type":"WebSite","@id":"https:\/\/www.fiscalia.gov.co\/colombia\/#website","url":"https:\/\/www.fiscalia.gov.co\/colombia\/","name":"Fiscal\u00eda General de la Naci\u00f3n","description":"P\u00e1gina oficial de la Fiscal\u00eda General de la Naci\u00f3n \u2013 Colombia. Garantizamos el acceso efectivo a la justicia, la verdad y la reparaci\u00f3n de las v\u00edctimas de los delitos.","publisher":{"@id":"https:\/\/www.fiscalia.gov.co\/colombia\/#organization"},"potentialAction":[{"@type":"SearchAction","target":{"@type":"EntryPoint","urlTemplate":"https:\/\/www.fiscalia.gov.co\/colombia\/?s={search_term_string}"},"query-input":{"@type":"PropertyValueSpecification","valueRequired":true,"valueName":"search_term_string"}}],"inLanguage":"es-CO"},{"@type":"Organization","@id":"https:\/\/www.fiscalia.gov.co\/colombia\/#organization","name":"Fiscal\u00eda General de la Naci\u00f3n","url":"https:\/\/www.fiscalia.gov.co\/colombia\/","logo":{"@type":"ImageObject","inLanguage":"es-CO","@id":"https:\/\/www.fiscalia.gov.co\/colombia\/#\/schema\/logo\/image\/","url":"https:\/\/www.fiscalia.gov.co\/colombia\/wp-content\/uploads\/LogoHorizontal_1.jpg","contentUrl":"https:\/\/www.fiscalia.gov.co\/colombia\/wp-content\/uploads\/LogoHorizontal_1.jpg","width":300,"height":90,"caption":"Fiscal\u00eda General de la Naci\u00f3n"},"image":{"@id":"https:\/\/www.fiscalia.gov.co\/colombia\/#\/schema\/logo\/image\/"},"sameAs":["https:\/\/www.facebook.com\/FiscaliaCol","https:\/\/x.com\/FiscaliaCol","https:\/\/www.instagram.com\/fiscaliacol","https:\/\/www.linkedin.com\/company\/fiscalia-general-de-la-naci-n\/","https:\/\/youtube.com\/@fiscaliageneraldelanacion-4668?si=6nN79nyQICPU5iTh"]},{"@type":"Person","@id":"https:\/\/www.fiscalia.gov.co\/colombia\/#\/schema\/person\/176195b99ebab0a52aafa15197e1bf80","name":"Winnie Geraldine Rodr\u00edguez Navarrete","image":{"@type":"ImageObject","inLanguage":"es-CO","@id":"https:\/\/www.fiscalia.gov.co\/colombia\/#\/schema\/person\/image\/","url":"https:\/\/secure.gravatar.com\/avatar\/c24cf8481dc84fa5e8c7b20bc95ab0c6?s=96&d=mm&r=g","contentUrl":"https:\/\/secure.gravatar.com\/avatar\/c24cf8481dc84fa5e8c7b20bc95ab0c6?s=96&d=mm&r=g","caption":"Winnie Geraldine Rodr\u00edguez Navarrete"},"url":"https:\/\/www.fiscalia.gov.co\/colombia\/author\/winnierodriguez\/"}]}},"_links":{"self":[{"href":"https:\/\/www.fiscalia.gov.co\/colombia\/wp-json\/wp\/v2\/posts\/266946","targetHints":{"allow":["GET"]}}],"collection":[{"href":"https:\/\/www.fiscalia.gov.co\/colombia\/wp-json\/wp\/v2\/posts"}],"about":[{"href":"https:\/\/www.fiscalia.gov.co\/colombia\/wp-json\/wp\/v2\/types\/post"}],"author":[{"embeddable":true,"href":"https:\/\/www.fiscalia.gov.co\/colombia\/wp-json\/wp\/v2\/users\/178"}],"replies":[{"embeddable":true,"href":"https:\/\/www.fiscalia.gov.co\/colombia\/wp-json\/wp\/v2\/comments?post=266946"}],"version-history":[{"count":2,"href":"https:\/\/www.fiscalia.gov.co\/colombia\/wp-json\/wp\/v2\/posts\/266946\/revisions"}],"predecessor-version":[{"id":266949,"href":"https:\/\/www.fiscalia.gov.co\/colombia\/wp-json\/wp\/v2\/posts\/266946\/revisions\/266949"}],"wp:attachment":[{"href":"https:\/\/www.fiscalia.gov.co\/colombia\/wp-json\/wp\/v2\/media?parent=266946"}],"wp:term":[{"taxonomy":"category","embeddable":true,"href":"https:\/\/www.fiscalia.gov.co\/colombia\/wp-json\/wp\/v2\/categories?post=266946"},{"taxonomy":"post_tag","embeddable":true,"href":"https:\/\/www.fiscalia.gov.co\/colombia\/wp-json\/wp\/v2\/tags?post=266946"}],"curies":[{"name":"wp","href":"https:\/\/api.w.org\/{rel}","templated":true}]}}