{"id":266775,"date":"2023-02-20T17:05:15","date_gmt":"2023-02-20T22:05:15","guid":{"rendered":"https:\/\/www.fiscalia.gov.co\/colombia\/?p=266775"},"modified":"2023-02-28T12:52:56","modified_gmt":"2023-02-28T17:52:56","slug":"a-prision-presuntos-responsables-del-homicidio-de-un-soldado-profesional-y-un-trabajador-del-puerto-arenero-de-quibdo","status":"publish","type":"post","link":"https:\/\/www.fiscalia.gov.co\/colombia\/noticias\/a-prision-presuntos-responsables-del-homicidio-de-un-soldado-profesional-y-un-trabajador-del-puerto-arenero-de-quibdo\/","title":{"rendered":"A prisi\u00f3n presuntos responsables del homicidio de un soldado profesional y un trabajador del Puerto Arenero de Quibd\u00f3"},"content":{"rendered":"<ul>\n<li>\n<h4><strong><i>Varios hombres habr\u00edan revisado la residencia donde se encontraba un soldado profesional a quien sacaron por la fuerza y su cuerpo fue encontrado sin vida.<\/i><\/strong><\/h4>\n<\/li>\n<li>\n<h4><strong><i>Dos adultos y dos menores de edad estar\u00edan implicados en el asesinato de un conductor que se neg\u00f3 a pagar para poder seguir laborando.<\/i><\/strong><\/h4>\n<\/li>\n<li>\n<h4><strong><i>Se trata de dos homicidios ocurridos en hechos independientes en la capital chocoana.\u00a0\u00a0<\/i><\/strong><\/h4>\n<\/li>\n<\/ul>\n<p>La contundencia del material probatorio recaudado por la Fiscal\u00eda General de la Naci\u00f3n permiti\u00f3 que cuatro adultos fueran cobijados con medida de aseguramiento en centro carcelario; y un menor de edad fuera afectado con internamiento preventivo, al parecer, por estar implicados en dos homicidios ocurridos en el Puerto Arenero del barrio San Vicente y el barrio Ciudadela Mia de Quibd\u00f3 (Choc\u00f3).<u><\/u><u><\/u><\/p>\n<figure id=\"attachment_266776\" aria-describedby=\"caption-attachment-266776\" style=\"width: 371px\" class=\"wp-caption aligncenter\"><img loading=\"lazy\" decoding=\"async\" class=\" wp-image-266776\" src=\"https:\/\/www.fiscalia.gov.co\/colombia\/wp-content\/uploads\/WhatsApp-Image-2023-02-17-at-10.49.41-AM-300x164.jpeg\" alt=\"En la foto aparecen Malcon Seanckler Salamanca Cabrera y Yivinson Alexander Cuesta Mena acompa\u00f1ados por un funcionario del CTI de la Seccional Choc\u00f3 y atr\u00e1s el backing con logos de la Fiscal\u00eda.\" width=\"371\" height=\"203\" srcset=\"https:\/\/www.fiscalia.gov.co\/colombia\/wp-content\/uploads\/WhatsApp-Image-2023-02-17-at-10.49.41-AM-300x164.jpeg 300w, https:\/\/www.fiscalia.gov.co\/colombia\/wp-content\/uploads\/WhatsApp-Image-2023-02-17-at-10.49.41-AM-1024x558.jpeg 1024w, https:\/\/www.fiscalia.gov.co\/colombia\/wp-content\/uploads\/WhatsApp-Image-2023-02-17-at-10.49.41-AM-768x419.jpeg 768w, https:\/\/www.fiscalia.gov.co\/colombia\/wp-content\/uploads\/WhatsApp-Image-2023-02-17-at-10.49.41-AM-1536x837.jpeg 1536w, https:\/\/www.fiscalia.gov.co\/colombia\/wp-content\/uploads\/WhatsApp-Image-2023-02-17-at-10.49.41-AM-696x379.jpeg 696w, https:\/\/www.fiscalia.gov.co\/colombia\/wp-content\/uploads\/WhatsApp-Image-2023-02-17-at-10.49.41-AM-1068x582.jpeg 1068w, https:\/\/www.fiscalia.gov.co\/colombia\/wp-content\/uploads\/WhatsApp-Image-2023-02-17-at-10.49.41-AM-771x420.jpeg 771w, https:\/\/www.fiscalia.gov.co\/colombia\/wp-content\/uploads\/WhatsApp-Image-2023-02-17-at-10.49.41-AM.jpeg 1600w\" sizes=\"auto, (max-width: 371px) 100vw, 371px\" \/><figcaption id=\"caption-attachment-266776\" class=\"wp-caption-text\">En la foto aparecen Malcon Seanckler Salamanca Cabrera y Yivinson Alexander Cuesta Mena acompa\u00f1ados por un funcionario del CTI de la Seccional Choc\u00f3 y atr\u00e1s el backing con logos de la Fiscal\u00eda.<\/figcaption><\/figure>\n<p><b>Posibles responsables de asesinar a un soldado profesional<u><\/u><u><\/u><\/b><\/p>\n<p>El primero de los hechos sucedi\u00f3 el 20 de agosto de 2022. Ese d\u00eda el soldado profesional Emerson Stiven Robledo Mena decidi\u00f3 visitar a sus familiares en la Ciudadela Mia de Quibd\u00f3. Al parecer, al lugar llegaron Luis Bonilla Robledo y Jowar Andr\u00e9s Murillo quienes har\u00edan parte del Grupo Delincuencial de Crimen Organizado (GDCO) Los Mexicanos.<u><\/u><u><\/u><\/p>\n<p>Se presume que los procesados revisaron la residencia donde se encontraba la v\u00edctima quien manifest\u00f3 ser un soldado profesional. En la vivienda encontraron la que ser\u00eda el arma de dotaci\u00f3n de Robledo Mena a quien se\u00f1alaron como integrante del grupo armado ilegal Los Urabe\u00f1os.<u><\/u><\/p>\n<p>Estos hechos bastaron para que el militar fuera sacado por la fuerza del lugar y llevado en una moto hacia el sector La Platina donde fue encontrado su cuerpo sin vida, producto de tres impactos de bala. Un fiscal imput\u00f3 a los posibles responsables los delitos de homicidio agravado, secuestro simple y porte ilegal de armas.<u><\/u><u><\/u><\/p>\n<p><b>Un crimen cometido en el sector del Puerto<u><\/u><u><\/u><\/b><\/p>\n<p>El segundo hecho ocurri\u00f3 el pasado 21 de enero cuando el conductor de un cami\u00f3n pretend\u00eda descargar insumos en el Puerto Arenero del barrio San Vicente de la capital chocoana. La investigaci\u00f3n determin\u00f3 que dos adultos y dos menores de edad se acercaron a la v\u00edctima para exigirle el pago de una alta suma de dinero, para permitirle continuar laborando. Adem\u00e1s, habr\u00edan pretendido hurtarle sus objetos de valor.\u00a0<u><\/u><u><\/u><\/p>\n<p>La negativa de la v\u00edctima hizo que uno de los menores, al parecer, apu\u00f1alara al trabajador quien muri\u00f3 producto de la gravedad de las heridas. Por estos hechos Malcon Seanckler Salamanca Cabrera y Yivinson Alexander Cuesta Mena fueron capturados por funcionarios del Cuerpo T\u00e9cnico de Investigaci\u00f3n (CTI) y aprehendieran al menor.<u><\/u><u><\/u><\/p>\n<p>Un fiscal de la Seccional Choc\u00f3 imput\u00f3 a los procesados el delito de homicidio agravado.<u><\/u><u><\/u><\/p>\n<p>El juez de garant\u00edas les impuso medida de aseguramiento en centro carcelario a los adultos, y el menor fue afectado con internamiento en un centro de recepci\u00f3n de menores.<u><\/u><u><\/u><\/p>\n<p>Esta informaci\u00f3n se publica por razones de inter\u00e9s general.<u><\/u><u><\/u><\/p>\n<p><b>La Fiscal\u00eda habla con resultados.<\/b><\/p>\n<p>&nbsp;<\/p>\n<p>&nbsp;<\/p>\n<p>&nbsp;<\/p>\n<p>&nbsp;<\/p>\n<p>JLH\/MAGA\/MP\/AMC\/DSCH<u><\/u><u><\/u><\/p>\n<p><u><\/u>\u00a0<u><\/u><\/p>\n<p>&nbsp;<\/p>\n<p>&nbsp;<\/p>\n<p>&nbsp;<\/p>\n<p><em><span lang=\"ES\">La informaci\u00f3n contenida en este bolet\u00edn de prensa corresponde a la narraci\u00f3n de los hechos noticiosos objetivos, suministrados por los funcionarios encargados de adelantar las investigaciones penales al interior de la Fiscal\u00eda General de la Naci\u00f3n. Para el momento de la divulgaci\u00f3n de este comunicado, la situaci\u00f3n jur\u00eddica de la(s) persona(s) relacionada(s) se encuentra pendiente de resolver por la autoridad judicial competente, siempre bajo los preceptos de la presunci\u00f3n de inocencia, consagrados en el art\u00edculo 29 de la Constituci\u00f3n Pol\u00edtica y el art\u00edculo 7\u00ba de la Ley 906 de 2004.<\/span><\/em><\/p>\n\n<div class=\"twitter-share\"><a href=\"https:\/\/twitter.com\/intent\/tweet?via=fiscaliacol\" class=\"twitter-share-button\">Tweet<\/a><\/div>\n","protected":false},"excerpt":{"rendered":"<p>Varios hombres habr\u00edan revisado la residencia donde se encontraba un soldado profesional a quien sacaron por la fuerza y su cuerpo fue encontrado sin vida. Dos adultos y dos menores [&hellip;]<\/p>\n","protected":false},"author":178,"featured_media":267353,"comment_status":"closed","ping_status":"open","sticky":false,"template":"","format":"video","meta":{"tdm_status":"","tdm_grid_status":"","footnotes":""},"categories":[1,2336,303,24099],"tags":[24185,1047,25613],"class_list":["post-266775","post","type-post","status-publish","format-video","has-post-thumbnail","category-noticias","category-seccional-quibdo","category-seccionales","category-seguridad-territorial","tag-fiscal-barbosa","tag-fiscalia-general-de-la-nacion","tag-quibdo-choco","post_format-post-format-video"],"yoast_head":"<!-- This site is optimized with the Yoast SEO plugin v24.3 - https:\/\/yoast.com\/wordpress\/plugins\/seo\/ -->\n<title>Fiscal\u00eda General de la Naci\u00f3n<\/title>\n<meta name=\"description\" content=\"P\u00e1gina oficial de la Fiscal\u00eda General de la Naci\u00f3n \u2013 Colombia. Garantizamos el acceso efectivo a la justicia, la verdad y la reparaci\u00f3n de las v\u00edctimas de los delitos.\" \/>\n<meta name=\"robots\" content=\"noindex, follow\" \/>\n<meta property=\"og:locale\" content=\"es_ES\" \/>\n<meta property=\"og:type\" content=\"article\" \/>\n<meta property=\"og:title\" content=\"Fiscal\u00eda General de la Naci\u00f3n\" \/>\n<meta property=\"og:description\" content=\"P\u00e1gina oficial de la Fiscal\u00eda General de la Naci\u00f3n \u2013 Colombia. Garantizamos el acceso efectivo a la justicia, la verdad y la reparaci\u00f3n de las v\u00edctimas de los delitos.\" \/>\n<meta property=\"og:url\" content=\"https:\/\/www.fiscalia.gov.co\/colombia\/noticias\/a-prision-presuntos-responsables-del-homicidio-de-un-soldado-profesional-y-un-trabajador-del-puerto-arenero-de-quibdo\/\" \/>\n<meta property=\"og:site_name\" content=\"Fiscal\u00eda General de la Naci\u00f3n\" \/>\n<meta property=\"article:publisher\" content=\"https:\/\/www.facebook.com\/FiscaliaCol\" \/>\n<meta property=\"article:published_time\" content=\"2023-02-20T22:05:15+00:00\" \/>\n<meta property=\"article:modified_time\" content=\"2023-02-28T17:52:56+00:00\" \/>\n<meta property=\"og:image\" content=\"https:\/\/www.fiscalia.gov.co\/colombia\/wp-content\/uploads\/maxresdefault-936.jpg\" \/>\n\t<meta property=\"og:image:width\" content=\"1280\" \/>\n\t<meta property=\"og:image:height\" content=\"720\" \/>\n\t<meta property=\"og:image:type\" content=\"image\/jpeg\" \/>\n<meta name=\"author\" content=\"Winnie Geraldine Rodr\u00edguez Navarrete\" \/>\n<meta name=\"twitter:card\" content=\"summary_large_image\" \/>\n<meta name=\"twitter:creator\" content=\"@FiscaliaCol\" \/>\n<meta name=\"twitter:site\" content=\"@FiscaliaCol\" \/>\n<meta name=\"twitter:label1\" content=\"Escrito por\" \/>\n\t<meta name=\"twitter:data1\" content=\"Winnie Geraldine Rodr\u00edguez Navarrete\" \/>\n\t<meta name=\"twitter:label2\" content=\"Tiempo de lectura\" \/>\n\t<meta name=\"twitter:data2\" content=\"3 minutos\" \/>\n<script type=\"application\/ld+json\" class=\"yoast-schema-graph\">{\"@context\":\"https:\/\/schema.org\",\"@graph\":[{\"@type\":\"Article\",\"@id\":\"https:\/\/www.fiscalia.gov.co\/colombia\/noticias\/a-prision-presuntos-responsables-del-homicidio-de-un-soldado-profesional-y-un-trabajador-del-puerto-arenero-de-quibdo\/#article\",\"isPartOf\":{\"@id\":\"https:\/\/www.fiscalia.gov.co\/colombia\/noticias\/a-prision-presuntos-responsables-del-homicidio-de-un-soldado-profesional-y-un-trabajador-del-puerto-arenero-de-quibdo\/\"},\"author\":{\"name\":\"Winnie Geraldine Rodr\u00edguez Navarrete\",\"@id\":\"https:\/\/www.fiscalia.gov.co\/colombia\/#\/schema\/person\/176195b99ebab0a52aafa15197e1bf80\"},\"headline\":\"A prisi\u00f3n presuntos responsables del homicidio de un soldado profesional y un trabajador del Puerto Arenero de Quibd\u00f3\",\"datePublished\":\"2023-02-20T22:05:15+00:00\",\"dateModified\":\"2023-02-28T17:52:56+00:00\",\"mainEntityOfPage\":{\"@id\":\"https:\/\/www.fiscalia.gov.co\/colombia\/noticias\/a-prision-presuntos-responsables-del-homicidio-de-un-soldado-profesional-y-un-trabajador-del-puerto-arenero-de-quibdo\/\"},\"wordCount\":671,\"publisher\":{\"@id\":\"https:\/\/www.fiscalia.gov.co\/colombia\/#organization\"},\"image\":{\"@id\":\"https:\/\/www.fiscalia.gov.co\/colombia\/noticias\/a-prision-presuntos-responsables-del-homicidio-de-un-soldado-profesional-y-un-trabajador-del-puerto-arenero-de-quibdo\/#primaryimage\"},\"thumbnailUrl\":\"https:\/\/www.fiscalia.gov.co\/colombia\/wp-content\/uploads\/maxresdefault-936.jpg\",\"keywords\":[\"Fiscal Barbosa\",\"Fiscal\u00eda General de la Naci\u00f3n\",\"QUIBD\u00d3-CHOC\u00d3\"],\"articleSection\":[\"Noticias\",\"Seccional Quibd\u00f3\",\"Seccionales\",\"Seguridad territorial\"],\"inLanguage\":\"es-CO\"},{\"@type\":\"WebPage\",\"@id\":\"https:\/\/www.fiscalia.gov.co\/colombia\/noticias\/a-prision-presuntos-responsables-del-homicidio-de-un-soldado-profesional-y-un-trabajador-del-puerto-arenero-de-quibdo\/\",\"url\":\"https:\/\/www.fiscalia.gov.co\/colombia\/noticias\/a-prision-presuntos-responsables-del-homicidio-de-un-soldado-profesional-y-un-trabajador-del-puerto-arenero-de-quibdo\/\",\"name\":\"Fiscal\u00eda General de la Naci\u00f3n\",\"isPartOf\":{\"@id\":\"https:\/\/www.fiscalia.gov.co\/colombia\/#website\"},\"primaryImageOfPage\":{\"@id\":\"https:\/\/www.fiscalia.gov.co\/colombia\/noticias\/a-prision-presuntos-responsables-del-homicidio-de-un-soldado-profesional-y-un-trabajador-del-puerto-arenero-de-quibdo\/#primaryimage\"},\"image\":{\"@id\":\"https:\/\/www.fiscalia.gov.co\/colombia\/noticias\/a-prision-presuntos-responsables-del-homicidio-de-un-soldado-profesional-y-un-trabajador-del-puerto-arenero-de-quibdo\/#primaryimage\"},\"thumbnailUrl\":\"https:\/\/www.fiscalia.gov.co\/colombia\/wp-content\/uploads\/maxresdefault-936.jpg\",\"datePublished\":\"2023-02-20T22:05:15+00:00\",\"dateModified\":\"2023-02-28T17:52:56+00:00\",\"description\":\"P\u00e1gina oficial de la Fiscal\u00eda General de la Naci\u00f3n \u2013 Colombia. Garantizamos el acceso efectivo a la justicia, la verdad y la reparaci\u00f3n de las v\u00edctimas de los delitos.\",\"breadcrumb\":{\"@id\":\"https:\/\/www.fiscalia.gov.co\/colombia\/noticias\/a-prision-presuntos-responsables-del-homicidio-de-un-soldado-profesional-y-un-trabajador-del-puerto-arenero-de-quibdo\/#breadcrumb\"},\"inLanguage\":\"es-CO\",\"potentialAction\":[{\"@type\":\"ReadAction\",\"target\":[\"https:\/\/www.fiscalia.gov.co\/colombia\/noticias\/a-prision-presuntos-responsables-del-homicidio-de-un-soldado-profesional-y-un-trabajador-del-puerto-arenero-de-quibdo\/\"]}]},{\"@type\":\"ImageObject\",\"inLanguage\":\"es-CO\",\"@id\":\"https:\/\/www.fiscalia.gov.co\/colombia\/noticias\/a-prision-presuntos-responsables-del-homicidio-de-un-soldado-profesional-y-un-trabajador-del-puerto-arenero-de-quibdo\/#primaryimage\",\"url\":\"https:\/\/www.fiscalia.gov.co\/colombia\/wp-content\/uploads\/maxresdefault-936.jpg\",\"contentUrl\":\"https:\/\/www.fiscalia.gov.co\/colombia\/wp-content\/uploads\/maxresdefault-936.jpg\",\"width\":1280,\"height\":720},{\"@type\":\"BreadcrumbList\",\"@id\":\"https:\/\/www.fiscalia.gov.co\/colombia\/noticias\/a-prision-presuntos-responsables-del-homicidio-de-un-soldado-profesional-y-un-trabajador-del-puerto-arenero-de-quibdo\/#breadcrumb\",\"itemListElement\":[{\"@type\":\"ListItem\",\"position\":1,\"name\":\"Home\",\"item\":\"https:\/\/www.fiscalia.gov.co\/colombia\/\"},{\"@type\":\"ListItem\",\"position\":2,\"name\":\"A prisi\u00f3n presuntos responsables del homicidio de un soldado profesional y un trabajador del Puerto Arenero de Quibd\u00f3\"}]},{\"@type\":\"WebSite\",\"@id\":\"https:\/\/www.fiscalia.gov.co\/colombia\/#website\",\"url\":\"https:\/\/www.fiscalia.gov.co\/colombia\/\",\"name\":\"Fiscal\u00eda General de la Naci\u00f3n\",\"description\":\"P\u00e1gina oficial de la Fiscal\u00eda General de la Naci\u00f3n \u2013 Colombia. Garantizamos el acceso efectivo a la justicia, la verdad y la reparaci\u00f3n de las v\u00edctimas de los delitos.\",\"publisher\":{\"@id\":\"https:\/\/www.fiscalia.gov.co\/colombia\/#organization\"},\"potentialAction\":[{\"@type\":\"SearchAction\",\"target\":{\"@type\":\"EntryPoint\",\"urlTemplate\":\"https:\/\/www.fiscalia.gov.co\/colombia\/?s={search_term_string}\"},\"query-input\":{\"@type\":\"PropertyValueSpecification\",\"valueRequired\":true,\"valueName\":\"search_term_string\"}}],\"inLanguage\":\"es-CO\"},{\"@type\":\"Organization\",\"@id\":\"https:\/\/www.fiscalia.gov.co\/colombia\/#organization\",\"name\":\"Fiscal\u00eda General de la Naci\u00f3n\",\"url\":\"https:\/\/www.fiscalia.gov.co\/colombia\/\",\"logo\":{\"@type\":\"ImageObject\",\"inLanguage\":\"es-CO\",\"@id\":\"https:\/\/www.fiscalia.gov.co\/colombia\/#\/schema\/logo\/image\/\",\"url\":\"https:\/\/www.fiscalia.gov.co\/colombia\/wp-content\/uploads\/LogoHorizontal_1.jpg\",\"contentUrl\":\"https:\/\/www.fiscalia.gov.co\/colombia\/wp-content\/uploads\/LogoHorizontal_1.jpg\",\"width\":300,\"height\":90,\"caption\":\"Fiscal\u00eda General de la Naci\u00f3n\"},\"image\":{\"@id\":\"https:\/\/www.fiscalia.gov.co\/colombia\/#\/schema\/logo\/image\/\"},\"sameAs\":[\"https:\/\/www.facebook.com\/FiscaliaCol\",\"https:\/\/x.com\/FiscaliaCol\",\"https:\/\/www.instagram.com\/fiscaliacol\",\"https:\/\/www.linkedin.com\/company\/fiscalia-general-de-la-naci-n\/\",\"https:\/\/youtube.com\/@fiscaliageneraldelanacion-4668?si=6nN79nyQICPU5iTh\"]},{\"@type\":\"Person\",\"@id\":\"https:\/\/www.fiscalia.gov.co\/colombia\/#\/schema\/person\/176195b99ebab0a52aafa15197e1bf80\",\"name\":\"Winnie Geraldine Rodr\u00edguez Navarrete\",\"image\":{\"@type\":\"ImageObject\",\"inLanguage\":\"es-CO\",\"@id\":\"https:\/\/www.fiscalia.gov.co\/colombia\/#\/schema\/person\/image\/\",\"url\":\"https:\/\/secure.gravatar.com\/avatar\/c24cf8481dc84fa5e8c7b20bc95ab0c6?s=96&d=mm&r=g\",\"contentUrl\":\"https:\/\/secure.gravatar.com\/avatar\/c24cf8481dc84fa5e8c7b20bc95ab0c6?s=96&d=mm&r=g\",\"caption\":\"Winnie Geraldine Rodr\u00edguez Navarrete\"},\"url\":\"https:\/\/www.fiscalia.gov.co\/colombia\/author\/winnierodriguez\/\"}]}<\/script>\n<!-- \/ Yoast SEO plugin. -->","yoast_head_json":{"title":"Fiscal\u00eda General de la Naci\u00f3n","description":"P\u00e1gina oficial de la Fiscal\u00eda General de la Naci\u00f3n \u2013 Colombia. Garantizamos el acceso efectivo a la justicia, la verdad y la reparaci\u00f3n de las v\u00edctimas de los delitos.","robots":{"index":"noindex","follow":"follow"},"og_locale":"es_ES","og_type":"article","og_title":"Fiscal\u00eda General de la Naci\u00f3n","og_description":"P\u00e1gina oficial de la Fiscal\u00eda General de la Naci\u00f3n \u2013 Colombia. Garantizamos el acceso efectivo a la justicia, la verdad y la reparaci\u00f3n de las v\u00edctimas de los delitos.","og_url":"https:\/\/www.fiscalia.gov.co\/colombia\/noticias\/a-prision-presuntos-responsables-del-homicidio-de-un-soldado-profesional-y-un-trabajador-del-puerto-arenero-de-quibdo\/","og_site_name":"Fiscal\u00eda General de la Naci\u00f3n","article_publisher":"https:\/\/www.facebook.com\/FiscaliaCol","article_published_time":"2023-02-20T22:05:15+00:00","article_modified_time":"2023-02-28T17:52:56+00:00","og_image":[{"width":1280,"height":720,"url":"https:\/\/www.fiscalia.gov.co\/colombia\/wp-content\/uploads\/maxresdefault-936.jpg","type":"image\/jpeg"}],"author":"Winnie Geraldine Rodr\u00edguez Navarrete","twitter_card":"summary_large_image","twitter_creator":"@FiscaliaCol","twitter_site":"@FiscaliaCol","twitter_misc":{"Escrito por":"Winnie Geraldine Rodr\u00edguez Navarrete","Tiempo de lectura":"3 minutos"},"schema":{"@context":"https:\/\/schema.org","@graph":[{"@type":"Article","@id":"https:\/\/www.fiscalia.gov.co\/colombia\/noticias\/a-prision-presuntos-responsables-del-homicidio-de-un-soldado-profesional-y-un-trabajador-del-puerto-arenero-de-quibdo\/#article","isPartOf":{"@id":"https:\/\/www.fiscalia.gov.co\/colombia\/noticias\/a-prision-presuntos-responsables-del-homicidio-de-un-soldado-profesional-y-un-trabajador-del-puerto-arenero-de-quibdo\/"},"author":{"name":"Winnie Geraldine Rodr\u00edguez Navarrete","@id":"https:\/\/www.fiscalia.gov.co\/colombia\/#\/schema\/person\/176195b99ebab0a52aafa15197e1bf80"},"headline":"A prisi\u00f3n presuntos responsables del homicidio de un soldado profesional y un trabajador del Puerto Arenero de Quibd\u00f3","datePublished":"2023-02-20T22:05:15+00:00","dateModified":"2023-02-28T17:52:56+00:00","mainEntityOfPage":{"@id":"https:\/\/www.fiscalia.gov.co\/colombia\/noticias\/a-prision-presuntos-responsables-del-homicidio-de-un-soldado-profesional-y-un-trabajador-del-puerto-arenero-de-quibdo\/"},"wordCount":671,"publisher":{"@id":"https:\/\/www.fiscalia.gov.co\/colombia\/#organization"},"image":{"@id":"https:\/\/www.fiscalia.gov.co\/colombia\/noticias\/a-prision-presuntos-responsables-del-homicidio-de-un-soldado-profesional-y-un-trabajador-del-puerto-arenero-de-quibdo\/#primaryimage"},"thumbnailUrl":"https:\/\/www.fiscalia.gov.co\/colombia\/wp-content\/uploads\/maxresdefault-936.jpg","keywords":["Fiscal Barbosa","Fiscal\u00eda General de la Naci\u00f3n","QUIBD\u00d3-CHOC\u00d3"],"articleSection":["Noticias","Seccional Quibd\u00f3","Seccionales","Seguridad territorial"],"inLanguage":"es-CO"},{"@type":"WebPage","@id":"https:\/\/www.fiscalia.gov.co\/colombia\/noticias\/a-prision-presuntos-responsables-del-homicidio-de-un-soldado-profesional-y-un-trabajador-del-puerto-arenero-de-quibdo\/","url":"https:\/\/www.fiscalia.gov.co\/colombia\/noticias\/a-prision-presuntos-responsables-del-homicidio-de-un-soldado-profesional-y-un-trabajador-del-puerto-arenero-de-quibdo\/","name":"Fiscal\u00eda General de la Naci\u00f3n","isPartOf":{"@id":"https:\/\/www.fiscalia.gov.co\/colombia\/#website"},"primaryImageOfPage":{"@id":"https:\/\/www.fiscalia.gov.co\/colombia\/noticias\/a-prision-presuntos-responsables-del-homicidio-de-un-soldado-profesional-y-un-trabajador-del-puerto-arenero-de-quibdo\/#primaryimage"},"image":{"@id":"https:\/\/www.fiscalia.gov.co\/colombia\/noticias\/a-prision-presuntos-responsables-del-homicidio-de-un-soldado-profesional-y-un-trabajador-del-puerto-arenero-de-quibdo\/#primaryimage"},"thumbnailUrl":"https:\/\/www.fiscalia.gov.co\/colombia\/wp-content\/uploads\/maxresdefault-936.jpg","datePublished":"2023-02-20T22:05:15+00:00","dateModified":"2023-02-28T17:52:56+00:00","description":"P\u00e1gina oficial de la Fiscal\u00eda General de la Naci\u00f3n \u2013 Colombia. Garantizamos el acceso efectivo a la justicia, la verdad y la reparaci\u00f3n de las v\u00edctimas de los delitos.","breadcrumb":{"@id":"https:\/\/www.fiscalia.gov.co\/colombia\/noticias\/a-prision-presuntos-responsables-del-homicidio-de-un-soldado-profesional-y-un-trabajador-del-puerto-arenero-de-quibdo\/#breadcrumb"},"inLanguage":"es-CO","potentialAction":[{"@type":"ReadAction","target":["https:\/\/www.fiscalia.gov.co\/colombia\/noticias\/a-prision-presuntos-responsables-del-homicidio-de-un-soldado-profesional-y-un-trabajador-del-puerto-arenero-de-quibdo\/"]}]},{"@type":"ImageObject","inLanguage":"es-CO","@id":"https:\/\/www.fiscalia.gov.co\/colombia\/noticias\/a-prision-presuntos-responsables-del-homicidio-de-un-soldado-profesional-y-un-trabajador-del-puerto-arenero-de-quibdo\/#primaryimage","url":"https:\/\/www.fiscalia.gov.co\/colombia\/wp-content\/uploads\/maxresdefault-936.jpg","contentUrl":"https:\/\/www.fiscalia.gov.co\/colombia\/wp-content\/uploads\/maxresdefault-936.jpg","width":1280,"height":720},{"@type":"BreadcrumbList","@id":"https:\/\/www.fiscalia.gov.co\/colombia\/noticias\/a-prision-presuntos-responsables-del-homicidio-de-un-soldado-profesional-y-un-trabajador-del-puerto-arenero-de-quibdo\/#breadcrumb","itemListElement":[{"@type":"ListItem","position":1,"name":"Home","item":"https:\/\/www.fiscalia.gov.co\/colombia\/"},{"@type":"ListItem","position":2,"name":"A prisi\u00f3n presuntos responsables del homicidio de un soldado profesional y un trabajador del Puerto Arenero de Quibd\u00f3"}]},{"@type":"WebSite","@id":"https:\/\/www.fiscalia.gov.co\/colombia\/#website","url":"https:\/\/www.fiscalia.gov.co\/colombia\/","name":"Fiscal\u00eda General de la Naci\u00f3n","description":"P\u00e1gina oficial de la Fiscal\u00eda General de la Naci\u00f3n \u2013 Colombia. Garantizamos el acceso efectivo a la justicia, la verdad y la reparaci\u00f3n de las v\u00edctimas de los delitos.","publisher":{"@id":"https:\/\/www.fiscalia.gov.co\/colombia\/#organization"},"potentialAction":[{"@type":"SearchAction","target":{"@type":"EntryPoint","urlTemplate":"https:\/\/www.fiscalia.gov.co\/colombia\/?s={search_term_string}"},"query-input":{"@type":"PropertyValueSpecification","valueRequired":true,"valueName":"search_term_string"}}],"inLanguage":"es-CO"},{"@type":"Organization","@id":"https:\/\/www.fiscalia.gov.co\/colombia\/#organization","name":"Fiscal\u00eda General de la Naci\u00f3n","url":"https:\/\/www.fiscalia.gov.co\/colombia\/","logo":{"@type":"ImageObject","inLanguage":"es-CO","@id":"https:\/\/www.fiscalia.gov.co\/colombia\/#\/schema\/logo\/image\/","url":"https:\/\/www.fiscalia.gov.co\/colombia\/wp-content\/uploads\/LogoHorizontal_1.jpg","contentUrl":"https:\/\/www.fiscalia.gov.co\/colombia\/wp-content\/uploads\/LogoHorizontal_1.jpg","width":300,"height":90,"caption":"Fiscal\u00eda General de la Naci\u00f3n"},"image":{"@id":"https:\/\/www.fiscalia.gov.co\/colombia\/#\/schema\/logo\/image\/"},"sameAs":["https:\/\/www.facebook.com\/FiscaliaCol","https:\/\/x.com\/FiscaliaCol","https:\/\/www.instagram.com\/fiscaliacol","https:\/\/www.linkedin.com\/company\/fiscalia-general-de-la-naci-n\/","https:\/\/youtube.com\/@fiscaliageneraldelanacion-4668?si=6nN79nyQICPU5iTh"]},{"@type":"Person","@id":"https:\/\/www.fiscalia.gov.co\/colombia\/#\/schema\/person\/176195b99ebab0a52aafa15197e1bf80","name":"Winnie Geraldine Rodr\u00edguez Navarrete","image":{"@type":"ImageObject","inLanguage":"es-CO","@id":"https:\/\/www.fiscalia.gov.co\/colombia\/#\/schema\/person\/image\/","url":"https:\/\/secure.gravatar.com\/avatar\/c24cf8481dc84fa5e8c7b20bc95ab0c6?s=96&d=mm&r=g","contentUrl":"https:\/\/secure.gravatar.com\/avatar\/c24cf8481dc84fa5e8c7b20bc95ab0c6?s=96&d=mm&r=g","caption":"Winnie Geraldine Rodr\u00edguez Navarrete"},"url":"https:\/\/www.fiscalia.gov.co\/colombia\/author\/winnierodriguez\/"}]}},"_links":{"self":[{"href":"https:\/\/www.fiscalia.gov.co\/colombia\/wp-json\/wp\/v2\/posts\/266775","targetHints":{"allow":["GET"]}}],"collection":[{"href":"https:\/\/www.fiscalia.gov.co\/colombia\/wp-json\/wp\/v2\/posts"}],"about":[{"href":"https:\/\/www.fiscalia.gov.co\/colombia\/wp-json\/wp\/v2\/types\/post"}],"author":[{"embeddable":true,"href":"https:\/\/www.fiscalia.gov.co\/colombia\/wp-json\/wp\/v2\/users\/178"}],"replies":[{"embeddable":true,"href":"https:\/\/www.fiscalia.gov.co\/colombia\/wp-json\/wp\/v2\/comments?post=266775"}],"version-history":[{"count":4,"href":"https:\/\/www.fiscalia.gov.co\/colombia\/wp-json\/wp\/v2\/posts\/266775\/revisions"}],"predecessor-version":[{"id":267363,"href":"https:\/\/www.fiscalia.gov.co\/colombia\/wp-json\/wp\/v2\/posts\/266775\/revisions\/267363"}],"wp:featuredmedia":[{"embeddable":true,"href":"https:\/\/www.fiscalia.gov.co\/colombia\/wp-json\/wp\/v2\/media\/267353"}],"wp:attachment":[{"href":"https:\/\/www.fiscalia.gov.co\/colombia\/wp-json\/wp\/v2\/media?parent=266775"}],"wp:term":[{"taxonomy":"category","embeddable":true,"href":"https:\/\/www.fiscalia.gov.co\/colombia\/wp-json\/wp\/v2\/categories?post=266775"},{"taxonomy":"post_tag","embeddable":true,"href":"https:\/\/www.fiscalia.gov.co\/colombia\/wp-json\/wp\/v2\/tags?post=266775"}],"curies":[{"name":"wp","href":"https:\/\/api.w.org\/{rel}","templated":true}]}}