{"id":266768,"date":"2023-02-20T15:55:54","date_gmt":"2023-02-20T20:55:54","guid":{"rendered":"https:\/\/www.fiscalia.gov.co\/colombia\/?p=266768"},"modified":"2023-02-27T15:04:17","modified_gmt":"2023-02-27T20:04:17","slug":"mujer-fue-judicializada-por-tener-468-botellas-de-licor-adulterado-que-serian-comercializadas-durante-el-carnaval-de-barranquilla","status":"publish","type":"post","link":"https:\/\/www.fiscalia.gov.co\/colombia\/noticias\/mujer-fue-judicializada-por-tener-468-botellas-de-licor-adulterado-que-serian-comercializadas-durante-el-carnaval-de-barranquilla\/","title":{"rendered":"Mujer fue judicializada por tener 468 botellas de licor adulterado que ser\u00edan comercializadas durante el carnaval de Barranquilla"},"content":{"rendered":"<h4 style=\"font-weight: 400;\"><strong><em>Las bebidas alcoh\u00f3licas falsificadas tendr\u00edan un costo comercial de 150 millones de pesos. A la imputada se le encontr\u00f3 whisky, ron y aguardiente, entre otros licores.<\/em><\/strong><\/h4>\n<p style=\"font-weight: 400;\">El trabajo articulado de la Seccional Atl\u00e1ntico de la Fiscal\u00eda General de la Naci\u00f3n y la Polic\u00eda, Nacional contra la comercializaci\u00f3n de licor adulterado en Atl\u00e1ntico impidi\u00f3 que m\u00e1s de 468 botellas con bebidas alcoh\u00f3licas adulteradas fueran comercializadas durante las festividades del Carnaval de Barranquilla.<\/p>\n<figure id=\"attachment_266769\" aria-describedby=\"caption-attachment-266769\" style=\"width: 410px\" class=\"wp-caption aligncenter\"><img loading=\"lazy\" decoding=\"async\" class=\" wp-image-266769\" src=\"https:\/\/www.fiscalia.gov.co\/colombia\/wp-content\/uploads\/Maribel-Del-Carmen-Urueta-Carrillo-a-quien-le-decomisaron-39-botellas-con-whisky-14-de-ron-310-de-licor-de-anis-y-105-de-aguardiente-adulteradas-300x123.jpeg\" alt=\"En la imagen est\u00e1 la procesada en compa\u00f1\u00eda de dos uniformados con decomisaron 39 botellas con whisky, 14 de ron, 310 de licor de an\u00eds y 105 de aguardiente adulteradas que fueron incautadas por la Polic\u00eda.\" width=\"410\" height=\"168\" srcset=\"https:\/\/www.fiscalia.gov.co\/colombia\/wp-content\/uploads\/Maribel-Del-Carmen-Urueta-Carrillo-a-quien-le-decomisaron-39-botellas-con-whisky-14-de-ron-310-de-licor-de-anis-y-105-de-aguardiente-adulteradas-300x123.jpeg 300w, https:\/\/www.fiscalia.gov.co\/colombia\/wp-content\/uploads\/Maribel-Del-Carmen-Urueta-Carrillo-a-quien-le-decomisaron-39-botellas-con-whisky-14-de-ron-310-de-licor-de-anis-y-105-de-aguardiente-adulteradas-1024x420.jpeg 1024w, https:\/\/www.fiscalia.gov.co\/colombia\/wp-content\/uploads\/Maribel-Del-Carmen-Urueta-Carrillo-a-quien-le-decomisaron-39-botellas-con-whisky-14-de-ron-310-de-licor-de-anis-y-105-de-aguardiente-adulteradas-768x315.jpeg 768w, https:\/\/www.fiscalia.gov.co\/colombia\/wp-content\/uploads\/Maribel-Del-Carmen-Urueta-Carrillo-a-quien-le-decomisaron-39-botellas-con-whisky-14-de-ron-310-de-licor-de-anis-y-105-de-aguardiente-adulteradas-1536x631.jpeg 1536w, https:\/\/www.fiscalia.gov.co\/colombia\/wp-content\/uploads\/Maribel-Del-Carmen-Urueta-Carrillo-a-quien-le-decomisaron-39-botellas-con-whisky-14-de-ron-310-de-licor-de-anis-y-105-de-aguardiente-adulteradas-696x286.jpeg 696w, https:\/\/www.fiscalia.gov.co\/colombia\/wp-content\/uploads\/Maribel-Del-Carmen-Urueta-Carrillo-a-quien-le-decomisaron-39-botellas-con-whisky-14-de-ron-310-de-licor-de-anis-y-105-de-aguardiente-adulteradas-1068x439.jpeg 1068w, https:\/\/www.fiscalia.gov.co\/colombia\/wp-content\/uploads\/Maribel-Del-Carmen-Urueta-Carrillo-a-quien-le-decomisaron-39-botellas-con-whisky-14-de-ron-310-de-licor-de-anis-y-105-de-aguardiente-adulteradas-1023x420.jpeg 1023w, https:\/\/www.fiscalia.gov.co\/colombia\/wp-content\/uploads\/Maribel-Del-Carmen-Urueta-Carrillo-a-quien-le-decomisaron-39-botellas-con-whisky-14-de-ron-310-de-licor-de-anis-y-105-de-aguardiente-adulteradas.jpeg 1600w\" sizes=\"auto, (max-width: 410px) 100vw, 410px\" \/><figcaption id=\"caption-attachment-266769\" class=\"wp-caption-text\">En la imagen est\u00e1 la procesada en compa\u00f1\u00eda de dos uniformados con decomisaron 39 botellas con whisky, 14 de ron, 310 de licor de an\u00eds y 105 de aguardiente adulteradas que fueron incautadas por la Polic\u00eda.<\/figcaption><\/figure>\n<p style=\"font-weight: 400;\">Un operativo de allanamiento y registro a una vivienda del barrio Las Nieves permiti\u00f3 judicializar a Maribel Del Carmen Urueta Carrillo a quien le decomisaron 39 botellas con whisky, 14 de ron, 310 de licor de an\u00eds y 105 de aguardiente adulteradas.<\/p>\n<p style=\"font-weight: 400;\">Durante la diligencia tambi\u00e9n fueron halladas 1.200 tapas, estampillas y cajas de distintas marcas de licor, 277 botellas de vidrio vac\u00edas, 650 estampillas, 605 etiquetas y 4 canecas pl\u00e1sticas.<\/p>\n<p style=\"font-weight: 400;\">La Fiscal\u00eda imput\u00f3 a la mujer, de 51 a\u00f1os, los delitos de imitaci\u00f3n o simulaci\u00f3n de alimentos, productos o sustancias. Ninguno de los cargos fue aceptado.<\/p>\n<p style=\"font-weight: 400;\">El juez con funciones de control de garant\u00edas acogi\u00f3 la solicitud de la Fiscal\u00eda y cobij\u00f3 con medida de aseguramiento en centro penitenciario, por lo que fue trasladada a la c\u00e1rcel El Buen Pastor.<\/p>\n<p style=\"font-weight: 400;\"><strong>La Fiscal\u00eda habla con resultados.<\/strong><\/p>\n<p>&nbsp;<\/p>\n<p>&nbsp;<\/p>\n<p>&nbsp;<\/p>\n<p>&nbsp;<\/p>\n<p style=\"font-weight: 400;\">SKCR\/VHGB\/MAGA\/MCHJ\/DSA<\/p>\n<p>&nbsp;<\/p>\n<p>&nbsp;<\/p>\n<p style=\"font-weight: 400;\"><em><span lang=\"ES\">La informaci\u00f3n contenida en este bolet\u00edn de prensa corresponde a la narraci\u00f3n de los hechos noticiosos objetivos, suministrados por los funcionarios encargados de adelantar las investigaciones penales al interior de la Fiscal\u00eda General de la Naci\u00f3n. Para el momento de la divulgaci\u00f3n de este comunicado, la situaci\u00f3n jur\u00eddica de la(s) persona(s) relacionada(s) se encuentra pendiente de resolver por la autoridad judicial competente, siempre bajo los preceptos de la presunci\u00f3n de inocencia, consagrados en el art\u00edculo 29 de la Constituci\u00f3n Pol\u00edtica y el art\u00edculo 7\u00ba de la Ley 906 de 2004.<\/span><\/em><\/p>\n\n<div class=\"twitter-share\"><a href=\"https:\/\/twitter.com\/intent\/tweet?via=fiscaliacol\" class=\"twitter-share-button\">Tweet<\/a><\/div>\n","protected":false},"excerpt":{"rendered":"<p>Las bebidas alcoh\u00f3licas falsificadas tendr\u00edan un costo comercial de 150 millones de pesos. A la imputada se le encontr\u00f3 whisky, ron y aguardiente, entre otros licores. El trabajo articulado de la Seccional Atl\u00e1ntico de la Fiscal\u00eda General de la Naci\u00f3n y la Polic\u00eda, Nacional contra la comercializaci\u00f3n de licor adulterado en Atl\u00e1ntico impidi\u00f3 que m\u00e1s [&hellip;]<\/p>\n","protected":false},"author":178,"featured_media":0,"comment_status":"closed","ping_status":"open","sticky":false,"template":"","format":"video","meta":{"_price":"","_stock":"","_tribe_ticket_header":"","_tribe_default_ticket_provider":"","_tribe_ticket_capacity":"0","_ticket_start_date":"","_ticket_end_date":"","_tribe_ticket_show_description":"","_tribe_ticket_show_not_going":false,"_tribe_ticket_use_global_stock":"","_tribe_ticket_global_stock_level":"","_global_stock_mode":"","_global_stock_cap":"","_tribe_rsvp_for_event":"","_tribe_ticket_going_count":"","_tribe_ticket_not_going_count":"","_tribe_tickets_list":"[]","_tribe_ticket_has_attendee_info_fields":false,"tdm_status":"","tdm_grid_status":"","footnotes":""},"categories":[1,320,303],"tags":[34017,23829,23982,31123,34018,34016,25812,2584,25096,2067,19679,23972,27199,23901,34019],"class_list":{"0":"post-266768","1":"post","2":"type-post","3":"status-publish","4":"format-video","6":"category-noticias","7":"category-seccional-barranquilla","8":"category-seccionales","9":"tag-468-botellas","10":"tag-barranquilla","11":"tag-barranquilla-atlantico","12":"tag-carnaval-de-barranquilla","13":"tag-estampillas","14":"tag-expendio-de-licor","15":"tag-judicializacion","16":"tag-licor-adulterado","17":"tag-medida-intramural","18":"tag-mujer","19":"tag-operativo","20":"tag-policia","21":"tag-seccional-atlantico","22":"tag-soledad","23":"tag-tapas","24":"post_format-post-format-video"},"yoast_head":"<!-- This site is optimized with the Yoast SEO plugin v24.3 - https:\/\/yoast.com\/wordpress\/plugins\/seo\/ -->\n<title>Fiscal\u00eda General de la Naci\u00f3n<\/title>\n<meta name=\"description\" content=\"P\u00e1gina oficial de la Fiscal\u00eda General de la Naci\u00f3n \u2013 Colombia. Garantizamos el acceso efectivo a la justicia, la verdad y la reparaci\u00f3n de las v\u00edctimas de los delitos.\" \/>\n<meta name=\"robots\" content=\"noindex, follow\" \/>\n<meta property=\"og:locale\" content=\"es_ES\" \/>\n<meta property=\"og:type\" content=\"article\" \/>\n<meta property=\"og:title\" content=\"Fiscal\u00eda General de la Naci\u00f3n\" \/>\n<meta property=\"og:description\" content=\"P\u00e1gina oficial de la Fiscal\u00eda General de la Naci\u00f3n \u2013 Colombia. Garantizamos el acceso efectivo a la justicia, la verdad y la reparaci\u00f3n de las v\u00edctimas de los delitos.\" \/>\n<meta property=\"og:url\" content=\"https:\/\/www.fiscalia.gov.co\/colombia\/noticias\/mujer-fue-judicializada-por-tener-468-botellas-de-licor-adulterado-que-serian-comercializadas-durante-el-carnaval-de-barranquilla\/\" \/>\n<meta property=\"og:site_name\" content=\"Fiscal\u00eda General de la Naci\u00f3n\" \/>\n<meta property=\"article:publisher\" content=\"https:\/\/www.facebook.com\/FiscaliaCol\" \/>\n<meta property=\"article:published_time\" content=\"2023-02-20T20:55:54+00:00\" \/>\n<meta property=\"article:modified_time\" content=\"2023-02-27T20:04:17+00:00\" \/>\n<meta property=\"og:image\" content=\"https:\/\/www.fiscalia.gov.co\/colombia\/wp-content\/uploads\/Maribel-Del-Carmen-Urueta-Carrillo-a-quien-le-decomisaron-39-botellas-con-whisky-14-de-ron-310-de-licor-de-anis-y-105-de-aguardiente-adulteradas-300x123.jpeg\" \/>\n<meta name=\"author\" content=\"Winnie Geraldine Rodr\u00edguez Navarrete\" \/>\n<meta name=\"twitter:card\" content=\"summary_large_image\" \/>\n<meta name=\"twitter:creator\" content=\"@FiscaliaCol\" \/>\n<meta name=\"twitter:site\" content=\"@FiscaliaCol\" \/>\n<meta name=\"twitter:label1\" content=\"Escrito por\" \/>\n\t<meta name=\"twitter:data1\" content=\"Winnie Geraldine Rodr\u00edguez Navarrete\" \/>\n\t<meta name=\"twitter:label2\" content=\"Tiempo de lectura\" \/>\n\t<meta name=\"twitter:data2\" content=\"2 minutos\" \/>\n<script type=\"application\/ld+json\" class=\"yoast-schema-graph\">{\"@context\":\"https:\/\/schema.org\",\"@graph\":[{\"@type\":\"Article\",\"@id\":\"https:\/\/www.fiscalia.gov.co\/colombia\/noticias\/mujer-fue-judicializada-por-tener-468-botellas-de-licor-adulterado-que-serian-comercializadas-durante-el-carnaval-de-barranquilla\/#article\",\"isPartOf\":{\"@id\":\"https:\/\/www.fiscalia.gov.co\/colombia\/noticias\/mujer-fue-judicializada-por-tener-468-botellas-de-licor-adulterado-que-serian-comercializadas-durante-el-carnaval-de-barranquilla\/\"},\"author\":{\"name\":\"Winnie Geraldine Rodr\u00edguez Navarrete\",\"@id\":\"https:\/\/www.fiscalia.gov.co\/colombia\/#\/schema\/person\/176195b99ebab0a52aafa15197e1bf80\"},\"headline\":\"Mujer fue judicializada por tener 468 botellas de licor adulterado que ser\u00edan comercializadas durante el carnaval de Barranquilla\",\"datePublished\":\"2023-02-20T20:55:54+00:00\",\"dateModified\":\"2023-02-27T20:04:17+00:00\",\"mainEntityOfPage\":{\"@id\":\"https:\/\/www.fiscalia.gov.co\/colombia\/noticias\/mujer-fue-judicializada-por-tener-468-botellas-de-licor-adulterado-que-serian-comercializadas-durante-el-carnaval-de-barranquilla\/\"},\"wordCount\":390,\"publisher\":{\"@id\":\"https:\/\/www.fiscalia.gov.co\/colombia\/#organization\"},\"image\":{\"@id\":\"https:\/\/www.fiscalia.gov.co\/colombia\/noticias\/mujer-fue-judicializada-por-tener-468-botellas-de-licor-adulterado-que-serian-comercializadas-durante-el-carnaval-de-barranquilla\/#primaryimage\"},\"thumbnailUrl\":\"https:\/\/www.fiscalia.gov.co\/colombia\/wp-content\/uploads\/Maribel-Del-Carmen-Urueta-Carrillo-a-quien-le-decomisaron-39-botellas-con-whisky-14-de-ron-310-de-licor-de-anis-y-105-de-aguardiente-adulteradas-300x123.jpeg\",\"keywords\":[\"468 botellas\",\"Barranquilla\",\"Barranquilla (Atl\u00e1ntico)\",\"Carnaval de Barranquilla\",\"estampillas\",\"expendio de licor\",\"Judicializaci\u00f3n\",\"Licor adulterado\",\"medida intramural\",\"Mujer\",\"Operativo\",\"Polic\u00eda\",\"Seccional Atl\u00e1ntico\",\"Soledad\",\"tapas\"],\"articleSection\":[\"Noticias\",\"Seccional Barranquilla\",\"Seccionales\"],\"inLanguage\":\"es-CO\"},{\"@type\":\"WebPage\",\"@id\":\"https:\/\/www.fiscalia.gov.co\/colombia\/noticias\/mujer-fue-judicializada-por-tener-468-botellas-de-licor-adulterado-que-serian-comercializadas-durante-el-carnaval-de-barranquilla\/\",\"url\":\"https:\/\/www.fiscalia.gov.co\/colombia\/noticias\/mujer-fue-judicializada-por-tener-468-botellas-de-licor-adulterado-que-serian-comercializadas-durante-el-carnaval-de-barranquilla\/\",\"name\":\"Fiscal\u00eda General de la Naci\u00f3n\",\"isPartOf\":{\"@id\":\"https:\/\/www.fiscalia.gov.co\/colombia\/#website\"},\"primaryImageOfPage\":{\"@id\":\"https:\/\/www.fiscalia.gov.co\/colombia\/noticias\/mujer-fue-judicializada-por-tener-468-botellas-de-licor-adulterado-que-serian-comercializadas-durante-el-carnaval-de-barranquilla\/#primaryimage\"},\"image\":{\"@id\":\"https:\/\/www.fiscalia.gov.co\/colombia\/noticias\/mujer-fue-judicializada-por-tener-468-botellas-de-licor-adulterado-que-serian-comercializadas-durante-el-carnaval-de-barranquilla\/#primaryimage\"},\"thumbnailUrl\":\"https:\/\/www.fiscalia.gov.co\/colombia\/wp-content\/uploads\/Maribel-Del-Carmen-Urueta-Carrillo-a-quien-le-decomisaron-39-botellas-con-whisky-14-de-ron-310-de-licor-de-anis-y-105-de-aguardiente-adulteradas-300x123.jpeg\",\"datePublished\":\"2023-02-20T20:55:54+00:00\",\"dateModified\":\"2023-02-27T20:04:17+00:00\",\"description\":\"P\u00e1gina oficial de la Fiscal\u00eda General de la Naci\u00f3n \u2013 Colombia. Garantizamos el acceso efectivo a la justicia, la verdad y la reparaci\u00f3n de las v\u00edctimas de los delitos.\",\"breadcrumb\":{\"@id\":\"https:\/\/www.fiscalia.gov.co\/colombia\/noticias\/mujer-fue-judicializada-por-tener-468-botellas-de-licor-adulterado-que-serian-comercializadas-durante-el-carnaval-de-barranquilla\/#breadcrumb\"},\"inLanguage\":\"es-CO\",\"potentialAction\":[{\"@type\":\"ReadAction\",\"target\":[\"https:\/\/www.fiscalia.gov.co\/colombia\/noticias\/mujer-fue-judicializada-por-tener-468-botellas-de-licor-adulterado-que-serian-comercializadas-durante-el-carnaval-de-barranquilla\/\"]}]},{\"@type\":\"ImageObject\",\"inLanguage\":\"es-CO\",\"@id\":\"https:\/\/www.fiscalia.gov.co\/colombia\/noticias\/mujer-fue-judicializada-por-tener-468-botellas-de-licor-adulterado-que-serian-comercializadas-durante-el-carnaval-de-barranquilla\/#primaryimage\",\"url\":\"https:\/\/www.fiscalia.gov.co\/colombia\/wp-content\/uploads\/Maribel-Del-Carmen-Urueta-Carrillo-a-quien-le-decomisaron-39-botellas-con-whisky-14-de-ron-310-de-licor-de-anis-y-105-de-aguardiente-adulteradas-300x123.jpeg\",\"contentUrl\":\"https:\/\/www.fiscalia.gov.co\/colombia\/wp-content\/uploads\/Maribel-Del-Carmen-Urueta-Carrillo-a-quien-le-decomisaron-39-botellas-con-whisky-14-de-ron-310-de-licor-de-anis-y-105-de-aguardiente-adulteradas-300x123.jpeg\"},{\"@type\":\"BreadcrumbList\",\"@id\":\"https:\/\/www.fiscalia.gov.co\/colombia\/noticias\/mujer-fue-judicializada-por-tener-468-botellas-de-licor-adulterado-que-serian-comercializadas-durante-el-carnaval-de-barranquilla\/#breadcrumb\",\"itemListElement\":[{\"@type\":\"ListItem\",\"position\":1,\"name\":\"Home\",\"item\":\"https:\/\/www.fiscalia.gov.co\/colombia\/\"},{\"@type\":\"ListItem\",\"position\":2,\"name\":\"Mujer fue judicializada por tener 468 botellas de licor adulterado que ser\u00edan comercializadas durante el carnaval de Barranquilla\"}]},{\"@type\":\"WebSite\",\"@id\":\"https:\/\/www.fiscalia.gov.co\/colombia\/#website\",\"url\":\"https:\/\/www.fiscalia.gov.co\/colombia\/\",\"name\":\"Fiscal\u00eda General de la Naci\u00f3n\",\"description\":\"P\u00e1gina oficial de la Fiscal\u00eda General de la Naci\u00f3n \u2013 Colombia. Garantizamos el acceso efectivo a la justicia, la verdad y la reparaci\u00f3n de las v\u00edctimas de los delitos.\",\"publisher\":{\"@id\":\"https:\/\/www.fiscalia.gov.co\/colombia\/#organization\"},\"potentialAction\":[{\"@type\":\"SearchAction\",\"target\":{\"@type\":\"EntryPoint\",\"urlTemplate\":\"https:\/\/www.fiscalia.gov.co\/colombia\/?s={search_term_string}\"},\"query-input\":{\"@type\":\"PropertyValueSpecification\",\"valueRequired\":true,\"valueName\":\"search_term_string\"}}],\"inLanguage\":\"es-CO\"},{\"@type\":\"Organization\",\"@id\":\"https:\/\/www.fiscalia.gov.co\/colombia\/#organization\",\"name\":\"Fiscal\u00eda General de la Naci\u00f3n\",\"url\":\"https:\/\/www.fiscalia.gov.co\/colombia\/\",\"logo\":{\"@type\":\"ImageObject\",\"inLanguage\":\"es-CO\",\"@id\":\"https:\/\/www.fiscalia.gov.co\/colombia\/#\/schema\/logo\/image\/\",\"url\":\"https:\/\/www.fiscalia.gov.co\/colombia\/wp-content\/uploads\/LogoHorizontal_1.jpg\",\"contentUrl\":\"https:\/\/www.fiscalia.gov.co\/colombia\/wp-content\/uploads\/LogoHorizontal_1.jpg\",\"width\":300,\"height\":90,\"caption\":\"Fiscal\u00eda General de la Naci\u00f3n\"},\"image\":{\"@id\":\"https:\/\/www.fiscalia.gov.co\/colombia\/#\/schema\/logo\/image\/\"},\"sameAs\":[\"https:\/\/www.facebook.com\/FiscaliaCol\",\"https:\/\/x.com\/FiscaliaCol\",\"https:\/\/www.instagram.com\/fiscaliacol\",\"https:\/\/www.linkedin.com\/company\/fiscalia-general-de-la-naci-n\/\",\"https:\/\/youtube.com\/@fiscaliageneraldelanacion-4668?si=6nN79nyQICPU5iTh\"]},{\"@type\":\"Person\",\"@id\":\"https:\/\/www.fiscalia.gov.co\/colombia\/#\/schema\/person\/176195b99ebab0a52aafa15197e1bf80\",\"name\":\"Winnie Geraldine Rodr\u00edguez Navarrete\",\"image\":{\"@type\":\"ImageObject\",\"inLanguage\":\"es-CO\",\"@id\":\"https:\/\/www.fiscalia.gov.co\/colombia\/#\/schema\/person\/image\/\",\"url\":\"https:\/\/secure.gravatar.com\/avatar\/c24cf8481dc84fa5e8c7b20bc95ab0c6?s=96&d=mm&r=g\",\"contentUrl\":\"https:\/\/secure.gravatar.com\/avatar\/c24cf8481dc84fa5e8c7b20bc95ab0c6?s=96&d=mm&r=g\",\"caption\":\"Winnie Geraldine Rodr\u00edguez Navarrete\"},\"url\":\"https:\/\/www.fiscalia.gov.co\/colombia\/author\/winnierodriguez\/\"}]}<\/script>\n<!-- \/ Yoast SEO plugin. -->","yoast_head_json":{"title":"Fiscal\u00eda General de la Naci\u00f3n","description":"P\u00e1gina oficial de la Fiscal\u00eda General de la Naci\u00f3n \u2013 Colombia. Garantizamos el acceso efectivo a la justicia, la verdad y la reparaci\u00f3n de las v\u00edctimas de los delitos.","robots":{"index":"noindex","follow":"follow"},"og_locale":"es_ES","og_type":"article","og_title":"Fiscal\u00eda General de la Naci\u00f3n","og_description":"P\u00e1gina oficial de la Fiscal\u00eda General de la Naci\u00f3n \u2013 Colombia. Garantizamos el acceso efectivo a la justicia, la verdad y la reparaci\u00f3n de las v\u00edctimas de los delitos.","og_url":"https:\/\/www.fiscalia.gov.co\/colombia\/noticias\/mujer-fue-judicializada-por-tener-468-botellas-de-licor-adulterado-que-serian-comercializadas-durante-el-carnaval-de-barranquilla\/","og_site_name":"Fiscal\u00eda General de la Naci\u00f3n","article_publisher":"https:\/\/www.facebook.com\/FiscaliaCol","article_published_time":"2023-02-20T20:55:54+00:00","article_modified_time":"2023-02-27T20:04:17+00:00","og_image":[{"url":"https:\/\/www.fiscalia.gov.co\/colombia\/wp-content\/uploads\/Maribel-Del-Carmen-Urueta-Carrillo-a-quien-le-decomisaron-39-botellas-con-whisky-14-de-ron-310-de-licor-de-anis-y-105-de-aguardiente-adulteradas-300x123.jpeg","type":"","width":"","height":""}],"author":"Winnie Geraldine Rodr\u00edguez Navarrete","twitter_card":"summary_large_image","twitter_creator":"@FiscaliaCol","twitter_site":"@FiscaliaCol","twitter_misc":{"Escrito por":"Winnie Geraldine Rodr\u00edguez Navarrete","Tiempo de lectura":"2 minutos"},"schema":{"@context":"https:\/\/schema.org","@graph":[{"@type":"Article","@id":"https:\/\/www.fiscalia.gov.co\/colombia\/noticias\/mujer-fue-judicializada-por-tener-468-botellas-de-licor-adulterado-que-serian-comercializadas-durante-el-carnaval-de-barranquilla\/#article","isPartOf":{"@id":"https:\/\/www.fiscalia.gov.co\/colombia\/noticias\/mujer-fue-judicializada-por-tener-468-botellas-de-licor-adulterado-que-serian-comercializadas-durante-el-carnaval-de-barranquilla\/"},"author":{"name":"Winnie Geraldine Rodr\u00edguez Navarrete","@id":"https:\/\/www.fiscalia.gov.co\/colombia\/#\/schema\/person\/176195b99ebab0a52aafa15197e1bf80"},"headline":"Mujer fue judicializada por tener 468 botellas de licor adulterado que ser\u00edan comercializadas durante el carnaval de Barranquilla","datePublished":"2023-02-20T20:55:54+00:00","dateModified":"2023-02-27T20:04:17+00:00","mainEntityOfPage":{"@id":"https:\/\/www.fiscalia.gov.co\/colombia\/noticias\/mujer-fue-judicializada-por-tener-468-botellas-de-licor-adulterado-que-serian-comercializadas-durante-el-carnaval-de-barranquilla\/"},"wordCount":390,"publisher":{"@id":"https:\/\/www.fiscalia.gov.co\/colombia\/#organization"},"image":{"@id":"https:\/\/www.fiscalia.gov.co\/colombia\/noticias\/mujer-fue-judicializada-por-tener-468-botellas-de-licor-adulterado-que-serian-comercializadas-durante-el-carnaval-de-barranquilla\/#primaryimage"},"thumbnailUrl":"https:\/\/www.fiscalia.gov.co\/colombia\/wp-content\/uploads\/Maribel-Del-Carmen-Urueta-Carrillo-a-quien-le-decomisaron-39-botellas-con-whisky-14-de-ron-310-de-licor-de-anis-y-105-de-aguardiente-adulteradas-300x123.jpeg","keywords":["468 botellas","Barranquilla","Barranquilla (Atl\u00e1ntico)","Carnaval de Barranquilla","estampillas","expendio de licor","Judicializaci\u00f3n","Licor adulterado","medida intramural","Mujer","Operativo","Polic\u00eda","Seccional Atl\u00e1ntico","Soledad","tapas"],"articleSection":["Noticias","Seccional Barranquilla","Seccionales"],"inLanguage":"es-CO"},{"@type":"WebPage","@id":"https:\/\/www.fiscalia.gov.co\/colombia\/noticias\/mujer-fue-judicializada-por-tener-468-botellas-de-licor-adulterado-que-serian-comercializadas-durante-el-carnaval-de-barranquilla\/","url":"https:\/\/www.fiscalia.gov.co\/colombia\/noticias\/mujer-fue-judicializada-por-tener-468-botellas-de-licor-adulterado-que-serian-comercializadas-durante-el-carnaval-de-barranquilla\/","name":"Fiscal\u00eda General de la Naci\u00f3n","isPartOf":{"@id":"https:\/\/www.fiscalia.gov.co\/colombia\/#website"},"primaryImageOfPage":{"@id":"https:\/\/www.fiscalia.gov.co\/colombia\/noticias\/mujer-fue-judicializada-por-tener-468-botellas-de-licor-adulterado-que-serian-comercializadas-durante-el-carnaval-de-barranquilla\/#primaryimage"},"image":{"@id":"https:\/\/www.fiscalia.gov.co\/colombia\/noticias\/mujer-fue-judicializada-por-tener-468-botellas-de-licor-adulterado-que-serian-comercializadas-durante-el-carnaval-de-barranquilla\/#primaryimage"},"thumbnailUrl":"https:\/\/www.fiscalia.gov.co\/colombia\/wp-content\/uploads\/Maribel-Del-Carmen-Urueta-Carrillo-a-quien-le-decomisaron-39-botellas-con-whisky-14-de-ron-310-de-licor-de-anis-y-105-de-aguardiente-adulteradas-300x123.jpeg","datePublished":"2023-02-20T20:55:54+00:00","dateModified":"2023-02-27T20:04:17+00:00","description":"P\u00e1gina oficial de la Fiscal\u00eda General de la Naci\u00f3n \u2013 Colombia. Garantizamos el acceso efectivo a la justicia, la verdad y la reparaci\u00f3n de las v\u00edctimas de los delitos.","breadcrumb":{"@id":"https:\/\/www.fiscalia.gov.co\/colombia\/noticias\/mujer-fue-judicializada-por-tener-468-botellas-de-licor-adulterado-que-serian-comercializadas-durante-el-carnaval-de-barranquilla\/#breadcrumb"},"inLanguage":"es-CO","potentialAction":[{"@type":"ReadAction","target":["https:\/\/www.fiscalia.gov.co\/colombia\/noticias\/mujer-fue-judicializada-por-tener-468-botellas-de-licor-adulterado-que-serian-comercializadas-durante-el-carnaval-de-barranquilla\/"]}]},{"@type":"ImageObject","inLanguage":"es-CO","@id":"https:\/\/www.fiscalia.gov.co\/colombia\/noticias\/mujer-fue-judicializada-por-tener-468-botellas-de-licor-adulterado-que-serian-comercializadas-durante-el-carnaval-de-barranquilla\/#primaryimage","url":"https:\/\/www.fiscalia.gov.co\/colombia\/wp-content\/uploads\/Maribel-Del-Carmen-Urueta-Carrillo-a-quien-le-decomisaron-39-botellas-con-whisky-14-de-ron-310-de-licor-de-anis-y-105-de-aguardiente-adulteradas-300x123.jpeg","contentUrl":"https:\/\/www.fiscalia.gov.co\/colombia\/wp-content\/uploads\/Maribel-Del-Carmen-Urueta-Carrillo-a-quien-le-decomisaron-39-botellas-con-whisky-14-de-ron-310-de-licor-de-anis-y-105-de-aguardiente-adulteradas-300x123.jpeg"},{"@type":"BreadcrumbList","@id":"https:\/\/www.fiscalia.gov.co\/colombia\/noticias\/mujer-fue-judicializada-por-tener-468-botellas-de-licor-adulterado-que-serian-comercializadas-durante-el-carnaval-de-barranquilla\/#breadcrumb","itemListElement":[{"@type":"ListItem","position":1,"name":"Home","item":"https:\/\/www.fiscalia.gov.co\/colombia\/"},{"@type":"ListItem","position":2,"name":"Mujer fue judicializada por tener 468 botellas de licor adulterado que ser\u00edan comercializadas durante el carnaval de Barranquilla"}]},{"@type":"WebSite","@id":"https:\/\/www.fiscalia.gov.co\/colombia\/#website","url":"https:\/\/www.fiscalia.gov.co\/colombia\/","name":"Fiscal\u00eda General de la Naci\u00f3n","description":"P\u00e1gina oficial de la Fiscal\u00eda General de la Naci\u00f3n \u2013 Colombia. Garantizamos el acceso efectivo a la justicia, la verdad y la reparaci\u00f3n de las v\u00edctimas de los delitos.","publisher":{"@id":"https:\/\/www.fiscalia.gov.co\/colombia\/#organization"},"potentialAction":[{"@type":"SearchAction","target":{"@type":"EntryPoint","urlTemplate":"https:\/\/www.fiscalia.gov.co\/colombia\/?s={search_term_string}"},"query-input":{"@type":"PropertyValueSpecification","valueRequired":true,"valueName":"search_term_string"}}],"inLanguage":"es-CO"},{"@type":"Organization","@id":"https:\/\/www.fiscalia.gov.co\/colombia\/#organization","name":"Fiscal\u00eda General de la Naci\u00f3n","url":"https:\/\/www.fiscalia.gov.co\/colombia\/","logo":{"@type":"ImageObject","inLanguage":"es-CO","@id":"https:\/\/www.fiscalia.gov.co\/colombia\/#\/schema\/logo\/image\/","url":"https:\/\/www.fiscalia.gov.co\/colombia\/wp-content\/uploads\/LogoHorizontal_1.jpg","contentUrl":"https:\/\/www.fiscalia.gov.co\/colombia\/wp-content\/uploads\/LogoHorizontal_1.jpg","width":300,"height":90,"caption":"Fiscal\u00eda General de la Naci\u00f3n"},"image":{"@id":"https:\/\/www.fiscalia.gov.co\/colombia\/#\/schema\/logo\/image\/"},"sameAs":["https:\/\/www.facebook.com\/FiscaliaCol","https:\/\/x.com\/FiscaliaCol","https:\/\/www.instagram.com\/fiscaliacol","https:\/\/www.linkedin.com\/company\/fiscalia-general-de-la-naci-n\/","https:\/\/youtube.com\/@fiscaliageneraldelanacion-4668?si=6nN79nyQICPU5iTh"]},{"@type":"Person","@id":"https:\/\/www.fiscalia.gov.co\/colombia\/#\/schema\/person\/176195b99ebab0a52aafa15197e1bf80","name":"Winnie Geraldine Rodr\u00edguez Navarrete","image":{"@type":"ImageObject","inLanguage":"es-CO","@id":"https:\/\/www.fiscalia.gov.co\/colombia\/#\/schema\/person\/image\/","url":"https:\/\/secure.gravatar.com\/avatar\/c24cf8481dc84fa5e8c7b20bc95ab0c6?s=96&d=mm&r=g","contentUrl":"https:\/\/secure.gravatar.com\/avatar\/c24cf8481dc84fa5e8c7b20bc95ab0c6?s=96&d=mm&r=g","caption":"Winnie Geraldine Rodr\u00edguez Navarrete"},"url":"https:\/\/www.fiscalia.gov.co\/colombia\/author\/winnierodriguez\/"}]}},"_links":{"self":[{"href":"https:\/\/www.fiscalia.gov.co\/colombia\/wp-json\/wp\/v2\/posts\/266768","targetHints":{"allow":["GET"]}}],"collection":[{"href":"https:\/\/www.fiscalia.gov.co\/colombia\/wp-json\/wp\/v2\/posts"}],"about":[{"href":"https:\/\/www.fiscalia.gov.co\/colombia\/wp-json\/wp\/v2\/types\/post"}],"author":[{"embeddable":true,"href":"https:\/\/www.fiscalia.gov.co\/colombia\/wp-json\/wp\/v2\/users\/178"}],"replies":[{"embeddable":true,"href":"https:\/\/www.fiscalia.gov.co\/colombia\/wp-json\/wp\/v2\/comments?post=266768"}],"version-history":[{"count":3,"href":"https:\/\/www.fiscalia.gov.co\/colombia\/wp-json\/wp\/v2\/posts\/266768\/revisions"}],"predecessor-version":[{"id":267297,"href":"https:\/\/www.fiscalia.gov.co\/colombia\/wp-json\/wp\/v2\/posts\/266768\/revisions\/267297"}],"wp:attachment":[{"href":"https:\/\/www.fiscalia.gov.co\/colombia\/wp-json\/wp\/v2\/media?parent=266768"}],"wp:term":[{"taxonomy":"category","embeddable":true,"href":"https:\/\/www.fiscalia.gov.co\/colombia\/wp-json\/wp\/v2\/categories?post=266768"},{"taxonomy":"post_tag","embeddable":true,"href":"https:\/\/www.fiscalia.gov.co\/colombia\/wp-json\/wp\/v2\/tags?post=266768"}],"curies":[{"name":"wp","href":"https:\/\/api.w.org\/{rel}","templated":true}]}}