{"id":266761,"date":"2023-02-20T15:13:19","date_gmt":"2023-02-20T20:13:19","guid":{"rendered":"https:\/\/www.fiscalia.gov.co\/colombia\/?p=266761"},"modified":"2023-02-20T15:13:19","modified_gmt":"2023-02-20T20:13:19","slug":"tras-ser-sorprendidos-con-una-pistola-dos-personas-fueron-enviadas-a-prision-en-sevilla-valle","status":"publish","type":"post","link":"https:\/\/www.fiscalia.gov.co\/colombia\/noticias\/tras-ser-sorprendidos-con-una-pistola-dos-personas-fueron-enviadas-a-prision-en-sevilla-valle\/","title":{"rendered":"Tras ser sorprendidos con una pistola, dos personas fueron enviadas a prisi\u00f3n en Sevilla, Valle"},"content":{"rendered":"<p>La Fiscal\u00eda General de la Naci\u00f3n logr\u00f3 que un juez de control de garant\u00edas de Sevilla (Valle del Cauca) privara de la libertad en centro carcelario a Mar\u00eda Isabel Henao Betancourth y H\u00e9ctor Fabio Alfaro Navarro, sorprendidos, al parecer, portando una pistola 9 mm, un proveedor y 10 cartuchos para la misma.<u><\/u><u><\/u><\/p>\n<figure id=\"attachment_266762\" aria-describedby=\"caption-attachment-266762\" style=\"width: 300px\" class=\"wp-caption aligncenter\"><img loading=\"lazy\" decoding=\"async\" class=\"size-medium wp-image-266762\" src=\"https:\/\/www.fiscalia.gov.co\/colombia\/wp-content\/uploads\/Maria-Isabel-Henao-Betancourth-y-otro.-Porte-ilegal-de-armas-de-uso-privativo.-Sevilla-Valle.-300x198.jpg\" alt=\"En la foto aparecen, con los brazos atr\u00e1s, Mar\u00eda Isabel Henao Betancourth y H\u00e9ctor Fabio Alfaro Navarro. La mujer tiene la cabeza agachada; viste una blusa rosada, de tiras, con estampado y pantal\u00f3n jean azul claro. El hombre tiene la mirada hacia el piso. Viste camiseta de manga corta negra con estampado de letras blancas; se aprecia pantal\u00f3n rojo. A lado y lado de ellos hay uniformados de la Polic\u00eda Nacional. Frente a ellos hay una mesa y sobre ella hay una pistola y varios cartuchos; as\u00ed como dos letreros que dicen \u2018Munici\u00f3n\u2019 y \u2018arma de fuego incautada\u2019. Detr\u00e1s de ellos hay un pend\u00f3n institucional de la Polic\u00eda Nacional.\" width=\"300\" height=\"198\" srcset=\"https:\/\/www.fiscalia.gov.co\/colombia\/wp-content\/uploads\/Maria-Isabel-Henao-Betancourth-y-otro.-Porte-ilegal-de-armas-de-uso-privativo.-Sevilla-Valle.-300x198.jpg 300w, https:\/\/www.fiscalia.gov.co\/colombia\/wp-content\/uploads\/Maria-Isabel-Henao-Betancourth-y-otro.-Porte-ilegal-de-armas-de-uso-privativo.-Sevilla-Valle.-1024x677.jpg 1024w, https:\/\/www.fiscalia.gov.co\/colombia\/wp-content\/uploads\/Maria-Isabel-Henao-Betancourth-y-otro.-Porte-ilegal-de-armas-de-uso-privativo.-Sevilla-Valle.-768x508.jpg 768w, https:\/\/www.fiscalia.gov.co\/colombia\/wp-content\/uploads\/Maria-Isabel-Henao-Betancourth-y-otro.-Porte-ilegal-de-armas-de-uso-privativo.-Sevilla-Valle.-696x460.jpg 696w, https:\/\/www.fiscalia.gov.co\/colombia\/wp-content\/uploads\/Maria-Isabel-Henao-Betancourth-y-otro.-Porte-ilegal-de-armas-de-uso-privativo.-Sevilla-Valle.-1068x706.jpg 1068w, https:\/\/www.fiscalia.gov.co\/colombia\/wp-content\/uploads\/Maria-Isabel-Henao-Betancourth-y-otro.-Porte-ilegal-de-armas-de-uso-privativo.-Sevilla-Valle.-635x420.jpg 635w, https:\/\/www.fiscalia.gov.co\/colombia\/wp-content\/uploads\/Maria-Isabel-Henao-Betancourth-y-otro.-Porte-ilegal-de-armas-de-uso-privativo.-Sevilla-Valle.-741x486.jpg 741w, https:\/\/www.fiscalia.gov.co\/colombia\/wp-content\/uploads\/Maria-Isabel-Henao-Betancourth-y-otro.-Porte-ilegal-de-armas-de-uso-privativo.-Sevilla-Valle..jpg 1152w\" sizes=\"auto, (max-width: 300px) 100vw, 300px\" \/><figcaption id=\"caption-attachment-266762\" class=\"wp-caption-text\">En la foto aparecen, con los brazos atr\u00e1s, Mar\u00eda Isabel Henao Betancourth y H\u00e9ctor Fabio Alfaro Navarro. La mujer tiene la cabeza agachada; viste una blusa rosada, de tiras, con estampado y pantal\u00f3n jean azul claro. El hombre tiene la mirada hacia el piso. Viste camiseta de manga corta negra con estampado de letras blancas; se aprecia pantal\u00f3n rojo. A lado y lado de ellos hay uniformados de la Polic\u00eda Nacional. Frente a ellos hay una mesa y sobre ella hay una pistola y varios cartuchos; as\u00ed como dos letreros que dicen \u2018Munici\u00f3n\u2019 y \u2018arma de fuego incautada\u2019. Detr\u00e1s de ellos hay un pend\u00f3n institucional de la Polic\u00eda Nacional.<\/figcaption><\/figure>\n<p>Estas acciones fueron posibles durante diligencias de registro y allanamiento cumplidas en un inmueble del barrio Brasil en Sevilla. Ninguno de los procesados aport\u00f3 los documentos que acreditaran el permiso para el porte del arma.<u><\/u><u><\/u><\/p>\n<p>La Fiscal\u00eda imput\u00f3 a las dos personas cargos por el delito de\u00a0fabricaci\u00f3n, tr\u00e1fico, porte o tenencia de armas de fuego, accesorios, partes o municiones\u00a0o explosivos, agravada.<u><\/u><u><\/u><\/p>\n<p>Esta informaci\u00f3n se publica por razones de inter\u00e9s general.\u00a0<u><\/u><u><\/u><\/p>\n<p><b>La Fiscal\u00eda habla con resultados.<\/b><\/p>\n<p><u><\/u><u><\/u><\/p>\n<p>&nbsp;<\/p>\n<p>&nbsp;<\/p>\n<p>&nbsp;<\/p>\n<p>MAP\/MAGA\/SMLR\/DHS\/DSVC\/<u><\/u><u><\/u><\/p>\n<p>&nbsp;<\/p>\n<p>&nbsp;<\/p>\n<p>&nbsp;<\/p>\n<p>&nbsp;<\/p>\n<p><u><\/u>\u00a0<u><\/u><\/p>\n<p><em><span lang=\"ES\">La informaci\u00f3n contenida en este bolet\u00edn de prensa corresponde a la narraci\u00f3n de los hechos noticiosos objetivos, suministrados por los funcionarios encargados de adelantar las investigaciones penales al interior de la Fiscal\u00eda General de la Naci\u00f3n. Para el momento de la divulgaci\u00f3n de este comunicado, la situaci\u00f3n jur\u00eddica de la(s) persona(s) relacionada(s) se encuentra pendiente de resolver por la autoridad judicial competente, siempre bajo los preceptos de la presunci\u00f3n de inocencia, consagrados en el art\u00edculo 29 de la Constituci\u00f3n Pol\u00edtica y el art\u00edculo 7\u00ba de la Ley 906 de 2004.<\/span><\/em><\/p>\n\n<div class=\"twitter-share\"><a href=\"https:\/\/twitter.com\/intent\/tweet?via=fiscaliacol\" class=\"twitter-share-button\">Tweet<\/a><\/div>\n","protected":false},"excerpt":{"rendered":"<p>La Fiscal\u00eda General de la Naci\u00f3n logr\u00f3 que un juez de control de garant\u00edas de Sevilla (Valle del Cauca) privara de la libertad en centro carcelario a Mar\u00eda Isabel Henao Betancourth y H\u00e9ctor Fabio Alfaro Navarro, sorprendidos, al parecer, portando una pistola 9 mm, un proveedor y 10 cartuchos para la misma. Estas acciones fueron [&hellip;]<\/p>\n","protected":false},"author":178,"featured_media":0,"comment_status":"closed","ping_status":"open","sticky":false,"template":"","format":"standard","meta":{"_price":"","_stock":"","_tribe_ticket_header":"","_tribe_default_ticket_provider":"","_tribe_ticket_capacity":"0","_ticket_start_date":"","_ticket_end_date":"","_tribe_ticket_show_description":"","_tribe_ticket_show_not_going":false,"_tribe_ticket_use_global_stock":"","_tribe_ticket_global_stock_level":"","_global_stock_mode":"","_global_stock_cap":"","_tribe_rsvp_for_event":"","_tribe_ticket_going_count":"","_tribe_ticket_not_going_count":"","_tribe_tickets_list":"[]","_tribe_ticket_has_attendee_info_fields":false,"tdm_status":"","tdm_grid_status":"","footnotes":""},"categories":[1,324,303,24099],"tags":[24551,34013,4140,78,24187,7169,34015,1185,6194,25069,34014,25943,25520,29437,31826,4141],"class_list":{"0":"post-266761","1":"post","2":"type-post","3":"status-publish","4":"format-standard","6":"category-noticias","7":"category-seccional-cali","8":"category-seccionales","9":"category-seguridad-territorial","10":"tag-centro-carcelario","11":"tag-de-uso-privativo-de-las-fuerzas-armadas","12":"tag-fabricacion","13":"tag-fiscal-general-de-la-nacion","14":"tag-fiscalia-colombia","15":"tag-flagrancia","16":"tag-marca-rugger","17":"tag-medida-de-aseguramiento","18":"tag-municion","19":"tag-municiones-de-uso-restringido","20":"tag-o-explosivos-agravada-capturados","21":"tag-pistola","22":"tag-proveedor","23":"tag-seccional-valle-del-cauca","24":"tag-sevilla-valle-del-cauca","25":"tag-trafico-y-porte-de-armas-de-fuego"},"yoast_head":"<!-- This site is optimized with the Yoast SEO plugin v24.3 - https:\/\/yoast.com\/wordpress\/plugins\/seo\/ -->\n<title>Fiscal\u00eda General de la Naci\u00f3n<\/title>\n<meta name=\"description\" content=\"P\u00e1gina oficial de la Fiscal\u00eda General de la Naci\u00f3n \u2013 Colombia. Garantizamos el acceso efectivo a la justicia, la verdad y la reparaci\u00f3n de las v\u00edctimas de los delitos.\" \/>\n<meta name=\"robots\" content=\"noindex, follow\" \/>\n<meta property=\"og:locale\" content=\"es_ES\" \/>\n<meta property=\"og:type\" content=\"article\" \/>\n<meta property=\"og:title\" content=\"Fiscal\u00eda General de la Naci\u00f3n\" \/>\n<meta property=\"og:description\" content=\"P\u00e1gina oficial de la Fiscal\u00eda General de la Naci\u00f3n \u2013 Colombia. Garantizamos el acceso efectivo a la justicia, la verdad y la reparaci\u00f3n de las v\u00edctimas de los delitos.\" \/>\n<meta property=\"og:url\" content=\"https:\/\/www.fiscalia.gov.co\/colombia\/noticias\/tras-ser-sorprendidos-con-una-pistola-dos-personas-fueron-enviadas-a-prision-en-sevilla-valle\/\" \/>\n<meta property=\"og:site_name\" content=\"Fiscal\u00eda General de la Naci\u00f3n\" \/>\n<meta property=\"article:publisher\" content=\"https:\/\/www.facebook.com\/FiscaliaCol\" \/>\n<meta property=\"article:published_time\" content=\"2023-02-20T20:13:19+00:00\" \/>\n<meta property=\"og:image\" content=\"https:\/\/www.fiscalia.gov.co\/colombia\/wp-content\/uploads\/Maria-Isabel-Henao-Betancourth-y-otro.-Porte-ilegal-de-armas-de-uso-privativo.-Sevilla-Valle.-300x198.jpg\" \/>\n<meta name=\"author\" content=\"Winnie Geraldine Rodr\u00edguez Navarrete\" \/>\n<meta name=\"twitter:card\" content=\"summary_large_image\" \/>\n<meta name=\"twitter:creator\" content=\"@FiscaliaCol\" \/>\n<meta name=\"twitter:site\" content=\"@FiscaliaCol\" \/>\n<meta name=\"twitter:label1\" content=\"Escrito por\" \/>\n\t<meta name=\"twitter:data1\" content=\"Winnie Geraldine Rodr\u00edguez Navarrete\" \/>\n\t<meta name=\"twitter:label2\" content=\"Tiempo de lectura\" \/>\n\t<meta name=\"twitter:data2\" content=\"2 minutos\" \/>\n<script type=\"application\/ld+json\" class=\"yoast-schema-graph\">{\"@context\":\"https:\/\/schema.org\",\"@graph\":[{\"@type\":\"Article\",\"@id\":\"https:\/\/www.fiscalia.gov.co\/colombia\/noticias\/tras-ser-sorprendidos-con-una-pistola-dos-personas-fueron-enviadas-a-prision-en-sevilla-valle\/#article\",\"isPartOf\":{\"@id\":\"https:\/\/www.fiscalia.gov.co\/colombia\/noticias\/tras-ser-sorprendidos-con-una-pistola-dos-personas-fueron-enviadas-a-prision-en-sevilla-valle\/\"},\"author\":{\"name\":\"Winnie Geraldine Rodr\u00edguez Navarrete\",\"@id\":\"https:\/\/www.fiscalia.gov.co\/colombia\/#\/schema\/person\/176195b99ebab0a52aafa15197e1bf80\"},\"headline\":\"Tras ser sorprendidos con una pistola, dos personas fueron enviadas a prisi\u00f3n en Sevilla, Valle\",\"datePublished\":\"2023-02-20T20:13:19+00:00\",\"dateModified\":\"2023-02-20T20:13:19+00:00\",\"mainEntityOfPage\":{\"@id\":\"https:\/\/www.fiscalia.gov.co\/colombia\/noticias\/tras-ser-sorprendidos-con-una-pistola-dos-personas-fueron-enviadas-a-prision-en-sevilla-valle\/\"},\"wordCount\":394,\"publisher\":{\"@id\":\"https:\/\/www.fiscalia.gov.co\/colombia\/#organization\"},\"image\":{\"@id\":\"https:\/\/www.fiscalia.gov.co\/colombia\/noticias\/tras-ser-sorprendidos-con-una-pistola-dos-personas-fueron-enviadas-a-prision-en-sevilla-valle\/#primaryimage\"},\"thumbnailUrl\":\"https:\/\/www.fiscalia.gov.co\/colombia\/wp-content\/uploads\/Maria-Isabel-Henao-Betancourth-y-otro.-Porte-ilegal-de-armas-de-uso-privativo.-Sevilla-Valle.-300x198.jpg\",\"keywords\":[\"centro carcelario\",\"de uso privativo de las Fuerzas Armadas\",\"Fabricaci\u00f3n\",\"Fiscal General de la Naci\u00f3n\",\"Fiscal\u00eda Colombia\",\"Flagrancia\",\"marca Rugger\",\"Medida de aseguramiento\",\"Munici\u00f3n\",\"municiones de uso restringido\",\"o explosivos agravada; capturados\",\"pistola\",\"proveedor\",\"Seccional Valle del Cauca\",\"Sevilla (Valle del Cauca)\",\"tr\u00e1fico y porte de armas de fuego\"],\"articleSection\":[\"Noticias\",\"Seccional Cali\",\"Seccionales\",\"Seguridad territorial\"],\"inLanguage\":\"es-CO\"},{\"@type\":\"WebPage\",\"@id\":\"https:\/\/www.fiscalia.gov.co\/colombia\/noticias\/tras-ser-sorprendidos-con-una-pistola-dos-personas-fueron-enviadas-a-prision-en-sevilla-valle\/\",\"url\":\"https:\/\/www.fiscalia.gov.co\/colombia\/noticias\/tras-ser-sorprendidos-con-una-pistola-dos-personas-fueron-enviadas-a-prision-en-sevilla-valle\/\",\"name\":\"Fiscal\u00eda General de la Naci\u00f3n\",\"isPartOf\":{\"@id\":\"https:\/\/www.fiscalia.gov.co\/colombia\/#website\"},\"primaryImageOfPage\":{\"@id\":\"https:\/\/www.fiscalia.gov.co\/colombia\/noticias\/tras-ser-sorprendidos-con-una-pistola-dos-personas-fueron-enviadas-a-prision-en-sevilla-valle\/#primaryimage\"},\"image\":{\"@id\":\"https:\/\/www.fiscalia.gov.co\/colombia\/noticias\/tras-ser-sorprendidos-con-una-pistola-dos-personas-fueron-enviadas-a-prision-en-sevilla-valle\/#primaryimage\"},\"thumbnailUrl\":\"https:\/\/www.fiscalia.gov.co\/colombia\/wp-content\/uploads\/Maria-Isabel-Henao-Betancourth-y-otro.-Porte-ilegal-de-armas-de-uso-privativo.-Sevilla-Valle.-300x198.jpg\",\"datePublished\":\"2023-02-20T20:13:19+00:00\",\"dateModified\":\"2023-02-20T20:13:19+00:00\",\"description\":\"P\u00e1gina oficial de la Fiscal\u00eda General de la Naci\u00f3n \u2013 Colombia. Garantizamos el acceso efectivo a la justicia, la verdad y la reparaci\u00f3n de las v\u00edctimas de los delitos.\",\"breadcrumb\":{\"@id\":\"https:\/\/www.fiscalia.gov.co\/colombia\/noticias\/tras-ser-sorprendidos-con-una-pistola-dos-personas-fueron-enviadas-a-prision-en-sevilla-valle\/#breadcrumb\"},\"inLanguage\":\"es-CO\",\"potentialAction\":[{\"@type\":\"ReadAction\",\"target\":[\"https:\/\/www.fiscalia.gov.co\/colombia\/noticias\/tras-ser-sorprendidos-con-una-pistola-dos-personas-fueron-enviadas-a-prision-en-sevilla-valle\/\"]}]},{\"@type\":\"ImageObject\",\"inLanguage\":\"es-CO\",\"@id\":\"https:\/\/www.fiscalia.gov.co\/colombia\/noticias\/tras-ser-sorprendidos-con-una-pistola-dos-personas-fueron-enviadas-a-prision-en-sevilla-valle\/#primaryimage\",\"url\":\"https:\/\/www.fiscalia.gov.co\/colombia\/wp-content\/uploads\/Maria-Isabel-Henao-Betancourth-y-otro.-Porte-ilegal-de-armas-de-uso-privativo.-Sevilla-Valle..jpg\",\"contentUrl\":\"https:\/\/www.fiscalia.gov.co\/colombia\/wp-content\/uploads\/Maria-Isabel-Henao-Betancourth-y-otro.-Porte-ilegal-de-armas-de-uso-privativo.-Sevilla-Valle..jpg\",\"width\":1152,\"height\":762,\"caption\":\"En la foto aparecen, con los brazos atr\u00e1s, Mar\u00eda Isabel Henao Betancourth y H\u00e9ctor Fabio Alfaro Navarro. La mujer tiene la cabeza agachada; viste una blusa rosada, de tiras, con estampado y pantal\u00f3n jean azul claro. El hombre tiene la mirada hacia el piso. Viste camiseta de manga corta negra con estampado de letras blancas; se aprecia pantal\u00f3n rojo. A lado y lado de ellos hay uniformados de la Polic\u00eda Nacional. Frente a ellos hay una mesa y sobre ella hay una pistola y varios cartuchos; as\u00ed como dos letreros que dicen \u2018Munici\u00f3n\u2019 y \u2018arma de fuego incautada\u2019. Detr\u00e1s de ellos hay un pend\u00f3n institucional de la Polic\u00eda Nacional.\"},{\"@type\":\"BreadcrumbList\",\"@id\":\"https:\/\/www.fiscalia.gov.co\/colombia\/noticias\/tras-ser-sorprendidos-con-una-pistola-dos-personas-fueron-enviadas-a-prision-en-sevilla-valle\/#breadcrumb\",\"itemListElement\":[{\"@type\":\"ListItem\",\"position\":1,\"name\":\"Home\",\"item\":\"https:\/\/www.fiscalia.gov.co\/colombia\/\"},{\"@type\":\"ListItem\",\"position\":2,\"name\":\"Tras ser sorprendidos con una pistola, dos personas fueron enviadas a prisi\u00f3n en Sevilla, Valle\"}]},{\"@type\":\"WebSite\",\"@id\":\"https:\/\/www.fiscalia.gov.co\/colombia\/#website\",\"url\":\"https:\/\/www.fiscalia.gov.co\/colombia\/\",\"name\":\"Fiscal\u00eda General de la Naci\u00f3n\",\"description\":\"P\u00e1gina oficial de la Fiscal\u00eda General de la Naci\u00f3n \u2013 Colombia. Garantizamos el acceso efectivo a la justicia, la verdad y la reparaci\u00f3n de las v\u00edctimas de los delitos.\",\"publisher\":{\"@id\":\"https:\/\/www.fiscalia.gov.co\/colombia\/#organization\"},\"potentialAction\":[{\"@type\":\"SearchAction\",\"target\":{\"@type\":\"EntryPoint\",\"urlTemplate\":\"https:\/\/www.fiscalia.gov.co\/colombia\/?s={search_term_string}\"},\"query-input\":{\"@type\":\"PropertyValueSpecification\",\"valueRequired\":true,\"valueName\":\"search_term_string\"}}],\"inLanguage\":\"es-CO\"},{\"@type\":\"Organization\",\"@id\":\"https:\/\/www.fiscalia.gov.co\/colombia\/#organization\",\"name\":\"Fiscal\u00eda General de la Naci\u00f3n\",\"url\":\"https:\/\/www.fiscalia.gov.co\/colombia\/\",\"logo\":{\"@type\":\"ImageObject\",\"inLanguage\":\"es-CO\",\"@id\":\"https:\/\/www.fiscalia.gov.co\/colombia\/#\/schema\/logo\/image\/\",\"url\":\"https:\/\/www.fiscalia.gov.co\/colombia\/wp-content\/uploads\/LogoHorizontal_1.jpg\",\"contentUrl\":\"https:\/\/www.fiscalia.gov.co\/colombia\/wp-content\/uploads\/LogoHorizontal_1.jpg\",\"width\":300,\"height\":90,\"caption\":\"Fiscal\u00eda General de la Naci\u00f3n\"},\"image\":{\"@id\":\"https:\/\/www.fiscalia.gov.co\/colombia\/#\/schema\/logo\/image\/\"},\"sameAs\":[\"https:\/\/www.facebook.com\/FiscaliaCol\",\"https:\/\/x.com\/FiscaliaCol\",\"https:\/\/www.instagram.com\/fiscaliacol\",\"https:\/\/www.linkedin.com\/company\/fiscalia-general-de-la-naci-n\/\",\"https:\/\/youtube.com\/@fiscaliageneraldelanacion-4668?si=6nN79nyQICPU5iTh\"]},{\"@type\":\"Person\",\"@id\":\"https:\/\/www.fiscalia.gov.co\/colombia\/#\/schema\/person\/176195b99ebab0a52aafa15197e1bf80\",\"name\":\"Winnie Geraldine Rodr\u00edguez Navarrete\",\"image\":{\"@type\":\"ImageObject\",\"inLanguage\":\"es-CO\",\"@id\":\"https:\/\/www.fiscalia.gov.co\/colombia\/#\/schema\/person\/image\/\",\"url\":\"https:\/\/secure.gravatar.com\/avatar\/c24cf8481dc84fa5e8c7b20bc95ab0c6?s=96&d=mm&r=g\",\"contentUrl\":\"https:\/\/secure.gravatar.com\/avatar\/c24cf8481dc84fa5e8c7b20bc95ab0c6?s=96&d=mm&r=g\",\"caption\":\"Winnie Geraldine Rodr\u00edguez Navarrete\"},\"url\":\"https:\/\/www.fiscalia.gov.co\/colombia\/author\/winnierodriguez\/\"}]}<\/script>\n<!-- \/ Yoast SEO plugin. -->","yoast_head_json":{"title":"Fiscal\u00eda General de la Naci\u00f3n","description":"P\u00e1gina oficial de la Fiscal\u00eda General de la Naci\u00f3n \u2013 Colombia. Garantizamos el acceso efectivo a la justicia, la verdad y la reparaci\u00f3n de las v\u00edctimas de los delitos.","robots":{"index":"noindex","follow":"follow"},"og_locale":"es_ES","og_type":"article","og_title":"Fiscal\u00eda General de la Naci\u00f3n","og_description":"P\u00e1gina oficial de la Fiscal\u00eda General de la Naci\u00f3n \u2013 Colombia. Garantizamos el acceso efectivo a la justicia, la verdad y la reparaci\u00f3n de las v\u00edctimas de los delitos.","og_url":"https:\/\/www.fiscalia.gov.co\/colombia\/noticias\/tras-ser-sorprendidos-con-una-pistola-dos-personas-fueron-enviadas-a-prision-en-sevilla-valle\/","og_site_name":"Fiscal\u00eda General de la Naci\u00f3n","article_publisher":"https:\/\/www.facebook.com\/FiscaliaCol","article_published_time":"2023-02-20T20:13:19+00:00","og_image":[{"url":"https:\/\/www.fiscalia.gov.co\/colombia\/wp-content\/uploads\/Maria-Isabel-Henao-Betancourth-y-otro.-Porte-ilegal-de-armas-de-uso-privativo.-Sevilla-Valle.-300x198.jpg","type":"","width":"","height":""}],"author":"Winnie Geraldine Rodr\u00edguez Navarrete","twitter_card":"summary_large_image","twitter_creator":"@FiscaliaCol","twitter_site":"@FiscaliaCol","twitter_misc":{"Escrito por":"Winnie Geraldine Rodr\u00edguez Navarrete","Tiempo de lectura":"2 minutos"},"schema":{"@context":"https:\/\/schema.org","@graph":[{"@type":"Article","@id":"https:\/\/www.fiscalia.gov.co\/colombia\/noticias\/tras-ser-sorprendidos-con-una-pistola-dos-personas-fueron-enviadas-a-prision-en-sevilla-valle\/#article","isPartOf":{"@id":"https:\/\/www.fiscalia.gov.co\/colombia\/noticias\/tras-ser-sorprendidos-con-una-pistola-dos-personas-fueron-enviadas-a-prision-en-sevilla-valle\/"},"author":{"name":"Winnie Geraldine Rodr\u00edguez Navarrete","@id":"https:\/\/www.fiscalia.gov.co\/colombia\/#\/schema\/person\/176195b99ebab0a52aafa15197e1bf80"},"headline":"Tras ser sorprendidos con una pistola, dos personas fueron enviadas a prisi\u00f3n en Sevilla, Valle","datePublished":"2023-02-20T20:13:19+00:00","dateModified":"2023-02-20T20:13:19+00:00","mainEntityOfPage":{"@id":"https:\/\/www.fiscalia.gov.co\/colombia\/noticias\/tras-ser-sorprendidos-con-una-pistola-dos-personas-fueron-enviadas-a-prision-en-sevilla-valle\/"},"wordCount":394,"publisher":{"@id":"https:\/\/www.fiscalia.gov.co\/colombia\/#organization"},"image":{"@id":"https:\/\/www.fiscalia.gov.co\/colombia\/noticias\/tras-ser-sorprendidos-con-una-pistola-dos-personas-fueron-enviadas-a-prision-en-sevilla-valle\/#primaryimage"},"thumbnailUrl":"https:\/\/www.fiscalia.gov.co\/colombia\/wp-content\/uploads\/Maria-Isabel-Henao-Betancourth-y-otro.-Porte-ilegal-de-armas-de-uso-privativo.-Sevilla-Valle.-300x198.jpg","keywords":["centro carcelario","de uso privativo de las Fuerzas Armadas","Fabricaci\u00f3n","Fiscal General de la Naci\u00f3n","Fiscal\u00eda Colombia","Flagrancia","marca Rugger","Medida de aseguramiento","Munici\u00f3n","municiones de uso restringido","o explosivos agravada; capturados","pistola","proveedor","Seccional Valle del Cauca","Sevilla (Valle del Cauca)","tr\u00e1fico y porte de armas de fuego"],"articleSection":["Noticias","Seccional Cali","Seccionales","Seguridad territorial"],"inLanguage":"es-CO"},{"@type":"WebPage","@id":"https:\/\/www.fiscalia.gov.co\/colombia\/noticias\/tras-ser-sorprendidos-con-una-pistola-dos-personas-fueron-enviadas-a-prision-en-sevilla-valle\/","url":"https:\/\/www.fiscalia.gov.co\/colombia\/noticias\/tras-ser-sorprendidos-con-una-pistola-dos-personas-fueron-enviadas-a-prision-en-sevilla-valle\/","name":"Fiscal\u00eda General de la Naci\u00f3n","isPartOf":{"@id":"https:\/\/www.fiscalia.gov.co\/colombia\/#website"},"primaryImageOfPage":{"@id":"https:\/\/www.fiscalia.gov.co\/colombia\/noticias\/tras-ser-sorprendidos-con-una-pistola-dos-personas-fueron-enviadas-a-prision-en-sevilla-valle\/#primaryimage"},"image":{"@id":"https:\/\/www.fiscalia.gov.co\/colombia\/noticias\/tras-ser-sorprendidos-con-una-pistola-dos-personas-fueron-enviadas-a-prision-en-sevilla-valle\/#primaryimage"},"thumbnailUrl":"https:\/\/www.fiscalia.gov.co\/colombia\/wp-content\/uploads\/Maria-Isabel-Henao-Betancourth-y-otro.-Porte-ilegal-de-armas-de-uso-privativo.-Sevilla-Valle.-300x198.jpg","datePublished":"2023-02-20T20:13:19+00:00","dateModified":"2023-02-20T20:13:19+00:00","description":"P\u00e1gina oficial de la Fiscal\u00eda General de la Naci\u00f3n \u2013 Colombia. Garantizamos el acceso efectivo a la justicia, la verdad y la reparaci\u00f3n de las v\u00edctimas de los delitos.","breadcrumb":{"@id":"https:\/\/www.fiscalia.gov.co\/colombia\/noticias\/tras-ser-sorprendidos-con-una-pistola-dos-personas-fueron-enviadas-a-prision-en-sevilla-valle\/#breadcrumb"},"inLanguage":"es-CO","potentialAction":[{"@type":"ReadAction","target":["https:\/\/www.fiscalia.gov.co\/colombia\/noticias\/tras-ser-sorprendidos-con-una-pistola-dos-personas-fueron-enviadas-a-prision-en-sevilla-valle\/"]}]},{"@type":"ImageObject","inLanguage":"es-CO","@id":"https:\/\/www.fiscalia.gov.co\/colombia\/noticias\/tras-ser-sorprendidos-con-una-pistola-dos-personas-fueron-enviadas-a-prision-en-sevilla-valle\/#primaryimage","url":"https:\/\/www.fiscalia.gov.co\/colombia\/wp-content\/uploads\/Maria-Isabel-Henao-Betancourth-y-otro.-Porte-ilegal-de-armas-de-uso-privativo.-Sevilla-Valle..jpg","contentUrl":"https:\/\/www.fiscalia.gov.co\/colombia\/wp-content\/uploads\/Maria-Isabel-Henao-Betancourth-y-otro.-Porte-ilegal-de-armas-de-uso-privativo.-Sevilla-Valle..jpg","width":1152,"height":762,"caption":"En la foto aparecen, con los brazos atr\u00e1s, Mar\u00eda Isabel Henao Betancourth y H\u00e9ctor Fabio Alfaro Navarro. La mujer tiene la cabeza agachada; viste una blusa rosada, de tiras, con estampado y pantal\u00f3n jean azul claro. El hombre tiene la mirada hacia el piso. Viste camiseta de manga corta negra con estampado de letras blancas; se aprecia pantal\u00f3n rojo. A lado y lado de ellos hay uniformados de la Polic\u00eda Nacional. Frente a ellos hay una mesa y sobre ella hay una pistola y varios cartuchos; as\u00ed como dos letreros que dicen \u2018Munici\u00f3n\u2019 y \u2018arma de fuego incautada\u2019. Detr\u00e1s de ellos hay un pend\u00f3n institucional de la Polic\u00eda Nacional."},{"@type":"BreadcrumbList","@id":"https:\/\/www.fiscalia.gov.co\/colombia\/noticias\/tras-ser-sorprendidos-con-una-pistola-dos-personas-fueron-enviadas-a-prision-en-sevilla-valle\/#breadcrumb","itemListElement":[{"@type":"ListItem","position":1,"name":"Home","item":"https:\/\/www.fiscalia.gov.co\/colombia\/"},{"@type":"ListItem","position":2,"name":"Tras ser sorprendidos con una pistola, dos personas fueron enviadas a prisi\u00f3n en Sevilla, Valle"}]},{"@type":"WebSite","@id":"https:\/\/www.fiscalia.gov.co\/colombia\/#website","url":"https:\/\/www.fiscalia.gov.co\/colombia\/","name":"Fiscal\u00eda General de la Naci\u00f3n","description":"P\u00e1gina oficial de la Fiscal\u00eda General de la Naci\u00f3n \u2013 Colombia. Garantizamos el acceso efectivo a la justicia, la verdad y la reparaci\u00f3n de las v\u00edctimas de los delitos.","publisher":{"@id":"https:\/\/www.fiscalia.gov.co\/colombia\/#organization"},"potentialAction":[{"@type":"SearchAction","target":{"@type":"EntryPoint","urlTemplate":"https:\/\/www.fiscalia.gov.co\/colombia\/?s={search_term_string}"},"query-input":{"@type":"PropertyValueSpecification","valueRequired":true,"valueName":"search_term_string"}}],"inLanguage":"es-CO"},{"@type":"Organization","@id":"https:\/\/www.fiscalia.gov.co\/colombia\/#organization","name":"Fiscal\u00eda General de la Naci\u00f3n","url":"https:\/\/www.fiscalia.gov.co\/colombia\/","logo":{"@type":"ImageObject","inLanguage":"es-CO","@id":"https:\/\/www.fiscalia.gov.co\/colombia\/#\/schema\/logo\/image\/","url":"https:\/\/www.fiscalia.gov.co\/colombia\/wp-content\/uploads\/LogoHorizontal_1.jpg","contentUrl":"https:\/\/www.fiscalia.gov.co\/colombia\/wp-content\/uploads\/LogoHorizontal_1.jpg","width":300,"height":90,"caption":"Fiscal\u00eda General de la Naci\u00f3n"},"image":{"@id":"https:\/\/www.fiscalia.gov.co\/colombia\/#\/schema\/logo\/image\/"},"sameAs":["https:\/\/www.facebook.com\/FiscaliaCol","https:\/\/x.com\/FiscaliaCol","https:\/\/www.instagram.com\/fiscaliacol","https:\/\/www.linkedin.com\/company\/fiscalia-general-de-la-naci-n\/","https:\/\/youtube.com\/@fiscaliageneraldelanacion-4668?si=6nN79nyQICPU5iTh"]},{"@type":"Person","@id":"https:\/\/www.fiscalia.gov.co\/colombia\/#\/schema\/person\/176195b99ebab0a52aafa15197e1bf80","name":"Winnie Geraldine Rodr\u00edguez Navarrete","image":{"@type":"ImageObject","inLanguage":"es-CO","@id":"https:\/\/www.fiscalia.gov.co\/colombia\/#\/schema\/person\/image\/","url":"https:\/\/secure.gravatar.com\/avatar\/c24cf8481dc84fa5e8c7b20bc95ab0c6?s=96&d=mm&r=g","contentUrl":"https:\/\/secure.gravatar.com\/avatar\/c24cf8481dc84fa5e8c7b20bc95ab0c6?s=96&d=mm&r=g","caption":"Winnie Geraldine Rodr\u00edguez Navarrete"},"url":"https:\/\/www.fiscalia.gov.co\/colombia\/author\/winnierodriguez\/"}]}},"_links":{"self":[{"href":"https:\/\/www.fiscalia.gov.co\/colombia\/wp-json\/wp\/v2\/posts\/266761","targetHints":{"allow":["GET"]}}],"collection":[{"href":"https:\/\/www.fiscalia.gov.co\/colombia\/wp-json\/wp\/v2\/posts"}],"about":[{"href":"https:\/\/www.fiscalia.gov.co\/colombia\/wp-json\/wp\/v2\/types\/post"}],"author":[{"embeddable":true,"href":"https:\/\/www.fiscalia.gov.co\/colombia\/wp-json\/wp\/v2\/users\/178"}],"replies":[{"embeddable":true,"href":"https:\/\/www.fiscalia.gov.co\/colombia\/wp-json\/wp\/v2\/comments?post=266761"}],"version-history":[{"count":1,"href":"https:\/\/www.fiscalia.gov.co\/colombia\/wp-json\/wp\/v2\/posts\/266761\/revisions"}],"predecessor-version":[{"id":266763,"href":"https:\/\/www.fiscalia.gov.co\/colombia\/wp-json\/wp\/v2\/posts\/266761\/revisions\/266763"}],"wp:attachment":[{"href":"https:\/\/www.fiscalia.gov.co\/colombia\/wp-json\/wp\/v2\/media?parent=266761"}],"wp:term":[{"taxonomy":"category","embeddable":true,"href":"https:\/\/www.fiscalia.gov.co\/colombia\/wp-json\/wp\/v2\/categories?post=266761"},{"taxonomy":"post_tag","embeddable":true,"href":"https:\/\/www.fiscalia.gov.co\/colombia\/wp-json\/wp\/v2\/tags?post=266761"}],"curies":[{"name":"wp","href":"https:\/\/api.w.org\/{rel}","templated":true}]}}