{"id":266727,"date":"2023-02-19T14:22:55","date_gmt":"2023-02-19T19:22:55","guid":{"rendered":"https:\/\/www.fiscalia.gov.co\/colombia\/?p=266727"},"modified":"2023-02-19T14:22:55","modified_gmt":"2023-02-19T19:22:55","slug":"a-disposicion-de-la-fiscalia-tres-hombres-requeridos-por-estados-unidos-y-republica-dominicana-por-trafico-de-estupefacientes-delitos-sexuales-y-homicidio","status":"publish","type":"post","link":"https:\/\/www.fiscalia.gov.co\/colombia\/noticias\/a-disposicion-de-la-fiscalia-tres-hombres-requeridos-por-estados-unidos-y-republica-dominicana-por-trafico-de-estupefacientes-delitos-sexuales-y-homicidio\/","title":{"rendered":"A disposici\u00f3n de la Fiscal\u00eda tres hombres requeridos por Estados Unidos y Rep\u00fablica Dominicana por tr\u00e1fico de estupefacientes, delitos sexuales y homicidio"},"content":{"rendered":"<h4><strong><i>Estas personas fueron ubicadas en procedimientos realizados en Bogot\u00e1 y Popay\u00e1n (Cauca).\u00a0<\/i>\u00a0<\/strong><\/h4>\n<p><span data-contrast=\"none\">En atenci\u00f3n a requerimientos elevados por Estados Unidos y de Rep\u00fablica Dominicana, la Fiscal\u00eda General de la Naci\u00f3n, en coordinaci\u00f3n con el CTI y la Direcci\u00f3n de Investigaci\u00f3n Criminal e INTERPOL de la Polic\u00eda Nacional, logr\u00f3 la ubicaci\u00f3n de tres ciudadanos.<\/span><span data-ccp-props=\"{&quot;201341983&quot;:0,&quot;335551550&quot;:6,&quot;335551620&quot;:6,&quot;335559737&quot;:-3,&quot;335559739&quot;:240,&quot;335559740&quot;:240,&quot;469777462&quot;:[5173,7154],&quot;469777927&quot;:[0,0],&quot;469777928&quot;:[3,1]}\">\u00a0<\/span><\/p>\n<p><b><span data-contrast=\"none\">Cae se\u00f1alado cabecilla de red trasnacional\u202f<\/span><\/b><span data-ccp-props=\"{&quot;201341983&quot;:0,&quot;335551550&quot;:6,&quot;335551620&quot;:6,&quot;335559737&quot;:-3,&quot;335559739&quot;:240,&quot;335559740&quot;:240,&quot;469777462&quot;:[5173,7154],&quot;469777927&quot;:[0,0],&quot;469777928&quot;:[3,1]}\">\u00a0<\/span><\/p>\n<p><span data-contrast=\"none\">\u00d3scar Jes\u00fas Paz Meneses fue notificado de una orden de captura con fines de extradici\u00f3n en la c\u00e1rcel San Isidro de Popay\u00e1n (Cauca). Este hombre es se\u00f1alado de ser el cabecilla de una red criminal dedicada al acopio de estupefacientes en Colombia y coordinar el posterior env\u00edo a Estados Unidos.\u202f\u202fEn ese sentido, hay una acusaci\u00f3n en su contra proferida por la Corte del Distrito de Nueva Jersey por cargos relacionados con tr\u00e1fico de drogas il\u00edcitas y concierto para delinquir.<\/span><span data-ccp-props=\"{&quot;201341983&quot;:0,&quot;335551550&quot;:6,&quot;335551620&quot;:6,&quot;335559737&quot;:-3,&quot;335559739&quot;:240,&quot;335559740&quot;:240,&quot;469777462&quot;:[5173,7154],&quot;469777927&quot;:[0,0],&quot;469777928&quot;:[3,1]}\">\u00a0<\/span><\/p>\n<p><span data-contrast=\"none\">De acuerdo con la solicitud internacional, Paz Meneses estar\u00eda involucrado en la salida de varios cargamentos entre enero de 2018 y junio de 2021; entre estos, dos alijos detectados antes de salir de Colombia, el 2 de abril de 2019 y el 24 de febrero de 2021.<\/span><span data-ccp-props=\"{&quot;201341983&quot;:0,&quot;335551550&quot;:6,&quot;335551620&quot;:6,&quot;335559737&quot;:-3,&quot;335559739&quot;:240,&quot;335559740&quot;:240,&quot;469777462&quot;:[5173,7154],&quot;469777927&quot;:[0,0],&quot;469777928&quot;:[3,1]}\">\u00a0<\/span><\/p>\n<p><b><span data-contrast=\"none\">Con notificaci\u00f3n roja buscaban a presunto agresor sexual\u00a0<\/span><\/b><span data-ccp-props=\"{&quot;201341983&quot;:0,&quot;335551550&quot;:6,&quot;335551620&quot;:6,&quot;335559737&quot;:-3,&quot;335559739&quot;:240,&quot;335559740&quot;:240,&quot;469777462&quot;:[5173,7154],&quot;469777927&quot;:[0,0],&quot;469777928&quot;:[3,1]}\">\u00a0<\/span><\/p>\n<p><span data-contrast=\"none\">Pedro Alirio Rubio Castro ser\u00eda el responsable de abusar sexualmente en Estados Unidos de dos ni\u00f1as, de 8 y 10 a\u00f1os, entre 2020 y 2021. En su contra hab\u00eda una notificaci\u00f3n toja de INTERPOL, en el entendido de que escap\u00f3 a Bogot\u00e1 para intentar evadir la acci\u00f3n judicial en su contra. En la capital del pa\u00eds fue localizado.<\/span><span data-ccp-props=\"{&quot;201341983&quot;:0,&quot;335551550&quot;:6,&quot;335551620&quot;:6,&quot;335559737&quot;:-3,&quot;335559739&quot;:240,&quot;335559740&quot;:240,&quot;469777462&quot;:[5173,7154],&quot;469777927&quot;:[0,0],&quot;469777928&quot;:[3,1]}\">\u00a0<\/span><\/p>\n<p><b><span data-contrast=\"none\">Presunto responsable de la muerte de dos ni\u00f1os<\/span><\/b><span data-ccp-props=\"{&quot;201341983&quot;:0,&quot;335551550&quot;:6,&quot;335551620&quot;:6,&quot;335559737&quot;:-3,&quot;335559739&quot;:240,&quot;335559740&quot;:240,&quot;469777462&quot;:[5173,7154],&quot;469777927&quot;:[0,0],&quot;469777928&quot;:[3,1]}\">\u00a0<\/span><\/p>\n<p><span data-contrast=\"auto\">H\u00e9ctor Giovanny N\u00fa\u00f1ez Morla fue ubicado en Bogot\u00e1, en cumplimiento de una notificaci\u00f3n roja de Interpol solicitada por las autoridades de Rep\u00fablica Dominicana. De acuerdo con el requerimiento, esta persona ocasion\u00f3 un accidente de tr\u00e1nsito en ese pa\u00eds, en la provincia de San Pedro de Macor\u00eds.\u00a0<\/span><span data-ccp-props=\"{&quot;201341983&quot;:0,&quot;335551550&quot;:6,&quot;335551620&quot;:6,&quot;335559737&quot;:-3,&quot;335559739&quot;:240,&quot;335559740&quot;:240,&quot;469777462&quot;:[5173,7154],&quot;469777927&quot;:[0,0],&quot;469777928&quot;:[3,1]}\">\u00a0<\/span><\/p>\n<p><span data-contrast=\"auto\">En el siniestro, ocurrido en enero de 2022, murieron dos menores de edad y resultaron gravemente heridas otras dos personas. N\u00fa\u00f1ez Morla deber\u00e1 responder en Rep\u00fablica Dominicana por el delito de homicidio.\u00a0<\/span><span data-ccp-props=\"{&quot;201341983&quot;:0,&quot;335551550&quot;:6,&quot;335551620&quot;:6,&quot;335559737&quot;:-3,&quot;335559739&quot;:240,&quot;335559740&quot;:240,&quot;469777462&quot;:[5173,7154],&quot;469777927&quot;:[0,0],&quot;469777928&quot;:[3,1]}\">\u00a0<\/span><\/p>\n<p><span data-contrast=\"auto\">Esta informaci\u00f3n se publica por razones de inter\u00e9s general.\u00a0\u00a0\u00a0\u00a0\u00a0\u00a0\u00a0\u00a0\u00a0\u00a0\u00a0<\/span><\/p>\n<p><span data-contrast=\"auto\"><b>La Fiscal\u00eda habla con resultados.<\/b>\u00a0<\/span><\/p>\n<p>&nbsp;<\/p>\n<p>&nbsp;<\/p>\n<p>&nbsp;<\/p>\n<p><span data-contrast=\"auto\">\u00a0\u00a0\u00a0\u00a0\u00a0<\/span><span data-ccp-props=\"{&quot;201341983&quot;:0,&quot;335551550&quot;:6,&quot;335551620&quot;:6,&quot;335559737&quot;:-3,&quot;335559739&quot;:240,&quot;335559740&quot;:240,&quot;469777462&quot;:[5173,7154],&quot;469777927&quot;:[0,0],&quot;469777928&quot;:[3,1]}\">\u00a0<\/span><\/p>\n<p><span data-contrast=\"auto\">LMBG\/JARG\/TMGC\/MRC.<\/span><span data-ccp-props=\"{&quot;201341983&quot;:0,&quot;335551550&quot;:6,&quot;335551620&quot;:6,&quot;335559737&quot;:-3,&quot;335559739&quot;:240,&quot;335559740&quot;:240,&quot;469777462&quot;:[5173,7154],&quot;469777927&quot;:[0,0],&quot;469777928&quot;:[3,1]}\">\u00a0<\/span><\/p>\n<p>&nbsp;<\/p>\n<p>&nbsp;<\/p>\n<p>&nbsp;<\/p>\n<p><em>La informaci\u00f3n contenida en este bolet\u00edn de prensa corresponde a la narraci\u00f3n de los hechos noticiosos objetivos, suministrados por los funcionarios encargados de adelantar las investigaciones penales al interior de la Fiscal\u00eda General de la Naci\u00f3n. Para el momento de la divulgaci\u00f3n de este comunicado, la situaci\u00f3n jur\u00eddica de la(s) persona(s) relacionada(s) se encuentra pendiente de resolver por la autoridad judicial competente, siempre bajo los preceptos de la presunci\u00f3n de inocencia, consagrados en el art\u00edculo 29 de la Constituci\u00f3n Pol\u00edtica y el art\u00edculo 7\u00ba de la Ley 906 de 2004.\u00a0 \u00a0<\/em><\/p>\n<p>&nbsp;<\/p>\n\n<div class=\"twitter-share\"><a href=\"https:\/\/twitter.com\/intent\/tweet?via=fiscaliacol\" class=\"twitter-share-button\">Tweet<\/a><\/div>\n","protected":false},"excerpt":{"rendered":"<p>Estas personas fueron ubicadas en procedimientos realizados en Bogot\u00e1 y Popay\u00e1n (Cauca).\u00a0\u00a0 En atenci\u00f3n a requerimientos elevados por Estados Unidos y de Rep\u00fablica Dominicana, la Fiscal\u00eda General de la Naci\u00f3n, [&hellip;]<\/p>\n","protected":false},"author":178,"featured_media":0,"comment_status":"closed","ping_status":"open","sticky":false,"template":"","format":"standard","meta":{"tdm_status":"","tdm_grid_status":"","footnotes":""},"categories":[1],"tags":[33862,24185,1047],"class_list":["post-266727","post","type-post","status-publish","format-standard","category-noticias","tag-bogota-d-c","tag-fiscal-barbosa","tag-fiscalia-general-de-la-nacion"],"yoast_head":"<!-- This site is optimized with the Yoast SEO plugin v24.3 - https:\/\/yoast.com\/wordpress\/plugins\/seo\/ -->\n<title>Fiscal\u00eda General de la Naci\u00f3n<\/title>\n<meta name=\"description\" content=\"P\u00e1gina oficial de la Fiscal\u00eda General de la Naci\u00f3n \u2013 Colombia. Garantizamos el acceso efectivo a la justicia, la verdad y la reparaci\u00f3n de las v\u00edctimas de los delitos.\" \/>\n<meta name=\"robots\" content=\"noindex, follow\" \/>\n<meta property=\"og:locale\" content=\"es_ES\" \/>\n<meta property=\"og:type\" content=\"article\" \/>\n<meta property=\"og:title\" content=\"Fiscal\u00eda General de la Naci\u00f3n\" \/>\n<meta property=\"og:description\" content=\"P\u00e1gina oficial de la Fiscal\u00eda General de la Naci\u00f3n \u2013 Colombia. Garantizamos el acceso efectivo a la justicia, la verdad y la reparaci\u00f3n de las v\u00edctimas de los delitos.\" \/>\n<meta property=\"og:url\" content=\"https:\/\/www.fiscalia.gov.co\/colombia\/noticias\/a-disposicion-de-la-fiscalia-tres-hombres-requeridos-por-estados-unidos-y-republica-dominicana-por-trafico-de-estupefacientes-delitos-sexuales-y-homicidio\/\" \/>\n<meta property=\"og:site_name\" content=\"Fiscal\u00eda General de la Naci\u00f3n\" \/>\n<meta property=\"article:publisher\" content=\"https:\/\/www.facebook.com\/FiscaliaCol\" \/>\n<meta property=\"article:published_time\" content=\"2023-02-19T19:22:55+00:00\" \/>\n<meta name=\"author\" content=\"Winnie Geraldine Rodr\u00edguez Navarrete\" \/>\n<meta name=\"twitter:card\" content=\"summary_large_image\" \/>\n<meta name=\"twitter:creator\" content=\"@FiscaliaCol\" \/>\n<meta name=\"twitter:site\" content=\"@FiscaliaCol\" \/>\n<meta name=\"twitter:label1\" content=\"Escrito por\" \/>\n\t<meta name=\"twitter:data1\" content=\"Winnie Geraldine Rodr\u00edguez Navarrete\" \/>\n\t<meta name=\"twitter:label2\" content=\"Tiempo de lectura\" \/>\n\t<meta name=\"twitter:data2\" content=\"2 minutos\" \/>\n<script type=\"application\/ld+json\" class=\"yoast-schema-graph\">{\"@context\":\"https:\/\/schema.org\",\"@graph\":[{\"@type\":\"Article\",\"@id\":\"https:\/\/www.fiscalia.gov.co\/colombia\/noticias\/a-disposicion-de-la-fiscalia-tres-hombres-requeridos-por-estados-unidos-y-republica-dominicana-por-trafico-de-estupefacientes-delitos-sexuales-y-homicidio\/#article\",\"isPartOf\":{\"@id\":\"https:\/\/www.fiscalia.gov.co\/colombia\/noticias\/a-disposicion-de-la-fiscalia-tres-hombres-requeridos-por-estados-unidos-y-republica-dominicana-por-trafico-de-estupefacientes-delitos-sexuales-y-homicidio\/\"},\"author\":{\"name\":\"Winnie Geraldine Rodr\u00edguez Navarrete\",\"@id\":\"https:\/\/www.fiscalia.gov.co\/colombia\/#\/schema\/person\/176195b99ebab0a52aafa15197e1bf80\"},\"headline\":\"A disposici\u00f3n de la Fiscal\u00eda tres hombres requeridos por Estados Unidos y Rep\u00fablica Dominicana por tr\u00e1fico de estupefacientes, delitos sexuales y homicidio\",\"datePublished\":\"2023-02-19T19:22:55+00:00\",\"dateModified\":\"2023-02-19T19:22:55+00:00\",\"mainEntityOfPage\":{\"@id\":\"https:\/\/www.fiscalia.gov.co\/colombia\/noticias\/a-disposicion-de-la-fiscalia-tres-hombres-requeridos-por-estados-unidos-y-republica-dominicana-por-trafico-de-estupefacientes-delitos-sexuales-y-homicidio\/\"},\"wordCount\":522,\"publisher\":{\"@id\":\"https:\/\/www.fiscalia.gov.co\/colombia\/#organization\"},\"keywords\":[\"Bogot\u00e1 D.C.\",\"Fiscal Barbosa\",\"Fiscal\u00eda General de la Naci\u00f3n\"],\"articleSection\":[\"Noticias\"],\"inLanguage\":\"es-CO\"},{\"@type\":\"WebPage\",\"@id\":\"https:\/\/www.fiscalia.gov.co\/colombia\/noticias\/a-disposicion-de-la-fiscalia-tres-hombres-requeridos-por-estados-unidos-y-republica-dominicana-por-trafico-de-estupefacientes-delitos-sexuales-y-homicidio\/\",\"url\":\"https:\/\/www.fiscalia.gov.co\/colombia\/noticias\/a-disposicion-de-la-fiscalia-tres-hombres-requeridos-por-estados-unidos-y-republica-dominicana-por-trafico-de-estupefacientes-delitos-sexuales-y-homicidio\/\",\"name\":\"Fiscal\u00eda General de la Naci\u00f3n\",\"isPartOf\":{\"@id\":\"https:\/\/www.fiscalia.gov.co\/colombia\/#website\"},\"datePublished\":\"2023-02-19T19:22:55+00:00\",\"dateModified\":\"2023-02-19T19:22:55+00:00\",\"description\":\"P\u00e1gina oficial de la Fiscal\u00eda General de la Naci\u00f3n \u2013 Colombia. Garantizamos el acceso efectivo a la justicia, la verdad y la reparaci\u00f3n de las v\u00edctimas de los delitos.\",\"breadcrumb\":{\"@id\":\"https:\/\/www.fiscalia.gov.co\/colombia\/noticias\/a-disposicion-de-la-fiscalia-tres-hombres-requeridos-por-estados-unidos-y-republica-dominicana-por-trafico-de-estupefacientes-delitos-sexuales-y-homicidio\/#breadcrumb\"},\"inLanguage\":\"es-CO\",\"potentialAction\":[{\"@type\":\"ReadAction\",\"target\":[\"https:\/\/www.fiscalia.gov.co\/colombia\/noticias\/a-disposicion-de-la-fiscalia-tres-hombres-requeridos-por-estados-unidos-y-republica-dominicana-por-trafico-de-estupefacientes-delitos-sexuales-y-homicidio\/\"]}]},{\"@type\":\"BreadcrumbList\",\"@id\":\"https:\/\/www.fiscalia.gov.co\/colombia\/noticias\/a-disposicion-de-la-fiscalia-tres-hombres-requeridos-por-estados-unidos-y-republica-dominicana-por-trafico-de-estupefacientes-delitos-sexuales-y-homicidio\/#breadcrumb\",\"itemListElement\":[{\"@type\":\"ListItem\",\"position\":1,\"name\":\"Home\",\"item\":\"https:\/\/www.fiscalia.gov.co\/colombia\/\"},{\"@type\":\"ListItem\",\"position\":2,\"name\":\"A disposici\u00f3n de la Fiscal\u00eda tres hombres requeridos por Estados Unidos y Rep\u00fablica Dominicana por tr\u00e1fico de estupefacientes, delitos sexuales y homicidio\"}]},{\"@type\":\"WebSite\",\"@id\":\"https:\/\/www.fiscalia.gov.co\/colombia\/#website\",\"url\":\"https:\/\/www.fiscalia.gov.co\/colombia\/\",\"name\":\"Fiscal\u00eda General de la Naci\u00f3n\",\"description\":\"P\u00e1gina oficial de la Fiscal\u00eda General de la Naci\u00f3n \u2013 Colombia. Garantizamos el acceso efectivo a la justicia, la verdad y la reparaci\u00f3n de las v\u00edctimas de los delitos.\",\"publisher\":{\"@id\":\"https:\/\/www.fiscalia.gov.co\/colombia\/#organization\"},\"potentialAction\":[{\"@type\":\"SearchAction\",\"target\":{\"@type\":\"EntryPoint\",\"urlTemplate\":\"https:\/\/www.fiscalia.gov.co\/colombia\/?s={search_term_string}\"},\"query-input\":{\"@type\":\"PropertyValueSpecification\",\"valueRequired\":true,\"valueName\":\"search_term_string\"}}],\"inLanguage\":\"es-CO\"},{\"@type\":\"Organization\",\"@id\":\"https:\/\/www.fiscalia.gov.co\/colombia\/#organization\",\"name\":\"Fiscal\u00eda General de la Naci\u00f3n\",\"url\":\"https:\/\/www.fiscalia.gov.co\/colombia\/\",\"logo\":{\"@type\":\"ImageObject\",\"inLanguage\":\"es-CO\",\"@id\":\"https:\/\/www.fiscalia.gov.co\/colombia\/#\/schema\/logo\/image\/\",\"url\":\"https:\/\/www.fiscalia.gov.co\/colombia\/wp-content\/uploads\/LogoHorizontal_1.jpg\",\"contentUrl\":\"https:\/\/www.fiscalia.gov.co\/colombia\/wp-content\/uploads\/LogoHorizontal_1.jpg\",\"width\":300,\"height\":90,\"caption\":\"Fiscal\u00eda General de la Naci\u00f3n\"},\"image\":{\"@id\":\"https:\/\/www.fiscalia.gov.co\/colombia\/#\/schema\/logo\/image\/\"},\"sameAs\":[\"https:\/\/www.facebook.com\/FiscaliaCol\",\"https:\/\/x.com\/FiscaliaCol\",\"https:\/\/www.instagram.com\/fiscaliacol\",\"https:\/\/www.linkedin.com\/company\/fiscalia-general-de-la-naci-n\/\",\"https:\/\/youtube.com\/@fiscaliageneraldelanacion-4668?si=6nN79nyQICPU5iTh\"]},{\"@type\":\"Person\",\"@id\":\"https:\/\/www.fiscalia.gov.co\/colombia\/#\/schema\/person\/176195b99ebab0a52aafa15197e1bf80\",\"name\":\"Winnie Geraldine Rodr\u00edguez Navarrete\",\"image\":{\"@type\":\"ImageObject\",\"inLanguage\":\"es-CO\",\"@id\":\"https:\/\/www.fiscalia.gov.co\/colombia\/#\/schema\/person\/image\/\",\"url\":\"https:\/\/secure.gravatar.com\/avatar\/c24cf8481dc84fa5e8c7b20bc95ab0c6?s=96&d=mm&r=g\",\"contentUrl\":\"https:\/\/secure.gravatar.com\/avatar\/c24cf8481dc84fa5e8c7b20bc95ab0c6?s=96&d=mm&r=g\",\"caption\":\"Winnie Geraldine Rodr\u00edguez Navarrete\"},\"url\":\"https:\/\/www.fiscalia.gov.co\/colombia\/author\/winnierodriguez\/\"}]}<\/script>\n<!-- \/ Yoast SEO plugin. -->","yoast_head_json":{"title":"Fiscal\u00eda General de la Naci\u00f3n","description":"P\u00e1gina oficial de la Fiscal\u00eda General de la Naci\u00f3n \u2013 Colombia. Garantizamos el acceso efectivo a la justicia, la verdad y la reparaci\u00f3n de las v\u00edctimas de los delitos.","robots":{"index":"noindex","follow":"follow"},"og_locale":"es_ES","og_type":"article","og_title":"Fiscal\u00eda General de la Naci\u00f3n","og_description":"P\u00e1gina oficial de la Fiscal\u00eda General de la Naci\u00f3n \u2013 Colombia. Garantizamos el acceso efectivo a la justicia, la verdad y la reparaci\u00f3n de las v\u00edctimas de los delitos.","og_url":"https:\/\/www.fiscalia.gov.co\/colombia\/noticias\/a-disposicion-de-la-fiscalia-tres-hombres-requeridos-por-estados-unidos-y-republica-dominicana-por-trafico-de-estupefacientes-delitos-sexuales-y-homicidio\/","og_site_name":"Fiscal\u00eda General de la Naci\u00f3n","article_publisher":"https:\/\/www.facebook.com\/FiscaliaCol","article_published_time":"2023-02-19T19:22:55+00:00","author":"Winnie Geraldine Rodr\u00edguez Navarrete","twitter_card":"summary_large_image","twitter_creator":"@FiscaliaCol","twitter_site":"@FiscaliaCol","twitter_misc":{"Escrito por":"Winnie Geraldine Rodr\u00edguez Navarrete","Tiempo de lectura":"2 minutos"},"schema":{"@context":"https:\/\/schema.org","@graph":[{"@type":"Article","@id":"https:\/\/www.fiscalia.gov.co\/colombia\/noticias\/a-disposicion-de-la-fiscalia-tres-hombres-requeridos-por-estados-unidos-y-republica-dominicana-por-trafico-de-estupefacientes-delitos-sexuales-y-homicidio\/#article","isPartOf":{"@id":"https:\/\/www.fiscalia.gov.co\/colombia\/noticias\/a-disposicion-de-la-fiscalia-tres-hombres-requeridos-por-estados-unidos-y-republica-dominicana-por-trafico-de-estupefacientes-delitos-sexuales-y-homicidio\/"},"author":{"name":"Winnie Geraldine Rodr\u00edguez Navarrete","@id":"https:\/\/www.fiscalia.gov.co\/colombia\/#\/schema\/person\/176195b99ebab0a52aafa15197e1bf80"},"headline":"A disposici\u00f3n de la Fiscal\u00eda tres hombres requeridos por Estados Unidos y Rep\u00fablica Dominicana por tr\u00e1fico de estupefacientes, delitos sexuales y homicidio","datePublished":"2023-02-19T19:22:55+00:00","dateModified":"2023-02-19T19:22:55+00:00","mainEntityOfPage":{"@id":"https:\/\/www.fiscalia.gov.co\/colombia\/noticias\/a-disposicion-de-la-fiscalia-tres-hombres-requeridos-por-estados-unidos-y-republica-dominicana-por-trafico-de-estupefacientes-delitos-sexuales-y-homicidio\/"},"wordCount":522,"publisher":{"@id":"https:\/\/www.fiscalia.gov.co\/colombia\/#organization"},"keywords":["Bogot\u00e1 D.C.","Fiscal Barbosa","Fiscal\u00eda General de la Naci\u00f3n"],"articleSection":["Noticias"],"inLanguage":"es-CO"},{"@type":"WebPage","@id":"https:\/\/www.fiscalia.gov.co\/colombia\/noticias\/a-disposicion-de-la-fiscalia-tres-hombres-requeridos-por-estados-unidos-y-republica-dominicana-por-trafico-de-estupefacientes-delitos-sexuales-y-homicidio\/","url":"https:\/\/www.fiscalia.gov.co\/colombia\/noticias\/a-disposicion-de-la-fiscalia-tres-hombres-requeridos-por-estados-unidos-y-republica-dominicana-por-trafico-de-estupefacientes-delitos-sexuales-y-homicidio\/","name":"Fiscal\u00eda General de la Naci\u00f3n","isPartOf":{"@id":"https:\/\/www.fiscalia.gov.co\/colombia\/#website"},"datePublished":"2023-02-19T19:22:55+00:00","dateModified":"2023-02-19T19:22:55+00:00","description":"P\u00e1gina oficial de la Fiscal\u00eda General de la Naci\u00f3n \u2013 Colombia. Garantizamos el acceso efectivo a la justicia, la verdad y la reparaci\u00f3n de las v\u00edctimas de los delitos.","breadcrumb":{"@id":"https:\/\/www.fiscalia.gov.co\/colombia\/noticias\/a-disposicion-de-la-fiscalia-tres-hombres-requeridos-por-estados-unidos-y-republica-dominicana-por-trafico-de-estupefacientes-delitos-sexuales-y-homicidio\/#breadcrumb"},"inLanguage":"es-CO","potentialAction":[{"@type":"ReadAction","target":["https:\/\/www.fiscalia.gov.co\/colombia\/noticias\/a-disposicion-de-la-fiscalia-tres-hombres-requeridos-por-estados-unidos-y-republica-dominicana-por-trafico-de-estupefacientes-delitos-sexuales-y-homicidio\/"]}]},{"@type":"BreadcrumbList","@id":"https:\/\/www.fiscalia.gov.co\/colombia\/noticias\/a-disposicion-de-la-fiscalia-tres-hombres-requeridos-por-estados-unidos-y-republica-dominicana-por-trafico-de-estupefacientes-delitos-sexuales-y-homicidio\/#breadcrumb","itemListElement":[{"@type":"ListItem","position":1,"name":"Home","item":"https:\/\/www.fiscalia.gov.co\/colombia\/"},{"@type":"ListItem","position":2,"name":"A disposici\u00f3n de la Fiscal\u00eda tres hombres requeridos por Estados Unidos y Rep\u00fablica Dominicana por tr\u00e1fico de estupefacientes, delitos sexuales y homicidio"}]},{"@type":"WebSite","@id":"https:\/\/www.fiscalia.gov.co\/colombia\/#website","url":"https:\/\/www.fiscalia.gov.co\/colombia\/","name":"Fiscal\u00eda General de la Naci\u00f3n","description":"P\u00e1gina oficial de la Fiscal\u00eda General de la Naci\u00f3n \u2013 Colombia. Garantizamos el acceso efectivo a la justicia, la verdad y la reparaci\u00f3n de las v\u00edctimas de los delitos.","publisher":{"@id":"https:\/\/www.fiscalia.gov.co\/colombia\/#organization"},"potentialAction":[{"@type":"SearchAction","target":{"@type":"EntryPoint","urlTemplate":"https:\/\/www.fiscalia.gov.co\/colombia\/?s={search_term_string}"},"query-input":{"@type":"PropertyValueSpecification","valueRequired":true,"valueName":"search_term_string"}}],"inLanguage":"es-CO"},{"@type":"Organization","@id":"https:\/\/www.fiscalia.gov.co\/colombia\/#organization","name":"Fiscal\u00eda General de la Naci\u00f3n","url":"https:\/\/www.fiscalia.gov.co\/colombia\/","logo":{"@type":"ImageObject","inLanguage":"es-CO","@id":"https:\/\/www.fiscalia.gov.co\/colombia\/#\/schema\/logo\/image\/","url":"https:\/\/www.fiscalia.gov.co\/colombia\/wp-content\/uploads\/LogoHorizontal_1.jpg","contentUrl":"https:\/\/www.fiscalia.gov.co\/colombia\/wp-content\/uploads\/LogoHorizontal_1.jpg","width":300,"height":90,"caption":"Fiscal\u00eda General de la Naci\u00f3n"},"image":{"@id":"https:\/\/www.fiscalia.gov.co\/colombia\/#\/schema\/logo\/image\/"},"sameAs":["https:\/\/www.facebook.com\/FiscaliaCol","https:\/\/x.com\/FiscaliaCol","https:\/\/www.instagram.com\/fiscaliacol","https:\/\/www.linkedin.com\/company\/fiscalia-general-de-la-naci-n\/","https:\/\/youtube.com\/@fiscaliageneraldelanacion-4668?si=6nN79nyQICPU5iTh"]},{"@type":"Person","@id":"https:\/\/www.fiscalia.gov.co\/colombia\/#\/schema\/person\/176195b99ebab0a52aafa15197e1bf80","name":"Winnie Geraldine Rodr\u00edguez Navarrete","image":{"@type":"ImageObject","inLanguage":"es-CO","@id":"https:\/\/www.fiscalia.gov.co\/colombia\/#\/schema\/person\/image\/","url":"https:\/\/secure.gravatar.com\/avatar\/c24cf8481dc84fa5e8c7b20bc95ab0c6?s=96&d=mm&r=g","contentUrl":"https:\/\/secure.gravatar.com\/avatar\/c24cf8481dc84fa5e8c7b20bc95ab0c6?s=96&d=mm&r=g","caption":"Winnie Geraldine Rodr\u00edguez Navarrete"},"url":"https:\/\/www.fiscalia.gov.co\/colombia\/author\/winnierodriguez\/"}]}},"_links":{"self":[{"href":"https:\/\/www.fiscalia.gov.co\/colombia\/wp-json\/wp\/v2\/posts\/266727","targetHints":{"allow":["GET"]}}],"collection":[{"href":"https:\/\/www.fiscalia.gov.co\/colombia\/wp-json\/wp\/v2\/posts"}],"about":[{"href":"https:\/\/www.fiscalia.gov.co\/colombia\/wp-json\/wp\/v2\/types\/post"}],"author":[{"embeddable":true,"href":"https:\/\/www.fiscalia.gov.co\/colombia\/wp-json\/wp\/v2\/users\/178"}],"replies":[{"embeddable":true,"href":"https:\/\/www.fiscalia.gov.co\/colombia\/wp-json\/wp\/v2\/comments?post=266727"}],"version-history":[{"count":1,"href":"https:\/\/www.fiscalia.gov.co\/colombia\/wp-json\/wp\/v2\/posts\/266727\/revisions"}],"predecessor-version":[{"id":266728,"href":"https:\/\/www.fiscalia.gov.co\/colombia\/wp-json\/wp\/v2\/posts\/266727\/revisions\/266728"}],"wp:attachment":[{"href":"https:\/\/www.fiscalia.gov.co\/colombia\/wp-json\/wp\/v2\/media?parent=266727"}],"wp:term":[{"taxonomy":"category","embeddable":true,"href":"https:\/\/www.fiscalia.gov.co\/colombia\/wp-json\/wp\/v2\/categories?post=266727"},{"taxonomy":"post_tag","embeddable":true,"href":"https:\/\/www.fiscalia.gov.co\/colombia\/wp-json\/wp\/v2\/tags?post=266727"}],"curies":[{"name":"wp","href":"https:\/\/api.w.org\/{rel}","templated":true}]}}