{"id":266625,"date":"2023-02-16T15:18:27","date_gmt":"2023-02-16T20:18:27","guid":{"rendered":"https:\/\/www.fiscalia.gov.co\/colombia\/?p=266625"},"modified":"2023-02-16T15:18:27","modified_gmt":"2023-02-16T20:18:27","slug":"carcel-para-tres-presuntos-integrantes-la-estructura-disidente-comandos-bolivarianos-de-frontera-detenidos-cuando-transportaban-material-de-guerra-en-una-ambulancia","status":"publish","type":"post","link":"https:\/\/www.fiscalia.gov.co\/colombia\/noticias\/carcel-para-tres-presuntos-integrantes-la-estructura-disidente-comandos-bolivarianos-de-frontera-detenidos-cuando-transportaban-material-de-guerra-en-una-ambulancia\/","title":{"rendered":"C\u00e1rcel para tres presuntos integrantes la estructura disidente &#8216;Comandos Bolivarianos de Frontera&#8217; detenidos cuando transportaban material de guerra en una ambulancia"},"content":{"rendered":"<h4 style=\"font-weight: 400;\"><strong><em>En el operativo las autoridades incautaron m\u00e1s de 18 mil municiones,\u00a060 granadas para mortero,\u00a0\u00a0p\u00f3lvora y bolsas de asalto, entre otro material de guerra. \u00a0<\/em><\/strong><\/h4>\n<figure id=\"attachment_266626\" aria-describedby=\"caption-attachment-266626\" style=\"width: 696px\" class=\"wp-caption aligncenter\"><img loading=\"lazy\" decoding=\"async\" class=\"size-large wp-image-266626\" src=\"https:\/\/www.fiscalia.gov.co\/colombia\/wp-content\/uploads\/Capturados-muniones-y-explosivos-Putumayo-2-1024x720.jpeg\" alt=\"En la fotograf\u00eda aparecen tres capturado, junto a personal de Fiscal\u00eda General de La Naci\u00f3n, Polic\u00eda Nacional y Ej\u00e9rcito Nacional. En la parte posterior de la imagen se ven banners de Ej\u00e9rcito Nacional, Polic\u00eda Nacional y la Fiscal\u00eda General de la Naci\u00f3n.       \" width=\"696\" height=\"489\" srcset=\"https:\/\/www.fiscalia.gov.co\/colombia\/wp-content\/uploads\/Capturados-muniones-y-explosivos-Putumayo-2-1024x720.jpeg 1024w, https:\/\/www.fiscalia.gov.co\/colombia\/wp-content\/uploads\/Capturados-muniones-y-explosivos-Putumayo-2-300x211.jpeg 300w, https:\/\/www.fiscalia.gov.co\/colombia\/wp-content\/uploads\/Capturados-muniones-y-explosivos-Putumayo-2-768x540.jpeg 768w, https:\/\/www.fiscalia.gov.co\/colombia\/wp-content\/uploads\/Capturados-muniones-y-explosivos-Putumayo-2-1536x1080.jpeg 1536w, https:\/\/www.fiscalia.gov.co\/colombia\/wp-content\/uploads\/Capturados-muniones-y-explosivos-Putumayo-2-696x490.jpeg 696w, https:\/\/www.fiscalia.gov.co\/colombia\/wp-content\/uploads\/Capturados-muniones-y-explosivos-Putumayo-2-1068x751.jpeg 1068w, https:\/\/www.fiscalia.gov.co\/colombia\/wp-content\/uploads\/Capturados-muniones-y-explosivos-Putumayo-2-597x420.jpeg 597w, https:\/\/www.fiscalia.gov.co\/colombia\/wp-content\/uploads\/Capturados-muniones-y-explosivos-Putumayo-2-100x70.jpeg 100w, https:\/\/www.fiscalia.gov.co\/colombia\/wp-content\/uploads\/Capturados-muniones-y-explosivos-Putumayo-2.jpeg 1544w\" sizes=\"auto, (max-width: 696px) 100vw, 696px\" \/><figcaption id=\"caption-attachment-266626\" class=\"wp-caption-text\">Los judicializados transportaban en una ambulancia explosivos, 18.444 municiones de diferentes calibres, entre otros.<\/figcaption><\/figure>\n<p style=\"font-weight: 400;\">La Fiscal\u00eda en Putumayo obtuvo detenci\u00f3n preventiva en centro carcelario en contra de Jos\u00e9 Adri\u00e1n Obando Guerrero, Diva Viky Yate Z\u00fa\u00f1iga y Campo El\u00edas Polanco Dur\u00e1n, quienes ser\u00edan parte de los \u2018Comandos Bolivarianos de Frontera\u2019 y fueron capturados con abundante material de guerra.<\/p>\n<p style=\"font-weight: 400;\">Los hechos investigados ocurrieron el pasado 13 de febrero en la Ruta 45, Quebrada la Joya de Villagarz\u00f3n (Huila), en un puesto de control donde miembros del Cuerpo T\u00e9cnico de Investigaci\u00f3n (CTI), en conjunto con la Polic\u00eda y el Ej\u00e9rcito interceptaron una ambulancia en la que se movilizaban los procesados.<\/p>\n<p style=\"font-weight: 400;\">Luego de su captura se incautaron\u00a0\u00a018.444 municiones calibre 5.56 y 7.62,\u00a0\u00a0413 detonadores el\u00e9ctricos, 63 detonadores electr\u00f3nicos; 489 barras de pentolita, 83 bolsas de asalto, 9 br\u00fajulas, 4 gps, 1434 gramos de p\u00f3lvora negra, 60 granadas para mortero hechiza y mecha de seguridad, entre otros materiales de guerra.<\/p>\n<p style=\"font-weight: 400;\">Por estos hechos, la Fiscal\u00eda les formul\u00f3 cargos a los tres capturados por los delitos de fabricaci\u00f3n, tr\u00e1fico y porte de armas, municiones de uso restringido, de uso privativo de las fuerzas armadas o explosivos en concurso con fabricaci\u00f3n, tr\u00e1fico y porte de armas de fuego o municiones. Ninguno acept\u00f3 los cargos imputados.<\/p>\n<p style=\"font-weight: 400;\">En audiencias preliminares concentradas tambi\u00e9n se legaliz\u00f3 la incautaci\u00f3n con fines investigativos y fines de comiso\u00a0\u00a0la ambulancia, municiones, explosivos, equipos celulares y dos carn\u00e9s de identificaci\u00f3n que ten\u00edan los hoy judicializados al momento de su captura.<\/p>\n<p style=\"font-weight: 400;\"><strong>La Fiscal\u00eda habla con resultados.\u00a0<\/strong><\/p>\n<p><strong>Tambi\u00e9n le puede interesar:\u00a0\u00a0<\/strong>\u00a0<a href=\"https:\/\/www.fiscalia.gov.co\/colombia\/noticias\/fiscalia-legalizo-incautacion-de-material-de-guerra-y-explosivos-hallados-en-guachene-cauca\/\" data-saferedirecturl=\"https:\/\/www.google.com\/url?q=https:\/\/www.fiscalia.gov.co\/colombia\/noticias\/fiscalia-legalizo-incautacion-de-material-de-guerra-y-explosivos-hallados-en-guachene-cauca\/&amp;source=gmail&amp;ust=1676664710333000&amp;usg=AOvVaw2euE8mxiub8r72QacYhxG6\">Fiscal\u00eda legaliz\u00f3 incautaci\u00f3n de material de guerra y explosivos hallados en Guachen\u00e9 (Cauca)<\/a><\/p>\n<p>&nbsp;<\/p>\n<p>&nbsp;<\/p>\n<p>&nbsp;<\/p>\n<p>&nbsp;<\/p>\n<p>&nbsp;<\/p>\n<p style=\"font-weight: 400;\">LMGM\/VHGB\/SAGR\/DSP<\/p>\n<p style=\"font-weight: 400;\">\n<p>&nbsp;<\/p>\n<p>&nbsp;<\/p>\n<p>&nbsp;<\/p>\n<p style=\"font-weight: 400;\"><strong>\u00a0<\/strong><\/p>\n<p style=\"font-weight: 400;\"><em>La informaci\u00f3n contenida en este bolet\u00edn de prensa corresponde a la narraci\u00f3n de los hechos noticiosos objetivos, suministrados por los funcionarios encargados de adelantar las investigaciones penales al interior de la Fiscal\u00eda General de la Naci\u00f3n. Para el momento de la divulgaci\u00f3n de este comunicado, la situaci\u00f3n jur\u00eddica de la(s) persona(s) relacionada(s) se encuentra pendiente de resolver por la autoridad judicial competente, siempre bajo los preceptos de la presunci\u00f3n de inocencia, consagrados en el art\u00edculo 29 de la Constituci\u00f3n Pol\u00edtica y el art\u00edculo 7\u00ba de la Ley 906 de 2004.\u00a0 \u00a0 \u00a0 \u00a0 \u00a0<\/em><\/p>\n\n<div class=\"twitter-share\"><a href=\"https:\/\/twitter.com\/intent\/tweet?via=fiscaliacol\" class=\"twitter-share-button\">Tweet<\/a><\/div>\n","protected":false},"excerpt":{"rendered":"<p>En el operativo las autoridades incautaron m\u00e1s de 18 mil municiones,\u00a060 granadas para mortero,\u00a0\u00a0p\u00f3lvora y bolsas de asalto, entre otro material de guerra. \u00a0 La Fiscal\u00eda en Putumayo obtuvo detenci\u00f3n preventiva en centro carcelario en contra de Jos\u00e9 Adri\u00e1n Obando Guerrero, Diva Viky Yate Z\u00fa\u00f1iga y Campo El\u00edas Polanco Dur\u00e1n, quienes ser\u00edan parte de los [&hellip;]<\/p>\n","protected":false},"author":177,"featured_media":0,"comment_status":"closed","ping_status":"open","sticky":false,"template":"","format":"standard","meta":{"_price":"","_stock":"","_tribe_ticket_header":"","_tribe_default_ticket_provider":"","_tribe_ticket_capacity":"0","_ticket_start_date":"","_ticket_end_date":"","_tribe_ticket_show_description":"","_tribe_ticket_show_not_going":false,"_tribe_ticket_use_global_stock":"","_tribe_ticket_global_stock_level":"","_global_stock_mode":"","_global_stock_cap":"","_tribe_rsvp_for_event":"","_tribe_ticket_going_count":"","_tribe_ticket_not_going_count":"","_tribe_tickets_list":"[]","_tribe_ticket_has_attendee_info_fields":false,"tdm_status":"","tdm_grid_status":"","footnotes":""},"categories":[1,2910,303,24103],"tags":[2815,24712,3304,33984,4352,5699,2279,28810,32073],"class_list":{"0":"post-266625","1":"post","2":"type-post","3":"status-publish","4":"format-standard","6":"category-noticias","7":"category-seccional-mocoa","8":"category-seccionales","9":"category-trafico-de-estupefacientes","10":"tag-ambulancia","11":"tag-disidencias-de-las-farc","12":"tag-explosivos","13":"tag-gaor-e48","14":"tag-material-de-guerra","15":"tag-municiones","16":"tag-putumayo","17":"tag-villagarzon","18":"tag-villagarzon-putumayo"},"yoast_head":"<!-- This site is optimized with the Yoast SEO plugin v24.3 - https:\/\/yoast.com\/wordpress\/plugins\/seo\/ -->\n<title>Fiscal\u00eda General de la Naci\u00f3n<\/title>\n<meta name=\"description\" content=\"P\u00e1gina oficial de la Fiscal\u00eda General de la Naci\u00f3n \u2013 Colombia. Garantizamos el acceso efectivo a la justicia, la verdad y la reparaci\u00f3n de las v\u00edctimas de los delitos.\" \/>\n<meta name=\"robots\" content=\"noindex, follow\" \/>\n<meta property=\"og:locale\" content=\"es_ES\" \/>\n<meta property=\"og:type\" content=\"article\" \/>\n<meta property=\"og:title\" content=\"Fiscal\u00eda General de la Naci\u00f3n\" \/>\n<meta property=\"og:description\" content=\"P\u00e1gina oficial de la Fiscal\u00eda General de la Naci\u00f3n \u2013 Colombia. Garantizamos el acceso efectivo a la justicia, la verdad y la reparaci\u00f3n de las v\u00edctimas de los delitos.\" \/>\n<meta property=\"og:url\" content=\"https:\/\/www.fiscalia.gov.co\/colombia\/noticias\/carcel-para-tres-presuntos-integrantes-la-estructura-disidente-comandos-bolivarianos-de-frontera-detenidos-cuando-transportaban-material-de-guerra-en-una-ambulancia\/\" \/>\n<meta property=\"og:site_name\" content=\"Fiscal\u00eda General de la Naci\u00f3n\" \/>\n<meta property=\"article:publisher\" content=\"https:\/\/www.facebook.com\/FiscaliaCol\" \/>\n<meta property=\"article:published_time\" content=\"2023-02-16T20:18:27+00:00\" \/>\n<meta property=\"og:image\" content=\"https:\/\/www.fiscalia.gov.co\/colombia\/wp-content\/uploads\/Capturados-muniones-y-explosivos-Putumayo-2-1024x720.jpeg\" \/>\n<meta name=\"author\" content=\"Jordan Leandro Oviedo Anzola\" \/>\n<meta name=\"twitter:card\" content=\"summary_large_image\" \/>\n<meta name=\"twitter:creator\" content=\"@FiscaliaCol\" \/>\n<meta name=\"twitter:site\" content=\"@FiscaliaCol\" \/>\n<meta name=\"twitter:label1\" content=\"Escrito por\" \/>\n\t<meta name=\"twitter:data1\" content=\"Jordan Leandro Oviedo Anzola\" \/>\n\t<meta name=\"twitter:label2\" content=\"Tiempo de lectura\" \/>\n\t<meta name=\"twitter:data2\" content=\"2 minutos\" \/>\n<script type=\"application\/ld+json\" class=\"yoast-schema-graph\">{\"@context\":\"https:\/\/schema.org\",\"@graph\":[{\"@type\":\"Article\",\"@id\":\"https:\/\/www.fiscalia.gov.co\/colombia\/noticias\/carcel-para-tres-presuntos-integrantes-la-estructura-disidente-comandos-bolivarianos-de-frontera-detenidos-cuando-transportaban-material-de-guerra-en-una-ambulancia\/#article\",\"isPartOf\":{\"@id\":\"https:\/\/www.fiscalia.gov.co\/colombia\/noticias\/carcel-para-tres-presuntos-integrantes-la-estructura-disidente-comandos-bolivarianos-de-frontera-detenidos-cuando-transportaban-material-de-guerra-en-una-ambulancia\/\"},\"author\":{\"name\":\"Jordan Leandro Oviedo Anzola\",\"@id\":\"https:\/\/www.fiscalia.gov.co\/colombia\/#\/schema\/person\/bf84402cf293a5393e9c70b111020b24\"},\"headline\":\"C\u00e1rcel para tres presuntos integrantes la estructura disidente &#8216;Comandos Bolivarianos de Frontera&#8217; detenidos cuando transportaban material de guerra en una ambulancia\",\"datePublished\":\"2023-02-16T20:18:27+00:00\",\"dateModified\":\"2023-02-16T20:18:27+00:00\",\"mainEntityOfPage\":{\"@id\":\"https:\/\/www.fiscalia.gov.co\/colombia\/noticias\/carcel-para-tres-presuntos-integrantes-la-estructura-disidente-comandos-bolivarianos-de-frontera-detenidos-cuando-transportaban-material-de-guerra-en-una-ambulancia\/\"},\"wordCount\":452,\"publisher\":{\"@id\":\"https:\/\/www.fiscalia.gov.co\/colombia\/#organization\"},\"image\":{\"@id\":\"https:\/\/www.fiscalia.gov.co\/colombia\/noticias\/carcel-para-tres-presuntos-integrantes-la-estructura-disidente-comandos-bolivarianos-de-frontera-detenidos-cuando-transportaban-material-de-guerra-en-una-ambulancia\/#primaryimage\"},\"thumbnailUrl\":\"https:\/\/www.fiscalia.gov.co\/colombia\/wp-content\/uploads\/Capturados-muniones-y-explosivos-Putumayo-2-1024x720.jpeg\",\"keywords\":[\"Ambulancia\",\"disidencias de las FARC\",\"Explosivos\",\"Gaor e48\",\"Material de guerra\",\"Municiones\",\"Putumayo\",\"Villagarz\u00f3n\",\"Villagarz\u00f3n (Putumayo)\"],\"articleSection\":[\"Noticias\",\"Seccional Mocoa\",\"Seccionales\",\"Tr\u00e1fico de estupefacientes\"],\"inLanguage\":\"es-CO\"},{\"@type\":\"WebPage\",\"@id\":\"https:\/\/www.fiscalia.gov.co\/colombia\/noticias\/carcel-para-tres-presuntos-integrantes-la-estructura-disidente-comandos-bolivarianos-de-frontera-detenidos-cuando-transportaban-material-de-guerra-en-una-ambulancia\/\",\"url\":\"https:\/\/www.fiscalia.gov.co\/colombia\/noticias\/carcel-para-tres-presuntos-integrantes-la-estructura-disidente-comandos-bolivarianos-de-frontera-detenidos-cuando-transportaban-material-de-guerra-en-una-ambulancia\/\",\"name\":\"Fiscal\u00eda General de la Naci\u00f3n\",\"isPartOf\":{\"@id\":\"https:\/\/www.fiscalia.gov.co\/colombia\/#website\"},\"primaryImageOfPage\":{\"@id\":\"https:\/\/www.fiscalia.gov.co\/colombia\/noticias\/carcel-para-tres-presuntos-integrantes-la-estructura-disidente-comandos-bolivarianos-de-frontera-detenidos-cuando-transportaban-material-de-guerra-en-una-ambulancia\/#primaryimage\"},\"image\":{\"@id\":\"https:\/\/www.fiscalia.gov.co\/colombia\/noticias\/carcel-para-tres-presuntos-integrantes-la-estructura-disidente-comandos-bolivarianos-de-frontera-detenidos-cuando-transportaban-material-de-guerra-en-una-ambulancia\/#primaryimage\"},\"thumbnailUrl\":\"https:\/\/www.fiscalia.gov.co\/colombia\/wp-content\/uploads\/Capturados-muniones-y-explosivos-Putumayo-2-1024x720.jpeg\",\"datePublished\":\"2023-02-16T20:18:27+00:00\",\"dateModified\":\"2023-02-16T20:18:27+00:00\",\"description\":\"P\u00e1gina oficial de la Fiscal\u00eda General de la Naci\u00f3n \u2013 Colombia. Garantizamos el acceso efectivo a la justicia, la verdad y la reparaci\u00f3n de las v\u00edctimas de los delitos.\",\"breadcrumb\":{\"@id\":\"https:\/\/www.fiscalia.gov.co\/colombia\/noticias\/carcel-para-tres-presuntos-integrantes-la-estructura-disidente-comandos-bolivarianos-de-frontera-detenidos-cuando-transportaban-material-de-guerra-en-una-ambulancia\/#breadcrumb\"},\"inLanguage\":\"es-CO\",\"potentialAction\":[{\"@type\":\"ReadAction\",\"target\":[\"https:\/\/www.fiscalia.gov.co\/colombia\/noticias\/carcel-para-tres-presuntos-integrantes-la-estructura-disidente-comandos-bolivarianos-de-frontera-detenidos-cuando-transportaban-material-de-guerra-en-una-ambulancia\/\"]}]},{\"@type\":\"ImageObject\",\"inLanguage\":\"es-CO\",\"@id\":\"https:\/\/www.fiscalia.gov.co\/colombia\/noticias\/carcel-para-tres-presuntos-integrantes-la-estructura-disidente-comandos-bolivarianos-de-frontera-detenidos-cuando-transportaban-material-de-guerra-en-una-ambulancia\/#primaryimage\",\"url\":\"https:\/\/www.fiscalia.gov.co\/colombia\/wp-content\/uploads\/Capturados-muniones-y-explosivos-Putumayo-2-1024x720.jpeg\",\"contentUrl\":\"https:\/\/www.fiscalia.gov.co\/colombia\/wp-content\/uploads\/Capturados-muniones-y-explosivos-Putumayo-2-1024x720.jpeg\"},{\"@type\":\"BreadcrumbList\",\"@id\":\"https:\/\/www.fiscalia.gov.co\/colombia\/noticias\/carcel-para-tres-presuntos-integrantes-la-estructura-disidente-comandos-bolivarianos-de-frontera-detenidos-cuando-transportaban-material-de-guerra-en-una-ambulancia\/#breadcrumb\",\"itemListElement\":[{\"@type\":\"ListItem\",\"position\":1,\"name\":\"Home\",\"item\":\"https:\/\/www.fiscalia.gov.co\/colombia\/\"},{\"@type\":\"ListItem\",\"position\":2,\"name\":\"C\u00e1rcel para tres presuntos integrantes la estructura disidente &#8216;Comandos Bolivarianos de Frontera&#8217; detenidos cuando transportaban material de guerra en una ambulancia\"}]},{\"@type\":\"WebSite\",\"@id\":\"https:\/\/www.fiscalia.gov.co\/colombia\/#website\",\"url\":\"https:\/\/www.fiscalia.gov.co\/colombia\/\",\"name\":\"Fiscal\u00eda General de la Naci\u00f3n\",\"description\":\"P\u00e1gina oficial de la Fiscal\u00eda General de la Naci\u00f3n \u2013 Colombia. Garantizamos el acceso efectivo a la justicia, la verdad y la reparaci\u00f3n de las v\u00edctimas de los delitos.\",\"publisher\":{\"@id\":\"https:\/\/www.fiscalia.gov.co\/colombia\/#organization\"},\"potentialAction\":[{\"@type\":\"SearchAction\",\"target\":{\"@type\":\"EntryPoint\",\"urlTemplate\":\"https:\/\/www.fiscalia.gov.co\/colombia\/?s={search_term_string}\"},\"query-input\":{\"@type\":\"PropertyValueSpecification\",\"valueRequired\":true,\"valueName\":\"search_term_string\"}}],\"inLanguage\":\"es-CO\"},{\"@type\":\"Organization\",\"@id\":\"https:\/\/www.fiscalia.gov.co\/colombia\/#organization\",\"name\":\"Fiscal\u00eda General de la Naci\u00f3n\",\"url\":\"https:\/\/www.fiscalia.gov.co\/colombia\/\",\"logo\":{\"@type\":\"ImageObject\",\"inLanguage\":\"es-CO\",\"@id\":\"https:\/\/www.fiscalia.gov.co\/colombia\/#\/schema\/logo\/image\/\",\"url\":\"https:\/\/www.fiscalia.gov.co\/colombia\/wp-content\/uploads\/LogoHorizontal_1.jpg\",\"contentUrl\":\"https:\/\/www.fiscalia.gov.co\/colombia\/wp-content\/uploads\/LogoHorizontal_1.jpg\",\"width\":300,\"height\":90,\"caption\":\"Fiscal\u00eda General de la Naci\u00f3n\"},\"image\":{\"@id\":\"https:\/\/www.fiscalia.gov.co\/colombia\/#\/schema\/logo\/image\/\"},\"sameAs\":[\"https:\/\/www.facebook.com\/FiscaliaCol\",\"https:\/\/x.com\/FiscaliaCol\",\"https:\/\/www.instagram.com\/fiscaliacol\",\"https:\/\/www.linkedin.com\/company\/fiscalia-general-de-la-naci-n\/\",\"https:\/\/youtube.com\/@fiscaliageneraldelanacion-4668?si=6nN79nyQICPU5iTh\"]},{\"@type\":\"Person\",\"@id\":\"https:\/\/www.fiscalia.gov.co\/colombia\/#\/schema\/person\/bf84402cf293a5393e9c70b111020b24\",\"name\":\"Jordan Leandro Oviedo Anzola\",\"image\":{\"@type\":\"ImageObject\",\"inLanguage\":\"es-CO\",\"@id\":\"https:\/\/www.fiscalia.gov.co\/colombia\/#\/schema\/person\/image\/\",\"url\":\"https:\/\/secure.gravatar.com\/avatar\/dabba4346fa9b9207d96adafa8f92721?s=96&d=mm&r=g\",\"contentUrl\":\"https:\/\/secure.gravatar.com\/avatar\/dabba4346fa9b9207d96adafa8f92721?s=96&d=mm&r=g\",\"caption\":\"Jordan Leandro Oviedo Anzola\"},\"url\":\"https:\/\/www.fiscalia.gov.co\/colombia\/author\/joviedo\/\"}]}<\/script>\n<!-- \/ Yoast SEO plugin. -->","yoast_head_json":{"title":"Fiscal\u00eda General de la Naci\u00f3n","description":"P\u00e1gina oficial de la Fiscal\u00eda General de la Naci\u00f3n \u2013 Colombia. Garantizamos el acceso efectivo a la justicia, la verdad y la reparaci\u00f3n de las v\u00edctimas de los delitos.","robots":{"index":"noindex","follow":"follow"},"og_locale":"es_ES","og_type":"article","og_title":"Fiscal\u00eda General de la Naci\u00f3n","og_description":"P\u00e1gina oficial de la Fiscal\u00eda General de la Naci\u00f3n \u2013 Colombia. Garantizamos el acceso efectivo a la justicia, la verdad y la reparaci\u00f3n de las v\u00edctimas de los delitos.","og_url":"https:\/\/www.fiscalia.gov.co\/colombia\/noticias\/carcel-para-tres-presuntos-integrantes-la-estructura-disidente-comandos-bolivarianos-de-frontera-detenidos-cuando-transportaban-material-de-guerra-en-una-ambulancia\/","og_site_name":"Fiscal\u00eda General de la Naci\u00f3n","article_publisher":"https:\/\/www.facebook.com\/FiscaliaCol","article_published_time":"2023-02-16T20:18:27+00:00","og_image":[{"url":"https:\/\/www.fiscalia.gov.co\/colombia\/wp-content\/uploads\/Capturados-muniones-y-explosivos-Putumayo-2-1024x720.jpeg","type":"","width":"","height":""}],"author":"Jordan Leandro Oviedo Anzola","twitter_card":"summary_large_image","twitter_creator":"@FiscaliaCol","twitter_site":"@FiscaliaCol","twitter_misc":{"Escrito por":"Jordan Leandro Oviedo Anzola","Tiempo de lectura":"2 minutos"},"schema":{"@context":"https:\/\/schema.org","@graph":[{"@type":"Article","@id":"https:\/\/www.fiscalia.gov.co\/colombia\/noticias\/carcel-para-tres-presuntos-integrantes-la-estructura-disidente-comandos-bolivarianos-de-frontera-detenidos-cuando-transportaban-material-de-guerra-en-una-ambulancia\/#article","isPartOf":{"@id":"https:\/\/www.fiscalia.gov.co\/colombia\/noticias\/carcel-para-tres-presuntos-integrantes-la-estructura-disidente-comandos-bolivarianos-de-frontera-detenidos-cuando-transportaban-material-de-guerra-en-una-ambulancia\/"},"author":{"name":"Jordan Leandro Oviedo Anzola","@id":"https:\/\/www.fiscalia.gov.co\/colombia\/#\/schema\/person\/bf84402cf293a5393e9c70b111020b24"},"headline":"C\u00e1rcel para tres presuntos integrantes la estructura disidente &#8216;Comandos Bolivarianos de Frontera&#8217; detenidos cuando transportaban material de guerra en una ambulancia","datePublished":"2023-02-16T20:18:27+00:00","dateModified":"2023-02-16T20:18:27+00:00","mainEntityOfPage":{"@id":"https:\/\/www.fiscalia.gov.co\/colombia\/noticias\/carcel-para-tres-presuntos-integrantes-la-estructura-disidente-comandos-bolivarianos-de-frontera-detenidos-cuando-transportaban-material-de-guerra-en-una-ambulancia\/"},"wordCount":452,"publisher":{"@id":"https:\/\/www.fiscalia.gov.co\/colombia\/#organization"},"image":{"@id":"https:\/\/www.fiscalia.gov.co\/colombia\/noticias\/carcel-para-tres-presuntos-integrantes-la-estructura-disidente-comandos-bolivarianos-de-frontera-detenidos-cuando-transportaban-material-de-guerra-en-una-ambulancia\/#primaryimage"},"thumbnailUrl":"https:\/\/www.fiscalia.gov.co\/colombia\/wp-content\/uploads\/Capturados-muniones-y-explosivos-Putumayo-2-1024x720.jpeg","keywords":["Ambulancia","disidencias de las FARC","Explosivos","Gaor e48","Material de guerra","Municiones","Putumayo","Villagarz\u00f3n","Villagarz\u00f3n (Putumayo)"],"articleSection":["Noticias","Seccional Mocoa","Seccionales","Tr\u00e1fico de estupefacientes"],"inLanguage":"es-CO"},{"@type":"WebPage","@id":"https:\/\/www.fiscalia.gov.co\/colombia\/noticias\/carcel-para-tres-presuntos-integrantes-la-estructura-disidente-comandos-bolivarianos-de-frontera-detenidos-cuando-transportaban-material-de-guerra-en-una-ambulancia\/","url":"https:\/\/www.fiscalia.gov.co\/colombia\/noticias\/carcel-para-tres-presuntos-integrantes-la-estructura-disidente-comandos-bolivarianos-de-frontera-detenidos-cuando-transportaban-material-de-guerra-en-una-ambulancia\/","name":"Fiscal\u00eda General de la Naci\u00f3n","isPartOf":{"@id":"https:\/\/www.fiscalia.gov.co\/colombia\/#website"},"primaryImageOfPage":{"@id":"https:\/\/www.fiscalia.gov.co\/colombia\/noticias\/carcel-para-tres-presuntos-integrantes-la-estructura-disidente-comandos-bolivarianos-de-frontera-detenidos-cuando-transportaban-material-de-guerra-en-una-ambulancia\/#primaryimage"},"image":{"@id":"https:\/\/www.fiscalia.gov.co\/colombia\/noticias\/carcel-para-tres-presuntos-integrantes-la-estructura-disidente-comandos-bolivarianos-de-frontera-detenidos-cuando-transportaban-material-de-guerra-en-una-ambulancia\/#primaryimage"},"thumbnailUrl":"https:\/\/www.fiscalia.gov.co\/colombia\/wp-content\/uploads\/Capturados-muniones-y-explosivos-Putumayo-2-1024x720.jpeg","datePublished":"2023-02-16T20:18:27+00:00","dateModified":"2023-02-16T20:18:27+00:00","description":"P\u00e1gina oficial de la Fiscal\u00eda General de la Naci\u00f3n \u2013 Colombia. Garantizamos el acceso efectivo a la justicia, la verdad y la reparaci\u00f3n de las v\u00edctimas de los delitos.","breadcrumb":{"@id":"https:\/\/www.fiscalia.gov.co\/colombia\/noticias\/carcel-para-tres-presuntos-integrantes-la-estructura-disidente-comandos-bolivarianos-de-frontera-detenidos-cuando-transportaban-material-de-guerra-en-una-ambulancia\/#breadcrumb"},"inLanguage":"es-CO","potentialAction":[{"@type":"ReadAction","target":["https:\/\/www.fiscalia.gov.co\/colombia\/noticias\/carcel-para-tres-presuntos-integrantes-la-estructura-disidente-comandos-bolivarianos-de-frontera-detenidos-cuando-transportaban-material-de-guerra-en-una-ambulancia\/"]}]},{"@type":"ImageObject","inLanguage":"es-CO","@id":"https:\/\/www.fiscalia.gov.co\/colombia\/noticias\/carcel-para-tres-presuntos-integrantes-la-estructura-disidente-comandos-bolivarianos-de-frontera-detenidos-cuando-transportaban-material-de-guerra-en-una-ambulancia\/#primaryimage","url":"https:\/\/www.fiscalia.gov.co\/colombia\/wp-content\/uploads\/Capturados-muniones-y-explosivos-Putumayo-2-1024x720.jpeg","contentUrl":"https:\/\/www.fiscalia.gov.co\/colombia\/wp-content\/uploads\/Capturados-muniones-y-explosivos-Putumayo-2-1024x720.jpeg"},{"@type":"BreadcrumbList","@id":"https:\/\/www.fiscalia.gov.co\/colombia\/noticias\/carcel-para-tres-presuntos-integrantes-la-estructura-disidente-comandos-bolivarianos-de-frontera-detenidos-cuando-transportaban-material-de-guerra-en-una-ambulancia\/#breadcrumb","itemListElement":[{"@type":"ListItem","position":1,"name":"Home","item":"https:\/\/www.fiscalia.gov.co\/colombia\/"},{"@type":"ListItem","position":2,"name":"C\u00e1rcel para tres presuntos integrantes la estructura disidente &#8216;Comandos Bolivarianos de Frontera&#8217; detenidos cuando transportaban material de guerra en una ambulancia"}]},{"@type":"WebSite","@id":"https:\/\/www.fiscalia.gov.co\/colombia\/#website","url":"https:\/\/www.fiscalia.gov.co\/colombia\/","name":"Fiscal\u00eda General de la Naci\u00f3n","description":"P\u00e1gina oficial de la Fiscal\u00eda General de la Naci\u00f3n \u2013 Colombia. Garantizamos el acceso efectivo a la justicia, la verdad y la reparaci\u00f3n de las v\u00edctimas de los delitos.","publisher":{"@id":"https:\/\/www.fiscalia.gov.co\/colombia\/#organization"},"potentialAction":[{"@type":"SearchAction","target":{"@type":"EntryPoint","urlTemplate":"https:\/\/www.fiscalia.gov.co\/colombia\/?s={search_term_string}"},"query-input":{"@type":"PropertyValueSpecification","valueRequired":true,"valueName":"search_term_string"}}],"inLanguage":"es-CO"},{"@type":"Organization","@id":"https:\/\/www.fiscalia.gov.co\/colombia\/#organization","name":"Fiscal\u00eda General de la Naci\u00f3n","url":"https:\/\/www.fiscalia.gov.co\/colombia\/","logo":{"@type":"ImageObject","inLanguage":"es-CO","@id":"https:\/\/www.fiscalia.gov.co\/colombia\/#\/schema\/logo\/image\/","url":"https:\/\/www.fiscalia.gov.co\/colombia\/wp-content\/uploads\/LogoHorizontal_1.jpg","contentUrl":"https:\/\/www.fiscalia.gov.co\/colombia\/wp-content\/uploads\/LogoHorizontal_1.jpg","width":300,"height":90,"caption":"Fiscal\u00eda General de la Naci\u00f3n"},"image":{"@id":"https:\/\/www.fiscalia.gov.co\/colombia\/#\/schema\/logo\/image\/"},"sameAs":["https:\/\/www.facebook.com\/FiscaliaCol","https:\/\/x.com\/FiscaliaCol","https:\/\/www.instagram.com\/fiscaliacol","https:\/\/www.linkedin.com\/company\/fiscalia-general-de-la-naci-n\/","https:\/\/youtube.com\/@fiscaliageneraldelanacion-4668?si=6nN79nyQICPU5iTh"]},{"@type":"Person","@id":"https:\/\/www.fiscalia.gov.co\/colombia\/#\/schema\/person\/bf84402cf293a5393e9c70b111020b24","name":"Jordan Leandro Oviedo Anzola","image":{"@type":"ImageObject","inLanguage":"es-CO","@id":"https:\/\/www.fiscalia.gov.co\/colombia\/#\/schema\/person\/image\/","url":"https:\/\/secure.gravatar.com\/avatar\/dabba4346fa9b9207d96adafa8f92721?s=96&d=mm&r=g","contentUrl":"https:\/\/secure.gravatar.com\/avatar\/dabba4346fa9b9207d96adafa8f92721?s=96&d=mm&r=g","caption":"Jordan Leandro Oviedo Anzola"},"url":"https:\/\/www.fiscalia.gov.co\/colombia\/author\/joviedo\/"}]}},"_links":{"self":[{"href":"https:\/\/www.fiscalia.gov.co\/colombia\/wp-json\/wp\/v2\/posts\/266625","targetHints":{"allow":["GET"]}}],"collection":[{"href":"https:\/\/www.fiscalia.gov.co\/colombia\/wp-json\/wp\/v2\/posts"}],"about":[{"href":"https:\/\/www.fiscalia.gov.co\/colombia\/wp-json\/wp\/v2\/types\/post"}],"author":[{"embeddable":true,"href":"https:\/\/www.fiscalia.gov.co\/colombia\/wp-json\/wp\/v2\/users\/177"}],"replies":[{"embeddable":true,"href":"https:\/\/www.fiscalia.gov.co\/colombia\/wp-json\/wp\/v2\/comments?post=266625"}],"version-history":[{"count":2,"href":"https:\/\/www.fiscalia.gov.co\/colombia\/wp-json\/wp\/v2\/posts\/266625\/revisions"}],"predecessor-version":[{"id":266628,"href":"https:\/\/www.fiscalia.gov.co\/colombia\/wp-json\/wp\/v2\/posts\/266625\/revisions\/266628"}],"wp:attachment":[{"href":"https:\/\/www.fiscalia.gov.co\/colombia\/wp-json\/wp\/v2\/media?parent=266625"}],"wp:term":[{"taxonomy":"category","embeddable":true,"href":"https:\/\/www.fiscalia.gov.co\/colombia\/wp-json\/wp\/v2\/categories?post=266625"},{"taxonomy":"post_tag","embeddable":true,"href":"https:\/\/www.fiscalia.gov.co\/colombia\/wp-json\/wp\/v2\/tags?post=266625"}],"curies":[{"name":"wp","href":"https:\/\/api.w.org\/{rel}","templated":true}]}}