{"id":266573,"date":"2023-02-16T10:54:29","date_gmt":"2023-02-16T15:54:29","guid":{"rendered":"https:\/\/www.fiscalia.gov.co\/colombia\/?p=266573"},"modified":"2023-02-16T10:54:29","modified_gmt":"2023-02-16T15:54:29","slug":"fiscalia-logro-judicializar-en-tiempo-record-un-extranjero-que-al-parecer-estaria-extorsionando-comerciantes-de-puerto-carreno-vichada","status":"publish","type":"post","link":"https:\/\/www.fiscalia.gov.co\/colombia\/noticias\/fiscalia-logro-judicializar-en-tiempo-record-un-extranjero-que-al-parecer-estaria-extorsionando-comerciantes-de-puerto-carreno-vichada\/","title":{"rendered":"Fiscal\u00eda logr\u00f3 judicializar en tiempo r\u00e9cord un extranjero que, al parecer, estar\u00eda extorsionando comerciantes de Puerto Carre\u00f1o (Vichada)"},"content":{"rendered":"<h4><strong><em>La operaci\u00f3n se program\u00f3 en coordinaci\u00f3n con la polic\u00eda y en menos de una hora, se logr\u00f3 la captura de este hombre en flagrancia.<\/em><\/strong><\/h4>\n<figure id=\"attachment_266574\" aria-describedby=\"caption-attachment-266574\" style=\"width: 696px\" class=\"wp-caption aligncenter\"><img loading=\"lazy\" decoding=\"async\" class=\"size-large wp-image-266574\" src=\"https:\/\/www.fiscalia.gov.co\/colombia\/wp-content\/uploads\/6a477ddc-ce67-4821-b268-cd876b428adc-1024x635.jpg\" alt=\"El capturado esta con sus manos a la espalda, esposado y custodiado por dos uniformados de la Polic\u00eda Nacional y detr\u00e1s de ellos est\u00e1 un pend\u00f3n institucional\" width=\"696\" height=\"432\" srcset=\"https:\/\/www.fiscalia.gov.co\/colombia\/wp-content\/uploads\/6a477ddc-ce67-4821-b268-cd876b428adc-1024x635.jpg 1024w, https:\/\/www.fiscalia.gov.co\/colombia\/wp-content\/uploads\/6a477ddc-ce67-4821-b268-cd876b428adc-300x186.jpg 300w, https:\/\/www.fiscalia.gov.co\/colombia\/wp-content\/uploads\/6a477ddc-ce67-4821-b268-cd876b428adc-768x476.jpg 768w, https:\/\/www.fiscalia.gov.co\/colombia\/wp-content\/uploads\/6a477ddc-ce67-4821-b268-cd876b428adc-1536x952.jpg 1536w, https:\/\/www.fiscalia.gov.co\/colombia\/wp-content\/uploads\/6a477ddc-ce67-4821-b268-cd876b428adc-696x432.jpg 696w, https:\/\/www.fiscalia.gov.co\/colombia\/wp-content\/uploads\/6a477ddc-ce67-4821-b268-cd876b428adc-1068x662.jpg 1068w, https:\/\/www.fiscalia.gov.co\/colombia\/wp-content\/uploads\/6a477ddc-ce67-4821-b268-cd876b428adc-677x420.jpg 677w, https:\/\/www.fiscalia.gov.co\/colombia\/wp-content\/uploads\/6a477ddc-ce67-4821-b268-cd876b428adc-356x220.jpg 356w, https:\/\/www.fiscalia.gov.co\/colombia\/wp-content\/uploads\/6a477ddc-ce67-4821-b268-cd876b428adc.jpg 1600w\" sizes=\"auto, (max-width: 696px) 100vw, 696px\" \/><figcaption id=\"caption-attachment-266574\" class=\"wp-caption-text\">Mayerson Fernando Infante Tovar fue capturado en flagrancia cuando recib\u00eda una fuerte suma de dinero, al parecer producto de una extorsi\u00f3n a un comerciante en Puerto Carre\u00f1o Vichada. La entrega se hizo de manera coordinada<\/figcaption><\/figure>\n<p><em>\u00a0<\/em>Gracias a la denuncia oportuna de la v\u00edctima y a la r\u00e1pida acci\u00f3n de la Fiscal\u00eda en la seccional Vichada, se logr\u00f3 capturar en flagrancia a <strong>Mayerson Fernando Infante Tovar, <\/strong>en momentos en que recib\u00eda una importante suma de dinero producto de llamadas <a href=\"https:\/\/www.fiscalia.gov.co\/colombia\/noticias\/a-la-carcel-tres-personas-que-habrian-extorsionado-a-un-comerciante-de-cucuta\/\">extorsivas <\/a>a un comerciante de la ciudad de Puerto Carre\u00f1o, en el departamento del Vichada.<\/p>\n<p>Seg\u00fan la denuncia, <strong>Infante Tovar <\/strong>ser\u00eda el responsable de hacer las llamadas de tipo extorsivo y del env\u00edo de mensajes intimidantes, donde hac\u00eda la exigencia de gruesas sumas de dinero a la v\u00edctima a cambio de <a href=\"https:\/\/www.fiscalia.gov.co\/colombia\/noticias\/judicializado-alias-cachetes-presunto-integrante-de-los-incendiarios-por-extorsion\/\"><strong>no atentar<\/strong> <\/a>contra su integridad personal, la de su familia y sus bienes.<\/p>\n<p>Tan pronto se conoci\u00f3 la denuncia, el ente acusador coordin\u00f3 una entrega de dinero controlada para adelantar el procedimiento.<\/p>\n<p>Un Fiscal lo imput\u00f3 por el delito de <a href=\"https:\/\/www.fiscalia.gov.co\/colombia\/noticias\/judicializados-tres-presuntos-integrantes-de-la-banda-los-sambas-quienes-pretendian-extorsionar-a-un-ciudadano\/\"><strong>extorsi\u00f3n agravada<\/strong> <\/a><strong>en grado de tentativa<\/strong>, y ante la contundencia de los elementos materiales probatorios que llev\u00f3 la el ente acusador ante el juez, el capturado no tuvo otra opci\u00f3n que aceptar los cargos endilgados en su contra.<\/p>\n<p>El juez acogi\u00f3 todas las pretensiones de la Fiscal\u00eda por lo que legaliz\u00f3 la captura de <strong>Infante Tovar, <\/strong>y de dictar medida carcelaria en su contra.<\/p>\n<p>Esta informaci\u00f3n se publica por razones de inter\u00e9s general.<\/p>\n<p><strong>La Fiscal\u00eda habla con resultados.<\/strong><\/p>\n<p><strong>\u00a0<\/strong><\/p>\n<p>&nbsp;<\/p>\n<p>&nbsp;<\/p>\n<p>&nbsp;<\/p>\n<p>&nbsp;<\/p>\n<p><strong>\u00a0<\/strong><\/p>\n<p>LAZL\/FAGH\/CMCHC\/DSV\/<\/p>\n<p>&nbsp;<\/p>\n<p>&nbsp;<\/p>\n<p>&nbsp;<\/p>\n<p>&nbsp;<\/p>\n<p>&nbsp;<\/p>\n<p>&nbsp;<\/p>\n<div class=\"td-post-content tagdiv-type\">\n<p><em>La informaci\u00f3n contenida en este bolet\u00edn de prensa corresponde a la narraci\u00f3n de los hechos noticiosos objetivos, y las investigaciones penales al interior de la Fiscal\u00eda General de la Naci\u00f3n. Para el momento de la divulgaci\u00f3n de este comunicado, la situaci\u00f3n jur\u00eddica de la(s) persona(s) relacionada(s) se encuentra pendiente de resolver por la autoridad judicial competente, siempre bajo los preceptos de la presunci\u00f3n de inocencia, consagrados en el art\u00edculo 29 de la Constituci\u00f3n Pol\u00edtica y el art\u00edculo 7\u00ba de la Ley 906 de 2004.<\/em><\/p>\n<\/div>\n\n<div class=\"twitter-share\"><a href=\"https:\/\/twitter.com\/intent\/tweet?via=fiscaliacol\" class=\"twitter-share-button\">Tweet<\/a><\/div>\n","protected":false},"excerpt":{"rendered":"<p>La operaci\u00f3n se program\u00f3 en coordinaci\u00f3n con la polic\u00eda y en menos de una hora, se logr\u00f3 la captura de este hombre en flagrancia. \u00a0Gracias a la denuncia oportuna de la v\u00edctima y a la r\u00e1pida acci\u00f3n de la Fiscal\u00eda en la seccional Vichada, se logr\u00f3 capturar en flagrancia a Mayerson Fernando Infante Tovar, en [&hellip;]<\/p>\n","protected":false},"author":177,"featured_media":0,"comment_status":"closed","ping_status":"open","sticky":false,"template":"","format":"standard","meta":{"_price":"","_stock":"","_tribe_ticket_header":"","_tribe_default_ticket_provider":"","_tribe_ticket_capacity":"0","_ticket_start_date":"","_ticket_end_date":"","_tribe_ticket_show_description":"","_tribe_ticket_show_not_going":false,"_tribe_ticket_use_global_stock":"","_tribe_ticket_global_stock_level":"","_global_stock_mode":"","_global_stock_cap":"","_tribe_rsvp_for_event":"","_tribe_ticket_going_count":"","_tribe_ticket_not_going_count":"","_tribe_tickets_list":"[]","_tribe_ticket_has_attendee_info_fields":false,"tdm_status":"","tdm_grid_status":"","footnotes":""},"categories":[1,12637,303,24099],"tags":[654,871,24185,1047,31918],"class_list":{"0":"post-266573","1":"post","2":"type-post","3":"status-publish","4":"format-standard","6":"category-noticias","7":"category-seccional-vichada","8":"category-seccionales","9":"category-seguridad-territorial","10":"tag-comerciantes","11":"tag-extorion","12":"tag-fiscal-barbosa","13":"tag-fiscalia-general-de-la-nacion","14":"tag-puerto-carreno-vichada"},"yoast_head":"<!-- This site is optimized with the Yoast SEO plugin v24.3 - https:\/\/yoast.com\/wordpress\/plugins\/seo\/ -->\n<title>Fiscal\u00eda General de la Naci\u00f3n<\/title>\n<meta name=\"description\" content=\"P\u00e1gina oficial de la Fiscal\u00eda General de la Naci\u00f3n \u2013 Colombia. Garantizamos el acceso efectivo a la justicia, la verdad y la reparaci\u00f3n de las v\u00edctimas de los delitos.\" \/>\n<meta name=\"robots\" content=\"noindex, follow\" \/>\n<meta property=\"og:locale\" content=\"es_ES\" \/>\n<meta property=\"og:type\" content=\"article\" \/>\n<meta property=\"og:title\" content=\"Fiscal\u00eda General de la Naci\u00f3n\" \/>\n<meta property=\"og:description\" content=\"P\u00e1gina oficial de la Fiscal\u00eda General de la Naci\u00f3n \u2013 Colombia. Garantizamos el acceso efectivo a la justicia, la verdad y la reparaci\u00f3n de las v\u00edctimas de los delitos.\" \/>\n<meta property=\"og:url\" content=\"https:\/\/www.fiscalia.gov.co\/colombia\/noticias\/fiscalia-logro-judicializar-en-tiempo-record-un-extranjero-que-al-parecer-estaria-extorsionando-comerciantes-de-puerto-carreno-vichada\/\" \/>\n<meta property=\"og:site_name\" content=\"Fiscal\u00eda General de la Naci\u00f3n\" \/>\n<meta property=\"article:publisher\" content=\"https:\/\/www.facebook.com\/FiscaliaCol\" \/>\n<meta property=\"article:published_time\" content=\"2023-02-16T15:54:29+00:00\" \/>\n<meta property=\"og:image\" content=\"https:\/\/www.fiscalia.gov.co\/colombia\/wp-content\/uploads\/6a477ddc-ce67-4821-b268-cd876b428adc-1024x635.jpg\" \/>\n<meta name=\"author\" content=\"Jordan Leandro Oviedo Anzola\" \/>\n<meta name=\"twitter:card\" content=\"summary_large_image\" \/>\n<meta name=\"twitter:creator\" content=\"@FiscaliaCol\" \/>\n<meta name=\"twitter:site\" content=\"@FiscaliaCol\" \/>\n<meta name=\"twitter:label1\" content=\"Escrito por\" \/>\n\t<meta name=\"twitter:data1\" content=\"Jordan Leandro Oviedo Anzola\" \/>\n\t<meta name=\"twitter:label2\" content=\"Tiempo de lectura\" \/>\n\t<meta name=\"twitter:data2\" content=\"2 minutos\" \/>\n<script type=\"application\/ld+json\" class=\"yoast-schema-graph\">{\"@context\":\"https:\/\/schema.org\",\"@graph\":[{\"@type\":\"Article\",\"@id\":\"https:\/\/www.fiscalia.gov.co\/colombia\/noticias\/fiscalia-logro-judicializar-en-tiempo-record-un-extranjero-que-al-parecer-estaria-extorsionando-comerciantes-de-puerto-carreno-vichada\/#article\",\"isPartOf\":{\"@id\":\"https:\/\/www.fiscalia.gov.co\/colombia\/noticias\/fiscalia-logro-judicializar-en-tiempo-record-un-extranjero-que-al-parecer-estaria-extorsionando-comerciantes-de-puerto-carreno-vichada\/\"},\"author\":{\"name\":\"Jordan Leandro Oviedo Anzola\",\"@id\":\"https:\/\/www.fiscalia.gov.co\/colombia\/#\/schema\/person\/bf84402cf293a5393e9c70b111020b24\"},\"headline\":\"Fiscal\u00eda logr\u00f3 judicializar en tiempo r\u00e9cord un extranjero que, al parecer, estar\u00eda extorsionando comerciantes de Puerto Carre\u00f1o (Vichada)\",\"datePublished\":\"2023-02-16T15:54:29+00:00\",\"dateModified\":\"2023-02-16T15:54:29+00:00\",\"mainEntityOfPage\":{\"@id\":\"https:\/\/www.fiscalia.gov.co\/colombia\/noticias\/fiscalia-logro-judicializar-en-tiempo-record-un-extranjero-que-al-parecer-estaria-extorsionando-comerciantes-de-puerto-carreno-vichada\/\"},\"wordCount\":433,\"publisher\":{\"@id\":\"https:\/\/www.fiscalia.gov.co\/colombia\/#organization\"},\"image\":{\"@id\":\"https:\/\/www.fiscalia.gov.co\/colombia\/noticias\/fiscalia-logro-judicializar-en-tiempo-record-un-extranjero-que-al-parecer-estaria-extorsionando-comerciantes-de-puerto-carreno-vichada\/#primaryimage\"},\"thumbnailUrl\":\"https:\/\/www.fiscalia.gov.co\/colombia\/wp-content\/uploads\/6a477ddc-ce67-4821-b268-cd876b428adc-1024x635.jpg\",\"keywords\":[\"Comerciantes\",\"Extorsi\u00f3n\",\"Fiscal Barbosa\",\"Fiscal\u00eda General de la Naci\u00f3n\",\"Puerto Carre\u00f1o (Vichada)\"],\"articleSection\":[\"Noticias\",\"Seccional Vichada\",\"Seccionales\",\"Seguridad territorial\"],\"inLanguage\":\"es-CO\"},{\"@type\":\"WebPage\",\"@id\":\"https:\/\/www.fiscalia.gov.co\/colombia\/noticias\/fiscalia-logro-judicializar-en-tiempo-record-un-extranjero-que-al-parecer-estaria-extorsionando-comerciantes-de-puerto-carreno-vichada\/\",\"url\":\"https:\/\/www.fiscalia.gov.co\/colombia\/noticias\/fiscalia-logro-judicializar-en-tiempo-record-un-extranjero-que-al-parecer-estaria-extorsionando-comerciantes-de-puerto-carreno-vichada\/\",\"name\":\"Fiscal\u00eda General de la Naci\u00f3n\",\"isPartOf\":{\"@id\":\"https:\/\/www.fiscalia.gov.co\/colombia\/#website\"},\"primaryImageOfPage\":{\"@id\":\"https:\/\/www.fiscalia.gov.co\/colombia\/noticias\/fiscalia-logro-judicializar-en-tiempo-record-un-extranjero-que-al-parecer-estaria-extorsionando-comerciantes-de-puerto-carreno-vichada\/#primaryimage\"},\"image\":{\"@id\":\"https:\/\/www.fiscalia.gov.co\/colombia\/noticias\/fiscalia-logro-judicializar-en-tiempo-record-un-extranjero-que-al-parecer-estaria-extorsionando-comerciantes-de-puerto-carreno-vichada\/#primaryimage\"},\"thumbnailUrl\":\"https:\/\/www.fiscalia.gov.co\/colombia\/wp-content\/uploads\/6a477ddc-ce67-4821-b268-cd876b428adc-1024x635.jpg\",\"datePublished\":\"2023-02-16T15:54:29+00:00\",\"dateModified\":\"2023-02-16T15:54:29+00:00\",\"description\":\"P\u00e1gina oficial de la Fiscal\u00eda General de la Naci\u00f3n \u2013 Colombia. Garantizamos el acceso efectivo a la justicia, la verdad y la reparaci\u00f3n de las v\u00edctimas de los delitos.\",\"breadcrumb\":{\"@id\":\"https:\/\/www.fiscalia.gov.co\/colombia\/noticias\/fiscalia-logro-judicializar-en-tiempo-record-un-extranjero-que-al-parecer-estaria-extorsionando-comerciantes-de-puerto-carreno-vichada\/#breadcrumb\"},\"inLanguage\":\"es-CO\",\"potentialAction\":[{\"@type\":\"ReadAction\",\"target\":[\"https:\/\/www.fiscalia.gov.co\/colombia\/noticias\/fiscalia-logro-judicializar-en-tiempo-record-un-extranjero-que-al-parecer-estaria-extorsionando-comerciantes-de-puerto-carreno-vichada\/\"]}]},{\"@type\":\"ImageObject\",\"inLanguage\":\"es-CO\",\"@id\":\"https:\/\/www.fiscalia.gov.co\/colombia\/noticias\/fiscalia-logro-judicializar-en-tiempo-record-un-extranjero-que-al-parecer-estaria-extorsionando-comerciantes-de-puerto-carreno-vichada\/#primaryimage\",\"url\":\"https:\/\/www.fiscalia.gov.co\/colombia\/wp-content\/uploads\/6a477ddc-ce67-4821-b268-cd876b428adc.jpg\",\"contentUrl\":\"https:\/\/www.fiscalia.gov.co\/colombia\/wp-content\/uploads\/6a477ddc-ce67-4821-b268-cd876b428adc.jpg\",\"width\":1600,\"height\":992,\"caption\":\"Mayerson Fernando Infante Tovar fue capturado en flagrancia cuando recib\u00eda una fuerte suma de dinero, al parecer producto de una extorsi\u00f3n a un comerciante en Puerto Carre\u00f1o Vichada. La entrega se hizo de manera coordinada\"},{\"@type\":\"BreadcrumbList\",\"@id\":\"https:\/\/www.fiscalia.gov.co\/colombia\/noticias\/fiscalia-logro-judicializar-en-tiempo-record-un-extranjero-que-al-parecer-estaria-extorsionando-comerciantes-de-puerto-carreno-vichada\/#breadcrumb\",\"itemListElement\":[{\"@type\":\"ListItem\",\"position\":1,\"name\":\"Home\",\"item\":\"https:\/\/www.fiscalia.gov.co\/colombia\/\"},{\"@type\":\"ListItem\",\"position\":2,\"name\":\"Fiscal\u00eda logr\u00f3 judicializar en tiempo r\u00e9cord un extranjero que, al parecer, estar\u00eda extorsionando comerciantes de Puerto Carre\u00f1o (Vichada)\"}]},{\"@type\":\"WebSite\",\"@id\":\"https:\/\/www.fiscalia.gov.co\/colombia\/#website\",\"url\":\"https:\/\/www.fiscalia.gov.co\/colombia\/\",\"name\":\"Fiscal\u00eda General de la Naci\u00f3n\",\"description\":\"P\u00e1gina oficial de la Fiscal\u00eda General de la Naci\u00f3n \u2013 Colombia. Garantizamos el acceso efectivo a la justicia, la verdad y la reparaci\u00f3n de las v\u00edctimas de los delitos.\",\"publisher\":{\"@id\":\"https:\/\/www.fiscalia.gov.co\/colombia\/#organization\"},\"potentialAction\":[{\"@type\":\"SearchAction\",\"target\":{\"@type\":\"EntryPoint\",\"urlTemplate\":\"https:\/\/www.fiscalia.gov.co\/colombia\/?s={search_term_string}\"},\"query-input\":{\"@type\":\"PropertyValueSpecification\",\"valueRequired\":true,\"valueName\":\"search_term_string\"}}],\"inLanguage\":\"es-CO\"},{\"@type\":\"Organization\",\"@id\":\"https:\/\/www.fiscalia.gov.co\/colombia\/#organization\",\"name\":\"Fiscal\u00eda General de la Naci\u00f3n\",\"url\":\"https:\/\/www.fiscalia.gov.co\/colombia\/\",\"logo\":{\"@type\":\"ImageObject\",\"inLanguage\":\"es-CO\",\"@id\":\"https:\/\/www.fiscalia.gov.co\/colombia\/#\/schema\/logo\/image\/\",\"url\":\"https:\/\/www.fiscalia.gov.co\/colombia\/wp-content\/uploads\/LogoHorizontal_1.jpg\",\"contentUrl\":\"https:\/\/www.fiscalia.gov.co\/colombia\/wp-content\/uploads\/LogoHorizontal_1.jpg\",\"width\":300,\"height\":90,\"caption\":\"Fiscal\u00eda General de la Naci\u00f3n\"},\"image\":{\"@id\":\"https:\/\/www.fiscalia.gov.co\/colombia\/#\/schema\/logo\/image\/\"},\"sameAs\":[\"https:\/\/www.facebook.com\/FiscaliaCol\",\"https:\/\/x.com\/FiscaliaCol\",\"https:\/\/www.instagram.com\/fiscaliacol\",\"https:\/\/www.linkedin.com\/company\/fiscalia-general-de-la-naci-n\/\",\"https:\/\/youtube.com\/@fiscaliageneraldelanacion-4668?si=6nN79nyQICPU5iTh\"]},{\"@type\":\"Person\",\"@id\":\"https:\/\/www.fiscalia.gov.co\/colombia\/#\/schema\/person\/bf84402cf293a5393e9c70b111020b24\",\"name\":\"Jordan Leandro Oviedo Anzola\",\"image\":{\"@type\":\"ImageObject\",\"inLanguage\":\"es-CO\",\"@id\":\"https:\/\/www.fiscalia.gov.co\/colombia\/#\/schema\/person\/image\/\",\"url\":\"https:\/\/secure.gravatar.com\/avatar\/dabba4346fa9b9207d96adafa8f92721?s=96&d=mm&r=g\",\"contentUrl\":\"https:\/\/secure.gravatar.com\/avatar\/dabba4346fa9b9207d96adafa8f92721?s=96&d=mm&r=g\",\"caption\":\"Jordan Leandro Oviedo Anzola\"},\"url\":\"https:\/\/www.fiscalia.gov.co\/colombia\/author\/joviedo\/\"}]}<\/script>\n<!-- \/ Yoast SEO plugin. -->","yoast_head_json":{"title":"Fiscal\u00eda General de la Naci\u00f3n","description":"P\u00e1gina oficial de la Fiscal\u00eda General de la Naci\u00f3n \u2013 Colombia. Garantizamos el acceso efectivo a la justicia, la verdad y la reparaci\u00f3n de las v\u00edctimas de los delitos.","robots":{"index":"noindex","follow":"follow"},"og_locale":"es_ES","og_type":"article","og_title":"Fiscal\u00eda General de la Naci\u00f3n","og_description":"P\u00e1gina oficial de la Fiscal\u00eda General de la Naci\u00f3n \u2013 Colombia. Garantizamos el acceso efectivo a la justicia, la verdad y la reparaci\u00f3n de las v\u00edctimas de los delitos.","og_url":"https:\/\/www.fiscalia.gov.co\/colombia\/noticias\/fiscalia-logro-judicializar-en-tiempo-record-un-extranjero-que-al-parecer-estaria-extorsionando-comerciantes-de-puerto-carreno-vichada\/","og_site_name":"Fiscal\u00eda General de la Naci\u00f3n","article_publisher":"https:\/\/www.facebook.com\/FiscaliaCol","article_published_time":"2023-02-16T15:54:29+00:00","og_image":[{"url":"https:\/\/www.fiscalia.gov.co\/colombia\/wp-content\/uploads\/6a477ddc-ce67-4821-b268-cd876b428adc-1024x635.jpg","type":"","width":"","height":""}],"author":"Jordan Leandro Oviedo Anzola","twitter_card":"summary_large_image","twitter_creator":"@FiscaliaCol","twitter_site":"@FiscaliaCol","twitter_misc":{"Escrito por":"Jordan Leandro Oviedo Anzola","Tiempo de lectura":"2 minutos"},"schema":{"@context":"https:\/\/schema.org","@graph":[{"@type":"Article","@id":"https:\/\/www.fiscalia.gov.co\/colombia\/noticias\/fiscalia-logro-judicializar-en-tiempo-record-un-extranjero-que-al-parecer-estaria-extorsionando-comerciantes-de-puerto-carreno-vichada\/#article","isPartOf":{"@id":"https:\/\/www.fiscalia.gov.co\/colombia\/noticias\/fiscalia-logro-judicializar-en-tiempo-record-un-extranjero-que-al-parecer-estaria-extorsionando-comerciantes-de-puerto-carreno-vichada\/"},"author":{"name":"Jordan Leandro Oviedo Anzola","@id":"https:\/\/www.fiscalia.gov.co\/colombia\/#\/schema\/person\/bf84402cf293a5393e9c70b111020b24"},"headline":"Fiscal\u00eda logr\u00f3 judicializar en tiempo r\u00e9cord un extranjero que, al parecer, estar\u00eda extorsionando comerciantes de Puerto Carre\u00f1o (Vichada)","datePublished":"2023-02-16T15:54:29+00:00","dateModified":"2023-02-16T15:54:29+00:00","mainEntityOfPage":{"@id":"https:\/\/www.fiscalia.gov.co\/colombia\/noticias\/fiscalia-logro-judicializar-en-tiempo-record-un-extranjero-que-al-parecer-estaria-extorsionando-comerciantes-de-puerto-carreno-vichada\/"},"wordCount":433,"publisher":{"@id":"https:\/\/www.fiscalia.gov.co\/colombia\/#organization"},"image":{"@id":"https:\/\/www.fiscalia.gov.co\/colombia\/noticias\/fiscalia-logro-judicializar-en-tiempo-record-un-extranjero-que-al-parecer-estaria-extorsionando-comerciantes-de-puerto-carreno-vichada\/#primaryimage"},"thumbnailUrl":"https:\/\/www.fiscalia.gov.co\/colombia\/wp-content\/uploads\/6a477ddc-ce67-4821-b268-cd876b428adc-1024x635.jpg","keywords":["Comerciantes","Extorsi\u00f3n","Fiscal Barbosa","Fiscal\u00eda General de la Naci\u00f3n","Puerto Carre\u00f1o (Vichada)"],"articleSection":["Noticias","Seccional Vichada","Seccionales","Seguridad territorial"],"inLanguage":"es-CO"},{"@type":"WebPage","@id":"https:\/\/www.fiscalia.gov.co\/colombia\/noticias\/fiscalia-logro-judicializar-en-tiempo-record-un-extranjero-que-al-parecer-estaria-extorsionando-comerciantes-de-puerto-carreno-vichada\/","url":"https:\/\/www.fiscalia.gov.co\/colombia\/noticias\/fiscalia-logro-judicializar-en-tiempo-record-un-extranjero-que-al-parecer-estaria-extorsionando-comerciantes-de-puerto-carreno-vichada\/","name":"Fiscal\u00eda General de la Naci\u00f3n","isPartOf":{"@id":"https:\/\/www.fiscalia.gov.co\/colombia\/#website"},"primaryImageOfPage":{"@id":"https:\/\/www.fiscalia.gov.co\/colombia\/noticias\/fiscalia-logro-judicializar-en-tiempo-record-un-extranjero-que-al-parecer-estaria-extorsionando-comerciantes-de-puerto-carreno-vichada\/#primaryimage"},"image":{"@id":"https:\/\/www.fiscalia.gov.co\/colombia\/noticias\/fiscalia-logro-judicializar-en-tiempo-record-un-extranjero-que-al-parecer-estaria-extorsionando-comerciantes-de-puerto-carreno-vichada\/#primaryimage"},"thumbnailUrl":"https:\/\/www.fiscalia.gov.co\/colombia\/wp-content\/uploads\/6a477ddc-ce67-4821-b268-cd876b428adc-1024x635.jpg","datePublished":"2023-02-16T15:54:29+00:00","dateModified":"2023-02-16T15:54:29+00:00","description":"P\u00e1gina oficial de la Fiscal\u00eda General de la Naci\u00f3n \u2013 Colombia. Garantizamos el acceso efectivo a la justicia, la verdad y la reparaci\u00f3n de las v\u00edctimas de los delitos.","breadcrumb":{"@id":"https:\/\/www.fiscalia.gov.co\/colombia\/noticias\/fiscalia-logro-judicializar-en-tiempo-record-un-extranjero-que-al-parecer-estaria-extorsionando-comerciantes-de-puerto-carreno-vichada\/#breadcrumb"},"inLanguage":"es-CO","potentialAction":[{"@type":"ReadAction","target":["https:\/\/www.fiscalia.gov.co\/colombia\/noticias\/fiscalia-logro-judicializar-en-tiempo-record-un-extranjero-que-al-parecer-estaria-extorsionando-comerciantes-de-puerto-carreno-vichada\/"]}]},{"@type":"ImageObject","inLanguage":"es-CO","@id":"https:\/\/www.fiscalia.gov.co\/colombia\/noticias\/fiscalia-logro-judicializar-en-tiempo-record-un-extranjero-que-al-parecer-estaria-extorsionando-comerciantes-de-puerto-carreno-vichada\/#primaryimage","url":"https:\/\/www.fiscalia.gov.co\/colombia\/wp-content\/uploads\/6a477ddc-ce67-4821-b268-cd876b428adc.jpg","contentUrl":"https:\/\/www.fiscalia.gov.co\/colombia\/wp-content\/uploads\/6a477ddc-ce67-4821-b268-cd876b428adc.jpg","width":1600,"height":992,"caption":"Mayerson Fernando Infante Tovar fue capturado en flagrancia cuando recib\u00eda una fuerte suma de dinero, al parecer producto de una extorsi\u00f3n a un comerciante en Puerto Carre\u00f1o Vichada. La entrega se hizo de manera coordinada"},{"@type":"BreadcrumbList","@id":"https:\/\/www.fiscalia.gov.co\/colombia\/noticias\/fiscalia-logro-judicializar-en-tiempo-record-un-extranjero-que-al-parecer-estaria-extorsionando-comerciantes-de-puerto-carreno-vichada\/#breadcrumb","itemListElement":[{"@type":"ListItem","position":1,"name":"Home","item":"https:\/\/www.fiscalia.gov.co\/colombia\/"},{"@type":"ListItem","position":2,"name":"Fiscal\u00eda logr\u00f3 judicializar en tiempo r\u00e9cord un extranjero que, al parecer, estar\u00eda extorsionando comerciantes de Puerto Carre\u00f1o (Vichada)"}]},{"@type":"WebSite","@id":"https:\/\/www.fiscalia.gov.co\/colombia\/#website","url":"https:\/\/www.fiscalia.gov.co\/colombia\/","name":"Fiscal\u00eda General de la Naci\u00f3n","description":"P\u00e1gina oficial de la Fiscal\u00eda General de la Naci\u00f3n \u2013 Colombia. Garantizamos el acceso efectivo a la justicia, la verdad y la reparaci\u00f3n de las v\u00edctimas de los delitos.","publisher":{"@id":"https:\/\/www.fiscalia.gov.co\/colombia\/#organization"},"potentialAction":[{"@type":"SearchAction","target":{"@type":"EntryPoint","urlTemplate":"https:\/\/www.fiscalia.gov.co\/colombia\/?s={search_term_string}"},"query-input":{"@type":"PropertyValueSpecification","valueRequired":true,"valueName":"search_term_string"}}],"inLanguage":"es-CO"},{"@type":"Organization","@id":"https:\/\/www.fiscalia.gov.co\/colombia\/#organization","name":"Fiscal\u00eda General de la Naci\u00f3n","url":"https:\/\/www.fiscalia.gov.co\/colombia\/","logo":{"@type":"ImageObject","inLanguage":"es-CO","@id":"https:\/\/www.fiscalia.gov.co\/colombia\/#\/schema\/logo\/image\/","url":"https:\/\/www.fiscalia.gov.co\/colombia\/wp-content\/uploads\/LogoHorizontal_1.jpg","contentUrl":"https:\/\/www.fiscalia.gov.co\/colombia\/wp-content\/uploads\/LogoHorizontal_1.jpg","width":300,"height":90,"caption":"Fiscal\u00eda General de la Naci\u00f3n"},"image":{"@id":"https:\/\/www.fiscalia.gov.co\/colombia\/#\/schema\/logo\/image\/"},"sameAs":["https:\/\/www.facebook.com\/FiscaliaCol","https:\/\/x.com\/FiscaliaCol","https:\/\/www.instagram.com\/fiscaliacol","https:\/\/www.linkedin.com\/company\/fiscalia-general-de-la-naci-n\/","https:\/\/youtube.com\/@fiscaliageneraldelanacion-4668?si=6nN79nyQICPU5iTh"]},{"@type":"Person","@id":"https:\/\/www.fiscalia.gov.co\/colombia\/#\/schema\/person\/bf84402cf293a5393e9c70b111020b24","name":"Jordan Leandro Oviedo Anzola","image":{"@type":"ImageObject","inLanguage":"es-CO","@id":"https:\/\/www.fiscalia.gov.co\/colombia\/#\/schema\/person\/image\/","url":"https:\/\/secure.gravatar.com\/avatar\/dabba4346fa9b9207d96adafa8f92721?s=96&d=mm&r=g","contentUrl":"https:\/\/secure.gravatar.com\/avatar\/dabba4346fa9b9207d96adafa8f92721?s=96&d=mm&r=g","caption":"Jordan Leandro Oviedo Anzola"},"url":"https:\/\/www.fiscalia.gov.co\/colombia\/author\/joviedo\/"}]}},"_links":{"self":[{"href":"https:\/\/www.fiscalia.gov.co\/colombia\/wp-json\/wp\/v2\/posts\/266573","targetHints":{"allow":["GET"]}}],"collection":[{"href":"https:\/\/www.fiscalia.gov.co\/colombia\/wp-json\/wp\/v2\/posts"}],"about":[{"href":"https:\/\/www.fiscalia.gov.co\/colombia\/wp-json\/wp\/v2\/types\/post"}],"author":[{"embeddable":true,"href":"https:\/\/www.fiscalia.gov.co\/colombia\/wp-json\/wp\/v2\/users\/177"}],"replies":[{"embeddable":true,"href":"https:\/\/www.fiscalia.gov.co\/colombia\/wp-json\/wp\/v2\/comments?post=266573"}],"version-history":[{"count":1,"href":"https:\/\/www.fiscalia.gov.co\/colombia\/wp-json\/wp\/v2\/posts\/266573\/revisions"}],"predecessor-version":[{"id":266575,"href":"https:\/\/www.fiscalia.gov.co\/colombia\/wp-json\/wp\/v2\/posts\/266573\/revisions\/266575"}],"wp:attachment":[{"href":"https:\/\/www.fiscalia.gov.co\/colombia\/wp-json\/wp\/v2\/media?parent=266573"}],"wp:term":[{"taxonomy":"category","embeddable":true,"href":"https:\/\/www.fiscalia.gov.co\/colombia\/wp-json\/wp\/v2\/categories?post=266573"},{"taxonomy":"post_tag","embeddable":true,"href":"https:\/\/www.fiscalia.gov.co\/colombia\/wp-json\/wp\/v2\/tags?post=266573"}],"curies":[{"name":"wp","href":"https:\/\/api.w.org\/{rel}","templated":true}]}}