{"id":266501,"date":"2023-02-15T13:18:11","date_gmt":"2023-02-15T18:18:11","guid":{"rendered":"https:\/\/www.fiscalia.gov.co\/colombia\/?p=266501"},"modified":"2023-02-15T13:18:11","modified_gmt":"2023-02-15T18:18:11","slug":"la-fiscalia-logro-tres-condenas-contra-presuntos-responsables-de-multiples-delitos","status":"publish","type":"post","link":"https:\/\/www.fiscalia.gov.co\/colombia\/noticias\/la-fiscalia-logro-tres-condenas-contra-presuntos-responsables-de-multiples-delitos\/","title":{"rendered":"La Fiscal\u00eda logr\u00f3 tres condenas contra presuntos responsables de m\u00faltiples delitos"},"content":{"rendered":"<div>\n<p>El material probatorio aportado por la Fiscal\u00eda permiti\u00f3 que tres personas fueran condenadas por su responsabilidad en el delito de concierto para delinquir.<\/p>\n<p>Se trata de hechos aislados en los que fueron judicializados Giraldo Isarama Pedroza, Jhon Fredy Moya Chaverra, alias Sastre, y Jabian Alfredys Macias Palacios, alias Magiver.<\/p>\n<p><b>El primer caso se relaciona con Isarama Pedroza<\/b>, de 19 a\u00f1os, quien fue condenado a 11 a\u00f1os y 8 meses de prisi\u00f3n. Esta persona fue capturada vistiendo prendas de uso privativo de las Fuerzas Militares y portando un fusil con dos proveedores, 386 cartuchos para el mismo.<\/p>\n<p>Tambi\u00e9n le fueron hallados un chaleco multiprop\u00f3sito, cuatro brazaletes alusivos al Frente Baudo de las Autodefensas Gaitanistas de Colombia, un bloque de coca\u00edna y 142 papeletas de la misma sustancia.\u00a0La captura estuvo a cargo de la Armada Nacional tras un combate con el Clan del Golfo en el corregimiento de Arusi en Nuqui (Choc\u00f3).<\/p>\n<p><b>El segundo hecho tiene que ver con Jhon Fredy Moya Chaverra, alias Sastre<\/b>, de 46 a\u00f1os. Este hombre deber\u00e1 pagar una condena de 4 a\u00f1os y 4 meses de prisi\u00f3n, tras ser encontrado responsable del delito de concierto para delinquir agravado por darse para fabricaci\u00f3n, tr\u00e1fico y porte de armas de fuego.<\/p>\n<p>La Fiscal\u00eda demostr\u00f3 que alias Sastre hacia parte de una organizaci\u00f3n dedicada al expendio de estupefacientes a domicilio y en puntos fijos de los sectores de San Jos\u00e9 y\u00a0la Calle 33 del barrio Kennedy de Quibd\u00f3 (Choc\u00f3).<\/p>\n<p><b>Finalmente, Jabian Alfredys Macias Palacios, alias Magiver\u00a0<\/b>fue sentenciado a 4 a\u00f1os de prisi\u00f3n por su pertenencia a la estructura ilegal denominada Los \u00danicos que delinquen en Tad\u00f3 (Choc\u00f3).\u00a0Dicha organizaci\u00f3n, al parecer, se dedica a vender estupefacientes en Tad\u00f3 y otros municipios de aleda\u00f1os.<\/p>\n<p>El condenado cuenta con tres investigaciones por tr\u00e1fico, fabricaci\u00f3n o porte de estupefacientes, una por concierto para delinquir con fines de narcotr\u00e1fico y otra por violencia intrafamiliar. La condena debe pagar en centro de reclusi\u00f3n.<\/p>\n<p><strong>La Fiscal\u00eda General de la Naci\u00f3n habla con resultados.\u00a0<\/strong><\/p>\n<\/div>\n<p>&nbsp;<\/p>\n<p>&nbsp;<\/p>\n<p>&nbsp;<\/p>\n<p>&nbsp;<\/p>\n<p>&nbsp;<\/p>\n<p>&nbsp;<\/p>\n<div>\n<p>JLH\/MAGA\/DR\/DSCH<\/p>\n<p>&nbsp;<\/p>\n<\/div>\n<p>&nbsp;<\/p>\n<p>&nbsp;<\/p>\n<p>&nbsp;<\/p>\n<p>&nbsp;<\/p>\n<div>\n<p><i><span lang=\"ES\">La informaci\u00f3n contenida en este bolet\u00edn de prensa corresponde a la narraci\u00f3n de los hechos noticiosos objetivos, suministrados por los funcionarios encargados de adelantar las investigaciones penales al interior de la Fiscal\u00eda General de la Naci\u00f3n. Para el momento de la divulgaci\u00f3n de este comunicado, la situaci\u00f3n jur\u00eddica de la(s) persona(s) relacionada(s) se encuentra pendiente de resolver por la autoridad judicial competente, siempre bajo los preceptos de la presunci\u00f3n de inocencia, consagrados en el art\u00edculo 29 de la Constituci\u00f3n Pol\u00edtica y el art\u00edculo 7\u00ba de la Ley 906 de 2004.<\/span><\/i><i><span lang=\"ES\"><u><\/u>\u00a0<u><\/u><\/span><\/i><\/p>\n<\/div>\n\n<div class=\"twitter-share\"><a href=\"https:\/\/twitter.com\/intent\/tweet?via=fiscaliacol\" class=\"twitter-share-button\">Tweet<\/a><\/div>\n","protected":false},"excerpt":{"rendered":"<p>El material probatorio aportado por la Fiscal\u00eda permiti\u00f3 que tres personas fueran condenadas por su responsabilidad en el delito de concierto para delinquir. Se trata de hechos aislados en los que fueron judicializados Giraldo Isarama Pedroza, Jhon Fredy Moya Chaverra, alias Sastre, y Jabian Alfredys Macias Palacios, alias Magiver. El primer caso se relaciona con [&hellip;]<\/p>\n","protected":false},"author":177,"featured_media":0,"comment_status":"closed","ping_status":"open","sticky":false,"template":"","format":"standard","meta":{"_price":"","_stock":"","_tribe_ticket_header":"","_tribe_default_ticket_provider":"","_tribe_ticket_capacity":"0","_ticket_start_date":"","_ticket_end_date":"","_tribe_ticket_show_description":"","_tribe_ticket_show_not_going":false,"_tribe_ticket_use_global_stock":"","_tribe_ticket_global_stock_level":"","_global_stock_mode":"","_global_stock_cap":"","_tribe_rsvp_for_event":"","_tribe_ticket_going_count":"","_tribe_ticket_not_going_count":"","_tribe_tickets_list":"[]","_tribe_ticket_has_attendee_info_fields":false,"tdm_status":"","tdm_grid_status":"","footnotes":""},"categories":[1,2336,303,24099],"tags":[33965,33966,1099,83,33968,1047,28833,33969,33967,33964,33970,25613],"class_list":{"0":"post-266501","1":"post","2":"type-post","3":"status-publish","4":"format-standard","6":"category-noticias","7":"category-seccional-quibdo","8":"category-seccionales","9":"category-seguridad-territorial","10":"tag-alias-magiver-giraldo-isarama-pedroza-jhon-fredy-moya-chaverra","11":"tag-alias-sastre","12":"tag-armada-nacional","13":"tag-concierto-para-delinquir","14":"tag-corregimiento-de-arusi-en-nuqui-choco","15":"tag-fiscalia-general-de-la-nacion","16":"tag-fiscalia-seccional-choco","17":"tag-frente-baudo-de-las-autodefensas-gaitanistas-de-colombia","18":"tag-grupo-delincuencial-de-crimen-organizado-gdco-clan-del-golfo","19":"tag-jabian-alfredys-macias-palacios","20":"tag-los-unicos","21":"tag-quibdo-choco"},"yoast_head":"<!-- This site is optimized with the Yoast SEO plugin v24.3 - https:\/\/yoast.com\/wordpress\/plugins\/seo\/ -->\n<title>Fiscal\u00eda General de la Naci\u00f3n<\/title>\n<meta name=\"description\" content=\"P\u00e1gina oficial de la Fiscal\u00eda General de la Naci\u00f3n \u2013 Colombia. Garantizamos el acceso efectivo a la justicia, la verdad y la reparaci\u00f3n de las v\u00edctimas de los delitos.\" \/>\n<meta name=\"robots\" content=\"noindex, follow\" \/>\n<meta property=\"og:locale\" content=\"es_ES\" \/>\n<meta property=\"og:type\" content=\"article\" \/>\n<meta property=\"og:title\" content=\"Fiscal\u00eda General de la Naci\u00f3n\" \/>\n<meta property=\"og:description\" content=\"P\u00e1gina oficial de la Fiscal\u00eda General de la Naci\u00f3n \u2013 Colombia. Garantizamos el acceso efectivo a la justicia, la verdad y la reparaci\u00f3n de las v\u00edctimas de los delitos.\" \/>\n<meta property=\"og:url\" content=\"https:\/\/www.fiscalia.gov.co\/colombia\/noticias\/la-fiscalia-logro-tres-condenas-contra-presuntos-responsables-de-multiples-delitos\/\" \/>\n<meta property=\"og:site_name\" content=\"Fiscal\u00eda General de la Naci\u00f3n\" \/>\n<meta property=\"article:publisher\" content=\"https:\/\/www.facebook.com\/FiscaliaCol\" \/>\n<meta property=\"article:published_time\" content=\"2023-02-15T18:18:11+00:00\" \/>\n<meta name=\"author\" content=\"Jordan Leandro Oviedo Anzola\" \/>\n<meta name=\"twitter:card\" content=\"summary_large_image\" \/>\n<meta name=\"twitter:creator\" content=\"@FiscaliaCol\" \/>\n<meta name=\"twitter:site\" content=\"@FiscaliaCol\" \/>\n<meta name=\"twitter:label1\" content=\"Escrito por\" \/>\n\t<meta name=\"twitter:data1\" content=\"Jordan Leandro Oviedo Anzola\" \/>\n\t<meta name=\"twitter:label2\" content=\"Tiempo de lectura\" \/>\n\t<meta name=\"twitter:data2\" content=\"2 minutos\" \/>\n<script type=\"application\/ld+json\" class=\"yoast-schema-graph\">{\"@context\":\"https:\/\/schema.org\",\"@graph\":[{\"@type\":\"Article\",\"@id\":\"https:\/\/www.fiscalia.gov.co\/colombia\/noticias\/la-fiscalia-logro-tres-condenas-contra-presuntos-responsables-de-multiples-delitos\/#article\",\"isPartOf\":{\"@id\":\"https:\/\/www.fiscalia.gov.co\/colombia\/noticias\/la-fiscalia-logro-tres-condenas-contra-presuntos-responsables-de-multiples-delitos\/\"},\"author\":{\"name\":\"Jordan Leandro Oviedo Anzola\",\"@id\":\"https:\/\/www.fiscalia.gov.co\/colombia\/#\/schema\/person\/bf84402cf293a5393e9c70b111020b24\"},\"headline\":\"La Fiscal\u00eda logr\u00f3 tres condenas contra presuntos responsables de m\u00faltiples delitos\",\"datePublished\":\"2023-02-15T18:18:11+00:00\",\"dateModified\":\"2023-02-15T18:18:11+00:00\",\"mainEntityOfPage\":{\"@id\":\"https:\/\/www.fiscalia.gov.co\/colombia\/noticias\/la-fiscalia-logro-tres-condenas-contra-presuntos-responsables-de-multiples-delitos\/\"},\"wordCount\":474,\"publisher\":{\"@id\":\"https:\/\/www.fiscalia.gov.co\/colombia\/#organization\"},\"keywords\":[\"alias Magiver; Giraldo Isarama Pedroza; Jhon Fredy Moya Chaverra\",\"alias Sastre\",\"Armada Nacional\",\"Concierto para delinquir\",\"corregimiento de Arusi en Nuqui (Choc\u00f3)\",\"Fiscal\u00eda General de la Naci\u00f3n\",\"Fiscal\u00eda Seccional Choc\u00f3\",\"Frente Baudo de las Autodefensas Gaitanistas de Colombia\",\"Grupo Delincuencial de Crimen Organizado (GDCO) Clan del Golfo\",\"Jabian Alfredys Macias Palacios\",\"Los \u00danicos\",\"QUIBD\u00d3-CHOC\u00d3\"],\"articleSection\":[\"Noticias\",\"Seccional Quibd\u00f3\",\"Seccionales\",\"Seguridad territorial\"],\"inLanguage\":\"es-CO\"},{\"@type\":\"WebPage\",\"@id\":\"https:\/\/www.fiscalia.gov.co\/colombia\/noticias\/la-fiscalia-logro-tres-condenas-contra-presuntos-responsables-de-multiples-delitos\/\",\"url\":\"https:\/\/www.fiscalia.gov.co\/colombia\/noticias\/la-fiscalia-logro-tres-condenas-contra-presuntos-responsables-de-multiples-delitos\/\",\"name\":\"Fiscal\u00eda General de la Naci\u00f3n\",\"isPartOf\":{\"@id\":\"https:\/\/www.fiscalia.gov.co\/colombia\/#website\"},\"datePublished\":\"2023-02-15T18:18:11+00:00\",\"dateModified\":\"2023-02-15T18:18:11+00:00\",\"description\":\"P\u00e1gina oficial de la Fiscal\u00eda General de la Naci\u00f3n \u2013 Colombia. Garantizamos el acceso efectivo a la justicia, la verdad y la reparaci\u00f3n de las v\u00edctimas de los delitos.\",\"breadcrumb\":{\"@id\":\"https:\/\/www.fiscalia.gov.co\/colombia\/noticias\/la-fiscalia-logro-tres-condenas-contra-presuntos-responsables-de-multiples-delitos\/#breadcrumb\"},\"inLanguage\":\"es-CO\",\"potentialAction\":[{\"@type\":\"ReadAction\",\"target\":[\"https:\/\/www.fiscalia.gov.co\/colombia\/noticias\/la-fiscalia-logro-tres-condenas-contra-presuntos-responsables-de-multiples-delitos\/\"]}]},{\"@type\":\"BreadcrumbList\",\"@id\":\"https:\/\/www.fiscalia.gov.co\/colombia\/noticias\/la-fiscalia-logro-tres-condenas-contra-presuntos-responsables-de-multiples-delitos\/#breadcrumb\",\"itemListElement\":[{\"@type\":\"ListItem\",\"position\":1,\"name\":\"Home\",\"item\":\"https:\/\/www.fiscalia.gov.co\/colombia\/\"},{\"@type\":\"ListItem\",\"position\":2,\"name\":\"La Fiscal\u00eda logr\u00f3 tres condenas contra presuntos responsables de m\u00faltiples delitos\"}]},{\"@type\":\"WebSite\",\"@id\":\"https:\/\/www.fiscalia.gov.co\/colombia\/#website\",\"url\":\"https:\/\/www.fiscalia.gov.co\/colombia\/\",\"name\":\"Fiscal\u00eda General de la Naci\u00f3n\",\"description\":\"P\u00e1gina oficial de la Fiscal\u00eda General de la Naci\u00f3n \u2013 Colombia. Garantizamos el acceso efectivo a la justicia, la verdad y la reparaci\u00f3n de las v\u00edctimas de los delitos.\",\"publisher\":{\"@id\":\"https:\/\/www.fiscalia.gov.co\/colombia\/#organization\"},\"potentialAction\":[{\"@type\":\"SearchAction\",\"target\":{\"@type\":\"EntryPoint\",\"urlTemplate\":\"https:\/\/www.fiscalia.gov.co\/colombia\/?s={search_term_string}\"},\"query-input\":{\"@type\":\"PropertyValueSpecification\",\"valueRequired\":true,\"valueName\":\"search_term_string\"}}],\"inLanguage\":\"es-CO\"},{\"@type\":\"Organization\",\"@id\":\"https:\/\/www.fiscalia.gov.co\/colombia\/#organization\",\"name\":\"Fiscal\u00eda General de la Naci\u00f3n\",\"url\":\"https:\/\/www.fiscalia.gov.co\/colombia\/\",\"logo\":{\"@type\":\"ImageObject\",\"inLanguage\":\"es-CO\",\"@id\":\"https:\/\/www.fiscalia.gov.co\/colombia\/#\/schema\/logo\/image\/\",\"url\":\"https:\/\/www.fiscalia.gov.co\/colombia\/wp-content\/uploads\/LogoHorizontal_1.jpg\",\"contentUrl\":\"https:\/\/www.fiscalia.gov.co\/colombia\/wp-content\/uploads\/LogoHorizontal_1.jpg\",\"width\":300,\"height\":90,\"caption\":\"Fiscal\u00eda General de la Naci\u00f3n\"},\"image\":{\"@id\":\"https:\/\/www.fiscalia.gov.co\/colombia\/#\/schema\/logo\/image\/\"},\"sameAs\":[\"https:\/\/www.facebook.com\/FiscaliaCol\",\"https:\/\/x.com\/FiscaliaCol\",\"https:\/\/www.instagram.com\/fiscaliacol\",\"https:\/\/www.linkedin.com\/company\/fiscalia-general-de-la-naci-n\/\",\"https:\/\/youtube.com\/@fiscaliageneraldelanacion-4668?si=6nN79nyQICPU5iTh\"]},{\"@type\":\"Person\",\"@id\":\"https:\/\/www.fiscalia.gov.co\/colombia\/#\/schema\/person\/bf84402cf293a5393e9c70b111020b24\",\"name\":\"Jordan Leandro Oviedo Anzola\",\"image\":{\"@type\":\"ImageObject\",\"inLanguage\":\"es-CO\",\"@id\":\"https:\/\/www.fiscalia.gov.co\/colombia\/#\/schema\/person\/image\/\",\"url\":\"https:\/\/secure.gravatar.com\/avatar\/dabba4346fa9b9207d96adafa8f92721?s=96&d=mm&r=g\",\"contentUrl\":\"https:\/\/secure.gravatar.com\/avatar\/dabba4346fa9b9207d96adafa8f92721?s=96&d=mm&r=g\",\"caption\":\"Jordan Leandro Oviedo Anzola\"},\"url\":\"https:\/\/www.fiscalia.gov.co\/colombia\/author\/joviedo\/\"}]}<\/script>\n<!-- \/ Yoast SEO plugin. -->","yoast_head_json":{"title":"Fiscal\u00eda General de la Naci\u00f3n","description":"P\u00e1gina oficial de la Fiscal\u00eda General de la Naci\u00f3n \u2013 Colombia. Garantizamos el acceso efectivo a la justicia, la verdad y la reparaci\u00f3n de las v\u00edctimas de los delitos.","robots":{"index":"noindex","follow":"follow"},"og_locale":"es_ES","og_type":"article","og_title":"Fiscal\u00eda General de la Naci\u00f3n","og_description":"P\u00e1gina oficial de la Fiscal\u00eda General de la Naci\u00f3n \u2013 Colombia. Garantizamos el acceso efectivo a la justicia, la verdad y la reparaci\u00f3n de las v\u00edctimas de los delitos.","og_url":"https:\/\/www.fiscalia.gov.co\/colombia\/noticias\/la-fiscalia-logro-tres-condenas-contra-presuntos-responsables-de-multiples-delitos\/","og_site_name":"Fiscal\u00eda General de la Naci\u00f3n","article_publisher":"https:\/\/www.facebook.com\/FiscaliaCol","article_published_time":"2023-02-15T18:18:11+00:00","author":"Jordan Leandro Oviedo Anzola","twitter_card":"summary_large_image","twitter_creator":"@FiscaliaCol","twitter_site":"@FiscaliaCol","twitter_misc":{"Escrito por":"Jordan Leandro Oviedo Anzola","Tiempo de lectura":"2 minutos"},"schema":{"@context":"https:\/\/schema.org","@graph":[{"@type":"Article","@id":"https:\/\/www.fiscalia.gov.co\/colombia\/noticias\/la-fiscalia-logro-tres-condenas-contra-presuntos-responsables-de-multiples-delitos\/#article","isPartOf":{"@id":"https:\/\/www.fiscalia.gov.co\/colombia\/noticias\/la-fiscalia-logro-tres-condenas-contra-presuntos-responsables-de-multiples-delitos\/"},"author":{"name":"Jordan Leandro Oviedo Anzola","@id":"https:\/\/www.fiscalia.gov.co\/colombia\/#\/schema\/person\/bf84402cf293a5393e9c70b111020b24"},"headline":"La Fiscal\u00eda logr\u00f3 tres condenas contra presuntos responsables de m\u00faltiples delitos","datePublished":"2023-02-15T18:18:11+00:00","dateModified":"2023-02-15T18:18:11+00:00","mainEntityOfPage":{"@id":"https:\/\/www.fiscalia.gov.co\/colombia\/noticias\/la-fiscalia-logro-tres-condenas-contra-presuntos-responsables-de-multiples-delitos\/"},"wordCount":474,"publisher":{"@id":"https:\/\/www.fiscalia.gov.co\/colombia\/#organization"},"keywords":["alias Magiver; Giraldo Isarama Pedroza; Jhon Fredy Moya Chaverra","alias Sastre","Armada Nacional","Concierto para delinquir","corregimiento de Arusi en Nuqui (Choc\u00f3)","Fiscal\u00eda General de la Naci\u00f3n","Fiscal\u00eda Seccional Choc\u00f3","Frente Baudo de las Autodefensas Gaitanistas de Colombia","Grupo Delincuencial de Crimen Organizado (GDCO) Clan del Golfo","Jabian Alfredys Macias Palacios","Los \u00danicos","QUIBD\u00d3-CHOC\u00d3"],"articleSection":["Noticias","Seccional Quibd\u00f3","Seccionales","Seguridad territorial"],"inLanguage":"es-CO"},{"@type":"WebPage","@id":"https:\/\/www.fiscalia.gov.co\/colombia\/noticias\/la-fiscalia-logro-tres-condenas-contra-presuntos-responsables-de-multiples-delitos\/","url":"https:\/\/www.fiscalia.gov.co\/colombia\/noticias\/la-fiscalia-logro-tres-condenas-contra-presuntos-responsables-de-multiples-delitos\/","name":"Fiscal\u00eda General de la Naci\u00f3n","isPartOf":{"@id":"https:\/\/www.fiscalia.gov.co\/colombia\/#website"},"datePublished":"2023-02-15T18:18:11+00:00","dateModified":"2023-02-15T18:18:11+00:00","description":"P\u00e1gina oficial de la Fiscal\u00eda General de la Naci\u00f3n \u2013 Colombia. Garantizamos el acceso efectivo a la justicia, la verdad y la reparaci\u00f3n de las v\u00edctimas de los delitos.","breadcrumb":{"@id":"https:\/\/www.fiscalia.gov.co\/colombia\/noticias\/la-fiscalia-logro-tres-condenas-contra-presuntos-responsables-de-multiples-delitos\/#breadcrumb"},"inLanguage":"es-CO","potentialAction":[{"@type":"ReadAction","target":["https:\/\/www.fiscalia.gov.co\/colombia\/noticias\/la-fiscalia-logro-tres-condenas-contra-presuntos-responsables-de-multiples-delitos\/"]}]},{"@type":"BreadcrumbList","@id":"https:\/\/www.fiscalia.gov.co\/colombia\/noticias\/la-fiscalia-logro-tres-condenas-contra-presuntos-responsables-de-multiples-delitos\/#breadcrumb","itemListElement":[{"@type":"ListItem","position":1,"name":"Home","item":"https:\/\/www.fiscalia.gov.co\/colombia\/"},{"@type":"ListItem","position":2,"name":"La Fiscal\u00eda logr\u00f3 tres condenas contra presuntos responsables de m\u00faltiples delitos"}]},{"@type":"WebSite","@id":"https:\/\/www.fiscalia.gov.co\/colombia\/#website","url":"https:\/\/www.fiscalia.gov.co\/colombia\/","name":"Fiscal\u00eda General de la Naci\u00f3n","description":"P\u00e1gina oficial de la Fiscal\u00eda General de la Naci\u00f3n \u2013 Colombia. Garantizamos el acceso efectivo a la justicia, la verdad y la reparaci\u00f3n de las v\u00edctimas de los delitos.","publisher":{"@id":"https:\/\/www.fiscalia.gov.co\/colombia\/#organization"},"potentialAction":[{"@type":"SearchAction","target":{"@type":"EntryPoint","urlTemplate":"https:\/\/www.fiscalia.gov.co\/colombia\/?s={search_term_string}"},"query-input":{"@type":"PropertyValueSpecification","valueRequired":true,"valueName":"search_term_string"}}],"inLanguage":"es-CO"},{"@type":"Organization","@id":"https:\/\/www.fiscalia.gov.co\/colombia\/#organization","name":"Fiscal\u00eda General de la Naci\u00f3n","url":"https:\/\/www.fiscalia.gov.co\/colombia\/","logo":{"@type":"ImageObject","inLanguage":"es-CO","@id":"https:\/\/www.fiscalia.gov.co\/colombia\/#\/schema\/logo\/image\/","url":"https:\/\/www.fiscalia.gov.co\/colombia\/wp-content\/uploads\/LogoHorizontal_1.jpg","contentUrl":"https:\/\/www.fiscalia.gov.co\/colombia\/wp-content\/uploads\/LogoHorizontal_1.jpg","width":300,"height":90,"caption":"Fiscal\u00eda General de la Naci\u00f3n"},"image":{"@id":"https:\/\/www.fiscalia.gov.co\/colombia\/#\/schema\/logo\/image\/"},"sameAs":["https:\/\/www.facebook.com\/FiscaliaCol","https:\/\/x.com\/FiscaliaCol","https:\/\/www.instagram.com\/fiscaliacol","https:\/\/www.linkedin.com\/company\/fiscalia-general-de-la-naci-n\/","https:\/\/youtube.com\/@fiscaliageneraldelanacion-4668?si=6nN79nyQICPU5iTh"]},{"@type":"Person","@id":"https:\/\/www.fiscalia.gov.co\/colombia\/#\/schema\/person\/bf84402cf293a5393e9c70b111020b24","name":"Jordan Leandro Oviedo Anzola","image":{"@type":"ImageObject","inLanguage":"es-CO","@id":"https:\/\/www.fiscalia.gov.co\/colombia\/#\/schema\/person\/image\/","url":"https:\/\/secure.gravatar.com\/avatar\/dabba4346fa9b9207d96adafa8f92721?s=96&d=mm&r=g","contentUrl":"https:\/\/secure.gravatar.com\/avatar\/dabba4346fa9b9207d96adafa8f92721?s=96&d=mm&r=g","caption":"Jordan Leandro Oviedo Anzola"},"url":"https:\/\/www.fiscalia.gov.co\/colombia\/author\/joviedo\/"}]}},"_links":{"self":[{"href":"https:\/\/www.fiscalia.gov.co\/colombia\/wp-json\/wp\/v2\/posts\/266501","targetHints":{"allow":["GET"]}}],"collection":[{"href":"https:\/\/www.fiscalia.gov.co\/colombia\/wp-json\/wp\/v2\/posts"}],"about":[{"href":"https:\/\/www.fiscalia.gov.co\/colombia\/wp-json\/wp\/v2\/types\/post"}],"author":[{"embeddable":true,"href":"https:\/\/www.fiscalia.gov.co\/colombia\/wp-json\/wp\/v2\/users\/177"}],"replies":[{"embeddable":true,"href":"https:\/\/www.fiscalia.gov.co\/colombia\/wp-json\/wp\/v2\/comments?post=266501"}],"version-history":[{"count":1,"href":"https:\/\/www.fiscalia.gov.co\/colombia\/wp-json\/wp\/v2\/posts\/266501\/revisions"}],"predecessor-version":[{"id":266502,"href":"https:\/\/www.fiscalia.gov.co\/colombia\/wp-json\/wp\/v2\/posts\/266501\/revisions\/266502"}],"wp:attachment":[{"href":"https:\/\/www.fiscalia.gov.co\/colombia\/wp-json\/wp\/v2\/media?parent=266501"}],"wp:term":[{"taxonomy":"category","embeddable":true,"href":"https:\/\/www.fiscalia.gov.co\/colombia\/wp-json\/wp\/v2\/categories?post=266501"},{"taxonomy":"post_tag","embeddable":true,"href":"https:\/\/www.fiscalia.gov.co\/colombia\/wp-json\/wp\/v2\/tags?post=266501"}],"curies":[{"name":"wp","href":"https:\/\/api.w.org\/{rel}","templated":true}]}}