{"id":266498,"date":"2023-02-15T13:20:33","date_gmt":"2023-02-15T18:20:33","guid":{"rendered":"https:\/\/www.fiscalia.gov.co\/colombia\/?p=266498"},"modified":"2023-02-15T13:20:33","modified_gmt":"2023-02-15T18:20:33","slug":"un-hombre-de-29-anos-fue-enviado-a-prision-porque-al-parecer-habria-agredido-en-repetidas-oportunidades-a-sus-padres","status":"publish","type":"post","link":"https:\/\/www.fiscalia.gov.co\/colombia\/noticias\/un-hombre-de-29-anos-fue-enviado-a-prision-porque-al-parecer-habria-agredido-en-repetidas-oportunidades-a-sus-padres\/","title":{"rendered":"Un hombre de 29 a\u00f1os fue enviado a prisi\u00f3n porque, al parecer, habr\u00eda agredido en repetidas oportunidades a sus padres"},"content":{"rendered":"<p>Por solicitud de la Fiscal\u00eda General de la Naci\u00f3n, un juez de control de garant\u00edas impuso medida de aseguramiento en centro carcelario contra Luis Fernando G\u00f3mez Palomino, de 29 a\u00f1os, presuntamente responsable de\u00a0<a href=\"https:\/\/www.fiscalia.gov.co\/colombia\/noticias\/asegurado-presunto-responsable-de-maltratar-fisicamente-a-sus-padres\/\" target=\"_blank\" rel=\"noopener\" data-saferedirecturl=\"https:\/\/www.google.com\/url?q=https:\/\/www.fiscalia.gov.co\/colombia\/noticias\/asegurado-presunto-responsable-de-maltratar-fisicamente-a-sus-padres\/&amp;source=gmail&amp;ust=1676566888792000&amp;usg=AOvVaw2XnZkA2xS58kbwMD-kO8c0\">maltratar verbalmente a sus padres<\/a>.<u><\/u>\u00a0<u><\/u><\/p>\n<figure id=\"attachment_266499\" aria-describedby=\"caption-attachment-266499\" style=\"width: 606px\" class=\"wp-caption aligncenter\"><img loading=\"lazy\" decoding=\"async\" class=\"size-full wp-image-266499\" src=\"https:\/\/www.fiscalia.gov.co\/colombia\/wp-content\/uploads\/Luis-Fernando-Gomez-Palomino.-Violencia-intrafamiliar.-Popayan-Cauca..jpg\" alt=\"En la foto aparece de pie y con los brazos atr\u00e1s Luis Fernando G\u00f3mez Palomino. Viste buso claro con estampado rojo a la altura del pecho; pantal\u00f3n de judadera gris, tenis negros con blanco. Al lado derecho de \u00e9l hay un servidor del CTI de la Fiscal\u00eda y a su izquierda un uniformado de la Polic\u00eda Nacional. Detr\u00e1s de ellos hay un pend\u00f3n interinstitucional de la Fiscal\u00eda.\" width=\"606\" height=\"732\" srcset=\"https:\/\/www.fiscalia.gov.co\/colombia\/wp-content\/uploads\/Luis-Fernando-Gomez-Palomino.-Violencia-intrafamiliar.-Popayan-Cauca..jpg 606w, https:\/\/www.fiscalia.gov.co\/colombia\/wp-content\/uploads\/Luis-Fernando-Gomez-Palomino.-Violencia-intrafamiliar.-Popayan-Cauca.-248x300.jpg 248w, https:\/\/www.fiscalia.gov.co\/colombia\/wp-content\/uploads\/Luis-Fernando-Gomez-Palomino.-Violencia-intrafamiliar.-Popayan-Cauca.-348x420.jpg 348w\" sizes=\"auto, (max-width: 606px) 100vw, 606px\" \/><figcaption id=\"caption-attachment-266499\" class=\"wp-caption-text\">Luis Fernando G\u00f3mez Palomino, enviado a la c\u00e1rcel como presunto responsable de maltratar verbalmente a sus padres, en Popay\u00e1n (Cauca).<\/figcaption><\/figure>\n<p>El procesado fue capturado por investigadores del Cuerpo T\u00e9cnico de Investigaci\u00f3n (CTI) y la Sijin de la Polic\u00eda Nacional en Popay\u00e1n (Cauca), esto luego de ser denunciado por sus progenitores quienes afirmaron que su hijo los vendr\u00eda agrediendo desde octubre y, al menos, hasta noviembre del 2022.<u><\/u>\u00a0<u><\/u><\/p>\n<p>Por esos hechos y de acuerdo con las pruebas recaudadas por la polic\u00eda judicial, la Fiscal\u00eda solicit\u00f3 orden de captura contra el ahora procesado, a quien la Fiscal\u00eda le imput\u00f3 el delito de violencia intrafamiliar, cargo que no fue aceptado por este hombre; a quien le figuran seis anotaciones judiciales por violencia intrafamiliar y hurto.<u><\/u>\u00a0<u><\/u><\/p>\n<p>Por decisi\u00f3n del juez esta persona deber\u00e1 cumplir la medida de aseguramiento en centro carcelario.<u><\/u>\u00a0<u><\/u><\/p>\n<p>Esta informaci\u00f3n se publica por razones de inter\u00e9s general.\u00a0<u><\/u>\u00a0<u><\/u><\/p>\n<p><b>La Fiscal\u00eda habla con resultados.<\/b><u><\/u><\/p>\n<p>&nbsp;<\/p>\n<p>&nbsp;<\/p>\n<p>&nbsp;<\/p>\n<p>&nbsp;<\/p>\n<p>&nbsp;<\/p>\n<p>&nbsp;<\/p>\n<p>MAP\/MAGA\/GAMM\/DSC\/<u><\/u>\u00a0<u><\/u><\/p>\n<p><u><\/u>\u00a0<u><\/u><\/p>\n<div class=\"td-post-content tagdiv-type\">\n<div class=\"td-post-content tagdiv-type\">\n<div class=\"td-post-content tagdiv-type\">\n<div class=\"td-post-content tagdiv-type\">\n<div class=\"td-post-content tagdiv-type\">\n<div class=\"td-post-content tagdiv-type\">\n<div class=\"td-post-content tagdiv-type\">\n<div class=\"td-post-content tagdiv-type\">\n<div dir=\"ltr\">\n<div id=\"m_-7400369670175549781x_divtagdefaultwrapper\" dir=\"ltr\">\n<p><i>La informaci\u00f3n contenida en este bolet\u00edn de prensa corresponde a la narraci\u00f3n de los hechos noticiosos objetivos, suministrados por los funcionarios encargados de adelantar las investigaciones penales al interior de la Fiscal\u00eda General de la Naci\u00f3n. Para el momento de la divulgaci\u00f3n de este comunicado, la situaci\u00f3n jur\u00eddica de la(s) persona(s) relacionada(s) se encuentra pendiente de resolver por la autoridad judicial competente, siempre bajo los preceptos de la presunci\u00f3n de inocencia, consagrados en el art\u00edculo 29 de la Constituci\u00f3n Pol\u00edtica y el art\u00edculo 7\u00ba de la Ley 906 de 2004.<\/i><\/p>\n<\/div>\n<\/div>\n<\/div>\n<\/div>\n<\/div>\n<\/div>\n<\/div>\n<\/div>\n<\/div>\n<\/div>\n<footer>\n<div class=\"td-post-source-tags\"><\/div>\n<div class=\"td-post-sharing-bottom\"><\/div>\n<\/footer>\n\n<div class=\"twitter-share\"><a href=\"https:\/\/twitter.com\/intent\/tweet?via=fiscaliacol\" class=\"twitter-share-button\">Tweet<\/a><\/div>\n","protected":false},"excerpt":{"rendered":"<p>Por solicitud de la Fiscal\u00eda General de la Naci\u00f3n, un juez de control de garant\u00edas impuso medida de aseguramiento en centro carcelario contra Luis Fernando G\u00f3mez Palomino, de 29 a\u00f1os, presuntamente responsable de\u00a0maltratar verbalmente a sus padres.\u00a0 El procesado fue capturado por investigadores del Cuerpo T\u00e9cnico de Investigaci\u00f3n (CTI) y la Sijin de la Polic\u00eda [&hellip;]<\/p>\n","protected":false},"author":177,"featured_media":0,"comment_status":"closed","ping_status":"open","sticky":false,"template":"","format":"standard","meta":{"_price":"","_stock":"","_tribe_ticket_header":"","_tribe_default_ticket_provider":"","_tribe_ticket_capacity":"0","_ticket_start_date":"","_ticket_end_date":"","_tribe_ticket_show_description":"","_tribe_ticket_show_not_going":false,"_tribe_ticket_use_global_stock":"","_tribe_ticket_global_stock_level":"","_global_stock_mode":"","_global_stock_cap":"","_tribe_rsvp_for_event":"","_tribe_ticket_going_count":"","_tribe_ticket_not_going_count":"","_tribe_tickets_list":"[]","_tribe_ticket_has_attendee_info_fields":false,"tdm_status":"","tdm_grid_status":"","footnotes":""},"categories":[1,303],"tags":[25070,33957,78,24187,7169,859,1185,31641,24963,26556],"class_list":{"0":"post-266498","1":"post","2":"type-post","3":"status-publish","4":"format-standard","6":"category-noticias","7":"category-seccionales","8":"tag-centros-carcelarios","9":"tag-fabricacion-trafico-y-porte-de-armas-de-fuego-y-municiones-capturados","10":"tag-fiscal-general-de-la-nacion","11":"tag-fiscalia-colombia","12":"tag-flagrancia","13":"tag-homicidio-en-grado-de-tentativa","14":"tag-medida-de-aseguramiento","15":"tag-popayan-cauca","16":"tag-privados-de-la-libertad","17":"tag-seccional-cauca"},"yoast_head":"<!-- This site is optimized with the Yoast SEO plugin v24.3 - https:\/\/yoast.com\/wordpress\/plugins\/seo\/ -->\n<title>Fiscal\u00eda General de la Naci\u00f3n<\/title>\n<meta name=\"description\" content=\"P\u00e1gina oficial de la Fiscal\u00eda General de la Naci\u00f3n \u2013 Colombia. Garantizamos el acceso efectivo a la justicia, la verdad y la reparaci\u00f3n de las v\u00edctimas de los delitos.\" \/>\n<meta name=\"robots\" content=\"noindex, follow\" \/>\n<meta property=\"og:locale\" content=\"es_ES\" \/>\n<meta property=\"og:type\" content=\"article\" \/>\n<meta property=\"og:title\" content=\"Fiscal\u00eda General de la Naci\u00f3n\" \/>\n<meta property=\"og:description\" content=\"P\u00e1gina oficial de la Fiscal\u00eda General de la Naci\u00f3n \u2013 Colombia. Garantizamos el acceso efectivo a la justicia, la verdad y la reparaci\u00f3n de las v\u00edctimas de los delitos.\" \/>\n<meta property=\"og:url\" content=\"https:\/\/www.fiscalia.gov.co\/colombia\/noticias\/un-hombre-de-29-anos-fue-enviado-a-prision-porque-al-parecer-habria-agredido-en-repetidas-oportunidades-a-sus-padres\/\" \/>\n<meta property=\"og:site_name\" content=\"Fiscal\u00eda General de la Naci\u00f3n\" \/>\n<meta property=\"article:publisher\" content=\"https:\/\/www.facebook.com\/FiscaliaCol\" \/>\n<meta property=\"article:published_time\" content=\"2023-02-15T18:20:33+00:00\" \/>\n<meta property=\"og:image\" content=\"https:\/\/www.fiscalia.gov.co\/colombia\/wp-content\/uploads\/Luis-Fernando-Gomez-Palomino.-Violencia-intrafamiliar.-Popayan-Cauca..jpg\" \/>\n<meta name=\"author\" content=\"Jordan Leandro Oviedo Anzola\" \/>\n<meta name=\"twitter:card\" content=\"summary_large_image\" \/>\n<meta name=\"twitter:creator\" content=\"@FiscaliaCol\" \/>\n<meta name=\"twitter:site\" content=\"@FiscaliaCol\" \/>\n<meta name=\"twitter:label1\" content=\"Escrito por\" \/>\n\t<meta name=\"twitter:data1\" content=\"Jordan Leandro Oviedo Anzola\" \/>\n\t<meta name=\"twitter:label2\" content=\"Tiempo de lectura\" \/>\n\t<meta name=\"twitter:data2\" content=\"2 minutos\" \/>\n<script type=\"application\/ld+json\" class=\"yoast-schema-graph\">{\"@context\":\"https:\/\/schema.org\",\"@graph\":[{\"@type\":\"Article\",\"@id\":\"https:\/\/www.fiscalia.gov.co\/colombia\/noticias\/un-hombre-de-29-anos-fue-enviado-a-prision-porque-al-parecer-habria-agredido-en-repetidas-oportunidades-a-sus-padres\/#article\",\"isPartOf\":{\"@id\":\"https:\/\/www.fiscalia.gov.co\/colombia\/noticias\/un-hombre-de-29-anos-fue-enviado-a-prision-porque-al-parecer-habria-agredido-en-repetidas-oportunidades-a-sus-padres\/\"},\"author\":{\"name\":\"Jordan Leandro Oviedo Anzola\",\"@id\":\"https:\/\/www.fiscalia.gov.co\/colombia\/#\/schema\/person\/bf84402cf293a5393e9c70b111020b24\"},\"headline\":\"Un hombre de 29 a\u00f1os fue enviado a prisi\u00f3n porque, al parecer, habr\u00eda agredido en repetidas oportunidades a sus padres\",\"datePublished\":\"2023-02-15T18:20:33+00:00\",\"dateModified\":\"2023-02-15T18:20:33+00:00\",\"mainEntityOfPage\":{\"@id\":\"https:\/\/www.fiscalia.gov.co\/colombia\/noticias\/un-hombre-de-29-anos-fue-enviado-a-prision-porque-al-parecer-habria-agredido-en-repetidas-oportunidades-a-sus-padres\/\"},\"wordCount\":348,\"publisher\":{\"@id\":\"https:\/\/www.fiscalia.gov.co\/colombia\/#organization\"},\"image\":{\"@id\":\"https:\/\/www.fiscalia.gov.co\/colombia\/noticias\/un-hombre-de-29-anos-fue-enviado-a-prision-porque-al-parecer-habria-agredido-en-repetidas-oportunidades-a-sus-padres\/#primaryimage\"},\"thumbnailUrl\":\"https:\/\/www.fiscalia.gov.co\/colombia\/wp-content\/uploads\/Luis-Fernando-Gomez-Palomino.-Violencia-intrafamiliar.-Popayan-Cauca..jpg\",\"keywords\":[\"centros carcelarios\",\"fabricaci\u00f3n tr\u00e1fico y porte de armas de fuego y municiones; capturados\",\"Fiscal General de la Naci\u00f3n\",\"Fiscal\u00eda Colombia\",\"Flagrancia\",\"Homicidio en grado de tentativa\",\"Medida de aseguramiento\",\"Popay\u00e1n (Cauca)\",\"privados de la libertad\",\"Seccional Cauca\"],\"articleSection\":[\"Noticias\",\"Seccionales\"],\"inLanguage\":\"es-CO\"},{\"@type\":\"WebPage\",\"@id\":\"https:\/\/www.fiscalia.gov.co\/colombia\/noticias\/un-hombre-de-29-anos-fue-enviado-a-prision-porque-al-parecer-habria-agredido-en-repetidas-oportunidades-a-sus-padres\/\",\"url\":\"https:\/\/www.fiscalia.gov.co\/colombia\/noticias\/un-hombre-de-29-anos-fue-enviado-a-prision-porque-al-parecer-habria-agredido-en-repetidas-oportunidades-a-sus-padres\/\",\"name\":\"Fiscal\u00eda General de la Naci\u00f3n\",\"isPartOf\":{\"@id\":\"https:\/\/www.fiscalia.gov.co\/colombia\/#website\"},\"primaryImageOfPage\":{\"@id\":\"https:\/\/www.fiscalia.gov.co\/colombia\/noticias\/un-hombre-de-29-anos-fue-enviado-a-prision-porque-al-parecer-habria-agredido-en-repetidas-oportunidades-a-sus-padres\/#primaryimage\"},\"image\":{\"@id\":\"https:\/\/www.fiscalia.gov.co\/colombia\/noticias\/un-hombre-de-29-anos-fue-enviado-a-prision-porque-al-parecer-habria-agredido-en-repetidas-oportunidades-a-sus-padres\/#primaryimage\"},\"thumbnailUrl\":\"https:\/\/www.fiscalia.gov.co\/colombia\/wp-content\/uploads\/Luis-Fernando-Gomez-Palomino.-Violencia-intrafamiliar.-Popayan-Cauca..jpg\",\"datePublished\":\"2023-02-15T18:20:33+00:00\",\"dateModified\":\"2023-02-15T18:20:33+00:00\",\"description\":\"P\u00e1gina oficial de la Fiscal\u00eda General de la Naci\u00f3n \u2013 Colombia. Garantizamos el acceso efectivo a la justicia, la verdad y la reparaci\u00f3n de las v\u00edctimas de los delitos.\",\"breadcrumb\":{\"@id\":\"https:\/\/www.fiscalia.gov.co\/colombia\/noticias\/un-hombre-de-29-anos-fue-enviado-a-prision-porque-al-parecer-habria-agredido-en-repetidas-oportunidades-a-sus-padres\/#breadcrumb\"},\"inLanguage\":\"es-CO\",\"potentialAction\":[{\"@type\":\"ReadAction\",\"target\":[\"https:\/\/www.fiscalia.gov.co\/colombia\/noticias\/un-hombre-de-29-anos-fue-enviado-a-prision-porque-al-parecer-habria-agredido-en-repetidas-oportunidades-a-sus-padres\/\"]}]},{\"@type\":\"ImageObject\",\"inLanguage\":\"es-CO\",\"@id\":\"https:\/\/www.fiscalia.gov.co\/colombia\/noticias\/un-hombre-de-29-anos-fue-enviado-a-prision-porque-al-parecer-habria-agredido-en-repetidas-oportunidades-a-sus-padres\/#primaryimage\",\"url\":\"https:\/\/www.fiscalia.gov.co\/colombia\/wp-content\/uploads\/Luis-Fernando-Gomez-Palomino.-Violencia-intrafamiliar.-Popayan-Cauca..jpg\",\"contentUrl\":\"https:\/\/www.fiscalia.gov.co\/colombia\/wp-content\/uploads\/Luis-Fernando-Gomez-Palomino.-Violencia-intrafamiliar.-Popayan-Cauca..jpg\",\"width\":606,\"height\":732,\"caption\":\"Luis Fernando G\u00f3mez Palomino, enviado a la c\u00e1rcel como presunto responsable de maltratar verbalmente a sus padres, en Popay\u00e1n (Cauca).\"},{\"@type\":\"BreadcrumbList\",\"@id\":\"https:\/\/www.fiscalia.gov.co\/colombia\/noticias\/un-hombre-de-29-anos-fue-enviado-a-prision-porque-al-parecer-habria-agredido-en-repetidas-oportunidades-a-sus-padres\/#breadcrumb\",\"itemListElement\":[{\"@type\":\"ListItem\",\"position\":1,\"name\":\"Home\",\"item\":\"https:\/\/www.fiscalia.gov.co\/colombia\/\"},{\"@type\":\"ListItem\",\"position\":2,\"name\":\"Un hombre de 29 a\u00f1os fue enviado a prisi\u00f3n porque, al parecer, habr\u00eda agredido en repetidas oportunidades a sus padres\"}]},{\"@type\":\"WebSite\",\"@id\":\"https:\/\/www.fiscalia.gov.co\/colombia\/#website\",\"url\":\"https:\/\/www.fiscalia.gov.co\/colombia\/\",\"name\":\"Fiscal\u00eda General de la Naci\u00f3n\",\"description\":\"P\u00e1gina oficial de la Fiscal\u00eda General de la Naci\u00f3n \u2013 Colombia. Garantizamos el acceso efectivo a la justicia, la verdad y la reparaci\u00f3n de las v\u00edctimas de los delitos.\",\"publisher\":{\"@id\":\"https:\/\/www.fiscalia.gov.co\/colombia\/#organization\"},\"potentialAction\":[{\"@type\":\"SearchAction\",\"target\":{\"@type\":\"EntryPoint\",\"urlTemplate\":\"https:\/\/www.fiscalia.gov.co\/colombia\/?s={search_term_string}\"},\"query-input\":{\"@type\":\"PropertyValueSpecification\",\"valueRequired\":true,\"valueName\":\"search_term_string\"}}],\"inLanguage\":\"es-CO\"},{\"@type\":\"Organization\",\"@id\":\"https:\/\/www.fiscalia.gov.co\/colombia\/#organization\",\"name\":\"Fiscal\u00eda General de la Naci\u00f3n\",\"url\":\"https:\/\/www.fiscalia.gov.co\/colombia\/\",\"logo\":{\"@type\":\"ImageObject\",\"inLanguage\":\"es-CO\",\"@id\":\"https:\/\/www.fiscalia.gov.co\/colombia\/#\/schema\/logo\/image\/\",\"url\":\"https:\/\/www.fiscalia.gov.co\/colombia\/wp-content\/uploads\/LogoHorizontal_1.jpg\",\"contentUrl\":\"https:\/\/www.fiscalia.gov.co\/colombia\/wp-content\/uploads\/LogoHorizontal_1.jpg\",\"width\":300,\"height\":90,\"caption\":\"Fiscal\u00eda General de la Naci\u00f3n\"},\"image\":{\"@id\":\"https:\/\/www.fiscalia.gov.co\/colombia\/#\/schema\/logo\/image\/\"},\"sameAs\":[\"https:\/\/www.facebook.com\/FiscaliaCol\",\"https:\/\/x.com\/FiscaliaCol\",\"https:\/\/www.instagram.com\/fiscaliacol\",\"https:\/\/www.linkedin.com\/company\/fiscalia-general-de-la-naci-n\/\",\"https:\/\/youtube.com\/@fiscaliageneraldelanacion-4668?si=6nN79nyQICPU5iTh\"]},{\"@type\":\"Person\",\"@id\":\"https:\/\/www.fiscalia.gov.co\/colombia\/#\/schema\/person\/bf84402cf293a5393e9c70b111020b24\",\"name\":\"Jordan Leandro Oviedo Anzola\",\"image\":{\"@type\":\"ImageObject\",\"inLanguage\":\"es-CO\",\"@id\":\"https:\/\/www.fiscalia.gov.co\/colombia\/#\/schema\/person\/image\/\",\"url\":\"https:\/\/secure.gravatar.com\/avatar\/dabba4346fa9b9207d96adafa8f92721?s=96&d=mm&r=g\",\"contentUrl\":\"https:\/\/secure.gravatar.com\/avatar\/dabba4346fa9b9207d96adafa8f92721?s=96&d=mm&r=g\",\"caption\":\"Jordan Leandro Oviedo Anzola\"},\"url\":\"https:\/\/www.fiscalia.gov.co\/colombia\/author\/joviedo\/\"}]}<\/script>\n<!-- \/ Yoast SEO plugin. -->","yoast_head_json":{"title":"Fiscal\u00eda General de la Naci\u00f3n","description":"P\u00e1gina oficial de la Fiscal\u00eda General de la Naci\u00f3n \u2013 Colombia. Garantizamos el acceso efectivo a la justicia, la verdad y la reparaci\u00f3n de las v\u00edctimas de los delitos.","robots":{"index":"noindex","follow":"follow"},"og_locale":"es_ES","og_type":"article","og_title":"Fiscal\u00eda General de la Naci\u00f3n","og_description":"P\u00e1gina oficial de la Fiscal\u00eda General de la Naci\u00f3n \u2013 Colombia. Garantizamos el acceso efectivo a la justicia, la verdad y la reparaci\u00f3n de las v\u00edctimas de los delitos.","og_url":"https:\/\/www.fiscalia.gov.co\/colombia\/noticias\/un-hombre-de-29-anos-fue-enviado-a-prision-porque-al-parecer-habria-agredido-en-repetidas-oportunidades-a-sus-padres\/","og_site_name":"Fiscal\u00eda General de la Naci\u00f3n","article_publisher":"https:\/\/www.facebook.com\/FiscaliaCol","article_published_time":"2023-02-15T18:20:33+00:00","og_image":[{"url":"https:\/\/www.fiscalia.gov.co\/colombia\/wp-content\/uploads\/Luis-Fernando-Gomez-Palomino.-Violencia-intrafamiliar.-Popayan-Cauca..jpg","type":"","width":"","height":""}],"author":"Jordan Leandro Oviedo Anzola","twitter_card":"summary_large_image","twitter_creator":"@FiscaliaCol","twitter_site":"@FiscaliaCol","twitter_misc":{"Escrito por":"Jordan Leandro Oviedo Anzola","Tiempo de lectura":"2 minutos"},"schema":{"@context":"https:\/\/schema.org","@graph":[{"@type":"Article","@id":"https:\/\/www.fiscalia.gov.co\/colombia\/noticias\/un-hombre-de-29-anos-fue-enviado-a-prision-porque-al-parecer-habria-agredido-en-repetidas-oportunidades-a-sus-padres\/#article","isPartOf":{"@id":"https:\/\/www.fiscalia.gov.co\/colombia\/noticias\/un-hombre-de-29-anos-fue-enviado-a-prision-porque-al-parecer-habria-agredido-en-repetidas-oportunidades-a-sus-padres\/"},"author":{"name":"Jordan Leandro Oviedo Anzola","@id":"https:\/\/www.fiscalia.gov.co\/colombia\/#\/schema\/person\/bf84402cf293a5393e9c70b111020b24"},"headline":"Un hombre de 29 a\u00f1os fue enviado a prisi\u00f3n porque, al parecer, habr\u00eda agredido en repetidas oportunidades a sus padres","datePublished":"2023-02-15T18:20:33+00:00","dateModified":"2023-02-15T18:20:33+00:00","mainEntityOfPage":{"@id":"https:\/\/www.fiscalia.gov.co\/colombia\/noticias\/un-hombre-de-29-anos-fue-enviado-a-prision-porque-al-parecer-habria-agredido-en-repetidas-oportunidades-a-sus-padres\/"},"wordCount":348,"publisher":{"@id":"https:\/\/www.fiscalia.gov.co\/colombia\/#organization"},"image":{"@id":"https:\/\/www.fiscalia.gov.co\/colombia\/noticias\/un-hombre-de-29-anos-fue-enviado-a-prision-porque-al-parecer-habria-agredido-en-repetidas-oportunidades-a-sus-padres\/#primaryimage"},"thumbnailUrl":"https:\/\/www.fiscalia.gov.co\/colombia\/wp-content\/uploads\/Luis-Fernando-Gomez-Palomino.-Violencia-intrafamiliar.-Popayan-Cauca..jpg","keywords":["centros carcelarios","fabricaci\u00f3n tr\u00e1fico y porte de armas de fuego y municiones; capturados","Fiscal General de la Naci\u00f3n","Fiscal\u00eda Colombia","Flagrancia","Homicidio en grado de tentativa","Medida de aseguramiento","Popay\u00e1n (Cauca)","privados de la libertad","Seccional Cauca"],"articleSection":["Noticias","Seccionales"],"inLanguage":"es-CO"},{"@type":"WebPage","@id":"https:\/\/www.fiscalia.gov.co\/colombia\/noticias\/un-hombre-de-29-anos-fue-enviado-a-prision-porque-al-parecer-habria-agredido-en-repetidas-oportunidades-a-sus-padres\/","url":"https:\/\/www.fiscalia.gov.co\/colombia\/noticias\/un-hombre-de-29-anos-fue-enviado-a-prision-porque-al-parecer-habria-agredido-en-repetidas-oportunidades-a-sus-padres\/","name":"Fiscal\u00eda General de la Naci\u00f3n","isPartOf":{"@id":"https:\/\/www.fiscalia.gov.co\/colombia\/#website"},"primaryImageOfPage":{"@id":"https:\/\/www.fiscalia.gov.co\/colombia\/noticias\/un-hombre-de-29-anos-fue-enviado-a-prision-porque-al-parecer-habria-agredido-en-repetidas-oportunidades-a-sus-padres\/#primaryimage"},"image":{"@id":"https:\/\/www.fiscalia.gov.co\/colombia\/noticias\/un-hombre-de-29-anos-fue-enviado-a-prision-porque-al-parecer-habria-agredido-en-repetidas-oportunidades-a-sus-padres\/#primaryimage"},"thumbnailUrl":"https:\/\/www.fiscalia.gov.co\/colombia\/wp-content\/uploads\/Luis-Fernando-Gomez-Palomino.-Violencia-intrafamiliar.-Popayan-Cauca..jpg","datePublished":"2023-02-15T18:20:33+00:00","dateModified":"2023-02-15T18:20:33+00:00","description":"P\u00e1gina oficial de la Fiscal\u00eda General de la Naci\u00f3n \u2013 Colombia. Garantizamos el acceso efectivo a la justicia, la verdad y la reparaci\u00f3n de las v\u00edctimas de los delitos.","breadcrumb":{"@id":"https:\/\/www.fiscalia.gov.co\/colombia\/noticias\/un-hombre-de-29-anos-fue-enviado-a-prision-porque-al-parecer-habria-agredido-en-repetidas-oportunidades-a-sus-padres\/#breadcrumb"},"inLanguage":"es-CO","potentialAction":[{"@type":"ReadAction","target":["https:\/\/www.fiscalia.gov.co\/colombia\/noticias\/un-hombre-de-29-anos-fue-enviado-a-prision-porque-al-parecer-habria-agredido-en-repetidas-oportunidades-a-sus-padres\/"]}]},{"@type":"ImageObject","inLanguage":"es-CO","@id":"https:\/\/www.fiscalia.gov.co\/colombia\/noticias\/un-hombre-de-29-anos-fue-enviado-a-prision-porque-al-parecer-habria-agredido-en-repetidas-oportunidades-a-sus-padres\/#primaryimage","url":"https:\/\/www.fiscalia.gov.co\/colombia\/wp-content\/uploads\/Luis-Fernando-Gomez-Palomino.-Violencia-intrafamiliar.-Popayan-Cauca..jpg","contentUrl":"https:\/\/www.fiscalia.gov.co\/colombia\/wp-content\/uploads\/Luis-Fernando-Gomez-Palomino.-Violencia-intrafamiliar.-Popayan-Cauca..jpg","width":606,"height":732,"caption":"Luis Fernando G\u00f3mez Palomino, enviado a la c\u00e1rcel como presunto responsable de maltratar verbalmente a sus padres, en Popay\u00e1n (Cauca)."},{"@type":"BreadcrumbList","@id":"https:\/\/www.fiscalia.gov.co\/colombia\/noticias\/un-hombre-de-29-anos-fue-enviado-a-prision-porque-al-parecer-habria-agredido-en-repetidas-oportunidades-a-sus-padres\/#breadcrumb","itemListElement":[{"@type":"ListItem","position":1,"name":"Home","item":"https:\/\/www.fiscalia.gov.co\/colombia\/"},{"@type":"ListItem","position":2,"name":"Un hombre de 29 a\u00f1os fue enviado a prisi\u00f3n porque, al parecer, habr\u00eda agredido en repetidas oportunidades a sus padres"}]},{"@type":"WebSite","@id":"https:\/\/www.fiscalia.gov.co\/colombia\/#website","url":"https:\/\/www.fiscalia.gov.co\/colombia\/","name":"Fiscal\u00eda General de la Naci\u00f3n","description":"P\u00e1gina oficial de la Fiscal\u00eda General de la Naci\u00f3n \u2013 Colombia. Garantizamos el acceso efectivo a la justicia, la verdad y la reparaci\u00f3n de las v\u00edctimas de los delitos.","publisher":{"@id":"https:\/\/www.fiscalia.gov.co\/colombia\/#organization"},"potentialAction":[{"@type":"SearchAction","target":{"@type":"EntryPoint","urlTemplate":"https:\/\/www.fiscalia.gov.co\/colombia\/?s={search_term_string}"},"query-input":{"@type":"PropertyValueSpecification","valueRequired":true,"valueName":"search_term_string"}}],"inLanguage":"es-CO"},{"@type":"Organization","@id":"https:\/\/www.fiscalia.gov.co\/colombia\/#organization","name":"Fiscal\u00eda General de la Naci\u00f3n","url":"https:\/\/www.fiscalia.gov.co\/colombia\/","logo":{"@type":"ImageObject","inLanguage":"es-CO","@id":"https:\/\/www.fiscalia.gov.co\/colombia\/#\/schema\/logo\/image\/","url":"https:\/\/www.fiscalia.gov.co\/colombia\/wp-content\/uploads\/LogoHorizontal_1.jpg","contentUrl":"https:\/\/www.fiscalia.gov.co\/colombia\/wp-content\/uploads\/LogoHorizontal_1.jpg","width":300,"height":90,"caption":"Fiscal\u00eda General de la Naci\u00f3n"},"image":{"@id":"https:\/\/www.fiscalia.gov.co\/colombia\/#\/schema\/logo\/image\/"},"sameAs":["https:\/\/www.facebook.com\/FiscaliaCol","https:\/\/x.com\/FiscaliaCol","https:\/\/www.instagram.com\/fiscaliacol","https:\/\/www.linkedin.com\/company\/fiscalia-general-de-la-naci-n\/","https:\/\/youtube.com\/@fiscaliageneraldelanacion-4668?si=6nN79nyQICPU5iTh"]},{"@type":"Person","@id":"https:\/\/www.fiscalia.gov.co\/colombia\/#\/schema\/person\/bf84402cf293a5393e9c70b111020b24","name":"Jordan Leandro Oviedo Anzola","image":{"@type":"ImageObject","inLanguage":"es-CO","@id":"https:\/\/www.fiscalia.gov.co\/colombia\/#\/schema\/person\/image\/","url":"https:\/\/secure.gravatar.com\/avatar\/dabba4346fa9b9207d96adafa8f92721?s=96&d=mm&r=g","contentUrl":"https:\/\/secure.gravatar.com\/avatar\/dabba4346fa9b9207d96adafa8f92721?s=96&d=mm&r=g","caption":"Jordan Leandro Oviedo Anzola"},"url":"https:\/\/www.fiscalia.gov.co\/colombia\/author\/joviedo\/"}]}},"_links":{"self":[{"href":"https:\/\/www.fiscalia.gov.co\/colombia\/wp-json\/wp\/v2\/posts\/266498","targetHints":{"allow":["GET"]}}],"collection":[{"href":"https:\/\/www.fiscalia.gov.co\/colombia\/wp-json\/wp\/v2\/posts"}],"about":[{"href":"https:\/\/www.fiscalia.gov.co\/colombia\/wp-json\/wp\/v2\/types\/post"}],"author":[{"embeddable":true,"href":"https:\/\/www.fiscalia.gov.co\/colombia\/wp-json\/wp\/v2\/users\/177"}],"replies":[{"embeddable":true,"href":"https:\/\/www.fiscalia.gov.co\/colombia\/wp-json\/wp\/v2\/comments?post=266498"}],"version-history":[{"count":2,"href":"https:\/\/www.fiscalia.gov.co\/colombia\/wp-json\/wp\/v2\/posts\/266498\/revisions"}],"predecessor-version":[{"id":266504,"href":"https:\/\/www.fiscalia.gov.co\/colombia\/wp-json\/wp\/v2\/posts\/266498\/revisions\/266504"}],"wp:attachment":[{"href":"https:\/\/www.fiscalia.gov.co\/colombia\/wp-json\/wp\/v2\/media?parent=266498"}],"wp:term":[{"taxonomy":"category","embeddable":true,"href":"https:\/\/www.fiscalia.gov.co\/colombia\/wp-json\/wp\/v2\/categories?post=266498"},{"taxonomy":"post_tag","embeddable":true,"href":"https:\/\/www.fiscalia.gov.co\/colombia\/wp-json\/wp\/v2\/tags?post=266498"}],"curies":[{"name":"wp","href":"https:\/\/api.w.org\/{rel}","templated":true}]}}