{"id":266482,"date":"2023-02-15T16:13:25","date_gmt":"2023-02-15T21:13:25","guid":{"rendered":"https:\/\/www.fiscalia.gov.co\/colombia\/?p=266482"},"modified":"2023-02-15T17:03:31","modified_gmt":"2023-02-15T22:03:31","slug":"a-la-carcel-presuntos-miembros-del-eln-que-movian-armas-ocultas-en-aires-acondicionados","status":"publish","type":"post","link":"https:\/\/www.fiscalia.gov.co\/colombia\/hechos-concretos\/a-la-carcel-presuntos-miembros-del-eln-que-movian-armas-ocultas-en-aires-acondicionados\/","title":{"rendered":"A la c\u00e1rcel, presuntos miembros del ELN que mov\u00edan armas ocultas en aires acondicionados"},"content":{"rendered":"<p><strong>Fuente: El Pa\u00eds de Cali<\/strong><\/p>\n<p>La Fiscal\u00eda General de la Naci\u00f3n inform\u00f3 que fueron judicializados dos integrantes del Ej\u00e9rcito de Liberaci\u00f3n Nacional, ELN, quienes, presuntamente, trasladaban por la frontera con Venezuela armas y municiones en aires acondicionados.<\/p>\n<p>Los capturados fueron identificados como los hermanos Hern\u00e1n Mauricio y Christian Leonardo Arias Calero, conocidos con los alias de \u2018Mat\u00edas\u2019 y \u2018Andr\u00e9s\u2019, respectivamente.<\/p>\n<p>\u201cLos dos hombres fueron interceptados y capturados en Tabio, Cundinamarca, luego de que intentaran escapar del dispositivo organizado en su contra. En la inspecci\u00f3n al veh\u00edculo en el que se movilizaban se encontraron dos pistolas calibre 9mm, 8 proveedores, 120 cartuchos 9mm, 3 celulares, 4.900 d\u00f3lares y 724.000 pesos en efectivo\u201d, inform\u00f3 la Fiscal\u00eda.<\/p>\n<p>Lea la noticia completa <a href=\"https:\/\/www.elpais.com.co\/judicial\/a-la-carcel-presuntos-miembros-del-eln-que-movian-armas-ocultas-en-aires-acondicionados.html\" target=\"_blank\" rel=\"noopener\">aqu\u00ed<\/a>.<\/p>\n<p>&nbsp;<\/p>\n\n<div class=\"twitter-share\"><a href=\"https:\/\/twitter.com\/intent\/tweet?via=fiscaliacol\" class=\"twitter-share-button\">Tweet<\/a><\/div>\n","protected":false},"excerpt":{"rendered":"<p>Fuente: El Pa\u00eds de Cali La Fiscal\u00eda General de la Naci\u00f3n inform\u00f3 que fueron judicializados dos integrantes del Ej\u00e9rcito de Liberaci\u00f3n Nacional, ELN, quienes, presuntamente, trasladaban por la frontera con Venezuela armas y municiones en aires acondicionados. Los capturados fueron identificados como los hermanos Hern\u00e1n Mauricio y Christian Leonardo Arias Calero, conocidos con los alias [&hellip;]<\/p>\n","protected":false},"author":175,"featured_media":266527,"comment_status":"closed","ping_status":"open","sticky":false,"template":"","format":"standard","meta":{"tdm_status":"","tdm_grid_status":"","footnotes":""},"categories":[24184],"tags":[24189,24526],"class_list":{"0":"post-266482","1":"post","2":"type-post","3":"status-publish","4":"format-standard","5":"has-post-thumbnail","7":"category-hechos-concretos","8":"tag-fiscal-francisco-barbosa-delgado","9":"tag-fiscal-general-francisco-barbosa-delgado"},"yoast_head":"<!-- This site is optimized with the Yoast SEO plugin v24.3 - https:\/\/yoast.com\/wordpress\/plugins\/seo\/ -->\n<title>Fiscal\u00eda General de la Naci\u00f3n<\/title>\n<meta name=\"description\" content=\"P\u00e1gina oficial de la Fiscal\u00eda General de la Naci\u00f3n \u2013 Colombia. Garantizamos el acceso efectivo a la justicia, la verdad y la reparaci\u00f3n de las v\u00edctimas de los delitos.\" \/>\n<meta name=\"robots\" content=\"noindex, follow\" \/>\n<meta property=\"og:locale\" content=\"es_ES\" \/>\n<meta property=\"og:type\" content=\"article\" \/>\n<meta property=\"og:title\" content=\"Fiscal\u00eda General de la Naci\u00f3n\" \/>\n<meta property=\"og:description\" content=\"P\u00e1gina oficial de la Fiscal\u00eda General de la Naci\u00f3n \u2013 Colombia. Garantizamos el acceso efectivo a la justicia, la verdad y la reparaci\u00f3n de las v\u00edctimas de los delitos.\" \/>\n<meta property=\"og:url\" content=\"https:\/\/www.fiscalia.gov.co\/colombia\/hechos-concretos\/a-la-carcel-presuntos-miembros-del-eln-que-movian-armas-ocultas-en-aires-acondicionados\/\" \/>\n<meta property=\"og:site_name\" content=\"Fiscal\u00eda General de la Naci\u00f3n\" \/>\n<meta property=\"article:publisher\" content=\"https:\/\/www.facebook.com\/FiscaliaCol\" \/>\n<meta property=\"article:published_time\" content=\"2023-02-15T21:13:25+00:00\" \/>\n<meta property=\"article:modified_time\" content=\"2023-02-15T22:03:31+00:00\" \/>\n<meta property=\"og:image\" content=\"https:\/\/www.fiscalia.gov.co\/colombia\/wp-content\/uploads\/Fiscal_Barbosa_ELN_armas.jpeg\" \/>\n\t<meta property=\"og:image:width\" content=\"1280\" \/>\n\t<meta property=\"og:image:height\" content=\"720\" \/>\n\t<meta property=\"og:image:type\" content=\"image\/jpeg\" \/>\n<meta name=\"author\" content=\"Katherine Loaiza Mart\u00ednez\" \/>\n<meta name=\"twitter:card\" content=\"summary_large_image\" \/>\n<meta name=\"twitter:creator\" content=\"@FiscaliaCol\" \/>\n<meta name=\"twitter:site\" content=\"@FiscaliaCol\" \/>\n<meta name=\"twitter:label1\" content=\"Escrito por\" \/>\n\t<meta name=\"twitter:data1\" content=\"Katherine Loaiza Mart\u00ednez\" \/>\n\t<meta name=\"twitter:label2\" content=\"Tiempo de lectura\" \/>\n\t<meta name=\"twitter:data2\" content=\"1 minuto\" \/>\n<script type=\"application\/ld+json\" class=\"yoast-schema-graph\">{\"@context\":\"https:\/\/schema.org\",\"@graph\":[{\"@type\":\"Article\",\"@id\":\"https:\/\/www.fiscalia.gov.co\/colombia\/hechos-concretos\/a-la-carcel-presuntos-miembros-del-eln-que-movian-armas-ocultas-en-aires-acondicionados\/#article\",\"isPartOf\":{\"@id\":\"https:\/\/www.fiscalia.gov.co\/colombia\/hechos-concretos\/a-la-carcel-presuntos-miembros-del-eln-que-movian-armas-ocultas-en-aires-acondicionados\/\"},\"author\":{\"name\":\"Katherine Loaiza Mart\u00ednez\",\"@id\":\"https:\/\/www.fiscalia.gov.co\/colombia\/#\/schema\/person\/2e76b9aba5ecf875ed565ce4de0e0415\"},\"headline\":\"A la c\u00e1rcel, presuntos miembros del ELN que mov\u00edan armas ocultas en aires acondicionados\",\"datePublished\":\"2023-02-15T21:13:25+00:00\",\"dateModified\":\"2023-02-15T22:03:31+00:00\",\"mainEntityOfPage\":{\"@id\":\"https:\/\/www.fiscalia.gov.co\/colombia\/hechos-concretos\/a-la-carcel-presuntos-miembros-del-eln-que-movian-armas-ocultas-en-aires-acondicionados\/\"},\"wordCount\":143,\"publisher\":{\"@id\":\"https:\/\/www.fiscalia.gov.co\/colombia\/#organization\"},\"image\":{\"@id\":\"https:\/\/www.fiscalia.gov.co\/colombia\/hechos-concretos\/a-la-carcel-presuntos-miembros-del-eln-que-movian-armas-ocultas-en-aires-acondicionados\/#primaryimage\"},\"thumbnailUrl\":\"https:\/\/www.fiscalia.gov.co\/colombia\/wp-content\/uploads\/Fiscal_Barbosa_ELN_armas.jpeg\",\"keywords\":[\"Fiscal Francisco Barbosa Delgado\",\"Fiscal General Francisco Barbosa Delgado\"],\"articleSection\":[\"Hechos concretos\"],\"inLanguage\":\"es-CO\"},{\"@type\":\"WebPage\",\"@id\":\"https:\/\/www.fiscalia.gov.co\/colombia\/hechos-concretos\/a-la-carcel-presuntos-miembros-del-eln-que-movian-armas-ocultas-en-aires-acondicionados\/\",\"url\":\"https:\/\/www.fiscalia.gov.co\/colombia\/hechos-concretos\/a-la-carcel-presuntos-miembros-del-eln-que-movian-armas-ocultas-en-aires-acondicionados\/\",\"name\":\"Fiscal\u00eda General de la Naci\u00f3n\",\"isPartOf\":{\"@id\":\"https:\/\/www.fiscalia.gov.co\/colombia\/#website\"},\"primaryImageOfPage\":{\"@id\":\"https:\/\/www.fiscalia.gov.co\/colombia\/hechos-concretos\/a-la-carcel-presuntos-miembros-del-eln-que-movian-armas-ocultas-en-aires-acondicionados\/#primaryimage\"},\"image\":{\"@id\":\"https:\/\/www.fiscalia.gov.co\/colombia\/hechos-concretos\/a-la-carcel-presuntos-miembros-del-eln-que-movian-armas-ocultas-en-aires-acondicionados\/#primaryimage\"},\"thumbnailUrl\":\"https:\/\/www.fiscalia.gov.co\/colombia\/wp-content\/uploads\/Fiscal_Barbosa_ELN_armas.jpeg\",\"datePublished\":\"2023-02-15T21:13:25+00:00\",\"dateModified\":\"2023-02-15T22:03:31+00:00\",\"description\":\"P\u00e1gina oficial de la Fiscal\u00eda General de la Naci\u00f3n \u2013 Colombia. Garantizamos el acceso efectivo a la justicia, la verdad y la reparaci\u00f3n de las v\u00edctimas de los delitos.\",\"breadcrumb\":{\"@id\":\"https:\/\/www.fiscalia.gov.co\/colombia\/hechos-concretos\/a-la-carcel-presuntos-miembros-del-eln-que-movian-armas-ocultas-en-aires-acondicionados\/#breadcrumb\"},\"inLanguage\":\"es-CO\",\"potentialAction\":[{\"@type\":\"ReadAction\",\"target\":[\"https:\/\/www.fiscalia.gov.co\/colombia\/hechos-concretos\/a-la-carcel-presuntos-miembros-del-eln-que-movian-armas-ocultas-en-aires-acondicionados\/\"]}]},{\"@type\":\"ImageObject\",\"inLanguage\":\"es-CO\",\"@id\":\"https:\/\/www.fiscalia.gov.co\/colombia\/hechos-concretos\/a-la-carcel-presuntos-miembros-del-eln-que-movian-armas-ocultas-en-aires-acondicionados\/#primaryimage\",\"url\":\"https:\/\/www.fiscalia.gov.co\/colombia\/wp-content\/uploads\/Fiscal_Barbosa_ELN_armas.jpeg\",\"contentUrl\":\"https:\/\/www.fiscalia.gov.co\/colombia\/wp-content\/uploads\/Fiscal_Barbosa_ELN_armas.jpeg\",\"width\":1280,\"height\":720},{\"@type\":\"BreadcrumbList\",\"@id\":\"https:\/\/www.fiscalia.gov.co\/colombia\/hechos-concretos\/a-la-carcel-presuntos-miembros-del-eln-que-movian-armas-ocultas-en-aires-acondicionados\/#breadcrumb\",\"itemListElement\":[{\"@type\":\"ListItem\",\"position\":1,\"name\":\"Home\",\"item\":\"https:\/\/www.fiscalia.gov.co\/colombia\/\"},{\"@type\":\"ListItem\",\"position\":2,\"name\":\"A la c\u00e1rcel, presuntos miembros del ELN que mov\u00edan armas ocultas en aires acondicionados\"}]},{\"@type\":\"WebSite\",\"@id\":\"https:\/\/www.fiscalia.gov.co\/colombia\/#website\",\"url\":\"https:\/\/www.fiscalia.gov.co\/colombia\/\",\"name\":\"Fiscal\u00eda General de la Naci\u00f3n\",\"description\":\"P\u00e1gina oficial de la Fiscal\u00eda General de la Naci\u00f3n \u2013 Colombia. Garantizamos el acceso efectivo a la justicia, la verdad y la reparaci\u00f3n de las v\u00edctimas de los delitos.\",\"publisher\":{\"@id\":\"https:\/\/www.fiscalia.gov.co\/colombia\/#organization\"},\"potentialAction\":[{\"@type\":\"SearchAction\",\"target\":{\"@type\":\"EntryPoint\",\"urlTemplate\":\"https:\/\/www.fiscalia.gov.co\/colombia\/?s={search_term_string}\"},\"query-input\":{\"@type\":\"PropertyValueSpecification\",\"valueRequired\":true,\"valueName\":\"search_term_string\"}}],\"inLanguage\":\"es-CO\"},{\"@type\":\"Organization\",\"@id\":\"https:\/\/www.fiscalia.gov.co\/colombia\/#organization\",\"name\":\"Fiscal\u00eda General de la Naci\u00f3n\",\"url\":\"https:\/\/www.fiscalia.gov.co\/colombia\/\",\"logo\":{\"@type\":\"ImageObject\",\"inLanguage\":\"es-CO\",\"@id\":\"https:\/\/www.fiscalia.gov.co\/colombia\/#\/schema\/logo\/image\/\",\"url\":\"https:\/\/www.fiscalia.gov.co\/colombia\/wp-content\/uploads\/LogoHorizontal_1.jpg\",\"contentUrl\":\"https:\/\/www.fiscalia.gov.co\/colombia\/wp-content\/uploads\/LogoHorizontal_1.jpg\",\"width\":300,\"height\":90,\"caption\":\"Fiscal\u00eda General de la Naci\u00f3n\"},\"image\":{\"@id\":\"https:\/\/www.fiscalia.gov.co\/colombia\/#\/schema\/logo\/image\/\"},\"sameAs\":[\"https:\/\/www.facebook.com\/FiscaliaCol\",\"https:\/\/x.com\/FiscaliaCol\",\"https:\/\/www.instagram.com\/fiscaliacol\",\"https:\/\/www.linkedin.com\/company\/fiscalia-general-de-la-naci-n\/\",\"https:\/\/youtube.com\/@fiscaliageneraldelanacion-4668?si=6nN79nyQICPU5iTh\"]},{\"@type\":\"Person\",\"@id\":\"https:\/\/www.fiscalia.gov.co\/colombia\/#\/schema\/person\/2e76b9aba5ecf875ed565ce4de0e0415\",\"name\":\"Katherine Loaiza Mart\u00ednez\",\"image\":{\"@type\":\"ImageObject\",\"inLanguage\":\"es-CO\",\"@id\":\"https:\/\/www.fiscalia.gov.co\/colombia\/#\/schema\/person\/image\/\",\"url\":\"https:\/\/secure.gravatar.com\/avatar\/ab775a2f394c1b83b6d6f78680e57b50?s=96&d=mm&r=g\",\"contentUrl\":\"https:\/\/secure.gravatar.com\/avatar\/ab775a2f394c1b83b6d6f78680e57b50?s=96&d=mm&r=g\",\"caption\":\"Katherine Loaiza Mart\u00ednez\"},\"url\":\"https:\/\/www.fiscalia.gov.co\/colombia\/author\/kloaiza\/\"}]}<\/script>\n<!-- \/ Yoast SEO plugin. -->","yoast_head_json":{"title":"Fiscal\u00eda General de la Naci\u00f3n","description":"P\u00e1gina oficial de la Fiscal\u00eda General de la Naci\u00f3n \u2013 Colombia. Garantizamos el acceso efectivo a la justicia, la verdad y la reparaci\u00f3n de las v\u00edctimas de los delitos.","robots":{"index":"noindex","follow":"follow"},"og_locale":"es_ES","og_type":"article","og_title":"Fiscal\u00eda General de la Naci\u00f3n","og_description":"P\u00e1gina oficial de la Fiscal\u00eda General de la Naci\u00f3n \u2013 Colombia. Garantizamos el acceso efectivo a la justicia, la verdad y la reparaci\u00f3n de las v\u00edctimas de los delitos.","og_url":"https:\/\/www.fiscalia.gov.co\/colombia\/hechos-concretos\/a-la-carcel-presuntos-miembros-del-eln-que-movian-armas-ocultas-en-aires-acondicionados\/","og_site_name":"Fiscal\u00eda General de la Naci\u00f3n","article_publisher":"https:\/\/www.facebook.com\/FiscaliaCol","article_published_time":"2023-02-15T21:13:25+00:00","article_modified_time":"2023-02-15T22:03:31+00:00","og_image":[{"width":1280,"height":720,"url":"https:\/\/www.fiscalia.gov.co\/colombia\/wp-content\/uploads\/Fiscal_Barbosa_ELN_armas.jpeg","type":"image\/jpeg"}],"author":"Katherine Loaiza Mart\u00ednez","twitter_card":"summary_large_image","twitter_creator":"@FiscaliaCol","twitter_site":"@FiscaliaCol","twitter_misc":{"Escrito por":"Katherine Loaiza Mart\u00ednez","Tiempo de lectura":"1 minuto"},"schema":{"@context":"https:\/\/schema.org","@graph":[{"@type":"Article","@id":"https:\/\/www.fiscalia.gov.co\/colombia\/hechos-concretos\/a-la-carcel-presuntos-miembros-del-eln-que-movian-armas-ocultas-en-aires-acondicionados\/#article","isPartOf":{"@id":"https:\/\/www.fiscalia.gov.co\/colombia\/hechos-concretos\/a-la-carcel-presuntos-miembros-del-eln-que-movian-armas-ocultas-en-aires-acondicionados\/"},"author":{"name":"Katherine Loaiza Mart\u00ednez","@id":"https:\/\/www.fiscalia.gov.co\/colombia\/#\/schema\/person\/2e76b9aba5ecf875ed565ce4de0e0415"},"headline":"A la c\u00e1rcel, presuntos miembros del ELN que mov\u00edan armas ocultas en aires acondicionados","datePublished":"2023-02-15T21:13:25+00:00","dateModified":"2023-02-15T22:03:31+00:00","mainEntityOfPage":{"@id":"https:\/\/www.fiscalia.gov.co\/colombia\/hechos-concretos\/a-la-carcel-presuntos-miembros-del-eln-que-movian-armas-ocultas-en-aires-acondicionados\/"},"wordCount":143,"publisher":{"@id":"https:\/\/www.fiscalia.gov.co\/colombia\/#organization"},"image":{"@id":"https:\/\/www.fiscalia.gov.co\/colombia\/hechos-concretos\/a-la-carcel-presuntos-miembros-del-eln-que-movian-armas-ocultas-en-aires-acondicionados\/#primaryimage"},"thumbnailUrl":"https:\/\/www.fiscalia.gov.co\/colombia\/wp-content\/uploads\/Fiscal_Barbosa_ELN_armas.jpeg","keywords":["Fiscal Francisco Barbosa Delgado","Fiscal General Francisco Barbosa Delgado"],"articleSection":["Hechos concretos"],"inLanguage":"es-CO"},{"@type":"WebPage","@id":"https:\/\/www.fiscalia.gov.co\/colombia\/hechos-concretos\/a-la-carcel-presuntos-miembros-del-eln-que-movian-armas-ocultas-en-aires-acondicionados\/","url":"https:\/\/www.fiscalia.gov.co\/colombia\/hechos-concretos\/a-la-carcel-presuntos-miembros-del-eln-que-movian-armas-ocultas-en-aires-acondicionados\/","name":"Fiscal\u00eda General de la Naci\u00f3n","isPartOf":{"@id":"https:\/\/www.fiscalia.gov.co\/colombia\/#website"},"primaryImageOfPage":{"@id":"https:\/\/www.fiscalia.gov.co\/colombia\/hechos-concretos\/a-la-carcel-presuntos-miembros-del-eln-que-movian-armas-ocultas-en-aires-acondicionados\/#primaryimage"},"image":{"@id":"https:\/\/www.fiscalia.gov.co\/colombia\/hechos-concretos\/a-la-carcel-presuntos-miembros-del-eln-que-movian-armas-ocultas-en-aires-acondicionados\/#primaryimage"},"thumbnailUrl":"https:\/\/www.fiscalia.gov.co\/colombia\/wp-content\/uploads\/Fiscal_Barbosa_ELN_armas.jpeg","datePublished":"2023-02-15T21:13:25+00:00","dateModified":"2023-02-15T22:03:31+00:00","description":"P\u00e1gina oficial de la Fiscal\u00eda General de la Naci\u00f3n \u2013 Colombia. Garantizamos el acceso efectivo a la justicia, la verdad y la reparaci\u00f3n de las v\u00edctimas de los delitos.","breadcrumb":{"@id":"https:\/\/www.fiscalia.gov.co\/colombia\/hechos-concretos\/a-la-carcel-presuntos-miembros-del-eln-que-movian-armas-ocultas-en-aires-acondicionados\/#breadcrumb"},"inLanguage":"es-CO","potentialAction":[{"@type":"ReadAction","target":["https:\/\/www.fiscalia.gov.co\/colombia\/hechos-concretos\/a-la-carcel-presuntos-miembros-del-eln-que-movian-armas-ocultas-en-aires-acondicionados\/"]}]},{"@type":"ImageObject","inLanguage":"es-CO","@id":"https:\/\/www.fiscalia.gov.co\/colombia\/hechos-concretos\/a-la-carcel-presuntos-miembros-del-eln-que-movian-armas-ocultas-en-aires-acondicionados\/#primaryimage","url":"https:\/\/www.fiscalia.gov.co\/colombia\/wp-content\/uploads\/Fiscal_Barbosa_ELN_armas.jpeg","contentUrl":"https:\/\/www.fiscalia.gov.co\/colombia\/wp-content\/uploads\/Fiscal_Barbosa_ELN_armas.jpeg","width":1280,"height":720},{"@type":"BreadcrumbList","@id":"https:\/\/www.fiscalia.gov.co\/colombia\/hechos-concretos\/a-la-carcel-presuntos-miembros-del-eln-que-movian-armas-ocultas-en-aires-acondicionados\/#breadcrumb","itemListElement":[{"@type":"ListItem","position":1,"name":"Home","item":"https:\/\/www.fiscalia.gov.co\/colombia\/"},{"@type":"ListItem","position":2,"name":"A la c\u00e1rcel, presuntos miembros del ELN que mov\u00edan armas ocultas en aires acondicionados"}]},{"@type":"WebSite","@id":"https:\/\/www.fiscalia.gov.co\/colombia\/#website","url":"https:\/\/www.fiscalia.gov.co\/colombia\/","name":"Fiscal\u00eda General de la Naci\u00f3n","description":"P\u00e1gina oficial de la Fiscal\u00eda General de la Naci\u00f3n \u2013 Colombia. Garantizamos el acceso efectivo a la justicia, la verdad y la reparaci\u00f3n de las v\u00edctimas de los delitos.","publisher":{"@id":"https:\/\/www.fiscalia.gov.co\/colombia\/#organization"},"potentialAction":[{"@type":"SearchAction","target":{"@type":"EntryPoint","urlTemplate":"https:\/\/www.fiscalia.gov.co\/colombia\/?s={search_term_string}"},"query-input":{"@type":"PropertyValueSpecification","valueRequired":true,"valueName":"search_term_string"}}],"inLanguage":"es-CO"},{"@type":"Organization","@id":"https:\/\/www.fiscalia.gov.co\/colombia\/#organization","name":"Fiscal\u00eda General de la Naci\u00f3n","url":"https:\/\/www.fiscalia.gov.co\/colombia\/","logo":{"@type":"ImageObject","inLanguage":"es-CO","@id":"https:\/\/www.fiscalia.gov.co\/colombia\/#\/schema\/logo\/image\/","url":"https:\/\/www.fiscalia.gov.co\/colombia\/wp-content\/uploads\/LogoHorizontal_1.jpg","contentUrl":"https:\/\/www.fiscalia.gov.co\/colombia\/wp-content\/uploads\/LogoHorizontal_1.jpg","width":300,"height":90,"caption":"Fiscal\u00eda General de la Naci\u00f3n"},"image":{"@id":"https:\/\/www.fiscalia.gov.co\/colombia\/#\/schema\/logo\/image\/"},"sameAs":["https:\/\/www.facebook.com\/FiscaliaCol","https:\/\/x.com\/FiscaliaCol","https:\/\/www.instagram.com\/fiscaliacol","https:\/\/www.linkedin.com\/company\/fiscalia-general-de-la-naci-n\/","https:\/\/youtube.com\/@fiscaliageneraldelanacion-4668?si=6nN79nyQICPU5iTh"]},{"@type":"Person","@id":"https:\/\/www.fiscalia.gov.co\/colombia\/#\/schema\/person\/2e76b9aba5ecf875ed565ce4de0e0415","name":"Katherine Loaiza Mart\u00ednez","image":{"@type":"ImageObject","inLanguage":"es-CO","@id":"https:\/\/www.fiscalia.gov.co\/colombia\/#\/schema\/person\/image\/","url":"https:\/\/secure.gravatar.com\/avatar\/ab775a2f394c1b83b6d6f78680e57b50?s=96&d=mm&r=g","contentUrl":"https:\/\/secure.gravatar.com\/avatar\/ab775a2f394c1b83b6d6f78680e57b50?s=96&d=mm&r=g","caption":"Katherine Loaiza Mart\u00ednez"},"url":"https:\/\/www.fiscalia.gov.co\/colombia\/author\/kloaiza\/"}]}},"_links":{"self":[{"href":"https:\/\/www.fiscalia.gov.co\/colombia\/wp-json\/wp\/v2\/posts\/266482","targetHints":{"allow":["GET"]}}],"collection":[{"href":"https:\/\/www.fiscalia.gov.co\/colombia\/wp-json\/wp\/v2\/posts"}],"about":[{"href":"https:\/\/www.fiscalia.gov.co\/colombia\/wp-json\/wp\/v2\/types\/post"}],"author":[{"embeddable":true,"href":"https:\/\/www.fiscalia.gov.co\/colombia\/wp-json\/wp\/v2\/users\/175"}],"replies":[{"embeddable":true,"href":"https:\/\/www.fiscalia.gov.co\/colombia\/wp-json\/wp\/v2\/comments?post=266482"}],"version-history":[{"count":1,"href":"https:\/\/www.fiscalia.gov.co\/colombia\/wp-json\/wp\/v2\/posts\/266482\/revisions"}],"predecessor-version":[{"id":266493,"href":"https:\/\/www.fiscalia.gov.co\/colombia\/wp-json\/wp\/v2\/posts\/266482\/revisions\/266493"}],"wp:featuredmedia":[{"embeddable":true,"href":"https:\/\/www.fiscalia.gov.co\/colombia\/wp-json\/wp\/v2\/media\/266527"}],"wp:attachment":[{"href":"https:\/\/www.fiscalia.gov.co\/colombia\/wp-json\/wp\/v2\/media?parent=266482"}],"wp:term":[{"taxonomy":"category","embeddable":true,"href":"https:\/\/www.fiscalia.gov.co\/colombia\/wp-json\/wp\/v2\/categories?post=266482"},{"taxonomy":"post_tag","embeddable":true,"href":"https:\/\/www.fiscalia.gov.co\/colombia\/wp-json\/wp\/v2\/tags?post=266482"}],"curies":[{"name":"wp","href":"https:\/\/api.w.org\/{rel}","templated":true}]}}