{"id":266477,"date":"2023-02-15T11:45:33","date_gmt":"2023-02-15T16:45:33","guid":{"rendered":"https:\/\/www.fiscalia.gov.co\/colombia\/?p=266477"},"modified":"2023-02-15T11:45:33","modified_gmt":"2023-02-15T16:45:33","slug":"a-prision-mujer-quien-presuntamente-agredio-a-su-hija-de-3-anos","status":"publish","type":"post","link":"https:\/\/www.fiscalia.gov.co\/colombia\/noticias\/a-prision-mujer-quien-presuntamente-agredio-a-su-hija-de-3-anos\/","title":{"rendered":"A prisi\u00f3n mujer quien presuntamente agredi\u00f3 a su hija de 3 a\u00f1os"},"content":{"rendered":"<h4 style=\"font-weight: 400;\"><strong><em>Contusiones, desnutrici\u00f3n, golpes en el rostro y en el cuerpo fueron algunos de los resultados que dict\u00f3 la valoraci\u00f3n de Medicina Legal luego de la supuesta golpiza que recibi\u00f3 la v\u00edctima.<\/em><\/strong><\/h4>\n<figure id=\"attachment_266478\" aria-describedby=\"caption-attachment-266478\" style=\"width: 696px\" class=\"wp-caption aligncenter\"><img loading=\"lazy\" decoding=\"async\" class=\"size-large wp-image-266478\" src=\"https:\/\/www.fiscalia.gov.co\/colombia\/wp-content\/uploads\/Mujer-de-21-anos-investigada-por-maltratar-a-su-hija-de-3-anos-fue-enviada-a-prision.-1024x788.jpeg\" alt=\"En la fotograf\u00eda est\u00e1 la procesada con una blusa de color blanco. A su lado est\u00e1n dos uniformados de la Polic\u00eda de Infancia y Adolescencia de Santa Marta.\" width=\"696\" height=\"536\" srcset=\"https:\/\/www.fiscalia.gov.co\/colombia\/wp-content\/uploads\/Mujer-de-21-anos-investigada-por-maltratar-a-su-hija-de-3-anos-fue-enviada-a-prision.-1024x788.jpeg 1024w, https:\/\/www.fiscalia.gov.co\/colombia\/wp-content\/uploads\/Mujer-de-21-anos-investigada-por-maltratar-a-su-hija-de-3-anos-fue-enviada-a-prision.-300x231.jpeg 300w, https:\/\/www.fiscalia.gov.co\/colombia\/wp-content\/uploads\/Mujer-de-21-anos-investigada-por-maltratar-a-su-hija-de-3-anos-fue-enviada-a-prision.-768x591.jpeg 768w, https:\/\/www.fiscalia.gov.co\/colombia\/wp-content\/uploads\/Mujer-de-21-anos-investigada-por-maltratar-a-su-hija-de-3-anos-fue-enviada-a-prision.-696x535.jpeg 696w, https:\/\/www.fiscalia.gov.co\/colombia\/wp-content\/uploads\/Mujer-de-21-anos-investigada-por-maltratar-a-su-hija-de-3-anos-fue-enviada-a-prision.-1068x821.jpeg 1068w, https:\/\/www.fiscalia.gov.co\/colombia\/wp-content\/uploads\/Mujer-de-21-anos-investigada-por-maltratar-a-su-hija-de-3-anos-fue-enviada-a-prision.-546x420.jpeg 546w, https:\/\/www.fiscalia.gov.co\/colombia\/wp-content\/uploads\/Mujer-de-21-anos-investigada-por-maltratar-a-su-hija-de-3-anos-fue-enviada-a-prision..jpeg 1412w\" sizes=\"auto, (max-width: 696px) 100vw, 696px\" \/><figcaption id=\"caption-attachment-266478\" class=\"wp-caption-text\">Mujer de 21 a\u00f1os investigada por maltratar a su hija de 3 a\u00f1os fue enviada a prisi\u00f3n.<\/figcaption><\/figure>\n<p style=\"font-weight: 400;\">Por petici\u00f3n de una fiscal del Centro de Atenci\u00f3n Integral a V\u00edctimas de Violencia Intrafamiliar (Cavif), de la Seccional Magdalena, un juez con funciones de control de garant\u00edas de Santa Marta envi\u00f3 a prisi\u00f3n a una mujer implicada en violencia intrafamiliar con su hija de 3 a\u00f1os.<\/p>\n<p style=\"font-weight: 400;\">De acuerdo con la indagaci\u00f3n, desde marzo de 2022 la menor, al parecer, era constantemente agredida por la procesada. El hecho m\u00e1s reciente se registr\u00f3 el 5 de enero cuando la v\u00edctima recibi\u00f3 m\u00faltiples golpes en cuerpo y rostro que supuestamente le ocasion\u00f3 la hoy capturada.<\/p>\n<p style=\"font-weight: 400;\">La menor fue trasladada a una cl\u00ednica de la ciudad donde recibi\u00f3 atenci\u00f3n prioritaria y fue valorada por Medicina Legal, que emiti\u00f3 un dictamen que revela que ten\u00eda contusiones en miembros inferiores, superiores, rostro, genitales, un diente partido y evidente estado de desnutrici\u00f3n.<\/p>\n<p style=\"font-weight: 400;\">Por estos hechos la procesada, de 21 a\u00f1os, fue imputada por el delito de violencia intrafamiliar agravada, el cual no acept\u00f3 en las audiencias concentradas.<\/p>\n<p style=\"font-weight: 400;\">La mujer fue capturada por uniformados de la Polic\u00eda en v\u00eda p\u00fablica de la capital del Magdalena.<\/p>\n<p style=\"font-weight: 400;\"><strong>La Fiscal\u00eda habla con resultados.<\/strong><\/p>\n<p>&nbsp;<\/p>\n<p>&nbsp;<\/p>\n<p>&nbsp;<\/p>\n<p>&nbsp;<\/p>\n<p>&nbsp;<\/p>\n<p style=\"font-weight: 400;\">SKCR\/VHGB\/GMFC\/DSM<\/p>\n<p style=\"font-weight: 400;\">\n<p style=\"font-weight: 400;\">\n<p style=\"font-weight: 400;\">\n<p>&nbsp;<\/p>\n<div class=\"td-post-content tagdiv-type\">\n<div class=\"td-post-content tagdiv-type\">\n<div class=\"td-post-content tagdiv-type\">\n<div class=\"td-post-content tagdiv-type\">\n<div class=\"td-post-content tagdiv-type\">\n<div class=\"td-post-content tagdiv-type\">\n<div class=\"td-post-content tagdiv-type\">\n<div dir=\"ltr\">\n<div id=\"m_-7400369670175549781x_divtagdefaultwrapper\" dir=\"ltr\">\n<p><i>La informaci\u00f3n contenida en este bolet\u00edn de prensa corresponde a la narraci\u00f3n de los hechos noticiosos objetivos, suministrados por los funcionarios encargados de adelantar las investigaciones penales al interior de la Fiscal\u00eda General de la Naci\u00f3n. Para el momento de la divulgaci\u00f3n de este comunicado, la situaci\u00f3n jur\u00eddica de la(s) persona(s) relacionada(s) se encuentra pendiente de resolver por la autoridad judicial competente, siempre bajo los preceptos de la presunci\u00f3n de inocencia, consagrados en el art\u00edculo 29 de la Constituci\u00f3n Pol\u00edtica y el art\u00edculo 7\u00ba de la Ley 906 de 2004.<\/i><\/p>\n<\/div>\n<\/div>\n<\/div>\n<\/div>\n<\/div>\n<\/div>\n<\/div>\n<\/div>\n<\/div>\n\n<div class=\"twitter-share\"><a href=\"https:\/\/twitter.com\/intent\/tweet?via=fiscaliacol\" class=\"twitter-share-button\">Tweet<\/a><\/div>\n","protected":false},"excerpt":{"rendered":"<p>Contusiones, desnutrici\u00f3n, golpes en el rostro y en el cuerpo fueron algunos de los resultados que dict\u00f3 la valoraci\u00f3n de Medicina Legal luego de la supuesta golpiza que recibi\u00f3 la v\u00edctima. Por petici\u00f3n de una fiscal del Centro de Atenci\u00f3n Integral a V\u00edctimas de Violencia Intrafamiliar (Cavif), de la Seccional Magdalena, un juez con funciones [&hellip;]<\/p>\n","protected":false},"author":177,"featured_media":0,"comment_status":"closed","ping_status":"open","sticky":false,"template":"","format":"standard","meta":{"_price":"","_stock":"","_tribe_ticket_header":"","_tribe_default_ticket_provider":"","_tribe_ticket_capacity":"0","_ticket_start_date":"","_ticket_end_date":"","_tribe_ticket_show_description":"","_tribe_ticket_show_not_going":false,"_tribe_ticket_use_global_stock":"","_tribe_ticket_global_stock_level":"","_global_stock_mode":"","_global_stock_cap":"","_tribe_rsvp_for_event":"","_tribe_ticket_going_count":"","_tribe_ticket_not_going_count":"","_tribe_tickets_list":"[]","_tribe_ticket_has_attendee_info_fields":false,"tdm_status":"","tdm_grid_status":"","footnotes":""},"categories":[1,339,303,24127],"tags":[1064,3136,239,932,30634,24009,24310,26056,12433],"class_list":{"0":"post-266477","1":"post","2":"type-post","3":"status-publish","4":"format-standard","6":"category-noticias","7":"category-seccional-santa-marta","8":"category-seccionales","9":"category-violencia-sexual-e-intrafamiliar","10":"tag-golpes","11":"tag-maltrato","12":"tag-medicina-legal","13":"tag-mensor-de-edad","14":"tag-nina-de-3-anos","15":"tag-santa-marta-magdalena","16":"tag-seccional-magdalena","17":"tag-violencia-fisica","18":"tag-violencia-intrafamiliar-agravada"},"yoast_head":"<!-- This site is optimized with the Yoast SEO plugin v24.3 - https:\/\/yoast.com\/wordpress\/plugins\/seo\/ -->\n<title>Fiscal\u00eda General de la Naci\u00f3n<\/title>\n<meta name=\"description\" content=\"P\u00e1gina oficial de la Fiscal\u00eda General de la Naci\u00f3n \u2013 Colombia. Garantizamos el acceso efectivo a la justicia, la verdad y la reparaci\u00f3n de las v\u00edctimas de los delitos.\" \/>\n<meta name=\"robots\" content=\"noindex, follow\" \/>\n<meta property=\"og:locale\" content=\"es_ES\" \/>\n<meta property=\"og:type\" content=\"article\" \/>\n<meta property=\"og:title\" content=\"Fiscal\u00eda General de la Naci\u00f3n\" \/>\n<meta property=\"og:description\" content=\"P\u00e1gina oficial de la Fiscal\u00eda General de la Naci\u00f3n \u2013 Colombia. Garantizamos el acceso efectivo a la justicia, la verdad y la reparaci\u00f3n de las v\u00edctimas de los delitos.\" \/>\n<meta property=\"og:url\" content=\"https:\/\/www.fiscalia.gov.co\/colombia\/noticias\/a-prision-mujer-quien-presuntamente-agredio-a-su-hija-de-3-anos\/\" \/>\n<meta property=\"og:site_name\" content=\"Fiscal\u00eda General de la Naci\u00f3n\" \/>\n<meta property=\"article:publisher\" content=\"https:\/\/www.facebook.com\/FiscaliaCol\" \/>\n<meta property=\"article:published_time\" content=\"2023-02-15T16:45:33+00:00\" \/>\n<meta property=\"og:image\" content=\"https:\/\/www.fiscalia.gov.co\/colombia\/wp-content\/uploads\/Mujer-de-21-anos-investigada-por-maltratar-a-su-hija-de-3-anos-fue-enviada-a-prision.-1024x788.jpeg\" \/>\n<meta name=\"author\" content=\"Jordan Leandro Oviedo Anzola\" \/>\n<meta name=\"twitter:card\" content=\"summary_large_image\" \/>\n<meta name=\"twitter:creator\" content=\"@FiscaliaCol\" \/>\n<meta name=\"twitter:site\" content=\"@FiscaliaCol\" \/>\n<meta name=\"twitter:label1\" content=\"Escrito por\" \/>\n\t<meta name=\"twitter:data1\" content=\"Jordan Leandro Oviedo Anzola\" \/>\n\t<meta name=\"twitter:label2\" content=\"Tiempo de lectura\" \/>\n\t<meta name=\"twitter:data2\" content=\"2 minutos\" \/>\n<script type=\"application\/ld+json\" class=\"yoast-schema-graph\">{\"@context\":\"https:\/\/schema.org\",\"@graph\":[{\"@type\":\"Article\",\"@id\":\"https:\/\/www.fiscalia.gov.co\/colombia\/noticias\/a-prision-mujer-quien-presuntamente-agredio-a-su-hija-de-3-anos\/#article\",\"isPartOf\":{\"@id\":\"https:\/\/www.fiscalia.gov.co\/colombia\/noticias\/a-prision-mujer-quien-presuntamente-agredio-a-su-hija-de-3-anos\/\"},\"author\":{\"name\":\"Jordan Leandro Oviedo Anzola\",\"@id\":\"https:\/\/www.fiscalia.gov.co\/colombia\/#\/schema\/person\/bf84402cf293a5393e9c70b111020b24\"},\"headline\":\"A prisi\u00f3n mujer quien presuntamente agredi\u00f3 a su hija de 3 a\u00f1os\",\"datePublished\":\"2023-02-15T16:45:33+00:00\",\"dateModified\":\"2023-02-15T16:45:33+00:00\",\"mainEntityOfPage\":{\"@id\":\"https:\/\/www.fiscalia.gov.co\/colombia\/noticias\/a-prision-mujer-quien-presuntamente-agredio-a-su-hija-de-3-anos\/\"},\"wordCount\":382,\"publisher\":{\"@id\":\"https:\/\/www.fiscalia.gov.co\/colombia\/#organization\"},\"image\":{\"@id\":\"https:\/\/www.fiscalia.gov.co\/colombia\/noticias\/a-prision-mujer-quien-presuntamente-agredio-a-su-hija-de-3-anos\/#primaryimage\"},\"thumbnailUrl\":\"https:\/\/www.fiscalia.gov.co\/colombia\/wp-content\/uploads\/Mujer-de-21-anos-investigada-por-maltratar-a-su-hija-de-3-anos-fue-enviada-a-prision.-1024x788.jpeg\",\"keywords\":[\"Golpes\",\"Maltrato\",\"Medicina Legal\",\"Menor de edad\",\"ni\u00f1a de 3 a\u00f1os\",\"Santa Marta (Magdalena)\",\"Seccional Magdalena\",\"violencia f\u00edsica\",\"violencia intrafamiliar agravada\"],\"articleSection\":[\"Noticias\",\"Seccional Santa Marta\",\"Seccionales\",\"Violencia sexual e intrafamiliar\"],\"inLanguage\":\"es-CO\"},{\"@type\":\"WebPage\",\"@id\":\"https:\/\/www.fiscalia.gov.co\/colombia\/noticias\/a-prision-mujer-quien-presuntamente-agredio-a-su-hija-de-3-anos\/\",\"url\":\"https:\/\/www.fiscalia.gov.co\/colombia\/noticias\/a-prision-mujer-quien-presuntamente-agredio-a-su-hija-de-3-anos\/\",\"name\":\"Fiscal\u00eda General de la Naci\u00f3n\",\"isPartOf\":{\"@id\":\"https:\/\/www.fiscalia.gov.co\/colombia\/#website\"},\"primaryImageOfPage\":{\"@id\":\"https:\/\/www.fiscalia.gov.co\/colombia\/noticias\/a-prision-mujer-quien-presuntamente-agredio-a-su-hija-de-3-anos\/#primaryimage\"},\"image\":{\"@id\":\"https:\/\/www.fiscalia.gov.co\/colombia\/noticias\/a-prision-mujer-quien-presuntamente-agredio-a-su-hija-de-3-anos\/#primaryimage\"},\"thumbnailUrl\":\"https:\/\/www.fiscalia.gov.co\/colombia\/wp-content\/uploads\/Mujer-de-21-anos-investigada-por-maltratar-a-su-hija-de-3-anos-fue-enviada-a-prision.-1024x788.jpeg\",\"datePublished\":\"2023-02-15T16:45:33+00:00\",\"dateModified\":\"2023-02-15T16:45:33+00:00\",\"description\":\"P\u00e1gina oficial de la Fiscal\u00eda General de la Naci\u00f3n \u2013 Colombia. Garantizamos el acceso efectivo a la justicia, la verdad y la reparaci\u00f3n de las v\u00edctimas de los delitos.\",\"breadcrumb\":{\"@id\":\"https:\/\/www.fiscalia.gov.co\/colombia\/noticias\/a-prision-mujer-quien-presuntamente-agredio-a-su-hija-de-3-anos\/#breadcrumb\"},\"inLanguage\":\"es-CO\",\"potentialAction\":[{\"@type\":\"ReadAction\",\"target\":[\"https:\/\/www.fiscalia.gov.co\/colombia\/noticias\/a-prision-mujer-quien-presuntamente-agredio-a-su-hija-de-3-anos\/\"]}]},{\"@type\":\"ImageObject\",\"inLanguage\":\"es-CO\",\"@id\":\"https:\/\/www.fiscalia.gov.co\/colombia\/noticias\/a-prision-mujer-quien-presuntamente-agredio-a-su-hija-de-3-anos\/#primaryimage\",\"url\":\"https:\/\/www.fiscalia.gov.co\/colombia\/wp-content\/uploads\/Mujer-de-21-anos-investigada-por-maltratar-a-su-hija-de-3-anos-fue-enviada-a-prision.-1024x788.jpeg\",\"contentUrl\":\"https:\/\/www.fiscalia.gov.co\/colombia\/wp-content\/uploads\/Mujer-de-21-anos-investigada-por-maltratar-a-su-hija-de-3-anos-fue-enviada-a-prision.-1024x788.jpeg\"},{\"@type\":\"BreadcrumbList\",\"@id\":\"https:\/\/www.fiscalia.gov.co\/colombia\/noticias\/a-prision-mujer-quien-presuntamente-agredio-a-su-hija-de-3-anos\/#breadcrumb\",\"itemListElement\":[{\"@type\":\"ListItem\",\"position\":1,\"name\":\"Home\",\"item\":\"https:\/\/www.fiscalia.gov.co\/colombia\/\"},{\"@type\":\"ListItem\",\"position\":2,\"name\":\"A prisi\u00f3n mujer quien presuntamente agredi\u00f3 a su hija de 3 a\u00f1os\"}]},{\"@type\":\"WebSite\",\"@id\":\"https:\/\/www.fiscalia.gov.co\/colombia\/#website\",\"url\":\"https:\/\/www.fiscalia.gov.co\/colombia\/\",\"name\":\"Fiscal\u00eda General de la Naci\u00f3n\",\"description\":\"P\u00e1gina oficial de la Fiscal\u00eda General de la Naci\u00f3n \u2013 Colombia. Garantizamos el acceso efectivo a la justicia, la verdad y la reparaci\u00f3n de las v\u00edctimas de los delitos.\",\"publisher\":{\"@id\":\"https:\/\/www.fiscalia.gov.co\/colombia\/#organization\"},\"potentialAction\":[{\"@type\":\"SearchAction\",\"target\":{\"@type\":\"EntryPoint\",\"urlTemplate\":\"https:\/\/www.fiscalia.gov.co\/colombia\/?s={search_term_string}\"},\"query-input\":{\"@type\":\"PropertyValueSpecification\",\"valueRequired\":true,\"valueName\":\"search_term_string\"}}],\"inLanguage\":\"es-CO\"},{\"@type\":\"Organization\",\"@id\":\"https:\/\/www.fiscalia.gov.co\/colombia\/#organization\",\"name\":\"Fiscal\u00eda General de la Naci\u00f3n\",\"url\":\"https:\/\/www.fiscalia.gov.co\/colombia\/\",\"logo\":{\"@type\":\"ImageObject\",\"inLanguage\":\"es-CO\",\"@id\":\"https:\/\/www.fiscalia.gov.co\/colombia\/#\/schema\/logo\/image\/\",\"url\":\"https:\/\/www.fiscalia.gov.co\/colombia\/wp-content\/uploads\/LogoHorizontal_1.jpg\",\"contentUrl\":\"https:\/\/www.fiscalia.gov.co\/colombia\/wp-content\/uploads\/LogoHorizontal_1.jpg\",\"width\":300,\"height\":90,\"caption\":\"Fiscal\u00eda General de la Naci\u00f3n\"},\"image\":{\"@id\":\"https:\/\/www.fiscalia.gov.co\/colombia\/#\/schema\/logo\/image\/\"},\"sameAs\":[\"https:\/\/www.facebook.com\/FiscaliaCol\",\"https:\/\/x.com\/FiscaliaCol\",\"https:\/\/www.instagram.com\/fiscaliacol\",\"https:\/\/www.linkedin.com\/company\/fiscalia-general-de-la-naci-n\/\",\"https:\/\/youtube.com\/@fiscaliageneraldelanacion-4668?si=6nN79nyQICPU5iTh\"]},{\"@type\":\"Person\",\"@id\":\"https:\/\/www.fiscalia.gov.co\/colombia\/#\/schema\/person\/bf84402cf293a5393e9c70b111020b24\",\"name\":\"Jordan Leandro Oviedo Anzola\",\"image\":{\"@type\":\"ImageObject\",\"inLanguage\":\"es-CO\",\"@id\":\"https:\/\/www.fiscalia.gov.co\/colombia\/#\/schema\/person\/image\/\",\"url\":\"https:\/\/secure.gravatar.com\/avatar\/dabba4346fa9b9207d96adafa8f92721?s=96&d=mm&r=g\",\"contentUrl\":\"https:\/\/secure.gravatar.com\/avatar\/dabba4346fa9b9207d96adafa8f92721?s=96&d=mm&r=g\",\"caption\":\"Jordan Leandro Oviedo Anzola\"},\"url\":\"https:\/\/www.fiscalia.gov.co\/colombia\/author\/joviedo\/\"}]}<\/script>\n<!-- \/ Yoast SEO plugin. -->","yoast_head_json":{"title":"Fiscal\u00eda General de la Naci\u00f3n","description":"P\u00e1gina oficial de la Fiscal\u00eda General de la Naci\u00f3n \u2013 Colombia. Garantizamos el acceso efectivo a la justicia, la verdad y la reparaci\u00f3n de las v\u00edctimas de los delitos.","robots":{"index":"noindex","follow":"follow"},"og_locale":"es_ES","og_type":"article","og_title":"Fiscal\u00eda General de la Naci\u00f3n","og_description":"P\u00e1gina oficial de la Fiscal\u00eda General de la Naci\u00f3n \u2013 Colombia. Garantizamos el acceso efectivo a la justicia, la verdad y la reparaci\u00f3n de las v\u00edctimas de los delitos.","og_url":"https:\/\/www.fiscalia.gov.co\/colombia\/noticias\/a-prision-mujer-quien-presuntamente-agredio-a-su-hija-de-3-anos\/","og_site_name":"Fiscal\u00eda General de la Naci\u00f3n","article_publisher":"https:\/\/www.facebook.com\/FiscaliaCol","article_published_time":"2023-02-15T16:45:33+00:00","og_image":[{"url":"https:\/\/www.fiscalia.gov.co\/colombia\/wp-content\/uploads\/Mujer-de-21-anos-investigada-por-maltratar-a-su-hija-de-3-anos-fue-enviada-a-prision.-1024x788.jpeg","type":"","width":"","height":""}],"author":"Jordan Leandro Oviedo Anzola","twitter_card":"summary_large_image","twitter_creator":"@FiscaliaCol","twitter_site":"@FiscaliaCol","twitter_misc":{"Escrito por":"Jordan Leandro Oviedo Anzola","Tiempo de lectura":"2 minutos"},"schema":{"@context":"https:\/\/schema.org","@graph":[{"@type":"Article","@id":"https:\/\/www.fiscalia.gov.co\/colombia\/noticias\/a-prision-mujer-quien-presuntamente-agredio-a-su-hija-de-3-anos\/#article","isPartOf":{"@id":"https:\/\/www.fiscalia.gov.co\/colombia\/noticias\/a-prision-mujer-quien-presuntamente-agredio-a-su-hija-de-3-anos\/"},"author":{"name":"Jordan Leandro Oviedo Anzola","@id":"https:\/\/www.fiscalia.gov.co\/colombia\/#\/schema\/person\/bf84402cf293a5393e9c70b111020b24"},"headline":"A prisi\u00f3n mujer quien presuntamente agredi\u00f3 a su hija de 3 a\u00f1os","datePublished":"2023-02-15T16:45:33+00:00","dateModified":"2023-02-15T16:45:33+00:00","mainEntityOfPage":{"@id":"https:\/\/www.fiscalia.gov.co\/colombia\/noticias\/a-prision-mujer-quien-presuntamente-agredio-a-su-hija-de-3-anos\/"},"wordCount":382,"publisher":{"@id":"https:\/\/www.fiscalia.gov.co\/colombia\/#organization"},"image":{"@id":"https:\/\/www.fiscalia.gov.co\/colombia\/noticias\/a-prision-mujer-quien-presuntamente-agredio-a-su-hija-de-3-anos\/#primaryimage"},"thumbnailUrl":"https:\/\/www.fiscalia.gov.co\/colombia\/wp-content\/uploads\/Mujer-de-21-anos-investigada-por-maltratar-a-su-hija-de-3-anos-fue-enviada-a-prision.-1024x788.jpeg","keywords":["Golpes","Maltrato","Medicina Legal","Menor de edad","ni\u00f1a de 3 a\u00f1os","Santa Marta (Magdalena)","Seccional Magdalena","violencia f\u00edsica","violencia intrafamiliar agravada"],"articleSection":["Noticias","Seccional Santa Marta","Seccionales","Violencia sexual e intrafamiliar"],"inLanguage":"es-CO"},{"@type":"WebPage","@id":"https:\/\/www.fiscalia.gov.co\/colombia\/noticias\/a-prision-mujer-quien-presuntamente-agredio-a-su-hija-de-3-anos\/","url":"https:\/\/www.fiscalia.gov.co\/colombia\/noticias\/a-prision-mujer-quien-presuntamente-agredio-a-su-hija-de-3-anos\/","name":"Fiscal\u00eda General de la Naci\u00f3n","isPartOf":{"@id":"https:\/\/www.fiscalia.gov.co\/colombia\/#website"},"primaryImageOfPage":{"@id":"https:\/\/www.fiscalia.gov.co\/colombia\/noticias\/a-prision-mujer-quien-presuntamente-agredio-a-su-hija-de-3-anos\/#primaryimage"},"image":{"@id":"https:\/\/www.fiscalia.gov.co\/colombia\/noticias\/a-prision-mujer-quien-presuntamente-agredio-a-su-hija-de-3-anos\/#primaryimage"},"thumbnailUrl":"https:\/\/www.fiscalia.gov.co\/colombia\/wp-content\/uploads\/Mujer-de-21-anos-investigada-por-maltratar-a-su-hija-de-3-anos-fue-enviada-a-prision.-1024x788.jpeg","datePublished":"2023-02-15T16:45:33+00:00","dateModified":"2023-02-15T16:45:33+00:00","description":"P\u00e1gina oficial de la Fiscal\u00eda General de la Naci\u00f3n \u2013 Colombia. Garantizamos el acceso efectivo a la justicia, la verdad y la reparaci\u00f3n de las v\u00edctimas de los delitos.","breadcrumb":{"@id":"https:\/\/www.fiscalia.gov.co\/colombia\/noticias\/a-prision-mujer-quien-presuntamente-agredio-a-su-hija-de-3-anos\/#breadcrumb"},"inLanguage":"es-CO","potentialAction":[{"@type":"ReadAction","target":["https:\/\/www.fiscalia.gov.co\/colombia\/noticias\/a-prision-mujer-quien-presuntamente-agredio-a-su-hija-de-3-anos\/"]}]},{"@type":"ImageObject","inLanguage":"es-CO","@id":"https:\/\/www.fiscalia.gov.co\/colombia\/noticias\/a-prision-mujer-quien-presuntamente-agredio-a-su-hija-de-3-anos\/#primaryimage","url":"https:\/\/www.fiscalia.gov.co\/colombia\/wp-content\/uploads\/Mujer-de-21-anos-investigada-por-maltratar-a-su-hija-de-3-anos-fue-enviada-a-prision.-1024x788.jpeg","contentUrl":"https:\/\/www.fiscalia.gov.co\/colombia\/wp-content\/uploads\/Mujer-de-21-anos-investigada-por-maltratar-a-su-hija-de-3-anos-fue-enviada-a-prision.-1024x788.jpeg"},{"@type":"BreadcrumbList","@id":"https:\/\/www.fiscalia.gov.co\/colombia\/noticias\/a-prision-mujer-quien-presuntamente-agredio-a-su-hija-de-3-anos\/#breadcrumb","itemListElement":[{"@type":"ListItem","position":1,"name":"Home","item":"https:\/\/www.fiscalia.gov.co\/colombia\/"},{"@type":"ListItem","position":2,"name":"A prisi\u00f3n mujer quien presuntamente agredi\u00f3 a su hija de 3 a\u00f1os"}]},{"@type":"WebSite","@id":"https:\/\/www.fiscalia.gov.co\/colombia\/#website","url":"https:\/\/www.fiscalia.gov.co\/colombia\/","name":"Fiscal\u00eda General de la Naci\u00f3n","description":"P\u00e1gina oficial de la Fiscal\u00eda General de la Naci\u00f3n \u2013 Colombia. Garantizamos el acceso efectivo a la justicia, la verdad y la reparaci\u00f3n de las v\u00edctimas de los delitos.","publisher":{"@id":"https:\/\/www.fiscalia.gov.co\/colombia\/#organization"},"potentialAction":[{"@type":"SearchAction","target":{"@type":"EntryPoint","urlTemplate":"https:\/\/www.fiscalia.gov.co\/colombia\/?s={search_term_string}"},"query-input":{"@type":"PropertyValueSpecification","valueRequired":true,"valueName":"search_term_string"}}],"inLanguage":"es-CO"},{"@type":"Organization","@id":"https:\/\/www.fiscalia.gov.co\/colombia\/#organization","name":"Fiscal\u00eda General de la Naci\u00f3n","url":"https:\/\/www.fiscalia.gov.co\/colombia\/","logo":{"@type":"ImageObject","inLanguage":"es-CO","@id":"https:\/\/www.fiscalia.gov.co\/colombia\/#\/schema\/logo\/image\/","url":"https:\/\/www.fiscalia.gov.co\/colombia\/wp-content\/uploads\/LogoHorizontal_1.jpg","contentUrl":"https:\/\/www.fiscalia.gov.co\/colombia\/wp-content\/uploads\/LogoHorizontal_1.jpg","width":300,"height":90,"caption":"Fiscal\u00eda General de la Naci\u00f3n"},"image":{"@id":"https:\/\/www.fiscalia.gov.co\/colombia\/#\/schema\/logo\/image\/"},"sameAs":["https:\/\/www.facebook.com\/FiscaliaCol","https:\/\/x.com\/FiscaliaCol","https:\/\/www.instagram.com\/fiscaliacol","https:\/\/www.linkedin.com\/company\/fiscalia-general-de-la-naci-n\/","https:\/\/youtube.com\/@fiscaliageneraldelanacion-4668?si=6nN79nyQICPU5iTh"]},{"@type":"Person","@id":"https:\/\/www.fiscalia.gov.co\/colombia\/#\/schema\/person\/bf84402cf293a5393e9c70b111020b24","name":"Jordan Leandro Oviedo Anzola","image":{"@type":"ImageObject","inLanguage":"es-CO","@id":"https:\/\/www.fiscalia.gov.co\/colombia\/#\/schema\/person\/image\/","url":"https:\/\/secure.gravatar.com\/avatar\/dabba4346fa9b9207d96adafa8f92721?s=96&d=mm&r=g","contentUrl":"https:\/\/secure.gravatar.com\/avatar\/dabba4346fa9b9207d96adafa8f92721?s=96&d=mm&r=g","caption":"Jordan Leandro Oviedo Anzola"},"url":"https:\/\/www.fiscalia.gov.co\/colombia\/author\/joviedo\/"}]}},"_links":{"self":[{"href":"https:\/\/www.fiscalia.gov.co\/colombia\/wp-json\/wp\/v2\/posts\/266477","targetHints":{"allow":["GET"]}}],"collection":[{"href":"https:\/\/www.fiscalia.gov.co\/colombia\/wp-json\/wp\/v2\/posts"}],"about":[{"href":"https:\/\/www.fiscalia.gov.co\/colombia\/wp-json\/wp\/v2\/types\/post"}],"author":[{"embeddable":true,"href":"https:\/\/www.fiscalia.gov.co\/colombia\/wp-json\/wp\/v2\/users\/177"}],"replies":[{"embeddable":true,"href":"https:\/\/www.fiscalia.gov.co\/colombia\/wp-json\/wp\/v2\/comments?post=266477"}],"version-history":[{"count":1,"href":"https:\/\/www.fiscalia.gov.co\/colombia\/wp-json\/wp\/v2\/posts\/266477\/revisions"}],"predecessor-version":[{"id":266479,"href":"https:\/\/www.fiscalia.gov.co\/colombia\/wp-json\/wp\/v2\/posts\/266477\/revisions\/266479"}],"wp:attachment":[{"href":"https:\/\/www.fiscalia.gov.co\/colombia\/wp-json\/wp\/v2\/media?parent=266477"}],"wp:term":[{"taxonomy":"category","embeddable":true,"href":"https:\/\/www.fiscalia.gov.co\/colombia\/wp-json\/wp\/v2\/categories?post=266477"},{"taxonomy":"post_tag","embeddable":true,"href":"https:\/\/www.fiscalia.gov.co\/colombia\/wp-json\/wp\/v2\/tags?post=266477"}],"curies":[{"name":"wp","href":"https:\/\/api.w.org\/{rel}","templated":true}]}}