{"id":266471,"date":"2023-02-15T11:04:54","date_gmt":"2023-02-15T16:04:54","guid":{"rendered":"https:\/\/www.fiscalia.gov.co\/colombia\/?p=266471"},"modified":"2023-02-23T09:32:19","modified_gmt":"2023-02-23T14:32:19","slug":"cae-el-gordo-uno-de-los-presuntos-mayores-auspiciadores-de-la-extraccion-ilegal-de-oro-en-choco","status":"publish","type":"post","link":"https:\/\/www.fiscalia.gov.co\/colombia\/noticias\/cae-el-gordo-uno-de-los-presuntos-mayores-auspiciadores-de-la-extraccion-ilegal-de-oro-en-choco\/","title":{"rendered":"Cae \u2018El Gordo\u2019, uno de los presuntos mayores auspiciadores de la extracci\u00f3n ilegal de oro en Choc\u00f3"},"content":{"rendered":"<ul>\n<li>\n<h4><strong><em>Este hombre fue capturado y judicializado junto a dos de sus posibles colaboradores. Los elementos de prueba lo involucran en el presunto pago de d\u00e1divas al comandante de polic\u00eda de Choc\u00f3.<\/em><em>\u00a0<\/em><\/strong><\/h4>\n<\/li>\n<li>\n<h4><strong><em>Paralelamente, fueron afectados con fines de extinci\u00f3n de dominio 52 bienes que estar\u00edan al servicio de la organizaci\u00f3n y las actividades il\u00edcitas de alias El Gordo.<\/em><\/strong><\/h4>\n<\/li>\n<\/ul>\n<p>La Fiscal\u00eda General de la Naci\u00f3n, a trav\u00e9s de la Direcci\u00f3n Especializada contra las Violaciones a los Derechos Humanos y la Direcci\u00f3n Especializada de Extinci\u00f3n del Derecho de Dominio, obtuvo un resultado estructural contra las redes dedicadas a la extracci\u00f3n ilegal de oro a gran escala.<\/p>\n<p>En procedimientos realizados por el CTI, con apoyo del Ej\u00e9rcito Nacional, fue capturado N\u00e9stor Mosquera Arboleda, alias El Gordo, uno de los se\u00f1alados mayores auspiciadores de la miner\u00eda ilegal en Medio Atrato (Choc\u00f3). De manera simult\u00e1nea fueron ocupados 52 bienes que pertenecer\u00edan a su organizaci\u00f3n ilegal o estar\u00edan al servicio de las actividades delictivas que ejerc\u00eda en deterioro de los recursos naturales.<\/p>\n<p>Este hombre fue presentado ante una juez de control de garant\u00edas junto a dos de sus posibles colaboradores, identificados como Jessika Paola Jordan C\u00f3rdoba, quien fung\u00eda contadora y responsable de los asuntos administrativos de la estructura de alias El Gordo; y Javier Caicedo Valoyes, quien ser\u00eda encargado del traslado y comercializaci\u00f3n del metal precioso obtenido.<\/p>\n<p>N\u00e9stor Mosquera Arboleda ser\u00eda el propietario de, por lo menos, cinco frentes mineros ubicados sobre las fuentes h\u00eddricas y \u00e1reas forestales en Medio Atrato, las cuales han sido afectadas con el vertimiento de sustancias t\u00f3xicas y la utilizaci\u00f3n de maquinaria amarilla, motores y otros elementos usados para acelerar la extracci\u00f3n de oro.<\/p>\n<p>Asimismo, el material de prueba indica que alias El Gordo, al parecer, pag\u00f3 8 millones de pesos mensuales, entre agosto de 2022 y febrero de 2023, al coronel Clauder Antonio Cardona Cata\u00f1o para que, en su condici\u00f3n de comandante del Departamento de Polic\u00eda de Choc\u00f3, le informara sobre las operaciones en contra de sus entables mineros.<\/p>\n<p>Por estos hechos, el oficial fue imputado y recibi\u00f3 medida de aseguramiento en centro carcelario por los delitos de cohecho propio y explotaci\u00f3n il\u00edcita de yacimiento minero.<\/p>\n<p>En lo que respecta a alias El Gordo y los otros procesados, la Fiscal\u00eda les imput\u00f3, seg\u00fan su posible participaci\u00f3n, delitos como explotaci\u00f3n il\u00edcita de yacimiento minero, contaminaci\u00f3n ambiental, concierto para delinquir agravado, da\u00f1o a los recursos naturales y ecocidio, y cohecho.<\/p>\n<p><strong><u>Extinci\u00f3n de dominio <\/u><\/strong><\/p>\n<p>La Fiscal\u00eda impuso medidas cautelares de suspensi\u00f3n del poder dispositivo, embargo, secuestro y toma de posesi\u00f3n sobre 35 inmuebles urbanos, 6 veh\u00edculos, 3 embarcaci\u00f3n, 4 sociedades y 4 establecimientos de comercio.<\/p>\n<p>Adicionalmente, fueron afectados 39 millones de pesos encontrados durante las diligencias de captura de alias El Gordo, sobre los cuales no hay claridad de su origen, que corresponder\u00eda a ganancias por la comercializaci\u00f3n de oro obtenido ilegalmente en Medio Atrato.<\/p>\n<p>Las propiedades, que habr\u00edan sido puestas a nombre de familiares y conocidos de la red de miner\u00eda, fueron ocupadas en diligencias realizada en Medell\u00edn (Antioquia) y Quibd\u00f3 (Choc\u00f3).<\/p>\n<p>La Sociedad de Activos Especiales asumir\u00e1 la administraci\u00f3n de los activos.<\/p>\n<p>Esta informaci\u00f3n se publica por razones de inter\u00e9s general.<\/p>\n<p><strong>La Fiscal\u00eda habla con resultados.<\/strong><\/p>\n<p>&nbsp;<\/p>\n<p>&nbsp;<\/p>\n<p>&nbsp;<\/p>\n<p>&nbsp;<\/p>\n<p>&nbsp;<\/p>\n<p>&nbsp;<\/p>\n<p>JARG\/MLYB\/DECVDH\/MCRC.<\/p>\n<p>&nbsp;<\/p>\n<p>&nbsp;<\/p>\n<p>&nbsp;<\/p>\n<p>&nbsp;<\/p>\n<p>&nbsp;<\/p>\n<p>&nbsp;<\/p>\n<div class=\"td-post-content tagdiv-type\">\n<div class=\"td-post-content tagdiv-type\">\n<div class=\"td-post-content tagdiv-type\">\n<div class=\"td-post-content tagdiv-type\">\n<div class=\"td-post-content tagdiv-type\">\n<div dir=\"ltr\">\n<div id=\"m_-7400369670175549781x_divtagdefaultwrapper\" dir=\"ltr\">\n<p><i>La informaci\u00f3n contenida en este bolet\u00edn de prensa corresponde a la narraci\u00f3n de los hechos noticiosos objetivos, suministrados por los funcionarios encargados de adelantar las investigaciones penales al interior de la Fiscal\u00eda General de la Naci\u00f3n. Para el momento de la divulgaci\u00f3n de este comunicado, la situaci\u00f3n jur\u00eddica de la(s) persona(s) relacionada(s) se encuentra pendiente de resolver por la autoridad judicial competente, siempre bajo los preceptos de la presunci\u00f3n de inocencia, consagrados en el art\u00edculo 29 de la Constituci\u00f3n Pol\u00edtica y el art\u00edculo 7\u00ba de la Ley 906 de 2004.<\/i><\/p>\n<\/div>\n<\/div>\n<\/div>\n<\/div>\n<\/div>\n<\/div>\n<\/div>\n\n<div class=\"twitter-share\"><a href=\"https:\/\/twitter.com\/intent\/tweet?via=fiscaliacol\" class=\"twitter-share-button\">Tweet<\/a><\/div>\n","protected":false},"excerpt":{"rendered":"<p>Este hombre fue capturado y judicializado junto a dos de sus posibles colaboradores. Los elementos de prueba lo involucran en el presunto pago de d\u00e1divas al comandante de polic\u00eda de Choc\u00f3.\u00a0 Paralelamente, fueron afectados con fines de extinci\u00f3n de dominio 52 bienes que estar\u00edan al servicio de la organizaci\u00f3n y las actividades il\u00edcitas de alias [&hellip;]<\/p>\n","protected":false},"author":177,"featured_media":0,"comment_status":"closed","ping_status":"open","sticky":false,"template":"","format":"video","meta":{"tdm_status":"","tdm_grid_status":"","footnotes":""},"categories":[24102,1],"tags":[2110,83,7033,1050,1441,33963,24185,1047,1365],"class_list":{"0":"post-266471","1":"post","2":"type-post","3":"status-publish","4":"format-video","6":"category-derechos-humanos","7":"category-noticias","8":"tag-choco","9":"tag-concierto-para-delinquir","10":"tag-dano-ambiental","11":"tag-derechoa-humanos","12":"tag-extincion-de-dominio","13":"tag-extraccion-de-oro","14":"tag-fiscal-barbosa","15":"tag-fiscalia-general-de-la-nacion","16":"tag-mineria-ilegal","17":"post_format-post-format-video"},"yoast_head":"<!-- This site is optimized with the Yoast SEO plugin v24.3 - https:\/\/yoast.com\/wordpress\/plugins\/seo\/ -->\n<title>Fiscal\u00eda General de la Naci\u00f3n<\/title>\n<meta name=\"description\" content=\"P\u00e1gina oficial de la Fiscal\u00eda General de la Naci\u00f3n \u2013 Colombia. Garantizamos el acceso efectivo a la justicia, la verdad y la reparaci\u00f3n de las v\u00edctimas de los delitos.\" \/>\n<meta name=\"robots\" content=\"noindex, follow\" \/>\n<meta property=\"og:locale\" content=\"es_ES\" \/>\n<meta property=\"og:type\" content=\"article\" \/>\n<meta property=\"og:title\" content=\"Fiscal\u00eda General de la Naci\u00f3n\" \/>\n<meta property=\"og:description\" content=\"P\u00e1gina oficial de la Fiscal\u00eda General de la Naci\u00f3n \u2013 Colombia. Garantizamos el acceso efectivo a la justicia, la verdad y la reparaci\u00f3n de las v\u00edctimas de los delitos.\" \/>\n<meta property=\"og:url\" content=\"https:\/\/www.fiscalia.gov.co\/colombia\/noticias\/cae-el-gordo-uno-de-los-presuntos-mayores-auspiciadores-de-la-extraccion-ilegal-de-oro-en-choco\/\" \/>\n<meta property=\"og:site_name\" content=\"Fiscal\u00eda General de la Naci\u00f3n\" \/>\n<meta property=\"article:publisher\" content=\"https:\/\/www.facebook.com\/FiscaliaCol\" \/>\n<meta property=\"article:published_time\" content=\"2023-02-15T16:04:54+00:00\" \/>\n<meta property=\"article:modified_time\" content=\"2023-02-23T14:32:19+00:00\" \/>\n<meta name=\"author\" content=\"Jordan Leandro Oviedo Anzola\" \/>\n<meta name=\"twitter:card\" content=\"summary_large_image\" \/>\n<meta name=\"twitter:creator\" content=\"@FiscaliaCol\" \/>\n<meta name=\"twitter:site\" content=\"@FiscaliaCol\" \/>\n<meta name=\"twitter:label1\" content=\"Escrito por\" \/>\n\t<meta name=\"twitter:data1\" content=\"Jordan Leandro Oviedo Anzola\" \/>\n\t<meta name=\"twitter:label2\" content=\"Tiempo de lectura\" \/>\n\t<meta name=\"twitter:data2\" content=\"3 minutos\" \/>\n<script type=\"application\/ld+json\" class=\"yoast-schema-graph\">{\"@context\":\"https:\/\/schema.org\",\"@graph\":[{\"@type\":\"Article\",\"@id\":\"https:\/\/www.fiscalia.gov.co\/colombia\/noticias\/cae-el-gordo-uno-de-los-presuntos-mayores-auspiciadores-de-la-extraccion-ilegal-de-oro-en-choco\/#article\",\"isPartOf\":{\"@id\":\"https:\/\/www.fiscalia.gov.co\/colombia\/noticias\/cae-el-gordo-uno-de-los-presuntos-mayores-auspiciadores-de-la-extraccion-ilegal-de-oro-en-choco\/\"},\"author\":{\"name\":\"Jordan Leandro Oviedo Anzola\",\"@id\":\"https:\/\/www.fiscalia.gov.co\/colombia\/#\/schema\/person\/bf84402cf293a5393e9c70b111020b24\"},\"headline\":\"Cae \u2018El Gordo\u2019, uno de los presuntos mayores auspiciadores de la extracci\u00f3n ilegal de oro en Choc\u00f3\",\"datePublished\":\"2023-02-15T16:04:54+00:00\",\"dateModified\":\"2023-02-23T14:32:19+00:00\",\"mainEntityOfPage\":{\"@id\":\"https:\/\/www.fiscalia.gov.co\/colombia\/noticias\/cae-el-gordo-uno-de-los-presuntos-mayores-auspiciadores-de-la-extraccion-ilegal-de-oro-en-choco\/\"},\"wordCount\":709,\"publisher\":{\"@id\":\"https:\/\/www.fiscalia.gov.co\/colombia\/#organization\"},\"keywords\":[\"Choc\u00f3\",\"Concierto para delinquir\",\"Da\u00f1o ambiental\",\"Derechos Humanos\",\"Extinci\u00f3n de dominio\",\"extracci\u00f3n de oro\",\"Fiscal Barbosa\",\"Fiscal\u00eda General de la Naci\u00f3n\",\"Miner\u00eda ilegal\"],\"articleSection\":[\"Derechos Humanos\",\"Noticias\"],\"inLanguage\":\"es-CO\"},{\"@type\":\"WebPage\",\"@id\":\"https:\/\/www.fiscalia.gov.co\/colombia\/noticias\/cae-el-gordo-uno-de-los-presuntos-mayores-auspiciadores-de-la-extraccion-ilegal-de-oro-en-choco\/\",\"url\":\"https:\/\/www.fiscalia.gov.co\/colombia\/noticias\/cae-el-gordo-uno-de-los-presuntos-mayores-auspiciadores-de-la-extraccion-ilegal-de-oro-en-choco\/\",\"name\":\"Fiscal\u00eda General de la Naci\u00f3n\",\"isPartOf\":{\"@id\":\"https:\/\/www.fiscalia.gov.co\/colombia\/#website\"},\"datePublished\":\"2023-02-15T16:04:54+00:00\",\"dateModified\":\"2023-02-23T14:32:19+00:00\",\"description\":\"P\u00e1gina oficial de la Fiscal\u00eda General de la Naci\u00f3n \u2013 Colombia. Garantizamos el acceso efectivo a la justicia, la verdad y la reparaci\u00f3n de las v\u00edctimas de los delitos.\",\"breadcrumb\":{\"@id\":\"https:\/\/www.fiscalia.gov.co\/colombia\/noticias\/cae-el-gordo-uno-de-los-presuntos-mayores-auspiciadores-de-la-extraccion-ilegal-de-oro-en-choco\/#breadcrumb\"},\"inLanguage\":\"es-CO\",\"potentialAction\":[{\"@type\":\"ReadAction\",\"target\":[\"https:\/\/www.fiscalia.gov.co\/colombia\/noticias\/cae-el-gordo-uno-de-los-presuntos-mayores-auspiciadores-de-la-extraccion-ilegal-de-oro-en-choco\/\"]}]},{\"@type\":\"BreadcrumbList\",\"@id\":\"https:\/\/www.fiscalia.gov.co\/colombia\/noticias\/cae-el-gordo-uno-de-los-presuntos-mayores-auspiciadores-de-la-extraccion-ilegal-de-oro-en-choco\/#breadcrumb\",\"itemListElement\":[{\"@type\":\"ListItem\",\"position\":1,\"name\":\"Home\",\"item\":\"https:\/\/www.fiscalia.gov.co\/colombia\/\"},{\"@type\":\"ListItem\",\"position\":2,\"name\":\"Cae \u2018El Gordo\u2019, uno de los presuntos mayores auspiciadores de la extracci\u00f3n ilegal de oro en Choc\u00f3\"}]},{\"@type\":\"WebSite\",\"@id\":\"https:\/\/www.fiscalia.gov.co\/colombia\/#website\",\"url\":\"https:\/\/www.fiscalia.gov.co\/colombia\/\",\"name\":\"Fiscal\u00eda General de la Naci\u00f3n\",\"description\":\"P\u00e1gina oficial de la Fiscal\u00eda General de la Naci\u00f3n \u2013 Colombia. Garantizamos el acceso efectivo a la justicia, la verdad y la reparaci\u00f3n de las v\u00edctimas de los delitos.\",\"publisher\":{\"@id\":\"https:\/\/www.fiscalia.gov.co\/colombia\/#organization\"},\"potentialAction\":[{\"@type\":\"SearchAction\",\"target\":{\"@type\":\"EntryPoint\",\"urlTemplate\":\"https:\/\/www.fiscalia.gov.co\/colombia\/?s={search_term_string}\"},\"query-input\":{\"@type\":\"PropertyValueSpecification\",\"valueRequired\":true,\"valueName\":\"search_term_string\"}}],\"inLanguage\":\"es-CO\"},{\"@type\":\"Organization\",\"@id\":\"https:\/\/www.fiscalia.gov.co\/colombia\/#organization\",\"name\":\"Fiscal\u00eda General de la Naci\u00f3n\",\"url\":\"https:\/\/www.fiscalia.gov.co\/colombia\/\",\"logo\":{\"@type\":\"ImageObject\",\"inLanguage\":\"es-CO\",\"@id\":\"https:\/\/www.fiscalia.gov.co\/colombia\/#\/schema\/logo\/image\/\",\"url\":\"https:\/\/www.fiscalia.gov.co\/colombia\/wp-content\/uploads\/LogoHorizontal_1.jpg\",\"contentUrl\":\"https:\/\/www.fiscalia.gov.co\/colombia\/wp-content\/uploads\/LogoHorizontal_1.jpg\",\"width\":300,\"height\":90,\"caption\":\"Fiscal\u00eda General de la Naci\u00f3n\"},\"image\":{\"@id\":\"https:\/\/www.fiscalia.gov.co\/colombia\/#\/schema\/logo\/image\/\"},\"sameAs\":[\"https:\/\/www.facebook.com\/FiscaliaCol\",\"https:\/\/x.com\/FiscaliaCol\",\"https:\/\/www.instagram.com\/fiscaliacol\",\"https:\/\/www.linkedin.com\/company\/fiscalia-general-de-la-naci-n\/\",\"https:\/\/youtube.com\/@fiscaliageneraldelanacion-4668?si=6nN79nyQICPU5iTh\"]},{\"@type\":\"Person\",\"@id\":\"https:\/\/www.fiscalia.gov.co\/colombia\/#\/schema\/person\/bf84402cf293a5393e9c70b111020b24\",\"name\":\"Jordan Leandro Oviedo Anzola\",\"image\":{\"@type\":\"ImageObject\",\"inLanguage\":\"es-CO\",\"@id\":\"https:\/\/www.fiscalia.gov.co\/colombia\/#\/schema\/person\/image\/\",\"url\":\"https:\/\/secure.gravatar.com\/avatar\/dabba4346fa9b9207d96adafa8f92721?s=96&d=mm&r=g\",\"contentUrl\":\"https:\/\/secure.gravatar.com\/avatar\/dabba4346fa9b9207d96adafa8f92721?s=96&d=mm&r=g\",\"caption\":\"Jordan Leandro Oviedo Anzola\"},\"url\":\"https:\/\/www.fiscalia.gov.co\/colombia\/author\/joviedo\/\"}]}<\/script>\n<!-- \/ Yoast SEO plugin. -->","yoast_head_json":{"title":"Fiscal\u00eda General de la Naci\u00f3n","description":"P\u00e1gina oficial de la Fiscal\u00eda General de la Naci\u00f3n \u2013 Colombia. Garantizamos el acceso efectivo a la justicia, la verdad y la reparaci\u00f3n de las v\u00edctimas de los delitos.","robots":{"index":"noindex","follow":"follow"},"og_locale":"es_ES","og_type":"article","og_title":"Fiscal\u00eda General de la Naci\u00f3n","og_description":"P\u00e1gina oficial de la Fiscal\u00eda General de la Naci\u00f3n \u2013 Colombia. Garantizamos el acceso efectivo a la justicia, la verdad y la reparaci\u00f3n de las v\u00edctimas de los delitos.","og_url":"https:\/\/www.fiscalia.gov.co\/colombia\/noticias\/cae-el-gordo-uno-de-los-presuntos-mayores-auspiciadores-de-la-extraccion-ilegal-de-oro-en-choco\/","og_site_name":"Fiscal\u00eda General de la Naci\u00f3n","article_publisher":"https:\/\/www.facebook.com\/FiscaliaCol","article_published_time":"2023-02-15T16:04:54+00:00","article_modified_time":"2023-02-23T14:32:19+00:00","author":"Jordan Leandro Oviedo Anzola","twitter_card":"summary_large_image","twitter_creator":"@FiscaliaCol","twitter_site":"@FiscaliaCol","twitter_misc":{"Escrito por":"Jordan Leandro Oviedo Anzola","Tiempo de lectura":"3 minutos"},"schema":{"@context":"https:\/\/schema.org","@graph":[{"@type":"Article","@id":"https:\/\/www.fiscalia.gov.co\/colombia\/noticias\/cae-el-gordo-uno-de-los-presuntos-mayores-auspiciadores-de-la-extraccion-ilegal-de-oro-en-choco\/#article","isPartOf":{"@id":"https:\/\/www.fiscalia.gov.co\/colombia\/noticias\/cae-el-gordo-uno-de-los-presuntos-mayores-auspiciadores-de-la-extraccion-ilegal-de-oro-en-choco\/"},"author":{"name":"Jordan Leandro Oviedo Anzola","@id":"https:\/\/www.fiscalia.gov.co\/colombia\/#\/schema\/person\/bf84402cf293a5393e9c70b111020b24"},"headline":"Cae \u2018El Gordo\u2019, uno de los presuntos mayores auspiciadores de la extracci\u00f3n ilegal de oro en Choc\u00f3","datePublished":"2023-02-15T16:04:54+00:00","dateModified":"2023-02-23T14:32:19+00:00","mainEntityOfPage":{"@id":"https:\/\/www.fiscalia.gov.co\/colombia\/noticias\/cae-el-gordo-uno-de-los-presuntos-mayores-auspiciadores-de-la-extraccion-ilegal-de-oro-en-choco\/"},"wordCount":709,"publisher":{"@id":"https:\/\/www.fiscalia.gov.co\/colombia\/#organization"},"keywords":["Choc\u00f3","Concierto para delinquir","Da\u00f1o ambiental","Derechos Humanos","Extinci\u00f3n de dominio","extracci\u00f3n de oro","Fiscal Barbosa","Fiscal\u00eda General de la Naci\u00f3n","Miner\u00eda ilegal"],"articleSection":["Derechos Humanos","Noticias"],"inLanguage":"es-CO"},{"@type":"WebPage","@id":"https:\/\/www.fiscalia.gov.co\/colombia\/noticias\/cae-el-gordo-uno-de-los-presuntos-mayores-auspiciadores-de-la-extraccion-ilegal-de-oro-en-choco\/","url":"https:\/\/www.fiscalia.gov.co\/colombia\/noticias\/cae-el-gordo-uno-de-los-presuntos-mayores-auspiciadores-de-la-extraccion-ilegal-de-oro-en-choco\/","name":"Fiscal\u00eda General de la Naci\u00f3n","isPartOf":{"@id":"https:\/\/www.fiscalia.gov.co\/colombia\/#website"},"datePublished":"2023-02-15T16:04:54+00:00","dateModified":"2023-02-23T14:32:19+00:00","description":"P\u00e1gina oficial de la Fiscal\u00eda General de la Naci\u00f3n \u2013 Colombia. Garantizamos el acceso efectivo a la justicia, la verdad y la reparaci\u00f3n de las v\u00edctimas de los delitos.","breadcrumb":{"@id":"https:\/\/www.fiscalia.gov.co\/colombia\/noticias\/cae-el-gordo-uno-de-los-presuntos-mayores-auspiciadores-de-la-extraccion-ilegal-de-oro-en-choco\/#breadcrumb"},"inLanguage":"es-CO","potentialAction":[{"@type":"ReadAction","target":["https:\/\/www.fiscalia.gov.co\/colombia\/noticias\/cae-el-gordo-uno-de-los-presuntos-mayores-auspiciadores-de-la-extraccion-ilegal-de-oro-en-choco\/"]}]},{"@type":"BreadcrumbList","@id":"https:\/\/www.fiscalia.gov.co\/colombia\/noticias\/cae-el-gordo-uno-de-los-presuntos-mayores-auspiciadores-de-la-extraccion-ilegal-de-oro-en-choco\/#breadcrumb","itemListElement":[{"@type":"ListItem","position":1,"name":"Home","item":"https:\/\/www.fiscalia.gov.co\/colombia\/"},{"@type":"ListItem","position":2,"name":"Cae \u2018El Gordo\u2019, uno de los presuntos mayores auspiciadores de la extracci\u00f3n ilegal de oro en Choc\u00f3"}]},{"@type":"WebSite","@id":"https:\/\/www.fiscalia.gov.co\/colombia\/#website","url":"https:\/\/www.fiscalia.gov.co\/colombia\/","name":"Fiscal\u00eda General de la Naci\u00f3n","description":"P\u00e1gina oficial de la Fiscal\u00eda General de la Naci\u00f3n \u2013 Colombia. Garantizamos el acceso efectivo a la justicia, la verdad y la reparaci\u00f3n de las v\u00edctimas de los delitos.","publisher":{"@id":"https:\/\/www.fiscalia.gov.co\/colombia\/#organization"},"potentialAction":[{"@type":"SearchAction","target":{"@type":"EntryPoint","urlTemplate":"https:\/\/www.fiscalia.gov.co\/colombia\/?s={search_term_string}"},"query-input":{"@type":"PropertyValueSpecification","valueRequired":true,"valueName":"search_term_string"}}],"inLanguage":"es-CO"},{"@type":"Organization","@id":"https:\/\/www.fiscalia.gov.co\/colombia\/#organization","name":"Fiscal\u00eda General de la Naci\u00f3n","url":"https:\/\/www.fiscalia.gov.co\/colombia\/","logo":{"@type":"ImageObject","inLanguage":"es-CO","@id":"https:\/\/www.fiscalia.gov.co\/colombia\/#\/schema\/logo\/image\/","url":"https:\/\/www.fiscalia.gov.co\/colombia\/wp-content\/uploads\/LogoHorizontal_1.jpg","contentUrl":"https:\/\/www.fiscalia.gov.co\/colombia\/wp-content\/uploads\/LogoHorizontal_1.jpg","width":300,"height":90,"caption":"Fiscal\u00eda General de la Naci\u00f3n"},"image":{"@id":"https:\/\/www.fiscalia.gov.co\/colombia\/#\/schema\/logo\/image\/"},"sameAs":["https:\/\/www.facebook.com\/FiscaliaCol","https:\/\/x.com\/FiscaliaCol","https:\/\/www.instagram.com\/fiscaliacol","https:\/\/www.linkedin.com\/company\/fiscalia-general-de-la-naci-n\/","https:\/\/youtube.com\/@fiscaliageneraldelanacion-4668?si=6nN79nyQICPU5iTh"]},{"@type":"Person","@id":"https:\/\/www.fiscalia.gov.co\/colombia\/#\/schema\/person\/bf84402cf293a5393e9c70b111020b24","name":"Jordan Leandro Oviedo Anzola","image":{"@type":"ImageObject","inLanguage":"es-CO","@id":"https:\/\/www.fiscalia.gov.co\/colombia\/#\/schema\/person\/image\/","url":"https:\/\/secure.gravatar.com\/avatar\/dabba4346fa9b9207d96adafa8f92721?s=96&d=mm&r=g","contentUrl":"https:\/\/secure.gravatar.com\/avatar\/dabba4346fa9b9207d96adafa8f92721?s=96&d=mm&r=g","caption":"Jordan Leandro Oviedo Anzola"},"url":"https:\/\/www.fiscalia.gov.co\/colombia\/author\/joviedo\/"}]}},"_links":{"self":[{"href":"https:\/\/www.fiscalia.gov.co\/colombia\/wp-json\/wp\/v2\/posts\/266471","targetHints":{"allow":["GET"]}}],"collection":[{"href":"https:\/\/www.fiscalia.gov.co\/colombia\/wp-json\/wp\/v2\/posts"}],"about":[{"href":"https:\/\/www.fiscalia.gov.co\/colombia\/wp-json\/wp\/v2\/types\/post"}],"author":[{"embeddable":true,"href":"https:\/\/www.fiscalia.gov.co\/colombia\/wp-json\/wp\/v2\/users\/177"}],"replies":[{"embeddable":true,"href":"https:\/\/www.fiscalia.gov.co\/colombia\/wp-json\/wp\/v2\/comments?post=266471"}],"version-history":[{"count":1,"href":"https:\/\/www.fiscalia.gov.co\/colombia\/wp-json\/wp\/v2\/posts\/266471\/revisions"}],"predecessor-version":[{"id":266472,"href":"https:\/\/www.fiscalia.gov.co\/colombia\/wp-json\/wp\/v2\/posts\/266471\/revisions\/266472"}],"wp:attachment":[{"href":"https:\/\/www.fiscalia.gov.co\/colombia\/wp-json\/wp\/v2\/media?parent=266471"}],"wp:term":[{"taxonomy":"category","embeddable":true,"href":"https:\/\/www.fiscalia.gov.co\/colombia\/wp-json\/wp\/v2\/categories?post=266471"},{"taxonomy":"post_tag","embeddable":true,"href":"https:\/\/www.fiscalia.gov.co\/colombia\/wp-json\/wp\/v2\/tags?post=266471"}],"curies":[{"name":"wp","href":"https:\/\/api.w.org\/{rel}","templated":true}]}}