{"id":266394,"date":"2023-02-14T14:51:21","date_gmt":"2023-02-14T19:51:21","guid":{"rendered":"https:\/\/www.fiscalia.gov.co\/colombia\/?p=266394"},"modified":"2023-02-14T14:51:21","modified_gmt":"2023-02-14T19:51:21","slug":"judicializada-una-pareja-presuntamente-implicada-en-un-atentado-contra-un-hombre-en-la-union-valle-del-cauca","status":"publish","type":"post","link":"https:\/\/www.fiscalia.gov.co\/colombia\/noticias\/judicializada-una-pareja-presuntamente-implicada-en-un-atentado-contra-un-hombre-en-la-union-valle-del-cauca\/","title":{"rendered":"Judicializada una pareja, presuntamente, implicada en un atentado contra un hombre en La Uni\u00f3n (Valle del Cauca)"},"content":{"rendered":"<p>Como\u00a0Daniela Loaiza Llanos y Jos\u00e9 Andr\u00e9s Mart\u00ednez Bar\u00f3n fueron identificadas las dos personas enviadas a prisi\u00f3n por un juez de control de garant\u00edas de La Uni\u00f3n\u00a0(Valle del Cauca) por; presuntamente, haber atentado\u00a0contra la vida de un hombre en el municipio de La Uni\u00f3n (Valle del Cauca).<u><\/u>\u00a0<u><\/u><\/p>\n<figure id=\"attachment_266395\" aria-describedby=\"caption-attachment-266395\" style=\"width: 696px\" class=\"wp-caption aligncenter\"><img loading=\"lazy\" decoding=\"async\" class=\"size-large wp-image-266395\" src=\"https:\/\/www.fiscalia.gov.co\/colombia\/wp-content\/uploads\/Daniela-Loaiza-Llanos-y-otro.-Tentativa-de-homicidio-y-porte-ilegal-de-armas.-La-Union-Valle.-1024x615.jpg\" alt=\"En la foto aparecen de pie y de espaldas a la c\u00e1mara Daniela Loaiza Llanos y Jos\u00e9 Andr\u00e9s Mart\u00ednez Bar\u00f3n. El hombre viste buzo y pantal\u00f3n oscuros, y gorra. La mujer tiene el cabello recogido en una cebollita, blusa rosada extraple y jean azul.  A lado y lado de ellos hay uniformados de la Polic\u00eda Nacional. En la parte posterior hay un pend\u00f3n institucional de la Polic\u00eda.\" width=\"696\" height=\"418\" srcset=\"https:\/\/www.fiscalia.gov.co\/colombia\/wp-content\/uploads\/Daniela-Loaiza-Llanos-y-otro.-Tentativa-de-homicidio-y-porte-ilegal-de-armas.-La-Union-Valle.-1024x615.jpg 1024w, https:\/\/www.fiscalia.gov.co\/colombia\/wp-content\/uploads\/Daniela-Loaiza-Llanos-y-otro.-Tentativa-de-homicidio-y-porte-ilegal-de-armas.-La-Union-Valle.-300x180.jpg 300w, https:\/\/www.fiscalia.gov.co\/colombia\/wp-content\/uploads\/Daniela-Loaiza-Llanos-y-otro.-Tentativa-de-homicidio-y-porte-ilegal-de-armas.-La-Union-Valle.-768x461.jpg 768w, https:\/\/www.fiscalia.gov.co\/colombia\/wp-content\/uploads\/Daniela-Loaiza-Llanos-y-otro.-Tentativa-de-homicidio-y-porte-ilegal-de-armas.-La-Union-Valle.-1536x923.jpg 1536w, https:\/\/www.fiscalia.gov.co\/colombia\/wp-content\/uploads\/Daniela-Loaiza-Llanos-y-otro.-Tentativa-de-homicidio-y-porte-ilegal-de-armas.-La-Union-Valle.-696x418.jpg 696w, https:\/\/www.fiscalia.gov.co\/colombia\/wp-content\/uploads\/Daniela-Loaiza-Llanos-y-otro.-Tentativa-de-homicidio-y-porte-ilegal-de-armas.-La-Union-Valle.-1068x641.jpg 1068w, https:\/\/www.fiscalia.gov.co\/colombia\/wp-content\/uploads\/Daniela-Loaiza-Llanos-y-otro.-Tentativa-de-homicidio-y-porte-ilegal-de-armas.-La-Union-Valle.-699x420.jpg 699w, https:\/\/www.fiscalia.gov.co\/colombia\/wp-content\/uploads\/Daniela-Loaiza-Llanos-y-otro.-Tentativa-de-homicidio-y-porte-ilegal-de-armas.-La-Union-Valle..jpg 1600w\" sizes=\"auto, (max-width: 696px) 100vw, 696px\" \/><figcaption id=\"caption-attachment-266395\" class=\"wp-caption-text\">Daniela Loaiza Llanos y Jos\u00e9 Andr\u00e9s Mart\u00ednez Bar\u00f3n, investigados como presuntos responsables de atentar contra la vida de un hombre, en La Uni\u00f3n (Valle).<\/figcaption><\/figure>\n<p>Los procesados fueron capturados en flagrancia por la Polic\u00eda Nacional cuando, al parecer, hu\u00edan por un ca\u00f1aduzal luego de, presuntamente, haber disparado contra un hombre en la vereda Mart\u00edn Dosa en el municipio en menci\u00f3n. Producto del ataque la v\u00edctima qued\u00f3 herida y fue atendida a tiempo en un centro asistencial.<u><\/u>\u00a0<u><\/u><\/p>\n<p>Por estos la Fiscal\u00eda imput\u00f3 a los capturados los delitos de homicidio agravado en grado de tentativa y fabricaci\u00f3n tr\u00e1fico porte o tenencia de armas de fuego accesorios partes o municiones.<u><\/u>\u00a0<u><\/u><\/p>\n<p>Ninguno de los cargos fue aceptado por los procesados. Por decisi\u00f3n del juez la pareja debe cumplir la medida de aseguramiento en prisi\u00f3n.<u><\/u>\u00a0<u><\/u><\/p>\n<p>Esta informaci\u00f3n se publica por razones de inter\u00e9s general.\u00a0<u><\/u>\u00a0<u><\/u><\/p>\n<p><b>La Fiscal\u00eda habla con resultados.<\/b><u><\/u><\/p>\n<p>&nbsp;<\/p>\n<p>&nbsp;<\/p>\n<p>&nbsp;<\/p>\n<p>&nbsp;<\/p>\n<p>&nbsp;<\/p>\n<p>MAP\/MAGA\/SMLR\/DSVC\/<u><\/u>\u00a0<u><\/u><\/p>\n<p><u><\/u>\u00a0<u><\/u><\/p>\n<p>&nbsp;<\/p>\n<p>&nbsp;<\/p>\n<p>&nbsp;<\/p>\n<p>&nbsp;<\/p>\n<div class=\"td-post-content tagdiv-type\">\n<div class=\"td-post-content tagdiv-type\">\n<div class=\"td-post-content tagdiv-type\">\n<div class=\"td-post-content tagdiv-type\">\n<div class=\"td-post-content tagdiv-type\">\n<p><i>La informaci\u00f3n contenida en este bolet\u00edn de prensa corresponde a la narraci\u00f3n de los hechos noticiosos objetivos, suministrados por los funcionarios encargados de adelantar las investigaciones penales al interior de la Fiscal\u00eda General de la Naci\u00f3n. Para el momento de la divulgaci\u00f3n de este comunicado, la situaci\u00f3n jur\u00eddica de la(s) persona(s) relacionada(s) se encuentra pendiente de resolver por la autoridad judicial competente, siempre bajo los preceptos de la presunci\u00f3n de inocencia, consagrados en el art\u00edculo 29 de la Constituci\u00f3n Pol\u00edtica y el art\u00edculo 7\u00ba de la Ley 906 de 2004.<\/i><\/p>\n<\/div>\n<\/div>\n<\/div>\n<\/div>\n<\/div>\n\n<div class=\"twitter-share\"><a href=\"https:\/\/twitter.com\/intent\/tweet?via=fiscaliacol\" class=\"twitter-share-button\">Tweet<\/a><\/div>\n","protected":false},"excerpt":{"rendered":"<p>Como\u00a0Daniela Loaiza Llanos y Jos\u00e9 Andr\u00e9s Mart\u00ednez Bar\u00f3n fueron identificadas las dos personas enviadas a prisi\u00f3n por un juez de control de garant\u00edas de La Uni\u00f3n\u00a0(Valle del Cauca) por; presuntamente, haber atentado\u00a0contra la vida de un hombre en el municipio de La Uni\u00f3n (Valle del Cauca).\u00a0 Los procesados fueron capturados en flagrancia por la Polic\u00eda [&hellip;]<\/p>\n","protected":false},"author":177,"featured_media":0,"comment_status":"closed","ping_status":"open","sticky":false,"template":"","format":"standard","meta":{"_price":"","_stock":"","_tribe_ticket_header":"","_tribe_default_ticket_provider":"","_tribe_ticket_capacity":"0","_ticket_start_date":"","_ticket_end_date":"","_tribe_ticket_show_description":"","_tribe_ticket_show_not_going":false,"_tribe_ticket_use_global_stock":"","_tribe_ticket_global_stock_level":"","_global_stock_mode":"","_global_stock_cap":"","_tribe_rsvp_for_event":"","_tribe_ticket_going_count":"","_tribe_ticket_not_going_count":"","_tribe_tickets_list":"[]","_tribe_ticket_has_attendee_info_fields":false,"tdm_status":"","tdm_grid_status":"","footnotes":""},"categories":[1,324,303,24099],"tags":[25070,33957,78,24187,7169,859,32595,1185,24963,29437],"class_list":{"0":"post-266394","1":"post","2":"type-post","3":"status-publish","4":"format-standard","6":"category-noticias","7":"category-seccional-cali","8":"category-seccionales","9":"category-seguridad-territorial","10":"tag-centros-carcelarios","11":"tag-fabricacion-trafico-y-porte-de-armas-de-fuego-y-municiones-capturados","12":"tag-fiscal-general-de-la-nacion","13":"tag-fiscalia-colombia","14":"tag-flagrancia","15":"tag-homicidio-en-grado-de-tentativa","16":"tag-la-union-valle-del-cauca","17":"tag-medida-de-aseguramiento","18":"tag-privados-de-la-libertad","19":"tag-seccional-valle-del-cauca"},"yoast_head":"<!-- This site is optimized with the Yoast SEO plugin v24.3 - https:\/\/yoast.com\/wordpress\/plugins\/seo\/ -->\n<title>Fiscal\u00eda General de la Naci\u00f3n<\/title>\n<meta name=\"description\" content=\"P\u00e1gina oficial de la Fiscal\u00eda General de la Naci\u00f3n \u2013 Colombia. Garantizamos el acceso efectivo a la justicia, la verdad y la reparaci\u00f3n de las v\u00edctimas de los delitos.\" \/>\n<meta name=\"robots\" content=\"noindex, follow\" \/>\n<meta property=\"og:locale\" content=\"es_ES\" \/>\n<meta property=\"og:type\" content=\"article\" \/>\n<meta property=\"og:title\" content=\"Fiscal\u00eda General de la Naci\u00f3n\" \/>\n<meta property=\"og:description\" content=\"P\u00e1gina oficial de la Fiscal\u00eda General de la Naci\u00f3n \u2013 Colombia. Garantizamos el acceso efectivo a la justicia, la verdad y la reparaci\u00f3n de las v\u00edctimas de los delitos.\" \/>\n<meta property=\"og:url\" content=\"https:\/\/www.fiscalia.gov.co\/colombia\/noticias\/judicializada-una-pareja-presuntamente-implicada-en-un-atentado-contra-un-hombre-en-la-union-valle-del-cauca\/\" \/>\n<meta property=\"og:site_name\" content=\"Fiscal\u00eda General de la Naci\u00f3n\" \/>\n<meta property=\"article:publisher\" content=\"https:\/\/www.facebook.com\/FiscaliaCol\" \/>\n<meta property=\"article:published_time\" content=\"2023-02-14T19:51:21+00:00\" \/>\n<meta property=\"og:image\" content=\"https:\/\/www.fiscalia.gov.co\/colombia\/wp-content\/uploads\/Daniela-Loaiza-Llanos-y-otro.-Tentativa-de-homicidio-y-porte-ilegal-de-armas.-La-Union-Valle.-1024x615.jpg\" \/>\n<meta name=\"author\" content=\"Jordan Leandro Oviedo Anzola\" \/>\n<meta name=\"twitter:card\" content=\"summary_large_image\" \/>\n<meta name=\"twitter:creator\" content=\"@FiscaliaCol\" \/>\n<meta name=\"twitter:site\" content=\"@FiscaliaCol\" \/>\n<meta name=\"twitter:label1\" content=\"Escrito por\" \/>\n\t<meta name=\"twitter:data1\" content=\"Jordan Leandro Oviedo Anzola\" \/>\n\t<meta name=\"twitter:label2\" content=\"Tiempo de lectura\" \/>\n\t<meta name=\"twitter:data2\" content=\"2 minutos\" \/>\n<script type=\"application\/ld+json\" class=\"yoast-schema-graph\">{\"@context\":\"https:\/\/schema.org\",\"@graph\":[{\"@type\":\"Article\",\"@id\":\"https:\/\/www.fiscalia.gov.co\/colombia\/noticias\/judicializada-una-pareja-presuntamente-implicada-en-un-atentado-contra-un-hombre-en-la-union-valle-del-cauca\/#article\",\"isPartOf\":{\"@id\":\"https:\/\/www.fiscalia.gov.co\/colombia\/noticias\/judicializada-una-pareja-presuntamente-implicada-en-un-atentado-contra-un-hombre-en-la-union-valle-del-cauca\/\"},\"author\":{\"name\":\"Jordan Leandro Oviedo Anzola\",\"@id\":\"https:\/\/www.fiscalia.gov.co\/colombia\/#\/schema\/person\/bf84402cf293a5393e9c70b111020b24\"},\"headline\":\"Judicializada una pareja, presuntamente, implicada en un atentado contra un hombre en La Uni\u00f3n (Valle del Cauca)\",\"datePublished\":\"2023-02-14T19:51:21+00:00\",\"dateModified\":\"2023-02-14T19:51:21+00:00\",\"mainEntityOfPage\":{\"@id\":\"https:\/\/www.fiscalia.gov.co\/colombia\/noticias\/judicializada-una-pareja-presuntamente-implicada-en-un-atentado-contra-un-hombre-en-la-union-valle-del-cauca\/\"},\"wordCount\":357,\"publisher\":{\"@id\":\"https:\/\/www.fiscalia.gov.co\/colombia\/#organization\"},\"image\":{\"@id\":\"https:\/\/www.fiscalia.gov.co\/colombia\/noticias\/judicializada-una-pareja-presuntamente-implicada-en-un-atentado-contra-un-hombre-en-la-union-valle-del-cauca\/#primaryimage\"},\"thumbnailUrl\":\"https:\/\/www.fiscalia.gov.co\/colombia\/wp-content\/uploads\/Daniela-Loaiza-Llanos-y-otro.-Tentativa-de-homicidio-y-porte-ilegal-de-armas.-La-Union-Valle.-1024x615.jpg\",\"keywords\":[\"centros carcelarios\",\"fabricaci\u00f3n tr\u00e1fico y porte de armas de fuego y municiones; capturados\",\"Fiscal General de la Naci\u00f3n\",\"Fiscal\u00eda Colombia\",\"Flagrancia\",\"Homicidio en grado de tentativa\",\"La Uni\u00f3n (Valle del Cauca)\",\"Medida de aseguramiento\",\"privados de la libertad\",\"Seccional Valle del Cauca\"],\"articleSection\":[\"Noticias\",\"Seccional Cali\",\"Seccionales\",\"Seguridad territorial\"],\"inLanguage\":\"es-CO\"},{\"@type\":\"WebPage\",\"@id\":\"https:\/\/www.fiscalia.gov.co\/colombia\/noticias\/judicializada-una-pareja-presuntamente-implicada-en-un-atentado-contra-un-hombre-en-la-union-valle-del-cauca\/\",\"url\":\"https:\/\/www.fiscalia.gov.co\/colombia\/noticias\/judicializada-una-pareja-presuntamente-implicada-en-un-atentado-contra-un-hombre-en-la-union-valle-del-cauca\/\",\"name\":\"Fiscal\u00eda General de la Naci\u00f3n\",\"isPartOf\":{\"@id\":\"https:\/\/www.fiscalia.gov.co\/colombia\/#website\"},\"primaryImageOfPage\":{\"@id\":\"https:\/\/www.fiscalia.gov.co\/colombia\/noticias\/judicializada-una-pareja-presuntamente-implicada-en-un-atentado-contra-un-hombre-en-la-union-valle-del-cauca\/#primaryimage\"},\"image\":{\"@id\":\"https:\/\/www.fiscalia.gov.co\/colombia\/noticias\/judicializada-una-pareja-presuntamente-implicada-en-un-atentado-contra-un-hombre-en-la-union-valle-del-cauca\/#primaryimage\"},\"thumbnailUrl\":\"https:\/\/www.fiscalia.gov.co\/colombia\/wp-content\/uploads\/Daniela-Loaiza-Llanos-y-otro.-Tentativa-de-homicidio-y-porte-ilegal-de-armas.-La-Union-Valle.-1024x615.jpg\",\"datePublished\":\"2023-02-14T19:51:21+00:00\",\"dateModified\":\"2023-02-14T19:51:21+00:00\",\"description\":\"P\u00e1gina oficial de la Fiscal\u00eda General de la Naci\u00f3n \u2013 Colombia. Garantizamos el acceso efectivo a la justicia, la verdad y la reparaci\u00f3n de las v\u00edctimas de los delitos.\",\"breadcrumb\":{\"@id\":\"https:\/\/www.fiscalia.gov.co\/colombia\/noticias\/judicializada-una-pareja-presuntamente-implicada-en-un-atentado-contra-un-hombre-en-la-union-valle-del-cauca\/#breadcrumb\"},\"inLanguage\":\"es-CO\",\"potentialAction\":[{\"@type\":\"ReadAction\",\"target\":[\"https:\/\/www.fiscalia.gov.co\/colombia\/noticias\/judicializada-una-pareja-presuntamente-implicada-en-un-atentado-contra-un-hombre-en-la-union-valle-del-cauca\/\"]}]},{\"@type\":\"ImageObject\",\"inLanguage\":\"es-CO\",\"@id\":\"https:\/\/www.fiscalia.gov.co\/colombia\/noticias\/judicializada-una-pareja-presuntamente-implicada-en-un-atentado-contra-un-hombre-en-la-union-valle-del-cauca\/#primaryimage\",\"url\":\"https:\/\/www.fiscalia.gov.co\/colombia\/wp-content\/uploads\/Daniela-Loaiza-Llanos-y-otro.-Tentativa-de-homicidio-y-porte-ilegal-de-armas.-La-Union-Valle..jpg\",\"contentUrl\":\"https:\/\/www.fiscalia.gov.co\/colombia\/wp-content\/uploads\/Daniela-Loaiza-Llanos-y-otro.-Tentativa-de-homicidio-y-porte-ilegal-de-armas.-La-Union-Valle..jpg\",\"width\":1600,\"height\":961,\"caption\":\"Daniela Loaiza Llanos y Jos\u00e9 Andr\u00e9s Mart\u00ednez Bar\u00f3n, investigados como presuntos responsables de atentar contra la vida de un hombre, en La Uni\u00f3n (Valle).\"},{\"@type\":\"BreadcrumbList\",\"@id\":\"https:\/\/www.fiscalia.gov.co\/colombia\/noticias\/judicializada-una-pareja-presuntamente-implicada-en-un-atentado-contra-un-hombre-en-la-union-valle-del-cauca\/#breadcrumb\",\"itemListElement\":[{\"@type\":\"ListItem\",\"position\":1,\"name\":\"Home\",\"item\":\"https:\/\/www.fiscalia.gov.co\/colombia\/\"},{\"@type\":\"ListItem\",\"position\":2,\"name\":\"Judicializada una pareja, presuntamente, implicada en un atentado contra un hombre en La Uni\u00f3n (Valle del Cauca)\"}]},{\"@type\":\"WebSite\",\"@id\":\"https:\/\/www.fiscalia.gov.co\/colombia\/#website\",\"url\":\"https:\/\/www.fiscalia.gov.co\/colombia\/\",\"name\":\"Fiscal\u00eda General de la Naci\u00f3n\",\"description\":\"P\u00e1gina oficial de la Fiscal\u00eda General de la Naci\u00f3n \u2013 Colombia. Garantizamos el acceso efectivo a la justicia, la verdad y la reparaci\u00f3n de las v\u00edctimas de los delitos.\",\"publisher\":{\"@id\":\"https:\/\/www.fiscalia.gov.co\/colombia\/#organization\"},\"potentialAction\":[{\"@type\":\"SearchAction\",\"target\":{\"@type\":\"EntryPoint\",\"urlTemplate\":\"https:\/\/www.fiscalia.gov.co\/colombia\/?s={search_term_string}\"},\"query-input\":{\"@type\":\"PropertyValueSpecification\",\"valueRequired\":true,\"valueName\":\"search_term_string\"}}],\"inLanguage\":\"es-CO\"},{\"@type\":\"Organization\",\"@id\":\"https:\/\/www.fiscalia.gov.co\/colombia\/#organization\",\"name\":\"Fiscal\u00eda General de la Naci\u00f3n\",\"url\":\"https:\/\/www.fiscalia.gov.co\/colombia\/\",\"logo\":{\"@type\":\"ImageObject\",\"inLanguage\":\"es-CO\",\"@id\":\"https:\/\/www.fiscalia.gov.co\/colombia\/#\/schema\/logo\/image\/\",\"url\":\"https:\/\/www.fiscalia.gov.co\/colombia\/wp-content\/uploads\/LogoHorizontal_1.jpg\",\"contentUrl\":\"https:\/\/www.fiscalia.gov.co\/colombia\/wp-content\/uploads\/LogoHorizontal_1.jpg\",\"width\":300,\"height\":90,\"caption\":\"Fiscal\u00eda General de la Naci\u00f3n\"},\"image\":{\"@id\":\"https:\/\/www.fiscalia.gov.co\/colombia\/#\/schema\/logo\/image\/\"},\"sameAs\":[\"https:\/\/www.facebook.com\/FiscaliaCol\",\"https:\/\/x.com\/FiscaliaCol\",\"https:\/\/www.instagram.com\/fiscaliacol\",\"https:\/\/www.linkedin.com\/company\/fiscalia-general-de-la-naci-n\/\",\"https:\/\/youtube.com\/@fiscaliageneraldelanacion-4668?si=6nN79nyQICPU5iTh\"]},{\"@type\":\"Person\",\"@id\":\"https:\/\/www.fiscalia.gov.co\/colombia\/#\/schema\/person\/bf84402cf293a5393e9c70b111020b24\",\"name\":\"Jordan Leandro Oviedo Anzola\",\"image\":{\"@type\":\"ImageObject\",\"inLanguage\":\"es-CO\",\"@id\":\"https:\/\/www.fiscalia.gov.co\/colombia\/#\/schema\/person\/image\/\",\"url\":\"https:\/\/secure.gravatar.com\/avatar\/dabba4346fa9b9207d96adafa8f92721?s=96&d=mm&r=g\",\"contentUrl\":\"https:\/\/secure.gravatar.com\/avatar\/dabba4346fa9b9207d96adafa8f92721?s=96&d=mm&r=g\",\"caption\":\"Jordan Leandro Oviedo Anzola\"},\"url\":\"https:\/\/www.fiscalia.gov.co\/colombia\/author\/joviedo\/\"}]}<\/script>\n<!-- \/ Yoast SEO plugin. -->","yoast_head_json":{"title":"Fiscal\u00eda General de la Naci\u00f3n","description":"P\u00e1gina oficial de la Fiscal\u00eda General de la Naci\u00f3n \u2013 Colombia. Garantizamos el acceso efectivo a la justicia, la verdad y la reparaci\u00f3n de las v\u00edctimas de los delitos.","robots":{"index":"noindex","follow":"follow"},"og_locale":"es_ES","og_type":"article","og_title":"Fiscal\u00eda General de la Naci\u00f3n","og_description":"P\u00e1gina oficial de la Fiscal\u00eda General de la Naci\u00f3n \u2013 Colombia. Garantizamos el acceso efectivo a la justicia, la verdad y la reparaci\u00f3n de las v\u00edctimas de los delitos.","og_url":"https:\/\/www.fiscalia.gov.co\/colombia\/noticias\/judicializada-una-pareja-presuntamente-implicada-en-un-atentado-contra-un-hombre-en-la-union-valle-del-cauca\/","og_site_name":"Fiscal\u00eda General de la Naci\u00f3n","article_publisher":"https:\/\/www.facebook.com\/FiscaliaCol","article_published_time":"2023-02-14T19:51:21+00:00","og_image":[{"url":"https:\/\/www.fiscalia.gov.co\/colombia\/wp-content\/uploads\/Daniela-Loaiza-Llanos-y-otro.-Tentativa-de-homicidio-y-porte-ilegal-de-armas.-La-Union-Valle.-1024x615.jpg","type":"","width":"","height":""}],"author":"Jordan Leandro Oviedo Anzola","twitter_card":"summary_large_image","twitter_creator":"@FiscaliaCol","twitter_site":"@FiscaliaCol","twitter_misc":{"Escrito por":"Jordan Leandro Oviedo Anzola","Tiempo de lectura":"2 minutos"},"schema":{"@context":"https:\/\/schema.org","@graph":[{"@type":"Article","@id":"https:\/\/www.fiscalia.gov.co\/colombia\/noticias\/judicializada-una-pareja-presuntamente-implicada-en-un-atentado-contra-un-hombre-en-la-union-valle-del-cauca\/#article","isPartOf":{"@id":"https:\/\/www.fiscalia.gov.co\/colombia\/noticias\/judicializada-una-pareja-presuntamente-implicada-en-un-atentado-contra-un-hombre-en-la-union-valle-del-cauca\/"},"author":{"name":"Jordan Leandro Oviedo Anzola","@id":"https:\/\/www.fiscalia.gov.co\/colombia\/#\/schema\/person\/bf84402cf293a5393e9c70b111020b24"},"headline":"Judicializada una pareja, presuntamente, implicada en un atentado contra un hombre en La Uni\u00f3n (Valle del Cauca)","datePublished":"2023-02-14T19:51:21+00:00","dateModified":"2023-02-14T19:51:21+00:00","mainEntityOfPage":{"@id":"https:\/\/www.fiscalia.gov.co\/colombia\/noticias\/judicializada-una-pareja-presuntamente-implicada-en-un-atentado-contra-un-hombre-en-la-union-valle-del-cauca\/"},"wordCount":357,"publisher":{"@id":"https:\/\/www.fiscalia.gov.co\/colombia\/#organization"},"image":{"@id":"https:\/\/www.fiscalia.gov.co\/colombia\/noticias\/judicializada-una-pareja-presuntamente-implicada-en-un-atentado-contra-un-hombre-en-la-union-valle-del-cauca\/#primaryimage"},"thumbnailUrl":"https:\/\/www.fiscalia.gov.co\/colombia\/wp-content\/uploads\/Daniela-Loaiza-Llanos-y-otro.-Tentativa-de-homicidio-y-porte-ilegal-de-armas.-La-Union-Valle.-1024x615.jpg","keywords":["centros carcelarios","fabricaci\u00f3n tr\u00e1fico y porte de armas de fuego y municiones; capturados","Fiscal General de la Naci\u00f3n","Fiscal\u00eda Colombia","Flagrancia","Homicidio en grado de tentativa","La Uni\u00f3n (Valle del Cauca)","Medida de aseguramiento","privados de la libertad","Seccional Valle del Cauca"],"articleSection":["Noticias","Seccional Cali","Seccionales","Seguridad territorial"],"inLanguage":"es-CO"},{"@type":"WebPage","@id":"https:\/\/www.fiscalia.gov.co\/colombia\/noticias\/judicializada-una-pareja-presuntamente-implicada-en-un-atentado-contra-un-hombre-en-la-union-valle-del-cauca\/","url":"https:\/\/www.fiscalia.gov.co\/colombia\/noticias\/judicializada-una-pareja-presuntamente-implicada-en-un-atentado-contra-un-hombre-en-la-union-valle-del-cauca\/","name":"Fiscal\u00eda General de la Naci\u00f3n","isPartOf":{"@id":"https:\/\/www.fiscalia.gov.co\/colombia\/#website"},"primaryImageOfPage":{"@id":"https:\/\/www.fiscalia.gov.co\/colombia\/noticias\/judicializada-una-pareja-presuntamente-implicada-en-un-atentado-contra-un-hombre-en-la-union-valle-del-cauca\/#primaryimage"},"image":{"@id":"https:\/\/www.fiscalia.gov.co\/colombia\/noticias\/judicializada-una-pareja-presuntamente-implicada-en-un-atentado-contra-un-hombre-en-la-union-valle-del-cauca\/#primaryimage"},"thumbnailUrl":"https:\/\/www.fiscalia.gov.co\/colombia\/wp-content\/uploads\/Daniela-Loaiza-Llanos-y-otro.-Tentativa-de-homicidio-y-porte-ilegal-de-armas.-La-Union-Valle.-1024x615.jpg","datePublished":"2023-02-14T19:51:21+00:00","dateModified":"2023-02-14T19:51:21+00:00","description":"P\u00e1gina oficial de la Fiscal\u00eda General de la Naci\u00f3n \u2013 Colombia. Garantizamos el acceso efectivo a la justicia, la verdad y la reparaci\u00f3n de las v\u00edctimas de los delitos.","breadcrumb":{"@id":"https:\/\/www.fiscalia.gov.co\/colombia\/noticias\/judicializada-una-pareja-presuntamente-implicada-en-un-atentado-contra-un-hombre-en-la-union-valle-del-cauca\/#breadcrumb"},"inLanguage":"es-CO","potentialAction":[{"@type":"ReadAction","target":["https:\/\/www.fiscalia.gov.co\/colombia\/noticias\/judicializada-una-pareja-presuntamente-implicada-en-un-atentado-contra-un-hombre-en-la-union-valle-del-cauca\/"]}]},{"@type":"ImageObject","inLanguage":"es-CO","@id":"https:\/\/www.fiscalia.gov.co\/colombia\/noticias\/judicializada-una-pareja-presuntamente-implicada-en-un-atentado-contra-un-hombre-en-la-union-valle-del-cauca\/#primaryimage","url":"https:\/\/www.fiscalia.gov.co\/colombia\/wp-content\/uploads\/Daniela-Loaiza-Llanos-y-otro.-Tentativa-de-homicidio-y-porte-ilegal-de-armas.-La-Union-Valle..jpg","contentUrl":"https:\/\/www.fiscalia.gov.co\/colombia\/wp-content\/uploads\/Daniela-Loaiza-Llanos-y-otro.-Tentativa-de-homicidio-y-porte-ilegal-de-armas.-La-Union-Valle..jpg","width":1600,"height":961,"caption":"Daniela Loaiza Llanos y Jos\u00e9 Andr\u00e9s Mart\u00ednez Bar\u00f3n, investigados como presuntos responsables de atentar contra la vida de un hombre, en La Uni\u00f3n (Valle)."},{"@type":"BreadcrumbList","@id":"https:\/\/www.fiscalia.gov.co\/colombia\/noticias\/judicializada-una-pareja-presuntamente-implicada-en-un-atentado-contra-un-hombre-en-la-union-valle-del-cauca\/#breadcrumb","itemListElement":[{"@type":"ListItem","position":1,"name":"Home","item":"https:\/\/www.fiscalia.gov.co\/colombia\/"},{"@type":"ListItem","position":2,"name":"Judicializada una pareja, presuntamente, implicada en un atentado contra un hombre en La Uni\u00f3n (Valle del Cauca)"}]},{"@type":"WebSite","@id":"https:\/\/www.fiscalia.gov.co\/colombia\/#website","url":"https:\/\/www.fiscalia.gov.co\/colombia\/","name":"Fiscal\u00eda General de la Naci\u00f3n","description":"P\u00e1gina oficial de la Fiscal\u00eda General de la Naci\u00f3n \u2013 Colombia. Garantizamos el acceso efectivo a la justicia, la verdad y la reparaci\u00f3n de las v\u00edctimas de los delitos.","publisher":{"@id":"https:\/\/www.fiscalia.gov.co\/colombia\/#organization"},"potentialAction":[{"@type":"SearchAction","target":{"@type":"EntryPoint","urlTemplate":"https:\/\/www.fiscalia.gov.co\/colombia\/?s={search_term_string}"},"query-input":{"@type":"PropertyValueSpecification","valueRequired":true,"valueName":"search_term_string"}}],"inLanguage":"es-CO"},{"@type":"Organization","@id":"https:\/\/www.fiscalia.gov.co\/colombia\/#organization","name":"Fiscal\u00eda General de la Naci\u00f3n","url":"https:\/\/www.fiscalia.gov.co\/colombia\/","logo":{"@type":"ImageObject","inLanguage":"es-CO","@id":"https:\/\/www.fiscalia.gov.co\/colombia\/#\/schema\/logo\/image\/","url":"https:\/\/www.fiscalia.gov.co\/colombia\/wp-content\/uploads\/LogoHorizontal_1.jpg","contentUrl":"https:\/\/www.fiscalia.gov.co\/colombia\/wp-content\/uploads\/LogoHorizontal_1.jpg","width":300,"height":90,"caption":"Fiscal\u00eda General de la Naci\u00f3n"},"image":{"@id":"https:\/\/www.fiscalia.gov.co\/colombia\/#\/schema\/logo\/image\/"},"sameAs":["https:\/\/www.facebook.com\/FiscaliaCol","https:\/\/x.com\/FiscaliaCol","https:\/\/www.instagram.com\/fiscaliacol","https:\/\/www.linkedin.com\/company\/fiscalia-general-de-la-naci-n\/","https:\/\/youtube.com\/@fiscaliageneraldelanacion-4668?si=6nN79nyQICPU5iTh"]},{"@type":"Person","@id":"https:\/\/www.fiscalia.gov.co\/colombia\/#\/schema\/person\/bf84402cf293a5393e9c70b111020b24","name":"Jordan Leandro Oviedo Anzola","image":{"@type":"ImageObject","inLanguage":"es-CO","@id":"https:\/\/www.fiscalia.gov.co\/colombia\/#\/schema\/person\/image\/","url":"https:\/\/secure.gravatar.com\/avatar\/dabba4346fa9b9207d96adafa8f92721?s=96&d=mm&r=g","contentUrl":"https:\/\/secure.gravatar.com\/avatar\/dabba4346fa9b9207d96adafa8f92721?s=96&d=mm&r=g","caption":"Jordan Leandro Oviedo Anzola"},"url":"https:\/\/www.fiscalia.gov.co\/colombia\/author\/joviedo\/"}]}},"_links":{"self":[{"href":"https:\/\/www.fiscalia.gov.co\/colombia\/wp-json\/wp\/v2\/posts\/266394","targetHints":{"allow":["GET"]}}],"collection":[{"href":"https:\/\/www.fiscalia.gov.co\/colombia\/wp-json\/wp\/v2\/posts"}],"about":[{"href":"https:\/\/www.fiscalia.gov.co\/colombia\/wp-json\/wp\/v2\/types\/post"}],"author":[{"embeddable":true,"href":"https:\/\/www.fiscalia.gov.co\/colombia\/wp-json\/wp\/v2\/users\/177"}],"replies":[{"embeddable":true,"href":"https:\/\/www.fiscalia.gov.co\/colombia\/wp-json\/wp\/v2\/comments?post=266394"}],"version-history":[{"count":1,"href":"https:\/\/www.fiscalia.gov.co\/colombia\/wp-json\/wp\/v2\/posts\/266394\/revisions"}],"predecessor-version":[{"id":266396,"href":"https:\/\/www.fiscalia.gov.co\/colombia\/wp-json\/wp\/v2\/posts\/266394\/revisions\/266396"}],"wp:attachment":[{"href":"https:\/\/www.fiscalia.gov.co\/colombia\/wp-json\/wp\/v2\/media?parent=266394"}],"wp:term":[{"taxonomy":"category","embeddable":true,"href":"https:\/\/www.fiscalia.gov.co\/colombia\/wp-json\/wp\/v2\/categories?post=266394"},{"taxonomy":"post_tag","embeddable":true,"href":"https:\/\/www.fiscalia.gov.co\/colombia\/wp-json\/wp\/v2\/tags?post=266394"}],"curies":[{"name":"wp","href":"https:\/\/api.w.org\/{rel}","templated":true}]}}