{"id":266387,"date":"2023-02-14T11:59:26","date_gmt":"2023-02-14T16:59:26","guid":{"rendered":"https:\/\/www.fiscalia.gov.co\/colombia\/?p=266387"},"modified":"2023-02-23T08:40:38","modified_gmt":"2023-02-23T13:40:38","slug":"carcel-para-presuntos-responsables-de-trafico-de-estupefacientes-y-porte-de-armas-a-presuntos-integrantes-del-clan-del-golfo-en-casanare","status":"publish","type":"post","link":"https:\/\/www.fiscalia.gov.co\/colombia\/noticias\/carcel-para-presuntos-responsables-de-trafico-de-estupefacientes-y-porte-de-armas-a-presuntos-integrantes-del-clan-del-golfo-en-casanare\/","title":{"rendered":"C\u00e1rcel para presuntos responsables de tr\u00e1fico de estupefacientes y porte de armas a presuntos integrantes del Clan del Golfo en Casanare"},"content":{"rendered":"<p><span lang=\"ES-TRAD\">La Fiscal\u00eda General de la Naci\u00f3n obtuvo medida de aseguramiento intramuros en contra de Gerardo Antonio Maecha Versar\u00e1, y los ciudadanos extranjeros Yuleidi Teresa Albarr\u00e1n Hinojosa, Miguel \u00c1ngel Boh\u00f3rquez Torrealba, como presuntos responsables de comercializar estupefacientes al menudeo en la poblaci\u00f3n de Villanueva (Casanare). <u><\/u>\u00a0<u><\/u><\/span><\/p>\n<figure id=\"attachment_266388\" aria-describedby=\"caption-attachment-266388\" style=\"width: 696px\" class=\"wp-caption aligncenter\"><img loading=\"lazy\" decoding=\"async\" class=\"size-large wp-image-266388\" src=\"https:\/\/www.fiscalia.gov.co\/colombia\/wp-content\/uploads\/Yuleidi-Albarran-Miguel-Bohorquez-Gerardo-Mahecha-trafico-estupefacientes-porte-de-armas-Casanare-1024x576.jpg\" alt=\"los capturados de espaldas custodiados por dos uniformados de la Polic\u00eda, delante de ellos una mesa con material incautado, detr\u00e1s banner de la Polic\u00eda\" width=\"696\" height=\"392\" srcset=\"https:\/\/www.fiscalia.gov.co\/colombia\/wp-content\/uploads\/Yuleidi-Albarran-Miguel-Bohorquez-Gerardo-Mahecha-trafico-estupefacientes-porte-de-armas-Casanare-1024x576.jpg 1024w, https:\/\/www.fiscalia.gov.co\/colombia\/wp-content\/uploads\/Yuleidi-Albarran-Miguel-Bohorquez-Gerardo-Mahecha-trafico-estupefacientes-porte-de-armas-Casanare-300x169.jpg 300w, https:\/\/www.fiscalia.gov.co\/colombia\/wp-content\/uploads\/Yuleidi-Albarran-Miguel-Bohorquez-Gerardo-Mahecha-trafico-estupefacientes-porte-de-armas-Casanare-768x432.jpg 768w, https:\/\/www.fiscalia.gov.co\/colombia\/wp-content\/uploads\/Yuleidi-Albarran-Miguel-Bohorquez-Gerardo-Mahecha-trafico-estupefacientes-porte-de-armas-Casanare-696x392.jpg 696w, https:\/\/www.fiscalia.gov.co\/colombia\/wp-content\/uploads\/Yuleidi-Albarran-Miguel-Bohorquez-Gerardo-Mahecha-trafico-estupefacientes-porte-de-armas-Casanare-1068x601.jpg 1068w, https:\/\/www.fiscalia.gov.co\/colombia\/wp-content\/uploads\/Yuleidi-Albarran-Miguel-Bohorquez-Gerardo-Mahecha-trafico-estupefacientes-porte-de-armas-Casanare-747x420.jpg 747w, https:\/\/www.fiscalia.gov.co\/colombia\/wp-content\/uploads\/Yuleidi-Albarran-Miguel-Bohorquez-Gerardo-Mahecha-trafico-estupefacientes-porte-de-armas-Casanare.jpg 1280w\" sizes=\"auto, (max-width: 696px) 100vw, 696px\" \/><figcaption id=\"caption-attachment-266388\" class=\"wp-caption-text\">Capturados presuntos responsables de tr\u00e1fico de estupefacientes en Casanare.<\/figcaption><\/figure>\n<p><span lang=\"ES-TRAD\">Los procesados fueron capturados este 10 de febrero por la Polic\u00eda Nacional durante igual n\u00famero de diligencias de allanamiento y registro en viviendas de la citada poblaci\u00f3n.\u00a0<u><\/u>\u00a0<u><\/u><\/span><\/p>\n<p><span lang=\"ES-TRAD\">Las acciones judiciales permitieron la incautaci\u00f3n de marihuana, bazuco y coca\u00edna, as\u00ed como un arma de fuego tipo rev\u00f3lver, dos armas traum\u00e1ticas, munici\u00f3n de diverso calibre, celulares, una motocicleta y $3&#8217;790.000 mil pesos.\u00a0<u><\/u>\u00a0<u><\/u><\/span><\/p>\n<p><span lang=\"ES-TRAD\">Tambi\u00e9n fueron encontrados elementos utilizados para la dosificaci\u00f3n del estupefaciente. Seg\u00fan investigaci\u00f3n, estas personas estar\u00edan al servicio del Grupo de Delincuencia Organizada GDO Clan del Golfo.\u00a0<u><\/u>\u00a0<u><\/u><\/span><\/p>\n<p><span lang=\"ES-TRAD\">La Fiscal\u00eda les imput\u00f3 cargos por los delitos de fabricaci\u00f3n, tr\u00e1fico y porte de armas de fuego de uso civil y militar, en concurso heterog\u00e9neo con tr\u00e1fico, fabricaci\u00f3n o porte de estupefacientes, los cuales no fueron aceptados.\u00a0<u><\/u>\u00a0<u><\/u><\/span><\/p>\n<p><b><span lang=\"ES-TRAD\">La Fiscal\u00eda habla con resultados<\/span><span lang=\"ES-TRAD\">.<u><\/u>\u00a0<\/span><\/b><\/p>\n<p>&nbsp;<\/p>\n<p>&nbsp;<\/p>\n<p>&nbsp;<\/p>\n<p>&nbsp;<\/p>\n<p>&nbsp;<\/p>\n<p><span lang=\"ES-TRAD\">PYMP\/LFML\/APS<u><\/u>\u00a0<u><\/u><\/span><\/p>\n<p>&nbsp;<\/p>\n<p>&nbsp;<\/p>\n<p>&nbsp;<\/p>\n<p>&nbsp;<\/p>\n<p>&nbsp;<\/p>\n<div class=\"td-post-content tagdiv-type\">\n<div class=\"td-post-content tagdiv-type\">\n<div class=\"td-post-content tagdiv-type\">\n<p><i>La informaci\u00f3n contenida en este bolet\u00edn de prensa corresponde a la narraci\u00f3n de los hechos noticiosos objetivos, suministrados por los funcionarios encargados de adelantar las investigaciones penales al interior de la Fiscal\u00eda General de la Naci\u00f3n. Para el momento de la divulgaci\u00f3n de este comunicado, la situaci\u00f3n jur\u00eddica de la(s) persona(s) relacionada(s) se encuentra pendiente de resolver por la autoridad judicial competente, siempre bajo los preceptos de la presunci\u00f3n de inocencia, consagrados en el art\u00edculo 29 de la Constituci\u00f3n Pol\u00edtica y el art\u00edculo 7\u00ba de la Ley 906 de 2004.<\/i><\/p>\n<\/div>\n<\/div>\n<\/div>\n\n<div class=\"twitter-share\"><a href=\"https:\/\/twitter.com\/intent\/tweet?via=fiscaliacol\" class=\"twitter-share-button\">Tweet<\/a><\/div>\n","protected":false},"excerpt":{"rendered":"<p>La Fiscal\u00eda General de la Naci\u00f3n obtuvo medida de aseguramiento intramuros en contra de Gerardo Antonio Maecha Versar\u00e1, y los ciudadanos extranjeros Yuleidi Teresa Albarr\u00e1n Hinojosa, Miguel \u00c1ngel Boh\u00f3rquez Torrealba, [&hellip;]<\/p>\n","protected":false},"author":177,"featured_media":0,"comment_status":"closed","ping_status":"open","sticky":false,"template":"","format":"video","meta":{"tdm_status":"","tdm_grid_status":"","footnotes":""},"categories":[1,303],"tags":[26595,4140,11533,24315,916,33956,33955],"class_list":["post-266387","post","type-post","status-publish","format-video","category-noticias","category-seccionales","tag-comercializar-estupefacientes","tag-fabricacion","tag-fabricacion-o-porte-de-estupefacientes","tag-intramuros","tag-trafico","tag-trafico-y-porte-de-armas-de-fuego-de-uso-civil-y-militar","tag-villanueva-casanare","post_format-post-format-video"],"yoast_head":"<!-- This site is optimized with the Yoast SEO plugin v24.3 - https:\/\/yoast.com\/wordpress\/plugins\/seo\/ -->\n<title>Fiscal\u00eda General de la Naci\u00f3n<\/title>\n<meta name=\"description\" content=\"P\u00e1gina oficial de la Fiscal\u00eda General de la Naci\u00f3n \u2013 Colombia. Garantizamos el acceso efectivo a la justicia, la verdad y la reparaci\u00f3n de las v\u00edctimas de los delitos.\" \/>\n<meta name=\"robots\" content=\"noindex, follow\" \/>\n<meta property=\"og:locale\" content=\"es_ES\" \/>\n<meta property=\"og:type\" content=\"article\" \/>\n<meta property=\"og:title\" content=\"Fiscal\u00eda General de la Naci\u00f3n\" \/>\n<meta property=\"og:description\" content=\"P\u00e1gina oficial de la Fiscal\u00eda General de la Naci\u00f3n \u2013 Colombia. Garantizamos el acceso efectivo a la justicia, la verdad y la reparaci\u00f3n de las v\u00edctimas de los delitos.\" \/>\n<meta property=\"og:url\" content=\"https:\/\/www.fiscalia.gov.co\/colombia\/noticias\/carcel-para-presuntos-responsables-de-trafico-de-estupefacientes-y-porte-de-armas-a-presuntos-integrantes-del-clan-del-golfo-en-casanare\/\" \/>\n<meta property=\"og:site_name\" content=\"Fiscal\u00eda General de la Naci\u00f3n\" \/>\n<meta property=\"article:publisher\" content=\"https:\/\/www.facebook.com\/FiscaliaCol\" \/>\n<meta property=\"article:published_time\" content=\"2023-02-14T16:59:26+00:00\" \/>\n<meta property=\"article:modified_time\" content=\"2023-02-23T13:40:38+00:00\" \/>\n<meta property=\"og:image\" content=\"https:\/\/www.fiscalia.gov.co\/colombia\/wp-content\/uploads\/Yuleidi-Albarran-Miguel-Bohorquez-Gerardo-Mahecha-trafico-estupefacientes-porte-de-armas-Casanare-1024x576.jpg\" \/>\n<meta name=\"author\" content=\"Jordan Leandro Oviedo Anzola\" \/>\n<meta name=\"twitter:card\" content=\"summary_large_image\" \/>\n<meta name=\"twitter:creator\" content=\"@FiscaliaCol\" \/>\n<meta name=\"twitter:site\" content=\"@FiscaliaCol\" \/>\n<meta name=\"twitter:label1\" content=\"Escrito por\" \/>\n\t<meta name=\"twitter:data1\" content=\"Jordan Leandro Oviedo Anzola\" \/>\n\t<meta name=\"twitter:label2\" content=\"Tiempo de lectura\" \/>\n\t<meta name=\"twitter:data2\" content=\"2 minutos\" \/>\n<script type=\"application\/ld+json\" class=\"yoast-schema-graph\">{\"@context\":\"https:\/\/schema.org\",\"@graph\":[{\"@type\":\"Article\",\"@id\":\"https:\/\/www.fiscalia.gov.co\/colombia\/noticias\/carcel-para-presuntos-responsables-de-trafico-de-estupefacientes-y-porte-de-armas-a-presuntos-integrantes-del-clan-del-golfo-en-casanare\/#article\",\"isPartOf\":{\"@id\":\"https:\/\/www.fiscalia.gov.co\/colombia\/noticias\/carcel-para-presuntos-responsables-de-trafico-de-estupefacientes-y-porte-de-armas-a-presuntos-integrantes-del-clan-del-golfo-en-casanare\/\"},\"author\":{\"name\":\"Jordan Leandro Oviedo Anzola\",\"@id\":\"https:\/\/www.fiscalia.gov.co\/colombia\/#\/schema\/person\/bf84402cf293a5393e9c70b111020b24\"},\"headline\":\"C\u00e1rcel para presuntos responsables de tr\u00e1fico de estupefacientes y porte de armas a presuntos integrantes del Clan del Golfo en Casanare\",\"datePublished\":\"2023-02-14T16:59:26+00:00\",\"dateModified\":\"2023-02-23T13:40:38+00:00\",\"mainEntityOfPage\":{\"@id\":\"https:\/\/www.fiscalia.gov.co\/colombia\/noticias\/carcel-para-presuntos-responsables-de-trafico-de-estupefacientes-y-porte-de-armas-a-presuntos-integrantes-del-clan-del-golfo-en-casanare\/\"},\"wordCount\":351,\"publisher\":{\"@id\":\"https:\/\/www.fiscalia.gov.co\/colombia\/#organization\"},\"image\":{\"@id\":\"https:\/\/www.fiscalia.gov.co\/colombia\/noticias\/carcel-para-presuntos-responsables-de-trafico-de-estupefacientes-y-porte-de-armas-a-presuntos-integrantes-del-clan-del-golfo-en-casanare\/#primaryimage\"},\"thumbnailUrl\":\"https:\/\/www.fiscalia.gov.co\/colombia\/wp-content\/uploads\/Yuleidi-Albarran-Miguel-Bohorquez-Gerardo-Mahecha-trafico-estupefacientes-porte-de-armas-Casanare-1024x576.jpg\",\"keywords\":[\"comercializar estupefacientes.\",\"Fabricaci\u00f3n\",\"fabricaci\u00f3n o porte de estupefacientes\",\"intramuros\",\"Tr\u00e1fico\",\"tr\u00e1fico y porte de armas de fuego de uso civil y militar\",\"Villanueva (Casanare)\"],\"articleSection\":[\"Noticias\",\"Seccionales\"],\"inLanguage\":\"es-CO\"},{\"@type\":\"WebPage\",\"@id\":\"https:\/\/www.fiscalia.gov.co\/colombia\/noticias\/carcel-para-presuntos-responsables-de-trafico-de-estupefacientes-y-porte-de-armas-a-presuntos-integrantes-del-clan-del-golfo-en-casanare\/\",\"url\":\"https:\/\/www.fiscalia.gov.co\/colombia\/noticias\/carcel-para-presuntos-responsables-de-trafico-de-estupefacientes-y-porte-de-armas-a-presuntos-integrantes-del-clan-del-golfo-en-casanare\/\",\"name\":\"Fiscal\u00eda General de la Naci\u00f3n\",\"isPartOf\":{\"@id\":\"https:\/\/www.fiscalia.gov.co\/colombia\/#website\"},\"primaryImageOfPage\":{\"@id\":\"https:\/\/www.fiscalia.gov.co\/colombia\/noticias\/carcel-para-presuntos-responsables-de-trafico-de-estupefacientes-y-porte-de-armas-a-presuntos-integrantes-del-clan-del-golfo-en-casanare\/#primaryimage\"},\"image\":{\"@id\":\"https:\/\/www.fiscalia.gov.co\/colombia\/noticias\/carcel-para-presuntos-responsables-de-trafico-de-estupefacientes-y-porte-de-armas-a-presuntos-integrantes-del-clan-del-golfo-en-casanare\/#primaryimage\"},\"thumbnailUrl\":\"https:\/\/www.fiscalia.gov.co\/colombia\/wp-content\/uploads\/Yuleidi-Albarran-Miguel-Bohorquez-Gerardo-Mahecha-trafico-estupefacientes-porte-de-armas-Casanare-1024x576.jpg\",\"datePublished\":\"2023-02-14T16:59:26+00:00\",\"dateModified\":\"2023-02-23T13:40:38+00:00\",\"description\":\"P\u00e1gina oficial de la Fiscal\u00eda General de la Naci\u00f3n \u2013 Colombia. Garantizamos el acceso efectivo a la justicia, la verdad y la reparaci\u00f3n de las v\u00edctimas de los delitos.\",\"breadcrumb\":{\"@id\":\"https:\/\/www.fiscalia.gov.co\/colombia\/noticias\/carcel-para-presuntos-responsables-de-trafico-de-estupefacientes-y-porte-de-armas-a-presuntos-integrantes-del-clan-del-golfo-en-casanare\/#breadcrumb\"},\"inLanguage\":\"es-CO\",\"potentialAction\":[{\"@type\":\"ReadAction\",\"target\":[\"https:\/\/www.fiscalia.gov.co\/colombia\/noticias\/carcel-para-presuntos-responsables-de-trafico-de-estupefacientes-y-porte-de-armas-a-presuntos-integrantes-del-clan-del-golfo-en-casanare\/\"]}]},{\"@type\":\"ImageObject\",\"inLanguage\":\"es-CO\",\"@id\":\"https:\/\/www.fiscalia.gov.co\/colombia\/noticias\/carcel-para-presuntos-responsables-de-trafico-de-estupefacientes-y-porte-de-armas-a-presuntos-integrantes-del-clan-del-golfo-en-casanare\/#primaryimage\",\"url\":\"https:\/\/www.fiscalia.gov.co\/colombia\/wp-content\/uploads\/Yuleidi-Albarran-Miguel-Bohorquez-Gerardo-Mahecha-trafico-estupefacientes-porte-de-armas-Casanare.jpg\",\"contentUrl\":\"https:\/\/www.fiscalia.gov.co\/colombia\/wp-content\/uploads\/Yuleidi-Albarran-Miguel-Bohorquez-Gerardo-Mahecha-trafico-estupefacientes-porte-de-armas-Casanare.jpg\",\"width\":1280,\"height\":720,\"caption\":\"Capturados presuntos responsables de tr\u00e1fico de estupefacientes en Casanare.\"},{\"@type\":\"BreadcrumbList\",\"@id\":\"https:\/\/www.fiscalia.gov.co\/colombia\/noticias\/carcel-para-presuntos-responsables-de-trafico-de-estupefacientes-y-porte-de-armas-a-presuntos-integrantes-del-clan-del-golfo-en-casanare\/#breadcrumb\",\"itemListElement\":[{\"@type\":\"ListItem\",\"position\":1,\"name\":\"Home\",\"item\":\"https:\/\/www.fiscalia.gov.co\/colombia\/\"},{\"@type\":\"ListItem\",\"position\":2,\"name\":\"C\u00e1rcel para presuntos responsables de tr\u00e1fico de estupefacientes y porte de armas a presuntos integrantes del Clan del Golfo en Casanare\"}]},{\"@type\":\"WebSite\",\"@id\":\"https:\/\/www.fiscalia.gov.co\/colombia\/#website\",\"url\":\"https:\/\/www.fiscalia.gov.co\/colombia\/\",\"name\":\"Fiscal\u00eda General de la Naci\u00f3n\",\"description\":\"P\u00e1gina oficial de la Fiscal\u00eda General de la Naci\u00f3n \u2013 Colombia. Garantizamos el acceso efectivo a la justicia, la verdad y la reparaci\u00f3n de las v\u00edctimas de los delitos.\",\"publisher\":{\"@id\":\"https:\/\/www.fiscalia.gov.co\/colombia\/#organization\"},\"potentialAction\":[{\"@type\":\"SearchAction\",\"target\":{\"@type\":\"EntryPoint\",\"urlTemplate\":\"https:\/\/www.fiscalia.gov.co\/colombia\/?s={search_term_string}\"},\"query-input\":{\"@type\":\"PropertyValueSpecification\",\"valueRequired\":true,\"valueName\":\"search_term_string\"}}],\"inLanguage\":\"es-CO\"},{\"@type\":\"Organization\",\"@id\":\"https:\/\/www.fiscalia.gov.co\/colombia\/#organization\",\"name\":\"Fiscal\u00eda General de la Naci\u00f3n\",\"url\":\"https:\/\/www.fiscalia.gov.co\/colombia\/\",\"logo\":{\"@type\":\"ImageObject\",\"inLanguage\":\"es-CO\",\"@id\":\"https:\/\/www.fiscalia.gov.co\/colombia\/#\/schema\/logo\/image\/\",\"url\":\"https:\/\/www.fiscalia.gov.co\/colombia\/wp-content\/uploads\/LogoHorizontal_1.jpg\",\"contentUrl\":\"https:\/\/www.fiscalia.gov.co\/colombia\/wp-content\/uploads\/LogoHorizontal_1.jpg\",\"width\":300,\"height\":90,\"caption\":\"Fiscal\u00eda General de la Naci\u00f3n\"},\"image\":{\"@id\":\"https:\/\/www.fiscalia.gov.co\/colombia\/#\/schema\/logo\/image\/\"},\"sameAs\":[\"https:\/\/www.facebook.com\/FiscaliaCol\",\"https:\/\/x.com\/FiscaliaCol\",\"https:\/\/www.instagram.com\/fiscaliacol\",\"https:\/\/www.linkedin.com\/company\/fiscalia-general-de-la-naci-n\/\",\"https:\/\/youtube.com\/@fiscaliageneraldelanacion-4668?si=6nN79nyQICPU5iTh\"]},{\"@type\":\"Person\",\"@id\":\"https:\/\/www.fiscalia.gov.co\/colombia\/#\/schema\/person\/bf84402cf293a5393e9c70b111020b24\",\"name\":\"Jordan Leandro Oviedo Anzola\",\"image\":{\"@type\":\"ImageObject\",\"inLanguage\":\"es-CO\",\"@id\":\"https:\/\/www.fiscalia.gov.co\/colombia\/#\/schema\/person\/image\/\",\"url\":\"https:\/\/secure.gravatar.com\/avatar\/dabba4346fa9b9207d96adafa8f92721?s=96&d=mm&r=g\",\"contentUrl\":\"https:\/\/secure.gravatar.com\/avatar\/dabba4346fa9b9207d96adafa8f92721?s=96&d=mm&r=g\",\"caption\":\"Jordan Leandro Oviedo Anzola\"},\"url\":\"https:\/\/www.fiscalia.gov.co\/colombia\/author\/joviedo\/\"}]}<\/script>\n<!-- \/ Yoast SEO plugin. -->","yoast_head_json":{"title":"Fiscal\u00eda General de la Naci\u00f3n","description":"P\u00e1gina oficial de la Fiscal\u00eda General de la Naci\u00f3n \u2013 Colombia. Garantizamos el acceso efectivo a la justicia, la verdad y la reparaci\u00f3n de las v\u00edctimas de los delitos.","robots":{"index":"noindex","follow":"follow"},"og_locale":"es_ES","og_type":"article","og_title":"Fiscal\u00eda General de la Naci\u00f3n","og_description":"P\u00e1gina oficial de la Fiscal\u00eda General de la Naci\u00f3n \u2013 Colombia. Garantizamos el acceso efectivo a la justicia, la verdad y la reparaci\u00f3n de las v\u00edctimas de los delitos.","og_url":"https:\/\/www.fiscalia.gov.co\/colombia\/noticias\/carcel-para-presuntos-responsables-de-trafico-de-estupefacientes-y-porte-de-armas-a-presuntos-integrantes-del-clan-del-golfo-en-casanare\/","og_site_name":"Fiscal\u00eda General de la Naci\u00f3n","article_publisher":"https:\/\/www.facebook.com\/FiscaliaCol","article_published_time":"2023-02-14T16:59:26+00:00","article_modified_time":"2023-02-23T13:40:38+00:00","og_image":[{"url":"https:\/\/www.fiscalia.gov.co\/colombia\/wp-content\/uploads\/Yuleidi-Albarran-Miguel-Bohorquez-Gerardo-Mahecha-trafico-estupefacientes-porte-de-armas-Casanare-1024x576.jpg","type":"","width":"","height":""}],"author":"Jordan Leandro Oviedo Anzola","twitter_card":"summary_large_image","twitter_creator":"@FiscaliaCol","twitter_site":"@FiscaliaCol","twitter_misc":{"Escrito por":"Jordan Leandro Oviedo Anzola","Tiempo de lectura":"2 minutos"},"schema":{"@context":"https:\/\/schema.org","@graph":[{"@type":"Article","@id":"https:\/\/www.fiscalia.gov.co\/colombia\/noticias\/carcel-para-presuntos-responsables-de-trafico-de-estupefacientes-y-porte-de-armas-a-presuntos-integrantes-del-clan-del-golfo-en-casanare\/#article","isPartOf":{"@id":"https:\/\/www.fiscalia.gov.co\/colombia\/noticias\/carcel-para-presuntos-responsables-de-trafico-de-estupefacientes-y-porte-de-armas-a-presuntos-integrantes-del-clan-del-golfo-en-casanare\/"},"author":{"name":"Jordan Leandro Oviedo Anzola","@id":"https:\/\/www.fiscalia.gov.co\/colombia\/#\/schema\/person\/bf84402cf293a5393e9c70b111020b24"},"headline":"C\u00e1rcel para presuntos responsables de tr\u00e1fico de estupefacientes y porte de armas a presuntos integrantes del Clan del Golfo en Casanare","datePublished":"2023-02-14T16:59:26+00:00","dateModified":"2023-02-23T13:40:38+00:00","mainEntityOfPage":{"@id":"https:\/\/www.fiscalia.gov.co\/colombia\/noticias\/carcel-para-presuntos-responsables-de-trafico-de-estupefacientes-y-porte-de-armas-a-presuntos-integrantes-del-clan-del-golfo-en-casanare\/"},"wordCount":351,"publisher":{"@id":"https:\/\/www.fiscalia.gov.co\/colombia\/#organization"},"image":{"@id":"https:\/\/www.fiscalia.gov.co\/colombia\/noticias\/carcel-para-presuntos-responsables-de-trafico-de-estupefacientes-y-porte-de-armas-a-presuntos-integrantes-del-clan-del-golfo-en-casanare\/#primaryimage"},"thumbnailUrl":"https:\/\/www.fiscalia.gov.co\/colombia\/wp-content\/uploads\/Yuleidi-Albarran-Miguel-Bohorquez-Gerardo-Mahecha-trafico-estupefacientes-porte-de-armas-Casanare-1024x576.jpg","keywords":["comercializar estupefacientes.","Fabricaci\u00f3n","fabricaci\u00f3n o porte de estupefacientes","intramuros","Tr\u00e1fico","tr\u00e1fico y porte de armas de fuego de uso civil y militar","Villanueva (Casanare)"],"articleSection":["Noticias","Seccionales"],"inLanguage":"es-CO"},{"@type":"WebPage","@id":"https:\/\/www.fiscalia.gov.co\/colombia\/noticias\/carcel-para-presuntos-responsables-de-trafico-de-estupefacientes-y-porte-de-armas-a-presuntos-integrantes-del-clan-del-golfo-en-casanare\/","url":"https:\/\/www.fiscalia.gov.co\/colombia\/noticias\/carcel-para-presuntos-responsables-de-trafico-de-estupefacientes-y-porte-de-armas-a-presuntos-integrantes-del-clan-del-golfo-en-casanare\/","name":"Fiscal\u00eda General de la Naci\u00f3n","isPartOf":{"@id":"https:\/\/www.fiscalia.gov.co\/colombia\/#website"},"primaryImageOfPage":{"@id":"https:\/\/www.fiscalia.gov.co\/colombia\/noticias\/carcel-para-presuntos-responsables-de-trafico-de-estupefacientes-y-porte-de-armas-a-presuntos-integrantes-del-clan-del-golfo-en-casanare\/#primaryimage"},"image":{"@id":"https:\/\/www.fiscalia.gov.co\/colombia\/noticias\/carcel-para-presuntos-responsables-de-trafico-de-estupefacientes-y-porte-de-armas-a-presuntos-integrantes-del-clan-del-golfo-en-casanare\/#primaryimage"},"thumbnailUrl":"https:\/\/www.fiscalia.gov.co\/colombia\/wp-content\/uploads\/Yuleidi-Albarran-Miguel-Bohorquez-Gerardo-Mahecha-trafico-estupefacientes-porte-de-armas-Casanare-1024x576.jpg","datePublished":"2023-02-14T16:59:26+00:00","dateModified":"2023-02-23T13:40:38+00:00","description":"P\u00e1gina oficial de la Fiscal\u00eda General de la Naci\u00f3n \u2013 Colombia. Garantizamos el acceso efectivo a la justicia, la verdad y la reparaci\u00f3n de las v\u00edctimas de los delitos.","breadcrumb":{"@id":"https:\/\/www.fiscalia.gov.co\/colombia\/noticias\/carcel-para-presuntos-responsables-de-trafico-de-estupefacientes-y-porte-de-armas-a-presuntos-integrantes-del-clan-del-golfo-en-casanare\/#breadcrumb"},"inLanguage":"es-CO","potentialAction":[{"@type":"ReadAction","target":["https:\/\/www.fiscalia.gov.co\/colombia\/noticias\/carcel-para-presuntos-responsables-de-trafico-de-estupefacientes-y-porte-de-armas-a-presuntos-integrantes-del-clan-del-golfo-en-casanare\/"]}]},{"@type":"ImageObject","inLanguage":"es-CO","@id":"https:\/\/www.fiscalia.gov.co\/colombia\/noticias\/carcel-para-presuntos-responsables-de-trafico-de-estupefacientes-y-porte-de-armas-a-presuntos-integrantes-del-clan-del-golfo-en-casanare\/#primaryimage","url":"https:\/\/www.fiscalia.gov.co\/colombia\/wp-content\/uploads\/Yuleidi-Albarran-Miguel-Bohorquez-Gerardo-Mahecha-trafico-estupefacientes-porte-de-armas-Casanare.jpg","contentUrl":"https:\/\/www.fiscalia.gov.co\/colombia\/wp-content\/uploads\/Yuleidi-Albarran-Miguel-Bohorquez-Gerardo-Mahecha-trafico-estupefacientes-porte-de-armas-Casanare.jpg","width":1280,"height":720,"caption":"Capturados presuntos responsables de tr\u00e1fico de estupefacientes en Casanare."},{"@type":"BreadcrumbList","@id":"https:\/\/www.fiscalia.gov.co\/colombia\/noticias\/carcel-para-presuntos-responsables-de-trafico-de-estupefacientes-y-porte-de-armas-a-presuntos-integrantes-del-clan-del-golfo-en-casanare\/#breadcrumb","itemListElement":[{"@type":"ListItem","position":1,"name":"Home","item":"https:\/\/www.fiscalia.gov.co\/colombia\/"},{"@type":"ListItem","position":2,"name":"C\u00e1rcel para presuntos responsables de tr\u00e1fico de estupefacientes y porte de armas a presuntos integrantes del Clan del Golfo en Casanare"}]},{"@type":"WebSite","@id":"https:\/\/www.fiscalia.gov.co\/colombia\/#website","url":"https:\/\/www.fiscalia.gov.co\/colombia\/","name":"Fiscal\u00eda General de la Naci\u00f3n","description":"P\u00e1gina oficial de la Fiscal\u00eda General de la Naci\u00f3n \u2013 Colombia. Garantizamos el acceso efectivo a la justicia, la verdad y la reparaci\u00f3n de las v\u00edctimas de los delitos.","publisher":{"@id":"https:\/\/www.fiscalia.gov.co\/colombia\/#organization"},"potentialAction":[{"@type":"SearchAction","target":{"@type":"EntryPoint","urlTemplate":"https:\/\/www.fiscalia.gov.co\/colombia\/?s={search_term_string}"},"query-input":{"@type":"PropertyValueSpecification","valueRequired":true,"valueName":"search_term_string"}}],"inLanguage":"es-CO"},{"@type":"Organization","@id":"https:\/\/www.fiscalia.gov.co\/colombia\/#organization","name":"Fiscal\u00eda General de la Naci\u00f3n","url":"https:\/\/www.fiscalia.gov.co\/colombia\/","logo":{"@type":"ImageObject","inLanguage":"es-CO","@id":"https:\/\/www.fiscalia.gov.co\/colombia\/#\/schema\/logo\/image\/","url":"https:\/\/www.fiscalia.gov.co\/colombia\/wp-content\/uploads\/LogoHorizontal_1.jpg","contentUrl":"https:\/\/www.fiscalia.gov.co\/colombia\/wp-content\/uploads\/LogoHorizontal_1.jpg","width":300,"height":90,"caption":"Fiscal\u00eda General de la Naci\u00f3n"},"image":{"@id":"https:\/\/www.fiscalia.gov.co\/colombia\/#\/schema\/logo\/image\/"},"sameAs":["https:\/\/www.facebook.com\/FiscaliaCol","https:\/\/x.com\/FiscaliaCol","https:\/\/www.instagram.com\/fiscaliacol","https:\/\/www.linkedin.com\/company\/fiscalia-general-de-la-naci-n\/","https:\/\/youtube.com\/@fiscaliageneraldelanacion-4668?si=6nN79nyQICPU5iTh"]},{"@type":"Person","@id":"https:\/\/www.fiscalia.gov.co\/colombia\/#\/schema\/person\/bf84402cf293a5393e9c70b111020b24","name":"Jordan Leandro Oviedo Anzola","image":{"@type":"ImageObject","inLanguage":"es-CO","@id":"https:\/\/www.fiscalia.gov.co\/colombia\/#\/schema\/person\/image\/","url":"https:\/\/secure.gravatar.com\/avatar\/dabba4346fa9b9207d96adafa8f92721?s=96&d=mm&r=g","contentUrl":"https:\/\/secure.gravatar.com\/avatar\/dabba4346fa9b9207d96adafa8f92721?s=96&d=mm&r=g","caption":"Jordan Leandro Oviedo Anzola"},"url":"https:\/\/www.fiscalia.gov.co\/colombia\/author\/joviedo\/"}]}},"_links":{"self":[{"href":"https:\/\/www.fiscalia.gov.co\/colombia\/wp-json\/wp\/v2\/posts\/266387","targetHints":{"allow":["GET"]}}],"collection":[{"href":"https:\/\/www.fiscalia.gov.co\/colombia\/wp-json\/wp\/v2\/posts"}],"about":[{"href":"https:\/\/www.fiscalia.gov.co\/colombia\/wp-json\/wp\/v2\/types\/post"}],"author":[{"embeddable":true,"href":"https:\/\/www.fiscalia.gov.co\/colombia\/wp-json\/wp\/v2\/users\/177"}],"replies":[{"embeddable":true,"href":"https:\/\/www.fiscalia.gov.co\/colombia\/wp-json\/wp\/v2\/comments?post=266387"}],"version-history":[{"count":3,"href":"https:\/\/www.fiscalia.gov.co\/colombia\/wp-json\/wp\/v2\/posts\/266387\/revisions"}],"predecessor-version":[{"id":267000,"href":"https:\/\/www.fiscalia.gov.co\/colombia\/wp-json\/wp\/v2\/posts\/266387\/revisions\/267000"}],"wp:attachment":[{"href":"https:\/\/www.fiscalia.gov.co\/colombia\/wp-json\/wp\/v2\/media?parent=266387"}],"wp:term":[{"taxonomy":"category","embeddable":true,"href":"https:\/\/www.fiscalia.gov.co\/colombia\/wp-json\/wp\/v2\/categories?post=266387"},{"taxonomy":"post_tag","embeddable":true,"href":"https:\/\/www.fiscalia.gov.co\/colombia\/wp-json\/wp\/v2\/tags?post=266387"}],"curies":[{"name":"wp","href":"https:\/\/api.w.org\/{rel}","templated":true}]}}