{"id":266376,"date":"2023-02-14T11:40:13","date_gmt":"2023-02-14T16:40:13","guid":{"rendered":"https:\/\/www.fiscalia.gov.co\/colombia\/?p=266376"},"modified":"2023-02-14T11:40:13","modified_gmt":"2023-02-14T16:40:13","slug":"a-prision-callelle-presunto-responsable-de-intentar-asesinar-a-golpes-a-un-hombre","status":"publish","type":"post","link":"https:\/\/www.fiscalia.gov.co\/colombia\/noticias\/a-prision-callelle-presunto-responsable-de-intentar-asesinar-a-golpes-a-un-hombre\/","title":{"rendered":"A prisi\u00f3n \u2018Callelle\u2019 presunto responsable de intentar asesinar a golpes a un hombre"},"content":{"rendered":"<ul>\n<li>\n<h4><strong><i>\u2018Callelle\u2019 y \u2018Cheche\u2019 ser\u00edan los responsables de la agresi\u00f3n que dej\u00f3 inicialmente en estado vegetativo a la v\u00edctima, quien a\u00fan presenta dificultad motriz, pensamiento lento y problemas de lectura adem\u00e1s de no recupera plenamente la movilidad.\u00a0<\/i><\/strong><\/h4>\n<\/li>\n<\/ul>\n<ul type=\"disc\">\n<li>\n<h4><strong><i>Juan Carlos Galeano Casallas, alias Cheche, otros de los presuntos responsables del ataque fue judicializado en octubre de 2022, desde cuando se encuentra privado de la libertad en un centro carcelario.<\/i><i>\u00a0<\/i><\/strong><\/h4>\n<\/li>\n<\/ul>\n<p>A la c\u00e1rcel del Distrito Judicial Do\u00f1a Juana en La Dorada (Caldas) fue enviado Cristian Camilo Ch\u00e1vez \u00c1lvarez, alias Callelle, presuntamente, responsable del delito de tentativa de homicidio agravado.<\/p>\n<figure id=\"attachment_266377\" aria-describedby=\"caption-attachment-266377\" style=\"width: 942px\" class=\"wp-caption aligncenter\"><img loading=\"lazy\" decoding=\"async\" class=\"size-full wp-image-266377\" src=\"https:\/\/www.fiscalia.gov.co\/colombia\/wp-content\/uploads\/WhatsApp-Image-2023-02-13-at-9.48.11-AM.jpeg\" alt=\"Cristian Camilo Ch\u00e1vez \u00c1lvarez esta en la foto acompa\u00f1ado de un funcionario del Cuerpo T\u00e9cnico de Investigaci\u00f3n (CTI). Al fondo un backing con logos de la Fiscal\u00eda.\" width=\"942\" height=\"798\" srcset=\"https:\/\/www.fiscalia.gov.co\/colombia\/wp-content\/uploads\/WhatsApp-Image-2023-02-13-at-9.48.11-AM.jpeg 942w, https:\/\/www.fiscalia.gov.co\/colombia\/wp-content\/uploads\/WhatsApp-Image-2023-02-13-at-9.48.11-AM-300x254.jpeg 300w, https:\/\/www.fiscalia.gov.co\/colombia\/wp-content\/uploads\/WhatsApp-Image-2023-02-13-at-9.48.11-AM-768x651.jpeg 768w, https:\/\/www.fiscalia.gov.co\/colombia\/wp-content\/uploads\/WhatsApp-Image-2023-02-13-at-9.48.11-AM-696x590.jpeg 696w, https:\/\/www.fiscalia.gov.co\/colombia\/wp-content\/uploads\/WhatsApp-Image-2023-02-13-at-9.48.11-AM-496x420.jpeg 496w\" sizes=\"auto, (max-width: 942px) 100vw, 942px\" \/><figcaption id=\"caption-attachment-266377\" class=\"wp-caption-text\">Cristian Camilo Ch\u00e1vez \u00c1lvarez, alias Callelle fue judicializado por se\u00f1alamientos que lo implican en una tentativa de homicidio en septiembre de 2022.<\/figcaption><\/figure>\n<p>La investigaci\u00f3n determin\u00f3 que el 27 de septiembre de 2022 Ch\u00e1vez \u00c1lvarez en compa\u00f1\u00eda de Juan Carlos Galeano Casallas, alias Cheche; al parecer, agredieron con un tabl\u00f3n, pu\u00f1os y patadas a un joven en el barrio Santa Lucia de La Dorada (Caldas). Producto del ataque la v\u00edctima sufri\u00f3 graves heridas en la cara; fracturas en el cr\u00e1neo y otras partes del cuerpo.<\/p>\n<p>Seg\u00fan el dictamen de Medicina Legal, la v\u00edctima corri\u00f3 un alto riesgo de perder la vida, al punto de haber permanecido en estado vegetativo por varios meses; y hace poco empez\u00f3 a recuperar la movilidad, aunque presenta dificultad motriz, pensamiento lento y problemas de lectura, entre otros.<\/p>\n<p>Labores de polic\u00eda judicial pusieron al descubierto que Ch\u00e1vez \u00c1lvarez, luego de que presumiblemente, le cont\u00f3 a otra persona detalles de lo sucedido y le manifest\u00f3 que el hombre qued\u00f3 mal herido por lo que lo hab\u00edan dejado abandonado cerca de las instalaciones de Medicina Legal de La Dorada.<\/p>\n<p>Por estos mismos hechos alias Cheche fue judicializado en octubre de 2022 y se encuentra privado de la libertad en un centro carcelario.<\/p>\n<p><b>La Fiscal\u00eda habla con resultados. \u00a0\u00a0\u00a0\u00a0\u00a0\u00a0\u00a0\u00a0\u00a0\u00a0\u00a0\u00a0\u00a0\u00a0\u00a0\u00a0\u00a0\u00a0\u00a0 \u00a0\u00a0\u00a0\u00a0\u00a0\u00a0\u00a0\u00a0\u00a0\u00a0\u00a0\u00a0\u00a0\u00a0<\/b><\/p>\n<p>&nbsp;<\/p>\n<p>&nbsp;<\/p>\n<p>&nbsp;<\/p>\n<p>&nbsp;<\/p>\n<p>&nbsp;<\/p>\n<p>JLH\/MAGA\/JC\/DSC<b>\u00a0<\/b><\/p>\n<p>&nbsp;<\/p>\n<p>&nbsp;<\/p>\n<p>&nbsp;<\/p>\n<p>&nbsp;<\/p>\n<p>&nbsp;<\/p>\n<div class=\"td-post-content tagdiv-type\">\n<div class=\"td-post-content tagdiv-type\">\n<p><i>La informaci\u00f3n contenida en este bolet\u00edn de prensa corresponde a la narraci\u00f3n de los hechos noticiosos objetivos, suministrados por los funcionarios encargados de adelantar las investigaciones penales al interior de la Fiscal\u00eda General de la Naci\u00f3n. Para el momento de la divulgaci\u00f3n de este comunicado, la situaci\u00f3n jur\u00eddica de la(s) persona(s) relacionada(s) se encuentra pendiente de resolver por la autoridad judicial competente, siempre bajo los preceptos de la presunci\u00f3n de inocencia, consagrados en el art\u00edculo 29 de la Constituci\u00f3n Pol\u00edtica y el art\u00edculo 7\u00ba de la Ley 906 de 2004.<\/i><\/p>\n<\/div>\n<\/div>\n\n<div class=\"twitter-share\"><a href=\"https:\/\/twitter.com\/intent\/tweet?via=fiscaliacol\" class=\"twitter-share-button\">Tweet<\/a><\/div>\n","protected":false},"excerpt":{"rendered":"<p>\u2018Callelle\u2019 y \u2018Cheche\u2019 ser\u00edan los responsables de la agresi\u00f3n que dej\u00f3 inicialmente en estado vegetativo a la v\u00edctima, quien a\u00fan presenta dificultad motriz, pensamiento lento y problemas de lectura adem\u00e1s de no recupera plenamente la movilidad.\u00a0 Juan Carlos Galeano Casallas, alias Cheche, otros de los presuntos responsables del ataque fue judicializado en octubre de 2022, [&hellip;]<\/p>\n","protected":false},"author":177,"featured_media":0,"comment_status":"closed","ping_status":"open","sticky":false,"template":"","format":"standard","meta":{"_price":"","_stock":"","_tribe_ticket_header":"","_tribe_default_ticket_provider":"","_tribe_ticket_capacity":"0","_ticket_start_date":"","_ticket_end_date":"","_tribe_ticket_show_description":"","_tribe_ticket_show_not_going":false,"_tribe_ticket_use_global_stock":"","_tribe_ticket_global_stock_level":"","_global_stock_mode":"","_global_stock_cap":"","_tribe_rsvp_for_event":"","_tribe_ticket_going_count":"","_tribe_ticket_not_going_count":"","_tribe_tickets_list":"[]","_tribe_ticket_has_attendee_info_fields":false,"tdm_status":"","tdm_grid_status":"","footnotes":""},"categories":[1,330,303,24099],"tags":[33954,24185,1047,409,33953,28723],"class_list":{"0":"post-266376","1":"post","2":"type-post","3":"status-publish","4":"format-standard","6":"category-noticias","7":"category-seccional-manizales","8":"category-seccionales","9":"category-seguridad-territorial","10":"tag-agreesion-fisica","11":"tag-fiscal-barbosa","12":"tag-fiscalia-general-de-la-nacion","13":"tag-homicidio","14":"tag-intento","15":"tag-la-dorada-caldas"},"yoast_head":"<!-- This site is optimized with the Yoast SEO plugin v24.3 - https:\/\/yoast.com\/wordpress\/plugins\/seo\/ -->\n<title>Fiscal\u00eda General de la Naci\u00f3n<\/title>\n<meta name=\"description\" content=\"P\u00e1gina oficial de la Fiscal\u00eda General de la Naci\u00f3n \u2013 Colombia. Garantizamos el acceso efectivo a la justicia, la verdad y la reparaci\u00f3n de las v\u00edctimas de los delitos.\" \/>\n<meta name=\"robots\" content=\"noindex, follow\" \/>\n<meta property=\"og:locale\" content=\"es_ES\" \/>\n<meta property=\"og:type\" content=\"article\" \/>\n<meta property=\"og:title\" content=\"Fiscal\u00eda General de la Naci\u00f3n\" \/>\n<meta property=\"og:description\" content=\"P\u00e1gina oficial de la Fiscal\u00eda General de la Naci\u00f3n \u2013 Colombia. Garantizamos el acceso efectivo a la justicia, la verdad y la reparaci\u00f3n de las v\u00edctimas de los delitos.\" \/>\n<meta property=\"og:url\" content=\"https:\/\/www.fiscalia.gov.co\/colombia\/noticias\/a-prision-callelle-presunto-responsable-de-intentar-asesinar-a-golpes-a-un-hombre\/\" \/>\n<meta property=\"og:site_name\" content=\"Fiscal\u00eda General de la Naci\u00f3n\" \/>\n<meta property=\"article:publisher\" content=\"https:\/\/www.facebook.com\/FiscaliaCol\" \/>\n<meta property=\"article:published_time\" content=\"2023-02-14T16:40:13+00:00\" \/>\n<meta property=\"og:image\" content=\"https:\/\/www.fiscalia.gov.co\/colombia\/wp-content\/uploads\/WhatsApp-Image-2023-02-13-at-9.48.11-AM.jpeg\" \/>\n<meta name=\"author\" content=\"Jordan Leandro Oviedo Anzola\" \/>\n<meta name=\"twitter:card\" content=\"summary_large_image\" \/>\n<meta name=\"twitter:creator\" content=\"@FiscaliaCol\" \/>\n<meta name=\"twitter:site\" content=\"@FiscaliaCol\" \/>\n<meta name=\"twitter:label1\" content=\"Escrito por\" \/>\n\t<meta name=\"twitter:data1\" content=\"Jordan Leandro Oviedo Anzola\" \/>\n\t<meta name=\"twitter:label2\" content=\"Tiempo de lectura\" \/>\n\t<meta name=\"twitter:data2\" content=\"2 minutos\" \/>\n<script type=\"application\/ld+json\" class=\"yoast-schema-graph\">{\"@context\":\"https:\/\/schema.org\",\"@graph\":[{\"@type\":\"Article\",\"@id\":\"https:\/\/www.fiscalia.gov.co\/colombia\/noticias\/a-prision-callelle-presunto-responsable-de-intentar-asesinar-a-golpes-a-un-hombre\/#article\",\"isPartOf\":{\"@id\":\"https:\/\/www.fiscalia.gov.co\/colombia\/noticias\/a-prision-callelle-presunto-responsable-de-intentar-asesinar-a-golpes-a-un-hombre\/\"},\"author\":{\"name\":\"Jordan Leandro Oviedo Anzola\",\"@id\":\"https:\/\/www.fiscalia.gov.co\/colombia\/#\/schema\/person\/bf84402cf293a5393e9c70b111020b24\"},\"headline\":\"A prisi\u00f3n \u2018Callelle\u2019 presunto responsable de intentar asesinar a golpes a un hombre\",\"datePublished\":\"2023-02-14T16:40:13+00:00\",\"dateModified\":\"2023-02-14T16:40:13+00:00\",\"mainEntityOfPage\":{\"@id\":\"https:\/\/www.fiscalia.gov.co\/colombia\/noticias\/a-prision-callelle-presunto-responsable-de-intentar-asesinar-a-golpes-a-un-hombre\/\"},\"wordCount\":459,\"publisher\":{\"@id\":\"https:\/\/www.fiscalia.gov.co\/colombia\/#organization\"},\"image\":{\"@id\":\"https:\/\/www.fiscalia.gov.co\/colombia\/noticias\/a-prision-callelle-presunto-responsable-de-intentar-asesinar-a-golpes-a-un-hombre\/#primaryimage\"},\"thumbnailUrl\":\"https:\/\/www.fiscalia.gov.co\/colombia\/wp-content\/uploads\/WhatsApp-Image-2023-02-13-at-9.48.11-AM.jpeg\",\"keywords\":[\"agreesi\u00f3n fisica\",\"Fiscal Barbosa\",\"Fiscal\u00eda General de la Naci\u00f3n\",\"Homicidio\",\"intento\",\"La Dorada (Caldas)\"],\"articleSection\":[\"Noticias\",\"Seccional Manizales\",\"Seccionales\",\"Seguridad territorial\"],\"inLanguage\":\"es-CO\"},{\"@type\":\"WebPage\",\"@id\":\"https:\/\/www.fiscalia.gov.co\/colombia\/noticias\/a-prision-callelle-presunto-responsable-de-intentar-asesinar-a-golpes-a-un-hombre\/\",\"url\":\"https:\/\/www.fiscalia.gov.co\/colombia\/noticias\/a-prision-callelle-presunto-responsable-de-intentar-asesinar-a-golpes-a-un-hombre\/\",\"name\":\"Fiscal\u00eda General de la Naci\u00f3n\",\"isPartOf\":{\"@id\":\"https:\/\/www.fiscalia.gov.co\/colombia\/#website\"},\"primaryImageOfPage\":{\"@id\":\"https:\/\/www.fiscalia.gov.co\/colombia\/noticias\/a-prision-callelle-presunto-responsable-de-intentar-asesinar-a-golpes-a-un-hombre\/#primaryimage\"},\"image\":{\"@id\":\"https:\/\/www.fiscalia.gov.co\/colombia\/noticias\/a-prision-callelle-presunto-responsable-de-intentar-asesinar-a-golpes-a-un-hombre\/#primaryimage\"},\"thumbnailUrl\":\"https:\/\/www.fiscalia.gov.co\/colombia\/wp-content\/uploads\/WhatsApp-Image-2023-02-13-at-9.48.11-AM.jpeg\",\"datePublished\":\"2023-02-14T16:40:13+00:00\",\"dateModified\":\"2023-02-14T16:40:13+00:00\",\"description\":\"P\u00e1gina oficial de la Fiscal\u00eda General de la Naci\u00f3n \u2013 Colombia. Garantizamos el acceso efectivo a la justicia, la verdad y la reparaci\u00f3n de las v\u00edctimas de los delitos.\",\"breadcrumb\":{\"@id\":\"https:\/\/www.fiscalia.gov.co\/colombia\/noticias\/a-prision-callelle-presunto-responsable-de-intentar-asesinar-a-golpes-a-un-hombre\/#breadcrumb\"},\"inLanguage\":\"es-CO\",\"potentialAction\":[{\"@type\":\"ReadAction\",\"target\":[\"https:\/\/www.fiscalia.gov.co\/colombia\/noticias\/a-prision-callelle-presunto-responsable-de-intentar-asesinar-a-golpes-a-un-hombre\/\"]}]},{\"@type\":\"ImageObject\",\"inLanguage\":\"es-CO\",\"@id\":\"https:\/\/www.fiscalia.gov.co\/colombia\/noticias\/a-prision-callelle-presunto-responsable-de-intentar-asesinar-a-golpes-a-un-hombre\/#primaryimage\",\"url\":\"https:\/\/www.fiscalia.gov.co\/colombia\/wp-content\/uploads\/WhatsApp-Image-2023-02-13-at-9.48.11-AM.jpeg\",\"contentUrl\":\"https:\/\/www.fiscalia.gov.co\/colombia\/wp-content\/uploads\/WhatsApp-Image-2023-02-13-at-9.48.11-AM.jpeg\",\"width\":942,\"height\":798,\"caption\":\"Cristian Camilo Ch\u00e1vez \u00c1lvarez, alias Callelle fue judicializado por se\u00f1alamientos que lo implican en una tentativa de homicidio en septiembre de 2022.\"},{\"@type\":\"BreadcrumbList\",\"@id\":\"https:\/\/www.fiscalia.gov.co\/colombia\/noticias\/a-prision-callelle-presunto-responsable-de-intentar-asesinar-a-golpes-a-un-hombre\/#breadcrumb\",\"itemListElement\":[{\"@type\":\"ListItem\",\"position\":1,\"name\":\"Home\",\"item\":\"https:\/\/www.fiscalia.gov.co\/colombia\/\"},{\"@type\":\"ListItem\",\"position\":2,\"name\":\"A prisi\u00f3n \u2018Callelle\u2019 presunto responsable de intentar asesinar a golpes a un hombre\"}]},{\"@type\":\"WebSite\",\"@id\":\"https:\/\/www.fiscalia.gov.co\/colombia\/#website\",\"url\":\"https:\/\/www.fiscalia.gov.co\/colombia\/\",\"name\":\"Fiscal\u00eda General de la Naci\u00f3n\",\"description\":\"P\u00e1gina oficial de la Fiscal\u00eda General de la Naci\u00f3n \u2013 Colombia. Garantizamos el acceso efectivo a la justicia, la verdad y la reparaci\u00f3n de las v\u00edctimas de los delitos.\",\"publisher\":{\"@id\":\"https:\/\/www.fiscalia.gov.co\/colombia\/#organization\"},\"potentialAction\":[{\"@type\":\"SearchAction\",\"target\":{\"@type\":\"EntryPoint\",\"urlTemplate\":\"https:\/\/www.fiscalia.gov.co\/colombia\/?s={search_term_string}\"},\"query-input\":{\"@type\":\"PropertyValueSpecification\",\"valueRequired\":true,\"valueName\":\"search_term_string\"}}],\"inLanguage\":\"es-CO\"},{\"@type\":\"Organization\",\"@id\":\"https:\/\/www.fiscalia.gov.co\/colombia\/#organization\",\"name\":\"Fiscal\u00eda General de la Naci\u00f3n\",\"url\":\"https:\/\/www.fiscalia.gov.co\/colombia\/\",\"logo\":{\"@type\":\"ImageObject\",\"inLanguage\":\"es-CO\",\"@id\":\"https:\/\/www.fiscalia.gov.co\/colombia\/#\/schema\/logo\/image\/\",\"url\":\"https:\/\/www.fiscalia.gov.co\/colombia\/wp-content\/uploads\/LogoHorizontal_1.jpg\",\"contentUrl\":\"https:\/\/www.fiscalia.gov.co\/colombia\/wp-content\/uploads\/LogoHorizontal_1.jpg\",\"width\":300,\"height\":90,\"caption\":\"Fiscal\u00eda General de la Naci\u00f3n\"},\"image\":{\"@id\":\"https:\/\/www.fiscalia.gov.co\/colombia\/#\/schema\/logo\/image\/\"},\"sameAs\":[\"https:\/\/www.facebook.com\/FiscaliaCol\",\"https:\/\/x.com\/FiscaliaCol\",\"https:\/\/www.instagram.com\/fiscaliacol\",\"https:\/\/www.linkedin.com\/company\/fiscalia-general-de-la-naci-n\/\",\"https:\/\/youtube.com\/@fiscaliageneraldelanacion-4668?si=6nN79nyQICPU5iTh\"]},{\"@type\":\"Person\",\"@id\":\"https:\/\/www.fiscalia.gov.co\/colombia\/#\/schema\/person\/bf84402cf293a5393e9c70b111020b24\",\"name\":\"Jordan Leandro Oviedo Anzola\",\"image\":{\"@type\":\"ImageObject\",\"inLanguage\":\"es-CO\",\"@id\":\"https:\/\/www.fiscalia.gov.co\/colombia\/#\/schema\/person\/image\/\",\"url\":\"https:\/\/secure.gravatar.com\/avatar\/dabba4346fa9b9207d96adafa8f92721?s=96&d=mm&r=g\",\"contentUrl\":\"https:\/\/secure.gravatar.com\/avatar\/dabba4346fa9b9207d96adafa8f92721?s=96&d=mm&r=g\",\"caption\":\"Jordan Leandro Oviedo Anzola\"},\"url\":\"https:\/\/www.fiscalia.gov.co\/colombia\/author\/joviedo\/\"}]}<\/script>\n<!-- \/ Yoast SEO plugin. -->","yoast_head_json":{"title":"Fiscal\u00eda General de la Naci\u00f3n","description":"P\u00e1gina oficial de la Fiscal\u00eda General de la Naci\u00f3n \u2013 Colombia. Garantizamos el acceso efectivo a la justicia, la verdad y la reparaci\u00f3n de las v\u00edctimas de los delitos.","robots":{"index":"noindex","follow":"follow"},"og_locale":"es_ES","og_type":"article","og_title":"Fiscal\u00eda General de la Naci\u00f3n","og_description":"P\u00e1gina oficial de la Fiscal\u00eda General de la Naci\u00f3n \u2013 Colombia. Garantizamos el acceso efectivo a la justicia, la verdad y la reparaci\u00f3n de las v\u00edctimas de los delitos.","og_url":"https:\/\/www.fiscalia.gov.co\/colombia\/noticias\/a-prision-callelle-presunto-responsable-de-intentar-asesinar-a-golpes-a-un-hombre\/","og_site_name":"Fiscal\u00eda General de la Naci\u00f3n","article_publisher":"https:\/\/www.facebook.com\/FiscaliaCol","article_published_time":"2023-02-14T16:40:13+00:00","og_image":[{"url":"https:\/\/www.fiscalia.gov.co\/colombia\/wp-content\/uploads\/WhatsApp-Image-2023-02-13-at-9.48.11-AM.jpeg","type":"","width":"","height":""}],"author":"Jordan Leandro Oviedo Anzola","twitter_card":"summary_large_image","twitter_creator":"@FiscaliaCol","twitter_site":"@FiscaliaCol","twitter_misc":{"Escrito por":"Jordan Leandro Oviedo Anzola","Tiempo de lectura":"2 minutos"},"schema":{"@context":"https:\/\/schema.org","@graph":[{"@type":"Article","@id":"https:\/\/www.fiscalia.gov.co\/colombia\/noticias\/a-prision-callelle-presunto-responsable-de-intentar-asesinar-a-golpes-a-un-hombre\/#article","isPartOf":{"@id":"https:\/\/www.fiscalia.gov.co\/colombia\/noticias\/a-prision-callelle-presunto-responsable-de-intentar-asesinar-a-golpes-a-un-hombre\/"},"author":{"name":"Jordan Leandro Oviedo Anzola","@id":"https:\/\/www.fiscalia.gov.co\/colombia\/#\/schema\/person\/bf84402cf293a5393e9c70b111020b24"},"headline":"A prisi\u00f3n \u2018Callelle\u2019 presunto responsable de intentar asesinar a golpes a un hombre","datePublished":"2023-02-14T16:40:13+00:00","dateModified":"2023-02-14T16:40:13+00:00","mainEntityOfPage":{"@id":"https:\/\/www.fiscalia.gov.co\/colombia\/noticias\/a-prision-callelle-presunto-responsable-de-intentar-asesinar-a-golpes-a-un-hombre\/"},"wordCount":459,"publisher":{"@id":"https:\/\/www.fiscalia.gov.co\/colombia\/#organization"},"image":{"@id":"https:\/\/www.fiscalia.gov.co\/colombia\/noticias\/a-prision-callelle-presunto-responsable-de-intentar-asesinar-a-golpes-a-un-hombre\/#primaryimage"},"thumbnailUrl":"https:\/\/www.fiscalia.gov.co\/colombia\/wp-content\/uploads\/WhatsApp-Image-2023-02-13-at-9.48.11-AM.jpeg","keywords":["agreesi\u00f3n fisica","Fiscal Barbosa","Fiscal\u00eda General de la Naci\u00f3n","Homicidio","intento","La Dorada (Caldas)"],"articleSection":["Noticias","Seccional Manizales","Seccionales","Seguridad territorial"],"inLanguage":"es-CO"},{"@type":"WebPage","@id":"https:\/\/www.fiscalia.gov.co\/colombia\/noticias\/a-prision-callelle-presunto-responsable-de-intentar-asesinar-a-golpes-a-un-hombre\/","url":"https:\/\/www.fiscalia.gov.co\/colombia\/noticias\/a-prision-callelle-presunto-responsable-de-intentar-asesinar-a-golpes-a-un-hombre\/","name":"Fiscal\u00eda General de la Naci\u00f3n","isPartOf":{"@id":"https:\/\/www.fiscalia.gov.co\/colombia\/#website"},"primaryImageOfPage":{"@id":"https:\/\/www.fiscalia.gov.co\/colombia\/noticias\/a-prision-callelle-presunto-responsable-de-intentar-asesinar-a-golpes-a-un-hombre\/#primaryimage"},"image":{"@id":"https:\/\/www.fiscalia.gov.co\/colombia\/noticias\/a-prision-callelle-presunto-responsable-de-intentar-asesinar-a-golpes-a-un-hombre\/#primaryimage"},"thumbnailUrl":"https:\/\/www.fiscalia.gov.co\/colombia\/wp-content\/uploads\/WhatsApp-Image-2023-02-13-at-9.48.11-AM.jpeg","datePublished":"2023-02-14T16:40:13+00:00","dateModified":"2023-02-14T16:40:13+00:00","description":"P\u00e1gina oficial de la Fiscal\u00eda General de la Naci\u00f3n \u2013 Colombia. Garantizamos el acceso efectivo a la justicia, la verdad y la reparaci\u00f3n de las v\u00edctimas de los delitos.","breadcrumb":{"@id":"https:\/\/www.fiscalia.gov.co\/colombia\/noticias\/a-prision-callelle-presunto-responsable-de-intentar-asesinar-a-golpes-a-un-hombre\/#breadcrumb"},"inLanguage":"es-CO","potentialAction":[{"@type":"ReadAction","target":["https:\/\/www.fiscalia.gov.co\/colombia\/noticias\/a-prision-callelle-presunto-responsable-de-intentar-asesinar-a-golpes-a-un-hombre\/"]}]},{"@type":"ImageObject","inLanguage":"es-CO","@id":"https:\/\/www.fiscalia.gov.co\/colombia\/noticias\/a-prision-callelle-presunto-responsable-de-intentar-asesinar-a-golpes-a-un-hombre\/#primaryimage","url":"https:\/\/www.fiscalia.gov.co\/colombia\/wp-content\/uploads\/WhatsApp-Image-2023-02-13-at-9.48.11-AM.jpeg","contentUrl":"https:\/\/www.fiscalia.gov.co\/colombia\/wp-content\/uploads\/WhatsApp-Image-2023-02-13-at-9.48.11-AM.jpeg","width":942,"height":798,"caption":"Cristian Camilo Ch\u00e1vez \u00c1lvarez, alias Callelle fue judicializado por se\u00f1alamientos que lo implican en una tentativa de homicidio en septiembre de 2022."},{"@type":"BreadcrumbList","@id":"https:\/\/www.fiscalia.gov.co\/colombia\/noticias\/a-prision-callelle-presunto-responsable-de-intentar-asesinar-a-golpes-a-un-hombre\/#breadcrumb","itemListElement":[{"@type":"ListItem","position":1,"name":"Home","item":"https:\/\/www.fiscalia.gov.co\/colombia\/"},{"@type":"ListItem","position":2,"name":"A prisi\u00f3n \u2018Callelle\u2019 presunto responsable de intentar asesinar a golpes a un hombre"}]},{"@type":"WebSite","@id":"https:\/\/www.fiscalia.gov.co\/colombia\/#website","url":"https:\/\/www.fiscalia.gov.co\/colombia\/","name":"Fiscal\u00eda General de la Naci\u00f3n","description":"P\u00e1gina oficial de la Fiscal\u00eda General de la Naci\u00f3n \u2013 Colombia. Garantizamos el acceso efectivo a la justicia, la verdad y la reparaci\u00f3n de las v\u00edctimas de los delitos.","publisher":{"@id":"https:\/\/www.fiscalia.gov.co\/colombia\/#organization"},"potentialAction":[{"@type":"SearchAction","target":{"@type":"EntryPoint","urlTemplate":"https:\/\/www.fiscalia.gov.co\/colombia\/?s={search_term_string}"},"query-input":{"@type":"PropertyValueSpecification","valueRequired":true,"valueName":"search_term_string"}}],"inLanguage":"es-CO"},{"@type":"Organization","@id":"https:\/\/www.fiscalia.gov.co\/colombia\/#organization","name":"Fiscal\u00eda General de la Naci\u00f3n","url":"https:\/\/www.fiscalia.gov.co\/colombia\/","logo":{"@type":"ImageObject","inLanguage":"es-CO","@id":"https:\/\/www.fiscalia.gov.co\/colombia\/#\/schema\/logo\/image\/","url":"https:\/\/www.fiscalia.gov.co\/colombia\/wp-content\/uploads\/LogoHorizontal_1.jpg","contentUrl":"https:\/\/www.fiscalia.gov.co\/colombia\/wp-content\/uploads\/LogoHorizontal_1.jpg","width":300,"height":90,"caption":"Fiscal\u00eda General de la Naci\u00f3n"},"image":{"@id":"https:\/\/www.fiscalia.gov.co\/colombia\/#\/schema\/logo\/image\/"},"sameAs":["https:\/\/www.facebook.com\/FiscaliaCol","https:\/\/x.com\/FiscaliaCol","https:\/\/www.instagram.com\/fiscaliacol","https:\/\/www.linkedin.com\/company\/fiscalia-general-de-la-naci-n\/","https:\/\/youtube.com\/@fiscaliageneraldelanacion-4668?si=6nN79nyQICPU5iTh"]},{"@type":"Person","@id":"https:\/\/www.fiscalia.gov.co\/colombia\/#\/schema\/person\/bf84402cf293a5393e9c70b111020b24","name":"Jordan Leandro Oviedo Anzola","image":{"@type":"ImageObject","inLanguage":"es-CO","@id":"https:\/\/www.fiscalia.gov.co\/colombia\/#\/schema\/person\/image\/","url":"https:\/\/secure.gravatar.com\/avatar\/dabba4346fa9b9207d96adafa8f92721?s=96&d=mm&r=g","contentUrl":"https:\/\/secure.gravatar.com\/avatar\/dabba4346fa9b9207d96adafa8f92721?s=96&d=mm&r=g","caption":"Jordan Leandro Oviedo Anzola"},"url":"https:\/\/www.fiscalia.gov.co\/colombia\/author\/joviedo\/"}]}},"_links":{"self":[{"href":"https:\/\/www.fiscalia.gov.co\/colombia\/wp-json\/wp\/v2\/posts\/266376","targetHints":{"allow":["GET"]}}],"collection":[{"href":"https:\/\/www.fiscalia.gov.co\/colombia\/wp-json\/wp\/v2\/posts"}],"about":[{"href":"https:\/\/www.fiscalia.gov.co\/colombia\/wp-json\/wp\/v2\/types\/post"}],"author":[{"embeddable":true,"href":"https:\/\/www.fiscalia.gov.co\/colombia\/wp-json\/wp\/v2\/users\/177"}],"replies":[{"embeddable":true,"href":"https:\/\/www.fiscalia.gov.co\/colombia\/wp-json\/wp\/v2\/comments?post=266376"}],"version-history":[{"count":2,"href":"https:\/\/www.fiscalia.gov.co\/colombia\/wp-json\/wp\/v2\/posts\/266376\/revisions"}],"predecessor-version":[{"id":266379,"href":"https:\/\/www.fiscalia.gov.co\/colombia\/wp-json\/wp\/v2\/posts\/266376\/revisions\/266379"}],"wp:attachment":[{"href":"https:\/\/www.fiscalia.gov.co\/colombia\/wp-json\/wp\/v2\/media?parent=266376"}],"wp:term":[{"taxonomy":"category","embeddable":true,"href":"https:\/\/www.fiscalia.gov.co\/colombia\/wp-json\/wp\/v2\/categories?post=266376"},{"taxonomy":"post_tag","embeddable":true,"href":"https:\/\/www.fiscalia.gov.co\/colombia\/wp-json\/wp\/v2\/tags?post=266376"}],"curies":[{"name":"wp","href":"https:\/\/api.w.org\/{rel}","templated":true}]}}