{"id":266314,"date":"2023-02-13T11:47:15","date_gmt":"2023-02-13T16:47:15","guid":{"rendered":"https:\/\/www.fiscalia.gov.co\/colombia\/?p=266314"},"modified":"2023-02-13T11:47:15","modified_gmt":"2023-02-13T16:47:15","slug":"condenadas-cinco-personas-del-grupo-delincuencial-los-exportadores-por-trafico-de-estupefacientes-en-putumayo","status":"publish","type":"post","link":"https:\/\/www.fiscalia.gov.co\/colombia\/noticias\/condenadas-cinco-personas-del-grupo-delincuencial-los-exportadores-por-trafico-de-estupefacientes-en-putumayo\/","title":{"rendered":"Condenadas cinco personas del grupo delincuencial \u2018Los Exportadores\u2019 por tr\u00e1fico de estupefacientes en Putumayo"},"content":{"rendered":"<p class=\"m_-3698703128807591041xmsonormal\"><span class=\"m_-3698703128807591041xcontentpasted1\">La Fiscal\u00eda logr\u00f3 que un juez de conocimiento condenara a cinco miembros de \u2018Los Exportadores\u2019, quienes se dedicaban a la compra y comercializaci\u00f3n de sustancias estupefacientes en San Miguel, la Hormiga, Orito y Puerto As\u00eds (Putumayo).\u00a0 \u00a0<\/span><u><\/u><u><\/u><\/p>\n<p class=\"m_-3698703128807591041xmsonormal\"><span class=\"m_-3698703128807591041xcontentpasted1\">Los hechos que fueron materia de investigaci\u00f3n se registraron en octubre de 2020.\u00a0 Los procesados fueron condenados de acuerdo a su responsabilidad en los delitos de tr\u00e1fico, fabricaci\u00f3n o porte de estupefacientes agravado y concierto para delinquir agravado. \u00a0<\/span><u><\/u><u><\/u><\/p>\n<p class=\"m_-3698703128807591041xmsonormal\"><span class=\"m_-3698703128807591041xcontentpasted1\">Se trata de Eber\u00a0Fajardo Figueroa, Beiran Yohan Casa\u00f1as Chac\u00f3n, Patricia Garc\u00eda, Aparicio Ortega Betancourth y Piedad Argenis Zambrano. \u00a0<\/span><u><\/u><u><\/u><\/p>\n<p class=\"m_-3698703128807591041xmsonormal\"><span class=\"m_-3698703128807591041xcontentpasted1\">Estas personas cumplir\u00e1n una pena entre 48 y 54 meses de prisi\u00f3n. Por su parte, Fajardo Figueroa adem\u00e1s fue condenado por el delito de porte ilegal de armas por lo que deber\u00e1 pagar una pena de 131 meses de prisi\u00f3n.\u00a0 \u00a0<\/span><u><\/u><u><\/u><\/p>\n<p class=\"m_-3698703128807591041xmsonormal\"><span class=\"m_-3698703128807591041xcontentpasted1\">La decisi\u00f3n qued\u00f3 en firme.\u00a0 \u00a0<\/span><u><\/u><u><\/u><\/p>\n<p><span class=\"m_-3698703128807591041xcontentpasted1\"><b>La Fiscal\u00eda habla con resultados.\u00a0<\/b><\/span><\/p>\n<p><span class=\"m_-3698703128807591041xcontentpasted1\">Tambi\u00e9n le puede interesar:\u00a0<\/span><a title=\"Asegurados dos presuntos integrantes de la banda \u2018Las Panelas\u2019, dedicada a los delitos de receptaci\u00f3n, porte de armas y \u00a0tr\u00e1fico de estupefacientes\u00a0\" href=\"https:\/\/www.fiscalia.gov.co\/colombia\/noticias\/asegurados-dos-presuntos-integrantes-de-la-banda-las-panelas-dedicada-a-los-delitos-de-receptacion-porte-de-armas-y-trafico-de-estupefacientes\/\" target=\"_blank\" rel=\"noopener\" data-saferedirecturl=\"https:\/\/www.google.com\/url?q=https:\/\/www.fiscalia.gov.co\/colombia\/noticias\/asegurados-dos-presuntos-integrantes-de-la-banda-las-panelas-dedicada-a-los-delitos-de-receptacion-porte-de-armas-y-trafico-de-estupefacientes\/&amp;source=gmail&amp;ust=1676392987386000&amp;usg=AOvVaw0S9CEuIdzCM5n2hFUvQkZU\">Asegurados dos presuntos integrantes de la banda \u2018Las Panelas\u2019, dedicada a los delitos de receptaci\u00f3n, porte de armas y \u00a0tr\u00e1fico de estupefacientes\u00a0<\/a><\/p>\n<p>&nbsp;<\/p>\n<p>&nbsp;<\/p>\n<p>&nbsp;<\/p>\n<p>&nbsp;<\/p>\n<p>&nbsp;<\/p>\n<p class=\"m_-3698703128807591041xmsonormal\"><span class=\"m_-3698703128807591041xcontentpasted1\">LMGM\/VHGB\/SAGR\/DSP<\/span>\u00a0<u><\/u><u><\/u><\/p>\n<p>&nbsp;<\/p>\n<p>&nbsp;<\/p>\n<p class=\"m_-3698703128807591041xmsonormal\">\u00a0<u><\/u><u><\/u><\/p>\n<p class=\"m_-3698703128807591041xxxxxxmsonormal\">\n<p>&nbsp;<\/p>\n<div class=\"td-post-content tagdiv-type\">\n<div class=\"td-post-content tagdiv-type\">\n<div class=\"td-post-content tagdiv-type\">\n<div class=\"td-post-content tagdiv-type\">\n<div class=\"td-post-content tagdiv-type\">\n<div class=\"td-post-content tagdiv-type\">\n<div class=\"td-post-content tagdiv-type\">\n<div class=\"td-post-content tagdiv-type\">\n<p><em>La informaci\u00f3n contenida en este bolet\u00edn de prensa corresponde a la narraci\u00f3n de los hechos noticiosos objetivos, y las investigaciones penales al interior de la Fiscal\u00eda General de la Naci\u00f3n. Para el momento de la divulgaci\u00f3n de este comunicado, la situaci\u00f3n jur\u00eddica de la(s) persona(s) relacionada(s) se encuentra pendiente de resolver por la autoridad judicial competente, siempre bajo los preceptos de la presunci\u00f3n de inocencia, consagrados en el art\u00edculo 29 de la Constituci\u00f3n Pol\u00edtica y el art\u00edculo 7\u00ba de la Ley 906 de 2004.<\/em><\/p>\n<\/div>\n<\/div>\n<\/div>\n<\/div>\n<\/div>\n<\/div>\n<\/div>\n<\/div>\n\n<div class=\"twitter-share\"><a href=\"https:\/\/twitter.com\/intent\/tweet?via=fiscaliacol\" class=\"twitter-share-button\">Tweet<\/a><\/div>\n","protected":false},"excerpt":{"rendered":"<p>La Fiscal\u00eda logr\u00f3 que un juez de conocimiento condenara a cinco miembros de \u2018Los Exportadores\u2019, quienes se dedicaban a la compra y comercializaci\u00f3n de sustancias estupefacientes en San Miguel, la [&hellip;]<\/p>\n","protected":false},"author":177,"featured_media":0,"comment_status":"closed","ping_status":"open","sticky":false,"template":"","format":"standard","meta":{"tdm_status":"","tdm_grid_status":"","footnotes":""},"categories":[1,2910,303,24103],"tags":[4054,12799,293,50,24185,1047,2286,29637,2279,33948],"class_list":["post-266314","post","type-post","status-publish","format-standard","category-noticias","category-seccional-mocoa","category-seccionales","category-trafico-de-estupefacientes","tag-banda-delincuencial","tag-comercializacion","tag-condena","tag-estupefacientes","tag-fiscal-barbosa","tag-fiscalia-general-de-la-nacion","tag-justicia","tag-los-exportadores","tag-putumayo","tag-san-miguel-putumayo"],"yoast_head":"<!-- This site is optimized with the Yoast SEO plugin v24.3 - https:\/\/yoast.com\/wordpress\/plugins\/seo\/ -->\n<title>Fiscal\u00eda General de la Naci\u00f3n<\/title>\n<meta name=\"description\" content=\"P\u00e1gina oficial de la Fiscal\u00eda General de la Naci\u00f3n \u2013 Colombia. Garantizamos el acceso efectivo a la justicia, la verdad y la reparaci\u00f3n de las v\u00edctimas de los delitos.\" \/>\n<meta name=\"robots\" content=\"noindex, follow\" \/>\n<meta property=\"og:locale\" content=\"es_ES\" \/>\n<meta property=\"og:type\" content=\"article\" \/>\n<meta property=\"og:title\" content=\"Fiscal\u00eda General de la Naci\u00f3n\" \/>\n<meta property=\"og:description\" content=\"P\u00e1gina oficial de la Fiscal\u00eda General de la Naci\u00f3n \u2013 Colombia. Garantizamos el acceso efectivo a la justicia, la verdad y la reparaci\u00f3n de las v\u00edctimas de los delitos.\" \/>\n<meta property=\"og:url\" content=\"https:\/\/www.fiscalia.gov.co\/colombia\/noticias\/condenadas-cinco-personas-del-grupo-delincuencial-los-exportadores-por-trafico-de-estupefacientes-en-putumayo\/\" \/>\n<meta property=\"og:site_name\" content=\"Fiscal\u00eda General de la Naci\u00f3n\" \/>\n<meta property=\"article:publisher\" content=\"https:\/\/www.facebook.com\/FiscaliaCol\" \/>\n<meta property=\"article:published_time\" content=\"2023-02-13T16:47:15+00:00\" \/>\n<meta name=\"author\" content=\"Jordan Leandro Oviedo Anzola\" \/>\n<meta name=\"twitter:card\" content=\"summary_large_image\" \/>\n<meta name=\"twitter:creator\" content=\"@FiscaliaCol\" \/>\n<meta name=\"twitter:site\" content=\"@FiscaliaCol\" \/>\n<meta name=\"twitter:label1\" content=\"Escrito por\" \/>\n\t<meta name=\"twitter:data1\" content=\"Jordan Leandro Oviedo Anzola\" \/>\n\t<meta name=\"twitter:label2\" content=\"Tiempo de lectura\" \/>\n\t<meta name=\"twitter:data2\" content=\"1 minuto\" \/>\n<script type=\"application\/ld+json\" class=\"yoast-schema-graph\">{\"@context\":\"https:\/\/schema.org\",\"@graph\":[{\"@type\":\"Article\",\"@id\":\"https:\/\/www.fiscalia.gov.co\/colombia\/noticias\/condenadas-cinco-personas-del-grupo-delincuencial-los-exportadores-por-trafico-de-estupefacientes-en-putumayo\/#article\",\"isPartOf\":{\"@id\":\"https:\/\/www.fiscalia.gov.co\/colombia\/noticias\/condenadas-cinco-personas-del-grupo-delincuencial-los-exportadores-por-trafico-de-estupefacientes-en-putumayo\/\"},\"author\":{\"name\":\"Jordan Leandro Oviedo Anzola\",\"@id\":\"https:\/\/www.fiscalia.gov.co\/colombia\/#\/schema\/person\/bf84402cf293a5393e9c70b111020b24\"},\"headline\":\"Condenadas cinco personas del grupo delincuencial \u2018Los Exportadores\u2019 por tr\u00e1fico de estupefacientes en Putumayo\",\"datePublished\":\"2023-02-13T16:47:15+00:00\",\"dateModified\":\"2023-02-13T16:47:15+00:00\",\"mainEntityOfPage\":{\"@id\":\"https:\/\/www.fiscalia.gov.co\/colombia\/noticias\/condenadas-cinco-personas-del-grupo-delincuencial-los-exportadores-por-trafico-de-estupefacientes-en-putumayo\/\"},\"wordCount\":306,\"publisher\":{\"@id\":\"https:\/\/www.fiscalia.gov.co\/colombia\/#organization\"},\"keywords\":[\"Banda delincuencial\",\"Comercializaci\u00f3n\",\"Condena\",\"Estupefacientes\",\"Fiscal Barbosa\",\"Fiscal\u00eda General de la Naci\u00f3n\",\"Justicia\",\"Los Exportadores\",\"Putumayo\",\"San Miguel (Putumayo)\"],\"articleSection\":[\"Noticias\",\"Seccional Mocoa\",\"Seccionales\",\"Tr\u00e1fico de estupefacientes\"],\"inLanguage\":\"es-CO\"},{\"@type\":\"WebPage\",\"@id\":\"https:\/\/www.fiscalia.gov.co\/colombia\/noticias\/condenadas-cinco-personas-del-grupo-delincuencial-los-exportadores-por-trafico-de-estupefacientes-en-putumayo\/\",\"url\":\"https:\/\/www.fiscalia.gov.co\/colombia\/noticias\/condenadas-cinco-personas-del-grupo-delincuencial-los-exportadores-por-trafico-de-estupefacientes-en-putumayo\/\",\"name\":\"Fiscal\u00eda General de la Naci\u00f3n\",\"isPartOf\":{\"@id\":\"https:\/\/www.fiscalia.gov.co\/colombia\/#website\"},\"datePublished\":\"2023-02-13T16:47:15+00:00\",\"dateModified\":\"2023-02-13T16:47:15+00:00\",\"description\":\"P\u00e1gina oficial de la Fiscal\u00eda General de la Naci\u00f3n \u2013 Colombia. Garantizamos el acceso efectivo a la justicia, la verdad y la reparaci\u00f3n de las v\u00edctimas de los delitos.\",\"breadcrumb\":{\"@id\":\"https:\/\/www.fiscalia.gov.co\/colombia\/noticias\/condenadas-cinco-personas-del-grupo-delincuencial-los-exportadores-por-trafico-de-estupefacientes-en-putumayo\/#breadcrumb\"},\"inLanguage\":\"es-CO\",\"potentialAction\":[{\"@type\":\"ReadAction\",\"target\":[\"https:\/\/www.fiscalia.gov.co\/colombia\/noticias\/condenadas-cinco-personas-del-grupo-delincuencial-los-exportadores-por-trafico-de-estupefacientes-en-putumayo\/\"]}]},{\"@type\":\"BreadcrumbList\",\"@id\":\"https:\/\/www.fiscalia.gov.co\/colombia\/noticias\/condenadas-cinco-personas-del-grupo-delincuencial-los-exportadores-por-trafico-de-estupefacientes-en-putumayo\/#breadcrumb\",\"itemListElement\":[{\"@type\":\"ListItem\",\"position\":1,\"name\":\"Home\",\"item\":\"https:\/\/www.fiscalia.gov.co\/colombia\/\"},{\"@type\":\"ListItem\",\"position\":2,\"name\":\"Condenadas cinco personas del grupo delincuencial \u2018Los Exportadores\u2019 por tr\u00e1fico de estupefacientes en Putumayo\"}]},{\"@type\":\"WebSite\",\"@id\":\"https:\/\/www.fiscalia.gov.co\/colombia\/#website\",\"url\":\"https:\/\/www.fiscalia.gov.co\/colombia\/\",\"name\":\"Fiscal\u00eda General de la Naci\u00f3n\",\"description\":\"P\u00e1gina oficial de la Fiscal\u00eda General de la Naci\u00f3n \u2013 Colombia. Garantizamos el acceso efectivo a la justicia, la verdad y la reparaci\u00f3n de las v\u00edctimas de los delitos.\",\"publisher\":{\"@id\":\"https:\/\/www.fiscalia.gov.co\/colombia\/#organization\"},\"potentialAction\":[{\"@type\":\"SearchAction\",\"target\":{\"@type\":\"EntryPoint\",\"urlTemplate\":\"https:\/\/www.fiscalia.gov.co\/colombia\/?s={search_term_string}\"},\"query-input\":{\"@type\":\"PropertyValueSpecification\",\"valueRequired\":true,\"valueName\":\"search_term_string\"}}],\"inLanguage\":\"es-CO\"},{\"@type\":\"Organization\",\"@id\":\"https:\/\/www.fiscalia.gov.co\/colombia\/#organization\",\"name\":\"Fiscal\u00eda General de la Naci\u00f3n\",\"url\":\"https:\/\/www.fiscalia.gov.co\/colombia\/\",\"logo\":{\"@type\":\"ImageObject\",\"inLanguage\":\"es-CO\",\"@id\":\"https:\/\/www.fiscalia.gov.co\/colombia\/#\/schema\/logo\/image\/\",\"url\":\"https:\/\/www.fiscalia.gov.co\/colombia\/wp-content\/uploads\/LogoHorizontal_1.jpg\",\"contentUrl\":\"https:\/\/www.fiscalia.gov.co\/colombia\/wp-content\/uploads\/LogoHorizontal_1.jpg\",\"width\":300,\"height\":90,\"caption\":\"Fiscal\u00eda General de la Naci\u00f3n\"},\"image\":{\"@id\":\"https:\/\/www.fiscalia.gov.co\/colombia\/#\/schema\/logo\/image\/\"},\"sameAs\":[\"https:\/\/www.facebook.com\/FiscaliaCol\",\"https:\/\/x.com\/FiscaliaCol\",\"https:\/\/www.instagram.com\/fiscaliacol\",\"https:\/\/www.linkedin.com\/company\/fiscalia-general-de-la-naci-n\/\",\"https:\/\/youtube.com\/@fiscaliageneraldelanacion-4668?si=6nN79nyQICPU5iTh\"]},{\"@type\":\"Person\",\"@id\":\"https:\/\/www.fiscalia.gov.co\/colombia\/#\/schema\/person\/bf84402cf293a5393e9c70b111020b24\",\"name\":\"Jordan Leandro Oviedo Anzola\",\"image\":{\"@type\":\"ImageObject\",\"inLanguage\":\"es-CO\",\"@id\":\"https:\/\/www.fiscalia.gov.co\/colombia\/#\/schema\/person\/image\/\",\"url\":\"https:\/\/secure.gravatar.com\/avatar\/dabba4346fa9b9207d96adafa8f92721?s=96&d=mm&r=g\",\"contentUrl\":\"https:\/\/secure.gravatar.com\/avatar\/dabba4346fa9b9207d96adafa8f92721?s=96&d=mm&r=g\",\"caption\":\"Jordan Leandro Oviedo Anzola\"},\"url\":\"https:\/\/www.fiscalia.gov.co\/colombia\/author\/joviedo\/\"}]}<\/script>\n<!-- \/ Yoast SEO plugin. -->","yoast_head_json":{"title":"Fiscal\u00eda General de la Naci\u00f3n","description":"P\u00e1gina oficial de la Fiscal\u00eda General de la Naci\u00f3n \u2013 Colombia. Garantizamos el acceso efectivo a la justicia, la verdad y la reparaci\u00f3n de las v\u00edctimas de los delitos.","robots":{"index":"noindex","follow":"follow"},"og_locale":"es_ES","og_type":"article","og_title":"Fiscal\u00eda General de la Naci\u00f3n","og_description":"P\u00e1gina oficial de la Fiscal\u00eda General de la Naci\u00f3n \u2013 Colombia. Garantizamos el acceso efectivo a la justicia, la verdad y la reparaci\u00f3n de las v\u00edctimas de los delitos.","og_url":"https:\/\/www.fiscalia.gov.co\/colombia\/noticias\/condenadas-cinco-personas-del-grupo-delincuencial-los-exportadores-por-trafico-de-estupefacientes-en-putumayo\/","og_site_name":"Fiscal\u00eda General de la Naci\u00f3n","article_publisher":"https:\/\/www.facebook.com\/FiscaliaCol","article_published_time":"2023-02-13T16:47:15+00:00","author":"Jordan Leandro Oviedo Anzola","twitter_card":"summary_large_image","twitter_creator":"@FiscaliaCol","twitter_site":"@FiscaliaCol","twitter_misc":{"Escrito por":"Jordan Leandro Oviedo Anzola","Tiempo de lectura":"1 minuto"},"schema":{"@context":"https:\/\/schema.org","@graph":[{"@type":"Article","@id":"https:\/\/www.fiscalia.gov.co\/colombia\/noticias\/condenadas-cinco-personas-del-grupo-delincuencial-los-exportadores-por-trafico-de-estupefacientes-en-putumayo\/#article","isPartOf":{"@id":"https:\/\/www.fiscalia.gov.co\/colombia\/noticias\/condenadas-cinco-personas-del-grupo-delincuencial-los-exportadores-por-trafico-de-estupefacientes-en-putumayo\/"},"author":{"name":"Jordan Leandro Oviedo Anzola","@id":"https:\/\/www.fiscalia.gov.co\/colombia\/#\/schema\/person\/bf84402cf293a5393e9c70b111020b24"},"headline":"Condenadas cinco personas del grupo delincuencial \u2018Los Exportadores\u2019 por tr\u00e1fico de estupefacientes en Putumayo","datePublished":"2023-02-13T16:47:15+00:00","dateModified":"2023-02-13T16:47:15+00:00","mainEntityOfPage":{"@id":"https:\/\/www.fiscalia.gov.co\/colombia\/noticias\/condenadas-cinco-personas-del-grupo-delincuencial-los-exportadores-por-trafico-de-estupefacientes-en-putumayo\/"},"wordCount":306,"publisher":{"@id":"https:\/\/www.fiscalia.gov.co\/colombia\/#organization"},"keywords":["Banda delincuencial","Comercializaci\u00f3n","Condena","Estupefacientes","Fiscal Barbosa","Fiscal\u00eda General de la Naci\u00f3n","Justicia","Los Exportadores","Putumayo","San Miguel (Putumayo)"],"articleSection":["Noticias","Seccional Mocoa","Seccionales","Tr\u00e1fico de estupefacientes"],"inLanguage":"es-CO"},{"@type":"WebPage","@id":"https:\/\/www.fiscalia.gov.co\/colombia\/noticias\/condenadas-cinco-personas-del-grupo-delincuencial-los-exportadores-por-trafico-de-estupefacientes-en-putumayo\/","url":"https:\/\/www.fiscalia.gov.co\/colombia\/noticias\/condenadas-cinco-personas-del-grupo-delincuencial-los-exportadores-por-trafico-de-estupefacientes-en-putumayo\/","name":"Fiscal\u00eda General de la Naci\u00f3n","isPartOf":{"@id":"https:\/\/www.fiscalia.gov.co\/colombia\/#website"},"datePublished":"2023-02-13T16:47:15+00:00","dateModified":"2023-02-13T16:47:15+00:00","description":"P\u00e1gina oficial de la Fiscal\u00eda General de la Naci\u00f3n \u2013 Colombia. Garantizamos el acceso efectivo a la justicia, la verdad y la reparaci\u00f3n de las v\u00edctimas de los delitos.","breadcrumb":{"@id":"https:\/\/www.fiscalia.gov.co\/colombia\/noticias\/condenadas-cinco-personas-del-grupo-delincuencial-los-exportadores-por-trafico-de-estupefacientes-en-putumayo\/#breadcrumb"},"inLanguage":"es-CO","potentialAction":[{"@type":"ReadAction","target":["https:\/\/www.fiscalia.gov.co\/colombia\/noticias\/condenadas-cinco-personas-del-grupo-delincuencial-los-exportadores-por-trafico-de-estupefacientes-en-putumayo\/"]}]},{"@type":"BreadcrumbList","@id":"https:\/\/www.fiscalia.gov.co\/colombia\/noticias\/condenadas-cinco-personas-del-grupo-delincuencial-los-exportadores-por-trafico-de-estupefacientes-en-putumayo\/#breadcrumb","itemListElement":[{"@type":"ListItem","position":1,"name":"Home","item":"https:\/\/www.fiscalia.gov.co\/colombia\/"},{"@type":"ListItem","position":2,"name":"Condenadas cinco personas del grupo delincuencial \u2018Los Exportadores\u2019 por tr\u00e1fico de estupefacientes en Putumayo"}]},{"@type":"WebSite","@id":"https:\/\/www.fiscalia.gov.co\/colombia\/#website","url":"https:\/\/www.fiscalia.gov.co\/colombia\/","name":"Fiscal\u00eda General de la Naci\u00f3n","description":"P\u00e1gina oficial de la Fiscal\u00eda General de la Naci\u00f3n \u2013 Colombia. Garantizamos el acceso efectivo a la justicia, la verdad y la reparaci\u00f3n de las v\u00edctimas de los delitos.","publisher":{"@id":"https:\/\/www.fiscalia.gov.co\/colombia\/#organization"},"potentialAction":[{"@type":"SearchAction","target":{"@type":"EntryPoint","urlTemplate":"https:\/\/www.fiscalia.gov.co\/colombia\/?s={search_term_string}"},"query-input":{"@type":"PropertyValueSpecification","valueRequired":true,"valueName":"search_term_string"}}],"inLanguage":"es-CO"},{"@type":"Organization","@id":"https:\/\/www.fiscalia.gov.co\/colombia\/#organization","name":"Fiscal\u00eda General de la Naci\u00f3n","url":"https:\/\/www.fiscalia.gov.co\/colombia\/","logo":{"@type":"ImageObject","inLanguage":"es-CO","@id":"https:\/\/www.fiscalia.gov.co\/colombia\/#\/schema\/logo\/image\/","url":"https:\/\/www.fiscalia.gov.co\/colombia\/wp-content\/uploads\/LogoHorizontal_1.jpg","contentUrl":"https:\/\/www.fiscalia.gov.co\/colombia\/wp-content\/uploads\/LogoHorizontal_1.jpg","width":300,"height":90,"caption":"Fiscal\u00eda General de la Naci\u00f3n"},"image":{"@id":"https:\/\/www.fiscalia.gov.co\/colombia\/#\/schema\/logo\/image\/"},"sameAs":["https:\/\/www.facebook.com\/FiscaliaCol","https:\/\/x.com\/FiscaliaCol","https:\/\/www.instagram.com\/fiscaliacol","https:\/\/www.linkedin.com\/company\/fiscalia-general-de-la-naci-n\/","https:\/\/youtube.com\/@fiscaliageneraldelanacion-4668?si=6nN79nyQICPU5iTh"]},{"@type":"Person","@id":"https:\/\/www.fiscalia.gov.co\/colombia\/#\/schema\/person\/bf84402cf293a5393e9c70b111020b24","name":"Jordan Leandro Oviedo Anzola","image":{"@type":"ImageObject","inLanguage":"es-CO","@id":"https:\/\/www.fiscalia.gov.co\/colombia\/#\/schema\/person\/image\/","url":"https:\/\/secure.gravatar.com\/avatar\/dabba4346fa9b9207d96adafa8f92721?s=96&d=mm&r=g","contentUrl":"https:\/\/secure.gravatar.com\/avatar\/dabba4346fa9b9207d96adafa8f92721?s=96&d=mm&r=g","caption":"Jordan Leandro Oviedo Anzola"},"url":"https:\/\/www.fiscalia.gov.co\/colombia\/author\/joviedo\/"}]}},"_links":{"self":[{"href":"https:\/\/www.fiscalia.gov.co\/colombia\/wp-json\/wp\/v2\/posts\/266314","targetHints":{"allow":["GET"]}}],"collection":[{"href":"https:\/\/www.fiscalia.gov.co\/colombia\/wp-json\/wp\/v2\/posts"}],"about":[{"href":"https:\/\/www.fiscalia.gov.co\/colombia\/wp-json\/wp\/v2\/types\/post"}],"author":[{"embeddable":true,"href":"https:\/\/www.fiscalia.gov.co\/colombia\/wp-json\/wp\/v2\/users\/177"}],"replies":[{"embeddable":true,"href":"https:\/\/www.fiscalia.gov.co\/colombia\/wp-json\/wp\/v2\/comments?post=266314"}],"version-history":[{"count":1,"href":"https:\/\/www.fiscalia.gov.co\/colombia\/wp-json\/wp\/v2\/posts\/266314\/revisions"}],"predecessor-version":[{"id":266315,"href":"https:\/\/www.fiscalia.gov.co\/colombia\/wp-json\/wp\/v2\/posts\/266314\/revisions\/266315"}],"wp:attachment":[{"href":"https:\/\/www.fiscalia.gov.co\/colombia\/wp-json\/wp\/v2\/media?parent=266314"}],"wp:term":[{"taxonomy":"category","embeddable":true,"href":"https:\/\/www.fiscalia.gov.co\/colombia\/wp-json\/wp\/v2\/categories?post=266314"},{"taxonomy":"post_tag","embeddable":true,"href":"https:\/\/www.fiscalia.gov.co\/colombia\/wp-json\/wp\/v2\/tags?post=266314"}],"curies":[{"name":"wp","href":"https:\/\/api.w.org\/{rel}","templated":true}]}}