{"id":266297,"date":"2023-02-13T09:05:19","date_gmt":"2023-02-13T14:05:19","guid":{"rendered":"https:\/\/www.fiscalia.gov.co\/colombia\/?p=266297"},"modified":"2023-02-16T11:49:59","modified_gmt":"2023-02-16T16:49:59","slug":"carcel-para-coronel-que-habria-recibido-dinero-por-alertar-sobre-los-operativos-contra-una-red-delictiva-dedicada-a-la-extraccion-ilegal-de-oro-en-choco","status":"publish","type":"post","link":"https:\/\/www.fiscalia.gov.co\/colombia\/noticias\/carcel-para-coronel-que-habria-recibido-dinero-por-alertar-sobre-los-operativos-contra-una-red-delictiva-dedicada-a-la-extraccion-ilegal-de-oro-en-choco\/","title":{"rendered":"C\u00e1rcel para coronel que habr\u00eda recibido dinero por alertar sobre los operativos contra una red delictiva dedicada a la extracci\u00f3n ilegal de oro en Choc\u00f3"},"content":{"rendered":"<h4><strong><em>La Fiscal\u00eda estableci\u00f3 que el coronel Clauder Antonio Cardona Cata\u00f1o, en su condici\u00f3n de comandante de polic\u00eda en Choc\u00f3, habr\u00eda recibido 8 millones de pesos mensuales entre agosto de 2022 y febrero de 2023.<\/em><\/strong><\/h4>\n<p>La Fiscal\u00eda General de la Naci\u00f3n, a trav\u00e9s de la Direcci\u00f3n Especializada contra las Violaciones a los Derechos Humanos, logr\u00f3 la judicializaci\u00f3n del coronel Clauder Antonio Cardona Cata\u00f1o, como posible responsable de los delitos de cohecho propio y explotaci\u00f3n il\u00edcita de yacimiento minero.<\/p>\n<p>Los elementos de prueba indican que, desde agosto de 2022, cuando asumi\u00f3 como comandante del Departamento de Polic\u00eda de Choc\u00f3, hasta el 6 de febrero del a\u00f1o en curso, \u00a0habr\u00eda recibido dineros de la estructura ilegal de alias El Gordo, uno de los se\u00f1alados mayores articuladores de la extracci\u00f3n ilegal de oro en Medio Atrato (Choc\u00f3).<\/p>\n<p>El oficial, al parecer, recibi\u00f3 mes a mes en su oficina pagos de 8 millones de pesos en efectivo por informar sobre las operaciones en contra de los entables mineros de alias El Gordo. En la investigaci\u00f3n se estableci\u00f3 que, presuntamente, alert\u00f3 sobre dos procedimientos, en uno de estos alcanz\u00f3 a ser intervenido un complejo ilegal y fue destruida maquinaria amarilla y otros elementos utilizados para la obtenci\u00f3n del metal precioso.<\/p>\n<p>Para la Fiscal\u00eda, con esta actuaci\u00f3n el coronel Cardona Cata\u00f1o puso en peligro la vida e integridad de los funcionarios que cumpl\u00edan operaciones en terreno en defensa de los recursos naturales y auspici\u00f3 una actividad il\u00edcita que acelera el deterioro de los ecosistemas de la regi\u00f3n.<\/p>\n<p>El procesado no acept\u00f3 los cargos formulados por la Fiscal\u00eda. Por disposici\u00f3n de una juez de control de garant\u00edas de Quibd\u00f3 (Choc\u00f3) deber\u00e1 cumplir medida de aseguramiento privativa de la libertad en establecimiento carcelario.<\/p>\n<p><strong>La Fiscal\u00eda habla con resultados.<\/strong><\/p>\n<p>&nbsp;<\/p>\n<p>&nbsp;<\/p>\n<p>&nbsp;<\/p>\n<p>&nbsp;<\/p>\n<p>&nbsp;<\/p>\n<p>JARG\/MLYB\/DECVDH\/MCRC.<\/p>\n<p>&nbsp;<\/p>\n<p>&nbsp;<\/p>\n<p>&nbsp;<\/p>\n<p>&nbsp;<\/p>\n<p>&nbsp;<\/p>\n<div class=\"td-post-content tagdiv-type\">\n<div class=\"td-post-content tagdiv-type\">\n<div class=\"td-post-content tagdiv-type\">\n<div class=\"td-post-content tagdiv-type\">\n<div class=\"td-post-content tagdiv-type\">\n<div class=\"td-post-content tagdiv-type\">\n<p><em>La informaci\u00f3n contenida en este bolet\u00edn de prensa corresponde a la narraci\u00f3n de los hechos noticiosos objetivos, y las investigaciones penales al interior de la Fiscal\u00eda General de la Naci\u00f3n. Para el momento de la divulgaci\u00f3n de este comunicado, la situaci\u00f3n jur\u00eddica de la(s) persona(s) relacionada(s) se encuentra pendiente de resolver por la autoridad judicial competente, siempre bajo los preceptos de la presunci\u00f3n de inocencia, consagrados en el art\u00edculo 29 de la Constituci\u00f3n Pol\u00edtica y el art\u00edculo 7\u00ba de la Ley 906 de 2004.<\/em><\/p>\n<\/div>\n<\/div>\n<\/div>\n<\/div>\n<\/div>\n<\/div>\n\n<div class=\"twitter-share\"><a href=\"https:\/\/twitter.com\/intent\/tweet?via=fiscaliacol\" class=\"twitter-share-button\">Tweet<\/a><\/div>\n","protected":false},"excerpt":{"rendered":"<p>La Fiscal\u00eda estableci\u00f3 que el coronel Clauder Antonio Cardona Cata\u00f1o, en su condici\u00f3n de comandante de polic\u00eda en Choc\u00f3, habr\u00eda recibido 8 millones de pesos mensuales entre agosto de 2022 y febrero de 2023. La Fiscal\u00eda General de la Naci\u00f3n, a trav\u00e9s de la Direcci\u00f3n Especializada contra las Violaciones a los Derechos Humanos, logr\u00f3 la [&hellip;]<\/p>\n","protected":false},"author":177,"featured_media":0,"comment_status":"closed","ping_status":"open","sticky":false,"template":"","format":"video","meta":{"tdm_status":"","tdm_grid_status":"","footnotes":""},"categories":[24102,1],"tags":[2110,1050,24185,1047,1365,14379,32324],"class_list":{"0":"post-266297","1":"post","2":"type-post","3":"status-publish","4":"format-video","6":"category-derechos-humanos","7":"category-noticias","8":"tag-choco","9":"tag-derechoa-humanos","10":"tag-fiscal-barbosa","11":"tag-fiscalia-general-de-la-nacion","12":"tag-mineria-ilegal","13":"tag-oro","14":"tag-red-delictiva","15":"post_format-post-format-video"},"yoast_head":"<!-- This site is optimized with the Yoast SEO plugin v24.3 - https:\/\/yoast.com\/wordpress\/plugins\/seo\/ -->\n<title>Fiscal\u00eda General de la Naci\u00f3n<\/title>\n<meta name=\"description\" content=\"P\u00e1gina oficial de la Fiscal\u00eda General de la Naci\u00f3n \u2013 Colombia. Garantizamos el acceso efectivo a la justicia, la verdad y la reparaci\u00f3n de las v\u00edctimas de los delitos.\" \/>\n<meta name=\"robots\" content=\"noindex, follow\" \/>\n<meta property=\"og:locale\" content=\"es_ES\" \/>\n<meta property=\"og:type\" content=\"article\" \/>\n<meta property=\"og:title\" content=\"Fiscal\u00eda General de la Naci\u00f3n\" \/>\n<meta property=\"og:description\" content=\"P\u00e1gina oficial de la Fiscal\u00eda General de la Naci\u00f3n \u2013 Colombia. Garantizamos el acceso efectivo a la justicia, la verdad y la reparaci\u00f3n de las v\u00edctimas de los delitos.\" \/>\n<meta property=\"og:url\" content=\"https:\/\/www.fiscalia.gov.co\/colombia\/noticias\/carcel-para-coronel-que-habria-recibido-dinero-por-alertar-sobre-los-operativos-contra-una-red-delictiva-dedicada-a-la-extraccion-ilegal-de-oro-en-choco\/\" \/>\n<meta property=\"og:site_name\" content=\"Fiscal\u00eda General de la Naci\u00f3n\" \/>\n<meta property=\"article:publisher\" content=\"https:\/\/www.facebook.com\/FiscaliaCol\" \/>\n<meta property=\"article:published_time\" content=\"2023-02-13T14:05:19+00:00\" \/>\n<meta property=\"article:modified_time\" content=\"2023-02-16T16:49:59+00:00\" \/>\n<meta name=\"author\" content=\"Jordan Leandro Oviedo Anzola\" \/>\n<meta name=\"twitter:card\" content=\"summary_large_image\" \/>\n<meta name=\"twitter:creator\" content=\"@FiscaliaCol\" \/>\n<meta name=\"twitter:site\" content=\"@FiscaliaCol\" \/>\n<meta name=\"twitter:label1\" content=\"Escrito por\" \/>\n\t<meta name=\"twitter:data1\" content=\"Jordan Leandro Oviedo Anzola\" \/>\n\t<meta name=\"twitter:label2\" content=\"Tiempo de lectura\" \/>\n\t<meta name=\"twitter:data2\" content=\"2 minutos\" \/>\n<script type=\"application\/ld+json\" class=\"yoast-schema-graph\">{\"@context\":\"https:\/\/schema.org\",\"@graph\":[{\"@type\":\"Article\",\"@id\":\"https:\/\/www.fiscalia.gov.co\/colombia\/noticias\/carcel-para-coronel-que-habria-recibido-dinero-por-alertar-sobre-los-operativos-contra-una-red-delictiva-dedicada-a-la-extraccion-ilegal-de-oro-en-choco\/#article\",\"isPartOf\":{\"@id\":\"https:\/\/www.fiscalia.gov.co\/colombia\/noticias\/carcel-para-coronel-que-habria-recibido-dinero-por-alertar-sobre-los-operativos-contra-una-red-delictiva-dedicada-a-la-extraccion-ilegal-de-oro-en-choco\/\"},\"author\":{\"name\":\"Jordan Leandro Oviedo Anzola\",\"@id\":\"https:\/\/www.fiscalia.gov.co\/colombia\/#\/schema\/person\/bf84402cf293a5393e9c70b111020b24\"},\"headline\":\"C\u00e1rcel para coronel que habr\u00eda recibido dinero por alertar sobre los operativos contra una red delictiva dedicada a la extracci\u00f3n ilegal de oro en Choc\u00f3\",\"datePublished\":\"2023-02-13T14:05:19+00:00\",\"dateModified\":\"2023-02-16T16:49:59+00:00\",\"mainEntityOfPage\":{\"@id\":\"https:\/\/www.fiscalia.gov.co\/colombia\/noticias\/carcel-para-coronel-que-habria-recibido-dinero-por-alertar-sobre-los-operativos-contra-una-red-delictiva-dedicada-a-la-extraccion-ilegal-de-oro-en-choco\/\"},\"wordCount\":451,\"publisher\":{\"@id\":\"https:\/\/www.fiscalia.gov.co\/colombia\/#organization\"},\"keywords\":[\"Choc\u00f3\",\"Derechos Humanos\",\"Fiscal Barbosa\",\"Fiscal\u00eda General de la Naci\u00f3n\",\"Miner\u00eda ilegal\",\"Oro\",\"red delictiva\"],\"articleSection\":[\"Derechos Humanos\",\"Noticias\"],\"inLanguage\":\"es-CO\"},{\"@type\":\"WebPage\",\"@id\":\"https:\/\/www.fiscalia.gov.co\/colombia\/noticias\/carcel-para-coronel-que-habria-recibido-dinero-por-alertar-sobre-los-operativos-contra-una-red-delictiva-dedicada-a-la-extraccion-ilegal-de-oro-en-choco\/\",\"url\":\"https:\/\/www.fiscalia.gov.co\/colombia\/noticias\/carcel-para-coronel-que-habria-recibido-dinero-por-alertar-sobre-los-operativos-contra-una-red-delictiva-dedicada-a-la-extraccion-ilegal-de-oro-en-choco\/\",\"name\":\"Fiscal\u00eda General de la Naci\u00f3n\",\"isPartOf\":{\"@id\":\"https:\/\/www.fiscalia.gov.co\/colombia\/#website\"},\"datePublished\":\"2023-02-13T14:05:19+00:00\",\"dateModified\":\"2023-02-16T16:49:59+00:00\",\"description\":\"P\u00e1gina oficial de la Fiscal\u00eda General de la Naci\u00f3n \u2013 Colombia. Garantizamos el acceso efectivo a la justicia, la verdad y la reparaci\u00f3n de las v\u00edctimas de los delitos.\",\"breadcrumb\":{\"@id\":\"https:\/\/www.fiscalia.gov.co\/colombia\/noticias\/carcel-para-coronel-que-habria-recibido-dinero-por-alertar-sobre-los-operativos-contra-una-red-delictiva-dedicada-a-la-extraccion-ilegal-de-oro-en-choco\/#breadcrumb\"},\"inLanguage\":\"es-CO\",\"potentialAction\":[{\"@type\":\"ReadAction\",\"target\":[\"https:\/\/www.fiscalia.gov.co\/colombia\/noticias\/carcel-para-coronel-que-habria-recibido-dinero-por-alertar-sobre-los-operativos-contra-una-red-delictiva-dedicada-a-la-extraccion-ilegal-de-oro-en-choco\/\"]}]},{\"@type\":\"BreadcrumbList\",\"@id\":\"https:\/\/www.fiscalia.gov.co\/colombia\/noticias\/carcel-para-coronel-que-habria-recibido-dinero-por-alertar-sobre-los-operativos-contra-una-red-delictiva-dedicada-a-la-extraccion-ilegal-de-oro-en-choco\/#breadcrumb\",\"itemListElement\":[{\"@type\":\"ListItem\",\"position\":1,\"name\":\"Home\",\"item\":\"https:\/\/www.fiscalia.gov.co\/colombia\/\"},{\"@type\":\"ListItem\",\"position\":2,\"name\":\"C\u00e1rcel para coronel que habr\u00eda recibido dinero por alertar sobre los operativos contra una red delictiva dedicada a la extracci\u00f3n ilegal de oro en Choc\u00f3\"}]},{\"@type\":\"WebSite\",\"@id\":\"https:\/\/www.fiscalia.gov.co\/colombia\/#website\",\"url\":\"https:\/\/www.fiscalia.gov.co\/colombia\/\",\"name\":\"Fiscal\u00eda General de la Naci\u00f3n\",\"description\":\"P\u00e1gina oficial de la Fiscal\u00eda General de la Naci\u00f3n \u2013 Colombia. Garantizamos el acceso efectivo a la justicia, la verdad y la reparaci\u00f3n de las v\u00edctimas de los delitos.\",\"publisher\":{\"@id\":\"https:\/\/www.fiscalia.gov.co\/colombia\/#organization\"},\"potentialAction\":[{\"@type\":\"SearchAction\",\"target\":{\"@type\":\"EntryPoint\",\"urlTemplate\":\"https:\/\/www.fiscalia.gov.co\/colombia\/?s={search_term_string}\"},\"query-input\":{\"@type\":\"PropertyValueSpecification\",\"valueRequired\":true,\"valueName\":\"search_term_string\"}}],\"inLanguage\":\"es-CO\"},{\"@type\":\"Organization\",\"@id\":\"https:\/\/www.fiscalia.gov.co\/colombia\/#organization\",\"name\":\"Fiscal\u00eda General de la Naci\u00f3n\",\"url\":\"https:\/\/www.fiscalia.gov.co\/colombia\/\",\"logo\":{\"@type\":\"ImageObject\",\"inLanguage\":\"es-CO\",\"@id\":\"https:\/\/www.fiscalia.gov.co\/colombia\/#\/schema\/logo\/image\/\",\"url\":\"https:\/\/www.fiscalia.gov.co\/colombia\/wp-content\/uploads\/LogoHorizontal_1.jpg\",\"contentUrl\":\"https:\/\/www.fiscalia.gov.co\/colombia\/wp-content\/uploads\/LogoHorizontal_1.jpg\",\"width\":300,\"height\":90,\"caption\":\"Fiscal\u00eda General de la Naci\u00f3n\"},\"image\":{\"@id\":\"https:\/\/www.fiscalia.gov.co\/colombia\/#\/schema\/logo\/image\/\"},\"sameAs\":[\"https:\/\/www.facebook.com\/FiscaliaCol\",\"https:\/\/x.com\/FiscaliaCol\",\"https:\/\/www.instagram.com\/fiscaliacol\",\"https:\/\/www.linkedin.com\/company\/fiscalia-general-de-la-naci-n\/\",\"https:\/\/youtube.com\/@fiscaliageneraldelanacion-4668?si=6nN79nyQICPU5iTh\"]},{\"@type\":\"Person\",\"@id\":\"https:\/\/www.fiscalia.gov.co\/colombia\/#\/schema\/person\/bf84402cf293a5393e9c70b111020b24\",\"name\":\"Jordan Leandro Oviedo Anzola\",\"image\":{\"@type\":\"ImageObject\",\"inLanguage\":\"es-CO\",\"@id\":\"https:\/\/www.fiscalia.gov.co\/colombia\/#\/schema\/person\/image\/\",\"url\":\"https:\/\/secure.gravatar.com\/avatar\/dabba4346fa9b9207d96adafa8f92721?s=96&d=mm&r=g\",\"contentUrl\":\"https:\/\/secure.gravatar.com\/avatar\/dabba4346fa9b9207d96adafa8f92721?s=96&d=mm&r=g\",\"caption\":\"Jordan Leandro Oviedo Anzola\"},\"url\":\"https:\/\/www.fiscalia.gov.co\/colombia\/author\/joviedo\/\"}]}<\/script>\n<!-- \/ Yoast SEO plugin. -->","yoast_head_json":{"title":"Fiscal\u00eda General de la Naci\u00f3n","description":"P\u00e1gina oficial de la Fiscal\u00eda General de la Naci\u00f3n \u2013 Colombia. Garantizamos el acceso efectivo a la justicia, la verdad y la reparaci\u00f3n de las v\u00edctimas de los delitos.","robots":{"index":"noindex","follow":"follow"},"og_locale":"es_ES","og_type":"article","og_title":"Fiscal\u00eda General de la Naci\u00f3n","og_description":"P\u00e1gina oficial de la Fiscal\u00eda General de la Naci\u00f3n \u2013 Colombia. Garantizamos el acceso efectivo a la justicia, la verdad y la reparaci\u00f3n de las v\u00edctimas de los delitos.","og_url":"https:\/\/www.fiscalia.gov.co\/colombia\/noticias\/carcel-para-coronel-que-habria-recibido-dinero-por-alertar-sobre-los-operativos-contra-una-red-delictiva-dedicada-a-la-extraccion-ilegal-de-oro-en-choco\/","og_site_name":"Fiscal\u00eda General de la Naci\u00f3n","article_publisher":"https:\/\/www.facebook.com\/FiscaliaCol","article_published_time":"2023-02-13T14:05:19+00:00","article_modified_time":"2023-02-16T16:49:59+00:00","author":"Jordan Leandro Oviedo Anzola","twitter_card":"summary_large_image","twitter_creator":"@FiscaliaCol","twitter_site":"@FiscaliaCol","twitter_misc":{"Escrito por":"Jordan Leandro Oviedo Anzola","Tiempo de lectura":"2 minutos"},"schema":{"@context":"https:\/\/schema.org","@graph":[{"@type":"Article","@id":"https:\/\/www.fiscalia.gov.co\/colombia\/noticias\/carcel-para-coronel-que-habria-recibido-dinero-por-alertar-sobre-los-operativos-contra-una-red-delictiva-dedicada-a-la-extraccion-ilegal-de-oro-en-choco\/#article","isPartOf":{"@id":"https:\/\/www.fiscalia.gov.co\/colombia\/noticias\/carcel-para-coronel-que-habria-recibido-dinero-por-alertar-sobre-los-operativos-contra-una-red-delictiva-dedicada-a-la-extraccion-ilegal-de-oro-en-choco\/"},"author":{"name":"Jordan Leandro Oviedo Anzola","@id":"https:\/\/www.fiscalia.gov.co\/colombia\/#\/schema\/person\/bf84402cf293a5393e9c70b111020b24"},"headline":"C\u00e1rcel para coronel que habr\u00eda recibido dinero por alertar sobre los operativos contra una red delictiva dedicada a la extracci\u00f3n ilegal de oro en Choc\u00f3","datePublished":"2023-02-13T14:05:19+00:00","dateModified":"2023-02-16T16:49:59+00:00","mainEntityOfPage":{"@id":"https:\/\/www.fiscalia.gov.co\/colombia\/noticias\/carcel-para-coronel-que-habria-recibido-dinero-por-alertar-sobre-los-operativos-contra-una-red-delictiva-dedicada-a-la-extraccion-ilegal-de-oro-en-choco\/"},"wordCount":451,"publisher":{"@id":"https:\/\/www.fiscalia.gov.co\/colombia\/#organization"},"keywords":["Choc\u00f3","Derechos Humanos","Fiscal Barbosa","Fiscal\u00eda General de la Naci\u00f3n","Miner\u00eda ilegal","Oro","red delictiva"],"articleSection":["Derechos Humanos","Noticias"],"inLanguage":"es-CO"},{"@type":"WebPage","@id":"https:\/\/www.fiscalia.gov.co\/colombia\/noticias\/carcel-para-coronel-que-habria-recibido-dinero-por-alertar-sobre-los-operativos-contra-una-red-delictiva-dedicada-a-la-extraccion-ilegal-de-oro-en-choco\/","url":"https:\/\/www.fiscalia.gov.co\/colombia\/noticias\/carcel-para-coronel-que-habria-recibido-dinero-por-alertar-sobre-los-operativos-contra-una-red-delictiva-dedicada-a-la-extraccion-ilegal-de-oro-en-choco\/","name":"Fiscal\u00eda General de la Naci\u00f3n","isPartOf":{"@id":"https:\/\/www.fiscalia.gov.co\/colombia\/#website"},"datePublished":"2023-02-13T14:05:19+00:00","dateModified":"2023-02-16T16:49:59+00:00","description":"P\u00e1gina oficial de la Fiscal\u00eda General de la Naci\u00f3n \u2013 Colombia. Garantizamos el acceso efectivo a la justicia, la verdad y la reparaci\u00f3n de las v\u00edctimas de los delitos.","breadcrumb":{"@id":"https:\/\/www.fiscalia.gov.co\/colombia\/noticias\/carcel-para-coronel-que-habria-recibido-dinero-por-alertar-sobre-los-operativos-contra-una-red-delictiva-dedicada-a-la-extraccion-ilegal-de-oro-en-choco\/#breadcrumb"},"inLanguage":"es-CO","potentialAction":[{"@type":"ReadAction","target":["https:\/\/www.fiscalia.gov.co\/colombia\/noticias\/carcel-para-coronel-que-habria-recibido-dinero-por-alertar-sobre-los-operativos-contra-una-red-delictiva-dedicada-a-la-extraccion-ilegal-de-oro-en-choco\/"]}]},{"@type":"BreadcrumbList","@id":"https:\/\/www.fiscalia.gov.co\/colombia\/noticias\/carcel-para-coronel-que-habria-recibido-dinero-por-alertar-sobre-los-operativos-contra-una-red-delictiva-dedicada-a-la-extraccion-ilegal-de-oro-en-choco\/#breadcrumb","itemListElement":[{"@type":"ListItem","position":1,"name":"Home","item":"https:\/\/www.fiscalia.gov.co\/colombia\/"},{"@type":"ListItem","position":2,"name":"C\u00e1rcel para coronel que habr\u00eda recibido dinero por alertar sobre los operativos contra una red delictiva dedicada a la extracci\u00f3n ilegal de oro en Choc\u00f3"}]},{"@type":"WebSite","@id":"https:\/\/www.fiscalia.gov.co\/colombia\/#website","url":"https:\/\/www.fiscalia.gov.co\/colombia\/","name":"Fiscal\u00eda General de la Naci\u00f3n","description":"P\u00e1gina oficial de la Fiscal\u00eda General de la Naci\u00f3n \u2013 Colombia. Garantizamos el acceso efectivo a la justicia, la verdad y la reparaci\u00f3n de las v\u00edctimas de los delitos.","publisher":{"@id":"https:\/\/www.fiscalia.gov.co\/colombia\/#organization"},"potentialAction":[{"@type":"SearchAction","target":{"@type":"EntryPoint","urlTemplate":"https:\/\/www.fiscalia.gov.co\/colombia\/?s={search_term_string}"},"query-input":{"@type":"PropertyValueSpecification","valueRequired":true,"valueName":"search_term_string"}}],"inLanguage":"es-CO"},{"@type":"Organization","@id":"https:\/\/www.fiscalia.gov.co\/colombia\/#organization","name":"Fiscal\u00eda General de la Naci\u00f3n","url":"https:\/\/www.fiscalia.gov.co\/colombia\/","logo":{"@type":"ImageObject","inLanguage":"es-CO","@id":"https:\/\/www.fiscalia.gov.co\/colombia\/#\/schema\/logo\/image\/","url":"https:\/\/www.fiscalia.gov.co\/colombia\/wp-content\/uploads\/LogoHorizontal_1.jpg","contentUrl":"https:\/\/www.fiscalia.gov.co\/colombia\/wp-content\/uploads\/LogoHorizontal_1.jpg","width":300,"height":90,"caption":"Fiscal\u00eda General de la Naci\u00f3n"},"image":{"@id":"https:\/\/www.fiscalia.gov.co\/colombia\/#\/schema\/logo\/image\/"},"sameAs":["https:\/\/www.facebook.com\/FiscaliaCol","https:\/\/x.com\/FiscaliaCol","https:\/\/www.instagram.com\/fiscaliacol","https:\/\/www.linkedin.com\/company\/fiscalia-general-de-la-naci-n\/","https:\/\/youtube.com\/@fiscaliageneraldelanacion-4668?si=6nN79nyQICPU5iTh"]},{"@type":"Person","@id":"https:\/\/www.fiscalia.gov.co\/colombia\/#\/schema\/person\/bf84402cf293a5393e9c70b111020b24","name":"Jordan Leandro Oviedo Anzola","image":{"@type":"ImageObject","inLanguage":"es-CO","@id":"https:\/\/www.fiscalia.gov.co\/colombia\/#\/schema\/person\/image\/","url":"https:\/\/secure.gravatar.com\/avatar\/dabba4346fa9b9207d96adafa8f92721?s=96&d=mm&r=g","contentUrl":"https:\/\/secure.gravatar.com\/avatar\/dabba4346fa9b9207d96adafa8f92721?s=96&d=mm&r=g","caption":"Jordan Leandro Oviedo Anzola"},"url":"https:\/\/www.fiscalia.gov.co\/colombia\/author\/joviedo\/"}]}},"_links":{"self":[{"href":"https:\/\/www.fiscalia.gov.co\/colombia\/wp-json\/wp\/v2\/posts\/266297","targetHints":{"allow":["GET"]}}],"collection":[{"href":"https:\/\/www.fiscalia.gov.co\/colombia\/wp-json\/wp\/v2\/posts"}],"about":[{"href":"https:\/\/www.fiscalia.gov.co\/colombia\/wp-json\/wp\/v2\/types\/post"}],"author":[{"embeddable":true,"href":"https:\/\/www.fiscalia.gov.co\/colombia\/wp-json\/wp\/v2\/users\/177"}],"replies":[{"embeddable":true,"href":"https:\/\/www.fiscalia.gov.co\/colombia\/wp-json\/wp\/v2\/comments?post=266297"}],"version-history":[{"count":1,"href":"https:\/\/www.fiscalia.gov.co\/colombia\/wp-json\/wp\/v2\/posts\/266297\/revisions"}],"predecessor-version":[{"id":266298,"href":"https:\/\/www.fiscalia.gov.co\/colombia\/wp-json\/wp\/v2\/posts\/266297\/revisions\/266298"}],"wp:attachment":[{"href":"https:\/\/www.fiscalia.gov.co\/colombia\/wp-json\/wp\/v2\/media?parent=266297"}],"wp:term":[{"taxonomy":"category","embeddable":true,"href":"https:\/\/www.fiscalia.gov.co\/colombia\/wp-json\/wp\/v2\/categories?post=266297"},{"taxonomy":"post_tag","embeddable":true,"href":"https:\/\/www.fiscalia.gov.co\/colombia\/wp-json\/wp\/v2\/tags?post=266297"}],"curies":[{"name":"wp","href":"https:\/\/api.w.org\/{rel}","templated":true}]}}