{"id":266250,"date":"2023-02-10T17:11:07","date_gmt":"2023-02-10T22:11:07","guid":{"rendered":"https:\/\/www.fiscalia.gov.co\/colombia\/?p=266250"},"modified":"2023-02-10T17:11:07","modified_gmt":"2023-02-10T22:11:07","slug":"fiscalia-judicializo-a-dos-hombres-presuntamente-implicados-en-violencia-contra-sus-ex-companeras-sentimentales","status":"publish","type":"post","link":"https:\/\/www.fiscalia.gov.co\/colombia\/noticias\/fiscalia-judicializo-a-dos-hombres-presuntamente-implicados-en-violencia-contra-sus-ex-companeras-sentimentales\/","title":{"rendered":"Fiscal\u00eda judicializ\u00f3 a dos hombres presuntamente implicados en violencia contra sus ex compa\u00f1eras sentimentales"},"content":{"rendered":"<p>En hechos distintos, dos hombres que presuntamente agredieron a sus ex parejas sentimentales fueron enviados a la c\u00e1rcel por petici\u00f3n de fiscales seccionales en Cartagena.<\/p>\n<p>El primer caso ocurri\u00f3 el 3 de febrero, en el barrio Villa del Carmen de Cartagena (Bol\u00edvar), donde fue capturado en flagrancia por uniformados de la Polic\u00eda Nacional un hombre de 63 a\u00f1os, cuando al parecer en estado de embriaguez, agred\u00eda f\u00edsicamente a su hija, quien se encuentra en estado embaraz\u00f3 y a su excompa\u00f1era permanente.<\/p>\n<p>Asimismo, el 27 de agosto de 2022, en el barrio Policarpa de esa ciudad, un hombre de 39 a\u00f1os, habr\u00eda golpeado el rostro y cuerpo de su exmujer de 23, porque esta se encontraba en la playa con una amiga. Se presume que el procesado de manera violenta, igualmente la desvisti\u00f3 para comprobar que no hubiese tenido relaciones sexuales con otro hombre.<\/p>\n<p>Esta persona fue capturada mediante orden judicial el pasado 2 de febrero por la Polic\u00eda Nacional.<\/p>\n<p>Durante las audiencias concentradas, ninguno de los procesados acept\u00f3 su responsabilidad en el delito de violencia intrafamiliar agravada imputado por el ente acusador y por disposici\u00f3n del juez de control de garant\u00edas, la reclusi\u00f3n de ambos se llevar\u00e1 a cabo en la c\u00e1rcel Ternera de La Heroica.<\/p>\n<p>Esta informaci\u00f3n se publica por razones de inter\u00e9s general.<\/p>\n<p><b>La Fiscal\u00eda habla con resultados.<\/b><\/p>\n<p>&nbsp;<\/p>\n<p>MEVA\/MG\/GM\/VS\/DSB<\/p>\n<p>&nbsp;<\/p>\n<p>&nbsp;<\/p>\n<p>&nbsp;<\/p>\n<p>&nbsp;<\/p>\n<p><em><b><span lang=\"ES\">Le puede interesar:<\/span><\/b><\/em><\/p>\n<p><em><b><span lang=\"ES\">\u00a0<\/span><\/b><\/em><\/p>\n<p><a title=\"C\u00e1rcel para presunto responsable de agredir f\u00edsica y sexualmente a su compa\u00f1era sentimental\" href=\"https:\/\/www.fiscalia.gov.co\/colombia\/noticias\/carcel-para-presunto-responsable-de-agredir-fisica-y-sexualmente-a-su-companera-sentimental\/\" target=\"_blank\" rel=\"noopener\" data-saferedirecturl=\"https:\/\/www.google.com\/url?q=https:\/\/www.fiscalia.gov.co\/colombia\/noticias\/carcel-para-presunto-responsable-de-agredir-fisica-y-sexualmente-a-su-companera-sentimental\/&amp;source=gmail&amp;ust=1676151028366000&amp;usg=AOvVaw0DJxEWX6IQnycm_St5EPfL\">C\u00e1rcel para presunto responsable de agredir f\u00edsica y sexualmente a su compa\u00f1era sentimental<\/a><\/p>\n<p>&nbsp;<\/p>\n<p><a title=\"A la c\u00e1rcel un hombre, quien agredi\u00f3 verbal y f\u00edsicamente a su compa\u00f1era sentimental, provocandole lesiones en su cuerpo\" href=\"https:\/\/www.fiscalia.gov.co\/colombia\/noticias\/a-la-carcel-un-hombre-quien-agredio-verbal-y-fisicamente-a-su-companera-sentimental-provocandole-lesiones-en-su-cuerpo\/\" target=\"_blank\" rel=\"noopener\" data-saferedirecturl=\"https:\/\/www.google.com\/url?q=https:\/\/www.fiscalia.gov.co\/colombia\/noticias\/a-la-carcel-un-hombre-quien-agredio-verbal-y-fisicamente-a-su-companera-sentimental-provocandole-lesiones-en-su-cuerpo\/&amp;source=gmail&amp;ust=1676151028366000&amp;usg=AOvVaw0YiCixnqdJdG4SNtxYmmG1\">A la c\u00e1rcel un hombre, quien agredi\u00f3 verbal y f\u00edsicamente a su compa\u00f1era sentimental, provoc\u00e1ndole lesiones en su cuerpo<\/a><\/p>\n<p>&nbsp;<\/p>\n<p>&nbsp;<\/p>\n<p>&nbsp;<\/p>\n<p><em><span lang=\"ES\">La informaci\u00f3n contenida en este bolet\u00edn de prensa corresponde a la narraci\u00f3n de los hechos noticiosos objetivos, suministrados por los funcionarios encargados de adelantar las investigaciones penales al interior de la Fiscal\u00eda General de la Naci\u00f3n. Para el momento de la divulgaci\u00f3n de este comunicado, la situaci\u00f3n jur\u00eddica de la(s) persona(s) relacionada(s) se encuentra pendiente de resolver por la autoridad judicial competente, siempre bajo los preceptos de la presunci\u00f3n de inocencia, consagrados en el art\u00edculo 29 de la Constituci\u00f3n Pol\u00edtica y el art\u00edculo 7\u00ba de la Ley 906 de 2004.<\/span><\/em><\/p>\n<p>&nbsp;<\/p>\n\n<div class=\"twitter-share\"><a href=\"https:\/\/twitter.com\/intent\/tweet?via=fiscaliacol\" class=\"twitter-share-button\">Tweet<\/a><\/div>\n","protected":false},"excerpt":{"rendered":"<p>En hechos distintos, dos hombres que presuntamente agredieron a sus ex parejas sentimentales fueron enviados a la c\u00e1rcel por petici\u00f3n de fiscales seccionales en Cartagena. El primer caso ocurri\u00f3 el 3 de febrero, en el barrio Villa del Carmen de Cartagena (Bol\u00edvar), donde fue capturado en flagrancia por uniformados de la Polic\u00eda Nacional un hombre [&hellip;]<\/p>\n","protected":false},"author":178,"featured_media":0,"comment_status":"closed","ping_status":"open","sticky":false,"template":"","format":"standard","meta":{"_price":"","_stock":"","_tribe_ticket_header":"","_tribe_default_ticket_provider":"","_tribe_ticket_capacity":"0","_ticket_start_date":"","_ticket_end_date":"","_tribe_ticket_show_description":"","_tribe_ticket_show_not_going":false,"_tribe_ticket_use_global_stock":"","_tribe_ticket_global_stock_level":"","_global_stock_mode":"","_global_stock_cap":"","_tribe_rsvp_for_event":"","_tribe_ticket_going_count":"","_tribe_ticket_not_going_count":"","_tribe_tickets_list":"[]","_tribe_ticket_has_attendee_info_fields":false,"tdm_status":"","tdm_grid_status":"","footnotes":""},"categories":[1,325,303,24127],"tags":[14550,23819,23998,24187,33215,1185,558,27651],"class_list":{"0":"post-266250","1":"post","2":"type-post","3":"status-publish","4":"format-standard","6":"category-noticias","7":"category-seccional-cartagena","8":"category-seccionales","9":"category-violencia-sexual-e-intrafamiliar","10":"tag-carcel","11":"tag-cartagena","12":"tag-cartagena-bolivar","13":"tag-fiscalia-colombia","14":"tag-iscalia-general-de-la-nacion","15":"tag-medida-de-aseguramiento","16":"tag-policia-nacional","17":"tag-violencia-intrafamiliar-agravado"},"yoast_head":"<!-- This site is optimized with the Yoast SEO plugin v24.3 - https:\/\/yoast.com\/wordpress\/plugins\/seo\/ -->\n<title>Fiscal\u00eda General de la Naci\u00f3n<\/title>\n<meta name=\"description\" content=\"P\u00e1gina oficial de la Fiscal\u00eda General de la Naci\u00f3n \u2013 Colombia. Garantizamos el acceso efectivo a la justicia, la verdad y la reparaci\u00f3n de las v\u00edctimas de los delitos.\" \/>\n<meta name=\"robots\" content=\"noindex, follow\" \/>\n<meta property=\"og:locale\" content=\"es_ES\" \/>\n<meta property=\"og:type\" content=\"article\" \/>\n<meta property=\"og:title\" content=\"Fiscal\u00eda General de la Naci\u00f3n\" \/>\n<meta property=\"og:description\" content=\"P\u00e1gina oficial de la Fiscal\u00eda General de la Naci\u00f3n \u2013 Colombia. Garantizamos el acceso efectivo a la justicia, la verdad y la reparaci\u00f3n de las v\u00edctimas de los delitos.\" \/>\n<meta property=\"og:url\" content=\"https:\/\/www.fiscalia.gov.co\/colombia\/noticias\/fiscalia-judicializo-a-dos-hombres-presuntamente-implicados-en-violencia-contra-sus-ex-companeras-sentimentales\/\" \/>\n<meta property=\"og:site_name\" content=\"Fiscal\u00eda General de la Naci\u00f3n\" \/>\n<meta property=\"article:publisher\" content=\"https:\/\/www.facebook.com\/FiscaliaCol\" \/>\n<meta property=\"article:published_time\" content=\"2023-02-10T22:11:07+00:00\" \/>\n<meta name=\"author\" content=\"Winnie Geraldine Rodr\u00edguez Navarrete\" \/>\n<meta name=\"twitter:card\" content=\"summary_large_image\" \/>\n<meta name=\"twitter:creator\" content=\"@FiscaliaCol\" \/>\n<meta name=\"twitter:site\" content=\"@FiscaliaCol\" \/>\n<meta name=\"twitter:label1\" content=\"Escrito por\" \/>\n\t<meta name=\"twitter:data1\" content=\"Winnie Geraldine Rodr\u00edguez Navarrete\" \/>\n\t<meta name=\"twitter:label2\" content=\"Tiempo de lectura\" \/>\n\t<meta name=\"twitter:data2\" content=\"2 minutos\" \/>\n<script type=\"application\/ld+json\" class=\"yoast-schema-graph\">{\"@context\":\"https:\/\/schema.org\",\"@graph\":[{\"@type\":\"Article\",\"@id\":\"https:\/\/www.fiscalia.gov.co\/colombia\/noticias\/fiscalia-judicializo-a-dos-hombres-presuntamente-implicados-en-violencia-contra-sus-ex-companeras-sentimentales\/#article\",\"isPartOf\":{\"@id\":\"https:\/\/www.fiscalia.gov.co\/colombia\/noticias\/fiscalia-judicializo-a-dos-hombres-presuntamente-implicados-en-violencia-contra-sus-ex-companeras-sentimentales\/\"},\"author\":{\"name\":\"Winnie Geraldine Rodr\u00edguez Navarrete\",\"@id\":\"https:\/\/www.fiscalia.gov.co\/colombia\/#\/schema\/person\/176195b99ebab0a52aafa15197e1bf80\"},\"headline\":\"Fiscal\u00eda judicializ\u00f3 a dos hombres presuntamente implicados en violencia contra sus ex compa\u00f1eras sentimentales\",\"datePublished\":\"2023-02-10T22:11:07+00:00\",\"dateModified\":\"2023-02-10T22:11:07+00:00\",\"mainEntityOfPage\":{\"@id\":\"https:\/\/www.fiscalia.gov.co\/colombia\/noticias\/fiscalia-judicializo-a-dos-hombres-presuntamente-implicados-en-violencia-contra-sus-ex-companeras-sentimentales\/\"},\"wordCount\":406,\"publisher\":{\"@id\":\"https:\/\/www.fiscalia.gov.co\/colombia\/#organization\"},\"keywords\":[\"C\u00e1rcel\",\"Cartagena\",\"Cartagena (Bol\u00edvar)\",\"Fiscal\u00eda Colombia\",\"iscal\u00eda General de la Naci\u00f3n\",\"Medida de aseguramiento\",\"Polic\u00eda Nacional\",\"violencia intrafamiliar agravado\"],\"articleSection\":[\"Noticias\",\"Seccional Cartagena\",\"Seccionales\",\"Violencia sexual e intrafamiliar\"],\"inLanguage\":\"es-CO\"},{\"@type\":\"WebPage\",\"@id\":\"https:\/\/www.fiscalia.gov.co\/colombia\/noticias\/fiscalia-judicializo-a-dos-hombres-presuntamente-implicados-en-violencia-contra-sus-ex-companeras-sentimentales\/\",\"url\":\"https:\/\/www.fiscalia.gov.co\/colombia\/noticias\/fiscalia-judicializo-a-dos-hombres-presuntamente-implicados-en-violencia-contra-sus-ex-companeras-sentimentales\/\",\"name\":\"Fiscal\u00eda General de la Naci\u00f3n\",\"isPartOf\":{\"@id\":\"https:\/\/www.fiscalia.gov.co\/colombia\/#website\"},\"datePublished\":\"2023-02-10T22:11:07+00:00\",\"dateModified\":\"2023-02-10T22:11:07+00:00\",\"description\":\"P\u00e1gina oficial de la Fiscal\u00eda General de la Naci\u00f3n \u2013 Colombia. Garantizamos el acceso efectivo a la justicia, la verdad y la reparaci\u00f3n de las v\u00edctimas de los delitos.\",\"breadcrumb\":{\"@id\":\"https:\/\/www.fiscalia.gov.co\/colombia\/noticias\/fiscalia-judicializo-a-dos-hombres-presuntamente-implicados-en-violencia-contra-sus-ex-companeras-sentimentales\/#breadcrumb\"},\"inLanguage\":\"es-CO\",\"potentialAction\":[{\"@type\":\"ReadAction\",\"target\":[\"https:\/\/www.fiscalia.gov.co\/colombia\/noticias\/fiscalia-judicializo-a-dos-hombres-presuntamente-implicados-en-violencia-contra-sus-ex-companeras-sentimentales\/\"]}]},{\"@type\":\"BreadcrumbList\",\"@id\":\"https:\/\/www.fiscalia.gov.co\/colombia\/noticias\/fiscalia-judicializo-a-dos-hombres-presuntamente-implicados-en-violencia-contra-sus-ex-companeras-sentimentales\/#breadcrumb\",\"itemListElement\":[{\"@type\":\"ListItem\",\"position\":1,\"name\":\"Home\",\"item\":\"https:\/\/www.fiscalia.gov.co\/colombia\/\"},{\"@type\":\"ListItem\",\"position\":2,\"name\":\"Fiscal\u00eda judicializ\u00f3 a dos hombres presuntamente implicados en violencia contra sus ex compa\u00f1eras sentimentales\"}]},{\"@type\":\"WebSite\",\"@id\":\"https:\/\/www.fiscalia.gov.co\/colombia\/#website\",\"url\":\"https:\/\/www.fiscalia.gov.co\/colombia\/\",\"name\":\"Fiscal\u00eda General de la Naci\u00f3n\",\"description\":\"P\u00e1gina oficial de la Fiscal\u00eda General de la Naci\u00f3n \u2013 Colombia. Garantizamos el acceso efectivo a la justicia, la verdad y la reparaci\u00f3n de las v\u00edctimas de los delitos.\",\"publisher\":{\"@id\":\"https:\/\/www.fiscalia.gov.co\/colombia\/#organization\"},\"potentialAction\":[{\"@type\":\"SearchAction\",\"target\":{\"@type\":\"EntryPoint\",\"urlTemplate\":\"https:\/\/www.fiscalia.gov.co\/colombia\/?s={search_term_string}\"},\"query-input\":{\"@type\":\"PropertyValueSpecification\",\"valueRequired\":true,\"valueName\":\"search_term_string\"}}],\"inLanguage\":\"es-CO\"},{\"@type\":\"Organization\",\"@id\":\"https:\/\/www.fiscalia.gov.co\/colombia\/#organization\",\"name\":\"Fiscal\u00eda General de la Naci\u00f3n\",\"url\":\"https:\/\/www.fiscalia.gov.co\/colombia\/\",\"logo\":{\"@type\":\"ImageObject\",\"inLanguage\":\"es-CO\",\"@id\":\"https:\/\/www.fiscalia.gov.co\/colombia\/#\/schema\/logo\/image\/\",\"url\":\"https:\/\/www.fiscalia.gov.co\/colombia\/wp-content\/uploads\/LogoHorizontal_1.jpg\",\"contentUrl\":\"https:\/\/www.fiscalia.gov.co\/colombia\/wp-content\/uploads\/LogoHorizontal_1.jpg\",\"width\":300,\"height\":90,\"caption\":\"Fiscal\u00eda General de la Naci\u00f3n\"},\"image\":{\"@id\":\"https:\/\/www.fiscalia.gov.co\/colombia\/#\/schema\/logo\/image\/\"},\"sameAs\":[\"https:\/\/www.facebook.com\/FiscaliaCol\",\"https:\/\/x.com\/FiscaliaCol\",\"https:\/\/www.instagram.com\/fiscaliacol\",\"https:\/\/www.linkedin.com\/company\/fiscalia-general-de-la-naci-n\/\",\"https:\/\/youtube.com\/@fiscaliageneraldelanacion-4668?si=6nN79nyQICPU5iTh\"]},{\"@type\":\"Person\",\"@id\":\"https:\/\/www.fiscalia.gov.co\/colombia\/#\/schema\/person\/176195b99ebab0a52aafa15197e1bf80\",\"name\":\"Winnie Geraldine Rodr\u00edguez Navarrete\",\"image\":{\"@type\":\"ImageObject\",\"inLanguage\":\"es-CO\",\"@id\":\"https:\/\/www.fiscalia.gov.co\/colombia\/#\/schema\/person\/image\/\",\"url\":\"https:\/\/secure.gravatar.com\/avatar\/c24cf8481dc84fa5e8c7b20bc95ab0c6?s=96&d=mm&r=g\",\"contentUrl\":\"https:\/\/secure.gravatar.com\/avatar\/c24cf8481dc84fa5e8c7b20bc95ab0c6?s=96&d=mm&r=g\",\"caption\":\"Winnie Geraldine Rodr\u00edguez Navarrete\"},\"url\":\"https:\/\/www.fiscalia.gov.co\/colombia\/author\/winnierodriguez\/\"}]}<\/script>\n<!-- \/ Yoast SEO plugin. -->","yoast_head_json":{"title":"Fiscal\u00eda General de la Naci\u00f3n","description":"P\u00e1gina oficial de la Fiscal\u00eda General de la Naci\u00f3n \u2013 Colombia. Garantizamos el acceso efectivo a la justicia, la verdad y la reparaci\u00f3n de las v\u00edctimas de los delitos.","robots":{"index":"noindex","follow":"follow"},"og_locale":"es_ES","og_type":"article","og_title":"Fiscal\u00eda General de la Naci\u00f3n","og_description":"P\u00e1gina oficial de la Fiscal\u00eda General de la Naci\u00f3n \u2013 Colombia. Garantizamos el acceso efectivo a la justicia, la verdad y la reparaci\u00f3n de las v\u00edctimas de los delitos.","og_url":"https:\/\/www.fiscalia.gov.co\/colombia\/noticias\/fiscalia-judicializo-a-dos-hombres-presuntamente-implicados-en-violencia-contra-sus-ex-companeras-sentimentales\/","og_site_name":"Fiscal\u00eda General de la Naci\u00f3n","article_publisher":"https:\/\/www.facebook.com\/FiscaliaCol","article_published_time":"2023-02-10T22:11:07+00:00","author":"Winnie Geraldine Rodr\u00edguez Navarrete","twitter_card":"summary_large_image","twitter_creator":"@FiscaliaCol","twitter_site":"@FiscaliaCol","twitter_misc":{"Escrito por":"Winnie Geraldine Rodr\u00edguez Navarrete","Tiempo de lectura":"2 minutos"},"schema":{"@context":"https:\/\/schema.org","@graph":[{"@type":"Article","@id":"https:\/\/www.fiscalia.gov.co\/colombia\/noticias\/fiscalia-judicializo-a-dos-hombres-presuntamente-implicados-en-violencia-contra-sus-ex-companeras-sentimentales\/#article","isPartOf":{"@id":"https:\/\/www.fiscalia.gov.co\/colombia\/noticias\/fiscalia-judicializo-a-dos-hombres-presuntamente-implicados-en-violencia-contra-sus-ex-companeras-sentimentales\/"},"author":{"name":"Winnie Geraldine Rodr\u00edguez Navarrete","@id":"https:\/\/www.fiscalia.gov.co\/colombia\/#\/schema\/person\/176195b99ebab0a52aafa15197e1bf80"},"headline":"Fiscal\u00eda judicializ\u00f3 a dos hombres presuntamente implicados en violencia contra sus ex compa\u00f1eras sentimentales","datePublished":"2023-02-10T22:11:07+00:00","dateModified":"2023-02-10T22:11:07+00:00","mainEntityOfPage":{"@id":"https:\/\/www.fiscalia.gov.co\/colombia\/noticias\/fiscalia-judicializo-a-dos-hombres-presuntamente-implicados-en-violencia-contra-sus-ex-companeras-sentimentales\/"},"wordCount":406,"publisher":{"@id":"https:\/\/www.fiscalia.gov.co\/colombia\/#organization"},"keywords":["C\u00e1rcel","Cartagena","Cartagena (Bol\u00edvar)","Fiscal\u00eda Colombia","iscal\u00eda General de la Naci\u00f3n","Medida de aseguramiento","Polic\u00eda Nacional","violencia intrafamiliar agravado"],"articleSection":["Noticias","Seccional Cartagena","Seccionales","Violencia sexual e intrafamiliar"],"inLanguage":"es-CO"},{"@type":"WebPage","@id":"https:\/\/www.fiscalia.gov.co\/colombia\/noticias\/fiscalia-judicializo-a-dos-hombres-presuntamente-implicados-en-violencia-contra-sus-ex-companeras-sentimentales\/","url":"https:\/\/www.fiscalia.gov.co\/colombia\/noticias\/fiscalia-judicializo-a-dos-hombres-presuntamente-implicados-en-violencia-contra-sus-ex-companeras-sentimentales\/","name":"Fiscal\u00eda General de la Naci\u00f3n","isPartOf":{"@id":"https:\/\/www.fiscalia.gov.co\/colombia\/#website"},"datePublished":"2023-02-10T22:11:07+00:00","dateModified":"2023-02-10T22:11:07+00:00","description":"P\u00e1gina oficial de la Fiscal\u00eda General de la Naci\u00f3n \u2013 Colombia. Garantizamos el acceso efectivo a la justicia, la verdad y la reparaci\u00f3n de las v\u00edctimas de los delitos.","breadcrumb":{"@id":"https:\/\/www.fiscalia.gov.co\/colombia\/noticias\/fiscalia-judicializo-a-dos-hombres-presuntamente-implicados-en-violencia-contra-sus-ex-companeras-sentimentales\/#breadcrumb"},"inLanguage":"es-CO","potentialAction":[{"@type":"ReadAction","target":["https:\/\/www.fiscalia.gov.co\/colombia\/noticias\/fiscalia-judicializo-a-dos-hombres-presuntamente-implicados-en-violencia-contra-sus-ex-companeras-sentimentales\/"]}]},{"@type":"BreadcrumbList","@id":"https:\/\/www.fiscalia.gov.co\/colombia\/noticias\/fiscalia-judicializo-a-dos-hombres-presuntamente-implicados-en-violencia-contra-sus-ex-companeras-sentimentales\/#breadcrumb","itemListElement":[{"@type":"ListItem","position":1,"name":"Home","item":"https:\/\/www.fiscalia.gov.co\/colombia\/"},{"@type":"ListItem","position":2,"name":"Fiscal\u00eda judicializ\u00f3 a dos hombres presuntamente implicados en violencia contra sus ex compa\u00f1eras sentimentales"}]},{"@type":"WebSite","@id":"https:\/\/www.fiscalia.gov.co\/colombia\/#website","url":"https:\/\/www.fiscalia.gov.co\/colombia\/","name":"Fiscal\u00eda General de la Naci\u00f3n","description":"P\u00e1gina oficial de la Fiscal\u00eda General de la Naci\u00f3n \u2013 Colombia. Garantizamos el acceso efectivo a la justicia, la verdad y la reparaci\u00f3n de las v\u00edctimas de los delitos.","publisher":{"@id":"https:\/\/www.fiscalia.gov.co\/colombia\/#organization"},"potentialAction":[{"@type":"SearchAction","target":{"@type":"EntryPoint","urlTemplate":"https:\/\/www.fiscalia.gov.co\/colombia\/?s={search_term_string}"},"query-input":{"@type":"PropertyValueSpecification","valueRequired":true,"valueName":"search_term_string"}}],"inLanguage":"es-CO"},{"@type":"Organization","@id":"https:\/\/www.fiscalia.gov.co\/colombia\/#organization","name":"Fiscal\u00eda General de la Naci\u00f3n","url":"https:\/\/www.fiscalia.gov.co\/colombia\/","logo":{"@type":"ImageObject","inLanguage":"es-CO","@id":"https:\/\/www.fiscalia.gov.co\/colombia\/#\/schema\/logo\/image\/","url":"https:\/\/www.fiscalia.gov.co\/colombia\/wp-content\/uploads\/LogoHorizontal_1.jpg","contentUrl":"https:\/\/www.fiscalia.gov.co\/colombia\/wp-content\/uploads\/LogoHorizontal_1.jpg","width":300,"height":90,"caption":"Fiscal\u00eda General de la Naci\u00f3n"},"image":{"@id":"https:\/\/www.fiscalia.gov.co\/colombia\/#\/schema\/logo\/image\/"},"sameAs":["https:\/\/www.facebook.com\/FiscaliaCol","https:\/\/x.com\/FiscaliaCol","https:\/\/www.instagram.com\/fiscaliacol","https:\/\/www.linkedin.com\/company\/fiscalia-general-de-la-naci-n\/","https:\/\/youtube.com\/@fiscaliageneraldelanacion-4668?si=6nN79nyQICPU5iTh"]},{"@type":"Person","@id":"https:\/\/www.fiscalia.gov.co\/colombia\/#\/schema\/person\/176195b99ebab0a52aafa15197e1bf80","name":"Winnie Geraldine Rodr\u00edguez Navarrete","image":{"@type":"ImageObject","inLanguage":"es-CO","@id":"https:\/\/www.fiscalia.gov.co\/colombia\/#\/schema\/person\/image\/","url":"https:\/\/secure.gravatar.com\/avatar\/c24cf8481dc84fa5e8c7b20bc95ab0c6?s=96&d=mm&r=g","contentUrl":"https:\/\/secure.gravatar.com\/avatar\/c24cf8481dc84fa5e8c7b20bc95ab0c6?s=96&d=mm&r=g","caption":"Winnie Geraldine Rodr\u00edguez Navarrete"},"url":"https:\/\/www.fiscalia.gov.co\/colombia\/author\/winnierodriguez\/"}]}},"_links":{"self":[{"href":"https:\/\/www.fiscalia.gov.co\/colombia\/wp-json\/wp\/v2\/posts\/266250","targetHints":{"allow":["GET"]}}],"collection":[{"href":"https:\/\/www.fiscalia.gov.co\/colombia\/wp-json\/wp\/v2\/posts"}],"about":[{"href":"https:\/\/www.fiscalia.gov.co\/colombia\/wp-json\/wp\/v2\/types\/post"}],"author":[{"embeddable":true,"href":"https:\/\/www.fiscalia.gov.co\/colombia\/wp-json\/wp\/v2\/users\/178"}],"replies":[{"embeddable":true,"href":"https:\/\/www.fiscalia.gov.co\/colombia\/wp-json\/wp\/v2\/comments?post=266250"}],"version-history":[{"count":1,"href":"https:\/\/www.fiscalia.gov.co\/colombia\/wp-json\/wp\/v2\/posts\/266250\/revisions"}],"predecessor-version":[{"id":266251,"href":"https:\/\/www.fiscalia.gov.co\/colombia\/wp-json\/wp\/v2\/posts\/266250\/revisions\/266251"}],"wp:attachment":[{"href":"https:\/\/www.fiscalia.gov.co\/colombia\/wp-json\/wp\/v2\/media?parent=266250"}],"wp:term":[{"taxonomy":"category","embeddable":true,"href":"https:\/\/www.fiscalia.gov.co\/colombia\/wp-json\/wp\/v2\/categories?post=266250"},{"taxonomy":"post_tag","embeddable":true,"href":"https:\/\/www.fiscalia.gov.co\/colombia\/wp-json\/wp\/v2\/tags?post=266250"}],"curies":[{"name":"wp","href":"https:\/\/api.w.org\/{rel}","templated":true}]}}