{"id":266233,"date":"2023-02-10T16:01:36","date_gmt":"2023-02-10T21:01:36","guid":{"rendered":"https:\/\/www.fiscalia.gov.co\/colombia\/?p=266233"},"modified":"2023-02-10T16:01:36","modified_gmt":"2023-02-10T21:01:36","slug":"cuatro-hombres-que-habrian-participado-en-robos-y-atracos-en-cartagena-fueron-enviados-a-la-carcel","status":"publish","type":"post","link":"https:\/\/www.fiscalia.gov.co\/colombia\/noticias\/cuatro-hombres-que-habrian-participado-en-robos-y-atracos-en-cartagena-fueron-enviados-a-la-carcel\/","title":{"rendered":"Cuatro hombres que habr\u00edan participado en robos y atracos en Cartagena fueron enviados a la c\u00e1rcel"},"content":{"rendered":"<p>Las solicitudes de dos fiscales de la Unidad de Reacci\u00f3n Inmediata (URI) de Cartagena fueron acogidas por jueces de control de garant\u00edas que enviaron a cuatro personas presuntamente responsables de cometer hurtos y asaltos en Cartagena (Bol\u00edvar).<u><\/u><u><\/u><\/p>\n<p>La primera investigaci\u00f3n involucr\u00f3 a Jos\u00e9 David Parra Arguello de 33 a\u00f1os y a Jeyson Armando Delgado Montero,\u00a0de 28, capturados por la Polic\u00eda Nacional momentos despu\u00e9s de que habr\u00edan hurtado elementos que estaban al interior de un veh\u00edculo estacionado en el sector de Bocagrande.<u><\/u><u><\/u><\/p>\n<figure id=\"attachment_266234\" aria-describedby=\"caption-attachment-266234\" style=\"width: 234px\" class=\"wp-caption alignleft\"><img loading=\"lazy\" decoding=\"async\" class=\"wp-image-266234 size-medium\" src=\"https:\/\/www.fiscalia.gov.co\/colombia\/wp-content\/uploads\/Foto-1-boletin-3-de-febrero-hurto-234x300.jpeg\" alt=\"Parra Arguello, judicializado por presuntamente hurtar un veh\u00edculo en el barrio Bocagrande de Cartagena.\" width=\"234\" height=\"300\" srcset=\"https:\/\/www.fiscalia.gov.co\/colombia\/wp-content\/uploads\/Foto-1-boletin-3-de-febrero-hurto-234x300.jpeg 234w, https:\/\/www.fiscalia.gov.co\/colombia\/wp-content\/uploads\/Foto-1-boletin-3-de-febrero-hurto-797x1024.jpeg 797w, https:\/\/www.fiscalia.gov.co\/colombia\/wp-content\/uploads\/Foto-1-boletin-3-de-febrero-hurto-768x986.jpeg 768w, https:\/\/www.fiscalia.gov.co\/colombia\/wp-content\/uploads\/Foto-1-boletin-3-de-febrero-hurto-1196x1536.jpeg 1196w, https:\/\/www.fiscalia.gov.co\/colombia\/wp-content\/uploads\/Foto-1-boletin-3-de-febrero-hurto-696x894.jpeg 696w, https:\/\/www.fiscalia.gov.co\/colombia\/wp-content\/uploads\/Foto-1-boletin-3-de-febrero-hurto-1068x1371.jpeg 1068w, https:\/\/www.fiscalia.gov.co\/colombia\/wp-content\/uploads\/Foto-1-boletin-3-de-febrero-hurto-327x420.jpeg 327w, https:\/\/www.fiscalia.gov.co\/colombia\/wp-content\/uploads\/Foto-1-boletin-3-de-febrero-hurto.jpeg 1246w\" sizes=\"auto, (max-width: 234px) 100vw, 234px\" \/><figcaption id=\"caption-attachment-266234\" class=\"wp-caption-text\">En la imagen se observa a un hombre de camisa blanca manga larga con una bermuda beis y tenis negro, custodiado por un uniformado de la Polic\u00eda Nacional.<\/figcaption><\/figure>\n<p>Al momento de la captura le fueron encontradas las pertenencias que al parecer hurtaron como una cadena de oro y un celular de alta gama, entre otros.<u><\/u><u><\/u><\/p>\n<p>En el segundo caso fueron judicializados Jhon Fredy Caraballo Cantillo de 21 a\u00f1os y Luis Fernando Rocha Taborda, de 26, quienes presuntamente con arma de fuego intimidaron a unas personas que transitaban por el barrio Manga de la capital de Bol\u00edvar y les hurtaron sus pertenencias.<u><\/u><u><\/u><\/p>\n<p>Las autoridades que fueron alertadas por los ciudadanos lograron momentos despu\u00e9s detener a los procesados a quienes les encontraron en su poder un rev\u00f3lver Smith Wesson sin permiso oficial de porte y los art\u00edculos aparentemente robados.<\/p>\n<figure id=\"attachment_266235\" aria-describedby=\"caption-attachment-266235\" style=\"width: 235px\" class=\"wp-caption alignleft\"><img loading=\"lazy\" decoding=\"async\" class=\"size-medium wp-image-266235\" src=\"https:\/\/www.fiscalia.gov.co\/colombia\/wp-content\/uploads\/Foto-2-boletin-3-de-febrero-hurto--235x300.jpeg\" alt=\"En la fotograf\u00eda aparece un hombre con un buzo azul oscuro con blanco, jean gris, tenis negro, custodiado por un agente de la Polic\u00eda Nacional.\" width=\"235\" height=\"300\" srcset=\"https:\/\/www.fiscalia.gov.co\/colombia\/wp-content\/uploads\/Foto-2-boletin-3-de-febrero-hurto--235x300.jpeg 235w, https:\/\/www.fiscalia.gov.co\/colombia\/wp-content\/uploads\/Foto-2-boletin-3-de-febrero-hurto--801x1024.jpeg 801w, https:\/\/www.fiscalia.gov.co\/colombia\/wp-content\/uploads\/Foto-2-boletin-3-de-febrero-hurto--768x981.jpeg 768w, https:\/\/www.fiscalia.gov.co\/colombia\/wp-content\/uploads\/Foto-2-boletin-3-de-febrero-hurto--1202x1536.jpeg 1202w, https:\/\/www.fiscalia.gov.co\/colombia\/wp-content\/uploads\/Foto-2-boletin-3-de-febrero-hurto--696x889.jpeg 696w, https:\/\/www.fiscalia.gov.co\/colombia\/wp-content\/uploads\/Foto-2-boletin-3-de-febrero-hurto--1068x1365.jpeg 1068w, https:\/\/www.fiscalia.gov.co\/colombia\/wp-content\/uploads\/Foto-2-boletin-3-de-febrero-hurto--329x420.jpeg 329w, https:\/\/www.fiscalia.gov.co\/colombia\/wp-content\/uploads\/Foto-2-boletin-3-de-febrero-hurto-.jpeg 1252w\" sizes=\"auto, (max-width: 235px) 100vw, 235px\" \/><figcaption id=\"caption-attachment-266235\" class=\"wp-caption-text\">En la fotograf\u00eda aparece un hombre con un buzo azul oscuro con blanco, jean gris, tenis negro, custodiado por un agente de la Polic\u00eda Nacional.<\/figcaption><\/figure>\n<p>En las audiencias concentradas, ninguno de los procesados acept\u00f3 los cargos seg\u00fan sus responsabilidades individuales, de hurto calificado agravado y fabricaci\u00f3n, porte o tr\u00e1fico de arma de fuego agravado.<u><\/u><u><\/u><\/p>\n<p>Esta informaci\u00f3n se publica por razones de inter\u00e9s general.\u00a0<u><\/u><u><\/u><\/p>\n<p><u><\/u>\u00a0<u><\/u><b>La Fiscal\u00eda habla con resultados.<\/b><\/p>\n<p>&nbsp;<\/p>\n<p>&nbsp;<\/p>\n<p>&nbsp;<\/p>\n<p style=\"font-weight: 400;\">\u00a0MEVA\/CFG\/NA\/DSB<\/p>\n<p style=\"font-weight: 400;\"><strong>\u00a0<\/strong><\/p>\n<p style=\"font-weight: 400;\"><em><strong>Le puede interesar:<\/strong><\/em><\/p>\n<p style=\"font-weight: 400;\"><em><strong>\u00a0<\/strong><\/em><\/p>\n<p style=\"font-weight: 400;\"><a href=\"https:\/\/www.fiscalia.gov.co\/colombia\/noticias\/aseguradas-seis-personas-en-la-dorada-caldas-luego-de-ser-capturadas-en-flagrancia-cuando-cometian-un-hurto-en-una-vivienda\/\" data-saferedirecturl=\"https:\/\/www.google.com\/url?q=https:\/\/www.fiscalia.gov.co\/colombia\/noticias\/aseguradas-seis-personas-en-la-dorada-caldas-luego-de-ser-capturadas-en-flagrancia-cuando-cometian-un-hurto-en-una-vivienda\/&amp;source=gmail&amp;ust=1676120936229000&amp;usg=AOvVaw1QcogILfvwz24aifCWBDzM\">Aseguradas seis personas en La Dorada (Caldas) luego de ser capturadas en flagrancia cuando comet\u00edan un hurto en una vivienda<\/a><\/p>\n<p style=\"font-weight: 400;\"><strong><u>\u00a0<\/u><\/strong><\/p>\n<p style=\"font-weight: 400;\"><a href=\"https:\/\/www.fiscalia.gov.co\/colombia\/noticias\/por-homicidio-tentado-y-hurto-en-medio-de-una-rina-en-florencia-caqueta-tres-hombres-seran-acusados\/\" data-saferedirecturl=\"https:\/\/www.google.com\/url?q=https:\/\/www.fiscalia.gov.co\/colombia\/noticias\/por-homicidio-tentado-y-hurto-en-medio-de-una-rina-en-florencia-caqueta-tres-hombres-seran-acusados\/&amp;source=gmail&amp;ust=1676120936229000&amp;usg=AOvVaw3ISCSFwyiGZzZamFmI7mGg\">Por homicidio tentado y hurto en medio de una ri\u00f1a en Florencia, Caquet\u00e1, tres hombres ser\u00e1n acusados<\/a><\/p>\n<p style=\"font-weight: 400;\">\n<p>&nbsp;<\/p>\n<p style=\"font-weight: 400;\"><strong>\u00a0<\/strong><\/p>\n<p style=\"font-weight: 400;\"><em>La informaci\u00f3n contenida en este bolet\u00edn de prensa corresponde a la narraci\u00f3n de los hechos noticiosos objetivos, suministrados por los funcionarios encargados de adelantar las investigaciones penales al interior de la Fiscal\u00eda General de la Naci\u00f3n. Para el momento de la divulgaci\u00f3n de este comunicado, la situaci\u00f3n jur\u00eddica de la(s) persona(s) relacionada(s) se encuentra pendiente de resolver por la autoridad judicial competente, siempre bajo los preceptos de la presunci\u00f3n de inocencia, consagrados en el art\u00edculo 29 de la Constituci\u00f3n Pol\u00edtica y el art\u00edculo 7\u00ba de la Ley 906 de 2004.<\/em><\/p>\n<p style=\"font-weight: 400;\"><em>\u00a0<\/em><\/p>\n<p style=\"font-weight: 400;\">\n<p style=\"font-weight: 400;\">\n<p style=\"font-weight: 400;\">\n\n<div class=\"twitter-share\"><a href=\"https:\/\/twitter.com\/intent\/tweet?via=fiscaliacol\" class=\"twitter-share-button\">Tweet<\/a><\/div>\n","protected":false},"excerpt":{"rendered":"<p>Las solicitudes de dos fiscales de la Unidad de Reacci\u00f3n Inmediata (URI) de Cartagena fueron acogidas por jueces de control de garant\u00edas que enviaron a cuatro personas presuntamente responsables de cometer hurtos y asaltos en Cartagena (Bol\u00edvar). La primera investigaci\u00f3n involucr\u00f3 a Jos\u00e9 David Parra Arguello de 33 a\u00f1os y a Jeyson Armando Delgado Montero,\u00a0de [&hellip;]<\/p>\n","protected":false},"author":178,"featured_media":0,"comment_status":"closed","ping_status":"open","sticky":false,"template":"","format":"standard","meta":{"_price":"","_stock":"","_tribe_ticket_header":"","_tribe_default_ticket_provider":"","_tribe_ticket_capacity":"0","_ticket_start_date":"","_ticket_end_date":"","_tribe_ticket_show_description":"","_tribe_ticket_show_not_going":false,"_tribe_ticket_use_global_stock":"","_tribe_ticket_global_stock_level":"","_global_stock_mode":"","_global_stock_cap":"","_tribe_rsvp_for_event":"","_tribe_ticket_going_count":"","_tribe_ticket_not_going_count":"","_tribe_tickets_list":"[]","_tribe_ticket_has_attendee_info_fields":false,"tdm_status":"","tdm_grid_status":"","footnotes":""},"categories":[1,325,303,24099],"tags":[29793,23819,23998,24187,1047,23960,33934,558,933,24237],"class_list":{"0":"post-266233","1":"post","2":"type-post","3":"status-publish","4":"format-standard","6":"category-noticias","7":"category-seccional-cartagena","8":"category-seccionales","9":"category-seguridad-territorial","10":"tag-bocagrande","11":"tag-cartagena","12":"tag-cartagena-bolivar","13":"tag-fiscalia-colombia","14":"tag-fiscalia-general-de-la-nacion","15":"tag-hurto","16":"tag-manga","17":"tag-policia-nacional","18":"tag-porte-ilegal-de-armas","19":"tag-prision"},"yoast_head":"<!-- This site is optimized with the Yoast SEO plugin v24.3 - https:\/\/yoast.com\/wordpress\/plugins\/seo\/ -->\n<title>Fiscal\u00eda General de la Naci\u00f3n<\/title>\n<meta name=\"description\" content=\"P\u00e1gina oficial de la Fiscal\u00eda General de la Naci\u00f3n \u2013 Colombia. Garantizamos el acceso efectivo a la justicia, la verdad y la reparaci\u00f3n de las v\u00edctimas de los delitos.\" \/>\n<meta name=\"robots\" content=\"noindex, follow\" \/>\n<meta property=\"og:locale\" content=\"es_ES\" \/>\n<meta property=\"og:type\" content=\"article\" \/>\n<meta property=\"og:title\" content=\"Fiscal\u00eda General de la Naci\u00f3n\" \/>\n<meta property=\"og:description\" content=\"P\u00e1gina oficial de la Fiscal\u00eda General de la Naci\u00f3n \u2013 Colombia. Garantizamos el acceso efectivo a la justicia, la verdad y la reparaci\u00f3n de las v\u00edctimas de los delitos.\" \/>\n<meta property=\"og:url\" content=\"https:\/\/www.fiscalia.gov.co\/colombia\/noticias\/cuatro-hombres-que-habrian-participado-en-robos-y-atracos-en-cartagena-fueron-enviados-a-la-carcel\/\" \/>\n<meta property=\"og:site_name\" content=\"Fiscal\u00eda General de la Naci\u00f3n\" \/>\n<meta property=\"article:publisher\" content=\"https:\/\/www.facebook.com\/FiscaliaCol\" \/>\n<meta property=\"article:published_time\" content=\"2023-02-10T21:01:36+00:00\" \/>\n<meta property=\"og:image\" content=\"https:\/\/www.fiscalia.gov.co\/colombia\/wp-content\/uploads\/Foto-1-boletin-3-de-febrero-hurto-234x300.jpeg\" \/>\n<meta name=\"author\" content=\"Winnie Geraldine Rodr\u00edguez Navarrete\" \/>\n<meta name=\"twitter:card\" content=\"summary_large_image\" \/>\n<meta name=\"twitter:creator\" content=\"@FiscaliaCol\" \/>\n<meta name=\"twitter:site\" content=\"@FiscaliaCol\" \/>\n<meta name=\"twitter:label1\" content=\"Escrito por\" \/>\n\t<meta name=\"twitter:data1\" content=\"Winnie Geraldine Rodr\u00edguez Navarrete\" \/>\n\t<meta name=\"twitter:label2\" content=\"Tiempo de lectura\" \/>\n\t<meta name=\"twitter:data2\" content=\"2 minutos\" \/>\n<script type=\"application\/ld+json\" class=\"yoast-schema-graph\">{\"@context\":\"https:\/\/schema.org\",\"@graph\":[{\"@type\":\"Article\",\"@id\":\"https:\/\/www.fiscalia.gov.co\/colombia\/noticias\/cuatro-hombres-que-habrian-participado-en-robos-y-atracos-en-cartagena-fueron-enviados-a-la-carcel\/#article\",\"isPartOf\":{\"@id\":\"https:\/\/www.fiscalia.gov.co\/colombia\/noticias\/cuatro-hombres-que-habrian-participado-en-robos-y-atracos-en-cartagena-fueron-enviados-a-la-carcel\/\"},\"author\":{\"name\":\"Winnie Geraldine Rodr\u00edguez Navarrete\",\"@id\":\"https:\/\/www.fiscalia.gov.co\/colombia\/#\/schema\/person\/176195b99ebab0a52aafa15197e1bf80\"},\"headline\":\"Cuatro hombres que habr\u00edan participado en robos y atracos en Cartagena fueron enviados a la c\u00e1rcel\",\"datePublished\":\"2023-02-10T21:01:36+00:00\",\"dateModified\":\"2023-02-10T21:01:36+00:00\",\"mainEntityOfPage\":{\"@id\":\"https:\/\/www.fiscalia.gov.co\/colombia\/noticias\/cuatro-hombres-que-habrian-participado-en-robos-y-atracos-en-cartagena-fueron-enviados-a-la-carcel\/\"},\"wordCount\":491,\"publisher\":{\"@id\":\"https:\/\/www.fiscalia.gov.co\/colombia\/#organization\"},\"image\":{\"@id\":\"https:\/\/www.fiscalia.gov.co\/colombia\/noticias\/cuatro-hombres-que-habrian-participado-en-robos-y-atracos-en-cartagena-fueron-enviados-a-la-carcel\/#primaryimage\"},\"thumbnailUrl\":\"https:\/\/www.fiscalia.gov.co\/colombia\/wp-content\/uploads\/Foto-1-boletin-3-de-febrero-hurto-234x300.jpeg\",\"keywords\":[\"Bocagrande\",\"Cartagena\",\"Cartagena (Bol\u00edvar)\",\"Fiscal\u00eda Colombia\",\"Fiscal\u00eda General de la Naci\u00f3n\",\"Hurto\",\"Manga.\",\"Polic\u00eda Nacional\",\"Porte ilegal de armas\",\"prisi\u00f3n\"],\"articleSection\":[\"Noticias\",\"Seccional Cartagena\",\"Seccionales\",\"Seguridad territorial\"],\"inLanguage\":\"es-CO\"},{\"@type\":\"WebPage\",\"@id\":\"https:\/\/www.fiscalia.gov.co\/colombia\/noticias\/cuatro-hombres-que-habrian-participado-en-robos-y-atracos-en-cartagena-fueron-enviados-a-la-carcel\/\",\"url\":\"https:\/\/www.fiscalia.gov.co\/colombia\/noticias\/cuatro-hombres-que-habrian-participado-en-robos-y-atracos-en-cartagena-fueron-enviados-a-la-carcel\/\",\"name\":\"Fiscal\u00eda General de la Naci\u00f3n\",\"isPartOf\":{\"@id\":\"https:\/\/www.fiscalia.gov.co\/colombia\/#website\"},\"primaryImageOfPage\":{\"@id\":\"https:\/\/www.fiscalia.gov.co\/colombia\/noticias\/cuatro-hombres-que-habrian-participado-en-robos-y-atracos-en-cartagena-fueron-enviados-a-la-carcel\/#primaryimage\"},\"image\":{\"@id\":\"https:\/\/www.fiscalia.gov.co\/colombia\/noticias\/cuatro-hombres-que-habrian-participado-en-robos-y-atracos-en-cartagena-fueron-enviados-a-la-carcel\/#primaryimage\"},\"thumbnailUrl\":\"https:\/\/www.fiscalia.gov.co\/colombia\/wp-content\/uploads\/Foto-1-boletin-3-de-febrero-hurto-234x300.jpeg\",\"datePublished\":\"2023-02-10T21:01:36+00:00\",\"dateModified\":\"2023-02-10T21:01:36+00:00\",\"description\":\"P\u00e1gina oficial de la Fiscal\u00eda General de la Naci\u00f3n \u2013 Colombia. Garantizamos el acceso efectivo a la justicia, la verdad y la reparaci\u00f3n de las v\u00edctimas de los delitos.\",\"breadcrumb\":{\"@id\":\"https:\/\/www.fiscalia.gov.co\/colombia\/noticias\/cuatro-hombres-que-habrian-participado-en-robos-y-atracos-en-cartagena-fueron-enviados-a-la-carcel\/#breadcrumb\"},\"inLanguage\":\"es-CO\",\"potentialAction\":[{\"@type\":\"ReadAction\",\"target\":[\"https:\/\/www.fiscalia.gov.co\/colombia\/noticias\/cuatro-hombres-que-habrian-participado-en-robos-y-atracos-en-cartagena-fueron-enviados-a-la-carcel\/\"]}]},{\"@type\":\"ImageObject\",\"inLanguage\":\"es-CO\",\"@id\":\"https:\/\/www.fiscalia.gov.co\/colombia\/noticias\/cuatro-hombres-que-habrian-participado-en-robos-y-atracos-en-cartagena-fueron-enviados-a-la-carcel\/#primaryimage\",\"url\":\"https:\/\/www.fiscalia.gov.co\/colombia\/wp-content\/uploads\/Foto-1-boletin-3-de-febrero-hurto-234x300.jpeg\",\"contentUrl\":\"https:\/\/www.fiscalia.gov.co\/colombia\/wp-content\/uploads\/Foto-1-boletin-3-de-febrero-hurto-234x300.jpeg\"},{\"@type\":\"BreadcrumbList\",\"@id\":\"https:\/\/www.fiscalia.gov.co\/colombia\/noticias\/cuatro-hombres-que-habrian-participado-en-robos-y-atracos-en-cartagena-fueron-enviados-a-la-carcel\/#breadcrumb\",\"itemListElement\":[{\"@type\":\"ListItem\",\"position\":1,\"name\":\"Home\",\"item\":\"https:\/\/www.fiscalia.gov.co\/colombia\/\"},{\"@type\":\"ListItem\",\"position\":2,\"name\":\"Cuatro hombres que habr\u00edan participado en robos y atracos en Cartagena fueron enviados a la c\u00e1rcel\"}]},{\"@type\":\"WebSite\",\"@id\":\"https:\/\/www.fiscalia.gov.co\/colombia\/#website\",\"url\":\"https:\/\/www.fiscalia.gov.co\/colombia\/\",\"name\":\"Fiscal\u00eda General de la Naci\u00f3n\",\"description\":\"P\u00e1gina oficial de la Fiscal\u00eda General de la Naci\u00f3n \u2013 Colombia. Garantizamos el acceso efectivo a la justicia, la verdad y la reparaci\u00f3n de las v\u00edctimas de los delitos.\",\"publisher\":{\"@id\":\"https:\/\/www.fiscalia.gov.co\/colombia\/#organization\"},\"potentialAction\":[{\"@type\":\"SearchAction\",\"target\":{\"@type\":\"EntryPoint\",\"urlTemplate\":\"https:\/\/www.fiscalia.gov.co\/colombia\/?s={search_term_string}\"},\"query-input\":{\"@type\":\"PropertyValueSpecification\",\"valueRequired\":true,\"valueName\":\"search_term_string\"}}],\"inLanguage\":\"es-CO\"},{\"@type\":\"Organization\",\"@id\":\"https:\/\/www.fiscalia.gov.co\/colombia\/#organization\",\"name\":\"Fiscal\u00eda General de la Naci\u00f3n\",\"url\":\"https:\/\/www.fiscalia.gov.co\/colombia\/\",\"logo\":{\"@type\":\"ImageObject\",\"inLanguage\":\"es-CO\",\"@id\":\"https:\/\/www.fiscalia.gov.co\/colombia\/#\/schema\/logo\/image\/\",\"url\":\"https:\/\/www.fiscalia.gov.co\/colombia\/wp-content\/uploads\/LogoHorizontal_1.jpg\",\"contentUrl\":\"https:\/\/www.fiscalia.gov.co\/colombia\/wp-content\/uploads\/LogoHorizontal_1.jpg\",\"width\":300,\"height\":90,\"caption\":\"Fiscal\u00eda General de la Naci\u00f3n\"},\"image\":{\"@id\":\"https:\/\/www.fiscalia.gov.co\/colombia\/#\/schema\/logo\/image\/\"},\"sameAs\":[\"https:\/\/www.facebook.com\/FiscaliaCol\",\"https:\/\/x.com\/FiscaliaCol\",\"https:\/\/www.instagram.com\/fiscaliacol\",\"https:\/\/www.linkedin.com\/company\/fiscalia-general-de-la-naci-n\/\",\"https:\/\/youtube.com\/@fiscaliageneraldelanacion-4668?si=6nN79nyQICPU5iTh\"]},{\"@type\":\"Person\",\"@id\":\"https:\/\/www.fiscalia.gov.co\/colombia\/#\/schema\/person\/176195b99ebab0a52aafa15197e1bf80\",\"name\":\"Winnie Geraldine Rodr\u00edguez Navarrete\",\"image\":{\"@type\":\"ImageObject\",\"inLanguage\":\"es-CO\",\"@id\":\"https:\/\/www.fiscalia.gov.co\/colombia\/#\/schema\/person\/image\/\",\"url\":\"https:\/\/secure.gravatar.com\/avatar\/c24cf8481dc84fa5e8c7b20bc95ab0c6?s=96&d=mm&r=g\",\"contentUrl\":\"https:\/\/secure.gravatar.com\/avatar\/c24cf8481dc84fa5e8c7b20bc95ab0c6?s=96&d=mm&r=g\",\"caption\":\"Winnie Geraldine Rodr\u00edguez Navarrete\"},\"url\":\"https:\/\/www.fiscalia.gov.co\/colombia\/author\/winnierodriguez\/\"}]}<\/script>\n<!-- \/ Yoast SEO plugin. -->","yoast_head_json":{"title":"Fiscal\u00eda General de la Naci\u00f3n","description":"P\u00e1gina oficial de la Fiscal\u00eda General de la Naci\u00f3n \u2013 Colombia. Garantizamos el acceso efectivo a la justicia, la verdad y la reparaci\u00f3n de las v\u00edctimas de los delitos.","robots":{"index":"noindex","follow":"follow"},"og_locale":"es_ES","og_type":"article","og_title":"Fiscal\u00eda General de la Naci\u00f3n","og_description":"P\u00e1gina oficial de la Fiscal\u00eda General de la Naci\u00f3n \u2013 Colombia. Garantizamos el acceso efectivo a la justicia, la verdad y la reparaci\u00f3n de las v\u00edctimas de los delitos.","og_url":"https:\/\/www.fiscalia.gov.co\/colombia\/noticias\/cuatro-hombres-que-habrian-participado-en-robos-y-atracos-en-cartagena-fueron-enviados-a-la-carcel\/","og_site_name":"Fiscal\u00eda General de la Naci\u00f3n","article_publisher":"https:\/\/www.facebook.com\/FiscaliaCol","article_published_time":"2023-02-10T21:01:36+00:00","og_image":[{"url":"https:\/\/www.fiscalia.gov.co\/colombia\/wp-content\/uploads\/Foto-1-boletin-3-de-febrero-hurto-234x300.jpeg","type":"","width":"","height":""}],"author":"Winnie Geraldine Rodr\u00edguez Navarrete","twitter_card":"summary_large_image","twitter_creator":"@FiscaliaCol","twitter_site":"@FiscaliaCol","twitter_misc":{"Escrito por":"Winnie Geraldine Rodr\u00edguez Navarrete","Tiempo de lectura":"2 minutos"},"schema":{"@context":"https:\/\/schema.org","@graph":[{"@type":"Article","@id":"https:\/\/www.fiscalia.gov.co\/colombia\/noticias\/cuatro-hombres-que-habrian-participado-en-robos-y-atracos-en-cartagena-fueron-enviados-a-la-carcel\/#article","isPartOf":{"@id":"https:\/\/www.fiscalia.gov.co\/colombia\/noticias\/cuatro-hombres-que-habrian-participado-en-robos-y-atracos-en-cartagena-fueron-enviados-a-la-carcel\/"},"author":{"name":"Winnie Geraldine Rodr\u00edguez Navarrete","@id":"https:\/\/www.fiscalia.gov.co\/colombia\/#\/schema\/person\/176195b99ebab0a52aafa15197e1bf80"},"headline":"Cuatro hombres que habr\u00edan participado en robos y atracos en Cartagena fueron enviados a la c\u00e1rcel","datePublished":"2023-02-10T21:01:36+00:00","dateModified":"2023-02-10T21:01:36+00:00","mainEntityOfPage":{"@id":"https:\/\/www.fiscalia.gov.co\/colombia\/noticias\/cuatro-hombres-que-habrian-participado-en-robos-y-atracos-en-cartagena-fueron-enviados-a-la-carcel\/"},"wordCount":491,"publisher":{"@id":"https:\/\/www.fiscalia.gov.co\/colombia\/#organization"},"image":{"@id":"https:\/\/www.fiscalia.gov.co\/colombia\/noticias\/cuatro-hombres-que-habrian-participado-en-robos-y-atracos-en-cartagena-fueron-enviados-a-la-carcel\/#primaryimage"},"thumbnailUrl":"https:\/\/www.fiscalia.gov.co\/colombia\/wp-content\/uploads\/Foto-1-boletin-3-de-febrero-hurto-234x300.jpeg","keywords":["Bocagrande","Cartagena","Cartagena (Bol\u00edvar)","Fiscal\u00eda Colombia","Fiscal\u00eda General de la Naci\u00f3n","Hurto","Manga.","Polic\u00eda Nacional","Porte ilegal de armas","prisi\u00f3n"],"articleSection":["Noticias","Seccional Cartagena","Seccionales","Seguridad territorial"],"inLanguage":"es-CO"},{"@type":"WebPage","@id":"https:\/\/www.fiscalia.gov.co\/colombia\/noticias\/cuatro-hombres-que-habrian-participado-en-robos-y-atracos-en-cartagena-fueron-enviados-a-la-carcel\/","url":"https:\/\/www.fiscalia.gov.co\/colombia\/noticias\/cuatro-hombres-que-habrian-participado-en-robos-y-atracos-en-cartagena-fueron-enviados-a-la-carcel\/","name":"Fiscal\u00eda General de la Naci\u00f3n","isPartOf":{"@id":"https:\/\/www.fiscalia.gov.co\/colombia\/#website"},"primaryImageOfPage":{"@id":"https:\/\/www.fiscalia.gov.co\/colombia\/noticias\/cuatro-hombres-que-habrian-participado-en-robos-y-atracos-en-cartagena-fueron-enviados-a-la-carcel\/#primaryimage"},"image":{"@id":"https:\/\/www.fiscalia.gov.co\/colombia\/noticias\/cuatro-hombres-que-habrian-participado-en-robos-y-atracos-en-cartagena-fueron-enviados-a-la-carcel\/#primaryimage"},"thumbnailUrl":"https:\/\/www.fiscalia.gov.co\/colombia\/wp-content\/uploads\/Foto-1-boletin-3-de-febrero-hurto-234x300.jpeg","datePublished":"2023-02-10T21:01:36+00:00","dateModified":"2023-02-10T21:01:36+00:00","description":"P\u00e1gina oficial de la Fiscal\u00eda General de la Naci\u00f3n \u2013 Colombia. Garantizamos el acceso efectivo a la justicia, la verdad y la reparaci\u00f3n de las v\u00edctimas de los delitos.","breadcrumb":{"@id":"https:\/\/www.fiscalia.gov.co\/colombia\/noticias\/cuatro-hombres-que-habrian-participado-en-robos-y-atracos-en-cartagena-fueron-enviados-a-la-carcel\/#breadcrumb"},"inLanguage":"es-CO","potentialAction":[{"@type":"ReadAction","target":["https:\/\/www.fiscalia.gov.co\/colombia\/noticias\/cuatro-hombres-que-habrian-participado-en-robos-y-atracos-en-cartagena-fueron-enviados-a-la-carcel\/"]}]},{"@type":"ImageObject","inLanguage":"es-CO","@id":"https:\/\/www.fiscalia.gov.co\/colombia\/noticias\/cuatro-hombres-que-habrian-participado-en-robos-y-atracos-en-cartagena-fueron-enviados-a-la-carcel\/#primaryimage","url":"https:\/\/www.fiscalia.gov.co\/colombia\/wp-content\/uploads\/Foto-1-boletin-3-de-febrero-hurto-234x300.jpeg","contentUrl":"https:\/\/www.fiscalia.gov.co\/colombia\/wp-content\/uploads\/Foto-1-boletin-3-de-febrero-hurto-234x300.jpeg"},{"@type":"BreadcrumbList","@id":"https:\/\/www.fiscalia.gov.co\/colombia\/noticias\/cuatro-hombres-que-habrian-participado-en-robos-y-atracos-en-cartagena-fueron-enviados-a-la-carcel\/#breadcrumb","itemListElement":[{"@type":"ListItem","position":1,"name":"Home","item":"https:\/\/www.fiscalia.gov.co\/colombia\/"},{"@type":"ListItem","position":2,"name":"Cuatro hombres que habr\u00edan participado en robos y atracos en Cartagena fueron enviados a la c\u00e1rcel"}]},{"@type":"WebSite","@id":"https:\/\/www.fiscalia.gov.co\/colombia\/#website","url":"https:\/\/www.fiscalia.gov.co\/colombia\/","name":"Fiscal\u00eda General de la Naci\u00f3n","description":"P\u00e1gina oficial de la Fiscal\u00eda General de la Naci\u00f3n \u2013 Colombia. Garantizamos el acceso efectivo a la justicia, la verdad y la reparaci\u00f3n de las v\u00edctimas de los delitos.","publisher":{"@id":"https:\/\/www.fiscalia.gov.co\/colombia\/#organization"},"potentialAction":[{"@type":"SearchAction","target":{"@type":"EntryPoint","urlTemplate":"https:\/\/www.fiscalia.gov.co\/colombia\/?s={search_term_string}"},"query-input":{"@type":"PropertyValueSpecification","valueRequired":true,"valueName":"search_term_string"}}],"inLanguage":"es-CO"},{"@type":"Organization","@id":"https:\/\/www.fiscalia.gov.co\/colombia\/#organization","name":"Fiscal\u00eda General de la Naci\u00f3n","url":"https:\/\/www.fiscalia.gov.co\/colombia\/","logo":{"@type":"ImageObject","inLanguage":"es-CO","@id":"https:\/\/www.fiscalia.gov.co\/colombia\/#\/schema\/logo\/image\/","url":"https:\/\/www.fiscalia.gov.co\/colombia\/wp-content\/uploads\/LogoHorizontal_1.jpg","contentUrl":"https:\/\/www.fiscalia.gov.co\/colombia\/wp-content\/uploads\/LogoHorizontal_1.jpg","width":300,"height":90,"caption":"Fiscal\u00eda General de la Naci\u00f3n"},"image":{"@id":"https:\/\/www.fiscalia.gov.co\/colombia\/#\/schema\/logo\/image\/"},"sameAs":["https:\/\/www.facebook.com\/FiscaliaCol","https:\/\/x.com\/FiscaliaCol","https:\/\/www.instagram.com\/fiscaliacol","https:\/\/www.linkedin.com\/company\/fiscalia-general-de-la-naci-n\/","https:\/\/youtube.com\/@fiscaliageneraldelanacion-4668?si=6nN79nyQICPU5iTh"]},{"@type":"Person","@id":"https:\/\/www.fiscalia.gov.co\/colombia\/#\/schema\/person\/176195b99ebab0a52aafa15197e1bf80","name":"Winnie Geraldine Rodr\u00edguez Navarrete","image":{"@type":"ImageObject","inLanguage":"es-CO","@id":"https:\/\/www.fiscalia.gov.co\/colombia\/#\/schema\/person\/image\/","url":"https:\/\/secure.gravatar.com\/avatar\/c24cf8481dc84fa5e8c7b20bc95ab0c6?s=96&d=mm&r=g","contentUrl":"https:\/\/secure.gravatar.com\/avatar\/c24cf8481dc84fa5e8c7b20bc95ab0c6?s=96&d=mm&r=g","caption":"Winnie Geraldine Rodr\u00edguez Navarrete"},"url":"https:\/\/www.fiscalia.gov.co\/colombia\/author\/winnierodriguez\/"}]}},"_links":{"self":[{"href":"https:\/\/www.fiscalia.gov.co\/colombia\/wp-json\/wp\/v2\/posts\/266233","targetHints":{"allow":["GET"]}}],"collection":[{"href":"https:\/\/www.fiscalia.gov.co\/colombia\/wp-json\/wp\/v2\/posts"}],"about":[{"href":"https:\/\/www.fiscalia.gov.co\/colombia\/wp-json\/wp\/v2\/types\/post"}],"author":[{"embeddable":true,"href":"https:\/\/www.fiscalia.gov.co\/colombia\/wp-json\/wp\/v2\/users\/178"}],"replies":[{"embeddable":true,"href":"https:\/\/www.fiscalia.gov.co\/colombia\/wp-json\/wp\/v2\/comments?post=266233"}],"version-history":[{"count":1,"href":"https:\/\/www.fiscalia.gov.co\/colombia\/wp-json\/wp\/v2\/posts\/266233\/revisions"}],"predecessor-version":[{"id":266236,"href":"https:\/\/www.fiscalia.gov.co\/colombia\/wp-json\/wp\/v2\/posts\/266233\/revisions\/266236"}],"wp:attachment":[{"href":"https:\/\/www.fiscalia.gov.co\/colombia\/wp-json\/wp\/v2\/media?parent=266233"}],"wp:term":[{"taxonomy":"category","embeddable":true,"href":"https:\/\/www.fiscalia.gov.co\/colombia\/wp-json\/wp\/v2\/categories?post=266233"},{"taxonomy":"post_tag","embeddable":true,"href":"https:\/\/www.fiscalia.gov.co\/colombia\/wp-json\/wp\/v2\/tags?post=266233"}],"curies":[{"name":"wp","href":"https:\/\/api.w.org\/{rel}","templated":true}]}}