{"id":266215,"date":"2023-02-10T13:40:15","date_gmt":"2023-02-10T18:40:15","guid":{"rendered":"https:\/\/www.fiscalia.gov.co\/colombia\/?p=266215"},"modified":"2023-02-16T11:53:02","modified_gmt":"2023-02-16T16:53:02","slug":"seccional-cauca-dispuso-una-comision-especial-para-esclarecer-el-homicidio-de-dos-trabajadores-de-un-ingenio-azucarero","status":"publish","type":"post","link":"https:\/\/www.fiscalia.gov.co\/colombia\/noticias\/seccional-cauca-dispuso-una-comision-especial-para-esclarecer-el-homicidio-de-dos-trabajadores-de-un-ingenio-azucarero\/","title":{"rendered":"Seccional Cauca dispuso una comisi\u00f3n especial para esclarecer el homicidio de dos trabajadores de un ingenio azucarero"},"content":{"rendered":"<h4><strong><em>Hombres con los rostros cubiertos ingresaron disparando contra los trabajadores, dos operarios; de 48 y 49 a\u00f1os, murieron.<\/em><\/strong><\/h4>\n<p>Ante el grave hecho registrado el pasado 6 de febrero en Padilla (Valle del Cauca), donde encapuchados dispararon en repetidas oportunidades contra trabajadores de un ingenio azucarero; la direcci\u00f3n Seccional Cauca de la Fiscal\u00eda General de la Naci\u00f3n conform\u00f3 un grupo interdisciplinario para esclarecer lo sucedido.<\/p>\n<figure id=\"attachment_266216\" aria-describedby=\"caption-attachment-266216\" style=\"width: 431px\" class=\"wp-caption aligncenter\"><img loading=\"lazy\" decoding=\"async\" class=\" wp-image-266216\" src=\"https:\/\/www.fiscalia.gov.co\/colombia\/wp-content\/uploads\/Foto-1.-Doble-homicidio.-Padilla-Cauca.-300x194.jpg\" alt=\"En la foto aparecen el director seccional de fiscal\u00edas Cauca, con sus asesores y un representante del Ej\u00e9rcito Nacional, al lado de una v\u00eda destapada donde se aprecia parte de un terreno de sembrado de ca\u00f1a con matas ya secas.\" width=\"431\" height=\"279\" srcset=\"https:\/\/www.fiscalia.gov.co\/colombia\/wp-content\/uploads\/Foto-1.-Doble-homicidio.-Padilla-Cauca.-300x194.jpg 300w, https:\/\/www.fiscalia.gov.co\/colombia\/wp-content\/uploads\/Foto-1.-Doble-homicidio.-Padilla-Cauca.-1024x663.jpg 1024w, https:\/\/www.fiscalia.gov.co\/colombia\/wp-content\/uploads\/Foto-1.-Doble-homicidio.-Padilla-Cauca.-768x497.jpg 768w, https:\/\/www.fiscalia.gov.co\/colombia\/wp-content\/uploads\/Foto-1.-Doble-homicidio.-Padilla-Cauca.-1536x994.jpg 1536w, https:\/\/www.fiscalia.gov.co\/colombia\/wp-content\/uploads\/Foto-1.-Doble-homicidio.-Padilla-Cauca.-696x450.jpg 696w, https:\/\/www.fiscalia.gov.co\/colombia\/wp-content\/uploads\/Foto-1.-Doble-homicidio.-Padilla-Cauca.-1068x691.jpg 1068w, https:\/\/www.fiscalia.gov.co\/colombia\/wp-content\/uploads\/Foto-1.-Doble-homicidio.-Padilla-Cauca.-649x420.jpg 649w, https:\/\/www.fiscalia.gov.co\/colombia\/wp-content\/uploads\/Foto-1.-Doble-homicidio.-Padilla-Cauca..jpg 1576w\" sizes=\"auto, (max-width: 431px) 100vw, 431px\" \/><figcaption id=\"caption-attachment-266216\" class=\"wp-caption-text\">En la foto aparecen el director seccional de fiscal\u00edas Cauca, con sus asesores y un representante del Ej\u00e9rcito Nacional, al lado de una v\u00eda destapada donde se aprecia parte de un terreno de sembrado de ca\u00f1a con matas ya secas.<\/figcaption><\/figure>\n<p>Apoyada por la Polic\u00eda y el Ej\u00e9rcito Nacional, la comisi\u00f3n, integrada por un fiscal de vida de la Seccional Cauca, un grupo criminal\u00edstico del Cuerpo T\u00e9cnico de Investigaci\u00f3n (CTI) e investigadores de la Sijin de la Polic\u00eda Nacional, llegaron a la vereda El Tetillo donde ocurrieron los hechos.<\/p>\n<p>Versiones preliminares dan cuenta de que varios hombres que llevaban la cara cubierta y portaban armas, ingresaron una hacienda donde, sin mediar, dispararon contra los trabajadores, causando la muerte de dos de ellos.<\/p>\n<p>Las v\u00edctimas son dos hombres de 48 y 49 a\u00f1os de edad, respectivamente. En los mismos hechos fue incinerada una motocicleta.<\/p>\n<p>La Fiscal\u00eda adelanta las acciones pertinentes para recaudar los elementos materiales probatorios y la evidencia f\u00edsica suficiente que permita establecer qui\u00e9nes son los responsables del crimen y cu\u00e1les ser\u00edan las razones que motivaron los homicidios.<\/p>\n<p>Esta informaci\u00f3n se publica por razones de inter\u00e9s general.<\/p>\n<p><strong>La Fiscal\u00eda habla con resultados.<\/strong><\/p>\n<p>&nbsp;<\/p>\n<p>&nbsp;<\/p>\n<p>&nbsp;<\/p>\n<p>&nbsp;<\/p>\n<p>MAP\/MAGA\/GAMM\/DSC\/<\/p>\n<p>&nbsp;<\/p>\n<p>&nbsp;<\/p>\n<p>&nbsp;<\/p>\n<p><i>La informaci\u00f3n contenida en este bolet\u00edn de prensa corresponde a la narraci\u00f3n de los hechos noticiosos objetivos, suministrados por los funcionarios encargados de adelantar las investigaciones penales al interior de la Fiscal\u00eda General de la Naci\u00f3n. Para el momento de la divulgaci\u00f3n de este comunicado, la situaci\u00f3n jur\u00eddica de la(s) persona(s) relacionada(s) se encuentra pendiente de resolver por la autoridad judicial competente, siempre bajo los preceptos de la presunci\u00f3n de inocencia, consagrados en el art\u00edculo 29 de la Constituci\u00f3n Pol\u00edtica y el art\u00edculo 7\u00ba de la Ley 906 de 2004.<\/i><\/p>\n\n<div class=\"twitter-share\"><a href=\"https:\/\/twitter.com\/intent\/tweet?via=fiscaliacol\" class=\"twitter-share-button\">Tweet<\/a><\/div>\n","protected":false},"excerpt":{"rendered":"<p>Hombres con los rostros cubiertos ingresaron disparando contra los trabajadores, dos operarios; de 48 y 49 a\u00f1os, murieron. Ante el grave hecho registrado el pasado 6 de febrero en Padilla (Valle del Cauca), donde encapuchados dispararon en repetidas oportunidades contra trabajadores de un ingenio azucarero; la direcci\u00f3n Seccional Cauca de la Fiscal\u00eda General de la [&hellip;]<\/p>\n","protected":false},"author":178,"featured_media":0,"comment_status":"closed","ping_status":"open","sticky":false,"template":"","format":"video","meta":{"tdm_status":"","tdm_grid_status":"","footnotes":""},"categories":[1,336,303,24099],"tags":[4017,33927,26248,33930,33931,78,24187,409,33928,32356,33926,26556,33929,33680],"class_list":{"0":"post-266215","1":"post","2":"type-post","3":"status-publish","4":"format-video","6":"category-noticias","7":"category-seccional-popayan","8":"category-seccionales","9":"category-seguridad-territorial","10":"tag-armas-de-fuego","11":"tag-comision-especial","12":"tag-elementos-materiales-probatorios","13":"tag-encapuchados","14":"tag-evidencia-fisica","15":"tag-fiscal-general-de-la-nacion","16":"tag-fiscalia-colombia","17":"tag-homicidio","18":"tag-ingenio","19":"tag-operarios","20":"tag-padilla-cauca","21":"tag-seccional-cauca","22":"tag-trabajadores-de-ingenio-azucarero","23":"tag-trabajo-interinstitucional","24":"post_format-post-format-video"},"yoast_head":"<!-- This site is optimized with the Yoast SEO plugin v24.3 - https:\/\/yoast.com\/wordpress\/plugins\/seo\/ -->\n<title>Fiscal\u00eda General de la Naci\u00f3n<\/title>\n<meta name=\"description\" content=\"P\u00e1gina oficial de la Fiscal\u00eda General de la Naci\u00f3n \u2013 Colombia. Garantizamos el acceso efectivo a la justicia, la verdad y la reparaci\u00f3n de las v\u00edctimas de los delitos.\" \/>\n<meta name=\"robots\" content=\"noindex, follow\" \/>\n<meta property=\"og:locale\" content=\"es_ES\" \/>\n<meta property=\"og:type\" content=\"article\" \/>\n<meta property=\"og:title\" content=\"Fiscal\u00eda General de la Naci\u00f3n\" \/>\n<meta property=\"og:description\" content=\"P\u00e1gina oficial de la Fiscal\u00eda General de la Naci\u00f3n \u2013 Colombia. Garantizamos el acceso efectivo a la justicia, la verdad y la reparaci\u00f3n de las v\u00edctimas de los delitos.\" \/>\n<meta property=\"og:url\" content=\"https:\/\/www.fiscalia.gov.co\/colombia\/noticias\/seccional-cauca-dispuso-una-comision-especial-para-esclarecer-el-homicidio-de-dos-trabajadores-de-un-ingenio-azucarero\/\" \/>\n<meta property=\"og:site_name\" content=\"Fiscal\u00eda General de la Naci\u00f3n\" \/>\n<meta property=\"article:publisher\" content=\"https:\/\/www.facebook.com\/FiscaliaCol\" \/>\n<meta property=\"article:published_time\" content=\"2023-02-10T18:40:15+00:00\" \/>\n<meta property=\"article:modified_time\" content=\"2023-02-16T16:53:02+00:00\" \/>\n<meta property=\"og:image\" content=\"https:\/\/www.fiscalia.gov.co\/colombia\/wp-content\/uploads\/Foto-1.-Doble-homicidio.-Padilla-Cauca.-300x194.jpg\" \/>\n<meta name=\"author\" content=\"Winnie Geraldine Rodr\u00edguez Navarrete\" \/>\n<meta name=\"twitter:card\" content=\"summary_large_image\" \/>\n<meta name=\"twitter:creator\" content=\"@FiscaliaCol\" \/>\n<meta name=\"twitter:site\" content=\"@FiscaliaCol\" \/>\n<meta name=\"twitter:label1\" content=\"Escrito por\" \/>\n\t<meta name=\"twitter:data1\" content=\"Winnie Geraldine Rodr\u00edguez Navarrete\" \/>\n\t<meta name=\"twitter:label2\" content=\"Tiempo de lectura\" \/>\n\t<meta name=\"twitter:data2\" content=\"2 minutos\" \/>\n<script type=\"application\/ld+json\" class=\"yoast-schema-graph\">{\"@context\":\"https:\/\/schema.org\",\"@graph\":[{\"@type\":\"Article\",\"@id\":\"https:\/\/www.fiscalia.gov.co\/colombia\/noticias\/seccional-cauca-dispuso-una-comision-especial-para-esclarecer-el-homicidio-de-dos-trabajadores-de-un-ingenio-azucarero\/#article\",\"isPartOf\":{\"@id\":\"https:\/\/www.fiscalia.gov.co\/colombia\/noticias\/seccional-cauca-dispuso-una-comision-especial-para-esclarecer-el-homicidio-de-dos-trabajadores-de-un-ingenio-azucarero\/\"},\"author\":{\"name\":\"Winnie Geraldine Rodr\u00edguez Navarrete\",\"@id\":\"https:\/\/www.fiscalia.gov.co\/colombia\/#\/schema\/person\/176195b99ebab0a52aafa15197e1bf80\"},\"headline\":\"Seccional Cauca dispuso una comisi\u00f3n especial para esclarecer el homicidio de dos trabajadores de un ingenio azucarero\",\"datePublished\":\"2023-02-10T18:40:15+00:00\",\"dateModified\":\"2023-02-16T16:53:02+00:00\",\"mainEntityOfPage\":{\"@id\":\"https:\/\/www.fiscalia.gov.co\/colombia\/noticias\/seccional-cauca-dispuso-una-comision-especial-para-esclarecer-el-homicidio-de-dos-trabajadores-de-un-ingenio-azucarero\/\"},\"wordCount\":413,\"publisher\":{\"@id\":\"https:\/\/www.fiscalia.gov.co\/colombia\/#organization\"},\"image\":{\"@id\":\"https:\/\/www.fiscalia.gov.co\/colombia\/noticias\/seccional-cauca-dispuso-una-comision-especial-para-esclarecer-el-homicidio-de-dos-trabajadores-de-un-ingenio-azucarero\/#primaryimage\"},\"thumbnailUrl\":\"https:\/\/www.fiscalia.gov.co\/colombia\/wp-content\/uploads\/Foto-1.-Doble-homicidio.-Padilla-Cauca.-300x194.jpg\",\"keywords\":[\"Armas de fuego\",\"Comisi\u00f3n especial\",\"elementos materiales probatorios\",\"encapuchados\",\"evidencia f\u00edsica.\",\"Fiscal General de la Naci\u00f3n\",\"Fiscal\u00eda Colombia\",\"Homicidio\",\"ingenio\",\"operarios\",\"Padilla (Cauca)\",\"Seccional Cauca\",\"trabajadores de ingenio azucarero\",\"trabajo interinstitucional\"],\"articleSection\":[\"Noticias\",\"Seccional Popay\u00e1n\",\"Seccionales\",\"Seguridad territorial\"],\"inLanguage\":\"es-CO\"},{\"@type\":\"WebPage\",\"@id\":\"https:\/\/www.fiscalia.gov.co\/colombia\/noticias\/seccional-cauca-dispuso-una-comision-especial-para-esclarecer-el-homicidio-de-dos-trabajadores-de-un-ingenio-azucarero\/\",\"url\":\"https:\/\/www.fiscalia.gov.co\/colombia\/noticias\/seccional-cauca-dispuso-una-comision-especial-para-esclarecer-el-homicidio-de-dos-trabajadores-de-un-ingenio-azucarero\/\",\"name\":\"Fiscal\u00eda General de la Naci\u00f3n\",\"isPartOf\":{\"@id\":\"https:\/\/www.fiscalia.gov.co\/colombia\/#website\"},\"primaryImageOfPage\":{\"@id\":\"https:\/\/www.fiscalia.gov.co\/colombia\/noticias\/seccional-cauca-dispuso-una-comision-especial-para-esclarecer-el-homicidio-de-dos-trabajadores-de-un-ingenio-azucarero\/#primaryimage\"},\"image\":{\"@id\":\"https:\/\/www.fiscalia.gov.co\/colombia\/noticias\/seccional-cauca-dispuso-una-comision-especial-para-esclarecer-el-homicidio-de-dos-trabajadores-de-un-ingenio-azucarero\/#primaryimage\"},\"thumbnailUrl\":\"https:\/\/www.fiscalia.gov.co\/colombia\/wp-content\/uploads\/Foto-1.-Doble-homicidio.-Padilla-Cauca.-300x194.jpg\",\"datePublished\":\"2023-02-10T18:40:15+00:00\",\"dateModified\":\"2023-02-16T16:53:02+00:00\",\"description\":\"P\u00e1gina oficial de la Fiscal\u00eda General de la Naci\u00f3n \u2013 Colombia. Garantizamos el acceso efectivo a la justicia, la verdad y la reparaci\u00f3n de las v\u00edctimas de los delitos.\",\"breadcrumb\":{\"@id\":\"https:\/\/www.fiscalia.gov.co\/colombia\/noticias\/seccional-cauca-dispuso-una-comision-especial-para-esclarecer-el-homicidio-de-dos-trabajadores-de-un-ingenio-azucarero\/#breadcrumb\"},\"inLanguage\":\"es-CO\",\"potentialAction\":[{\"@type\":\"ReadAction\",\"target\":[\"https:\/\/www.fiscalia.gov.co\/colombia\/noticias\/seccional-cauca-dispuso-una-comision-especial-para-esclarecer-el-homicidio-de-dos-trabajadores-de-un-ingenio-azucarero\/\"]}]},{\"@type\":\"ImageObject\",\"inLanguage\":\"es-CO\",\"@id\":\"https:\/\/www.fiscalia.gov.co\/colombia\/noticias\/seccional-cauca-dispuso-una-comision-especial-para-esclarecer-el-homicidio-de-dos-trabajadores-de-un-ingenio-azucarero\/#primaryimage\",\"url\":\"https:\/\/www.fiscalia.gov.co\/colombia\/wp-content\/uploads\/Foto-1.-Doble-homicidio.-Padilla-Cauca..jpg\",\"contentUrl\":\"https:\/\/www.fiscalia.gov.co\/colombia\/wp-content\/uploads\/Foto-1.-Doble-homicidio.-Padilla-Cauca..jpg\",\"width\":1576,\"height\":1020,\"caption\":\"En la foto aparecen el director seccional de fiscal\u00edas Cauca, con sus asesores y un representante del Ej\u00e9rcito Nacional, al lado de una v\u00eda destapada donde se aprecia parte de un terreno de sembrado de ca\u00f1a con matas ya secas.\"},{\"@type\":\"BreadcrumbList\",\"@id\":\"https:\/\/www.fiscalia.gov.co\/colombia\/noticias\/seccional-cauca-dispuso-una-comision-especial-para-esclarecer-el-homicidio-de-dos-trabajadores-de-un-ingenio-azucarero\/#breadcrumb\",\"itemListElement\":[{\"@type\":\"ListItem\",\"position\":1,\"name\":\"Home\",\"item\":\"https:\/\/www.fiscalia.gov.co\/colombia\/\"},{\"@type\":\"ListItem\",\"position\":2,\"name\":\"Seccional Cauca dispuso una comisi\u00f3n especial para esclarecer el homicidio de dos trabajadores de un ingenio azucarero\"}]},{\"@type\":\"WebSite\",\"@id\":\"https:\/\/www.fiscalia.gov.co\/colombia\/#website\",\"url\":\"https:\/\/www.fiscalia.gov.co\/colombia\/\",\"name\":\"Fiscal\u00eda General de la Naci\u00f3n\",\"description\":\"P\u00e1gina oficial de la Fiscal\u00eda General de la Naci\u00f3n \u2013 Colombia. Garantizamos el acceso efectivo a la justicia, la verdad y la reparaci\u00f3n de las v\u00edctimas de los delitos.\",\"publisher\":{\"@id\":\"https:\/\/www.fiscalia.gov.co\/colombia\/#organization\"},\"potentialAction\":[{\"@type\":\"SearchAction\",\"target\":{\"@type\":\"EntryPoint\",\"urlTemplate\":\"https:\/\/www.fiscalia.gov.co\/colombia\/?s={search_term_string}\"},\"query-input\":{\"@type\":\"PropertyValueSpecification\",\"valueRequired\":true,\"valueName\":\"search_term_string\"}}],\"inLanguage\":\"es-CO\"},{\"@type\":\"Organization\",\"@id\":\"https:\/\/www.fiscalia.gov.co\/colombia\/#organization\",\"name\":\"Fiscal\u00eda General de la Naci\u00f3n\",\"url\":\"https:\/\/www.fiscalia.gov.co\/colombia\/\",\"logo\":{\"@type\":\"ImageObject\",\"inLanguage\":\"es-CO\",\"@id\":\"https:\/\/www.fiscalia.gov.co\/colombia\/#\/schema\/logo\/image\/\",\"url\":\"https:\/\/www.fiscalia.gov.co\/colombia\/wp-content\/uploads\/LogoHorizontal_1.jpg\",\"contentUrl\":\"https:\/\/www.fiscalia.gov.co\/colombia\/wp-content\/uploads\/LogoHorizontal_1.jpg\",\"width\":300,\"height\":90,\"caption\":\"Fiscal\u00eda General de la Naci\u00f3n\"},\"image\":{\"@id\":\"https:\/\/www.fiscalia.gov.co\/colombia\/#\/schema\/logo\/image\/\"},\"sameAs\":[\"https:\/\/www.facebook.com\/FiscaliaCol\",\"https:\/\/x.com\/FiscaliaCol\",\"https:\/\/www.instagram.com\/fiscaliacol\",\"https:\/\/www.linkedin.com\/company\/fiscalia-general-de-la-naci-n\/\",\"https:\/\/youtube.com\/@fiscaliageneraldelanacion-4668?si=6nN79nyQICPU5iTh\"]},{\"@type\":\"Person\",\"@id\":\"https:\/\/www.fiscalia.gov.co\/colombia\/#\/schema\/person\/176195b99ebab0a52aafa15197e1bf80\",\"name\":\"Winnie Geraldine Rodr\u00edguez Navarrete\",\"image\":{\"@type\":\"ImageObject\",\"inLanguage\":\"es-CO\",\"@id\":\"https:\/\/www.fiscalia.gov.co\/colombia\/#\/schema\/person\/image\/\",\"url\":\"https:\/\/secure.gravatar.com\/avatar\/c24cf8481dc84fa5e8c7b20bc95ab0c6?s=96&d=mm&r=g\",\"contentUrl\":\"https:\/\/secure.gravatar.com\/avatar\/c24cf8481dc84fa5e8c7b20bc95ab0c6?s=96&d=mm&r=g\",\"caption\":\"Winnie Geraldine Rodr\u00edguez Navarrete\"},\"url\":\"https:\/\/www.fiscalia.gov.co\/colombia\/author\/winnierodriguez\/\"}]}<\/script>\n<!-- \/ Yoast SEO plugin. -->","yoast_head_json":{"title":"Fiscal\u00eda General de la Naci\u00f3n","description":"P\u00e1gina oficial de la Fiscal\u00eda General de la Naci\u00f3n \u2013 Colombia. Garantizamos el acceso efectivo a la justicia, la verdad y la reparaci\u00f3n de las v\u00edctimas de los delitos.","robots":{"index":"noindex","follow":"follow"},"og_locale":"es_ES","og_type":"article","og_title":"Fiscal\u00eda General de la Naci\u00f3n","og_description":"P\u00e1gina oficial de la Fiscal\u00eda General de la Naci\u00f3n \u2013 Colombia. Garantizamos el acceso efectivo a la justicia, la verdad y la reparaci\u00f3n de las v\u00edctimas de los delitos.","og_url":"https:\/\/www.fiscalia.gov.co\/colombia\/noticias\/seccional-cauca-dispuso-una-comision-especial-para-esclarecer-el-homicidio-de-dos-trabajadores-de-un-ingenio-azucarero\/","og_site_name":"Fiscal\u00eda General de la Naci\u00f3n","article_publisher":"https:\/\/www.facebook.com\/FiscaliaCol","article_published_time":"2023-02-10T18:40:15+00:00","article_modified_time":"2023-02-16T16:53:02+00:00","og_image":[{"url":"https:\/\/www.fiscalia.gov.co\/colombia\/wp-content\/uploads\/Foto-1.-Doble-homicidio.-Padilla-Cauca.-300x194.jpg","type":"","width":"","height":""}],"author":"Winnie Geraldine Rodr\u00edguez Navarrete","twitter_card":"summary_large_image","twitter_creator":"@FiscaliaCol","twitter_site":"@FiscaliaCol","twitter_misc":{"Escrito por":"Winnie Geraldine Rodr\u00edguez Navarrete","Tiempo de lectura":"2 minutos"},"schema":{"@context":"https:\/\/schema.org","@graph":[{"@type":"Article","@id":"https:\/\/www.fiscalia.gov.co\/colombia\/noticias\/seccional-cauca-dispuso-una-comision-especial-para-esclarecer-el-homicidio-de-dos-trabajadores-de-un-ingenio-azucarero\/#article","isPartOf":{"@id":"https:\/\/www.fiscalia.gov.co\/colombia\/noticias\/seccional-cauca-dispuso-una-comision-especial-para-esclarecer-el-homicidio-de-dos-trabajadores-de-un-ingenio-azucarero\/"},"author":{"name":"Winnie Geraldine Rodr\u00edguez Navarrete","@id":"https:\/\/www.fiscalia.gov.co\/colombia\/#\/schema\/person\/176195b99ebab0a52aafa15197e1bf80"},"headline":"Seccional Cauca dispuso una comisi\u00f3n especial para esclarecer el homicidio de dos trabajadores de un ingenio azucarero","datePublished":"2023-02-10T18:40:15+00:00","dateModified":"2023-02-16T16:53:02+00:00","mainEntityOfPage":{"@id":"https:\/\/www.fiscalia.gov.co\/colombia\/noticias\/seccional-cauca-dispuso-una-comision-especial-para-esclarecer-el-homicidio-de-dos-trabajadores-de-un-ingenio-azucarero\/"},"wordCount":413,"publisher":{"@id":"https:\/\/www.fiscalia.gov.co\/colombia\/#organization"},"image":{"@id":"https:\/\/www.fiscalia.gov.co\/colombia\/noticias\/seccional-cauca-dispuso-una-comision-especial-para-esclarecer-el-homicidio-de-dos-trabajadores-de-un-ingenio-azucarero\/#primaryimage"},"thumbnailUrl":"https:\/\/www.fiscalia.gov.co\/colombia\/wp-content\/uploads\/Foto-1.-Doble-homicidio.-Padilla-Cauca.-300x194.jpg","keywords":["Armas de fuego","Comisi\u00f3n especial","elementos materiales probatorios","encapuchados","evidencia f\u00edsica.","Fiscal General de la Naci\u00f3n","Fiscal\u00eda Colombia","Homicidio","ingenio","operarios","Padilla (Cauca)","Seccional Cauca","trabajadores de ingenio azucarero","trabajo interinstitucional"],"articleSection":["Noticias","Seccional Popay\u00e1n","Seccionales","Seguridad territorial"],"inLanguage":"es-CO"},{"@type":"WebPage","@id":"https:\/\/www.fiscalia.gov.co\/colombia\/noticias\/seccional-cauca-dispuso-una-comision-especial-para-esclarecer-el-homicidio-de-dos-trabajadores-de-un-ingenio-azucarero\/","url":"https:\/\/www.fiscalia.gov.co\/colombia\/noticias\/seccional-cauca-dispuso-una-comision-especial-para-esclarecer-el-homicidio-de-dos-trabajadores-de-un-ingenio-azucarero\/","name":"Fiscal\u00eda General de la Naci\u00f3n","isPartOf":{"@id":"https:\/\/www.fiscalia.gov.co\/colombia\/#website"},"primaryImageOfPage":{"@id":"https:\/\/www.fiscalia.gov.co\/colombia\/noticias\/seccional-cauca-dispuso-una-comision-especial-para-esclarecer-el-homicidio-de-dos-trabajadores-de-un-ingenio-azucarero\/#primaryimage"},"image":{"@id":"https:\/\/www.fiscalia.gov.co\/colombia\/noticias\/seccional-cauca-dispuso-una-comision-especial-para-esclarecer-el-homicidio-de-dos-trabajadores-de-un-ingenio-azucarero\/#primaryimage"},"thumbnailUrl":"https:\/\/www.fiscalia.gov.co\/colombia\/wp-content\/uploads\/Foto-1.-Doble-homicidio.-Padilla-Cauca.-300x194.jpg","datePublished":"2023-02-10T18:40:15+00:00","dateModified":"2023-02-16T16:53:02+00:00","description":"P\u00e1gina oficial de la Fiscal\u00eda General de la Naci\u00f3n \u2013 Colombia. Garantizamos el acceso efectivo a la justicia, la verdad y la reparaci\u00f3n de las v\u00edctimas de los delitos.","breadcrumb":{"@id":"https:\/\/www.fiscalia.gov.co\/colombia\/noticias\/seccional-cauca-dispuso-una-comision-especial-para-esclarecer-el-homicidio-de-dos-trabajadores-de-un-ingenio-azucarero\/#breadcrumb"},"inLanguage":"es-CO","potentialAction":[{"@type":"ReadAction","target":["https:\/\/www.fiscalia.gov.co\/colombia\/noticias\/seccional-cauca-dispuso-una-comision-especial-para-esclarecer-el-homicidio-de-dos-trabajadores-de-un-ingenio-azucarero\/"]}]},{"@type":"ImageObject","inLanguage":"es-CO","@id":"https:\/\/www.fiscalia.gov.co\/colombia\/noticias\/seccional-cauca-dispuso-una-comision-especial-para-esclarecer-el-homicidio-de-dos-trabajadores-de-un-ingenio-azucarero\/#primaryimage","url":"https:\/\/www.fiscalia.gov.co\/colombia\/wp-content\/uploads\/Foto-1.-Doble-homicidio.-Padilla-Cauca..jpg","contentUrl":"https:\/\/www.fiscalia.gov.co\/colombia\/wp-content\/uploads\/Foto-1.-Doble-homicidio.-Padilla-Cauca..jpg","width":1576,"height":1020,"caption":"En la foto aparecen el director seccional de fiscal\u00edas Cauca, con sus asesores y un representante del Ej\u00e9rcito Nacional, al lado de una v\u00eda destapada donde se aprecia parte de un terreno de sembrado de ca\u00f1a con matas ya secas."},{"@type":"BreadcrumbList","@id":"https:\/\/www.fiscalia.gov.co\/colombia\/noticias\/seccional-cauca-dispuso-una-comision-especial-para-esclarecer-el-homicidio-de-dos-trabajadores-de-un-ingenio-azucarero\/#breadcrumb","itemListElement":[{"@type":"ListItem","position":1,"name":"Home","item":"https:\/\/www.fiscalia.gov.co\/colombia\/"},{"@type":"ListItem","position":2,"name":"Seccional Cauca dispuso una comisi\u00f3n especial para esclarecer el homicidio de dos trabajadores de un ingenio azucarero"}]},{"@type":"WebSite","@id":"https:\/\/www.fiscalia.gov.co\/colombia\/#website","url":"https:\/\/www.fiscalia.gov.co\/colombia\/","name":"Fiscal\u00eda General de la Naci\u00f3n","description":"P\u00e1gina oficial de la Fiscal\u00eda General de la Naci\u00f3n \u2013 Colombia. Garantizamos el acceso efectivo a la justicia, la verdad y la reparaci\u00f3n de las v\u00edctimas de los delitos.","publisher":{"@id":"https:\/\/www.fiscalia.gov.co\/colombia\/#organization"},"potentialAction":[{"@type":"SearchAction","target":{"@type":"EntryPoint","urlTemplate":"https:\/\/www.fiscalia.gov.co\/colombia\/?s={search_term_string}"},"query-input":{"@type":"PropertyValueSpecification","valueRequired":true,"valueName":"search_term_string"}}],"inLanguage":"es-CO"},{"@type":"Organization","@id":"https:\/\/www.fiscalia.gov.co\/colombia\/#organization","name":"Fiscal\u00eda General de la Naci\u00f3n","url":"https:\/\/www.fiscalia.gov.co\/colombia\/","logo":{"@type":"ImageObject","inLanguage":"es-CO","@id":"https:\/\/www.fiscalia.gov.co\/colombia\/#\/schema\/logo\/image\/","url":"https:\/\/www.fiscalia.gov.co\/colombia\/wp-content\/uploads\/LogoHorizontal_1.jpg","contentUrl":"https:\/\/www.fiscalia.gov.co\/colombia\/wp-content\/uploads\/LogoHorizontal_1.jpg","width":300,"height":90,"caption":"Fiscal\u00eda General de la Naci\u00f3n"},"image":{"@id":"https:\/\/www.fiscalia.gov.co\/colombia\/#\/schema\/logo\/image\/"},"sameAs":["https:\/\/www.facebook.com\/FiscaliaCol","https:\/\/x.com\/FiscaliaCol","https:\/\/www.instagram.com\/fiscaliacol","https:\/\/www.linkedin.com\/company\/fiscalia-general-de-la-naci-n\/","https:\/\/youtube.com\/@fiscaliageneraldelanacion-4668?si=6nN79nyQICPU5iTh"]},{"@type":"Person","@id":"https:\/\/www.fiscalia.gov.co\/colombia\/#\/schema\/person\/176195b99ebab0a52aafa15197e1bf80","name":"Winnie Geraldine Rodr\u00edguez Navarrete","image":{"@type":"ImageObject","inLanguage":"es-CO","@id":"https:\/\/www.fiscalia.gov.co\/colombia\/#\/schema\/person\/image\/","url":"https:\/\/secure.gravatar.com\/avatar\/c24cf8481dc84fa5e8c7b20bc95ab0c6?s=96&d=mm&r=g","contentUrl":"https:\/\/secure.gravatar.com\/avatar\/c24cf8481dc84fa5e8c7b20bc95ab0c6?s=96&d=mm&r=g","caption":"Winnie Geraldine Rodr\u00edguez Navarrete"},"url":"https:\/\/www.fiscalia.gov.co\/colombia\/author\/winnierodriguez\/"}]}},"_links":{"self":[{"href":"https:\/\/www.fiscalia.gov.co\/colombia\/wp-json\/wp\/v2\/posts\/266215","targetHints":{"allow":["GET"]}}],"collection":[{"href":"https:\/\/www.fiscalia.gov.co\/colombia\/wp-json\/wp\/v2\/posts"}],"about":[{"href":"https:\/\/www.fiscalia.gov.co\/colombia\/wp-json\/wp\/v2\/types\/post"}],"author":[{"embeddable":true,"href":"https:\/\/www.fiscalia.gov.co\/colombia\/wp-json\/wp\/v2\/users\/178"}],"replies":[{"embeddable":true,"href":"https:\/\/www.fiscalia.gov.co\/colombia\/wp-json\/wp\/v2\/comments?post=266215"}],"version-history":[{"count":2,"href":"https:\/\/www.fiscalia.gov.co\/colombia\/wp-json\/wp\/v2\/posts\/266215\/revisions"}],"predecessor-version":[{"id":266594,"href":"https:\/\/www.fiscalia.gov.co\/colombia\/wp-json\/wp\/v2\/posts\/266215\/revisions\/266594"}],"wp:attachment":[{"href":"https:\/\/www.fiscalia.gov.co\/colombia\/wp-json\/wp\/v2\/media?parent=266215"}],"wp:term":[{"taxonomy":"category","embeddable":true,"href":"https:\/\/www.fiscalia.gov.co\/colombia\/wp-json\/wp\/v2\/categories?post=266215"},{"taxonomy":"post_tag","embeddable":true,"href":"https:\/\/www.fiscalia.gov.co\/colombia\/wp-json\/wp\/v2\/tags?post=266215"}],"curies":[{"name":"wp","href":"https:\/\/api.w.org\/{rel}","templated":true}]}}