{"id":266201,"date":"2023-02-10T10:17:00","date_gmt":"2023-02-10T15:17:00","guid":{"rendered":"https:\/\/www.fiscalia.gov.co\/colombia\/?p=266201"},"modified":"2023-02-10T10:17:00","modified_gmt":"2023-02-10T15:17:00","slug":"fiscalia-impacto-la-banda-criminal-los-iluminaty-dedicada-al-homicidio-el-hurto-el-desplazamiento-urbano-y-el-trafico-de-drogas","status":"publish","type":"post","link":"https:\/\/www.fiscalia.gov.co\/colombia\/noticias\/fiscalia-impacto-la-banda-criminal-los-iluminaty-dedicada-al-homicidio-el-hurto-el-desplazamiento-urbano-y-el-trafico-de-drogas\/","title":{"rendered":"Fiscal\u00eda impact\u00f3 la banda criminal Los Iluminaty, dedicada al homicidio, el hurto, el desplazamiento urbano y el tr\u00e1fico de drogas"},"content":{"rendered":"<p style=\"font-weight: 400;\">Al acoger la solicitud de un fiscal de la Unidad de Vida, un juez penal de Cali cobij\u00f3 con medida de aseguramiento a 6 presuntos integrantes de <a href=\"https:\/\/www.fiscalia.gov.co\/colombia\/noticias\/fiscalia-logro-la-judicializacion-de-4-bandas-delincuenciales-que-azotaban-el-oriente-de-cali-y-un-barrio-del-municipio-de-pradera\/\" data-saferedirecturl=\"https:\/\/www.google.com\/url?q=https:\/\/www.fiscalia.gov.co\/colombia\/noticias\/fiscalia-logro-la-judicializacion-de-4-bandas-delincuenciales-que-azotaban-el-oriente-de-cali-y-un-barrio-del-municipio-de-pradera\/&amp;source=gmail&amp;ust=1676127766252000&amp;usg=AOvVaw24BAjLLG-y7FGBLvISRqn-\">la banda<\/a>\u00a0Los Iluminaty, entre ellos tres mujeres, consistente en detenci\u00f3n preventiva en establecimiento carcelario.<\/p>\n<figure id=\"attachment_266202\" aria-describedby=\"caption-attachment-266202\" style=\"width: 454px\" class=\"wp-caption aligncenter\"><img loading=\"lazy\" decoding=\"async\" class=\" wp-image-266202\" src=\"https:\/\/www.fiscalia.gov.co\/colombia\/wp-content\/uploads\/WhatsApp-Image-2023-02-10-at-9.59.13-AM-300x169.jpeg\" alt=\"Los 6 presuntos integrantes de la banda criminal Los Iluminaty fueron enviados a la c\u00e1rcel, entre ellos tres mujeres. \" width=\"454\" height=\"256\" srcset=\"https:\/\/www.fiscalia.gov.co\/colombia\/wp-content\/uploads\/WhatsApp-Image-2023-02-10-at-9.59.13-AM-300x169.jpeg 300w, https:\/\/www.fiscalia.gov.co\/colombia\/wp-content\/uploads\/WhatsApp-Image-2023-02-10-at-9.59.13-AM-1024x576.jpeg 1024w, https:\/\/www.fiscalia.gov.co\/colombia\/wp-content\/uploads\/WhatsApp-Image-2023-02-10-at-9.59.13-AM-768x432.jpeg 768w, https:\/\/www.fiscalia.gov.co\/colombia\/wp-content\/uploads\/WhatsApp-Image-2023-02-10-at-9.59.13-AM-1536x864.jpeg 1536w, https:\/\/www.fiscalia.gov.co\/colombia\/wp-content\/uploads\/WhatsApp-Image-2023-02-10-at-9.59.13-AM-696x392.jpeg 696w, https:\/\/www.fiscalia.gov.co\/colombia\/wp-content\/uploads\/WhatsApp-Image-2023-02-10-at-9.59.13-AM-1068x601.jpeg 1068w, https:\/\/www.fiscalia.gov.co\/colombia\/wp-content\/uploads\/WhatsApp-Image-2023-02-10-at-9.59.13-AM-747x420.jpeg 747w, https:\/\/www.fiscalia.gov.co\/colombia\/wp-content\/uploads\/WhatsApp-Image-2023-02-10-at-9.59.13-AM.jpeg 1600w\" sizes=\"auto, (max-width: 454px) 100vw, 454px\" \/><figcaption id=\"caption-attachment-266202\" class=\"wp-caption-text\">Los 6 presuntos integrantes de la banda criminal Los Iluminaty fueron enviados a la c\u00e1rcel, entre ellos tres mujeres.<\/figcaption><\/figure>\n<p style=\"font-weight: 400;\">La fiscal\u00eda les imputo cargos a los asegurados como presuntos coautores de los delitos de homicidio agravado en concurso heterog\u00e9neo con fabricaci\u00f3n, tr\u00e1fico, y porte de armas de fuego,\u00a0<a href=\"https:\/\/www.fiscalia.gov.co\/colombia\/noticias\/judicializados-15-presuntos-miembros-de-la-banda-los-zarcos-vinculados-a-homicidios-trafico-de-drogas-desplazamiento-urbano-y-extorsion\/\" data-saferedirecturl=\"https:\/\/www.google.com\/url?q=https:\/\/www.fiscalia.gov.co\/colombia\/noticias\/judicializados-15-presuntos-miembros-de-la-banda-los-zarcos-vinculados-a-homicidios-trafico-de-drogas-desplazamiento-urbano-y-extorsion\/&amp;source=gmail&amp;ust=1676127766252000&amp;usg=AOvVaw0XPjqjkKBqMd6pw1Dwgf6L\">desplazamiento<\/a>\u00a0forzado y concierto para delinquir agravado.<\/p>\n<p style=\"font-weight: 400;\">Durante el proceso, el ente investigador logr\u00f3 establecer que Kevin Esteban Escobar Gonz\u00e1lez, presunto l\u00edder de la banda delincuencial, Harrison Andr\u00e9s Escobar R\u00edos, Harvin Andr\u00e9s Su\u00e1rez R\u00edos, Mayerlin R\u00edos D\u00edaz, Wendy Julieth Brice\u00f1o Usma y Yeimi Lizeth Mesa integran una organizaci\u00f3n criminal que, desde 2019, opera en el barrio Altos de Santa Elena, comuna 18, en el oriente de la ciudad.<\/p>\n<p style=\"font-weight: 400;\">Estas 6 personas estar\u00edan dedicadas a los homicidios selectivos, el desplazamiento forzado de familias del sector, el hurto violento, el porte de armas de fuego y el tr\u00e1fico de estupefacientes.<\/p>\n<p style=\"font-weight: 400;\">Seg\u00fan la investigaci\u00f3n penal, los integrantes de Los Iluminaty, para presionar la salida de familias de sus viviendas, ingresaban por la fuerza para apoderarse de los enseres, incendiaban los muebles y amenazaban con armas de fuego y armas cortopunzantes a padres e hijos. Otras veces, exig\u00edan pagos entre $100.000 y $150.000 para no quemarles sus pertenencias y electrodom\u00e9sticos.<\/p>\n<p style=\"font-weight: 400;\">Una vez las v\u00edctimas abandonaban los inmuebles, Los Iluminaty ingresaban para guardar armas, estupefacientes, tel\u00e9fonos celulares hurtados, dinero y distribu\u00edan marihuana, bazuco y coca\u00edna<\/p>\n<p style=\"font-weight: 400;\">La Fiscal\u00eda logr\u00f3 esclarecer un homicidio cometido por varios integrantes de la banda, el 4 de septiembre de 2022, Altos de Santa Elena. La v\u00edctima fue apu\u00f1alada y rematada con disparos de arma de fuego.<\/p>\n<p style=\"font-weight: 400;\">Las 6 personas fueron detenidas durante allanamientos y registros a varias viviendas por servidores del CTI y agentes de la Sijin de la Polic\u00eda Metropolitana, Mecal.<\/p>\n<p style=\"font-weight: 400;\">Durante las audiencias concentradas, los supuestos miembros de Los Iluminaty no se allanaron a cargos.<\/p>\n<p style=\"font-weight: 400;\">Esta informaci\u00f3n se publica por razones de inter\u00e9s general.<\/p>\n<p style=\"font-weight: 400;\"><strong>La Fiscal\u00eda habla con resultados\u00a0<\/strong><\/p>\n<p>&nbsp;<\/p>\n<p>&nbsp;<\/p>\n<p>&nbsp;<\/p>\n<p style=\"font-weight: 400;\"><strong>\u00a0<\/strong><\/p>\n<p style=\"font-weight: 400;\">JGP\/CFG\/AC\/DSC \/FAGH<\/p>\n<p>&nbsp;<\/p>\n<p>&nbsp;<\/p>\n<p>&nbsp;<\/p>\n<p>&nbsp;<\/p>\n<p><i>La informaci\u00f3n contenida en este bolet\u00edn de prensa corresponde a la narraci\u00f3n de los hechos noticiosos objetivos, suministrados por los funcionarios encargados de adelantar las investigaciones penales al interior de la Fiscal\u00eda General de la Naci\u00f3n. Para el momento de la divulgaci\u00f3n de este comunicado, la situaci\u00f3n jur\u00eddica de la(s) persona(s) relacionada(s) se encuentra pendiente de resolver por la autoridad judicial competente, siempre bajo los preceptos de la presunci\u00f3n de inocencia, consagrados en el art\u00edculo 29 de la Constituci\u00f3n Pol\u00edtica y el art\u00edculo 7\u00ba de la Ley 906 de 2004.\u00a0<\/i><\/p>\n\n<div class=\"twitter-share\"><a href=\"https:\/\/twitter.com\/intent\/tweet?via=fiscaliacol\" class=\"twitter-share-button\">Tweet<\/a><\/div>\n","protected":false},"excerpt":{"rendered":"<p>Al acoger la solicitud de un fiscal de la Unidad de Vida, un juez penal de Cali cobij\u00f3 con medida de aseguramiento a 6 presuntos integrantes de la banda\u00a0Los Iluminaty, entre ellos tres mujeres, consistente en detenci\u00f3n preventiva en establecimiento carcelario. La fiscal\u00eda les imputo cargos a los asegurados como presuntos coautores de los delitos [&hellip;]<\/p>\n","protected":false},"author":178,"featured_media":0,"comment_status":"closed","ping_status":"open","sticky":false,"template":"","format":"standard","meta":{"_price":"","_stock":"","_tribe_ticket_header":"","_tribe_default_ticket_provider":"","_tribe_ticket_capacity":"0","_ticket_start_date":"","_ticket_end_date":"","_tribe_ticket_show_description":"","_tribe_ticket_show_not_going":false,"_tribe_ticket_use_global_stock":"","_tribe_ticket_global_stock_level":"","_global_stock_mode":"","_global_stock_cap":"","_tribe_rsvp_for_event":"","_tribe_ticket_going_count":"","_tribe_ticket_not_going_count":"","_tribe_tickets_list":"[]","_tribe_ticket_has_attendee_info_fields":false,"tdm_status":"","tdm_grid_status":"","footnotes":""},"categories":[1,324,303,24099],"tags":[30077,98,24526,24481,1047,31945],"class_list":{"0":"post-266201","1":"post","2":"type-post","3":"status-publish","4":"format-standard","6":"category-noticias","7":"category-seccional-cali","8":"category-seccionales","9":"category-seguridad-territorial","10":"tag-cali-valle-del-cauca","11":"tag-desplazamiento-forzado","12":"tag-fiscal-general-francisco-barbosa-delgado","13":"tag-fiscalia-de-colombia","14":"tag-fiscalia-general-de-la-nacion","15":"tag-la-banda"},"yoast_head":"<!-- This site is optimized with the Yoast SEO plugin v24.3 - https:\/\/yoast.com\/wordpress\/plugins\/seo\/ -->\n<title>Fiscal\u00eda General de la Naci\u00f3n<\/title>\n<meta name=\"description\" content=\"P\u00e1gina oficial de la Fiscal\u00eda General de la Naci\u00f3n \u2013 Colombia. Garantizamos el acceso efectivo a la justicia, la verdad y la reparaci\u00f3n de las v\u00edctimas de los delitos.\" \/>\n<meta name=\"robots\" content=\"noindex, follow\" \/>\n<meta property=\"og:locale\" content=\"es_ES\" \/>\n<meta property=\"og:type\" content=\"article\" \/>\n<meta property=\"og:title\" content=\"Fiscal\u00eda General de la Naci\u00f3n\" \/>\n<meta property=\"og:description\" content=\"P\u00e1gina oficial de la Fiscal\u00eda General de la Naci\u00f3n \u2013 Colombia. Garantizamos el acceso efectivo a la justicia, la verdad y la reparaci\u00f3n de las v\u00edctimas de los delitos.\" \/>\n<meta property=\"og:url\" content=\"https:\/\/www.fiscalia.gov.co\/colombia\/noticias\/fiscalia-impacto-la-banda-criminal-los-iluminaty-dedicada-al-homicidio-el-hurto-el-desplazamiento-urbano-y-el-trafico-de-drogas\/\" \/>\n<meta property=\"og:site_name\" content=\"Fiscal\u00eda General de la Naci\u00f3n\" \/>\n<meta property=\"article:publisher\" content=\"https:\/\/www.facebook.com\/FiscaliaCol\" \/>\n<meta property=\"article:published_time\" content=\"2023-02-10T15:17:00+00:00\" \/>\n<meta property=\"og:image\" content=\"https:\/\/www.fiscalia.gov.co\/colombia\/wp-content\/uploads\/WhatsApp-Image-2023-02-10-at-9.59.13-AM-300x169.jpeg\" \/>\n<meta name=\"author\" content=\"Winnie Geraldine Rodr\u00edguez Navarrete\" \/>\n<meta name=\"twitter:card\" content=\"summary_large_image\" \/>\n<meta name=\"twitter:creator\" content=\"@FiscaliaCol\" \/>\n<meta name=\"twitter:site\" content=\"@FiscaliaCol\" \/>\n<meta name=\"twitter:label1\" content=\"Escrito por\" \/>\n\t<meta name=\"twitter:data1\" content=\"Winnie Geraldine Rodr\u00edguez Navarrete\" \/>\n\t<meta name=\"twitter:label2\" content=\"Tiempo de lectura\" \/>\n\t<meta name=\"twitter:data2\" content=\"3 minutos\" \/>\n<script type=\"application\/ld+json\" class=\"yoast-schema-graph\">{\"@context\":\"https:\/\/schema.org\",\"@graph\":[{\"@type\":\"Article\",\"@id\":\"https:\/\/www.fiscalia.gov.co\/colombia\/noticias\/fiscalia-impacto-la-banda-criminal-los-iluminaty-dedicada-al-homicidio-el-hurto-el-desplazamiento-urbano-y-el-trafico-de-drogas\/#article\",\"isPartOf\":{\"@id\":\"https:\/\/www.fiscalia.gov.co\/colombia\/noticias\/fiscalia-impacto-la-banda-criminal-los-iluminaty-dedicada-al-homicidio-el-hurto-el-desplazamiento-urbano-y-el-trafico-de-drogas\/\"},\"author\":{\"name\":\"Winnie Geraldine Rodr\u00edguez Navarrete\",\"@id\":\"https:\/\/www.fiscalia.gov.co\/colombia\/#\/schema\/person\/176195b99ebab0a52aafa15197e1bf80\"},\"headline\":\"Fiscal\u00eda impact\u00f3 la banda criminal Los Iluminaty, dedicada al homicidio, el hurto, el desplazamiento urbano y el tr\u00e1fico de drogas\",\"datePublished\":\"2023-02-10T15:17:00+00:00\",\"dateModified\":\"2023-02-10T15:17:00+00:00\",\"mainEntityOfPage\":{\"@id\":\"https:\/\/www.fiscalia.gov.co\/colombia\/noticias\/fiscalia-impacto-la-banda-criminal-los-iluminaty-dedicada-al-homicidio-el-hurto-el-desplazamiento-urbano-y-el-trafico-de-drogas\/\"},\"wordCount\":527,\"publisher\":{\"@id\":\"https:\/\/www.fiscalia.gov.co\/colombia\/#organization\"},\"image\":{\"@id\":\"https:\/\/www.fiscalia.gov.co\/colombia\/noticias\/fiscalia-impacto-la-banda-criminal-los-iluminaty-dedicada-al-homicidio-el-hurto-el-desplazamiento-urbano-y-el-trafico-de-drogas\/#primaryimage\"},\"thumbnailUrl\":\"https:\/\/www.fiscalia.gov.co\/colombia\/wp-content\/uploads\/WhatsApp-Image-2023-02-10-at-9.59.13-AM-300x169.jpeg\",\"keywords\":[\"Cali (Valle del Cauca)\",\"Desplazamiento forzado\",\"Fiscal General Francisco Barbosa Delgado\",\"Fiscal\u00eda de Colombia\",\"Fiscal\u00eda General de la Naci\u00f3n\",\"La banda\"],\"articleSection\":[\"Noticias\",\"Seccional Cali\",\"Seccionales\",\"Seguridad territorial\"],\"inLanguage\":\"es-CO\"},{\"@type\":\"WebPage\",\"@id\":\"https:\/\/www.fiscalia.gov.co\/colombia\/noticias\/fiscalia-impacto-la-banda-criminal-los-iluminaty-dedicada-al-homicidio-el-hurto-el-desplazamiento-urbano-y-el-trafico-de-drogas\/\",\"url\":\"https:\/\/www.fiscalia.gov.co\/colombia\/noticias\/fiscalia-impacto-la-banda-criminal-los-iluminaty-dedicada-al-homicidio-el-hurto-el-desplazamiento-urbano-y-el-trafico-de-drogas\/\",\"name\":\"Fiscal\u00eda General de la Naci\u00f3n\",\"isPartOf\":{\"@id\":\"https:\/\/www.fiscalia.gov.co\/colombia\/#website\"},\"primaryImageOfPage\":{\"@id\":\"https:\/\/www.fiscalia.gov.co\/colombia\/noticias\/fiscalia-impacto-la-banda-criminal-los-iluminaty-dedicada-al-homicidio-el-hurto-el-desplazamiento-urbano-y-el-trafico-de-drogas\/#primaryimage\"},\"image\":{\"@id\":\"https:\/\/www.fiscalia.gov.co\/colombia\/noticias\/fiscalia-impacto-la-banda-criminal-los-iluminaty-dedicada-al-homicidio-el-hurto-el-desplazamiento-urbano-y-el-trafico-de-drogas\/#primaryimage\"},\"thumbnailUrl\":\"https:\/\/www.fiscalia.gov.co\/colombia\/wp-content\/uploads\/WhatsApp-Image-2023-02-10-at-9.59.13-AM-300x169.jpeg\",\"datePublished\":\"2023-02-10T15:17:00+00:00\",\"dateModified\":\"2023-02-10T15:17:00+00:00\",\"description\":\"P\u00e1gina oficial de la Fiscal\u00eda General de la Naci\u00f3n \u2013 Colombia. Garantizamos el acceso efectivo a la justicia, la verdad y la reparaci\u00f3n de las v\u00edctimas de los delitos.\",\"breadcrumb\":{\"@id\":\"https:\/\/www.fiscalia.gov.co\/colombia\/noticias\/fiscalia-impacto-la-banda-criminal-los-iluminaty-dedicada-al-homicidio-el-hurto-el-desplazamiento-urbano-y-el-trafico-de-drogas\/#breadcrumb\"},\"inLanguage\":\"es-CO\",\"potentialAction\":[{\"@type\":\"ReadAction\",\"target\":[\"https:\/\/www.fiscalia.gov.co\/colombia\/noticias\/fiscalia-impacto-la-banda-criminal-los-iluminaty-dedicada-al-homicidio-el-hurto-el-desplazamiento-urbano-y-el-trafico-de-drogas\/\"]}]},{\"@type\":\"ImageObject\",\"inLanguage\":\"es-CO\",\"@id\":\"https:\/\/www.fiscalia.gov.co\/colombia\/noticias\/fiscalia-impacto-la-banda-criminal-los-iluminaty-dedicada-al-homicidio-el-hurto-el-desplazamiento-urbano-y-el-trafico-de-drogas\/#primaryimage\",\"url\":\"https:\/\/www.fiscalia.gov.co\/colombia\/wp-content\/uploads\/WhatsApp-Image-2023-02-10-at-9.59.13-AM-300x169.jpeg\",\"contentUrl\":\"https:\/\/www.fiscalia.gov.co\/colombia\/wp-content\/uploads\/WhatsApp-Image-2023-02-10-at-9.59.13-AM-300x169.jpeg\"},{\"@type\":\"BreadcrumbList\",\"@id\":\"https:\/\/www.fiscalia.gov.co\/colombia\/noticias\/fiscalia-impacto-la-banda-criminal-los-iluminaty-dedicada-al-homicidio-el-hurto-el-desplazamiento-urbano-y-el-trafico-de-drogas\/#breadcrumb\",\"itemListElement\":[{\"@type\":\"ListItem\",\"position\":1,\"name\":\"Home\",\"item\":\"https:\/\/www.fiscalia.gov.co\/colombia\/\"},{\"@type\":\"ListItem\",\"position\":2,\"name\":\"Fiscal\u00eda impact\u00f3 la banda criminal Los Iluminaty, dedicada al homicidio, el hurto, el desplazamiento urbano y el tr\u00e1fico de drogas\"}]},{\"@type\":\"WebSite\",\"@id\":\"https:\/\/www.fiscalia.gov.co\/colombia\/#website\",\"url\":\"https:\/\/www.fiscalia.gov.co\/colombia\/\",\"name\":\"Fiscal\u00eda General de la Naci\u00f3n\",\"description\":\"P\u00e1gina oficial de la Fiscal\u00eda General de la Naci\u00f3n \u2013 Colombia. Garantizamos el acceso efectivo a la justicia, la verdad y la reparaci\u00f3n de las v\u00edctimas de los delitos.\",\"publisher\":{\"@id\":\"https:\/\/www.fiscalia.gov.co\/colombia\/#organization\"},\"potentialAction\":[{\"@type\":\"SearchAction\",\"target\":{\"@type\":\"EntryPoint\",\"urlTemplate\":\"https:\/\/www.fiscalia.gov.co\/colombia\/?s={search_term_string}\"},\"query-input\":{\"@type\":\"PropertyValueSpecification\",\"valueRequired\":true,\"valueName\":\"search_term_string\"}}],\"inLanguage\":\"es-CO\"},{\"@type\":\"Organization\",\"@id\":\"https:\/\/www.fiscalia.gov.co\/colombia\/#organization\",\"name\":\"Fiscal\u00eda General de la Naci\u00f3n\",\"url\":\"https:\/\/www.fiscalia.gov.co\/colombia\/\",\"logo\":{\"@type\":\"ImageObject\",\"inLanguage\":\"es-CO\",\"@id\":\"https:\/\/www.fiscalia.gov.co\/colombia\/#\/schema\/logo\/image\/\",\"url\":\"https:\/\/www.fiscalia.gov.co\/colombia\/wp-content\/uploads\/LogoHorizontal_1.jpg\",\"contentUrl\":\"https:\/\/www.fiscalia.gov.co\/colombia\/wp-content\/uploads\/LogoHorizontal_1.jpg\",\"width\":300,\"height\":90,\"caption\":\"Fiscal\u00eda General de la Naci\u00f3n\"},\"image\":{\"@id\":\"https:\/\/www.fiscalia.gov.co\/colombia\/#\/schema\/logo\/image\/\"},\"sameAs\":[\"https:\/\/www.facebook.com\/FiscaliaCol\",\"https:\/\/x.com\/FiscaliaCol\",\"https:\/\/www.instagram.com\/fiscaliacol\",\"https:\/\/www.linkedin.com\/company\/fiscalia-general-de-la-naci-n\/\",\"https:\/\/youtube.com\/@fiscaliageneraldelanacion-4668?si=6nN79nyQICPU5iTh\"]},{\"@type\":\"Person\",\"@id\":\"https:\/\/www.fiscalia.gov.co\/colombia\/#\/schema\/person\/176195b99ebab0a52aafa15197e1bf80\",\"name\":\"Winnie Geraldine Rodr\u00edguez Navarrete\",\"image\":{\"@type\":\"ImageObject\",\"inLanguage\":\"es-CO\",\"@id\":\"https:\/\/www.fiscalia.gov.co\/colombia\/#\/schema\/person\/image\/\",\"url\":\"https:\/\/secure.gravatar.com\/avatar\/c24cf8481dc84fa5e8c7b20bc95ab0c6?s=96&d=mm&r=g\",\"contentUrl\":\"https:\/\/secure.gravatar.com\/avatar\/c24cf8481dc84fa5e8c7b20bc95ab0c6?s=96&d=mm&r=g\",\"caption\":\"Winnie Geraldine Rodr\u00edguez Navarrete\"},\"url\":\"https:\/\/www.fiscalia.gov.co\/colombia\/author\/winnierodriguez\/\"}]}<\/script>\n<!-- \/ Yoast SEO plugin. -->","yoast_head_json":{"title":"Fiscal\u00eda General de la Naci\u00f3n","description":"P\u00e1gina oficial de la Fiscal\u00eda General de la Naci\u00f3n \u2013 Colombia. Garantizamos el acceso efectivo a la justicia, la verdad y la reparaci\u00f3n de las v\u00edctimas de los delitos.","robots":{"index":"noindex","follow":"follow"},"og_locale":"es_ES","og_type":"article","og_title":"Fiscal\u00eda General de la Naci\u00f3n","og_description":"P\u00e1gina oficial de la Fiscal\u00eda General de la Naci\u00f3n \u2013 Colombia. Garantizamos el acceso efectivo a la justicia, la verdad y la reparaci\u00f3n de las v\u00edctimas de los delitos.","og_url":"https:\/\/www.fiscalia.gov.co\/colombia\/noticias\/fiscalia-impacto-la-banda-criminal-los-iluminaty-dedicada-al-homicidio-el-hurto-el-desplazamiento-urbano-y-el-trafico-de-drogas\/","og_site_name":"Fiscal\u00eda General de la Naci\u00f3n","article_publisher":"https:\/\/www.facebook.com\/FiscaliaCol","article_published_time":"2023-02-10T15:17:00+00:00","og_image":[{"url":"https:\/\/www.fiscalia.gov.co\/colombia\/wp-content\/uploads\/WhatsApp-Image-2023-02-10-at-9.59.13-AM-300x169.jpeg","type":"","width":"","height":""}],"author":"Winnie Geraldine Rodr\u00edguez Navarrete","twitter_card":"summary_large_image","twitter_creator":"@FiscaliaCol","twitter_site":"@FiscaliaCol","twitter_misc":{"Escrito por":"Winnie Geraldine Rodr\u00edguez Navarrete","Tiempo de lectura":"3 minutos"},"schema":{"@context":"https:\/\/schema.org","@graph":[{"@type":"Article","@id":"https:\/\/www.fiscalia.gov.co\/colombia\/noticias\/fiscalia-impacto-la-banda-criminal-los-iluminaty-dedicada-al-homicidio-el-hurto-el-desplazamiento-urbano-y-el-trafico-de-drogas\/#article","isPartOf":{"@id":"https:\/\/www.fiscalia.gov.co\/colombia\/noticias\/fiscalia-impacto-la-banda-criminal-los-iluminaty-dedicada-al-homicidio-el-hurto-el-desplazamiento-urbano-y-el-trafico-de-drogas\/"},"author":{"name":"Winnie Geraldine Rodr\u00edguez Navarrete","@id":"https:\/\/www.fiscalia.gov.co\/colombia\/#\/schema\/person\/176195b99ebab0a52aafa15197e1bf80"},"headline":"Fiscal\u00eda impact\u00f3 la banda criminal Los Iluminaty, dedicada al homicidio, el hurto, el desplazamiento urbano y el tr\u00e1fico de drogas","datePublished":"2023-02-10T15:17:00+00:00","dateModified":"2023-02-10T15:17:00+00:00","mainEntityOfPage":{"@id":"https:\/\/www.fiscalia.gov.co\/colombia\/noticias\/fiscalia-impacto-la-banda-criminal-los-iluminaty-dedicada-al-homicidio-el-hurto-el-desplazamiento-urbano-y-el-trafico-de-drogas\/"},"wordCount":527,"publisher":{"@id":"https:\/\/www.fiscalia.gov.co\/colombia\/#organization"},"image":{"@id":"https:\/\/www.fiscalia.gov.co\/colombia\/noticias\/fiscalia-impacto-la-banda-criminal-los-iluminaty-dedicada-al-homicidio-el-hurto-el-desplazamiento-urbano-y-el-trafico-de-drogas\/#primaryimage"},"thumbnailUrl":"https:\/\/www.fiscalia.gov.co\/colombia\/wp-content\/uploads\/WhatsApp-Image-2023-02-10-at-9.59.13-AM-300x169.jpeg","keywords":["Cali (Valle del Cauca)","Desplazamiento forzado","Fiscal General Francisco Barbosa Delgado","Fiscal\u00eda de Colombia","Fiscal\u00eda General de la Naci\u00f3n","La banda"],"articleSection":["Noticias","Seccional Cali","Seccionales","Seguridad territorial"],"inLanguage":"es-CO"},{"@type":"WebPage","@id":"https:\/\/www.fiscalia.gov.co\/colombia\/noticias\/fiscalia-impacto-la-banda-criminal-los-iluminaty-dedicada-al-homicidio-el-hurto-el-desplazamiento-urbano-y-el-trafico-de-drogas\/","url":"https:\/\/www.fiscalia.gov.co\/colombia\/noticias\/fiscalia-impacto-la-banda-criminal-los-iluminaty-dedicada-al-homicidio-el-hurto-el-desplazamiento-urbano-y-el-trafico-de-drogas\/","name":"Fiscal\u00eda General de la Naci\u00f3n","isPartOf":{"@id":"https:\/\/www.fiscalia.gov.co\/colombia\/#website"},"primaryImageOfPage":{"@id":"https:\/\/www.fiscalia.gov.co\/colombia\/noticias\/fiscalia-impacto-la-banda-criminal-los-iluminaty-dedicada-al-homicidio-el-hurto-el-desplazamiento-urbano-y-el-trafico-de-drogas\/#primaryimage"},"image":{"@id":"https:\/\/www.fiscalia.gov.co\/colombia\/noticias\/fiscalia-impacto-la-banda-criminal-los-iluminaty-dedicada-al-homicidio-el-hurto-el-desplazamiento-urbano-y-el-trafico-de-drogas\/#primaryimage"},"thumbnailUrl":"https:\/\/www.fiscalia.gov.co\/colombia\/wp-content\/uploads\/WhatsApp-Image-2023-02-10-at-9.59.13-AM-300x169.jpeg","datePublished":"2023-02-10T15:17:00+00:00","dateModified":"2023-02-10T15:17:00+00:00","description":"P\u00e1gina oficial de la Fiscal\u00eda General de la Naci\u00f3n \u2013 Colombia. Garantizamos el acceso efectivo a la justicia, la verdad y la reparaci\u00f3n de las v\u00edctimas de los delitos.","breadcrumb":{"@id":"https:\/\/www.fiscalia.gov.co\/colombia\/noticias\/fiscalia-impacto-la-banda-criminal-los-iluminaty-dedicada-al-homicidio-el-hurto-el-desplazamiento-urbano-y-el-trafico-de-drogas\/#breadcrumb"},"inLanguage":"es-CO","potentialAction":[{"@type":"ReadAction","target":["https:\/\/www.fiscalia.gov.co\/colombia\/noticias\/fiscalia-impacto-la-banda-criminal-los-iluminaty-dedicada-al-homicidio-el-hurto-el-desplazamiento-urbano-y-el-trafico-de-drogas\/"]}]},{"@type":"ImageObject","inLanguage":"es-CO","@id":"https:\/\/www.fiscalia.gov.co\/colombia\/noticias\/fiscalia-impacto-la-banda-criminal-los-iluminaty-dedicada-al-homicidio-el-hurto-el-desplazamiento-urbano-y-el-trafico-de-drogas\/#primaryimage","url":"https:\/\/www.fiscalia.gov.co\/colombia\/wp-content\/uploads\/WhatsApp-Image-2023-02-10-at-9.59.13-AM-300x169.jpeg","contentUrl":"https:\/\/www.fiscalia.gov.co\/colombia\/wp-content\/uploads\/WhatsApp-Image-2023-02-10-at-9.59.13-AM-300x169.jpeg"},{"@type":"BreadcrumbList","@id":"https:\/\/www.fiscalia.gov.co\/colombia\/noticias\/fiscalia-impacto-la-banda-criminal-los-iluminaty-dedicada-al-homicidio-el-hurto-el-desplazamiento-urbano-y-el-trafico-de-drogas\/#breadcrumb","itemListElement":[{"@type":"ListItem","position":1,"name":"Home","item":"https:\/\/www.fiscalia.gov.co\/colombia\/"},{"@type":"ListItem","position":2,"name":"Fiscal\u00eda impact\u00f3 la banda criminal Los Iluminaty, dedicada al homicidio, el hurto, el desplazamiento urbano y el tr\u00e1fico de drogas"}]},{"@type":"WebSite","@id":"https:\/\/www.fiscalia.gov.co\/colombia\/#website","url":"https:\/\/www.fiscalia.gov.co\/colombia\/","name":"Fiscal\u00eda General de la Naci\u00f3n","description":"P\u00e1gina oficial de la Fiscal\u00eda General de la Naci\u00f3n \u2013 Colombia. Garantizamos el acceso efectivo a la justicia, la verdad y la reparaci\u00f3n de las v\u00edctimas de los delitos.","publisher":{"@id":"https:\/\/www.fiscalia.gov.co\/colombia\/#organization"},"potentialAction":[{"@type":"SearchAction","target":{"@type":"EntryPoint","urlTemplate":"https:\/\/www.fiscalia.gov.co\/colombia\/?s={search_term_string}"},"query-input":{"@type":"PropertyValueSpecification","valueRequired":true,"valueName":"search_term_string"}}],"inLanguage":"es-CO"},{"@type":"Organization","@id":"https:\/\/www.fiscalia.gov.co\/colombia\/#organization","name":"Fiscal\u00eda General de la Naci\u00f3n","url":"https:\/\/www.fiscalia.gov.co\/colombia\/","logo":{"@type":"ImageObject","inLanguage":"es-CO","@id":"https:\/\/www.fiscalia.gov.co\/colombia\/#\/schema\/logo\/image\/","url":"https:\/\/www.fiscalia.gov.co\/colombia\/wp-content\/uploads\/LogoHorizontal_1.jpg","contentUrl":"https:\/\/www.fiscalia.gov.co\/colombia\/wp-content\/uploads\/LogoHorizontal_1.jpg","width":300,"height":90,"caption":"Fiscal\u00eda General de la Naci\u00f3n"},"image":{"@id":"https:\/\/www.fiscalia.gov.co\/colombia\/#\/schema\/logo\/image\/"},"sameAs":["https:\/\/www.facebook.com\/FiscaliaCol","https:\/\/x.com\/FiscaliaCol","https:\/\/www.instagram.com\/fiscaliacol","https:\/\/www.linkedin.com\/company\/fiscalia-general-de-la-naci-n\/","https:\/\/youtube.com\/@fiscaliageneraldelanacion-4668?si=6nN79nyQICPU5iTh"]},{"@type":"Person","@id":"https:\/\/www.fiscalia.gov.co\/colombia\/#\/schema\/person\/176195b99ebab0a52aafa15197e1bf80","name":"Winnie Geraldine Rodr\u00edguez Navarrete","image":{"@type":"ImageObject","inLanguage":"es-CO","@id":"https:\/\/www.fiscalia.gov.co\/colombia\/#\/schema\/person\/image\/","url":"https:\/\/secure.gravatar.com\/avatar\/c24cf8481dc84fa5e8c7b20bc95ab0c6?s=96&d=mm&r=g","contentUrl":"https:\/\/secure.gravatar.com\/avatar\/c24cf8481dc84fa5e8c7b20bc95ab0c6?s=96&d=mm&r=g","caption":"Winnie Geraldine Rodr\u00edguez Navarrete"},"url":"https:\/\/www.fiscalia.gov.co\/colombia\/author\/winnierodriguez\/"}]}},"_links":{"self":[{"href":"https:\/\/www.fiscalia.gov.co\/colombia\/wp-json\/wp\/v2\/posts\/266201","targetHints":{"allow":["GET"]}}],"collection":[{"href":"https:\/\/www.fiscalia.gov.co\/colombia\/wp-json\/wp\/v2\/posts"}],"about":[{"href":"https:\/\/www.fiscalia.gov.co\/colombia\/wp-json\/wp\/v2\/types\/post"}],"author":[{"embeddable":true,"href":"https:\/\/www.fiscalia.gov.co\/colombia\/wp-json\/wp\/v2\/users\/178"}],"replies":[{"embeddable":true,"href":"https:\/\/www.fiscalia.gov.co\/colombia\/wp-json\/wp\/v2\/comments?post=266201"}],"version-history":[{"count":1,"href":"https:\/\/www.fiscalia.gov.co\/colombia\/wp-json\/wp\/v2\/posts\/266201\/revisions"}],"predecessor-version":[{"id":266203,"href":"https:\/\/www.fiscalia.gov.co\/colombia\/wp-json\/wp\/v2\/posts\/266201\/revisions\/266203"}],"wp:attachment":[{"href":"https:\/\/www.fiscalia.gov.co\/colombia\/wp-json\/wp\/v2\/media?parent=266201"}],"wp:term":[{"taxonomy":"category","embeddable":true,"href":"https:\/\/www.fiscalia.gov.co\/colombia\/wp-json\/wp\/v2\/categories?post=266201"},{"taxonomy":"post_tag","embeddable":true,"href":"https:\/\/www.fiscalia.gov.co\/colombia\/wp-json\/wp\/v2\/tags?post=266201"}],"curies":[{"name":"wp","href":"https:\/\/api.w.org\/{rel}","templated":true}]}}